{"id":13080,"date":"2009-02-21T13:27:32","date_gmt":"2009-02-21T11:27:32","guid":{"rendered":"https:\/\/www.aparences.net\/ecoles\/la-peinture-siennoise\/domenico-beccafumi\/"},"modified":"2025-12-11T19:40:57","modified_gmt":"2025-12-11T18:40:57","slug":"domenico-beccafumi-2","status":"publish","type":"post","link":"https:\/\/www.aparences.net\/es\/escuelas\/la-pintura-sienesa\/domenico-beccafumi-2\/","title":{"rendered":"Domenico Beccafumi"},"content":{"rendered":"<p><!--contents--><\/p>\n\n\n<h2 class=\"wp-block-heading\">Domenico Beccafumi, el viaje inici\u00e1tico<\/h2>\n\n\n\n<p>La finalizaci\u00f3n casi simult\u00e1nea en los a\u00f1os 1500-1511, de la decoraci\u00f3n de la <a href=\"https:\/\/www.aparences.net\/es\/arte-y-mecenazgo\/los-fresquistas-florentinos\/miguel-angel-frescos-de-la-sixtina\/\">Capilla Sixtina<\/a> por <strong>Miguel \u00c1ngel<\/strong>, y la decoraci\u00f3n de las <a href=\"https:\/\/www.aparences.net\/es\/arte-y-mecenazgo\/los-fresquistas-florentinos\/la-obra-mural-de-rafael\/\">Estancias<\/a> del Vaticano por Rafael, se percibe como un evento sin precedentes. !Con qu\u00e9 rapidez se extendi\u00f3 la noticia de la finalizaci\u00f3n de los dos prodigiosos conjuntos como un nuevo paso de la evoluci\u00f3n del arte hacia la perfecci\u00f3n! De golpe, Roma se hab\u00eda convertido en la ciudad de las maravillas, en palabras utilizadas por Vasari: Roma, el foco de inspiraci\u00f3n hacia el que los artistas comienzan un movimiento que no decaer\u00e1 durante siglos. Es dif\u00edcil determinar cu\u00e1l de ellos pudo haber sido el inventor de este viaje a la fuente de la belleza. Quiz\u00e1s el sien\u00e9s <strong>Domenico Beccafumi<\/strong> los precedi\u00f3 a todos en este viaje inici\u00e1tico que pudo comenzar hacia 1510 en busca de modelos de perfecci\u00f3n.<\/p>\n\n\n\n<p>Un viaje a Roma para ver aquello de lo que tanto hab\u00eda o\u00eddo hablar, <em>le cose di Michelangelo, di Raffaello e degli altri eccellenti maestri<\/em>, dice <strong>Vasari<\/strong> en la <em>Vida de Beccafumi<\/em>. Conjuntos contempor\u00e1neos se convierten en fuentes indispensables para las nuevas generaciones, al igual que las antiguas estatuas que comienzan a llenar el patio del Belvedere y los palacios de los cardenales. La ejemplaridad del arte antiguo evoca momentos importantes en la carrera de Beccafumi. En el ciclo que lleg\u00f3 a cabo entre 1520 y 1524, para <strong>Alessandro Venturi<\/strong> en su palacio de Siena, hoy Palazzo Casini Casuccini, Beccafumi dedica unos paneles de la b\u00f3veda del gran sal\u00f3n a uno de los episodios m\u00e1s famosos de la vida del pintor griego Zeuxis. El pintor de <strong>Heracles<\/strong> se elige como el h\u00e9roe de una <em>historia<\/em> al lado de los <em>hombres famosos<\/em> asunto m\u00e1s tradicional, como <strong>Regulus<\/strong>, <strong>Escipi\u00f3n<\/strong> y <strong>Cat\u00f3n de Utica<\/strong>. Esta asociaci\u00f3n es tan excepcional que ha permanecido \u00fanica.<\/p>\n\n\n<div class=\"wp-block-image\">\n<figure class=\"aligncenter size-full\"><img loading=\"lazy\" decoding=\"async\" width=\"370\" height=\"340\" src=\"https:\/\/www.aparences.net\/wp-content\/uploads\/2024\/01\/zeuxis_0.webp\" alt=\"Zeuxis y las j\u00f3venes de Crotona, 1525-1530, Domenico Beccafumi\" class=\"wp-image-31821\" title=\"Zeuxis y las j\u00f3venes de Crotona, 1525-1530, Domenico Beccafumi\"\/><figcaption class=\"wp-element-caption\"><em><strong>Zeuxis y las j\u00f3venes de Crotona<\/strong>, h. 1525-1530, <strong>Domenico Beccafumi<\/strong> (Siena, palacio Casini Casuccini)<\/em><\/figcaption><\/figure>\n<\/div>\n\n\n<p><strong>Beccafumi<\/strong> eligi\u00f3 representar <em><strong>Zeuxis y las j\u00f3venes de Crotona<\/strong><\/em> una an\u00e9cdota contada por <strong>Cicer\u00f3n<\/strong>, <strong>Plinio el Viejo<\/strong> y <strong>Valerio M\u00e1ximo<\/strong>: \u00abHabiendo recibido el encargo de realizar una imagen de Helena de Troya para el templo de Hera en Crotona,&nbsp; Zeuxis pide a los habitantes de presentarle a las cinco j\u00f3venes m\u00e1s bellas de la ciudad, en las que se inspir\u00f3 para pintar una Helena idealizada.\u00bb Esta an\u00e9cdota sobre Zeuxis fue comentada por numerosos artistas, escritores y pensadores del Renacimiento. Pero para los artistas, lo esencial fue dicho por <a href=\"https:\/\/www.aparences.net\/es\/periodos\/el-quattrocento\/los-arquitectos-del-quattrocento-en-florencia\/\">Alberti<\/a> en su <em>De Pictura<\/em> que hace de esta historia una advertencia a los pintores que creen poder confiar en su propio ingenio. El artista, ante el problema de la representaci\u00f3n de la belleza e ideal est\u00e9tico de perfecci\u00f3n, no depende ni de su imaginaci\u00f3n ni de la simple representaci\u00f3n de la naturaleza. La imagen ideal de belleza se encuentra m\u00e1s all\u00e1 de la m\u00edmesis, pero no tiene como origen la sola imaginaci\u00f3n del artista. Muestra la pintura como una operaci\u00f3n mental, basada en la capacidad de seleccionar y de recomponer, pero no permite saber si el artista debe confiar en su capacidad de an\u00e1lisis de la realidad, o en su capacidad de concebir la idea de la belleza perfecta, o, en otras palabras, si el artista es m\u00e1s un historiador o m\u00e1s bien un poeta. <strong>Zeuxis<\/strong> es presentado por <strong>Beccafumi<\/strong> como modelo para el pintor obsesionado con la imagen de la belleza ideal. <strong>Giorgio Vasari<\/strong>, que conoc\u00eda y admiraba Beccafumi, habla de la decoraci\u00f3n del palacio de Siena en la biograf\u00eda de su amigo. Fue tal vez su visita a Siena que le dio la idea de desarrollar sistem\u00e1ticamente el tema inaugurado por Beccafumi y ponerlo al servicio de su propia iconograf\u00eda en su casa de Arezzo.<\/p>\n\n\n<div class=\"wp-block-image\">\n<figure class=\"aligncenter size-full\"><img loading=\"lazy\" decoding=\"async\" width=\"221\" height=\"400\" src=\"https:\/\/www.aparences.net\/wp-content\/uploads\/2024\/01\/zeuxis5.webp\" alt=\"Zeuxis y las j\u00f3venes de Crotona, Domenico Beccafumi\" class=\"wp-image-31823\" title=\"Zeuxis y las j\u00f3venes de Crotona, Domenico Beccafumi\"\/><\/figure>\n<\/div>\n\n<div class=\"wp-block-image\">\n<figure class=\"aligncenter size-full\"><img loading=\"lazy\" decoding=\"async\" width=\"452\" height=\"252\" src=\"https:\/\/www.aparences.net\/wp-content\/uploads\/2024\/01\/zeuxis2.webp\" alt=\"Zeuxis y las j\u00f3venes de Crotona, Beccafumi\" class=\"wp-image-31825\" title=\"Zeuxis y las j\u00f3venes de Crotona, Beccafumi, Siena\"\/><figcaption class=\"wp-element-caption\"><em><strong>Zeuxis y las j\u00f3venes de Crotona<\/strong>, detalles, h. 1525-1530, <strong>Domenico Beccafumi<\/strong> (Siena, palacio Casini Casuccini). Para el desnudo en el suelo, Beccafumi se inspir\u00f3 en las <a href=\"https:\/\/www.aparences.net\/es\/arte-y-mecenazgo\/los-fresquistas-florentinos\/miguel-angel-frescos-de-la-sixtina\/\">figuras de Miguel Angel<\/a> de la Capilla Sixtina.<\/em><\/figcaption><\/figure>\n<\/div>\n\n<div class=\"wp-block-image\">\n<figure class=\"aligncenter size-full\"><img loading=\"lazy\" decoding=\"async\" width=\"430\" height=\"326\" src=\"https:\/\/www.aparences.net\/wp-content\/uploads\/2024\/01\/caton.webp\" alt=\"El suicidio de Cat\u00f3n de Utica, 1519, Beccafumi\" class=\"wp-image-31827\" title=\"El suicidio de Cat\u00f3n de Utica, 1519, Beccafumi\"\/><figcaption class=\"wp-element-caption\"><em><strong>El suicidio de Cat\u00f3n de Utica<\/strong>, 1519, fresco, <strong>Domenico Beccafumi<\/strong> (Siena, Palazzo Bindi Segardi)<\/em><\/figcaption><\/figure>\n<\/div>\n\n\n<p><em>La postura de Cat\u00f3n se inspira en el Laocoonte descubierto en Roma el 14 de enero de 1506, y luego expuesto en un nicho del Belvedere. En esta representaci\u00f3n, Cat\u00f3n acaba de suicidarse: todav\u00eda est\u00e1 de pie, daga inmaculada en mano mientras gotas de sangre brotan de su pecho. Sin embargo, la cr\u00f3nica de la muerte del h\u00e9roe republicano en la versi\u00f3n de Plutarco y la de otros autores es mucho m\u00e1s sangrienta. La adaptaci\u00f3n de la historia procede sin duda del comitente y \/ o el creador del programa que eligi\u00f3 suavizar la muerte de Cat\u00f3n.<\/em><\/p>\n\n\n\n<!-- AdBoxRight2020 --><ins class=\"adsbygoogle\"     style=\"display:block; margin-top:30px;\"     data-ad-client=\"ca-pub-2468002815867636\"     data-ad-slot=\"3496014735\"     data-ad-format=\"auto\"     data-full-width-responsive=\"false\"><\/ins><script> (adsbygoogle = window.adsbygoogle || []).push({});<\/script><h2 class=\"wp-block-heading\">Domenico Beccafumi y su obra<\/h2>\n\n\n\n<p>Aunque varios pintores de prestigio originarios de Siena hubieran trabajado en la ciudad despu\u00e9s de 1470, ninguno de ellos era heredero de la tradici\u00f3n&nbsp; pict\u00f3rica sienesa, o <strong>Escuela de Siena<\/strong>. La \u00fanica excepci\u00f3n se podr\u00eda dar en <strong>Domenico Beccafumi<\/strong> (1486-1565), cuya imaginaci\u00f3n desbordante a menudo parece retener los ecos del estilo de aquella ciudad. En sus primeras obras, vemos que ha estudiado y asimilado las lecciones de <strong>Rafael<\/strong> y <strong>Miguel \u00c1ngel <\/strong>aprendidas durante su estancia en Roma. Pero al mismo tiempo, se evidencia que tambi\u00e9n observ\u00f3 con gran atenci\u00f3n el ambiente florentino y, sobre todo, a <strong>Fra Bartolomeo<\/strong>. Partiendo de estas fuentes, desarroll\u00f3 r\u00e1pidamente un lenguaje muy personal que ten\u00eda poco que ver con la evoluci\u00f3n del <a href=\"https:\/\/www.aparences.net\/es\/periodos\/el-manierismo\/\">manierismo<\/a> florentino de un <a href=\"https:\/\/www.aparences.net\/es\/periodos\/el-manierismo\/rosso-fiorentino\/\">Rosso<\/a> o un <a href=\"https:\/\/www.aparences.net\/es\/periodos\/el-manierismo\/jacopo-pontormo\/\">Pontormo<\/a>. Las primeras obras mencionadas por <strong>Vasari<\/strong> hacen referencia a la decoraci\u00f3n de una fachada en el Borgo de Roma y la de la casa Borghesi en Siena, datando respectivamente de 1511 y 1513-1514. Alrededor de 1518, ejecut\u00f3 la decoraci\u00f3n de una sala para <strong>Francesco di Camillo Petrucci<\/strong> y realiz\u00f3 <a href=\"https:\/\/www.aparences.net\/es\/arte-y-mecenazgo\/renacimiento-y-vida-privada\/la-vivienda-en-el-renacimiento\/#cassoni-y-spalliere\"><em>cassoni<\/em><\/a> &#8211; aquellos cofres nupciales decorados con paneles pintados. De estos \u00faltimos, s\u00f3lo se conservan magn\u00edficos vestigios que el p\u00fablico contempla como si fueran cuadros y que los especialistas han integrado en el conjunto de la obra pict\u00f3rica del artista al lado de otras de devoci\u00f3n privada, retablos y frescos. El paisaje urbano de <em><strong>Virginia ante Apio Claudio<\/strong><\/em> (en lat\u00edn Appius Claudius) presenta una Roma ideal donde los edificios y arquitecturas antiguas conviven con otros del Cinquecento. Uno puede ver el Castillo de Sant&#8217;Angelo y el Coliseo, mientras que a lo lejos se levantan las siete colinas. Mediante la adici\u00f3n de monumentos contempor\u00e1neos, Domenico ofrece una imagen ut\u00f3pica de la Ciudad Eterna y actualiza la historia de Virginia. Adem\u00e1s, este panel es significativo por el m\u00e9todo que ha utilizado el pintor destinado a captar la atenci\u00f3n del espectador. Se trata de peque\u00f1as an\u00e9cdotas de las que es aficionado <strong>Beccafumi<\/strong> como la imagen del chico de la derecha que se inclina para contemplar las cabriolas de un perro. Durante el Cinquecento los episodios familiares poseen cualidades est\u00e9ticas que estimulan la imaginaci\u00f3n del espectador y transforman una imagen fija en escena animada. Inspirarse en la naturaleza, copiar el modelo viviente, aunque se un animal, y reproducir el movimiento puede proporcionar el acceso a la verdad en pintura. En el cuadro <em><strong>Virginia ante Apio Claudio<\/strong><\/em>, la representaci\u00f3n de la historia y el mito en un entorno privado es conforme a las costumbres de la \u00e9poca. Es frecuente, especialmente en Siena, que en la decoraci\u00f3n de las c\u00e1maras nupciales figuren, a modo de ejemplo, las figuras de las antiguas hero\u00ednas.<\/p>\n\n\n<div class=\"wp-block-image\">\n<figure class=\"aligncenter size-full\"><img loading=\"lazy\" decoding=\"async\" width=\"376\" height=\"321\" src=\"https:\/\/www.aparences.net\/wp-content\/uploads\/2024\/01\/virginie1.webp\" alt=\"Virginia ante Apio Claudio, 1520-1525, Londres, National Gallery\" class=\"wp-image-31829\" title=\"Virginia ante Apio Claudio, 1520-1525, Londres, National Gallery\"\/><\/figure>\n<\/div>\n\n<div class=\"wp-block-image\">\n<figure class=\"aligncenter size-full\"><img loading=\"lazy\" decoding=\"async\" width=\"575\" height=\"307\" src=\"https:\/\/www.aparences.net\/wp-content\/uploads\/2024\/01\/virginie.webp\" alt=\"Virginia ante Apio Claudio, Domenico Beccafumi\" class=\"wp-image-31833\" title=\"Virginia ante Apio Claudio, Domenico Beccafumi\"\/><figcaption class=\"wp-element-caption\"><em><strong>Virginia ante Apio Claudio<\/strong>, 1520-1525, \u00f3leo sobre tabla, <strong>Domenico Beccafumi<\/strong> (Londres, National Gallery)<\/em><\/figcaption><\/figure>\n<\/div>\n\n\n<p>Desde 1519, Domenico es responsable de una serie de mosaicos en marqueter\u00eda policromada destinados al pavimento del Duomo&nbsp; sin precedentes en la historia del mosaico. La ejecuci\u00f3n se extender\u00e1 durante quince a\u00f1os. El hecho de componer el claroscuro y los medios tonos por medio de m\u00e1rmoles de colores es una proeza t\u00e9cnica. En los \u00faltimos diez a\u00f1os de su carrera, <strong>Beccafumi<\/strong> se dedica al relieve. Realiza estatuas en terracota y bronce, y luego se lanza a la ejecuci\u00f3n de los famosos <em>\u00c1ngeles<\/em> de bronce para el Duomo, adem\u00e1s de las consolas antropom\u00f3rficas que quedaron inacabadas por la muerte del maestro. El incre\u00edble virtuosismo del artista sien\u00e9s, su capacidad de abrazar varias artes adapt\u00e1ndose a t\u00e9cnicas y soportes diversos, hace de <strong>Domenico Beccafumi<\/strong> un artista universal. El inter\u00e9s de Beccafumi para la cultura local le lleva a remontarse hasta las <a href=\"https:\/\/www.aparences.net\/es\/periodos\/el-trecento\/el-trecento-en-siena\/\">obras del Trecento<\/a> y volver a las ra\u00edces de la tradici\u00f3n g\u00f3tica, por tanto ca\u00edda en desuso en el Cinquecento. El <em><strong>Nacimiento de la Virgen<\/strong><\/em> y el maravilloso retablo <em>Matrimonio m\u00edstico de santa Catalina de Siena<\/em> muestra c\u00f3mo el artista logra construir una composici\u00f3n monumental con elementos arcaicos. Es m\u00e1s, Domenico aporta elementos iconogr\u00e1ficos inesperados como el \u00abagujero en el cielo\u00bb de los retablos de <a href=\"https:\/\/www.aparences.net\/es\/escuelas\/la-pintura-sienesa\/francesco-di-giorgio-martini\/\">Francesco di Giorgio Martini<\/a> (1439-1502) que aparece en sus propias obras. La obertura en el cielo, heredada de las Representaciones Sagradas, funciona como un instrumento pl\u00e1stico utilizado para organizar un lugar de pasaje entre la esfera sagrada y el mundo terrestre. Este dispositivo espacial Domenico lo inserta en la <em><strong>Natividad<\/strong><\/em> de la Iglesia de San Martino que realiz\u00f3 alrededor de 1522. Los brazos de los \u00e1ngeles forman un c\u00edrculo perfecto de donde surge la paloma del Esp\u00edritu Santo en un cielo estructurado por formas conc\u00e9ntricas cuyos colores var\u00edan desde el ocre amarillo. El uso de colores, t\u00edpico de la \u00abmaniera\u00bb de <strong>Pontormo<\/strong> o de <strong>Rosso<\/strong>, provoca un choque visual tan intenso que los efectos crom\u00e1ticos se incrementan por el comportamiento de la luz. Ya no se trata de restituir zonas luminosas y sombreadas seg\u00fan las necesidades de la composici\u00f3n, sino de hacer vibrar el colorido, incluso de metamorfosearlo.<\/p>\n\n\n<div class=\"wp-block-image\">\n<figure class=\"aligncenter size-full\"><img loading=\"lazy\" decoding=\"async\" width=\"608\" height=\"370\" src=\"https:\/\/www.aparences.net\/wp-content\/uploads\/2024\/01\/beccafumi_nativite.webp\" alt=\"Domenico Beccafumi, Natividad\" class=\"wp-image-31835\" title=\"Domenico Beccafumi, Natividad\"\/><figcaption class=\"wp-element-caption\"><em><strong>Natividad<\/strong>, h. 1522, <strong>Domenico Beccafumi<\/strong> (Siena, iglesia de San Martino)<\/em><\/figcaption><\/figure>\n<\/div>\n\n<div class=\"wp-block-image\">\n<figure class=\"aligncenter size-full\"><img loading=\"lazy\" decoding=\"async\" width=\"389\" height=\"370\" src=\"https:\/\/www.aparences.net\/wp-content\/uploads\/2024\/01\/naissance.webp\" alt=\"Natividad de la Virgen, Beccafumi\" class=\"wp-image-31837\" title=\"Natividad de la Virgen, Beccafumi, Siena, Picanoteca Nazionale\"\/><figcaption class=\"wp-element-caption\"><em><strong>Natividad de la Virgen<\/strong>, 1530, \u00f3leo sobre tabla, <\/em><br><em><strong>Domenico Beccafumi<\/strong> (Siena, Picanoteca Nazionale)<\/em><\/figcaption><\/figure>\n<\/div>\n\n\n<p><em>Este retablo ejecutado para las hermanas del convento de San Paolo se basa en el uso del claroscuro para dar ritmo a la composici\u00f3n. El asunto impuesto por el comitente, llev\u00f3 a Domenico a inspirarse en el retablo de <a href=\"https:\/\/www.aparences.net\/es\/escuelas\/la-pintura-sienesa\/siena-despues-de-la-peste-negra-1348-1420\/#paolo-di-giovanni-fei-%281340-1411-a-siena%29\">Paolo di Giovanni Fei<\/a> (1344-1411) del mismo asunto. La disposici\u00f3n del grupo de la sirvienta con el ni\u00f1o y los gestos de los personajes &#8211; la mujer probando la temperatura del agua, el ni\u00f1o que se succiona el dedo \u00edndice &#8211; se han inspirado de la tabla central del tr\u00edptico. El resultado da un tono de intimidad a la composici\u00f3n, propio de las natividades de la Virgen de los siglos XIV y XV.<\/em><\/p>\n\n\n\n<!-- AdBoxLeft2023 --><ins class=\"adsbygoogle\" style=\"display:block\" data-ad-client=\"ca-pub-2468002815867636\" data-ad-slot=\"1318022963\" data-ad-format=\"auto\" data-full-width-responsive=\"true\"><\/ins><script> (adsbygoogle = window.adsbygoogle || []).push({});<\/script><h2 class=\"wp-block-heading\">Pintar la Historia<\/h2>\n\n\n\n<p>Los temas dentro de la pintura &#8211; <em>storia<\/em> (historia) o <em>figure<\/em> (figuras) &#8211; corresponden a dos tipos figurativos distintos: la representaci\u00f3n narrativa y la figuraci\u00f3n de los personajes, ya sea sagrados o profanos. En los frescos del <strong>Consistorio del Palacio P\u00fablico de Siena<\/strong> realizados por <strong>Beccafumi<\/strong> entre 1529 y 1535, el programa iconogr\u00e1fico se inspira en episodios de la Historia Antigua, principalmente romana, sacados de <strong>Valerio M\u00e1ximo<\/strong>. Esto se explica por el retorno temporal del ideal republicano en Siena durante este per\u00edodo. Estos murales fueron encargados al artista para ilustrar las virtudes c\u00edvicas representadas en el centro de la b\u00f3veda: el <em>Amor a la Patria<\/em>, la <em>Justicia<\/em> y la <em>Benevolencia mutua<\/em>. En los bordes se han colocado seis escenas rectangulares y dos octogonales, mientras que en cada esquina figuran dos hombres c\u00e9lebres, elegidos entre aquellos que se distinguieron en la defensa de la Rep\u00fablica y de sus instituciones. En los frescos, las Alegor\u00edas que simbolizan los valores eternos han perdido su inmovilidad secular a trav\u00e9s del uso del escorzo, la gestualidad de los personajes y la anexi\u00f3n de angelotes conocidos como <em>putti<\/em> representados en posturas variadas. Los personajes de la antig\u00fcedad abandonan as\u00ed el registro aleg\u00f3rico para sugerir al espectador el relato de la historia.<\/p>\n\n\n<div class=\"wp-block-image\">\n<figure class=\"aligncenter size-full\"><img loading=\"lazy\" decoding=\"async\" width=\"520\" height=\"319\" src=\"https:\/\/www.aparences.net\/wp-content\/uploads\/2024\/01\/publius.webp\" alt=\"Historia de Publio Mucio, fresco, Domenico Beccafumi, Siena, Palazzo Pubblico\" class=\"wp-image-31839\" title=\"Historia de Publio Mucio, fresco, Domenico Beccafumi, Siena, Palazzo Pubblico\"\/><\/figure>\n<\/div>\n\n<div class=\"wp-block-image\">\n<figure class=\"aligncenter size-full\"><img loading=\"lazy\" decoding=\"async\" width=\"232\" height=\"369\" src=\"https:\/\/www.aparences.net\/wp-content\/uploads\/2024\/01\/publius1.webp\" alt=\"Historia de Publio Mucio, fresco, Domenico Beccafumi\" class=\"wp-image-31842\" title=\"Historia de Publio Mucio, fresco, Domenico Beccafumi \"\/><figcaption class=\"wp-element-caption\"><em><strong>Historia de Publio Mucio<\/strong>, fresco, <strong>Domenico Beccafumi<\/strong> <\/em><br><em>(Siena, Palazzo Pubblico)<\/em><\/figcaption><\/figure>\n<\/div>\n\n\n<p>No hay duda de que la pol\u00edtica del \u00abterror saludable\u00bb propugnada por <strong>Maquiavelo<\/strong> se refleja en los frescos del Palacio P\u00fablico porque el espect\u00e1culo dominante es, sin duda, la muerte del criminal. De las ocho representaciones de la muerte seis representan el castigo de los transgresores. De este modo la historia antigua resulta oportuna para avalar las pr\u00e1cticas pol\u00edticas contempor\u00e1neas. Durante el Renacimiento se recurre a menudo a la historia antigua para legitimar un orden aunque se deforme la historia o se inventen prototipos que parezcan heredados del pasado. <strong>As\u00ed lo indica el texto de Maquiavelo<\/strong>, y tambi\u00e9n lo que manifiesta la serie de hijos condenados por su propio padre en los <strong>frescos de Beccafumi<\/strong>. No es casualidad que se haya representando la muerte del hijo de <strong>Postumio Tiburcio<\/strong>, la del hijo de <strong>Casio<\/strong>, la ejecuci\u00f3n de los dos hijos de <strong>Bruto<\/strong> o, en el caso de un suplicio, el castigo del hijo de <strong>Seleuco de Locride<\/strong>, ya que desde 1454, la Rep\u00fablica de Siena para legitimar <strong>el asesinato de Giberto da Correggio<\/strong> en el Palacio P\u00fablico, invocaba el ejemplo del pueblo romano capaz de mostrar clemencia pero tambi\u00e9n inhumanidad hacia el que atentaba contra la libertad del Estado, ya fuese hijo o familiar de quien pronunciaba la sentencia. En los frescos del Palacio P\u00fablico (<em><strong>Marco Manlio es arrojado desde lo alto del Capitolio<\/strong><\/em>), el cuerpo sin vida del transgresor es designado por uno o m\u00e1s testigos. Numerosos personajes an\u00f3nimos figuran en el fondo o en los bordes del primer plano como meros extras, el \u00edndice firmemente levantado se\u00f1alando el cad\u00e1ver.<\/p>\n\n\n<div class=\"wp-block-image\">\n<figure class=\"aligncenter size-full\"><img loading=\"lazy\" decoding=\"async\" width=\"366\" height=\"369\" src=\"https:\/\/www.aparences.net\/wp-content\/uploads\/2024\/01\/beccafumi_marco_manlio.webp\" alt=\"Beccafumi, Marco Manlio es arrojado desde lo alto del Capitolio\" class=\"wp-image-31844\" title=\"Beccafumi, Marco Manlio es arrojado desde lo alto del Capitolio\" srcset=\"https:\/\/www.aparences.net\/wp-content\/uploads\/2024\/01\/beccafumi_marco_manlio.webp 366w, https:\/\/www.aparences.net\/wp-content\/uploads\/2024\/01\/beccafumi_marco_manlio-100x100.webp 100w, https:\/\/www.aparences.net\/wp-content\/uploads\/2024\/01\/beccafumi_marco_manlio-150x150.webp 150w\" sizes=\"auto, (max-width: 366px) 100vw, 366px\" \/><figcaption class=\"wp-element-caption\"><em><strong>Marco Manlio es arrojado desde lo alto del Capitolio<\/strong>, <strong>Domenico Beccafumi<\/strong> <\/em><br><em>(Siena, Palazzo Pubblico) <\/em><\/figcaption><\/figure>\n<\/div>\n\n\n<p><em>Esta escena es a menudo citada por la audacia de su escorzo en perspectiva. El detalle de Marcus Manlio arrojado desde el Capitolio se refiere a un castigo pol\u00edtico. Al fondo, los edificios reproducen exactamente la arquitectura visible desde la ventana del Palacio P\u00fablico situada inmediatamente debajo de la pintura al fresco, como lo demuestran las representaciones de la Piazza del Campo en los siglos XVI y XVII. As\u00ed, el espectador pod\u00eda contemplar dos veces el mismo paisaje urbano bajando la mirada desde el fresco a la ventana. Adem\u00e1s, el ciclo se refiere a pr\u00e1cticas penales infligidas en Siena durante la primera mitad del Cinquecento. Marco Manlio es con toda evidencia una figura ejemplar para una rep\u00fablica que ten\u00eda por costumbre precipitar a los condenados por delitos pol\u00edticos a trav\u00e9s de las ventanas del Palacio, como de hecho lo fue tambi\u00e9n en Florencia.<\/em><\/p>\n\n\n\n<p>En 1529, la ciudad se est\u00e1 preparando para recibir al emperador <strong>Carlos V<\/strong>, cuya estancia est\u00e1 prevista para 1530. La llegada de <strong>Carlos V a Siena<\/strong> marca la celebraci\u00f3n de los acuerdos firmados entre la Rep\u00fablica y Espa\u00f1a en 1526, inmediatamente despu\u00e9s de la batalla de Camollia. Aunque victoriosa, la Rep\u00fablica busc\u00f3 la protecci\u00f3n de Espa\u00f1a a cambio de numerario y otros servicios al emperador. Se da la orden de desbloquear los fondos necesarios para la recepci\u00f3n de Carlos V, y se nombra una comisi\u00f3n encargada de las decoraciones para la solemne entrada del monarca. Cuando se compara el calendario de los preparativos para la llegada de Carlos V con el de la ejecuci\u00f3n de los frescos del Consistorio, es evidente que el ciclo est\u00e1 estrechamente relacionado con la visita del emperador a Siena. El <strong>ciclo de Domenico Beccafumi<\/strong>, \u00faltimo programa decorativo de la Rep\u00fablica todav\u00eda libre, constituye de forma retrospectiva el testamento de su libertad.<\/p>\n\n\n<div class=\"wp-block-image\">\n<figure class=\"aligncenter size-full\"><img loading=\"lazy\" decoding=\"async\" width=\"467\" height=\"333\" src=\"https:\/\/www.aparences.net\/wp-content\/uploads\/2024\/01\/reconciliation1.webp\" alt=\"Reconciliaci\u00f3n de Marco Emilio, Beccafumi\" class=\"wp-image-31846\" title=\"Reconciliaci\u00f3n de Marco Emilio, Beccafumi\"\/><figcaption class=\"wp-element-caption\"><em><strong>Reconciliaci\u00f3n de Marco Emilio L\u00e9pido y Fulvio Flacco<\/strong>, 1529-1535, <strong>Domenico Beccafumi<\/strong> (Siena, Palazzo Publico)<\/em><\/figcaption><\/figure>\n<\/div>\n\n\n<p><em>Esta escena se distingue por la claridad de su composici\u00f3n, su tono crom\u00e1tico muy claro, por su iridiscencia y finalmente por el aspecto fant\u00e1stico de la ciudad que se puede ver al fondo.<\/em><\/p>\n\n\n\n<h2 class=\"wp-block-heading\">La Maniera: el caso de Beccafumi<\/h2>\n\n\n\n<p>Si la obra de <strong>Domenico Beccafumi<\/strong> pertenece por derecho propio a la gran tradici\u00f3n sienesa o Escuela de Siena de la que es uno de los eslabones m\u00e1s importantes, c\u00f3mo explicar entonces que algunas <a href=\"https:\/\/www.aparences.net\/es\/periodos\/el-manierismo\/\">caracter\u00edsticas manieristas<\/a> ajenas a la herencia figurativa de Siena, aparezcan en su obra a partir de 1510? El examen de las influencias a las que Beccafumi fue expuesto al principio de su carrera no proporciona ninguna respuesta satisfactoria. En cuanto a las obras de sus hom\u00f3logos florentinos <a href=\"https:\/\/www.aparences.net\/es\/periodos\/el-manierismo\/rosso-fiorentino\/\">Rosso<\/a> y <a href=\"https:\/\/www.aparences.net\/es\/periodos\/el-manierismo\/jacopo-pontormo\/\">Pontormo<\/a>, son de una d\u00e9cada m\u00e1s tarde. Lo que equivale a decir que la aparici\u00f3n de la <em>maniera moderna<\/em> sigue siendo profundamente enigm\u00e1tica. En un momento dado y en diferentes zonas geogr\u00e1ficas, artistas que nunca se hab\u00edan relacionado entre s\u00ed adoptan las mismas soluciones pl\u00e1sticas. En la confluencia de una zona llena de im\u00e1genes y en unas condiciones hist\u00f3ricas y geogr\u00e1ficas determinadas, puede surgir una nueva forma de representar el mundo. Beccafumi, bas\u00e1ndose en la tradici\u00f3n sienesa y en la herencia cl\u00e1sica, desarrolla un vocabulario manierista en el que asoma un cierto lenguaje g\u00f3tico. De este modo, las formas se modifican definitivamente debido a varios procesos: la extensi\u00f3n y deformaci\u00f3n de las figuras, el uso de la <a href=\"https:\/\/www.aparences.net\/es\/periodos\/el-manierismo\/el-manierismo-en-europa\/#la-figura-serpentina\">l\u00ednea serpentina<\/a> y el desarrollo de posturas improbables. El estiramiento de las figuras, de las que se encuentran testimonios ya en <a href=\"https:\/\/www.aparences.net\/es\/periodos\/el-trecento\/\">el Trecento<\/a>, es una constante en la <strong>obra de Beccafumi<\/strong>, como lo demuestran las largas piernas de <em><strong>Venus en un paisaje<\/strong><\/em>, el proceso de alargamiento de las figuras conlleva necesariamente cambios en las proporciones. La obra muestra c\u00f3mo el artista impulsa la l\u00f3gica de la extensi\u00f3n hasta la deformaci\u00f3n. Se trata de un panel decorativo, probablemente ejecutado para una cabecera, presenta un desnudo femenino cuyo cuerpo se alarga m\u00e1s all\u00e1 de sus reales proporciones sin por ello perder elegancia.<\/p>\n\n\n<div class=\"wp-block-image\">\n<figure class=\"aligncenter size-full\"><img loading=\"lazy\" decoding=\"async\" width=\"430\" height=\"196\" src=\"https:\/\/www.aparences.net\/wp-content\/uploads\/2024\/01\/venus.webp\" alt=\"Venus en un paisaje, h. 1518, Domenico Beccafumi\" class=\"wp-image-31848\" title=\"Venus en un paisaje, h. 1518, Domenico Beccafumi\"\/><figcaption class=\"wp-element-caption\"><em><strong>Venus en un paisaje<\/strong>, h. 1518, \u00f3leo sobre tabla, <strong>Domenico Beccafumi<\/strong> (Birmingham, Barber Institute of Fine Arts)<\/em><\/figcaption><\/figure>\n<\/div>\n\n<div class=\"wp-block-image\">\n<figure class=\"aligncenter size-full\"><img loading=\"lazy\" decoding=\"async\" width=\"500\" height=\"247\" src=\"https:\/\/www.aparences.net\/wp-content\/uploads\/2024\/01\/duomo1.webp\" alt=\"Gloria de los \u00e1ngeles, Domenico Beccafumi, Siena, Duomo\" class=\"wp-image-31850\" title=\"Gloria de los \u00e1ngeles, Domenico Beccafumi, Siena, Duomo\" srcset=\"https:\/\/www.aparences.net\/wp-content\/uploads\/2024\/01\/duomo1.webp 500w, https:\/\/www.aparences.net\/wp-content\/uploads\/2024\/01\/duomo1-204x102.webp 204w\" sizes=\"auto, (max-width: 500px) 100vw, 500px\" \/><figcaption class=\"wp-element-caption\"><em><strong>Gloria de los \u00e1ngeles<\/strong>, detalle, <strong>Domenico Beccafumi<\/strong> (Siena, Duomo)<\/em><\/figcaption><\/figure>\n<\/div>\n\n\n<p><em>En esta parte del fresco, el pintor ha representado un querub\u00edn cuya distensi\u00f3n en el abdomen y las nalgas intumescentes no deja de sorprender al espectador acostumbrado a una versi\u00f3n ser\u00e1fica del mundo celestial. Por otra parte, el pintor utiliza regularmente la l\u00ednea serpentina para construir sus figuras, ya sean sagradas o profanas.<\/em><\/p>\n\n\n\n<p>El uso del <em>contrapposto<\/em> toma formas sorprendentes, sobre todo en los frescos del Consistorio (1529-1535). Adem\u00e1s de la extravagante postura del amorcillo a la derecha de <em>El amor a la Patria<\/em>, hay un personaje que ya aparece en la <em><strong>Ejecuci\u00f3n de Espurio Melio<\/strong><\/em> y que no deja de intrigar. El contrapposto tiene una funci\u00f3n narrativa innegable: permite colocar las figuras en varios espacios-tiempo. Se trata de un soldado cuya contorsiones sugieren varias posturas a la vez, frontal, lateral y de espaldas. Se halla situado justo detr\u00e1s del verdugo y contempla una figura serpentina apartada en el fondo de la escena. El movimiento de la cabeza contrasta con la posici\u00f3n del brazo derecho del que sobresale el codo, el resto del cuerpo indica una posici\u00f3n de tres cuartos de cara. En el <em>Castigo de Cor\u00e9<\/em>, los cuerpos sumergidos, propulsados o desarticulados contrastan con los cuerpos erguidos de los elegidos. Si la representaci\u00f3n de la historia implica necesariamente el desarrollo del espacio, Domenico Beccafumi nos ense\u00f1a que el arte de la \u00e9poca es tambi\u00e9n el arte de representar el cuerpo en todos sus estados. Sin duda la ret\u00f3rica del cuerpo aplicada a la pintura de Domenico no sirve a la historia.<\/p>\n\n\n<div class=\"wp-block-image\">\n<figure class=\"aligncenter size-full\"><img loading=\"lazy\" decoding=\"async\" width=\"447\" height=\"500\" src=\"https:\/\/www.aparences.net\/wp-content\/uploads\/2024\/01\/domenico-beccafumi-l-execution-de-spurius-melius-fresque.webp\" alt=\"La ejecuci\u00f3n de Espurio Melio, Domenico Beccafumi\" class=\"wp-image-31852\" title=\"La ejecuci\u00f3n de Espurio Melio, Domenico Beccafumi\"\/><figcaption class=\"wp-element-caption\"><em><strong>La ejecuci\u00f3n de Espurio Melio<\/strong>, fresco, <strong>Domenico Beccafumi<\/strong> <\/em><br><em>(Siena, Palazzo Pubblico, Sala del Consistorio)<\/em><\/figcaption><\/figure>\n<\/div>\n\n\n<!-- AfterArticle2023 --><ins class=\"adsbygoogle\"     style=\"display:block;margin-bottom:5px;\"     data-ad-client=\"ca-pub-2468002815867636\"     data-ad-slot=\"3955176166\"     data-ad-format=\"auto\"     data-full-width-responsive=\"true\"><\/ins><script> (adsbygoogle = window.adsbygoogle || []).push({});<\/script><h2 class=\"wp-block-heading\">Extravagancias, irreverencias, lugares fant\u00e1sticos<\/h2>\n\n\n\n<p>La funci\u00f3n pol\u00edtica del ciclo del Consistorio no impidi\u00f3 a <strong>Domenico Beccafumi<\/strong> dar rienda suelta a su imaginaci\u00f3n. Al contrario, durante la ejecuci\u00f3n de los frescos el artista se las ingeni\u00f3 para perturbar la <em>storia<\/em>, representar lugares improbables o sembrarlos con detalles disparatados. Aqu\u00ed y all\u00e1, aparecen personajes extra\u00f1os, \u00e1rboles antropom\u00f3rficos, desnudos femeninos improvisados y amorcillos mostrando su anatom\u00eda, todo ello siembra un conjunto decorativo cuya solemnidad est\u00e1 bien establecida. A la derecha de la <em>Justicia<\/em>, una figura femenina en grisalla se dobla para abandonar el lugar donde se halla confinada y con la mirada clavada en el amorcillo colgando del vac\u00edo en el centro de la b\u00f3veda. Cuesta encontrar una alegor\u00eda de la pintura tan sutil como esta vestal que busca desbordar los l\u00edmites del arte.<\/p>\n\n\n<div class=\"wp-block-image\">\n<figure class=\"aligncenter size-full\"><img loading=\"lazy\" decoding=\"async\" width=\"430\" height=\"319\" src=\"https:\/\/www.aparences.net\/wp-content\/uploads\/2024\/01\/justice.webp\" alt=\"Figura femenina en grisalla, Domenico Beccafumi\" class=\"wp-image-31854\" title=\"Figura femenina en grisalla, Domenico Beccafumi\"\/><figcaption class=\"wp-element-caption\"><em><strong>Figura femenina en grisalla<\/strong>, <\/em><br><em>(Siena, Palacio P\u00fablico, Sala del Consistorio)<\/em><\/figcaption><\/figure>\n<\/div>\n\n\n<p>Domenico se mantiene fiel a la <em>storia<\/em> aunque algunas obras sacadas de la historia antigua planteen graves problemas de identificaci\u00f3n. Sin embargo, a veces el artista inventa una historia aislando las figuras o manipulando a personajes secundarios. En <em><strong>Postumio Tiburcio condenando a muerte a su hijo<\/strong><\/em> para el Palacio P\u00fablico de Siena, el espacio pict\u00f3rico se divide en dos planos donde se desarrollan dos historias, una oficial sacada de <strong>Valerio M\u00e1ximo<\/strong> y otra oficiosa particularmente enigm\u00e1tica. En el fondo del fresco, aparecen quince figuras distribuidas a ambos lados de un bosque antropom\u00f3rfico: a la derecha, algunos personajes hablan en secreto y a la izquierda, un desnudo masculino se exhibe mientras que tres personajes masculinos conversan entre ellos en medio de una arboleda. De espaldas, un personaje masculino desnudo se apoya en un bast\u00f3n y levanta el dedo \u00edndice; una figura contorsionada de una mujer y con los ojos fijos en la anatom\u00eda del cuerpo desnudo, esconde su dedo \u00edndice izquierdo en los pliegues de su vestido. El gesto del personaje femenino que forma una l\u00ednea vertical con el cad\u00e1ver se redistribuye en las dos figuras femeninas dispuestas detr\u00e1s de \u00e9l. As\u00ed, el deseo y el objeto del deseo dialogan entre ellos para continuar una \u00abhistoria\u00bb de los efectos producidos por la exhibici\u00f3n de la virilidad. Pero, que relaci\u00f3n tiene esta escena con la historia del delito representada en primer plano?<\/p>\n\n\n<div class=\"wp-block-image\">\n<figure class=\"aligncenter size-full\"><img loading=\"lazy\" decoding=\"async\" width=\"332\" height=\"411\" src=\"https:\/\/www.aparences.net\/wp-content\/uploads\/2024\/01\/postumius.webp\" alt=\"Postumio Tiburcio condenando a muerte a su hijo, Beccafumi\" class=\"wp-image-31856\" title=\"Postumio Tiburcio condenando a muerte a su hijo, Beccafumi\"\/><\/figure>\n<\/div>\n\n<div class=\"wp-block-image\">\n<figure class=\"aligncenter size-full\"><img loading=\"lazy\" decoding=\"async\" width=\"332\" height=\"205\" src=\"https:\/\/www.aparences.net\/wp-content\/uploads\/2024\/01\/postumius1.webp\" alt=\"Postumio Tiburcio condenando a muerte a su hijo, Beccafumi\" class=\"wp-image-31858\" title=\"Postumio Tiburcio condenando a muerte a su hijo, Beccafumi\"\/><figcaption class=\"wp-element-caption\"><em><strong>Postumio Tiburcio condenando a muerte a su hijo<\/strong>, 1529-1535, <strong>Domenico Beccafumi<\/strong><\/em><br><em> (Siena, Palazzo Publico) <\/em><\/figcaption><\/figure>\n<\/div>\n\n\n<p>Adem\u00e1s, los <strong>paisajes de Beccafumi<\/strong> nunca son inocentes: las arborescencias sepulcrales tejen una telara\u00f1a cuyo hilo nos lleva a la cuesti\u00f3n de las extravagancias topogr\u00e1ficas. Adem\u00e1s de la figura recurrente de la ruina combinada con vistas de paisajes, al pintor le gusta representar universos subterr\u00e1neos de los que excava los cimientos hasta mostrar el fuego subyacente. La representaci\u00f3n de las profundidades preside as\u00ed una serie de \u00abretratos\u00bb ins\u00f3litos: las cabezas, a veces con expresiones extra\u00f1as, emergen de la roca como un mont\u00edculo floral cuya impetuosidad sorprende al espectador. Porque tanto en el infierno como en las esferas celestes, los cuerpos est\u00e1n ausentes para abrir espacio a la epifan\u00eda de los rostros. En <em>El castigo de Cor\u00e9<\/em>, en primer plano, el amasijo de figuras recuerda a <a href=\"https:\/\/www.aparences.net\/es\/periodos\/el-manierismo\/rosso-fiorentino\/\">Mois\u00e9s y las hijas de Jetro de Rosso<\/a> donde el espacio est\u00e1 saturado por un mont\u00f3n de cuerpos contorsionados medio atrapados en el suelo.<\/p>\n\n\n<div class=\"wp-block-image\">\n<figure class=\"aligncenter size-full\"><img loading=\"lazy\" decoding=\"async\" width=\"593\" height=\"370\" src=\"https:\/\/www.aparences.net\/wp-content\/uploads\/2024\/01\/beccafumi_chatiment_rebelle.webp\" alt=\"Domenico Beccafumi, El castigo de Cor\u00e9\" class=\"wp-image-31860\" title=\"Domenico Beccafumi, El castigo de Cor\u00e9 \"\/><figcaption class=\"wp-element-caption\"><em><strong>El castigo de Cor\u00e9<\/strong>, 1537-1538, \u00f3leo sobre tabla, <strong>Domenico Beccafumi<\/strong> (Pisa, Duomo) <\/em><\/figcaption><\/figure>\n<\/div>\n\n\n<p>El desnudo femenino se muestra de pie, el cuerpo arqueado por una triple flexi\u00f3n. A menudo, el rostro est\u00e1 velado por una tela di\u00e1fana que descubre un pecho y por su transparencia revela el ombligo o las carnaciones. Se trata de conmover al espectador jugando con el potencial er\u00f3tico del cuerpo femenino. No es casualidad que Domenico utilice el desnudo para representar el adulterio que le cost\u00f3 la p\u00e9rdida de un ojo al hijo de <strong>Seleuco de Locri<\/strong>. Al deseo suscitado por la figura desnuda, responde la imperiosa necesidad del personaje masculino mediante un abrazo que parece pirueta sobre un puente. Es comprensible que los comitentes apreciaran esos desnudos femeninos tendidos en paisajes para adornar la cabecera de la cama. Con estas Venus se aunaba el placer de la obra de arte y el de la carne. Al pintor le gustaban los desnudos femeninos hasta el punto de desnudar sus figuras en escenas que no lo requer\u00edan. Las variaciones sobre el tema de la continencia de <strong>Escipi\u00f3n<\/strong> muestran como la prometida se representa a veces desnuda o vestida. En el fresco del palacio Bindi Segardi, la clemencia de <strong>Escipi\u00f3n el Africano<\/strong> es tanto m\u00e1s loable que el desnudo femenino es inquietante. Beccafumi ir\u00e1 desgranando as\u00ed sus desnudos femeninos, incluso a costa de alterar la historia. Los hermosos frescos del Palacio Venturi (m\u00e1s conocido bajo el nombre de los sucesivos propietarios: Agostini, Bindi Segardi y Casini Casuccini) que representan episodios sacados de <strong>Valerio M\u00e1ximo<\/strong>, se remontan a los a\u00f1os 1520-1525.<\/p>\n\n\n<div class=\"wp-block-image\">\n<figure class=\"aligncenter size-full\"><img loading=\"lazy\" decoding=\"async\" width=\"412\" height=\"370\" src=\"https:\/\/www.aparences.net\/wp-content\/uploads\/2024\/01\/beccafumi_continence_scipio.webp\" alt=\"La continencia de Escipi\u00f3n, 1519, Domenico Beccafumi\" class=\"wp-image-31862\" title=\"La continencia de Escipi\u00f3n, 1519, Domenico Beccafumi\"\/><figcaption class=\"wp-element-caption\"><em><strong>La continencia de Escipi\u00f3n<\/strong>, pintura al fresco, 1519, <\/em><br><em><strong>Domenico Beccafumi<\/strong> (Siena, Palacio Bindi Segardi)<\/em><\/figcaption><\/figure>\n<\/div>\n\n<div class=\"wp-block-image\">\n<figure class=\"aligncenter size-full\"><img loading=\"lazy\" decoding=\"async\" width=\"344\" height=\"238\" src=\"https:\/\/www.aparences.net\/wp-content\/uploads\/2024\/01\/sacrifice1.webp\" alt=\"El sacrificio de Seleuco de Locri, Beccafumi\" class=\"wp-image-31864\" title=\"El sacrificio de Seleuco de Locri, Beccafumi\"\/><\/figure>\n<\/div>\n\n<div class=\"wp-block-image\">\n<figure class=\"aligncenter size-full\"><img loading=\"lazy\" decoding=\"async\" width=\"431\" height=\"370\" src=\"https:\/\/www.aparences.net\/wp-content\/uploads\/2024\/01\/sacrifice2.webp\" alt=\"El sacrificio de Seleuco de Locri, Beccafumi\" class=\"wp-image-31866\" title=\"El sacrificio de Seleuco de Locri, Beccafumi\"\/><figcaption class=\"wp-element-caption\"><em><strong>El sacrificio de Seleuco de Locri<\/strong>, 1519, <strong>Domenico Beccafumi<\/strong> <\/em><br><em>(Siena, Palacio Bindi Segardi) <\/em><\/figcaption><\/figure>\n<\/div>\n\n\n<p>Beccafumi sirvi\u00f3 a la Rep\u00fablica de Siena durante su breve restauraci\u00f3n, antes que una serie de adversidades aniquilaran cualquier forma de independencia: el establecimiento de una guarnici\u00f3n espa\u00f1ola en Siena, la rebeli\u00f3n popular, el terrible asedio que dur\u00f3 siete meses y finalmente, la entrega de una ciudad rota a <a href=\"https:\/\/www.aparences.net\/es\/arte-y-mecenazgo\/florencia-y-los-medicis\/el-reinado-de-cosme-i\/\">Cosme I de M\u00e9dicis<\/a>. Durante casi 400 a\u00f1os las obras maestras de la pintura sienesa van a permanecer invisibles.<\/p>\n\n\n\n<p><span style=\"text-decoration: underline;\">Algunos textos han sido traducidos del libro de Pascale Dubus, <em>Domenico Beccafumi<\/em>, publicado en Par\u00eds por Ediciones Adam Biro en 2000<\/span><\/p>\n","protected":false},"excerpt":{"rendered":"<p>La ejemplaridad del arte antiguo evoca momentos significativos en la trayectoria de Beccafumi, cuya desmesurada imaginaci\u00f3n conserva ecos del estilo sien\u00e9s.<\/p>\n","protected":false},"author":2,"featured_media":31868,"comment_status":"closed","ping_status":"closed","sticky":false,"template":"","format":"standard","meta":{"footnotes":""},"categories":[2326],"tags":[5652,1125,2410,2950,218,4861],"class_list":["post-13080","post","type-post","status-publish","format-standard","has-post-thumbnail","hentry","category-la-pintura-sienesa","tag-domenico-beccafumi-2","tag-ecole-de-peinture","tag-escuela-de-siena","tag-estilo-manierista","tag-peinture","tag-pintura-sienesa"],"yoast_head":"<!-- This site is optimized with the Yoast SEO plugin v27.2 - https:\/\/yoast.com\/product\/yoast-seo-wordpress\/ -->\n<title>Domenico Beccafumi<\/title>\n<meta name=\"description\" content=\"La ejemplaridad del arte antiguo evoca momentos significativos en la trayectoria de Beccafumi, cuya desmesurada imaginaci\u00f3n conserva ecos del estilo sien\u00e9s.\" \/>\n<meta name=\"robots\" content=\"index, follow, max-snippet:-1, max-image-preview:large, max-video-preview:-1\" \/>\n<link rel=\"canonical\" href=\"https:\/\/www.aparences.net\/es\/escuelas\/la-pintura-sienesa\/domenico-beccafumi\/\" \/>\n<meta property=\"og:locale\" content=\"es_ES\" \/>\n<meta property=\"og:type\" content=\"article\" \/>\n<meta property=\"og:title\" content=\"Domenico Beccafumi\" \/>\n<meta property=\"og:description\" content=\"La ejemplaridad del arte antiguo evoca momentos significativos en la trayectoria de Beccafumi, cuya desmesurada imaginaci\u00f3n conserva ecos del estilo sien\u00e9s.\" \/>\n<meta property=\"og:url\" content=\"https:\/\/www.aparences.net\/es\/escuelas\/la-pintura-sienesa\/domenico-beccafumi\/\" \/>\n<meta property=\"og:site_name\" content=\"Aparences\" \/>\n<meta property=\"article:published_time\" content=\"2009-02-21T11:27:32+00:00\" \/>\n<meta property=\"article:modified_time\" content=\"2025-12-11T18:40:57+00:00\" \/>\n<meta property=\"og:image\" content=\"https:\/\/www.aparences.net\/wp-content\/uploads\/2009\/02\/domenico-beccafumi-1.webp\" \/>\n\t<meta property=\"og:image:width\" content=\"1080\" \/>\n\t<meta property=\"og:image:height\" content=\"540\" \/>\n\t<meta property=\"og:image:type\" content=\"image\/webp\" \/>\n<meta name=\"author\" content=\"admin\" \/>\n<meta name=\"twitter:card\" content=\"summary_large_image\" \/>\n<meta name=\"twitter:label1\" content=\"Escrito por\" \/>\n\t<meta name=\"twitter:data1\" content=\"admin\" \/>\n\t<meta name=\"twitter:label2\" content=\"Tiempo de lectura\" \/>\n\t<meta name=\"twitter:data2\" content=\"24 minutos\" \/>\n<script type=\"application\/ld+json\" class=\"yoast-schema-graph\">{\"@context\":\"https:\/\/schema.org\",\"@graph\":[{\"@type\":\"Article\",\"@id\":\"https:\/\/www.aparences.net\/es\/escuelas\/la-pintura-sienesa\/domenico-beccafumi\/#article\",\"isPartOf\":{\"@id\":\"https:\/\/www.aparences.net\/es\/escuelas\/la-pintura-sienesa\/domenico-beccafumi\/\"},\"author\":{\"name\":\"admin\",\"@id\":\"https:\/\/www.aparences.net\/es\/#\/schema\/person\/af349f6ffc31b16c68963e61268afca5\"},\"headline\":\"Domenico Beccafumi\",\"datePublished\":\"2009-02-21T11:27:32+00:00\",\"dateModified\":\"2025-12-11T18:40:57+00:00\",\"mainEntityOfPage\":{\"@id\":\"https:\/\/www.aparences.net\/es\/escuelas\/la-pintura-sienesa\/domenico-beccafumi\/\"},\"wordCount\":4331,\"publisher\":{\"@id\":\"https:\/\/www.aparences.net\/es\/#organization\"},\"image\":{\"@id\":\"https:\/\/www.aparences.net\/es\/escuelas\/la-pintura-sienesa\/domenico-beccafumi\/#primaryimage\"},\"thumbnailUrl\":\"https:\/\/www.aparences.net\/wp-content\/uploads\/2009\/02\/domenico-beccafumi-1.webp\",\"keywords\":[\"Domenico Beccafumi\",\"\u00e9cole de peinture\",\"escuela de Siena\",\"estilo manierista\",\"peinture\",\"pintura sienesa\"],\"articleSection\":[\"La pintura sienesa\"],\"inLanguage\":\"es\"},{\"@type\":[\"WebPage\",\"ItemPage\"],\"@id\":\"https:\/\/www.aparences.net\/es\/escuelas\/la-pintura-sienesa\/domenico-beccafumi\/\",\"url\":\"https:\/\/www.aparences.net\/es\/escuelas\/la-pintura-sienesa\/domenico-beccafumi\/\",\"name\":\"Domenico Beccafumi\",\"isPartOf\":{\"@id\":\"https:\/\/www.aparences.net\/es\/#website\"},\"primaryImageOfPage\":{\"@id\":\"https:\/\/www.aparences.net\/es\/escuelas\/la-pintura-sienesa\/domenico-beccafumi\/#primaryimage\"},\"image\":{\"@id\":\"https:\/\/www.aparences.net\/es\/escuelas\/la-pintura-sienesa\/domenico-beccafumi\/#primaryimage\"},\"thumbnailUrl\":\"https:\/\/www.aparences.net\/wp-content\/uploads\/2009\/02\/domenico-beccafumi-1.webp\",\"datePublished\":\"2009-02-21T11:27:32+00:00\",\"dateModified\":\"2025-12-11T18:40:57+00:00\",\"description\":\"La ejemplaridad del arte antiguo evoca momentos significativos en la trayectoria de Beccafumi, cuya desmesurada imaginaci\u00f3n conserva ecos del estilo sien\u00e9s.\",\"breadcrumb\":{\"@id\":\"https:\/\/www.aparences.net\/es\/escuelas\/la-pintura-sienesa\/domenico-beccafumi\/#breadcrumb\"},\"inLanguage\":\"es\",\"potentialAction\":[{\"@type\":\"ReadAction\",\"target\":[\"https:\/\/www.aparences.net\/es\/escuelas\/la-pintura-sienesa\/domenico-beccafumi\/\"]}]},{\"@type\":\"ImageObject\",\"inLanguage\":\"es\",\"@id\":\"https:\/\/www.aparences.net\/es\/escuelas\/la-pintura-sienesa\/domenico-beccafumi\/#primaryimage\",\"url\":\"https:\/\/www.aparences.net\/wp-content\/uploads\/2009\/02\/domenico-beccafumi-1.webp\",\"contentUrl\":\"https:\/\/www.aparences.net\/wp-content\/uploads\/2009\/02\/domenico-beccafumi-1.webp\",\"width\":1080,\"height\":540},{\"@type\":\"BreadcrumbList\",\"@id\":\"https:\/\/www.aparences.net\/es\/escuelas\/la-pintura-sienesa\/domenico-beccafumi\/#breadcrumb\",\"itemListElement\":[{\"@type\":\"ListItem\",\"position\":1,\"name\":\"Portada\",\"item\":\"https:\/\/www.aparences.net\/es\/\"},{\"@type\":\"ListItem\",\"position\":2,\"name\":\"Domenico Beccafumi\"}]},{\"@type\":\"WebSite\",\"@id\":\"https:\/\/www.aparences.net\/es\/#website\",\"url\":\"https:\/\/www.aparences.net\/es\/\",\"name\":\"Aparences: Historia del Arte y Actualidad Cultural\",\"description\":\"\",\"publisher\":{\"@id\":\"https:\/\/www.aparences.net\/es\/#organization\"},\"potentialAction\":[{\"@type\":\"SearchAction\",\"target\":{\"@type\":\"EntryPoint\",\"urlTemplate\":\"https:\/\/www.aparences.net\/es\/?s={search_term_string}\"},\"query-input\":{\"@type\":\"PropertyValueSpecification\",\"valueRequired\":true,\"valueName\":\"search_term_string\"}}],\"inLanguage\":\"es\"},{\"@type\":\"Organization\",\"@id\":\"https:\/\/www.aparences.net\/es\/#organization\",\"name\":\"Aparences: Historia del Arte y Actualidad Cultural\",\"url\":\"https:\/\/www.aparences.net\/es\/\",\"logo\":{\"@type\":\"ImageObject\",\"inLanguage\":\"es\",\"@id\":\"https:\/\/www.aparences.net\/es\/#\/schema\/logo\/image\/\",\"url\":\"https:\/\/www.aparences.net\/wp-content\/uploads\/2023\/09\/logo-quadrat-color-e1695915315229.png\",\"contentUrl\":\"https:\/\/www.aparences.net\/wp-content\/uploads\/2023\/09\/logo-quadrat-color-e1695915315229.png\",\"width\":120,\"height\":120,\"caption\":\"Aparences: Historia del Arte y Actualidad Cultural\"},\"image\":{\"@id\":\"https:\/\/www.aparences.net\/es\/#\/schema\/logo\/image\/\"}},{\"@type\":\"Person\",\"@id\":\"https:\/\/www.aparences.net\/es\/#\/schema\/person\/af349f6ffc31b16c68963e61268afca5\",\"name\":\"admin\",\"url\":\"https:\/\/www.aparences.net\/es\/author\/admin\/\"}]}<\/script>\n<!-- \/ Yoast SEO plugin. -->","yoast_head_json":{"title":"Domenico Beccafumi","description":"La ejemplaridad del arte antiguo evoca momentos significativos en la trayectoria de Beccafumi, cuya desmesurada imaginaci\u00f3n conserva ecos del estilo sien\u00e9s.","robots":{"index":"index","follow":"follow","max-snippet":"max-snippet:-1","max-image-preview":"max-image-preview:large","max-video-preview":"max-video-preview:-1"},"canonical":"https:\/\/www.aparences.net\/es\/escuelas\/la-pintura-sienesa\/domenico-beccafumi\/","og_locale":"es_ES","og_type":"article","og_title":"Domenico Beccafumi","og_description":"La ejemplaridad del arte antiguo evoca momentos significativos en la trayectoria de Beccafumi, cuya desmesurada imaginaci\u00f3n conserva ecos del estilo sien\u00e9s.","og_url":"https:\/\/www.aparences.net\/es\/escuelas\/la-pintura-sienesa\/domenico-beccafumi\/","og_site_name":"Aparences","article_published_time":"2009-02-21T11:27:32+00:00","article_modified_time":"2025-12-11T18:40:57+00:00","og_image":[{"width":1080,"height":540,"url":"https:\/\/www.aparences.net\/wp-content\/uploads\/2009\/02\/domenico-beccafumi-1.webp","type":"image\/webp"}],"author":"admin","twitter_card":"summary_large_image","twitter_misc":{"Escrito por":"admin","Tiempo de lectura":"24 minutos"},"schema":{"@context":"https:\/\/schema.org","@graph":[{"@type":"Article","@id":"https:\/\/www.aparences.net\/es\/escuelas\/la-pintura-sienesa\/domenico-beccafumi\/#article","isPartOf":{"@id":"https:\/\/www.aparences.net\/es\/escuelas\/la-pintura-sienesa\/domenico-beccafumi\/"},"author":{"name":"admin","@id":"https:\/\/www.aparences.net\/es\/#\/schema\/person\/af349f6ffc31b16c68963e61268afca5"},"headline":"Domenico Beccafumi","datePublished":"2009-02-21T11:27:32+00:00","dateModified":"2025-12-11T18:40:57+00:00","mainEntityOfPage":{"@id":"https:\/\/www.aparences.net\/es\/escuelas\/la-pintura-sienesa\/domenico-beccafumi\/"},"wordCount":4331,"publisher":{"@id":"https:\/\/www.aparences.net\/es\/#organization"},"image":{"@id":"https:\/\/www.aparences.net\/es\/escuelas\/la-pintura-sienesa\/domenico-beccafumi\/#primaryimage"},"thumbnailUrl":"https:\/\/www.aparences.net\/wp-content\/uploads\/2009\/02\/domenico-beccafumi-1.webp","keywords":["Domenico Beccafumi","\u00e9cole de peinture","escuela de Siena","estilo manierista","peinture","pintura sienesa"],"articleSection":["La pintura sienesa"],"inLanguage":"es"},{"@type":["WebPage","ItemPage"],"@id":"https:\/\/www.aparences.net\/es\/escuelas\/la-pintura-sienesa\/domenico-beccafumi\/","url":"https:\/\/www.aparences.net\/es\/escuelas\/la-pintura-sienesa\/domenico-beccafumi\/","name":"Domenico Beccafumi","isPartOf":{"@id":"https:\/\/www.aparences.net\/es\/#website"},"primaryImageOfPage":{"@id":"https:\/\/www.aparences.net\/es\/escuelas\/la-pintura-sienesa\/domenico-beccafumi\/#primaryimage"},"image":{"@id":"https:\/\/www.aparences.net\/es\/escuelas\/la-pintura-sienesa\/domenico-beccafumi\/#primaryimage"},"thumbnailUrl":"https:\/\/www.aparences.net\/wp-content\/uploads\/2009\/02\/domenico-beccafumi-1.webp","datePublished":"2009-02-21T11:27:32+00:00","dateModified":"2025-12-11T18:40:57+00:00","description":"La ejemplaridad del arte antiguo evoca momentos significativos en la trayectoria de Beccafumi, cuya desmesurada imaginaci\u00f3n conserva ecos del estilo sien\u00e9s.","breadcrumb":{"@id":"https:\/\/www.aparences.net\/es\/escuelas\/la-pintura-sienesa\/domenico-beccafumi\/#breadcrumb"},"inLanguage":"es","potentialAction":[{"@type":"ReadAction","target":["https:\/\/www.aparences.net\/es\/escuelas\/la-pintura-sienesa\/domenico-beccafumi\/"]}]},{"@type":"ImageObject","inLanguage":"es","@id":"https:\/\/www.aparences.net\/es\/escuelas\/la-pintura-sienesa\/domenico-beccafumi\/#primaryimage","url":"https:\/\/www.aparences.net\/wp-content\/uploads\/2009\/02\/domenico-beccafumi-1.webp","contentUrl":"https:\/\/www.aparences.net\/wp-content\/uploads\/2009\/02\/domenico-beccafumi-1.webp","width":1080,"height":540},{"@type":"BreadcrumbList","@id":"https:\/\/www.aparences.net\/es\/escuelas\/la-pintura-sienesa\/domenico-beccafumi\/#breadcrumb","itemListElement":[{"@type":"ListItem","position":1,"name":"Portada","item":"https:\/\/www.aparences.net\/es\/"},{"@type":"ListItem","position":2,"name":"Domenico Beccafumi"}]},{"@type":"WebSite","@id":"https:\/\/www.aparences.net\/es\/#website","url":"https:\/\/www.aparences.net\/es\/","name":"Aparences: Historia del Arte y Actualidad Cultural","description":"","publisher":{"@id":"https:\/\/www.aparences.net\/es\/#organization"},"potentialAction":[{"@type":"SearchAction","target":{"@type":"EntryPoint","urlTemplate":"https:\/\/www.aparences.net\/es\/?s={search_term_string}"},"query-input":{"@type":"PropertyValueSpecification","valueRequired":true,"valueName":"search_term_string"}}],"inLanguage":"es"},{"@type":"Organization","@id":"https:\/\/www.aparences.net\/es\/#organization","name":"Aparences: Historia del Arte y Actualidad Cultural","url":"https:\/\/www.aparences.net\/es\/","logo":{"@type":"ImageObject","inLanguage":"es","@id":"https:\/\/www.aparences.net\/es\/#\/schema\/logo\/image\/","url":"https:\/\/www.aparences.net\/wp-content\/uploads\/2023\/09\/logo-quadrat-color-e1695915315229.png","contentUrl":"https:\/\/www.aparences.net\/wp-content\/uploads\/2023\/09\/logo-quadrat-color-e1695915315229.png","width":120,"height":120,"caption":"Aparences: Historia del Arte y Actualidad Cultural"},"image":{"@id":"https:\/\/www.aparences.net\/es\/#\/schema\/logo\/image\/"}},{"@type":"Person","@id":"https:\/\/www.aparences.net\/es\/#\/schema\/person\/af349f6ffc31b16c68963e61268afca5","name":"admin","url":"https:\/\/www.aparences.net\/es\/author\/admin\/"}]}},"_links":{"self":[{"href":"https:\/\/www.aparences.net\/es\/wp-json\/wp\/v2\/posts\/13080","targetHints":{"allow":["GET"]}}],"collection":[{"href":"https:\/\/www.aparences.net\/es\/wp-json\/wp\/v2\/posts"}],"about":[{"href":"https:\/\/www.aparences.net\/es\/wp-json\/wp\/v2\/types\/post"}],"author":[{"embeddable":true,"href":"https:\/\/www.aparences.net\/es\/wp-json\/wp\/v2\/users\/2"}],"replies":[{"embeddable":true,"href":"https:\/\/www.aparences.net\/es\/wp-json\/wp\/v2\/comments?post=13080"}],"version-history":[{"count":0,"href":"https:\/\/www.aparences.net\/es\/wp-json\/wp\/v2\/posts\/13080\/revisions"}],"wp:featuredmedia":[{"embeddable":true,"href":"https:\/\/www.aparences.net\/es\/wp-json\/wp\/v2\/media\/31868"}],"wp:attachment":[{"href":"https:\/\/www.aparences.net\/es\/wp-json\/wp\/v2\/media?parent=13080"}],"wp:term":[{"taxonomy":"category","embeddable":true,"href":"https:\/\/www.aparences.net\/es\/wp-json\/wp\/v2\/categories?post=13080"},{"taxonomy":"post_tag","embeddable":true,"href":"https:\/\/www.aparences.net\/es\/wp-json\/wp\/v2\/tags?post=13080"}],"curies":[{"name":"wp","href":"https:\/\/api.w.org\/{rel}","templated":true}]}}