{"id":13082,"date":"2009-02-22T12:46:05","date_gmt":"2009-02-22T10:46:05","guid":{"rendered":"https:\/\/www.aparences.net\/ecoles\/la-peinture-siennoise\/francesco-di-giorgio-martini\/"},"modified":"2025-12-11T19:40:57","modified_gmt":"2025-12-11T18:40:57","slug":"francesco-di-giorgio-martini-2","status":"publish","type":"post","link":"https:\/\/www.aparences.net\/es\/escuelas\/la-pintura-sienesa\/francesco-di-giorgio-martini-2\/","title":{"rendered":"Francesco di Giorgio Martini"},"content":{"rendered":"<p><!--contents--><\/p>\n\n\n<h2 class=\"wp-block-heading\">Francesco di Giorgio Martini (Siena 1439-1502)<\/h2>\n\n\n\n<p>Dotado para ser pintor desde temprana edad, plenamente integrado en la tradici\u00f3n de Siena, <strong>Francesco di Giorgio Martini<\/strong> fue formado por <strong>Vecchietta<\/strong> y termin\u00f3 su carrera siendo uno de los m\u00e1s famosos arquitectos e ingenieros y \u00abhombres universales\u00bb del <a href=\"https:\/\/www.aparences.net\/es\/periodos\/el-quattrocento\/\">Quattrocento<\/a>; m\u00e1s precisamente, es en Urbino, al lado de <a href=\"https:\/\/www.aparences.net\/es\/arte-y-mecenazgo\/el-mecenazgo-en-urbino\/armas-y-letras-urbino-bajo-federico-da-montefeltro\/\">Federico da Montefeltro<\/a> que dar\u00e1 todo su potencial y podr\u00e1 llevar a t\u00e9rmino la investigaci\u00f3n comenzada en Siena en el retablo de la <em>Coronaci\u00f3n de la Virgen<\/em>. En la diminuta tabla <em><strong>Biccherna<\/strong><\/em> realizada antes de su trig\u00e9simo cumplea\u00f1os, Francesco se inspira en la imaginer\u00eda popular de la ciudad de Siena acumulada desde el inicio del <a href=\"https:\/\/www.aparences.net\/es\/periodos\/el-trecento\/el-trecento-en-siena\/\">Trecento<\/a>. Torres y palacios se elevan hasta el cielo, dominadas por el Duomo con sus muros franjados y la torre del Palazzo Pubblico, todo ello rodeado de muros cuyos ladrillos han tomado bajo la acci\u00f3n del sol, un bello color rosa. En su <em><strong>Anunciaci\u00f3n<\/strong><\/em>, pintada en 1470-1472, varios elementos sugieren un artista m\u00e1s sensible desde ahora a sus contempor\u00e1neos florentinos. En la figura de la Virgen se evidencian estrechos v\u00ednculos con otras figuras similares de <a href=\"https:\/\/www.aparences.net\/es\/periodos\/el-quattrocento\/sandro-botticelli\/\">Botticelli<\/a> o <a href=\"https:\/\/www.aparences.net\/es\/periodos\/el-quattrocento\/el-arte-en-florencia-hacia-1480\/#el-taller-de-verrocchio\">Verrocchio<\/a>; la puerta representada detr\u00e1s de ella, enmarcada en gris <em>pietra serena<\/em> es albertiana. Por el contrario, otros elementos mantienen la ligereza de la pintura sienesa, como las columnas de color rosa de una finura imposible que recuerda a <a href=\"https:\/\/www.aparences.net\/es\/escuelas\/la-pintura-sienesa\/el-quattrocento-en-siena-sassetta\/\">Sassetta<\/a>, como se pone de manifiesto tambi\u00e9n en el pavimento claramente inclinado, en el \u00e1ngel que parece suspendido en el aire y el atril a punto de deslizarse.<\/p>\n\n\n<div class=\"wp-block-image\">\n<figure class=\"aligncenter size-full\"><img loading=\"lazy\" decoding=\"async\" width=\"533\" height=\"430\" src=\"https:\/\/www.aparences.net\/wp-content\/uploads\/2024\/01\/francesco_di_giorgio_annonc.webp\" alt=\"Francesco di Giorgio Martini, La Anunciaci\u00f3n\" class=\"wp-image-31776\" title=\"Francesco di Giorgio Martini, La Anunciaci\u00f3n\"\/><figcaption class=\"wp-element-caption\"><em><strong>La Anunciaci\u00f3n<\/strong>, 1470-1472, <strong>Francesco di Giorgio Martini<\/strong><\/em><br><em> (Siena, Pinacoteca Nazionale) <\/em><\/figcaption><\/figure>\n<\/div>\n\n\n<p><em>En esta pintura poco usual, el gesto juguet\u00f3n del \u00e1ngel viene acentuado por la abundancia de pliegues del ropaje. La disposici\u00f3n del espacio y los colores recuerda a <strong>Domenico Veneziano<\/strong>.<\/em><\/p>\n\n\n<div class=\"wp-block-image\">\n<figure class=\"aligncenter size-full\"><img loading=\"lazy\" decoding=\"async\" width=\"316\" height=\"400\" src=\"https:\/\/www.aparences.net\/wp-content\/uploads\/2024\/01\/digiorgio_biccherna.webp\" alt=\"La Virgen protege Siena de los terremotos, Francesco di Giorgio\" class=\"wp-image-31778\" title=\"La Virgen protege Siena de los terremotos, Francesco di Giorgio\"\/><figcaption class=\"wp-element-caption\"><em><strong>La Virgen protege Siena<\/strong> de terremotos, <strong>Francesco di Giorgio,<\/strong> tabla de Biccherna<\/em><br><em> (Siena, Archivos del Estado)<\/em><\/figcaption><\/figure>\n<\/div>\n\n\n<p>&nbsp;<strong>Francesco di Giorgio<\/strong> fue uno de los artistas m\u00e1s solicitados de su tiempo, tal vez fue m\u00e1s importante como arquitecto que como pintor. Pero su retablo de la <em><strong>Coronaci\u00f3n<\/strong><\/em> es importante por la amplitud y la complejidad de la cultura que condensa. Hace uso de la perspectiva de forma notable pero el detalle m\u00e1s revelador es probablemente la manera en que Dios irrumpe en el espacio de la coronaci\u00f3n: visto <em>de sotto in su<\/em> (de abajo arriba), cae violentamente; Francesco di Giorgio desarrolla una idea muy querida por los sieneses, la del \u00abagujero en el cielo\u00bb a trav\u00e9s del cual pasan los \u00e1ngeles, los santos o Cristo. La idea, muy popular en su origen y que se sol\u00eda utilizar para representar el zod\u00edaco en la espesura casi arquitect\u00f3nica de dicho orificio, <strong>Francesco di Giorgio<\/strong> la transpone seg\u00fan una clave cultural que se refiere a las m\u00e1s profundas preocupaciones cient\u00edficas y esot\u00e9ricas del momento.<\/p>\n\n\n<div class=\"wp-block-image\">\n<figure class=\"aligncenter size-full\"><img loading=\"lazy\" decoding=\"async\" width=\"500\" height=\"287\" src=\"https:\/\/www.aparences.net\/wp-content\/uploads\/2024\/01\/digiorgio_coron1.webp\" alt=\"La coronaci\u00f3n de la Virgen, 1472-1473, Francesco di Giorgio\" class=\"wp-image-31780\" title=\"La coronaci\u00f3n de la Virgen, 1472-1473, Francesco di Giorgio\"\/><figcaption class=\"wp-element-caption\"><em><strong>La coronaci\u00f3n de la Virgen<\/strong>, detalle, 1472-1473, <strong>Francesco di Giorgio<\/strong><\/em><br><em> (Siena, Pinacoteca Nazionale) <\/em><\/figcaption><\/figure>\n<\/div>\n\n\n<p><em>Este retablo fue pintado para la Capilla de los santos Sebasti\u00e1n y Catalina de Siena en Monteoliveto. Los c\u00edrculos que punt\u00faan la composici\u00f3n confirman las afinidades de Francesco con el miniaturista Liberale da Verona, quien en aquel momento resid\u00eda en Siena. En la parte superior, a trav\u00e9s de un agujero en forma de elipse, Dios Padre en perspectiva despliega su campo de fuerza sobre la cabeza de su hijo. El cielo se ha concebido como una estructura de terrazas de m\u00e1rmol superpuestas, pobladas por santos y figuras sofisticadas. Como <strong>Botticelli<\/strong>, el mundo pict\u00f3rico de Francesco di Giorgio est\u00e1 m\u00e1s cerca de la imaginaci\u00f3n que de una observaci\u00f3n minuciosa de la naturaleza. En la Coronaci\u00f3n de la Virgen, la unidad de la imagen se sacrifica a favor de una abundancia de detalles y figuras.<\/em><\/p>\n\n\n<div class=\"wp-block-image\">\n<figure class=\"aligncenter size-full\"><img loading=\"lazy\" decoding=\"async\" width=\"433\" height=\"370\" src=\"https:\/\/www.aparences.net\/wp-content\/uploads\/2024\/01\/digiorgio_nativite.webp\" alt=\"La Natividad, 1475, Francesco di Giorgio\" class=\"wp-image-31782\" title=\"La Natividad, 1475, Francesco di Giorgio\"\/><\/figure>\n<\/div>\n\n<div class=\"wp-block-image\">\n<figure class=\"aligncenter size-full\"><img loading=\"lazy\" decoding=\"async\" width=\"431\" height=\"223\" src=\"https:\/\/www.aparences.net\/wp-content\/uploads\/2024\/01\/digiorgio_nativite1.webp\" alt=\"La Natividad con dos \u00e1ngeles y santos, 1475, Francesco di Giorgio\" class=\"wp-image-31784\" title=\"La Natividad con dos \u00e1ngeles y santos, 1475, Francesco di Giorgio\"\/><figcaption class=\"wp-element-caption\"><em><strong>La Natividad con dos \u00e1ngeles y los santos Bernardo y Tom\u00e1s de Aquino<\/strong>, 1475, <strong>Francesco di Giorgio<\/strong> (Siena, Pinacoteca Nazionale)<\/em><\/figcaption><\/figure>\n<\/div>\n\n\n<p><em>Esta obra fue comisionada para el monasterio de San Benito, al que se accede saliendo de la ciudad de Siena por la puerta Tufi. Hay que considerar que esta Natividad fue ejecutada por <strong>Francesco di Giorgio<\/strong>, al menos en cuanto a las figuras, el resto fue completado por otro maestro sien\u00e9s.Las figuras de los \u00e1ngeles fueron fuertemente influenciadas por la pintura florentina, especialmente Ghirlandaio y Botticelli en sus <a href=\"https:\/\/www.aparences.net\/es\/arte-y-mecenazgo\/roma-mecenazgo-y-poder-papal\/sixto-iv-della-rovere\/#pintores-de-la-toscana-y-la-umbr%C3%ADa-en-los-muros-de-la-sixtina\">pinturas murales de la Sixtina<\/a>.<\/em><\/p>\n\n\n\n<!-- AdBoxRight2020 --><ins class=\"adsbygoogle\"     style=\"display:block; margin-top:30px;\"     data-ad-client=\"ca-pub-2468002815867636\"     data-ad-slot=\"3496014735\"     data-ad-format=\"auto\"     data-full-width-responsive=\"false\"><\/ins><script> (adsbygoogle = window.adsbygoogle || []).push({});<\/script><h2 class=\"wp-block-heading\">La estancia en la ciudad matem\u00e1tica<\/h2>\n\n\n\n<p>A principios de la d\u00e9cada de 1470, los puntos de inter\u00e9s de <strong>Francesco di Giorgio<\/strong> ya no se limitaban s\u00f3lo a la pintura. En su juventud hab\u00eda conocido a <strong>Jacopo da Mariano<\/strong>, un ingeniero apodado <em>Il Taccola<\/em> (la corneja). Amigo de <strong>Brunelleschi<\/strong>, se hab\u00eda dedicado al estudio de la hidr\u00e1ulica. Francesco hered\u00f3 sus cuadernos que estudi\u00f3, pero r\u00e1pidamente puso toda su energ\u00eda en desarrollar una visi\u00f3n m\u00e1s completa de todo tipo de maquinarias, iglesias y fortificaciones. Esta b\u00fasqueda de conocimiento universal lo atrajo inevitablemente al \u00abhumanismo matem\u00e1tico\u00bb, una corriente de pensamiento que se estaba desarrollando en <a href=\"https:\/\/www.aparences.net\/es\/arte-y-mecenazgo\/el-mecenazgo-en-urbino\/\">Urbino<\/a>. En esta muy culta y refinada corte reinaba Federico da Montefeltro quien se dispon\u00eda a plasmar en su nuevo palacio algunas de las caracter\u00edsticas de la <em>ciudad ideal<\/em> dise\u00f1ada por Alberti. Habiendo encargado su construcci\u00f3n al arquitecto Laurana, el duque termina por reunir all\u00ed a un brillante c\u00edrculo de grandes maestros que le ayudaron a construirlo, entre ellos Francesco di Giorgio. Entre aquel c\u00edrculo de cortesanos eruditos se encontraba el gran matem\u00e1tico <a href=\"https:\/\/www.aparences.net\/es\/arte-y-mecenazgo\/el-mecenazgo-en-urbino\/la-corte-de-urbino-y-guidobaldo-da-montefeltro\/#luca-pacioli-:-de-divina-proportione\">Lucca Paccioli<\/a> y <a href=\"https:\/\/www.aparences.net\/es\/arte-y-mecenazgo\/el-mecenazgo-en-urbino\/armas-y-letras-urbino-bajo-federico-da-montefeltro\/#piero-della-francesca-o-la-poes%C3%ADa-de-la-luz\">Piero della Francesca<\/a>, este \u00faltimo en pleno apogeo de su gloria ven\u00eda de realizar para el duque algunas de sus mejores obras.<\/p>\n\n\n<div class=\"wp-block-image\">\n<figure class=\"aligncenter size-full\"><img loading=\"lazy\" decoding=\"async\" width=\"189\" height=\"306\" src=\"https:\/\/www.aparences.net\/wp-content\/uploads\/2024\/01\/digiorgio_proport1.webp\" alt=\"Plano de planta de una bas\u00edlica, Francesco di Giorgio Martini\" class=\"wp-image-31786\" title=\"Plano de planta de una bas\u00edlica, Francesco di Giorgio Martini\"\/><figcaption class=\"wp-element-caption\"><em><strong>Plano de planta de una bas\u00edlica<\/strong>, 1475, <strong>Francesco di Giorgio<\/strong> (Florencia, Biblioteca Nazionale) <\/em><\/figcaption><\/figure>\n<\/div>\n\n\n<p><em>Esta imagen de \u00ab<em>Plano de planta de una bas\u00edlica a la imagen de un hombre<\/em><\/em>\u00ab,<em> est\u00e1 sacada de una serie de manuscritos magnificamente ilustrados; otra serie acabar\u00e1 por ser adquirida y anotada por Leonardo da Vinci. Ofrecido a Federico da Montefeltro el llamado Oposculum de Francesco fue descrito por Paolo Galazzi como un \u00ab&nbsp;lujoso folleto promocional presentando las proezas t\u00e9cnicas llevadas a cabo por el ingeniero sien\u00e9s y su taller&nbsp;\u00bb.<\/em><\/p>\n\n\n\n<p>En Urbino mientras tanto, el clasicismo llegaba a su punto \u00e1lgido. El primer encargo que <strong>Francesco di Giorgio<\/strong> realiz\u00f3 en la peque\u00f1a ciudad, fue un relieve en bronce en el que mostraba claramente la influencia de <strong>Donatello<\/strong> (<em><a href=\"https:\/\/www.aparences.net\/es\/periodos\/el-quattrocento\/la-escultura-del-quattrocento-en-florencia\/#donatello-y-el-\">Altar del Santo en Padua<\/a><\/em>). El escultor florentino quien hab\u00eda visitado en numerosas ocasiones Siena, hab\u00eda incluso declarado \u00abquerer vivir y morir all\u00ed\u00bb y fue quiz\u00e1s durante una de estas visitas que Di Giorgio tuvo la ocasi\u00f3n de conocerle. En Urbino, <strong>Francesco di Giorgio<\/strong> ejerce para el duque las funciones de maestro de obras durante doce a\u00f1os, construyendo fortalezas y artilugios de guerra y traza puertas y ventanas. Durante este periodo le han sido atribuidas tambi\u00e9n varias pinturas y otras obras como la marqueter\u00eda del magn\u00edfico <em>Studiolo<\/em> de Gubbio, mucho m\u00e1s f\u00e1ciles de entender una vez que se las considera dentro del contexto de un proyecto albertiano colectivo. Encontramos a Francesco de nuevo, a trav\u00e9s de un relieve de yeso hoy conocido bajo el nombre de <em>Alegor\u00eda de la discordia<\/em>, cuando el precepto albertiano tiende ya hacia el academicismo. El asunto &#8211; quiz\u00e1 Licurgo quien orden\u00f3 la masacre de las M\u00e9nades &#8211; parece haber servido como pretexto, principalmente, para la representaci\u00f3n de figuras desnudas contorsion\u00e1ndose en un panorama en perspectiva de <a href=\"https:\/\/www.aparences.net\/es\/arte-y-mecenazgo\/el-mecenazgo-en-urbino\/armas-y-letras-urbino-bajo-federico-da-montefeltro\/#la-ciudad-ideal\">la ciudad ideal<\/a>. Francesco di Giorgio abandona as\u00ed sus ra\u00edces, es decir, el lenguaje com\u00fan a la Rep\u00fablica de Siena, como si fuera una causa perdida; ha aprendido a componer en el lat\u00edn de Corte de los humanistas florentinos.<\/p>\n\n\n<div class=\"wp-block-image\">\n<figure class=\"aligncenter size-full\"><img loading=\"lazy\" decoding=\"async\" width=\"550\" height=\"205\" src=\"https:\/\/www.aparences.net\/wp-content\/uploads\/2024\/01\/cite_ideale.webp\" alt=\"Vista de una ciudad ideal, 1477, anonimo\" class=\"wp-image-31788\" title=\"Vista de una ciudad ideal, 1477, anonimo\"\/><figcaption class=\"wp-element-caption\"><em><strong>Vista de una ciudad ideal<\/strong>, h. 1477, pintura an\u00f3nima (Berl\u00edn, Staatliche Museen)<\/em><\/figcaption><\/figure>\n<\/div>\n\n\n<p><em>A veces atribuida al arquitecto <strong>Luciano Laurana<\/strong>, o incluso a <strong>Francesco di Giorgio<\/strong>, servia probablemente de cabecera en el palacio de Urbino. Sin duda influenciado por los famosos dibujos sobre los principios de perspectiva realizados por Brunelleschi y Alberti, este vista produce una fascinaci\u00f3n tan intensa que se podr\u00eda equiparar a una imagen de la perfectibilidad humana.<\/em><\/p>\n\n\n<div class=\"wp-block-image\">\n<figure class=\"aligncenter size-full\"><img loading=\"lazy\" decoding=\"async\" width=\"430\" height=\"303\" src=\"https:\/\/www.aparences.net\/wp-content\/uploads\/2024\/01\/digiorgio_alleg.webp\" alt=\"Alegor\u00eda de la discordia, Francesco di Giorgio\" class=\"wp-image-31790\" title=\"Alegor\u00eda de la discordia, Francesco di Giorgio\"\/><figcaption class=\"wp-element-caption\"><em><strong>Alegor\u00eda de la discordia<\/strong>, 1480, <strong>Francesco di Giorgio<\/strong> <\/em><br><em>(Londres, Victoria and Albert Museum)<\/em><\/figcaption><\/figure>\n<\/div>\n\n\n<h2 class=\"wp-block-heading\">Neroccio di Bartolomeo Landi (Siena 1447-1500)<\/h2>\n\n\n\n<p>Pintor y escultor, <strong>Neroccio di Bartolomeo Landi<\/strong> fue alumno de <a href=\"https:\/\/www.aparences.net\/es\/escuelas\/la-pintura-sienesa\/il-vecchietta\/\">Il Vecchietta<\/a> y trabaj\u00f3 casi exclusivamente en Siena y sus alrededores. Neroccio pose\u00eda un profundo conocimiento de la cultura art\u00edstica del Renacimiento y la puso al servicio de una muy refinada exaltaci\u00f3n de los valores lineales. El artista tambi\u00e9n se distingue por unas capacidades gr\u00e1ficas inusuales y su gusto por el color delicado, transparente y precioso. Es lo que da a sus figuras una apariencia casi et\u00e9rea, di\u00e1fana. La predela (hoy en Florencia, Uffizi) del <em><strong>Retablo de Monte Oliveto<\/strong><\/em> es un ejemplo de su colaboraci\u00f3n con <strong>Francesco di Giorgio Martini<\/strong> que dur\u00f3 hasta 1475. Inclinado a interpretar el sentido del contorno de Francesco di Giorgio de forma arcaizante, con ello Neroccio parece evocar la elegancia sutil de <a href=\"https:\/\/www.aparences.net\/es\/escuelas\/la-pintura-sienesa\/\">la pintura sienesa<\/a> en el siglo XIV. Sus madonas de rasgos alargados y delgados, con la cabezas&nbsp; suavemente inclinadas y las manos delicadamente ahusadas en las que la luz que las penetra las hace aun m\u00e1s di\u00e1fanas y ligeras, son las \u00faltimas encarnaciones, las m\u00e1s suaves y sofisticadas, de un lejano ideal de estilo y de espiritualidad, pero aun vivo y presente para la antigua Siena en el momento en que esta ve\u00eda propagarse la gloria de <a href=\"https:\/\/www.aparences.net\/es\/arte-y-mecenazgo\/el-ducado-de-milan\/ludovico-el-moro\/#leonardo,-un-genio-al-servicio-del-poder\">Leonardo<\/a> y <a href=\"https:\/\/www.aparences.net\/es\/arte-y-mecenazgo\/los-fresquistas-florentinos\/miguel-angel-frescos-de-la-sixtina\/\">Miguel \u00c1ngel<\/a>.<\/p>\n\n\n<div class=\"wp-block-image\">\n<figure class=\"aligncenter size-full\"><img loading=\"lazy\" decoding=\"async\" width=\"290\" height=\"429\" src=\"https:\/\/www.aparences.net\/wp-content\/uploads\/2024\/01\/neroccio_vierge.webp\" alt=\"Virgen con el Ni\u00f1o y los santos Bernardino y Catalina de Siena, 1470, Neroccio di Bartolomeo Landi\" class=\"wp-image-31792\" title=\"Virgen con el Ni\u00f1o y los santos Bernardino y Catalina de Siena, 1470, Neroccio di Bartolomeo Landi\"\/><figcaption class=\"wp-element-caption\"><em><strong>Virgen con el Ni\u00f1o y los santos Bernardino y Catalina de Siena<\/strong>, 1470, <strong>Neroccio di Bartolomeo Landi<\/strong> (Siena, Pinacoteca)<\/em><\/figcaption><\/figure>\n<\/div>\n\n<div class=\"wp-block-image\">\n<figure class=\"aligncenter size-full\"><img loading=\"lazy\" decoding=\"async\" width=\"550\" height=\"256\" src=\"https:\/\/www.aparences.net\/wp-content\/uploads\/2024\/01\/neroccio_histories.webp\" alt=\"Episodios de la vida de san Benito, 1475, Neroccio di Bartolomeo, Florencia, Oficios\" class=\"wp-image-31794\" title=\"Episodios de la vida de san Benito, 1475, Neroccio di Bartolomeo, Florencia, Oficios\"\/><\/figure>\n<\/div>\n\n<div class=\"wp-block-image\">\n<figure class=\"aligncenter size-full\"><img loading=\"lazy\" decoding=\"async\" width=\"550\" height=\"251\" src=\"https:\/\/www.aparences.net\/wp-content\/uploads\/2024\/01\/neroccio_histoires1.webp\" alt=\"Vida de san Benito, 1475, Neroccio di Bartolomeo\" class=\"wp-image-31796\" title=\"Vida de san Benito, 1475, Neroccio di Bartolomeo\"\/><figcaption class=\"wp-element-caption\"><em><strong>Episodios de la vida de san Benito<\/strong>, 1475, <strong>Neroccio di Bartolomeo<\/strong> (Florencia, Uffizi)<\/em><\/figcaption><\/figure>\n<\/div>\n\n\n<p><em>Estas escenas forman parte de la predela del Retablo de Monte Oliveto con tres escenas de la vida de san Benito, inicialmente atribuido a Francesco di Giorgio Martini.<\/em><\/p>\n\n\n\n<p>Neroccio hered\u00f3 de <a href=\"https:\/\/www.aparences.net\/es\/escuelas\/la-pintura-sienesa\/il-vecchietta\/\">Il Vecchietta<\/a> el gusto por los colores transparentes, delicados y luminosos. Desde los discretos y maravillosos tonos de sus primeras obras como el tr\u00edptico de 1476 (su primera obra fechada) hasta sus \u00faltimas creaciones, fue capaz de observar la <a href=\"https:\/\/www.aparences.net\/es\/periodos\/el-quattrocento\/la-escultura-del-quattrocento-en-florencia\/#el-naturalismo-de-donatello\">pl\u00e1stica de Donatello<\/a> de forma inteligente, y tambi\u00e9n tom\u00f3 ventaja de la familiaridad que ten\u00eda con la pintura de <strong>Francesco di Giorgio<\/strong>. Pero lo que marca de forma peculiar el car\u00e1cter aristocr\u00e1tico del arte de Landi y le otorga un lugar especial en el conjunto la pintura del siglo XV, es el sentido de la l\u00ednea, que lo une m\u00e1s que a cualquier otro pintor contempor\u00e1neo a la m\u00e1s pura tradici\u00f3n de <a href=\"https:\/\/www.aparences.net\/es\/escuelas\/la-pintura-sienesa\/siena-la-edad-de-oro-de-la-pintura\/\">Simone Martini<\/a>.<\/p>\n\n\n\n<!-- AdBoxLeft2023 --><ins class=\"adsbygoogle\" style=\"display:block\" data-ad-client=\"ca-pub-2468002815867636\" data-ad-slot=\"1318022963\" data-ad-format=\"auto\" data-full-width-responsive=\"true\"><\/ins><script> (adsbygoogle = window.adsbygoogle || []).push({});<\/script><h2 class=\"wp-block-heading\">Liberale da Verona y Girolamo da Cremona<\/h2>\n\n\n\n<p>La estancia en Siena de <strong>Liberale da Verona<\/strong> y <strong>Girolamo da Cremona<\/strong> dos <strong>iluminadores<\/strong> de la regi\u00f3n del Po, fue un acontecimiento importante para el desarrollo de la pintura en las \u00faltimas d\u00e9cadas del siglo. Liberale lleg\u00f3 en 1466 y, poco despu\u00e9s, comenz\u00f3 la iluminaci\u00f3n de algunos manuscritos para la Obra de la Catedral donde desarroll\u00f3 todas las facetas de su brillante talento. Sus figuras desprenden una gran energ\u00eda y la variedad inagotable de sus poses son \u00fanicas a nivel local. Girolamo da Cremona, alumno de <a href=\"https:\/\/www.aparences.net\/es\/arte-y-mecenazgo\/los-gonzaga-de-mantua\/andrea-mantegna-pintor-de-corte\/\">Andrea Mantegna<\/a>, tuvo una influencia igualmente profunda durante su estancia en Siena entre 1470 y 1472. Su estilo se caracteriza por una concepci\u00f3n de las figuras mucho m\u00e1s s\u00f3lida y m\u00e1s concreta, a trav\u00e9s de la observaci\u00f3n minuciosa de los elementos de la naturaleza y por una disposici\u00f3n muy clara de las figuras en el espacio.<\/p>\n\n\n<div class=\"wp-block-image\">\n<figure class=\"aligncenter size-full\"><img loading=\"lazy\" decoding=\"async\" width=\"599\" height=\"289\" src=\"https:\/\/www.aparences.net\/wp-content\/uploads\/2024\/01\/liberale-da-verona-enluminures.webp\" alt=\"Alegor\u00eda del viento; Nacimiento de la Virgen, 1470-1472, Liberale da Verona; Girolamo da Cremona\" class=\"wp-image-31799\" title=\"Alegor\u00eda del viento; Nacimiento de la Virgen, 1470-1472, Liberale da Verona; Girolamo da Cremona\"\/><figcaption class=\"wp-element-caption\"><em><strong>Alegor\u00eda del viento<\/strong>; <strong>Nacimiento de la Virgen<\/strong>, 1470-1472, <strong>Liberale da Verona<\/strong>; <\/em><br><em><strong>Girolamo da Cremona<\/strong> (Siena, Libreria Piccolomini)<\/em><\/figcaption><\/figure>\n<\/div>\n\n\n<p><em>La alegor\u00eda del viento est\u00e1 dominada por un color azul oscuro. La pintura de Liberale no comporta pr\u00e1cticamente ninguna referencia al g\u00f3tico tard\u00edo. Si comparamos su estilo al de Girolamo, vemos que es menos dependiente de la inspiraci\u00f3n y de la fantas\u00eda.<\/em><\/p>\n\n\n<div class=\"wp-block-image\">\n<figure class=\"aligncenter size-full\"><img loading=\"lazy\" decoding=\"async\" width=\"339\" height=\"280\" src=\"https:\/\/www.aparences.net\/wp-content\/uploads\/2024\/01\/liberale1.webp\" alt=\"Los jugadores de ajedrez, 1475\" class=\"wp-image-31801\" title=\"Los jugadores de ajedrez, 1475\"\/><\/figure>\n<\/div>\n\n<div class=\"wp-block-image\">\n<figure class=\"aligncenter size-full\"><img loading=\"lazy\" decoding=\"async\" width=\"495\" height=\"256\" src=\"https:\/\/www.aparences.net\/wp-content\/uploads\/2024\/01\/liberale.webp\" alt=\"Los jugadores de ajedrez, 1475, \" class=\"wp-image-31803\" title=\"Los jugadores de ajedrez, 1475\"\/><figcaption class=\"wp-element-caption\"><em><strong>Los jugadores de ajedrez<\/strong>, 1475&nbsp; (Nueva York, Museo Metropolitano de Arte)<\/em><\/figcaption><\/figure>\n<\/div>\n\n\n<p><em>En esta original escena de interior, dos amantes juegan al ajedrez (el joven estar\u00eda a punto de dar jaque mate a la joven). Este panel forma parte de un fragmento de cofre de bodas (cassone) y ha sido atribuido a los dos pintores Liberale da Verona y Girolamo da Cremona.<\/em><\/p>\n\n\n\n<h2 class=\"wp-block-heading\">Il Sodoma<\/h2>\n\n\n\n<p><strong>Giovanni Antonio Bazzi<\/strong> llamado <strong>Il Sodoma<\/strong> (Vercelli 1477- Siena 1549), fue influenciado al mismo tiempo por los pintores sieneses de nacimiento y de formaci\u00f3n, y por Perugino. Naci\u00f3 en Vercelli en 1477 y lleg\u00f3 a la Toscana en 1503. Antes de eso, tuvo ricas experiencias en Mil\u00e1n, donde conoci\u00f3 a <a href=\"https:\/\/www.aparences.net\/es\/arte-y-mecenazgo\/el-ducado-de-milan\/ludovico-el-moro\/#leonardo,-un-genio-al-servicio-del-poder\">Leonardo da Vinci<\/a> y pint\u00f3 al fresco el refectorio del monasterio de Santa Anna en Camprena (cerca de Pienza). De sus comienzos en Siena destaca la tabla con la <em>Alegor\u00eda del Amor Celeste<\/em>. Despu\u00e9s de haber completado el vasto ciclo de frescos con <em><a href=\"https:\/\/www.aparences.net\/es\/arte-y-mecenazgo\/los-fresquistas-florentinos\/frescos-de-luca-signorelli-y-sandro-botticelli\/\">Escenas de la vida de San Benito<\/a><\/em> de <strong>Luca Signorelli<\/strong>, en las paredes del claustro de la Abad\u00eda de Monteoliveto Maggiore (1505-1508), Sodoma fue a Roma. Mientras realizaba la decoraci\u00f3n de la b\u00f3veda de la <a href=\"https:\/\/www.aparences.net\/es\/arte-y-mecenazgo\/los-fresquistas-florentinos\/la-obra-mural-de-rafael\/\">Estancia de la Signatura<\/a> del Vaticano, que hab\u00eda quedado inacabada y que <strong>Rafael<\/strong> termin\u00f3 despu\u00e9s, conoci\u00f3 a <strong>Perugino<\/strong>. En 1510 regres\u00f3 definitivamente a Siena ciudad que abandonar\u00eda en pocas ocasiones y donde rivaliz\u00f3 con <a href=\"https:\/\/www.aparences.net\/es\/escuelas\/la-pintura-sienesa\/domenico-beccafumi\/\">Beccafumi<\/a> compartiendo con este \u00faltimo el protagonismo art\u00edstico. Su <em>Descendimiento de la Cruz<\/em>, data de este per\u00edodo. Con los a\u00f1os los encargos p\u00fablicos y privados que se sucedieron fueron cada vez m\u00e1s prestigiosos. Acerca de <strong>Il Sodoma<\/strong>, <a href=\"https:\/\/www.aparences.net\/es\/periodos\/el-manierismo\/florencia-y-la-academia-de-dibujo\/#las-\">Vasari<\/a> dice \u00abque nunca hab\u00eda visto a nadie que expresara mejor que \u00e9l los sentimientos\u00bb, aunque por otro lado nunca le hab\u00eda mostrado demasiada benevolencia, tild\u00e1ndolo injustamente de \u00abbestia\u00bb, \u00abdeshonesto\u00bb, \u00ablicencioso\u00bb y \u00abcaprichoso\u00bb. Bazzi continu\u00f3 pintando hasta su muerte en 1549. Sin embargo, se mostr\u00f3 menos abierto a los est\u00edmulos que ven\u00edan de fuera, sin tener en cuenta la evoluci\u00f3n que experimentaba el arte de su tiempo.<\/p>\n\n\n<div class=\"wp-block-image\">\n<figure class=\"aligncenter size-full\"><img loading=\"lazy\" decoding=\"async\" width=\"406\" height=\"320\" src=\"https:\/\/www.aparences.net\/wp-content\/uploads\/2024\/01\/sodoma_descent1.webp\" alt=\"Descendimiento de la cruz, 1510, Il Sodoma\" class=\"wp-image-31805\" title=\"Descendimiento de la cruz, 1510, Il Sodoma\"\/><figcaption class=\"wp-element-caption\"><em><strong>Descendimiento de la cruz<\/strong>, detalle, 1510, <strong>Il Sodoma<\/strong><\/em><br><em> (Siena, Pinacoteca Nazionale)<\/em><\/figcaption><\/figure>\n<\/div>\n\n\n<p><em>Esta pintura proviene de la capilla Cinuzzi en la Iglesia de San Francisco y actualmente en la Pinacoteca. Adelantado a su tiempo, con esta pintura Sodoma representa la fusi\u00f3n del clasicismo con la cultura de origen lombardo, antes de la llegada de <a href=\"https:\/\/www.aparences.net\/es\/arte-y-mecenazgo\/los-fresquistas-florentinos\/la-obra-mural-de-perugino-y-pinturicchio\/\">Perugino<\/a> y Rafael. Los fuertes contrastes crom\u00e1ticos de los drapeados y sus tonalidades son in\u00e9ditos en la pintura sienesa.<\/em><\/p>\n\n\n\n<!-- AfterArticle2023 --><ins class=\"adsbygoogle\"     style=\"display:block;margin-bottom:5px;\"     data-ad-client=\"ca-pub-2468002815867636\"     data-ad-slot=\"3955176166\"     data-ad-format=\"auto\"     data-full-width-responsive=\"true\"><\/ins><script> (adsbygoogle = window.adsbygoogle || []).push({});<\/script><h2 class=\"wp-block-heading\">El oratorio de San Bernardino<\/h2>\n\n\n\n<p>La decoraci\u00f3n de la capilla superior del Oratorio de San Bernardino dedicado a Santa Maria degli Angeli, constituye el m\u00e1s extraordinario conjunto del siglo XVI en Siena. Afortunadamente el oratorio ofrece el mismo aspecto que ten\u00eda cuando se realiz\u00f3 y est\u00e1 relativamente bien conservado. La decoraci\u00f3n fue comenzada en 1496 y se trabaj\u00f3 en ella durante unos veinte a\u00f1os. Cuando se hubo terminado, se encarg\u00f3 a los m\u00e1s grandes pintores de la \u00e9poca (<strong>Il Sodoma<\/strong>, <strong>Beccafumi<\/strong> y <strong>Girolamo del Pacchia<\/strong>), un ciclo de frescos con episodios de la vida de la Virgen. Domenico Beccafumi realiz\u00f3 dos episodios, <em><strong>Los Desposorios<\/strong><\/em>&nbsp; y la <em>Muerte de la Virgen<\/em>, que ya se hab\u00edan completado en diciembre de 1518. En ellos ya se pone de manifiesto los indicios de un talento maduro y original sobre todo en cuanto a las figuras tan caracter\u00edsticas del pintor, t\u00edpicamente alargadas, la variedad preciosa de colores y la calidad de las telas admirablemente reproducidas. Los resultados muy notables obtenidos por Beccafumi con estos frescos se relacionan a menudo con las novedades estil\u00edsticas florentinas y, en particular con <a href=\"https:\/\/www.aparences.net\/es\/periodos\/el-manierismo\/rosso-fiorentino\/\">Rosso Fiorentino<\/a>. Entre 1517 y 1518, Il Sodoma ejecut\u00f3 tres figuras de santos, la <em><strong>Presentaci\u00f3n de Mar\u00eda en el templo<\/strong><\/em>&nbsp; y la <em>Coronaci\u00f3n de la Virgen<\/em>. Se evidencian evocaciones de obras recientes de <a href=\"https:\/\/www.aparences.net\/es\/arte-y-mecenazgo\/roma-mecenazgo-y-poder-papal\/leon-x-giovanni-de-medicis\/#raffaello-sanzio-%28urbino-1483---roma-1520%29\">Rafael<\/a> en la <em>Presentaci\u00f3n<\/em>, que tiene lugar bajo una columnata que recuerda el estilo de <strong>Bramante<\/strong> y ha sido estructurada con meticuloso respeto a la simetr\u00eda de la composici\u00f3n, tal vez un poco convencional. La parte ejecutada por Sodoma es cuantitativamente la m\u00e1s importante. Estando en el apogeo de su gloria, el artista probablemente habr\u00eda realizado las pinturas para la compa\u00f1\u00eda de San Bernardino en 1518, cuando estaba trabajando para <a href=\"https:\/\/www.aparences.net\/es\/arte-y-mecenazgo\/roma-mecenazgo-y-poder-papal\/leon-x-giovanni-de-medicis\/#agostino-chigi,-el-banquero-del-papa\">Agostino Chigi<\/a> en la Farnesina.<\/p>\n\n\n<div class=\"wp-block-image\">\n<figure class=\"aligncenter size-full\"><img loading=\"lazy\" decoding=\"async\" width=\"610\" height=\"406\" src=\"https:\/\/www.aparences.net\/wp-content\/uploads\/2024\/01\/sienne-oratoire-saint-bernardin.webp\" alt=\"Oratorio de San Bernardino, Siena\" class=\"wp-image-31807\" title=\"Oratorio de San Bernardino, Siena\"\/><figcaption class=\"wp-element-caption\"><em><strong>Oratorio de San Bernardino, Siena<\/strong><\/em><\/figcaption><\/figure>\n<\/div>\n\n<div class=\"wp-block-image\">\n<figure class=\"aligncenter size-full\"><img loading=\"lazy\" decoding=\"async\" width=\"460\" height=\"430\" src=\"https:\/\/www.aparences.net\/wp-content\/uploads\/2024\/01\/il-sodoma-presentation-vierge-au-temple.webp\" alt=\"Presentaci\u00f3n de Mar\u00eda en el Templo, 1517-1518, Il Sodoma, Siena, Oratorio de San Bernardino\" class=\"wp-image-31809\" title=\"Presentaci\u00f3n de Mar\u00eda en el Templo, 1517-1518, Il Sodoma, Siena, Oratorio de San Bernardino\"\/><\/figure>\n<\/div>\n\n<div class=\"wp-block-image\">\n<figure class=\"aligncenter size-full\"><img loading=\"lazy\" decoding=\"async\" width=\"219\" height=\"230\" src=\"https:\/\/www.aparences.net\/wp-content\/uploads\/2024\/01\/sodoma1.webp\" alt=\"Presentaci\u00f3n de Mar\u00eda en el Templo, 1517-1518, Il Sodoma\" class=\"wp-image-31811\" title=\"Presentaci\u00f3n de Mar\u00eda en el Templo, 1517-1518, Il Sodoma\"\/><figcaption class=\"wp-element-caption\"><em><strong>Presentaci\u00f3n de Mar\u00eda en el Templo<\/strong>, 1517-1518, <strong>Il Sodoma<\/strong> (Siena, Oratorio de San Bernardino)<\/em><\/figcaption><\/figure>\n<\/div>\n\n\n<p class=\"has-text-align-left\"><em>A nivel estil\u00edstico, la Presentaci\u00f3n de la Virgen en el Templo y la Coronaci\u00f3n de la Virgen, son similares a las Bodas de Alejandro y Roxana y a la Familia de Dar\u00edo a los pies de Alejandro ejecutados entre 1516 y 1518 en la habitaci\u00f3n de Agostino Chigi, con ocasi\u00f3n de la boda del gran banquero con Francesca Ordeaschi, una veneciana.<br><\/em><\/p>\n\n\n<div class=\"wp-block-image\">\n<figure class=\"aligncenter size-full\"><img loading=\"lazy\" decoding=\"async\" width=\"460\" height=\"420\" src=\"https:\/\/www.aparences.net\/wp-content\/uploads\/2024\/01\/domenico-beccafumi-mariage-vierge.webp\" alt=\"Desposorios de la Virgen, 1518, Domenico Beccafumi\" class=\"wp-image-31813\" title=\"Desposorios de la Virgen, 1518, Domenico Beccafumi\"\/><\/figure>\n<\/div>\n\n<div class=\"wp-block-image\">\n<figure class=\"aligncenter size-full\"><img loading=\"lazy\" decoding=\"async\" width=\"369\" height=\"360\" src=\"https:\/\/www.aparences.net\/wp-content\/uploads\/2024\/01\/beccafumi_mariage_vierge.webp\" alt=\"Desposorios de la Virgen, 1518, Domenico Beccafumi\" class=\"wp-image-31815\" title=\"Desposorios de la Virgen, 1518, Domenico Beccafumi\"\/><figcaption class=\"wp-element-caption\"><em><strong>Desposorios de la Virgen<\/strong>, 1518, <strong>Domenico Beccafumi<\/strong>, (Siena, Oratorio de San Bernardino)<\/em><\/figcaption><\/figure>\n<\/div>\n\n\n<p><em>Beccafumi est\u00e1 considerado como uno de los principales artistas del Cinquecento y precursor del <a href=\"https:\/\/www.aparences.net\/es\/periodos\/el-manierismo\/\">manierismo<\/a> como lo fueron Rosso y <a href=\"https:\/\/www.aparences.net\/es\/periodos\/el-manierismo\/jacopo-pontormo\/\">Pontormo<\/a>. Su papel fue decisivo para la historia del arte italiano, por no decir del arte europeo.De hecho, el estilo pict\u00f3rico inaugurado por los artistas toscanos traspas\u00f3 las fronteras de Italia y se extendi\u00f3 por toda Europa en el siglo XVI. Pero Domenico, diez a\u00f1os mayor que <a href=\"https:\/\/www.aparences.net\/es\/periodos\/el-manierismo\/rosso-fiorentino\/\">Rosso<\/a> y Pontormo, fue uno de los primeros en sentar las bases de la \u00abbella maniera\u00bb. A partir de 1510, el artista desarrolla un vocabulario t\u00edpicamente manierista con formas serpentinas, posturas contorsionadas y construye espacios inveros\u00edmiles con medios figurativos in\u00e9ditos. Sin duda, <a href=\"https:\/\/www.aparences.net\/es\/escuelas\/la-pintura-sienesa\/domenico-beccafumi\/\">Beccafumi<\/a> ha allanado el camino hacia la modernidad.<\/em><\/p>\n","protected":false},"excerpt":{"rendered":"<p>Francesco di Giorgio Martini termin\u00f3 su carrera siendo uno de los m\u00e1s famosos arquitectos e ingenieros y \u00abhombres universales\u00bb del Quattrocento.<\/p>\n","protected":false},"author":2,"featured_media":31774,"comment_status":"closed","ping_status":"closed","sticky":false,"template":"","format":"standard","meta":{"footnotes":""},"categories":[2326],"tags":[2410,6046,2698,3088],"class_list":["post-13082","post","type-post","status-publish","format-standard","has-post-thumbnail","hentry","category-la-pintura-sienesa","tag-escuela-de-siena","tag-francesco-di-giorgio","tag-il-sodoma","tag-liberale-da-verona"],"yoast_head":"<!-- This site is optimized with the Yoast SEO plugin v27.2 - https:\/\/yoast.com\/product\/yoast-seo-wordpress\/ -->\n<title>Francesco di Giorgio Martini<\/title>\n<meta name=\"description\" content=\"Francesco di Giorgio Martini, alumno de Vecchietta, termin\u00f3 su carrera como uno de los arquitectos, ingenieros y &quot;hombres universales&quot; m\u00e1s famosos del Quattrocento.\" \/>\n<meta name=\"robots\" content=\"index, follow, max-snippet:-1, max-image-preview:large, max-video-preview:-1\" \/>\n<link rel=\"canonical\" href=\"https:\/\/www.aparences.net\/es\/escuelas\/la-pintura-sienesa\/francesco-di-giorgio-martini\/\" \/>\n<meta property=\"og:locale\" content=\"es_ES\" \/>\n<meta property=\"og:type\" content=\"article\" \/>\n<meta property=\"og:title\" content=\"Francesco di Giorgio Martini\" \/>\n<meta property=\"og:description\" content=\"Francesco di Giorgio Martini, alumno de Vecchietta, termin\u00f3 su carrera como uno de los arquitectos, ingenieros y &quot;hombres universales&quot; m\u00e1s famosos del Quattrocento.\" \/>\n<meta property=\"og:url\" content=\"https:\/\/www.aparences.net\/es\/escuelas\/la-pintura-sienesa\/francesco-di-giorgio-martini\/\" \/>\n<meta property=\"og:site_name\" content=\"Aparences\" \/>\n<meta property=\"article:published_time\" content=\"2009-02-22T10:46:05+00:00\" \/>\n<meta property=\"article:modified_time\" content=\"2025-12-11T18:40:57+00:00\" \/>\n<meta property=\"og:image\" content=\"https:\/\/www.aparences.net\/wp-content\/uploads\/2009\/02\/francesco-di-giorgio.webp\" \/>\n\t<meta property=\"og:image:width\" content=\"1080\" \/>\n\t<meta property=\"og:image:height\" content=\"540\" \/>\n\t<meta property=\"og:image:type\" content=\"image\/webp\" \/>\n<meta name=\"author\" content=\"admin\" \/>\n<meta name=\"twitter:card\" content=\"summary_large_image\" \/>\n<meta name=\"twitter:label1\" content=\"Escrito por\" \/>\n\t<meta name=\"twitter:data1\" content=\"admin\" \/>\n\t<meta name=\"twitter:label2\" content=\"Tiempo de lectura\" \/>\n\t<meta name=\"twitter:data2\" content=\"18 minutos\" \/>\n<script type=\"application\/ld+json\" class=\"yoast-schema-graph\">{\"@context\":\"https:\/\/schema.org\",\"@graph\":[{\"@type\":\"Article\",\"@id\":\"https:\/\/www.aparences.net\/es\/escuelas\/la-pintura-sienesa\/francesco-di-giorgio-martini\/#article\",\"isPartOf\":{\"@id\":\"https:\/\/www.aparences.net\/es\/escuelas\/la-pintura-sienesa\/francesco-di-giorgio-martini\/\"},\"author\":{\"name\":\"admin\",\"@id\":\"https:\/\/www.aparences.net\/es\/#\/schema\/person\/af349f6ffc31b16c68963e61268afca5\"},\"headline\":\"Francesco di Giorgio Martini\",\"datePublished\":\"2009-02-22T10:46:05+00:00\",\"dateModified\":\"2025-12-11T18:40:57+00:00\",\"mainEntityOfPage\":{\"@id\":\"https:\/\/www.aparences.net\/es\/escuelas\/la-pintura-sienesa\/francesco-di-giorgio-martini\/\"},\"wordCount\":2994,\"publisher\":{\"@id\":\"https:\/\/www.aparences.net\/es\/#organization\"},\"image\":{\"@id\":\"https:\/\/www.aparences.net\/es\/escuelas\/la-pintura-sienesa\/francesco-di-giorgio-martini\/#primaryimage\"},\"thumbnailUrl\":\"https:\/\/www.aparences.net\/wp-content\/uploads\/2009\/02\/francesco-di-giorgio.webp\",\"keywords\":[\"escuela de Siena\",\"Francesco di Giorgio\",\"il Sodoma\",\"Liberale da Verona\"],\"articleSection\":[\"La pintura sienesa\"],\"inLanguage\":\"es\"},{\"@type\":[\"WebPage\",\"ItemPage\"],\"@id\":\"https:\/\/www.aparences.net\/es\/escuelas\/la-pintura-sienesa\/francesco-di-giorgio-martini\/\",\"url\":\"https:\/\/www.aparences.net\/es\/escuelas\/la-pintura-sienesa\/francesco-di-giorgio-martini\/\",\"name\":\"Francesco di Giorgio Martini\",\"isPartOf\":{\"@id\":\"https:\/\/www.aparences.net\/es\/#website\"},\"primaryImageOfPage\":{\"@id\":\"https:\/\/www.aparences.net\/es\/escuelas\/la-pintura-sienesa\/francesco-di-giorgio-martini\/#primaryimage\"},\"image\":{\"@id\":\"https:\/\/www.aparences.net\/es\/escuelas\/la-pintura-sienesa\/francesco-di-giorgio-martini\/#primaryimage\"},\"thumbnailUrl\":\"https:\/\/www.aparences.net\/wp-content\/uploads\/2009\/02\/francesco-di-giorgio.webp\",\"datePublished\":\"2009-02-22T10:46:05+00:00\",\"dateModified\":\"2025-12-11T18:40:57+00:00\",\"description\":\"Francesco di Giorgio Martini, alumno de Vecchietta, termin\u00f3 su carrera como uno de los arquitectos, ingenieros y \\\"hombres universales\\\" m\u00e1s famosos del Quattrocento.\",\"breadcrumb\":{\"@id\":\"https:\/\/www.aparences.net\/es\/escuelas\/la-pintura-sienesa\/francesco-di-giorgio-martini\/#breadcrumb\"},\"inLanguage\":\"es\",\"potentialAction\":[{\"@type\":\"ReadAction\",\"target\":[\"https:\/\/www.aparences.net\/es\/escuelas\/la-pintura-sienesa\/francesco-di-giorgio-martini\/\"]}]},{\"@type\":\"ImageObject\",\"inLanguage\":\"es\",\"@id\":\"https:\/\/www.aparences.net\/es\/escuelas\/la-pintura-sienesa\/francesco-di-giorgio-martini\/#primaryimage\",\"url\":\"https:\/\/www.aparences.net\/wp-content\/uploads\/2009\/02\/francesco-di-giorgio.webp\",\"contentUrl\":\"https:\/\/www.aparences.net\/wp-content\/uploads\/2009\/02\/francesco-di-giorgio.webp\",\"width\":1080,\"height\":540},{\"@type\":\"BreadcrumbList\",\"@id\":\"https:\/\/www.aparences.net\/es\/escuelas\/la-pintura-sienesa\/francesco-di-giorgio-martini\/#breadcrumb\",\"itemListElement\":[{\"@type\":\"ListItem\",\"position\":1,\"name\":\"Portada\",\"item\":\"https:\/\/www.aparences.net\/es\/\"},{\"@type\":\"ListItem\",\"position\":2,\"name\":\"Francesco di Giorgio Martini\"}]},{\"@type\":\"WebSite\",\"@id\":\"https:\/\/www.aparences.net\/es\/#website\",\"url\":\"https:\/\/www.aparences.net\/es\/\",\"name\":\"Aparences: Historia del Arte y Actualidad Cultural\",\"description\":\"\",\"publisher\":{\"@id\":\"https:\/\/www.aparences.net\/es\/#organization\"},\"potentialAction\":[{\"@type\":\"SearchAction\",\"target\":{\"@type\":\"EntryPoint\",\"urlTemplate\":\"https:\/\/www.aparences.net\/es\/?s={search_term_string}\"},\"query-input\":{\"@type\":\"PropertyValueSpecification\",\"valueRequired\":true,\"valueName\":\"search_term_string\"}}],\"inLanguage\":\"es\"},{\"@type\":\"Organization\",\"@id\":\"https:\/\/www.aparences.net\/es\/#organization\",\"name\":\"Aparences: Historia del Arte y Actualidad Cultural\",\"url\":\"https:\/\/www.aparences.net\/es\/\",\"logo\":{\"@type\":\"ImageObject\",\"inLanguage\":\"es\",\"@id\":\"https:\/\/www.aparences.net\/es\/#\/schema\/logo\/image\/\",\"url\":\"https:\/\/www.aparences.net\/wp-content\/uploads\/2023\/09\/logo-quadrat-color-e1695915315229.png\",\"contentUrl\":\"https:\/\/www.aparences.net\/wp-content\/uploads\/2023\/09\/logo-quadrat-color-e1695915315229.png\",\"width\":120,\"height\":120,\"caption\":\"Aparences: Historia del Arte y Actualidad Cultural\"},\"image\":{\"@id\":\"https:\/\/www.aparences.net\/es\/#\/schema\/logo\/image\/\"}},{\"@type\":\"Person\",\"@id\":\"https:\/\/www.aparences.net\/es\/#\/schema\/person\/af349f6ffc31b16c68963e61268afca5\",\"name\":\"admin\",\"url\":\"https:\/\/www.aparences.net\/es\/author\/admin\/\"}]}<\/script>\n<!-- \/ Yoast SEO plugin. -->","yoast_head_json":{"title":"Francesco di Giorgio Martini","description":"Francesco di Giorgio Martini, alumno de Vecchietta, termin\u00f3 su carrera como uno de los arquitectos, ingenieros y \"hombres universales\" m\u00e1s famosos del Quattrocento.","robots":{"index":"index","follow":"follow","max-snippet":"max-snippet:-1","max-image-preview":"max-image-preview:large","max-video-preview":"max-video-preview:-1"},"canonical":"https:\/\/www.aparences.net\/es\/escuelas\/la-pintura-sienesa\/francesco-di-giorgio-martini\/","og_locale":"es_ES","og_type":"article","og_title":"Francesco di Giorgio Martini","og_description":"Francesco di Giorgio Martini, alumno de Vecchietta, termin\u00f3 su carrera como uno de los arquitectos, ingenieros y \"hombres universales\" m\u00e1s famosos del Quattrocento.","og_url":"https:\/\/www.aparences.net\/es\/escuelas\/la-pintura-sienesa\/francesco-di-giorgio-martini\/","og_site_name":"Aparences","article_published_time":"2009-02-22T10:46:05+00:00","article_modified_time":"2025-12-11T18:40:57+00:00","og_image":[{"width":1080,"height":540,"url":"https:\/\/www.aparences.net\/wp-content\/uploads\/2009\/02\/francesco-di-giorgio.webp","type":"image\/webp"}],"author":"admin","twitter_card":"summary_large_image","twitter_misc":{"Escrito por":"admin","Tiempo de lectura":"18 minutos"},"schema":{"@context":"https:\/\/schema.org","@graph":[{"@type":"Article","@id":"https:\/\/www.aparences.net\/es\/escuelas\/la-pintura-sienesa\/francesco-di-giorgio-martini\/#article","isPartOf":{"@id":"https:\/\/www.aparences.net\/es\/escuelas\/la-pintura-sienesa\/francesco-di-giorgio-martini\/"},"author":{"name":"admin","@id":"https:\/\/www.aparences.net\/es\/#\/schema\/person\/af349f6ffc31b16c68963e61268afca5"},"headline":"Francesco di Giorgio Martini","datePublished":"2009-02-22T10:46:05+00:00","dateModified":"2025-12-11T18:40:57+00:00","mainEntityOfPage":{"@id":"https:\/\/www.aparences.net\/es\/escuelas\/la-pintura-sienesa\/francesco-di-giorgio-martini\/"},"wordCount":2994,"publisher":{"@id":"https:\/\/www.aparences.net\/es\/#organization"},"image":{"@id":"https:\/\/www.aparences.net\/es\/escuelas\/la-pintura-sienesa\/francesco-di-giorgio-martini\/#primaryimage"},"thumbnailUrl":"https:\/\/www.aparences.net\/wp-content\/uploads\/2009\/02\/francesco-di-giorgio.webp","keywords":["escuela de Siena","Francesco di Giorgio","il Sodoma","Liberale da Verona"],"articleSection":["La pintura sienesa"],"inLanguage":"es"},{"@type":["WebPage","ItemPage"],"@id":"https:\/\/www.aparences.net\/es\/escuelas\/la-pintura-sienesa\/francesco-di-giorgio-martini\/","url":"https:\/\/www.aparences.net\/es\/escuelas\/la-pintura-sienesa\/francesco-di-giorgio-martini\/","name":"Francesco di Giorgio Martini","isPartOf":{"@id":"https:\/\/www.aparences.net\/es\/#website"},"primaryImageOfPage":{"@id":"https:\/\/www.aparences.net\/es\/escuelas\/la-pintura-sienesa\/francesco-di-giorgio-martini\/#primaryimage"},"image":{"@id":"https:\/\/www.aparences.net\/es\/escuelas\/la-pintura-sienesa\/francesco-di-giorgio-martini\/#primaryimage"},"thumbnailUrl":"https:\/\/www.aparences.net\/wp-content\/uploads\/2009\/02\/francesco-di-giorgio.webp","datePublished":"2009-02-22T10:46:05+00:00","dateModified":"2025-12-11T18:40:57+00:00","description":"Francesco di Giorgio Martini, alumno de Vecchietta, termin\u00f3 su carrera como uno de los arquitectos, ingenieros y \"hombres universales\" m\u00e1s famosos del Quattrocento.","breadcrumb":{"@id":"https:\/\/www.aparences.net\/es\/escuelas\/la-pintura-sienesa\/francesco-di-giorgio-martini\/#breadcrumb"},"inLanguage":"es","potentialAction":[{"@type":"ReadAction","target":["https:\/\/www.aparences.net\/es\/escuelas\/la-pintura-sienesa\/francesco-di-giorgio-martini\/"]}]},{"@type":"ImageObject","inLanguage":"es","@id":"https:\/\/www.aparences.net\/es\/escuelas\/la-pintura-sienesa\/francesco-di-giorgio-martini\/#primaryimage","url":"https:\/\/www.aparences.net\/wp-content\/uploads\/2009\/02\/francesco-di-giorgio.webp","contentUrl":"https:\/\/www.aparences.net\/wp-content\/uploads\/2009\/02\/francesco-di-giorgio.webp","width":1080,"height":540},{"@type":"BreadcrumbList","@id":"https:\/\/www.aparences.net\/es\/escuelas\/la-pintura-sienesa\/francesco-di-giorgio-martini\/#breadcrumb","itemListElement":[{"@type":"ListItem","position":1,"name":"Portada","item":"https:\/\/www.aparences.net\/es\/"},{"@type":"ListItem","position":2,"name":"Francesco di Giorgio Martini"}]},{"@type":"WebSite","@id":"https:\/\/www.aparences.net\/es\/#website","url":"https:\/\/www.aparences.net\/es\/","name":"Aparences: Historia del Arte y Actualidad Cultural","description":"","publisher":{"@id":"https:\/\/www.aparences.net\/es\/#organization"},"potentialAction":[{"@type":"SearchAction","target":{"@type":"EntryPoint","urlTemplate":"https:\/\/www.aparences.net\/es\/?s={search_term_string}"},"query-input":{"@type":"PropertyValueSpecification","valueRequired":true,"valueName":"search_term_string"}}],"inLanguage":"es"},{"@type":"Organization","@id":"https:\/\/www.aparences.net\/es\/#organization","name":"Aparences: Historia del Arte y Actualidad Cultural","url":"https:\/\/www.aparences.net\/es\/","logo":{"@type":"ImageObject","inLanguage":"es","@id":"https:\/\/www.aparences.net\/es\/#\/schema\/logo\/image\/","url":"https:\/\/www.aparences.net\/wp-content\/uploads\/2023\/09\/logo-quadrat-color-e1695915315229.png","contentUrl":"https:\/\/www.aparences.net\/wp-content\/uploads\/2023\/09\/logo-quadrat-color-e1695915315229.png","width":120,"height":120,"caption":"Aparences: Historia del Arte y Actualidad Cultural"},"image":{"@id":"https:\/\/www.aparences.net\/es\/#\/schema\/logo\/image\/"}},{"@type":"Person","@id":"https:\/\/www.aparences.net\/es\/#\/schema\/person\/af349f6ffc31b16c68963e61268afca5","name":"admin","url":"https:\/\/www.aparences.net\/es\/author\/admin\/"}]}},"_links":{"self":[{"href":"https:\/\/www.aparences.net\/es\/wp-json\/wp\/v2\/posts\/13082","targetHints":{"allow":["GET"]}}],"collection":[{"href":"https:\/\/www.aparences.net\/es\/wp-json\/wp\/v2\/posts"}],"about":[{"href":"https:\/\/www.aparences.net\/es\/wp-json\/wp\/v2\/types\/post"}],"author":[{"embeddable":true,"href":"https:\/\/www.aparences.net\/es\/wp-json\/wp\/v2\/users\/2"}],"replies":[{"embeddable":true,"href":"https:\/\/www.aparences.net\/es\/wp-json\/wp\/v2\/comments?post=13082"}],"version-history":[{"count":0,"href":"https:\/\/www.aparences.net\/es\/wp-json\/wp\/v2\/posts\/13082\/revisions"}],"wp:featuredmedia":[{"embeddable":true,"href":"https:\/\/www.aparences.net\/es\/wp-json\/wp\/v2\/media\/31774"}],"wp:attachment":[{"href":"https:\/\/www.aparences.net\/es\/wp-json\/wp\/v2\/media?parent=13082"}],"wp:term":[{"taxonomy":"category","embeddable":true,"href":"https:\/\/www.aparences.net\/es\/wp-json\/wp\/v2\/categories?post=13082"},{"taxonomy":"post_tag","embeddable":true,"href":"https:\/\/www.aparences.net\/es\/wp-json\/wp\/v2\/tags?post=13082"}],"curies":[{"name":"wp","href":"https:\/\/api.w.org\/{rel}","templated":true}]}}