{"id":13090,"date":"2009-02-25T19:52:24","date_gmt":"2009-02-25T17:52:24","guid":{"rendered":"https:\/\/www.aparences.net\/ecoles\/la-peinture-siennoise\/siena-despues-de-la-peste-negra-1348-1420\/"},"modified":"2025-12-11T19:40:57","modified_gmt":"2025-12-11T18:40:57","slug":"siena-despues-de-la-peste-negra-1348-1420","status":"publish","type":"post","link":"https:\/\/www.aparences.net\/es\/escuelas\/la-pintura-sienesa\/siena-despues-de-la-peste-negra-1348-1420\/","title":{"rendered":"Siena despu\u00e9s de la peste negra (1348-1420)"},"content":{"rendered":"<p><!--contents--><\/p>\n\n\n<h2 class=\"wp-block-heading\">La peste negra y el eco en el arte<\/h2>\n\n\n\n<p>Despu\u00e9s de un periodo de relativa calma con el gobierno de los Nueve, esta se interrumpi\u00f3 abruptamente con la aparici\u00f3n de la peste &#8211; llamada \u00abpeste negra\u00bb &#8211; que afect\u00f3 a buena parte de Europa, y en Siena mat\u00f3 a m\u00e1s de la mitad de la poblaci\u00f3n durante el verano de 1348. Los a\u00f1os que siguieron a la terrible epidemia fueron los m\u00e1s oscuros de la historia de Siena y Florencia, y tal vez de toda Europa. La peste negra de 1348 fue definida por los dem\u00f3grafos como \u00abuno de los sucesos m\u00e1s importantes en la historia de nuestro milenio\u00bb, a veces considerada \u00abm\u00e1s devastadora para la poblaci\u00f3n occidental que las grandes guerras del siglo XX\u00bb. La literatura de la \u00e9poca, como la pintura, est\u00e1 impregnada de un profundo pesimismo que va hasta la repulsi\u00f3n hacia la vida. A lo largo de la Edad Media, el pensamiento religioso hab\u00eda enfatizado la brevedad de la existencia y la certeza de la muerte, pero en ning\u00fan per\u00edodo no se tuvo una mayor conciencia de ello. Fue un tema tratado por los pintores tanto en los retablos como en los murales. Los efectos econ\u00f3micos de la plaga fueron igualmente devastadores: a medida que los impuestos aumentaban, el gobierno de los Nueve se hac\u00eda cada vez m\u00e1s impopular y, en 1355, Carlos IV, emperador del Sacro Imperio Romano &#8211; que se estableci\u00f3 en Siena y la ocup\u00f3 con un gran ej\u00e9rcito &#8211; suprimi\u00f3 su poder. Las obras del Duomo fueron abandonadas; seg\u00fan el cronista de Siena, <strong>Agnolo di Tura<\/strong>, fue debido \u00aba la falta de mano de obra de maestros y masones y a la melancol\u00eda y pena de los supervivientes\u00bb. Lo que es seguro es que el proyecto de repente parec\u00eda demasiado ambicioso, y los problemas relacionados con la construcci\u00f3n de la b\u00f3veda de la gran nave dif\u00edciles de resolver. No se ha podido identificar a ning\u00fan pintor formado por los <a href=\"https:\/\/www.aparences.net\/es\/escuelas\/la-pintura-sienesa\/siena-la-edad-de-oro-de-la-pintura\/\">hermanos Lorenzetti<\/a>. Se supone que todos sus colaboradores &#8211; la futura generaci\u00f3n de pintores de Siena &#8211; murieron casi al mismo tiempo que ellos en 1348 y <strong>Lippo Memmi <\/strong>fue el \u00fanico pintor que les sobrevivi\u00f3.<\/p>\n\n\n<div class=\"wp-block-image\">\n<figure class=\"aligncenter size-full\"><img loading=\"lazy\" decoding=\"async\" width=\"612\" height=\"400\" src=\"https:\/\/www.aparences.net\/wp-content\/uploads\/2024\/01\/barna_da_siena.webp\" alt=\"Crucifixi\u00f3n, Barna da Siena\" class=\"wp-image-31610\" title=\"Crucifixi\u00f3n, Barna da Siena\"\/><figcaption class=\"wp-element-caption\"><em><strong>Crucifixi\u00f3n<\/strong>, episodios del Nuevo Testamento, pintor an\u00f3nimo llamado Barna da Siena, <\/em><br><em>(San Gimignano, Colegiata)<\/em><\/figcaption><\/figure>\n<\/div>\n\n\n<p>A mediados del siglo XIV los grandes estilos que se hab\u00edan sucedido en el medio siglo anterior &#8211; los de <a href=\"https:\/\/www.aparences.net\/es\/escuelas\/la-pintura-sienesa\/duccio-di-bouninsegna\/\">Duccio<\/a>, <a href=\"https:\/\/www.aparences.net\/es\/escuelas\/la-pintura-sienesa\/siena-la-edad-de-oro-de-la-pintura\/#simone-martini\">Simone Martini<\/a>, <a href=\"https:\/\/www.aparences.net\/es\/periodos\/el-trecento\/el-trecento-en-siena\/#los-hermanos-lorenzetti-y-la-elaboraci%C3%B3n-del-lenguaje-\">Pietro y Ambrogio Lorenzetti<\/a> &#8211; presentan, en su diversidad, muchas similitudes y una visi\u00f3n com\u00fan. Su evoluci\u00f3n es bastante ordenada. Los pintores j\u00f3venes, en cada caso, desarrollaban algunos aspectos del estilo de su maestro. Pero alrededor de 1350, esta continuidad parece detenerse. Aunque la influencia de la tradici\u00f3n persiste, muchos elementos b\u00e1sicos son abandonados y otros se recomponen en diferentes combinaciones, completamente nuevas. Uno de los artistas activos en esa \u00e9poca, fue el pintor llamado <strong>Barna da Siena<\/strong>, casi de la talla de los grandes maestros de a\u00f1os anteriores; no se tiene ninguna noticia acerca de su vida. <strong>Ghiberti <\/strong>en sus <em>Comentarios<\/em> lo relaciona con los frescos de la Colegiata de San Gimignano, en torno a los cuales se ha podido reconstruir su obra. Artistas m\u00e1s j\u00f3venes como <strong>Bartolo di Fredi<\/strong>, <strong>Luca di Tomm\u00e9<\/strong>, <strong>Andrea Vanni<\/strong>, aunque menos dotados, crean formas espec\u00edficas muy similares entre s\u00ed y afines, aunque no influenciados, por sus <a href=\"https:\/\/www.aparences.net\/es\/periodos\/el-trecento\/el-trecento-en-florencia-giottino-y-la-suave-manera\/\">contempor\u00e1neos florentinos<\/a>.<\/p>\n\n\n<div class=\"wp-block-image\">\n<figure class=\"aligncenter size-full\"><img loading=\"lazy\" decoding=\"async\" width=\"467\" height=\"320\" src=\"https:\/\/www.aparences.net\/wp-content\/uploads\/2024\/01\/difredi_passage.webp\" alt=\"Cruzando el Mar Rojo, 1367, Bartolo di Fredi\" class=\"wp-image-31612\" title=\"Cruzando el Mar Rojo, 1367, Bartolo di Fredi\"\/><figcaption class=\"wp-element-caption\"><em><strong>Cruzando el Mar Rojo<\/strong>, 1367, <strong>Bartolo di Fredi<\/strong> (San Gimignano, Colegiata)<\/em><\/figcaption><\/figure>\n<\/div>\n\n\n<p><em>Este episodio de la Biblia tratado por Bartolo tuvo que conmover&nbsp; profundamente a sus contempor\u00e1neos y revolver amargos recuerdos de familias enteras desplazadas. La devastaci\u00f3n causada por la peste y las bandas de mercenarios, originaron los grandes movimientos migratorios de los habitantes de pueblos y aldeas a las ciudades, como en la historia de los jud\u00edos que huyeron de Egipto perseguidos por el ej\u00e9rcito del Fara\u00f3n, que fue tragado por el Mar Rojo. En 1362, unos a\u00f1os antes de ejecutar estos frescos, Bartolo di Fredi hab\u00eda redactado un informe para la Se\u00f1or\u00eda de Siena sobre los movimientos de bandas de merodeadores y bandidos por el territorio sien\u00e9s.<\/em><\/p>\n\n\n\n<!-- AdBoxRight2020 --><ins class=\"adsbygoogle\"     style=\"display:block; margin-top:30px;\"     data-ad-client=\"ca-pub-2468002815867636\"     data-ad-slot=\"3496014735\"     data-ad-format=\"auto\"     data-full-width-responsive=\"false\"><\/ins><script> (adsbygoogle = window.adsbygoogle || []).push({});<\/script><h2 class=\"wp-block-heading\">Bartolo di Fredi (Siena h. 1330-1410)<\/h2>\n\n\n\n<p>Entre los pintores de finales del siglo XIV de la escuela de Siena, el m\u00e1s destacado fue el ya nombrado <strong>Bartolo di Fredi<\/strong>. A lo largo de m\u00e1s de cincuenta a\u00f1os de actividad, realiz\u00f3 un gran n\u00famero de obras en las que despliega un vivaz y alegre tono narrativo en una atm\u00f3sfera fe\u00e9rica e incluso un poco ingenua, como en <em><strong>La Adoraci\u00f3n de los Reyes Magos<\/strong>, c<\/em>on sus corceles rebeldes de colores incre\u00edbles relinchando en el primer plano, y el fabuloso desfile de camellos, caballos, monos, perros, que atraviesa una Siena resplandeciente de m\u00e1rmoles. En el muro izquierdo de la colegiata de San Gimignano, Bartolo realiz\u00f3 un gran ciclo de frescos con episodios del Antiguo Testamento que data de 1367. <strong>Bartolo di Fredi<\/strong> dirigi\u00f3 un taller con <strong>Andrea Vanni<\/strong>, quien a su vez se vio influenciado por Simone Martini. Aunque el talento pict\u00f3rico de Bartolo di Fredi fue menor que el de <strong>Ambrogio<\/strong> o <strong>Pietro Lorenzetti<\/strong>, hay una l\u00f3gica y un prop\u00f3sito deliberado en sus infidelidades a las composiciones lorenzettianas del mismo tema, y esta actitud lo acerca a la pintura de <a href=\"https:\/\/www.aparences.net\/es\/periodos\/el-trecento\/el-trecento-en-florencia-giottino-y-la-suave-manera\/#andrea-di-cione,-llamado-orcagna\">Orcagna<\/a>, <a href=\"https:\/\/www.aparences.net\/es\/periodos\/el-trecento\/el-trecento-en-florencia-giottino-y-la-suave-manera\/#nardo-di-cione\">Nardo di Cione<\/a>, <a href=\"https:\/\/www.aparences.net\/es\/periodos\/el-trecento\/el-trecento-en-florencia-giottino-y-la-suave-manera\/\">Giovanni del Biondo<\/a>, y a la de varios maestros sieneses contempor\u00e1neos suyos. En la <em>Presentaci\u00f3n en el Templo<\/em> (Par\u00eds, Louvre), panel central de un retablo ejecutado en 1388 para la iglesia de San Agust\u00edn de San Gimignano, la composici\u00f3n est\u00e1 inspirada en un famoso ejemplo de la primera mitad del siglo XIV, <em><a href=\"https:\/\/www.aparences.net\/es\/periodos\/el-trecento\/el-trecento-en-siena\/#los-hermanos-lorenzetti-y-la-elaboraci%C3%B3n-del-lenguaje-\">La presentaci\u00f3n en el templo<\/a><\/em> de Ambrogio Lorenzetti (Florencia, Uffizi) fechado en 1342 y anteriormente en la catedral de Siena. Los colores de Bartolo, m\u00e1s saturados, contrastan de forma m\u00e1s fuerte; y los dorados, que nos recuerdan a Nardo di Cione han sido m\u00e1s ampliamente utilizados. Cualidades que hacen de Bartolo di Fredi el pintor sien\u00e9s m\u00e1s atractivo quiz\u00e1s de la segunda mitad del siglo XIV, y que desaparecen casi por completo en su hijo Andrea di Bartolo, cuya educaci\u00f3n paterna parece ahogada por una tendencia al academicismo debido a la influencia de Taddeo di Bartolo.<\/p>\n\n\n<div class=\"wp-block-image\">\n<figure class=\"aligncenter size-full\"><img loading=\"lazy\" decoding=\"async\" width=\"466\" height=\"317\" src=\"https:\/\/www.aparences.net\/wp-content\/uploads\/2024\/01\/bartolo-di-fredi-adoration-mages.webp\" alt=\"Adoraci\u00f3n de los Reyes Magos, 1367, Bartolo di Fredi\" class=\"wp-image-31614\" title=\"Adoraci\u00f3n de los Reyes Magos, 1367, Bartolo di Fredi\"\/><figcaption class=\"wp-element-caption\"><em><strong>Adoraci\u00f3n de los Reyes Magos<\/strong>, 1367, <strong>Bartolo di Fredi<\/strong> <\/em><br><em>(Siena, Pinacoteca Nazionale)<\/em><\/figcaption><\/figure>\n<\/div>\n\n\n<p><em>En esta tabla el pintor se deleita en los detalles lujosos como las vestimentas de las figuras y los arneses de los caballos. Adem\u00e1s, privilegia un estilo cortesano con figuras elegantes, galgos y animales ex\u00f3ticos. Transforma incluso el pesebre en una arquitectura en forma de templete. La Virgen, apretujada en la esquina inferior derecha, se ve acosada por la entusiasta multitud formada por los Reyes Magos y su s\u00e9quito. La escena se va animando a medida que se avanza hacia la izquierda, y culmina con la extraordinaria coreograf\u00eda de camellos y caballos relinchando que el palafrenero apenas consigue mantener quietos&nbsp; &#8211; un perro rojo c\u00f3micamente al acecho debajo de sus cascos.<\/em><\/p>\n\n\n<div class=\"wp-block-image\">\n<figure class=\"aligncenter size-full\"><img loading=\"lazy\" decoding=\"async\" width=\"394\" height=\"346\" src=\"https:\/\/www.aparences.net\/wp-content\/uploads\/2024\/01\/difredi-adoration.webp\" alt=\"Adoraci\u00f3n de los Magos, Bartolo di Fredi\" class=\"wp-image-31617\" title=\"Adoraci\u00f3n de los Magos, Bartolo di Fredi\"\/><\/figure>\n<\/div>\n\n\n<p><em>En el paisaje de rocas de color verde oliva en la parte superior se ha representado la comitiva de los Magos, un grupo de figuras diminutas que se abren paso a trav\u00e9s de las monta\u00f1as, entran por una de las puertas de la ciudad amurallada y salen por la otra.<\/em><\/p>\n\n\n<div class=\"wp-block-image\">\n<figure class=\"aligncenter size-full\"><img loading=\"lazy\" decoding=\"async\" width=\"629\" height=\"181\" src=\"https:\/\/www.aparences.net\/wp-content\/uploads\/2024\/01\/difredi_adoration.webp\" alt=\"Adoraci\u00f3n de los Magos, Bartolo di Fredi\" class=\"wp-image-31619\" title=\"Adoraci\u00f3n de los Magos, Bartolo di Fredi\"\/><\/figure>\n<\/div>\n\n\n<p><em>Con su catedral de m\u00e1rmol blanco y negro elev\u00e1ndose por encima de los muros color tierra de Siena, esta Jerusal\u00e9n representada por Bartolo es, sin duda, una nueva versi\u00f3n de la imagen c\u00edvica de Siena.<\/em><\/p>\n\n\n<div class=\"wp-block-image\">\n<figure class=\"aligncenter size-full\"><img loading=\"lazy\" decoding=\"async\" width=\"559\" height=\"399\" src=\"https:\/\/www.aparences.net\/wp-content\/uploads\/2024\/01\/bartolo_di_fredi-1.webp\" alt=\"Terremoto en casa de Job, Bartolo di Fredi\" class=\"wp-image-31650\" title=\"Terremoto en casa de Job, Bartolo di Fredi\"\/><figcaption class=\"wp-element-caption\"><em><strong>Terremoto en casa deJob<\/strong>, 1367, <strong>Bartolo di Fredi<\/strong> <\/em><br><em>(San Gimignano, Colegiata)<\/em><\/figcaption><\/figure>\n<\/div>\n\n\n<p>Por su parte, <strong>Lippo Vanni<\/strong>, cuya actividad est\u00e1 documentada entre 1341 y 1375, fue particularmente sensible a la influencia de Pietro Lorenzetti. No s\u00f3lo era un muy buen miniaturista, sino tambi\u00e9n un prol\u00edfico pintor de pinturas sobre tabla y frescos. Su mural m\u00e1s c\u00e9lebre, en gran parte debido al lugar donde se encuentra, es la obra monocroma con la <em>Batalla de Val di Chiana<\/em> en la Sala del Mapamundi del Palacio P\u00fablico. En cambio, el ciclo con los episodios de la vida de la Virgen, pintado al fresco en la iglesia de San Leonardo al Lago, cerca de Siena, es considerada su obra maestra. Hacia 1370, <strong>Lippo Vanni<\/strong> pinta otro mural para la misma iglesia, una <em><strong>Anunciaci\u00f3n<\/strong><\/em> situada en el coro. El pintor utiliza la ventana real de la iglesia como fuente de luz: el vano central del edificio pintado se corresponde con el vano real de la iglesia.<\/p>\n\n\n<div class=\"wp-block-image\">\n<figure class=\"aligncenter size-full\"><img loading=\"lazy\" decoding=\"async\" width=\"328\" height=\"344\" src=\"https:\/\/www.aparences.net\/wp-content\/uploads\/2024\/01\/lippo_vanni_annonciation.webp\" alt=\"Anunciaci\u00f3n, h. 1360-1370, Lippo Vanni\" class=\"wp-image-31623\" title=\"Anunciaci\u00f3n, h. 1360-1370, Lippo Vanni\"\/><figcaption class=\"wp-element-caption\"><em><strong>Anunciaci\u00f3n<\/strong>, h. 1360-1370, <strong>Lippo Vanni<\/strong> <\/em><br><em>(Siena, San Leonardo al Lago) <\/em><\/figcaption><\/figure>\n<\/div>\n\n\n<p><em>Realizada en la iglesia del convento de ermita\u00f1os de San Agust\u00edn, esta Anunciaci\u00f3n muestra la fuerza de la tradici\u00f3n sienesa que pone este episodio sagrado en el lugar de honor; pero tambi\u00e9n muestra la capacidad de renovaci\u00f3n y de investigaci\u00f3n de la escuela local, poniendo la pintura al servicio de la arquitectura utilizando el vano real de la pared. Ambrogio Lorenzetti ya hab\u00eda tenido la misma idea, pero Vanni le da un nuevo significado a trav\u00e9s del uso sistem\u00e1tico de una red geom\u00e9trica.<\/em><\/p>\n\n\n\n<!-- AdBoxLeft2023 --><ins class=\"adsbygoogle\" style=\"display:block\" data-ad-client=\"ca-pub-2468002815867636\" data-ad-slot=\"1318022963\" data-ad-format=\"auto\" data-full-width-responsive=\"true\"><\/ins><script> (adsbygoogle = window.adsbygoogle || []).push({});<\/script><h2 class=\"wp-block-heading\">Paolo di Giovanni Fei (1340-1411 a Siena)<\/h2>\n\n\n\n<p>A <strong>Paolo di Giovanni Fei<\/strong> se le confunde a menudo con <strong>Francesco di Vannuccio<\/strong>, y al mismo tiempo se piensa que fue alumno de <strong>Andrea Vanni<\/strong>, que era el socio de <strong>Vannuccio<\/strong>. Habr\u00eda ostentado cargos p\u00fablicos en Siena en 1369 y fue mencionado por primera vez en el registro de los pintores de la ciudad en 1389. Est\u00e1 documentado entre 1395 y 1410 trabajando en la catedral de Siena. Entre sus obras, la m\u00e1s famosa es <em><strong>El nacimiento de la Virgen<\/strong><\/em> de la Pinacoteca de Siena, obra donde retoma con br\u00edo el car\u00e1cter anecd\u00f3tico como la vestimenta y el mobiliario del mismo tema ya tratado <a href=\"https:\/\/www.aparences.net\/es\/escuelas\/la-pintura-sienesa\/siena-la-edad-de-oro-de-la-pintura\/#pietro-lorenzetti\">en 1342 por Pietro Lorenzetti<\/a>. <em><strong>La Presentaci\u00f3n de la Virgen<\/strong><\/em> (Washington, National Gallery) muestra la influencia de los <strong>hermanos Lorenzetti<\/strong>, de <strong>Bartolo di Fredi<\/strong> y <strong>Simone Martini<\/strong>. Como lo afirma <strong>Bellosi<\/strong>, se trata de \u00abla obra m\u00e1s importante que los pintores sieneses pudieron ofrecer entre finales del <a href=\"https:\/\/www.aparences.net\/es\/periodos\/el-trecento\/\">Trecento<\/a> y principios del <a href=\"https:\/\/www.aparences.net\/es\/periodos\/el-quattrocento\/\">Quattrocento<\/a>.\u00bb Sus obras se caracterizan por el dominio del color en lugar de un ilusionismo espacial razonable. A menudo adopta motivos de los primeros artistas toscanos, como el detalle del ni\u00f1o Jes\u00fas cogi\u00e9ndose el pie.<\/p>\n\n\n<div class=\"wp-block-image\">\n<figure class=\"aligncenter size-full is-resized\"><img loading=\"lazy\" decoding=\"async\" width=\"598\" height=\"398\" src=\"https:\/\/www.aparences.net\/wp-content\/uploads\/2024\/01\/paolo_di_giovanni_fei.webp\" alt=\"Nacimiento de la Virgen, Paolo di Giovanni Fei\" class=\"wp-image-31625\" style=\"width:598px;height:auto\" title=\"Nacimiento de la Virgen, Paolo di Giovanni Fei\"\/><figcaption class=\"wp-element-caption\"><em><strong>Nacimiento de la Virgen<\/strong>, 1380, <strong>Paolo di Giovanni Fei<\/strong> (Siena, Pinacoteca Nazionale)<\/em><\/figcaption><\/figure>\n<\/div>\n\n\n<p><em>En este retablo podemos ver como Paolo sabe amalgamar las sugerencias relativas al espacio de Pietro Lorenzetti y el repertorio de figuras, lugares y gestos propios de Simone Martini. Aunque acertado, el resultado aparece como la transposici\u00f3n al lenguaje cotidiano, casi anecd\u00f3tico, de la gravedad ponderada expresada por Lorenzetti en la tabla sobre el mismo tema que pint\u00f3 para el Duomo, trabajo que ha inspirado obviamente a Fei.<\/em><\/p>\n\n\n<div class=\"wp-block-image\">\n<figure class=\"aligncenter size-full\"><img loading=\"lazy\" decoding=\"async\" width=\"368\" height=\"298\" src=\"https:\/\/www.aparences.net\/wp-content\/uploads\/2024\/01\/digiovanni_present.webp\" alt=\"La Presentaci\u00f3n de la Virgen en el templo , Paolo di Giovanni Fei\" class=\"wp-image-31627\" title=\"La Presentaci\u00f3n de la Virgen en el templo , Paolo di Giovanni Fei\"\/><\/figure>\n<\/div>\n\n<div class=\"wp-block-image\">\n<figure class=\"aligncenter size-full\"><img loading=\"lazy\" decoding=\"async\" width=\"476\" height=\"320\" src=\"https:\/\/www.aparences.net\/wp-content\/uploads\/2024\/01\/digiovanni_present_detail.webp\" alt=\"Presentaci\u00f3n de la Virgen, Paolo di Giovanni Fei\" class=\"wp-image-31629\" title=\"Presentaci\u00f3n de la Virgen, Paolo di Giovanni Fei\"\/><figcaption class=\"wp-element-caption\"><em><strong>La Presentaci\u00f3n de la Virgen en el templo<\/strong>, h. 1400, <strong>Paolo di Giovanni Fei<\/strong> (Washington, National Gallery)<\/em><\/figcaption><\/figure>\n<\/div>\n\n\n<p class=\"has-text-align-left\"><em>Se trata probablemente de la tabla central de un pol\u00edptico encargado a Giovanni Fei en 1398, para la capilla de San Pedro de la catedral de Siena.<\/em> <em>Esta obra toma como referencia otro gran modelo en el que los artistas se basan a menudo, la Presentaci\u00f3n en el templo firmada y fechada en 1342 por <strong>Ambrogio Lorenzetti<\/strong>.<\/em><\/p>\n\n\n\n<h2 class=\"wp-block-heading\">Taddeo di Bartolo (Siena h. 1362 &#8211; h. 1422)<\/h2>\n\n\n\n<p>El principal pintor de la generaci\u00f3n siguiente, <strong>Taddeo di Bartolo<\/strong>, jug\u00f3 un papel clave en la difusi\u00f3n de la pintura de Siena en otras regiones, ya que tambi\u00e9n trabaj\u00f3 en Liguria, Umbr\u00eda, Pisa y Volterra. Alrededor de 1398 regres\u00f3 a Pisa y G\u00e9nova para realizar un gran retablo con un tema tambi\u00e9n muy sien\u00e9s &#8211; el de la Asunci\u00f3n &#8211; encargado por la ciudad de Montepulciano, que entonces se disputaban Siena y Florencia. En uno de los m\u00e1s grandes pol\u00edpticos jam\u00e1s realizados, Taddeo busca combinar la Asunci\u00f3n con la Anunciaci\u00f3n y la Coronaci\u00f3n. El tema de la Asunci\u00f3n fue probablemente elegido para afirmar los derechos de Siena sobre Montepulciano. Sin embargo, en 1401, cuando Taddeo ya hab\u00eda acabado el retablo, Siena hab\u00eda ca\u00eddo en manos de <a href=\"https:\/\/www.aparences.net\/es\/arte-y-mecenazgo\/el-ducado-de-milan\/milan-en-la-epoca-de-los-visconti\/\">los Visconti<\/a> y Montepulciano deb\u00eda lealtad a Florencia. Despu\u00e9s de la muerte repentina de <strong>Giangaleazzo Visconti<\/strong> en 1404 Siena recuper\u00f3 su independencia. Un nuevo gobierno republicano lanz\u00f3 entonces una vasta campa\u00f1a de rehabilitaci\u00f3n. En la capilla de los Nueve del Palazzo Pubblico, Taddeo cre\u00f3 un complejo ciclo de frescos sobre la vida y muerte de la Virgen, y otros que decoran la sala adyacente a esta capilla: se trata de una representaci\u00f3n con&nbsp;<em>tituli<\/em> en lat\u00edn y varias inscripciones en lengua vern\u00e1cula de las virtudes, y una serie de hombres famosos de la antig\u00fcedad (Arist\u00f3teles, Cicer\u00f3n, Cat\u00f3n de Utica, C\u00e9sar, Escipi\u00f3n) que encarnaban los valores c\u00edvicos, cuya presencia en la sede del gobierno municipal deb\u00eda servir de advertencia y ejemplo a sus miembros. En la misma \u00e9poca (1408) otra sala del palacio, llamada Sala dei Priori o Sala della Balia, fue totalmente pintada al fresco por un entonces desconocido <strong>Spinello Aretino<\/strong>, quien, con la ayuda de su hijo Parri, relat\u00f3 episodios de la vida de del papa sien\u00e9s Alejandro III (elegido pont\u00edfice en 1159 ) y una <em><strong>Batalla Naval<\/strong><\/em> que representa la guerra de <strong>Federico Barbarroja<\/strong> contra Venecia.<\/p>\n\n\n<div class=\"wp-block-image\">\n<figure class=\"aligncenter size-full\"><img loading=\"lazy\" decoding=\"async\" width=\"460\" height=\"327\" src=\"https:\/\/www.aparences.net\/wp-content\/uploads\/2024\/01\/dibartolo_hommes.webp\" alt=\"icer\u00f3n, Cat\u00f3n de Utica, Escipi\u00f3n, fresco, h. 1408, Taddeo di Bartolo\" class=\"wp-image-31633\" title=\"icer\u00f3n, Cat\u00f3n de Utica, Escipi\u00f3n, fresco, h. 1408, Taddeo di Bartolo\"\/><figcaption class=\"wp-element-caption\"><em><strong>Cicer\u00f3n, Cat\u00f3n de Utica, Escipi\u00f3n<\/strong>, fresco, h. 1408, <strong>Taddeo di Bartolo<\/strong> (Siena, Palazzo Pubblico)<\/em><\/figcaption><\/figure>\n<\/div>\n\n<div class=\"wp-block-image\">\n<figure class=\"aligncenter size-full\"><img loading=\"lazy\" decoding=\"async\" width=\"271\" height=\"400\" src=\"https:\/\/www.aparences.net\/wp-content\/uploads\/2024\/01\/dibartolo_saints.webp\" alt=\"Asunci\u00f3n de la Virgen, detalles, h. 1398-1401, Taddeo di Bartolo, Montepulciano\" class=\"wp-image-31635\" title=\"Asunci\u00f3n de la Virgen, detalles, h. 1398-1401, Taddeo di Bartolo, Montepulciano\"\/><\/figure>\n<\/div>\n\n<div class=\"wp-block-image\">\n<figure class=\"aligncenter size-full\"><img loading=\"lazy\" decoding=\"async\" width=\"492\" height=\"254\" src=\"https:\/\/www.aparences.net\/wp-content\/uploads\/2024\/01\/dibartolo_saint_detail.webp\" alt=\"Asunci\u00f3n de la Virgen, h. 1398-1401, Taddeo di Bartolo\" class=\"wp-image-31637\" title=\"Asunci\u00f3n de la Virgen, h. 1398-1401, Taddeo di Bartolo\"\/><figcaption class=\"wp-element-caption\"><em><em><strong>Asunci\u00f3n de la Virgen<\/strong>, detalles, h. 1398-1401, <strong>Taddeo di Bartolo<\/strong> (Montepulciano, Catedral)<\/em><\/em><\/figcaption><\/figure>\n<\/div>\n\n\n<p><em><em>Esta obra fue encargada por la ciudad de Montepulciano, que m\u00e1s tarde se disputaron Siena y Florencia.&nbsp; Arriba, a la derecha, santa Antilia, patrona de Montepulciano, sostiene una representaci\u00f3n en miniatura de su ciudad fortificada; un cercado que conduce a una de las puertas de la ciudad se enrolla alrededor de su mu\u00f1eca como un brazalete.<\/em>La Asunci\u00f3n de la Virgen se hab\u00eda convertido en una de las festividades m\u00e1s importantes desde que el Hospital de Siena, abrumado por las donaciones de v\u00edctimas de la peste, adquiri\u00f3 en Bizancio en 1359, un trozo del velo que la Virgen habr\u00eda dejado caer en su ascensi\u00f3n al cielo.<\/em><\/p>\n\n\n<div class=\"wp-block-image\">\n<figure class=\"aligncenter size-full\"><img loading=\"lazy\" decoding=\"async\" width=\"267\" height=\"370\" src=\"https:\/\/www.aparences.net\/wp-content\/uploads\/2024\/01\/dibartolo.webp\" alt=\"Asunci\u00f3n de la Virgen, autorretrato de Taddeo di Bartolo Taddeo di Bartolo, Montepulciano\" class=\"wp-image-31639\" title=\"Asunci\u00f3n de la Virgen, autorretrato de Taddeo di Bartolo Taddeo di Bartolo, Montepulciano\"\/><\/figure>\n<\/div>\n\n\n<p><em>Con los cambios de escala y su espacio discontinuo, el pol\u00edptico de Taddeo es dif\u00edcil de leer. Sin embargo, en el panel central, la mirada del espectador es atra\u00edda, entre los ap\u00f3stoles reunidos alrededor de la tumba, por la cara de un hombre que lo mira directamente a los ojos. En su aureola se ha inscrito el nombre de \u00ab&nbsp;san Tadeo&nbsp;\u00bb, trat\u00e1ndose probablemente de un autorretrato del pintor, uno de los primeros autorretratos que han llegado hasta nosotros: podemos considerarlo como el arquetipo del pintor renacentista, consciente de su superioridad frente a un maestro artesano de provincia.<\/em><\/p>\n\n\n<div class=\"wp-block-image\">\n<figure class=\"aligncenter size-full\"><img loading=\"lazy\" decoding=\"async\" width=\"500\" height=\"332\" src=\"https:\/\/www.aparences.net\/wp-content\/uploads\/2024\/01\/spinello_bataille.webp\" alt=\"Batalla naval, 1352-1410, Spinello Aretino\" class=\"wp-image-31641\" title=\"Batalla naval, 1352-1410, Spinello Aretino\"\/><figcaption class=\"wp-element-caption\"><em><strong>Batalla naval<\/strong>, fresco, 1352-1410, <strong>Spinello Aretino<\/strong> <\/em><br><em>(Siena, Palazzo Pubblico, Sala della Balia) <\/em><\/figcaption><\/figure>\n<\/div>\n\n\n<p><em>La Sala lleva el nombre de una magistratura de la Rep\u00fablica, y contiene los frescos que Spinello di Luca d&#8217;Arezzo pint\u00f3 entre 1405 y 1407 que representan una serie de episodios en honor del Papa Alejandro III&nbsp;(1159-1181) alma de la Liga Lombarda y el vencedor del emperador Barbarroja. Este papa era originario de una familia de Siena, los Bandini Paparoni.<\/em><\/p>\n\n\n\n<!-- AfterArticle2023 --><ins class=\"adsbygoogle\"     style=\"display:block;margin-bottom:5px;\"     data-ad-client=\"ca-pub-2468002815867636\"     data-ad-slot=\"3955176166\"     data-ad-format=\"auto\"     data-full-width-responsive=\"true\"><\/ins><script> (adsbygoogle = window.adsbygoogle || []).push({});<\/script><h2 class=\"wp-block-heading\">Sano di Pietro y los santos sieneses<\/h2>\n\n\n\n<p>Los pintores que surgieron en la d\u00e9cada de 1420 reanudaron muchos aspectos de la tradici\u00f3n de principios del Trecento, pero su pintura carece de la fuerza realista o profana de <strong>Ambrogio Lorenzetti<\/strong> y de la est\u00e9tica de <a href=\"https:\/\/www.aparences.net\/es\/escuelas\/la-pintura-sienesa\/siena-la-edad-de-oro-de-la-pintura\/\">los Nueve<\/a>. Los reformadores religiosos que se sucedieron en Siena hab\u00edan dado forma a un nuevo clima art\u00edstico, m\u00e1s febril, menos seguro. La ca\u00edda de los Nueve en 1355 coincidi\u00f3 con la dram\u00e1tica conversi\u00f3n del rico mercader <strong>Giovanni Colombini<\/strong>. Habiendo renunciado a todas sus posesiones, realizaba humildes tareas en el Palacio P\u00fablico y pidi\u00f3 que para expiar sus antiguas malversaciones fuera flagelado en p\u00fablico. Finalmente, \u00e9l y sus molestos adeptos fueron expulsados de la ciudad y fundaron la orden de los Gesuati. Cuando la peste golpe\u00f3 de nuevo en 1363 se les hizo volver a la ciudad y desde entonces su regla fue reconocida oficialmente. En su primera obra maestra, el <em>Polittico dei Gesuati<\/em> <strong>Sano di Pietro<\/strong> (1406-1481) representa a <strong>Giovanni Colombini<\/strong>, fundador de los Gesuati, de rodillas a los pies de la Virgen. Otra figura destacada fue <strong>Bernardino de Siena<\/strong> (1380-1444) fraile del convento de la Observancia y uno de los predicadores m\u00e1s influyentes de principios del siglo XV. Mientras san Francisco de As\u00eds era aclamado como un \u00absegundo Cristo\u00bb Bernardino de Siena era aclamado como un \u00absegundo Francisco\u00bb. En 1427, en su serm\u00f3n de Cuaresma en la Piazza del Campo, hizo claramente alusi\u00f3n a los <a href=\"https:\/\/www.aparences.net\/es\/arte-y-mecenazgo\/los-fresquistas-florentinos\/frescos-de-siena-simone-martini-y-los-hermanos-lorenzetti\/\">frescos de Ambrogio Lorenzetti<\/a>. Para Bernardino, los frescos pintados por Ambrogio casi un siglo atr\u00e1s eran claves para entender el presente. Algunos historiadores ven a Bernardino como un \u00abpromotor\u00bb de la pintura del <a href=\"https:\/\/www.aparences.net\/es\/periodos\/el-trecento\/\">Trecento<\/a> y consideran que en los \u00faltimos veinte a\u00f1os de su vida fue la persona que m\u00e1s influy\u00f3 en la vida art\u00edstica de Siena. A trav\u00e9s de reformadores como Colombini, <strong>Catalina de Siena<\/strong> y Bernardino &#8211; cada uno representado al menos una vez en un gran retablo &#8211; los pintores sieneses son llevados a una cultura de la penitencia l\u00edrica. Con Bernardino, en particular, la figura del hombre santo se adereza con una intimidad tan familiar, que resurgir\u00e1 en la m\u00e1s extraordinaria obra sienesa del siglo XV: el ciclo dedicado a la <a href=\"https:\/\/www.aparences.net\/es\/escuelas\/la-pintura-sienesa\/el-quattrocento-en-siena-sassetta\/\">vida de san Francisco de Sassetta<\/a>.<\/p>\n\n\n<div class=\"wp-block-image\">\n<figure class=\"aligncenter size-full\"><img loading=\"lazy\" decoding=\"async\" width=\"460\" height=\"298\" src=\"https:\/\/www.aparences.net\/wp-content\/uploads\/2024\/01\/sano_bienheur.webp\" alt=\"Pol\u00edptico de los Gesuati, 1444, Sano di Pietro\" class=\"wp-image-31653\" title=\"Pol\u00edptico de los Gesuati, 1444, Sano di Pietro\"\/><figcaption class=\"wp-element-caption\"><em><strong>Pol\u00edptico de los Gesuati, <\/strong>1444, <strong>Sano di Pietro<\/strong> (Siena, Pinacoteca)<\/em><\/figcaption><\/figure>\n<\/div>\n\n\n<p><em>Se trata de la primera obra conocida de Sano di Pietro, trasladada desde el convento de San Jer\u00f3nimo a la Pinacoteca de Siena. La pintura est\u00e1 firmada y fechada en 1444 y antes de esta fecha no se posee ninguna informaci\u00f3n sobre este pintor. Fiel seguidor de la gran tradici\u00f3n sienesa, se interesa poco por la nueva cultura florentina y repite, a veces hasta el cansancio, los c\u00e1nones pict\u00f3ricos s\u00f3lidamente establecidos. Sin embargo, una vena narrativa muy fresca viene a compensar la monoton\u00eda general de su obra en predelas y miniaturas, as\u00ed como en las escenas donde se representa la cr\u00f3nica de la ciudad, como en la Predicaci\u00f3n de San Bernardino en la Plaza San Francisco o la Predicaci\u00f3n de San Bernardino en la Piazza del Campo.<\/em><\/p>\n\n\n<div class=\"wp-block-image\">\n<figure class=\"aligncenter size-full\"><img loading=\"lazy\" decoding=\"async\" width=\"212\" height=\"400\" src=\"https:\/\/www.aparences.net\/wp-content\/uploads\/2024\/01\/sano_di_pietro.webp\" alt=\"San Bernardino y santa Catalina, 1450, Sano di Pietro\" class=\"wp-image-31645\" title=\"San Bernardino y santa Catalina, 1450, Sano di Pietro\"\/><figcaption class=\"wp-element-caption\"><em><strong>San Bernardino y santa Catalina<\/strong>, h. 1450, <strong>Sano di Pietro<\/strong>,<\/em><br><em> (Siena, Pinacoteca) <\/em><\/figcaption><\/figure>\n<\/div>\n\n\n<p><em><strong>Santa Catalina de Siena<\/strong> (1347-1380) fue tambi\u00e9n una reformadora. Perteneciente a la orden de los dominicos, tom\u00f3 la cabeza de un grupo que valientemente ayudaba a las v\u00edctimas de la nueva peste de 1374. Poco despu\u00e9s, fue convocada a Florencia para ser juzgado por herej\u00eda. Exculpada, se fij\u00f3 como objetivo convencer al Papa de que dejara Avi\u00f1\u00f3n y regresara a Roma. Un d\u00eda de 1380, mientras estaba orando en Roma, bajo la famosa Navicella de Giotto, durante una visi\u00f3n se siente aplastada por el peso de la nave sobre sus hombros, suceso del que nunca se recuper\u00f3. Figura demasiado molesta para ser f\u00e1cilmente incorporada a la letan\u00eda de los santos, no fue canonizada hasta 1461 gracias a la intervenci\u00f3n del papa sien\u00e9s P\u00edo II Piccolomini.<\/em><\/p>\n\n\n<div class=\"wp-block-image\">\n<figure class=\"aligncenter size-full\"><img loading=\"lazy\" decoding=\"async\" width=\"550\" height=\"326\" src=\"https:\/\/www.aparences.net\/wp-content\/uploads\/2024\/01\/sano_bernardin.webp\" alt=\"Milagro de la mujer paral\u00edtica, 1470, Sano di Pietro, Siena\" class=\"wp-image-31647\" title=\"Milagro de la mujer paral\u00edtica, 1470, Sano di Pietro, Siena\"\/><figcaption class=\"wp-element-caption\"><em><strong>Milagro de la mujer paral\u00edtica<\/strong>, 1470, <strong>Sano di Pietro <\/strong>(Siena, colecci\u00f3n privada)<\/em><\/figcaption><\/figure>\n<\/div>\n\n\n<p><em>Esta pintura &#8211; y otros dos paneles &#8211; pertenec\u00edan a una predela que representa los milagros p\u00f3stumos de san Bernardino. El milagro representado en este panel ocurri\u00f3 el 22 de mayo de 1450, una semana despu\u00e9s de la canonizaci\u00f3n del santo por el papa Nicol\u00e1s V. Representa a una mujer paral\u00edtica llamada Perna y esposa de un ciudadano de Aquila, Matteo Petrucci, siendo asistida despu\u00e9s de haberse acercado al cad\u00e1ver de san Bernardino: su cuerpo hab\u00eda sido retirado del ata\u00fad por los habitantes de Aquila y casi intacto, fue expuesto en la iglesia para ser venerado seis a\u00f1os despu\u00e9s de la muerte del santo en el convento franciscano de Aquila el 20 de mayo de 1444.<\/em><\/p>\n\n\n<div class=\"wp-block-image\">\n<figure class=\"aligncenter size-full\"><img loading=\"lazy\" decoding=\"async\" width=\"514\" height=\"399\" src=\"https:\/\/www.aparences.net\/wp-content\/uploads\/2024\/01\/sano-di-pietro-predication-saint-bernardin.webp\" alt=\"Predicaci\u00f3nes de san Bernardino en la Piazza del Campo\u00a0 y en la Piazza San Francesco, 1444-1450, Sano di Pietro\" class=\"wp-image-31649\"\/><figcaption class=\"wp-element-caption\"><em><strong>Predicaci\u00f3nes de san Bernardino <\/strong>en la Piazza del Campo&nbsp; y en la Piazza San Francesco, 1444-1450, <strong>Sano di Pietro<\/strong>, (Siena, Museo dell&#8217;Opera del Duomo)<\/em><\/figcaption><\/figure>\n<\/div>\n\n\n<p><em>Sano di Pietro nombrado icon\u00f3grafo de san Bernardino realiz\u00f3 estos paneles que constituyen un valioso documento sobre la historia de Siena: se trata de los sermones que el santo pronunci\u00f3 en los a\u00f1os 1420-1430 en la ciudad. Las tablas nos permiten descubrir la arquitectura de Siena durante la primera mitad del siglo XV. El valor hist\u00f3rico prueba el papel fundamental que el hermano de Siena jug\u00f3 en el contexto pol\u00edtico y religioso de la \u00e9poca, pero son las vistas arquitect\u00f3nicas de los dos lugares en los que el acontecimiento hist\u00f3rico tuvo lugar que dominan la escena. As\u00ed, es posible admirar el Palazzo Pubblico, tal como aparec\u00eda en el siglo XV o la fachada original de la iglesia de San Francesco con el ornamento de m\u00e1rmol blanco y negro.<\/em><\/p>\n","protected":false},"excerpt":{"rendered":"<p>Los a\u00f1os que siguieron a la peste negra de 1348 fueron los m\u00e1s tristes de la historia de Siena. La pintura de la \u00e9poca revela un profundo pesimismo.<\/p>\n","protected":false},"author":2,"featured_media":31608,"comment_status":"closed","ping_status":"closed","sticky":false,"template":"","format":"standard","meta":{"footnotes":""},"categories":[2326],"tags":[4866,2410,4867,4868,4870,4869],"class_list":["post-13090","post","type-post","status-publish","format-standard","has-post-thumbnail","hentry","category-la-pintura-sienesa","tag-bartolo-di-fredi-2","tag-escuela-de-siena","tag-lippo-vanni","tag-paolo-di-giovanni-fei-2","tag-sano-di-pietro-2","tag-taddeo-di-bartolo-2"],"yoast_head":"<!-- This site is optimized with the Yoast SEO plugin v27.2 - https:\/\/yoast.com\/product\/yoast-seo-wordpress\/ -->\n<title>Siena despu\u00e9s de la peste negra (1348-1420)<\/title>\n<meta name=\"description\" content=\"Los a\u00f1os que siguieron a la peste negra de 1348 fueron los m\u00e1s tristes de la historia de Siena. La pintura de la \u00e9poca revela un profundo pesimismo.\" \/>\n<meta name=\"robots\" content=\"index, follow, max-snippet:-1, max-image-preview:large, max-video-preview:-1\" \/>\n<link rel=\"canonical\" href=\"https:\/\/www.aparences.net\/es\/escuelas\/la-pintura-sienesa\/siena-despues-de-la-peste-negra-1348-1420\/\" \/>\n<meta property=\"og:locale\" content=\"es_ES\" \/>\n<meta property=\"og:type\" content=\"article\" \/>\n<meta property=\"og:title\" content=\"Siena despu\u00e9s de la peste negra (1348-1420)\" \/>\n<meta property=\"og:description\" content=\"Los a\u00f1os que siguieron a la peste negra de 1348 fueron los m\u00e1s tristes de la historia de Siena. La pintura de la \u00e9poca revela un profundo pesimismo.\" \/>\n<meta property=\"og:url\" content=\"https:\/\/www.aparences.net\/es\/escuelas\/la-pintura-sienesa\/siena-despues-de-la-peste-negra-1348-1420\/\" \/>\n<meta property=\"og:site_name\" content=\"Aparences\" \/>\n<meta property=\"article:published_time\" content=\"2009-02-25T17:52:24+00:00\" \/>\n<meta property=\"article:modified_time\" content=\"2025-12-11T18:40:57+00:00\" \/>\n<meta property=\"og:image\" content=\"https:\/\/www.aparences.net\/wp-content\/uploads\/2009\/02\/sienne-apres-la-peste-noire-.webp\" \/>\n\t<meta property=\"og:image:width\" content=\"1080\" \/>\n\t<meta property=\"og:image:height\" content=\"540\" \/>\n\t<meta property=\"og:image:type\" content=\"image\/webp\" \/>\n<meta name=\"author\" content=\"admin\" \/>\n<meta name=\"twitter:card\" content=\"summary_large_image\" \/>\n<meta name=\"twitter:label1\" content=\"Escrito por\" \/>\n\t<meta name=\"twitter:data1\" content=\"admin\" \/>\n\t<meta name=\"twitter:label2\" content=\"Tiempo de lectura\" \/>\n\t<meta name=\"twitter:data2\" content=\"20 minutos\" \/>\n<script type=\"application\/ld+json\" class=\"yoast-schema-graph\">{\"@context\":\"https:\/\/schema.org\",\"@graph\":[{\"@type\":\"Article\",\"@id\":\"https:\/\/www.aparences.net\/es\/escuelas\/la-pintura-sienesa\/siena-despues-de-la-peste-negra-1348-1420\/#article\",\"isPartOf\":{\"@id\":\"https:\/\/www.aparences.net\/es\/escuelas\/la-pintura-sienesa\/siena-despues-de-la-peste-negra-1348-1420\/\"},\"author\":{\"name\":\"admin\",\"@id\":\"https:\/\/www.aparences.net\/es\/#\/schema\/person\/af349f6ffc31b16c68963e61268afca5\"},\"headline\":\"Siena despu\u00e9s de la peste negra (1348-1420)\",\"datePublished\":\"2009-02-25T17:52:24+00:00\",\"dateModified\":\"2025-12-11T18:40:57+00:00\",\"mainEntityOfPage\":{\"@id\":\"https:\/\/www.aparences.net\/es\/escuelas\/la-pintura-sienesa\/siena-despues-de-la-peste-negra-1348-1420\/\"},\"wordCount\":3589,\"publisher\":{\"@id\":\"https:\/\/www.aparences.net\/es\/#organization\"},\"image\":{\"@id\":\"https:\/\/www.aparences.net\/es\/escuelas\/la-pintura-sienesa\/siena-despues-de-la-peste-negra-1348-1420\/#primaryimage\"},\"thumbnailUrl\":\"https:\/\/www.aparences.net\/wp-content\/uploads\/2009\/02\/sienne-apres-la-peste-noire-.webp\",\"keywords\":[\"Bartolo di Fredi\",\"escuela de Siena\",\"Lippo Vanni\",\"Paolo di Giovanni Fei\",\"Sano di Pietro\",\"Taddeo di Bartolo\"],\"articleSection\":[\"La pintura sienesa\"],\"inLanguage\":\"es\"},{\"@type\":[\"WebPage\",\"ItemPage\"],\"@id\":\"https:\/\/www.aparences.net\/es\/escuelas\/la-pintura-sienesa\/siena-despues-de-la-peste-negra-1348-1420\/\",\"url\":\"https:\/\/www.aparences.net\/es\/escuelas\/la-pintura-sienesa\/siena-despues-de-la-peste-negra-1348-1420\/\",\"name\":\"Siena despu\u00e9s de la peste negra (1348-1420)\",\"isPartOf\":{\"@id\":\"https:\/\/www.aparences.net\/es\/#website\"},\"primaryImageOfPage\":{\"@id\":\"https:\/\/www.aparences.net\/es\/escuelas\/la-pintura-sienesa\/siena-despues-de-la-peste-negra-1348-1420\/#primaryimage\"},\"image\":{\"@id\":\"https:\/\/www.aparences.net\/es\/escuelas\/la-pintura-sienesa\/siena-despues-de-la-peste-negra-1348-1420\/#primaryimage\"},\"thumbnailUrl\":\"https:\/\/www.aparences.net\/wp-content\/uploads\/2009\/02\/sienne-apres-la-peste-noire-.webp\",\"datePublished\":\"2009-02-25T17:52:24+00:00\",\"dateModified\":\"2025-12-11T18:40:57+00:00\",\"description\":\"Los a\u00f1os que siguieron a la peste negra de 1348 fueron los m\u00e1s tristes de la historia de Siena. La pintura de la \u00e9poca revela un profundo pesimismo.\",\"breadcrumb\":{\"@id\":\"https:\/\/www.aparences.net\/es\/escuelas\/la-pintura-sienesa\/siena-despues-de-la-peste-negra-1348-1420\/#breadcrumb\"},\"inLanguage\":\"es\",\"potentialAction\":[{\"@type\":\"ReadAction\",\"target\":[\"https:\/\/www.aparences.net\/es\/escuelas\/la-pintura-sienesa\/siena-despues-de-la-peste-negra-1348-1420\/\"]}]},{\"@type\":\"ImageObject\",\"inLanguage\":\"es\",\"@id\":\"https:\/\/www.aparences.net\/es\/escuelas\/la-pintura-sienesa\/siena-despues-de-la-peste-negra-1348-1420\/#primaryimage\",\"url\":\"https:\/\/www.aparences.net\/wp-content\/uploads\/2009\/02\/sienne-apres-la-peste-noire-.webp\",\"contentUrl\":\"https:\/\/www.aparences.net\/wp-content\/uploads\/2009\/02\/sienne-apres-la-peste-noire-.webp\",\"width\":1080,\"height\":540},{\"@type\":\"BreadcrumbList\",\"@id\":\"https:\/\/www.aparences.net\/es\/escuelas\/la-pintura-sienesa\/siena-despues-de-la-peste-negra-1348-1420\/#breadcrumb\",\"itemListElement\":[{\"@type\":\"ListItem\",\"position\":1,\"name\":\"Portada\",\"item\":\"https:\/\/www.aparences.net\/es\/\"},{\"@type\":\"ListItem\",\"position\":2,\"name\":\"Siena despu\u00e9s de la peste negra (1348-1420)\"}]},{\"@type\":\"WebSite\",\"@id\":\"https:\/\/www.aparences.net\/es\/#website\",\"url\":\"https:\/\/www.aparences.net\/es\/\",\"name\":\"Aparences: Historia del Arte y Actualidad Cultural\",\"description\":\"\",\"publisher\":{\"@id\":\"https:\/\/www.aparences.net\/es\/#organization\"},\"potentialAction\":[{\"@type\":\"SearchAction\",\"target\":{\"@type\":\"EntryPoint\",\"urlTemplate\":\"https:\/\/www.aparences.net\/es\/?s={search_term_string}\"},\"query-input\":{\"@type\":\"PropertyValueSpecification\",\"valueRequired\":true,\"valueName\":\"search_term_string\"}}],\"inLanguage\":\"es\"},{\"@type\":\"Organization\",\"@id\":\"https:\/\/www.aparences.net\/es\/#organization\",\"name\":\"Aparences: Historia del Arte y Actualidad Cultural\",\"url\":\"https:\/\/www.aparences.net\/es\/\",\"logo\":{\"@type\":\"ImageObject\",\"inLanguage\":\"es\",\"@id\":\"https:\/\/www.aparences.net\/es\/#\/schema\/logo\/image\/\",\"url\":\"https:\/\/www.aparences.net\/wp-content\/uploads\/2023\/09\/logo-quadrat-color-e1695915315229.png\",\"contentUrl\":\"https:\/\/www.aparences.net\/wp-content\/uploads\/2023\/09\/logo-quadrat-color-e1695915315229.png\",\"width\":120,\"height\":120,\"caption\":\"Aparences: Historia del Arte y Actualidad Cultural\"},\"image\":{\"@id\":\"https:\/\/www.aparences.net\/es\/#\/schema\/logo\/image\/\"}},{\"@type\":\"Person\",\"@id\":\"https:\/\/www.aparences.net\/es\/#\/schema\/person\/af349f6ffc31b16c68963e61268afca5\",\"name\":\"admin\",\"url\":\"https:\/\/www.aparences.net\/es\/author\/admin\/\"}]}<\/script>\n<!-- \/ Yoast SEO plugin. -->","yoast_head_json":{"title":"Siena despu\u00e9s de la peste negra (1348-1420)","description":"Los a\u00f1os que siguieron a la peste negra de 1348 fueron los m\u00e1s tristes de la historia de Siena. La pintura de la \u00e9poca revela un profundo pesimismo.","robots":{"index":"index","follow":"follow","max-snippet":"max-snippet:-1","max-image-preview":"max-image-preview:large","max-video-preview":"max-video-preview:-1"},"canonical":"https:\/\/www.aparences.net\/es\/escuelas\/la-pintura-sienesa\/siena-despues-de-la-peste-negra-1348-1420\/","og_locale":"es_ES","og_type":"article","og_title":"Siena despu\u00e9s de la peste negra (1348-1420)","og_description":"Los a\u00f1os que siguieron a la peste negra de 1348 fueron los m\u00e1s tristes de la historia de Siena. La pintura de la \u00e9poca revela un profundo pesimismo.","og_url":"https:\/\/www.aparences.net\/es\/escuelas\/la-pintura-sienesa\/siena-despues-de-la-peste-negra-1348-1420\/","og_site_name":"Aparences","article_published_time":"2009-02-25T17:52:24+00:00","article_modified_time":"2025-12-11T18:40:57+00:00","og_image":[{"width":1080,"height":540,"url":"https:\/\/www.aparences.net\/wp-content\/uploads\/2009\/02\/sienne-apres-la-peste-noire-.webp","type":"image\/webp"}],"author":"admin","twitter_card":"summary_large_image","twitter_misc":{"Escrito por":"admin","Tiempo de lectura":"20 minutos"},"schema":{"@context":"https:\/\/schema.org","@graph":[{"@type":"Article","@id":"https:\/\/www.aparences.net\/es\/escuelas\/la-pintura-sienesa\/siena-despues-de-la-peste-negra-1348-1420\/#article","isPartOf":{"@id":"https:\/\/www.aparences.net\/es\/escuelas\/la-pintura-sienesa\/siena-despues-de-la-peste-negra-1348-1420\/"},"author":{"name":"admin","@id":"https:\/\/www.aparences.net\/es\/#\/schema\/person\/af349f6ffc31b16c68963e61268afca5"},"headline":"Siena despu\u00e9s de la peste negra (1348-1420)","datePublished":"2009-02-25T17:52:24+00:00","dateModified":"2025-12-11T18:40:57+00:00","mainEntityOfPage":{"@id":"https:\/\/www.aparences.net\/es\/escuelas\/la-pintura-sienesa\/siena-despues-de-la-peste-negra-1348-1420\/"},"wordCount":3589,"publisher":{"@id":"https:\/\/www.aparences.net\/es\/#organization"},"image":{"@id":"https:\/\/www.aparences.net\/es\/escuelas\/la-pintura-sienesa\/siena-despues-de-la-peste-negra-1348-1420\/#primaryimage"},"thumbnailUrl":"https:\/\/www.aparences.net\/wp-content\/uploads\/2009\/02\/sienne-apres-la-peste-noire-.webp","keywords":["Bartolo di Fredi","escuela de Siena","Lippo Vanni","Paolo di Giovanni Fei","Sano di Pietro","Taddeo di Bartolo"],"articleSection":["La pintura sienesa"],"inLanguage":"es"},{"@type":["WebPage","ItemPage"],"@id":"https:\/\/www.aparences.net\/es\/escuelas\/la-pintura-sienesa\/siena-despues-de-la-peste-negra-1348-1420\/","url":"https:\/\/www.aparences.net\/es\/escuelas\/la-pintura-sienesa\/siena-despues-de-la-peste-negra-1348-1420\/","name":"Siena despu\u00e9s de la peste negra (1348-1420)","isPartOf":{"@id":"https:\/\/www.aparences.net\/es\/#website"},"primaryImageOfPage":{"@id":"https:\/\/www.aparences.net\/es\/escuelas\/la-pintura-sienesa\/siena-despues-de-la-peste-negra-1348-1420\/#primaryimage"},"image":{"@id":"https:\/\/www.aparences.net\/es\/escuelas\/la-pintura-sienesa\/siena-despues-de-la-peste-negra-1348-1420\/#primaryimage"},"thumbnailUrl":"https:\/\/www.aparences.net\/wp-content\/uploads\/2009\/02\/sienne-apres-la-peste-noire-.webp","datePublished":"2009-02-25T17:52:24+00:00","dateModified":"2025-12-11T18:40:57+00:00","description":"Los a\u00f1os que siguieron a la peste negra de 1348 fueron los m\u00e1s tristes de la historia de Siena. La pintura de la \u00e9poca revela un profundo pesimismo.","breadcrumb":{"@id":"https:\/\/www.aparences.net\/es\/escuelas\/la-pintura-sienesa\/siena-despues-de-la-peste-negra-1348-1420\/#breadcrumb"},"inLanguage":"es","potentialAction":[{"@type":"ReadAction","target":["https:\/\/www.aparences.net\/es\/escuelas\/la-pintura-sienesa\/siena-despues-de-la-peste-negra-1348-1420\/"]}]},{"@type":"ImageObject","inLanguage":"es","@id":"https:\/\/www.aparences.net\/es\/escuelas\/la-pintura-sienesa\/siena-despues-de-la-peste-negra-1348-1420\/#primaryimage","url":"https:\/\/www.aparences.net\/wp-content\/uploads\/2009\/02\/sienne-apres-la-peste-noire-.webp","contentUrl":"https:\/\/www.aparences.net\/wp-content\/uploads\/2009\/02\/sienne-apres-la-peste-noire-.webp","width":1080,"height":540},{"@type":"BreadcrumbList","@id":"https:\/\/www.aparences.net\/es\/escuelas\/la-pintura-sienesa\/siena-despues-de-la-peste-negra-1348-1420\/#breadcrumb","itemListElement":[{"@type":"ListItem","position":1,"name":"Portada","item":"https:\/\/www.aparences.net\/es\/"},{"@type":"ListItem","position":2,"name":"Siena despu\u00e9s de la peste negra (1348-1420)"}]},{"@type":"WebSite","@id":"https:\/\/www.aparences.net\/es\/#website","url":"https:\/\/www.aparences.net\/es\/","name":"Aparences: Historia del Arte y Actualidad Cultural","description":"","publisher":{"@id":"https:\/\/www.aparences.net\/es\/#organization"},"potentialAction":[{"@type":"SearchAction","target":{"@type":"EntryPoint","urlTemplate":"https:\/\/www.aparences.net\/es\/?s={search_term_string}"},"query-input":{"@type":"PropertyValueSpecification","valueRequired":true,"valueName":"search_term_string"}}],"inLanguage":"es"},{"@type":"Organization","@id":"https:\/\/www.aparences.net\/es\/#organization","name":"Aparences: Historia del Arte y Actualidad Cultural","url":"https:\/\/www.aparences.net\/es\/","logo":{"@type":"ImageObject","inLanguage":"es","@id":"https:\/\/www.aparences.net\/es\/#\/schema\/logo\/image\/","url":"https:\/\/www.aparences.net\/wp-content\/uploads\/2023\/09\/logo-quadrat-color-e1695915315229.png","contentUrl":"https:\/\/www.aparences.net\/wp-content\/uploads\/2023\/09\/logo-quadrat-color-e1695915315229.png","width":120,"height":120,"caption":"Aparences: Historia del Arte y Actualidad Cultural"},"image":{"@id":"https:\/\/www.aparences.net\/es\/#\/schema\/logo\/image\/"}},{"@type":"Person","@id":"https:\/\/www.aparences.net\/es\/#\/schema\/person\/af349f6ffc31b16c68963e61268afca5","name":"admin","url":"https:\/\/www.aparences.net\/es\/author\/admin\/"}]}},"_links":{"self":[{"href":"https:\/\/www.aparences.net\/es\/wp-json\/wp\/v2\/posts\/13090","targetHints":{"allow":["GET"]}}],"collection":[{"href":"https:\/\/www.aparences.net\/es\/wp-json\/wp\/v2\/posts"}],"about":[{"href":"https:\/\/www.aparences.net\/es\/wp-json\/wp\/v2\/types\/post"}],"author":[{"embeddable":true,"href":"https:\/\/www.aparences.net\/es\/wp-json\/wp\/v2\/users\/2"}],"replies":[{"embeddable":true,"href":"https:\/\/www.aparences.net\/es\/wp-json\/wp\/v2\/comments?post=13090"}],"version-history":[{"count":0,"href":"https:\/\/www.aparences.net\/es\/wp-json\/wp\/v2\/posts\/13090\/revisions"}],"wp:featuredmedia":[{"embeddable":true,"href":"https:\/\/www.aparences.net\/es\/wp-json\/wp\/v2\/media\/31608"}],"wp:attachment":[{"href":"https:\/\/www.aparences.net\/es\/wp-json\/wp\/v2\/media?parent=13090"}],"wp:term":[{"taxonomy":"category","embeddable":true,"href":"https:\/\/www.aparences.net\/es\/wp-json\/wp\/v2\/categories?post=13090"},{"taxonomy":"post_tag","embeddable":true,"href":"https:\/\/www.aparences.net\/es\/wp-json\/wp\/v2\/tags?post=13090"}],"curies":[{"name":"wp","href":"https:\/\/api.w.org\/{rel}","templated":true}]}}