{"id":13098,"date":"2010-04-13T23:10:14","date_gmt":"2010-04-13T21:10:14","guid":{"rendered":"https:\/\/www.aparences.net\/art-et-mecenat\/les-ducs-de-bourgogne\/carlos-el-temerario\/"},"modified":"2025-12-11T19:40:57","modified_gmt":"2025-12-11T18:40:57","slug":"carlos-el-temerario","status":"publish","type":"post","link":"https:\/\/www.aparences.net\/es\/arte-y-mecenazgo\/los-duques-de-borgona\/carlos-el-temerario\/","title":{"rendered":"Carlos el Temerario"},"content":{"rendered":"<p><!--contents--><\/p>\n\n\n<h2 class=\"wp-block-heading\">Carlos el Temerario, duque de Borgo\u00f1a<\/h2>\n\n\n\n<p><strong>Carlos I de Valois, llamado el Temerario<\/strong> (Dijon 1433- Nancy 1477), sucedi\u00f3 a su padre <a title=\"Felipe el Bueno\" href=\"https:\/\/www.aparences.net\/es\/arte-y-mecenazgo\/los-duques-de-borgona\/la-borgona-en-tiempos-de-felipe-el-bueno\/\">Felipe el Bueno<\/a> a la edad de treinta y cuatro a\u00f1os tras la muerte del duque. Recibi\u00f3 una esmerada educaci\u00f3n y hablaba franc\u00e9s, ingl\u00e9s y flamenco, pero su car\u00e1cter ten\u00eda muy poco que ver con el de su padre. Trabajador incansable, hombre culto y casto, no obstante su desenfrenado orgullo hac\u00eda de \u00e9l un ser exaltado, brutal y violento.<\/p>\n\n\n\n<p>Esa personalidad compleja prefigura, a causa de su pasi\u00f3n por la gloria, su imaginaci\u00f3n atormentada y su absolutismo, el pr\u00edncipe renacentista nutrido por poetas antiguos, la gesta de Alejandro y el recuerdo de Carlomagno. Atormentado por el sue\u00f1o lotaringio, atra\u00eddo por territorios del Rin y posiblemente tambi\u00e9n por Italia, quiso reunir en un solo bloque los estados que le hab\u00eda legado su padre, pero Luis XI, aquel rey centralista sin concesiones ni estados de \u00e1nimo, (su primo al que el Temerario odiaba desde ni\u00f1o) se lo impedir\u00e1.<\/p>\n\n\n<div class=\"wp-block-image\">\n<figure class=\"aligncenter\"><a href=\"https:\/\/www.aparences.net\/wp-content\/uploads\/2011\/06\/portrait_charles_temeraire.gif\"><img loading=\"lazy\" decoding=\"async\" width=\"241\" height=\"370\" src=\"https:\/\/www.aparences.net\/wp-content\/uploads\/2011\/06\/portrait_charles_temeraire.gif\" alt=\"Carlos el Temerario, 1460, Rogier van der Weyden\" class=\"wp-image-15924\" title=\"Carlos el Temerario, 1460, Rogier van der Weyden\"\/><\/a><figcaption class=\"wp-element-caption\"><em><strong>Carlos el Temerario<\/strong>, 1460, <\/em><br><em><strong>Rogier van der Weyden<\/strong> <\/em><br><em>(Berl\u00edn, Staatliche Museen)<\/em><\/figcaption><\/figure>\n<\/div>\n\n\n<p class=\"has-text-align-left\">Para llevar a cabo su pol\u00edtica ambiciosa <strong>Carlos el Temerario busc\u00f3 una alianza con la corte de Inglaterra<\/strong>. En julio de 1468 se cas\u00f3 con <a href=\"https:\/\/es.wikipedia.org\/wiki\/Margarita_de_York\">Margarita de York<\/a>, hermana del rey Eduardo IV. Este matrimonio din\u00e1stico fue retrasado durante mucho tiempo por el enemigo de Carlos, Luis XI. Las nupcias se celebraron finalmente en Brujas, y los festejos que duraron varios dias fueron rodeados de un lujo inaudito. <strong>Para aquella ocasi\u00f3n se organiz\u00f3<\/strong> <a href=\"https:\/\/www.aparences.net\/es\/arte-y-mecenazgo\/los-duques-de-borgona\/felipe-el-atrevido\/#la-caballer%C3%ADa\">un torneo<\/a>, el llamado del \u00c1rbol de Oro que giraba en torno a una alegor\u00eda meticulosamente detallada para honrar a la novia inglesa. El pueblo llano pudo disfrutar de los festejos, bailes de m\u00e1scaras y dem\u00e1s entretenimientos, causando tanta impresi\u00f3n que la llamaron la boda del siglo. Muy pronto, <strong>la duquesa hizo prueba de su habilidad como mecenas<\/strong> encargando numerosos manuscritos a los mejores iluminadores de la \u00e9poca. Simon Marmion ilumin\u00f3 <em>Las Visiones de Tondal<\/em>: un relato de la historia medieval popular que cuenta el id\u00edlico viaje de un caballero rico por el infierno, el purgatorio y el cielo. El precioso manuscrito de Margarita de York se convirti\u00f3 en la joya de la biblioteca. El duque&nbsp; tambi\u00e9n era un bibli\u00f3filo legendario como su padre Felipe el Bueno.<\/p>\n\n\n<div class=\"wp-block-image\">\n<figure class=\"aligncenter\"><a href=\"https:\/\/aparences.net\/wp-content\/uploads\/2010\/07\/enluminure_york.jpg\"><img loading=\"lazy\" decoding=\"async\" width=\"426\" height=\"370\" src=\"https:\/\/www.aparences.net\/wp-content\/uploads\/2010\/07\/enluminure_york.jpg\" alt=\"La duquesa de York en oraci\u00f3n, miniatura\" class=\"wp-image-14215\" title=\"La duquesa de York en oraci\u00f3n, miniatura\" srcset=\"https:\/\/www.aparences.net\/wp-content\/uploads\/2010\/07\/enluminure_york.jpg 426w, https:\/\/www.aparences.net\/wp-content\/uploads\/2010\/07\/enluminure_york-300x260.jpg 300w\" sizes=\"auto, (max-width: 426px) 100vw, 426px\" \/><\/a><figcaption class=\"wp-element-caption\"><em><strong>La duquesa de York en oraci\u00f3n<\/strong>, miniatura, Gante, h. 1467 <\/em><br><em>(Oxford, Bodleian Library) <\/em><\/figcaption><\/figure>\n<\/div>\n\n\n<p><em>Esta miniatura en grisalla representa a Margarita de York, esposa de Carlos el Temerario y hermana del rey Eduardo IV de Inglaterra en oraci\u00f3n con sus damas mientras que un joven cortesano las observa con inter\u00e9s. Esta miniatura pertenece a una colecci\u00f3n de textos moralistas y religiosos escritos en Gante por David Aubert, en el entorno del pintor llamado Maestro de Mar\u00eda de Borgo\u00f1a.<\/em><\/p>\n\n\n<div class=\"wp-block-image\">\n<figure class=\"aligncenter\"><a href=\"https:\/\/aparences.net\/wp-content\/uploads\/2010\/07\/enluminure_temeraire.jpg\"><img loading=\"lazy\" decoding=\"async\" width=\"402\" height=\"370\" src=\"https:\/\/www.aparences.net\/wp-content\/uploads\/2010\/07\/enluminure_temeraire.jpg\" alt=\"Advertencias al duque Carlos el Temerario\" class=\"wp-image-14218\" title=\"Advertencias al duque Carlos el Temerario\" srcset=\"https:\/\/www.aparences.net\/wp-content\/uploads\/2010\/07\/enluminure_temeraire.jpg 402w, https:\/\/www.aparences.net\/wp-content\/uploads\/2010\/07\/enluminure_temeraire-300x276.jpg 300w\" sizes=\"auto, (max-width: 402px) 100vw, 402px\" \/><\/a><figcaption class=\"wp-element-caption\"><em><strong>Advertencias al duque Carlos<\/strong>, libro de Georges Chastelain, h.1500, (Par\u00eds, Biblioteca Nacional) <\/em><\/figcaption><\/figure>\n<\/div>\n\n\n<p><em>Vestido de luto y rodeado por sus asesores y los Caballeros de la <a title=\"Orden del Tois\u00f3n de Oro\" href=\"https:\/\/www.aparences.net\/es\/arte-y-mecenazgo\/los-duques-de-borgona\/la-borgona-en-tiempos-de-felipe-el-bueno\/#la-orden-del-tois%C3%B3n-de-oro\">Orden del Tois\u00f3n de Oro<\/a>, Carlos el Temerario es exhortado a la moderaci\u00f3n y paciencia con ocasi\u00f3n de su ascensi\u00f3n al trono en 1467.<\/em><\/p>\n\n\n\n<p>Como su padre, Carlos el Temerario era un hombre apuesto al que le gustaba lucir hermosas vestimentas y caballos ricamente enjaezados. Su Corte era una de las m\u00e1s suntuosas de Europa, comparable a la de su contempor\u00e1neo <a title=\"Lorenzo de M\u00e9dicis\" href=\"https:\/\/www.aparences.net\/es\/arte-y-mecenazgo\/florencia-y-los-medicis\/lorenzo-el-magnifico\/\">Lorenzo de M\u00e9dicis<\/a>. Quiso fortalecer a\u00fan m\u00e1s las normas de etiqueta y promulg\u00f3 nuevas regulaciones para uso de oficiales de su hotel en Mechelen, el centro de sus estados y sede del Parlamento. Tambi\u00e9n mantuvo la magnificencia de sus otros palacios: el Rihour de Lille y el de su padre, <strong>el ostentoso Coudenberg de Bruselas<\/strong>. Mantuvo de forma permanente su ej\u00e9rcito s\u00f3lidamente armado principalmente en artiller\u00eda. En 1471, se formaron, siguiendo el modelo franc\u00e9s, nuevas compa\u00f1\u00edas de infanter\u00eda borgo\u00f1onas, pero con demasiados mercenarios, lo que pudo haber sido la causa de sus derrotas. En la miniatura <em><strong>Audiencia en la corte de Carlos el Temerario<\/strong><\/em> se puede ver a los guardias de palacio fuertemente armados garantizando el mantenimiento del orden durante una audiencia. <\/p>\n\n\n<div class=\"wp-block-image\">\n<figure class=\"aligncenter\"><a href=\"https:\/\/aparences.net\/wp-content\/uploads\/2010\/07\/miniature_audience.jpg\"><img loading=\"lazy\" decoding=\"async\" width=\"313\" height=\"400\" src=\"https:\/\/www.aparences.net\/wp-content\/uploads\/2010\/07\/miniature_audience.jpg\" alt=\"Audiencia en la corte de Carlos el Temerario, miniatura\" class=\"wp-image-14219\" title=\"Audiencia en la corte de Carlos el Temerario\" srcset=\"https:\/\/www.aparences.net\/wp-content\/uploads\/2010\/07\/miniature_audience.jpg 313w, https:\/\/www.aparences.net\/wp-content\/uploads\/2010\/07\/miniature_audience-234x300.jpg 234w\" sizes=\"auto, (max-width: 313px) 100vw, 313px\" \/><\/a><figcaption class=\"wp-element-caption\"><em><strong>Audiencia en la corte de Carlos el Temerario<\/strong>, <\/em><br><em>c. 1477,  <strong>Maestro de Eduardo IV<\/strong> <\/em><br><em>(Bruselas, Biblioteca Real)<\/em><\/figcaption><\/figure>\n<\/div>\n\n<div class=\"wp-block-image\">\n<figure class=\"aligncenter\"><a href=\"https:\/\/aparences.net\/wp-content\/uploads\/2010\/07\/tournoi_temeraire.jpg\"><img loading=\"lazy\" decoding=\"async\" width=\"464\" height=\"320\" src=\"https:\/\/www.aparences.net\/wp-content\/uploads\/2010\/07\/tournoi_temeraire.jpg\" alt=\"Torneo de 1473\" class=\"wp-image-14220\" title=\"Torneo de 1473\" srcset=\"https:\/\/www.aparences.net\/wp-content\/uploads\/2010\/07\/tournoi_temeraire.jpg 464w, https:\/\/www.aparences.net\/wp-content\/uploads\/2010\/07\/tournoi_temeraire-300x206.jpg 300w\" sizes=\"auto, (max-width: 464px) 100vw, 464px\" \/><\/a><figcaption class=\"wp-element-caption\"><em><strong>Torneo de 1473<\/strong>, \u00f3leo sobre lienzo, An\u00f3nimo, Francia, siglo XVII (Valenciennes, Museo de Bellas Artes)<\/em><\/figcaption><\/figure>\n<\/div>\n\n\n<p><em>Torneo con ocasi\u00f3n de la entrada de Carlos el Temerario a Valenciennes para presidir un cap\u00edtulo del Tois\u00f3n de Oro.<\/em><\/p>\n\n\n\n<!-- AdBoxRight2020 --><ins class=\"adsbygoogle\"     style=\"display:block; margin-top:30px;\"     data-ad-client=\"ca-pub-2468002815867636\"     data-ad-slot=\"3496014735\"     data-ad-format=\"auto\"     data-full-width-responsive=\"false\"><\/ins><script> (adsbygoogle = window.adsbygoogle || []).push({});<\/script><h2 class=\"wp-block-heading\">La destrucci\u00f3n de Lieja<\/h2>\n\n\n\n<p>El ducado de Borgo\u00f1a representaba un peligro para la unidad francesa y Luis XI deseando restablecer el poder real quer\u00eda ampararse de sus territorios. Carlos el Temerario form\u00f3 una coalici\u00f3n llamada \u00abLiga del bien p\u00fablico\u00bb dirigida por \u00e9l, con el fin de asesinar al rey. El 14 de octubre de 1468, en Perona, Picard\u00eda, durante una entrevista con su rival, el duque de Borgo\u00f1a exasperado por las artima\u00f1as del monarca, quiso atentar contra su vida. Al enterarse de que Luis XI hab\u00eda organizado un levantamiento de los ciudadanos de Lieja contra \u00e9l, el duque consideraba la posibilidad de mantener al rey preso o muerto. Ante la insistencia de su chambel\u00e1n <a title=\"Philippe de Commines\" rel=\"noopener noreferrer\" href=\"https:\/\/es.wikipedia.org\/wiki\/Philippe_de_Commines\" target=\"_blank\">Philippe de Commines<\/a> (las memorias de Commines son un testimonio excepcional de los reinados de Luis XI y Carlos VIII), Carlos el Temerario finalmente se conforma con imponer a Luis XI un tratado por el cual la monarqu\u00eda francesa cede los condados de Champagne y Brie y las ciudades de la Somme. Despu\u00e9s de los hechos de Perona, Luis XI s\u00f3lo piensa en preparar su venganza. Ordena a los jefes del ej\u00e9rcito real de dejar al duque de Borgo\u00f1a agotarse en una guerra de asedio in\u00fatil, como el de Beauvais, c\u00e9lebre por la heroica resistencia de la poblaci\u00f3n, sobre todo de las mujeres. Viendo que sus actuaciones con el reino de Francia siempre terminaban en fracaso, Carlos el Temerario se vi\u00f3 obligado a regresar a sus dominios y volviendo sus miras a Alemania, aquel antiguo Imperio Germ\u00e1nico que su fragmentaci\u00f3n lo hab\u00eda vuelto fr\u00e1gil. Mientras tanto, <strong>la ciudad de Lieja, alentada por Luis XI, se rebel\u00f3 de nuevo, y Carlos el Temerario decidi\u00f3 devastarla incendi\u00e1ndola<\/strong>. Entr\u00f3 en la ciudad el 30 de octubre de 1468, acompa\u00f1ado de sus tropas que saquearon casas y mataron sin piedad a todos sus habitantes. Despu\u00e9s de siete semanas de terror y feroz resistencia de los sitiados, finalmente el 3 de noviembre el duque orden\u00f3 quemar la ciudad. El Temerario hab\u00eda decidido que todo ten\u00eda que ser destruido y quemado, con la \u00fanica excepci\u00f3n de las iglesias y casas de los can\u00f3nigos \u00abafin qu\u2019il peult demourer logis pour&nbsp; faire le divin service\u00bb (para que queden casas para el&nbsp; servicio divino). Las libertades de Lieja fueron suprimidas y no fue hasta 1478, despu\u00e9s de la muerte del duque de Borgo\u00f1a, que su hija y heredera Maria devolver\u00e1 a sus ciudadanos todas sus prerrogativas mediante el tratado llamado \u00abLa Paz de Saint-Jacques\u00bb.<\/p>\n\n\n<div class=\"wp-block-image\">\n<figure class=\"aligncenter\"><a href=\"https:\/\/aparences.net\/wp-content\/uploads\/2010\/07\/miniature_liege.jpg\"><img loading=\"lazy\" decoding=\"async\" width=\"280\" height=\"428\" src=\"https:\/\/www.aparences.net\/wp-content\/uploads\/2010\/07\/miniature_liege.jpg\" alt=\"Biblia figurata, Rapha\u00ebl de Mercatel\" class=\"wp-image-14221\" title=\"Biblia figurata, Rapha\u00ebl de Mercatel\" srcset=\"https:\/\/www.aparences.net\/wp-content\/uploads\/2010\/07\/miniature_liege.jpg 280w, https:\/\/www.aparences.net\/wp-content\/uploads\/2010\/07\/miniature_liege-196x300.jpg 196w\" sizes=\"auto, (max-width: 280px) 100vw, 280px\" \/><\/a><figcaption class=\"wp-element-caption\"><em><strong>Biblia figurata<\/strong>, miniatura de Raphael de Mercatel de finales del siglo XV <\/em><br><em>(Catedral de Gante) <\/em><\/figcaption><\/figure>\n<\/div>\n\n\n<p><em>La destrucci\u00f3n de Lieja por Carlos el Temerario caus\u00f3 una gran impresi\u00f3n en los contempor\u00e1neos. Esta representaci\u00f3n del incendio de Gomorra da una idea de la devastaci\u00f3n de las ciudades durante el <a title=\"periodo borgo\u00f1\u00f3n\" href=\"https:\/\/www.aparences.net\/es\/arte-y-mecenazgo\/los-duques-de-borgona\/\">per\u00edodo borgo\u00f1\u00f3n<\/a>.<\/em><\/p>\n\n\n\n<p>La destrucci\u00f3n deliberada de Lieja en 1468 dio a Carlos el Temerario la definitiva reputaci\u00f3n de \u00abdomesticador de ciudades\u00bb. La propaganda ducal se asegur\u00f3 que esta reputaci\u00f3n se extendiera especialmente por las ciudades alemanas, pero algunas ciudades flamencas se encontraron tambi\u00e9n con una demostraci\u00f3n de la determinaci\u00f3n del duque cuando algunas de ellas trataron de romper con su peculiaridad urbana. Una delegaci\u00f3n de diputados de Flandes fueron obligados a presenciar la destrucci\u00f3n de Lieja desde las colinas que rodeaban la ciudad. <strong>Sin embargo, la ciudad renaci\u00f3 de sus cenizas siendo reconstruida a partir de las iglesias que se hab\u00edan salvado deliberadamente<\/strong>. Los centros tradicionales de la identidad urbana, y especialmente el famoso \u00abperron\u00bb se hab\u00edan desmantelado de antemano. El gran obelisco de piedra fue trasladada a Brujas con fines de propaganda y no volvi\u00f3 a Lieja hasta 1477. Poco despu\u00e9s de su destrucci\u00f3n, el duque, al que la propaganda y la ideolog\u00eda borgo\u00f1ona la presentaba como el guardi\u00e1n del orden divino, restituy\u00f3 a la catedral de Lieja su principal reliquia, la de Saint-Hubert. Estaba en su arqueta original pero la imagen del duque en bulto redondo aparec\u00eda encima de rodillas junto a san Jorge representado como su noble compa\u00f1ero: habr\u00eda sido dif\u00edcil manifestar con mayor claridad la asociaci\u00f3n entre la ira del pr\u00edncipe y la \u00abjusta ira divina\u00bb. Adem\u00e1s de una nueva topograf\u00eda, a la ciudad de Lieja tambi\u00e9n se le impuso una fortaleza (La Citadele) y un nuevo sistema legal totalmente nuevo. El derecho consuetudinario que se hab\u00eda desarrollado seg\u00fan una pr\u00e1ctica secular, fue eliminado radicalmente. El Temerario no pudo cambiar el nombre de la ciudad como hab\u00eda hecho su rival Luis XI, quien para castigar Arras por mostrar demasiado apego a la causa borgo\u00f1ona, la oblig\u00f3 durante largo tiempo a llevar el nombre de \u00abFranquicia\u00bb.<\/p>\n\n\n<div class=\"wp-block-image\">\n<figure class=\"aligncenter\"><a href=\"https:\/\/aparences.net\/wp-content\/uploads\/2010\/07\/reliquaire.jpg\"><img loading=\"lazy\" decoding=\"async\" width=\"238\" height=\"400\" src=\"https:\/\/www.aparences.net\/wp-content\/uploads\/2010\/07\/reliquaire.jpg\" alt=\"Exvoto de Carlos el Temerario\" class=\"wp-image-14222\" title=\"Exvoto de Carlos el Temerario\" srcset=\"https:\/\/www.aparences.net\/wp-content\/uploads\/2010\/07\/reliquaire.jpg 238w, https:\/\/www.aparences.net\/wp-content\/uploads\/2010\/07\/reliquaire-178x300.jpg 178w\" sizes=\"auto, (max-width: 238px) 100vw, 238px\" \/><\/a><figcaption class=\"wp-element-caption\"><em><strong>Exvoto de Carlos el Temerario<\/strong>, 1467, <strong>Gerard Loyet<\/strong> <\/em><br><em>(Lieja, Tesoro de la Catedral) <\/em><\/figcaption><\/figure>\n<\/div>\n\n\n<p><em>El \u00faltimo duque de Borgo\u00f1a, Carlos el Temerario vestido con armadura se ha representado junto al santo caballero por excelencia, san Jorge. El gesto de quitarse el casco es una reminiscencia del mismo santo en el cuadro de Jan van Eyck en Brujas <a title=\"Virgen del Can\u00f3nigo Van der Paele\" href=\"https:\/\/www.aparences.net\/es\/escuelas\/los-primitivos-flamencos\/el-realismo-en-la-pintura-flamenca\/#los-tres-maestros-del-ars-nova\">Virgen y el Ni\u00f1o con el Can\u00f3nigo van der Paele<\/a>. Lieja es una de las ciudades m\u00e1s importantes de la regi\u00f3n del valle del Mosa, con una larga y gloriosa tradici\u00f3n en el arte de la orfebrer\u00eda.<\/em><\/p>\n\n\n\n<p>En 1473, Carlos de Valois, a quien las cortes europeas apodaban \u00abel Temerario\u00bb debido a su desmesurada ambici\u00f3n y a su car\u00e1cter, trat\u00f3 de conseguir del emperador Federico III la constituci\u00f3n de Borgo\u00f1a en un reino, a cambio de la mano de su hija Mar\u00eda (<a title=\"Mar\u00eda de Borgo\u00f1a\" href=\"https:\/\/www.aparences.net\/es\/arte-y-mecenazgo\/los-duques-de-borgona\/maria-de-borgona\/\">Mar\u00eda de Borgo\u00f1a)<\/a> a su hijo Maximiliano. El emperador demasiado preocupado por esta voluntad de poder pidi\u00f3 ayuda a Luis XI para imped\u00edrselo. El rey financi\u00f3 entonces, en 1474, una revuelta de las ciudades de Alsacia apoyado por los cantones suizos que contaban con un potente ej\u00e9rcito. Frente a esa coalici\u00f3n el Temerario se encuentraba cada vez m\u00e1s acosado. Mientras que Borgo\u00f1a, Lorena y Picard\u00eda eran devastadas, el duque y su ej\u00e9rcito llegaron a Suiza, donde despu\u00e9s de varias derrotas se traslad\u00f3 a Nancy con los restos de su ej\u00e9rcito; en enero de 1477 y durante una escaramuza delante de esa ciudad, ser\u00e1 derrotado y muerto. Encontraron el cad\u00e1ver del duque en un lago, con el rostro irreconocible medio devorado por los lobos. El \u00faltimo Gran Duque de Occidente ser\u00e1 identificado por sus sirvientes por su anillo. En 1550 su biznieto Carlos V, llevar\u00e1 sus restos a Brujas en un magn\u00edfico mausoleo en la iglesia de Notre Dame. Es el fin de la independencia de Borgo\u00f1a. Los Pa\u00edses Bajos pasar\u00e1n a la Casa de Habsburgo y el <a title=\"Ducado de Borgo\u00f1a\" href=\"https:\/\/www.aparences.net\/es\/arte-y-mecenazgo\/los-duques-de-borgona\/\">Ducado de Borgo\u00f1a<\/a> entrar\u00e1 en el dominio real.<\/p>\n\n\n<div class=\"wp-block-image\">\n<figure class=\"aligncenter\"><a href=\"https:\/\/aparences.net\/wp-content\/uploads\/2010\/07\/ecu.jpg\"><img loading=\"lazy\" decoding=\"async\" width=\"261\" height=\"360\" src=\"https:\/\/www.aparences.net\/wp-content\/uploads\/2010\/07\/ecu.jpg\" alt=\"Escudo de Carlos el Temerario\" class=\"wp-image-14223\" title=\"Escudo de Carlos el Temerario\" srcset=\"https:\/\/www.aparences.net\/wp-content\/uploads\/2010\/07\/ecu.jpg 261w, https:\/\/www.aparences.net\/wp-content\/uploads\/2010\/07\/ecu-217x300.jpg 217w\" sizes=\"auto, (max-width: 261px) 100vw, 261px\" \/><\/a><figcaption class=\"wp-element-caption\"><em><strong>Escudo de Carlos el Temerario<\/strong>, siglo XV, an\u00f3nimo flamenco <\/em><br><em>(Saint-Omer, museo del Hotel Sandelin). <\/em><\/figcaption><\/figure>\n<\/div>\n\n\n<p><em>Tabla pintada con ocasi\u00f3n del d\u00e9cimo Cap\u00edtulo del Tois\u00f3n de Oro que se celebr\u00f3 en la antigua abad\u00eda de Saint-Omer en 1461, el abad Guillaume Fillastre era entonces canciller de la orden.<\/em><\/p>\n\n\n\n<!-- AdBoxLeft2023 --><ins class=\"adsbygoogle\" style=\"display:block\" data-ad-client=\"ca-pub-2468002815867636\" data-ad-slot=\"1318022963\" data-ad-format=\"auto\" data-full-width-responsive=\"true\"><\/ins><script> (adsbygoogle = window.adsbygoogle || []).push({});<\/script><h2 class=\"wp-block-heading\">La historiograf\u00eda como medio de manipulaci\u00f3n<\/h2>\n\n\n\n<p>Como en tiempos m\u00e1s recientes, en la Baja Edad Media se pon\u00edan como ejemplo los relatos hist\u00f3ricos cuando se trataba de apoyar las reivindicaciones pol\u00edticas, justificar la desigualdad social existente o mantener el status quo. <strong>Los anales y las cr\u00f3nicas que registraban los eventos memorables se vuelven progresivamente importantes herramientas de publicidad<\/strong> capaces de generar prestigio y poder. Durante la mayor parte de la Edad Media, los monasterios y las iglesias fueron el motor de la evoluci\u00f3n de la historiograf\u00eda. A petici\u00f3n del abad u obispo, los copistas escrib\u00edan las vidas de los santos destinadas a resaltar la importancia de las reliquias conservadas en sus iglesias o monasterios. A trav\u00e9s de los siglos, muchos pr\u00edncipes seculares tomaron cada vez m\u00e1s la iniciativa en este \u00e1mbito, haciendo escribir cr\u00f3nicas relacionadas con el origen de su linaje, con el fin de justificar sus conquistas de territorios o sus victorias en los campos de batalla. Cada vez m\u00e1s a menudo, los pr\u00edncipes encargaban directamente a sus secretarios la redacci\u00f3n de textos hist\u00f3ricos. En otros casos, los propios autores tomaban la iniciativa y presentaban sus obras al pr\u00edncipe. Algunos llegaron hasta el extremo de escribir una gran historia del mundo, como es el caso de Jacob van Maerlant con su famoso <em>Spiegel Historiael<\/em> (El Espejo de la Historia), donde describe la historia del mundo desde su creaci\u00f3n hasta el siglo XIII. Otros, con pretensiones m\u00e1s modestas, propon\u00edan simplemente perpetuar la memoria de un acontecimiento importante. Sin embargo, <strong>la mayor parte de las cr\u00f3nicas respond\u00edan principalmente a preocupaciones din\u00e1sticas<\/strong>, haciendo remontar el origen de las casas principescas a antepasados legendarios: los carolingios para los Duques de Brabante, el oscuro guardabosques Liederick para la dinast\u00eda flamenca, y un misterioso antepasado para los condes de Holanda. Algunas cr\u00f3nicas otorgaron un lugar especial a las normas legales mediante la adopci\u00f3n de un gran n\u00famero de estatutos, tanto en su forma original o mediante su traducci\u00f3n en verso. Los textos de historia se convirtieron as\u00ed en veh\u00edculos del patrimonio hist\u00f3rico y jur\u00eddico de un principado.<\/p>\n\n\n<div class=\"wp-block-image\">\n<figure class=\"aligncenter\"><a href=\"https:\/\/aparences.net\/wp-content\/uploads\/2010\/07\/enluminure_temeraire1.jpg\"><img loading=\"lazy\" decoding=\"async\" width=\"329\" height=\"400\" src=\"https:\/\/www.aparences.net\/wp-content\/uploads\/2010\/07\/enluminure_temeraire1.jpg\" alt=\"Historia de Alejandro, miniatura\" class=\"wp-image-14224\" title=\"Historia de Alejandro, miniatura\" srcset=\"https:\/\/www.aparences.net\/wp-content\/uploads\/2010\/07\/enluminure_temeraire1.jpg 329w, https:\/\/www.aparences.net\/wp-content\/uploads\/2010\/07\/enluminure_temeraire1-246x300.jpg 246w\" sizes=\"auto, (max-width: 329px) 100vw, 329px\" \/><\/a><figcaption class=\"wp-element-caption\"><em><strong>Historia de Alejandro<\/strong>,<em>Vasco de Lucena ofrece su libro a Carlos el Temerario<\/em><\/em><br><em> (Par\u00eds, Biblioteca Nacional)<\/em><\/figcaption><\/figure>\n<\/div>\n\n\n<p>A partir del siglo XIV la actividad historiogr\u00e1fica se desarrolla tambi\u00e9n en el marco de las ciudades de los Pa\u00edses Bajos. Los encargos casi siempre provienen de las elites, dominadas la mayor\u00eda de ellas por una oligarqu\u00eda de ricos comerciantes y patricios. En cuanto al contenido, la historiograf\u00eda urbana se alineaba en gran medida en las cr\u00f3nicas de los pr\u00edncipes. Los ediles mostraban hacia el pasado romano y troyano la misma obsesi\u00f3n que sus modelos aristocr\u00e1ticos: <strong>encargaban a los historiadores hacer remontar la fundaci\u00f3n de su ciudad a alg\u00fan h\u00e9roe legendario troyano o romano<\/strong>. Amberes habr\u00eda sido fundada por Brabo, un militar romano; Reims por Remo, el hermano gemelo de R\u00f3mulo; y Troyes deb\u00eda evidentemente su nombre a sus fundadores troyanos. Adem\u00e1s, las ciudades tambi\u00e9n desarrollaron sus propias tradiciones a su propio lenguaje historiogr\u00e1fico. Empezaron a encargar pinturas con temas hist\u00f3ricos, probablemente como alternativa (m\u00e1s barata) a los costosos tapices. Muchas ciudades hicieron pintar tablas de Justicia para decorar la sala del Consejo, presentadas en composiciones grandiosas y representando los juicios m\u00e1s famosos de la historia del mundo, como un ejemplo moral. En 1468, el magistrado de Lovaina encarg\u00f3 a <a title=\"Dirck Bouts\" href=\"https:\/\/www.aparences.net\/es\/escuelas\/los-primitivos-flamencos\/los-sucesores-de-jan-van-eyck\/#dirck-o-dieric-bouts\">Dirck Bouts<\/a> dos grandes paneles que representan al emperador Ot\u00f3n III (999-1003), quien hab\u00eda condenado a muerte a su propia esposa por calumnia. Los paneles se instalaron en la sala del Ayuntamiento, permitiendo a los regidores inspirarse en aquel ejemplo de justicia y dignidad imperial.<\/p>\n\n\n<div class=\"wp-block-image\">\n<figure class=\"aligncenter\"><a href=\"https:\/\/aparences.net\/wp-content\/uploads\/2010\/07\/miniature_histoire.jpg\"><img loading=\"lazy\" decoding=\"async\" width=\"373\" height=\"400\" src=\"https:\/\/www.aparences.net\/wp-content\/uploads\/2010\/07\/miniature_histoire.jpg\" alt=\"Historia del caballo de Troya, miniatura\" class=\"wp-image-14225\" title=\"Historia del caballo de Troya, miniatura\" srcset=\"https:\/\/www.aparences.net\/wp-content\/uploads\/2010\/07\/miniature_histoire.jpg 373w, https:\/\/www.aparences.net\/wp-content\/uploads\/2010\/07\/miniature_histoire-279x300.jpg 279w\" sizes=\"auto, (max-width: 373px) 100vw, 373px\" \/><\/a><figcaption class=\"wp-element-caption\"><em><strong>Historia del caballo de Troya<\/strong>, miniatura del librp La Flor de las historias de Jean Mansel, Pa\u00edses Bajos del Sur, 1447-1460 (Bruselas, Biblioteca Real)<\/em><\/figcaption><\/figure>\n<\/div>\n\n<div class=\"wp-block-image\">\n<figure class=\"aligncenter\"><a href=\"https:\/\/aparences.net\/wp-content\/uploads\/2010\/11\/bouts_panneaux_justice.png\"><img loading=\"lazy\" decoding=\"async\" width=\"523\" height=\"430\" src=\"https:\/\/www.aparences.net\/wp-content\/uploads\/2010\/11\/bouts_panneaux_justice.png\" alt=\"La Justicia de Ot\u00f3n, 1460, Dirck Bouts\" class=\"wp-image-15229\" title=\"La Justicia de Ot\u00f3n, 1460, Dirck Bouts\" srcset=\"https:\/\/www.aparences.net\/wp-content\/uploads\/2010\/11\/bouts_panneaux_justice.png 523w, https:\/\/www.aparences.net\/wp-content\/uploads\/2010\/11\/bouts_panneaux_justice-300x246.png 300w\" sizes=\"auto, (max-width: 523px) 100vw, 523px\" \/><\/a><figcaption class=\"wp-element-caption\"><em><strong>La Justicia de Ot\u00f3n<\/strong> &#8211; Suplicio de un inocente, 1460, <strong>Dirck Bouts<\/strong> <\/em><br><em>(Bruselas, Museos Reales de Bellas Artes)<\/em><\/figcaption><\/figure>\n<\/div>","protected":false},"excerpt":{"rendered":"<p>Carlos el Temerario, de personalidad compleja, prefigura al pr\u00edncipe del Renacimiento por su amor a la gloria, su atormentada imaginaci\u00f3n y su absolutismo.<\/p>\n","protected":false},"author":2,"featured_media":26686,"comment_status":"closed","ping_status":"closed","sticky":false,"template":"","format":"standard","meta":{"footnotes":""},"categories":[2314],"tags":[2528,5076,2584,5077],"class_list":["post-13098","post","type-post","status-publish","format-standard","has-post-thumbnail","hentry","category-los-duques-de-borgona","tag-carlos-el-temerario","tag-carlos-i-de-valois","tag-duques-de-borgona","tag-historiografia-y-manipulacion"],"yoast_head":"<!-- This site is optimized with the Yoast SEO plugin v27.2 - https:\/\/yoast.com\/product\/yoast-seo-wordpress\/ -->\n<title>Carlos el Temerario<\/title>\n<meta name=\"description\" content=\"Carlos el Temerario, de personalidad compleja, prefigura al pr\u00edncipe del Renacimiento por su amor a la gloria, su atormentada imaginaci\u00f3n y su absolutismo.\" \/>\n<meta name=\"robots\" content=\"index, follow, max-snippet:-1, max-image-preview:large, max-video-preview:-1\" \/>\n<link rel=\"canonical\" href=\"https:\/\/www.aparences.net\/es\/arte-y-mecenazgo\/los-duques-de-borgona\/carlos-el-temerario\/\" \/>\n<meta property=\"og:locale\" content=\"es_ES\" \/>\n<meta property=\"og:type\" content=\"article\" \/>\n<meta property=\"og:title\" content=\"Carlos el Temerario\" \/>\n<meta property=\"og:description\" content=\"Carlos el Temerario, de personalidad compleja, prefigura al pr\u00edncipe del Renacimiento por su amor a la gloria, su atormentada imaginaci\u00f3n y su absolutismo.\" \/>\n<meta property=\"og:url\" content=\"https:\/\/www.aparences.net\/es\/arte-y-mecenazgo\/los-duques-de-borgona\/carlos-el-temerario\/\" \/>\n<meta property=\"og:site_name\" content=\"Aparences\" \/>\n<meta property=\"article:published_time\" content=\"2010-04-13T21:10:14+00:00\" \/>\n<meta property=\"article:modified_time\" content=\"2025-12-11T18:40:57+00:00\" \/>\n<meta property=\"og:image\" content=\"https:\/\/www.aparences.net\/wp-content\/uploads\/2010\/04\/charles-le-temeraire.jpg\" \/>\n\t<meta property=\"og:image:width\" content=\"1080\" \/>\n\t<meta property=\"og:image:height\" content=\"540\" \/>\n\t<meta property=\"og:image:type\" content=\"image\/jpeg\" \/>\n<meta name=\"author\" content=\"admin\" \/>\n<meta name=\"twitter:card\" content=\"summary_large_image\" \/>\n<meta name=\"twitter:label1\" content=\"Escrito por\" \/>\n\t<meta name=\"twitter:data1\" content=\"admin\" \/>\n\t<meta name=\"twitter:label2\" content=\"Tiempo de lectura\" \/>\n\t<meta name=\"twitter:data2\" content=\"14 minutos\" \/>\n<script type=\"application\/ld+json\" class=\"yoast-schema-graph\">{\"@context\":\"https:\/\/schema.org\",\"@graph\":[{\"@type\":\"Article\",\"@id\":\"https:\/\/www.aparences.net\/es\/arte-y-mecenazgo\/los-duques-de-borgona\/carlos-el-temerario\/#article\",\"isPartOf\":{\"@id\":\"https:\/\/www.aparences.net\/es\/arte-y-mecenazgo\/los-duques-de-borgona\/carlos-el-temerario\/\"},\"author\":{\"name\":\"admin\",\"@id\":\"https:\/\/www.aparences.net\/es\/#\/schema\/person\/af349f6ffc31b16c68963e61268afca5\"},\"headline\":\"Carlos el Temerario\",\"datePublished\":\"2010-04-13T21:10:14+00:00\",\"dateModified\":\"2025-12-11T18:40:57+00:00\",\"mainEntityOfPage\":{\"@id\":\"https:\/\/www.aparences.net\/es\/arte-y-mecenazgo\/los-duques-de-borgona\/carlos-el-temerario\/\"},\"wordCount\":2675,\"publisher\":{\"@id\":\"https:\/\/www.aparences.net\/es\/#organization\"},\"image\":{\"@id\":\"https:\/\/www.aparences.net\/es\/arte-y-mecenazgo\/los-duques-de-borgona\/carlos-el-temerario\/#primaryimage\"},\"thumbnailUrl\":\"https:\/\/www.aparences.net\/wp-content\/uploads\/2010\/04\/charles-le-temeraire.jpg\",\"keywords\":[\"Carlos el Temerario\",\"Carlos I de Valois\",\"duques de Borgo\u00f1a\",\"historiograf\u00eda y manipulaci\u00f3n\"],\"articleSection\":[\"Los duques de Borgo\u00f1a\"],\"inLanguage\":\"es\"},{\"@type\":[\"WebPage\",\"ItemPage\"],\"@id\":\"https:\/\/www.aparences.net\/es\/arte-y-mecenazgo\/los-duques-de-borgona\/carlos-el-temerario\/\",\"url\":\"https:\/\/www.aparences.net\/es\/arte-y-mecenazgo\/los-duques-de-borgona\/carlos-el-temerario\/\",\"name\":\"Carlos el Temerario\",\"isPartOf\":{\"@id\":\"https:\/\/www.aparences.net\/es\/#website\"},\"primaryImageOfPage\":{\"@id\":\"https:\/\/www.aparences.net\/es\/arte-y-mecenazgo\/los-duques-de-borgona\/carlos-el-temerario\/#primaryimage\"},\"image\":{\"@id\":\"https:\/\/www.aparences.net\/es\/arte-y-mecenazgo\/los-duques-de-borgona\/carlos-el-temerario\/#primaryimage\"},\"thumbnailUrl\":\"https:\/\/www.aparences.net\/wp-content\/uploads\/2010\/04\/charles-le-temeraire.jpg\",\"datePublished\":\"2010-04-13T21:10:14+00:00\",\"dateModified\":\"2025-12-11T18:40:57+00:00\",\"description\":\"Carlos el Temerario, de personalidad compleja, prefigura al pr\u00edncipe del Renacimiento por su amor a la gloria, su atormentada imaginaci\u00f3n y su absolutismo.\",\"breadcrumb\":{\"@id\":\"https:\/\/www.aparences.net\/es\/arte-y-mecenazgo\/los-duques-de-borgona\/carlos-el-temerario\/#breadcrumb\"},\"inLanguage\":\"es\",\"potentialAction\":[{\"@type\":\"ReadAction\",\"target\":[\"https:\/\/www.aparences.net\/es\/arte-y-mecenazgo\/los-duques-de-borgona\/carlos-el-temerario\/\"]}]},{\"@type\":\"ImageObject\",\"inLanguage\":\"es\",\"@id\":\"https:\/\/www.aparences.net\/es\/arte-y-mecenazgo\/los-duques-de-borgona\/carlos-el-temerario\/#primaryimage\",\"url\":\"https:\/\/www.aparences.net\/wp-content\/uploads\/2010\/04\/charles-le-temeraire.jpg\",\"contentUrl\":\"https:\/\/www.aparences.net\/wp-content\/uploads\/2010\/04\/charles-le-temeraire.jpg\",\"width\":1080,\"height\":540},{\"@type\":\"BreadcrumbList\",\"@id\":\"https:\/\/www.aparences.net\/es\/arte-y-mecenazgo\/los-duques-de-borgona\/carlos-el-temerario\/#breadcrumb\",\"itemListElement\":[{\"@type\":\"ListItem\",\"position\":1,\"name\":\"Portada\",\"item\":\"https:\/\/www.aparences.net\/es\/\"},{\"@type\":\"ListItem\",\"position\":2,\"name\":\"Carlos el Temerario\"}]},{\"@type\":\"WebSite\",\"@id\":\"https:\/\/www.aparences.net\/es\/#website\",\"url\":\"https:\/\/www.aparences.net\/es\/\",\"name\":\"Aparences: Historia del Arte y Actualidad Cultural\",\"description\":\"\",\"publisher\":{\"@id\":\"https:\/\/www.aparences.net\/es\/#organization\"},\"potentialAction\":[{\"@type\":\"SearchAction\",\"target\":{\"@type\":\"EntryPoint\",\"urlTemplate\":\"https:\/\/www.aparences.net\/es\/?s={search_term_string}\"},\"query-input\":{\"@type\":\"PropertyValueSpecification\",\"valueRequired\":true,\"valueName\":\"search_term_string\"}}],\"inLanguage\":\"es\"},{\"@type\":\"Organization\",\"@id\":\"https:\/\/www.aparences.net\/es\/#organization\",\"name\":\"Aparences: Historia del Arte y Actualidad Cultural\",\"url\":\"https:\/\/www.aparences.net\/es\/\",\"logo\":{\"@type\":\"ImageObject\",\"inLanguage\":\"es\",\"@id\":\"https:\/\/www.aparences.net\/es\/#\/schema\/logo\/image\/\",\"url\":\"https:\/\/www.aparences.net\/wp-content\/uploads\/2023\/09\/logo-quadrat-color-e1695915315229.png\",\"contentUrl\":\"https:\/\/www.aparences.net\/wp-content\/uploads\/2023\/09\/logo-quadrat-color-e1695915315229.png\",\"width\":120,\"height\":120,\"caption\":\"Aparences: Historia del Arte y Actualidad Cultural\"},\"image\":{\"@id\":\"https:\/\/www.aparences.net\/es\/#\/schema\/logo\/image\/\"}},{\"@type\":\"Person\",\"@id\":\"https:\/\/www.aparences.net\/es\/#\/schema\/person\/af349f6ffc31b16c68963e61268afca5\",\"name\":\"admin\",\"url\":\"https:\/\/www.aparences.net\/es\/author\/admin\/\"}]}<\/script>\n<!-- \/ Yoast SEO plugin. -->","yoast_head_json":{"title":"Carlos el Temerario","description":"Carlos el Temerario, de personalidad compleja, prefigura al pr\u00edncipe del Renacimiento por su amor a la gloria, su atormentada imaginaci\u00f3n y su absolutismo.","robots":{"index":"index","follow":"follow","max-snippet":"max-snippet:-1","max-image-preview":"max-image-preview:large","max-video-preview":"max-video-preview:-1"},"canonical":"https:\/\/www.aparences.net\/es\/arte-y-mecenazgo\/los-duques-de-borgona\/carlos-el-temerario\/","og_locale":"es_ES","og_type":"article","og_title":"Carlos el Temerario","og_description":"Carlos el Temerario, de personalidad compleja, prefigura al pr\u00edncipe del Renacimiento por su amor a la gloria, su atormentada imaginaci\u00f3n y su absolutismo.","og_url":"https:\/\/www.aparences.net\/es\/arte-y-mecenazgo\/los-duques-de-borgona\/carlos-el-temerario\/","og_site_name":"Aparences","article_published_time":"2010-04-13T21:10:14+00:00","article_modified_time":"2025-12-11T18:40:57+00:00","og_image":[{"width":1080,"height":540,"url":"https:\/\/www.aparences.net\/wp-content\/uploads\/2010\/04\/charles-le-temeraire.jpg","type":"image\/jpeg"}],"author":"admin","twitter_card":"summary_large_image","twitter_misc":{"Escrito por":"admin","Tiempo de lectura":"14 minutos"},"schema":{"@context":"https:\/\/schema.org","@graph":[{"@type":"Article","@id":"https:\/\/www.aparences.net\/es\/arte-y-mecenazgo\/los-duques-de-borgona\/carlos-el-temerario\/#article","isPartOf":{"@id":"https:\/\/www.aparences.net\/es\/arte-y-mecenazgo\/los-duques-de-borgona\/carlos-el-temerario\/"},"author":{"name":"admin","@id":"https:\/\/www.aparences.net\/es\/#\/schema\/person\/af349f6ffc31b16c68963e61268afca5"},"headline":"Carlos el Temerario","datePublished":"2010-04-13T21:10:14+00:00","dateModified":"2025-12-11T18:40:57+00:00","mainEntityOfPage":{"@id":"https:\/\/www.aparences.net\/es\/arte-y-mecenazgo\/los-duques-de-borgona\/carlos-el-temerario\/"},"wordCount":2675,"publisher":{"@id":"https:\/\/www.aparences.net\/es\/#organization"},"image":{"@id":"https:\/\/www.aparences.net\/es\/arte-y-mecenazgo\/los-duques-de-borgona\/carlos-el-temerario\/#primaryimage"},"thumbnailUrl":"https:\/\/www.aparences.net\/wp-content\/uploads\/2010\/04\/charles-le-temeraire.jpg","keywords":["Carlos el Temerario","Carlos I de Valois","duques de Borgo\u00f1a","historiograf\u00eda y manipulaci\u00f3n"],"articleSection":["Los duques de Borgo\u00f1a"],"inLanguage":"es"},{"@type":["WebPage","ItemPage"],"@id":"https:\/\/www.aparences.net\/es\/arte-y-mecenazgo\/los-duques-de-borgona\/carlos-el-temerario\/","url":"https:\/\/www.aparences.net\/es\/arte-y-mecenazgo\/los-duques-de-borgona\/carlos-el-temerario\/","name":"Carlos el Temerario","isPartOf":{"@id":"https:\/\/www.aparences.net\/es\/#website"},"primaryImageOfPage":{"@id":"https:\/\/www.aparences.net\/es\/arte-y-mecenazgo\/los-duques-de-borgona\/carlos-el-temerario\/#primaryimage"},"image":{"@id":"https:\/\/www.aparences.net\/es\/arte-y-mecenazgo\/los-duques-de-borgona\/carlos-el-temerario\/#primaryimage"},"thumbnailUrl":"https:\/\/www.aparences.net\/wp-content\/uploads\/2010\/04\/charles-le-temeraire.jpg","datePublished":"2010-04-13T21:10:14+00:00","dateModified":"2025-12-11T18:40:57+00:00","description":"Carlos el Temerario, de personalidad compleja, prefigura al pr\u00edncipe del Renacimiento por su amor a la gloria, su atormentada imaginaci\u00f3n y su absolutismo.","breadcrumb":{"@id":"https:\/\/www.aparences.net\/es\/arte-y-mecenazgo\/los-duques-de-borgona\/carlos-el-temerario\/#breadcrumb"},"inLanguage":"es","potentialAction":[{"@type":"ReadAction","target":["https:\/\/www.aparences.net\/es\/arte-y-mecenazgo\/los-duques-de-borgona\/carlos-el-temerario\/"]}]},{"@type":"ImageObject","inLanguage":"es","@id":"https:\/\/www.aparences.net\/es\/arte-y-mecenazgo\/los-duques-de-borgona\/carlos-el-temerario\/#primaryimage","url":"https:\/\/www.aparences.net\/wp-content\/uploads\/2010\/04\/charles-le-temeraire.jpg","contentUrl":"https:\/\/www.aparences.net\/wp-content\/uploads\/2010\/04\/charles-le-temeraire.jpg","width":1080,"height":540},{"@type":"BreadcrumbList","@id":"https:\/\/www.aparences.net\/es\/arte-y-mecenazgo\/los-duques-de-borgona\/carlos-el-temerario\/#breadcrumb","itemListElement":[{"@type":"ListItem","position":1,"name":"Portada","item":"https:\/\/www.aparences.net\/es\/"},{"@type":"ListItem","position":2,"name":"Carlos el Temerario"}]},{"@type":"WebSite","@id":"https:\/\/www.aparences.net\/es\/#website","url":"https:\/\/www.aparences.net\/es\/","name":"Aparences: Historia del Arte y Actualidad Cultural","description":"","publisher":{"@id":"https:\/\/www.aparences.net\/es\/#organization"},"potentialAction":[{"@type":"SearchAction","target":{"@type":"EntryPoint","urlTemplate":"https:\/\/www.aparences.net\/es\/?s={search_term_string}"},"query-input":{"@type":"PropertyValueSpecification","valueRequired":true,"valueName":"search_term_string"}}],"inLanguage":"es"},{"@type":"Organization","@id":"https:\/\/www.aparences.net\/es\/#organization","name":"Aparences: Historia del Arte y Actualidad Cultural","url":"https:\/\/www.aparences.net\/es\/","logo":{"@type":"ImageObject","inLanguage":"es","@id":"https:\/\/www.aparences.net\/es\/#\/schema\/logo\/image\/","url":"https:\/\/www.aparences.net\/wp-content\/uploads\/2023\/09\/logo-quadrat-color-e1695915315229.png","contentUrl":"https:\/\/www.aparences.net\/wp-content\/uploads\/2023\/09\/logo-quadrat-color-e1695915315229.png","width":120,"height":120,"caption":"Aparences: Historia del Arte y Actualidad Cultural"},"image":{"@id":"https:\/\/www.aparences.net\/es\/#\/schema\/logo\/image\/"}},{"@type":"Person","@id":"https:\/\/www.aparences.net\/es\/#\/schema\/person\/af349f6ffc31b16c68963e61268afca5","name":"admin","url":"https:\/\/www.aparences.net\/es\/author\/admin\/"}]}},"_links":{"self":[{"href":"https:\/\/www.aparences.net\/es\/wp-json\/wp\/v2\/posts\/13098","targetHints":{"allow":["GET"]}}],"collection":[{"href":"https:\/\/www.aparences.net\/es\/wp-json\/wp\/v2\/posts"}],"about":[{"href":"https:\/\/www.aparences.net\/es\/wp-json\/wp\/v2\/types\/post"}],"author":[{"embeddable":true,"href":"https:\/\/www.aparences.net\/es\/wp-json\/wp\/v2\/users\/2"}],"replies":[{"embeddable":true,"href":"https:\/\/www.aparences.net\/es\/wp-json\/wp\/v2\/comments?post=13098"}],"version-history":[{"count":0,"href":"https:\/\/www.aparences.net\/es\/wp-json\/wp\/v2\/posts\/13098\/revisions"}],"wp:featuredmedia":[{"embeddable":true,"href":"https:\/\/www.aparences.net\/es\/wp-json\/wp\/v2\/media\/26686"}],"wp:attachment":[{"href":"https:\/\/www.aparences.net\/es\/wp-json\/wp\/v2\/media?parent=13098"}],"wp:term":[{"taxonomy":"category","embeddable":true,"href":"https:\/\/www.aparences.net\/es\/wp-json\/wp\/v2\/categories?post=13098"},{"taxonomy":"post_tag","embeddable":true,"href":"https:\/\/www.aparences.net\/es\/wp-json\/wp\/v2\/tags?post=13098"}],"curies":[{"name":"wp","href":"https:\/\/api.w.org\/{rel}","templated":true}]}}