{"id":13106,"date":"2010-04-17T17:22:54","date_gmt":"2010-04-17T15:22:54","guid":{"rendered":"https:\/\/www.aparences.net\/art-et-mecenat\/les-ducs-de-bourgogne\/felipe-el-atrevido\/"},"modified":"2025-12-11T19:40:57","modified_gmt":"2025-12-11T18:40:57","slug":"felipe-el-atrevido","status":"publish","type":"post","link":"https:\/\/www.aparences.net\/es\/arte-y-mecenazgo\/los-duques-de-borgona\/felipe-el-atrevido\/","title":{"rendered":"Felipe el Atrevido"},"content":{"rendered":"<p><!--contents--><\/p>\n\n\n<h2 class=\"wp-block-heading\">La Corte de Borgo\u00f1a, una sociedad en movimiento<\/h2>\n\n\n\n<p>La Corte de Borgo\u00f1a aparece como un microcosmos privilegiado en el tejido de la sociedad occidental del siglo XV. Donde resid\u00eda el duque, su familia y su s\u00e9quito, se formaba un peque\u00f1o estado que formaba parte del estado principal. <strong>La Corte de Borgo\u00f1a se caracterizaba por su gran movilidad<\/strong> y una pol\u00edtica de presencia del duque en las regiones donde ten\u00eda intereses importantes.<\/p>\n\n\n\n<p>Cuando <strong>Felipe II de Borgo\u00f1a, llamado el Atrevido<\/strong> (1342-1404) sucedi\u00f3 a su suegro Louis de Maele a la cabeza de los principados dirigidos por \u00e9ste \u00faltimo y bajo el reinado de <a title=\"Juan sin Miedo\" href=\"https:\/\/www.aparences.net\/es\/arte-y-mecenazgo\/los-duques-de-borgona\/juan-sin-miedo\/\">Juan Sin Miedo<\/a> (muri\u00f3 en 1419), los principales lugares de residencia estaban situados por un lado, en los territorios ancestrales de la dinast\u00eda (el Ducado de Borgo\u00f1a), y por otro, en Par\u00eds, donde Felipe el Atrevido y Juan Sin Miedo, respectivamente, como hermano y t\u00edo, y como sobrino y primo de los reyes Carlos V y Carlos VI, desempe\u00f1aron un papel importante en la turbulenta vida pol\u00edtica de la \u00e9poca. <strong>Podemos considerar que la corte de Borgo\u00f1a se manifest\u00f3 por primera vez como tal, con la creaci\u00f3n de la<\/strong> <a title=\"Orden del Tois\u00f3n de Oro\" href=\"https:\/\/www.aparences.net\/es\/arte-y-mecenazgo\/los-duques-de-borgona\/la-borgona-en-tiempos-de-felipe-el-bueno\/#la-orden-del-tois%C3%B3n-de-oro\">Orden del Tois\u00f3n de Oro<\/a> a principios de 1430, con ocasi\u00f3n de la boda de Felipe el Bueno con la Infanta Isabel de Portugal. <strong>Anteriormente, era s\u00f3lo una de las cortes principescas francesas<\/strong>, ep\u00edgono de la corte de Francia; el prop\u00f3sito del duque de Borgo\u00f1a era jugar un papel preponderante al lado del rey de Francia, el pobre rey loco Carlos VI. De acuerdo con una tradici\u00f3n que se remonta a los francos, el duque de Borgo\u00f1a, a causa de la divisi\u00f3n de sus posesiones en el pa\u00eds de par de\u00e7\u00e0 (los Pa\u00edses Bajos borgo\u00f1ones) y par de-l\u00e0 (ducado y condado de Borgo\u00f1a y territorios adyacentes), fue m\u00e1s que otros pr\u00edncipes, un n\u00f3mada. Cinco lugares fueron los preferidos por <a title=\"Felipe el Bueno\" href=\"https:\/\/www.aparences.net\/es\/arte-y-mecenazgo\/los-duques-de-borgona\/la-borgona-en-tiempos-de-felipe-el-bueno\/\">Felipe el Bueno<\/a>: Dijon, el castillo de Hesdin en Artois, Lille, Brujas, Bruselas, pero s\u00f3lo dos fueron sus preferidos: <strong>Brujas con el Palacio llamado Corte de los Pr\u00edncipes (Prinsenhof)<\/strong> y a partir de 1450, <strong>Bruselas con el Palacio de Coudenberg<\/strong>. <a title=\"Mar\u00eda de Borgo\u00f1a\" href=\"https:\/\/www.aparences.net\/es\/arte-y-mecenazgo\/los-duques-de-borgona\/maria-de-borgona\/\">Mar\u00eda de Borgo\u00f1a<\/a> regres\u00f3 a Brujas, pero Margarita de York, viuda de <a title=\"Carlos el Temerario\" href=\"https:\/\/www.aparences.net\/es\/arte-y-mecenazgo\/los-duques-de-borgona\/carlos-el-temerario\/\">Carlos el Temerario<\/a>, y su nieto Felipe el Hermoso, y luego Margarita de Austria, se establecieron en Malinas.<\/p>\n\n\n<div class=\"wp-block-image\">\n<figure class=\"aligncenter\"><a href=\"https:\/\/aparences.net\/wp-content\/uploads\/2010\/07\/cour1.jpg\"><img loading=\"lazy\" decoding=\"async\" width=\"469\" height=\"370\" src=\"https:\/\/www.aparences.net\/wp-content\/uploads\/2010\/07\/cour1.jpg\" alt=\"La leyenda de Girart del Rosell\u00f3n, miniatura, 1448\" class=\"wp-image-14164\" title=\"La leyenda de Girart del Rosell\u00f3n, miniatura, 1448\" srcset=\"https:\/\/www.aparences.net\/wp-content\/uploads\/2010\/07\/cour1.jpg 469w, https:\/\/www.aparences.net\/wp-content\/uploads\/2010\/07\/cour1-300x236.jpg 300w\" sizes=\"auto, (max-width: 469px) 100vw, 469px\" \/><\/a><figcaption class=\"wp-element-caption\"><em><strong>La leyenda de Girart del Rosell\u00f3n<\/strong>, miniatura, 1448<\/em><br><em> (Viena, \u00d6sterreichische Nacional-bibliothek) <\/em><\/figcaption><\/figure>\n<\/div>\n\n\n<p><em>El h\u00e9roe carolingio Girart de Roussillon (representado como el duque de Borgo\u00f1a, Felipe el Bueno) deja Par\u00eds con su escolta para visitar sus territorios.<\/em><\/p>\n\n\n\n<!-- AdBoxRight2020 --><ins class=\"adsbygoogle\"     style=\"display:block; margin-top:30px;\"     data-ad-client=\"ca-pub-2468002815867636\"     data-ad-slot=\"3496014735\"     data-ad-format=\"auto\"     data-full-width-responsive=\"false\"><\/ins><script> (adsbygoogle = window.adsbygoogle || []).push({});<\/script><h2 class=\"wp-block-heading\">Felipe el Atrevido (1342-1404)<\/h2>\n\n\n\n<p><strong>El ducado de Borgo\u00f1a<\/strong>, desde el siglo XI bajo la corona francesa, <strong>era un fragmento de la antigua Burgundia<\/strong>, cuya parte oriental &#8211; El Franco Condado &#8211; depend\u00eda del Imperio Germ\u00e1nico o Germania. Despu\u00e9s de la muerte sin descendencia del \u00faltimo duque capeto de Borgo\u00f1a Philippe de Rouvres, descendiente de Roberto el Piadoso, Borgo\u00f1a fue dada en 1364, por el rey Juan II de Francia a su hijo menor, <strong>Felipe de Valois, a quien la historia conoce bajo el nombre de Felipe el Atrevido<\/strong>. Nacido en Pontoise el 17 de enero de 1342, Felipe no era m\u00e1s que el cuarto hijo del rey de Francia Juan II el Bueno y de la reina Bona de Luxemburgo. <strong>Se le llama el Atrevido, por haber defendido valerosamente a su padre en 1356 durante<\/strong> <a href=\"https:\/\/es.wikipedia.org\/wiki\/Batalla_de_Poitiers_(1356)\">la batalla de Poitiers<\/a> que enfrentaba el rey de Francia Juan el Bueno y el Pr\u00edncipe Negro, heredero del trono ingl\u00e9s. Felipe y su padre fueron hechos cautivos y enviados a Burdeos donde embarcaron para ser trasladados a Inglaterra. <strong>Felipe comparti\u00f3 el cautiverio de su padre, el perdedor de Poitiers<\/strong>. Regres\u00f3 en 1360 despu\u00e9s del Tratado de Br\u00e9tigny que entregaba todo el suroeste de Francia a Inglaterra. A su regreso, Juan el Bueno recompens\u00f3 a su hijo d\u00e1ndole el ducado de Touraine y luego el gobierno del ducado de Borgo\u00f1a.<\/p>\n\n\n<div class=\"wp-block-image\">\n<figure class=\"aligncenter\"><a href=\"https:\/\/aparences.net\/wp-content\/uploads\/2010\/07\/comtes_flandre.jpg\"><img loading=\"lazy\" decoding=\"async\" width=\"244\" height=\"394\" src=\"https:\/\/www.aparences.net\/wp-content\/uploads\/2010\/07\/comtes_flandre.jpg\" alt=\"Genealog\u00eda de los Condes de Flandes, An\u00f3nimo\" class=\"wp-image-14165\" title=\"Genealog\u00eda de los Condes de Flandes, An\u00f3nimo\" srcset=\"https:\/\/www.aparences.net\/wp-content\/uploads\/2010\/07\/comtes_flandre.jpg 244w, https:\/\/www.aparences.net\/wp-content\/uploads\/2010\/07\/comtes_flandre-185x300.jpg 185w\" sizes=\"auto, (max-width: 244px) 100vw, 244px\" \/><\/a><figcaption class=\"wp-element-caption\"><em><strong>Genealog\u00eda de los Condes de Flandes<\/strong>, detalle, An\u00f3nimo <\/em><br><em>(Brujas, Grootseminarie)<\/em><\/figcaption><\/figure>\n<\/div>\n\n\n<p>En 1369 Felipe el Atrevido se cas\u00f3 con Margarita (1350-1405), hija \u00fanica del conde de Flandes, Louis de Maele. Reforma el Parlamento, el Tribunal de Cuentas y los Estados Generales, que re\u00fane a menudo en Beaune. Quince a\u00f1os despu\u00e9s, a la muerte de su suegro, <strong>Felipe el Atrevido se convirti\u00f3 gracias a su esposa en conde de Flandes<\/strong>. Siguiendo la tradici\u00f3n feudal, el primer duque de Borgo\u00f1a vel\u00f3 en aumentar sus posesiones y, como pr\u00edncipe franc\u00e9s que era, vio en la expansi\u00f3n de su poder en los Pa\u00edses Bajos una fase de la expansi\u00f3n francesa a expensas del Imperio. Felipe el Atrevido, supo impulsar su ducado en la escena pol\u00edtica y econ\u00f3mica, llegando a ser extremadamente rico.<\/p>\n\n\n<div class=\"wp-block-image\">\n<figure class=\"aligncenter\"><img loading=\"lazy\" decoding=\"async\" width=\"519\" height=\"360\" src=\"https:\/\/www.aparences.net\/wp-content\/uploads\/2010\/04\/marguerite-de-flandre-et-philippe-le-hardi.jpg\" alt=\"Retratos de Margarita de Flandes y Felipe el Atrevido\" class=\"wp-image-19978\" title=\"Retratos de Margarita de Flandes y Felipe el Atrevido\" srcset=\"https:\/\/www.aparences.net\/wp-content\/uploads\/2010\/04\/marguerite-de-flandre-et-philippe-le-hardi.jpg 519w, https:\/\/www.aparences.net\/wp-content\/uploads\/2010\/04\/marguerite-de-flandre-et-philippe-le-hardi-160x111.jpg 160w\" sizes=\"auto, (max-width: 519px) 100vw, 519px\" \/><figcaption class=\"wp-element-caption\"><em><strong>Retratos de Margarita de Flandes y Felipe el Atrevido<\/strong> <\/em><br><em>(Lille, Museo de Bellas Artes)<\/em><\/figcaption><\/figure>\n<\/div>\n\n\n<p>Felipe el Atrevido permanecer\u00e1 siempre fiel a su hermano el rey Carlos V, llamado el Sabio, y nunca olvidar\u00e1 que es ante todo un pr\u00edncipe franc\u00e9s y, como tal, obligado a tomar las armas en caso de necesidad. Tomar\u00e1 parte en muchos asedios y operaciones militares contra los ingleses junto con el condestable de Francia, Bertrand du Guesclin. A la muerte de Carlos V en 1380, su hijo, <strong>el futuro Carlos VI con tan s\u00f3lo seis a\u00f1os de edad<\/strong>, ser\u00e1n sus t\u00edos quienes asegurar\u00e1n la regencia (los duques de Borb\u00f3n, Anjou, Berry y Borgo\u00f1a). <strong>Felipe el Atrevido, sera pues, co-regente de Francia con sus hermanos durante la minor\u00eda de edad de su sobrino<\/strong>. Todos ellos eran apasionados coleccionistas y poderosos mecenas. El nombre del duque de Berry siempre quedar\u00e1 ligado a las bellas miniaturas de las <a title=\"Muy Ricas Horas hermanos Limbourg\" href=\"https:\/\/www.aparences.net\/es\/periodos\/gotico-internacional\/dominio-franco-flamenco\/#los-hermanos-limbourg\"><em>Muy Ricas Horas<\/em> de los hermanos Limbourg<\/a>, una de las maravillas de la pintura medieval, compensando la mediocridad pol\u00edtica de su papel con el esplendor de su mecenazgo. Felipe el Atrevido era, pol\u00edticamente, mucho m\u00e1s influyente.<\/p>\n\n\n<div class=\"wp-block-image\">\n<figure class=\"aligncenter\"><a href=\"https:\/\/aparences.net\/wp-content\/uploads\/2010\/07\/bondol_enluminure.jpg\"><img loading=\"lazy\" decoding=\"async\" width=\"336\" height=\"340\" src=\"https:\/\/www.aparences.net\/wp-content\/uploads\/2010\/07\/bondol_enluminure.jpg\" alt=\"El donante presenta la biblia al rey Carlos V de Francia\" class=\"wp-image-14168\" title=\"El donante presenta la biblia al rey Carlos V de Francia\" srcset=\"https:\/\/www.aparences.net\/wp-content\/uploads\/2010\/07\/bondol_enluminure.jpg 336w, https:\/\/www.aparences.net\/wp-content\/uploads\/2010\/07\/bondol_enluminure-100x100.jpg 100w, https:\/\/www.aparences.net\/wp-content\/uploads\/2010\/07\/bondol_enluminure-90x90.jpg 90w, https:\/\/www.aparences.net\/wp-content\/uploads\/2010\/07\/bondol_enluminure-75x75.jpg 75w, https:\/\/www.aparences.net\/wp-content\/uploads\/2010\/07\/bondol_enluminure-296x300.jpg 296w\" sizes=\"auto, (max-width: 336px) 100vw, 336px\" \/><\/a><figcaption class=\"wp-element-caption\"><em><strong>El donante presenta la biblia al rey Carlos V de Francia<\/strong>, Par\u00eds, 1371, <strong>Jean Bondol<\/strong> <\/em><br><em>(La Haya, Museo Meermanno-Westreenianum) <\/em><\/figcaption><\/figure>\n<\/div>\n\n\n<p><em>El consejero de Carlos V el Sabio, conociendo las inclinaciones bibli\u00f3filas de su soberano, hab\u00eda encargado un resumen en verso de la Biblia, con 269 ilustraciones. El rey hizo a\u00f1adir una portada en la que su pintor de la corte, Jean Bondol de Brujas, hab\u00eda pintado de su propia mano la presentaci\u00f3n del libro. Se representan con gran precisi\u00f3n la cabeza de gran tama\u00f1o del rey y su larga nariz, el rostro macilento de aquel erudito y jurista que no tiene nada de un caballero, la postura encorvada de un cuerpo enfermo.<\/em><\/p>\n\n\n\n<p>En 1372, el duque de Borgo\u00f1a se apoder\u00f3 de varios se\u00f1or\u00edos, entre otros, el de Santenay. El Castillo de Germolles en Borgo\u00f1a, residencia solariega de los duques de Borgo\u00f1a construido por Felipe el Atrevido y Margarita de Flandes es el \u00fanico castillo de esa dinast\u00eda que a\u00fan existe en Francia. En septiembre de 1381, cuando compr\u00f3 la morada, el duque se lo ofreci\u00f3 a su esposa que la convirti\u00f3 en un lugar agradable donde sol\u00edan pasar largas temporadas. A la muerte de su marido, Margarita de Flandes don\u00f3 Germolles a su hijo, Juan Sin Miedo. El 27 de abril de 1404, el primer duque de Borgo\u00f1a fallece de una fiebre violenta en su castillo de Hall en Hainaut. Ten\u00eda entonces sesenta y tres a\u00f1os. Ser\u00e1 enterrado en Champmol. El coraz\u00f3n de Felipe, fue trasladado al mausoleo de Saint-Denis, al lado de sus antepasados. Hab\u00eda establecido s\u00f3lidamente su linaje y hab\u00eda creado oportunidades para su expansi\u00f3n. <strong>Su hijo y sucesor<\/strong> <a title=\"Juan sin Miedo\" href=\"https:\/\/www.aparences.net\/es\/arte-y-mecenazgo\/los-duques-de-borgona\/juan-sin-miedo\/\">Juan sin Miedo<\/a> <strong>continu\u00f3 su pol\u00edtica con perseverancia y habilidad<\/strong>.<\/p>\n\n\n\n<!-- AdBoxLeft2023 --><ins class=\"adsbygoogle\" style=\"display:block\" data-ad-client=\"ca-pub-2468002815867636\" data-ad-slot=\"1318022963\" data-ad-format=\"auto\" data-full-width-responsive=\"true\"><\/ins><script> (adsbygoogle = window.adsbygoogle || []).push({});<\/script><h2 class=\"wp-block-heading\">La nobleza en los antiguos Pa\u00edses Bajos<\/h2>\n\n\n\n<p>Como en otros lugares de Occidente, los miembros de la nobleza en los antiguos Pa\u00edses Bajos pertenec\u00edan a la \u00e9lite social que se hab\u00eda desarrollado en los diferentes territorios que pertenec\u00edan al reino de Francia o al Imperio germ\u00e1nico. Procedentes de familias de diferentes or\u00edgenes, pol\u00edticos de la \u00e9lite ministerial o caballeros, sometidos a normas legales especiales o a pr\u00e1cticas consuetudinarias locales, viv\u00edan en entornos econ\u00f3micos de alto contraste. <strong>Mientras que las provincias de Hainaut y Luxemburgo eran principalmente rurales, Flandes estaba m\u00e1s urbanizada.<\/strong> En su deseo de constituirse en estado, englobando por medio de uniones personales provincias muy individualizadas, los duques de Borgo\u00f1a buscaron, dada la resistencia que opon\u00edan algunas ciudades poderosas y a veces peligrosas (<a title=\"Revuelta de Gante y Brujas\" href=\"https:\/\/www.aparences.net\/es\/arte-y-mecenazgo\/los-duques-de-borgona\/la-borgona-en-tiempos-de-felipe-el-bueno\/#tiempos-de-revueltas-y-tratados\">Revuelta de Gante y Brujas<\/a>), el apoyo de la nobleza de la que se sent\u00edan cercanos, confiri\u00e9ndole responsabilidades y cargos importantes. El objetivo de la pol\u00edtica de los pr\u00edncipes era el de&nbsp; allanar las diferencias y formar una nobleza \u00abborgo\u00f1ona\u00bb que dependiera de ellos. La creaci\u00f3n de la Orden del Tois\u00f3n de Oro, reservada a una minor\u00eda de prestigio, el deber de presencia en la corte, el desarrollo de la administraci\u00f3n central, todo iba en ese sentido: para el duque se trataba de reunir a nobles venidos de sus diversos estados y hacerlos actuar juntos. Cuando Felipe el Bueno envi\u00f3 una delegaci\u00f3n a Portugal para negociar su matrimonio (1429), estaba encabezada por el anciano se\u00f1or de Roubaix, e inclu\u00eda a Baudouin de Lannoy y Andr\u00e9 Thoulongeon, \u00e9ste \u00faltimo todav\u00eda escudero, pero nombrado chambel\u00e1n expresamente para la ocasi\u00f3n. Los dos primeros eran originarios de los estados del Norte, flamenco y artesiano (Flandes y Artois), y el \u00faltimo de los estados del Sur.<\/p>\n\n\n<div class=\"wp-block-image\">\n<figure class=\"aligncenter\"><a href=\"https:\/\/aparences.net\/wp-content\/uploads\/2010\/07\/chateau3.jpg\"><img loading=\"lazy\" decoding=\"async\" width=\"403\" height=\"370\" src=\"https:\/\/www.aparences.net\/wp-content\/uploads\/2010\/07\/chateau3.jpg\" alt=\"Castillo se\u00f1orial, miniatura, Maestro Rolin\" class=\"wp-image-14169\" title=\"Castillo se\u00f1orial, miniatura, Maestro Rolin\" srcset=\"https:\/\/www.aparences.net\/wp-content\/uploads\/2010\/07\/chateau3.jpg 403w, https:\/\/www.aparences.net\/wp-content\/uploads\/2010\/07\/chateau3-300x275.jpg 300w\" sizes=\"auto, (max-width: 403px) 100vw, 403px\" \/><\/a><figcaption class=\"wp-element-caption\"><em><strong>Castillo se\u00f1orial<\/strong>, miniatura, <strong>Maestro Rolin<\/strong> \u00abLibro de los fracasos amatorios\u00bb, h. 1495 (Par\u00eds, Biblioth\u00e8que nationale)<\/em><\/figcaption><\/figure>\n<\/div>\n\n\n<p><em>Una hermosa casa con su jard\u00edn muy cuidado en medio de fortificaciones, es el escenario de este miniatura en una historia de jardines y de amor cort\u00e9s.<\/em><\/p>\n\n\n\n<p><strong>La casa solariega era otro elemento importante para el se\u00f1or.<\/strong> Tan pronto como dispon\u00eda de medios trataba de embellecerla a\u00f1adi\u00e9ndoles nuevas edificaciones. As\u00ed, Pierre de Roubaix rodeaba su nuevo castillo de murallas y doble foso por donde transcurr\u00eda agua l\u00edmpida en la que se solazaban hermosas aves. <strong>Reservaba amplios espacios para jardines y el interior de la morada era m\u00e1s o menos lujoso y confortable<\/strong>. El apego a un hermoso se\u00f1or\u00edo se manifest\u00f3 en la opci\u00f3n de utilizar un t\u00edtulo con preferencia a otros, o incluso la adopci\u00f3n del nombre del se\u00f1or\u00edo como apellido. Tener sobre una misma tierra amplios derechos, y dejar a sus herederos uno o m\u00e1s se\u00f1or\u00edos: tales eran los cimientos del \u00e9xito. Para lograr eso, era necesario poner en marcha una verdadera pol\u00edtica territorial y una pol\u00edtica matrimonial entre linajes, orientada a la acumulaci\u00f3n de se\u00f1or\u00edos. La tierra explotada en latifundios constitu\u00eda el verdadero patrimonio familiar, y estaba sujeto a una ley especial. El hijo mayor heredaba su totalidad, pero a menudo deb\u00eda renunciar a una parte del patrimonio a favor de sus hermanos menores, y tambi\u00e9n utilizarlo para dotar a las hermanas cuando no dispon\u00eda de numerario.<\/p>\n\n\n<div class=\"wp-block-image\">\n<figure class=\"aligncenter\"><a href=\"https:\/\/aparences.net\/wp-content\/uploads\/2010\/07\/barthelemy_anglais.jpg\"><img loading=\"lazy\" decoding=\"async\" width=\"344\" height=\"400\" src=\"https:\/\/www.aparences.net\/wp-content\/uploads\/2010\/07\/barthelemy_anglais.jpg\" alt=\"Cuatro etapas de la vida de un caballero del siglo XV, Barth\u00e9lemy l'Anglais\" class=\"wp-image-14170\" title=\"Cuatro etapas de la vida de un caballero del siglo XV, Barth\u00e9lemy l'Anglais\" srcset=\"https:\/\/www.aparences.net\/wp-content\/uploads\/2010\/07\/barthelemy_anglais.jpg 344w, https:\/\/www.aparences.net\/wp-content\/uploads\/2010\/07\/barthelemy_anglais-258x300.jpg 258w\" sizes=\"auto, (max-width: 344px) 100vw, 344px\" \/><\/a><figcaption class=\"wp-element-caption\"><em><strong>Cuatro etapas de la vida de un caballero del siglo XV<\/strong>Miniatura <strong>Barth\u00e9lemy l&#8217;Anglais<\/strong>, Libro de las Propiedades de las cosas, Holanda del Sur, h. 1470 (Par\u00eds, Biblioteca Nacional)<\/em><\/figcaption><\/figure>\n<\/div>\n\n\n<p><em>En la miniatura aparecen las cuatro edades del hombre: el ni\u00f1o en su andador, el joven con su halc\u00f3n, el caballero adulto y el anciano con un bast\u00f3n.<\/em><\/p>\n\n\n\n<p>Como en todas las cortes europeas, <strong>la vida en la corte de los duques de Borgo\u00f1a iba rimada por las fiestas y celebraciones religiosas del ciclo lit\u00fargico y eventos familiares como bodas o nacimientos<\/strong>. La fiestas de la corte comportaban siempre los mismos elementos: un banquete, una baile, justas y torneos organizados de forma convencional en un \u00e1rea determinada, bajo la responsabilidad de los \u00e1rbitros y oficiales de armas. Las grandes fiestas de caballer\u00eda con motivo de bodas y otras conmemoraciones tuvieron mucho \u00e9xito. Los banquetes, justas y torneos pod\u00edan extenderse por espacio de varios d\u00edas. <strong>El llamado Banquete del Fais\u00e1n ofrecido el 17 de febrero de 1454 a la ciudad de Lille por Felipe el Bueno, en el transcurso del cual renov\u00f3 p\u00fablicamente su voto de cruzada<\/strong>, en los mismos t\u00e9rminos en que lo hab\u00eda hecho ante el cap\u00edtulo de la Orden del Tois\u00f3n de Oro de Mons, es famoso por las escenas que fueron representadas durante el \u00e1gape, mezcla de novelas de caballer\u00eda y de moral, del estilo de las que que pintaron despu\u00e9s <a title=\"El Bosco\" href=\"https:\/\/www.aparences.net\/es\/periodos\/el-renacimiento-nordico\/el-bosco\/\">El Bosco<\/a> y <a title=\"Pieter Bruegel\" href=\"https:\/\/www.aparences.net\/es\/periodos\/el-renacimiento-nordico\/pieter-bruegel\/\">Pieter Bruegel<\/a>. Los torneos terminaban generalmente con un banquete. La idea de este tipo de festejos, probablemente no era una creaci\u00f3n original de la corte borgo\u00f1ona. Podr\u00edamos encontrar su fuente en los que acompa\u00f1aron el matrimonio de Felipe el Bueno e Isabel de Portugal en Lisboa en 1429, y durante los entremets de la cena ofrecida en la boda de Luis de Saboya y Ana de Chipre en Chamb\u00e9ry, en 1434. Jean Lefevre de Saint-Remy, que fue el rey de armas (Vellocino de Oro), pose\u00eda un relato del primero y hab\u00eda asistido con Felipe el Bueno al segundo.<\/p>\n\n\n<div class=\"wp-block-image\">\n<figure class=\"aligncenter\"><a href=\"https:\/\/aparences.net\/wp-content\/uploads\/2010\/07\/banquet.jpg\"><img loading=\"lazy\" decoding=\"async\" width=\"455\" height=\"370\" src=\"https:\/\/www.aparences.net\/wp-content\/uploads\/2010\/07\/banquet.jpg\" alt=\"Banquete en la corte de Pipino de Herstal, miniatura\" class=\"wp-image-14171\" title=\"Banquete en la corte de Pipino de Herstal, miniatura\" srcset=\"https:\/\/www.aparences.net\/wp-content\/uploads\/2010\/07\/banquet.jpg 455w, https:\/\/www.aparences.net\/wp-content\/uploads\/2010\/07\/banquet-300x243.jpg 300w\" sizes=\"auto, (max-width: 455px) 100vw, 455px\" \/><\/a><figcaption class=\"wp-element-caption\"><em><strong>Banquete en la corte de Pipino de Herstal<\/strong>, miniatura, <strong>David Aubert<\/strong> en Historia de Carlos Martel, 1465 (Bruselas, Biblioteca Real)<\/em><\/figcaption><\/figure>\n<\/div>\n\n\n<p><strong>Todos los medios eran buenos para mantener o aumentar la herencia<\/strong>. Las donaciones del pr\u00edncipe consist\u00edan en tierras y derechos. Tambi\u00e9n pod\u00eda elevar el rango, por ejemplo convertir unas tierras sin t\u00edtulo en condado. Las esposas elegidas entre las hijas y \u00fanicas herederas aportaban sus bienes al patrimonio familiar. <strong>Una ciudad bien poblada, econ\u00f3micamente activa, era una fuente de lucrativos derechos se\u00f1oriales<\/strong>. As\u00ed, el se\u00f1or de Comines ten\u00eda derechos sobre la pa\u00f1er\u00eda urbana que consist\u00eda en tomar de forma perp\u00e9tua dos sueldos parisinos por cada trozo de tejido fabricado en la ciudad, que utiliz\u00f3 para pagar su rescate despu\u00e9s de la batalla de Azincourt. Los derechos sobre los productos alimenticios fueron diversos. Adem\u00e1s de los derechos de pesca, el r\u00edo tambi\u00e9n daba al se\u00f1or un peaje por cada barco cargado que lo cruzaba. Tambi\u00e9n ten\u00eda el control de la gesti\u00f3n de los concejales, e incluso de la polic\u00eda del juego que autorizaba. Ciento veinticuatro feudos depend\u00edan del basti\u00f3n del duque; entre ellos la ciudad de Comines para las contribuciones indirectas (un derecho feudal llamado tonlieu sobre las mercader\u00edas y plazas de mercado).<\/p>\n\n\n<div class=\"wp-block-image\">\n<figure class=\"aligncenter\"><img loading=\"lazy\" decoding=\"async\" width=\"590\" height=\"340\" src=\"https:\/\/www.aparences.net\/wp-content\/uploads\/2010\/04\/cortege-de-mariage-histoire-charles-martel.jpg\" alt=\"Comitiva de boda, miniatura del libro Historia de Carlos Martel\" class=\"wp-image-21072\" title=\"Comitiva de boda, miniatura del libro Historia de Carlos Martel\" srcset=\"https:\/\/www.aparences.net\/wp-content\/uploads\/2010\/04\/cortege-de-mariage-histoire-charles-martel.jpg 590w, https:\/\/www.aparences.net\/wp-content\/uploads\/2010\/04\/cortege-de-mariage-histoire-charles-martel-160x92.jpg 160w\" sizes=\"auto, (max-width: 590px) 100vw, 590px\" \/><figcaption class=\"wp-element-caption\"><em><strong>Comitiva de boda<\/strong>, miniatura del libro \u00abHistoria de Carlos Martel\u00bb <strong>David Aubert<\/strong>, 1465 <\/em><br><em>(Bruselas, Biblioteca Real) <\/em><\/figcaption><\/figure>\n<\/div>\n\n\n<p><em>La novia de Henry de Metz llega con sus damas de honor y su escolta al castillo de su familia pol\u00edtica, donde se llevar\u00e1 a cabo la ceremonia de la boda y dem\u00e1s celebraciones.<\/em><\/p>\n\n\n<div class=\"wp-block-image\">\n<figure class=\"aligncenter\"><a href=\"https:\/\/aparences.net\/wp-content\/uploads\/2010\/07\/roman_rose.jpg\"><img loading=\"lazy\" decoding=\"async\" width=\"496\" height=\"370\" src=\"https:\/\/www.aparences.net\/wp-content\/uploads\/2010\/07\/roman_rose.jpg\" alt=\"Baile en la corte, Robinet Testart, Roman de la Rose\" class=\"wp-image-14172\" title=\"Baile en la corte, Robinet Testart, Roman de la Rose\" srcset=\"https:\/\/www.aparences.net\/wp-content\/uploads\/2010\/07\/roman_rose.jpg 496w, https:\/\/www.aparences.net\/wp-content\/uploads\/2010\/07\/roman_rose-300x223.jpg 300w\" sizes=\"auto, (max-width: 496px) 100vw, 496px\" \/><\/a><figcaption class=\"wp-element-caption\"><em><strong>Baile en la corte<\/strong>, miniatura atribuida a <strong>Robinet Testart<\/strong> del libro <\/em><br><em>Roman de la Rose, 1487-1495 (Oxford, Bodleian Library)<\/em><\/figcaption><\/figure>\n<\/div>\n\n\n<p><strong>El esplendor de la cortes de Borgo\u00f1a y francesa, fuertemente influenciadas por la creaci\u00f3n art\u00edstica, se distingu\u00edan por vestimentas con formas particulares propias de la \u00e9poca<\/strong>. Los ropajes extravagantes que llevaba la nobleza transformaban el cuerpo y le daban un aspecto totalmente artificial por la exageraci\u00f3n de ciertos vol\u00famenes: tocados, caperuzas, turbantes h\u00e1bilmente envueltos o drapeados para los hombres; tocados de dos puntas o en forma de cono (hennin) para las mujeres. Seg\u00fan <strong>Jouvenel des Ursins<\/strong>, cuando las damas quer\u00edan pasar de una habitaci\u00f3n a otra ten\u00edan que volverse de lado o agachar la cabeza. Llevar este tipo de vestimenta ostentosa, serv\u00eda para manifestar la pertenencia a una sociedad lujosa y refinada. El arte de la orfebrer\u00eda estaba en pleno auge. Los orfebres borgo\u00f1ones y parisinos desbordaban de imaginaci\u00f3n para poder satisfacer a aquella rica clientela. Aparecen los esmaltes en alto relieve sobre oro, emblem\u00e1ticos del arte parisino. Margarita de Flandes encarga para los aguinaldos de Navidad de 1403 una de esas joyas esmaltadas representando un calvario para ofrecerlo a Felipe el Atrevido, un precioso objeto de devoci\u00f3n y obra principesca por excelencia.<\/p>\n\n\n<div class=\"wp-block-image\">\n<figure class=\"aligncenter\"><a href=\"https:\/\/aparences.net\/wp-content\/uploads\/2010\/07\/vetements1.jpg\"><img loading=\"lazy\" decoding=\"async\" width=\"225\" height=\"400\" src=\"https:\/\/www.aparences.net\/wp-content\/uploads\/2010\/07\/vetements1.jpg\" alt=\"Las Siete Artes Liberales, miniatura, Maestro de Co\u00ebtivy\" class=\"wp-image-14173\" title=\"Las Siete Artes Liberales, miniatura, Maestro de Co\u00ebtivy \" srcset=\"https:\/\/www.aparences.net\/wp-content\/uploads\/2010\/07\/vetements1.jpg 225w, https:\/\/www.aparences.net\/wp-content\/uploads\/2010\/07\/vetements1-168x300.jpg 168w\" sizes=\"auto, (max-width: 225px) 100vw, 225px\" \/><\/a><\/figure>\n<\/div>\n\n<div class=\"wp-block-image\">\n<figure class=\"aligncenter\"><a href=\"https:\/\/aparences.net\/wp-content\/uploads\/2010\/07\/vetements.jpg\"><img loading=\"lazy\" decoding=\"async\" width=\"550\" height=\"210\" src=\"https:\/\/www.aparences.net\/wp-content\/uploads\/2010\/07\/vetements.jpg\" alt=\"Las Siete Artes Liberales, Maestro de Co\u00ebtivy\" class=\"wp-image-14174\" title=\"Las Siete Artes Liberales, Maestro de Co\u00ebtivy\" srcset=\"https:\/\/www.aparences.net\/wp-content\/uploads\/2010\/07\/vetements.jpg 550w, https:\/\/www.aparences.net\/wp-content\/uploads\/2010\/07\/vetements-300x114.jpg 300w\" sizes=\"auto, (max-width: 550px) 100vw, 550px\" \/><\/a><figcaption class=\"wp-element-caption\"><em><strong>Las Siete Artes Liberales<\/strong>, miniatura atribuida al <strong>Maestro de Co\u00ebtivy<\/strong> en <\/em><br><em>De consolatione philosophiae de Boecio, 1465 (Par\u00eds, Biblioth\u00e8que nationale)<\/em><\/figcaption><\/figure>\n<\/div>\n\n\n<p><em>Las Siete Artes Liberales estan representadas por siete mujeres, todas vestidas de lana y seda con ricos brocados de colores de acuerdo con la moda de 1465 aproximadamente.<\/em><\/p>\n\n\n\n<h2 class=\"wp-block-heading\">La caballer\u00eda<\/h2>\n\n\n\n<p><strong>Las fiestas en la corte de Borgo\u00f1a iban generalmente acompa\u00f1adas de torneos y justas<\/strong>. En la primavera de 1445, encontr\u00e1ndose la corte de Francia en Nancy, los nobles franceses que pasaban su tiempo en festejos y celebraciones, pensaron que era adecuado organizar justas y torneos como se hac\u00eda en la corte de Borgo\u00f1a. Carlos de Anjou, conde de Maine, y Juan de Luxemburgo, conde de Saint-Pol, fueron los encargados de su organizaci\u00f3n. El h\u00e9roe del torneo fue Jacques Lalaing, s\u00fabdito de <a title=\"Felipe el Bueno\" href=\"https:\/\/www.aparences.net\/es\/arte-y-mecenazgo\/los-duques-de-borgona\/la-borgona-en-tiempos-de-felipe-el-bueno\/\">Felipe el Bueno<\/a>. Despu\u00e9s del torneo, aquel \u00abbuen caballero\u00bb o \u00abcaballero sin mancha\u00bb comenz\u00f3 a viajar por Europa en busca de encuentros en las lizas: en 1446-1447, en Navarra, en la corte de Anne de Cleves, en Castilla (entr\u00f3 en liza nada menos que con Diego de Guzm\u00e1n), y en Portugal. La caballer\u00eda errante era un fen\u00f3meno europeo cuyos protagonistas en el siglo XV eran sobre todo caballeros castellanos y aragoneses: Guti\u00e9rrez de Quijada compiti\u00f3 con Juan de Luxemburgo, bastardo de Saint-Pol en la justa de Saint-Omer de 1439; Pedro V\u00e1zquez de Saavedra luch\u00f3 contra Peter Bauffremont cerca de Dijon en 1443 y luego entr\u00f3 al servicio de Felipe el Bueno, donde permaneci\u00f3 hasta su muerte en 1477. <strong>Adem\u00e1s de las justas y torneos, algunos de esos encuentros tuvieron lugar en el transcurso del espect\u00e1culo deportivo-militar llamado paso de armas, que comportaba m\u00e1s aparatosidad y despliegue de medios<\/strong>. Consist\u00eda en mantener un combate armado en el sitio y lugar indicado por un caballero, que prohib\u00eda la entrada o el paso al resto de los caballeros, salvo si quer\u00edan combatir. Fueron famosos los <em>Pasos del Arbol de Carlomagno<\/em> celebrados cerca de Dijon en 1443, el de la <em>Cabeza de Drag\u00f3n<\/em> cerca de Chinon en 1446, de la <em>Fuente de los llantos<\/em> cerca de Chalons-sur-Sa\u00f4ne en 1450, de la <em>Dama Desconocida<\/em> en Bruselas, o del <em>\u00c1rbol de Oro<\/em> en Brujas en 1468. <strong>Los pasos de armas eran una creaci\u00f3n castellana<\/strong>: los primeros pasos fueron <em>Paso de la Fuerte Ventura<\/em> en Valladolid en 1428 y sobre todo el famoso <em>Paso Honroso<\/em> protagonizado por el caballero leon\u00e9s Suero de Qui\u00f1ones a pocos kil\u00f3metros de Astorga en 1434.<\/p>\n\n\n<div class=\"wp-block-image\">\n<figure class=\"aligncenter\"><a href=\"https:\/\/aparences.net\/wp-content\/uploads\/2010\/07\/tournoi1.jpg\"><img loading=\"lazy\" decoding=\"async\" width=\"336\" height=\"400\" src=\"https:\/\/www.aparences.net\/wp-content\/uploads\/2010\/07\/tournoi1.jpg\" alt=\"Escena de torneo, Jean de Wavrin, Cr\u00f3nicas de Inglaterra\" class=\"wp-image-14175\" title=\"Escena de torneo, Jean de Wavrin, Cr\u00f3nicas de Inglaterra\" srcset=\"https:\/\/www.aparences.net\/wp-content\/uploads\/2010\/07\/tournoi1.jpg 336w, https:\/\/www.aparences.net\/wp-content\/uploads\/2010\/07\/tournoi1-252x300.jpg 252w\" sizes=\"auto, (max-width: 336px) 100vw, 336px\" \/><\/a><figcaption class=\"wp-element-caption\"><em><strong>Escena de torneo<\/strong>, Jean de Wavrin, Cr\u00f3nicas de Inglaterra, h. 1470 (Par\u00eds, Biblioth\u00e8que Nationale). Jean de Beaumont es herido mortalmente durante un torneo en la corte.<\/em><\/figcaption><\/figure>\n<\/div>\n\n\n<p>Los pasos de armas eran una forma refinada de puesta en escena de una novela de caballer\u00eda. <strong>La justa era un combate singular de hombre contra hombre a caballo<\/strong> y con lanza; <strong>el torneo era un combate colectivo<\/strong> en el que se enfrentaban dos grupos adversarios de jinetes. Los grupos de jinetes sal\u00edan de sus casas y atravesaban la ciudad, saludando en ventanas y balcones a damas, nobles o burgueses. Llegaban hasta la plaza principal que era a menudo la escena del combate. Las gradas estaban llenas de espectadores y espectadoras. Las banderas de los combatientes aparec\u00edan ricamente decoradas con sus escudos de armas. Al son de las trompetas, los jinetes galopaban alrededor de la plaza hasta el encuentro con el adversario. Estos juegos no estaban exentos de peligro. A menudo el vencido necesitaba ayuda para abandonar la liza y en ocasiones la fiesta terminaba con un buen n\u00famero de muertos y heridos.<\/p>\n\n\n<div class=\"wp-block-image\">\n<figure class=\"aligncenter\"><a href=\"https:\/\/aparences.net\/wp-content\/uploads\/2010\/07\/joutes.jpg\"><img loading=\"lazy\" decoding=\"async\" width=\"567\" height=\"370\" src=\"https:\/\/www.aparences.net\/wp-content\/uploads\/2010\/07\/joutes.jpg\" alt=\"Historia de Gillion de Trazegnies\" class=\"wp-image-14176\" title=\"Historia de Gillion de Trazegnies\" srcset=\"https:\/\/www.aparences.net\/wp-content\/uploads\/2010\/07\/joutes.jpg 567w, https:\/\/www.aparences.net\/wp-content\/uploads\/2010\/07\/joutes-300x195.jpg 300w\" sizes=\"auto, (max-width: 567px) 100vw, 567px\" \/><\/a><figcaption class=\"wp-element-caption\"><em><strong>Historia de Gillion de Trazegnies<\/strong>, 1469. Al final de un torneo, el hijo de Gillion de Trazegnies derrota al almirante musulm\u00e1n Lucion en singular combate con espada.<\/em><\/figcaption><\/figure>\n<\/div>\n\n\n<!-- AfterArticle2023 --><ins class=\"adsbygoogle\"     style=\"display:block;margin-bottom:5px;\"     data-ad-client=\"ca-pub-2468002815867636\"     data-ad-slot=\"3955176166\"     data-ad-format=\"auto\"     data-full-width-responsive=\"true\"><\/ins><script> (adsbygoogle = window.adsbygoogle || []).push({});<\/script><h2 class=\"wp-block-heading\">Las novelas de caballer\u00eda<\/h2>\n\n\n\n<p>Al lado de las populares novelas de autores cl\u00e1sicos y de cruzada de siglos anteriores siempre en boga, en la corte de Borgo\u00f1a floreci\u00f3, especialmente en el tercer cuarto del siglo XV, <strong>una literatura pseudo-hist\u00f3rica con novelas de aventuras orientales o biograf\u00edas caballerescas<\/strong>, bajo la influencia del esp\u00edritu de cruzada, por ejemplo, del ciclo carolingio <em>Charles Martel<\/em> (1448) o <em>Saladino<\/em> (antes de 1469) que se refiere al ciclo de las cruzadas. Sin embargo, a diferencia de las que se escrib\u00edan en Italia y en la Pen\u00ednsula Ib\u00e9rica, las novelas de aventuras caballerescas ten\u00edan una difusi\u00f3n m\u00e1s bien limitada y por lo tanto sin posteridad, salvo la historia <em>Los tres Hijos del Rey<\/em> que se imprimi\u00f3 en el siglo XV. En Florencia, Andrea da Barberino hizo revivir el ciclo carolingio, sobre todo en su <em>Guerrin Meschino,<\/em> g\u00e9nero que fue renovada por el florentino <a href=\"https:\/\/es.wikipedia.org\/wiki\/Morgante\">Luigi Pulci en <em>Morgante<\/em><\/a> (1460-1470), y en Calabria, por el <em>Rolando amoroso<\/em> de Matteo Mari Boiardo (1494), que continu\u00f3 <a href=\"https:\/\/www.aparences.net\/es\/tematicos\/ariosto-y-la-pintura\/\">Ariosto en su <em>Orlando Furioso<\/em><\/a> (1532). En Catalu\u00f1a, <a href=\"https:\/\/es.wikipedia.org\/wiki\/Curial_e_G%C3%BCelfa\"><em>Curial e G\u00fcelfa<\/em><\/a> (entre 1440 y 1460), cuyo h\u00e9roe es originario de Italia y donde aparecen el rey de Francia, los duques de Orleans y de Borgo\u00f1a, el conde de Foix, el marqu\u00e9s de Monferrat, y <a href=\"https:\/\/es.wikipedia.org\/wiki\/Tirante_el_Blanco\"><em>Tirant lo Blanc<\/em><\/a> (1457) \u00e9xitos de librer\u00eda hasta hoy. Finalmente en Castilla vio la luz el <a href=\"https:\/\/es.wikipedia.org\/wiki\/Amad%C3%ADs_de_Gaula\"><em>Amad\u00eds de Gaula<\/em><\/a>, relacionado con el ciclo bret\u00f3n, cuyo hom\u00f3nimo h\u00e9roe se convierte en el parang\u00f3n de la caballer\u00eda en el siglo XVI en Europa y m\u00e1s all\u00e1.<\/p>\n\n\n<div class=\"wp-block-image\">\n<figure class=\"aligncenter\"><a href=\"https:\/\/aparences.net\/wp-content\/uploads\/2010\/07\/donjon.jpg\"><img loading=\"lazy\" decoding=\"async\" width=\"444\" height=\"400\" src=\"https:\/\/www.aparences.net\/wp-content\/uploads\/2010\/07\/donjon.jpg\" alt=\"Romance de la Rosa, miniatura\" class=\"wp-image-14177\" title=\"Romance de la Rosa, miniatura\" srcset=\"https:\/\/www.aparences.net\/wp-content\/uploads\/2010\/07\/donjon.jpg 444w, https:\/\/www.aparences.net\/wp-content\/uploads\/2010\/07\/donjon-300x270.jpg 300w\" sizes=\"auto, (max-width: 444px) 100vw, 444px\" \/><\/a><figcaption class=\"wp-element-caption\"><em><strong>Romance de la Rosa<\/strong> (Roman de la Rose), miniatura, 1460 (Par\u00eds, Biblioth\u00e8que Nationale). El dios del Amor asedia la torre donde est\u00e1 encerrado Bel Accueil<\/em>.<\/figcaption><\/figure>\n<\/div>\n\n\n<p>En la corte de Borgo\u00f1a, como en el resto de Europa, otro de los pasatiempos favoritos era <strong>componer poemas y canciones de amor cort\u00e9s<\/strong>, tema que se renov\u00f3 en la corte de Francia. El tournesiano Pierre de Hauteville, llamado Pr\u00edncipe y poeta del Amor, <strong>era un poeta de la<\/strong> <a title=\"corte de Borgo\u00f1a\" href=\"https:\/\/www.aparences.net\/es\/arte-y-mecenazgo\/los-duques-de-borgona\/\">corte de Borgo\u00f1a<\/a> o pr\u00f3ximo a ella (antes de 1448). En el libro <em>El Coraz\u00f3n prendido de Amor,<\/em> Renato de Anjou (1457), utiliza el tema del cementerio de los fieles amantes y de los poetas enamorados. La idea del cementerio fue retomada por Olivier de la Marche en su <em>Caballero liberado<\/em> (1483). <strong>La caballer\u00eda encarnada por<\/strong> <a title=\"Carlos el Temerario\" href=\"https:\/\/www.aparences.net\/es\/arte-y-mecenazgo\/los-duques-de-borgona\/carlos-el-temerario\/\">Carlos el Temerario<\/a> encontr\u00f3 all\u00ed su sepultura. Esta obra fue recibida favorablemente en Castilla y fue el libro de cabecera de Carlos V. En los temas m\u00e1s cl\u00e1sicos de la poes\u00eda, el tono para todas las cortes francesas lo daba <strong>Carlos de Orleans<\/strong> y su corte de Blois, con quien Felipe el Bueno intercambiaba correspondencia po\u00e9tica, especialmente durante su largo cautiverio en Inglaterra donde adquiri\u00f3 fama escribiendo el m\u00e1s famoso de todos sus poemas, <em><strong>El bosque de la larga espera<\/strong><\/em>. Este tipo de literatura, a veces lujosamente ilustrada, proporcionaba tambi\u00e9n los argumentos de justas cuya puesta en escena a veces se explicaba en un folleto.<\/p>\n\n\n<div class=\"wp-block-image\">\n<figure class=\"aligncenter\"><a href=\"https:\/\/aparences.net\/wp-content\/uploads\/2010\/07\/heros_carolingien.jpg\"><img loading=\"lazy\" decoding=\"async\" width=\"549\" height=\"316\" src=\"https:\/\/www.aparences.net\/wp-content\/uploads\/2010\/07\/heros_carolingien.jpg\" alt=\"Miniatura de Loyset Li\u00e9det\" class=\"wp-image-14178\" title=\"Miniatura de Loyset Li\u00e9det\" srcset=\"https:\/\/www.aparences.net\/wp-content\/uploads\/2010\/07\/heros_carolingien.jpg 549w, https:\/\/www.aparences.net\/wp-content\/uploads\/2010\/07\/heros_carolingien-300x172.jpg 300w\" sizes=\"auto, (max-width: 549px) 100vw, 549px\" \/><\/a><figcaption class=\"wp-element-caption\"><em><strong>Renaud de Montauban corteja en un jard\u00edn amurallado<\/strong>, miniatura de <strong>Loyset Liedet<\/strong> (Par\u00eds, Biblioth\u00e8que Nationale)<\/em><\/figcaption><\/figure>\n<\/div>\n\n\n<p><em>Felipe el Bueno encarg\u00f3 a David Aubert escribir la historia del h\u00e9roe carolingio Renaud de Montauban. El libro, bellamente ilustrado, no se complet\u00f3 hasta 1468, un a\u00f1o despu\u00e9s de la muerte del duque.<\/em><\/p>\n\n\n\n<p><strong>Carlos de Orleans<\/strong>, era nieto de Carlos V, sobrino de Carlos VI el Loco, y padre de Luis XII. Gran se\u00f1or y poeta, vivi\u00f3 los episodios m\u00e1s tr\u00e1gicos de la Guerra de los Cien A\u00f1os. Doce a\u00f1os despu\u00e9s del asesinato de su padre por el duque de Borgo\u00f1a <a title=\"Juan sin Miedo\" href=\"https:\/\/www.aparences.net\/es\/arte-y-mecenazgo\/los-duques-de-borgona\/juan-sin-miedo\/\">Juan Sin Miedo<\/a>, se convirti\u00f3 en el jefe de una de las grandes familias feudales de Francia. Las leyes del honor impon\u00edan a aquel joven t\u00edmido, m\u00e1s atra\u00eddo por los libros que por las armas, vengar el crimen impune. Pero <strong>Carlos fue hecho prisionero en Azincourt, y encarcelado en la Torre de Londres<\/strong>. Durante sus veinticinco a\u00f1os de cautiverio en Inglaterra, aquel Hamlet franc\u00e9s, pr\u00edncipe melanc\u00f3lico atrapado en una historia demasiado cruel para \u00e9l, escrib\u00eda poemas que inmortalizaron su nombre.<\/p>\n\n\n<div class=\"wp-block-image\">\n<figure class=\"aligncenter\"><a href=\"https:\/\/aparences.net\/wp-content\/uploads\/2010\/07\/miniature_orleans.jpg\"><img loading=\"lazy\" decoding=\"async\" width=\"378\" height=\"394\" src=\"https:\/\/www.aparences.net\/wp-content\/uploads\/2010\/07\/miniature_orleans.jpg\" alt=\"Carlos de Orleans en la Torre de Londres\" class=\"wp-image-14179\" title=\"Carlos de Orleans en la Torre de Londres \" srcset=\"https:\/\/www.aparences.net\/wp-content\/uploads\/2010\/07\/miniature_orleans.jpg 378w, https:\/\/www.aparences.net\/wp-content\/uploads\/2010\/07\/miniature_orleans-287x300.jpg 287w\" sizes=\"auto, (max-width: 378px) 100vw, 378px\" \/><\/a><figcaption class=\"wp-element-caption\"><em><strong>Carlos de Orleans en la Torre de Londres<\/strong> <\/em><br><em>(Par\u00eds, Biblioth\u00e8que nationale de France)<\/em><\/figcaption><\/figure>\n<\/div>","protected":false},"excerpt":{"rendered":"<p>En la corte de Borgo\u00f1a floreci\u00f3 una literatura pseudo-hist\u00f3rica con novelas de aventuras orientales o biograf\u00edas caballerescas, bajo la influencia del esp\u00edritu de cruzada.<\/p>\n","protected":false},"author":2,"featured_media":26694,"comment_status":"closed","ping_status":"closed","sticky":false,"template":"","format":"standard","meta":{"footnotes":""},"categories":[2314],"tags":[698,2864,5038,5037,5039],"class_list":["post-13106","post","type-post","status-publish","format-standard","has-post-thumbnail","hentry","category-los-duques-de-borgona","tag-cour-de-bourgogne","tag-felipe-el-atrevido","tag-felipe-ii-de-borgona","tag-los-duques-de-borgona","tag-miniaturas"],"yoast_head":"<!-- This site is optimized with the Yoast SEO plugin v27.2 - https:\/\/yoast.com\/product\/yoast-seo-wordpress\/ -->\n<title>Felipe el Atrevido<\/title>\n<meta name=\"description\" content=\"En la corte de Borgo\u00f1a floreci\u00f3 una literatura pseudo-hist\u00f3rica con novelas de aventuras orientales o biograf\u00edas caballerescas, bajo la influencia del esp\u00edritu de cruzada.\" \/>\n<meta name=\"robots\" content=\"index, follow, max-snippet:-1, max-image-preview:large, max-video-preview:-1\" \/>\n<link rel=\"canonical\" href=\"https:\/\/www.aparences.net\/es\/arte-y-mecenazgo\/los-duques-de-borgona\/felipe-el-atrevido\/\" \/>\n<meta property=\"og:locale\" content=\"es_ES\" \/>\n<meta property=\"og:type\" content=\"article\" \/>\n<meta property=\"og:title\" content=\"Felipe el Atrevido\" \/>\n<meta property=\"og:description\" content=\"En la corte de Borgo\u00f1a floreci\u00f3 una literatura pseudo-hist\u00f3rica con novelas de aventuras orientales o biograf\u00edas caballerescas, bajo la influencia del esp\u00edritu de cruzada.\" \/>\n<meta property=\"og:url\" content=\"https:\/\/www.aparences.net\/es\/arte-y-mecenazgo\/los-duques-de-borgona\/felipe-el-atrevido\/\" \/>\n<meta property=\"og:site_name\" content=\"Aparences\" \/>\n<meta property=\"article:published_time\" content=\"2010-04-17T15:22:54+00:00\" \/>\n<meta property=\"article:modified_time\" content=\"2025-12-11T18:40:57+00:00\" \/>\n<meta property=\"og:image\" content=\"https:\/\/www.aparences.net\/wp-content\/uploads\/2010\/04\/philippe-le-hardi.jpg\" \/>\n\t<meta property=\"og:image:width\" content=\"1080\" \/>\n\t<meta property=\"og:image:height\" content=\"540\" \/>\n\t<meta property=\"og:image:type\" content=\"image\/jpeg\" \/>\n<meta name=\"author\" content=\"admin\" \/>\n<meta name=\"twitter:card\" content=\"summary_large_image\" \/>\n<meta name=\"twitter:label1\" content=\"Escrito por\" \/>\n\t<meta name=\"twitter:data1\" content=\"admin\" \/>\n\t<meta name=\"twitter:label2\" content=\"Tiempo de lectura\" \/>\n\t<meta name=\"twitter:data2\" content=\"21 minutos\" \/>\n<script type=\"application\/ld+json\" class=\"yoast-schema-graph\">{\"@context\":\"https:\/\/schema.org\",\"@graph\":[{\"@type\":\"Article\",\"@id\":\"https:\/\/www.aparences.net\/es\/arte-y-mecenazgo\/los-duques-de-borgona\/felipe-el-atrevido\/#article\",\"isPartOf\":{\"@id\":\"https:\/\/www.aparences.net\/es\/arte-y-mecenazgo\/los-duques-de-borgona\/felipe-el-atrevido\/\"},\"author\":{\"name\":\"admin\",\"@id\":\"https:\/\/www.aparences.net\/es\/#\/schema\/person\/af349f6ffc31b16c68963e61268afca5\"},\"headline\":\"Felipe el Atrevido\",\"datePublished\":\"2010-04-17T15:22:54+00:00\",\"dateModified\":\"2025-12-11T18:40:57+00:00\",\"mainEntityOfPage\":{\"@id\":\"https:\/\/www.aparences.net\/es\/arte-y-mecenazgo\/los-duques-de-borgona\/felipe-el-atrevido\/\"},\"wordCount\":4116,\"publisher\":{\"@id\":\"https:\/\/www.aparences.net\/es\/#organization\"},\"image\":{\"@id\":\"https:\/\/www.aparences.net\/es\/arte-y-mecenazgo\/los-duques-de-borgona\/felipe-el-atrevido\/#primaryimage\"},\"thumbnailUrl\":\"https:\/\/www.aparences.net\/wp-content\/uploads\/2010\/04\/philippe-le-hardi.jpg\",\"keywords\":[\"cour de Bourgogne\",\"Felipe el Atrevido\",\"Felipe II de Borgo\u00f1a\",\"los duques de Borgo\u00f1a\",\"miniaturas\"],\"articleSection\":[\"Los duques de Borgo\u00f1a\"],\"inLanguage\":\"es\"},{\"@type\":[\"WebPage\",\"ItemPage\"],\"@id\":\"https:\/\/www.aparences.net\/es\/arte-y-mecenazgo\/los-duques-de-borgona\/felipe-el-atrevido\/\",\"url\":\"https:\/\/www.aparences.net\/es\/arte-y-mecenazgo\/los-duques-de-borgona\/felipe-el-atrevido\/\",\"name\":\"Felipe el Atrevido\",\"isPartOf\":{\"@id\":\"https:\/\/www.aparences.net\/es\/#website\"},\"primaryImageOfPage\":{\"@id\":\"https:\/\/www.aparences.net\/es\/arte-y-mecenazgo\/los-duques-de-borgona\/felipe-el-atrevido\/#primaryimage\"},\"image\":{\"@id\":\"https:\/\/www.aparences.net\/es\/arte-y-mecenazgo\/los-duques-de-borgona\/felipe-el-atrevido\/#primaryimage\"},\"thumbnailUrl\":\"https:\/\/www.aparences.net\/wp-content\/uploads\/2010\/04\/philippe-le-hardi.jpg\",\"datePublished\":\"2010-04-17T15:22:54+00:00\",\"dateModified\":\"2025-12-11T18:40:57+00:00\",\"description\":\"En la corte de Borgo\u00f1a floreci\u00f3 una literatura pseudo-hist\u00f3rica con novelas de aventuras orientales o biograf\u00edas caballerescas, bajo la influencia del esp\u00edritu de cruzada.\",\"breadcrumb\":{\"@id\":\"https:\/\/www.aparences.net\/es\/arte-y-mecenazgo\/los-duques-de-borgona\/felipe-el-atrevido\/#breadcrumb\"},\"inLanguage\":\"es\",\"potentialAction\":[{\"@type\":\"ReadAction\",\"target\":[\"https:\/\/www.aparences.net\/es\/arte-y-mecenazgo\/los-duques-de-borgona\/felipe-el-atrevido\/\"]}]},{\"@type\":\"ImageObject\",\"inLanguage\":\"es\",\"@id\":\"https:\/\/www.aparences.net\/es\/arte-y-mecenazgo\/los-duques-de-borgona\/felipe-el-atrevido\/#primaryimage\",\"url\":\"https:\/\/www.aparences.net\/wp-content\/uploads\/2010\/04\/philippe-le-hardi.jpg\",\"contentUrl\":\"https:\/\/www.aparences.net\/wp-content\/uploads\/2010\/04\/philippe-le-hardi.jpg\",\"width\":1080,\"height\":540},{\"@type\":\"BreadcrumbList\",\"@id\":\"https:\/\/www.aparences.net\/es\/arte-y-mecenazgo\/los-duques-de-borgona\/felipe-el-atrevido\/#breadcrumb\",\"itemListElement\":[{\"@type\":\"ListItem\",\"position\":1,\"name\":\"Portada\",\"item\":\"https:\/\/www.aparences.net\/es\/\"},{\"@type\":\"ListItem\",\"position\":2,\"name\":\"Felipe el Atrevido\"}]},{\"@type\":\"WebSite\",\"@id\":\"https:\/\/www.aparences.net\/es\/#website\",\"url\":\"https:\/\/www.aparences.net\/es\/\",\"name\":\"Aparences: Historia del Arte y Actualidad Cultural\",\"description\":\"\",\"publisher\":{\"@id\":\"https:\/\/www.aparences.net\/es\/#organization\"},\"potentialAction\":[{\"@type\":\"SearchAction\",\"target\":{\"@type\":\"EntryPoint\",\"urlTemplate\":\"https:\/\/www.aparences.net\/es\/?s={search_term_string}\"},\"query-input\":{\"@type\":\"PropertyValueSpecification\",\"valueRequired\":true,\"valueName\":\"search_term_string\"}}],\"inLanguage\":\"es\"},{\"@type\":\"Organization\",\"@id\":\"https:\/\/www.aparences.net\/es\/#organization\",\"name\":\"Aparences: Historia del Arte y Actualidad Cultural\",\"url\":\"https:\/\/www.aparences.net\/es\/\",\"logo\":{\"@type\":\"ImageObject\",\"inLanguage\":\"es\",\"@id\":\"https:\/\/www.aparences.net\/es\/#\/schema\/logo\/image\/\",\"url\":\"https:\/\/www.aparences.net\/wp-content\/uploads\/2023\/09\/logo-quadrat-color-e1695915315229.png\",\"contentUrl\":\"https:\/\/www.aparences.net\/wp-content\/uploads\/2023\/09\/logo-quadrat-color-e1695915315229.png\",\"width\":120,\"height\":120,\"caption\":\"Aparences: Historia del Arte y Actualidad Cultural\"},\"image\":{\"@id\":\"https:\/\/www.aparences.net\/es\/#\/schema\/logo\/image\/\"}},{\"@type\":\"Person\",\"@id\":\"https:\/\/www.aparences.net\/es\/#\/schema\/person\/af349f6ffc31b16c68963e61268afca5\",\"name\":\"admin\",\"url\":\"https:\/\/www.aparences.net\/es\/author\/admin\/\"}]}<\/script>\n<!-- \/ Yoast SEO plugin. -->","yoast_head_json":{"title":"Felipe el Atrevido","description":"En la corte de Borgo\u00f1a floreci\u00f3 una literatura pseudo-hist\u00f3rica con novelas de aventuras orientales o biograf\u00edas caballerescas, bajo la influencia del esp\u00edritu de cruzada.","robots":{"index":"index","follow":"follow","max-snippet":"max-snippet:-1","max-image-preview":"max-image-preview:large","max-video-preview":"max-video-preview:-1"},"canonical":"https:\/\/www.aparences.net\/es\/arte-y-mecenazgo\/los-duques-de-borgona\/felipe-el-atrevido\/","og_locale":"es_ES","og_type":"article","og_title":"Felipe el Atrevido","og_description":"En la corte de Borgo\u00f1a floreci\u00f3 una literatura pseudo-hist\u00f3rica con novelas de aventuras orientales o biograf\u00edas caballerescas, bajo la influencia del esp\u00edritu de cruzada.","og_url":"https:\/\/www.aparences.net\/es\/arte-y-mecenazgo\/los-duques-de-borgona\/felipe-el-atrevido\/","og_site_name":"Aparences","article_published_time":"2010-04-17T15:22:54+00:00","article_modified_time":"2025-12-11T18:40:57+00:00","og_image":[{"width":1080,"height":540,"url":"https:\/\/www.aparences.net\/wp-content\/uploads\/2010\/04\/philippe-le-hardi.jpg","type":"image\/jpeg"}],"author":"admin","twitter_card":"summary_large_image","twitter_misc":{"Escrito por":"admin","Tiempo de lectura":"21 minutos"},"schema":{"@context":"https:\/\/schema.org","@graph":[{"@type":"Article","@id":"https:\/\/www.aparences.net\/es\/arte-y-mecenazgo\/los-duques-de-borgona\/felipe-el-atrevido\/#article","isPartOf":{"@id":"https:\/\/www.aparences.net\/es\/arte-y-mecenazgo\/los-duques-de-borgona\/felipe-el-atrevido\/"},"author":{"name":"admin","@id":"https:\/\/www.aparences.net\/es\/#\/schema\/person\/af349f6ffc31b16c68963e61268afca5"},"headline":"Felipe el Atrevido","datePublished":"2010-04-17T15:22:54+00:00","dateModified":"2025-12-11T18:40:57+00:00","mainEntityOfPage":{"@id":"https:\/\/www.aparences.net\/es\/arte-y-mecenazgo\/los-duques-de-borgona\/felipe-el-atrevido\/"},"wordCount":4116,"publisher":{"@id":"https:\/\/www.aparences.net\/es\/#organization"},"image":{"@id":"https:\/\/www.aparences.net\/es\/arte-y-mecenazgo\/los-duques-de-borgona\/felipe-el-atrevido\/#primaryimage"},"thumbnailUrl":"https:\/\/www.aparences.net\/wp-content\/uploads\/2010\/04\/philippe-le-hardi.jpg","keywords":["cour de Bourgogne","Felipe el Atrevido","Felipe II de Borgo\u00f1a","los duques de Borgo\u00f1a","miniaturas"],"articleSection":["Los duques de Borgo\u00f1a"],"inLanguage":"es"},{"@type":["WebPage","ItemPage"],"@id":"https:\/\/www.aparences.net\/es\/arte-y-mecenazgo\/los-duques-de-borgona\/felipe-el-atrevido\/","url":"https:\/\/www.aparences.net\/es\/arte-y-mecenazgo\/los-duques-de-borgona\/felipe-el-atrevido\/","name":"Felipe el Atrevido","isPartOf":{"@id":"https:\/\/www.aparences.net\/es\/#website"},"primaryImageOfPage":{"@id":"https:\/\/www.aparences.net\/es\/arte-y-mecenazgo\/los-duques-de-borgona\/felipe-el-atrevido\/#primaryimage"},"image":{"@id":"https:\/\/www.aparences.net\/es\/arte-y-mecenazgo\/los-duques-de-borgona\/felipe-el-atrevido\/#primaryimage"},"thumbnailUrl":"https:\/\/www.aparences.net\/wp-content\/uploads\/2010\/04\/philippe-le-hardi.jpg","datePublished":"2010-04-17T15:22:54+00:00","dateModified":"2025-12-11T18:40:57+00:00","description":"En la corte de Borgo\u00f1a floreci\u00f3 una literatura pseudo-hist\u00f3rica con novelas de aventuras orientales o biograf\u00edas caballerescas, bajo la influencia del esp\u00edritu de cruzada.","breadcrumb":{"@id":"https:\/\/www.aparences.net\/es\/arte-y-mecenazgo\/los-duques-de-borgona\/felipe-el-atrevido\/#breadcrumb"},"inLanguage":"es","potentialAction":[{"@type":"ReadAction","target":["https:\/\/www.aparences.net\/es\/arte-y-mecenazgo\/los-duques-de-borgona\/felipe-el-atrevido\/"]}]},{"@type":"ImageObject","inLanguage":"es","@id":"https:\/\/www.aparences.net\/es\/arte-y-mecenazgo\/los-duques-de-borgona\/felipe-el-atrevido\/#primaryimage","url":"https:\/\/www.aparences.net\/wp-content\/uploads\/2010\/04\/philippe-le-hardi.jpg","contentUrl":"https:\/\/www.aparences.net\/wp-content\/uploads\/2010\/04\/philippe-le-hardi.jpg","width":1080,"height":540},{"@type":"BreadcrumbList","@id":"https:\/\/www.aparences.net\/es\/arte-y-mecenazgo\/los-duques-de-borgona\/felipe-el-atrevido\/#breadcrumb","itemListElement":[{"@type":"ListItem","position":1,"name":"Portada","item":"https:\/\/www.aparences.net\/es\/"},{"@type":"ListItem","position":2,"name":"Felipe el Atrevido"}]},{"@type":"WebSite","@id":"https:\/\/www.aparences.net\/es\/#website","url":"https:\/\/www.aparences.net\/es\/","name":"Aparences: Historia del Arte y Actualidad Cultural","description":"","publisher":{"@id":"https:\/\/www.aparences.net\/es\/#organization"},"potentialAction":[{"@type":"SearchAction","target":{"@type":"EntryPoint","urlTemplate":"https:\/\/www.aparences.net\/es\/?s={search_term_string}"},"query-input":{"@type":"PropertyValueSpecification","valueRequired":true,"valueName":"search_term_string"}}],"inLanguage":"es"},{"@type":"Organization","@id":"https:\/\/www.aparences.net\/es\/#organization","name":"Aparences: Historia del Arte y Actualidad Cultural","url":"https:\/\/www.aparences.net\/es\/","logo":{"@type":"ImageObject","inLanguage":"es","@id":"https:\/\/www.aparences.net\/es\/#\/schema\/logo\/image\/","url":"https:\/\/www.aparences.net\/wp-content\/uploads\/2023\/09\/logo-quadrat-color-e1695915315229.png","contentUrl":"https:\/\/www.aparences.net\/wp-content\/uploads\/2023\/09\/logo-quadrat-color-e1695915315229.png","width":120,"height":120,"caption":"Aparences: Historia del Arte y Actualidad Cultural"},"image":{"@id":"https:\/\/www.aparences.net\/es\/#\/schema\/logo\/image\/"}},{"@type":"Person","@id":"https:\/\/www.aparences.net\/es\/#\/schema\/person\/af349f6ffc31b16c68963e61268afca5","name":"admin","url":"https:\/\/www.aparences.net\/es\/author\/admin\/"}]}},"_links":{"self":[{"href":"https:\/\/www.aparences.net\/es\/wp-json\/wp\/v2\/posts\/13106","targetHints":{"allow":["GET"]}}],"collection":[{"href":"https:\/\/www.aparences.net\/es\/wp-json\/wp\/v2\/posts"}],"about":[{"href":"https:\/\/www.aparences.net\/es\/wp-json\/wp\/v2\/types\/post"}],"author":[{"embeddable":true,"href":"https:\/\/www.aparences.net\/es\/wp-json\/wp\/v2\/users\/2"}],"replies":[{"embeddable":true,"href":"https:\/\/www.aparences.net\/es\/wp-json\/wp\/v2\/comments?post=13106"}],"version-history":[{"count":0,"href":"https:\/\/www.aparences.net\/es\/wp-json\/wp\/v2\/posts\/13106\/revisions"}],"wp:featuredmedia":[{"embeddable":true,"href":"https:\/\/www.aparences.net\/es\/wp-json\/wp\/v2\/media\/26694"}],"wp:attachment":[{"href":"https:\/\/www.aparences.net\/es\/wp-json\/wp\/v2\/media?parent=13106"}],"wp:term":[{"taxonomy":"category","embeddable":true,"href":"https:\/\/www.aparences.net\/es\/wp-json\/wp\/v2\/categories?post=13106"},{"taxonomy":"post_tag","embeddable":true,"href":"https:\/\/www.aparences.net\/es\/wp-json\/wp\/v2\/tags?post=13106"}],"curies":[{"name":"wp","href":"https:\/\/api.w.org\/{rel}","templated":true}]}}