{"id":13118,"date":"2010-05-22T18:34:20","date_gmt":"2010-05-22T16:34:20","guid":{"rendered":"https:\/\/www.aparences.net\/periodes\/le-manierisme\/rosso-fiorentino\/"},"modified":"2025-12-11T19:40:57","modified_gmt":"2025-12-11T18:40:57","slug":"rosso-fiorentino-2","status":"publish","type":"post","link":"https:\/\/www.aparences.net\/es\/periodos\/el-manierismo\/rosso-fiorentino-2\/","title":{"rendered":"Rosso Fiorentino"},"content":{"rendered":"<p><!--contents--><\/p>\n\n\n<h2 class=\"wp-block-heading\">Rosso Fiorentino (Florencia 1494 \u2013 Fontainebleau 1540)<\/h2>\n\n\n\n<p>No se sabe nada acerca de los primeros a\u00f1os de formaci\u00f3n de Giovan Battista di Jacopo, llamado <strong>Rosso Fiorentino<\/strong> tambi\u00e9n apodado <em>il Rosso<\/em> a causa del color de sus cabellos. Ten\u00eda la misma edad que <a title=\"Pontormo\" href=\"https:\/\/www.aparences.net\/es\/periodos\/el-manierismo\/jacopo-pontormo\/\">Pontormo<\/a>, pero con un car\u00e1cter muy diferente: charlat\u00e1n, afable, de f\u00edsico agradable, amaba la filosof\u00eda y la m\u00fasica. <strong>Fue uno de los creadores del <\/strong><a href=\"https:\/\/www.aparences.net\/es\/periodos\/el-manierismo\/el-estilo-manierista\/\" data-type=\"link\" data-id=\"https:\/\/www.aparences.net\/es\/periodos\/el-manierismo\/el-estilo-manierista\/\">manierismo<\/a> <strong>florentino junto con Pontormo y otros artistas que hab\u00edan estudiado los cartones de Miguel \u00c1ngel y Leonardo da Vinci<\/strong> para las dos \u00abBatallas\u00bb (<em><a title=\"Batallas Cascina y Anghiari\" href=\"https:\/\/www.aparences.net\/es\/periodos\/el-manierismo\/el-estilo-manierista\/\">Cascina y Anghiari<\/a><\/em>) del Palacio de la Se\u00f1or\u00eda. Con una fuerza igual a la de Pontormo,<strong> Rosso Fiorentino<\/strong> busca alternativas muy diferentes. La b\u00fasqueda de lo extra\u00f1o es obtenida por la violencia, la misma virulencia con la cual la imagen juega con las formas o con los temas propuestos. El pintor parece que quiera incomodar: el <em>Descendimiento<\/em> de 1521 se ha convertido en un espect\u00e1culo de acrobacia ejecutado por marionetas sim\u00e9tricas y caricaturales; la geometr\u00eda abstracta y \u2013 eventualmente \u2013 tr\u00e1gica de la cruz y de las escaleras, se contradice con la gesticulaci\u00f3n indignada hasta lo absurdo e irrisorio. La contradicci\u00f3n se evidencia en el sentimiento religioso: el vestido de Mar\u00eda Magdalena est\u00e1 abstractamente recortado y el impulso del gesto que la precipita a los pies de Mar\u00eda es arbitrariamente irreal; Rosso ha llevado hasta lo absurdo el gusto volum\u00e9trico de <a href=\"https:\/\/www.aparences.net\/es\/periodos\/andrea-del-sarto-biografia-y-obra\/\">Andrea del Sarto<\/a>. Aqu\u00ed, la paradoja debilita la emoci\u00f3n; pero en la figura de san Juan se convierte en una llamada directa al espectador para imponerle la imagen de la desesperaci\u00f3n; esta invenci\u00f3n \u2013 que invierte la relaci\u00f3n habitual del santo con la Cruz &#8211; ser\u00e1 muy utilizada durante el <a href=\"https:\/\/www.aparences.net\/es\/periodos\/el-alto-renacimiento\/\">Cinquecento<\/a>.<\/p>\n\n\n<div class=\"wp-block-image\">\n<figure class=\"aligncenter\"><img loading=\"lazy\" decoding=\"async\" width=\"324\" height=\"429\" src=\"https:\/\/www.aparences.net\/wp-content\/uploads\/2010\/05\/rosso-fiorentino-deposition-1521-.jpg\" alt=\"Descendimiento de la Cruz, detalle, 1521, Rosso Fiorentino\" class=\"wp-image-19149\" title=\"Descendimiento de la Cruz, detalle, 1521, Rosso Fiorentino\"\/><figcaption class=\"wp-element-caption\"><em><strong>Descendimiento de la Cruz<\/strong>, detalle, 1521, <\/em><br><em><strong>Rosso Fiorentino<\/strong> (Volterra, Museo C\u00edvico)<\/em><\/figcaption><\/figure>\n<\/div>\n\n\n<p>Seg\u00fan las fuentes escritas, en 1512 <strong>Rosso realiz\u00f3 con Pontormo<\/strong> la predela (perdida) de la <em>Anunciaci\u00f3n<\/em> pintada por <a href=\"https:\/\/www.aparences.net\/es\/periodos\/andrea-del-sarto-biografia-y-obra\/\">Andrea del Sarto<\/a> para la iglesia San Gallo (actualmente Galer\u00eda Palatina de Florencia). Siempre en la linea de Andrea, junto con Pontormo y Franciabigio, Rosso trabaj\u00f3 luego para los frailes servitas de la Santissima Annunziata y <strong>pint\u00f3 al fresco<\/strong> <strong>la <em>Asunci\u00f3n de la Virgen<\/em><\/strong> en el peque\u00f1o claustro de los Voti. En la parte de abajo, los personajes de los ap\u00f3stoles no est\u00e1n exentos de <strong>la influencia de<\/strong> <a title=\"Durero\" href=\"https:\/\/www.aparences.net\/es\/periodos\/el-renacimiento-nordico\/alberto-durero\/\">Durero<\/a>, mientras que m\u00e1s arriba, en torno a la Virgen, hay un movimiento en torbellino de \u00e1ngeles de un realismo muy vivo, pero cargado. El fresco anticipa tambi\u00e9n las ideas de <strong>Rafael<\/strong> (<a title=\"Transfiguraci\u00f3n de Rafael\" href=\"https:\/\/www.aparences.net\/es\/arte-y-mecenazgo\/roma-mecenazgo-y-poder-papal\/leon-x-giovanni-de-medicis\/\"><em>Transfiguraci\u00f3n<\/em><\/a>) y de <strong>Tiziano<\/strong> (<em><a title=\"Asunci\u00f3n Tiziano\" href=\"https:\/\/www.aparences.net\/es\/escuelas\/la-pintura-veneciana\/tiziano-vecellio-biografia\/\">Asunci\u00f3n<\/a><\/em>), pero el sentido de lo sobrenatural no puede desarrollarse gloriosamente: est\u00e1 como roto por una serie de derivaciones, donde la atenci\u00f3n del espectador solo se concentra en apreciar la paradoja del color o la disonancia de una caricatura. Esta especie de efecto es tan fuerte en la <em><strong>Santa Conversaci\u00f3n o Retablo de Ognisanti<\/strong><\/em> de 1518, que el comitente rechaz\u00f3 la obra.<\/p>\n\n\n<div class=\"wp-block-image\">\n<figure class=\"aligncenter\"><img loading=\"lazy\" decoding=\"async\" width=\"420\" height=\"430\" src=\"https:\/\/www.aparences.net\/wp-content\/uploads\/2010\/05\/rosso-fiorentino-assomption-1517-santissima-annunziata-chiostro-dei-voti.jpg\" alt=\"Asunci\u00f3n, fresco, 1517, Rosso Fiorentino\" class=\"wp-image-19150\" title=\"Asunci\u00f3n, fresco, 1517, Rosso Fiorentino\"\/><figcaption class=\"wp-element-caption\"><em><strong>Asunci\u00f3n<\/strong>, fresco, 1517, <strong>Rosso Fiorentino<\/strong>, <\/em><br><em>(Florencia, Santissima Annunziata)<\/em><\/figcaption><\/figure>\n<\/div>\n\n<div class=\"wp-block-image\">\n<figure class=\"aligncenter\"><img loading=\"lazy\" decoding=\"async\" width=\"373\" height=\"460\" src=\"https:\/\/www.aparences.net\/wp-content\/uploads\/2010\/05\/rosso-fiorentino-madone-entre-quatre-saints-1518.jpg\" alt=\"Santa Conversaci\u00f3n, Rosso Fiorentino\" class=\"wp-image-19151\" title=\"Santa Conversaci\u00f3n, Rosso Fiorentino\"\/><figcaption class=\"wp-element-caption\"><em><strong>Santa Conversaci\u00f3n o Retablo de Ognissanti<\/strong>, 1518, <\/em><br><em><strong>Rosso Fiorentino<\/strong> (Florencia, Galer\u00eda de los Oficios)<\/em><\/figcaption><\/figure>\n<\/div>\n\n\n<p><em>El retablo representa la Virgen y el Ni\u00f1o entre san Juan Bautista, san Antonio Abad, san Esteban y san Jer\u00f3nimo. Las caras de los santos, oscurecidas por pesadas sombras, est\u00e1n exentas de la serenidad caracter\u00edstica de los retablos tradicionales. En Rosso, cada referencia a la cultura figurativa florentina anterior, y en particular a la de Andrea del Sarto, es retomada al amparo de modos de expresi\u00f3n de un esp\u00edritu tan diferente, que estas apacibles \u00abcl\u00e1usulas de estilo\u00bb parecen casi llevadas hasta una exacerbada caricatura, cuyo resultado habr\u00eda desconcertado a sus contempor\u00e1neos.<\/em><\/p>\n\n\n<div class=\"wp-block-image\">\n<figure class=\"aligncenter\"><img loading=\"lazy\" decoding=\"async\" width=\"620\" height=\"249\" src=\"https:\/\/www.aparences.net\/wp-content\/uploads\/2010\/05\/rosso-fiorentino-madone-entre-quatre-saints-1518-.jpg\" alt=\"Santa Conversaci\u00f3n, Rosso Fiorentino, detalle\" class=\"wp-image-19152\" title=\"Santa Conversaci\u00f3n, Rosso Fiorentino, detalle\"\/><\/figure>\n<\/div>\n\n\n<p><em>La an\u00e9cdota c\u00e9lebre de Vasari a prop\u00f3sito de este peque\u00f1o retablo lo prueba. El retablo habr\u00eda sido encargado a Rosso en 1518 por Leonardo Buonafede, rector del hospital de Santa Maria Nuova, pero tan pronto como vio \u00abtodos estos santos diab\u00f3licos, Rosso teniendo por costumbre pintar en sus bocetos al \u00f3leo <strong>ciertas fisonom\u00edas crueles y extraviadas<\/strong>\u2026, huy\u00f3 de su casa y ya no quiso el retablo, diciendo que se le hab\u00eda enga\u00f1ado.\u00bb<\/em><\/p>\n\n\n\n<!-- AdBoxRight2020 --><ins class=\"adsbygoogle\"     style=\"display:block; margin-top:30px;\"     data-ad-client=\"ca-pub-2468002815867636\"     data-ad-slot=\"3496014735\"     data-ad-format=\"auto\"     data-full-width-responsive=\"false\"><\/ins><script> (adsbygoogle = window.adsbygoogle || []).push({});<\/script><h2 class=\"wp-block-heading\">El descendimiento de la Cruz de Volterra<\/h2>\n\n\n\n<p><strong>Rosso Fiorentino<\/strong> se alej\u00f3 de Florencia durante tres a\u00f1os. Residi\u00f3 sobre todo en Piombino, en la corte de los Appiano, y en Volterra. <strong>Durante su estancia en Volterra, realiz\u00f3 el<\/strong> <em><strong>Descendimiento de la Cruz<\/strong><\/em>, firmada y datada, para la capilla de la compa\u00f1\u00eda de la Cruz, situada cerca de la iglesia San Francesco. <strong>Se trata del cuadro m\u00e1s c\u00e9lebre de Rosso<\/strong>, apreciado por su fuerza expresiva y dram\u00e1tica. La escena ocupa todo el primer plano, sobre el fondo azul de un cielo raso y abstracto. Est\u00e1 construida a base de l\u00edneas quebradas en torno a la cruz y las escaleras. Los personajes, muy alterados, se caracterizan por formas alargadas y angulosas, con poses deformadas y acrob\u00e1ticas, con caras grotescas, trastornadas por el dolor y el desconcierto. Los colores son vivos y brillantes, cambiantes y complementarios. Dominan los rojos y los amarillos encendidos a causa de las violentas proyecciones de una luz sobrenatural. <strong>Los v\u00ednculos con el<\/strong> <a href=\"https:\/\/www.aparences.net\/es\/periodos\/el-alto-renacimiento-en-pintura\/\">clasicismo florentino del Renacimiento<\/a>, entonces en pleno desarrollo, <strong>son mantenidos en apariencia<\/strong>, sobre todo como m\u00e9todo estil\u00edstico, pero las variaciones alcanzan una tensi\u00f3n tan desesperada, unas tonalidades tan exageradas, que el tema fundamental es apenas reconocible.<\/p>\n\n\n<div class=\"wp-block-image\">\n<figure class=\"aligncenter\"><img loading=\"lazy\" decoding=\"async\" width=\"266\" height=\"458\" src=\"https:\/\/www.aparences.net\/wp-content\/uploads\/2010\/05\/rosso-fiorentino-deposition-1521-volterra-pinacoteque-.jpg\" alt=\"Descendimiento de la Cruz, 1521, Rosso Fiorentino\" class=\"wp-image-19153\" title=\"Descendimiento de la Cruz, 1521, Rosso Fiorentino, Volterra, Museo C\u00edvico\"\/><figcaption class=\"wp-element-caption\"><em><strong>Descendimiento de la Cruz<\/strong>, 1521, <strong>Rosso Fiorentino<\/strong> <\/em><br><em>(Volterra, Museo C\u00edvico)<\/em><\/figcaption><\/figure>\n<\/div>\n\n\n<p><em>Las acrobacias improbables sobre la escaleras de estos personajes, demacrados y con aspecto diab\u00f3lico, reunidos en torno al cuerpo l\u00edvido e indefenso. El movimiento apasionado de una Santa mujer de rojo y transida de dolor, aferrada a las rodillas de la Virgen, mientras que un san Juan desesperado se mantiene discretamente apartado con la cabeza entre las manos. La imagen es tr\u00e1gica. Pero lo es indirectamente, a causa del malestar que suscita el tratamiento parad\u00f3jico, caricatural a veces, de estas figuras tan conocidas. <\/em><\/p>\n\n\n<div class=\"wp-block-image\">\n<figure class=\"aligncenter\"><img loading=\"lazy\" decoding=\"async\" width=\"610\" height=\"329\" src=\"https:\/\/www.aparences.net\/wp-content\/uploads\/2010\/05\/rosso-fiorentino-deposition-1521-volterra-pinacoteque.jpg\" alt=\"Descendimiento de la Cruz, 1521, Rosso Fiorentino, detalle\" class=\"wp-image-19154\" title=\"Descendimiento de la Cruz, 1521, Rosso Fiorentino, detalle\"\/><\/figure>\n<\/div>\n\n\n<p><em>Desplazando el sentimiento, obligando al espectador a un desdoblamiento de su percepci\u00f3n ante un tema tan abundantemente representado, Rosso quiere molestar. De esta manera se sit\u00faa, as\u00ed, de golpe,&nbsp; como uno de los primeros grandes manieristas toscanos; crea su propia manera, fuente de eventuales encargos; revela tambi\u00e9n un rasgo fundamental que aparece en las m\u00e1s <strong>grandes pinturas religiosas<\/strong> <a title=\"manieristas\" href=\"https:\/\/www.aparences.net\/es\/periodos\/el-manierismo\/\">manieristas<\/a>: la dificultad de vivir armoniosamente la fe cristiana durante aquellos agitados a\u00f1os.<\/em><\/p>\n\n\n\n<p><strong>La imagen religiosa manierista<\/strong> puede sin embargo adquirir otras complejidades, a trav\u00e9s de las cuales, se expresa una fe real, e incluso una llamada ardiente hacia la divinidad. <strong>En en el cuadro<\/strong> <em><strong>La Sagrada Familia<\/strong><\/em>, tambi\u00e9n llamado <em>All\u00e9gor\u00eda de la Salvaci\u00f3n<\/em> <strong>las paradojas se multiplican<\/strong> : santa Ana (Isabel?) se ha convertido en una pitonisa, una bruja o una Parca caricatural, que intenta arrancar a una Virgen vestida de negro, un Ni\u00f1o aterrorizado, mientras que en primer plano, se halla extendido el cuerpo desnudo de un adolescente muerto\/dormido \u2013 debiendo tratarse de san Juan Bautista. Lo que destaca de la estridencia corrosiva de la imagen, es el sentimiento de una muerte inminente, de un desastre ineluctable, de una desgarramiento tr\u00e1gico: el esc\u00e1ndalo de la muerte de Jes\u00fas. El pintor hace que el espectador lo perciba, rompiendo deliberadamente con la atm\u00f3sfera tradicionalmente alegre de este tipo de escena: la muerte de Cristo solo se recordaba disimulando alg\u00fan s\u00edmbolo o emblema (por ejemplo, la pulsera roja en el brazo del Ni\u00f1o en la <a title=\"Virgen de la Rosa Parmigianino\" href=\"https:\/\/www.aparences.net\/es\/periodos\/el-manierismo\/parmigianino-biografia\/\"><em>Virgen de la Rosa<\/em> de Parmigianino<\/a>); aqu\u00ed est\u00e1 presente en la inquietud que se apodera del espectador, enfrentado a una escena extra\u00f1a y horrible.<\/p>\n\n\n<div class=\"wp-block-image\">\n<figure class=\"aligncenter\"><img loading=\"lazy\" decoding=\"async\" width=\"340\" height=\"460\" src=\"https:\/\/www.aparences.net\/wp-content\/uploads\/2010\/05\/rosso-fiorentino-allegorie-salvation-1521.jpg\" alt=\"Sagrada Familia, Rosso Fiorentino\" class=\"wp-image-19155\" title=\"Sagrada Familia, Rosso Fiorentino\"\/><figcaption class=\"wp-element-caption\"><em><strong>Sagrada Familia <\/strong>o Alegor\u00eda de la Salvaci\u00f3n, c. 1521, <strong>Rosso Fiorentino<\/strong><\/em><br><em> (Los \u00c1ngeles, County Museum of Art)<\/em><\/figcaption><\/figure>\n<\/div>\n\n\n<p><strong>De regreso a Florencia<\/strong>, en 1521-1522, <strong>Rosso Fiorentino<\/strong> pint\u00f3 los retablos monumentales de dos importantes iglesias, uno para la capilla Dei en la iglesia del Santo Spirito, y otro para la capilla Ginori en San Lorenzo: <em><strong>Los desposorios de la Virgen<\/strong><\/em> donde el pintor utiliza un lenguaje m\u00e1s monumental que en el <em>Retablo Dei<\/em> y un cromatismo brillante, optando casi por una inspirada soluci\u00f3n clasicista. <em><strong>Las hijas de Jethro<\/strong><\/em> pondr\u00e1n punto final al periodo florentino, con esta obra \u00fanica donde el pintor pone de manifiesto su excepcional habilidad, donde <strong>los vol\u00famenes din\u00e1micos inspirados de<\/strong> <a href=\"https:\/\/www.aparences.net\/es\/arte-y-mecenazgo\/los-fresquistas-florentinos\/miguel-angel-frescos-de-la-sixtina\/\">Miguel \u00c0ngel<\/a> son condensados en una estructura totalmente estratificada y entrecortada, en un violento desencadenamiento de fuerzas con efectos abstractos y preciosos.<\/p>\n\n\n<div class=\"wp-block-image\">\n<figure class=\"aligncenter\"><img loading=\"lazy\" decoding=\"async\" width=\"530\" height=\"392\" src=\"https:\/\/www.aparences.net\/wp-content\/uploads\/2010\/05\/rosso-fiorentino-noces-de-la-vierge-1523.jpg\" alt=\"Desposorios de la Virgen, 1523, Rosso Fiorentino\" class=\"wp-image-19156\" title=\"Desposorios de la Virgen, 1523, Rosso Fiorentino\"\/><figcaption class=\"wp-element-caption\"><em><strong>Desposorios de la Virgen<\/strong>, 1523, <strong>Rosso Fiorentino<\/strong><\/em><br><em> (Florencia, iglesia San Lorenzo)<\/em><\/figcaption><\/figure>\n<\/div>\n\n\n<p><em>Este retablo, firmado y datado, fue encargado por Carlo Ginori para el altar de su capilla particular \u2013 dedicada a la Virgen y a san Jos\u00e9&nbsp; \u2013 en San Lorenzo. Pero la obra representa otros santos venerados por Ginori: abajo, sobre las escaleras, santa Ana y santa Apolonia; a la derecha, el dominico san Vincente Ferrer, que muestra esta escena de los desposorios al espectador. Mientras que las obras de juventud de Rosso expresaban una gran pasi\u00f3n, <strong>aqu\u00ed el artista alcanza un estilo festivo y elegante<\/strong>.<\/em><\/p>\n\n\n<div class=\"wp-block-image\">\n<figure class=\"aligncenter\"><img loading=\"lazy\" decoding=\"async\" width=\"284\" height=\"393\" src=\"https:\/\/www.aparences.net\/wp-content\/uploads\/2010\/05\/rosso-fiorentino-noces-de-la-vierge-1523-.jpg\" alt=\"Desposorios de la Virgen, 1523, Rosso Fiorentino, detalle\" class=\"wp-image-19157\" title=\"Desposorios de la Virgen, 1523, Rosso Fiorentino, detalle\"\/><\/figure>\n<\/div>\n\n\n<p><em>La multitud de personajes en torno a la hermosa pareja, se caracterizan por una elegancia sofisticada y por ciertas extravagancias preciosas, que constituir\u00e1n por otro lado, los elementos dominantes del <a title=\"manierismo europeo\" href=\"https:\/\/www.aparences.net\/es\/periodos\/el-manierismo\/el-manierismo-en-europa\/\">manierismo europeo<\/a> durante los siguientes a\u00f1os. La escena tiene lugar en un interior demasiado angosto, en relaci\u00f3n con la cantidad de personajes reunidos. La oscuridad se enciende con fulgores irreales y colores cambiantes. A partir de ahora, el ordenamiento sutil y bien estructurado de las Sacras Conversaciones del siglo XV, ser\u00e1 abandonado por una deslumbrante visi\u00f3n sobrenatural, donde el refinado artificio ser\u00e1 m\u00e1s importante que la descripci\u00f3n precisa y veraz.<\/em><\/p>\n\n\n<div class=\"wp-block-image\">\n<figure class=\"aligncenter\"><img loading=\"lazy\" decoding=\"async\" width=\"541\" height=\"400\" src=\"https:\/\/www.aparences.net\/wp-content\/uploads\/2010\/05\/rosso-fiorentino-moise-defendant-les-filles-de-jethro-1523-1524.jpg\" alt=\"Las hijas de Jethro, Rosso Fiorentino\" class=\"wp-image-19158\" title=\"Las hijas de Jethro, Rosso Fiorentino\"\/><figcaption class=\"wp-element-caption\"><em><strong>Mois\u00e9s defiende a las hijas de Jethro<\/strong>, hacia 1523\/1524, <strong>Rosso Fiorentino<\/strong> <\/em><br><em>(Florencia, Museo de los Oficios)<\/em><\/figcaption><\/figure>\n<\/div>\n\n\n<p><em>Su admiraci\u00f3n por Miguel \u00c1ngel llev\u00f3 a Rosso a elaborar un grandioso tratamiento del desnudo a trav\u00e9s de su visi\u00f3n manierista, produciendo esta extraordinaria obra: una gran masa de cuerpos inmensos, mezclados en un violento combate a los pies de una pastora p\u00e1lida y medio desnuda, rodeada de sus asustadas ovejas. Su imaginaci\u00f3n fant\u00e1stica, hizo que pintara im\u00e1genes que no ilustran nunca un acontecimiento, sino que recrean su efecto emocional. Para Rosso Fiorentino, la forma no tiene nada que ver con el relieve y bien poco con la naturaleza idealizada:&nbsp; solo sirve a volver visibles las ideas.<\/em><\/p>\n\n\n\n<!-- AdBoxLeft2023 --><ins class=\"adsbygoogle\" style=\"display:block\" data-ad-client=\"ca-pub-2468002815867636\" data-ad-slot=\"1318022963\" data-ad-format=\"auto\" data-full-width-responsive=\"true\"><\/ins><script> (adsbygoogle = window.adsbygoogle || []).push({});<\/script><h2 class=\"wp-block-heading\">El viaje a Roma<\/h2>\n\n\n\n<p><strong>Despu\u00e9s de la elecci\u00f3n del papa<\/strong> <a title=\"Clemente VII M\u00e9dicis\" href=\"https:\/\/www.aparences.net\/es\/arte-y-mecenazgo\/roma-mecenazgo-y-poder-papal\/clemente-vii-medicis\/\">Clemente VII M\u00e9dicis<\/a> (1523),<strong> Rosso Fiorentino fue a Roma con la esperanza de obtener encargos importante<\/strong>s. Al a\u00f1o siguiente, decor\u00f3 con cuadros y con estucos la capilla Cesi en Santa Maria de la Pace (muy deteriorados); la obra <em><strong>Cristo muerto sostenido por \u00e1ngeles<\/strong><\/em>, 1525-1526, <strong>marca un giro en la carrera del artista<\/strong>, cuyos cuadros se har\u00e1n, despu\u00e9s de las atrocidades del <a href=\"https:\/\/es.wikipedia.org\/wiki\/Saco_de_Roma\">saco de Roma<\/a>, m\u00e1s oscuros e inquietantes. Durante el saqueo que sufri\u00f3 Roma (1527), Rosso fue apresado y en cuanto lo liberaron, huy\u00f3 de la ciudad y encontr\u00f3 refugio en Perugia y en la Toscana (Sansepolcro, Arezzo, Citt\u00e0 di Castello, Pieve Santo Stefano). De hecho, durante ese periodo el artista era m\u00e1s apreciado por las cofrad\u00edas de provincia que por los comitentes de elevado rango, de Florencia y de Roma. Es tal vez por esta raz\u00f3n, que abandon\u00f3 la Toscana en 1530 y se fue a Pesaro y Venecia, <strong>despu\u00e9s viaj\u00f3 a Francia donde se present\u00f3 al rey Francisco I<\/strong>. Muy estimado por el monarca y por sus cortesanos, <strong>comenz\u00f3 en 1532 los proyectos para la<\/strong> <a href=\"https:\/\/www.aparences.net\/es\/arte-y-mecenazgo\/los-valois-y-la-escuela-de-fontainebleau\/la-escuela-de-fontainebleau-y-el-renacimiento-en-francia\/#rosso-fiorentino-y-la-galer%C3%ADa-de-francisco-i\" data-type=\"link\" data-id=\"https:\/\/www.aparences.net\/es\/arte-y-mecenazgo\/los-valois-y-la-escuela-de-fontainebleau\/la-escuela-de-fontainebleau-y-el-renacimiento-en-francia\/#rosso-fiorentino-y-la-galer%C3%ADa-de-francisco-i\">decoraci\u00f3n del castillo de Fontainebleau<\/a>, y a partir de 1536, dirigi\u00f3 todos los trabajos. Pero en 1540 muri\u00f3 repentinamente \u2013 se sospech\u00f3 incluso de un envenenamiento \u2013 y no pudo acabar su cometido.<\/p>\n\n\n<div class=\"wp-block-image\">\n<figure class=\"aligncenter\"><img loading=\"lazy\" decoding=\"async\" width=\"358\" height=\"460\" src=\"https:\/\/www.aparences.net\/wp-content\/uploads\/2010\/05\/rosso-fiorentino-christ-mort-entre-deux-anges-boston.jpg\" alt=\"Cristo sostenido por \u00e1ngeles, 1525-1526, Rosso Fiorentino\" class=\"wp-image-19159\" title=\"Cristo sostenido por \u00e1ngeles, 1525-1526, Rosso Fiorentino\"\/><figcaption class=\"wp-element-caption\"><em><strong>Cristo muerto sostenido por \u00e1ngeles<\/strong>, 1525-1526, <\/em><br><em><strong>Rosso Fiorentino<\/strong>, (Boston, Museum of Fine Arts)<\/em><\/figcaption><\/figure>\n<\/div>\n\n\n<p><em>Este cuadro de altar representa el tema de la adoraci\u00f3n del Corpus Cristi. Rosso explora incluso un antiguo tema iconogr\u00e1fico, el del Cristo muerto <strong>sostenido por \u00e1ngeles, que el<\/strong> <a href=\"https:\/\/www.aparences.net\/es\/periodos\/el-quattrocento\/\">Quattrocento<\/a> <strong>situaba en el registro superior<\/strong> de los retablos. Pero concentrando la atenci\u00f3n sobre el cuerpo mismo, eliminando casi toda alusi\u00f3n a la Pasi\u00f3n (los clavos, la llaga en el costado y la corona de espinas son apenas visibles), suprimiendo toda expresi\u00f3n de dolor a los \u00e1ngeles, para no mostrar que su amor delante de este gran cuerpo m\u00e1s l\u00e1nguido que muerto, revelando su capacidad en combinar la fuerza de Miguel \u00c1ngel con la gracia de Rafael, el pintor aparta la adoraci\u00f3n de su finalidad primera: lo equ\u00edvoco constituye el centro de la imagen.<br><\/em><\/p>\n\n\n<div class=\"wp-block-image\">\n<figure class=\"aligncenter\"><img loading=\"lazy\" decoding=\"async\" width=\"426\" height=\"460\" src=\"https:\/\/www.aparences.net\/wp-content\/uploads\/2010\/05\/rosso-fiorentino-christ-mort-entre-deux-anges-boston-.jpg\" alt=\"Cristo sostenido por \u00e1ngeles, 1525-1526, Rosso Fiorentino, detalle\" class=\"wp-image-19160\" title=\"Cristo sostenido por \u00e1ngeles, 1525-1526, Rosso Fiorentino, detalle\"\/><\/figure>\n<\/div>\n\n\n<p><em>Los cirios que rodean este Cristo muerto, son sin duda el reflejo de los esfuerzos del Oratorio del Amor divino, fundado en 1497 para la renovaci\u00f3n de la pr\u00e1ctica religiosa, como iluminar permanentemente el altar donde se hallaba el Santo Sacramento, justo debajo del retablo: repetici\u00f3n figurativa de los cirios verdaderos, que contribuyen a volver espiritual el magn\u00edfico cuerpo propuesto a la adoraci\u00f3n. La forma distinta de mirar el cuadro por el espectador del siglo XXI que podr\u00eda tacharlo de \u00abinmoral\u00bb, podr\u00eda ser debido en gran medida al decalaje hist\u00f3rico y mental; el comitente de la obra, Leonardo Tornabuoni, obispo de Arezzo, apreci\u00f3 tal vez esta puesta en escena que \u00e9l consideraba \u00abmoderna\u00bb, de una actitud devota contempor\u00e1nea.<\/em><\/p>\n\n\n\n<p><strong>La personalidad atormentada de Rosso<\/strong>, se manifiesta en sus continuos viajes por Italia despu\u00e9s del saqueo de Roma. Pero hay que evitar hacer del dato \u00abpsicol\u00f3gico\u00bb la descripci\u00f3n final del estilo: el exceso, los rarezas m\u00f3rbidas de Rosso son seguramente la expresi\u00f3n de una actitud personal; sin embargo no se trata de una necesidad como fruto de un temperamento maldito. Se trata tambi\u00e9n de una elecci\u00f3n consciente y deliberada a favor de una f\u00f3rmula art\u00edstica original, de una manera \u00abpropia\u00bb. Con su violencia que se vuelve m\u00e1s sutil en el ambiente romano, <strong>Rosso reafirma la primac\u00eda de la investigaci\u00f3n art\u00edstica<\/strong> sobre las consideraciones \u00abfuncionales\u00bb, tradicionalmente implicadas en el arte religioso. No es pues casualidad s\u00ed es \u00e9l, quien <strong>acabar\u00e1 por inventar, <\/strong><a href=\"https:\/\/www.aparences.net\/es\/arte-y-mecenazgo\/los-valois-y-la-escuela-de-fontainebleau\/la-escuela-de-fontainebleau-y-el-renacimiento-en-francia\/\" data-type=\"link\" data-id=\"https:\/\/www.aparences.net\/es\/arte-y-mecenazgo\/los-valois-y-la-escuela-de-fontainebleau\/la-escuela-de-fontainebleau-y-el-renacimiento-en-francia\/\">en Fontainebleau<\/a><strong>, un estilo cortesano de alcance internacional<\/strong>.<\/p>\n\n\n<div class=\"wp-block-image\">\n<figure class=\"aligncenter\"><img decoding=\"async\" src=\"https:\/\/www.aparences.net\/wp-content\/uploads\/2010\/07\/portrait2.jpg\" alt=\"Retrato de hombre joven, hacia 1527, Rosso Fiorentino\" title=\"Retrato de hombre joven, hacia 1527, Rosso Fiorentino\"\/><\/figure>\n<\/div>\n\n<div class=\"wp-block-image\">\n<figure class=\"aligncenter\"><img decoding=\"async\" src=\"https:\/\/www.aparences.net\/wp-content\/uploads\/2010\/07\/portrait11.jpg\" alt=\"Retrato de hombre joven, Rosso Fiorentino, detalle\" title=\"Retrato de hombre joven, Rosso Fiorentino, detalle\"\/><figcaption class=\"wp-element-caption\"><em><strong>Retrato de hombre joven<\/strong>, hacia 1527, <strong>Rosso Fiorentino<\/strong> <\/em><br><em>(N\u00e1poles, Museo di Capodimonte)<\/em><\/figcaption><\/figure>\n<\/div>\n\n\n<p><em>Rosso realiz\u00f3 probablemente esta obra durante su estancia en Roma, o poco tiempo despu\u00e9s. Se trata de uno de los <a href=\"https:\/\/www.aparences.net\/es\/arte-y-mecenazgo\/el-retrato-en-el-renacimiento-italiano\/\">retratos<\/a> mas importantes del artista, de una concepci\u00f3n original y elegante.<\/em> <em>La penumbra pone de manifiesto la luz dram\u00e1tica que ilumina este personaje de ojos negros y finas manos. Su cara descarnada y alargada, emerge lentamente de la oscuridad y revela un aire melanc\u00f3lico. Es un retrato particularmente introspectivo, donde la interioridad del joven surge misteriosamente, como en un destello repentino.<\/em><\/p>\n\n\n\n<p>El arte del <strong>Rosso Fiorentinio<\/strong> es un arte \u00abgenial\u00bb, en la medida que es un arte consciente, deliberado, sofisticado; el artista utiliza su cultura pict\u00f3rica para poner de manifiesto a la vez su propio talento, y la situaci\u00f3n problem\u00e1tica que viv\u00eda la creaci\u00f3n art\u00edstica contempor\u00e1nea. Lo que Rosso revela, tal vez m\u00e1s claramente que <a href=\"https:\/\/www.aparences.net\/es\/periodos\/lorenzo-lotto-biografia-y-obra\/\">Lorenzo Lotto<\/a>, <strong>el Pordenone<\/strong>, <a href=\"https:\/\/www.aparences.net\/es\/periodos\/correggio-biografia-y-obra\/\">Correggio<\/a> o <a title=\"Pontormo\" href=\"https:\/\/www.aparences.net\/es\/periodos\/el-manierismo\/jacopo-pontormo\/\">Pontormo<\/a>, es la naturaleza profundamente \u00ab dial\u00e9ctica \u00bb del proceso art\u00edstico en Italia en los a\u00f1os 1515-1530. Un \u00abarte elaborado\u00bb est\u00e1 tomando forma, apoyado en una conciencia altamente cr\u00edtica de la creaci\u00f3n misma: <a title=\"El manierismo\" href=\"https:\/\/www.aparences.net\/es\/periodos\/el-manierismo\/\">el Manierismo<\/a>.<\/p>\n","protected":false},"excerpt":{"rendered":"<p>Rosso Fiorentino fue uno de los creadores del manierismo junto con Pontormo y otros artistas que hab\u00edan estudiado los cartones de Miguel \u00c1ngel y Leonardo da Vinci para las dos \u00abBatallas\u00bb.<\/p>\n","protected":false},"author":2,"featured_media":26472,"comment_status":"closed","ping_status":"closed","sticky":false,"template":"","format":"standard","meta":{"footnotes":""},"categories":[2334],"tags":[2536,3603,2950,2743,3605,277],"class_list":["post-13118","post","type-post","status-publish","format-standard","has-post-thumbnail","hentry","category-el-manierismo","tag-castillo-de-fontainebleau","tag-desposorios-de-la-virgen","tag-estilo-manierista","tag-manierismo","tag-moises-y-las-hijas-de-jethro","tag-rosso-fiorentino"],"yoast_head":"<!-- This site is optimized with the Yoast SEO plugin v27.2 - https:\/\/yoast.com\/product\/yoast-seo-wordpress\/ -->\n<title>Rosso Fiorentino<\/title>\n<meta name=\"description\" content=\"Rosso Fiorentino fue uno de los creadores del manierismo junto con Pontormo y otros artistas que hab\u00edan estudiado los cartones de Miguel \u00c1ngel y Leonardo da Vinci para las dos \u00abBatallas\u00bb.\" \/>\n<meta name=\"robots\" content=\"index, follow, max-snippet:-1, max-image-preview:large, max-video-preview:-1\" \/>\n<link rel=\"canonical\" href=\"https:\/\/www.aparences.net\/es\/periodos\/el-manierismo\/rosso-fiorentino\/\" \/>\n<meta property=\"og:locale\" content=\"es_ES\" \/>\n<meta property=\"og:type\" content=\"article\" \/>\n<meta property=\"og:title\" content=\"Rosso Fiorentino\" \/>\n<meta property=\"og:description\" content=\"Rosso Fiorentino fue uno de los creadores del manierismo junto con Pontormo y otros artistas que hab\u00edan estudiado los cartones de Miguel \u00c1ngel y Leonardo da Vinci para las dos \u00abBatallas\u00bb.\" \/>\n<meta property=\"og:url\" content=\"https:\/\/www.aparences.net\/es\/periodos\/el-manierismo\/rosso-fiorentino\/\" \/>\n<meta property=\"og:site_name\" content=\"Aparences\" \/>\n<meta property=\"article:published_time\" content=\"2010-05-22T16:34:20+00:00\" \/>\n<meta property=\"article:modified_time\" content=\"2025-12-11T18:40:57+00:00\" \/>\n<meta property=\"og:image\" content=\"https:\/\/www.aparences.net\/wp-content\/uploads\/2010\/05\/rosso-fiorentino.jpg\" \/>\n\t<meta property=\"og:image:width\" content=\"1080\" \/>\n\t<meta property=\"og:image:height\" content=\"540\" \/>\n\t<meta property=\"og:image:type\" content=\"image\/jpeg\" \/>\n<meta name=\"author\" content=\"admin\" \/>\n<meta name=\"twitter:card\" content=\"summary_large_image\" \/>\n<meta name=\"twitter:label1\" content=\"Escrito por\" \/>\n\t<meta name=\"twitter:data1\" content=\"admin\" \/>\n\t<meta name=\"twitter:label2\" content=\"Tiempo de lectura\" \/>\n\t<meta name=\"twitter:data2\" content=\"15 minutos\" \/>\n<script type=\"application\/ld+json\" class=\"yoast-schema-graph\">{\"@context\":\"https:\/\/schema.org\",\"@graph\":[{\"@type\":\"Article\",\"@id\":\"https:\/\/www.aparences.net\/es\/periodos\/el-manierismo\/rosso-fiorentino\/#article\",\"isPartOf\":{\"@id\":\"https:\/\/www.aparences.net\/es\/periodos\/el-manierismo\/rosso-fiorentino\/\"},\"author\":{\"name\":\"admin\",\"@id\":\"https:\/\/www.aparences.net\/es\/#\/schema\/person\/af349f6ffc31b16c68963e61268afca5\"},\"headline\":\"Rosso Fiorentino\",\"datePublished\":\"2010-05-22T16:34:20+00:00\",\"dateModified\":\"2025-12-11T18:40:57+00:00\",\"mainEntityOfPage\":{\"@id\":\"https:\/\/www.aparences.net\/es\/periodos\/el-manierismo\/rosso-fiorentino\/\"},\"wordCount\":2608,\"publisher\":{\"@id\":\"https:\/\/www.aparences.net\/es\/#organization\"},\"image\":{\"@id\":\"https:\/\/www.aparences.net\/es\/periodos\/el-manierismo\/rosso-fiorentino\/#primaryimage\"},\"thumbnailUrl\":\"https:\/\/www.aparences.net\/wp-content\/uploads\/2010\/05\/rosso-fiorentino.jpg\",\"keywords\":[\"castillo de Fontainebleau\",\"Desposorios de la Virgen\",\"estilo manierista\",\"manierismo\",\"Mois\u00e9s y las hijas de Jethro\",\"Rosso Fiorentino\"],\"articleSection\":[\"El manierismo\"],\"inLanguage\":\"es\"},{\"@type\":[\"WebPage\",\"ItemPage\"],\"@id\":\"https:\/\/www.aparences.net\/es\/periodos\/el-manierismo\/rosso-fiorentino\/\",\"url\":\"https:\/\/www.aparences.net\/es\/periodos\/el-manierismo\/rosso-fiorentino\/\",\"name\":\"Rosso Fiorentino\",\"isPartOf\":{\"@id\":\"https:\/\/www.aparences.net\/es\/#website\"},\"primaryImageOfPage\":{\"@id\":\"https:\/\/www.aparences.net\/es\/periodos\/el-manierismo\/rosso-fiorentino\/#primaryimage\"},\"image\":{\"@id\":\"https:\/\/www.aparences.net\/es\/periodos\/el-manierismo\/rosso-fiorentino\/#primaryimage\"},\"thumbnailUrl\":\"https:\/\/www.aparences.net\/wp-content\/uploads\/2010\/05\/rosso-fiorentino.jpg\",\"datePublished\":\"2010-05-22T16:34:20+00:00\",\"dateModified\":\"2025-12-11T18:40:57+00:00\",\"description\":\"Rosso Fiorentino fue uno de los creadores del manierismo junto con Pontormo y otros artistas que hab\u00edan estudiado los cartones de Miguel \u00c1ngel y Leonardo da Vinci para las dos \u00abBatallas\u00bb.\",\"breadcrumb\":{\"@id\":\"https:\/\/www.aparences.net\/es\/periodos\/el-manierismo\/rosso-fiorentino\/#breadcrumb\"},\"inLanguage\":\"es\",\"potentialAction\":[{\"@type\":\"ReadAction\",\"target\":[\"https:\/\/www.aparences.net\/es\/periodos\/el-manierismo\/rosso-fiorentino\/\"]}]},{\"@type\":\"ImageObject\",\"inLanguage\":\"es\",\"@id\":\"https:\/\/www.aparences.net\/es\/periodos\/el-manierismo\/rosso-fiorentino\/#primaryimage\",\"url\":\"https:\/\/www.aparences.net\/wp-content\/uploads\/2010\/05\/rosso-fiorentino.jpg\",\"contentUrl\":\"https:\/\/www.aparences.net\/wp-content\/uploads\/2010\/05\/rosso-fiorentino.jpg\",\"width\":1080,\"height\":540},{\"@type\":\"BreadcrumbList\",\"@id\":\"https:\/\/www.aparences.net\/es\/periodos\/el-manierismo\/rosso-fiorentino\/#breadcrumb\",\"itemListElement\":[{\"@type\":\"ListItem\",\"position\":1,\"name\":\"Portada\",\"item\":\"https:\/\/www.aparences.net\/es\/\"},{\"@type\":\"ListItem\",\"position\":2,\"name\":\"Rosso Fiorentino\"}]},{\"@type\":\"WebSite\",\"@id\":\"https:\/\/www.aparences.net\/es\/#website\",\"url\":\"https:\/\/www.aparences.net\/es\/\",\"name\":\"Aparences: Historia del Arte y Actualidad Cultural\",\"description\":\"\",\"publisher\":{\"@id\":\"https:\/\/www.aparences.net\/es\/#organization\"},\"potentialAction\":[{\"@type\":\"SearchAction\",\"target\":{\"@type\":\"EntryPoint\",\"urlTemplate\":\"https:\/\/www.aparences.net\/es\/?s={search_term_string}\"},\"query-input\":{\"@type\":\"PropertyValueSpecification\",\"valueRequired\":true,\"valueName\":\"search_term_string\"}}],\"inLanguage\":\"es\"},{\"@type\":\"Organization\",\"@id\":\"https:\/\/www.aparences.net\/es\/#organization\",\"name\":\"Aparences: Historia del Arte y Actualidad Cultural\",\"url\":\"https:\/\/www.aparences.net\/es\/\",\"logo\":{\"@type\":\"ImageObject\",\"inLanguage\":\"es\",\"@id\":\"https:\/\/www.aparences.net\/es\/#\/schema\/logo\/image\/\",\"url\":\"https:\/\/www.aparences.net\/wp-content\/uploads\/2023\/09\/logo-quadrat-color-e1695915315229.png\",\"contentUrl\":\"https:\/\/www.aparences.net\/wp-content\/uploads\/2023\/09\/logo-quadrat-color-e1695915315229.png\",\"width\":120,\"height\":120,\"caption\":\"Aparences: Historia del Arte y Actualidad Cultural\"},\"image\":{\"@id\":\"https:\/\/www.aparences.net\/es\/#\/schema\/logo\/image\/\"}},{\"@type\":\"Person\",\"@id\":\"https:\/\/www.aparences.net\/es\/#\/schema\/person\/af349f6ffc31b16c68963e61268afca5\",\"name\":\"admin\",\"url\":\"https:\/\/www.aparences.net\/es\/author\/admin\/\"}]}<\/script>\n<!-- \/ Yoast SEO plugin. -->","yoast_head_json":{"title":"Rosso Fiorentino","description":"Rosso Fiorentino fue uno de los creadores del manierismo junto con Pontormo y otros artistas que hab\u00edan estudiado los cartones de Miguel \u00c1ngel y Leonardo da Vinci para las dos \u00abBatallas\u00bb.","robots":{"index":"index","follow":"follow","max-snippet":"max-snippet:-1","max-image-preview":"max-image-preview:large","max-video-preview":"max-video-preview:-1"},"canonical":"https:\/\/www.aparences.net\/es\/periodos\/el-manierismo\/rosso-fiorentino\/","og_locale":"es_ES","og_type":"article","og_title":"Rosso Fiorentino","og_description":"Rosso Fiorentino fue uno de los creadores del manierismo junto con Pontormo y otros artistas que hab\u00edan estudiado los cartones de Miguel \u00c1ngel y Leonardo da Vinci para las dos \u00abBatallas\u00bb.","og_url":"https:\/\/www.aparences.net\/es\/periodos\/el-manierismo\/rosso-fiorentino\/","og_site_name":"Aparences","article_published_time":"2010-05-22T16:34:20+00:00","article_modified_time":"2025-12-11T18:40:57+00:00","og_image":[{"width":1080,"height":540,"url":"https:\/\/www.aparences.net\/wp-content\/uploads\/2010\/05\/rosso-fiorentino.jpg","type":"image\/jpeg"}],"author":"admin","twitter_card":"summary_large_image","twitter_misc":{"Escrito por":"admin","Tiempo de lectura":"15 minutos"},"schema":{"@context":"https:\/\/schema.org","@graph":[{"@type":"Article","@id":"https:\/\/www.aparences.net\/es\/periodos\/el-manierismo\/rosso-fiorentino\/#article","isPartOf":{"@id":"https:\/\/www.aparences.net\/es\/periodos\/el-manierismo\/rosso-fiorentino\/"},"author":{"name":"admin","@id":"https:\/\/www.aparences.net\/es\/#\/schema\/person\/af349f6ffc31b16c68963e61268afca5"},"headline":"Rosso Fiorentino","datePublished":"2010-05-22T16:34:20+00:00","dateModified":"2025-12-11T18:40:57+00:00","mainEntityOfPage":{"@id":"https:\/\/www.aparences.net\/es\/periodos\/el-manierismo\/rosso-fiorentino\/"},"wordCount":2608,"publisher":{"@id":"https:\/\/www.aparences.net\/es\/#organization"},"image":{"@id":"https:\/\/www.aparences.net\/es\/periodos\/el-manierismo\/rosso-fiorentino\/#primaryimage"},"thumbnailUrl":"https:\/\/www.aparences.net\/wp-content\/uploads\/2010\/05\/rosso-fiorentino.jpg","keywords":["castillo de Fontainebleau","Desposorios de la Virgen","estilo manierista","manierismo","Mois\u00e9s y las hijas de Jethro","Rosso Fiorentino"],"articleSection":["El manierismo"],"inLanguage":"es"},{"@type":["WebPage","ItemPage"],"@id":"https:\/\/www.aparences.net\/es\/periodos\/el-manierismo\/rosso-fiorentino\/","url":"https:\/\/www.aparences.net\/es\/periodos\/el-manierismo\/rosso-fiorentino\/","name":"Rosso Fiorentino","isPartOf":{"@id":"https:\/\/www.aparences.net\/es\/#website"},"primaryImageOfPage":{"@id":"https:\/\/www.aparences.net\/es\/periodos\/el-manierismo\/rosso-fiorentino\/#primaryimage"},"image":{"@id":"https:\/\/www.aparences.net\/es\/periodos\/el-manierismo\/rosso-fiorentino\/#primaryimage"},"thumbnailUrl":"https:\/\/www.aparences.net\/wp-content\/uploads\/2010\/05\/rosso-fiorentino.jpg","datePublished":"2010-05-22T16:34:20+00:00","dateModified":"2025-12-11T18:40:57+00:00","description":"Rosso Fiorentino fue uno de los creadores del manierismo junto con Pontormo y otros artistas que hab\u00edan estudiado los cartones de Miguel \u00c1ngel y Leonardo da Vinci para las dos \u00abBatallas\u00bb.","breadcrumb":{"@id":"https:\/\/www.aparences.net\/es\/periodos\/el-manierismo\/rosso-fiorentino\/#breadcrumb"},"inLanguage":"es","potentialAction":[{"@type":"ReadAction","target":["https:\/\/www.aparences.net\/es\/periodos\/el-manierismo\/rosso-fiorentino\/"]}]},{"@type":"ImageObject","inLanguage":"es","@id":"https:\/\/www.aparences.net\/es\/periodos\/el-manierismo\/rosso-fiorentino\/#primaryimage","url":"https:\/\/www.aparences.net\/wp-content\/uploads\/2010\/05\/rosso-fiorentino.jpg","contentUrl":"https:\/\/www.aparences.net\/wp-content\/uploads\/2010\/05\/rosso-fiorentino.jpg","width":1080,"height":540},{"@type":"BreadcrumbList","@id":"https:\/\/www.aparences.net\/es\/periodos\/el-manierismo\/rosso-fiorentino\/#breadcrumb","itemListElement":[{"@type":"ListItem","position":1,"name":"Portada","item":"https:\/\/www.aparences.net\/es\/"},{"@type":"ListItem","position":2,"name":"Rosso Fiorentino"}]},{"@type":"WebSite","@id":"https:\/\/www.aparences.net\/es\/#website","url":"https:\/\/www.aparences.net\/es\/","name":"Aparences: Historia del Arte y Actualidad Cultural","description":"","publisher":{"@id":"https:\/\/www.aparences.net\/es\/#organization"},"potentialAction":[{"@type":"SearchAction","target":{"@type":"EntryPoint","urlTemplate":"https:\/\/www.aparences.net\/es\/?s={search_term_string}"},"query-input":{"@type":"PropertyValueSpecification","valueRequired":true,"valueName":"search_term_string"}}],"inLanguage":"es"},{"@type":"Organization","@id":"https:\/\/www.aparences.net\/es\/#organization","name":"Aparences: Historia del Arte y Actualidad Cultural","url":"https:\/\/www.aparences.net\/es\/","logo":{"@type":"ImageObject","inLanguage":"es","@id":"https:\/\/www.aparences.net\/es\/#\/schema\/logo\/image\/","url":"https:\/\/www.aparences.net\/wp-content\/uploads\/2023\/09\/logo-quadrat-color-e1695915315229.png","contentUrl":"https:\/\/www.aparences.net\/wp-content\/uploads\/2023\/09\/logo-quadrat-color-e1695915315229.png","width":120,"height":120,"caption":"Aparences: Historia del Arte y Actualidad Cultural"},"image":{"@id":"https:\/\/www.aparences.net\/es\/#\/schema\/logo\/image\/"}},{"@type":"Person","@id":"https:\/\/www.aparences.net\/es\/#\/schema\/person\/af349f6ffc31b16c68963e61268afca5","name":"admin","url":"https:\/\/www.aparences.net\/es\/author\/admin\/"}]}},"_links":{"self":[{"href":"https:\/\/www.aparences.net\/es\/wp-json\/wp\/v2\/posts\/13118","targetHints":{"allow":["GET"]}}],"collection":[{"href":"https:\/\/www.aparences.net\/es\/wp-json\/wp\/v2\/posts"}],"about":[{"href":"https:\/\/www.aparences.net\/es\/wp-json\/wp\/v2\/types\/post"}],"author":[{"embeddable":true,"href":"https:\/\/www.aparences.net\/es\/wp-json\/wp\/v2\/users\/2"}],"replies":[{"embeddable":true,"href":"https:\/\/www.aparences.net\/es\/wp-json\/wp\/v2\/comments?post=13118"}],"version-history":[{"count":0,"href":"https:\/\/www.aparences.net\/es\/wp-json\/wp\/v2\/posts\/13118\/revisions"}],"wp:featuredmedia":[{"embeddable":true,"href":"https:\/\/www.aparences.net\/es\/wp-json\/wp\/v2\/media\/26472"}],"wp:attachment":[{"href":"https:\/\/www.aparences.net\/es\/wp-json\/wp\/v2\/media?parent=13118"}],"wp:term":[{"taxonomy":"category","embeddable":true,"href":"https:\/\/www.aparences.net\/es\/wp-json\/wp\/v2\/categories?post=13118"},{"taxonomy":"post_tag","embeddable":true,"href":"https:\/\/www.aparences.net\/es\/wp-json\/wp\/v2\/tags?post=13118"}],"curies":[{"name":"wp","href":"https:\/\/api.w.org\/{rel}","templated":true}]}}