{"id":13122,"date":"2010-05-24T09:38:29","date_gmt":"2010-05-24T07:38:29","guid":{"rendered":"https:\/\/www.aparences.net\/periodes\/le-manierisme\/el-estilo-manierista\/"},"modified":"2025-12-11T19:40:57","modified_gmt":"2025-12-11T18:40:57","slug":"el-estilo-manierista","status":"publish","type":"post","link":"https:\/\/www.aparences.net\/es\/periodos\/el-manierismo\/el-estilo-manierista\/","title":{"rendered":"El estilo manierista"},"content":{"rendered":"<p><!--contents--><\/p>\n\n\n<h2 class=\"wp-block-heading\">La maniera italiana<\/h2>\n\n\n\n<p>Entre los a\u00f1os 1515-1520 y 1575-1580 aproximadamente, <strong>la pintura italiana toma una forma muy particular, llamada Manierismo<\/strong>. El t\u00e9rmino deriva de la palabra italiana <em>maniera<\/em> y aparece generalmente empleado en la literatura art\u00edstica del siglo XVI.  En la tercera parte de las <a title=\"Vidas de Vasari\" href=\"https:\/\/www.aparences.net\/es\/periodos\/el-manierismo\/florencia-y-la-academia-de-dibujo\/#las-\">Vidas de Vasari<\/a>, <strong>expresiones como <em>maniera moderna<\/em><\/strong> se refieren concretamente al arte de los artistas de la Renacimiento, de Leonardo da Vinci a Rafael, y hasta Miguel \u00c1ngel quien \u00ablos sobrepasa y domina a todos\u2026 que tiene la primac\u00eda en las tres (artes) juntas\u00bb. Vasari exaltando la <em>maniera moderna<\/em> consider\u00e1ndola incluso superior a los modelos de la Antig\u00fcedad y a la misma naturaleza, refleja una nueva concepci\u00f3n de la imitaci\u00f3n art\u00edstica (ya no se imitan las obras de la naturaleza sino las de los maestros). La obra inacabada de la <em>Batalla de Anghiari<\/em> de Leonardo da Vinci y el cart\u00f3n del episodio de Cascina de Miguel \u00c1ngel, sobre los cuales los primeros manieristas en sus comienzos, practicaron hasta la exasperaci\u00f3n antes de rivalizar entre ellos con las variaciones m\u00e1s personales y temerarias. Variantes de la maniera: es lo que caracteriza en esencia todo lo que se sit\u00faa m\u00e1s all\u00e1 de esta frontera. Ello se halla rimado igualmente por <strong>reagrupaciones geogr\u00e1ficas de artistas que vienen de horizontes diversos<\/strong>; se crea entonces un \u00abentorno art\u00edstico\u00bb particular, diferente de la escuela local propiamente dicha y en relaci\u00f3n a ello, se instaura una dial\u00e9ctica de la r\u00e9plica art\u00edstica con proposiciones inesperadas. Una de estas reagrupaciones decisivas por ejemplo, es la que re\u00fane <strong>en Roma, entre 1524 y 1527<\/strong>, al rafaelista <strong>Perino del Vaga<\/strong>, <a title=\"Rosso Fiorentino\" href=\"https:\/\/www.aparences.net\/es\/periodos\/el-manierismo\/rosso-fiorentino\/\">Rosso Fiorentino<\/a> y <a title=\"Parmigianino\" href=\"https:\/\/www.aparences.net\/es\/periodos\/el-manierismo\/parmigianino-biografia\/\">Parmigianino<\/a>, nuevo Rafael, mientras que <strong>Polidoro da Caravaggio<\/strong> multiplica las decoraciones en los muros.<\/p>\n\n\n<div class=\"wp-block-image\">\n<figure class=\"aligncenter\"><img loading=\"lazy\" decoding=\"async\" width=\"347\" height=\"460\" src=\"https:\/\/www.aparences.net\/wp-content\/uploads\/2019\/12\/jacopo-pontormo-visitation-1528-carmignano.jpg\" alt=\"La Visitaci\u00f3n, Jacopo Pontormo\" class=\"wp-image-19133\" title=\"La Visitaci\u00f3n, Jacopo Pontormo\" srcset=\"https:\/\/www.aparences.net\/wp-content\/uploads\/2019\/12\/jacopo-pontormo-visitation-1528-carmignano.jpg 347w, https:\/\/www.aparences.net\/wp-content\/uploads\/2019\/12\/jacopo-pontormo-visitation-1528-carmignano-226x300.jpg 226w\" sizes=\"auto, (max-width: 347px) 100vw, 347px\" \/><figcaption class=\"wp-element-caption\"><em><strong>La Visitaci\u00f3n<\/strong>, hacia 1528, <strong>Jacopo Pontormo<\/strong> (Carmignano, Pieve di San Michele)<\/em><\/figcaption><\/figure>\n<\/div>\n\n\n<p><em>Contornos lineales, pliegues complejos, <strong>drapeados sin texturas<\/strong>, <strong>colores \u00e1cidos<\/strong> como en la otra obra maestra de <a title=\"Pontormo Deposici\u00f3n\" href=\"https:\/\/www.aparences.net\/es\/periodos\/el-manierismo\/jacopo-pontormo\/\">Pontormo, el Descendimiento<\/a> que es tambi\u00e9n una de las m\u00e1s elevadas realizaciones de la maniera italiana. Aqu\u00ed, Maria y su prima forman dos figuras en forma de \u00e1nfora evocando la maternidad. Las dos \u00abacompa\u00f1antes\u00bb est\u00e1n demasiado relacionadas con las dos protagonistas y se parecen demasiado a ellas para tratarse simplemente de Santas mujeres. Se trata sin duda de una doble representaci\u00f3n de Mar\u00eda y de Isabel, de cara y de perfil.<\/em><\/p>\n\n\n\n<h2 class=\"wp-block-heading\">Florencia a comienzos del siglo XVI<\/h2>\n\n\n\n<p>En abril de 1503, <strong>Leonardo da Vinci<\/strong> fue encargado por la Se\u00f1or\u00eda de Florencia de la ejecuci\u00f3n de la <em><strong>Batalla de Anghiari<\/strong><\/em> para el Palazzo Vecchio comenzando su trabajo desde los primeros meses de 1504; en agosto de 1504, <strong>Miguel \u00c1ngel<\/strong> recibe a su vez el encargo de la <em><strong>Batalla de Cascina<\/strong><\/em> para la misma sala del palacio. Despu\u00e9s de la crisis que sufri\u00f3 <strong>Florencia durante la<\/strong> <a title=\"\u00e9poca de Savonarola\" href=\"https:\/\/www.aparences.net\/es\/arte-y-mecenazgo\/florencia-y-los-medicis\/florencia-sin-los-medicis\/#savonarola-y-la-hoguera-de-vanidades\">\u00e9poca de Savonarola<\/a>, que comprometi\u00f3 profundamente la vida ciudadana y de la que sali\u00f3 gravemente desgarrada, este doble encargo quiere restaurar su prestigio pol\u00edtico y su confianza en el porvenir. Estas batallas tratan el tema de dos antiguas victorias que permitieron a Florencia constituir su territorio (victoria de Cascina sobre los pisanos en 1364) y preservarlo de los ataques exteriores (victoria de Anghiari sobre las tropas del duque <a title=\"Visconti de Mil\u00e1n\" href=\"https:\/\/www.aparences.net\/es\/arte-y-mecenazgo\/el-ducado-de-milan\/milan-en-la-epoca-de-los-visconti\/\">Visconti de Mil\u00e1n<\/a> en 1440). Aun as\u00ed, ninguna de estas obras ser\u00e1 terminada. Con el esp\u00edritu de la investigaci\u00f3n que le caracteriza, Leonardo intenta practicar en su fresco la antigua receta de Plinio que ten\u00eda que haberle permitido una ejecuci\u00f3n lentamente madurada, pero las defectuosidades del muro arruinaron su trabajo y en 1506 <a href=\"https:\/\/www.aparences.net\/es\/arte-y-mecenazgo\/el-ducado-de-milan\/ludovico-el-moro\/\">Leonardo abandona Florencia y regresa a Mil\u00e1n<\/a>. Con respecto a Miguel \u00c1ngel, \u00e9ste se encuentra en Roma desde marzo de 1505, llamado por Julio II. La geograf\u00eda art\u00edstica de la pen\u00ednsula comienza a remodelarse y <strong>la presencia de<\/strong> <a href=\"https:\/\/www.aparences.net\/es\/arte-y-mecenazgo\/roma-mecenazgo-y-poder-papal\/julio-ii-giuliano-della-rovere\/\" data-type=\"post\" data-id=\"13148\">Julio II della Rovere<\/a> <strong>en Roma instala un foco art\u00edstico m\u00e1s atractivo y prometedor que el de Florencia<\/strong>. Sin embargo, escogiendo estos dos pintores, las autoridades florentinas han creado un acontecimiento art\u00edstico excepcional: han instaurado las condiciones de un cara a cara est\u00e9tico, filos\u00f3fico y espiritual, fracasado sin duda, pero esencial. A pesar de estar inacabadas, ambas obras tuvieron un impacto considerable. Los cartones constituyeron un repertorio de formas para los artistas posteriores: el grupo desordenado de Leonardo fue el origen de m\u00faltiples variaciones sobre el tema de la batalla, tratado abundantemente en los ciclos de frescos que se realizaron en el siglo XVI.<\/p>\n\n\n<div class=\"wp-block-image\">\n<figure class=\"aligncenter\"><a href=\"https:\/\/aparences.net\/wp-content\/uploads\/2010\/07\/leonard_anghiari.jpg\"><img decoding=\"async\" src=\"https:\/\/www.aparences.net\/wp-content\/uploads\/2010\/07\/leonard_anghiari.jpg\" alt=\"Batalla de Anghiari, Leonardo da Vinci\" title=\"Batalla de Anghiari, Leonardo da Vinci\"\/><\/a><figcaption class=\"wp-element-caption\"><em><strong>Batalla de Anghiari,<\/strong> hacia 1550 (Florencia, Palazzo Vecchio)<\/em><\/figcaption><\/figure>\n<\/div>\n\n\n<p><em>Se trata posiblemente de una copia que un pintor an\u00f3nimo realiz\u00f3 del fresco de Leonardo. El pintor quer\u00eda hacer algo diferente de la tradicional pintura de batalla, <strong>sustituyendo el orden racional de Uccello<\/strong> (<a title=\"Batalla de San Romano\" href=\"https:\/\/www.aparences.net\/es\/periodos\/el-quattrocento\/paolo-uccello\/#la-batalla-de-san-romano\">Batalla de San Romano<\/a>) o el eterno desorden de <a title=\"Piero della Francesca\" href=\"https:\/\/www.aparences.net\/es\/arte-y-mecenazgo\/los-fresquistas-florentinos\/piero-della-francesca-historia-de-una-sintesis\/\">Piero della Francesca<\/a>, por la imagen de energ\u00edas humanas en lucha, imponiendo el espect\u00e1culo de individualidades en el punto \u00e1lgido del conflicto. Para Leonardo, la expresi\u00f3n de las caras y de los cuerpos enfrentados es sobre todo el espect\u00e1culo de las fuerzas naturales, particularizadas en los individuos humanos de los que depende el desenlace; la proximidad entre hombres y caballos basta para indicar hasta que punto el hombre permanece cercano a una naturaleza cuyo flujo lo envuelve.<\/em><\/p>\n\n\n\n<p><strong>La influencia del cart\u00f3n de Miguel \u00c1ngel<\/strong> fue m\u00e1s grande todav\u00eda; cuenta seguramente la calidad de los grabados realizados, pero sobre todo el hecho que el artista escoge s\u00f3lo tratar en su grupo central las anatom\u00edas humanas: por la variedad de las poses la <em>Batalla de Cascina<\/em> se convierte en una verdadera gram\u00e1tica del lenguaje gestual y de la expresi\u00f3n corporal; sus motivos pueden ser empleados en contextos diferentes. Ambas im\u00e1genes ilustran dos actitudes profundamente diferentes frente al arte y la creaci\u00f3n. La oposici\u00f3n entre la intelectualidad de Leonardo da Vinci y la espiritualidad de Miguel \u00c1ngel, entre las investigaciones human\u00edsticas del primero y los inflexibles convencimientos pl\u00e1sticos del segundo, <strong>marc\u00f3 de modo determinante las manifestaciones art\u00edsticas florentinas que siguieron<\/strong>. Es en efecto durante aquellos a\u00f1os, y en el marco de las condiciones favorables que hab\u00edan permitido a Florencia conservar su rol de centro de la civilizaci\u00f3n art\u00edstica italiana, que hay que buscar <strong>las primicias fundamentales de la aparici\u00f3n de la maniera<\/strong>. <strong>La estancia de Rafael en la ciudad<\/strong> entre octubre de 1504 y el oto\u00f1o de 1508 donde dej\u00f3 inacabada la sublime <a title=\"Madonna del baldaquino de Rafael\" href=\"https:\/\/www.aparences.net\/es\/arte-y-mecenazgo\/florencia-y-los-medicis\/florencia-sin-los-medicis\/\"><em>Madonna del baldaquino<\/em><\/a>, el despuntar del arte de Fra Bartolomeo y la consolidaci\u00f3n art\u00edstica de <a href=\"https:\/\/www.aparences.net\/es\/periodos\/andrea-del-sarto-biografia-y-obra\/\" data-type=\"link\" data-id=\"https:\/\/www.aparences.net\/es\/periodos\/andrea-del-sarto-biografia-y-obra\/\">Andrea del Sarto<\/a>. El clima altamente intelectual y filos\u00f3fico de la <a title=\"\u00e9poca de Lorenzo el Magn\u00edfico\" href=\"https:\/\/www.aparences.net\/es\/arte-y-mecenazgo\/florencia-y-los-medicis\/lorenzo-el-magnifico\/\">\u00e9poca de Lorenzo el Magn\u00edfico<\/a>, <strong>ahora dejaba paso a la intensa vida de las tendencias art\u00edsticas<\/strong>. Un nuevo fervor animaba los talleres, en torno a las figuras solitarias y divinas de Leonardo y de Miguel \u00c1ngel.<\/p>\n\n\n<div class=\"wp-block-image\">\n<figure class=\"aligncenter\"><img loading=\"lazy\" decoding=\"async\" width=\"574\" height=\"340\" src=\"https:\/\/www.aparences.net\/wp-content\/uploads\/2019\/12\/d-apres-michel-ange-bataille-cascina.jpg\" alt=\"Batalla de Cascina, copia del cart\u00f3n perdido de Miguel \u00c1ngel\" class=\"wp-image-19134\" title=\"Batalla de Cascina, copia del cart\u00f3n perdido de Miguel \u00c1ngel\"\/><figcaption class=\"wp-element-caption\"><em><strong>Batalla de Cascina<\/strong>, copia del cart\u00f3n perdido de Miguel \u00c1ngel, <\/em><br><em><strong>Aristotile da Sangallo<\/strong> (Holkham, colecci\u00f3n Earl of Leicester)<\/em><\/figcaption><\/figure>\n<\/div>\n\n\n<p><em>Miguel \u00c1ngel hace aqu\u00ed lo contrario de su rival, es decir, concentra la atenci\u00f3n sobre el despertar que precede al choque: la Batalla de Cascina es como el espect\u00e1culo de la energ\u00eda que se prepara para el combate; las musculaturas relajadas o contra\u00eddas dejan ver el esfuerzo de los sorprendidos florentinos, m\u00e1s que el desenlace feliz de la batalla o una refriega furiosa e indecisa. Numerosos y de distintas generaciones fueron los artistas que consiguieron, antes de 1515 y a pesar de la oposici\u00f3n de Miguel \u00c1ngel, penetrar en el palacio M\u00e9dicis donde se guardaba el cart\u00f3n, dedic\u00e1ndose a transcribir de diversas maneras e incluso a \u00abcalcar\u00bb la enorme potencia f\u00edsica de los atletas de Miguel \u00c1ngel y sus \u00abposturas\u00bb atormentadas. Vasari situa en el grupo m\u00e1s antiguo de los que estudiaron el cart\u00f3n, Aristotile da Sangallo, Ridolfo Ghirlandaio, Rafael, Granacci, Bandinelli y Alonso Berruguete, a los cuales a\u00f1ade luego Andrea del Sarto, Franciabigio, Sansovino, el joven Rosso Fiorentino, Maturino, Tribolo, Pontormo y Perino del Vaga.<br><\/em><\/p>\n\n\n<div class=\"wp-block-image\">\n<figure class=\"aligncenter\"><a href=\"https:\/\/aparences.net\/wp-content\/uploads\/2010\/10\/tondo_doni.png\"><img decoding=\"async\" src=\"https:\/\/www.aparences.net\/wp-content\/uploads\/2010\/10\/tondo_doni.png\" alt=\"Tondo Doni, hacia 1506, Miguel \u00c1ngel\" title=\"Tondo Doni, hacia 1506, Miguel \u00c1ngel\"\/><\/a><figcaption class=\"wp-element-caption\"><em><strong>Tondo Doni<\/strong>, hacia 1506,<strong> Miguel \u00c1ngel<\/strong> <\/em><br><em>(Florencia, museo de los Oficios)<\/em><\/figcaption><\/figure>\n<\/div>\n\n\n<p><em>Esta obra fue realizada probablemente con ocasi\u00f3n de la boda de Agnolo Doni y Maddalena Strozzi. Miguel \u00c1ngel hace figurar aqu\u00ed todo el significado indisoluble de la Sagrada Familia en el en\u00e9rgico encadenamiento de las formas. <strong>Las poses son artificiales<\/strong> y el \u00e9nfasis puesto en el formalismo y el virtuosismo servir\u00e1 al artista para futuros desarrollos; <strong>el recurso al artificio<\/strong> obliga a una lectura diferente del tema y de la historia. Se trata de un juego pl\u00e1stico en la percepci\u00f3n global bloqueada en la materia barnizada y en los tonos disonantes, que un muro abstracto separa del joven san Juan y de la elegante desnudez de una humanidad colocada al fondo de la escena. En los colores prodigiosos de la <a title=\"b\u00f3veda de la Capilla Sixtina\" href=\"https:\/\/www.aparences.net\/es\/arte-y-mecenazgo\/los-fresquistas-florentinos\/miguel-angel-frescos-de-la-sixtina\/\">b\u00f3veda de la Sixtina<\/a> y del Tondo Doni y otros cuadros salidos del taller de Miguel \u00c1ngel a principios del Cinquecento, encontramos ya virtualmente impl\u00edcita, esta <strong>b\u00fasqueda crom\u00e1tica y transgresora<\/strong> que se suele atribuir exclusivamente a <a title=\"Rosso Fiorentino\" href=\"https:\/\/www.aparences.net\/es\/periodos\/el-manierismo\/rosso-fiorentino\/\">Rosso<\/a>, <a title=\"Pontormo\" href=\"https:\/\/www.aparences.net\/es\/periodos\/el-manierismo\/jacopo-pontormo\/\">Pontormo<\/a> <strong>y&nbsp; los otros primeros manieristas<\/strong>.<\/em><\/p>\n\n\n\n<!-- AdBoxRight2020 --><ins class=\"adsbygoogle\"     style=\"display:block; margin-top:30px;\"     data-ad-client=\"ca-pub-2468002815867636\"     data-ad-slot=\"3496014735\"     data-ad-format=\"auto\"     data-full-width-responsive=\"false\"><\/ins><script> (adsbygoogle = window.adsbygoogle || []).push({});<\/script><h2 class=\"wp-block-heading\">La figura manierista<\/h2>\n\n\n\n<p><strong>Uno de los rasgos m\u00e1s corrientes de la figura manierista reside en el alargamiento de sus proporciones<\/strong>. Esbelta, la figura gana en refinamiento y en gracia al tiempo que satisface el gusto muy italiano por la l\u00ednea organizando la imagen del cuerpo humano. Progresivamente, esta l\u00ednea se convierte en un linealismo casi abstracto: el Manierismo se manifiesta desde su origen por la distancia que toma en relaci\u00f3n a un arte de lo aut\u00e9ntico o verdadero. <strong>La l\u00ednea del contorno desemboca en la<\/strong> <a title=\"figura serpentina\" href=\"https:\/\/www.aparences.net\/es\/periodos\/el-manierismo\/el-manierismo-en-europa\/#la-figura-serpentina\"><em>figura serpentinata<\/em><\/a> <strong>donde se alternan curvas y contracurvas ascendentes<\/strong>, que superponen a la anatom\u00eda el esquema flexible de la letra S o de una esbelta llama de fuego. Combinando dos serpentinas, el pintor crea la \u00abfigura \u00e1nfora\u00bb: el cuerpo descansa sobre una punta fr\u00e1gil, se ensancha en la zona media \u2013 eventualmente pero no obligatoriamente asimilada a las caderas -, antes de afinarse nuevamente en la parte superior a consecuencia del encuentro de las dos curvas ascendentes. La \u00abfigura \u00e1nfora\u00bb es al mismo tiempo una herramienta c\u00f3moda para la b\u00fasqueda sistem\u00e1tica de la elegancia. La tem\u00e1tica lineal de la \u00abfigura \u00e1nfora\u00bb desemboca en la cuesti\u00f3n del volumen, es decir, del espacio tridimensional. Se acerca as\u00ed de la tercera <strong>forma t\u00edpica de la <em>maniera<\/em>: el <em>contrapposto<\/em> que sirve a organizar la imagen de una figura girando sobre si misma<\/strong> y, de forma volum\u00e9trica y din\u00e1mica, el cuerpo ocupa el espacio seg\u00fan ejes contradictorios. La forma m\u00e1s simplificada del <em>contrapposto<\/em> consiste en avanzar la pierna izquierda y el brazo derecho de un mismo personaje (o el inverso sim\u00e9trico); pero desde la Virgen del <em>Tondo Doni<\/em>, Miguel \u00c1ngel hab\u00eda mostrado el grado de sutilidad y de complicaci\u00f3n del que era susceptible el principio del <em>contrapposto<\/em>.<strong> En la <em>Virgen del cuello largo<\/em> de Parmigianino<\/strong> <strong>encontramos admirablemente trabajadas todas las formas t\u00edpicas del manierismo<\/strong>, haciendo de la imagen un emblema del <strong>estilo manierista<\/strong>.<\/p>\n\n\n<div class=\"wp-block-image\">\n<figure class=\"aligncenter\"><img loading=\"lazy\" decoding=\"async\" width=\"522\" height=\"451\" src=\"https:\/\/www.aparences.net\/wp-content\/uploads\/2019\/12\/parmesan-vierge-au-long-cou-1534-1540.jpg\" alt=\"Virgen del cuello largo, 1534-40, Parmigianino\" class=\"wp-image-19135\" title=\"Virgen del cuello largo, 1534-40, Parmigianino\" srcset=\"https:\/\/www.aparences.net\/wp-content\/uploads\/2019\/12\/parmesan-vierge-au-long-cou-1534-1540.jpg 522w, https:\/\/www.aparences.net\/wp-content\/uploads\/2019\/12\/parmesan-vierge-au-long-cou-1534-1540-300x259.jpg 300w\" sizes=\"auto, (max-width: 522px) 100vw, 522px\" \/><figcaption class=\"wp-element-caption\"><em><strong>Virgen del cuello largo<\/strong>, 1534-40, <strong>Parmigianino<\/strong> <\/em><br><em>(Florencia, museo de los Oficios)<\/em><\/figcaption><\/figure>\n<\/div>\n\n\n<p><em>Comenzado en 1534, dejado inacabado a la muerte de la artista en 1540, el cuadro es su obra m\u00e1s conocida, el s\u00edmbolo mismo de su arte raro y hermoso. La celebridad de Parmigianino es debida a la gran coherencia que alcanza la est\u00e9tica de la \u00abmaniera\u00bb, tanto en el tratamiento del espacio como en la elaboraci\u00f3n de las figuras.<\/em><\/p>\n\n\n\n<h2 class=\"wp-block-heading\">El manierismo: el arte del pr\u00edncipe<\/h2>\n\n\n\n<p><strong>Creadas dentro del marco de las cortes principescas<\/strong>, las obras de los <strong>artistas que fueron definidos luego como manieristas<\/strong>, estaban destinadas a un p\u00fablico de arist\u00f3cratas cultivados, las cuales reflejan sus lujosos gustos y sus ideales de est\u00e9tica y de comportamiento; ellas se caracterizan por el culto casi obsesivo al estilo y a <strong>la elegancia formal<\/strong>, por la b\u00fasqueda de la variedad y la complejidad, por un virtuosismo extremo en la ejecuci\u00f3n y por el <strong>anhelo de una belleza \u00abartificial\u00bb<\/strong> a la cual, seg\u00fan las palabras de Vasari, la gracia y la perfecci\u00f3n pod\u00edan ser a\u00f1adidas por \u00abla libertad que no siendo la regla, se ordena dentro de la regla\u00bb, y por las continuas recuperaciones, transformaciones y contaminaciones de formas y de invenciones nacidas en un contexto diferente. Ostentoso, el fasto se concentra a menudo dentro del palacio principesco donde la riqueza, fruto del poder, se gasta en grandes proyectos art\u00edsticos. La familia Farnesio es desde este punto de vista, una de las m\u00e1s demostrativas. Sin hablar de las decoraciones paulinas financiadas por Pablo III Farnesio durante su pontificado (<strong>Sala Paulina<\/strong> del castillo San Angel por<strong> Perino del Vaga<\/strong> y Capilla Paulina del Vaticano por Miguel \u00c1ngel), la familia multiplica las <strong>decoraciones fastuosas en sus palacios<\/strong>, <strong>en Parma, pero sobre todo en Roma y Caprarola<\/strong>. D\u00e1ndole a su palacio romano entonces en construcci\u00f3n, una orientaci\u00f3n contraria a la que hab\u00eda deseado Julio II para la V\u00eda Giulia, Alejandro Farnesio hab\u00eda indicado ya el alcance pol\u00edtico del proyecto; el fasto ostentoso ser\u00e1 completado por el cardenal convertido en papa. <strong>En el interior del palacio Farnesio<\/strong>, en la sala que da sobre el balc\u00f3n de honor, <strong>la pintura de Francesco Salviati<\/strong> pone de manifiesto hist\u00f3ricamente y narrativamente las pretensiones de grandeza de esta familia: es la sala de los Fastos Farnesios. Enaltecido, el poder familiar es llevado al nivel de mito gracias al arte y a sus formas muy elaboradas, manifiestamente investidas de una funci\u00f3n social. Esta insistencia pol\u00edtica se encuentra por ejemplo <strong>en la capilla de Eleonora de Toledo<\/strong> en el Palazzo Vecchio de Florencia. El tema inicial es a primera vista tradicional: la <em><a title=\"Historia de Mois\u00e9s Bronzino\" href=\"https:\/\/www.aparences.net\/es\/periodos\/el-manierismo\/el-manierismo-en-florencia\/#bronzino,-pintor-de-la-corte-de-los-m%C3%A9dicis\">Historia de Mois\u00e9s<\/a><\/em> <strong>de Bronzino<\/strong> rodea un altar con un Descendimiento con santos que delimitan el blas\u00f3n familiar. <strong>En Siena<\/strong>, <a title=\"Domenico Beccafumi\" href=\"https:\/\/www.aparences.net\/es\/escuelas\/la-pintura-sienesa\/domenico-beccafumi\/\">Beccafumi<\/a> <strong>pone el manierismo al servicio del ideal republicano<\/strong> y c\u00edvico de la ciudad que resiste a los M\u00e9dicis: despu\u00e9s de haber conquistado su fama de gran decorador en el palacio Bindi, <strong>Beccafumi aplica los mismos principios en el Palacio P\u00fablico<\/strong>: un friso ensalza el hero\u00edsmo y la justicia de la Antig\u00fcedad. Y en <a title=\"Venecia manierismo\" href=\"https:\/\/www.aparences.net\/es\/escuelas\/la-pintura-veneciana\/tintoretto\/\">Venecia<\/a>, la elegancia manierista&nbsp; triunfar\u00e1 en las villas de tierra firme, pero tambi\u00e9n en el palacio del Dux donde se solicitar\u00e1 a uno de los decoradores m\u00e1s polivalentes del siglo, <strong>Federico Zuccari<\/strong>.<\/p>\n\n\n<div class=\"wp-block-image\">\n<figure class=\"aligncenter\"><img loading=\"lazy\" decoding=\"async\" width=\"370\" height=\"460\" src=\"https:\/\/www.aparences.net\/wp-content\/uploads\/2019\/12\/perino-de-vaga-scene-histoire-alexandre.jpg\" alt=\"Historia de Alejandro, hacia 1538, Perino del Vaga\" class=\"wp-image-19136\" title=\"Historia de Alejandro, hacia 1538, Perino del Vaga\" srcset=\"https:\/\/www.aparences.net\/wp-content\/uploads\/2019\/12\/perino-de-vaga-scene-histoire-alexandre.jpg 370w, https:\/\/www.aparences.net\/wp-content\/uploads\/2019\/12\/perino-de-vaga-scene-histoire-alexandre-241x300.jpg 241w\" sizes=\"auto, (max-width: 370px) 100vw, 370px\" \/><figcaption class=\"wp-element-caption\"><em><strong>Escenas de la historia de Alejandro<\/strong>, c. 1538, <\/em><br><em><strong>Perino del Vaga<\/strong> <\/em><br><em>(Roma, castillo de Sant&#8217; Angelo, sala Paulina)<\/em><\/figcaption><\/figure>\n<\/div>\n\n\n<p><em>La decoraci\u00f3n de la Sala Paulina por el papa Pablo III (Alejandro Farnesio) representa la historia de dos personajes, la de Alejandro Magno y la de san Pablo, acompa\u00f1ados de diversas Virtudes: la s\u00edntesis, arbitraria, se convierte en algo natural a trav\u00e9s de la persona del comitente, el nuevo Alejandro y el nuevo san Pablo.<br><\/em><\/p>\n\n\n<div class=\"wp-block-image\">\n<figure class=\"aligncenter\"><a href=\"https:\/\/aparences.net\/wp-content\/uploads\/2010\/07\/parmesan_fontanellato.jpg\"><img decoding=\"async\" src=\"https:\/\/www.aparences.net\/wp-content\/uploads\/2010\/07\/parmesan_fontanellato.jpg\" alt=\"Acte\u00f3n despedazado por la jaur\u00eda, Parmigianino\" title=\"Acte\u00f3n despedazado por la jaur\u00eda, Parmigianino\"\/><\/a><\/figure>\n<\/div>\n\n<div class=\"wp-block-image\">\n<figure class=\"aligncenter\"><img loading=\"lazy\" decoding=\"async\" width=\"350\" height=\"365\" src=\"https:\/\/www.aparences.net\/wp-content\/uploads\/2019\/12\/parmesan-histoire-d-acteon-1522-24.jpg\" alt=\"Acte\u00f3n despedazado por la jaur\u00eda, Parmigianino, detalle\" class=\"wp-image-19137\" title=\"Acte\u00f3n despedazado por la jaur\u00eda, Parmigianino, detalle\" srcset=\"https:\/\/www.aparences.net\/wp-content\/uploads\/2019\/12\/parmesan-histoire-d-acteon-1522-24.jpg 350w, https:\/\/www.aparences.net\/wp-content\/uploads\/2019\/12\/parmesan-histoire-d-acteon-1522-24-288x300.jpg 288w\" sizes=\"auto, (max-width: 350px) 100vw, 350px\" \/><figcaption class=\"wp-element-caption\"><em><strong>Ciervo (Act\u00e9on) despedazado por la jaur\u00eda<\/strong> y detalle, hacia 1522-1524, <strong>Parmigianino<\/strong> <\/em><br><em>(Fontanellato, Rocca di Sanvitale)<\/em><\/figcaption><\/figure>\n<\/div>\n\n\n<p class=\"has-text-align-left\"><em>En torno a 1523, <a title=\"Parmigianino\" href=\"https:\/\/www.aparences.net\/es\/periodos\/el-manierismo\/parmigianino-biografia\/\">Parmigianino<\/a> trabaj\u00f3 en la decoraci\u00f3n de una peque\u00f1a estancia destinada a alcoba de Paola Gonzaga en la fortaleza de los Sanvitale en Fontanellato. El comitente, el conde Galeazzo Sanvitale, era el se\u00f1or de una de las \u00faltimas dinast\u00edas feudales de la regi\u00f3n de Parma. La acci\u00f3n se desarrolla en las lunetas pero sin continuidad: varias lunetas separan la transformaci\u00f3n de Acte\u00f3n en ciervo por Diana y la muerte del <a href=\"https:\/\/www.aparences.net\/es\/tematicos\/mitologia-y-pintura\/\">h\u00e9roe mitol\u00f3gico<\/a>. A pesar del siniestro desenlace de la historia, el efecto que produce el conjunto, acentuado por la actitud bulliciosa de los putti, es muy bello.<\/em><\/p>\n\n\n<div class=\"wp-block-image\">\n<figure class=\"aligncenter\"><img loading=\"lazy\" decoding=\"async\" width=\"542\" height=\"347\" src=\"https:\/\/www.aparences.net\/wp-content\/uploads\/2019\/12\/bronzino-histoires-de-moise-palazzo-vecchio-1543.jpg\" alt=\"Historias de Mois\u00e9s, Bronzino\" class=\"wp-image-19138\" title=\"Historias de Mois\u00e9s, Bronzino\" srcset=\"https:\/\/www.aparences.net\/wp-content\/uploads\/2019\/12\/bronzino-histoires-de-moise-palazzo-vecchio-1543.jpg 542w, https:\/\/www.aparences.net\/wp-content\/uploads\/2019\/12\/bronzino-histoires-de-moise-palazzo-vecchio-1543-300x192.jpg 300w\" sizes=\"auto, (max-width: 542px) 100vw, 542px\" \/><figcaption class=\"wp-element-caption\"><em><strong>Historias de Mois\u00e9s<\/strong>, 1543, <strong>Bronzino<\/strong> <\/em><br><em>(Florencia, Palazzo Vecchio, capilla de Eleonora)<\/em><\/figcaption><\/figure>\n<\/div>\n\n\n<p><em><strong>Para la figura en&nbsp; contrapposto<\/strong> vuelta de espaldas y con lienzos enroscados en la cabeza, Bronzino se inspir\u00f3 de la estatua en bronce del peque\u00f1o \u00cddolo (Florencia, Museo Arqueol\u00f3gico) que fue descubierta en 1530 cerca de la Villa Imperial de Pesaro y despu\u00e9s estudiada en el espl\u00e9ndido dibujo del desnudo del Museo de los Oficios realizado con l\u00e1piz negro sobre papel preparado de color amarillo.<\/em><\/p>\n\n\n<div class=\"wp-block-image\">\n<figure class=\"aligncenter\"><a href=\"https:\/\/aparences.net\/wp-content\/uploads\/2010\/10\/domenico_beccafumi.png\"><img decoding=\"async\" src=\"https:\/\/www.aparences.net\/wp-content\/uploads\/2010\/10\/domenico_beccafumi.png\" alt=\"Murcius Manlius precipitado de lo alto del Capitolio, Beccafumi\" title=\"Murcius Manlius precipitado de lo alto del Capitolio, Beccafumi\"\/><\/a><figcaption class=\"wp-element-caption\"><em><strong>Murcius Manlius precipitado de lo alto del Capitolio<\/strong>, 1529-1534, fresco, <strong>Domenico Beccafumi<\/strong><\/em><br><em> (Siena, Palazzo Pubblico)<\/em><\/figcaption><\/figure>\n<\/div>\n\n\n<p><em><strong>Beccafumi<\/strong> es tal vez el m\u00e1s interesante de los <strong>pintores manieristas no florentinos<\/strong>. La marca muy personal que ha sabido imprimir a la maniera, la \u00ababstracci\u00f3n\u00bb de su estilo, la coherencia y la insistencia de <strong>sus invenciones formales reflejan, como en<\/strong> <a title=\"Pontormo\" href=\"https:\/\/www.aparences.net\/es\/periodos\/el-manierismo\/jacopo-pontormo\/\">Pontormo<\/a> <strong>y en<\/strong> <a title=\"Rosso Fiorentino\" href=\"https:\/\/www.aparences.net\/es\/periodos\/el-manierismo\/rosso-fiorentino\/\">Rosso<\/a>, <strong>un ardiente y extravagante intelectualismo<\/strong>. En sus obras, Beccafumi recrea un tipo de mundo de ciencia ficci\u00f3n que se adapta muy bien con el que nos muestra el talento de los dos florentinos m\u00e1s j\u00f3venes, para darnos la imagen m\u00e1s ver\u00eddica de la primera e inefable maniera toscana. Su muerte en 1551 puso fin a la larga serie de grandes <a title=\"pintores sieneses\" href=\"https:\/\/www.aparences.net\/es\/escuelas\/la-pintura-sienesa\/\">pintores sieneses<\/a> que suscitan emociones.<\/em><\/p>\n\n\n\n<!-- AdBoxLeft2023 --><ins class=\"adsbygoogle\" style=\"display:block\" data-ad-client=\"ca-pub-2468002815867636\" data-ad-slot=\"1318022963\" data-ad-format=\"auto\" data-full-width-responsive=\"true\"><\/ins><script> (adsbygoogle = window.adsbygoogle || []).push({});<\/script><h2 class=\"wp-block-heading\">Manierismo y contexto hist\u00f3rico<\/h2>\n\n\n\n<p><strong>El clima de inestabilidad pol\u00edtica<\/strong> que se viv\u00eda en Italia en los a\u00f1os 1510, y la inquietud que ello ocasionaba, <strong>era como una especie de trastienda de las nuevas tendencias art\u00edstica<\/strong>s. Es la larga serie de sanguinarias guerras de Italia (bien diferente de las escaramuzas de las bandas de mercenarios del siglo XV), que comienza con la invasi\u00f3n francesa y termina con el asentamiento del dominio espa\u00f1ol. Numerosos <strong>episodios violentos como el<\/strong> <a title=\"Saqueo de Roma\" href=\"https:\/\/www.aparences.net\/es\/arte-y-mecenazgo\/roma-mecenazgo-y-poder-papal\/clemente-vii-medicis\/\">Saqueo de Roma<\/a> (1527), o funestos como <strong>el asedio de Florencia<\/strong> (1529-1530), estas guerras hicieron de Italia el teatro de un conflicto que se fue extendiendo por toda Europa. Simult\u00e1neamente, se puso en marcha la Reforma y la reacci\u00f3n que sigui\u00f3 por parte de la Iglesia de Roma, el obst\u00e1culo puesto a la libertad espiritual por el concilio de Trento, la p\u00e9rdida de la estabilidad econ\u00f3mica debido al desplazamiento de las rutas comerciales, y la crisis financiera de mediados de siglo, las <strong>luchas implacables y las intrigas sin fin<\/strong> (<strong>asesinato de<\/strong> <a href=\"https:\/\/es.wikipedia.org\/wiki\/Alejandro_de_M%C3%A9dici\">Alejandro de M\u00e9dicis<\/a>) que pon\u00edan el nuevo esp\u00edritu de realismo pol\u00edtico al servicio de intereses que se revelaban siempre antinacionales. Las ciudades de Roma y Florencia se encontraban particularmente involucradas en el nuevo drama que transformaba la estructura pol\u00edtica y social de Italia. Si se tiene en cuenta este estado de esp\u00edritu exacerbado, en la avalancha de acontecimientos y a causa de las diferentes calamidades mencionadas, se podr\u00e1 tal vez comprender mejor porqu\u00e9 lo que lleva el nombre de apogeo del Renacimiento o de clasicismo del siglo XVI, que ilustran bien las obras de madurez de Rafael, queda una \u00abestrecha cima\u00bb, seg\u00fan la f\u00f3rmula del historiador de arte W\u00f6lfflin, que apenas alcanzada, fue inmediatamente superada.<\/p>\n\n\n<div class=\"wp-block-image\">\n<figure class=\"aligncenter\"><img loading=\"lazy\" decoding=\"async\" width=\"466\" height=\"430\" src=\"https:\/\/www.aparences.net\/wp-content\/uploads\/2019\/12\/pontormo-martyre-des-dix-mille-1528-1529.jpg\" alt=\"Martirio de los Diez Mil, Jacopo Pontormo\" class=\"wp-image-19139\" title=\"Martirio de los Diez Mil, Jacopo Pontormo\" srcset=\"https:\/\/www.aparences.net\/wp-content\/uploads\/2019\/12\/pontormo-martyre-des-dix-mille-1528-1529.jpg 466w, https:\/\/www.aparences.net\/wp-content\/uploads\/2019\/12\/pontormo-martyre-des-dix-mille-1528-1529-300x277.jpg 300w\" sizes=\"auto, (max-width: 466px) 100vw, 466px\" \/><figcaption class=\"wp-element-caption\"><em><strong>Martirio de los Diez Mil<\/strong>, hacia 1528-1529, <strong>Jacopo Pontormo<\/strong> <\/em><br><em>(Florencia, palacio Pitti)<\/em><\/figcaption><\/figure>\n<\/div>\n\n\n<p><em>Esta obra es casi la <strong>quintaesencia de los elementos manieristas<\/strong> bajo su forma m\u00e1s exagerada, pero su fecha de ejecuci\u00f3n tal vez tiene mucho que ver con el horror y la violencia que se describe en ella. Abundan los desnudos en actitudes que demuestran el talento del artista en dibujar figuras, siendo uno de los grandes dibujantes del siglo XVI.<\/em><\/p>\n\n\n\n<h2 class=\"wp-block-heading\">La licencia fuera de toda regla<\/h2>\n\n\n\n<p>Las antiguas definiciones de los <strong>modos de expresi\u00f3n formal del manierismo<\/strong> se adaptan al retrato psicol\u00f3gico, que insiste en el&nbsp; \u00ab<strong>artificio<\/strong>\u00ab, \u00ab<strong>la licencia fuera de toda regla<\/strong>\u00ab, el \u00ab<strong>car\u00e1cter abstracto de las actitudes<\/strong>\u00ab, la \u00ab<strong>manera fantasiosa<\/strong>\u00bb y as\u00ed sucesivamente. La inquietud espiritual de los manieristas encuentra el modo de dar tambi\u00e9n libre curso a su extravagancia por medio de verdaderas invenciones decorativas, donde las formas toman aspectos extra\u00f1os e inesperados, lo que provoca una transposici\u00f3n continua de los datos naturales, como algo equivalente a la met\u00e1fora. <strong>Son las figuras \u00e1nforas de<\/strong> <a title=\"Parmigianino\" href=\"https:\/\/www.aparences.net\/es\/periodos\/el-manierismo\/parmigianino-biografia\/\">Parmigianino<\/a>, <strong>los rostros marm\u00f3reos de<\/strong> <a title=\"Bronzino\" href=\"https:\/\/www.aparences.net\/es\/periodos\/el-manierismo\/el-manierismo-en-florencia\/\">Bronzino<\/a>. Las figuras humanas toman la apariencia cristalizada de los objetos como si fueran v\u00edctimas de una metamorfosis m\u00e1gica, mientras que los objetos se animan con una expresi\u00f3n humana abstra\u00edda y revisten el aspecto ir\u00f3nico, caricatural, de monstruos nuevos y deformes. Una gracia cruel e inhumana tuerce los miembros, los empeque\u00f1ece, los alarga, los curva seg\u00fan la necesidad del estilo dentro de la angustia de una b\u00fasqueda formal primordial. Una elegancia exagerada llena de expresividad, una \u00abm\u00e1scara humana\u00bb creada, seg\u00fan el m\u00e9todo abstracto e ideal de los cl\u00e1sicos, por esp\u00edritus inquietos e imaginaciones caprichosas. Fantas\u00edas extra\u00f1as aparecen en su universo figurativo poblado de adolescentes equ\u00edvocos, de criaturas andr\u00f3ginas, de ancianos demon\u00edacos y pose\u00eddos, que revelan, con sus actitudes ambiguas un erotismo exacerbado y reprimido. Los manieristas formaron de hecho un grupo de individuos desaforados y al mismo tiempo reprimidos no s\u00f3lo por la coerci\u00f3n de la maniera, por su doloroso exceso de intelectualismo, pero tambi\u00e9n por el desfase entre los componentes m\u00e1s profundos y m\u00e1s secretos de su personalidad y la estructura de una sociedad que viv\u00eda de la cultura cl\u00e1sica, que fing\u00eda una supremac\u00eda que ya no pose\u00eda, que padec\u00eda la profunda crisis del pensamiento religioso.<\/p>\n\n\n<div class=\"wp-block-image\">\n<figure class=\"aligncenter\"><img decoding=\"async\" src=\"https:\/\/www.aparences.net\/wp-content\/uploads\/2019\/12\/domenico-beccafumi-saint-michel-1528-sienne-1.jpg\" alt=\"San Miguel expulsa los \u00e1ngeles, Domenico Beccafumi\" class=\"wp-image-12985\" title=\"San Miguel expulsa los \u00e1ngeles, Domenico Beccafumi\"\/><figcaption class=\"wp-element-caption\"><em><strong>San Miguel expulsa a los \u00e1ngeles rebeldes del para\u00edso<\/strong>, hacia 1528, <\/em><br><em><strong>Domenico Beccafumi<\/strong> (Siena, San Niccol\u00f2 al Carmine)<\/em><\/figcaption><\/figure>\n<\/div>\n\n\n<p><em><strong>Fuegos, lagos de azufre, cavidades, edificios agrietados<\/strong> designan un lugar subterr\u00e1neo donde el pecado es duramente expiado. La <a title=\"obra de Beccafumi\" href=\"https:\/\/www.aparences.net\/es\/escuelas\/la-pintura-sienesa\/domenico-beccafumi\/\">obra de Beccafumi<\/a> es uno de los ejemplos m\u00e1s asombrosos de esta pintura de la culpabilidad. Pero ella sirve tambi\u00e9n para mostrar <strong>la complejidad, la elegancia y la libertad de su obra pl\u00e1stica<\/strong>. El \u00abhorror vacui\u00bb del Manierismo se demuestra ampliamente en esta pintura, al mismo tiempo que el rechazo de las estructuras espaciales claras y el gusto por la poses exacerbadas y por configuraciones raras. La anatom\u00eda humana ocupa un lugar primordial, aunque vista desde el prisma de las inquietudes manieristas. Los cuerpos obedecen a las leyes del arte y son representados a menudo con poses repetidas.<br><\/em><\/p>\n\n\n<div class=\"wp-block-image\">\n<figure class=\"aligncenter\"><a href=\"https:\/\/aparences.net\/wp-content\/uploads\/2010\/07\/bronzino_lucretia.jpg\"><img decoding=\"async\" src=\"https:\/\/www.aparences.net\/wp-content\/uploads\/2010\/07\/bronzino_lucretia.jpg\" alt=\"Lucrezia Panciatichi, Bronzino\" title=\"Lucrezia Panciatichi, Bronzino\"\/><\/a><figcaption class=\"wp-element-caption\"><em><strong>Lucrezia Panciatichi<\/strong>, detalle, hacia 1540, <strong>Bronzino<\/strong> (Florencia, Oficios)<\/em><\/figcaption><\/figure>\n<\/div>\n\n\n<p><em>La imagen de esta dama de la aristocracia florentina presenta una frontalidad hier\u00e1tica. <strong>El aspecto marm\u00f3reo o marfile\u00f1o de las carnaciones <\/strong>contrasta con el lujuriante colorido de las telas preciosas. <strong>La expresi\u00f3n es pr\u00e1cticamente inexistente<\/strong>, como si estuviera moderada por el c\u00f3digo de conducta. Pero sin embargo, pocos <a href=\"https:\/\/www.aparences.net\/es\/arte-y-mecenazgo\/el-retrato-en-el-renacimiento-italiano\/\" data-type=\"link\" data-id=\"https:\/\/www.aparences.net\/es\/arte-y-mecenazgo\/el-retrato-en-el-renacimiento-italiano\/\">retratos<\/a> alcanzan tanta intensidad. No es la \u00abpsicolog\u00eda\u00bb lo que interesa y atrae aqu\u00ed, sino el personaje que se ofrece enmascarado con su propia carne, mientras que la sosegada rigidez de las manos sugiere la tensi\u00f3n, social y mental.<br><\/em><\/p>\n\n\n<div class=\"wp-block-image\">\n<figure class=\"aligncenter\"><img loading=\"lazy\" decoding=\"async\" width=\"500\" height=\"460\" src=\"https:\/\/www.aparences.net\/wp-content\/uploads\/2019\/12\/girolamo-mazzola-annonciation-1550.jpg\" alt=\"Anunciaci\u00f3n, Girolamo Mazzola\" class=\"wp-image-19140\" title=\"Anunciaci\u00f3n, Girolamo Mazzola\" srcset=\"https:\/\/www.aparences.net\/wp-content\/uploads\/2019\/12\/girolamo-mazzola-annonciation-1550.jpg 500w, https:\/\/www.aparences.net\/wp-content\/uploads\/2019\/12\/girolamo-mazzola-annonciation-1550-300x276.jpg 300w\" sizes=\"auto, (max-width: 500px) 100vw, 500px\" \/><figcaption class=\"wp-element-caption\"><em><strong>Anunciaci\u00f3n<\/strong>, hacia 1550, <strong>Girolamo Mazzola Bedoli<\/strong> <\/em><br><em>(N\u00e1poles, Museo di Capodimonte)<\/em><\/figcaption><\/figure>\n<\/div>\n\n\n<p><em><strong>Lejos de las Anunciaciones m\u00edsticas o simb\u00f3licas del<\/strong> <a title=\"Quattrocento\" href=\"https:\/\/www.aparences.net\/es\/periodos\/el-quattrocento\/\">Quattrocento<\/a>, aqu\u00ed la subversi\u00f3n l\u00fadica del tema llega hasta su perversi\u00f3n: Maria se ha convertido en Psiqu\u00e9, ofreci\u00e9ndose a la mirada enamorada de un Gabriel-Cupido triunfante, como un eco a su humillaci\u00f3n mitol\u00f3gica. En esta pintura, <strong>el disc\u00edpulo de<\/strong> <a href=\"https:\/\/www.aparences.net\/es\/periodos\/el-manierismo\/parmigianino-biografia\/\" data-type=\"post\" data-id=\"13112\">Parmigianino<\/a> simplifica la gracia esot\u00e9rica de su maestro: <strong>encuentra las seducciones de<\/strong> <a href=\"https:\/\/www.aparences.net\/es\/periodos\/correggio-biografia-y-obra\/\" data-type=\"post\" data-id=\"13833\">Correggio<\/a>, pero la elegancia aristocr\u00e1tica lo invade todo, casi hasta el exceso (mobiliario, adornos, tonos imposibles a fuerza de gracia l\u00e1nguida). <strong>El manierismo<\/strong> juega aqu\u00ed todas sus cartas, y cuesta pensar que esta pintura haya podido ser religiosa.<\/em><\/p>\n\n\n\n<h2 class=\"wp-block-heading\">Manierismo: Un movimiento en tres etapas<\/h2>\n\n\n\n<p><strong>Los historiadores separan tres fases <\/strong>diferentes en la historia<strong> del movimiento manierista<\/strong> del Cinquecento. Despu\u00e9s de las inquietudes de <strong>los comienzos de<\/strong> <a title=\"Jacopo Pontormo\" href=\"https:\/\/www.aparences.net\/es\/periodos\/el-manierismo\/jacopo-pontormo\/\">Pontormo<\/a> <strong>y de<\/strong> <a title=\"Rosso Fiorentino\" href=\"https:\/\/www.aparences.net\/es\/periodos\/el-manierismo\/rosso-fiorentino\/\">Rosso Fiorentino<\/a> <strong>en Florencia<\/strong>, <strong>y de<\/strong> <a title=\"Beccafumi en Siena\" href=\"https:\/\/www.aparences.net\/es\/escuelas\/la-pintura-sienesa\/domenico-beccafumi\/\">Beccafumi en Siena<\/a>, la fase que ciertos historiadores denominan \u00ab<strong>\u00e9poca del Experimentalismo anticl\u00e1sico<\/strong>\u00ab, y que encuentra en Pontormo a uno de sus m\u00e1s grandes int\u00e9rpretes y sin ninguna duda el m\u00e1s coherente, <strong>el manierismo lleg\u00f3 a<\/strong> <a title=\"Roma entre 1520 y 1527\" href=\"https:\/\/www.aparences.net\/es\/arte-y-mecenazgo\/roma-mecenazgo-y-poder-papal\/clemente-vii-medicis\/\">Roma, entre 1520 y 1527<\/a>, con las obras de Polidoro de Caravaggio, de Perino del Vaga, de Rosso y de Parmigianino. Luego se difundi\u00f3 r\u00e1pidamente, sobre todo despu\u00e9s del saco de Roma de 1527 y la dispersi\u00f3n de los artistas que sigui\u00f3. <strong>La fase de su apogeo<\/strong>, a la cual se atribuye de una manera m\u00e1s justa el t\u00e9rmino de <a title=\"Epoca Manierista Roma\" href=\"https:\/\/www.aparences.net\/es\/periodos\/el-manierismo\/el-manierismo-en-roma\/\">\u00e9poca Manierista<\/a>, <strong>transcurre en Roma<\/strong> donde, a las obras de <strong>Daniele da Volterra<\/strong>, <strong>Francesco Salviati<\/strong>, <strong>Giorgio Vasari<\/strong> y <strong>Jacopino del Conte<\/strong>, sucedieron, en la segunda mitad del siglo, las de Taddeo y Federico Zuccari. <strong>Los dem\u00e1s grandes centros de difusi\u00f3n del manierismo fueron<\/strong> <a title=\"Mantua Giulio Romano\" href=\"https:\/\/www.aparences.net\/es\/arte-y-mecenazgo\/los-gonzaga-de-mantua\/julio-romano-en-mantua\/\">Mantua, donde Julio Romano<\/a> se hab\u00eda establecido desde 1524; <strong>en<\/strong> <strong>Bolonia<\/strong>, <strong>Pellegrino Tibaldi<\/strong> demuestra ya un virtuosismo fuera de lo com\u00fan, y <a title=\"Florencia manierismo\" href=\"https:\/\/www.aparences.net\/es\/periodos\/el-manierismo\/el-manierismo-en-florencia\/\">Florencia<\/a> <strong>donde trabajaron, en la corte de<\/strong> <a title=\"Cosme I de M\u00e9dicis\" href=\"https:\/\/www.aparences.net\/es\/arte-y-mecenazgo\/florencia-y-los-medicis\/el-reinado-de-cosme-i\/\">Cosme I de M\u00e9dicis<\/a> (adem\u00e1s de <strong>Vasari<\/strong>, <strong>Francesco Salviati<\/strong> <strong>y los pintores que realizaron la decoraci\u00f3n del<\/strong> <a title=\"studiolo de Francisco I\" href=\"https:\/\/www.aparences.net\/es\/periodos\/el-manierismo\/el-manierismo-en-florencia\/#el-%C2%AB-studiolo-%C2%BB-de-francisco-de-m%C3%A9dicis\">studiolo de Francisco I<\/a>), Bronzino, Bernardo Buontalenti, Baccio Bandinelli, Bartolomeo Ammannati, Giambologna y Benvenuto Cellini. Es a trav\u00e9s de los grabados y los dibujos, y gracias a los viajes cada vez m\u00e1s frecuentes de los artistas, que esta fase encuentra un potente veh\u00edculo para diseminar <strong>un elegante lenguaje figurativo cortesano<\/strong>, que va a arraigarse <strong>en las cortes de Italia y de<\/strong> <a title=\"Europa manierismo\" href=\"https:\/\/www.aparences.net\/es\/periodos\/el-manierismo\/el-manierismo-en-europa\/\">Europa<\/a>, y mantener su rol de tendencia claramente hegem\u00f3nica. Su decadencia al finalizar el siglo y a principios del siglo XVII se traduce por un periodo de transici\u00f3n antes de que nuevas tendencias art\u00edsticas no se afirmen.<\/p>\n\n\n<div class=\"wp-block-image\">\n<figure class=\"aligncenter is-resized\"><img loading=\"lazy\" decoding=\"async\" width=\"216\" height=\"430\" src=\"https:\/\/www.aparences.net\/wp-content\/uploads\/2010\/05\/francesco_salviati.jpg\" alt=\"Betsab\u00e9 visata al rei David, Francesco Salviati\" class=\"wp-image-20221\" style=\"width:216px;height:auto\" title=\"Betsab\u00e9 visata al rei David, Francesco Salviati\" srcset=\"https:\/\/www.aparences.net\/wp-content\/uploads\/2010\/05\/francesco_salviati.jpg 216w, https:\/\/www.aparences.net\/wp-content\/uploads\/2010\/05\/francesco_salviati-160x319.jpg 160w\" sizes=\"auto, (max-width: 216px) 100vw, 216px\" \/><figcaption class=\"wp-element-caption\"><em><strong>Betsab\u00e9 visita al rei David<\/strong>,<em>1552, <\/em> <\/em><br><em><strong>Francesco Salviati<\/strong><\/em><br><em> (Roma, palacio Ricci Sacchetti)<\/em><\/figcaption><\/figure>\n<\/div>\n\n<div class=\"wp-block-image\">\n<figure class=\"aligncenter\"><a href=\"https:\/\/aparences.net\/wp-content\/uploads\/2010\/07\/tibaldi_poggi.jpg\"><img decoding=\"async\" src=\"https:\/\/www.aparences.net\/wp-content\/uploads\/2010\/07\/tibaldi_poggi.jpg\" alt=\"Historias de Ulises, 1549, Pellegrino Tibaldi\" title=\"Historias de Ulises, 1549, Pellegrino Tibaldi\"\/><\/a><figcaption class=\"wp-element-caption\"><em><strong>Historias de Ulises<\/strong>, 1549, <strong>Pellegrino Tibaldi<\/strong>, (Bolonia, palacio Poggi)<\/em><\/figcaption><\/figure>\n<\/div>\n\n\n<p><em>Una particular versi\u00f3n de Miguel \u00c1ngel y un virtuosismo extremo, en parte te\u00f1ido de una iron\u00eda grotesca, son los frescos ejecutados por Tibaldi en el palacio Poggi de Bolonia.<\/em><\/p>\n\n\n\n<p>-Actualizado 27-01-2024<\/p>\n","protected":false},"excerpt":{"rendered":"<p>El t\u00e9rmino manierismo deriva de la palabra italiana maniera y aparece generalmente empleado en la literatura art\u00edstica del siglo XVI.<\/p>\n","protected":false},"author":2,"featured_media":26476,"comment_status":"closed","ping_status":"closed","sticky":false,"template":"","format":"standard","meta":{"footnotes":""},"categories":[2334],"tags":[6168,2950,6167,6166,515,2743],"class_list":["post-13122","post","type-post","status-publish","format-standard","has-post-thumbnail","hentry","category-el-manierismo","tag-colores-acidos","tag-estilo-manierista","tag-figura-en-contrapposto","tag-figura-serpentinata-2","tag-figure-serpentine","tag-manierismo"],"yoast_head":"<!-- This site is optimized with the Yoast SEO plugin v27.2 - https:\/\/yoast.com\/product\/yoast-seo-wordpress\/ -->\n<title>El estilo manierista<\/title>\n<meta name=\"description\" content=\"El t\u00e9rmino manierismo deriva de la palabra italiana maniera y aparece generalmente empleado en la literatura art\u00edstica del siglo XVI.\" \/>\n<meta name=\"robots\" content=\"index, follow, max-snippet:-1, max-image-preview:large, max-video-preview:-1\" \/>\n<link rel=\"canonical\" href=\"https:\/\/www.aparences.net\/es\/periodos\/el-manierismo\/el-estilo-manierista\/\" \/>\n<meta property=\"og:locale\" content=\"es_ES\" \/>\n<meta property=\"og:type\" content=\"article\" \/>\n<meta property=\"og:title\" content=\"El estilo manierista\" \/>\n<meta property=\"og:description\" content=\"El t\u00e9rmino manierismo deriva de la palabra italiana maniera y aparece generalmente empleado en la literatura art\u00edstica del siglo XVI.\" \/>\n<meta property=\"og:url\" content=\"https:\/\/www.aparences.net\/es\/periodos\/el-manierismo\/el-estilo-manierista\/\" \/>\n<meta property=\"og:site_name\" content=\"Aparences\" \/>\n<meta property=\"article:published_time\" content=\"2010-05-24T07:38:29+00:00\" \/>\n<meta property=\"article:modified_time\" content=\"2025-12-11T18:40:57+00:00\" \/>\n<meta property=\"og:image\" content=\"https:\/\/www.aparences.net\/wp-content\/uploads\/2010\/05\/le-manierisme.jpg\" \/>\n\t<meta property=\"og:image:width\" content=\"1080\" \/>\n\t<meta property=\"og:image:height\" content=\"540\" \/>\n\t<meta property=\"og:image:type\" content=\"image\/jpeg\" \/>\n<meta name=\"author\" content=\"admin\" \/>\n<meta name=\"twitter:card\" content=\"summary_large_image\" \/>\n<meta name=\"twitter:label1\" content=\"Escrito por\" \/>\n\t<meta name=\"twitter:data1\" content=\"admin\" \/>\n\t<meta name=\"twitter:label2\" content=\"Tiempo de lectura\" \/>\n\t<meta name=\"twitter:data2\" content=\"22 minutos\" \/>\n<script type=\"application\/ld+json\" class=\"yoast-schema-graph\">{\"@context\":\"https:\/\/schema.org\",\"@graph\":[{\"@type\":\"Article\",\"@id\":\"https:\/\/www.aparences.net\/es\/periodos\/el-manierismo\/el-estilo-manierista\/#article\",\"isPartOf\":{\"@id\":\"https:\/\/www.aparences.net\/es\/periodos\/el-manierismo\/el-estilo-manierista\/\"},\"author\":{\"name\":\"admin\",\"@id\":\"https:\/\/www.aparences.net\/es\/#\/schema\/person\/af349f6ffc31b16c68963e61268afca5\"},\"headline\":\"El estilo manierista\",\"datePublished\":\"2010-05-24T07:38:29+00:00\",\"dateModified\":\"2025-12-11T18:40:57+00:00\",\"mainEntityOfPage\":{\"@id\":\"https:\/\/www.aparences.net\/es\/periodos\/el-manierismo\/el-estilo-manierista\/\"},\"wordCount\":4321,\"publisher\":{\"@id\":\"https:\/\/www.aparences.net\/es\/#organization\"},\"image\":{\"@id\":\"https:\/\/www.aparences.net\/es\/periodos\/el-manierismo\/el-estilo-manierista\/#primaryimage\"},\"thumbnailUrl\":\"https:\/\/www.aparences.net\/wp-content\/uploads\/2010\/05\/le-manierisme.jpg\",\"keywords\":[\"colores \u00e1cidos\",\"estilo manierista\",\"figura en contrapposto\",\"figura serpentinata\",\"figure serpentine\",\"manierismo\"],\"articleSection\":[\"El manierismo\"],\"inLanguage\":\"es\"},{\"@type\":[\"WebPage\",\"ItemPage\"],\"@id\":\"https:\/\/www.aparences.net\/es\/periodos\/el-manierismo\/el-estilo-manierista\/\",\"url\":\"https:\/\/www.aparences.net\/es\/periodos\/el-manierismo\/el-estilo-manierista\/\",\"name\":\"El estilo manierista\",\"isPartOf\":{\"@id\":\"https:\/\/www.aparences.net\/es\/#website\"},\"primaryImageOfPage\":{\"@id\":\"https:\/\/www.aparences.net\/es\/periodos\/el-manierismo\/el-estilo-manierista\/#primaryimage\"},\"image\":{\"@id\":\"https:\/\/www.aparences.net\/es\/periodos\/el-manierismo\/el-estilo-manierista\/#primaryimage\"},\"thumbnailUrl\":\"https:\/\/www.aparences.net\/wp-content\/uploads\/2010\/05\/le-manierisme.jpg\",\"datePublished\":\"2010-05-24T07:38:29+00:00\",\"dateModified\":\"2025-12-11T18:40:57+00:00\",\"description\":\"El t\u00e9rmino manierismo deriva de la palabra italiana maniera y aparece generalmente empleado en la literatura art\u00edstica del siglo XVI.\",\"breadcrumb\":{\"@id\":\"https:\/\/www.aparences.net\/es\/periodos\/el-manierismo\/el-estilo-manierista\/#breadcrumb\"},\"inLanguage\":\"es\",\"potentialAction\":[{\"@type\":\"ReadAction\",\"target\":[\"https:\/\/www.aparences.net\/es\/periodos\/el-manierismo\/el-estilo-manierista\/\"]}]},{\"@type\":\"ImageObject\",\"inLanguage\":\"es\",\"@id\":\"https:\/\/www.aparences.net\/es\/periodos\/el-manierismo\/el-estilo-manierista\/#primaryimage\",\"url\":\"https:\/\/www.aparences.net\/wp-content\/uploads\/2010\/05\/le-manierisme.jpg\",\"contentUrl\":\"https:\/\/www.aparences.net\/wp-content\/uploads\/2010\/05\/le-manierisme.jpg\",\"width\":1080,\"height\":540},{\"@type\":\"BreadcrumbList\",\"@id\":\"https:\/\/www.aparences.net\/es\/periodos\/el-manierismo\/el-estilo-manierista\/#breadcrumb\",\"itemListElement\":[{\"@type\":\"ListItem\",\"position\":1,\"name\":\"Portada\",\"item\":\"https:\/\/www.aparences.net\/es\/\"},{\"@type\":\"ListItem\",\"position\":2,\"name\":\"El estilo manierista\"}]},{\"@type\":\"WebSite\",\"@id\":\"https:\/\/www.aparences.net\/es\/#website\",\"url\":\"https:\/\/www.aparences.net\/es\/\",\"name\":\"Aparences: Historia del Arte y Actualidad Cultural\",\"description\":\"\",\"publisher\":{\"@id\":\"https:\/\/www.aparences.net\/es\/#organization\"},\"potentialAction\":[{\"@type\":\"SearchAction\",\"target\":{\"@type\":\"EntryPoint\",\"urlTemplate\":\"https:\/\/www.aparences.net\/es\/?s={search_term_string}\"},\"query-input\":{\"@type\":\"PropertyValueSpecification\",\"valueRequired\":true,\"valueName\":\"search_term_string\"}}],\"inLanguage\":\"es\"},{\"@type\":\"Organization\",\"@id\":\"https:\/\/www.aparences.net\/es\/#organization\",\"name\":\"Aparences: Historia del Arte y Actualidad Cultural\",\"url\":\"https:\/\/www.aparences.net\/es\/\",\"logo\":{\"@type\":\"ImageObject\",\"inLanguage\":\"es\",\"@id\":\"https:\/\/www.aparences.net\/es\/#\/schema\/logo\/image\/\",\"url\":\"https:\/\/www.aparences.net\/wp-content\/uploads\/2023\/09\/logo-quadrat-color-e1695915315229.png\",\"contentUrl\":\"https:\/\/www.aparences.net\/wp-content\/uploads\/2023\/09\/logo-quadrat-color-e1695915315229.png\",\"width\":120,\"height\":120,\"caption\":\"Aparences: Historia del Arte y Actualidad Cultural\"},\"image\":{\"@id\":\"https:\/\/www.aparences.net\/es\/#\/schema\/logo\/image\/\"}},{\"@type\":\"Person\",\"@id\":\"https:\/\/www.aparences.net\/es\/#\/schema\/person\/af349f6ffc31b16c68963e61268afca5\",\"name\":\"admin\",\"url\":\"https:\/\/www.aparences.net\/es\/author\/admin\/\"}]}<\/script>\n<!-- \/ Yoast SEO plugin. -->","yoast_head_json":{"title":"El estilo manierista","description":"El t\u00e9rmino manierismo deriva de la palabra italiana maniera y aparece generalmente empleado en la literatura art\u00edstica del siglo XVI.","robots":{"index":"index","follow":"follow","max-snippet":"max-snippet:-1","max-image-preview":"max-image-preview:large","max-video-preview":"max-video-preview:-1"},"canonical":"https:\/\/www.aparences.net\/es\/periodos\/el-manierismo\/el-estilo-manierista\/","og_locale":"es_ES","og_type":"article","og_title":"El estilo manierista","og_description":"El t\u00e9rmino manierismo deriva de la palabra italiana maniera y aparece generalmente empleado en la literatura art\u00edstica del siglo XVI.","og_url":"https:\/\/www.aparences.net\/es\/periodos\/el-manierismo\/el-estilo-manierista\/","og_site_name":"Aparences","article_published_time":"2010-05-24T07:38:29+00:00","article_modified_time":"2025-12-11T18:40:57+00:00","og_image":[{"width":1080,"height":540,"url":"https:\/\/www.aparences.net\/wp-content\/uploads\/2010\/05\/le-manierisme.jpg","type":"image\/jpeg"}],"author":"admin","twitter_card":"summary_large_image","twitter_misc":{"Escrito por":"admin","Tiempo de lectura":"22 minutos"},"schema":{"@context":"https:\/\/schema.org","@graph":[{"@type":"Article","@id":"https:\/\/www.aparences.net\/es\/periodos\/el-manierismo\/el-estilo-manierista\/#article","isPartOf":{"@id":"https:\/\/www.aparences.net\/es\/periodos\/el-manierismo\/el-estilo-manierista\/"},"author":{"name":"admin","@id":"https:\/\/www.aparences.net\/es\/#\/schema\/person\/af349f6ffc31b16c68963e61268afca5"},"headline":"El estilo manierista","datePublished":"2010-05-24T07:38:29+00:00","dateModified":"2025-12-11T18:40:57+00:00","mainEntityOfPage":{"@id":"https:\/\/www.aparences.net\/es\/periodos\/el-manierismo\/el-estilo-manierista\/"},"wordCount":4321,"publisher":{"@id":"https:\/\/www.aparences.net\/es\/#organization"},"image":{"@id":"https:\/\/www.aparences.net\/es\/periodos\/el-manierismo\/el-estilo-manierista\/#primaryimage"},"thumbnailUrl":"https:\/\/www.aparences.net\/wp-content\/uploads\/2010\/05\/le-manierisme.jpg","keywords":["colores \u00e1cidos","estilo manierista","figura en contrapposto","figura serpentinata","figure serpentine","manierismo"],"articleSection":["El manierismo"],"inLanguage":"es"},{"@type":["WebPage","ItemPage"],"@id":"https:\/\/www.aparences.net\/es\/periodos\/el-manierismo\/el-estilo-manierista\/","url":"https:\/\/www.aparences.net\/es\/periodos\/el-manierismo\/el-estilo-manierista\/","name":"El estilo manierista","isPartOf":{"@id":"https:\/\/www.aparences.net\/es\/#website"},"primaryImageOfPage":{"@id":"https:\/\/www.aparences.net\/es\/periodos\/el-manierismo\/el-estilo-manierista\/#primaryimage"},"image":{"@id":"https:\/\/www.aparences.net\/es\/periodos\/el-manierismo\/el-estilo-manierista\/#primaryimage"},"thumbnailUrl":"https:\/\/www.aparences.net\/wp-content\/uploads\/2010\/05\/le-manierisme.jpg","datePublished":"2010-05-24T07:38:29+00:00","dateModified":"2025-12-11T18:40:57+00:00","description":"El t\u00e9rmino manierismo deriva de la palabra italiana maniera y aparece generalmente empleado en la literatura art\u00edstica del siglo XVI.","breadcrumb":{"@id":"https:\/\/www.aparences.net\/es\/periodos\/el-manierismo\/el-estilo-manierista\/#breadcrumb"},"inLanguage":"es","potentialAction":[{"@type":"ReadAction","target":["https:\/\/www.aparences.net\/es\/periodos\/el-manierismo\/el-estilo-manierista\/"]}]},{"@type":"ImageObject","inLanguage":"es","@id":"https:\/\/www.aparences.net\/es\/periodos\/el-manierismo\/el-estilo-manierista\/#primaryimage","url":"https:\/\/www.aparences.net\/wp-content\/uploads\/2010\/05\/le-manierisme.jpg","contentUrl":"https:\/\/www.aparences.net\/wp-content\/uploads\/2010\/05\/le-manierisme.jpg","width":1080,"height":540},{"@type":"BreadcrumbList","@id":"https:\/\/www.aparences.net\/es\/periodos\/el-manierismo\/el-estilo-manierista\/#breadcrumb","itemListElement":[{"@type":"ListItem","position":1,"name":"Portada","item":"https:\/\/www.aparences.net\/es\/"},{"@type":"ListItem","position":2,"name":"El estilo manierista"}]},{"@type":"WebSite","@id":"https:\/\/www.aparences.net\/es\/#website","url":"https:\/\/www.aparences.net\/es\/","name":"Aparences: Historia del Arte y Actualidad Cultural","description":"","publisher":{"@id":"https:\/\/www.aparences.net\/es\/#organization"},"potentialAction":[{"@type":"SearchAction","target":{"@type":"EntryPoint","urlTemplate":"https:\/\/www.aparences.net\/es\/?s={search_term_string}"},"query-input":{"@type":"PropertyValueSpecification","valueRequired":true,"valueName":"search_term_string"}}],"inLanguage":"es"},{"@type":"Organization","@id":"https:\/\/www.aparences.net\/es\/#organization","name":"Aparences: Historia del Arte y Actualidad Cultural","url":"https:\/\/www.aparences.net\/es\/","logo":{"@type":"ImageObject","inLanguage":"es","@id":"https:\/\/www.aparences.net\/es\/#\/schema\/logo\/image\/","url":"https:\/\/www.aparences.net\/wp-content\/uploads\/2023\/09\/logo-quadrat-color-e1695915315229.png","contentUrl":"https:\/\/www.aparences.net\/wp-content\/uploads\/2023\/09\/logo-quadrat-color-e1695915315229.png","width":120,"height":120,"caption":"Aparences: Historia del Arte y Actualidad Cultural"},"image":{"@id":"https:\/\/www.aparences.net\/es\/#\/schema\/logo\/image\/"}},{"@type":"Person","@id":"https:\/\/www.aparences.net\/es\/#\/schema\/person\/af349f6ffc31b16c68963e61268afca5","name":"admin","url":"https:\/\/www.aparences.net\/es\/author\/admin\/"}]}},"_links":{"self":[{"href":"https:\/\/www.aparences.net\/es\/wp-json\/wp\/v2\/posts\/13122","targetHints":{"allow":["GET"]}}],"collection":[{"href":"https:\/\/www.aparences.net\/es\/wp-json\/wp\/v2\/posts"}],"about":[{"href":"https:\/\/www.aparences.net\/es\/wp-json\/wp\/v2\/types\/post"}],"author":[{"embeddable":true,"href":"https:\/\/www.aparences.net\/es\/wp-json\/wp\/v2\/users\/2"}],"replies":[{"embeddable":true,"href":"https:\/\/www.aparences.net\/es\/wp-json\/wp\/v2\/comments?post=13122"}],"version-history":[{"count":0,"href":"https:\/\/www.aparences.net\/es\/wp-json\/wp\/v2\/posts\/13122\/revisions"}],"wp:featuredmedia":[{"embeddable":true,"href":"https:\/\/www.aparences.net\/es\/wp-json\/wp\/v2\/media\/26476"}],"wp:attachment":[{"href":"https:\/\/www.aparences.net\/es\/wp-json\/wp\/v2\/media?parent=13122"}],"wp:term":[{"taxonomy":"category","embeddable":true,"href":"https:\/\/www.aparences.net\/es\/wp-json\/wp\/v2\/categories?post=13122"},{"taxonomy":"post_tag","embeddable":true,"href":"https:\/\/www.aparences.net\/es\/wp-json\/wp\/v2\/tags?post=13122"}],"curies":[{"name":"wp","href":"https:\/\/api.w.org\/{rel}","templated":true}]}}