{"id":13128,"date":"2010-07-06T13:19:28","date_gmt":"2010-07-06T11:19:28","guid":{"rendered":"https:\/\/www.aparences.net\/periodes\/le-trecento\/el-trecento-en-siena\/"},"modified":"2025-12-11T19:40:57","modified_gmt":"2025-12-11T18:40:57","slug":"el-trecento-en-siena","status":"publish","type":"post","link":"https:\/\/www.aparences.net\/es\/periodos\/el-trecento\/el-trecento-en-siena\/","title":{"rendered":"El Trecento en Siena"},"content":{"rendered":"<p><!--contents--><\/p>\n\n\n<h2 class=\"wp-block-heading\">Duccio di Bouninsegna y la Escuela de Siena<\/h2>\n\n\n\n<p>Los cambios realizados por <strong>Duccio<\/strong> en Siena se llevan a cabo de acuerdo con ciertas convenciones de la <a href=\"https:\/\/es.wikipedia.org\/wiki\/Arte_bizantino\">figuraci\u00f3n bizantina<\/a> que suavizan el esquematismo y templan el hieratismo por medio de una elegancia lineal y un refinamiento crom\u00e1tico de esp\u00edritu puramente g\u00f3tico. Si la estancia de <strong>Duccio<\/strong> en As\u00eds sigue siendo conjetural, la influencia de Cimabue sin embargo, es m\u00e1s segura, principalmente mediante la famosa <em>Madona Rucellai<\/em> (Florencia, Uffizi), que <strong>Vasari <\/strong>atribuye al maestro florentino. La <em><strong>Maest\u00e0<\/strong><\/em> realizada para el altar mayor de la catedral de Siena en 1308 y llevada con gran pompa a su lugar de destino en 1311, es la obra m\u00e1s representativa de Duccio. Este retablo pintado por ambas caras presenta un importante programa que combina una imagen de devoci\u00f3n donde la Virgen y el Ni\u00f1o se re\u00fanen con \u00e1ngeles, santos y patronos de la ciudad, dentro de un ciclo cristol\u00f3gico y mariano.<\/p>\n\n\n<div class=\"wp-block-image\">\n<figure class=\"aligncenter\"><img loading=\"lazy\" decoding=\"async\" width=\"357\" height=\"400\" src=\"https:\/\/www.aparences.net\/wp-content\/uploads\/2010\/07\/duccio_maesta.jpg\" alt=\"Maest\u00e0, 1311, Duccio\" class=\"wp-image-20129\" title=\"Maest\u00e0, 1311, Duccio\" srcset=\"https:\/\/www.aparences.net\/wp-content\/uploads\/2010\/07\/duccio_maesta.jpg 357w, https:\/\/www.aparences.net\/wp-content\/uploads\/2010\/07\/duccio_maesta-160x179.jpg 160w\" sizes=\"auto, (max-width: 357px) 100vw, 357px\" \/><\/figure>\n<\/div>\n\n<div class=\"wp-block-image\">\n<figure class=\"aligncenter\"><img loading=\"lazy\" decoding=\"async\" width=\"305\" height=\"400\" src=\"https:\/\/www.aparences.net\/wp-content\/uploads\/2010\/07\/duccio_maesta_detail.jpg\" alt=\"Maest\u00e0, Santa Catalina de Alejandr\u00eda, 1311, Duccio \" class=\"wp-image-20131\" title=\"Maest\u00e0, Santa Catalina de Alejandr\u00eda, 1311, Duccio\" srcset=\"https:\/\/www.aparences.net\/wp-content\/uploads\/2010\/07\/duccio_maesta_detail.jpg 305w, https:\/\/www.aparences.net\/wp-content\/uploads\/2010\/07\/duccio_maesta_detail-160x210.jpg 160w\" sizes=\"auto, (max-width: 305px) 100vw, 305px\" \/><figcaption class=\"wp-element-caption\"><em><strong>Maest\u00e0<\/strong>, detalles con Santa Catalina de Alejandr\u00eda, 1311, <strong>Duccio<\/strong> <\/em><br><em>(Siena, museo de la obra de la Catedral) <\/em><\/figcaption><\/figure>\n<\/div>\n\n\n<p><em>La caracter\u00edstica principal y absolutamente innovadora de este retablo es su formato horizontal. La monumentalidad formal deriva de la naturaleza misma de la obra, es decir como un gran cuadro de devoci\u00f3n, que era destinado a ser venerado por la comunidad, y contemplado por los fieles. Los tejidos de los ropajes y de los drapeados est\u00e1n bordados con peque\u00f1os motivos dorados los cuales sucedi\u00e9ndose sin interrupci\u00f3n, producen el efecto de una verdadera tela.<br><\/em><\/p>\n\n\n<div class=\"wp-block-image\">\n<figure class=\"aligncenter\"><img loading=\"lazy\" decoding=\"async\" width=\"428\" height=\"400\" src=\"https:\/\/www.aparences.net\/wp-content\/uploads\/2010\/07\/duccio_samarit.jpg\" alt=\"Cristo y la samaritana, 1311, Duccio\" class=\"wp-image-14297\" title=\"Cristo y la samaritana, 1311, Duccio\" srcset=\"https:\/\/www.aparences.net\/wp-content\/uploads\/2010\/07\/duccio_samarit.jpg 428w, https:\/\/www.aparences.net\/wp-content\/uploads\/2010\/07\/duccio_samarit-300x280.jpg 300w\" sizes=\"auto, (max-width: 428px) 100vw, 428px\" \/><figcaption class=\"wp-element-caption\"><em><strong>Cristo y la samaritana<\/strong>, reverso de la Maest\u00e0, 1311, <strong>Duccio<\/strong> <\/em><br><em>(Madrid, Museo Thyssen-Bornemisza) <\/em><\/figcaption><\/figure>\n<\/div>\n\n\n<p><em>La arquitectura urbana, precisa y coherente en su articulaci\u00f3n estructural, colorea la escena. La geometr\u00eda compacta de la ciudad de Siquem y del pozo en el que est\u00e1 sentado Jes\u00fas, se opone a la esbelta figura de la mujer.<br><\/em><\/p>\n\n\n<div class=\"wp-block-image\">\n<figure class=\"aligncenter\"><img loading=\"lazy\" decoding=\"async\" width=\"481\" height=\"398\" src=\"https:\/\/www.aparences.net\/wp-content\/uploads\/2010\/07\/duccio_maesta5.jpg\" alt=\"Cristo acusado por los fariseos, Duccio\" class=\"wp-image-14298\" title=\"Cristo acusado por los fariseos, Duccio\" srcset=\"https:\/\/www.aparences.net\/wp-content\/uploads\/2010\/07\/duccio_maesta5.jpg 481w, https:\/\/www.aparences.net\/wp-content\/uploads\/2010\/07\/duccio_maesta5-300x248.jpg 300w\" sizes=\"auto, (max-width: 481px) 100vw, 481px\" \/><figcaption class=\"wp-element-caption\"><em><strong>Cristo acusado por los fariseos<\/strong>, reverso de la Maest\u00e0, 1311, <strong>Duccio<\/strong><\/em><br><em> (Siena, Opera del Duomo)<\/em><\/figcaption><\/figure>\n<\/div>\n\n\n<p><em>Se trata de una escena que m\u00e1s tarde servir\u00e1 de inspiraci\u00f3n a las m\u00e1s brillantes demostraciones narrativas, anecd\u00f3ticas y expresivas. El esp\u00edritu de Duccio es muy diferente al de&nbsp;<a title=\"Giotto\" href=\"https:\/\/www.aparences.net\/es\/periodos\/el-trecento\/giotto-y-la-escuela-florentina\/\">Giotto<\/a>: la estructura narrativa es clara y n\u00edtida, pero no hay ninguna agitaci\u00f3n real: los personajes componen m\u00e1s una masa que un grupo y se reparten en tres zonas claramente diferenciadas por las columnas de la arquitectura (Pilatos-Cristo-multitud). M\u00e1s que la escena o lugar del evento, Duccio establece el \u00ablugar\u00bb pl\u00e1stico. Las distorsiones espaciales, sensibles sobre todo en las columnas de separaci\u00f3n son el signo de un \u00abespacio pict\u00f3rico\u00bb que no tiene por objeto hacer visible el \u00abacto\u00bb de la acci\u00f3n, sino para presentar la imagen de una acci\u00f3n sobre la cual los fieles pueden y deben meditar. <strong>El reverso de la Maest\u00e0<\/strong> tiene pues una funci\u00f3n lit\u00fargica muy precisa. La armon\u00eda decorativa se ve reforzada por el brillo de los rojos, los rosas, los verdes y los violetas pintados sobre un fondo de oro. La facilidad con que las figuras encajan dentro de su entorno, son soluciones convincentes aportadas al problema de espacio. Alrededor de esta obra, podemos considerar veros\u00edmil una colaboraci\u00f3n de todos los maestros sieneses que debutan en aquel momento. Pero la homogeneidad que regula el conjunto de ella en el \u00e1mbito del color, de la distribuci\u00f3n de la luz y la coherencia estil\u00edstica pertenecen a un \u00fanico y s\u00f3lo maestro.<br><\/em><\/p>\n\n\n\n<!-- AdBoxRight2020 --><ins class=\"adsbygoogle\"     style=\"display:block; margin-top:30px;\"     data-ad-client=\"ca-pub-2468002815867636\"     data-ad-slot=\"3496014735\"     data-ad-format=\"auto\"     data-full-width-responsive=\"false\"><\/ins><script> (adsbygoogle = window.adsbygoogle || []).push({});<\/script><h2 class=\"wp-block-heading\">La delicadeza aristocr\u00e1tica de Simone Martini<\/h2>\n\n\n\n<p>En Siena, en torno a 1315, incluso antes de la muerte de Duccio (1318), una nueva generaci\u00f3n de pintores que el artista hab\u00eda probablemente formado tom\u00f3 el relevo. En el Palacio P\u00fablico de Siena, <strong>Simone Martini<\/strong> pint\u00f3 al fresco una <em><a title=\"Maest\u00e0 de Simone Martini\" href=\"https:\/\/www.aparences.net\/es\/escuelas\/la-pintura-sienesa\/siena-la-edad-de-oro-de-la-pintura\/\">Maest\u00e0<\/a><\/em> (firmada y fechada en 1315), tomando como modelo la de <strong>Duccio<\/strong> pero dando una versi\u00f3n m\u00e1s naturalista y concreta del tema: el fondo azul ultramar, el baldaquino tratado en escorzo y la disposici\u00f3n de las figuras alrededor del trono de Maria, crean una fuerte ilusi\u00f3n espacial, que da testimonio de su sensibilidad a la lecci\u00f3n de Giotto. El ciclo de la <em>Vida de San Mart\u00edn<\/em> (iglesia inferior de As\u00eds, entre 1317 y 1320) que se desarrolla en un ambiente mundano y caballeresco, la percepci\u00f3n de la realidad y de refinamiento se halla muy alejado de la <a title=\"est\u00e9tica giottesca\" href=\"https:\/\/www.aparences.net\/es\/periodos\/el-trecento\/giotto-y-la-escuela-florentina\/\">est\u00e9tica giottesca<\/a>.&nbsp;Pero es en la escena de la <em><strong>Anunciaci\u00f3n entre san Anzano y santa Margarita<\/strong><\/em> (1333) retablo realizado en colaboraci\u00f3n con <strong>Lippo Memmi<\/strong>, donde <strong>Simone Martini <\/strong>da la medida de su estilo: el dominio del arabesco, la delicadeza aristocr\u00e1tica y la preciosidad de la ejecuci\u00f3n alcanzan su m\u00e1s alta expresi\u00f3n. Su estancia en la corte de N\u00e1poles (1317) y en Avi\u00f1\u00f3n donde muri\u00f3 en 1344, contribuyen a hacer de \u00e9l un pintor de renombre internacional. La alianza sutil entre refinamiento y naturalismo tiene una influencia decisiva en la formaci\u00f3n del <a href=\"https:\/\/www.aparences.net\/es\/periodos\/gotico-internacional\/\" data-type=\"link\" data-id=\"https:\/\/www.aparences.net\/es\/periodos\/gotico-internacional\/\">g\u00f3tico internacional<\/a> de finales de siglo.<\/p>\n\n\n<div class=\"wp-block-image\">\n<figure class=\"aligncenter\"><img loading=\"lazy\" decoding=\"async\" width=\"328\" height=\"460\" src=\"https:\/\/www.aparences.net\/wp-content\/uploads\/2010\/07\/simone-martini-annonciation-detail-vierge.jpg\" alt=\"La Anunciaci\u00f3n, detalle de la Virgen, 1333, Simone Martini\" class=\"wp-image-20528\" title=\"La Anunciaci\u00f3n, detalle de la Virgen, 1333, Simone Martini\" srcset=\"https:\/\/www.aparences.net\/wp-content\/uploads\/2010\/07\/simone-martini-annonciation-detail-vierge.jpg 328w, https:\/\/www.aparences.net\/wp-content\/uploads\/2010\/07\/simone-martini-annonciation-detail-vierge-160x224.jpg 160w\" sizes=\"auto, (max-width: 328px) 100vw, 328px\" \/><figcaption class=\"wp-element-caption\"><em><strong>La Anunciaci\u00f3n<\/strong>, detalle de la Virgen, 1333, <strong>Simone Martini<\/strong> (Florencia, Uffizi)<\/em><\/figcaption><\/figure>\n<\/div>\n\n\n<p><em>La importancia del trabajo de Simone radica en la claridad de su elecci\u00f3n est\u00e9tica, radicalmente diferente de la de los giottescos. El efecto y la eficiencia de la imagen se deben al ritmo lineal basado en la curva del manto de Mar\u00eda que se corresponde con el del \u00e1ngel: el gesto de retroceso y de aproximaci\u00f3n se expresan en el contorno m\u00e1s que en el gesto \u00abpsicol\u00f3gico\u00bb: el resultado es un balanceo equilibrado, a veces percibido como un signo rozando la decadencia debido a su elegancia demasiado amanerada, la Anunciaci\u00f3n es en realidad una obra innovadora por la sutileza de sus notaciones espaciales: la mano del \u00e1ngel, la rama de olivo, el jarr\u00f3n con las flores de lis presentados de forma oblicua crean la profundidad por capas, mientras que la meticulosa precisi\u00f3n del detalle (las incrustaciones del trono, el libro abierto, el pavimento de m\u00e1rmol), garantiza la presencia de la representaci\u00f3n.<br><\/em><\/p>\n\n\n<div class=\"wp-block-image\">\n<figure class=\"aligncenter\"><img loading=\"lazy\" decoding=\"async\" width=\"439\" height=\"370\" src=\"https:\/\/www.aparences.net\/wp-content\/uploads\/2010\/07\/simone_annonc.jpg\" alt=\"La Anunciaci\u00f3n, panel central, 1333, Simone Martini\" class=\"wp-image-14300\" title=\"La Anunciaci\u00f3n, panel central, 1333, Simone Martini\" srcset=\"https:\/\/www.aparences.net\/wp-content\/uploads\/2010\/07\/simone_annonc.jpg 439w, https:\/\/www.aparences.net\/wp-content\/uploads\/2010\/07\/simone_annonc-300x252.jpg 300w\" sizes=\"auto, (max-width: 439px) 100vw, 439px\" \/><\/figure>\n<\/div>\n\n<div class=\"wp-block-image\">\n<figure class=\"aligncenter\"><img loading=\"lazy\" decoding=\"async\" width=\"439\" height=\"291\" src=\"https:\/\/www.aparences.net\/wp-content\/uploads\/2010\/07\/simone_annonc1.jpg\" alt=\"La Anunciaci\u00f3n, detalle del \u00e1ngel, 1333, Simone Martini\" class=\"wp-image-14301\" title=\"La Anunciaci\u00f3n, detalle del \u00e1ngel, 1333, Simone Martini\" srcset=\"https:\/\/www.aparences.net\/wp-content\/uploads\/2010\/07\/simone_annonc1.jpg 439w, https:\/\/www.aparences.net\/wp-content\/uploads\/2010\/07\/simone_annonc1-300x198.jpg 300w\" sizes=\"auto, (max-width: 439px) 100vw, 439px\" \/><\/figure>\n<\/div>\n\n\n<p><em>Para sentir plenamente la fuerza de esta confrontaci\u00f3n maravillosa entre el \u00e1ngel y la Virgen, es preferible hacer abstracci\u00f3n de los santos m\u00e1s bien insignificantes (probablemente realizados por su colaborador Lippo Memmi) que flanquean a las figuras centrales. El fondo de oro tiene una importancia capital: cava un vac\u00edo escenogr\u00e1fico entre las dos figuras y esculpe una forma extraordinariamente expresiva que parte del hombro de la Virgen. El \u00e1ngel est\u00e1 representado a tama\u00f1o natural, pero se vuelve casi inmaterial a causa de su vestido de damasco blanco y oro deslavado, cuyos tonos azulados le dan un brillo irreal. De su boca entreabierta sale una cadena de palabras &#8211; Dios te salve Mar\u00eda, llena eres de gracia &#8211; que se inscriben en relieve sobre una l\u00ednea diagonal dirigida hacia la Virgen. Sin embargo, lo que quiere expresar aqu\u00ed Simone Martini no es el saludo del \u00e1ngel sino la reacci\u00f3n de Mar\u00eda. Como lo cuenta el Evangelio seg\u00fan san Lucas: \u00abturbada por sus palabras, Mar\u00eda se preguntaba que pod\u00eda significar este saludo.\u00bb Esta obra de <strong>Simone Martini <\/strong>est\u00e1 sorprendentemente y profundamente centrada en el miedo. Mientras que el \u00e1ngel irradia y parece flotar con su manto arremolinado detr\u00e1s de \u00e9l, la Virgen se halla literalmente encogida.<\/em><\/p>\n\n\n<div class=\"wp-block-image\">\n<figure class=\"aligncenter\"><img loading=\"lazy\" decoding=\"async\" width=\"352\" height=\"430\" src=\"https:\/\/www.aparences.net\/wp-content\/uploads\/2010\/07\/simone_assise5.jpg\" alt=\"San Mart\u00edn es nombrado caballero, 1317-1320, Simone Martini\" class=\"wp-image-14302\" title=\"San Mart\u00edn es nombrado caballero, 1317-1320, Simone Martini\" srcset=\"https:\/\/www.aparences.net\/wp-content\/uploads\/2010\/07\/simone_assise5.jpg 352w, https:\/\/www.aparences.net\/wp-content\/uploads\/2010\/07\/simone_assise5-245x300.jpg 245w\" sizes=\"auto, (max-width: 352px) 100vw, 352px\" \/><figcaption class=\"wp-element-caption\"><em><strong>San Mart\u00edn es nombrado caballero<\/strong>: Escenas de la vida de san Mart\u00edn, detalle, 1317-1320, <\/em><br><em><strong>Simone Martini<\/strong><\/em><br><em>(As\u00eds, Iglesia inferior de San Francisco) <\/em><\/figcaption><\/figure>\n<\/div>\n\n\n<p><em>En esta escena, al igual que en todas las escenas de interior, la perspectiva ha sido muy estudiada, siempre perfectamente equilibrada, aunque la l\u00ednea nunca pierda su importancia. En efecto, la l\u00ednea delimita la amplitud de los vol\u00famenes y permite a los colores realzarse en sus zonas crom\u00e1ticas:&nbsp; magnificas tonalidades en los vestidos multicolores de los juglares tocando la flauta y el la\u00fad junto a tres cantores atentos en seguir la melod\u00eda.<br><\/em><\/p>\n\n\n<div class=\"wp-block-image\">\n<figure class=\"aligncenter\"><img loading=\"lazy\" decoding=\"async\" width=\"630\" height=\"400\" src=\"https:\/\/www.aparences.net\/wp-content\/uploads\/2010\/11\/simone_martini_.png\" alt=\"Entierro de Cristo, Simone Martini\" class=\"wp-image-15204\" title=\"Entierro de Cristo, Simone Martini\" srcset=\"https:\/\/www.aparences.net\/wp-content\/uploads\/2010\/11\/simone_martini_.png 630w, https:\/\/www.aparences.net\/wp-content\/uploads\/2010\/11\/simone_martini_-300x190.png 300w\" sizes=\"auto, (max-width: 630px) 100vw, 630px\" \/><figcaption class=\"wp-element-caption\"><em><strong>El Entierro de Cristo<\/strong>, hacia 1312 o hacia 1337, <strong>Simone Martini<\/strong> (Berl\u00edn, Gem\u00e4ldegalerie)<\/em><\/figcaption><\/figure>\n<\/div>\n\n\n<p><em>Se trata de una de las cuatro tablas que se conservan del <strong>Pol\u00edptico Orsini<\/strong>. La parte inferior tiene algo de la inmovilidad y de la frontalidad de un Duccio o de un Ugolino: pero en la esquina superior izquierda, Simone expresa emociones de una intensidad poco com\u00fan. Una mujer grita su c\u00f3lera, vuelta hacia otra mujer cuya boca se tuerce tambi\u00e9n en un grito. Otros se tapan los o\u00eddos, se abrazan unos a otros, o se arrancan el cabello.<br><\/em><\/p>\n\n\n\n<h2 class=\"wp-block-heading\">Los hermanos Lorenzetti y la elaboraci\u00f3n del lenguaje \u00abmoderno\u00bb<\/h2>\n\n\n\n<p>Con la obra de los hermanos <strong>Pietro y Ambrogio Lorenzetti<\/strong>, la pintura sienesa ocupa un lugar predominante en la gran revoluci\u00f3n figurativa del <a title=\"El Trecento\" href=\"https:\/\/www.aparences.net\/es\/periodos\/el-trecento\/\">Trecento<\/a>. La pintura de los Lorenzetti est\u00e1 sujeta a las mismas influencias, principalmente a la de Giotto, sin embargo con una visi\u00f3n diferente, vinculada al sentido del drama en lo que se refiere a Pietro y a una sensibilidad m\u00e1s l\u00edrica y sosegada en <strong>Ambrogio Lorenzetti<\/strong>. En cuanto a la sugerencia del espacio, su agudeza en la observaci\u00f3n les lleva a proponer las m\u00e1s espectaculares y fecundas soluciones. En As\u00eds, <strong>Pietro Lorenzetti<\/strong> terminar\u00e1 la \u00faltima parte del <em>Ciclo de la Pasi\u00f3n<\/em> (iglesia inferior entre 1324-1329) proponiendo una representaci\u00f3n del dolor (<em><a title=\"Pietro Lorenzetti Descendimiento de la Cruz\" href=\"https:\/\/www.aparences.net\/es\/periodos\/el-trecento\/el-trecento-entre-roma-y-asis-los-precursores\/\">Descendimiento de la cruz)<\/a><\/em>, hecho de violencia contenida, y en lo que todo est\u00e1 subordinado a la emoci\u00f3n. El <em><a title=\"Pietro Lorenzetti Tr\u00edptico Nacimiento de la Virgen\" href=\"https:\/\/www.aparences.net\/es\/escuelas\/la-pintura-sienesa\/siena-la-edad-de-oro-de-la-pintura\/\">Tr\u00edptico del Nacimiento de la Virgen<\/a><\/em> (1335-1342, Siena Museo dell&#8217;Opera del Duomo), presenta un lujoso interior lleno de ricos detalles tomados de la vida cotidiana. El hecho de reunir en una sola escena el panel central y el postigo derecho muestra la audacia del pintor. El arte de Pietro nos descubre una gama excepcionalmente amplia de sentimientos y tambi\u00e9n su vasta y compleja cultura. Eso explica los cambios constantes en su lenguaje art\u00edstico, abierto a todas las novedades, sensible a todas las aportaciones, pero sabiendo transformar cada dato para incluirlo dentro de su muy original universo.<\/p>\n\n\n<div class=\"wp-block-image\">\n<figure class=\"aligncenter\"><img loading=\"lazy\" decoding=\"async\" width=\"339\" height=\"373\" src=\"https:\/\/www.aparences.net\/wp-content\/uploads\/2010\/11\/pietro_lorenzetti_arezzo.png\" alt=\"Pol\u00edptico de Arezzo,1320, Pietro Lorenzetti, Arezzo, Pieve di Santa Maria\" class=\"wp-image-15205\" title=\"Pol\u00edptico de Arezzo,1320, Pietro Lorenzetti, Arezzo, Pieve di Santa Maria\" srcset=\"https:\/\/www.aparences.net\/wp-content\/uploads\/2010\/11\/pietro_lorenzetti_arezzo.png 339w, https:\/\/www.aparences.net\/wp-content\/uploads\/2010\/11\/pietro_lorenzetti_arezzo-272x300.png 272w\" sizes=\"auto, (max-width: 339px) 100vw, 339px\" \/><\/figure>\n<\/div>\n\n<div class=\"wp-block-image\">\n<figure class=\"aligncenter\"><img loading=\"lazy\" decoding=\"async\" width=\"342\" height=\"339\" src=\"https:\/\/www.aparences.net\/wp-content\/uploads\/2010\/07\/pietro_polyptyque1.jpg\" alt=\"Anunciaci\u00f3n, Pietro Lorenzetti\" class=\"wp-image-14303\" title=\"Anunciaci\u00f3n, Pietro Lorenzetti\" srcset=\"https:\/\/www.aparences.net\/wp-content\/uploads\/2010\/07\/pietro_polyptyque1.jpg 342w, https:\/\/www.aparences.net\/wp-content\/uploads\/2010\/07\/pietro_polyptyque1-100x100.jpg 100w, https:\/\/www.aparences.net\/wp-content\/uploads\/2010\/07\/pietro_polyptyque1-90x90.jpg 90w, https:\/\/www.aparences.net\/wp-content\/uploads\/2010\/07\/pietro_polyptyque1-75x75.jpg 75w, https:\/\/www.aparences.net\/wp-content\/uploads\/2010\/07\/pietro_polyptyque1-300x297.jpg 300w\" sizes=\"auto, (max-width: 342px) 100vw, 342px\" \/><figcaption class=\"wp-element-caption\"><em><strong>Pol\u00edptico de Arezzo<\/strong> y detalle con la Anunciaci\u00f3n, 1320, <strong>Pietro Lorenzetti<\/strong> <\/em><br><em>(Arezzo, Pieve di Santa Maria)<\/em><\/figcaption><\/figure>\n<\/div>\n\n\n<p><em>Primera obra datada de <strong>Pietro Lorenzetti<\/strong>, este pol\u00edptico puede considerarse en su conjunto, como una construcci\u00f3n arquitect\u00f3nica &#8211; los santos en sus nichos decorados con columnas responden a la abrupta y muy adornada fachada del Duomo de Siena. El gesto del ni\u00f1o sujet\u00e1ndose al velo de su Madre est\u00e1 magn\u00edficamente descrito. El vestido blanco de Mar\u00eda est\u00e1 decorado con rosetas de una gran delicadeza y forrado con armi\u00f1o de un blanco lechoso. La libertad con la que las figuras se colocan en el espacio muestra una afinidad con el estilo tard\u00edo de Giotto.<br><\/em><\/p>\n\n\n<div class=\"wp-block-image\">\n<figure class=\"aligncenter\"><img loading=\"lazy\" decoding=\"async\" width=\"425\" height=\"370\" src=\"https:\/\/www.aparences.net\/wp-content\/uploads\/2010\/07\/pietro_arrest.jpg\" alt=\"Arresto de Jes\u00fas, Pietro Lorenzetti\" class=\"wp-image-14304\" title=\"Arresto de Jes\u00fas, Pietro Lorenzetti\" srcset=\"https:\/\/www.aparences.net\/wp-content\/uploads\/2010\/07\/pietro_arrest.jpg 425w, https:\/\/www.aparences.net\/wp-content\/uploads\/2010\/07\/pietro_arrest-300x261.jpg 300w\" sizes=\"auto, (max-width: 425px) 100vw, 425px\" \/><figcaption class=\"wp-element-caption\"><em><strong>El Arresto de Jes\u00fas<\/strong>, fresco de la Pasi\u00f3n, <strong>Pietro Lorenzetti<\/strong>, 1315-1319 (As\u00eds, Iglesia inferior de San Francisco)<\/em><\/figcaption><\/figure>\n<\/div>\n\n\n<p><em>En esta escena, el artista recrea con gran habilidad la luz de la luna en el cielo estrellado, que se refleja sobre el tranquilo paisaje nocturno de colinas rocosas, donde crecen unos pocos olivos. A la derecha, el artista representa de espaldas al grupo de ap\u00f3stoles que huyen, lo que sugiere una prolongaci\u00f3n del espacio. Pietro utiliza colores intensos, brillantes, pintando sus figuras con forma de solemnes estatuas, que pueden evocar las esculturas de Giovanni Pisano. En primer plano destacan varios personajes, entre los cuales emerge la figura de Judas &#8211; casi como dentro de un cuadro &#8211; que se aproxima a Jes\u00fas.<br><\/em><\/p>\n\n\n\n<p><strong>Pietro Lorenzetti<\/strong> contribuy\u00f3 de forma decisiva, <strong>al igual que su hermano Ambrogio<\/strong>, al desarrollo del lenguaje \u00abmoderno\u00bb, instaurado por <strong>Giotto<\/strong>, creando una visi\u00f3n pict\u00f3rica original, inspirada principalmente por la atm\u00f3sfera espiritual de Siena. En algunos casos, el itinerario art\u00edstico de Pietro parece cruzarse con el de su hermano Ambrogio, con quien tal vez dirigi\u00f3 un taller. Muri\u00f3 muy probablemente de la <a href=\"https:\/\/www.aparences.net\/es\/escuelas\/la-pintura-sienesa\/siena-despues-de-la-peste-negra-1348-1420\/\">peste en 1348<\/a> que ocasion\u00f3 tantos estragos entre los artistas de <a href=\"https:\/\/www.aparences.net\/es\/escuelas\/la-pintura-sienesa\/\">la escuela de Siena<\/a>.<\/p>\n\n\n<div class=\"wp-block-image\">\n<figure class=\"aligncenter\"><img loading=\"lazy\" decoding=\"async\" width=\"456\" height=\"370\" src=\"https:\/\/www.aparences.net\/wp-content\/uploads\/2010\/07\/pietro_reve.jpg\" alt=\"El sue\u00f1o de Sobac, Pietro Lorenzetti\" class=\"wp-image-14305\" title=\"El sue\u00f1o de Sobac, Pietro Lorenzetti\" srcset=\"https:\/\/www.aparences.net\/wp-content\/uploads\/2010\/07\/pietro_reve.jpg 456w, https:\/\/www.aparences.net\/wp-content\/uploads\/2010\/07\/pietro_reve-300x243.jpg 300w\" sizes=\"auto, (max-width: 456px) 100vw, 456px\" \/><figcaption class=\"wp-element-caption\"><em><strong>El sue\u00f1o de Sobac<\/strong>, panel de la predela del Retablo de los Carmelitas, 1328-1329, <strong>Pietro Lorenzetti<\/strong> (Siena, Pinacoteca)<\/em><\/figcaption><\/figure>\n<\/div>\n\n\n<p><em>En este panel de predela, <strong>Pietro Lorenzetti<\/strong> inventa detalles muy elegantes para representar la arquitectura de las habitaciones y de los p\u00f3rticos, en composiciones llenas de delicadas vibraciones de luz. El \u00abSue\u00f1o de Sobac\u00bb tiene un gran encanto po\u00e9tico; las zonas de colores forman un juego refinado de luces y tambi\u00e9n en ciertos detalles como la manta de cuadros, la cortina blanca, la toalla en el perchero.<br><\/em><\/p>\n\n\n\n<p>En la Sala de los Nueve del Palazzo Pubblico de Siena, <strong>Ambrogio Lorenzetti <\/strong>realiza entre 1337 y 1340, los frescos de la <em><strong>Alegor\u00eda del Buen y del Mal Gobierno<\/strong> y sus efectos en la ciudad y en el campo<\/em>, un conjunto \u00fanico que mezcla lo simb\u00f3lico con lo real. Cargada de intenciones pol\u00edticas y morales, esta obra transcribe de una manera muy sugestiva la vida urbana y rural de la \u00e9poca, mediante una vista panor\u00e1mica de la ciudad y de su entorno campestre. Por primera vez, un espacio es representado por si mismo y no por su significado. La b\u00fasqueda de un espacio a la medida del hombre, encuentran su punto culminante en dos pinturas sobre tabla. En la <em><strong>Presentaci\u00f3n de Jes\u00fas en el Templo<\/strong><\/em> (1342, Florencia, Uffizi) y en la <a title=\"Ambrogio Lorenzetti Anunciaci\u00f3n\" href=\"https:\/\/www.aparences.net\/es\/escuelas\/la-pintura-sienesa\/siena-la-edad-de-oro-de-la-pintura\/\"><em>Anunciaci\u00f3n<\/em><\/a> (1344, Siena, Pinacoteca) se anuncian algunos de los principios m\u00e1s importantes de la perspectiva lineal: en ambos casos, la parte central del suelo embaldosado converge hacia a un \u00fanico punto de fuga.<\/p>\n\n\n<div class=\"wp-block-image\">\n<figure class=\"aligncenter\"><a href=\"https:\/\/aparences.net\/wp-content\/uploads\/2010\/07\/ambrogio_bon1.jpg\"><img loading=\"lazy\" decoding=\"async\" width=\"519\" height=\"368\" src=\"https:\/\/www.aparences.net\/wp-content\/uploads\/2010\/07\/ambrogio_bon1.jpg\" alt=\"Efectos del buen gobierno en el campo, Ambrogio Lorenzetti\" class=\"wp-image-14306\" title=\"Efectos del buen gobierno en el campo, Ambrogio Lorenzetti\" srcset=\"https:\/\/www.aparences.net\/wp-content\/uploads\/2010\/07\/ambrogio_bon1.jpg 519w, https:\/\/www.aparences.net\/wp-content\/uploads\/2010\/07\/ambrogio_bon1-300x212.jpg 300w\" sizes=\"auto, (max-width: 519px) 100vw, 519px\" \/><\/a><figcaption class=\"wp-element-caption\"><em><strong>Efectos del buen gobierno en el campo<\/strong>, 1337-1339, <strong>Ambrogio Lorenzetti<\/strong><\/em><br><em> (Siena, Palazzo Pubblico, Sala de los Nueve) <\/em><\/figcaption><\/figure>\n<\/div>\n\n\n<p><em>La actividad humana se basa principalmente en la experiencia visual del artista, incluso con un claro objetivo de propaganda pol\u00edtica. En esta representaci\u00f3n, de acuerdo con el mensaje del&nbsp;<a title=\"Siena R\u00e9gimen de los Nueve\" href=\"https:\/\/www.aparences.net\/es\/escuelas\/la-pintura-sienesa\/siena-la-edad-de-oro-de-la-pintura\/\">r\u00e9gimen de los Nueve<\/a>, el artista retrata una tierra f\u00e9rtil y una ciudad industriosa, cuyos habitantes trabajan serenamente dentro de una atm\u00f3sfera de alegr\u00eda y de buen entendimiento. La s\u00edntesis de los distintos trabajos relativos a las diferentes \u00e9pocas del a\u00f1o, evocan las im\u00e1genes de los meses, muy generalizadas en el arte medieval.<br><\/em><\/p>\n\n\n<div class=\"wp-block-image\">\n<figure class=\"aligncenter\"><img loading=\"lazy\" decoding=\"async\" width=\"301\" height=\"460\" src=\"https:\/\/www.aparences.net\/wp-content\/uploads\/2010\/07\/ambrogio-lorenzetti-presentation-au-temple-1342.jpg\" alt=\"Presentaci\u00f3n de Jes\u00fas en el Templo, 1342, Ambrogio Lorenzetti\" class=\"wp-image-20531\" title=\"Presentaci\u00f3n de Jes\u00fas en el Templo, 1342, Ambrogio Lorenzetti\" srcset=\"https:\/\/www.aparences.net\/wp-content\/uploads\/2010\/07\/ambrogio-lorenzetti-presentation-au-temple-1342.jpg 301w, https:\/\/www.aparences.net\/wp-content\/uploads\/2010\/07\/ambrogio-lorenzetti-presentation-au-temple-1342-160x245.jpg 160w\" sizes=\"auto, (max-width: 301px) 100vw, 301px\" \/><figcaption class=\"wp-element-caption\"><em><strong>Presentaci\u00f3n de Jes\u00fas en el Templo<\/strong>, 1342, <strong>Ambrogio Lorenzetti<\/strong> <\/em><br><em>(Florencia, Uffizi) <\/em><\/figcaption><\/figure>\n<\/div>\n\n\n<p><em>Esta obra, que fue pintada para la capilla de San Crescenzio en la catedral de Siena, est\u00e1 inspirada en los frescos ejecutados por los hermanos Lorenzetti en la fachada del hospital que se encuentra delante de la catedral, hoy desaparecidos. Lorenzetti introduce aqu\u00ed una perspectiva compleja, con el punto de fuga de las columnas de las tres naves. <\/em><\/p>\n\n\n<div class=\"wp-block-image\">\n<figure class=\"aligncenter\"><img loading=\"lazy\" decoding=\"async\" width=\"640\" height=\"362\" src=\"https:\/\/www.aparences.net\/wp-content\/uploads\/2010\/07\/ambrogio-lorenzetti-presentation-au-temple-detail.jpg\" alt=\"Presentaci\u00f3n de Jes\u00fas en el Templo, 1342, Ambrogio Lorenzetti\" class=\"wp-image-20533\" title=\"Presentaci\u00f3n de Jes\u00fas en el Templo, 1342, Ambrogio Lorenzetti\" srcset=\"https:\/\/www.aparences.net\/wp-content\/uploads\/2010\/07\/ambrogio-lorenzetti-presentation-au-temple-detail.jpg 640w, https:\/\/www.aparences.net\/wp-content\/uploads\/2010\/07\/ambrogio-lorenzetti-presentation-au-temple-detail-160x91.jpg 160w\" sizes=\"auto, (max-width: 640px) 100vw, 640px\" \/><\/figure>\n<\/div>\n\n\n<p><em>La escena, basada en el Evangelio seg\u00fan san Lucas, el perfecto equilibrio que Lorenzetti sabe establecer entre el aspecto especulativo y el aspecto emocional, se caracteriza por el contraste entre la cara del viejo Sime\u00f3n que sostiene el Ni\u00f1o, cansada y surcada de arrugas, y el gesto confiado del reci\u00e9n nacido que se mete un dedo en la boca; caracter\u00edstica sorprendente, que muestra<\/em><em> la tierna atenci\u00f3n de Lorenzetti hacia el mundo de la infancia y, por otra parte, el deseo de mostrar la humanidad de Dios encarnado.<br><\/em><\/p>\n\n\n<div class=\"wp-block-image\">\n<figure class=\"aligncenter\"><img loading=\"lazy\" decoding=\"async\" width=\"555\" height=\"430\" src=\"https:\/\/www.aparences.net\/wp-content\/uploads\/2010\/07\/ambrogio-lorenzetti-maesta-di-massa-marittima.jpg\" alt=\"Virgen en Majestad, hacia 1335, Ambrogio Lorenzetti\" class=\"wp-image-20535\" title=\"Virgen en Majestad, hacia 1335, Ambrogio Lorenzetti\" srcset=\"https:\/\/www.aparences.net\/wp-content\/uploads\/2010\/07\/ambrogio-lorenzetti-maesta-di-massa-marittima.jpg 555w, https:\/\/www.aparences.net\/wp-content\/uploads\/2010\/07\/ambrogio-lorenzetti-maesta-di-massa-marittima-160x124.jpg 160w\" sizes=\"auto, (max-width: 555px) 100vw, 555px\" \/><\/figure>\n<\/div>\n\n<div class=\"wp-block-image\">\n<figure class=\"aligncenter\"><img loading=\"lazy\" decoding=\"async\" width=\"555\" height=\"356\" src=\"https:\/\/www.aparences.net\/wp-content\/uploads\/2010\/07\/ambrogio-lorenzetti-maesta-di-massa-marittima-detail.jpg\" alt=\"Virgen en Majestad, detalle, Ambrogio Lorenzetti\" class=\"wp-image-20537\" title=\"Virgen en Majestad, detalle, Ambrogio Lorenzetti\" srcset=\"https:\/\/www.aparences.net\/wp-content\/uploads\/2010\/07\/ambrogio-lorenzetti-maesta-di-massa-marittima-detail.jpg 555w, https:\/\/www.aparences.net\/wp-content\/uploads\/2010\/07\/ambrogio-lorenzetti-maesta-di-massa-marittima-detail-160x103.jpg 160w\" sizes=\"auto, (max-width: 555px) 100vw, 555px\" \/><figcaption class=\"wp-element-caption\"><em><strong>Virgen en Majestad<\/strong>, hacia 1335, <strong>Ambrogio Lorenzetti<\/strong> <\/em><br><em>(Massa Marittima, Municipio)<\/em><\/figcaption><\/figure>\n<\/div>\n\n\n<p><em>Sentada en un trono elevado, la Virgen est\u00e1 rodeada de santos y \u00e1ngeles que tocan diversos instrumentos y le ofrecen flores; en la parte inferior, sentadas en las escaleras que llevan al trono se encuentran las tres virtudes teologales. Entre la corte de santos, ap\u00f3stoles y profetas, venidos a venerar a la Virgen, en la parte inferior derecha figura san Cerb\u00f3n, patr\u00f3n de Massa Marittima, acompa\u00f1ado de los gansos con los que se present\u00f3 ante el Papa. La composici\u00f3n se desarrolla sobre toda la superficie y parece partir del fondo para ir avanzando hacia el espectador.<br><\/em><\/p>\n\n\n<div class=\"wp-block-image\">\n<figure class=\"aligncenter\"><img loading=\"lazy\" decoding=\"async\" width=\"454\" height=\"430\" src=\"https:\/\/www.aparences.net\/wp-content\/uploads\/2010\/07\/ambrogio-lorenzetti-vie-de-saint-nicolas.jpg\" alt=\"Vida de san Nicol\u00e1s, Ambrogio Lorenzetti\" class=\"wp-image-20358\" title=\"Vida de san Nicol\u00e1s, Ambrogio Lorenzetti\" srcset=\"https:\/\/www.aparences.net\/wp-content\/uploads\/2010\/07\/ambrogio-lorenzetti-vie-de-saint-nicolas.jpg 454w, https:\/\/www.aparences.net\/wp-content\/uploads\/2010\/07\/ambrogio-lorenzetti-vie-de-saint-nicolas-160x152.jpg 160w\" sizes=\"auto, (max-width: 454px) 100vw, 454px\" \/><figcaption class=\"wp-element-caption\"><em><strong>Vida de san Nicol\u00e1s<\/strong>: El santo dota a dos ni\u00f1as pobres, 1332, <\/em><br><em><strong>Ambrogio Lorenzetti<\/strong> (Florencia, Uffizi)<\/em><\/figcaption><\/figure>\n<\/div>\n\n\n<p><em>Esta escena forma parte de cuatro peque\u00f1as tablas procedentes de la iglesia San Procolo de Florencia, debiendo en su origen flanquear el personaje del santo. La escena ilustra la decisiva intervenci\u00f3n del santo, el cual viv\u00eda todav\u00eda secularmente, en resolver una situaci\u00f3n familiar dif\u00edcil: un padre no pudiendo dotar a sus tres hijas, decide una noche que al d\u00eda siguiente las llevar\u00e1 a prostituirse. Nicolas lanza a trav\u00e9s de la ventana tres bolas de oro, que har\u00e1n posible el matrimonio de las j\u00f3venes. <strong>Ambrogio Lorenzetti<\/strong> nos ofrece una vista de una calle t\u00edpica de Siena, y una abundancia de detalles sacados de la realidad. Las barras de hierro de las ventanas y el banco al lado de la puerta; en el interior, el colch\u00f3n colocado en diagonal, el nicho en la pared que contiene frascos y otros enseres y crea una divisi\u00f3n del espacio, la barra con la toalla, los humildes cofres colocados en \u00e1ngulo recto, la l\u00e1mpara de aceite colgada en el \u00e1ngulo del arco interno. El detalle de san Nicol\u00e1s, poni\u00e9ndose de puntillas para llegar a la ventana y cuya capa roja destaca sobre el muro blanco, es encantador.<br><\/em><\/p>\n\n\n\n<!-- AdBoxLeft2023 --><ins class=\"adsbygoogle\" style=\"display:block\" data-ad-client=\"ca-pub-2468002815867636\" data-ad-slot=\"1318022963\" data-ad-format=\"auto\" data-full-width-responsive=\"true\"><\/ins><script> (adsbygoogle = window.adsbygoogle || []).push({});<\/script><h2 class=\"wp-block-heading\">El Palacio del Podest\u00e0 de San Gimignano<\/h2>\n\n\n\n<p>En la fachada de ladrillo del antiguo Palacio del Podest\u00e0 de San Gimignano, se conservan los escudos de armas de todos aquellos que durante siglos fueron los regidores del bello pueblo del Valle de Elsa. El sentimiento c\u00edvico encontr\u00f3 en este palacio su lugar privilegiado. La Sala del Consejo fue el centro de la vida pol\u00edtica y municipal de San Gimignano, testigo de muchos acontecimientos importantes de su historia, como la visita en el a\u00f1o 1300 de <strong>Dante Alighieri<\/strong>, embajador de la Rep\u00fablica de Florencia, y donde pronunci\u00f3 un discurso con el fin de convencer a la ciudad para que se uniera al partido g\u00fcelfo de la Toscana. Esta sala est\u00e1 decorada, desde finales del siglo XIII, con frescos que representan escenas de caza, de guerra y torneos, toda una ilustraci\u00f3n de las pr\u00e1cticas sociales, como en los frescos del Palacio P\u00fablico de Siena, y que preside el gran fresco la <em><strong>Madonna en Majestad<\/strong><\/em>, realizado por <strong>Lippo Memmi<\/strong>. Se trata de una reproducci\u00f3n casi id\u00e9ntica a la realizada por su famoso maestro y cu\u00f1ado <strong>Simone Martini<\/strong> en la sala del Palazzo Pubblico de Siena. Lippo la actualiza y hace de ella una obra de propaganda &#8211; con la introducci\u00f3n del retrato de <strong>Mino de&#8217; Tolomei,<\/strong> el podest\u00e0 (cargo civil del gobierno) de entonces. La habitaci\u00f3n llamada c\u00e1mara del Podest\u00e0 est\u00e1 enteramente pintada al fresco con representaciones de temas c\u00e9lebres o edificantes, realizados entre 1303 y 1310, por <strong>Memmo di Filippucio<\/strong>.<\/p>\n\n\n<div class=\"wp-block-image\">\n<figure class=\"aligncenter\"><img loading=\"lazy\" decoding=\"async\" width=\"567\" height=\"401\" src=\"https:\/\/www.aparences.net\/wp-content\/uploads\/2010\/07\/azzo-di-massetto-fresque-charles-d-anjou.jpg\" alt=\"Carlos de Anjou, Azzo di Masetto\" class=\"wp-image-20541\" title=\"Carlos de Anjou, Azzo di Masetto\" srcset=\"https:\/\/www.aparences.net\/wp-content\/uploads\/2010\/07\/azzo-di-massetto-fresque-charles-d-anjou.jpg 567w, https:\/\/www.aparences.net\/wp-content\/uploads\/2010\/07\/azzo-di-massetto-fresque-charles-d-anjou-160x113.jpg 160w\" sizes=\"auto, (max-width: 567px) 100vw, 567px\" \/><figcaption class=\"wp-element-caption\"><em><strong>Carlos de Anjou<\/strong>, fresco, \u00faltima d\u00e9cada del siglo XIII, <strong>Azzo di Masetto<\/strong><\/em><br><em> (San Gimignano, Palazzo del Podest\u00e0, C\u00e1mara del Consejo)<\/em><\/figcaption><\/figure>\n<\/div>\n\n\n<p><em>El estilo de este pintor recuerda <strong>Cimabue<\/strong>, sobre todo en sus escenas particularmente vivas y muy atractivas desde un punto de vista narrativo, que comportan episodios de la vida cortesana, como esta representaci\u00f3n de <strong>Carlos de Anjou<\/strong>, sentado en su trono y flanqueado por dos cetreros. La escena, est\u00e1 probablemente relacionada con la renovaci\u00f3n de la alianza establecida entre el monarca y los g\u00fcelfos de Florencia y de San Gimignano; la representaci\u00f3n pretend\u00eda conmemorar solemnemente y para la posteridad, el recuerdo de un episodio particularmente importante en la historia de la ciudad.<br><\/em><\/p>\n\n\n<div class=\"wp-block-image\">\n<figure class=\"aligncenter\"><img loading=\"lazy\" decoding=\"async\" width=\"600\" height=\"276\" src=\"https:\/\/www.aparences.net\/wp-content\/uploads\/2010\/07\/maesta-lippo-memmi-san-gimignano.jpg\" alt=\"Maest\u00e0, Lippo Memmi\" class=\"wp-image-20356\" title=\"Maest\u00e0, Lippo Memmi\" srcset=\"https:\/\/www.aparences.net\/wp-content\/uploads\/2010\/07\/maesta-lippo-memmi-san-gimignano.jpg 600w, https:\/\/www.aparences.net\/wp-content\/uploads\/2010\/07\/maesta-lippo-memmi-san-gimignano-160x74.jpg 160w\" sizes=\"auto, (max-width: 600px) 100vw, 600px\" \/><\/figure>\n<\/div>\n\n<div class=\"wp-block-image\">\n<figure class=\"aligncenter\"><img loading=\"lazy\" decoding=\"async\" width=\"296\" height=\"400\" src=\"https:\/\/www.aparences.net\/wp-content\/uploads\/2010\/07\/maesta_gimig1.jpg\" alt=\"Maest\u00e0, donante, Lippo Memmi\" class=\"wp-image-14309\" title=\"Maest\u00e0, donante, Lippo Memmi\" srcset=\"https:\/\/www.aparences.net\/wp-content\/uploads\/2010\/07\/maesta_gimig1.jpg 296w, https:\/\/www.aparences.net\/wp-content\/uploads\/2010\/07\/maesta_gimig1-222x300.jpg 222w\" sizes=\"auto, (max-width: 296px) 100vw, 296px\" \/><figcaption class=\"wp-element-caption\"><em><strong>Maest\u00e0<\/strong> y detalle del donante, 1317,<\/em><br><em> <strong>Lippo Memmi<\/strong><\/em><br><em> (San Gimignano, Palazzo del Podest\u00e0) <\/em><\/figcaption><\/figure>\n<\/div>\n\n\n<p><em>Realizado dos a\u00f1os despu\u00e9s de la <strong>Maest\u00e0<\/strong> de <strong>Simone Martini<\/strong>, el mural de Memmi lleva incontestablemente su huella: el mismo color azul, el mismo baldaqu\u00edn, el trono en forma de pol\u00edptico, una misma presentaci\u00f3n en profundidad de los personajes con los rostros parcialmente cubiertos. La Virgen est\u00e1 sentada como una reina profana en su trono de oro repujado, rodeada de una corte celestial. La riqueza de la paleta crom\u00e1tica, confiere a este fresco una sacralidad y una autoridad perfectamente representativas del valor moral que pretend\u00eda influir. La Virgen es la patrona de la ciudad que inspira el buen gobierno de la clase dirigente, representado por el <strong>comitente de la obra<\/strong>, el sien\u00e9s <strong>Nello di Milo de&#8217;Tolomei<\/strong>, capit\u00e1n del Pueblo, quien humildemente arrodillado, se dispone a recibir su bendici\u00f3n.<br><\/em><\/p>\n\n\n<div class=\"wp-block-image\">\n<figure class=\"aligncenter\"><img loading=\"lazy\" decoding=\"async\" width=\"600\" height=\"318\" src=\"https:\/\/www.aparences.net\/wp-content\/uploads\/2017\/05\/memmo-di-filipuccio-saint-gimignano.jpg\" alt=\"Escena de amor profano, Memmo di Filipuccio\" class=\"wp-image-17850\" title=\"Escena de amor profano, Memmo di Filipuccio\" srcset=\"https:\/\/www.aparences.net\/wp-content\/uploads\/2017\/05\/memmo-di-filipuccio-saint-gimignano.jpg 600w, https:\/\/www.aparences.net\/wp-content\/uploads\/2017\/05\/memmo-di-filipuccio-saint-gimignano-300x159.jpg 300w\" sizes=\"auto, (max-width: 600px) 100vw, 600px\" \/><figcaption class=\"wp-element-caption\"><em><strong>Escenas de amor profano<\/strong>, fresco de la c\u00e1mara del Podest\u00e0<\/em>, <em>hacia 1310, <strong>Memmo di Filipuccio<\/strong> (San Gimignano, Palazzo del Podest\u00e0)<\/em><\/figcaption><\/figure>\n<\/div>\n\n\n<p><em>Probablemente <strong>alumno de<\/strong> <strong>Giotto<\/strong> en As\u00eds, <strong>Memmo di Filipuccio<\/strong> (<span class=\"st\">actividad documentada 1294-1317<\/span>), trabaj\u00f3 en San Gimignano, realizando entre otras obras, un ciclo de frescos de car\u00e1cter profano en la torre del Palacio del Podest\u00e0. <\/em><\/p>\n\n\n<div class=\"wp-block-image\">\n<figure class=\"aligncenter\"><img loading=\"lazy\" decoding=\"async\" width=\"425\" height=\"340\" src=\"https:\/\/www.aparences.net\/wp-content\/uploads\/2011\/06\/chambre_podesta.jpg\" alt=\"Fresco de la c\u00e1mara del Podest\u00e0, Memmo di Filipuccio\" class=\"wp-image-15911\" title=\"Fresco de la c\u00e1mara del Podest\u00e0, Memmo di Filipuccio\" srcset=\"https:\/\/www.aparences.net\/wp-content\/uploads\/2011\/06\/chambre_podesta.jpg 425w, https:\/\/www.aparences.net\/wp-content\/uploads\/2011\/06\/chambre_podesta-300x240.jpg 300w\" sizes=\"auto, (max-width: 425px) 100vw, 425px\" \/><figcaption class=\"wp-element-caption\"><em><strong>Fresco de la c\u00e1mara del Podest\u00e0<\/strong>, hacia 1310, <strong>Memmo di Filipuccio<\/strong>&nbsp; (San Gimignano, Palazzo del Podest\u00e0)<\/em><\/figcaption><\/figure>\n<\/div>\n\n\n<p><em>Esta escena de interior, probablemente ha sido realizada con intenci\u00f3n moralizadora. <strong>La representaci\u00f3n, muy realista<\/strong>, nos informa de las costumbres y moda de la \u00e9poca. Los personajes son tratados con una fuerte plasticidad, similar a la de <strong>Giotto<\/strong>, una caracter\u00edstica del lenguaje de este artista.<br><\/em><\/p>\n","protected":false},"excerpt":{"rendered":"<p>En Siena, en torno a 1315, incluso antes de la muerte de Duccio (1318), una nueva generaci\u00f3n de pintores que el hab\u00eda probablemente formado tom\u00f3 el relevo.<\/p>\n","protected":false},"author":2,"featured_media":26306,"comment_status":"closed","ping_status":"closed","sticky":false,"template":"","format":"standard","meta":{"footnotes":""},"categories":[2336],"tags":[3421,2410,2412,3420,3423,3408],"class_list":["post-13128","post","type-post","status-publish","format-standard","has-post-thumbnail","hentry","category-el-trecento","tag-ambrogio-lorenzetti-2","tag-escuela-de-siena","tag-hermanos-lorenzetti","tag-lippo-memmi-2","tag-simone-martini-2","tag-trecento-2"],"yoast_head":"<!-- This site is optimized with the Yoast SEO plugin v27.2 - https:\/\/yoast.com\/product\/yoast-seo-wordpress\/ -->\n<title>El Trecento en Siena<\/title>\n<meta name=\"description\" content=\"En Siena, en torno a 1315, incluso antes de la muerte de Duccio (1318), una nueva generaci\u00f3n de pintores tom\u00f3 el relevo.\" \/>\n<meta name=\"robots\" content=\"index, follow, max-snippet:-1, max-image-preview:large, max-video-preview:-1\" \/>\n<link rel=\"canonical\" href=\"https:\/\/www.aparences.net\/es\/periodos\/el-trecento\/el-trecento-en-siena\/\" \/>\n<meta property=\"og:locale\" content=\"es_ES\" \/>\n<meta property=\"og:type\" content=\"article\" \/>\n<meta property=\"og:title\" content=\"El Trecento en Siena\" \/>\n<meta property=\"og:description\" content=\"En Siena, en torno a 1315, incluso antes de la muerte de Duccio (1318), una nueva generaci\u00f3n de pintores tom\u00f3 el relevo.\" \/>\n<meta property=\"og:url\" content=\"https:\/\/www.aparences.net\/es\/periodos\/el-trecento\/el-trecento-en-siena\/\" \/>\n<meta property=\"og:site_name\" content=\"Aparences\" \/>\n<meta property=\"article:published_time\" content=\"2010-07-06T11:19:28+00:00\" \/>\n<meta property=\"article:modified_time\" content=\"2025-12-11T18:40:57+00:00\" \/>\n<meta property=\"og:image\" content=\"https:\/\/www.aparences.net\/wp-content\/uploads\/2010\/07\/trecento-a-sienne.jpg\" \/>\n\t<meta property=\"og:image:width\" content=\"1080\" \/>\n\t<meta property=\"og:image:height\" content=\"540\" \/>\n\t<meta property=\"og:image:type\" content=\"image\/jpeg\" \/>\n<meta name=\"author\" content=\"admin\" \/>\n<meta name=\"twitter:card\" content=\"summary_large_image\" \/>\n<meta name=\"twitter:label1\" content=\"Escrito por\" \/>\n\t<meta name=\"twitter:data1\" content=\"admin\" \/>\n\t<meta name=\"twitter:label2\" content=\"Tiempo de lectura\" \/>\n\t<meta name=\"twitter:data2\" content=\"21 minutos\" \/>\n<script type=\"application\/ld+json\" class=\"yoast-schema-graph\">{\"@context\":\"https:\/\/schema.org\",\"@graph\":[{\"@type\":\"Article\",\"@id\":\"https:\/\/www.aparences.net\/es\/periodos\/el-trecento\/el-trecento-en-siena\/#article\",\"isPartOf\":{\"@id\":\"https:\/\/www.aparences.net\/es\/periodos\/el-trecento\/el-trecento-en-siena\/\"},\"author\":{\"name\":\"admin\",\"@id\":\"https:\/\/www.aparences.net\/es\/#\/schema\/person\/af349f6ffc31b16c68963e61268afca5\"},\"headline\":\"El Trecento en Siena\",\"datePublished\":\"2010-07-06T11:19:28+00:00\",\"dateModified\":\"2025-12-11T18:40:57+00:00\",\"mainEntityOfPage\":{\"@id\":\"https:\/\/www.aparences.net\/es\/periodos\/el-trecento\/el-trecento-en-siena\/\"},\"wordCount\":3527,\"publisher\":{\"@id\":\"https:\/\/www.aparences.net\/es\/#organization\"},\"image\":{\"@id\":\"https:\/\/www.aparences.net\/es\/periodos\/el-trecento\/el-trecento-en-siena\/#primaryimage\"},\"thumbnailUrl\":\"https:\/\/www.aparences.net\/wp-content\/uploads\/2010\/07\/trecento-a-sienne.jpg\",\"keywords\":[\"Ambrogio Lorenzetti\",\"escuela de Siena\",\"hermanos Lorenzetti\",\"Lippo Memmi\",\"Simone Martini\",\"Trecento\"],\"articleSection\":[\"El Trecento\"],\"inLanguage\":\"es\"},{\"@type\":[\"WebPage\",\"ItemPage\"],\"@id\":\"https:\/\/www.aparences.net\/es\/periodos\/el-trecento\/el-trecento-en-siena\/\",\"url\":\"https:\/\/www.aparences.net\/es\/periodos\/el-trecento\/el-trecento-en-siena\/\",\"name\":\"El Trecento en Siena\",\"isPartOf\":{\"@id\":\"https:\/\/www.aparences.net\/es\/#website\"},\"primaryImageOfPage\":{\"@id\":\"https:\/\/www.aparences.net\/es\/periodos\/el-trecento\/el-trecento-en-siena\/#primaryimage\"},\"image\":{\"@id\":\"https:\/\/www.aparences.net\/es\/periodos\/el-trecento\/el-trecento-en-siena\/#primaryimage\"},\"thumbnailUrl\":\"https:\/\/www.aparences.net\/wp-content\/uploads\/2010\/07\/trecento-a-sienne.jpg\",\"datePublished\":\"2010-07-06T11:19:28+00:00\",\"dateModified\":\"2025-12-11T18:40:57+00:00\",\"description\":\"En Siena, en torno a 1315, incluso antes de la muerte de Duccio (1318), una nueva generaci\u00f3n de pintores tom\u00f3 el relevo.\",\"breadcrumb\":{\"@id\":\"https:\/\/www.aparences.net\/es\/periodos\/el-trecento\/el-trecento-en-siena\/#breadcrumb\"},\"inLanguage\":\"es\",\"potentialAction\":[{\"@type\":\"ReadAction\",\"target\":[\"https:\/\/www.aparences.net\/es\/periodos\/el-trecento\/el-trecento-en-siena\/\"]}]},{\"@type\":\"ImageObject\",\"inLanguage\":\"es\",\"@id\":\"https:\/\/www.aparences.net\/es\/periodos\/el-trecento\/el-trecento-en-siena\/#primaryimage\",\"url\":\"https:\/\/www.aparences.net\/wp-content\/uploads\/2010\/07\/trecento-a-sienne.jpg\",\"contentUrl\":\"https:\/\/www.aparences.net\/wp-content\/uploads\/2010\/07\/trecento-a-sienne.jpg\",\"width\":1080,\"height\":540},{\"@type\":\"BreadcrumbList\",\"@id\":\"https:\/\/www.aparences.net\/es\/periodos\/el-trecento\/el-trecento-en-siena\/#breadcrumb\",\"itemListElement\":[{\"@type\":\"ListItem\",\"position\":1,\"name\":\"Portada\",\"item\":\"https:\/\/www.aparences.net\/es\/\"},{\"@type\":\"ListItem\",\"position\":2,\"name\":\"El Trecento en Siena\"}]},{\"@type\":\"WebSite\",\"@id\":\"https:\/\/www.aparences.net\/es\/#website\",\"url\":\"https:\/\/www.aparences.net\/es\/\",\"name\":\"Aparences: Historia del Arte y Actualidad Cultural\",\"description\":\"\",\"publisher\":{\"@id\":\"https:\/\/www.aparences.net\/es\/#organization\"},\"potentialAction\":[{\"@type\":\"SearchAction\",\"target\":{\"@type\":\"EntryPoint\",\"urlTemplate\":\"https:\/\/www.aparences.net\/es\/?s={search_term_string}\"},\"query-input\":{\"@type\":\"PropertyValueSpecification\",\"valueRequired\":true,\"valueName\":\"search_term_string\"}}],\"inLanguage\":\"es\"},{\"@type\":\"Organization\",\"@id\":\"https:\/\/www.aparences.net\/es\/#organization\",\"name\":\"Aparences: Historia del Arte y Actualidad Cultural\",\"url\":\"https:\/\/www.aparences.net\/es\/\",\"logo\":{\"@type\":\"ImageObject\",\"inLanguage\":\"es\",\"@id\":\"https:\/\/www.aparences.net\/es\/#\/schema\/logo\/image\/\",\"url\":\"https:\/\/www.aparences.net\/wp-content\/uploads\/2023\/09\/logo-quadrat-color-e1695915315229.png\",\"contentUrl\":\"https:\/\/www.aparences.net\/wp-content\/uploads\/2023\/09\/logo-quadrat-color-e1695915315229.png\",\"width\":120,\"height\":120,\"caption\":\"Aparences: Historia del Arte y Actualidad Cultural\"},\"image\":{\"@id\":\"https:\/\/www.aparences.net\/es\/#\/schema\/logo\/image\/\"}},{\"@type\":\"Person\",\"@id\":\"https:\/\/www.aparences.net\/es\/#\/schema\/person\/af349f6ffc31b16c68963e61268afca5\",\"name\":\"admin\",\"url\":\"https:\/\/www.aparences.net\/es\/author\/admin\/\"}]}<\/script>\n<!-- \/ Yoast SEO plugin. -->","yoast_head_json":{"title":"El Trecento en Siena","description":"En Siena, en torno a 1315, incluso antes de la muerte de Duccio (1318), una nueva generaci\u00f3n de pintores tom\u00f3 el relevo.","robots":{"index":"index","follow":"follow","max-snippet":"max-snippet:-1","max-image-preview":"max-image-preview:large","max-video-preview":"max-video-preview:-1"},"canonical":"https:\/\/www.aparences.net\/es\/periodos\/el-trecento\/el-trecento-en-siena\/","og_locale":"es_ES","og_type":"article","og_title":"El Trecento en Siena","og_description":"En Siena, en torno a 1315, incluso antes de la muerte de Duccio (1318), una nueva generaci\u00f3n de pintores tom\u00f3 el relevo.","og_url":"https:\/\/www.aparences.net\/es\/periodos\/el-trecento\/el-trecento-en-siena\/","og_site_name":"Aparences","article_published_time":"2010-07-06T11:19:28+00:00","article_modified_time":"2025-12-11T18:40:57+00:00","og_image":[{"width":1080,"height":540,"url":"https:\/\/www.aparences.net\/wp-content\/uploads\/2010\/07\/trecento-a-sienne.jpg","type":"image\/jpeg"}],"author":"admin","twitter_card":"summary_large_image","twitter_misc":{"Escrito por":"admin","Tiempo de lectura":"21 minutos"},"schema":{"@context":"https:\/\/schema.org","@graph":[{"@type":"Article","@id":"https:\/\/www.aparences.net\/es\/periodos\/el-trecento\/el-trecento-en-siena\/#article","isPartOf":{"@id":"https:\/\/www.aparences.net\/es\/periodos\/el-trecento\/el-trecento-en-siena\/"},"author":{"name":"admin","@id":"https:\/\/www.aparences.net\/es\/#\/schema\/person\/af349f6ffc31b16c68963e61268afca5"},"headline":"El Trecento en Siena","datePublished":"2010-07-06T11:19:28+00:00","dateModified":"2025-12-11T18:40:57+00:00","mainEntityOfPage":{"@id":"https:\/\/www.aparences.net\/es\/periodos\/el-trecento\/el-trecento-en-siena\/"},"wordCount":3527,"publisher":{"@id":"https:\/\/www.aparences.net\/es\/#organization"},"image":{"@id":"https:\/\/www.aparences.net\/es\/periodos\/el-trecento\/el-trecento-en-siena\/#primaryimage"},"thumbnailUrl":"https:\/\/www.aparences.net\/wp-content\/uploads\/2010\/07\/trecento-a-sienne.jpg","keywords":["Ambrogio Lorenzetti","escuela de Siena","hermanos Lorenzetti","Lippo Memmi","Simone Martini","Trecento"],"articleSection":["El Trecento"],"inLanguage":"es"},{"@type":["WebPage","ItemPage"],"@id":"https:\/\/www.aparences.net\/es\/periodos\/el-trecento\/el-trecento-en-siena\/","url":"https:\/\/www.aparences.net\/es\/periodos\/el-trecento\/el-trecento-en-siena\/","name":"El Trecento en Siena","isPartOf":{"@id":"https:\/\/www.aparences.net\/es\/#website"},"primaryImageOfPage":{"@id":"https:\/\/www.aparences.net\/es\/periodos\/el-trecento\/el-trecento-en-siena\/#primaryimage"},"image":{"@id":"https:\/\/www.aparences.net\/es\/periodos\/el-trecento\/el-trecento-en-siena\/#primaryimage"},"thumbnailUrl":"https:\/\/www.aparences.net\/wp-content\/uploads\/2010\/07\/trecento-a-sienne.jpg","datePublished":"2010-07-06T11:19:28+00:00","dateModified":"2025-12-11T18:40:57+00:00","description":"En Siena, en torno a 1315, incluso antes de la muerte de Duccio (1318), una nueva generaci\u00f3n de pintores tom\u00f3 el relevo.","breadcrumb":{"@id":"https:\/\/www.aparences.net\/es\/periodos\/el-trecento\/el-trecento-en-siena\/#breadcrumb"},"inLanguage":"es","potentialAction":[{"@type":"ReadAction","target":["https:\/\/www.aparences.net\/es\/periodos\/el-trecento\/el-trecento-en-siena\/"]}]},{"@type":"ImageObject","inLanguage":"es","@id":"https:\/\/www.aparences.net\/es\/periodos\/el-trecento\/el-trecento-en-siena\/#primaryimage","url":"https:\/\/www.aparences.net\/wp-content\/uploads\/2010\/07\/trecento-a-sienne.jpg","contentUrl":"https:\/\/www.aparences.net\/wp-content\/uploads\/2010\/07\/trecento-a-sienne.jpg","width":1080,"height":540},{"@type":"BreadcrumbList","@id":"https:\/\/www.aparences.net\/es\/periodos\/el-trecento\/el-trecento-en-siena\/#breadcrumb","itemListElement":[{"@type":"ListItem","position":1,"name":"Portada","item":"https:\/\/www.aparences.net\/es\/"},{"@type":"ListItem","position":2,"name":"El Trecento en Siena"}]},{"@type":"WebSite","@id":"https:\/\/www.aparences.net\/es\/#website","url":"https:\/\/www.aparences.net\/es\/","name":"Aparences: Historia del Arte y Actualidad Cultural","description":"","publisher":{"@id":"https:\/\/www.aparences.net\/es\/#organization"},"potentialAction":[{"@type":"SearchAction","target":{"@type":"EntryPoint","urlTemplate":"https:\/\/www.aparences.net\/es\/?s={search_term_string}"},"query-input":{"@type":"PropertyValueSpecification","valueRequired":true,"valueName":"search_term_string"}}],"inLanguage":"es"},{"@type":"Organization","@id":"https:\/\/www.aparences.net\/es\/#organization","name":"Aparences: Historia del Arte y Actualidad Cultural","url":"https:\/\/www.aparences.net\/es\/","logo":{"@type":"ImageObject","inLanguage":"es","@id":"https:\/\/www.aparences.net\/es\/#\/schema\/logo\/image\/","url":"https:\/\/www.aparences.net\/wp-content\/uploads\/2023\/09\/logo-quadrat-color-e1695915315229.png","contentUrl":"https:\/\/www.aparences.net\/wp-content\/uploads\/2023\/09\/logo-quadrat-color-e1695915315229.png","width":120,"height":120,"caption":"Aparences: Historia del Arte y Actualidad Cultural"},"image":{"@id":"https:\/\/www.aparences.net\/es\/#\/schema\/logo\/image\/"}},{"@type":"Person","@id":"https:\/\/www.aparences.net\/es\/#\/schema\/person\/af349f6ffc31b16c68963e61268afca5","name":"admin","url":"https:\/\/www.aparences.net\/es\/author\/admin\/"}]}},"_links":{"self":[{"href":"https:\/\/www.aparences.net\/es\/wp-json\/wp\/v2\/posts\/13128","targetHints":{"allow":["GET"]}}],"collection":[{"href":"https:\/\/www.aparences.net\/es\/wp-json\/wp\/v2\/posts"}],"about":[{"href":"https:\/\/www.aparences.net\/es\/wp-json\/wp\/v2\/types\/post"}],"author":[{"embeddable":true,"href":"https:\/\/www.aparences.net\/es\/wp-json\/wp\/v2\/users\/2"}],"replies":[{"embeddable":true,"href":"https:\/\/www.aparences.net\/es\/wp-json\/wp\/v2\/comments?post=13128"}],"version-history":[{"count":0,"href":"https:\/\/www.aparences.net\/es\/wp-json\/wp\/v2\/posts\/13128\/revisions"}],"wp:featuredmedia":[{"embeddable":true,"href":"https:\/\/www.aparences.net\/es\/wp-json\/wp\/v2\/media\/26306"}],"wp:attachment":[{"href":"https:\/\/www.aparences.net\/es\/wp-json\/wp\/v2\/media?parent=13128"}],"wp:term":[{"taxonomy":"category","embeddable":true,"href":"https:\/\/www.aparences.net\/es\/wp-json\/wp\/v2\/categories?post=13128"},{"taxonomy":"post_tag","embeddable":true,"href":"https:\/\/www.aparences.net\/es\/wp-json\/wp\/v2\/tags?post=13128"}],"curies":[{"name":"wp","href":"https:\/\/api.w.org\/{rel}","templated":true}]}}