{"id":13144,"date":"2010-07-10T18:33:27","date_gmt":"2010-07-10T16:33:27","guid":{"rendered":"https:\/\/www.aparences.net\/art-et-mecenat\/ferrare\/alfonso-i-de-este\/"},"modified":"2025-12-11T19:40:57","modified_gmt":"2025-12-11T18:40:57","slug":"alfonso-i-de-este","status":"publish","type":"post","link":"https:\/\/www.aparences.net\/es\/arte-y-mecenazgo\/los-este-de-ferrara\/alfonso-i-de-este\/","title":{"rendered":"Alfonso I de Este"},"content":{"rendered":"<p><!--contents--><\/p>\n\n\n<h2 class=\"wp-block-heading\">Alfonso I d&#8217;Este (1476 &#8211; 1534)<\/h2>\n\n\n\n<p>En 1505 Alfonso I d&#8217;Este o de Este sucedi\u00f3 a su padre Ercole I como duque de Ferrara, M\u00f3dena y Reggio. A los 15 a\u00f1os, se cas\u00f3 con Anna Sforza, hija del duque de Mil\u00e1n, que muri\u00f3 de parto en 1497 y unos a\u00f1os m\u00e1s tarde (1501) <strong>se cas\u00f3 con Lucrecia Borgia, hija del papa<\/strong> <a title=\"Alejandro VI\" href=\"https:\/\/www.aparences.net\/es\/arte-y-mecenazgo\/roma-mecenazgo-y-poder-papal\/alejandro-vi-borgia\/\">Alejandro VI<\/a>.<\/p>\n\n\n\n<p> Las festividades de la boda demostraron una vez m\u00e1s la pompa, el poder y riqueza de la ciudad de Ferrara. Dejando a Lucrecia la tarea de cuidar de su brillante corte, Alfonso dedic\u00f3 su energ\u00eda (que era considerable) al gobierno y a la guerra. La nueva tecnolog\u00eda de las armas de fuego le fascina y crea su c\u00e9lebre fundici\u00f3n capaz de producir enormes ca\u00f1ones. Su inteligencia, aplicada al arte de la guerra y la diplomacia, le asegur\u00f3 la protecci\u00f3n de su estado en una \u00e9poca de peligro (Guerras italianas). Detr\u00e1s de su aparente impasibilidad se escond\u00eda un esp\u00edritu siempre en estado de alerta. De hecho, durante el reinado de Alfonso, el ducado sigue un innegable desarrollo y una din\u00e1mica pol\u00edtica que lo hizo involucrarse en guerras para recuperar los territorios que Venecia hab\u00eda despose\u00eddo a los Este en 1484 y los que <strong>el papa mecenas<\/strong> <a title=\"Julio II\" href=\"https:\/\/www.aparences.net\/es\/arte-y-mecenazgo\/roma-mecenazgo-y-poder-papal\/julio-ii-giuliano-della-rovere\/\">Julio II<\/a> les hab\u00eda usurpado en 1510. Como hab\u00edan hecho la mayor\u00eda de los miembros de su familia, <strong>Alfonso acoge en su corte a los principales intelectuales europeos<\/strong>, en particular al poeta <strong>Ludovico Ariosto<\/strong> (1517) que anta\u00f1o ya se hab\u00eda beneficiado de la protecci\u00f3n de su hermano, el cardenal d&#8217;Este Ippolito I, a quien le dedic\u00f3 su poema \u00e9pico <a href=\"https:\/\/www.aparences.net\/es\/tematicos\/ariosto-y-la-pintura\/\">Orlando Furioso<\/a>.<\/p>\n\n\n<div class=\"wp-block-image\">\n<figure class=\"aligncenter\"><a href=\"https:\/\/aparences.net\/wp-content\/uploads\/2010\/07\/alfonso_este2.jpg\"><img loading=\"lazy\" decoding=\"async\" width=\"308\" height=\"397\" src=\"https:\/\/www.aparences.net\/wp-content\/uploads\/2010\/07\/alfonso_este2.jpg\" alt=\"Retrato de Alfonso I d'Este, 1530, Battista Dossi \" class=\"wp-image-14044\" title=\"Retrato de Alfonso I d'Este, 1530, Battista Dossi \" srcset=\"https:\/\/www.aparences.net\/wp-content\/uploads\/2010\/07\/alfonso_este2.jpg 308w, https:\/\/www.aparences.net\/wp-content\/uploads\/2010\/07\/alfonso_este2-232x300.jpg 232w\" sizes=\"auto, (max-width: 308px) 100vw, 308px\" \/><\/a><figcaption class=\"wp-element-caption\"><em><strong>Retrato de Alfonso I d&#8217;Este<\/strong>, 1530, <strong>Battista Dossi<\/strong> (M\u00f3dena, Galer\u00eda Estense)<\/em><\/figcaption><\/figure>\n<\/div>\n\n\n<p><em>Alfonso I era un brillante hombre de estado y un h\u00e1bil condottiero. Experto en fortificaciones, fabricaba sus propias armas en el horno que hab\u00eda hecho instalar en los s\u00f3tanos de su castillo. En el retrato de Dossi, aparece vestido con su armadura ceremonial y los guanteletes sobre la mesa. En el fondo del cuadro, vemos sus tropas alineadas en filas apretadas, listas para el combate.<\/em><\/p>\n\n\n<div class=\"wp-block-image\">\n<figure class=\"aligncenter\"><a href=\"https:\/\/aparences.net\/wp-content\/uploads\/2010\/11\/lucrezia_este_medaille1.png\"><img loading=\"lazy\" decoding=\"async\" width=\"336\" height=\"333\" src=\"https:\/\/www.aparences.net\/wp-content\/uploads\/2010\/11\/lucrezia_este_medaille1.png\" alt=\"Retrato de Lucrezia Borgia\" class=\"wp-image-15440\" title=\"Retrato de Lucrezia Borgia\" srcset=\"https:\/\/www.aparences.net\/wp-content\/uploads\/2010\/11\/lucrezia_este_medaille1.png 336w, https:\/\/www.aparences.net\/wp-content\/uploads\/2010\/11\/lucrezia_este_medaille1-100x100.png 100w, https:\/\/www.aparences.net\/wp-content\/uploads\/2010\/11\/lucrezia_este_medaille1-90x90.png 90w, https:\/\/www.aparences.net\/wp-content\/uploads\/2010\/11\/lucrezia_este_medaille1-75x75.png 75w, https:\/\/www.aparences.net\/wp-content\/uploads\/2010\/11\/lucrezia_este_medaille1-300x297.png 300w\" sizes=\"auto, (max-width: 336px) 100vw, 336px\" \/><\/a><figcaption class=\"wp-element-caption\"><em><strong>Retrato de Lucrezia Borgia<\/strong>, medalla de bronce, <strong>escuela de Ferrara<\/strong>, principios del siglo XVI <\/em><br><em>(Ferrara, palacio Schifanoia)<\/em><\/figcaption><\/figure>\n<\/div>\n\n\n<p><em>A pesar de su oscuro pasado, Lucrezia Borgia fue capaz de asumir un lugar preponderante en la corte de Ferrara. Lucrecia, que a\u00fan no hab\u00eda cumplido los cuarenta a\u00f1os, muri\u00f3 al dar a luz a su s\u00e9ptimo hijo, una ni\u00f1a. Su marido y los ferrareses la lloraron y lamentaron su p\u00e9rdida. Su hijo Ercole II sucedi\u00f3 a su padre y gobern\u00f3 el Ducado durante un cuarto de siglo. Ser\u00e1 el pen\u00faltimo duque de Ferrara.<\/em><\/p>\n\n\n<div class=\"wp-block-image\">\n<figure class=\"aligncenter\"><a href=\"https:\/\/aparences.net\/wp-content\/uploads\/2010\/07\/battista_dossi_tournoi.jpg\"><img loading=\"lazy\" decoding=\"async\" width=\"577\" height=\"352\" src=\"https:\/\/www.aparences.net\/wp-content\/uploads\/2010\/07\/battista_dossi_tournoi.jpg\" alt=\"Torneo en 1530, atribuido a Battista Dossi\" class=\"wp-image-14045\" title=\"Torneo en 1530, atribuido a Battista Dossi\" srcset=\"https:\/\/www.aparences.net\/wp-content\/uploads\/2010\/07\/battista_dossi_tournoi.jpg 577w, https:\/\/www.aparences.net\/wp-content\/uploads\/2010\/07\/battista_dossi_tournoi-300x183.jpg 300w\" sizes=\"auto, (max-width: 577px) 100vw, 577px\" \/><\/a><\/figure>\n<\/div>\n\n<div class=\"wp-block-image\">\n<figure class=\"aligncenter\"><a href=\"https:\/\/aparences.net\/wp-content\/uploads\/2010\/07\/battista_dossi_tournoi1.jpg\"><img loading=\"lazy\" decoding=\"async\" width=\"340\" height=\"322\" src=\"https:\/\/www.aparences.net\/wp-content\/uploads\/2010\/07\/battista_dossi_tournoi1.jpg\" alt=\"Torneo en 1530, Battista Dossi\" class=\"wp-image-14046\" title=\"Torneo en 1530, Battista Dossi\" srcset=\"https:\/\/www.aparences.net\/wp-content\/uploads\/2010\/07\/battista_dossi_tournoi1.jpg 340w, https:\/\/www.aparences.net\/wp-content\/uploads\/2010\/07\/battista_dossi_tournoi1-300x284.jpg 300w\" sizes=\"auto, (max-width: 340px) 100vw, 340px\" \/><\/a><figcaption class=\"wp-element-caption\"><em><strong>Torneo<\/strong>, 1530, atribuido a <strong>Battista Dossi<\/strong><\/em><br><em> (Ferrara, Pinacoteca Nazionale) <\/em><\/figcaption><\/figure>\n<\/div>\n\n\n<p><em>Este gran lienzo, que representa un torneo a caballo delante de un paisaje exuberante, muy probablemente pertenec\u00eda a la casa de Este. Deb\u00eda formar parte de un gran ciclo decorativo que inclu\u00eda otras escenas con distintos episodios, quiz\u00e1s colgados en forma de friso para decorar un espacio de representaci\u00f3n.<\/em><\/p>\n\n\n<div class=\"wp-block-image\">\n<figure class=\"aligncenter\"><img loading=\"lazy\" decoding=\"async\" width=\"561\" height=\"400\" src=\"https:\/\/www.aparences.net\/wp-content\/uploads\/2010\/07\/titien-portrait-laura-dianti.jpg\" alt=\"Retrato de Laura Dianti, 1523-1525, Tiziano\" class=\"wp-image-19975\" title=\"Retrato de Laura Dianti, 1523-1525, Tiziano\" srcset=\"https:\/\/www.aparences.net\/wp-content\/uploads\/2010\/07\/titien-portrait-laura-dianti.jpg 561w, https:\/\/www.aparences.net\/wp-content\/uploads\/2010\/07\/titien-portrait-laura-dianti-160x114.jpg 160w\" sizes=\"auto, (max-width: 561px) 100vw, 561px\" \/><figcaption class=\"wp-element-caption\"><em><strong>Retrato de Laura Dianti<\/strong>, 1523-1525, <strong>Tiziano<\/strong> (Kreuzlingen, Heinz Kisters Collection)<\/em><\/figcaption><\/figure>\n<\/div>\n\n\n<p><em>El retrato de Laura Dianti (tal vez la tercera esposa de Alfonso I d&#8217;Este), fue pintado por Tiziano en la \u00e9poca en que comenz\u00f3 la decoraci\u00f3n del estudio del Duque, una serie de estancias llamadas Camerini, trabajo que le llev\u00f3 a efectuar varios viajes a Ferrara. La personalidad vital y radiante de la joven la acerca de forma sorprendente al espectador: el peque\u00f1o paje et\u00edope que lleva un chaleco multicolor, se vuelve al contacto afectuoso de la mano de Laura, y su peque\u00f1a perfil ex\u00f3tico, parpadea por un momento en el blanco de la manga y en la mano de la joven, mientras que el resto de la cabeza se pierde en el fondo oscuro.<\/em><\/p>\n\n\n<div class=\"wp-block-image\">\n<figure class=\"aligncenter\"><a href=\"https:\/\/aparences.net\/wp-content\/uploads\/2010\/07\/titien_portrait_mosti.jpg\"><img loading=\"lazy\" decoding=\"async\" width=\"307\" height=\"406\" src=\"https:\/\/www.aparences.net\/wp-content\/uploads\/2010\/07\/titien_portrait_mosti.jpg\" alt=\"Retrato de Vincenzo Mosti, c.1520, Tiziano\" class=\"wp-image-14049\" title=\"Retrato de Vincenzo Mosti, c.1520, Tiziano\" srcset=\"https:\/\/www.aparences.net\/wp-content\/uploads\/2010\/07\/titien_portrait_mosti.jpg 307w, https:\/\/www.aparences.net\/wp-content\/uploads\/2010\/07\/titien_portrait_mosti-226x300.jpg 226w\" sizes=\"auto, (max-width: 307px) 100vw, 307px\" \/><\/a><figcaption class=\"wp-element-caption\"><em><strong>Retrato de Vincenzo Most<\/strong>i, c.1520, <strong>Tiziano<\/strong> (Florencia, Galleria Palatina del Palazzo Pitti)<\/em><\/figcaption><\/figure>\n<\/div>\n\n\n<p><em>El personaje era un dignatario de la corte de los Este, retratado por Tiziano en una de sus largas y felices estancias en Ferrara. La pintura es extremadamente delicada: todo se juega en los sutiles tonos de gris.<\/em><\/p>\n\n\n\n<!-- AdBoxRight2020 --><ins class=\"adsbygoogle\"     style=\"display:block; margin-top:30px;\"     data-ad-client=\"ca-pub-2468002815867636\"     data-ad-slot=\"3496014735\"     data-ad-format=\"auto\"     data-full-width-responsive=\"false\"><\/ins><script> (adsbygoogle = window.adsbygoogle || []).push({});<\/script><h2 class=\"wp-block-heading\">Los Camerini de Alfonso I d&#8217;Este<\/h2>\n\n\n\n<p>Al igual que su hermana Isabella d&#8217;Este<strong>, <\/strong>casada con un Gonzaga de Mantua, a Alfonso le gustaban sobre todo las <strong>obras inspiradas en la antig\u00fcedad cl\u00e1sica<\/strong>, como parte de un programa de auto-representaci\u00f3n. Desde la reestructuraci\u00f3n de sus apartamentos personales, en especial los de la \u00abV\u00eda Coperta\u00bb que un\u00eda la vieja casa ducal con el nuevo castillo construido a finales del siglo XIV, Alfonso puso en marcha durante la primera d\u00e9cada del siglo XVI, un ambicioso proyecto de renovaci\u00f3n de la decoraci\u00f3n interior: primero el llamado Camerino de Alabastro cuyas esculturas fueron comisionadas a Antonio Lombardo quien no s\u00f3lo esculpi\u00f3 los relieves destinados a esta estancia, sino que realiz\u00f3 las molduras para puertas, ventanas y chimeneas en toda la V\u00eda Coperta, transform\u00e1ndolo en un precioso lugar de impecable blancura; los temas iconogr\u00e1ficos de las pinturas del resto de gabinetes, <strong>los llamados <em>Camerini<\/em><\/strong><em>,<\/em> estaban basadas en la vitalidad y el hero\u00edsmo de Alfonso, simbolizando entre otras cosas, sus funciones pol\u00edticas, consideradas como el mejor medio de apaciguar las querellas del mundo por medio de la abolici\u00f3n de la guerra. La elecci\u00f3n simb\u00f3lica cay\u00f3 sobre Baco, en el sentido que le dio Diodoro de Sicilia: el de una deidad guerrera y conquistadora pero tambi\u00e9n pacificadora cuando se deja llevar por la embriaguez del vino; las <em>Im\u00e1genes<\/em> de <strong>Fil\u00f3strato<\/strong>, el <em>Carmina<\/em> de <strong>Catulo<\/strong>, los <em>Fastos<\/em> de <strong>Ovidio sirvieron de inspiraci\u00f3n<\/strong> para las representaciones aleg\u00f3ricas de este ciclo de paz, amor y bienestar, tres estados que s\u00f3lo pod\u00edan ser garantizados a trav\u00e9s de la fuerza indispensable de la guerra.<\/p>\n\n\n<div class=\"wp-block-image\">\n<figure class=\"aligncenter\"><a href=\"https:\/\/aparences.net\/wp-content\/uploads\/2010\/07\/bellini_festin_dieux.jpg\"><img loading=\"lazy\" decoding=\"async\" width=\"463\" height=\"351\" src=\"https:\/\/www.aparences.net\/wp-content\/uploads\/2010\/07\/bellini_festin_dieux.jpg\" alt=\"El fest\u00edn de los dioses, Giovanni Bellini y Tiziano\" class=\"wp-image-14050\" title=\"El fest\u00edn de los dioses, Giovanni Bellini y Tiziano\" srcset=\"https:\/\/www.aparences.net\/wp-content\/uploads\/2010\/07\/bellini_festin_dieux.jpg 463w, https:\/\/www.aparences.net\/wp-content\/uploads\/2010\/07\/bellini_festin_dieux-300x227.jpg 300w\" sizes=\"auto, (max-width: 463px) 100vw, 463px\" \/><\/a><figcaption class=\"wp-element-caption\"><em><strong>El fest\u00edn de los dioses<\/strong>, detalle, 1514-29, <strong>Giovanni Bellini y Tiziano<\/strong> (Washington, National Gallery)<\/em><\/figcaption><\/figure>\n<\/div>\n\n\n<p><em>Alrededor de 1512, Alfonso d&#8217;Este encarg\u00f3 a Giovanni Bellini pintar esta obra maestra del Renacimiento italiano para sus Camerini. La evoluci\u00f3n estil\u00edstica de \u00abEl fest\u00edn de los dioses\u00bb es indicativa de la notable evoluci\u00f3n de la pintura a trav\u00e9s del tiempo: el tranquilo arte de Bellini, propio del siglo XV, deja paso al estilo m\u00e1s vigoroso del arte del siglo XVI de Tiziano, quien pr\u00e1cticamente repint\u00f3 un vigoroso paisaje con el fin de armonizarlo con los nuevos lienzos del ciclo que pint\u00f3 para el apartamento de Alfonso. El tema de la pintura est\u00e1 tomado de los Fastos de Ovidio, un extenso poema cl\u00e1sico que narra los or\u00edgenes de diversos ritos y festividades de la antigua Roma.<\/em><\/p>\n\n\n\n<p>El pintor ferrar\u00e9s <strong>Dosso Dossi<\/strong> (1489-1542) <strong>se convirti\u00f3 en pintor de la corte de Ferrara<\/strong> en perfecta armon\u00eda intelectual con el Ariosto, poeta tambi\u00e9n de aquella corte erudita. Particip\u00f3 en la decoraciones encargadas por Alfonso I, cuyas pinturas adornaban la b\u00f3veda de los Camerini junto a las obras maestras de <a title=\"Giovanni Bellini\" href=\"https:\/\/www.aparences.net\/es\/escuelas\/la-pintura-veneciana\/giovanni-bellini\/\">Giovanni Bellini<\/a>, y <a title=\"Tiziano\" href=\"https:\/\/www.aparences.net\/es\/escuelas\/la-pintura-veneciana\/tiziano-vecellio-biografia\/\">Tiziano<\/a>, con quien Dosso estableci\u00f3 un intenso di\u00e1logo art\u00edstico. Durante su larga carrera en la corte de los Este, alterna retablos y ciclos decorativos con temas literarios y mitol\u00f3gicos. Tiziano y <a title=\"Dosso Dossi\" href=\"https:\/\/www.aparences.net\/es\/escuelas\/la-escuela-de-ferrara\/dosso-dossi\/\">Dosso Dossi<\/a> son los art\u00edfices de la fortuna que tuvieron los asuntos profanos en el <a href=\"https:\/\/www.aparences.net\/es\/arte-y-mecenazgo\/los-este-de-ferrara\/\">ducado de los Este<\/a>, incrementado por una serie de alegor\u00edas mitol\u00f3gicas a las que tambi\u00e9n contribuyeron <strong>Battista Dossi<\/strong>, <a title=\"Garofalo\" href=\"https:\/\/www.aparences.net\/es\/escuelas\/la-escuela-de-ferrara\/il-garofalo-benvenuto-tissi\/\">Garofalo<\/a> y <strong>Girolamo da Carpi<\/strong>.<\/p>\n\n\n<div class=\"wp-block-image\">\n<figure class=\"aligncenter\"><a href=\"https:\/\/aparences.net\/wp-content\/uploads\/2010\/07\/dosso_argonautes1.jpg\"><img loading=\"lazy\" decoding=\"async\" width=\"510\" height=\"340\" src=\"https:\/\/www.aparences.net\/wp-content\/uploads\/2010\/07\/dosso_argonautes1.jpg\" alt=\"La salida de los argonautas, 1520 Dosso Dossi\" class=\"wp-image-14051\" title=\"La salida de los argonautas, 1520 Dosso Dossi\" srcset=\"https:\/\/www.aparences.net\/wp-content\/uploads\/2010\/07\/dosso_argonautes1.jpg 510w, https:\/\/www.aparences.net\/wp-content\/uploads\/2010\/07\/dosso_argonautes1-300x200.jpg 300w\" sizes=\"auto, (max-width: 510px) 100vw, 510px\" \/><\/a><\/figure>\n<\/div>\n\n<div class=\"wp-block-image\">\n<figure class=\"aligncenter\"><a href=\"https:\/\/aparences.net\/wp-content\/uploads\/2010\/07\/dosso_argonautes11.jpg\"><img loading=\"lazy\" decoding=\"async\" width=\"400\" height=\"287\" src=\"https:\/\/www.aparences.net\/wp-content\/uploads\/2010\/07\/dosso_argonautes11.jpg\" alt=\"La salida de los argonautas, 1520 Dosso Dossi, detalle \" class=\"wp-image-14052\" title=\"La salida de los argonautas, 1520 Dosso Dossi, detalle\" srcset=\"https:\/\/www.aparences.net\/wp-content\/uploads\/2010\/07\/dosso_argonautes11.jpg 400w, https:\/\/www.aparences.net\/wp-content\/uploads\/2010\/07\/dosso_argonautes11-300x215.jpg 300w\" sizes=\"auto, (max-width: 400px) 100vw, 400px\" \/><\/a><figcaption class=\"wp-element-caption\"><em><strong>La salida de los argonautas<\/strong>, 1520 <strong>Dosso Dossi<\/strong> <\/em><br><em>(Washington, National Gallery) <\/em><\/figcaption><\/figure>\n<\/div>\n\n\n<p><em>Esta imagen de vibrante policrom\u00eda forma parte de una serie de diez realizadas por Dosso para los Camerini de Alfonso I d&#8217;Este. El conjunto forma un friso que se extiende por las muros de la estancia, encima de los grandes lienzos. La serie de pinturas representan las aventuras del h\u00e9roe troyano Eneas, venerado en Italia desde la Antig\u00fcedad como el fundador del Estado romano. Dosso, perfecto heredero del original inconformismo de la escuela de Ferrara, lo pone de manifiesto en la sensibilidad po\u00e9tica que emana del paisaje en el fondo del cuadro, ba\u00f1ando la escena dentro de una atm\u00f3sfera irreal y fant\u00e1stica.<\/em><\/p>\n\n\n\n<!-- AdBoxLeft2023 --><ins class=\"adsbygoogle\" style=\"display:block\" data-ad-client=\"ca-pub-2468002815867636\" data-ad-slot=\"1318022963\" data-ad-format=\"auto\" data-full-width-responsive=\"true\"><\/ins><script> (adsbygoogle = window.adsbygoogle || []).push({});<\/script><h2 class=\"wp-block-heading\">Las pinturas mitol\u00f3gicas de Tiziano<\/h2>\n\n\n\n<p>La fama de Tiziano en Venecia, va extendi\u00e9ndose de forma r\u00e1pida m\u00e1s all\u00e1 de sus fronteras. El primer pr\u00edncipe mecenas que solicita sus servicios es Alfonso d&#8217;Este, que lo acoge en Ferrara por primera vez a principios de 1516. El pintor comienza su actividad de pintor de la corte durante un cierto periodo de tiempo en el que produce retratos y adquiere obras de arte. La obra m\u00e1s importante que realizar\u00e1, es sin duda la decoraci\u00f3n del Camerino de Alabastro que el duque se hab\u00eda hecho construir en el Castillo Estense, bas\u00e1ndose, en l\u00edneas generales, en el <a title=\"studiolo de Isabella d'Este en Mantua\" href=\"https:\/\/www.aparences.net\/es\/arte-y-mecenazgo\/los-gonzaga-de-mantua\/el-studiolo-de-isabel-de-este\/\">Studiolo de su hermana Isabel en Mantua<\/a>. La realizaci\u00f3n, confiada a varios artistas y no exenta de incidentes, dur\u00f3 diez a\u00f1os (1514-1524) en el transcurso de los cuales Tiziano realiz\u00f3 entre 1518 y 1523 tres espl\u00e9ndidas pinturas mitol\u00f3gicas, llamadas Bacanales: La <em><strong>Ofrenda a Venus<\/strong><\/em> (c.1518-1519), <em><strong>Baco y Ariadna<\/strong><\/em> (c.1522-1523) y <em><strong>La bacanal de los Andrios<\/strong><\/em> (c.1523-1524). El artista hace retoques importantes en el <em>Banquete de los dioses<\/em> enviado a\u00f1os atr\u00e1s por <a title=\"Giovanni Bellini\" href=\"https:\/\/www.aparences.net\/es\/escuelas\/la-pintura-veneciana\/giovanni-bellini\/\">Giovanni Bellini<\/a>. Inspiradas en los poetas cl\u00e1sicos (Tiziano llamaba Poes\u00edas a la serie de <a href=\"https:\/\/www.aparences.net\/es\/tematicos\/mitologia-y-pintura\/\">pinturas mitol\u00f3gicas<\/a> que pint\u00f3 para Alfonso d&#8217;Este y Felipe II de Espa\u00f1a), se encuentran entre las m\u00e1s conocidas y admiradas del artista. En ellas, <a title=\"Tiziano\" href=\"https:\/\/www.aparences.net\/es\/escuelas\/la-pintura-veneciana\/tiziano-vecellio-biografia\/\">Tiziano<\/a> <strong>sublima el relato de los poetas<\/strong>, por medio de una pintura que en su poder de evocaci\u00f3n y en su libertad en la representaci\u00f3n, domina cualquier forma de expresi\u00f3n art\u00edstica. Hoy en d\u00eda, la disposici\u00f3n del conjunto de las pinturas es dif\u00edcil de establecer, ya que los cuadros fueron confiscados en 1598 y dispersados. Aunque el \u00abdesmembramiento\u00bb haya asegurado una posteridad europea a las \u00abbacanales\u00bb reservadas en su origen a la esfera privada del duque. Hasta 1524, Tiziano viajar\u00e1 peri\u00f3dicamente a Ferrara, siendo recibido con toda clase de honores.<\/p>\n\n\n<div class=\"wp-block-image\">\n<figure class=\"aligncenter\"><a href=\"https:\/\/aparences.net\/wp-content\/uploads\/2010\/07\/titien_bacco.jpg\"><img loading=\"lazy\" decoding=\"async\" width=\"407\" height=\"400\" src=\"https:\/\/www.aparences.net\/wp-content\/uploads\/2010\/07\/titien_bacco.jpg\" alt=\"Baco y Ariadna, Tiziano\" class=\"wp-image-14053\" title=\"Baco y Ariadna, Tiziano\" srcset=\"https:\/\/www.aparences.net\/wp-content\/uploads\/2010\/07\/titien_bacco.jpg 407w, https:\/\/www.aparences.net\/wp-content\/uploads\/2010\/07\/titien_bacco-75x75.jpg 75w, https:\/\/www.aparences.net\/wp-content\/uploads\/2010\/07\/titien_bacco-300x294.jpg 300w\" sizes=\"auto, (max-width: 407px) 100vw, 407px\" \/><\/a><figcaption class=\"wp-element-caption\"><em><strong>Baco y Ariadna<\/strong>, detalle, 1522\/23, <strong>Tiziano<\/strong><\/em><br><em> (Londres, National Gallery)<\/em><\/figcaption><\/figure>\n<\/div>\n\n\n<p><em>Esta admirable Bacanal expresa la exuberancia dionis\u00edaca propia de la pintura mitol\u00f3gica de Tiziano. Alfonso d&#8217;Este hace establecer un programa iconogr\u00e1fico inspirado en la literatura, pero a diferencia de su hermana Isabel que prefiere temas que traten del amor y las artes, eligi\u00f3 para este ciclo mitol\u00f3gico un protagonista caracterizado por su exuberancia, el dios Baco. Tiziano interpreta las escenas mitol\u00f3gicas como si fueran fiestas llenas de alegr\u00eda y belleza.<\/em><\/p>\n\n\n<div class=\"wp-block-image\">\n<figure class=\"aligncenter\"><a href=\"https:\/\/aparences.net\/wp-content\/uploads\/2010\/07\/titien_offrande_venus.jpg\"><img loading=\"lazy\" decoding=\"async\" width=\"401\" height=\"400\" src=\"https:\/\/www.aparences.net\/wp-content\/uploads\/2010\/07\/titien_offrande_venus.jpg\" alt=\"La ofrenda a Venus, 1518-1519, Tiziano\" class=\"wp-image-14054\" title=\"La ofrenda a Venus, 1518-1519, Tiziano\" srcset=\"https:\/\/www.aparences.net\/wp-content\/uploads\/2010\/07\/titien_offrande_venus.jpg 401w, https:\/\/www.aparences.net\/wp-content\/uploads\/2010\/07\/titien_offrande_venus-100x100.jpg 100w, https:\/\/www.aparences.net\/wp-content\/uploads\/2010\/07\/titien_offrande_venus-90x90.jpg 90w, https:\/\/www.aparences.net\/wp-content\/uploads\/2010\/07\/titien_offrande_venus-75x75.jpg 75w, https:\/\/www.aparences.net\/wp-content\/uploads\/2010\/07\/titien_offrande_venus-300x299.jpg 300w\" sizes=\"auto, (max-width: 401px) 100vw, 401px\" \/><\/a><figcaption class=\"wp-element-caption\"><em><strong>La ofrenda a Venus<\/strong>, 1518-1519, <strong>Tiziano<\/strong> <\/em><br><em>(Madrid, Museo del Prado)<\/em><\/figcaption><\/figure>\n<\/div>\n\n\n<p><em>Una multitud de peque\u00f1os cupidos se re\u00fanen para ofrecer los frutos que recogen de los \u00e1rboles a la estatua de Venus, diosa de la Belleza y el Amor que figura acompa\u00f1ada por dos ninfas situadas en la parte derecha del cuadro. En esta composici\u00f3n, tomada de las Im\u00e1genes de Fil\u00f3strato (c.165-250 dC), Tiziano otorga un papel preponderante a los cupidos, muchos de ellos inspirados en estatuas cl\u00e1sicas conocidas.<\/em><\/p>\n\n\n<div class=\"wp-block-image\">\n<figure class=\"aligncenter\"><a href=\"https:\/\/aparences.net\/wp-content\/uploads\/2010\/07\/titien_adriens.jpg\"><img loading=\"lazy\" decoding=\"async\" width=\"456\" height=\"412\" src=\"https:\/\/www.aparences.net\/wp-content\/uploads\/2010\/07\/titien_adriens.jpg\" alt=\"Llegada de Baco a la isla de Andros, Tiziano\" class=\"wp-image-14055\" title=\"Llegada de Baco a la isla de Andros, Tiziano\" srcset=\"https:\/\/www.aparences.net\/wp-content\/uploads\/2010\/07\/titien_adriens.jpg 456w, https:\/\/www.aparences.net\/wp-content\/uploads\/2010\/07\/titien_adriens-300x271.jpg 300w\" sizes=\"auto, (max-width: 456px) 100vw, 456px\" \/><\/a><\/figure>\n<\/div>\n\n<div class=\"wp-block-image\">\n<figure class=\"aligncenter\"><a href=\"https:\/\/aparences.net\/wp-content\/uploads\/2010\/07\/titien_adriens1.jpg\"><img loading=\"lazy\" decoding=\"async\" width=\"456\" height=\"354\" src=\"https:\/\/www.aparences.net\/wp-content\/uploads\/2010\/07\/titien_adriens1.jpg\" alt=\"Llegada de Baco a la isla de Andros, Tiziano\" class=\"wp-image-14056\" title=\"Llegada de Baco a la isla de Andros, Tiziano\" srcset=\"https:\/\/www.aparences.net\/wp-content\/uploads\/2010\/07\/titien_adriens1.jpg 456w, https:\/\/www.aparences.net\/wp-content\/uploads\/2010\/07\/titien_adriens1-300x232.jpg 300w\" sizes=\"auto, (max-width: 456px) 100vw, 456px\" \/><\/a><figcaption class=\"wp-element-caption\"><em><strong>Llegada de Baco a la isla de Andros<\/strong> o La bacanal de los Andrios, 1519-1520, <strong>Tiziano<\/strong> (Madrid, Museo del Prado)<\/em><\/figcaption><\/figure>\n<\/div>\n\n\n<p><em>El lienzo forma parte de la serie Bacanales de Tiziano. Una fiesta del vino y del amor celebra la llegada de Baco en la isla de Andros. En primer plano aparece una ninfa desnuda y en el fondo, sobre un mont\u00edculo, Sileno compa\u00f1ero del dios duerme profundamente.<\/em> <em>La partitura situada en la parte inferior central de la composici\u00f3n se ha atribuido al m\u00fasico flamenco, activo en la corte de Ferrara, Adriaen Willaert con esta significativa letra \u00abQui boyt et ne reboyt il ne seet que boyre soit\u00bb (Quien bebe y no vuelve a beber \/ no sabe lo que es beber). Se refiere a la celebraci\u00f3n del vino por los hombres y los dioses.<\/em><\/p>\n\n\n\n<p>Los apartamentos creados por Alfonso I d&#8217;Este en la Via Coperta de Ferrara se consideran uno de los conjuntos decorativos m\u00e1s c\u00e9lebres del Renacimiento. Pero la \u00fanica descripci\u00f3n de estas decoraciones antes de 1598, dada por Vasari, es una descripci\u00f3n corta y aproximada que no es el resultado de la observaci\u00f3n directa. Los Camerini adquieren inmediatamente una dimensi\u00f3n m\u00edtica entre los pr\u00edncipes y los eruditos, los arist\u00f3cratas y p\u00fablico curioso, intrigado por los temas y sus autores, constituyendo un modelo de referencia que resultar\u00e1 fatal para su existencia, incluso cuando los Este perder\u00e1n el control de Ferrara en 1598, las pinturas se convertir\u00e1n en presa de los \u00abconquistadores\u00bb y ninguno de los cuadros permanecer\u00e1 in situ.<\/p>\n\n\n<div class=\"wp-block-image\">\n<figure class=\"aligncenter\"><img loading=\"lazy\" decoding=\"async\" width=\"554\" height=\"410\" src=\"https:\/\/www.aparences.net\/wp-content\/uploads\/2010\/07\/dosso-dossi-jupiter-mercure-et-vertu.jpg\" alt=\"J\u00fapiter, Mercurio y la Virtud, c.1529, Dosso Dossi \" class=\"wp-image-21395\" title=\"J\u00fapiter, Mercurio y la Virtud, c.1529, Dosso Dossi \" srcset=\"https:\/\/www.aparences.net\/wp-content\/uploads\/2010\/07\/dosso-dossi-jupiter-mercure-et-vertu.jpg 554w, https:\/\/www.aparences.net\/wp-content\/uploads\/2010\/07\/dosso-dossi-jupiter-mercure-et-vertu-160x118.jpg 160w\" sizes=\"auto, (max-width: 554px) 100vw, 554px\" \/><\/figure>\n<\/div>\n\n<div class=\"wp-block-image\">\n<figure class=\"aligncenter\"><img loading=\"lazy\" decoding=\"async\" width=\"378\" height=\"370\" src=\"https:\/\/www.aparences.net\/wp-content\/uploads\/2010\/07\/dosso-dossi-jupiter-mercure-et-vertu-detail.jpg\" alt=\"J\u00fapiter, Mercurio y la Virtud, Dosso Dossi \" class=\"wp-image-21397\" title=\"J\u00fapiter, Mercurio y la Virtud, Dosso Dossi \" srcset=\"https:\/\/www.aparences.net\/wp-content\/uploads\/2010\/07\/dosso-dossi-jupiter-mercure-et-vertu-detail.jpg 378w, https:\/\/www.aparences.net\/wp-content\/uploads\/2010\/07\/dosso-dossi-jupiter-mercure-et-vertu-detail-160x157.jpg 160w\" sizes=\"auto, (max-width: 378px) 100vw, 378px\" \/><figcaption class=\"wp-element-caption\"><em><strong>J\u00fapiter, Mercurio y la Virtud<\/strong> y detalle, c.1529, <strong>Dosso Dossi<\/strong> (Viena, Kunsthistorisches Museum)<\/em><\/figcaption><\/figure>\n<\/div>\n\n\n<p><em> Dosso Dossi, pintor de la corte de Ferrara, citado por Ariosto en 1532 entre los famosos artistas de su tiempo, realiza este cuadro cuyo comitente nos es desconocido, se basa en un interludio de Le\u00f3n Batista Alberti, \u00abVirtus\u00bb. La identidad del personaje que aparece bajo los rasgos de J\u00fapiter hace pensar en un retrato del duque Alfonso o en un autorretrato de Dossi. En esta fascinante escena, que refleja la atm\u00f3sfera de la cultura sofisticada que impregna la pintura de la <a title=\"Escuela de Ferrara\" href=\"https:\/\/www.aparences.net\/es\/escuelas\/la-escuela-de-ferrara\/\">Escuela de Ferrara<\/a>, la verdadera protagonista de esta misteriosa obra es la Pintura.<\/em><\/p>\n","protected":false},"excerpt":{"rendered":"<p>El primer se\u00f1or que requiri\u00f3 los servicios de Tiziano fue el duque Alfonso de Este. Su obra m\u00e1s importante fue la decoraci\u00f3n de los Camerini, con la serie de pinturas mitol\u00f3gicas que el artista llam\u00f3 \u00abpoes\u00edas\u00bb.<\/p>\n","protected":false},"author":2,"featured_media":26608,"comment_status":"closed","ping_status":"closed","sticky":false,"template":"","format":"standard","meta":{"footnotes":""},"categories":[3000],"tags":[3272,5051,5213,5214,205,5212],"class_list":["post-13144","post","type-post","status-publish","format-standard","has-post-thumbnail","hentry","category-los-este-de-ferrara","tag-alfonso-i-de-este","tag-arte-y-mecenazgo","tag-camerino-de-alabastro","tag-los-este-de-ferrara","tag-titien","tag-tiziano-pinturas-mitologicas"],"yoast_head":"<!-- This site is optimized with the Yoast SEO plugin v27.2 - https:\/\/yoast.com\/product\/yoast-seo-wordpress\/ -->\n<title>Alfonso I de Este<\/title>\n<meta name=\"description\" content=\"El primer se\u00f1or que requiri\u00f3 los servicios de Tiziano fue el duque Alfonso de Este. Su obra m\u00e1s importante fue la decoraci\u00f3n de los Camerini, con la serie de pinturas mitol\u00f3gicas que el artista llam\u00f3 &quot;poes\u00edas&quot;.\" \/>\n<meta name=\"robots\" content=\"index, follow, max-snippet:-1, max-image-preview:large, max-video-preview:-1\" \/>\n<link rel=\"canonical\" href=\"https:\/\/www.aparences.net\/es\/arte-y-mecenazgo\/los-este-de-ferrara\/alfonso-i-de-este\/\" \/>\n<meta property=\"og:locale\" content=\"es_ES\" \/>\n<meta property=\"og:type\" content=\"article\" \/>\n<meta property=\"og:title\" content=\"Alfonso I de Este\" \/>\n<meta property=\"og:description\" content=\"El primer se\u00f1or que requiri\u00f3 los servicios de Tiziano fue el duque Alfonso de Este. Su obra m\u00e1s importante fue la decoraci\u00f3n de los Camerini, con la serie de pinturas mitol\u00f3gicas que el artista llam\u00f3 &quot;poes\u00edas&quot;.\" \/>\n<meta property=\"og:url\" content=\"https:\/\/www.aparences.net\/es\/arte-y-mecenazgo\/los-este-de-ferrara\/alfonso-i-de-este\/\" \/>\n<meta property=\"og:site_name\" content=\"Aparences\" \/>\n<meta property=\"article:published_time\" content=\"2010-07-10T16:33:27+00:00\" \/>\n<meta property=\"article:modified_time\" content=\"2025-12-11T18:40:57+00:00\" \/>\n<meta property=\"og:image\" content=\"https:\/\/www.aparences.net\/wp-content\/uploads\/2010\/07\/alphonse-d-este.jpg\" \/>\n\t<meta property=\"og:image:width\" content=\"1080\" \/>\n\t<meta property=\"og:image:height\" content=\"540\" \/>\n\t<meta property=\"og:image:type\" content=\"image\/jpeg\" \/>\n<meta name=\"author\" content=\"admin\" \/>\n<meta name=\"twitter:card\" content=\"summary_large_image\" \/>\n<meta name=\"twitter:label1\" content=\"Escrito por\" \/>\n\t<meta name=\"twitter:data1\" content=\"admin\" \/>\n\t<meta name=\"twitter:label2\" content=\"Tiempo de lectura\" \/>\n\t<meta name=\"twitter:data2\" content=\"13 minutos\" \/>\n<script type=\"application\/ld+json\" class=\"yoast-schema-graph\">{\"@context\":\"https:\/\/schema.org\",\"@graph\":[{\"@type\":\"Article\",\"@id\":\"https:\/\/www.aparences.net\/es\/arte-y-mecenazgo\/los-este-de-ferrara\/alfonso-i-de-este\/#article\",\"isPartOf\":{\"@id\":\"https:\/\/www.aparences.net\/es\/arte-y-mecenazgo\/los-este-de-ferrara\/alfonso-i-de-este\/\"},\"author\":{\"name\":\"admin\",\"@id\":\"https:\/\/www.aparences.net\/es\/#\/schema\/person\/af349f6ffc31b16c68963e61268afca5\"},\"headline\":\"Alfonso I de Este\",\"datePublished\":\"2010-07-10T16:33:27+00:00\",\"dateModified\":\"2025-12-11T18:40:57+00:00\",\"mainEntityOfPage\":{\"@id\":\"https:\/\/www.aparences.net\/es\/arte-y-mecenazgo\/los-este-de-ferrara\/alfonso-i-de-este\/\"},\"wordCount\":2272,\"publisher\":{\"@id\":\"https:\/\/www.aparences.net\/es\/#organization\"},\"image\":{\"@id\":\"https:\/\/www.aparences.net\/es\/arte-y-mecenazgo\/los-este-de-ferrara\/alfonso-i-de-este\/#primaryimage\"},\"thumbnailUrl\":\"https:\/\/www.aparences.net\/wp-content\/uploads\/2010\/07\/alphonse-d-este.jpg\",\"keywords\":[\"Alfonso I de Este\",\"arte y mecenazgo\",\"Camerino de Alabastro\",\"los Este de Ferrara\",\"Titien\",\"Tiziano pinturas mitol\u00f3gicas\"],\"articleSection\":[\"Los Este de Ferrara\"],\"inLanguage\":\"es\"},{\"@type\":[\"WebPage\",\"ItemPage\"],\"@id\":\"https:\/\/www.aparences.net\/es\/arte-y-mecenazgo\/los-este-de-ferrara\/alfonso-i-de-este\/\",\"url\":\"https:\/\/www.aparences.net\/es\/arte-y-mecenazgo\/los-este-de-ferrara\/alfonso-i-de-este\/\",\"name\":\"Alfonso I de Este\",\"isPartOf\":{\"@id\":\"https:\/\/www.aparences.net\/es\/#website\"},\"primaryImageOfPage\":{\"@id\":\"https:\/\/www.aparences.net\/es\/arte-y-mecenazgo\/los-este-de-ferrara\/alfonso-i-de-este\/#primaryimage\"},\"image\":{\"@id\":\"https:\/\/www.aparences.net\/es\/arte-y-mecenazgo\/los-este-de-ferrara\/alfonso-i-de-este\/#primaryimage\"},\"thumbnailUrl\":\"https:\/\/www.aparences.net\/wp-content\/uploads\/2010\/07\/alphonse-d-este.jpg\",\"datePublished\":\"2010-07-10T16:33:27+00:00\",\"dateModified\":\"2025-12-11T18:40:57+00:00\",\"description\":\"El primer se\u00f1or que requiri\u00f3 los servicios de Tiziano fue el duque Alfonso de Este. Su obra m\u00e1s importante fue la decoraci\u00f3n de los Camerini, con la serie de pinturas mitol\u00f3gicas que el artista llam\u00f3 \\\"poes\u00edas\\\".\",\"breadcrumb\":{\"@id\":\"https:\/\/www.aparences.net\/es\/arte-y-mecenazgo\/los-este-de-ferrara\/alfonso-i-de-este\/#breadcrumb\"},\"inLanguage\":\"es\",\"potentialAction\":[{\"@type\":\"ReadAction\",\"target\":[\"https:\/\/www.aparences.net\/es\/arte-y-mecenazgo\/los-este-de-ferrara\/alfonso-i-de-este\/\"]}]},{\"@type\":\"ImageObject\",\"inLanguage\":\"es\",\"@id\":\"https:\/\/www.aparences.net\/es\/arte-y-mecenazgo\/los-este-de-ferrara\/alfonso-i-de-este\/#primaryimage\",\"url\":\"https:\/\/www.aparences.net\/wp-content\/uploads\/2010\/07\/alphonse-d-este.jpg\",\"contentUrl\":\"https:\/\/www.aparences.net\/wp-content\/uploads\/2010\/07\/alphonse-d-este.jpg\",\"width\":1080,\"height\":540},{\"@type\":\"BreadcrumbList\",\"@id\":\"https:\/\/www.aparences.net\/es\/arte-y-mecenazgo\/los-este-de-ferrara\/alfonso-i-de-este\/#breadcrumb\",\"itemListElement\":[{\"@type\":\"ListItem\",\"position\":1,\"name\":\"Portada\",\"item\":\"https:\/\/www.aparences.net\/es\/\"},{\"@type\":\"ListItem\",\"position\":2,\"name\":\"Alfonso I de Este\"}]},{\"@type\":\"WebSite\",\"@id\":\"https:\/\/www.aparences.net\/es\/#website\",\"url\":\"https:\/\/www.aparences.net\/es\/\",\"name\":\"Aparences: Historia del Arte y Actualidad Cultural\",\"description\":\"\",\"publisher\":{\"@id\":\"https:\/\/www.aparences.net\/es\/#organization\"},\"potentialAction\":[{\"@type\":\"SearchAction\",\"target\":{\"@type\":\"EntryPoint\",\"urlTemplate\":\"https:\/\/www.aparences.net\/es\/?s={search_term_string}\"},\"query-input\":{\"@type\":\"PropertyValueSpecification\",\"valueRequired\":true,\"valueName\":\"search_term_string\"}}],\"inLanguage\":\"es\"},{\"@type\":\"Organization\",\"@id\":\"https:\/\/www.aparences.net\/es\/#organization\",\"name\":\"Aparences: Historia del Arte y Actualidad Cultural\",\"url\":\"https:\/\/www.aparences.net\/es\/\",\"logo\":{\"@type\":\"ImageObject\",\"inLanguage\":\"es\",\"@id\":\"https:\/\/www.aparences.net\/es\/#\/schema\/logo\/image\/\",\"url\":\"https:\/\/www.aparences.net\/wp-content\/uploads\/2023\/09\/logo-quadrat-color-e1695915315229.png\",\"contentUrl\":\"https:\/\/www.aparences.net\/wp-content\/uploads\/2023\/09\/logo-quadrat-color-e1695915315229.png\",\"width\":120,\"height\":120,\"caption\":\"Aparences: Historia del Arte y Actualidad Cultural\"},\"image\":{\"@id\":\"https:\/\/www.aparences.net\/es\/#\/schema\/logo\/image\/\"}},{\"@type\":\"Person\",\"@id\":\"https:\/\/www.aparences.net\/es\/#\/schema\/person\/af349f6ffc31b16c68963e61268afca5\",\"name\":\"admin\",\"url\":\"https:\/\/www.aparences.net\/es\/author\/admin\/\"}]}<\/script>\n<!-- \/ Yoast SEO plugin. -->","yoast_head_json":{"title":"Alfonso I de Este","description":"El primer se\u00f1or que requiri\u00f3 los servicios de Tiziano fue el duque Alfonso de Este. Su obra m\u00e1s importante fue la decoraci\u00f3n de los Camerini, con la serie de pinturas mitol\u00f3gicas que el artista llam\u00f3 \"poes\u00edas\".","robots":{"index":"index","follow":"follow","max-snippet":"max-snippet:-1","max-image-preview":"max-image-preview:large","max-video-preview":"max-video-preview:-1"},"canonical":"https:\/\/www.aparences.net\/es\/arte-y-mecenazgo\/los-este-de-ferrara\/alfonso-i-de-este\/","og_locale":"es_ES","og_type":"article","og_title":"Alfonso I de Este","og_description":"El primer se\u00f1or que requiri\u00f3 los servicios de Tiziano fue el duque Alfonso de Este. Su obra m\u00e1s importante fue la decoraci\u00f3n de los Camerini, con la serie de pinturas mitol\u00f3gicas que el artista llam\u00f3 \"poes\u00edas\".","og_url":"https:\/\/www.aparences.net\/es\/arte-y-mecenazgo\/los-este-de-ferrara\/alfonso-i-de-este\/","og_site_name":"Aparences","article_published_time":"2010-07-10T16:33:27+00:00","article_modified_time":"2025-12-11T18:40:57+00:00","og_image":[{"width":1080,"height":540,"url":"https:\/\/www.aparences.net\/wp-content\/uploads\/2010\/07\/alphonse-d-este.jpg","type":"image\/jpeg"}],"author":"admin","twitter_card":"summary_large_image","twitter_misc":{"Escrito por":"admin","Tiempo de lectura":"13 minutos"},"schema":{"@context":"https:\/\/schema.org","@graph":[{"@type":"Article","@id":"https:\/\/www.aparences.net\/es\/arte-y-mecenazgo\/los-este-de-ferrara\/alfonso-i-de-este\/#article","isPartOf":{"@id":"https:\/\/www.aparences.net\/es\/arte-y-mecenazgo\/los-este-de-ferrara\/alfonso-i-de-este\/"},"author":{"name":"admin","@id":"https:\/\/www.aparences.net\/es\/#\/schema\/person\/af349f6ffc31b16c68963e61268afca5"},"headline":"Alfonso I de Este","datePublished":"2010-07-10T16:33:27+00:00","dateModified":"2025-12-11T18:40:57+00:00","mainEntityOfPage":{"@id":"https:\/\/www.aparences.net\/es\/arte-y-mecenazgo\/los-este-de-ferrara\/alfonso-i-de-este\/"},"wordCount":2272,"publisher":{"@id":"https:\/\/www.aparences.net\/es\/#organization"},"image":{"@id":"https:\/\/www.aparences.net\/es\/arte-y-mecenazgo\/los-este-de-ferrara\/alfonso-i-de-este\/#primaryimage"},"thumbnailUrl":"https:\/\/www.aparences.net\/wp-content\/uploads\/2010\/07\/alphonse-d-este.jpg","keywords":["Alfonso I de Este","arte y mecenazgo","Camerino de Alabastro","los Este de Ferrara","Titien","Tiziano pinturas mitol\u00f3gicas"],"articleSection":["Los Este de Ferrara"],"inLanguage":"es"},{"@type":["WebPage","ItemPage"],"@id":"https:\/\/www.aparences.net\/es\/arte-y-mecenazgo\/los-este-de-ferrara\/alfonso-i-de-este\/","url":"https:\/\/www.aparences.net\/es\/arte-y-mecenazgo\/los-este-de-ferrara\/alfonso-i-de-este\/","name":"Alfonso I de Este","isPartOf":{"@id":"https:\/\/www.aparences.net\/es\/#website"},"primaryImageOfPage":{"@id":"https:\/\/www.aparences.net\/es\/arte-y-mecenazgo\/los-este-de-ferrara\/alfonso-i-de-este\/#primaryimage"},"image":{"@id":"https:\/\/www.aparences.net\/es\/arte-y-mecenazgo\/los-este-de-ferrara\/alfonso-i-de-este\/#primaryimage"},"thumbnailUrl":"https:\/\/www.aparences.net\/wp-content\/uploads\/2010\/07\/alphonse-d-este.jpg","datePublished":"2010-07-10T16:33:27+00:00","dateModified":"2025-12-11T18:40:57+00:00","description":"El primer se\u00f1or que requiri\u00f3 los servicios de Tiziano fue el duque Alfonso de Este. Su obra m\u00e1s importante fue la decoraci\u00f3n de los Camerini, con la serie de pinturas mitol\u00f3gicas que el artista llam\u00f3 \"poes\u00edas\".","breadcrumb":{"@id":"https:\/\/www.aparences.net\/es\/arte-y-mecenazgo\/los-este-de-ferrara\/alfonso-i-de-este\/#breadcrumb"},"inLanguage":"es","potentialAction":[{"@type":"ReadAction","target":["https:\/\/www.aparences.net\/es\/arte-y-mecenazgo\/los-este-de-ferrara\/alfonso-i-de-este\/"]}]},{"@type":"ImageObject","inLanguage":"es","@id":"https:\/\/www.aparences.net\/es\/arte-y-mecenazgo\/los-este-de-ferrara\/alfonso-i-de-este\/#primaryimage","url":"https:\/\/www.aparences.net\/wp-content\/uploads\/2010\/07\/alphonse-d-este.jpg","contentUrl":"https:\/\/www.aparences.net\/wp-content\/uploads\/2010\/07\/alphonse-d-este.jpg","width":1080,"height":540},{"@type":"BreadcrumbList","@id":"https:\/\/www.aparences.net\/es\/arte-y-mecenazgo\/los-este-de-ferrara\/alfonso-i-de-este\/#breadcrumb","itemListElement":[{"@type":"ListItem","position":1,"name":"Portada","item":"https:\/\/www.aparences.net\/es\/"},{"@type":"ListItem","position":2,"name":"Alfonso I de Este"}]},{"@type":"WebSite","@id":"https:\/\/www.aparences.net\/es\/#website","url":"https:\/\/www.aparences.net\/es\/","name":"Aparences: Historia del Arte y Actualidad Cultural","description":"","publisher":{"@id":"https:\/\/www.aparences.net\/es\/#organization"},"potentialAction":[{"@type":"SearchAction","target":{"@type":"EntryPoint","urlTemplate":"https:\/\/www.aparences.net\/es\/?s={search_term_string}"},"query-input":{"@type":"PropertyValueSpecification","valueRequired":true,"valueName":"search_term_string"}}],"inLanguage":"es"},{"@type":"Organization","@id":"https:\/\/www.aparences.net\/es\/#organization","name":"Aparences: Historia del Arte y Actualidad Cultural","url":"https:\/\/www.aparences.net\/es\/","logo":{"@type":"ImageObject","inLanguage":"es","@id":"https:\/\/www.aparences.net\/es\/#\/schema\/logo\/image\/","url":"https:\/\/www.aparences.net\/wp-content\/uploads\/2023\/09\/logo-quadrat-color-e1695915315229.png","contentUrl":"https:\/\/www.aparences.net\/wp-content\/uploads\/2023\/09\/logo-quadrat-color-e1695915315229.png","width":120,"height":120,"caption":"Aparences: Historia del Arte y Actualidad Cultural"},"image":{"@id":"https:\/\/www.aparences.net\/es\/#\/schema\/logo\/image\/"}},{"@type":"Person","@id":"https:\/\/www.aparences.net\/es\/#\/schema\/person\/af349f6ffc31b16c68963e61268afca5","name":"admin","url":"https:\/\/www.aparences.net\/es\/author\/admin\/"}]}},"_links":{"self":[{"href":"https:\/\/www.aparences.net\/es\/wp-json\/wp\/v2\/posts\/13144","targetHints":{"allow":["GET"]}}],"collection":[{"href":"https:\/\/www.aparences.net\/es\/wp-json\/wp\/v2\/posts"}],"about":[{"href":"https:\/\/www.aparences.net\/es\/wp-json\/wp\/v2\/types\/post"}],"author":[{"embeddable":true,"href":"https:\/\/www.aparences.net\/es\/wp-json\/wp\/v2\/users\/2"}],"replies":[{"embeddable":true,"href":"https:\/\/www.aparences.net\/es\/wp-json\/wp\/v2\/comments?post=13144"}],"version-history":[{"count":0,"href":"https:\/\/www.aparences.net\/es\/wp-json\/wp\/v2\/posts\/13144\/revisions"}],"wp:featuredmedia":[{"embeddable":true,"href":"https:\/\/www.aparences.net\/es\/wp-json\/wp\/v2\/media\/26608"}],"wp:attachment":[{"href":"https:\/\/www.aparences.net\/es\/wp-json\/wp\/v2\/media?parent=13144"}],"wp:term":[{"taxonomy":"category","embeddable":true,"href":"https:\/\/www.aparences.net\/es\/wp-json\/wp\/v2\/categories?post=13144"},{"taxonomy":"post_tag","embeddable":true,"href":"https:\/\/www.aparences.net\/es\/wp-json\/wp\/v2\/tags?post=13144"}],"curies":[{"name":"wp","href":"https:\/\/api.w.org\/{rel}","templated":true}]}}