{"id":13148,"date":"2010-07-11T19:39:04","date_gmt":"2010-07-11T18:39:04","guid":{"rendered":"https:\/\/www.aparences.net\/art-et-mecenat\/rome-mecenat-et-pouvoir-papal\/julio-ii-giuliano-della-rovere\/"},"modified":"2025-12-11T19:40:57","modified_gmt":"2025-12-11T18:40:57","slug":"julio-ii-giuliano-della-rovere","status":"publish","type":"post","link":"https:\/\/www.aparences.net\/es\/arte-y-mecenazgo\/roma-mecenazgo-y-poder-papal\/julio-ii-giuliano-della-rovere\/","title":{"rendered":"Julio II, Giuliano della Rovere"},"content":{"rendered":"<p><!--contents--><\/p>\n\n\n<h2 class=\"wp-block-heading\">&nbsp;Julio II (papa, de 1503 a 1513).<\/h2>\n\n\n\n<p>El C\u00f3nclave tras la muerte de P\u00edo III Piccolomini se abre en la v\u00edspera de Todos los Santos. Fue uno de los m\u00e1s cortos en la historia de la iglesia: el 31 de octubre de 1503, los treinta y ocho cardenales presentes eligen al Decano del Sacro Colegio, <strong>Giuliano della Rovere, sobrino de<\/strong> <a title=\"Sixto IV\" href=\"https:\/\/www.aparences.net\/es\/arte-y-mecenazgo\/roma-mecenazgo-y-poder-papal\/sixto-iv-della-rovere\/\">Sixto IV<\/a>, que esperaba este momento desde hac\u00eda veinte a\u00f1os.&nbsp;<\/p>\n\n\n\n<p>El nombre elegido por el nuevo Papa fue el Julio II, nombre que hace referencia al dictador romano y traduce una visi\u00f3n bien definida del papel que recae al sucesor de Pedro y la intenci\u00f3n de asociar a esta funci\u00f3n un simbolismo evocador, que en el pasado, el duque de Valentinois C\u00e9sar Borgia, se hab\u00eda otorgado en diversas circunstancias. Pero la fuerte personalidad de Giuliano della Rovere no hab\u00eda esperado esa elecci\u00f3n para manifestarse. Su vida era el prototipo de carrera eclesi\u00e1stica que conduce al papado durante el Renacimiento: codiciosa acumulaci\u00f3n de cargos importantes (Cardenal a los 28 a\u00f1os, Arzobispo de Carpentras, obispo de Lausanne, obispo y arzobispo de Avi\u00f1\u00f3n, obispo de Bolonia, titular de los monasterios de Grottaferrata y Montecassino&#8230;) y de poderosos cargos diplom\u00e1ticos en la Curia Romana (protector de la orden franciscana, legado papal en Las Marcas, Avi\u00f1\u00f3n, con el rey de Francia, en Flandes, Inglaterra y Escocia&#8230;), <strong>avisado mecenas, padre de hijos ileg\u00edtimos, reparto de cargos a familiares, profunda y variada cultura<\/strong>.<\/p>\n\n\n<div class=\"wp-block-image\">\n<figure class=\"aligncenter\"><img loading=\"lazy\" decoding=\"async\" width=\"339\" height=\"460\" src=\"https:\/\/www.aparences.net\/wp-content\/uploads\/2010\/07\/raphael-pape-jules-II-della-rovere.jpg\" alt=\"Retrato de Julio II, Rafael\" class=\"wp-image-22001\" title=\"Retrato de Julio II, Rafael\" srcset=\"https:\/\/www.aparences.net\/wp-content\/uploads\/2010\/07\/raphael-pape-jules-II-della-rovere.jpg 339w, https:\/\/www.aparences.net\/wp-content\/uploads\/2010\/07\/raphael-pape-jules-II-della-rovere-160x217.jpg 160w\" sizes=\"auto, (max-width: 339px) 100vw, 339px\" \/><figcaption class=\"wp-element-caption\"><em><strong>Retrato de Julio II<\/strong>, 1511-1512, <strong>Rafael<\/strong><\/em><br><em> (Londres, National Gallery) <\/em><\/figcaption><\/figure>\n<\/div>\n\n\n<p><em>Seg\u00fan el testimonio de Vasari, el retrato fue expuesto en algunas fiestas solemnes en la iglesia romana de Santa Maria del Popolo. En comparaci\u00f3n con otros retratos del Papa que Rafael represent\u00f3 en las llamadas \u00abEstancias\u00bb (aposentos papales) como s\u00edmbolos de grandeza y poder, esta efigie se centra en la representaci\u00f3n de su vida interior, dando del pont\u00edfice una imagen m\u00e1s \u00edntima, menos formal, \u00ab&#8230; tan real que inspiraba respeto como si estuviera vivo\u00bb (Vasari).<\/em><\/p>\n\n\n<div class=\"wp-block-image\">\n<figure class=\"aligncenter\"><img loading=\"lazy\" decoding=\"async\" width=\"630\" height=\"303\" src=\"https:\/\/www.aparences.net\/wp-content\/uploads\/2010\/07\/raphael-pape-jules-II-della-rovere-mains.jpg\" alt=\"Retrato de Julio II, Rafael\" class=\"wp-image-22003\" title=\"Retrato de Julio II, Rafael\" srcset=\"https:\/\/www.aparences.net\/wp-content\/uploads\/2010\/07\/raphael-pape-jules-II-della-rovere-mains.jpg 630w, https:\/\/www.aparences.net\/wp-content\/uploads\/2010\/07\/raphael-pape-jules-II-della-rovere-mains-160x77.jpg 160w\" sizes=\"auto, (max-width: 630px) 100vw, 630px\" \/><\/figure>\n<\/div>\n\n\n<p><em>Mecenas ilustrado, Julio II sent\u00f3 las bases del <a href=\"https:\/\/www.aparences.net\/es\/periodos\/el-alto-renacimiento-en-pintura\/\">Alto Renacimiento<\/a> romano. Como sus contempor\u00e1neos, muchos historiadores le reprochan haber llevado demasiado lejos su participaci\u00f3n en los asuntos temporales.<br><\/em><\/p>\n\n\n\n<p><a href=\"https:\/\/es.wikipedia.org\/wiki\/Francesco_Guicciardini\">Francesco Guicciardini<\/a> ve al Papa Julio II como \u00abel menos sacerdotal y m\u00e1s secular\u00bb &#8211; viste armadura, conduce a sus ej\u00e9rcitos, contrata a mercenarios suizos, excomulga al se\u00f1or de Bolonia, Giovanni Bentivoglio, absuelve a su propio sobrino Francesco Maria della Rovere cuando \u00e9ste asesina entre otros al cardenal Alidosi, pone a Venecia bajo interdicci\u00f3n papal (Liga de Cambrai), se enfrenta al Reino de Francia (Liga Santa) convoca el Concilio de Letr\u00e1n, en el que escucha, impasible, la violenta diatriba contra el uso de la fuerza armada por la iglesia en el discurso inaugural de Egidio da Viterbo. Finalmente, <a title=\"Alejandro VI\" href=\"https:\/\/www.aparences.net\/es\/arte-y-mecenazgo\/roma-mecenazgo-y-poder-papal\/alejandro-vi-borgia\/\">Alejandro VI<\/a> como Julio II e inmediatamente despu\u00e9s de ellos, <a title=\"Le\u00f3n X\" href=\"https:\/\/www.aparences.net\/es\/arte-y-mecenazgo\/roma-mecenazgo-y-poder-papal\/leon-x-giovanni-de-medicis\/\">Le\u00f3n X M\u00e9dicis<\/a>, hijo de <a title=\"Lorenzo el Magn\u00edfico\" href=\"https:\/\/www.aparences.net\/es\/arte-y-mecenazgo\/florencia-y-los-medicis\/lorenzo-el-magnifico\/\">Lorenzo el Magn\u00edfico<\/a>, tienen una necesidad cr\u00f3nica y desesperada de recaudar dinero para financiar nuevas construcciones, vivir fastuosamente, rodearse de artistas, satisfacer alg\u00fan capricho y, sobretodo, mantener a tropas de mercenarios y hacer la guerra. Este dinero se lo procuran por cualquier medio: confiscaci\u00f3n de herencias importantes, conquistas de tierras, multiplicaci\u00f3n de cargos venales f\u00e1cilmente concedidos a cambio de porciones congruentes anticipadas, y cuando estos filones se van agotando, lucrativas ventas de joyas, de gracia espiritual, de salvaci\u00f3n de las almas. Si el tr\u00e1fico de indulgencias puede llenar r\u00e1pidamente la caja pontifical y las arcas de los banqueros, no obstante aparece muy r\u00e1pidamente como un error flagrante, una ganancia de corta duraci\u00f3n con consecuencias desastrosas para la Iglesia romana.<\/p>\n\n\n<div class=\"wp-block-image\">\n<figure class=\"aligncenter\"><img loading=\"lazy\" decoding=\"async\" width=\"630\" height=\"426\" src=\"https:\/\/www.aparences.net\/wp-content\/uploads\/2010\/07\/raphael-gregoire-ix-approuve-les-decretales.jpg\" alt=\"Gregorio IX aprueba las Decretales, Rafael\" class=\"wp-image-22006\" title=\"Gregorio IX aprueba las Decretales, Rafael\" srcset=\"https:\/\/www.aparences.net\/wp-content\/uploads\/2010\/07\/raphael-gregoire-ix-approuve-les-decretales.jpg 630w, https:\/\/www.aparences.net\/wp-content\/uploads\/2010\/07\/raphael-gregoire-ix-approuve-les-decretales-160x108.jpg 160w\" sizes=\"auto, (max-width: 630px) 100vw, 630px\" \/><figcaption class=\"wp-element-caption\"><em><strong>Gregorio IX aprueba las Decretales<\/strong>, 1510-1511, <strong>Rafael<\/strong> (Vaticano, Estancia de la Signatura)<\/em><\/figcaption><\/figure>\n<\/div>\n\n\n<p><em>En esta escena, el papa Gregorio IX est\u00e1 representada bajo los rasgos de Julio II. El cardenal Juan de M\u00e9dicis, quien se convirti\u00f3 en Le\u00f3n X, est\u00e1 de pie a la izquierda del papa.<\/em><\/p>\n\n\n\n<!-- AdBoxRight2020 --><ins class=\"adsbygoogle\"     style=\"display:block; margin-top:30px;\"     data-ad-client=\"ca-pub-2468002815867636\"     data-ad-slot=\"3496014735\"     data-ad-format=\"auto\"     data-full-width-responsive=\"false\"><\/ins><script> (adsbygoogle = window.adsbygoogle || []).push({});<\/script><h2 class=\"wp-block-heading\">Mecenazgo de Julio II<\/h2>\n\n\n\n<p>En la historia de la pintura, el pontificado de Julio II se identifica principalmente con <strong>la b\u00f3veda de la Capilla Sixtina pintada por Miguel Angel<\/strong>, con <strong>las primeras <em>Estancias<\/em> de Rafael<\/strong> y, por supuesto, con las empresas de <a href=\"https:\/\/es.wikipedia.org\/wiki\/Donato_d%27Angelo_Bramante\">Donato Bramante<\/a> <strong>en arquitectura<\/strong>. A partir de este per\u00edodo se vuelve m\u00e1s complicado, por no hablar de imposible, resumir lo que sucede en la investigaci\u00f3n pict\u00f3rica en Roma, donde un evento es inmediatamente seguido por otro. Como se\u00f1ala Roberto Longhi, la primera d\u00e9cada del Cinquecento deber\u00eda dividirse no en a\u00f1os sino en meses, tan numerosas y elevadas fueron las obras y los artistas durante este per\u00edodo. Si se piensa en Venecia, con el gran <a title=\"Giovanni Bellini\" href=\"https:\/\/www.aparences.net\/es\/escuelas\/la-pintura-veneciana\/giovanni-bellini\/\">Giovanni Bellini<\/a> y la corta producci\u00f3n de Giorgione; en Mantua, con los \u00faltimos a\u00f1os de <a title=\"Mantegna\" href=\"https:\/\/www.aparences.net\/es\/arte-y-mecenazgo\/los-gonzaga-de-mantua\/andrea-mantegna-pintor-de-corte\/\">Mantegna<\/a>, o en la <a title=\"Florencia, \u00e9poca post Savonarola\" href=\"https:\/\/www.aparences.net\/es\/arte-y-mecenazgo\/florencia-y-los-medicis\/florencia-sin-los-medicis\/\">Florencia de la era post Savonarola<\/a>, en la que trabajan (y se cruzan) <a href=\"https:\/\/www.aparences.net\/es\/periodos\/el-alto-renacimiento-en-pintura\/#leonardo-da-vinci:-florencia,-mil%C3%A1n,-amboise\">Leonardo<\/a>, Miguel \u00c1ngel y <a href=\"https:\/\/www.aparences.net\/es\/arte-y-mecenazgo\/el-mecenazgo-en-urbino\/la-corte-de-urbino-y-guidobaldo-da-montefeltro\/#raphael-urbinas-(urbino-1483---roma-1520)\">el joven Rafael<\/a>, mientras que <a href=\"https:\/\/www.aparences.net\/es\/periodos\/el-quattrocento\/sandro-botticelli\/\">Botticelli<\/a> se permite obras extremas. Mientras que los \u00abexc\u00e9ntricos\u00bb, con <a href=\"https:\/\/www.aparences.net\/es\/periodos\/el-quattrocento-anexos\/decoraciones-profanas\/#piero-di-cosimo-y-los-or%C3%ADgenes-de-la-humanidad\">Piero di Cosimo<\/a> en cabeza, buscan v\u00edas aut\u00f3nomas. El <a title=\"manierismo\" href=\"https:\/\/www.aparences.net\/es\/periodos\/el-manierismo\/\">manierismo<\/a> hace su entrada, y durante dos siglos o m\u00e1s seguir\u00e1 siendo el punto de referencia para las artes figurativas europeas.<\/p>\n\n\n<div class=\"wp-block-image\">\n<figure class=\"aligncenter\"><img loading=\"lazy\" decoding=\"async\" width=\"440\" height=\"430\" src=\"https:\/\/www.aparences.net\/wp-content\/uploads\/2010\/07\/carodosso-medaille-saint-pierre-rome.jpg\" alt=\"Medalla conmemorativa, Caradosso\" class=\"wp-image-22008\" title=\"Medalla conmemorativa, Caradosso\" srcset=\"https:\/\/www.aparences.net\/wp-content\/uploads\/2010\/07\/carodosso-medaille-saint-pierre-rome.jpg 440w, https:\/\/www.aparences.net\/wp-content\/uploads\/2010\/07\/carodosso-medaille-saint-pierre-rome-160x156.jpg 160w\" sizes=\"auto, (max-width: 440px) 100vw, 440px\" \/><figcaption class=\"wp-element-caption\"><em><strong>Medalla conmemorativa de la bas\u00edlica de San Pedro<\/strong>, 1506, Cristoforo Foppa, llamado <strong>Caradosso<\/strong> (Londres, British Museum)<\/em><\/figcaption><\/figure>\n<\/div>\n\n\n<p><em>Entre los numerosos dibujos que precedieron la ceremonia de fundaci\u00f3n de la Bas\u00edlica el 18 de abril de 1506, figura el de esta medalla, cuyo reverso lleva la efigie de Julio II.<\/em><\/p>\n\n\n\n<p><strong>El mecenazgo de Julio II consisti\u00f3 en cinco proyectos<\/strong>: la <strong>reconstrucci\u00f3n de San Pedro<\/strong> y la <strong>ampliaci\u00f3n del Vaticano<\/strong> por Bramante, la <strong>decoraci\u00f3n de los nuevos apartamentos por Rafael<\/strong>, la edificaci\u00f3n de <strong>la espl\u00e9ndida tumba<\/strong> y la <strong>decoraci\u00f3n de la Capilla Sixtina por Miguel \u00c1ngel<\/strong>. El proyecto para San Pedro fue elegido en el a\u00f1o 1506, a\u00f1o en el que se estamp\u00f3 la medalla de Caradosso. A la muerte de Bramante en 1514, en la bas\u00edlica de San Pedro, s\u00f3lo se hab\u00edan puesto los cimientos de los pilares del crucero y del coro, pero los pilares que deb\u00edan sostener su enorme c\u00fapula eran insuficientes. Su alumno Peruzzi, Rafael y Antonio da Sangallo el Joven, intentaron encontrar soluciones mediante la modificaci\u00f3n de los planos, pero problemas financieros, las guerras que culminaron con el saqueo de Roma en 1527, <strong>las consecuencias de<\/strong> <a href=\"https:\/\/es.wikipedia.org\/wiki\/Reforma_protestante\">la Reforma<\/a>, retrasaron los trabajos; no progresaron hasta que Miguel \u00c1ngel tom\u00f3 la direcci\u00f3n de los mismos en 1547. La proeza de Bramante debe medirse por la envergadura del proyecto y en la confianza puesta en la capacidad de realizar sus ideas, y no por lo que construy\u00f3 realmente: nada se hallaba fuera del alcance de los hombres de su \u00e9poca.<\/p>\n\n\n<div class=\"wp-block-image\">\n<figure class=\"aligncenter\"><img loading=\"lazy\" decoding=\"async\" width=\"425\" height=\"460\" src=\"https:\/\/www.aparences.net\/wp-content\/uploads\/2010\/07\/vue-de-la-chapelle-sixtine.jpg\" alt=\"Vista de la Capilla Sixtina\" class=\"wp-image-22010\" title=\"Vista de la Capilla Sixtina\" srcset=\"https:\/\/www.aparences.net\/wp-content\/uploads\/2010\/07\/vue-de-la-chapelle-sixtine.jpg 425w, https:\/\/www.aparences.net\/wp-content\/uploads\/2010\/07\/vue-de-la-chapelle-sixtine-160x173.jpg 160w\" sizes=\"auto, (max-width: 425px) 100vw, 425px\" \/><figcaption class=\"wp-element-caption\"><strong><em>Vista del conjunto pict\u00f3rico de la Capilla Sixtina<\/em><\/strong><\/figcaption><\/figure>\n<\/div>\n\n\n<p>Julio II se deja llevar por el intenso ardor creativo de Miguel \u00c1ngel. Juntos imaginan proyectos cada vez m\u00e1s grandiosos para la decoraci\u00f3n de la capilla, por lo que el artista puede dar rienda suelta a su imaginaci\u00f3n, aunque en un g\u00e9nero art\u00edstico completamente diferente y que le gusta menos. Hasta el 31 de octubre de 1512, <strong>Miguel \u00c1ngel pint\u00f3 m\u00e1s de 300 figuras en la<\/strong> <a href=\"https:\/\/www.aparences.net\/es\/arte-y-mecenazgo\/los-fresquistas-florentinos\/miguel-angel-frescos-de-la-sixtina\/\">b\u00f3veda de la Capilla Sixtina<\/a>.<\/p>\n\n\n<div class=\"wp-block-image\">\n<figure class=\"aligncenter\"><img loading=\"lazy\" decoding=\"async\" width=\"630\" height=\"361\" src=\"https:\/\/www.aparences.net\/wp-content\/uploads\/2010\/07\/michel-ange-sibylle-delphique-1510-chapelle-sixtine.jpg\" alt=\"Sibila de Delfos, Miguel \u00c1ngel\" class=\"wp-image-22012\" title=\"Sibila de Delfos, Miguel \u00c1ngel\" srcset=\"https:\/\/www.aparences.net\/wp-content\/uploads\/2010\/07\/michel-ange-sibylle-delphique-1510-chapelle-sixtine.jpg 630w, https:\/\/www.aparences.net\/wp-content\/uploads\/2010\/07\/michel-ange-sibylle-delphique-1510-chapelle-sixtine-160x92.jpg 160w\" sizes=\"auto, (max-width: 630px) 100vw, 630px\" \/><figcaption class=\"wp-element-caption\"><em><strong>Sibila de Delfos<\/strong>, detalle, 1510, <strong>Miguel \u00c1ngel<\/strong> (Vaticano, Capilla Sixtina) <\/em><\/figcaption><\/figure>\n<\/div>\n\n\n<p><em>Encima de los lunetos con los antepasados de Cristo, se hallan sentados en tronos los \u00abProfetas y las Sibilas\u00bb. La violencia y el poder que emana de estas figuras no se debe s\u00f3lo a su tama\u00f1o, sino que cada una de ellas ostenta una personalidad diferente mientras se a\u00edsla de las dem\u00e1s.<\/em><\/p>\n\n\n\n<p><strong>Miguel \u00c1ngel y Rafael, que nunca conseguir\u00e1n establecer un verdadero di\u00e1logo<\/strong>, pueden trabajar libremente y sorprender al mundo (y quien sabe si a ellos mismos), porque encuentran en Roma un ambiente absolutamente favorable, del que su talento sabe sacar provecho. Buonarroti ya hab\u00eda vivido en Roma durante cinco a\u00f1os. Durante este tiempo pudo reflexionar, hacer contactos, estudiar las obras de la Antig\u00fcedad. Rafael, quien seguramente hab\u00eda pasado por Roma varias veces, conoce muy bien a los artistas de Umbr\u00eda y de la Toscana que trabajaron en la ciudad, y aprovech\u00f3 bien la lecci\u00f3n que le brindaban las <a title=\"pinturas murales de la Sixtina\" href=\"https:\/\/www.aparences.net\/es\/arte-y-mecenazgo\/roma-mecenazgo-y-poder-papal\/sixto-iv-della-rovere\/#pintores-de-la-toscana-y-la-umbr%C3%ADa-en-los-muros-de-la-sixtina\">pinturas murales de la Capilla Sixtina<\/a>. Las innovaciones revolucionarias de esos dos artistas est\u00e1n lejos de ser el resultado de una iluminaci\u00f3n repentina, en la medida en que, en ellos, lo asombroso reside precisamente en la gran envergadura que representa el trabajo preparatorio y en la capacidad de revisi\u00f3n y de adaptaci\u00f3n de los proyectos en curso de ejecuci\u00f3n. Se necesita tiempo para pasar, en la b\u00f3veda, de los Ap\u00f3stoles proyectados en el primer programa iconogr\u00e1fico, a las escenas del G\u00e9nesis, integradas en una poderosa estructura arquitect\u00f3nica. Y se necesita tiempo para elaborar, en la Estancia de la Signatura, las versiones finales de <em>la Escuela de Atenas<\/em> y <em>la Disputa del Sant\u00edsimo Sacramento<\/em> que resumen, no solo la historia de la filosof\u00eda y de la Iglesia, sino tambi\u00e9n y sobre todo, la historia de la investigaci\u00f3n pict\u00f3rica de todo un siglo.<\/p>\n\n\n<div class=\"wp-block-image\">\n<figure class=\"aligncenter\"><img loading=\"lazy\" decoding=\"async\" width=\"630\" height=\"449\" src=\"https:\/\/www.aparences.net\/wp-content\/uploads\/2010\/07\/raphael-l-ecole-d-athenes-fresque-chapelle-sixtine-1509.jpg\" alt=\"La Escuela de Atenas, Rafael\" class=\"wp-image-22014\" title=\"La Escuela de Atenas, Rafael\" srcset=\"https:\/\/www.aparences.net\/wp-content\/uploads\/2010\/07\/raphael-l-ecole-d-athenes-fresque-chapelle-sixtine-1509.jpg 630w, https:\/\/www.aparences.net\/wp-content\/uploads\/2010\/07\/raphael-l-ecole-d-athenes-fresque-chapelle-sixtine-1509-160x114.jpg 160w\" sizes=\"auto, (max-width: 630px) 100vw, 630px\" \/><\/figure>\n<\/div>\n\n<div class=\"wp-block-image\">\n<figure class=\"aligncenter\"><img loading=\"lazy\" decoding=\"async\" width=\"418\" height=\"460\" src=\"https:\/\/www.aparences.net\/wp-content\/uploads\/2010\/07\/raphael-ecole-d-atenes-michel-ange-heraclite.jpg\" alt=\"La Escuela de Atenas, Rafael\" class=\"wp-image-22016\" title=\"La Escuela de Atenas, Rafael\" srcset=\"https:\/\/www.aparences.net\/wp-content\/uploads\/2010\/07\/raphael-ecole-d-atenes-michel-ange-heraclite.jpg 418w, https:\/\/www.aparences.net\/wp-content\/uploads\/2010\/07\/raphael-ecole-d-atenes-michel-ange-heraclite-160x176.jpg 160w\" sizes=\"auto, (max-width: 418px) 100vw, 418px\" \/><figcaption class=\"wp-element-caption\"><em><strong>La Escuela de Atenas<\/strong> y detalle Her\u00e1clito con el rostro de Miguel \u00c1ngel, 1509, <strong>Rafael<\/strong> (Vaticano, Estancia de la Signatura)<\/em><\/figcaption><\/figure>\n<\/div>\n\n\n<p><em>En esta Estancia, Rafael logr\u00f3 desarrollar de una forma innovadora el programa iconogr\u00e1fico realizado por el entorno eclesi\u00e1stico y humanista de Julio II, cuya finalidad era recordar la correlaci\u00f3n entre el conocimiento antiguo y la espiritualidad cristiana. Los fil\u00f3sofos de la antig\u00fcedad se representan con los rasgos de personajes contempor\u00e1neos de Rafael. Miguel \u00c1ngel, con aire sombr\u00edo y pensativo, se halla sentado en la escalera, con un brazo apoyado en un bloque de m\u00e1rmol. Fue el \u00faltimo personaje que Rafael pint\u00f3 en el fresco, como un homenaje a este artista que hab\u00eda terminado recientemente la b\u00f3veda de la Capilla Sixtina.<\/em><\/p>\n\n\n\n<p>En la segunda mitad de 1508, Rafael trabajaba en Roma y, seg\u00fan Vasari, gracias al apoyo de Bramante tambi\u00e9n originario de Urbino, particip\u00f3 en la decoraci\u00f3n de interiores elegidos por Julio II para su propio uso, ya que este papa detestaba la decoraci\u00f3n de los <a href=\"https:\/\/www.aparences.net\/es\/arte-y-mecenazgo\/roma-mecenazgo-y-poder-papal\/alejandro-vi-borgia\/#pinturicchio-y-los-apartamentos-borgia\">apartamentos de Alejandro VI<\/a>, su enemigo ac\u00e9rrimo. Al cabo de unos meses, los pintores contratados que se hab\u00edan comprometido a una r\u00e1pida ejecuci\u00f3n de los trabajos&nbsp; (como sucedi\u00f3 en la decoraci\u00f3n de los muros de la capilla Sixtina bajo Sixto IV)&nbsp; van a ceder su puesto a Rafael. Los apartamentos papales se convertir\u00e1n en las Stanze. Entre 1509 y agosto de 1514, Rafael completar\u00e1 la decoraci\u00f3n de la <em>Estancia de la Signatura<\/em> &#8211; llamada as\u00ed por el papel que jug\u00f3 m\u00e1s adelante, pero por el momento estaba destinada a biblioteca privada del papa &#8211; y la <em>Estancia de Heliodoro<\/em> (llamada as\u00ed a causa del nombre de una de las escenas representadas) y, probablemente, comenz\u00f3 a preparar los dibujos para la tercera, la <em>Estancia del Incendio del Borgo<\/em>. La acumulaci\u00f3n de encargos que le hab\u00eda procurado el \u00e9xito de sus obras, lo oblig\u00f3 a organizar un taller y formar asistentes que supo elegir perfectamente. Por otro lado, mantuvo relaciones privilegiadas con el c\u00edrculo refinado de los eruditos y coleccionistas, lo que ayud\u00f3 a afinar y ampliar sus propios intereses.<\/p>\n\n\n<div class=\"wp-block-image\">\n<figure class=\"aligncenter\"><img loading=\"lazy\" decoding=\"async\" width=\"630\" height=\"387\" src=\"https:\/\/www.aparences.net\/wp-content\/uploads\/2010\/07\/raphael-chambre-d-heliodore-vatican.jpg\" alt=\"Estancia de Heliodoro, Rafael\" class=\"wp-image-22018\" title=\"Estancia de Heliodoro, Rafael\" srcset=\"https:\/\/www.aparences.net\/wp-content\/uploads\/2010\/07\/raphael-chambre-d-heliodore-vatican.jpg 630w, https:\/\/www.aparences.net\/wp-content\/uploads\/2010\/07\/raphael-chambre-d-heliodore-vatican-160x98.jpg 160w\" sizes=\"auto, (max-width: 630px) 100vw, 630px\" \/><\/figure>\n<\/div>\n\n<div class=\"wp-block-image\">\n<figure class=\"aligncenter\"><img loading=\"lazy\" decoding=\"async\" width=\"471\" height=\"456\" src=\"https:\/\/www.aparences.net\/wp-content\/uploads\/2010\/07\/raphael-messe-de-bolsena-chambre-d-heliodore.jpg\" alt=\"La Misa de Bolsena, Rafael\" class=\"wp-image-22020\" title=\"La Misa de Bolsena, Rafael\" srcset=\"https:\/\/www.aparences.net\/wp-content\/uploads\/2010\/07\/raphael-messe-de-bolsena-chambre-d-heliodore.jpg 471w, https:\/\/www.aparences.net\/wp-content\/uploads\/2010\/07\/raphael-messe-de-bolsena-chambre-d-heliodore-160x155.jpg 160w\" sizes=\"auto, (max-width: 471px) 100vw, 471px\" \/><figcaption class=\"wp-element-caption\"><em><strong>La Estancia de Heliodoro<\/strong> y detalle de la Misa de Bolsena, 1512,&nbsp; <\/em><br><em><strong>Rafael<\/strong> (Vaticano) <\/em><\/figcaption><\/figure>\n<\/div>\n\n\n<p><em>En la Misa de Bolsena, Rafael represent\u00f3 a su comitente, el Papa Julio II, participando al acontecimiento en una actitud de solemne inmovilidad, seguido de sus cardenales y guardias suizos. La evocaci\u00f3n de este episodio (el milagro de Bolsena) muestra el sacerdote protagonista del evento, casi en el centro de la composici\u00f3n, mientras levanta la hostia. La presencia del Papa quer\u00eda ilustrar su devoci\u00f3n personal y el agradecimiento por los acontecimientos favorables de la primavera de 1512, cuando la guerra contra los franceses empez\u00f3 a decantarse a favor de las tropas papales y sus aliados. Para dar m\u00e1s dinamismo a la escena, y de acuerdo con su nueva tendencia, en el lado izquierdo, Rafael incluye dos figuras asomadas detr\u00e1s de las sillas semicirculares del coro que sirven de fondo a la escena.<\/em><\/p>\n\n\n<div class=\"wp-block-image\">\n<figure class=\"aligncenter\"><img loading=\"lazy\" decoding=\"async\" width=\"632\" height=\"291\" src=\"https:\/\/www.aparences.net\/wp-content\/uploads\/2010\/07\/raphael-les-vertus-cardinales-chambre-signature.jpg\" alt=\"\u00a0Las virtudes cardinales, c. 1509, Rafael, Vaticano, Estancia de la Signatura\" class=\"wp-image-22022\" title=\"\u00a0Las virtudes cardinales, c. 1509, Rafael, Vaticano, Estancia de la Signatura\" srcset=\"https:\/\/www.aparences.net\/wp-content\/uploads\/2010\/07\/raphael-les-vertus-cardinales-chambre-signature.jpg 632w, https:\/\/www.aparences.net\/wp-content\/uploads\/2010\/07\/raphael-les-vertus-cardinales-chambre-signature-160x74.jpg 160w\" sizes=\"auto, (max-width: 632px) 100vw, 632px\" \/><\/figure>\n<\/div>\n\n<div class=\"wp-block-image\">\n<figure class=\"aligncenter\"><img loading=\"lazy\" decoding=\"async\" width=\"632\" height=\"207\" src=\"https:\/\/www.aparences.net\/wp-content\/uploads\/2010\/07\/raphael-les-vertus-cardinales-chambre-signature-detail.jpg\" alt=\"Las virtudes cardinales, Rafael\" class=\"wp-image-22024\" title=\"Las virtudes cardinales, Rafael\" srcset=\"https:\/\/www.aparences.net\/wp-content\/uploads\/2010\/07\/raphael-les-vertus-cardinales-chambre-signature-detail.jpg 632w, https:\/\/www.aparences.net\/wp-content\/uploads\/2010\/07\/raphael-les-vertus-cardinales-chambre-signature-detail-160x52.jpg 160w\" sizes=\"auto, (max-width: 632px) 100vw, 632px\" \/><figcaption class=\"wp-element-caption\">&nbsp;<em><strong>Las virtudes cardinales,<\/strong> c. 1509, <strong>Rafael<\/strong> (Vaticano, Estancia de la Signatura)<\/em><\/figcaption><\/figure>\n<\/div>\n\n\n<p>Mientras trabajaba en los frescos de la <em>Estancia de la Signatura<\/em>, Rafael ejecuta otros trabajos, sobre tabla y lienzo. El prestigio que le confiere la decoraci\u00f3n de las Estancias del Vaticano llev\u00f3 a muchos altos cargos de la jerarqu\u00eda eclesi\u00e1stica y los c\u00edrculos intelectuales que gravitaban en la \u00f3rbita de la corte papal, a encomendarle importantes encargos. Es el caso de la <a href=\"https:\/\/es.wikipedia.org\/wiki\/Madona_de_Foligno\"><em>Madona de Foligno<\/em><\/a> comisionada a finales de 1511 por el historiador Segismundo de&#8217; Conti, quien fue el secretario de Julio II y prefecto de la obra de la Bas\u00edlica de San Pedro.<\/p>\n\n\n\n<!-- AdBoxLeft2023 --><ins class=\"adsbygoogle\" style=\"display:block\" data-ad-client=\"ca-pub-2468002815867636\" data-ad-slot=\"1318022963\" data-ad-format=\"auto\" data-full-width-responsive=\"true\"><\/ins><script> (adsbygoogle = window.adsbygoogle || []).push({});<\/script><h2 class=\"wp-block-heading\">Miguel \u00c1ngel escultor en Roma<\/h2>\n\n\n\n<p><strong>A los veinti\u00fan a\u00f1os, Michel \u00c1ngel llega por primera vez a Roma<\/strong>, donde permanece casi cinco a\u00f1os. Dos obras datan de este per\u00edodo.<strong> La primera, un <em>Baco<\/em><\/strong>, comenzado en 1497, y destinada al jard\u00edn del banquero Jacopo Galli quien quer\u00eda una escultura que imitara lo antiguo. Para Vasari, \u00abuna figura de Baco, de diez <em>palmi<\/em>, que lleva una taza en la mano derecha y en la izquierda, una piel de le\u00f3n y un racimo de uvas que un peque\u00f1o s\u00e1tiro intenta comer. Esta figura muestra que quiso hacer una combinaci\u00f3n de miembros maravillosos, d\u00e1ndole la esbeltez de un joven var\u00f3n y la carnosa redondez de la mujer.\u00bb Pero la experiencia hab\u00eda ense\u00f1ado a Miguel \u00c1ngel que la sensualidad de tal naturaleza divina tiene para el hombre un efecto contrario: la piel de le\u00f3n que el dios sostiene negligentemente en su mano izquierda es el s\u00edmbolo de la muerte, y el racimo de uvas donde el s\u00e1tiro muerde, s\u00edmbolo de la vida. Probablemente, el mensaje del escultor era que, en el transcurso de su vida, el hombre no puede gozar durante mucho tiempo como lo hace el s\u00e1tiro, ya que la muerte acecha.<\/p>\n\n\n<div class=\"wp-block-image\">\n<figure class=\"aligncenter\"><img loading=\"lazy\" decoding=\"async\" width=\"479\" height=\"413\" src=\"https:\/\/www.aparences.net\/wp-content\/uploads\/2010\/07\/michel-ange-bacchus-1497-musee-du-bargello.jpg\" alt=\"Baco, 1497, Miguel \u00c1ngel\" class=\"wp-image-22026\" title=\"Baco, 1497, Miguel \u00c1ngel\" srcset=\"https:\/\/www.aparences.net\/wp-content\/uploads\/2010\/07\/michel-ange-bacchus-1497-musee-du-bargello.jpg 479w, https:\/\/www.aparences.net\/wp-content\/uploads\/2010\/07\/michel-ange-bacchus-1497-musee-du-bargello-160x138.jpg 160w\" sizes=\"auto, (max-width: 479px) 100vw, 479px\" \/><figcaption class=\"wp-element-caption\"><em><strong>Baco<\/strong>, detalle, 1497, <strong>Miguel \u00c1ngel<\/strong> (Florencia, Museo Nacional del Bargello)<\/em><\/figcaption><\/figure>\n<\/div>\n\n\n<p>&nbsp;En su magn\u00edfica <em><strong>Piedad<\/strong><\/em>,&nbsp; Miguel \u00c1ngel utiliza una tem\u00e1tica tratada ya en varias ocasiones, sobre todo al norte de los Alpes donde recibe el nombre <em>Vesperbild<\/em>. En aquella \u00e9poca, la representaci\u00f3n del dolor era inseparable de la idea de la redenci\u00f3n. Miguel \u00c1ngel, que solo ten\u00eda veintitr\u00e9s a\u00f1os cuando ejecut\u00f3 esta obra, da una interpretaci\u00f3n todav\u00eda desconocida de la Virgen y de Cristo muerto. El rostro juvenil de la Madre no obedece a las leyes del tiempo, ella inclina su cabeza sobre el cuerpo sin vida de su hijo, que descansa sobre sus rodillas. \u00abEn belleza de los miembros y arte en la representaci\u00f3n del cuerpo, es un desnudo insuperable, bien estudiado en cuanto a m\u00fasculos, venas, nervios y huesos y, adem\u00e1s, no hay muerto que parezca m\u00e1s muerto que \u00e9ste. <strong>La dulc\u00edsima expresi\u00f3n del rostro<\/strong> y la concordancia en las coyunturas de brazos, piernas y torso, el trabajo de las venas, todo causa maravilla, y se asombra uno de que la mano de un artista haya podido hacer en tan poco tiempo cosa tan admirable\u00bb. (Vasari &#8211; <em>Vida de Miguel \u00c1ngel<\/em>)<\/p>\n\n\n<div class=\"wp-block-image\">\n<figure class=\"aligncenter\"><img loading=\"lazy\" decoding=\"async\" width=\"306\" height=\"400\" src=\"https:\/\/www.aparences.net\/wp-content\/uploads\/2010\/11\/michel_ange_pieta.png\" alt=\"Piet\u00e0, Miguel \u00c1ngel\" class=\"wp-image-15298\" title=\"Piet\u00e0, Miguel \u00c1ngel\" srcset=\"https:\/\/www.aparences.net\/wp-content\/uploads\/2010\/11\/michel_ange_pieta.png 306w, https:\/\/www.aparences.net\/wp-content\/uploads\/2010\/11\/michel_ange_pieta-229x300.png 229w\" sizes=\"auto, (max-width: 306px) 100vw, 306px\" \/><figcaption class=\"wp-element-caption\"><em><strong>Piet\u00e0<\/strong>, 1499, <strong>Miguel \u00c1ngel<\/strong> <\/em><br><em>(Vaticano, Bas\u00edlica de San Pedro)<\/em><\/figcaption><\/figure>\n<\/div>\n\n\n<p><em>Miguel \u00c1ngel expresa el car\u00e1cter divino de sus figuras a trav\u00e9s de una belleza perfecta que cumple con todos los criterios humanos y que por ello, es de esencia divina. Ya no es el dolor, condici\u00f3n de la redenci\u00f3n, lo que se muestra aqu\u00ed, sino la belleza, que es su consecuencia.<\/em><\/p>\n\n\n\n<p>En marzo de 1505 Miguel \u00c1ngel fue a Roma por orden de Julio II. Al cabo de un a\u00f1o, se da cuenta de las grandes diferencias que existen entre el ambiente de su rep\u00fablica natal y el de la corte papal. El papa le ofrece un encargo verdaderamente real: erigir en cinco a\u00f1os y por un importe de 10.000 ducados la tumba donde descansar\u00e1. No menos de cuarenta estatuas, a tama\u00f1o real, deb\u00edan rodear la tumba dise\u00f1ada para ser visible por todos sus lados. Desde los tiempos antiguos, nunca monumento como este fue erigido en Occidente, en honor de un solo hombre. A partir de documentos escritos, ha sido posible reconstruir el programa iconogr\u00e1fico que preve\u00eda, ni m\u00e1s ni menos, la historia de la cristiandad. La parte inferior del monumento estaba reservada a los hombres, la de en medio a los profetas y los santos, y en la parte superior, el triunfo del Juicio Final. Miguel \u00c1ngel se pone a trabajar de inmediato, pero pronto se topa con un obst\u00e1culo: el Papa, probablemente preocupado por no encontrar un lugar digno de su tumba, imagina un proyecto a\u00fan m\u00e1s grandioso: redise\u00f1ar la bas\u00edlica de San Pedro. En consecuencia, los proyectos anteriores quedan parados. Miguel \u00c1ngel solicita en vano una audiencia con el pont\u00edfice, hasta que un soldado finalmente lo echa del palacio. Abatido, el artista huye de Roma y llega a Florencia el 17 de abril, la vigilia del d\u00eda en que deb\u00eda colocarse la primera piedra de San Pedro. La negativa de Miguel \u00c1ngel a volver, a pesar de las s\u00faplicas urgentes de la papa, terminar\u00e1 finalmente con una reconciliaci\u00f3n u obediencia forzosa y el gran encargo de 1508 para pintar al fresco la inmensa b\u00f3veda de la Capilla Sixtina. Estas etapas, desarrolladas en un corto per\u00edodo de tiempo, dan muestra de una fascinante experiencia humana y art\u00edstica, de lo cual la extensa correspondencia de Miguel \u00c1ngel ha conservado el recuerdo vital y obsesivo.<\/p>\n\n\n<div class=\"wp-block-image\">\n<figure class=\"aligncenter\"><img loading=\"lazy\" decoding=\"async\" width=\"455\" height=\"370\" src=\"https:\/\/www.aparences.net\/wp-content\/uploads\/2010\/07\/michel-ange-dessin-tombeau-jules-II.jpg\" alt=\"Proyecto para la tumba de Julio II, Miguel \u00c1ngel\" class=\"wp-image-23333\" title=\"Proyecto para la tumba de Julio II, Miguel \u00c1ngel\" srcset=\"https:\/\/www.aparences.net\/wp-content\/uploads\/2010\/07\/michel-ange-dessin-tombeau-jules-II.jpg 455w, https:\/\/www.aparences.net\/wp-content\/uploads\/2010\/07\/michel-ange-dessin-tombeau-jules-II-160x130.jpg 160w\" sizes=\"auto, (max-width: 455px) 100vw, 455px\" \/><figcaption class=\"wp-element-caption\"><em><strong>Primer proyecto para la tumba de Julio<\/strong> <strong>II<\/strong>, dibujo, <strong>Miguel \u00c1ngel<\/strong> (Florencia, Museo de los Oficios)<\/em><\/figcaption><\/figure>\n<\/div>\n\n\n<p class=\"has-text-align-left\">Para Miguel \u00c1ngel, la realizaci\u00f3n de la tumba de Julio II fue como una penitencia: en ella trabaj\u00f3 cuarenta a\u00f1os (1505-1545), present\u00f3 seis proyectos, de los cuales los cinco \u00faltimos a los herederos del pont\u00edfice. El primero, cuya reconstituci\u00f3n es muy controvertida, fue probablemente presentado en forma de maqueta. Se conoce por Vasari y Condivi, por los dibujos del artista y por la b\u00f3veda de la Capilla Sixtina, ya que en el fresco se cogieron muchas ideas del proyecto de la tumba. En 1506, sus protestas por la falta de fondos siendo ineficaces &#8211; los fondos se utilizaron para la guerra y la nueva bas\u00edlica de Bramante &#8211; Miguel \u00c1ngel se march\u00f3 a Florencia para esculpir el <em>San Mateo<\/em>, que refleja su desasosiego. Todas sus obras llevan la huella de sus propios sentimientos. Tras la muerte de Julio II en 1513, el proyecto para la tumba del papa, dirigido por sus herederos, consisti\u00f3 en uno m\u00e1s convencional. Tres de los personajes m\u00e1s completos han sido conservados y s\u00f3lo uno, el <em>Mois\u00e9s<\/em> en forma de pir\u00e1mide, destinado al segundo nivel, fue colocado en la tumba definitiva.<\/p>\n\n\n<div class=\"wp-block-image\">\n<figure class=\"aligncenter\"><img loading=\"lazy\" decoding=\"async\" width=\"356\" height=\"460\" src=\"https:\/\/www.aparences.net\/wp-content\/uploads\/2010\/07\/michel-ange-moise-rome-saint-pierre-aux-liens.jpg\" alt=\"Mois\u00e9s, 1513-1516, Miguel \u00c1ngel\" class=\"wp-image-22032\" title=\"Mois\u00e9s, 1513-1516, Miguel \u00c1ngel\" srcset=\"https:\/\/www.aparences.net\/wp-content\/uploads\/2010\/07\/michel-ange-moise-rome-saint-pierre-aux-liens.jpg 356w, https:\/\/www.aparences.net\/wp-content\/uploads\/2010\/07\/michel-ange-moise-rome-saint-pierre-aux-liens-160x207.jpg 160w\" sizes=\"auto, (max-width: 356px) 100vw, 356px\" \/><\/figure>\n<\/div>\n\n<div class=\"wp-block-image\">\n<figure class=\"aligncenter\"><img loading=\"lazy\" decoding=\"async\" width=\"555\" height=\"370\" src=\"https:\/\/www.aparences.net\/wp-content\/uploads\/2010\/07\/michel-ange-moise-rome-saint-pierre-aux-liens-detail-1.jpg\" alt=\"Mois\u00e9s, 1513-1516, Miguel \u00c1ngel \" class=\"wp-image-22036\" title=\"Mois\u00e9s, 1513-1516, Miguel \u00c1ngel \" srcset=\"https:\/\/www.aparences.net\/wp-content\/uploads\/2010\/07\/michel-ange-moise-rome-saint-pierre-aux-liens-detail-1.jpg 555w, https:\/\/www.aparences.net\/wp-content\/uploads\/2010\/07\/michel-ange-moise-rome-saint-pierre-aux-liens-detail-1-160x107.jpg 160w\" sizes=\"auto, (max-width: 555px) 100vw, 555px\" \/><figcaption class=\"wp-element-caption\"><em><strong>Mois\u00e9s<\/strong>, 1513-1516, <strong>Miguel \u00c1ngel<\/strong> (Roma, Iglesia de San Pietro in Vincoli)<\/em><\/figcaption><\/figure>\n<\/div>\n\n\n<p><em>Este personaje de imponente musculatura deriva de las figuras de profetas y sibilas de la b\u00f3veda de la Capilla Sixtina. Representa probablemente la versi\u00f3n idealizada que el artista ten\u00eda de Julio II, el gran papa guerrero, decidido a restaurar la gloria del papado y de sus territorios despu\u00e9s de <a title=\"Alejandro VI Borgia\" href=\"https:\/\/www.aparences.net\/es\/arte-y-mecenazgo\/roma-mecenazgo-y-poder-papal\/alejandro-vi-borgia\/\">Alejandro IV Borgia<\/a>. Miguel \u00c1ngel siempre choc\u00f3 con esta fuerte personalidad; se quejaba constantemente de sus exigencias.<\/em><\/p>\n\n\n\n<p>Bajo el pontificado de Julio II, Roma no es solo la ciudad &#8211; como lo fue durante <a href=\"https:\/\/www.aparences.net\/es\/periodos\/el-quattrocento\/\">el Quattrocento<\/a> &#8211; donde los artistas extranjeros, m\u00e1s o menos famosos, llegaban dispuestos a trabajar para ilustres o generosos mecenas, pero sin renunciar a la idea de volver a casa. En la \u00e9poca de Julio II, los encargos disminuyen a causa de la confusi\u00f3n pol\u00edtica que reina en ciudades ricas en mecenas como Mil\u00e1n, Florencia o N\u00e1poles y los artistas comienzan a establecerse en Roma. Rafael permaneci\u00f3 all\u00ed hasta su prematura muerte a la edad de 37 a\u00f1os, y sus alumnos van a quedarse hasta el pontificado de Adriano VI tan ajeno al arte, y hasta la emigraci\u00f3n de pintores que ocasion\u00f3 el saqueo de Roma en 1527. El pintor Sebastiano Luciani, llegado de Venecia en 1511 y que a\u00fan no se llama \u00abdel Piombo\u00bb, tambi\u00e9n permaneci\u00f3 en Roma,&nbsp; junto con otro gran mecenas de esos a\u00f1os, <a title=\"Agostino Chigi\" href=\"https:\/\/www.aparences.net\/es\/arte-y-mecenazgo\/roma-mecenazgo-y-poder-papal\/leon-x-giovanni-de-medicis\/#agostino-chigi,-el-banquero-del-papa\">Agostino Chigi<\/a>. Por \u00faltimo, Miguel \u00c1ngel regresa despu\u00e9s de una larga estancia en Florencia, donde trabaj\u00f3 principalmente para los papas de la <a title=\"familia M\u00e9dicis\" href=\"https:\/\/www.aparences.net\/es\/arte-y-mecenazgo\/florencia-y-los-medicis\/\">familia M\u00e9dicis<\/a> , principalmente en la <a href=\"https:\/\/www.aparences.net\/es\/arte-y-mecenazgo\/florencia-y-los-medicis\/florencia-sin-los-medicis\/#miguel-%C3%81ngel-y-la-capilla-de-los-m%C3%A9dicis\">Sacrist\u00eda Nueva de San Lorenzo<\/a> y para honrar sus compromisos con la tumba de Julio II. Mientras que los papas, cardenales y personajes de la curia est\u00e1n m\u00e1s cerca que nunca de la derrota m\u00e1s dolorosa de la Iglesia &#8211; la p\u00e9rdida de la unidad del mundo cristiano en media Europa&nbsp; &#8211; ellos se imponen definitivamente en el mundo del arte.<\/p>\n\n\n\n<p>Actualizado: 15-12-2023<\/p>\n\n\n\n<p><\/p>\n","protected":false},"excerpt":{"rendered":"<p>El mecenazgo de Julio II se identifica con la b\u00f3veda de la Capilla Sixtina por Miguel Angel, con las Estancias de Rafael y en arquitectura con Bramante.<\/p>\n","protected":false},"author":2,"featured_media":26552,"comment_status":"closed","ping_status":"closed","sticky":false,"template":"","format":"standard","meta":{"footnotes":""},"categories":[2322],"tags":[5305,2662,5302,5304,5283],"class_list":["post-13148","post","type-post","status-publish","format-standard","has-post-thumbnail","hentry","category-roma-mecenazgo-y-poder-papal","tag-boveda-de-la-capilla-sixtina","tag-julio-ii","tag-las-estancias-de-rafael","tag-miguel-angel-escultor-en-roma","tag-papa-mecenas"],"yoast_head":"<!-- This site is optimized with the Yoast SEO plugin v27.2 - https:\/\/yoast.com\/product\/yoast-seo-wordpress\/ -->\n<title>Julio II, Giuliano della Rovere<\/title>\n<meta name=\"description\" content=\"El mecenazgo de Julio II se identifica con la b\u00f3veda de la Capilla Sixtina por Miguel Angel, con las Estancias de Rafael y en arquitectura con Bramante.\" \/>\n<meta name=\"robots\" content=\"index, follow, max-snippet:-1, max-image-preview:large, max-video-preview:-1\" \/>\n<link rel=\"canonical\" href=\"https:\/\/www.aparences.net\/es\/arte-y-mecenazgo\/roma-mecenazgo-y-poder-papal\/julio-ii-giuliano-della-rovere\/\" \/>\n<meta property=\"og:locale\" content=\"es_ES\" \/>\n<meta property=\"og:type\" content=\"article\" \/>\n<meta property=\"og:title\" content=\"Julio II, Giuliano della Rovere\" \/>\n<meta property=\"og:description\" content=\"El mecenazgo de Julio II se identifica con la b\u00f3veda de la Capilla Sixtina por Miguel Angel, con las Estancias de Rafael y en arquitectura con Bramante.\" \/>\n<meta property=\"og:url\" content=\"https:\/\/www.aparences.net\/es\/arte-y-mecenazgo\/roma-mecenazgo-y-poder-papal\/julio-ii-giuliano-della-rovere\/\" \/>\n<meta property=\"og:site_name\" content=\"Aparences\" \/>\n<meta property=\"article:published_time\" content=\"2010-07-11T18:39:04+00:00\" \/>\n<meta property=\"article:modified_time\" content=\"2025-12-11T18:40:57+00:00\" \/>\n<meta property=\"og:image\" content=\"https:\/\/www.aparences.net\/wp-content\/uploads\/2010\/07\/jules-II.jpg\" \/>\n\t<meta property=\"og:image:width\" content=\"1080\" \/>\n\t<meta property=\"og:image:height\" content=\"540\" \/>\n\t<meta property=\"og:image:type\" content=\"image\/jpeg\" \/>\n<meta name=\"author\" content=\"admin\" \/>\n<meta name=\"twitter:card\" content=\"summary_large_image\" \/>\n<meta name=\"twitter:label1\" content=\"Escrito por\" \/>\n\t<meta name=\"twitter:data1\" content=\"admin\" \/>\n\t<meta name=\"twitter:label2\" content=\"Tiempo de lectura\" \/>\n\t<meta name=\"twitter:data2\" content=\"19 minutos\" \/>\n<script type=\"application\/ld+json\" class=\"yoast-schema-graph\">{\"@context\":\"https:\/\/schema.org\",\"@graph\":[{\"@type\":\"Article\",\"@id\":\"https:\/\/www.aparences.net\/es\/arte-y-mecenazgo\/roma-mecenazgo-y-poder-papal\/julio-ii-giuliano-della-rovere\/#article\",\"isPartOf\":{\"@id\":\"https:\/\/www.aparences.net\/es\/arte-y-mecenazgo\/roma-mecenazgo-y-poder-papal\/julio-ii-giuliano-della-rovere\/\"},\"author\":{\"name\":\"admin\",\"@id\":\"https:\/\/www.aparences.net\/es\/#\/schema\/person\/af349f6ffc31b16c68963e61268afca5\"},\"headline\":\"Julio II, Giuliano della Rovere\",\"datePublished\":\"2010-07-11T18:39:04+00:00\",\"dateModified\":\"2025-12-11T18:40:57+00:00\",\"mainEntityOfPage\":{\"@id\":\"https:\/\/www.aparences.net\/es\/arte-y-mecenazgo\/roma-mecenazgo-y-poder-papal\/julio-ii-giuliano-della-rovere\/\"},\"wordCount\":3568,\"publisher\":{\"@id\":\"https:\/\/www.aparences.net\/es\/#organization\"},\"image\":{\"@id\":\"https:\/\/www.aparences.net\/es\/arte-y-mecenazgo\/roma-mecenazgo-y-poder-papal\/julio-ii-giuliano-della-rovere\/#primaryimage\"},\"thumbnailUrl\":\"https:\/\/www.aparences.net\/wp-content\/uploads\/2010\/07\/jules-II.jpg\",\"keywords\":[\"b\u00f3veda de la Capilla Sixtina\",\"Julio II\",\"las Estancias de Rafael\",\"Miguel \u00c1ngel escultor en Roma\",\"papa mecenas\"],\"articleSection\":[\"Roma : mecenazgo y poder papal\"],\"inLanguage\":\"es\"},{\"@type\":[\"WebPage\",\"ItemPage\"],\"@id\":\"https:\/\/www.aparences.net\/es\/arte-y-mecenazgo\/roma-mecenazgo-y-poder-papal\/julio-ii-giuliano-della-rovere\/\",\"url\":\"https:\/\/www.aparences.net\/es\/arte-y-mecenazgo\/roma-mecenazgo-y-poder-papal\/julio-ii-giuliano-della-rovere\/\",\"name\":\"Julio II, Giuliano della Rovere\",\"isPartOf\":{\"@id\":\"https:\/\/www.aparences.net\/es\/#website\"},\"primaryImageOfPage\":{\"@id\":\"https:\/\/www.aparences.net\/es\/arte-y-mecenazgo\/roma-mecenazgo-y-poder-papal\/julio-ii-giuliano-della-rovere\/#primaryimage\"},\"image\":{\"@id\":\"https:\/\/www.aparences.net\/es\/arte-y-mecenazgo\/roma-mecenazgo-y-poder-papal\/julio-ii-giuliano-della-rovere\/#primaryimage\"},\"thumbnailUrl\":\"https:\/\/www.aparences.net\/wp-content\/uploads\/2010\/07\/jules-II.jpg\",\"datePublished\":\"2010-07-11T18:39:04+00:00\",\"dateModified\":\"2025-12-11T18:40:57+00:00\",\"description\":\"El mecenazgo de Julio II se identifica con la b\u00f3veda de la Capilla Sixtina por Miguel Angel, con las Estancias de Rafael y en arquitectura con Bramante.\",\"breadcrumb\":{\"@id\":\"https:\/\/www.aparences.net\/es\/arte-y-mecenazgo\/roma-mecenazgo-y-poder-papal\/julio-ii-giuliano-della-rovere\/#breadcrumb\"},\"inLanguage\":\"es\",\"potentialAction\":[{\"@type\":\"ReadAction\",\"target\":[\"https:\/\/www.aparences.net\/es\/arte-y-mecenazgo\/roma-mecenazgo-y-poder-papal\/julio-ii-giuliano-della-rovere\/\"]}]},{\"@type\":\"ImageObject\",\"inLanguage\":\"es\",\"@id\":\"https:\/\/www.aparences.net\/es\/arte-y-mecenazgo\/roma-mecenazgo-y-poder-papal\/julio-ii-giuliano-della-rovere\/#primaryimage\",\"url\":\"https:\/\/www.aparences.net\/wp-content\/uploads\/2010\/07\/jules-II.jpg\",\"contentUrl\":\"https:\/\/www.aparences.net\/wp-content\/uploads\/2010\/07\/jules-II.jpg\",\"width\":1080,\"height\":540},{\"@type\":\"BreadcrumbList\",\"@id\":\"https:\/\/www.aparences.net\/es\/arte-y-mecenazgo\/roma-mecenazgo-y-poder-papal\/julio-ii-giuliano-della-rovere\/#breadcrumb\",\"itemListElement\":[{\"@type\":\"ListItem\",\"position\":1,\"name\":\"Portada\",\"item\":\"https:\/\/www.aparences.net\/es\/\"},{\"@type\":\"ListItem\",\"position\":2,\"name\":\"Julio II, Giuliano della Rovere\"}]},{\"@type\":\"WebSite\",\"@id\":\"https:\/\/www.aparences.net\/es\/#website\",\"url\":\"https:\/\/www.aparences.net\/es\/\",\"name\":\"Aparences: Historia del Arte y Actualidad Cultural\",\"description\":\"\",\"publisher\":{\"@id\":\"https:\/\/www.aparences.net\/es\/#organization\"},\"potentialAction\":[{\"@type\":\"SearchAction\",\"target\":{\"@type\":\"EntryPoint\",\"urlTemplate\":\"https:\/\/www.aparences.net\/es\/?s={search_term_string}\"},\"query-input\":{\"@type\":\"PropertyValueSpecification\",\"valueRequired\":true,\"valueName\":\"search_term_string\"}}],\"inLanguage\":\"es\"},{\"@type\":\"Organization\",\"@id\":\"https:\/\/www.aparences.net\/es\/#organization\",\"name\":\"Aparences: Historia del Arte y Actualidad Cultural\",\"url\":\"https:\/\/www.aparences.net\/es\/\",\"logo\":{\"@type\":\"ImageObject\",\"inLanguage\":\"es\",\"@id\":\"https:\/\/www.aparences.net\/es\/#\/schema\/logo\/image\/\",\"url\":\"https:\/\/www.aparences.net\/wp-content\/uploads\/2023\/09\/logo-quadrat-color-e1695915315229.png\",\"contentUrl\":\"https:\/\/www.aparences.net\/wp-content\/uploads\/2023\/09\/logo-quadrat-color-e1695915315229.png\",\"width\":120,\"height\":120,\"caption\":\"Aparences: Historia del Arte y Actualidad Cultural\"},\"image\":{\"@id\":\"https:\/\/www.aparences.net\/es\/#\/schema\/logo\/image\/\"}},{\"@type\":\"Person\",\"@id\":\"https:\/\/www.aparences.net\/es\/#\/schema\/person\/af349f6ffc31b16c68963e61268afca5\",\"name\":\"admin\",\"url\":\"https:\/\/www.aparences.net\/es\/author\/admin\/\"}]}<\/script>\n<!-- \/ Yoast SEO plugin. -->","yoast_head_json":{"title":"Julio II, Giuliano della Rovere","description":"El mecenazgo de Julio II se identifica con la b\u00f3veda de la Capilla Sixtina por Miguel Angel, con las Estancias de Rafael y en arquitectura con Bramante.","robots":{"index":"index","follow":"follow","max-snippet":"max-snippet:-1","max-image-preview":"max-image-preview:large","max-video-preview":"max-video-preview:-1"},"canonical":"https:\/\/www.aparences.net\/es\/arte-y-mecenazgo\/roma-mecenazgo-y-poder-papal\/julio-ii-giuliano-della-rovere\/","og_locale":"es_ES","og_type":"article","og_title":"Julio II, Giuliano della Rovere","og_description":"El mecenazgo de Julio II se identifica con la b\u00f3veda de la Capilla Sixtina por Miguel Angel, con las Estancias de Rafael y en arquitectura con Bramante.","og_url":"https:\/\/www.aparences.net\/es\/arte-y-mecenazgo\/roma-mecenazgo-y-poder-papal\/julio-ii-giuliano-della-rovere\/","og_site_name":"Aparences","article_published_time":"2010-07-11T18:39:04+00:00","article_modified_time":"2025-12-11T18:40:57+00:00","og_image":[{"width":1080,"height":540,"url":"https:\/\/www.aparences.net\/wp-content\/uploads\/2010\/07\/jules-II.jpg","type":"image\/jpeg"}],"author":"admin","twitter_card":"summary_large_image","twitter_misc":{"Escrito por":"admin","Tiempo de lectura":"19 minutos"},"schema":{"@context":"https:\/\/schema.org","@graph":[{"@type":"Article","@id":"https:\/\/www.aparences.net\/es\/arte-y-mecenazgo\/roma-mecenazgo-y-poder-papal\/julio-ii-giuliano-della-rovere\/#article","isPartOf":{"@id":"https:\/\/www.aparences.net\/es\/arte-y-mecenazgo\/roma-mecenazgo-y-poder-papal\/julio-ii-giuliano-della-rovere\/"},"author":{"name":"admin","@id":"https:\/\/www.aparences.net\/es\/#\/schema\/person\/af349f6ffc31b16c68963e61268afca5"},"headline":"Julio II, Giuliano della Rovere","datePublished":"2010-07-11T18:39:04+00:00","dateModified":"2025-12-11T18:40:57+00:00","mainEntityOfPage":{"@id":"https:\/\/www.aparences.net\/es\/arte-y-mecenazgo\/roma-mecenazgo-y-poder-papal\/julio-ii-giuliano-della-rovere\/"},"wordCount":3568,"publisher":{"@id":"https:\/\/www.aparences.net\/es\/#organization"},"image":{"@id":"https:\/\/www.aparences.net\/es\/arte-y-mecenazgo\/roma-mecenazgo-y-poder-papal\/julio-ii-giuliano-della-rovere\/#primaryimage"},"thumbnailUrl":"https:\/\/www.aparences.net\/wp-content\/uploads\/2010\/07\/jules-II.jpg","keywords":["b\u00f3veda de la Capilla Sixtina","Julio II","las Estancias de Rafael","Miguel \u00c1ngel escultor en Roma","papa mecenas"],"articleSection":["Roma : mecenazgo y poder papal"],"inLanguage":"es"},{"@type":["WebPage","ItemPage"],"@id":"https:\/\/www.aparences.net\/es\/arte-y-mecenazgo\/roma-mecenazgo-y-poder-papal\/julio-ii-giuliano-della-rovere\/","url":"https:\/\/www.aparences.net\/es\/arte-y-mecenazgo\/roma-mecenazgo-y-poder-papal\/julio-ii-giuliano-della-rovere\/","name":"Julio II, Giuliano della Rovere","isPartOf":{"@id":"https:\/\/www.aparences.net\/es\/#website"},"primaryImageOfPage":{"@id":"https:\/\/www.aparences.net\/es\/arte-y-mecenazgo\/roma-mecenazgo-y-poder-papal\/julio-ii-giuliano-della-rovere\/#primaryimage"},"image":{"@id":"https:\/\/www.aparences.net\/es\/arte-y-mecenazgo\/roma-mecenazgo-y-poder-papal\/julio-ii-giuliano-della-rovere\/#primaryimage"},"thumbnailUrl":"https:\/\/www.aparences.net\/wp-content\/uploads\/2010\/07\/jules-II.jpg","datePublished":"2010-07-11T18:39:04+00:00","dateModified":"2025-12-11T18:40:57+00:00","description":"El mecenazgo de Julio II se identifica con la b\u00f3veda de la Capilla Sixtina por Miguel Angel, con las Estancias de Rafael y en arquitectura con Bramante.","breadcrumb":{"@id":"https:\/\/www.aparences.net\/es\/arte-y-mecenazgo\/roma-mecenazgo-y-poder-papal\/julio-ii-giuliano-della-rovere\/#breadcrumb"},"inLanguage":"es","potentialAction":[{"@type":"ReadAction","target":["https:\/\/www.aparences.net\/es\/arte-y-mecenazgo\/roma-mecenazgo-y-poder-papal\/julio-ii-giuliano-della-rovere\/"]}]},{"@type":"ImageObject","inLanguage":"es","@id":"https:\/\/www.aparences.net\/es\/arte-y-mecenazgo\/roma-mecenazgo-y-poder-papal\/julio-ii-giuliano-della-rovere\/#primaryimage","url":"https:\/\/www.aparences.net\/wp-content\/uploads\/2010\/07\/jules-II.jpg","contentUrl":"https:\/\/www.aparences.net\/wp-content\/uploads\/2010\/07\/jules-II.jpg","width":1080,"height":540},{"@type":"BreadcrumbList","@id":"https:\/\/www.aparences.net\/es\/arte-y-mecenazgo\/roma-mecenazgo-y-poder-papal\/julio-ii-giuliano-della-rovere\/#breadcrumb","itemListElement":[{"@type":"ListItem","position":1,"name":"Portada","item":"https:\/\/www.aparences.net\/es\/"},{"@type":"ListItem","position":2,"name":"Julio II, Giuliano della Rovere"}]},{"@type":"WebSite","@id":"https:\/\/www.aparences.net\/es\/#website","url":"https:\/\/www.aparences.net\/es\/","name":"Aparences: Historia del Arte y Actualidad Cultural","description":"","publisher":{"@id":"https:\/\/www.aparences.net\/es\/#organization"},"potentialAction":[{"@type":"SearchAction","target":{"@type":"EntryPoint","urlTemplate":"https:\/\/www.aparences.net\/es\/?s={search_term_string}"},"query-input":{"@type":"PropertyValueSpecification","valueRequired":true,"valueName":"search_term_string"}}],"inLanguage":"es"},{"@type":"Organization","@id":"https:\/\/www.aparences.net\/es\/#organization","name":"Aparences: Historia del Arte y Actualidad Cultural","url":"https:\/\/www.aparences.net\/es\/","logo":{"@type":"ImageObject","inLanguage":"es","@id":"https:\/\/www.aparences.net\/es\/#\/schema\/logo\/image\/","url":"https:\/\/www.aparences.net\/wp-content\/uploads\/2023\/09\/logo-quadrat-color-e1695915315229.png","contentUrl":"https:\/\/www.aparences.net\/wp-content\/uploads\/2023\/09\/logo-quadrat-color-e1695915315229.png","width":120,"height":120,"caption":"Aparences: Historia del Arte y Actualidad Cultural"},"image":{"@id":"https:\/\/www.aparences.net\/es\/#\/schema\/logo\/image\/"}},{"@type":"Person","@id":"https:\/\/www.aparences.net\/es\/#\/schema\/person\/af349f6ffc31b16c68963e61268afca5","name":"admin","url":"https:\/\/www.aparences.net\/es\/author\/admin\/"}]}},"_links":{"self":[{"href":"https:\/\/www.aparences.net\/es\/wp-json\/wp\/v2\/posts\/13148","targetHints":{"allow":["GET"]}}],"collection":[{"href":"https:\/\/www.aparences.net\/es\/wp-json\/wp\/v2\/posts"}],"about":[{"href":"https:\/\/www.aparences.net\/es\/wp-json\/wp\/v2\/types\/post"}],"author":[{"embeddable":true,"href":"https:\/\/www.aparences.net\/es\/wp-json\/wp\/v2\/users\/2"}],"replies":[{"embeddable":true,"href":"https:\/\/www.aparences.net\/es\/wp-json\/wp\/v2\/comments?post=13148"}],"version-history":[{"count":0,"href":"https:\/\/www.aparences.net\/es\/wp-json\/wp\/v2\/posts\/13148\/revisions"}],"wp:featuredmedia":[{"embeddable":true,"href":"https:\/\/www.aparences.net\/es\/wp-json\/wp\/v2\/media\/26552"}],"wp:attachment":[{"href":"https:\/\/www.aparences.net\/es\/wp-json\/wp\/v2\/media?parent=13148"}],"wp:term":[{"taxonomy":"category","embeddable":true,"href":"https:\/\/www.aparences.net\/es\/wp-json\/wp\/v2\/categories?post=13148"},{"taxonomy":"post_tag","embeddable":true,"href":"https:\/\/www.aparences.net\/es\/wp-json\/wp\/v2\/tags?post=13148"}],"curies":[{"name":"wp","href":"https:\/\/api.w.org\/{rel}","templated":true}]}}