{"id":13154,"date":"2010-07-12T21:04:05","date_gmt":"2010-07-12T19:04:05","guid":{"rendered":"https:\/\/www.aparences.net\/art-et-mecenat\/ferrare\/leonello-de-este\/"},"modified":"2025-12-11T19:40:57","modified_gmt":"2025-12-11T18:40:57","slug":"leonello-de-este","status":"publish","type":"post","link":"https:\/\/www.aparences.net\/es\/arte-y-mecenazgo\/los-este-de-ferrara\/leonello-de-este\/","title":{"rendered":"Leonello d&#8217;Este"},"content":{"rendered":"<p><!--contents--><\/p>\n\n\n<h2 class=\"wp-block-heading\">Los Este de Ferrara: una familia de mecenas.<\/h2>\n\n\n\n<p><strong>Los miembros de la familia Este<\/strong>, en Ferrara y Modena, se encuentran entre los coleccionistas m\u00e1s importantes del Renacimiento, y contribuyeron de forma notable al desarrollo del arte en Italia. Aunque los testimonios m\u00e1s antiguos sobre esta familia datan de \u00e9poca carolingia, <strong>los Este fueron conocidos sobre todo por su papel en la pol\u00edtica y la cultura<\/strong> del norte de Italia, desde 1250 hasta la \u00e9poca napole\u00f3nica.<\/p>\n\n\n\n<p>Extendiendo sus tierras a partir de una concesi\u00f3n imperial situada en Este, cerca de Padua, en la Baja Edad Media la familia lleg\u00f3 a dominar gradualmente la mitad oriental del valle del Po. A partir de 1267, los Este controlaron Ferrara y su zona de influencia, y acabaron por gobernar Modena y Reggio al oeste, y las llanuras de Rovigo al norte. La familia gobernante sacaba sus ingresos del salario que percib\u00edan como condottieri, de la producci\u00f3n agr\u00edcola, de los impuestos y las tasas de peaje que percib\u00edan del comercio en el caudalosos r\u00edo Po, que transcurr\u00eda a lo largo de los muros de la ciudad. El reinado excepcionalmente largo de esta familia, fue debido a su habilidad como administradores de sus bienes, su atenci\u00f3n a los problemas econ\u00f3micos y sociales, y al mantenimiento del orden neg\u00e1ndose a participar en las disensiones internas. Contando con numerosas figuras c\u00e9lebres, pr\u00edncipes, prelados, <strong>mecenas de las artes, la literatura y la escena<\/strong>, contrajeron matrimonios ventajosos que les aseguraron estrechas relaciones con los <a title=\"los Sforza de Mil\u00e1n\" href=\"https:\/\/www.aparences.net\/es\/arte-y-mecenazgo\/el-ducado-de-milan\/ludovico-el-moro\/\">Sforza de Mil\u00e1n<\/a>, los <a href=\"https:\/\/www.aparences.net\/es\/arte-y-mecenazgo\/los-gonzaga-de-mantua\/\" data-type=\"link\" data-id=\"https:\/\/www.aparences.net\/es\/arte-y-mecenazgo\/los-gonzaga-de-mantua\/\">Gonzaga de Mantua<\/a> con  (<a title=\"Isabella d'Este\" href=\"https:\/\/www.aparences.net\/es\/arte-y-mecenazgo\/los-gonzaga-de-mantua\/el-studiolo-de-isabel-de-este\/\">Isabella d\u2019Este<\/a>), los <a href=\"https:\/\/www.aparences.net\/es\/arte-y-mecenazgo\/el-mecenazgo-en-urbino\/\">Montefeltro de Urbino<\/a>, los <a href=\"https:\/\/www.aparences.net\/es\/arte-y-mecenazgo\/los-aragon-de-napoles\/\">Arag\u00f3n de N\u00e1poles<\/a> en Italia; los Habsburgo, <a href=\"https:\/\/www.aparences.net\/es\/arte-y-mecenazgo\/los-valois-y-la-escuela-de-fontainebleau\/\">los Valois<\/a> y la Casa de Hannover en Europa. Adem\u00e1s de promover importantes trabajos art\u00edsticos, llevaron a cabo una pol\u00edtica urban\u00edstica como expresi\u00f3n de su poder, y convirtieron la peque\u00f1a ciudad de Ferrara situada en medio de pantanos insalubres, en uno de los centros m\u00e1s concurridos y m\u00e1s elegantes del Renacimiento del norte de Italia, asociando a la idea personal del mecenas el programa pol\u00edtico del pr\u00edncipe. Ferrara fue durante dos siglos una encrucijada de arte y cultura inspirada en el esplendor de las cortes del norte de Europa. Hab\u00eda que mostrar a los pr\u00edncipes europeos la excelencia de un mecenazgo que coincid\u00eda fuertemente con su papel de se\u00f1ores absolutos de un reino (aparentemente) inexpugnable e inatacable. La literatura, la m\u00fasica y el arte que se produc\u00edan en la corte de Ferrara en aquella \u00e9poca tienen en com\u00fan la misma complejidad po\u00e9tica, visual y l\u00edrica, cualquiera que hayan sido las caracter\u00edsticas y el estilo de mecenazgo de los miembros de la <a href=\"https:\/\/www.aparences.net\/es\/arte-y-mecenazgo\/los-este-de-ferrara\/\">familia Este<\/a> que se sucedieron en el poder.<\/p>\n\n\n<div class=\"wp-block-image\">\n<figure class=\"aligncenter\"><img loading=\"lazy\" decoding=\"async\" width=\"320\" height=\"320\" src=\"https:\/\/www.aparences.net\/wp-content\/uploads\/2010\/07\/genealogie-maison-des-este.jpg\" alt=\"Genealog\u00eda de la casa d\u2019Este, miniatura\" class=\"wp-image-21359\" title=\"Genealog\u00eda de la casa d\u2019Este, miniatura\" srcset=\"https:\/\/www.aparences.net\/wp-content\/uploads\/2010\/07\/genealogie-maison-des-este.jpg 320w, https:\/\/www.aparences.net\/wp-content\/uploads\/2010\/07\/genealogie-maison-des-este-100x100.jpg 100w, https:\/\/www.aparences.net\/wp-content\/uploads\/2010\/07\/genealogie-maison-des-este-160x160.jpg 160w, https:\/\/www.aparences.net\/wp-content\/uploads\/2010\/07\/genealogie-maison-des-este-150x150.jpg 150w\" sizes=\"auto, (max-width: 320px) 100vw, 320px\" \/><figcaption class=\"wp-element-caption\"><em><strong>Genealog\u00eda de los pr\u00edncipes de la casa d\u2019Este<\/strong>, miniatura (Roma, Biblioteca Nazionale Centrale)<\/em><\/figcaption><\/figure>\n<\/div>\n\n\n<p>&nbsp;Bajo los reinados de Niccol\u00f2 III d\u2019Este (1393-1441) y de sus tres hijos, Leonello (1441-1450), <a title=\"Borso d'Este\" href=\"https:\/\/www.aparences.net\/es\/arte-y-mecenazgo\/la-ciudad-de-ferrara-bajo-los-este\/borso-de-este\/\">Borso d&#8217;Este<\/a> (1450-1471) y <a title=\"Ercole I d'Este\" href=\"https:\/\/www.aparences.net\/es\/arte-y-mecenazgo\/la-ciudad-de-ferrara-bajo-los-este\/borso-de-este\/#ercole-i-d%27este-%281431-1505%29\">Ercole I<\/a> (1471-1505), la ciudad de Ferrara vivi\u00f3 una \u00e9poca de expansi\u00f3n demogr\u00e1fica e industrial significativa, manteniendo a toda una poblaci\u00f3n de artesanos muy activos y especialmente talentosos. Una tradici\u00f3n que comienza con Leonello d\u2019Este, bajo cuyo reinado, la ciudad se convirti\u00f3 en uno de los principales centros del humanismo. <a href=\"https:\/\/es.wikipedia.org\/wiki\/Guarino_de_Verona\">Guarino de Verona<\/a>, que hab\u00eda sido su tutor, elabor\u00f3 el programa humanista para la decoraci\u00f3n del \u00abStudiolo\u00bb de Leonello. Le sucedi\u00f3 su hermano Borso quien compart\u00eda su gusto por las artes, especialmente por los libros iluminados, y cuya influencia aparece en los frescos del Palacio Schifanoia que patrocin\u00f3. A partir del reinado de Borso, la corte emple\u00f3 casi exclusivamente a artistas ferrarenses, promoviendo el florecimiento de una escuela local de pintura, <strong>dominada por la original personalidad de<\/strong> <a title=\"Cosme Tura\" href=\"https:\/\/www.aparences.net\/es\/escuelas\/la-escuela-de-ferrara\/cosme-tura\/\">Cosm\u00e8 Tura<\/a>. Ercole I, sucesor de su hermano Borso, cultiv\u00f3 una forma de mecenazgo aun m\u00e1s grandioso, expresando su \u00abmajestad\u00bb principesca a trav\u00e9s del desarrollo de la m\u00fasica sacra, y resucitando la comedia latina y el teatro contempor\u00e1neo. <a title=\"Alfonso I d'Este\" href=\"https:\/\/www.aparences.net\/es\/arte-y-mecenazgo\/la-ciudad-de-ferrara-bajo-los-este\/alfonso-i-de-este\/\">Alfonso I<\/a> (1476-1534), heredero de Ercole I, m\u00e1s ambicioso pol\u00edticamente, fue un mecenas entusiasta. Ser\u00e1 el primer se\u00f1or en recurrir a los servicios de Tiziano, quien viajar\u00e1 a su corte en 1516. Finalmente, <a title=\"Alfonso II d'Este\" href=\"https:\/\/www.aparences.net\/es\/arte-y-mecenazgo\/la-ciudad-de-ferrara-bajo-los-este\/los-ultimos-duques-de-ferrara\/#alfonso-ii-d%27este-%281533---1597%29\">Alfonso II<\/a> (1533-1597) quinto y \u00faltimo duque de Ferrara, fue uno de los pr\u00edncipes m\u00e1s eruditos de finales del Renacimiento. En 1598, el papado, reclamando sus derechos sobre Ferrara, acent\u00faa, a trav\u00e9s de la pol\u00edtica de sus legados, el eclipse cultural y econ\u00f3mico <strong>de una ciudad que fue la patria de Boiardo<\/strong>, <a href=\"https:\/\/www.aparences.net\/es\/tematicos\/ariosto-y-la-pintura\/\">Ariosto<\/a> y <a href=\"https:\/\/www.aparences.net\/es\/tematicos\/la-pintura-al-encuentro-de-tasso\/\">Tasso<\/a>; <strong>de pintores como Cosm\u00e8 Tura<\/strong>, <a title=\"Francesco del Cossa\" href=\"https:\/\/www.aparences.net\/es\/escuelas\/la-escuela-de-ferrara\/francesco-del-cossa-y-los-frescos-schifanoia\/\">Francesco del Cossa<\/a>, <a title=\"Ercole de' Roberti\" href=\"https:\/\/www.aparences.net\/es\/escuelas\/la-escuela-de-ferrara\/ercole-de-roberti\/\">Ercole de &#8216;Roberti<\/a> y los <a title=\"hermanos Dossi\" href=\"https:\/\/www.aparences.net\/es\/escuelas\/la-escuela-de-ferrara\/dosso-dossi\/\">hermanos Dossi<\/a>.<\/p>\n\n\n<div class=\"wp-block-image\">\n<figure class=\"aligncenter\"><a href=\"https:\/\/aparences.net\/wp-content\/uploads\/2010\/10\/pisanello_medaille_este1.png\"><img loading=\"lazy\" decoding=\"async\" width=\"440\" height=\"208\" src=\"https:\/\/www.aparences.net\/wp-content\/uploads\/2010\/10\/pisanello_medaille_este1.png\" alt=\"Medalla con la efigie de Leonello d\u2019Este, 1444, Pisanello\" class=\"wp-image-15091\" title=\"Medalla con la efigie de Leonello d\u2019Este, 1444, Pisanello\" srcset=\"https:\/\/www.aparences.net\/wp-content\/uploads\/2010\/10\/pisanello_medaille_este1.png 440w, https:\/\/www.aparences.net\/wp-content\/uploads\/2010\/10\/pisanello_medaille_este1-300x141.png 300w\" sizes=\"auto, (max-width: 440px) 100vw, 440px\" \/><\/a><figcaption class=\"wp-element-caption\"><em><strong>Medalla con la efigie de Leonello d\u2019Este<\/strong>, 1444, <strong>Pisanello<\/strong> <\/em><br><em>(Ferrara, Palazzo Schifanoia) <\/em><\/figcaption><\/figure>\n<\/div>\n\n\n<p><em>Leonello personifica perfectamente al pr\u00edncipe-condottiero erudito del <a href=\"https:\/\/www.aparences.net\/es\/periodos\/el-quattrocento\/\">Quattrocento<\/a>. Siguiendo las ense\u00f1anzas de su tutor Guarino da Verona, tomaba como modelos a personajes antiguos como C\u00e9sar o Escipi\u00f3n. Durante su breve reinado (1441-1450), desarroll\u00f3 un mecenazgo guiado por el ideal de un experto y el concepto de recreaci\u00f3n intelectual. El hermoso rostro juvenil de tres caras colocado en el reverso de la medalla, es tambi\u00e9n una representaci\u00f3n aleg\u00f3rica de la Prudencia, virtud muy querida por Leonello, y una de las muchas figuras ic\u00f3nicas, casi her\u00e1ldicas, de este pr\u00edncipe.<\/em><\/p>\n\n\n<div class=\"wp-block-image\">\n<figure class=\"aligncenter is-resized\"><img loading=\"lazy\" decoding=\"async\" width=\"483\" height=\"296\" src=\"https:\/\/www.aparences.net\/wp-content\/uploads\/2010\/07\/schifanoia-fresque-mois-de-mars-humanistes.jpg\" alt=\"Le\u00f3n Battista Alberti y humanistas, Francesco del Cossa\" class=\"wp-image-21362\" style=\"aspect-ratio:1.6317567567567568;width:483px;height:auto\" title=\"Le\u00f3n Battista Alberti y humanistas, Francesco del Cossa\" srcset=\"https:\/\/www.aparences.net\/wp-content\/uploads\/2010\/07\/schifanoia-fresque-mois-de-mars-humanistes.jpg 483w, https:\/\/www.aparences.net\/wp-content\/uploads\/2010\/07\/schifanoia-fresque-mois-de-mars-humanistes-160x98.jpg 160w\" sizes=\"auto, (max-width: 483px) 100vw, 483px\" \/><figcaption class=\"wp-element-caption\"><em><strong>Le\u00f3n Battista Alberti y humanistas del Estudio de Ferrara<\/strong> (detalle del Mes de marzo o el Triunfo de Minerva), fresco, <strong>Francesco del Cossa<\/strong> <\/em><br><em>(Ferrara, Palazzo Schifanoia, Salone dei Mesi)<\/em><\/figcaption><\/figure>\n<\/div>\n\n\n<p><em>Los humanistas y los dramaturgos formaban parte del consejo de acad\u00e9micos que desarroll\u00f3 el tema del \u00abbuen gobierno\u00bb del pr\u00edncipe erudito para cada mes del a\u00f1o. En este fresco se pueden reconocer algunos retratos de aquellos eruditos en el grupo que rodea a Borso d&#8217;Este, el comitente de los frescos, situado en la parte inferior de la composici\u00f3n.<\/em><\/p>\n\n\n<div class=\"wp-block-image\">\n<figure class=\"aligncenter\"><a href=\"https:\/\/aparences.net\/wp-content\/uploads\/2010\/10\/chateau_este_ferrare.png\"><img loading=\"lazy\" decoding=\"async\" width=\"468\" height=\"320\" src=\"https:\/\/www.aparences.net\/wp-content\/uploads\/2010\/10\/chateau_este_ferrare.png\" alt=\"Castello Estense, Bartolino da Novara\" class=\"wp-image-15090\" title=\"Castello Estense, Bartolino da Novara\" srcset=\"https:\/\/www.aparences.net\/wp-content\/uploads\/2010\/10\/chateau_este_ferrare.png 468w, https:\/\/www.aparences.net\/wp-content\/uploads\/2010\/10\/chateau_este_ferrare-300x205.png 300w\" sizes=\"auto, (max-width: 468px) 100vw, 468px\" \/><\/a><figcaption class=\"wp-element-caption\"><em><strong>Castillo de San Miguel<\/strong>, llamado \u00abCastello Estense\u00bb, <\/em><br><em><strong>Bartolino da Novara<\/strong> (1368-1410) <\/em><\/figcaption><\/figure>\n<\/div>\n\n\n<p><em>El origen arquitect\u00f3nico del <strong>castillo de Ferrara<\/strong> se basa en una antigua torre de vigilancia que exist\u00eda ya en el siglo XIII, dentro del recinto defensivo que delimitaba la ciudad medieval por la parte norte. Las caracter\u00edsticas arquitect\u00f3nicas eran muy simples: de planta cuadrada construida con ladrillos. La Torre estaba situada delante de la Puerta de los Leones en posici\u00f3n ligeramente avanzada. Cuando en 1264 los Este se convirtieron en se\u00f1ores de Ferrara, la Torre fue destinada a fortaleza y fue rodeada de fosos. Un siglo despu\u00e9s, aquella fortaleza form\u00f3 parte de una de las cuatro torres situadas en las esquinas del gran castillo, que el arquitecto Bartolino da Novara construy\u00f3 para Niccol\u00f2 II, despu\u00e9s del levantamiento popular que tuvo lugar en 1385. En el transcurso de los siglos, La Torre, al igual que el resto del edificio, perdi\u00f3 su car\u00e1cter de construcci\u00f3n militar, formando parte integrante de este elegante edificio de finales del g\u00f3tico tard\u00edo.<\/em><\/p>\n\n\n\n<!-- AdBoxRight2020 --><ins class=\"adsbygoogle\"     style=\"display:block; margin-top:30px;\"     data-ad-client=\"ca-pub-2468002815867636\"     data-ad-slot=\"3496014735\"     data-ad-format=\"auto\"     data-full-width-responsive=\"false\"><\/ins><script> (adsbygoogle = window.adsbygoogle || []).push({});<\/script><h2 class=\"wp-block-heading\">Leonello d&#8217;Este (1407-1450)<\/h2>\n\n\n\n<p>Leonello comenz\u00f3 a reinar junto con su padre Niccol\u00f2 III a partir de 1434, pero la entrega del poder no se producir\u00e1 hasta 1441. Ese mismo a\u00f1o, padre e hijo promovieron un desaf\u00edo art\u00edstico que enfrentaba a <strong>Jacopo Bellini <\/strong>y <a title=\"Pisanello\" href=\"https:\/\/www.aparences.net\/es\/periodos\/gotico-internacional\/el-gotico-internacional-en-italia\/#pisanello\">Pisanello<\/a> sobre <a href=\"https:\/\/www.aparences.net\/es\/arte-y-mecenazgo\/el-retrato-en-el-renacimiento-italiano\/\">el tema del retrato<\/a> del joven se\u00f1or. Ha llegado hasta nosotros el cuadro de Jacopo Bellini<strong>, la <em>Virgen de la Humildad adorada por un pr\u00edncipe de la Casa d&#8217;Este<\/em><\/strong> (hacia 1440), donde figura Leonello como donante, y en cuanto a la tabla de <strong>Pisanello<\/strong>, los especialistas se han puesto de acuerdo en atribuir la peque\u00f1a pintura sobre madera de la Accademia Carrara &#8211; <strong>donde el pr\u00edncipe est\u00e1 representado de perfil<\/strong> delante de un rosal en flor &#8211; en atribuirlo al pintor veron\u00e9s. El pintor veneciano fue el ganador de aquella competici\u00f3n,&nbsp; probablemente gracias a la intervenci\u00f3n del padre de Leonello, Niccol\u00f2 II d&#8217;Este. Las repercusiones literarias que tuvo este noble desaf\u00edo &#8211; manifestaci\u00f3n ejemplar de liberalidad y distinci\u00f3n intelectual &#8211; ayuda a entender el papel que la corte de Ferrara, bajo el liderazgo de un hombre versado en la literatura y las ciencias, ten\u00eda la intenci\u00f3n de jugar. <a title=\"Le\u00f3n Battista Alberti\" href=\"https:\/\/es.wikipedia.org\/wiki\/Leon_Battista_Alberti\">Le\u00f3n Battista Alberti<\/a>, que viaj\u00f3 varias veces a Ferrara, probablemente en 1438 y 1442, desempe\u00f1\u00f3 un papel clave, ya que impone la moda de la Antig\u00fcedad en la corte y ensalza la&nbsp; la pintura diciendo que \u00ab&nbsp;contiene fuerza divina&nbsp;\u00bb. En el \u00e1mbito de Ferrara donde dominaba la ret\u00f3rica ciceroniana de Guarino da Verona, la pintura era considerada como una manifestaci\u00f3n subordinada a las letras y padec\u00eda por ello de un ligero descr\u00e9dito. Unos a\u00f1os m\u00e1s tarde, la tendencia se invierte claramente mediante la realizaci\u00f3n del \u00ab<a title=\"Studiolo de Leonello\" href=\"https:\/\/www.aparences.net\/es\/escuelas\/la-escuela-de-ferrara\/las-musas-del-studiolo-de-belfiore\/\">Studiolo\u00bb de Leonello<\/a> (comenzado en 1447) y la \u00ab<a title=\"Biblia de Borso d'Este\" rel=\"noopener noreferrer\" href=\"https:\/\/es.wikipedia.org\/wiki\/Biblia_de_Borso_de_Este\" target=\"_blank\">Biblia\u00bb de Borso<\/a> (1455-1461).<\/p>\n\n\n<div class=\"wp-block-image\">\n<figure class=\"aligncenter\"><img loading=\"lazy\" decoding=\"async\" width=\"302\" height=\"430\" src=\"https:\/\/www.aparences.net\/wp-content\/uploads\/2010\/07\/pisanello-portrait-de-leonello-d-este-bergamo.jpg\" alt=\"Retrato de Leonello d'Este, 1441 Pisanello\" class=\"wp-image-21364\" title=\"Retrato de Leonello d'Este, 1441 Pisanello\" srcset=\"https:\/\/www.aparences.net\/wp-content\/uploads\/2010\/07\/pisanello-portrait-de-leonello-d-este-bergamo.jpg 302w, https:\/\/www.aparences.net\/wp-content\/uploads\/2010\/07\/pisanello-portrait-de-leonello-d-este-bergamo-160x228.jpg 160w\" sizes=\"auto, (max-width: 302px) 100vw, 302px\" \/><figcaption class=\"wp-element-caption\"><em><strong>Retrato de Leonello d&#8217;Este<\/strong>, 1441 <strong>Pisanello<\/strong> (B\u00e9rgamo, Accademia Carrara)<\/em><\/figcaption><\/figure>\n<\/div>\n\n\n<p><em>Se trata probablemente del retrato ejecutado por Pisanello en Ferrara en el primer semestre de 1441 en competencia con Jacopo Bellini. Pisanello, el m\u00e1s her\u00e1ldico de los pintores, quien se form\u00f3 al lado de los miniaturistas, su cultura cortesana, su gusto por la fantas\u00eda, sus v\u00ednculos con los c\u00edrculos principescos y el mundo de la indumentaria, el lujo y las apariencias, le han dado un tipo de \u00absentimiento her\u00e1ldico\u00bb que transcurre por toda su obra y en todos sus medios de expresi\u00f3n. Cuando se trata de retratos, la atenci\u00f3n se centra en la ropa y en sus accesorios, en las insignias, divisas, y en general todos los elementos que se utilizan como signos sociales y como marca iconogr\u00e1fica, como la doble fila de monedas a modo de botones que decoran el jub\u00f3n de Leonello en este famoso retrato. Como en tantas otras cortes, los Este se pon\u00edan bajo la protecci\u00f3n de las estrellas, lo que gener\u00f3 toda una cultura astrol\u00f3gica que alcanz\u00f3 su punto \u00e1lgido en Ferrara. Seg\u00fan el humanista Decembrio, a diferencia de otros pr\u00edncipes, Leonello d&#8217;Este no s\u00f3lo utilizaba lujosos ropajes, sino que los cambiaba cada d\u00eda de color seg\u00fan el planeta dominante.<\/em><\/p>\n\n\n<div class=\"wp-block-image\">\n<figure class=\"aligncenter\"><img loading=\"lazy\" decoding=\"async\" width=\"305\" height=\"460\" src=\"https:\/\/www.aparences.net\/wp-content\/uploads\/2010\/07\/jacopo-bellini-vierge-d-humilite-louvre.jpg\" alt=\"Virgen de la Humildad, Jacopo Bellini\" class=\"wp-image-21366\" title=\"Virgen de la Humildad, Jacopo Bellini\" srcset=\"https:\/\/www.aparences.net\/wp-content\/uploads\/2010\/07\/jacopo-bellini-vierge-d-humilite-louvre.jpg 305w, https:\/\/www.aparences.net\/wp-content\/uploads\/2010\/07\/jacopo-bellini-vierge-d-humilite-louvre-160x241.jpg 160w\" sizes=\"auto, (max-width: 305px) 100vw, 305px\" \/><figcaption class=\"wp-element-caption\"><em><strong>Virgen de la Humildad adorada por un pr\u00edncipe de la Casa d&#8217;Este<\/strong>, c.1440, <strong>Jacopo Bellini<\/strong> <\/em><br><em>(Par\u00eds, Museo del Louvre)<\/em><\/figcaption><\/figure>\n<\/div>\n\n\n<p><em>El pintor se encontraba sin duda en la corte de Ferrara en 1441, donde compiti\u00f3 con Pisanello para el retrato de Leonello, a qui\u00e9n algunos reconocen en la figura del donante arrodillado a los pies de la Virgen, pero por razones fision\u00f3micas, podr\u00eda ser uno de sus hermanos, Ugo o Medialuse. Como fondo, el pintor elabora un paisaje fant\u00e1stico de estilo internacional y utiliza toques dorados para resaltar la luz. <strong>El arte de<\/strong> <a title=\"Jacopo Bellini\" href=\"https:\/\/www.aparences.net\/es\/escuelas\/la-pintura-veneciana\/venecia-al-inicio-del-renacimiento\/\">Jacopo Bellini<\/a> <strong>evoca el arte de<\/strong> <a title=\"Gentile da Fabriano\" href=\"https:\/\/www.aparences.net\/es\/periodos\/gotico-internacional\/el-gotico-internacional-en-italia\/#gentile-da-fabriano\">Gentile da Fabriano<\/a>, con qui\u00e9n el pintor se form\u00f3 en Venecia.<\/em><\/p>\n\n\n\n<p>Despu\u00e9s de un largo eclipse que iba desde finales de la Antig\u00fcedad a principios del Renacimiento, se retoma el tema de las Musas. As\u00ed, en su <a title=\"studiolo de Belfiore\" href=\"https:\/\/www.aparences.net\/es\/escuelas\/la-escuela-de-ferrara\/las-musas-del-studiolo-de-belfiore\/\">Studiolo de Belfiore<\/a>, Leonello d&#8217;Este quien era descrito por sus contempor\u00e1neos como la encarnaci\u00f3n de todas las virtudes principescas, pod\u00eda dedicarse a <a href=\"https:\/\/www.aparences.net\/es\/periodos\/el-quattrocento-anexos\/las-siete-artes-y-las-musas\/\">las musas<\/a>. Situado en la villa Belfiore de Ferrara, Leonello decide decorarlo siguiendo las indicaciones de su antiguo tutor, el humanista Guarino da Verona. El Studiolo fue imaginado como un espacio peque\u00f1o, principalmente dedicado a la meditaci\u00f3n y al trabajo del pr\u00edncipe, adornado con escenas propiciatorias inspiradas por las nueve musas, quienes seg\u00fan la tradici\u00f3n cl\u00e1sica eran veneradas como protectoras de las artes. El pintor sien\u00e9s Angelo Maccagnino debi\u00f3 introducir en Ferrara el talento gr\u00e1fico de los <a title=\"pintores de Siena\" href=\"https:\/\/www.aparences.net\/es\/escuelas\/la-pintura-sienesa\/\">pintores de Siena<\/a>, una ciudad que por varias razones manten\u00eda importantes relaciones con el Estado de los Este. De hecho, cada uno de los paneles de la serie de las Musas, muestra, con m\u00e1s o menos intensidad, la transformaci\u00f3n radical en el campo art\u00edstico que se produjo en Ferrara entre los \u00faltimos a\u00f1os del reinado de Leonello y la primera d\u00e9cada del <a title=\"reinado de Borso\" href=\"https:\/\/www.aparences.net\/es\/arte-y-mecenazgo\/la-ciudad-de-ferrara-bajo-los-este\/borso-de-este\/\">reinado de Borso<\/a>, mientras que paralelamente, se sucede a un ritmo r\u00e1pido la importaci\u00f3n de <a title=\"pintura flamenca\" href=\"https:\/\/www.aparences.net\/es\/escuelas\/los-primitivos-flamencos\/\">pintura flamenca<\/a>, la estancia de <a title=\"Piero della Francesca\" href=\"https:\/\/www.aparences.net\/es\/arte-y-mecenazgo\/los-fresquistas-florentinos\/piero-della-francesca-historia-de-una-sintesis\/\">Piero della Francesca<\/a>, los ecos de <a title=\"Donatello en Padua\" href=\"https:\/\/www.aparences.net\/es\/periodos\/el-quattrocento\/la-escultura-del-quattrocento-en-florencia\/#donatello-y-el-\">Donatello<\/a>, entonces en la cercana Padua (adem\u00e1s, el escultor florentino fue contactado en 1451 por la comuna de M\u00f3dena para una estatua monumental de Borso, que no se realiz\u00f3) y los de <strong>Mantegna, tambi\u00e9n en Padua, en la<\/strong> <a title=\"capilla Ovetari\" href=\"https:\/\/www.aparences.net\/es\/arte-y-mecenazgo\/los-gonzaga-de-mantua\/andrea-mantegna-pintor-de-corte\/#la-capilla-ovetari\">capilla Ovetari<\/a>.<\/p>\n\n\n<div class=\"wp-block-image\">\n<figure class=\"aligncenter\"><img loading=\"lazy\" decoding=\"async\" width=\"258\" height=\"430\" src=\"https:\/\/www.aparences.net\/wp-content\/uploads\/2010\/07\/muse-erato-angelo-maccagnino.jpg\" alt=\"La musa Erato, c. 1450\/60, Angelo Maccagnino \" class=\"wp-image-20877\" title=\"La musa Erato, c. 1450\/60, Angelo Maccagnino \" srcset=\"https:\/\/www.aparences.net\/wp-content\/uploads\/2010\/07\/muse-erato-angelo-maccagnino.jpg 258w, https:\/\/www.aparences.net\/wp-content\/uploads\/2010\/07\/muse-erato-angelo-maccagnino-160x267.jpg 160w\" sizes=\"auto, (max-width: 258px) 100vw, 258px\" \/><figcaption class=\"wp-element-caption\"><em><strong>La musa Erato<\/strong>, c. 1450\/60, atribuida a <strong>Angelo Maccagnino<\/strong> <\/em><br><em>(Ferrara, Pinacoteca Nazionale)<\/em><\/figcaption><\/figure>\n<\/div>\n\n\n<!-- AdBoxLeft2023 --><ins class=\"adsbygoogle\" style=\"display:block\" data-ad-client=\"ca-pub-2468002815867636\" data-ad-slot=\"1318022963\" data-ad-format=\"auto\" data-full-width-responsive=\"true\"><\/ins><script> (adsbygoogle = window.adsbygoogle || []).push({});<\/script><h2 class=\"wp-block-heading\">Leonello y los talentos importados<\/h2>\n\n\n\n<p>A <strong>Pisanello<\/strong>, uno de los principales representantes del <a title=\"g\u00f3tico internacional en Italia\" href=\"https:\/\/www.aparences.net\/es\/periodos\/gotico-internacional\/el-gotico-internacional-en-italia\/\">g\u00f3tico internacional en Italia<\/a>, se le relaciona con la ciudad y la corte de Ferrara al menos desde el a\u00f1o del Concilio de 1438. Demasiado ocupado para convertirse en pintor de la corte, no obstante, el artista trabaj\u00f3 en varias ocasiones para Leonello. Con la dulzura de su trazo y su\u00bbsfumado\u00bb, <strong>recrea una especie de modelo de retrato humanista<\/strong>, al que Leonello se mantendr\u00e1 fiel &#8211; este modelo tambi\u00e9n ser\u00e1 adoptado por artistas de diferente formaci\u00f3n como el pintor de Faenza, Giovanni Orioli &#8211; y al que incluso Piero della Francesca no podr\u00e1 sustraerse en sus primeras obras como retratista de corte (<em>Segismondo Pandolfo Malatesta<\/em>, Par\u00eds, Louvre). Igualmente importante para el desarrollo del arte en Ferrara fueron otros talentos importados por Leonello: <strong>Piero della Francesca<\/strong>, quien seg\u00fan Vasari pint\u00f3 los frescos de <em>molte camere<\/em> (muchas habitaciones) del Palacio Ducal (hoy destruidos); <strong>el pintor franc\u00e9s Fouquet<\/strong> autor del famoso \u00ab<a title=\"D\u00edptico de Melun\" href=\"https:\/\/www.aparences.net\/es\/escuelas\/los-primitivos-flamencos\/la-pintura-flamenca-en-francia\/\">D\u00edptico de Melun<\/a>\u00ab, de paso por Ferrara, retrat\u00f3 al buf\u00f3n de la corte, Gonella; y el pintor de Tournai, <a title=\"Rogier van der Weyden\" href=\"https:\/\/www.aparences.net\/es\/escuelas\/los-primitivos-flamencos\/rogier-van-der-weyden\/\">Rogier van der Weyden<\/a>, quien pint\u00f3 un retablo sobre el tema del Descendimiento que se encontraba en Ferrara en 1449. A trav\u00e9s de su agente en Brujas, Leonello hab\u00eda comprado varios obras de este pintor, quien pod\u00eda haber pasado por Ferrara aprovechando su peregrinaje a Roma.<\/p>\n\n\n<div class=\"wp-block-image\">\n<figure class=\"aligncenter\"><img loading=\"lazy\" decoding=\"async\" width=\"544\" height=\"430\" src=\"https:\/\/www.aparences.net\/wp-content\/uploads\/2010\/07\/pisanello-portrait-de-jeune-fille-louvre.jpg\" alt=\"Retrato de una princesa de la casa d'Este, c. 1435-1440, Pisanello\" class=\"wp-image-21368\" title=\"Retrato de una princesa de la casa d'Este, c. 1435-1440, Pisanello\" srcset=\"https:\/\/www.aparences.net\/wp-content\/uploads\/2010\/07\/pisanello-portrait-de-jeune-fille-louvre.jpg 544w, https:\/\/www.aparences.net\/wp-content\/uploads\/2010\/07\/pisanello-portrait-de-jeune-fille-louvre-160x126.jpg 160w\" sizes=\"auto, (max-width: 544px) 100vw, 544px\" \/><figcaption class=\"wp-element-caption\"><em><strong>Retrato de una princesa de la casa d&#8217;Este<\/strong>, c. 1435-1440, <strong>Pisanello<\/strong> <\/em><br><em>(Par\u00eds, Museo del Louvre) <\/em><\/figcaption><\/figure>\n<\/div>\n\n\n<p><em>La joven de este retrato puede ser identificada como una princesa de la casa d&#8217;Este, a causa de los motivos simb\u00f3licos que figuran en el mismo. En el bordado de la manga se puede reconocer uno de los emblemas de la casa d&#8217;Este y entre las flores del fondo, el clavel, flor que simboliza el noviazgo y el matrimonio, y la ancolia, que pod\u00eda representar la Pasi\u00f3n de Cristo pero tambi\u00e9n la pasi\u00f3n amorosa. Seg\u00fan el historiador Federico Zeri, es significativo que la manga est\u00e9 bordada de forma tan lujosa. Seg\u00fan <a href=\"https:\/\/www.aparences.net\/es\/arte-y-mecenazgo\/renacimiento-y-vida-privada\/la-moda-en-el-siglo-xv\/\">la moda renacentista<\/a>, las mangas no se consideraban como parte integrante de la prenda; eran adornos sueltos que se pod\u00edan aplicar en diversos vestidos y se iban cambiando seg\u00fan las necesidades. En muchos inventarios de damas nobles, las mangas de este tipo se enumeran por separado como objetos preciosos.<\/em><\/p>\n\n\n<div class=\"wp-block-image\">\n<figure class=\"aligncenter\"><img loading=\"lazy\" decoding=\"async\" width=\"417\" height=\"458\" src=\"https:\/\/www.aparences.net\/wp-content\/uploads\/2010\/07\/ecole-de-ferrare-peintre-anonyme-baltimore.jpg\" alt=\"Escena de batalla, c.1540, an\u00f3nimo ferrar\u00e9s\" class=\"wp-image-21370\" title=\"Escena de batalla, c.1540, an\u00f3nimo ferrar\u00e9s\" srcset=\"https:\/\/www.aparences.net\/wp-content\/uploads\/2010\/07\/ecole-de-ferrare-peintre-anonyme-baltimore.jpg 417w, https:\/\/www.aparences.net\/wp-content\/uploads\/2010\/07\/ecole-de-ferrare-peintre-anonyme-baltimore-160x176.jpg 160w\" sizes=\"auto, (max-width: 417px) 100vw, 417px\" \/><figcaption class=\"wp-element-caption\"><em><strong>Escena de batalla<\/strong>, c.1540, an\u00f3nimo ferrar\u00e9s basado en un fresco perdido de Piero della Francesca <\/em><br><em>(Baltimore, Walters Art Gallery) <\/em><\/figcaption><\/figure>\n<\/div>\n\n\n<p><em>Despu\u00e9s de viajar a P\u00e9saro y Ancona, entre 1446 y 1447 Piero della Francesca se encontraba en Ferrara donde ejecut\u00f3 un ciclo de frescos en una de las salas del castillo, destruidos durante un incendio a principios del siglo XVI. Quedan dos copias de \u00e9poca manierista que pueden dar una ligera idea de la obra original. Ambas son escenas de batalla; esto sugiere que Piero habr\u00eda querido representar el choque entre un ej\u00e9rcito cristiano y otro pagano, quince a\u00f1os antes de los famosos <a title=\"frescos de Arezzo\" href=\"https:\/\/www.aparences.net\/es\/arte-y-mecenazgo\/los-fresquistas-florentinos\/piero-della-francesca-historia-de-una-sintesis\/#el-ciclo-de-frescos-de-la-capilla-bacci-en-arezzo\">frescos de Arezzo<\/a>. En 1440 Piero della Francesca hab\u00eda abandonado definitivamente Florencia. A partir de aquel momento su andadura art\u00edstica iba a transcurrir entre Sansepolcro y las cortes m\u00e1s importantes de Italia, donde encontrar\u00e1 a mecenas como el duque de Urbino.<\/em><\/p>\n\n\n<div class=\"wp-block-image\">\n<figure class=\"aligncenter\"><a href=\"https:\/\/aparences.net\/wp-content\/uploads\/2010\/07\/fouquet_bouffon1.jpg\"><img loading=\"lazy\" decoding=\"async\" width=\"251\" height=\"400\" src=\"https:\/\/www.aparences.net\/wp-content\/uploads\/2010\/07\/fouquet_bouffon1.jpg\" alt=\"Fouquet, Retrato del buf\u00f3n Gonella\" class=\"wp-image-14022\" title=\"Fouquet, Retrato del buf\u00f3n Gonella\" srcset=\"https:\/\/www.aparences.net\/wp-content\/uploads\/2010\/07\/fouquet_bouffon1.jpg 251w, https:\/\/www.aparences.net\/wp-content\/uploads\/2010\/07\/fouquet_bouffon1-188x300.jpg 188w\" sizes=\"auto, (max-width: 251px) 100vw, 251px\" \/><\/a><figcaption class=\"wp-element-caption\"><em><strong>Retrato del buf\u00f3n Gonella<\/strong>, 1444, <strong>atribuido a Jean Fouquet<\/strong> <\/em><br><em>(Viena, Kunsthistorisches Museum) <\/em><\/figcaption><\/figure>\n<\/div>\n\n\n<p><em>Se trata del retrato de Gonella, famosos buf\u00f3n de la corte de Ferrara durante el reinado de Niccol\u00f2 III d&#8217;Este &#8211; se necesitaban enanos y bufones para alejar el aburrimiento y la melancol\u00eda del pr\u00edncipe. Gonella muri\u00f3 de forma tr\u00e1gica cuando estaba simulando su propia ejecuci\u00f3n. El autor es el pintor y miniaturista franc\u00e9s Jean Fouquet que viaj\u00f3 a Italia a principios de su carrera, entre 1444 y 1447. Estuvo en Roma, donde pudo encontrar a <a title=\"fra Angelico\" href=\"https:\/\/www.aparences.net\/es\/periodos\/el-quattrocento\/fra-angelico\/\">Fra Angelico<\/a>, quien estaba ejecutando los frescos de la Capilla Niccolina y es probable que tambi\u00e9n viajara a N\u00e1poles, centro de fruct\u00edferos intercambios con la <a title=\"pintura flamenca\" href=\"https:\/\/www.aparences.net\/es\/escuelas\/los-primitivos-flamencos\/\">pintura flamenca<\/a>.<\/em><\/p>\n\n\n\n<p>El A\u00f1o Santo de 1450 llev\u00f3 a muchos peregrinos a Roma. Entre ellos, se encontraba el pintor flamenco Rogier van der Weyden, como lo demuestra el testimonio de <strong>Bartolomeo Fazio<\/strong>, <a href=\"https:\/\/www.aparences.net\/es\/arte-y-mecenazgo\/los-aragon-de-napoles\/el-renacimiento-en-napoles-alfonso-v-el-magnanimo\/\">humanista en la corte de N\u00e1poles<\/a>, en su <em>De viris illustribus<\/em>. Este viaje de Rogier a Italia ha planteado una serie de preguntas como la de si viaj\u00f3 o no a Ferrara. Una orden dada en aquella ciudad el 15 de agosto de 1450, registra la suma de 20 ducados como pago a Rogier por las pinturas encargadas por el marqu\u00e9s Leonello, entre ellas un Descendimiento, hoy perdido. De todos modos, la influencia directa de la pintura de paisaje flamenco, alabada por Ciriaco de Ancona a prop\u00f3sito de aquel famoso Descendimiento, se encuentra en el hermoso paisaje meticulosamente detallado de la <a title=\"musa Polimnia studiolo de Belfiore\" href=\"https:\/\/www.aparences.net\/es\/escuelas\/la-escuela-de-ferrara\/las-musas-del-studiolo-de-belfiore\/\"><em>Musa Polimnia<\/em> del Studiolo de Belfiore<\/a> de Ferrara (Berl\u00edn, Staatliche Museen) atribuida a Maccagnino. Aquella conmovedora piedad que ostentaban los personajes de las escenas de la Pasi\u00f3n de Rogier van der Weyden, ejerci\u00f3 una gran influencia entre los artistas de la regi\u00f3n, en particular en el joven Andrea Mantegna, quien en 1449 pint\u00f3 un retrato de Leonello y de su principal consejero, hoy perdido. Adem\u00e1s de la pintura narrativa y devocional y el paisaje, el retrato fue tambi\u00e9n un \u00e1mbito en el que los artistas flamencos introdujeron novedades importantes. Abandonaron el retrato de perfil, a la manera del de Leonello d&#8217;Este de Pisanello, por las figuras de cara, a veces a\u00f1adi\u00e9ndoles las manos, balaustradas, fondos de paisaje y marcos en trampantojo. As\u00ed, en 1460, Rogier pint\u00f3 en Flandes el <em><strong>Retrato de Francesco d&#8217;Este<\/strong><\/em>, representado de tres cuartos delante de un fondo de color marfil. Se trata del hijo natural de Leonello, quien pas\u00f3 gran parte de su vida en Flandes al servicio de los <a title=\"duques de Borgo\u00f1a\" href=\"https:\/\/www.aparences.net\/es\/arte-y-mecenazgo\/los-duques-de-borgona\/\">duques de Borgo\u00f1a<\/a>.<\/p>\n\n\n<div class=\"wp-block-image\">\n<figure class=\"aligncenter\"><img loading=\"lazy\" decoding=\"async\" width=\"395\" height=\"459\" src=\"https:\/\/www.aparences.net\/wp-content\/uploads\/2010\/07\/rogier-van-der-weyden-mise-au-tombeau.jpg\" alt=\"Lamentaci\u00f3n y entierro de Cristo, 1450, Rogier van der Weyden\" class=\"wp-image-21374\" title=\"Lamentaci\u00f3n y entierro de Cristo, 1450, Rogier van der Weyden\" srcset=\"https:\/\/www.aparences.net\/wp-content\/uploads\/2010\/07\/rogier-van-der-weyden-mise-au-tombeau.jpg 395w, https:\/\/www.aparences.net\/wp-content\/uploads\/2010\/07\/rogier-van-der-weyden-mise-au-tombeau-160x186.jpg 160w\" sizes=\"auto, (max-width: 395px) 100vw, 395px\" \/><\/figure>\n<\/div>\n\n<div class=\"wp-block-image\">\n<figure class=\"aligncenter\"><img loading=\"lazy\" decoding=\"async\" width=\"455\" height=\"419\" src=\"https:\/\/www.aparences.net\/wp-content\/uploads\/2010\/07\/rogier-van-der-weyden-paysage-mise-au-tombeau.jpg\" alt=\"Lamentaci\u00f3n y entierro de Cristo, paisaje, Rogier van der Weyden\" class=\"wp-image-21376\" title=\"Lamentaci\u00f3n y entierro de Cristo, paisaje, Rogier van der Weyden\" srcset=\"https:\/\/www.aparences.net\/wp-content\/uploads\/2010\/07\/rogier-van-der-weyden-paysage-mise-au-tombeau.jpg 455w, https:\/\/www.aparences.net\/wp-content\/uploads\/2010\/07\/rogier-van-der-weyden-paysage-mise-au-tombeau-160x147.jpg 160w\" sizes=\"auto, (max-width: 455px) 100vw, 455px\" \/><figcaption class=\"wp-element-caption\"><em><strong>Lamentaci\u00f3n y entierro de Cristo<\/strong>, 1450, <strong>Rogier van der Weyden<\/strong> (Florencia, Museo de los Oficios)&nbsp;<\/em><\/figcaption><\/figure>\n<\/div>\n\n\n<p><em>Se trata de una tabla que formaba parte de un tr\u00edptico perdido, realizado para Leonello d\u2019Este, seg\u00fan la hip\u00f3tesis de Crowe y Cavalcaselle. Los pintores que realizaron las Musas del Studiolo de Belfiore, entre ellos Cosm\u00e8 Tura, realizan una interpretaci\u00f3n objectiva y respetuosa del pintor flamenco durante su probable estancia en Ferrara.<\/em><\/p>\n\n\n<div class=\"wp-block-image\">\n<figure class=\"aligncenter\"><a href=\"https:\/\/aparences.net\/wp-content\/uploads\/2010\/07\/vanderweyden_francesco1.jpg\"><img loading=\"lazy\" decoding=\"async\" width=\"278\" height=\"400\" src=\"https:\/\/www.aparences.net\/wp-content\/uploads\/2010\/07\/vanderweyden_francesco1.jpg\" alt=\"Retrato de Francesco d'Este, Rogier van der Weyden\" class=\"wp-image-14029\" title=\"Retrato de Francesco d'Este, Rogier van der Weyden\" srcset=\"https:\/\/www.aparences.net\/wp-content\/uploads\/2010\/07\/vanderweyden_francesco1.jpg 278w, https:\/\/www.aparences.net\/wp-content\/uploads\/2010\/07\/vanderweyden_francesco1-208x300.jpg 208w\" sizes=\"auto, (max-width: 278px) 100vw, 278px\" \/><\/a><figcaption class=\"wp-element-caption\"><em><strong>Retrato de Francesco d&#8217;Este<\/strong>, <\/em><br><em><strong>Rogier van der Weyden<\/strong>, <\/em><br><em>(Nueva York, Metropolitan Museum)<\/em><\/figcaption><\/figure>\n<\/div>\n\n\n<p>En el campo de la pintura, los \u00faltimos a\u00f1os de la vida de Leonello presentan una dram\u00e1tica ruptura con la tradici\u00f3n anterior. Ante un doble retrato pintado por <a title=\"Andrea Mantegna\" href=\"https:\/\/www.aparences.net\/es\/arte-y-mecenazgo\/los-gonzaga-de-mantua\/andrea-mantegna-pintor-de-corte\/\">Andrea Mantegna<\/a> en 1449, Leonello debi\u00f3 darse cuenta de que lo natural, visto a trav\u00e9s del filtro de lo antiguo, pod\u00eda expresar de forma rigurosa la fragilidad inexorable de la realidad humana y el peso de la virtud. Aquel doble retrato se ha perdido, pero nos queda una peque\u00f1a <em>Adoraci\u00f3n de los Pastores<\/em>, probablemente pintada para su hermano Borso en 1450-1451, que traduce la misma tensi\u00f3n: una mezcla de citas cl\u00e1sicas, elementos venecianos, y la evidente influencia de la pintura flamenca produce un bel\u00e9n desequilibrado y brutal, sin duda concebido para conmemorar un evento importante de la <a href=\"https:\/\/www.aparences.net\/es\/arte-y-mecenazgo\/los-este-de-ferrara\/\">Casa de Este<\/a>.<\/p>\n\n\n<div class=\"wp-block-image\">\n<figure class=\"aligncenter\"><a href=\"https:\/\/aparences.net\/wp-content\/uploads\/2010\/07\/mantegna.jpg\"><img loading=\"lazy\" decoding=\"async\" width=\"520\" height=\"370\" src=\"https:\/\/www.aparences.net\/wp-content\/uploads\/2010\/07\/mantegna.jpg\" alt=\"Adoraci\u00f3n de los pastores, c.1451-1453, Andrea Mantegna\" class=\"wp-image-14023\" title=\"Adoraci\u00f3n de los pastores, c.1451-1453, Andrea Mantegna\" srcset=\"https:\/\/www.aparences.net\/wp-content\/uploads\/2010\/07\/mantegna.jpg 520w, https:\/\/www.aparences.net\/wp-content\/uploads\/2010\/07\/mantegna-300x213.jpg 300w\" sizes=\"auto, (max-width: 520px) 100vw, 520px\" \/><\/a><figcaption class=\"wp-element-caption\"><em><strong>Adoraci\u00f3n de los pastores<\/strong>, c.1451-1453, <strong>Andrea Mantegna<\/strong> <\/em><br><em>(Nueva York, Metropolitan Museum of Art) <\/em><\/figcaption><\/figure>\n<\/div>\n\n\n<p class=\"has-text-align-left\"><em><span class=\"tlid-translation translation\" lang=\"es\"><span class=\"\" title=\"\">Destinado al gusto aristocr\u00e1tico de los Este, el peque\u00f1o panel presenta una gran meticulosidad en los detalles y los reflejos dorados, la delicadeza de la pincelada y los colores brillantes evocan el precioso arte de la miniatura.<\/span> <span class=\"\" title=\"\">Los dos pastores son una clara referencia al arte de Rogier van der Weyden.<\/span> Probablemente<span title=\"\"> el cuadro fue pintado para el hermano de Leonello, Borso d\u00b4Este, quien lo suceder\u00e1 como jefe del estado de Ferrara.<\/span> <span title=\"\">El motivo del calabac\u00edn que cuelga del cercado, contra el borde izquierdo de la obra, hace alusi\u00f3n a uno de los emblemas de Borso, el paraduro (enrejado de mimbre) que evoca el saneamiento de las tierras<\/span><span title=\"\"> a orillas del Po, llevado a cabo por los Este.<\/span><\/span><br><\/em><\/p>\n\n\n\n<p>El naturalismo descriptivo de la pintura flamenca, en boga en Ferrara en la \u00e9poca de Leonello, tambi\u00e9n fue visto desde una perspectiva humanista; las obras que el marqu\u00e9s compr\u00f3 a trav\u00e9s de su agente en Brujas eran admiradas tanto como lo hab\u00edan sido poco antes las obras de Pisanello. Pero <strong>la llamada<\/strong> \u00ab<a title=\"Ars Nova\" href=\"https:\/\/www.aparences.net\/es\/escuelas\/los-primitivos-flamencos\/\">Ars Nova<\/a>\u00bb (t\u00e9rmino que se aplica tambi\u00e9n a la pintura flamenca) altera sustancialmente el clima figurativa de la ciudad y ofrece una alternativa razonable a la arqueolog\u00eda obsesiva de Mantegna y a la ruda expresividad de los disc\u00edpulos de <a href=\"https:\/\/es.wikipedia.org\/wiki\/Francesco_Squarcione\">Squarcione<\/a> en Padua. Las atractivas y dulces figuras de Van der Weyden influencian el dibujo de algunos personajes del pintor sien\u00e9s Angelo Maccagnino y tambi\u00e9n a <strong>Cosm\u00e8 Tura en sus primeras obras<\/strong>, como en <a title=\"Virgen y el Ni\u00f1o con san Jer\u00f3nimo y una m\u00e1rtir\" href=\"https:\/\/www.aparences.net\/es\/escuelas\/la-escuela-de-ferrara\/cosme-tura\/\"><em>Virgen y el Ni\u00f1o con san Jer\u00f3nimo y una m\u00e1rtir<\/em><\/a>, 1455 (Ajaccio, Museo Fesch).<\/p>\n","protected":false},"excerpt":{"rendered":"<p>Los miembros de la familia Este contribuyeron de forma notable al desarrollo del arte en Italia. Pintores como Pisanello, Jacopo Bellini, y del Norte, como Rogier van der Weyden al que la familia le adquiri\u00f3 diversas obras. El studiolo de Leonello d\u2019Este, donde se retoma el tema de las Musas, fue pintado por los mejores artistas de la escuela de Ferrara.<\/p>\n","protected":false},"author":2,"featured_media":26612,"comment_status":"closed","ping_status":"closed","sticky":false,"template":"","format":"standard","meta":{"footnotes":""},"categories":[3000],"tags":[5051,2603,2707],"class_list":["post-13154","post","type-post","status-publish","format-standard","has-post-thumbnail","hentry","category-los-este-de-ferrara","tag-arte-y-mecenazgo","tag-este-de-ferrara","tag-leonello-de-este"],"yoast_head":"<!-- This site is optimized with the Yoast SEO plugin v27.2 - https:\/\/yoast.com\/product\/yoast-seo-wordpress\/ -->\n<title>Leonello d&#039;Este<\/title>\n<meta name=\"description\" content=\"Los miembros de la familia Este contribuyeron de forma notable al desarrollo del arte en Italia. Pintores como Pisanello, Jacopo Bellini, y del Norte, como Rogier van der Weyden al que la familia le adquiri\u00f3 diversas obras. El studiolo de Leonello d\u2019Este, donde se retoma el tema de las Musas, fue pintado por los mejores artistas de la escuela de Ferrara.\" \/>\n<meta name=\"robots\" content=\"index, follow, max-snippet:-1, max-image-preview:large, max-video-preview:-1\" \/>\n<link rel=\"canonical\" href=\"https:\/\/www.aparences.net\/es\/arte-y-mecenazgo\/los-este-de-ferrara\/leonello-de-este\/\" \/>\n<meta property=\"og:locale\" content=\"es_ES\" \/>\n<meta property=\"og:type\" content=\"article\" \/>\n<meta property=\"og:title\" content=\"Leonello d&#039;Este\" \/>\n<meta property=\"og:description\" content=\"Los miembros de la familia Este contribuyeron de forma notable al desarrollo del arte en Italia. Pintores como Pisanello, Jacopo Bellini, y del Norte, como Rogier van der Weyden al que la familia le adquiri\u00f3 diversas obras. El studiolo de Leonello d\u2019Este, donde se retoma el tema de las Musas, fue pintado por los mejores artistas de la escuela de Ferrara.\" \/>\n<meta property=\"og:url\" content=\"https:\/\/www.aparences.net\/es\/arte-y-mecenazgo\/los-este-de-ferrara\/leonello-de-este\/\" \/>\n<meta property=\"og:site_name\" content=\"Aparences\" \/>\n<meta property=\"article:published_time\" content=\"2010-07-12T19:04:05+00:00\" \/>\n<meta property=\"article:modified_time\" content=\"2025-12-11T18:40:57+00:00\" \/>\n<meta property=\"og:image\" content=\"https:\/\/www.aparences.net\/wp-content\/uploads\/2010\/07\/leonello-d-este-.jpg\" \/>\n\t<meta property=\"og:image:width\" content=\"1080\" \/>\n\t<meta property=\"og:image:height\" content=\"540\" \/>\n\t<meta property=\"og:image:type\" content=\"image\/jpeg\" \/>\n<meta name=\"author\" content=\"admin\" \/>\n<meta name=\"twitter:card\" content=\"summary_large_image\" \/>\n<meta name=\"twitter:label1\" content=\"Escrito por\" \/>\n\t<meta name=\"twitter:data1\" content=\"admin\" \/>\n\t<meta name=\"twitter:label2\" content=\"Tiempo de lectura\" \/>\n\t<meta name=\"twitter:data2\" content=\"19 minutos\" \/>\n<script type=\"application\/ld+json\" class=\"yoast-schema-graph\">{\"@context\":\"https:\/\/schema.org\",\"@graph\":[{\"@type\":\"Article\",\"@id\":\"https:\/\/www.aparences.net\/es\/arte-y-mecenazgo\/los-este-de-ferrara\/leonello-de-este\/#article\",\"isPartOf\":{\"@id\":\"https:\/\/www.aparences.net\/es\/arte-y-mecenazgo\/los-este-de-ferrara\/leonello-de-este\/\"},\"author\":{\"name\":\"admin\",\"@id\":\"https:\/\/www.aparences.net\/es\/#\/schema\/person\/af349f6ffc31b16c68963e61268afca5\"},\"headline\":\"Leonello d&#8217;Este\",\"datePublished\":\"2010-07-12T19:04:05+00:00\",\"dateModified\":\"2025-12-11T18:40:57+00:00\",\"mainEntityOfPage\":{\"@id\":\"https:\/\/www.aparences.net\/es\/arte-y-mecenazgo\/los-este-de-ferrara\/leonello-de-este\/\"},\"wordCount\":3619,\"publisher\":{\"@id\":\"https:\/\/www.aparences.net\/es\/#organization\"},\"image\":{\"@id\":\"https:\/\/www.aparences.net\/es\/arte-y-mecenazgo\/los-este-de-ferrara\/leonello-de-este\/#primaryimage\"},\"thumbnailUrl\":\"https:\/\/www.aparences.net\/wp-content\/uploads\/2010\/07\/leonello-d-este-.jpg\",\"keywords\":[\"arte y mecenazgo\",\"Este de Ferrara\",\"Leonello de Este\"],\"articleSection\":[\"Los Este de Ferrara\"],\"inLanguage\":\"es\"},{\"@type\":[\"WebPage\",\"ItemPage\"],\"@id\":\"https:\/\/www.aparences.net\/es\/arte-y-mecenazgo\/los-este-de-ferrara\/leonello-de-este\/\",\"url\":\"https:\/\/www.aparences.net\/es\/arte-y-mecenazgo\/los-este-de-ferrara\/leonello-de-este\/\",\"name\":\"Leonello d'Este\",\"isPartOf\":{\"@id\":\"https:\/\/www.aparences.net\/es\/#website\"},\"primaryImageOfPage\":{\"@id\":\"https:\/\/www.aparences.net\/es\/arte-y-mecenazgo\/los-este-de-ferrara\/leonello-de-este\/#primaryimage\"},\"image\":{\"@id\":\"https:\/\/www.aparences.net\/es\/arte-y-mecenazgo\/los-este-de-ferrara\/leonello-de-este\/#primaryimage\"},\"thumbnailUrl\":\"https:\/\/www.aparences.net\/wp-content\/uploads\/2010\/07\/leonello-d-este-.jpg\",\"datePublished\":\"2010-07-12T19:04:05+00:00\",\"dateModified\":\"2025-12-11T18:40:57+00:00\",\"description\":\"Los miembros de la familia Este contribuyeron de forma notable al desarrollo del arte en Italia. Pintores como Pisanello, Jacopo Bellini, y del Norte, como Rogier van der Weyden al que la familia le adquiri\u00f3 diversas obras. El studiolo de Leonello d\u2019Este, donde se retoma el tema de las Musas, fue pintado por los mejores artistas de la escuela de Ferrara.\",\"breadcrumb\":{\"@id\":\"https:\/\/www.aparences.net\/es\/arte-y-mecenazgo\/los-este-de-ferrara\/leonello-de-este\/#breadcrumb\"},\"inLanguage\":\"es\",\"potentialAction\":[{\"@type\":\"ReadAction\",\"target\":[\"https:\/\/www.aparences.net\/es\/arte-y-mecenazgo\/los-este-de-ferrara\/leonello-de-este\/\"]}]},{\"@type\":\"ImageObject\",\"inLanguage\":\"es\",\"@id\":\"https:\/\/www.aparences.net\/es\/arte-y-mecenazgo\/los-este-de-ferrara\/leonello-de-este\/#primaryimage\",\"url\":\"https:\/\/www.aparences.net\/wp-content\/uploads\/2010\/07\/leonello-d-este-.jpg\",\"contentUrl\":\"https:\/\/www.aparences.net\/wp-content\/uploads\/2010\/07\/leonello-d-este-.jpg\",\"width\":1080,\"height\":540},{\"@type\":\"BreadcrumbList\",\"@id\":\"https:\/\/www.aparences.net\/es\/arte-y-mecenazgo\/los-este-de-ferrara\/leonello-de-este\/#breadcrumb\",\"itemListElement\":[{\"@type\":\"ListItem\",\"position\":1,\"name\":\"Portada\",\"item\":\"https:\/\/www.aparences.net\/es\/\"},{\"@type\":\"ListItem\",\"position\":2,\"name\":\"Leonello d&#8217;Este\"}]},{\"@type\":\"WebSite\",\"@id\":\"https:\/\/www.aparences.net\/es\/#website\",\"url\":\"https:\/\/www.aparences.net\/es\/\",\"name\":\"Aparences: Historia del Arte y Actualidad Cultural\",\"description\":\"\",\"publisher\":{\"@id\":\"https:\/\/www.aparences.net\/es\/#organization\"},\"potentialAction\":[{\"@type\":\"SearchAction\",\"target\":{\"@type\":\"EntryPoint\",\"urlTemplate\":\"https:\/\/www.aparences.net\/es\/?s={search_term_string}\"},\"query-input\":{\"@type\":\"PropertyValueSpecification\",\"valueRequired\":true,\"valueName\":\"search_term_string\"}}],\"inLanguage\":\"es\"},{\"@type\":\"Organization\",\"@id\":\"https:\/\/www.aparences.net\/es\/#organization\",\"name\":\"Aparences: Historia del Arte y Actualidad Cultural\",\"url\":\"https:\/\/www.aparences.net\/es\/\",\"logo\":{\"@type\":\"ImageObject\",\"inLanguage\":\"es\",\"@id\":\"https:\/\/www.aparences.net\/es\/#\/schema\/logo\/image\/\",\"url\":\"https:\/\/www.aparences.net\/wp-content\/uploads\/2023\/09\/logo-quadrat-color-e1695915315229.png\",\"contentUrl\":\"https:\/\/www.aparences.net\/wp-content\/uploads\/2023\/09\/logo-quadrat-color-e1695915315229.png\",\"width\":120,\"height\":120,\"caption\":\"Aparences: Historia del Arte y Actualidad Cultural\"},\"image\":{\"@id\":\"https:\/\/www.aparences.net\/es\/#\/schema\/logo\/image\/\"}},{\"@type\":\"Person\",\"@id\":\"https:\/\/www.aparences.net\/es\/#\/schema\/person\/af349f6ffc31b16c68963e61268afca5\",\"name\":\"admin\",\"url\":\"https:\/\/www.aparences.net\/es\/author\/admin\/\"}]}<\/script>\n<!-- \/ Yoast SEO plugin. -->","yoast_head_json":{"title":"Leonello d'Este","description":"Los miembros de la familia Este contribuyeron de forma notable al desarrollo del arte en Italia. Pintores como Pisanello, Jacopo Bellini, y del Norte, como Rogier van der Weyden al que la familia le adquiri\u00f3 diversas obras. El studiolo de Leonello d\u2019Este, donde se retoma el tema de las Musas, fue pintado por los mejores artistas de la escuela de Ferrara.","robots":{"index":"index","follow":"follow","max-snippet":"max-snippet:-1","max-image-preview":"max-image-preview:large","max-video-preview":"max-video-preview:-1"},"canonical":"https:\/\/www.aparences.net\/es\/arte-y-mecenazgo\/los-este-de-ferrara\/leonello-de-este\/","og_locale":"es_ES","og_type":"article","og_title":"Leonello d'Este","og_description":"Los miembros de la familia Este contribuyeron de forma notable al desarrollo del arte en Italia. Pintores como Pisanello, Jacopo Bellini, y del Norte, como Rogier van der Weyden al que la familia le adquiri\u00f3 diversas obras. El studiolo de Leonello d\u2019Este, donde se retoma el tema de las Musas, fue pintado por los mejores artistas de la escuela de Ferrara.","og_url":"https:\/\/www.aparences.net\/es\/arte-y-mecenazgo\/los-este-de-ferrara\/leonello-de-este\/","og_site_name":"Aparences","article_published_time":"2010-07-12T19:04:05+00:00","article_modified_time":"2025-12-11T18:40:57+00:00","og_image":[{"width":1080,"height":540,"url":"https:\/\/www.aparences.net\/wp-content\/uploads\/2010\/07\/leonello-d-este-.jpg","type":"image\/jpeg"}],"author":"admin","twitter_card":"summary_large_image","twitter_misc":{"Escrito por":"admin","Tiempo de lectura":"19 minutos"},"schema":{"@context":"https:\/\/schema.org","@graph":[{"@type":"Article","@id":"https:\/\/www.aparences.net\/es\/arte-y-mecenazgo\/los-este-de-ferrara\/leonello-de-este\/#article","isPartOf":{"@id":"https:\/\/www.aparences.net\/es\/arte-y-mecenazgo\/los-este-de-ferrara\/leonello-de-este\/"},"author":{"name":"admin","@id":"https:\/\/www.aparences.net\/es\/#\/schema\/person\/af349f6ffc31b16c68963e61268afca5"},"headline":"Leonello d&#8217;Este","datePublished":"2010-07-12T19:04:05+00:00","dateModified":"2025-12-11T18:40:57+00:00","mainEntityOfPage":{"@id":"https:\/\/www.aparences.net\/es\/arte-y-mecenazgo\/los-este-de-ferrara\/leonello-de-este\/"},"wordCount":3619,"publisher":{"@id":"https:\/\/www.aparences.net\/es\/#organization"},"image":{"@id":"https:\/\/www.aparences.net\/es\/arte-y-mecenazgo\/los-este-de-ferrara\/leonello-de-este\/#primaryimage"},"thumbnailUrl":"https:\/\/www.aparences.net\/wp-content\/uploads\/2010\/07\/leonello-d-este-.jpg","keywords":["arte y mecenazgo","Este de Ferrara","Leonello de Este"],"articleSection":["Los Este de Ferrara"],"inLanguage":"es"},{"@type":["WebPage","ItemPage"],"@id":"https:\/\/www.aparences.net\/es\/arte-y-mecenazgo\/los-este-de-ferrara\/leonello-de-este\/","url":"https:\/\/www.aparences.net\/es\/arte-y-mecenazgo\/los-este-de-ferrara\/leonello-de-este\/","name":"Leonello d'Este","isPartOf":{"@id":"https:\/\/www.aparences.net\/es\/#website"},"primaryImageOfPage":{"@id":"https:\/\/www.aparences.net\/es\/arte-y-mecenazgo\/los-este-de-ferrara\/leonello-de-este\/#primaryimage"},"image":{"@id":"https:\/\/www.aparences.net\/es\/arte-y-mecenazgo\/los-este-de-ferrara\/leonello-de-este\/#primaryimage"},"thumbnailUrl":"https:\/\/www.aparences.net\/wp-content\/uploads\/2010\/07\/leonello-d-este-.jpg","datePublished":"2010-07-12T19:04:05+00:00","dateModified":"2025-12-11T18:40:57+00:00","description":"Los miembros de la familia Este contribuyeron de forma notable al desarrollo del arte en Italia. Pintores como Pisanello, Jacopo Bellini, y del Norte, como Rogier van der Weyden al que la familia le adquiri\u00f3 diversas obras. El studiolo de Leonello d\u2019Este, donde se retoma el tema de las Musas, fue pintado por los mejores artistas de la escuela de Ferrara.","breadcrumb":{"@id":"https:\/\/www.aparences.net\/es\/arte-y-mecenazgo\/los-este-de-ferrara\/leonello-de-este\/#breadcrumb"},"inLanguage":"es","potentialAction":[{"@type":"ReadAction","target":["https:\/\/www.aparences.net\/es\/arte-y-mecenazgo\/los-este-de-ferrara\/leonello-de-este\/"]}]},{"@type":"ImageObject","inLanguage":"es","@id":"https:\/\/www.aparences.net\/es\/arte-y-mecenazgo\/los-este-de-ferrara\/leonello-de-este\/#primaryimage","url":"https:\/\/www.aparences.net\/wp-content\/uploads\/2010\/07\/leonello-d-este-.jpg","contentUrl":"https:\/\/www.aparences.net\/wp-content\/uploads\/2010\/07\/leonello-d-este-.jpg","width":1080,"height":540},{"@type":"BreadcrumbList","@id":"https:\/\/www.aparences.net\/es\/arte-y-mecenazgo\/los-este-de-ferrara\/leonello-de-este\/#breadcrumb","itemListElement":[{"@type":"ListItem","position":1,"name":"Portada","item":"https:\/\/www.aparences.net\/es\/"},{"@type":"ListItem","position":2,"name":"Leonello d&#8217;Este"}]},{"@type":"WebSite","@id":"https:\/\/www.aparences.net\/es\/#website","url":"https:\/\/www.aparences.net\/es\/","name":"Aparences: Historia del Arte y Actualidad Cultural","description":"","publisher":{"@id":"https:\/\/www.aparences.net\/es\/#organization"},"potentialAction":[{"@type":"SearchAction","target":{"@type":"EntryPoint","urlTemplate":"https:\/\/www.aparences.net\/es\/?s={search_term_string}"},"query-input":{"@type":"PropertyValueSpecification","valueRequired":true,"valueName":"search_term_string"}}],"inLanguage":"es"},{"@type":"Organization","@id":"https:\/\/www.aparences.net\/es\/#organization","name":"Aparences: Historia del Arte y Actualidad Cultural","url":"https:\/\/www.aparences.net\/es\/","logo":{"@type":"ImageObject","inLanguage":"es","@id":"https:\/\/www.aparences.net\/es\/#\/schema\/logo\/image\/","url":"https:\/\/www.aparences.net\/wp-content\/uploads\/2023\/09\/logo-quadrat-color-e1695915315229.png","contentUrl":"https:\/\/www.aparences.net\/wp-content\/uploads\/2023\/09\/logo-quadrat-color-e1695915315229.png","width":120,"height":120,"caption":"Aparences: Historia del Arte y Actualidad Cultural"},"image":{"@id":"https:\/\/www.aparences.net\/es\/#\/schema\/logo\/image\/"}},{"@type":"Person","@id":"https:\/\/www.aparences.net\/es\/#\/schema\/person\/af349f6ffc31b16c68963e61268afca5","name":"admin","url":"https:\/\/www.aparences.net\/es\/author\/admin\/"}]}},"_links":{"self":[{"href":"https:\/\/www.aparences.net\/es\/wp-json\/wp\/v2\/posts\/13154","targetHints":{"allow":["GET"]}}],"collection":[{"href":"https:\/\/www.aparences.net\/es\/wp-json\/wp\/v2\/posts"}],"about":[{"href":"https:\/\/www.aparences.net\/es\/wp-json\/wp\/v2\/types\/post"}],"author":[{"embeddable":true,"href":"https:\/\/www.aparences.net\/es\/wp-json\/wp\/v2\/users\/2"}],"replies":[{"embeddable":true,"href":"https:\/\/www.aparences.net\/es\/wp-json\/wp\/v2\/comments?post=13154"}],"version-history":[{"count":0,"href":"https:\/\/www.aparences.net\/es\/wp-json\/wp\/v2\/posts\/13154\/revisions"}],"wp:featuredmedia":[{"embeddable":true,"href":"https:\/\/www.aparences.net\/es\/wp-json\/wp\/v2\/media\/26612"}],"wp:attachment":[{"href":"https:\/\/www.aparences.net\/es\/wp-json\/wp\/v2\/media?parent=13154"}],"wp:term":[{"taxonomy":"category","embeddable":true,"href":"https:\/\/www.aparences.net\/es\/wp-json\/wp\/v2\/categories?post=13154"},{"taxonomy":"post_tag","embeddable":true,"href":"https:\/\/www.aparences.net\/es\/wp-json\/wp\/v2\/tags?post=13154"}],"curies":[{"name":"wp","href":"https:\/\/api.w.org\/{rel}","templated":true}]}}