{"id":13158,"date":"2010-07-13T13:40:50","date_gmt":"2010-07-13T12:40:50","guid":{"rendered":"https:\/\/www.aparences.net\/art-et-mecenat\/les-seigneurs-durbino\/la-corte-de-urbino-y-guidobaldo-da-montefeltro\/"},"modified":"2025-12-11T19:40:57","modified_gmt":"2025-12-11T18:40:57","slug":"la-corte-de-urbino-y-guidobaldo-da-montefeltro","status":"publish","type":"post","link":"https:\/\/www.aparences.net\/es\/arte-y-mecenazgo\/el-mecenazgo-en-urbino\/la-corte-de-urbino-y-guidobaldo-da-montefeltro\/","title":{"rendered":"La corte de Urbino y Guidobaldo da Montefeltro"},"content":{"rendered":"<p><!--contents--><\/p>\n\n\n<h2 class=\"wp-block-heading\">Guidobaldo de Montefeltro<\/h2>\n\n\n\n<p><strong>Guidobaldo de Montefeltro<\/strong> (1472-1508), hijo y heredero de <strong>Federico da Montefeltro<\/strong> fue educado en la corte de Urbino por intelectuales como <strong>Ludovico Odasio<\/strong> y <strong>Ottaviano Ubaldini<\/strong> (este \u00faltimo primo y tutor del joven duque, durante su minor\u00eda de edad hasta 1482, cuando asume el gobierno del ducado) y por el matem\u00e1tico <strong>Luca Pacioli<\/strong>. En 1489, Guidobaldo contrajo matrimonio con <strong>Elisabetta Gonzaga<\/strong> hija del marqu\u00e9s de <a title=\"Mantua\" href=\"https:\/\/www.aparences.net\/es\/arte-y-mecenazgo\/los-gonzaga-de-mantua\/\">Mantua<\/a>. La Italia de aquella \u00e9poca se encuentra profundamente dividida, debido principalmente a las ambiciones de conquista de franceses y espa\u00f1oles. Aunque el duque Guidobaldo consiguiera evitar la participaci\u00f3n directa del peque\u00f1o ducado de Urbino durante la invasi\u00f3n de Italia por el ej\u00e9rcito franc\u00e9s del rey <strong>Carlos VIII<\/strong> (1494), sin embargo, unos cuantos a\u00f1os m\u00e1s tarde, el ducado ser\u00e1 invadido por las tropas de <strong>Cesar Borgia<\/strong>, hijo del papa <a title=\"Alejandro VI\" href=\"https:\/\/www.aparences.net\/es\/arte-y-mecenazgo\/roma-mecenazgo-y-poder-papal\/alejandro-vi-borgia\/\">Alejandro VI<\/a> en sus sue\u00f1os de expansi\u00f3n de sus territorios, lo que obligar\u00e1 Guidobaldo a exiliarse a Mantua junto con su mujer, dejando la ciudad en manos de las milicias del duque de Valentinois. Las tropas de Cesar Borgia hacen su entrada en el peque\u00f1o pueblo de Urbino el 20 de junio de 1502, despu\u00e9s que Guidobaldo hubiera solicitado sin resultado alguno, la ayuda del ej\u00e9rcito de su cu\u00f1ado Francisco II de Mantua. En 1503, tras la muerte del papa Alejandro VI y el nombramiento de <a title=\"Julio II della Rovere\" href=\"https:\/\/www.aparences.net\/es\/arte-y-mecenazgo\/roma-mecenazgo-y-poder-papal\/julio-ii-giuliano-della-rovere\/\">Julio II della Rovere<\/a>, el ducado vuelve a manos de Guidobaldo. En 1504, el duque estando sin herederos leg\u00edtimos, adopta a su sobrino <a title=\"Francesco Maria della Rovere\" href=\"https:\/\/www.aparences.net\/es\/arte-y-mecenazgo\/el-mecenazgo-en-urbino\/la-familia-della-rovere\/\">Francesco Maria della Rovere<\/a>, quien se convertir\u00e1 en su heredero.<\/p>\n\n\n<div class=\"wp-block-image\">\n<figure class=\"aligncenter\"><img loading=\"lazy\" decoding=\"async\" width=\"503\" height=\"410\" src=\"https:\/\/www.aparences.net\/wp-content\/uploads\/2010\/07\/raphael-guidobaldo-de-montefeltro-1.jpg\" alt=\"Guidobaldo de Montefeltro, 1504-1506, Rafael\" class=\"wp-image-21697\" title=\"Guidobaldo de Montefeltro, 1504-1506, Rafael\" srcset=\"https:\/\/www.aparences.net\/wp-content\/uploads\/2010\/07\/raphael-guidobaldo-de-montefeltro-1.jpg 503w, https:\/\/www.aparences.net\/wp-content\/uploads\/2010\/07\/raphael-guidobaldo-de-montefeltro-1-160x130.jpg 160w\" sizes=\"auto, (max-width: 503px) 100vw, 503px\" \/><figcaption class=\"wp-element-caption\"><em><strong>Guidobaldo de Montefeltro<\/strong>, 1504-1506, <strong>Rafael<\/strong> (Florencia, Galeria de los Oficios)<\/em><\/figcaption><\/figure>\n<\/div>\n\n\n<p>Es en la corte de Guidobaldo donde tendr\u00e1n lugar los famosos cen\u00e1culos que <strong>Baldassare Castiglione<\/strong> durante su estancia en la refinada corte de Urbino, evoca en su libro <em>El Cortesano<\/em>. Adem\u00e1s de Castiglione, otros hu\u00e9spedes ilustres residir\u00e1n en el c\u00e9lebre palacio en forma de ciudad construido por <a title=\"Federico da Montefeltro\" href=\"https:\/\/www.aparences.net\/es\/arte-y-mecenazgo\/el-mecenazgo-en-urbino\/armas-y-letras-urbino-bajo-federico-da-montefeltro\/\">Federico da Montefeltro<\/a>. Entre ellos, <a href=\"https:\/\/es.wikipedia.org\/wiki\/Pietro_Bembo\">Pietro Bembo<\/a>, muy conocido en aquella \u00e9poca en otras cortes italianas como la de <a href=\"https:\/\/www.aparences.net\/es\/arte-y-mecenazgo\/los-este-de-ferrara\/\">Ferrara<\/a>: poeta y hombre de letras, divulga las obras de Petrarca, aboga por el uso de la lengua italiana en literatura en lugar del lat\u00edn, y el cardenal Bibbiena, mecenas y diplom\u00e1tico al servicio de <a href=\"https:\/\/www.aparences.net\/es\/arte-y-mecenazgo\/florencia-y-los-medicis\/\">los M\u00e9dicis<\/a> en la corte de Urbino. En este ambiente altamente innovador de los <a href=\"https:\/\/www.aparences.net\/es\/periodos\/el-alto-renacimiento-en-pintura\/\">primeros a\u00f1os del Cinquecento<\/a>, Urbino es considerada ya como un prestigioso centro art\u00edstico, donde empieza a despuntar el genio de <strong>Rafael<\/strong>, hijo del pintor de la corte <strong>Giovanni Santi<\/strong>. El joven ser\u00e1 llevado hasta las m\u00e1s altas esferas del arte por la familia ducal, quien lo presentar\u00e1 a sus futuros mecenas florentinos.<\/p>\n\n\n<div class=\"wp-block-image\">\n<figure class=\"aligncenter\"><img loading=\"lazy\" decoding=\"async\" width=\"572\" height=\"430\" src=\"https:\/\/www.aparences.net\/wp-content\/uploads\/2010\/07\/giovanni-santi-couronnement-de-la-vierge-retable-bufi.jpg\" alt=\"Coronaci\u00f3n de la Virgen, 1489, Giovanni Santi\" class=\"wp-image-21655\" title=\"Coronaci\u00f3n de la Virgen, 1489, Giovanni Santi\" srcset=\"https:\/\/www.aparences.net\/wp-content\/uploads\/2010\/07\/giovanni-santi-couronnement-de-la-vierge-retable-bufi.jpg 572w, https:\/\/www.aparences.net\/wp-content\/uploads\/2010\/07\/giovanni-santi-couronnement-de-la-vierge-retable-bufi-160x120.jpg 160w\" sizes=\"auto, (max-width: 572px) 100vw, 572px\" \/><figcaption class=\"wp-element-caption\"><em><strong>Coronaci\u00f3n de la Virgen<\/strong> (Retablo Buffi), 1489, <strong>Giovanni Santi<\/strong><\/em><br><em> (Urbino, Galleria Nazionale delle Marche)<\/em><\/figcaption><\/figure>\n<\/div>\n\n\n<p><em>La obra fue un encargo de la familia Buffi que aparece arrodillada a los pies de la Virgen. Se trata de un cuadro de la madurez de Santi donde se acerca a la pintura flamenca de <strong>Giusto de Gante<\/strong> y a la del espa\u00f1ol <strong>Pedro Berruguete<\/strong>, artistas a los que el pintor conoci\u00f3 en la corte de <strong>Federico de Montefeltro<\/strong>.<\/em><\/p>\n\n\n<div class=\"wp-block-image\">\n<figure class=\"aligncenter\"><img loading=\"lazy\" decoding=\"async\" width=\"339\" height=\"460\" src=\"https:\/\/www.aparences.net\/wp-content\/uploads\/2010\/07\/timoteo-viti-saint-thomas-beckett-et-saint-martin.jpg\" alt=\"San Thomas Beckett, Timoteo Viti\" class=\"wp-image-21657\" title=\"San Thomas Beckett, Timoteo Viti\" srcset=\"https:\/\/www.aparences.net\/wp-content\/uploads\/2010\/07\/timoteo-viti-saint-thomas-beckett-et-saint-martin.jpg 339w, https:\/\/www.aparences.net\/wp-content\/uploads\/2010\/07\/timoteo-viti-saint-thomas-beckett-et-saint-martin-160x217.jpg 160w\" sizes=\"auto, (max-width: 339px) 100vw, 339px\" \/><figcaption class=\"wp-element-caption\"><em><strong>San Thomas Beckett y san Mart\u00edn<\/strong> y los donantes Giovan Pietro Arrivabene y Guidobaldo de Montefeltro, <strong>Timoteo Viti<\/strong> (Urbino, Galleria Nazionale delle Marche)<\/em><\/figcaption><\/figure>\n<\/div>\n\n<div class=\"wp-block-image\">\n<figure class=\"aligncenter is-resized\"><img loading=\"lazy\" decoding=\"async\" width=\"297\" height=\"430\" src=\"https:\/\/www.aparences.net\/wp-content\/uploads\/2010\/07\/raphael-elisabetta-gonzaga.jpg\" alt=\"Elisabetta Gonzaga, Rafael\" class=\"wp-image-21660\" style=\"width:297px;height:auto\" title=\"Elisabetta Gonzaga, Rafael\" srcset=\"https:\/\/www.aparences.net\/wp-content\/uploads\/2010\/07\/raphael-elisabetta-gonzaga.jpg 297w, https:\/\/www.aparences.net\/wp-content\/uploads\/2010\/07\/raphael-elisabetta-gonzaga-160x232.jpg 160w\" sizes=\"auto, (max-width: 297px) 100vw, 297px\" \/><figcaption class=\"wp-element-caption\"><em><strong>Retrato de Elisabetta Gonzaga<\/strong>, c. 1504 <strong>Rafael<\/strong> (Florencia, Galer\u00eda de los Oficios)<\/em><\/figcaption><\/figure>\n<\/div>\n\n\n<p><em>La primera menci\u00f3n de este retrato data de 1631, en el inventario de las colecciones del palacio de Urbino. El cuadro se incorpor\u00f3 m\u00e1s tarde a las colecciones de los M\u00e9dicis con el legado de la gran duquesa <strong>Vittoria della Rovere<\/strong>. La posici\u00f3n frontal y la severidad austera de la cara, dan el retrato de la mujer de Guidobaldo una dignidad hier\u00e1tica que inspira un profundo respeto. El escorpi\u00f3n en la frente, en este caso hace la funci\u00f3n de amuleto de la suerte. Debido a la enfermedad que sufr\u00eda Guidobaldo, la pareja no pudo tener hijos. Sin embargo, Elisabetta le profesaba un gran afecto, demostr\u00e1ndolo en numerosas ocasiones, como cuando tuvo que empe\u00f1ar todas sus joyas y vender una parte de sus posesiones para pagar el rescate exigido por la poderosa familia Orsini. Elisabetta ser\u00e1 la musa de los famosos cen\u00e1culos de Castiglione.<\/em><\/p>\n\n\n\n<p>Al igual que su padre <strong>Giovanni Santi,<\/strong> el joven<strong> Rafae<\/strong>l supo cultivar sus relaciones con la corte mediante la realizaci\u00f3n de algunos peque\u00f1os cuadros de un car\u00e1cter sutilmente cortesano como el <em><strong>Sue\u00f1o del caballero<\/strong><\/em> de la National Gallery de Londres, el <em><strong>San Jorge<\/strong><\/em> del Louvre y <em>las Tres Gracias<\/em> del Museo Cond\u00e9 de Chantilly: estas refinadas obras permitieron al artista fundir sus logros pict\u00f3ricos en una gracia decorativa destinada a una corte que, precisamente en aquellos a\u00f1os, experimentaba el valor de la gracia, entendida como una virtud de civilizaci\u00f3n e inteligencia, en torno a la cual era necesario construir relaciones sociales entre hombres y mujeres, pr\u00edncipes y cortesanos.<\/p>\n\n\n<div class=\"wp-block-image\">\n<figure class=\"aligncenter\"><img loading=\"lazy\" decoding=\"async\" width=\"394\" height=\"422\" src=\"https:\/\/www.aparences.net\/wp-content\/uploads\/2010\/07\/raphael-saint-michel-terrassant-le-demon.jpg\" alt=\"San Miguel derribando al demonio, Rafael\" class=\"wp-image-21662\" title=\"San Miguel derribando al demonio, Rafael\" srcset=\"https:\/\/www.aparences.net\/wp-content\/uploads\/2010\/07\/raphael-saint-michel-terrassant-le-demon.jpg 394w, https:\/\/www.aparences.net\/wp-content\/uploads\/2010\/07\/raphael-saint-michel-terrassant-le-demon-160x171.jpg 160w\" sizes=\"auto, (max-width: 394px) 100vw, 394px\" \/><figcaption class=\"wp-element-caption\"><em><strong>San Miguel derribando al demonio<\/strong>, c. 1503\/1505, <strong>Rafael<\/strong> <\/em><br><em>(Par\u00eds, Museo del Louvre)<\/em><\/figcaption><\/figure>\n<\/div>\n\n\n<p><em>Obra rica en alusiones humanistas y eruditas, fue pintada al mismo tiempo que otro cuadro, el de \u00abSan Jorge luchando contra el drag\u00f3n \u00abque formaban parte de un d\u00edptico. Comisionada por <strong>Giovanna Feltria della Rovere<\/strong>, hermana de Guidobaldo y esposa del futuro duque <strong>Francesco della Rovere<\/strong>, la figura representa a su marido como caballero de la Orden de San Miguel y alude al mismo tiempo a <strong>Guidobaldo da Montefeltro<\/strong> como caballero de la Orden de la Jarretera que hab\u00eda heredado de su padre Federico. Las figuras de monstruos que Rafael ha representado en la tabla, as\u00ed como el Infierno de Dante con los condenados a la derecha de la imagen, recuerdan im\u00e1genes de la pintura n\u00f3rdica.<\/em><\/p>\n\n\n<div class=\"wp-block-image\">\n<figure class=\"aligncenter\"><img loading=\"lazy\" decoding=\"async\" width=\"421\" height=\"430\" src=\"https:\/\/www.aparences.net\/wp-content\/uploads\/2010\/07\/rafael-le-songe-du-chevalier.jpg\" alt=\"El sue\u00f1o de un caballero, 1504, Rafael\" class=\"wp-image-21664\" title=\"El sue\u00f1o de un caballero, 1504, Rafael\" srcset=\"https:\/\/www.aparences.net\/wp-content\/uploads\/2010\/07\/rafael-le-songe-du-chevalier.jpg 421w, https:\/\/www.aparences.net\/wp-content\/uploads\/2010\/07\/rafael-le-songe-du-chevalier-160x163.jpg 160w\" sizes=\"auto, (max-width: 421px) 100vw, 421px\" \/><figcaption class=\"wp-element-caption\"><em><strong>El sue\u00f1o de un caballero<\/strong>, 1504, <strong>Rafael<\/strong> (Londres, National Gallery)<\/em><\/figcaption><\/figure>\n<\/div>\n\n\n<p><em>Delante de un hermoso paisaje de atm\u00f3sfera di\u00e1fana, donde las obras del hombre armonizan con las de la naturaleza, figura un joven caballero dormido al pie de un laurel, flanqueado por dos figuras femeninas. Esta representaci\u00f3n simb\u00f3lica contiene varias referencias a fuentes literarias cl\u00e1sicas (principalmente al \u00abSomnium Scipionis\u00bb de <strong>Cicer\u00f3n<\/strong>), temas b\u00e1sicos del humanismo: la exhortaci\u00f3n a un hombre joven. \u00c9ste ve en sue\u00f1os a la Virtud, sobriamente vestida, de pie a la izquierda, present\u00e1ndole el libro y la espada, s\u00edmbolos de la vida contemplativa y la vida activa. De pie, a la derecha, la Voluptuosidad, vestida con suntuosos ropajes, le entrega una rama de flores, s\u00edmbolo de los placeres terrenales. Tradicionalmente, las dos figuras representan dos opciones opuestas, pero los estudiosos han visto aqu\u00ed una invitaci\u00f3n a conciliarlas: el perfecto caballero debe ser a la vez soldado, erudito y amante, seg\u00fan los principios de la filosof\u00eda neoplat\u00f3nica.<\/em><\/p>\n\n\n\n<!-- AdBoxRight2020 --><ins class=\"adsbygoogle\"     style=\"display:block; margin-top:30px;\"     data-ad-client=\"ca-pub-2468002815867636\"     data-ad-slot=\"3496014735\"     data-ad-format=\"auto\"     data-full-width-responsive=\"false\"><\/ins><script> (adsbygoogle = window.adsbygoogle || []).push({});<\/script><h2 class=\"wp-block-heading\">Raphael Urbinas (Urbino 1483 &#8211; Roma 1520)<\/h2>\n\n\n\n<p><strong>Rafael <\/strong>era hijo de <strong>Giovanni Santi<\/strong>, poeta y pintor de la corte de los Montefeltro. As\u00ed, desde muy joven, ya se hab\u00eda familiarizado con la vida cortesana &#8211; requisito muy importante en el futuro para poder relacionarse con sus poderosos comitentes en Florencia y Roma. Hizo su aprendizaje art\u00edstico en el taller de su padre y sus m\u00e1s pr\u00f3ximos colaboradores como <strong>Evangelista da Pian di Meleto<\/strong>, quienes a la muerte de <strong>Giovanni Santi<\/strong> en 1500, enviar\u00e1n al ni\u00f1o al taller de Perugino en Perugia para completar su formaci\u00f3n. A los diecisiete a\u00f1os, ya era \u00abmagister\u00bb. Esto le daba derecho a regentar un taller con colaboradores y alumnos. En 1504 <strong>Rafael<\/strong> ya gozaba de renombre, con clientes de alto nivel como <strong>Scipione Borghese<\/strong> o <strong>Francesco Maria della Rovere<\/strong>, hijo de Giovanna Feltria, hermana del duque Guidobaldo, la cual, aquel mismo a\u00f1o, entregar\u00e1 a Rafael una carta de recomendaci\u00f3n para Piero Soderini, gonfaloniero de la Rep\u00fablica de Florencia. All\u00ed, Rafael va a encontrarse con el extraordinario ambiente art\u00edstico de la ciudad, con pintores como <a title=\"Miguel Angel y Leonardo\" href=\"https:\/\/www.aparences.net\/es\/arte-y-mecenazgo\/florencia-y-los-medicis\/florencia-sin-los-medicis\/#la-rep%C3%BAblica-de-soderini\">Miguel \u00c1ngel y Leonardo da Vinci<\/a>. Mientras tanto, los clientes de Umbr\u00eda y Las Marcas continuaban encarg\u00e1ndole cuadros, no s\u00f3lo porqu\u00e9 hab\u00edan protegido a su padre <strong>Giovanni Santi<\/strong> y apreciado al jovenc\u00edsimo Rafael en sus comienzos como pintor, sino tambi\u00e9n por las novedades que pod\u00eda traer de un centro cultural de primer orden como era Florencia. <strong>Rafael<\/strong> comienza a recibir algunos encargos florentinos, cuadros de devoci\u00f3n privada y retratos. <strong>Vasari<\/strong> relata que en Florencia, Rafael gozaba de una gran consideraci\u00f3n entre la rica burgues\u00eda y cita los nombres de <strong>Taddeo Taddei<\/strong>, <strong>Agnolo Doni<\/strong>, <strong>Lorenzo Nasi<\/strong> y <strong>Domenico Canigiani<\/strong>. Fue as\u00ed como ejecut\u00f3 los retratos de Agnolo Doni, avisado mecenas y coleccionista de piedras preciosas y antig\u00fcedades, y de su esposa <strong>Maddalena Strozzi Doni<\/strong>. Convertido en pintor independiente, sigui\u00f3 manteniendo relaciones con la corte de Urbino, realizando diversas pinturas de devoci\u00f3n y retratos para el duque Guidobaldo.<\/p>\n\n\n<div class=\"wp-block-image\">\n<figure class=\"aligncenter\"><img loading=\"lazy\" decoding=\"async\" width=\"370\" height=\"430\" src=\"https:\/\/www.aparences.net\/wp-content\/uploads\/2010\/07\/raphael-autoportrait-dessin.jpg\" alt=\"Autorretrato, 1499, Rafael\" class=\"wp-image-21666\" title=\"Autorretrato, 1499, Rafael\" srcset=\"https:\/\/www.aparences.net\/wp-content\/uploads\/2010\/07\/raphael-autoportrait-dessin.jpg 370w, https:\/\/www.aparences.net\/wp-content\/uploads\/2010\/07\/raphael-autoportrait-dessin-160x186.jpg 160w\" sizes=\"auto, (max-width: 370px) 100vw, 370px\" \/><figcaption class=\"wp-element-caption\"><em><strong>Autorretrato<\/strong>, 1499, <strong>Rafael<\/strong> <\/em><br><em>(Oxford, The Ashmolean Museum)<\/em><\/figcaption><\/figure>\n<\/div>\n\n<div class=\"wp-block-image\">\n<figure class=\"aligncenter\"><img loading=\"lazy\" decoding=\"async\" width=\"371\" height=\"430\" src=\"https:\/\/www.aparences.net\/wp-content\/uploads\/2010\/07\/raphael-ange-pinacoteca-di-brera-milan.jpg\" alt=\"\u00c1ngel, 1500-1501, Rafael\" class=\"wp-image-21668\" title=\"\u00c1ngel, 1500-1501, Rafael\" srcset=\"https:\/\/www.aparences.net\/wp-content\/uploads\/2010\/07\/raphael-ange-pinacoteca-di-brera-milan.jpg 371w, https:\/\/www.aparences.net\/wp-content\/uploads\/2010\/07\/raphael-ange-pinacoteca-di-brera-milan-160x185.jpg 160w\" sizes=\"auto, (max-width: 371px) 100vw, 371px\" \/><figcaption class=\"wp-element-caption\"><em><strong>\u00c1ngel<\/strong>, 1500-1501, <strong>Rafael<\/strong> (Brescia, Pinacoteca Civica)<\/em><\/figcaption><\/figure>\n<\/div>\n\n\n<p><em>Esta peque\u00f1a tabla formaba parte de un gran retablo, la \u00abCoronaci\u00f3n de San Nicol\u00e1s de Tolentino\u00bb encargada a Rafael al mismo tiempo que al antiguo colaborador de su padre, <strong>Evangelista Pian di Meleto<\/strong>, obra destinada a la iglesia de Sant &#8216;Agostino de Citt\u00e0 di Castello. En el contrato firmado con el comitente, a <strong>Rafael<\/strong> que cuenta apenas diecisiete a\u00f1os &#8211; ya se le llama \u00abmaestro\u00bb (magister), es decir, considerado un artista independiente, lo que prueba que ya hab\u00eda terminado su aprendizaje. La pintura fue lamentablemente muy da\u00f1ada por el terremoto que destruy\u00f3 la iglesia en 1789.<\/em><\/p>\n\n\n<div class=\"wp-block-image\">\n<figure class=\"aligncenter\"><img loading=\"lazy\" decoding=\"async\" width=\"321\" height=\"460\" src=\"https:\/\/www.aparences.net\/wp-content\/uploads\/2010\/07\/raphael-le-mariage-de-la-vierge-1504.jpg\" alt=\"Desposorios de la Virgen, 1504, Rafael \" class=\"wp-image-21670\" title=\"Desposorios de la Virgen, 1504, Rafael \" srcset=\"https:\/\/www.aparences.net\/wp-content\/uploads\/2010\/07\/raphael-le-mariage-de-la-vierge-1504.jpg 321w, https:\/\/www.aparences.net\/wp-content\/uploads\/2010\/07\/raphael-le-mariage-de-la-vierge-1504-160x229.jpg 160w\" sizes=\"auto, (max-width: 321px) 100vw, 321px\" \/><\/figure>\n<\/div>\n\n<div class=\"wp-block-image\">\n<figure class=\"aligncenter\"><img loading=\"lazy\" decoding=\"async\" width=\"605\" height=\"430\" src=\"https:\/\/www.aparences.net\/wp-content\/uploads\/2010\/07\/raphael-le-mariage-de-la-vierge-detail.jpg\" alt=\"Desposorios de la Virgen, 1504, Rafael \" class=\"wp-image-21672\" title=\"Desposorios de la Virgen, 1504, Rafael \" srcset=\"https:\/\/www.aparences.net\/wp-content\/uploads\/2010\/07\/raphael-le-mariage-de-la-vierge-detail.jpg 605w, https:\/\/www.aparences.net\/wp-content\/uploads\/2010\/07\/raphael-le-mariage-de-la-vierge-detail-160x114.jpg 160w\" sizes=\"auto, (max-width: 605px) 100vw, 605px\" \/><figcaption class=\"wp-element-caption\"><em><strong>Desposorios de la Virgen<\/strong>, 1504, <strong>Rafael<\/strong> (Mil\u00e1n, Pinacoteca di Brera)<\/em><\/figcaption><\/figure>\n<\/div>\n\n\n<p><em>Esta tabla &#8211; fechada en 1504 y firmada RAPHAEL URBINAS en el arco central del peque\u00f1o templo, es generalmente considerada como la conclusi\u00f3n del per\u00edodo de la juventud Rafael. La composici\u00f3n y la iconograf\u00eda est\u00e1 claramente <strong>inspirada de Perugino<\/strong>. En primer lugar en el fresco \u00ab<a title=\"Entrega de las llaves capilla Sixtina\" href=\"https:\/\/www.aparences.net\/es\/arte-y-mecenazgo\/los-fresquistas-florentinos\/la-obra-mural-de-perugino-y-pinturicchio\/\">La entrega de llaves\u00bb de la Capilla Sixtina <\/a>(1481) y sobre todo en el cuadro del mismo tema, \u00abDesposorios de la Virgen\u00bb para la catedral de Perugia. Las numerosas variantes que introduce Rafael indican que se trata de una dependencia \u00abcr\u00edtica\u00bb: Rafael resuelve de forma m\u00e1s armoniosan la relaci\u00f3n entre la arquitectura y las figuras, estas \u00faltimas disponi\u00e9ndolas de modo que dan un efecto de profundidad al espacio, organizado seg\u00fan el concepto de proporciones &#8211; quiz\u00e1s derivado de <a title=\"Piero della Francesca\" href=\"https:\/\/www.aparences.net\/es\/arte-y-mecenazgo\/los-fresquistas-florentinos\/piero-della-francesca-historia-de-una-sintesis\/\">Piero della Francesca<\/a>.<\/em><\/p>\n\n\n<div class=\"wp-block-image\">\n<figure class=\"aligncenter\"><img loading=\"lazy\" decoding=\"async\" width=\"346\" height=\"460\" src=\"https:\/\/www.aparences.net\/wp-content\/uploads\/2010\/07\/raphael-portrait-de-dame-la-muta.jpg\" alt=\"Retrato de mujer joven, Rafael\" class=\"wp-image-21674\" title=\"Retrato de mujer joven, Rafael\" srcset=\"https:\/\/www.aparences.net\/wp-content\/uploads\/2010\/07\/raphael-portrait-de-dame-la-muta.jpg 346w, https:\/\/www.aparences.net\/wp-content\/uploads\/2010\/07\/raphael-portrait-de-dame-la-muta-160x213.jpg 160w\" sizes=\"auto, (max-width: 346px) 100vw, 346px\" \/><figcaption class=\"wp-element-caption\"><em><strong>Retrato de mujer joven, conocido como \u00abLa Muta\u00bb<\/strong> (Giovanna Feltria della Rovere Feltria?), 1507-1508, <strong>Rafael<\/strong> (Urbino, Galleria Nazionale delle Marche) <\/em><\/figcaption><\/figure>\n<\/div>\n\n\n<p><em>En este retrato, tambi\u00e9n conocido como \u00abla dama de Urbino\u00bb se ha cre\u00eddo reconocer a <strong>Giovanna Feltria della Rovere<\/strong>, protectora de <strong>Rafael<\/strong>. El estilo es aun del periodo de formaci\u00f3n del pintor. La presencia de distintos cambios introducidos en el transcurso de su realizaci\u00f3n \u00abpentimento\u00bb (arrepentimiento) ha llevado a los historiadores de arte a pensar que el artista hab\u00eda cambiado de idea varias veces, tal vez debido a un cambio en el estatus social de su modelo. A este cuadro tambi\u00e9n se le conoce con el nombre de \u00abla Muta\u00bb un t\u00edtulo un poco peyorativo cuando se aprecia el poder evocador y la elocuencia del retrato, y donde el mutismo de la dama se podr\u00eda interpretar, no como una discapacidad, sino como un silencio deliberado.<\/em><\/p>\n\n\n<div class=\"wp-block-image\">\n<figure class=\"aligncenter\"><img loading=\"lazy\" decoding=\"async\" width=\"585\" height=\"430\" src=\"https:\/\/www.aparences.net\/wp-content\/uploads\/2010\/07\/raphael-portraits-angelo-et-magdalena-doni.jpg\" alt=\"Agnolo y Maddalena Doni, 1506-1507, Rafael\" class=\"wp-image-21676\" title=\"Agnolo y Maddalena Doni, 1506-1507, Rafael\" srcset=\"https:\/\/www.aparences.net\/wp-content\/uploads\/2010\/07\/raphael-portraits-angelo-et-magdalena-doni.jpg 585w, https:\/\/www.aparences.net\/wp-content\/uploads\/2010\/07\/raphael-portraits-angelo-et-magdalena-doni-160x118.jpg 160w\" sizes=\"auto, (max-width: 585px) 100vw, 585px\" \/><\/figure>\n<\/div>\n\n<div class=\"wp-block-image\">\n<figure class=\"aligncenter\"><img loading=\"lazy\" decoding=\"async\" width=\"585\" height=\"310\" src=\"https:\/\/www.aparences.net\/wp-content\/uploads\/2010\/07\/raphael-portraits-angelo-et-magdalena-doni-details.jpg\" alt=\"Agnolo y Maddalena Doni, 1506-1507, Rafael\" class=\"wp-image-21678\" title=\"Agnolo y Maddalena Doni, 1506-1507, Rafael\" srcset=\"https:\/\/www.aparences.net\/wp-content\/uploads\/2010\/07\/raphael-portraits-angelo-et-magdalena-doni-details.jpg 585w, https:\/\/www.aparences.net\/wp-content\/uploads\/2010\/07\/raphael-portraits-angelo-et-magdalena-doni-details-160x85.jpg 160w\" sizes=\"auto, (max-width: 585px) 100vw, 585px\" \/><figcaption class=\"wp-element-caption\"><em><strong>Retratos de Agnolo Doni y Maddalena Doni<\/strong>, 1506-1507, <strong>Rafael<\/strong> <\/em><br><em>(Florencia, Galleria Palatina di Palazzo Pitti) <\/em><\/figcaption><\/figure>\n<\/div>\n\n\n<p><em>Nacido en 1474, <strong>Agnolo Doni<\/strong>, rico comerciante de Florencia, hab\u00eda ocupado cargos p\u00fablicos importantes en el gobierno republicano, y se distingui\u00f3 por su pasi\u00f3n por el coleccionismo y su papel como mecenas. Patrocin\u00f3 a Fra Bartolomeo, <strong>Miguel \u00c1ngel<\/strong> (quien pint\u00f3 para \u00e9l el famoso \u00abTondo Doni\u00bb) y Rafael. Este \u00faltimo ha representado a Doni delante de un luminoso paisaje para resaltar los detalles de su vestimenta simple pero lujosa. Rafael pone \u00e9nfasis en la aguda mirada del hombre de negocios. Como su marido, <strong>Maddalena Strozzi Doni<\/strong> est\u00e1 situada delante de un paisaje que resalta sus formas opulentas y la riqueza refinada de su atav\u00edo, exhibiendo costosas joyas, sobre todo el colgante. La placidez un poco arrogante de su rostro refleja el orgullo de su condici\u00f3n social. La composici\u00f3n y la pose derivan claramente de Leonardo de Vinci, como en otros retratos femeninos de la misma \u00e9poca (\u00abDonna Gravida\u00bb y \u00abLa Muta\u00bb), pero Rafael no utiliza el claroscuro: los contornos est\u00e1n bien definidos y las superficies han sido tratadas con el mismo refinamiento que en la <a title=\"pintura flamenca\" href=\"https:\/\/www.aparences.net\/es\/escuelas\/los-primitivos-flamencos\/\">pintura flamenca<\/a>.<\/em><\/p>\n\n\n\n<p>Fue en Florencia donde <strong>Rafael<\/strong> comenz\u00f3 sus numerosas variaciones sobre el tema de la Virgen y el Ni\u00f1o, a las cuales debe en gran parte su fama, as\u00ed como numerosos retratos. En 1508 fue llamado a Roma por el papa mecenas <strong>Julio II della Rovere<\/strong> para pintar al fresco las <a title=\"Estancias del Vaticano\" href=\"https:\/\/www.aparences.net\/es\/arte-y-mecenazgo\/los-fresquistas-florentinos\/la-obra-mural-de-rafael\/\">Estancias del Vaticano<\/a> y en 1511 pint\u00f3 para <strong>Agostino Chigi<\/strong>, poderoso hombre de negocios y tambi\u00e9n notable mecenas, la logia de la Villa Farnesina con el <a title=\"Triunfo de Galatea\" href=\"https:\/\/www.aparences.net\/es\/arte-y-mecenazgo\/roma-mecenazgo-y-poder-papal\/leon-x-giovanni-de-medicis\/#agostino-chigi,-el-banquero-del-papa\">Triunfo de Galatea<\/a>. Tambi\u00e9n en Roma, Rafael se vio cada vez m\u00e1s solicitado por cardenales para pintar sus retratos y decorar sus palacios. En 1514 pint\u00f3 <a href=\"https:\/\/www.aparences.net\/es\/periodos\/el-alto-renacimiento-en-pintura\/#rafael:-urbino,-florencia,-roma\">la Virgen de la silla<\/a> (Florencia, Pitti), pero mostr\u00f3 su extraordinaria grandeza art\u00edstica con la <a title=\"Transfiguraci\u00f3n\" href=\"https:\/\/www.aparences.net\/es\/arte-y-mecenazgo\/roma-mecenazgo-y-poder-papal\/leon-x-giovanni-de-medicis\/#raffaello-sanzio-%28urbino-1483---roma-1520%29\">Transfiguraci\u00f3n<\/a>. Esta obra p\u00f3stuma constituye el rico legado dejado por Rafael a la historia de la pintura de los siglos XV y XVI. El concepto de \u00abdecorum\u00bb (lo apropiado, lo adecuado), que acab\u00f3 por convertirse en el ideal renacentista, con el tiempo se convierte en una segunda naturaleza para <strong>Rafael<\/strong>, una especie de cualidad del alma, antes de ser un estilo. Los cielos inmensos y compactos de su pintura &#8211; que recuerdan la luz de Urbino &#8211; ba\u00f1an las calles, las casas y los paisajes con su limpidez clara, \u00abcomo un estuche del alma\u00bb, lo llama el historiador <strong>Berenson<\/strong>. Definici\u00f3n que puede aplicarse a la totalidad de su pintura, que nos ayuda a penetrar en la universalidad de <strong>Rafael de Urbino<\/strong>.<\/p>\n\n\n<div class=\"wp-block-image\">\n<figure class=\"aligncenter\"><img loading=\"lazy\" decoding=\"async\" width=\"342\" height=\"446\" src=\"https:\/\/www.aparences.net\/wp-content\/uploads\/2010\/07\/raphael-madonna-cowper.jpg\" alt=\"Madonna Cowper, c.1505, Rafael \" class=\"wp-image-21680\" title=\"Madonna Cowper, c.1505, Rafael\" srcset=\"https:\/\/www.aparences.net\/wp-content\/uploads\/2010\/07\/raphael-madonna-cowper.jpg 342w, https:\/\/www.aparences.net\/wp-content\/uploads\/2010\/07\/raphael-madonna-cowper-160x209.jpg 160w\" sizes=\"auto, (max-width: 342px) 100vw, 342px\" \/><figcaption class=\"wp-element-caption\"><em><em><strong>Madonna Cowper<\/strong>, c.1505, <strong>Rafael<\/strong> <\/em><\/em><br><em><em>(Washington, National Gallery) <\/em><\/em><\/figcaption><\/figure>\n<\/div>\n\n\n<p><em><em>En este peque\u00f1o cuadro pintado en Florencia, Rafael nos presenta una vista exterior de la iglesia de San Bernardino de Urbino. Incluso cuando ya hab\u00eda asimilado las experiencias art\u00edsticas de sus contempor\u00e1neos y sus predecesores, el artista llevar\u00e1 profundamente arraigado el recuerdo de la luz maravillosa de su peque\u00f1a ciudad y el legado de la corte erudita de <strong>Guidobaldo da Montefeltro<\/strong>, cen\u00e1culo del neoplatonismo de <strong>Marsilio Ficino<\/strong>. Esa sociedad de la cual Baldassare Castiglione, en \u00abEl libro del cortesano\u00bb representa po\u00e9ticamente las discusiones acad\u00e9micas sobre el culto de la forma.<\/em><\/em><\/p>\n\n\n<div class=\"wp-block-image\">\n<figure class=\"aligncenter is-resized\"><img loading=\"lazy\" decoding=\"async\" width=\"352\" height=\"460\" src=\"https:\/\/www.aparences.net\/wp-content\/uploads\/2010\/07\/raphael-dame-a-la-licorne-rome.jpg\" alt=\"La dama del unicornio, c. 1506,\u00a0 Rafael\" class=\"wp-image-21682\" style=\"width:352px;height:auto\" title=\"La dama del unicornio, c. 1506,\u00a0 Rafael\" srcset=\"https:\/\/www.aparences.net\/wp-content\/uploads\/2010\/07\/raphael-dame-a-la-licorne-rome.jpg 352w, https:\/\/www.aparences.net\/wp-content\/uploads\/2010\/07\/raphael-dame-a-la-licorne-rome-160x209.jpg 160w\" sizes=\"auto, (max-width: 352px) 100vw, 352px\" \/><figcaption class=\"wp-element-caption\"><em><em><strong>La dama del unicornio<\/strong>, c. 1506,&nbsp; <strong>Rafael<\/strong> <\/em><\/em><br><em><em>(Roma, Galleria Borghese)<\/em><\/em><\/figcaption><\/figure>\n<\/div>\n\n\n<p><em><em>Cuarenta a\u00f1os despu\u00e9s de su ejecuci\u00f3n, el cuadro fue completamente repintado, a excepci\u00f3n de la cara de la joven que fue transformada en imagen de una santa. Se recuper\u00f3 su aspecto original en el siglo XX, gracias a la perspicaz visi\u00f3n del historiador del arte <strong>Roberto Longhi<\/strong>. El hecho de que un peque\u00f1o unicornio que es s\u00edmbolo de virginidad se encuentre en los brazos de la joven, indica que puede tratarse de un retrato de boda. Del cuello de la dama pende un colgante que lleva engarzado un rub\u00ed, s\u00edmbolo de caridad femenina y de alma generosa, y una perla como s\u00edmbolo de virtud.<\/em><\/em><\/p>\n\n\n<div class=\"wp-block-image\">\n<figure class=\"aligncenter size-full\"><img loading=\"lazy\" decoding=\"async\" width=\"445\" height=\"460\" src=\"https:\/\/www.aparences.net\/wp-content\/uploads\/2010\/07\/raphael-deposition-retable-baglioni.jpg\" alt=\"La Deposici\u00f3n, 1507, Rafael \" class=\"wp-image-21684\" title=\"La Deposici\u00f3n, 1507, Rafael \" srcset=\"https:\/\/www.aparences.net\/wp-content\/uploads\/2010\/07\/raphael-deposition-retable-baglioni.jpg 445w, https:\/\/www.aparences.net\/wp-content\/uploads\/2010\/07\/raphael-deposition-retable-baglioni-160x165.jpg 160w\" sizes=\"auto, (max-width: 445px) 100vw, 445px\" \/><\/figure>\n<\/div>\n\n<div class=\"wp-block-image\">\n<figure class=\"aligncenter size-full\"><img loading=\"lazy\" decoding=\"async\" width=\"600\" height=\"460\" src=\"https:\/\/www.aparences.net\/wp-content\/uploads\/2010\/07\/raphael-deposition-retable-baglioni-detail.jpg\" alt=\"La Deposici\u00f3n, 1507, Rafael \" class=\"wp-image-21686\" title=\"La Deposici\u00f3n, 1507, Rafael \" srcset=\"https:\/\/www.aparences.net\/wp-content\/uploads\/2010\/07\/raphael-deposition-retable-baglioni-detail.jpg 600w, https:\/\/www.aparences.net\/wp-content\/uploads\/2010\/07\/raphael-deposition-retable-baglioni-detail-160x123.jpg 160w\" sizes=\"auto, (max-width: 600px) 100vw, 600px\" \/><figcaption class=\"wp-element-caption\"><em><strong>La Deposici\u00f3n<\/strong> (Retablo Baglioni), 1507, <strong>Rafael<\/strong> (Roma, Galer\u00eda Borghese)<\/em><\/figcaption><\/figure>\n<\/div>\n\n\n<p><em>Dada la complejidad de su composici\u00f3n, para realizar esta importante obra Rafael tuvo que realizar numerosos estudios preparatorios. La obra no estaba destinada a Florencia, sino a Perugia, para la capilla funeraria de los Baglioni en la iglesia de San Francisco. El encargo de este trabajo est\u00e1 relacionado con los violentos acontecimientos que hab\u00edan ocurrido en Perugia y de los que fueron protagonistas algunos miembros de la familia <strong>Baglioni<\/strong>, una de las m\u00e1s importantes de la ciudad. En esta \u00e9poca, Rafael ha adquirido ya toda su maestr\u00eda y es capaz de realizar lo que Alberti llam\u00f3 la \u00abpintura de historia\u00bb, es decir, la orquestaci\u00f3n de una escena compleja que involucre a numerosos personajes cuyos gestos y expresiones reflejen distintos sentimientos.<\/em><\/p>\n\n\n\n<h2 class=\"wp-block-heading\">Il Corteggiano (el cortesano de Castiglione)<\/h2>\n\n\n\n<p>Gracias a <strong>Baldassare Castiglione<\/strong> (1478-1529), la figura del cortesano, junto con la del humanista y el pr\u00edncipe, permanece como uno de los grupos sociales m\u00e1s conocidos del Renacimiento. Su libro <em>El cortesano<\/em> escrito en forma de di\u00e1logo, es el m\u00e1s famoso de los muchos tratados sobre este tema escritos en los siglos XV y XVI \u2013 en aquella \u00e9poca se escribieron 1.400 tratados dedicados al gentilhombre y 800 a las damas. Parodiando a <a href=\"https:\/\/es.wikipedia.org\/wiki\/Arist%C3%B3teles\">Arist\u00f3teles<\/a>, se podr\u00eda decir que el cortesano es una especie cuyo medio natural habitual es la Corte: generalmente una fortaleza o un castillo, con su cuerpo de guardia, patio interior, dependencias para la servidumbre y una capilla, y donde el se\u00f1or dispone de una serie de apartamentos para su uso particular y una o varias antec\u00e1maras donde esperan los que piden audiencia. Los pr\u00edncipes del Renacimiento no se quedaban mucho tiempo en un mismo lugar. En el caso del duque Guidobaldo \u00e9ste pasaba la mayor parte de su tiempo en su palacio de Urbino, pero era inv\u00e1lido y su territorio era peque\u00f1o. La mayor\u00eda de los pr\u00edncipes europeos de los siglos XV y XVI viajaban constantemente, deteni\u00e9ndose en sus ciudades o simplemente, yendo de castillo en castillo. Pero la Corte tambi\u00e9n fue un tipo de instituci\u00f3n muy particular, fue el medio social donde se creaban y adquir\u00edan muchas obras de arte.<\/p>\n\n\n<div class=\"wp-block-image\">\n<figure class=\"aligncenter size-full\"><img loading=\"lazy\" decoding=\"async\" width=\"504\" height=\"430\" src=\"https:\/\/www.aparences.net\/wp-content\/uploads\/2010\/07\/rapahel-portrait-baldassare-castiglione.jpg\" alt=\"Baldassare Castiglione, 1514-1515 , Rafael\" class=\"wp-image-21688\" title=\"Baldassare Castiglione, 1514-1515 , Rafael\" srcset=\"https:\/\/www.aparences.net\/wp-content\/uploads\/2010\/07\/rapahel-portrait-baldassare-castiglione.jpg 504w, https:\/\/www.aparences.net\/wp-content\/uploads\/2010\/07\/rapahel-portrait-baldassare-castiglione-160x137.jpg 160w\" sizes=\"auto, (max-width: 504px) 100vw, 504px\" \/><figcaption class=\"wp-element-caption\"><em><strong>Retrato de Baldassare Castiglione<\/strong>, 1514-1515 , <strong>Rafael<\/strong> (Par\u00eds, Museo del Louvre)<\/em><\/figcaption><\/figure>\n<\/div>\n\n\n<p>Nacido cerca de Mantua, <strong>Castiglione<\/strong> se educ\u00f3 en Mil\u00e1n en la corte del gran condottiero <strong>Ludovico Sforza<\/strong>, famoso por su galanter\u00eda y caballerosidad, y su gusto por la erudici\u00f3n. En esta ciudad, Castiglione pudo observar los experimentos en el campo del <a href=\"https:\/\/www.aparences.net\/es\/arte-y-mecenazgo\/el-ducado-de-milan\/ludovico-el-moro\/#leonardo,-un-genio-al-servicio-del-poder\">arte y de la t\u00e9cnica llevados a cabo por Leonardo da Vinci<\/a>. Este fue tambi\u00e9n el lugar donde adquiri\u00f3 conocimientos sobre asuntos p\u00fablicos y militares, lo que le vali\u00f3 ser contratado por otras cortes, como la de Mantua bajo <a href=\"https:\/\/www.aparences.net\/es\/arte-y-mecenazgo\/los-gonzaga-de-mantua\/el-studiolo-de-isabel-de-este\/\">Isabella d\u2019Este<\/a> (1500-1504), Urbino (1504-1516 ) y de nuevo Mantua (1516-1524), y le llev\u00f3 a interesarse por la literatura de la Antig\u00fcedad cl\u00e1sica. Se le otorgaron varios cargos militares, pero sus capacidades se orientaban m\u00e1s hacia la diplomacia gracias a su habilidad en negociar treguas y alianzas \u2013 el retrato de Rafael (amigo del escritor), fue pintado en Roma, cuando Castiglione fue enviado por el duque <strong>Guidobaldo da Montefeltro<\/strong> como embajador en la corte pontificia. En 1508 y en Urbino, volvi\u00f3 a revisar su libro <em>El Cortesano<\/em> hasta su publicaci\u00f3n definitiva en Venecia en 1528. Con ello quer\u00eda lograr dos objetivos: describir la corte de Urbino y abogar por la formaci\u00f3n del cortesano, quien mediante sus consejos avisados al pr\u00edncipe, contribuyera a la seguridad y al bienestar de una Italia mal gobernada. Escrito en un italiano ampliamente accesible, el libro describe de forma muy realista personajes y lugares e ilustra el primer imperativo moral de<strong> Castiglione<\/strong>, que era el de no aburrirse nunca. Incita al perfecto cortesano a considerar las cosas con una cierta indiferencia, haciendo que lo que dice o lo que hace, parezca que lo haga sin coerci\u00f3n ni esfuerzo. El libro <em>El Cortesano<\/em> ser\u00e1 traducido a varios idiomas y se convertir\u00e1 r\u00e1pidamente en un manual de reglas de convivencia en todas las cortes europeas.<\/p>\n\n\n\n<!-- AdBoxLeft2023 --><ins class=\"adsbygoogle\" style=\"display:block\" data-ad-client=\"ca-pub-2468002815867636\" data-ad-slot=\"1318022963\" data-ad-format=\"auto\" data-full-width-responsive=\"true\"><\/ins><script> (adsbygoogle = window.adsbygoogle || []).push({});<\/script><h2 class=\"wp-block-heading\">Luca Pacioli: De divina proportione<\/h2>\n\n\n\n<p>El monje dominico <strong>Luca Pacioli<\/strong> era compatriota de <a href=\"https:\/\/www.aparences.net\/es\/arte-y-mecenazgo\/el-mecenazgo-en-urbino\/armas-y-letras-urbino-bajo-federico-da-montefeltro\/\">Piero della Francesca<\/a>, con el que el artista mantuvo una larga y estrecha amistad. Nacido hacia 1445, Pacioli hab\u00eda dedicado su vida al estudio de las matem\u00e1ticas; ense\u00f1\u00f3 en universidades de varias ciudades, entre ellas Bolonia, Roma y Venecia. Hombre cuya personalidad era muy estimada, al igual que la de muchos humanistas interesados en el mundo de los n\u00fameros, Pacioli encuentra su patria ideal en la corte de Urbino. Es all\u00ed donde la relaci\u00f3n con <strong>Piero della Francesca<\/strong> se har\u00e1 m\u00e1s intensa: les une el gusto por los problemas matem\u00e1ticos y sobre todo el inter\u00e9s por la construcci\u00f3n geom\u00e9trica de los cuerpos regulares simples. Los resultados de sus largos estudios y las investigaciones te\u00f3ricas sobre los vol\u00famenes de <strong>Piero della Francesca<\/strong> se dar\u00e1n a conocer por<strong> Luca Paccioli<\/strong> en una serie de textos, entre ellos el fundamental <a href=\"https:\/\/es.wikipedia.org\/wiki\/De_divina_proportione\"><em>De divina proportione<\/em><\/a>, publicado en Venecia en 1509. Esta obra de ambicioso t\u00edtulo constituye la primera explicaci\u00f3n racional del \u00abn\u00famero de oro\u00bb con las aplicaciones matem\u00e1ticas de las proporciones. Gracias a Pacioli, las reglas de la proporci\u00f3n, guardadas celosamente durante siglos en los talleres de los pintores, se convierten en patrimonio com\u00fan de todos los artistas y estudiosos.<\/p>\n\n\n<div class=\"wp-block-image\">\n<figure class=\"aligncenter size-full\"><img loading=\"lazy\" decoding=\"async\" width=\"516\" height=\"430\" src=\"https:\/\/www.aparences.net\/wp-content\/uploads\/2010\/07\/jacopo-de-barbari-portrait-luca-pacioli.jpg\" alt=\"Luca Pacioli y Guidobaldo da Montefeltro, 1495, Jacopo de Barbari\" class=\"wp-image-21691\" title=\"Luca Pacioli y Guidobaldo da Montefeltro, 1495, Jacopo de Barbari\" srcset=\"https:\/\/www.aparences.net\/wp-content\/uploads\/2010\/07\/jacopo-de-barbari-portrait-luca-pacioli.jpg 516w, https:\/\/www.aparences.net\/wp-content\/uploads\/2010\/07\/jacopo-de-barbari-portrait-luca-pacioli-160x133.jpg 160w\" sizes=\"auto, (max-width: 516px) 100vw, 516px\" \/><\/figure>\n<\/div>\n\n<div class=\"wp-block-image\">\n<figure class=\"aligncenter size-full\"><img loading=\"lazy\" decoding=\"async\" width=\"516\" height=\"228\" src=\"https:\/\/www.aparences.net\/wp-content\/uploads\/2010\/07\/jacopo-de-barbari-portrait-luca-pacioli-detail.jpg\" alt=\"Luca Pacioli y Guidobaldo da Montefeltro, 1495, Jacopo de Barbari\" class=\"wp-image-21693\" title=\"Luca Pacioli y Guidobaldo da Montefeltro, 1495, Jacopo de Barbari\" srcset=\"https:\/\/www.aparences.net\/wp-content\/uploads\/2010\/07\/jacopo-de-barbari-portrait-luca-pacioli-detail.jpg 516w, https:\/\/www.aparences.net\/wp-content\/uploads\/2010\/07\/jacopo-de-barbari-portrait-luca-pacioli-detail-160x71.jpg 160w\" sizes=\"auto, (max-width: 516px) 100vw, 516px\" \/><figcaption class=\"wp-element-caption\"><em><strong>Retrato de Luca Pacioli y el joven duque Guidobaldo da Montefeltro<\/strong>, 1495, <strong>Jacopo de \u2018Barbari<\/strong> (N\u00e1poles, Galleria Nazionale di Capodimonte)<\/em><\/figcaption><\/figure>\n<\/div>\n\n\n<p><em><strong>Luca Pacioli<\/strong>, el gran matem\u00e1tico y compatriota de <strong>Piero della Francesca<\/strong>, se representa junto con su alumno Guidobaldo dibujando una figura geom\u00e9trica sobre una pizarra, y rodeado de los utensilios de su oficio. La procedencia de esta obra se pone de manifiesto por el hecho de que el palacio ducal de Urbino se refleja en el poliedro suspendido de cristal. El autor de este retrato, quien vivi\u00f3 en Urbino durante la estancia de Piero della Francesca, utiliza la t\u00e9cnica del <a href=\"https:\/\/www.aparences.net\/es\/escuelas\/los-primitivos-flamencos\/\">naturalismo flamenco<\/a> que utilizaban ya muchos pintores del norte de Europa como <a href=\"https:\/\/www.aparences.net\/es\/periodos\/el-renacimiento-nordico\/alberto-durero\/\">Alberto Durero<\/a>.<\/em><\/p>\n\n\n<div class=\"wp-block-image\">\n<figure class=\"aligncenter size-full\"><img loading=\"lazy\" decoding=\"async\" width=\"516\" height=\"349\" src=\"https:\/\/www.aparences.net\/wp-content\/uploads\/2010\/07\/piero-della-francesca-retable-abside.jpg\" alt=\"Sagrada conversaci\u00f3n, Piero della Francesca\" class=\"wp-image-21695\" title=\"Sagrada conversaci\u00f3n, Piero della Francesca\" srcset=\"https:\/\/www.aparences.net\/wp-content\/uploads\/2010\/07\/piero-della-francesca-retable-abside.jpg 516w, https:\/\/www.aparences.net\/wp-content\/uploads\/2010\/07\/piero-della-francesca-retable-abside-160x108.jpg 160w\" sizes=\"auto, (max-width: 516px) 100vw, 516px\" \/><figcaption class=\"wp-element-caption\"><em><strong>Sagrada conversaci\u00f3n, <\/strong>detalle del \u00e1bside, 1472-1474, <strong>Piero della Francesca<\/strong> (Mil\u00e1n, Pinacoteca di Brera)<\/em><\/figcaption><\/figure>\n<\/div>\n\n\n<p>La obra te\u00f3rica m\u00e1s importante de <strong>Piero della Francesca<\/strong>, <a href=\"https:\/\/es.wikipedia.org\/wiki\/De_Prospectiva_pingendi\"><em>De prospectiva pingendi<\/em><\/a> completada en los \u00faltimos a\u00f1os de su estancia en Urbino; est\u00e1 dedicada a <a href=\"https:\/\/www.aparences.net\/es\/arte-y-mecenazgo\/el-mecenazgo-en-urbino\/armas-y-letras-urbino-bajo-federico-da-montefeltro\/\">Federico da Montefeltro<\/a>, personaje muy interesado por la arquitectura. El pintor intenta establecer un universo que estar\u00eda dominado por las leyes de la perspectiva. Otro tratado de Piero, <em>De quinque corporibus Regularibus<\/em> que trata sobre los cinco cuerpos regulares, fue completado y publicado alrededor de 1485, con una dedicatoria a Guidobaldo, con la que pone de manifiesto el v\u00ednculo casi sentimental que le un\u00eda a la corte de Urbino. La investigaci\u00f3n te\u00f3rica sobre los vol\u00famenes de <strong>Piero della Francesca<\/strong>, ser\u00e1n difundidos por <strong>Luca Paccioli <\/strong>en su <em>De divina proportione<\/em>, pero fue su obra pict\u00f3rica la que constituy\u00f3 la base esencial para muchos artistas: la solemnidad expresiva, la atenci\u00f3n puesta en los valores geom\u00e9tricos y la perspectiva, el rigor l\u00f3gico con el que Piero domina el tema, crean las primicias de una orientaci\u00f3n art\u00edstica de gran importancia, que encontr\u00f3 en <a href=\"https:\/\/es.wikipedia.org\/wiki\/Donato_d%27Angelo_Bramante\" target=\"_blank\" rel=\"noreferrer noopener\">Donato Bramante<\/a> su m\u00e1s genial int\u00e9rprete.<\/p>\n\n\n\n<p><em>&nbsp;\u00daltima actualizaci\u00f3n : 28-12-2023<\/em><\/p>\n","protected":false},"excerpt":{"rendered":"<p>Durante esta \u00e9poca, en Urbino empieza a despuntar el genio de Rafael, hijo del pintor de la corte Giovanni Santi. Sin olvidar a ilustres hu\u00e9spedes como Baldassare Castiglione y el gran matem\u00e1tico Luca Pacioli.<\/p>\n","protected":false},"author":2,"featured_media":26642,"comment_status":"closed","ping_status":"closed","sticky":false,"template":"","format":"standard","meta":{"footnotes":""},"categories":[2318],"tags":[3250,6049,5258,3251,3255,941,5063,2895,5259],"class_list":["post-13158","post","type-post","status-publish","format-standard","has-post-thumbnail","hentry","category-el-mecenazgo-en-urbino","tag-castiglione-2","tag-corte-de-urbino","tag-guidobaldo-de-montefeltro","tag-il-corteggiano-2","tag-luca-pacioli-2","tag-madone-cowper","tag-mecenazgo-artistico","tag-rafael","tag-rafael-primeras-obras"],"yoast_head":"<!-- This site is optimized with the Yoast SEO plugin v27.2 - https:\/\/yoast.com\/product\/yoast-seo-wordpress\/ -->\n<title>La corte de Urbino y Guidobaldo da Montefeltro<\/title>\n<meta name=\"description\" content=\"Durante esta \u00e9poca, en Urbino empieza a despuntar el genio de Rafael, hijo del pintor de la corte Giovanni Santi. Sin olvidar a ilustres hu\u00e9spedes como Baldassare Castiglione y el gran matem\u00e1tico Luca Pacioli.\" \/>\n<meta name=\"robots\" content=\"index, follow, max-snippet:-1, max-image-preview:large, max-video-preview:-1\" \/>\n<link rel=\"canonical\" href=\"https:\/\/www.aparences.net\/es\/arte-y-mecenazgo\/el-mecenazgo-en-urbino\/la-corte-de-urbino-y-guidobaldo-da-montefeltro\/\" \/>\n<meta property=\"og:locale\" content=\"es_ES\" \/>\n<meta property=\"og:type\" content=\"article\" \/>\n<meta property=\"og:title\" content=\"La corte de Urbino y Guidobaldo da Montefeltro\" \/>\n<meta property=\"og:description\" content=\"Durante esta \u00e9poca, en Urbino empieza a despuntar el genio de Rafael, hijo del pintor de la corte Giovanni Santi. Sin olvidar a ilustres hu\u00e9spedes como Baldassare Castiglione y el gran matem\u00e1tico Luca Pacioli.\" \/>\n<meta property=\"og:url\" content=\"https:\/\/www.aparences.net\/es\/arte-y-mecenazgo\/el-mecenazgo-en-urbino\/la-corte-de-urbino-y-guidobaldo-da-montefeltro\/\" \/>\n<meta property=\"og:site_name\" content=\"Aparences\" \/>\n<meta property=\"article:published_time\" content=\"2010-07-13T12:40:50+00:00\" \/>\n<meta property=\"article:modified_time\" content=\"2025-12-11T18:40:57+00:00\" \/>\n<meta property=\"og:image\" content=\"https:\/\/www.aparences.net\/wp-content\/uploads\/2010\/07\/guidobaldo-de-montefeltro.jpg\" \/>\n\t<meta property=\"og:image:width\" content=\"1080\" \/>\n\t<meta property=\"og:image:height\" content=\"540\" \/>\n\t<meta property=\"og:image:type\" content=\"image\/jpeg\" \/>\n<meta name=\"author\" content=\"admin\" \/>\n<meta name=\"twitter:card\" content=\"summary_large_image\" \/>\n<meta name=\"twitter:label1\" content=\"Escrito por\" \/>\n\t<meta name=\"twitter:data1\" content=\"admin\" \/>\n\t<meta name=\"twitter:label2\" content=\"Tiempo de lectura\" \/>\n\t<meta name=\"twitter:data2\" content=\"21 minutos\" \/>\n<script type=\"application\/ld+json\" class=\"yoast-schema-graph\">{\"@context\":\"https:\/\/schema.org\",\"@graph\":[{\"@type\":\"Article\",\"@id\":\"https:\/\/www.aparences.net\/es\/arte-y-mecenazgo\/el-mecenazgo-en-urbino\/la-corte-de-urbino-y-guidobaldo-da-montefeltro\/#article\",\"isPartOf\":{\"@id\":\"https:\/\/www.aparences.net\/es\/arte-y-mecenazgo\/el-mecenazgo-en-urbino\/la-corte-de-urbino-y-guidobaldo-da-montefeltro\/\"},\"author\":{\"name\":\"admin\",\"@id\":\"https:\/\/www.aparences.net\/es\/#\/schema\/person\/af349f6ffc31b16c68963e61268afca5\"},\"headline\":\"La corte de Urbino y Guidobaldo da Montefeltro\",\"datePublished\":\"2010-07-13T12:40:50+00:00\",\"dateModified\":\"2025-12-11T18:40:57+00:00\",\"mainEntityOfPage\":{\"@id\":\"https:\/\/www.aparences.net\/es\/arte-y-mecenazgo\/el-mecenazgo-en-urbino\/la-corte-de-urbino-y-guidobaldo-da-montefeltro\/\"},\"wordCount\":3825,\"publisher\":{\"@id\":\"https:\/\/www.aparences.net\/es\/#organization\"},\"image\":{\"@id\":\"https:\/\/www.aparences.net\/es\/arte-y-mecenazgo\/el-mecenazgo-en-urbino\/la-corte-de-urbino-y-guidobaldo-da-montefeltro\/#primaryimage\"},\"thumbnailUrl\":\"https:\/\/www.aparences.net\/wp-content\/uploads\/2010\/07\/guidobaldo-de-montefeltro.jpg\",\"keywords\":[\"Castiglione\",\"corte de Urbino\",\"Guidobaldo de Montefeltro\",\"Il Corteggiano\",\"Luca Pacioli\",\"Madone Cowper\",\"mecenazgo art\u00edstico\",\"Rafael\",\"Rafael primeras obras\"],\"articleSection\":[\"El mecenazgo en Urbino\"],\"inLanguage\":\"es\"},{\"@type\":[\"WebPage\",\"ItemPage\"],\"@id\":\"https:\/\/www.aparences.net\/es\/arte-y-mecenazgo\/el-mecenazgo-en-urbino\/la-corte-de-urbino-y-guidobaldo-da-montefeltro\/\",\"url\":\"https:\/\/www.aparences.net\/es\/arte-y-mecenazgo\/el-mecenazgo-en-urbino\/la-corte-de-urbino-y-guidobaldo-da-montefeltro\/\",\"name\":\"La corte de Urbino y Guidobaldo da Montefeltro\",\"isPartOf\":{\"@id\":\"https:\/\/www.aparences.net\/es\/#website\"},\"primaryImageOfPage\":{\"@id\":\"https:\/\/www.aparences.net\/es\/arte-y-mecenazgo\/el-mecenazgo-en-urbino\/la-corte-de-urbino-y-guidobaldo-da-montefeltro\/#primaryimage\"},\"image\":{\"@id\":\"https:\/\/www.aparences.net\/es\/arte-y-mecenazgo\/el-mecenazgo-en-urbino\/la-corte-de-urbino-y-guidobaldo-da-montefeltro\/#primaryimage\"},\"thumbnailUrl\":\"https:\/\/www.aparences.net\/wp-content\/uploads\/2010\/07\/guidobaldo-de-montefeltro.jpg\",\"datePublished\":\"2010-07-13T12:40:50+00:00\",\"dateModified\":\"2025-12-11T18:40:57+00:00\",\"description\":\"Durante esta \u00e9poca, en Urbino empieza a despuntar el genio de Rafael, hijo del pintor de la corte Giovanni Santi. Sin olvidar a ilustres hu\u00e9spedes como Baldassare Castiglione y el gran matem\u00e1tico Luca Pacioli.\",\"breadcrumb\":{\"@id\":\"https:\/\/www.aparences.net\/es\/arte-y-mecenazgo\/el-mecenazgo-en-urbino\/la-corte-de-urbino-y-guidobaldo-da-montefeltro\/#breadcrumb\"},\"inLanguage\":\"es\",\"potentialAction\":[{\"@type\":\"ReadAction\",\"target\":[\"https:\/\/www.aparences.net\/es\/arte-y-mecenazgo\/el-mecenazgo-en-urbino\/la-corte-de-urbino-y-guidobaldo-da-montefeltro\/\"]}]},{\"@type\":\"ImageObject\",\"inLanguage\":\"es\",\"@id\":\"https:\/\/www.aparences.net\/es\/arte-y-mecenazgo\/el-mecenazgo-en-urbino\/la-corte-de-urbino-y-guidobaldo-da-montefeltro\/#primaryimage\",\"url\":\"https:\/\/www.aparences.net\/wp-content\/uploads\/2010\/07\/guidobaldo-de-montefeltro.jpg\",\"contentUrl\":\"https:\/\/www.aparences.net\/wp-content\/uploads\/2010\/07\/guidobaldo-de-montefeltro.jpg\",\"width\":1080,\"height\":540},{\"@type\":\"BreadcrumbList\",\"@id\":\"https:\/\/www.aparences.net\/es\/arte-y-mecenazgo\/el-mecenazgo-en-urbino\/la-corte-de-urbino-y-guidobaldo-da-montefeltro\/#breadcrumb\",\"itemListElement\":[{\"@type\":\"ListItem\",\"position\":1,\"name\":\"Portada\",\"item\":\"https:\/\/www.aparences.net\/es\/\"},{\"@type\":\"ListItem\",\"position\":2,\"name\":\"La corte de Urbino y Guidobaldo da Montefeltro\"}]},{\"@type\":\"WebSite\",\"@id\":\"https:\/\/www.aparences.net\/es\/#website\",\"url\":\"https:\/\/www.aparences.net\/es\/\",\"name\":\"Aparences: Historia del Arte y Actualidad Cultural\",\"description\":\"\",\"publisher\":{\"@id\":\"https:\/\/www.aparences.net\/es\/#organization\"},\"potentialAction\":[{\"@type\":\"SearchAction\",\"target\":{\"@type\":\"EntryPoint\",\"urlTemplate\":\"https:\/\/www.aparences.net\/es\/?s={search_term_string}\"},\"query-input\":{\"@type\":\"PropertyValueSpecification\",\"valueRequired\":true,\"valueName\":\"search_term_string\"}}],\"inLanguage\":\"es\"},{\"@type\":\"Organization\",\"@id\":\"https:\/\/www.aparences.net\/es\/#organization\",\"name\":\"Aparences: Historia del Arte y Actualidad Cultural\",\"url\":\"https:\/\/www.aparences.net\/es\/\",\"logo\":{\"@type\":\"ImageObject\",\"inLanguage\":\"es\",\"@id\":\"https:\/\/www.aparences.net\/es\/#\/schema\/logo\/image\/\",\"url\":\"https:\/\/www.aparences.net\/wp-content\/uploads\/2023\/09\/logo-quadrat-color-e1695915315229.png\",\"contentUrl\":\"https:\/\/www.aparences.net\/wp-content\/uploads\/2023\/09\/logo-quadrat-color-e1695915315229.png\",\"width\":120,\"height\":120,\"caption\":\"Aparences: Historia del Arte y Actualidad Cultural\"},\"image\":{\"@id\":\"https:\/\/www.aparences.net\/es\/#\/schema\/logo\/image\/\"}},{\"@type\":\"Person\",\"@id\":\"https:\/\/www.aparences.net\/es\/#\/schema\/person\/af349f6ffc31b16c68963e61268afca5\",\"name\":\"admin\",\"url\":\"https:\/\/www.aparences.net\/es\/author\/admin\/\"}]}<\/script>\n<!-- \/ Yoast SEO plugin. -->","yoast_head_json":{"title":"La corte de Urbino y Guidobaldo da Montefeltro","description":"Durante esta \u00e9poca, en Urbino empieza a despuntar el genio de Rafael, hijo del pintor de la corte Giovanni Santi. Sin olvidar a ilustres hu\u00e9spedes como Baldassare Castiglione y el gran matem\u00e1tico Luca Pacioli.","robots":{"index":"index","follow":"follow","max-snippet":"max-snippet:-1","max-image-preview":"max-image-preview:large","max-video-preview":"max-video-preview:-1"},"canonical":"https:\/\/www.aparences.net\/es\/arte-y-mecenazgo\/el-mecenazgo-en-urbino\/la-corte-de-urbino-y-guidobaldo-da-montefeltro\/","og_locale":"es_ES","og_type":"article","og_title":"La corte de Urbino y Guidobaldo da Montefeltro","og_description":"Durante esta \u00e9poca, en Urbino empieza a despuntar el genio de Rafael, hijo del pintor de la corte Giovanni Santi. Sin olvidar a ilustres hu\u00e9spedes como Baldassare Castiglione y el gran matem\u00e1tico Luca Pacioli.","og_url":"https:\/\/www.aparences.net\/es\/arte-y-mecenazgo\/el-mecenazgo-en-urbino\/la-corte-de-urbino-y-guidobaldo-da-montefeltro\/","og_site_name":"Aparences","article_published_time":"2010-07-13T12:40:50+00:00","article_modified_time":"2025-12-11T18:40:57+00:00","og_image":[{"width":1080,"height":540,"url":"https:\/\/www.aparences.net\/wp-content\/uploads\/2010\/07\/guidobaldo-de-montefeltro.jpg","type":"image\/jpeg"}],"author":"admin","twitter_card":"summary_large_image","twitter_misc":{"Escrito por":"admin","Tiempo de lectura":"21 minutos"},"schema":{"@context":"https:\/\/schema.org","@graph":[{"@type":"Article","@id":"https:\/\/www.aparences.net\/es\/arte-y-mecenazgo\/el-mecenazgo-en-urbino\/la-corte-de-urbino-y-guidobaldo-da-montefeltro\/#article","isPartOf":{"@id":"https:\/\/www.aparences.net\/es\/arte-y-mecenazgo\/el-mecenazgo-en-urbino\/la-corte-de-urbino-y-guidobaldo-da-montefeltro\/"},"author":{"name":"admin","@id":"https:\/\/www.aparences.net\/es\/#\/schema\/person\/af349f6ffc31b16c68963e61268afca5"},"headline":"La corte de Urbino y Guidobaldo da Montefeltro","datePublished":"2010-07-13T12:40:50+00:00","dateModified":"2025-12-11T18:40:57+00:00","mainEntityOfPage":{"@id":"https:\/\/www.aparences.net\/es\/arte-y-mecenazgo\/el-mecenazgo-en-urbino\/la-corte-de-urbino-y-guidobaldo-da-montefeltro\/"},"wordCount":3825,"publisher":{"@id":"https:\/\/www.aparences.net\/es\/#organization"},"image":{"@id":"https:\/\/www.aparences.net\/es\/arte-y-mecenazgo\/el-mecenazgo-en-urbino\/la-corte-de-urbino-y-guidobaldo-da-montefeltro\/#primaryimage"},"thumbnailUrl":"https:\/\/www.aparences.net\/wp-content\/uploads\/2010\/07\/guidobaldo-de-montefeltro.jpg","keywords":["Castiglione","corte de Urbino","Guidobaldo de Montefeltro","Il Corteggiano","Luca Pacioli","Madone Cowper","mecenazgo art\u00edstico","Rafael","Rafael primeras obras"],"articleSection":["El mecenazgo en Urbino"],"inLanguage":"es"},{"@type":["WebPage","ItemPage"],"@id":"https:\/\/www.aparences.net\/es\/arte-y-mecenazgo\/el-mecenazgo-en-urbino\/la-corte-de-urbino-y-guidobaldo-da-montefeltro\/","url":"https:\/\/www.aparences.net\/es\/arte-y-mecenazgo\/el-mecenazgo-en-urbino\/la-corte-de-urbino-y-guidobaldo-da-montefeltro\/","name":"La corte de Urbino y Guidobaldo da Montefeltro","isPartOf":{"@id":"https:\/\/www.aparences.net\/es\/#website"},"primaryImageOfPage":{"@id":"https:\/\/www.aparences.net\/es\/arte-y-mecenazgo\/el-mecenazgo-en-urbino\/la-corte-de-urbino-y-guidobaldo-da-montefeltro\/#primaryimage"},"image":{"@id":"https:\/\/www.aparences.net\/es\/arte-y-mecenazgo\/el-mecenazgo-en-urbino\/la-corte-de-urbino-y-guidobaldo-da-montefeltro\/#primaryimage"},"thumbnailUrl":"https:\/\/www.aparences.net\/wp-content\/uploads\/2010\/07\/guidobaldo-de-montefeltro.jpg","datePublished":"2010-07-13T12:40:50+00:00","dateModified":"2025-12-11T18:40:57+00:00","description":"Durante esta \u00e9poca, en Urbino empieza a despuntar el genio de Rafael, hijo del pintor de la corte Giovanni Santi. Sin olvidar a ilustres hu\u00e9spedes como Baldassare Castiglione y el gran matem\u00e1tico Luca Pacioli.","breadcrumb":{"@id":"https:\/\/www.aparences.net\/es\/arte-y-mecenazgo\/el-mecenazgo-en-urbino\/la-corte-de-urbino-y-guidobaldo-da-montefeltro\/#breadcrumb"},"inLanguage":"es","potentialAction":[{"@type":"ReadAction","target":["https:\/\/www.aparences.net\/es\/arte-y-mecenazgo\/el-mecenazgo-en-urbino\/la-corte-de-urbino-y-guidobaldo-da-montefeltro\/"]}]},{"@type":"ImageObject","inLanguage":"es","@id":"https:\/\/www.aparences.net\/es\/arte-y-mecenazgo\/el-mecenazgo-en-urbino\/la-corte-de-urbino-y-guidobaldo-da-montefeltro\/#primaryimage","url":"https:\/\/www.aparences.net\/wp-content\/uploads\/2010\/07\/guidobaldo-de-montefeltro.jpg","contentUrl":"https:\/\/www.aparences.net\/wp-content\/uploads\/2010\/07\/guidobaldo-de-montefeltro.jpg","width":1080,"height":540},{"@type":"BreadcrumbList","@id":"https:\/\/www.aparences.net\/es\/arte-y-mecenazgo\/el-mecenazgo-en-urbino\/la-corte-de-urbino-y-guidobaldo-da-montefeltro\/#breadcrumb","itemListElement":[{"@type":"ListItem","position":1,"name":"Portada","item":"https:\/\/www.aparences.net\/es\/"},{"@type":"ListItem","position":2,"name":"La corte de Urbino y Guidobaldo da Montefeltro"}]},{"@type":"WebSite","@id":"https:\/\/www.aparences.net\/es\/#website","url":"https:\/\/www.aparences.net\/es\/","name":"Aparences: Historia del Arte y Actualidad Cultural","description":"","publisher":{"@id":"https:\/\/www.aparences.net\/es\/#organization"},"potentialAction":[{"@type":"SearchAction","target":{"@type":"EntryPoint","urlTemplate":"https:\/\/www.aparences.net\/es\/?s={search_term_string}"},"query-input":{"@type":"PropertyValueSpecification","valueRequired":true,"valueName":"search_term_string"}}],"inLanguage":"es"},{"@type":"Organization","@id":"https:\/\/www.aparences.net\/es\/#organization","name":"Aparences: Historia del Arte y Actualidad Cultural","url":"https:\/\/www.aparences.net\/es\/","logo":{"@type":"ImageObject","inLanguage":"es","@id":"https:\/\/www.aparences.net\/es\/#\/schema\/logo\/image\/","url":"https:\/\/www.aparences.net\/wp-content\/uploads\/2023\/09\/logo-quadrat-color-e1695915315229.png","contentUrl":"https:\/\/www.aparences.net\/wp-content\/uploads\/2023\/09\/logo-quadrat-color-e1695915315229.png","width":120,"height":120,"caption":"Aparences: Historia del Arte y Actualidad Cultural"},"image":{"@id":"https:\/\/www.aparences.net\/es\/#\/schema\/logo\/image\/"}},{"@type":"Person","@id":"https:\/\/www.aparences.net\/es\/#\/schema\/person\/af349f6ffc31b16c68963e61268afca5","name":"admin","url":"https:\/\/www.aparences.net\/es\/author\/admin\/"}]}},"_links":{"self":[{"href":"https:\/\/www.aparences.net\/es\/wp-json\/wp\/v2\/posts\/13158","targetHints":{"allow":["GET"]}}],"collection":[{"href":"https:\/\/www.aparences.net\/es\/wp-json\/wp\/v2\/posts"}],"about":[{"href":"https:\/\/www.aparences.net\/es\/wp-json\/wp\/v2\/types\/post"}],"author":[{"embeddable":true,"href":"https:\/\/www.aparences.net\/es\/wp-json\/wp\/v2\/users\/2"}],"replies":[{"embeddable":true,"href":"https:\/\/www.aparences.net\/es\/wp-json\/wp\/v2\/comments?post=13158"}],"version-history":[{"count":0,"href":"https:\/\/www.aparences.net\/es\/wp-json\/wp\/v2\/posts\/13158\/revisions"}],"wp:featuredmedia":[{"embeddable":true,"href":"https:\/\/www.aparences.net\/es\/wp-json\/wp\/v2\/media\/26642"}],"wp:attachment":[{"href":"https:\/\/www.aparences.net\/es\/wp-json\/wp\/v2\/media?parent=13158"}],"wp:term":[{"taxonomy":"category","embeddable":true,"href":"https:\/\/www.aparences.net\/es\/wp-json\/wp\/v2\/categories?post=13158"},{"taxonomy":"post_tag","embeddable":true,"href":"https:\/\/www.aparences.net\/es\/wp-json\/wp\/v2\/tags?post=13158"}],"curies":[{"name":"wp","href":"https:\/\/api.w.org\/{rel}","templated":true}]}}