{"id":13164,"date":"2010-07-14T13:41:04","date_gmt":"2010-07-14T11:41:04","guid":{"rendered":"https:\/\/www.aparences.net\/art-et-mecenat\/rome-mecenat-et-pouvoir-papal\/roma-el-regreso-del-papado\/"},"modified":"2025-12-11T19:40:57","modified_gmt":"2025-12-11T18:40:57","slug":"roma-el-regreso-del-papado","status":"publish","type":"post","link":"https:\/\/www.aparences.net\/es\/arte-y-mecenazgo\/roma-mecenazgo-y-poder-papal\/roma-el-regreso-del-papado\/","title":{"rendered":"Roma: el regreso del papado"},"content":{"rendered":"<p><!--contents--><\/p>\n\n\n<h2 class=\"wp-block-heading\">Martin V y el renuevo cultural en Roma.<\/h2>\n\n\n\n<p><strong>Mart\u00edn V<\/strong> (pont\u00edfice desde 1417 hasta 1431 ) vuelve a Roma el 30 de septiembre de 1420. Por primera vez desde 1309, un papa volv\u00eda a residir en la ciudad de San Pedro y su legitimidad era reconocida en toda Europa. Nacido en 1368, el nuevo Pont\u00edfice, <strong>Oddone Colonna<\/strong>, (elegido en el Concilio de Constanza ), pertenec\u00eda a una de las m\u00e1s antiguas familias romanas, los Colonna;\u00a0 y es probablemente capaz de operar con prudencia en los entresijos de la pol\u00edtica eclesi\u00e1stica y secular. El <strong>regreso de Mart\u00edn V a Roma<\/strong> ten\u00eda como objetivo tratar de restablecer la autoridad del papado, marcando una etapa decisiva en el destino de la ciudad. Durante el exilio de Avi\u00f1\u00f3n, Roma pas\u00f3 por una larga fase de estancamiento tanto econ\u00f3mico como art\u00edstico.<\/p>\n\n\n\n<p>Usando la diplomacia, Mart\u00edn V fue capaz de mantener una cautelosa neutralidad entre Florencia y Mil\u00e1n ciudades siempre enfrentadas, y confi\u00f3 a los Colonna las riendas del Estado. Este desenfrenado nepotismo, que perjudicar\u00eda seriamente a su sucesor <strong>Eugenio IV<\/strong>, empa\u00f1\u00f3 bastante su imagen. El aspecto de la ciudad de Roma, en el momento de la entrada del Papa, como nos cuenta cincuenta a\u00f1os m\u00e1s tarde, <a title=\"Bartolomeo Platina bibliotecario de Sixto IV\" href=\"https:\/\/www.aparences.net\/es\/arte-y-mecenazgo\/roma-mecenazgo-y-poder-papal\/sixto-iv-della-rovere\/\">Bartolomeo Platina, bibliotecario de Sixto IV<\/a> \u00abestaba tan devastada y despoblada que hab\u00eda perdido toda apariencia civilizada. Los palacios aparec\u00edan casi en ruinas, los edificios sagrados se desmoronaban, las calles estaban desiertas, la ciudad estaba lleno de barro, abandonada, la poblaci\u00f3n oprimida por la pobreza y el hambre. Todo rastro de civilizaci\u00f3n urbana hab\u00edan desaparecido\u00bb. La poblaci\u00f3n se hab\u00eda reducido a veinticinco mil habitantes, una estimaci\u00f3n por otra parte muy aproximativa, concentr\u00e1ndose en algunos barrios, sobre todo en la orilla oeste del T\u00edber. En ausencia de una autoridad estable, la ciudad fue escenario de constantes luchas por el poder municipal. Las principales familias se hab\u00edan asentado en los antiguos edificios que hab\u00edan convertido en fortalezas (la familia <strong>Savelli<\/strong> en el teatro Marcello, los <strong>Orsini<\/strong> en el Pompeyo), en la majestuosa bas\u00edlica romana de San Pablo Extramuros se alojaban caballos y reba\u00f1os, y la actividad econ\u00f3mica era tan lenta que apenas permit\u00eda la mera supervivencia.<\/p>\n\n\n<div class=\"wp-block-image\">\n<figure class=\"aligncenter\"><img loading=\"lazy\" decoding=\"async\" width=\"625\" height=\"338\" src=\"https:\/\/www.aparences.net\/wp-content\/uploads\/2010\/07\/le-pantheon-rome.jpg\" alt=\"El Pante\u00f3n, Roma, 27 a.C. \" class=\"wp-image-21894\" title=\"El Pante\u00f3n, Roma, 27 a.C. \" srcset=\"https:\/\/www.aparences.net\/wp-content\/uploads\/2010\/07\/le-pantheon-rome.jpg 625w, https:\/\/www.aparences.net\/wp-content\/uploads\/2010\/07\/le-pantheon-rome-160x87.jpg 160w\" sizes=\"auto, (max-width: 625px) 100vw, 625px\" \/><figcaption class=\"wp-element-caption\"><em><strong>El Pante\u00f3n<\/strong>, Roma. <\/em><\/figcaption><\/figure>\n<\/div>\n\n\n<p><em>Construido por iniciativa de <strong>Agripa<\/strong> en el a\u00f1o 27 a.C, el Pante\u00f3n fue destruido por un incendio en el a\u00f1o 80 d.C y reconstruido por orden del emperador <strong>Adriano<\/strong> entre los a\u00f1os 118 y 128 d.C. Fue en Roma donde los arquitectos del Renacimiento, <a title=\"Brunelleschi\" href=\"https:\/\/www.aparences.net\/es\/periodos\/el-quattrocento\/los-arquitectos-del-quattrocento-en-florencia\/\">Brunelleschi<\/a> y los primeros florentinos estudiaron los monumentos antiguos con el fin de recuperar el estilo de la antig\u00fcedad en sus construcciones.<br><\/em><\/p>\n\n\n\n<p>A pesar de su abandono generalizado, Roma no estaba destruida y como lo mostrar\u00e1n los acontecimientos, contaba con recursos suficientes para que la cultura y las artes fueran regeneradas de una forma admirable. La decadencia de los antiguos monumentos y edificios medievales se ve compensada por la gran fascinaci\u00f3n intelectual y moral que la antigua Roma continuaba ejerciendo y, en el plano religioso, por la veneraci\u00f3n que suscitaban los vestigios de principios del cristianismo. Incluso en sus momentos m\u00e1s oscuros, <strong>Roma atrae, seduce, sobre todo a intelectuales<\/strong>, <strong>pensadores, artistas<\/strong>. Cuando <a href=\"https:\/\/es.wikipedia.org\/wiki\/Petrarca\">Petrarca<\/a>, por citar un caso famoso del <a title=\"Trecento italiano\" href=\"https:\/\/www.aparences.net\/es\/periodos\/el-trecento\/\">Trecento italiano<\/a>, se ve ofrecer la recompensa suprema simult\u00e1neamente por Par\u00eds y Roma, no dud\u00f3 ni un segundo: aunque resid\u00eda en Avi\u00f1\u00f3n, emprendi\u00f3 el dif\u00edcil viaje a trav\u00e9s de N\u00e1poles para recibir en el Capitolio el 8 de abril de 1341, la merecida corona de laurel y se apresur\u00f3 a depositarla en la tumba de San Pedro. La desolaci\u00f3n de la ciudad no puede impedir suscitar a todo el que la visitaba un sentimiento de maravilloso asombro: \u00abEsta tierra no pertenece a la tierra, es una parte del cielo!\u00bb\u00a0 exclama <a href=\"https:\/\/es.wikipedia.org\/wiki\/Manuel_Crisoloras\">Manuel Crisoloras<\/a> cuando llega a Roma en 1411 con el s\u00e9quito del antipapa Juan XXIII.<\/p>\n\n\n<div class=\"wp-block-image\">\n<figure class=\"aligncenter\"><img loading=\"lazy\" decoding=\"async\" width=\"471\" height=\"460\" src=\"https:\/\/www.aparences.net\/wp-content\/uploads\/2010\/07\/taddeo-di-bartolo-plan-de-rome.jpg\" alt=\"Mapa de Roma, siglo XV, Taddeo di Bartolo\" class=\"wp-image-21897\" title=\"Mapa de Roma, siglo XV, Taddeo di Bartolo\" srcset=\"https:\/\/www.aparences.net\/wp-content\/uploads\/2010\/07\/taddeo-di-bartolo-plan-de-rome.jpg 471w, https:\/\/www.aparences.net\/wp-content\/uploads\/2010\/07\/taddeo-di-bartolo-plan-de-rome-160x156.jpg 160w\" sizes=\"auto, (max-width: 471px) 100vw, 471px\" \/><figcaption class=\"wp-element-caption\"><em><strong>Mapa de Roma<\/strong>, siglo XV, <strong>Taddeo di Bartolo<\/strong> (Siena, Palazzo Pubblico)<\/em><\/figcaption><\/figure>\n<\/div>\n\n\n<p>A su llegada a Roma, <strong>Mart\u00edn <\/strong>V se lanza inmediatamente a una actividad arquitect\u00f3nica intensa que incluye nuevos edificios y restauraciones, como lo demuestran las cr\u00f3nicas de la \u00e9poca y que a\u00fan se pueden ver actualmente. Reformas realizadas en San Pedro, en otros edificios del Vaticano y en el palacio de los Colonna cerca de la Bas\u00edlica de los Santos Ap\u00f3stoles, tambi\u00e9n en las murallas de la ciudad y en algunos puentes. Adem\u00e1s se llevan a cabo reformas en varias iglesias, en el <strong>Pante\u00f3n<\/strong> y el <strong>Castillo de Sant&#8217;Angelo<\/strong>. En la Plaza del Capitolio, en el lado izquierdo del palacio de los Senadores, fue erigida una torre que todav\u00eda lleva el nombre del papa y que a su vez se encuentra al lado de las dos torres de Bonifacio IX, en el lado derecho. En septiembre de 1423 se decidi\u00f3 restaurar la Bas\u00edlica de San Pablo Extramuros, una tarea confiada a los monjes benedictinos.<\/p>\n\n\n\n<p>No es dif\u00edcil imaginar la penuria de producci\u00f3n pict\u00f3rica en una ciudad donde los encargos art\u00edsticos se redujeron al m\u00ednimo. Los pocos talleres que aun segu\u00edan activos estaban formados por artesanos aislados y sin ninguna relaci\u00f3n con el progreso art\u00edstico que se viv\u00eda en otras ciudades italianas. El debate literario y filos\u00f3fico se hallaba ciertamente m\u00e1s avanzado y m\u00e1s vivo, y jugar\u00e1 un papel importante en la recuperaci\u00f3n de la actividad art\u00edstica. A mediados de los a\u00f1os 1410, dos representantes del naciente humanismo llegan desde Florencia: <a title=\"Leonardo Bruni\" href=\"https:\/\/www.aparences.net\/es\/periodos\/el-quattrocento\/el-renacimiento-en-florencia-el-quattrocento\/\">Leonardo Bruni<\/a> y el joven y futuro descubridor de manuscritos <a href=\"https:\/\/fr.wikipedia.org\/wiki\/Poggio_Bracciolini\">Poggio Bracciolini<\/a>. Otros har\u00e1n lo mismo, incluyendo a Flavio Biondo, <a title=\"Leon Battista Alberti\" href=\"https:\/\/www.aparences.net\/es\/periodos\/el-quattrocento\/los-arquitectos-del-quattrocento-en-florencia\/\">Leon Battista Alberti<\/a> y <a href=\"https:\/\/es.wikipedia.org\/wiki\/Lorenzo_Valla\">Lorenzo Valla<\/a>. Muy pronto, Martin V se da cuenta de la importancia que significa para el consenso que busca,&nbsp; el desarrollo de un programa cultural y el hecho de ofrecer signos visibles y llamativos de recuperaci\u00f3n y renovaci\u00f3n por medio de las artes figurativas.<\/p>\n\n\n\n<!-- AdBoxRight2020 --><ins class=\"adsbygoogle\"     style=\"display:block; margin-top:30px;\"     data-ad-client=\"ca-pub-2468002815867636\"     data-ad-slot=\"3496014735\"     data-ad-format=\"auto\"     data-full-width-responsive=\"false\"><\/ins><script> (adsbygoogle = window.adsbygoogle || []).push({});<\/script><h2 class=\"wp-block-heading\">Gentile da Fabriano y Pisanello en San Juan de Letr\u00e1n<\/h2>\n\n\n\n<p>San Juan de Letr\u00e1n era entonces y a\u00fan hoy lo es, la catedral de la ciudad, \u00abla iglesia del Papa\u00bb quien ostenta tambi\u00e9n el cargo de Obispo de Roma. No es hasta mediados del <a title=\"Quattrocento\" href=\"https:\/\/www.aparences.net\/es\/periodos\/el-quattrocento\/\">Quattrocento<\/a> cuando esta iglesia cede su papel como centro del cristianismo a la Bas\u00edlica de San Pedro, \u00e9poca en que los pont\u00edfices y la curia se instalan de forma permanente en la colina del Vaticano, y paralelamente cuando el Capitolio sustituye al distrito de Letr\u00e1n y se convierte gradualmente en el lugar de la memoria de la ciudad, con el traslado de la estatua de la Loba Capitolina en 1471, y la de Marco Aurelio en 1538. Cuando finalmente y despu\u00e9s de muchos ruegos <a title=\"Gentile da Fabriano\" href=\"https:\/\/www.aparences.net\/es\/periodos\/gotico-internacional\/el-gotico-internacional-en-italia\/#gentile-da-fabriano\">Gentile da Fabriano<\/a> llega a Roma (<strong>Mart\u00edn V<\/strong> en un viaje en el norte de Italia hab\u00eda querido conocer al pintor del que hab\u00eda o\u00eddo tantas alabanzas y que entonces se encontraba en Brescia, arranc\u00e1ndole la promesa de venir a trabajar a Roma) es precisamente para trabajar en San Juan de Letr\u00e1n. Hay varios factores que explican que no se representara antes en Roma, el principal fue quiz\u00e1s el cumplimiento de sus contratos en Siena, Orvieto y especialmente en Florencia, donde en 1423 firm\u00f3 y fech\u00f3 una de sus obras m\u00e1s famosas, la <a href=\"https:\/\/www.virtualuffizi.com\/es\/la-adoraci%C3%B3n-de-los-magos-de-gentile-da-fabriano.html\"><em>Adoraci\u00f3n de los Magos<\/em><\/a>, pintada para <strong>Palla Strozzi<\/strong> y hoy en el Museo de los Oficios. Los documentos prueban que a partir del 28 de enero 1427 el artista fue retribu\u00eddo regularmente por la administraci\u00f3n papal. Tambi\u00e9n seg\u00fan los documentos, adem\u00e1s de los frescos de Letr\u00e1n el pintor realiz\u00f3 varias obras, pero solo una de ellas ha llegado hasta nosotros, una <em><strong>Virgen con el Ni\u00f1o<\/strong><\/em>.<\/p>\n\n\n<div class=\"wp-block-image\">\n<figure class=\"aligncenter\"><img loading=\"lazy\" decoding=\"async\" width=\"288\" height=\"460\" src=\"https:\/\/www.aparences.net\/wp-content\/uploads\/2010\/07\/gentile-da-fabriano-vierge-a-l-enfant-velletri.jpg\" alt=\"Virgen con el Ni\u00f1o, 1426, Gentile da Fabriano\" class=\"wp-image-21899\" title=\"Virgen con el Ni\u00f1o, 1426, Gentile da Fabriano\" srcset=\"https:\/\/www.aparences.net\/wp-content\/uploads\/2010\/07\/gentile-da-fabriano-vierge-a-l-enfant-velletri.jpg 288w, https:\/\/www.aparences.net\/wp-content\/uploads\/2010\/07\/gentile-da-fabriano-vierge-a-l-enfant-velletri-160x256.jpg 160w\" sizes=\"auto, (max-width: 288px) 100vw, 288px\" \/><figcaption class=\"wp-element-caption\"><em><strong>Virgen con el Ni\u00f1o<\/strong>, hacia 1426, <strong>Gentile da Fabriano<\/strong> (Velletri, Museo Capitular)<\/em><\/figcaption><\/figure>\n<\/div>\n\n\n<p><em>Se trata de la \u00fanica obra que ha sobrevivido de <strong>Gentile da Fabriano<\/strong> en Roma, seguramente encargada en 1426 con ocasi\u00f3n del noveno centenario de la consagraci\u00f3n de la iglesia de San Juan de Letr\u00e1n. Aunque muy da\u00f1ada (tal vez por un incendio), el refinamiento de esta pintura es a\u00fan notable en el aspecto delicado de la Virgen, en el gesto elegante del Ni\u00f1o que se aferra a la ropa de su madre y en los dos \u00e1ngeles laterales, parcialmente borrados.<br><\/em><\/p>\n\n\n\n<p>El trabajo principal de <strong>Gentile da Fabriano<\/strong> en Roma, los frescos de San Juan de Letr\u00e1n, terminados por <strong>Pisanello<\/strong> despu\u00e9s de la muerte del pintor, han desaparecido por completo. Destruidos durante la renovaci\u00f3n de la Bas\u00edlica de Francesco Borromini en previsi\u00f3n del A\u00f1o Santo de 1650, seg\u00fan cuenta <strong>Platina<\/strong>, citado por <strong>Vasari<\/strong>, <strong>Pisanello<\/strong> hab\u00eda pintado en aquellos frescos \u00abalgunos Profetas que son considerados como los mejores de todo el ciclo\u00bb. La estancia de <a title=\"Pisanello\" href=\"https:\/\/www.aparences.net\/es\/periodos\/gotico-internacional\/el-gotico-internacional-en-italia\/#pisanello\">Pisanello<\/a> en Roma fue lo suficientemente larga para que pueda atribu\u00edrsele una parte importante de la decoraci\u00f3n de San Juan de Letr\u00e1n, aunque durante este periodo la corte papal le encargara otros trabajos. Los frescos de Letr\u00e1n tuvieron un impacto muy importante en la evoluci\u00f3n de la pintura y en la imaginaci\u00f3n de generaciones de devotos y peregrinos italianos. Pasando por Roma con ocasi\u00f3n del A\u00f1o Santo de 1450, el pintor flamenco <a title=\"Rogier van der Weyden\" href=\"https:\/\/www.aparences.net\/es\/escuelas\/los-primitivos-flamencos\/rogier-van-der-weyden\/\">Rogier van der Weyden<\/a>, uno de los principales exponentes del arte del siglo XV, expres\u00f3 su profunda admiraci\u00f3n por lo que fue sin duda uno de los m\u00e1s destacados ejemplos de la cultura del <a href=\"https:\/\/www.aparences.net\/es\/periodos\/gotico-internacional\/\">g\u00f3tico tard\u00edo<\/a>, un periodo que desaparecer\u00e1 pronto ante la llegada de nuevos tiempos.<\/p>\n\n\n<div class=\"wp-block-image\">\n<figure class=\"aligncenter\"><img loading=\"lazy\" decoding=\"async\" width=\"404\" height=\"460\" src=\"https:\/\/www.aparences.net\/wp-content\/uploads\/2010\/07\/gentile-da-fabriano-scipion-l-africain.jpg\" alt=\"Escipi\u00f3n el Africano, Gentile da Fabriano y ayudantes\" class=\"wp-image-21901\" title=\"Escipi\u00f3n el Africano, Gentile da Fabriano y ayudantes\" srcset=\"https:\/\/www.aparences.net\/wp-content\/uploads\/2010\/07\/gentile-da-fabriano-scipion-l-africain.jpg 404w, https:\/\/www.aparences.net\/wp-content\/uploads\/2010\/07\/gentile-da-fabriano-scipion-l-africain-160x182.jpg 160w\" sizes=\"auto, (max-width: 404px) 100vw, 404px\" \/><figcaption class=\"wp-element-caption\"><em><strong>Escipi\u00f3n el Africano<\/strong>, siglo XV, pinura al fresco de <\/em><br><em><strong>Gentile da Fabriano<\/strong> y ayudantes (Foligno, Palacio Trinci)<\/em><\/figcaption><\/figure>\n<\/div>\n\n\n<h2 class=\"wp-block-heading\">Masolino y Masaccio en Roma<\/h2>\n\n\n\n<p>La decoraci\u00f3n al fresco de la capilla dedicada a Santa Catalina en la Bas\u00edlica de San Clemente es otra gran empresa de este per\u00edodo crucial, en la cual trabajan juntos de nuevo <a title=\"Masaccio\" href=\"https:\/\/www.aparences.net\/es\/periodos\/el-quattrocento\/masaccio-arquitectura-y-espacio\/\">Masaccio<\/a> y <a title=\"Masolino\" href=\"https:\/\/www.aparences.net\/es\/arte-y-mecenazgo\/los-fresquistas-florentinos\/frescos-de-masolino-y-fra-angelico\/\">Masolino<\/a>. Aunque da\u00f1ados por la humedad y por la desastrosa apertura de una claraboya, estos frescos son todav\u00eda plenamente visibles. Ellos cubren todas las paredes y el techo de la capilla situada en la nave lateral izquierda de la bas\u00edlica. El muro del fondo presenta una imponente <em><strong>Crucifixi\u00f3n<\/strong><\/em> (muy da\u00f1ada), el muro de la izquierda muestra escenas de la <em><strong>Vida de santa Catalina de Alejandr\u00eda<\/strong><\/em> (la negativa de adorar a los \u00eddolos, la conversi\u00f3n y el martirio de la emperatriz Faustina, la disputa con los fil\u00f3sofos paganos, el milagro de la rueda, la decapitaci\u00f3n de Catalina), y en el muro de la derecha se relatan escenas de la <em>Vida de san Ambrosio<\/em> (el milagro de las abejas, Ambrosio es nombrado obispo de Mil\u00e1n, el desmoronamiento de la casa del rico, el gabinete de estudios de Ambrosio, la muerte de Ambrosio), que plantean m\u00faltiples problemas de conservaci\u00f3n; en las cuatro pechinas de la b\u00f3veda se representan, asociados de dos en dos, los evangelistas y Doctores de la Iglesia (<em>Lucas y Gregorio Magno;<\/em> <em>Marcos y Jer\u00f3nimo;<\/em> <em>Agust\u00edn y Juan;<\/em> <em>Mateo y Ambrosio<\/em>),\u00a0 y en el gran arco exterior de la capilla hay una representaci\u00f3n de <em>Dios Padre<\/em> en un medall\u00f3n, flanqueado por una <em>Anunciaci\u00f3n<\/em> inscrita en un elegante p\u00f3rtico;\u00a0 en la parte inferior del arco aparecen los bustos de <em>los Ap\u00f3stoles<\/em> y un aislado <em>San Crist\u00f3bal<\/em> en un pilar exterior, a la izquierda.<\/p>\n\n\n<div class=\"wp-block-image\">\n<figure class=\"aligncenter\"><img loading=\"lazy\" decoding=\"async\" width=\"434\" height=\"460\" src=\"https:\/\/www.aparences.net\/wp-content\/uploads\/2010\/07\/masolino-vie-de-sainte-catherine.jpg\" alt=\"Vida de Santa Catalina, Masolino\" class=\"wp-image-21903\" title=\"Vida de Santa Catalina, Masolino\" srcset=\"https:\/\/www.aparences.net\/wp-content\/uploads\/2010\/07\/masolino-vie-de-sainte-catherine.jpg 434w, https:\/\/www.aparences.net\/wp-content\/uploads\/2010\/07\/masolino-vie-de-sainte-catherine-160x170.jpg 160w\" sizes=\"auto, (max-width: 434px) 100vw, 434px\" \/><figcaption class=\"wp-element-caption\"><em><strong>Vida de Santa Catalina<\/strong> (negativa de Santa Catalina de adorar a los \u00eddolos), 1428-1430, <strong>Masolino<\/strong> <\/em><br><em>(Roma, iglesia San Clemente, capilla Branda Castiglione)<\/em><\/figcaption><\/figure>\n<\/div>\n\n\n<p>El comitente de los frescos y muy probablemente tambi\u00e9n el autor del programa decorativo fue el cardenal <strong>Branda Castiglione<\/strong>, originario de Lombard\u00eda y titular de la iglesia de 1426 a 1431, cuyo blas\u00f3n se encuentra en la parte superior del arco exterior. Despu\u00e9s de abrir en su palacio una escuela de teolog\u00eda para estudiantes pobres, el cardenal quiso crear una capilla para ellos, lo cual fue tal vez el motivo de su elecci\u00f3n iconogr\u00e1fica, ilustrando en las paredes laterales de la capilla la vida de dos santos \u00aberuditos\u00bb, <strong>Catalina de Alejandr\u00eda<\/strong>, patrona de la Sorbona de Par\u00eds, y <strong>Ambrosio<\/strong>, cuya imagen como Doctor de la Iglesia est\u00e1 representada en la b\u00f3veda; el origen lombardo del cardenal fue sin duda fundamental en la elecci\u00f3n del patr\u00f3n de Mil\u00e1n.<\/p>\n\n\n<div class=\"wp-block-image\">\n<figure class=\"aligncenter\"><img loading=\"lazy\" decoding=\"async\" width=\"421\" height=\"460\" src=\"https:\/\/www.aparences.net\/wp-content\/uploads\/2010\/07\/masolino-vie-sainte-catherine-dispute-avec-les-docteurs.jpg\" alt=\"Disputa de Santa Catalina, Masolino\" class=\"wp-image-21905\" title=\"Disputa de Santa Catalina con los fil\u00f3sofos de Alejandr\u00eda, Masolino, Roma, iglesia de San Clemente, capilla Branda Castiglione\" srcset=\"https:\/\/www.aparences.net\/wp-content\/uploads\/2010\/07\/masolino-vie-sainte-catherine-dispute-avec-les-docteurs.jpg 421w, https:\/\/www.aparences.net\/wp-content\/uploads\/2010\/07\/masolino-vie-sainte-catherine-dispute-avec-les-docteurs-160x175.jpg 160w\" sizes=\"auto, (max-width: 421px) 100vw, 421px\" \/><\/figure>\n<\/div>\n\n<div class=\"wp-block-image\">\n<figure class=\"aligncenter\"><img loading=\"lazy\" decoding=\"async\" width=\"630\" height=\"327\" src=\"https:\/\/www.aparences.net\/wp-content\/uploads\/2010\/07\/masolino-vie-sainte-catherine-dispute-avec-les-docteurs-detail.jpg\" alt=\"Disputa de Santa Catalina, Masolino\" class=\"wp-image-21907\" title=\"Disputa de Santa Catalina, Masolino\" srcset=\"https:\/\/www.aparences.net\/wp-content\/uploads\/2010\/07\/masolino-vie-sainte-catherine-dispute-avec-les-docteurs-detail.jpg 630w, https:\/\/www.aparences.net\/wp-content\/uploads\/2010\/07\/masolino-vie-sainte-catherine-dispute-avec-les-docteurs-detail-160x83.jpg 160w\" sizes=\"auto, (max-width: 630px) 100vw, 630px\" \/><figcaption class=\"wp-element-caption\"><em><strong>Disputa de Santa Catalina con los fil\u00f3sofos paganos de Alejandr\u00eda<\/strong> ante el emperador, <strong>Masolino<\/strong> (Roma, iglesia de San Clemente, capilla Branda Castiglione)<\/em><\/figcaption><\/figure>\n<\/div>\n\n\n<p><em>En esta escena Masolino aplica el nuevo concepto de perspectiva, descubierto en Florencia por los <a title=\"artistas del Quattrocento\" href=\"https:\/\/www.aparences.net\/es\/periodos\/el-quattrocento\/\">artistas del Quattrocento<\/a>.<\/em><\/p>\n\n\n\n<p>Durante una campa\u00f1a de restauraci\u00f3n se arrancaron los frescos y se recuperaron algunas sinopias (dibujos subyacentes), dando la oportunidad a los investigadores de volver a estudiar este ciclo decorativo, aunque resulte dif\u00edcil determinar con precisi\u00f3n quienes fueron los autores de las distintas partes decorativas (<strong>Masolino<\/strong> o <strong>Masaccio<\/strong>).<\/p>\n\n\n<div class=\"wp-block-image\">\n<figure class=\"aligncenter\"><img loading=\"lazy\" decoding=\"async\" width=\"630\" height=\"416\" src=\"https:\/\/www.aparences.net\/wp-content\/uploads\/2010\/07\/masolino-masaccio-crucifixion-rome-san-clemente-1-1.jpg\" alt=\"Crucifixi\u00f3n, Masaccio o Masolino\" class=\"wp-image-22254\" title=\"Crucifixi\u00f3n, Masaccio o Masolino\" srcset=\"https:\/\/www.aparences.net\/wp-content\/uploads\/2010\/07\/masolino-masaccio-crucifixion-rome-san-clemente-1-1.jpg 630w, https:\/\/www.aparences.net\/wp-content\/uploads\/2010\/07\/masolino-masaccio-crucifixion-rome-san-clemente-1-1-160x106.jpg 160w\" sizes=\"auto, (max-width: 630px) 100vw, 630px\" \/><figcaption class=\"wp-element-caption\"><em><strong>Crucifixi\u00f3n<\/strong>, detalle, <strong>Masaccio o Masolino<\/strong> (Roma, iglesia San Clemente, capilla Branda Castiglione)<\/em><\/figcaption><\/figure>\n<\/div>\n\n\n<p><em>La Crucifixi\u00f3n de San Clemente es a la vez una s\u00edntesis excepcional de la revoluci\u00f3n que se llevaba a cabo en el arte italiano y un momento de intensa confrontaci\u00f3n con las \u00faltimas novedades del <a title=\"arte flamenco\" href=\"https:\/\/www.aparences.net\/es\/escuelas\/los-primitivos-flamencos\/\">arte flamenco<\/a>. Los \u00fanicos paralelismos posibles son algunos elementos de la <a title=\"Capilla Brancacci\" href=\"https:\/\/www.aparences.net\/es\/arte-y-mecenazgo\/los-fresquistas-florentinos\/frescos-de-masolino-y-fra-angelico\/#masolino-y-masaccio:-frescos-de-la-capilla-brancacci\">capilla Brancacci<\/a> o <a title=\"La Trinidad de Masaccio\" href=\"https:\/\/www.aparences.net\/es\/periodos\/el-quattrocento\/el-renacimiento-en-florencia-el-quattrocento\/#la-uni%C3%B3n-del-arte-y-de-la-ciencia\">La Trinidad de Masaccio<\/a>, verdadero manifiesto de una nueva era, pintado al fresco en el muro izquierdo de Santa Maria Novella.<\/em><\/p>\n\n\n\n<p>Otra gran obra pict\u00f3rica realizada durante el papado de <strong>Mart\u00edn V<\/strong> es el <strong>Pol\u00edptico de la Nieve para Santa Maria la Mayor de Roma<\/strong>, cuyas tablas se encuentran dispersadas en tres museos. No fue una innovaci\u00f3n. Hubo un precedente particularmente c\u00e9lebre: el <a title=\"pol\u00edptico Stefaneschi\" href=\"https:\/\/www.aparences.net\/es\/periodos\/el-trecento\/el-trecento-entre-roma-y-asis-los-precursores\/#el-trecento-en-roma\">Pol\u00edptico Stefaneschi<\/a> para el altar mayor de la Bas\u00edlica de San Pedro (ahora en la Pinacoteca Vaticana), pintado por <a href=\"https:\/\/www.aparences.net\/es\/periodos\/el-trecento\/giotto-y-la-escuela-florentina\/\">Giotto<\/a> y su taller hacia 1315-1320, a petici\u00f3n del cardenal Jacopo Caetani Stefaneschi. Una cara del pol\u00edptico de Santa Mar\u00eda la Mayor representaba una <em>Asunci\u00f3n<\/em> (N\u00e1poles, Capodimonte), flanqueada a la izquierda por los <em>Santos Pedro y Pablo<\/em> (Philadelphia Museum of Art) y en la tabla de la derecha los <em>Santos Justo (o Gregorio) y Mat\u00edas<\/em> (Londres, National Gallery); la otra cara del pol\u00edptico representaba la fundaci\u00f3n de la bas\u00edlica (N\u00e1poles), flanqueada a la izquierda por los <em>Santos Jer\u00f3nimo y Juan Bautista<\/em> (Londres) y a la derecha por los <em>Santos Juan y Mart\u00edn de Tours<\/em> (Filadelfia). El efecto producido por todo el conjunto deb\u00eda ser majestuoso. Pero hace mucho tiempo que los investigadores se han puesto de acuerdo en asociarle tambi\u00e9n el nombre de <strong>Masolino da Panicale<\/strong>. Los dos pintores (<strong>Masolino<\/strong> y <strong>Masaccio<\/strong>) parecen resumir aqu\u00ed un momento crucial en la evoluci\u00f3n art\u00edstica, la transici\u00f3n entre la cultura g\u00f3tica entonces en la cima, visible en las <a title=\"obras de Masolino\" href=\"https:\/\/www.aparences.net\/es\/arte-y-mecenazgo\/los-fresquistas-florentinos\/frescos-de-masolino-y-fra-angelico\/\">obras de Masolino<\/a>, y los nuevos tiempos que van tomando forma en las <a title=\"obras de Masaccio\" href=\"https:\/\/www.aparences.net\/es\/periodos\/el-quattrocento\/masaccio-arquitectura-y-espacio\/\">obras de Masaccio<\/a>, donde la figuras se imponen en el espacio y traducen en pintura el lenguaje arquitect\u00f3nico de <a title=\"Filippo Brunelleschi\" href=\"https:\/\/www.aparences.net\/es\/periodos\/el-quattrocento\/los-arquitectos-del-quattrocento-en-florencia\/\">Filippo Brunelleschi<\/a>. <strong>Masolino<\/strong> y <strong>Masaccio<\/strong> hab\u00edan trabajado juntos al menos una vez en Florencia en los <a title=\"frescos Capilla Brancacci\" href=\"https:\/\/www.aparences.net\/es\/arte-y-mecenazgo\/los-fresquistas-florentinos\/frescos-de-masolino-y-fra-angelico\/#masolino-y-masaccio:-frescos-de-la-capilla-brancacci\">frescos de la Capilla Brancacci<\/a> en Santa Maria del Carmine, considerados como un episodio mayor de la pintura italiana y de toda la historia del arte. En grandes zonas del <em><strong>Pol\u00edptico de la Nieve<\/strong><\/em> se puede reconocer f\u00e1cilmente el estilo de <strong>Masolino<\/strong>, pero no se excluye que <strong>Masaccio<\/strong> haya hecho algunas sugerencias en las dos escenas principales y en los <em>Santos Pedro y Pablo<\/em>. Sin embargo la responsabilidad en la ejecuci\u00f3n de todos los elementos incumbe a Masolino.<\/p>\n\n\n<div class=\"wp-block-image\">\n<figure class=\"aligncenter\"><img loading=\"lazy\" decoding=\"async\" width=\"479\" height=\"400\" src=\"https:\/\/www.aparences.net\/wp-content\/uploads\/2010\/07\/masaccio-saints-jerome-et-jean-baptiste.jpg\" alt=\"Santos Jer\u00f3nimo y Juan el Bautista, Masaccio\" class=\"wp-image-19915\" title=\"Santos Jer\u00f3nimo y Juan el Bautista, Masaccio\" srcset=\"https:\/\/www.aparences.net\/wp-content\/uploads\/2010\/07\/masaccio-saints-jerome-et-jean-baptiste.jpg 479w, https:\/\/www.aparences.net\/wp-content\/uploads\/2010\/07\/masaccio-saints-jerome-et-jean-baptiste-160x134.jpg 160w\" sizes=\"auto, (max-width: 479px) 100vw, 479px\" \/><figcaption class=\"wp-element-caption\"><em><strong>Santos Jer\u00f3nimo y Juan el Bautista<\/strong>, hacia 1423, <strong>Masaccio<\/strong> <\/em><br><em>(Londres, National Gallery)<\/em><\/figcaption><\/figure>\n<\/div>\n\n<div class=\"wp-block-image\">\n<figure class=\"aligncenter\"><img loading=\"lazy\" decoding=\"async\" width=\"450\" height=\"460\" src=\"https:\/\/www.aparences.net\/wp-content\/uploads\/2010\/07\/masolino-miracle-de-la-neige.jpg\" alt=\"El milagro de la nieve, 1423, Masolino\" class=\"wp-image-21911\" title=\"El milagro de la nieve, 1423, Masolino\" srcset=\"https:\/\/www.aparences.net\/wp-content\/uploads\/2010\/07\/masolino-miracle-de-la-neige.jpg 450w, https:\/\/www.aparences.net\/wp-content\/uploads\/2010\/07\/masolino-miracle-de-la-neige-160x164.jpg 160w\" sizes=\"auto, (max-width: 450px) 100vw, 450px\" \/><figcaption class=\"wp-element-caption\"><em><strong>Fundaci\u00f3n de Santa Mar\u00eda la Mayor (El milagro de la nieve)<\/strong>, 1423, <strong>Masolino<\/strong> (N\u00e1poles, Museo di Capodimonte). <\/em><\/figcaption><\/figure>\n<\/div>\n\n\n<p><em>Esta escena hace referencia a la leyenda de la construcci\u00f3n de la bas\u00edlica por el Papa Liberio, donde en una colina de Roma tuvo lugar una milagrosa nevada el 5 de agosto de 352 (en realidad la construcci\u00f3n de Santa Mar\u00eda la Mayor fue ordenada por Sixto III, cuyo nombre figura en el arco del coro).<br><\/em><\/p>\n\n\n\n<p><strong>Masaccio<\/strong> muri\u00f3 en Roma en mayo o en junio de 1428, <strong>mientras trabajaba en los frescos de la iglesia de San Clemente<\/strong> (con tan solo 27 a\u00f1os de edad). La cronolog\u00eda de la corta vida del pintor pintor toscano que conocemos a trav\u00e9s de documentos y obras, sugiere que lleg\u00f3 a Roma en el oto\u00f1o de 1427, lo que corresponde con las fechas de Masolino ya que sabemos que \u00e9ste vivi\u00f3 largo tiempo en Hungr\u00eda, desde septiembre de 1425 hasta julio de 1427. Acabados los frescos de San Clemente, <strong>Masolino<\/strong> trabaj\u00f3 todav\u00eda durante un tiempo en Roma y luego se fue a Lombard\u00eda, donde realiz\u00f3, una vez m\u00e1s a petici\u00f3n del cardenal <strong>Branda Castiglione<\/strong>, los delicados <a title=\"frescos de Castiglione de Olona\" href=\"https:\/\/www.aparences.net\/es\/arte-y-mecenazgo\/los-fresquistas-florentinos\/frescos-de-masolino-y-fra-angelico\/\">frescos de Castiglione Olona<\/a>. En 1430-1432, a petici\u00f3n del cardenal <strong>Giordano Orsini<\/strong>, pint\u00f3 el c\u00e9lebre ciclo representando a Hombres Ilustres en el palacio romano de los Orsini en Montegiordano. Todo este ciclo fue destruido por un incendio a finales del <a title=\"Quattrocento\" href=\"https:\/\/www.aparences.net\/es\/periodos\/el-quattrocento\/\">Quattrocento<\/a>, pero se conservan algunos dibujos en manuscritos conservados en varios museos. Tambi\u00e9n se hace menci\u00f3n de este ciclo de frescos en el <em>Tratado de arquitectura<\/em> que <a href=\"https:\/\/es.wikipedia.org\/wiki\/Filarete\">Filarete<\/a> escribe en 1433 (Filarete se inspirar\u00e1 en este ciclo para la realizaci\u00f3n de la majestuosa puerta en bronce de la Bas\u00edlica de San Pedro, acabada en 1445).<\/p>\n\n\n\n<p>Durante el pontificado de <strong>Eugenio IV<\/strong> (1431-1447), sucesor de <strong>Martin V<\/strong>, <a title=\"Donatello\" href=\"https:\/\/www.aparences.net\/es\/periodos\/el-quattrocento\/la-escultura-del-quattrocento-en-florencia\/#el-naturalismo-de-donatello\">Donatello<\/a> viaj\u00f3 por segunda vez a Roma (1432-1433), esta vez acompa\u00f1ado por el arquitecto <a title=\"Michelozzo\" href=\"https:\/\/www.aparences.net\/es\/periodos\/el-quattrocento\/los-arquitectos-del-quattrocento-en-florencia\/\">Michelozzo<\/a>. Por encargo del papa realiz\u00f3 un tabern\u00e1culo inspir\u00e1ndose en la arquitectura romana, especialmente en los arcos de triunfo y en la escultura antigua. La imagen de la Virgen en el centro se atribuye a <strong>Lippo Memmi<\/strong>. A su regreso a Florencia <strong>Donatello<\/strong> realiz\u00f3 su obra maestra, el <a title=\"David en bronce de Donatello\" href=\"https:\/\/www.aparences.net\/es\/periodos\/el-quattrocento\/la-escultura-del-quattrocento-en-florencia\/\">David en bronce<\/a> (Museo del Bargello).<\/p>\n\n\n<div class=\"wp-block-image\">\n<figure class=\"aligncenter\"><img loading=\"lazy\" decoding=\"async\" width=\"250\" height=\"459\" src=\"https:\/\/www.aparences.net\/wp-content\/uploads\/2010\/07\/donatello-tabernacle-rome-basilique-saint-pierre.jpg\" alt=\"Tabern\u00e1culo, 1432-1433, Donatello\" class=\"wp-image-21913\" title=\"Tabern\u00e1culo, 1432-1433, Donatello\" srcset=\"https:\/\/www.aparences.net\/wp-content\/uploads\/2010\/07\/donatello-tabernacle-rome-basilique-saint-pierre.jpg 250w, https:\/\/www.aparences.net\/wp-content\/uploads\/2010\/07\/donatello-tabernacle-rome-basilique-saint-pierre-160x294.jpg 160w\" sizes=\"auto, (max-width: 250px) 100vw, 250px\" \/><figcaption class=\"wp-element-caption\"><em><strong>Tabern\u00e1culo<\/strong>, 1432-1433, <strong>Donatello<\/strong> (Roma, Bas\u00edlica de San Pedro)<\/em><\/figcaption><\/figure>\n<\/div>\n\n\n<!-- AdBoxLeft2023 --><ins class=\"adsbygoogle\" style=\"display:block\" data-ad-client=\"ca-pub-2468002815867636\" data-ad-slot=\"1318022963\" data-ad-format=\"auto\" data-full-width-responsive=\"true\"><\/ins><script> (adsbygoogle = window.adsbygoogle || []).push({});<\/script><h2 class=\"wp-block-heading\">Fra Angelico y la Capilla de Nicol\u00e1s V<\/h2>\n\n\n\n<p>A la muerte de <strong>Eugenio IV<\/strong> en 1447, el cardenal <strong>Tommaso Parentucelli<\/strong>, un humanista erudito, subi\u00f3 al trono papal con el nombre de <strong>Nicol\u00e1s V<\/strong>. Este pontificado que dur\u00f3 hasta 1455 ser\u00e1 decisivo en la historia de la ciudad. Nicolas V emprendi\u00f3 un ambicioso programa de renovaci\u00f3n urbana, cuya primera etapa\u00a0 coincide con el A\u00f1o Santo de 1450, en la que vemos la pacificaci\u00f3n definitiva de la Iglesia y la confirmaci\u00f3n no menos decisiva de la supremac\u00eda del Papa. Este programa cubre los principales lugares de Roma: la colina del Vaticano, donde el Palacio Apost\u00f3lico, convertido en la residencia permanente de la Papa, ser\u00e1 reformado y, en la colina del Capitolio, se edifica el palacio de los Conservadores (modificado en la segunda mitad del <strong>Cinquecento<\/strong>). Todav\u00eda es tema de debate el papel que jug\u00f3 en la definici\u00f3n de este programa muy elaborado, <a title=\"Leon Battista Alberti\" href=\"https:\/\/www.aparences.net\/es\/periodos\/el-quattrocento\/los-arquitectos-del-quattrocento-en-florencia\/\">Leon Battista Alberti<\/a>, quien pas\u00f3 gran parte de su vida en Roma. Uno de los primeros requisitos del pont\u00edfice en su residencia del Vaticano, es la creaci\u00f3n de una capilla privada, llamada \u00abparva\u00bb o \u00bb secreta\u00bb en documentos de la \u00e9poca, llamada despu\u00e9s Niccolina o de Nicolas V. Esta capilla se encuentra entre la tercera y cuarta planta de la torre de Inocencio III, construida en el siglo XIII y su decoraci\u00f3n fue confiada a <a title=\"Fra Angelico\" href=\"https:\/\/www.aparences.net\/es\/periodos\/el-quattrocento\/fra-angelico\/\">Fra Angelico<\/a>.<\/p>\n\n\n<div class=\"wp-block-image\">\n<figure class=\"aligncenter\"><img loading=\"lazy\" decoding=\"async\" width=\"464\" height=\"460\" src=\"https:\/\/www.aparences.net\/wp-content\/uploads\/2010\/07\/fra-angelico-saint-laurent-recoit-les-dons-de-l-eglise.jpg\" alt=\"San Lorenzo recibe los dones, Fra Angelico\" class=\"wp-image-21915\" title=\"San Lorenzo recibe los dones, Fra Angelico\" srcset=\"https:\/\/www.aparences.net\/wp-content\/uploads\/2010\/07\/fra-angelico-saint-laurent-recoit-les-dons-de-l-eglise.jpg 464w, https:\/\/www.aparences.net\/wp-content\/uploads\/2010\/07\/fra-angelico-saint-laurent-recoit-les-dons-de-l-eglise-100x100.jpg 100w, https:\/\/www.aparences.net\/wp-content\/uploads\/2010\/07\/fra-angelico-saint-laurent-recoit-les-dons-de-l-eglise-160x159.jpg 160w, https:\/\/www.aparences.net\/wp-content\/uploads\/2010\/07\/fra-angelico-saint-laurent-recoit-les-dons-de-l-eglise-150x150.jpg 150w\" sizes=\"auto, (max-width: 464px) 100vw, 464px\" \/><figcaption class=\"wp-element-caption\"><em><strong>San Lorenzo recibe los dones de la Iglesia<\/strong>, pintura al fresco, <\/em><br><em><strong>Fra Angelico<\/strong> (Vaticano Capilla Niccolina)<\/em><\/figcaption><\/figure>\n<\/div>\n\n\n<p><em>Esta escena representa al Papa Sixto II (bajo los rasgos de Nicolas V) ofreciendo sus dones al di\u00e1cono Lorenzo, arrodillado, con la ayuda de algunos colaboradores. La acci\u00f3n transcurre en un patio y lejos de las miradas indiscretas de los dos soldados vistos de espaldas. El artista se centra en la descripci\u00f3n de la ropa, los objetos y la arquitectura de inspiraci\u00f3n cl\u00e1sica. El espectador puede ver los apartamentos privados del Papa a trav\u00e9s del claustro desierto del fondo.<br><\/em><\/p>\n\n\n<div class=\"wp-block-image\">\n<figure class=\"aligncenter\"><img loading=\"lazy\" decoding=\"async\" width=\"541\" height=\"430\" src=\"https:\/\/www.aparences.net\/wp-content\/uploads\/2010\/07\/fra-angelico-saint-laurent-distribuant-aumone.jpg\" alt=\"San Lorenzo distribuyendo limosna, 1447-1449, Fra Angelico\" class=\"wp-image-19917\" title=\"San Lorenzo distribuyendo limosna, 1447-1449, Fra Angelico\" srcset=\"https:\/\/www.aparences.net\/wp-content\/uploads\/2010\/07\/fra-angelico-saint-laurent-distribuant-aumone.jpg 541w, https:\/\/www.aparences.net\/wp-content\/uploads\/2010\/07\/fra-angelico-saint-laurent-distribuant-aumone-160x127.jpg 160w\" sizes=\"auto, (max-width: 541px) 100vw, 541px\" \/><figcaption class=\"wp-element-caption\"><em><strong>San Lorenzo distribuyendo limosna<\/strong>, 1447-1449, <strong>Fra Angelico<\/strong> <\/em><br><em>(Vaticano Capilla Niccolina)<\/em><\/figcaption><\/figure>\n<\/div>\n\n\n<p class=\"has-text-align-left\"><em>Una perspectiva artificial y espectacular domina este episodio. Aqu\u00ed el santo\u00a0 simboliza la generosidad de la Iglesia, que ofrece los dones de la gracia divina a la comunidad cristiana. El santo est\u00e1 situado en el centro de la composici\u00f3n, delante del elegante p\u00f3rtico de una bas\u00edlica de la que podemos ver la nave. Distribuye limosnas, fruto de los dones que ha recibido de la papa. A su alrededor, mendigos, pobres e inv\u00e1lidos esperan su turno con dignidad. Los refinados adornos dorados de la t\u00fanica del santo di\u00e1cono acent\u00faa el contraste con las modestas vestimentas de los pobres. Sin embargo, en comparaci\u00f3n con los pobres que hab\u00eda representado <a href=\"https:\/\/www.aparences.net\/es\/periodos\/el-quattrocento\/masaccio-arquitectura-y-espacio\/\">Masaccio en la Capilla Brancacci<\/a> hac\u00eda veinte a\u00f1os, los mendigos de Fra Angelico muestran una dignidad y una resignaci\u00f3n irreal, casi m\u00e1gica.<\/em><\/p>\n\n\n\n<p>De dimensiones modestas, la capilla de Nicol\u00e1s V est\u00e1 toda decorada, excepto la pared del altar, con escenas de la <em><strong>Vida de san Esteban<\/strong><\/em> en las grandes lunetas del registro superior, y la <em><strong>Vida de san Lorenzo<\/strong><\/em> en los cuadros del registro inferior. En las cuatro pechinas de la b\u00f3veda de crucer\u00eda figuran los evangelistas sobre un fondo estrellado y en los dos grandes arcos, encima de la entrada y del altar, figuran <strong>ocho doctores de la Iglesia<\/strong> (Le\u00f3n Magno, Juan Cris\u00f3stomo, Gregorio el Grande, Atanasio, Ambrosio, Tom\u00e1s de Aquino, Agust\u00edn y Buenaventura), cuyas figuras aisladas se insertan en elegantes ed\u00edculos g\u00f3ticos con hermosas cortinas de damasco. El significado del programa es evidente. Los frescos de<strong> Fra Angelico<\/strong> muestran los pasajes fundamentales de la historia del cristianismo, los autores de los Evangelios, los dos Protom\u00e1rtires y los m\u00e1s ilustres te\u00f3logos. Debe tenerse en cuenta un detalle que no es insignificante: los m\u00e1s tradicionales doctores de la iglesias de Oriente y de Occidente se acompa\u00f1an de dos santos \u00abmodernos\u00bb que pertenecen a las \u00f3rdenes mendicantes, el dominico <strong>Tom\u00e1s de Aquino<\/strong> y el franciscano <strong>Buenaventura<\/strong>. Iniciada en 1448, la decoraci\u00f3n finaliz\u00f3 el mismo a\u00f1o. En este cometido, el colaborador de <strong>Fra Angelico<\/strong> fue el florentino <a href=\"https:\/\/www.aparences.net\/es\/periodos\/el-quattrocento\/la-pintura-narrativa-en-florencia-en-el-quattrocento\/#benozzo-gozzoli-y-el-arte-cortesano\">Benozzo Gozzoli<\/a> (autor, entre otros, de los murales el <em>Cortejo de los reyes magos<\/em> de Florencia), con quien hab\u00eda trabajado en los <a title=\"frescos del convento de San Marcos\" href=\"https:\/\/www.aparences.net\/es\/arte-y-mecenazgo\/los-fresquistas-florentinos\/frescos-de-masolino-y-fra-angelico\/#la-obra-mural-de-fra-angelico-en-florencia-y-roma\">frescos del convento de San Marcos<\/a>, tambi\u00e9n en Florencia, y en la capilla de San Brizio en Orvieto;\u00a0 la presencia de <strong>Benozzo Gozzoli<\/strong> en Roma se documenta ya en mayo de 1447.<\/p>\n\n\n<div class=\"wp-block-image\">\n<figure class=\"aligncenter\"><img decoding=\"async\" src=\"https:\/\/www.aparences.net\/wp-content\/uploads\/2010\/07\/angelico_martyre.jpg\" alt=\"Martirio de San Lorenzo, Fra Angelico\" title=\"Martirio de San Lorenzo, Fra Angelico\"\/><figcaption class=\"wp-element-caption\"><em><strong>Condena de San Lorenzo<\/strong> <strong>y<\/strong> <strong>Martirio de San Lorenzo<\/strong>, <strong>Fra Angelico<\/strong> <\/em><br><em>(Vaticano, capilla de Nicolas V)<\/em><\/figcaption><\/figure>\n<\/div>\n\n<div class=\"wp-block-image\">\n<figure class=\"aligncenter\"><img decoding=\"async\" src=\"https:\/\/www.aparences.net\/wp-content\/uploads\/2010\/07\/angelico_predication.jpg\" alt=\"Predicaci\u00f3n de San Esteban, Fra Angelico\" title=\"Predicaci\u00f3n de San Esteban, Fra Angelico\"\/><\/figure>\n<\/div>\n\n<div class=\"wp-block-image\">\n<figure class=\"aligncenter\"><img decoding=\"async\" src=\"https:\/\/www.aparences.net\/wp-content\/uploads\/2010\/07\/angelico_predication1.jpg\" alt=\"Predicaci\u00f3n de San Esteban, 1447-1449, Fra Angelico\" title=\"Predicaci\u00f3n de San Esteban, 1447-1449, Fra Angelico\"\/><figcaption class=\"wp-element-caption\"><em><strong>Predicaci\u00f3n de San Esteban<\/strong>, 1447-1449, <strong>Fra Angelico<\/strong> <\/em><br><em>(Vaticano, Capilla Niccolina)<\/em><\/figcaption><\/figure>\n<\/div>\n\n\n<p><em>Algunas de estas solemnes escenas se han suavizado con algunos trazos de la vida cotidiana. Aqu\u00ed, san Esteban predica delante de un numeroso grupo de personas. Los hombres situados delante de un palacio que evoca la <a title=\"Florencia del Quattrocento\" href=\"https:\/\/www.aparences.net\/es\/periodos\/el-quattrocento\/\">Florencia del Quattrocento<\/a>, y las mujeres sentadas en el suelo asisten atentas a la predicaci\u00f3n, entre ellas una madre que sujeta a su hijo, aparentemente menos interesado en las palabras del predicador.<br><\/em><\/p>\n\n\n\n<p>Estas pinturas demuestran no solo que <a title=\"Fra Angelico\" href=\"https:\/\/www.aparences.net\/es\/periodos\/el-quattrocento\/fra-angelico\/\">Fra Angelico<\/a> ha asimilado plenamente la lecci\u00f3n de <a title=\"Masaccio\" href=\"https:\/\/www.aparences.net\/es\/periodos\/el-quattrocento\/masaccio-arquitectura-y-espacio\/\">Masaccio<\/a>, sino tambi\u00e9n que es capaz de combinarla de manera armoniosa con lo que el arte antiguo le ha sugerido durante su estancia en Roma. Se pueden encontrar detalles precisos como el \u00e1guila en una corona de roble, tomada de un friso de la Bas\u00edlica de los Santos Ap\u00f3stoles, conocida por un dibujo de <strong>Benozzo Gozzoli<\/strong> (hoy en Estocolmo, Nationalmuseum). El mensaje es claro: la cultura contempor\u00e1nea reintegra la antigua, cualquier fisura entre el mundo cl\u00e1sico y el mundo cristiano desaparece. El <strong>papa humanista Nicolas V<\/strong>, sus doctos consejeros y un cultivado pintor dominico, establecen en la capilla privada del Vicario de Cristo, los nuevos c\u00e1nones del arte religioso, insert\u00e1ndolo en el debate cultural m\u00e1s avanzado y capaz de absorber los m\u00e1s altos logros de la investigaci\u00f3n art\u00edstica.<\/p>\n\n\n\n<p>La residencia papal comienza a convertirse en el principal punto de referencia y en el modelo de elecci\u00f3n iconogr\u00e1fica. Durante los a\u00f1os 1449-1450, <strong>Fra Angelico<\/strong> decora tambi\u00e9n al fresco el cuarto de trabajo del pont\u00edfice, al lado de la capilla. Estos frescos fueron destruidos a principios del Cinquecento, bajo el pontificado de <a title=\"Julio II\" href=\"https:\/\/www.aparences.net\/es\/arte-y-mecenazgo\/roma-mecenazgo-y-poder-papal\/julio-ii-giuliano-della-rovere\/\">Julio II<\/a>. En ese mismo a\u00f1o (1449) <strong>Benozzo Gozzoli<\/strong> realiza para Santa Maria sopra Minerva una bandera procesional con la Virgen y el Ni\u00f1o pintados sobre seda y decorada con elementos de oro (ahora encolada sobre madera); la definici\u00f3n del espacio, delimitado por cuatro columnas y una balaustrada, es moderno, pero la pose de la Virgen y el Ni\u00f1o se mantiene hier\u00e1tica y frontal.<\/p>\n\n\n<div class=\"wp-block-image\">\n<figure class=\"aligncenter\"><img loading=\"lazy\" decoding=\"async\" width=\"497\" height=\"457\" src=\"https:\/\/www.aparences.net\/wp-content\/uploads\/2010\/07\/benozzo-gozzoli-vierge-a-l-enfant-santa-maria-sopra-minerva-rome.jpg\" alt=\"Virgen con el Ni\u00f1o bendiciendo, Benozzo Gozzoli\" class=\"wp-image-21919\" title=\"Virgen con el Ni\u00f1o bendiciendo, Benozzo Gozzoli\" srcset=\"https:\/\/www.aparences.net\/wp-content\/uploads\/2010\/07\/benozzo-gozzoli-vierge-a-l-enfant-santa-maria-sopra-minerva-rome.jpg 497w, https:\/\/www.aparences.net\/wp-content\/uploads\/2010\/07\/benozzo-gozzoli-vierge-a-l-enfant-santa-maria-sopra-minerva-rome-160x147.jpg 160w\" sizes=\"auto, (max-width: 497px) 100vw, 497px\" \/><figcaption class=\"wp-element-caption\"><em><strong>Virgen con el Ni\u00f1o bendiciendo<\/strong>, estandarte de seda, 1449, <strong>Benozzo Gozzoli<\/strong> (Roma, Iglesia de Santa Maria sopra Minerva, Capilla funeraria de Fra Angelico)<\/em><\/figcaption><\/figure>\n<\/div>\n\n\n<p><em> Esta bandera pintada sobre seda, ahora restaurada, se encuentra todav\u00eda en la iglesia de Santa Maria Sopra Minerva, lo que hizo posible su lectura y confirm\u00f3 su atribuci\u00f3n. La Virgen aparece detr\u00e1s de la barandilla del elegante tabern\u00e1culo g\u00f3tico, mira con cari\u00f1o a su Hijo, quien a causa de sus solemnes vestiduras no parece un ni\u00f1o sino un adulto en miniatura. El Ni\u00f1o representado como Salvador del mundo, sostiene un globo terr\u00e1queo en el que est\u00e1n escritos los nombres de los continentes entonces conocidos \u00abASIA, AFRICA y EVROPIA \u00bb .<br><\/em><\/p>\n\n\n\n<p>\u00daltima actualizaci\u00f3n: 27-12-2023<\/p>\n","protected":false},"excerpt":{"rendered":"<p>A pesar de su abandono generalizado, Roma no estaba destruida, la cultura y las artes fueran regeneradas de una forma admirable.<\/p>\n","protected":false},"author":2,"featured_media":26546,"comment_status":"closed","ping_status":"closed","sticky":false,"template":"","format":"standard","meta":{"footnotes":""},"categories":[2322],"tags":[3489,3473,3486,5284,5063,5283,1042,6048],"class_list":["post-13164","post","type-post","status-publish","format-standard","has-post-thumbnail","hentry","category-roma-mecenazgo-y-poder-papal","tag-fra-angelico-2","tag-gentile-da-fabriano-2","tag-masaccio-2","tag-masolino-2","tag-mecenazgo-artistico","tag-papa-mecenas","tag-retour-papaute","tag-roma-regreso-del-papado"],"yoast_head":"<!-- This site is optimized with the Yoast SEO plugin v27.2 - https:\/\/yoast.com\/product\/yoast-seo-wordpress\/ -->\n<title>Roma: el regreso del papado<\/title>\n<meta name=\"description\" content=\"A pesar de su abandono generalizado, Roma no estaba destruida, la cultura y las artes fueran regeneradas de una forma admirable.\" \/>\n<meta name=\"robots\" content=\"index, follow, max-snippet:-1, max-image-preview:large, max-video-preview:-1\" \/>\n<link rel=\"canonical\" href=\"https:\/\/www.aparences.net\/es\/arte-y-mecenazgo\/roma-mecenazgo-y-poder-papal\/roma-el-regreso-del-papado\/\" \/>\n<meta property=\"og:locale\" content=\"es_ES\" \/>\n<meta property=\"og:type\" content=\"article\" \/>\n<meta property=\"og:title\" content=\"Roma: el regreso del papado\" \/>\n<meta property=\"og:description\" content=\"A pesar de su abandono generalizado, Roma no estaba destruida, la cultura y las artes fueran regeneradas de una forma admirable.\" \/>\n<meta property=\"og:url\" content=\"https:\/\/www.aparences.net\/es\/arte-y-mecenazgo\/roma-mecenazgo-y-poder-papal\/roma-el-regreso-del-papado\/\" \/>\n<meta property=\"og:site_name\" content=\"Aparences\" \/>\n<meta property=\"article:published_time\" content=\"2010-07-14T11:41:04+00:00\" \/>\n<meta property=\"article:modified_time\" content=\"2025-12-11T18:40:57+00:00\" \/>\n<meta property=\"og:image\" content=\"https:\/\/www.aparences.net\/wp-content\/uploads\/2010\/07\/rome-retour.jpg\" \/>\n\t<meta property=\"og:image:width\" content=\"1080\" \/>\n\t<meta property=\"og:image:height\" content=\"540\" \/>\n\t<meta property=\"og:image:type\" content=\"image\/jpeg\" \/>\n<meta name=\"author\" content=\"admin\" \/>\n<meta name=\"twitter:card\" content=\"summary_large_image\" \/>\n<meta name=\"twitter:label1\" content=\"Escrito por\" \/>\n\t<meta name=\"twitter:data1\" content=\"admin\" \/>\n\t<meta name=\"twitter:label2\" content=\"Tiempo de lectura\" \/>\n\t<meta name=\"twitter:data2\" content=\"23 minutos\" \/>\n<script type=\"application\/ld+json\" class=\"yoast-schema-graph\">{\"@context\":\"https:\/\/schema.org\",\"@graph\":[{\"@type\":\"Article\",\"@id\":\"https:\/\/www.aparences.net\/es\/arte-y-mecenazgo\/roma-mecenazgo-y-poder-papal\/roma-el-regreso-del-papado\/#article\",\"isPartOf\":{\"@id\":\"https:\/\/www.aparences.net\/es\/arte-y-mecenazgo\/roma-mecenazgo-y-poder-papal\/roma-el-regreso-del-papado\/\"},\"author\":{\"name\":\"admin\",\"@id\":\"https:\/\/www.aparences.net\/es\/#\/schema\/person\/af349f6ffc31b16c68963e61268afca5\"},\"headline\":\"Roma: el regreso del papado\",\"datePublished\":\"2010-07-14T11:41:04+00:00\",\"dateModified\":\"2025-12-11T18:40:57+00:00\",\"mainEntityOfPage\":{\"@id\":\"https:\/\/www.aparences.net\/es\/arte-y-mecenazgo\/roma-mecenazgo-y-poder-papal\/roma-el-regreso-del-papado\/\"},\"wordCount\":4322,\"publisher\":{\"@id\":\"https:\/\/www.aparences.net\/es\/#organization\"},\"image\":{\"@id\":\"https:\/\/www.aparences.net\/es\/arte-y-mecenazgo\/roma-mecenazgo-y-poder-papal\/roma-el-regreso-del-papado\/#primaryimage\"},\"thumbnailUrl\":\"https:\/\/www.aparences.net\/wp-content\/uploads\/2010\/07\/rome-retour.jpg\",\"keywords\":[\"Fra Angelico\",\"Gentile da Fabriano\",\"Masaccio\",\"Masolino\",\"mecenazgo art\u00edstico\",\"papa mecenas\",\"retour papaut\u00e9\",\"Roma regreso del papado\"],\"articleSection\":[\"Roma : mecenazgo y poder papal\"],\"inLanguage\":\"es\"},{\"@type\":[\"WebPage\",\"ItemPage\"],\"@id\":\"https:\/\/www.aparences.net\/es\/arte-y-mecenazgo\/roma-mecenazgo-y-poder-papal\/roma-el-regreso-del-papado\/\",\"url\":\"https:\/\/www.aparences.net\/es\/arte-y-mecenazgo\/roma-mecenazgo-y-poder-papal\/roma-el-regreso-del-papado\/\",\"name\":\"Roma: el regreso del papado\",\"isPartOf\":{\"@id\":\"https:\/\/www.aparences.net\/es\/#website\"},\"primaryImageOfPage\":{\"@id\":\"https:\/\/www.aparences.net\/es\/arte-y-mecenazgo\/roma-mecenazgo-y-poder-papal\/roma-el-regreso-del-papado\/#primaryimage\"},\"image\":{\"@id\":\"https:\/\/www.aparences.net\/es\/arte-y-mecenazgo\/roma-mecenazgo-y-poder-papal\/roma-el-regreso-del-papado\/#primaryimage\"},\"thumbnailUrl\":\"https:\/\/www.aparences.net\/wp-content\/uploads\/2010\/07\/rome-retour.jpg\",\"datePublished\":\"2010-07-14T11:41:04+00:00\",\"dateModified\":\"2025-12-11T18:40:57+00:00\",\"description\":\"A pesar de su abandono generalizado, Roma no estaba destruida, la cultura y las artes fueran regeneradas de una forma admirable.\",\"breadcrumb\":{\"@id\":\"https:\/\/www.aparences.net\/es\/arte-y-mecenazgo\/roma-mecenazgo-y-poder-papal\/roma-el-regreso-del-papado\/#breadcrumb\"},\"inLanguage\":\"es\",\"potentialAction\":[{\"@type\":\"ReadAction\",\"target\":[\"https:\/\/www.aparences.net\/es\/arte-y-mecenazgo\/roma-mecenazgo-y-poder-papal\/roma-el-regreso-del-papado\/\"]}]},{\"@type\":\"ImageObject\",\"inLanguage\":\"es\",\"@id\":\"https:\/\/www.aparences.net\/es\/arte-y-mecenazgo\/roma-mecenazgo-y-poder-papal\/roma-el-regreso-del-papado\/#primaryimage\",\"url\":\"https:\/\/www.aparences.net\/wp-content\/uploads\/2010\/07\/rome-retour.jpg\",\"contentUrl\":\"https:\/\/www.aparences.net\/wp-content\/uploads\/2010\/07\/rome-retour.jpg\",\"width\":1080,\"height\":540},{\"@type\":\"BreadcrumbList\",\"@id\":\"https:\/\/www.aparences.net\/es\/arte-y-mecenazgo\/roma-mecenazgo-y-poder-papal\/roma-el-regreso-del-papado\/#breadcrumb\",\"itemListElement\":[{\"@type\":\"ListItem\",\"position\":1,\"name\":\"Portada\",\"item\":\"https:\/\/www.aparences.net\/es\/\"},{\"@type\":\"ListItem\",\"position\":2,\"name\":\"Roma: el regreso del papado\"}]},{\"@type\":\"WebSite\",\"@id\":\"https:\/\/www.aparences.net\/es\/#website\",\"url\":\"https:\/\/www.aparences.net\/es\/\",\"name\":\"Aparences: Historia del Arte y Actualidad Cultural\",\"description\":\"\",\"publisher\":{\"@id\":\"https:\/\/www.aparences.net\/es\/#organization\"},\"potentialAction\":[{\"@type\":\"SearchAction\",\"target\":{\"@type\":\"EntryPoint\",\"urlTemplate\":\"https:\/\/www.aparences.net\/es\/?s={search_term_string}\"},\"query-input\":{\"@type\":\"PropertyValueSpecification\",\"valueRequired\":true,\"valueName\":\"search_term_string\"}}],\"inLanguage\":\"es\"},{\"@type\":\"Organization\",\"@id\":\"https:\/\/www.aparences.net\/es\/#organization\",\"name\":\"Aparences: Historia del Arte y Actualidad Cultural\",\"url\":\"https:\/\/www.aparences.net\/es\/\",\"logo\":{\"@type\":\"ImageObject\",\"inLanguage\":\"es\",\"@id\":\"https:\/\/www.aparences.net\/es\/#\/schema\/logo\/image\/\",\"url\":\"https:\/\/www.aparences.net\/wp-content\/uploads\/2023\/09\/logo-quadrat-color-e1695915315229.png\",\"contentUrl\":\"https:\/\/www.aparences.net\/wp-content\/uploads\/2023\/09\/logo-quadrat-color-e1695915315229.png\",\"width\":120,\"height\":120,\"caption\":\"Aparences: Historia del Arte y Actualidad Cultural\"},\"image\":{\"@id\":\"https:\/\/www.aparences.net\/es\/#\/schema\/logo\/image\/\"}},{\"@type\":\"Person\",\"@id\":\"https:\/\/www.aparences.net\/es\/#\/schema\/person\/af349f6ffc31b16c68963e61268afca5\",\"name\":\"admin\",\"url\":\"https:\/\/www.aparences.net\/es\/author\/admin\/\"}]}<\/script>\n<!-- \/ Yoast SEO plugin. -->","yoast_head_json":{"title":"Roma: el regreso del papado","description":"A pesar de su abandono generalizado, Roma no estaba destruida, la cultura y las artes fueran regeneradas de una forma admirable.","robots":{"index":"index","follow":"follow","max-snippet":"max-snippet:-1","max-image-preview":"max-image-preview:large","max-video-preview":"max-video-preview:-1"},"canonical":"https:\/\/www.aparences.net\/es\/arte-y-mecenazgo\/roma-mecenazgo-y-poder-papal\/roma-el-regreso-del-papado\/","og_locale":"es_ES","og_type":"article","og_title":"Roma: el regreso del papado","og_description":"A pesar de su abandono generalizado, Roma no estaba destruida, la cultura y las artes fueran regeneradas de una forma admirable.","og_url":"https:\/\/www.aparences.net\/es\/arte-y-mecenazgo\/roma-mecenazgo-y-poder-papal\/roma-el-regreso-del-papado\/","og_site_name":"Aparences","article_published_time":"2010-07-14T11:41:04+00:00","article_modified_time":"2025-12-11T18:40:57+00:00","og_image":[{"width":1080,"height":540,"url":"https:\/\/www.aparences.net\/wp-content\/uploads\/2010\/07\/rome-retour.jpg","type":"image\/jpeg"}],"author":"admin","twitter_card":"summary_large_image","twitter_misc":{"Escrito por":"admin","Tiempo de lectura":"23 minutos"},"schema":{"@context":"https:\/\/schema.org","@graph":[{"@type":"Article","@id":"https:\/\/www.aparences.net\/es\/arte-y-mecenazgo\/roma-mecenazgo-y-poder-papal\/roma-el-regreso-del-papado\/#article","isPartOf":{"@id":"https:\/\/www.aparences.net\/es\/arte-y-mecenazgo\/roma-mecenazgo-y-poder-papal\/roma-el-regreso-del-papado\/"},"author":{"name":"admin","@id":"https:\/\/www.aparences.net\/es\/#\/schema\/person\/af349f6ffc31b16c68963e61268afca5"},"headline":"Roma: el regreso del papado","datePublished":"2010-07-14T11:41:04+00:00","dateModified":"2025-12-11T18:40:57+00:00","mainEntityOfPage":{"@id":"https:\/\/www.aparences.net\/es\/arte-y-mecenazgo\/roma-mecenazgo-y-poder-papal\/roma-el-regreso-del-papado\/"},"wordCount":4322,"publisher":{"@id":"https:\/\/www.aparences.net\/es\/#organization"},"image":{"@id":"https:\/\/www.aparences.net\/es\/arte-y-mecenazgo\/roma-mecenazgo-y-poder-papal\/roma-el-regreso-del-papado\/#primaryimage"},"thumbnailUrl":"https:\/\/www.aparences.net\/wp-content\/uploads\/2010\/07\/rome-retour.jpg","keywords":["Fra Angelico","Gentile da Fabriano","Masaccio","Masolino","mecenazgo art\u00edstico","papa mecenas","retour papaut\u00e9","Roma regreso del papado"],"articleSection":["Roma : mecenazgo y poder papal"],"inLanguage":"es"},{"@type":["WebPage","ItemPage"],"@id":"https:\/\/www.aparences.net\/es\/arte-y-mecenazgo\/roma-mecenazgo-y-poder-papal\/roma-el-regreso-del-papado\/","url":"https:\/\/www.aparences.net\/es\/arte-y-mecenazgo\/roma-mecenazgo-y-poder-papal\/roma-el-regreso-del-papado\/","name":"Roma: el regreso del papado","isPartOf":{"@id":"https:\/\/www.aparences.net\/es\/#website"},"primaryImageOfPage":{"@id":"https:\/\/www.aparences.net\/es\/arte-y-mecenazgo\/roma-mecenazgo-y-poder-papal\/roma-el-regreso-del-papado\/#primaryimage"},"image":{"@id":"https:\/\/www.aparences.net\/es\/arte-y-mecenazgo\/roma-mecenazgo-y-poder-papal\/roma-el-regreso-del-papado\/#primaryimage"},"thumbnailUrl":"https:\/\/www.aparences.net\/wp-content\/uploads\/2010\/07\/rome-retour.jpg","datePublished":"2010-07-14T11:41:04+00:00","dateModified":"2025-12-11T18:40:57+00:00","description":"A pesar de su abandono generalizado, Roma no estaba destruida, la cultura y las artes fueran regeneradas de una forma admirable.","breadcrumb":{"@id":"https:\/\/www.aparences.net\/es\/arte-y-mecenazgo\/roma-mecenazgo-y-poder-papal\/roma-el-regreso-del-papado\/#breadcrumb"},"inLanguage":"es","potentialAction":[{"@type":"ReadAction","target":["https:\/\/www.aparences.net\/es\/arte-y-mecenazgo\/roma-mecenazgo-y-poder-papal\/roma-el-regreso-del-papado\/"]}]},{"@type":"ImageObject","inLanguage":"es","@id":"https:\/\/www.aparences.net\/es\/arte-y-mecenazgo\/roma-mecenazgo-y-poder-papal\/roma-el-regreso-del-papado\/#primaryimage","url":"https:\/\/www.aparences.net\/wp-content\/uploads\/2010\/07\/rome-retour.jpg","contentUrl":"https:\/\/www.aparences.net\/wp-content\/uploads\/2010\/07\/rome-retour.jpg","width":1080,"height":540},{"@type":"BreadcrumbList","@id":"https:\/\/www.aparences.net\/es\/arte-y-mecenazgo\/roma-mecenazgo-y-poder-papal\/roma-el-regreso-del-papado\/#breadcrumb","itemListElement":[{"@type":"ListItem","position":1,"name":"Portada","item":"https:\/\/www.aparences.net\/es\/"},{"@type":"ListItem","position":2,"name":"Roma: el regreso del papado"}]},{"@type":"WebSite","@id":"https:\/\/www.aparences.net\/es\/#website","url":"https:\/\/www.aparences.net\/es\/","name":"Aparences: Historia del Arte y Actualidad Cultural","description":"","publisher":{"@id":"https:\/\/www.aparences.net\/es\/#organization"},"potentialAction":[{"@type":"SearchAction","target":{"@type":"EntryPoint","urlTemplate":"https:\/\/www.aparences.net\/es\/?s={search_term_string}"},"query-input":{"@type":"PropertyValueSpecification","valueRequired":true,"valueName":"search_term_string"}}],"inLanguage":"es"},{"@type":"Organization","@id":"https:\/\/www.aparences.net\/es\/#organization","name":"Aparences: Historia del Arte y Actualidad Cultural","url":"https:\/\/www.aparences.net\/es\/","logo":{"@type":"ImageObject","inLanguage":"es","@id":"https:\/\/www.aparences.net\/es\/#\/schema\/logo\/image\/","url":"https:\/\/www.aparences.net\/wp-content\/uploads\/2023\/09\/logo-quadrat-color-e1695915315229.png","contentUrl":"https:\/\/www.aparences.net\/wp-content\/uploads\/2023\/09\/logo-quadrat-color-e1695915315229.png","width":120,"height":120,"caption":"Aparences: Historia del Arte y Actualidad Cultural"},"image":{"@id":"https:\/\/www.aparences.net\/es\/#\/schema\/logo\/image\/"}},{"@type":"Person","@id":"https:\/\/www.aparences.net\/es\/#\/schema\/person\/af349f6ffc31b16c68963e61268afca5","name":"admin","url":"https:\/\/www.aparences.net\/es\/author\/admin\/"}]}},"_links":{"self":[{"href":"https:\/\/www.aparences.net\/es\/wp-json\/wp\/v2\/posts\/13164","targetHints":{"allow":["GET"]}}],"collection":[{"href":"https:\/\/www.aparences.net\/es\/wp-json\/wp\/v2\/posts"}],"about":[{"href":"https:\/\/www.aparences.net\/es\/wp-json\/wp\/v2\/types\/post"}],"author":[{"embeddable":true,"href":"https:\/\/www.aparences.net\/es\/wp-json\/wp\/v2\/users\/2"}],"replies":[{"embeddable":true,"href":"https:\/\/www.aparences.net\/es\/wp-json\/wp\/v2\/comments?post=13164"}],"version-history":[{"count":0,"href":"https:\/\/www.aparences.net\/es\/wp-json\/wp\/v2\/posts\/13164\/revisions"}],"wp:featuredmedia":[{"embeddable":true,"href":"https:\/\/www.aparences.net\/es\/wp-json\/wp\/v2\/media\/26546"}],"wp:attachment":[{"href":"https:\/\/www.aparences.net\/es\/wp-json\/wp\/v2\/media?parent=13164"}],"wp:term":[{"taxonomy":"category","embeddable":true,"href":"https:\/\/www.aparences.net\/es\/wp-json\/wp\/v2\/categories?post=13164"},{"taxonomy":"post_tag","embeddable":true,"href":"https:\/\/www.aparences.net\/es\/wp-json\/wp\/v2\/tags?post=13164"}],"curies":[{"name":"wp","href":"https:\/\/api.w.org\/{rel}","templated":true}]}}