{"id":13170,"date":"2010-07-15T13:09:12","date_gmt":"2010-07-15T11:09:12","guid":{"rendered":"https:\/\/www.aparences.net\/art-et-mecenat\/naples-sous-les-aragon\/alfonso-de-napoles-y-el-arte-flamenco\/"},"modified":"2025-12-11T19:40:57","modified_gmt":"2025-12-11T18:40:57","slug":"alfonso-de-napoles-y-el-arte-flamenco","status":"publish","type":"post","link":"https:\/\/www.aparences.net\/es\/arte-y-mecenazgo\/los-aragon-de-napoles\/alfonso-de-napoles-y-el-arte-flamenco\/","title":{"rendered":"Alfonso de N\u00e1poles y el arte flamenco"},"content":{"rendered":"<p><!--contents--><\/p>\n\n\n<h2 class=\"wp-block-heading\">N\u00e1poles, foco art\u00edstico europeo<\/h2>\n\n\n\n<p>Si la contribuci\u00f3n de la casa real de N\u00e1poles en el siglo XV a la formaci\u00f3n de la cultura humanista en Europa fue esencial, la importancia hist\u00f3rica de las personalidades art\u00edsticas que la corte aragonesa supo reunir y desarrollar en N\u00e1poles fue igualmente importante. De hecho, <strong>N\u00e1poles fue, sobre todo durante la segunda mitad del <a title=\"Quattrocento\" href=\"https:\/\/www.aparences.net\/es\/periodos\/el-quattrocento\/\">Quattrocento<\/a>, un foco art\u00edstico europeo<\/strong>, y un centro de grandes innovaciones que han marcado la historia de la pintura.<\/p>\n\n\n\n<!--more-->\n\n\n\n<p><a title=\"Alfonso V rey de N\u00e1poles\" href=\"https:\/\/www.aparences.net\/es\/arte-y-mecenazgo\/los-aragon-de-napoles\/el-renacimiento-en-napoles-alfonso-v-el-magnanimo\/\">Alfonso V, rey de N\u00e1poles<\/a> entre 1443 y 1458, har\u00e1 venir a su corte, en primer lugar a artistas catalanes, como el escultor y arquitecto Guillem de Sagrera, que trabajar\u00e1 en el Castel Nuovo, el escultor Pere Joan, o el pintor Jacomart que recibi\u00f3 el t\u00edtulo de <em>familiaris<\/em> como el pintor Leonardo da Besozzo, pero fue a\u00fan m\u00e1s sensible al <a title=\"arte flamenco\" href=\"https:\/\/www.aparences.net\/es\/escuelas\/los-primitivos-flamencos\/\">arte flamenco<\/a>. La colecci\u00f3n de obras de pintores flamencos que Alfonso pose\u00eda era la m\u00e1s importante de la \u00e9poca. La obra de <strong>estos pintores que ya hab\u00eda influido la<\/strong> <a title=\"pintura catalana\" href=\"https:\/\/www.aparences.net\/es\/escuelas\/los-primitivos-flamencos\/el-arte-flamenco-en-el-reino-catalano-aragones\/\">pintura catalana<\/a>, <strong>influy\u00f3 a su vez a pintores locales como Colantonio<\/strong> en su famosa tabla <em>San Jer\u00f3nimo en su estudio,<\/em> fascinado por el efecto ilusionista de los accesorios, y Antonello da Messina. El esmero que pon\u00eda Colantonio en copiar las obras de <a title=\"Jan van Eyck\" href=\"https:\/\/www.aparences.net\/es\/escuelas\/los-primitivos-flamencos\/jan-van-eyck\/\">Jan van Eyck<\/a> que se encontraban en la corte de N\u00e1poles, demuestra la creciente popularidad de la pintura flamenca, pero tambi\u00e9n la evoluci\u00f3n art\u00edstica en N\u00e1poles durante el Renacimiento. Sin duda, las preferencias del rey como coleccionista contribuyeron a este fen\u00f3meno.<\/p>\n\n\n<div class=\"wp-block-image\">\n<figure class=\"aligncenter\"><img loading=\"lazy\" decoding=\"async\" width=\"599\" height=\"430\" src=\"https:\/\/www.aparences.net\/wp-content\/uploads\/2010\/07\/colantonio-saint-jerome-dans-son-cabinet-naples.jpg\" alt=\"San Jer\u00f3nimo en su estudio, Colantonio\" class=\"wp-image-21142\" title=\"San Jer\u00f3nimo en su estudio, Colantonio\" srcset=\"https:\/\/www.aparences.net\/wp-content\/uploads\/2010\/07\/colantonio-saint-jerome-dans-son-cabinet-naples.jpg 599w, https:\/\/www.aparences.net\/wp-content\/uploads\/2010\/07\/colantonio-saint-jerome-dans-son-cabinet-naples-160x115.jpg 160w\" sizes=\"auto, (max-width: 599px) 100vw, 599px\" \/><figcaption class=\"wp-element-caption\"><em><strong>San Jer\u00f3nimo en su estudio<\/strong> sacando una espina de la pata del le\u00f3n, c. 1445-1450, <strong>Colantonio<\/strong> (N\u00e1poles, Museo di Capodimonte)<\/em><\/figcaption><\/figure>\n<\/div>\n\n\n<p><em>El \u00abSan Jer\u00f3nimo\u00bb ha sido aclamado como la obra m\u00e1s importante y tal vez el testimonio m\u00e1s elocuente de los intercambios f\u00e9rtiles que experimentaron las artes a partir de finales de la d\u00e9cada de 1430. Esta tabla es uno de los elementos de un pol\u00edptico hoy dispersado entre varias colecciones &#8211; fue pintado a petici\u00f3n de Alfonso V, como lo indica el escudo de armas de este \u00faltimo y el tema de la pintura que celebra la prescripci\u00f3n de pobreza de la Orden Franciscana. Alfonso el Magn\u00e1nimo hab\u00eda intercedido por la canonizaci\u00f3n de Bernardino de Siena, el franciscano tal vez m\u00e1s influyente del siglo XV; por otra parte, en su pol\u00edtica cultural oficial, Alfonso segu\u00eda de cerca los preceptos en materia de arte de las \u00f3rdenes mendicantes (<strong>en Siena, los pintores<\/strong> <strong>Sano di Pietro<\/strong> y <a title=\"Sassetta\" href=\"https:\/\/www.aparences.net\/es\/escuelas\/la-pintura-sienesa\/el-quattrocento-en-siena-sassetta\/\">Sassetta<\/a>, entre otros). Los componentes de este pol\u00edptico muestran el virtuosismo derivado, no solo de la tradici\u00f3n flamenca-provenzal, sino tambi\u00e9n de un repertorio estil\u00edstico y formal derivado, a partes iguales, de influencias septentrionales y meridionales.<\/em><\/p>\n\n\n\n<p>Esta preponderancia que Alfonso V daba a los artistas de los Pa\u00edses Bajos, era anterior a su llegada a Italia. Alfonso el Magn\u00e1nimo ten\u00eda un cari\u00f1o especial por el arte flamenco, ya que <strong>adquiri\u00f3 una considerable colecci\u00f3n que inclu\u00eda tapices y algunas importantes obras de<\/strong> <a title=\"Rogier van der Weyden\" href=\"https:\/\/www.aparences.net\/es\/escuelas\/los-primitivos-flamencos\/rogier-van-der-weyden\/\">Rogier van der Weyden<\/a> <strong>y especialmente de Van Eyck<\/strong>. El canciller y escritor humanista Giovanni Pontano, activo en la corte de N\u00e1poles, en su tratado moral \u00abDe Splendore\u00bb (1493-1494), pone de relieve la ambici\u00f3n de Alfonso el Magn\u00e1nimo de superar al duque de Berry como mecenas de las artes (<em>Muy ricas horas<\/em> de los Hermanos Limbourg). Y cuando el mismo Pontano se interesa a <em>San Jorge y el drag\u00f3n<\/em> de Van Eyck &#8211; se sabe que fue una de las primeras de la colecci\u00f3n real &#8211; llam\u00e1ndole \u00abMaestro Juan, el gran pintor del ilustre duque Borgo\u00f1a\u00bb, eso da una idea del prestigio del pintor, de su obra, y de su propietario, prestigio que hace extensible a <a title=\"Felipe el Bueno\" href=\"https:\/\/www.aparences.net\/es\/arte-y-mecenazgo\/los-duques-de-borgona\/la-borgona-en-tiempos-de-felipe-el-bueno\/\">Felipe el Bueno<\/a>. Esto prueba que el inter\u00e9s de Alfonso por el pintor flamenco no hab\u00eda surgido con la conquista definitiva del reino de Italia del Sur, sino que data de la \u00e9poca en que el rey resid\u00eda en Arag\u00f3n. Se supone que los aragoneses hab\u00edan conocido Jan van Eyck en 1427 en Valencia, donde una delegaci\u00f3n de Borgo\u00f1a en la que figuraba el pintor, se traslad\u00f3 all\u00ed con ocasi\u00f3n del proyecto de boda de Felipe el Bueno con Isabel d&#8217;Urgell, sobrina de Alfonso &#8211; matrimonio que finalmente se llevar\u00e1 cabo con Isabel de Portugal. Fue probablemente en esta \u00e9poca que Alfonso incorpora a su colecci\u00f3n el retrato del duque de Borgo\u00f1a que Colantonio copiar\u00e1 m\u00e1s tarde en N\u00e1poles. Tambi\u00e9n sabemos que el tr\u00edptico pintado por Jan van Eyck para el comerciante genov\u00e9s Battista Lomellini, pas\u00f3 en 1444 a manos del rey Alfonso de Arag\u00f3n en N\u00e1poles, sin ninguna adaptaci\u00f3n o modificaci\u00f3n: se le consideraba digno de un rey. Los tapices, comprados en 1456, representando escenas de la Pasi\u00f3n, de <a title=\"Rogier van der Weyden\" href=\"https:\/\/www.aparences.net\/es\/escuelas\/los-primitivos-flamencos\/rogier-van-der-weyden\/\">Rogier van der Weyden<\/a>, y a los que presumiblemente se a\u00f1adieron otras obras del maestro, tambi\u00e9n demuestra esta predilecci\u00f3n por el arte flamenco, del que Alfonso V fue quiz\u00e1s el primero y m\u00e1s eficaz promotor en Italia. Tambi\u00e9n se ha probado la presencia de obras flamencas en Sicilia; el humanista y escritor Jacopo Sannazzaro parece haber pose\u00eddo una tabla de <a title=\"Petrus Christus\" href=\"https:\/\/www.aparences.net\/es\/escuelas\/los-primitivos-flamencos\/los-sucesores-de-jan-van-eyck\/\">Petrus Christus<\/a>.<\/p>\n\n\n<div class=\"wp-block-image\">\n<figure class=\"aligncenter\"><a href=\"https:\/\/aparences.net\/wp-content\/uploads\/2010\/11\/pere_nisart_saint_georges.png\"><img loading=\"lazy\" decoding=\"async\" width=\"620\" height=\"400\" src=\"https:\/\/www.aparences.net\/wp-content\/uploads\/2010\/11\/pere_nisart_saint_georges.png\" alt=\"Retablo de San Jorge, 1470, Pedro Nisart\" class=\"wp-image-15342\" title=\"Retablo de San Jorge, 1470, Pedro Nisart\" srcset=\"https:\/\/www.aparences.net\/wp-content\/uploads\/2010\/11\/pere_nisart_saint_georges.png 620w, https:\/\/www.aparences.net\/wp-content\/uploads\/2010\/11\/pere_nisart_saint_georges-300x193.png 300w\" sizes=\"auto, (max-width: 620px) 100vw, 620px\" \/><\/a><figcaption class=\"wp-element-caption\"><em><strong>Retablo de San Jorge<\/strong>, 1470, <strong>Pedro Nisart<\/strong> (Palma de Mallorca, Museo Diocesano)<\/em><\/figcaption><\/figure>\n<\/div>\n\n\n<p><em>Esta tabla de San Jorge matando al drag\u00f3n de Pedro Nisart <strong>es quiz\u00e1s un reflejo de la<\/strong> <a title=\"obra de Van Eyck\" href=\"https:\/\/www.aparences.net\/es\/escuelas\/los-primitivos-flamencos\/jan-van-eyck\/\">obra de Van Eyck<\/a> que trata del mismo asunto, y perteneci\u00f3 a Alfonso el Magn\u00e1nimo. Sabemos que hab\u00eda ordenado a su lugarteniente de Valencia, Berenguer Mercader, encontrar un cuadro de Van Eyck. El tema del cuadro no importaba: el rey, como <a title=\"Isabel d'Este\" href=\"https:\/\/www.aparences.net\/es\/arte-y-mecenazgo\/los-gonzaga-de-mantua\/el-studiolo-de-isabel-de-este\/\">Isabel d&#8217;Este<\/a> a finales de siglo, s\u00f3lo quer\u00eda tener una obra de este gran maestro. Mercader encarg\u00f3 pues a un mercader valenciano que comprara uno en Flandes. Encontr\u00f3 un \u00abSan Jorge y el drag\u00f3n\u00bb en venta en Brujas y lo hizo enviar a Barcelona, y de all\u00ed fue expedido a N\u00e1poles en 1444. Con el paso del tiempo la pintura se perdi\u00f3, pero la obra hab\u00eda suscitado el entusiasmo de Pietro Surmonte, escritor del siglo XVI, en una famosa carta de 1524. El tema de la pintura se adaptaba bien a Alfonso: su capilla funeraria catalana, construida en 1442 en el monasterio de Poblet (Tarragona), el pante\u00f3n de los reyes catalanes, fue dedicada al santo que el rey hab\u00eda adoptado como protector durante su campa\u00f1a napolitana.<\/em><\/p>\n\n\n\n<p>Entre los pintores que Alfonso el Magn\u00e1nimo se hab\u00eda llevado a N\u00e1poles figura <strong>Jaume Ba\u00e7o<\/strong> llamado Jacomart y <strong>Joan Reixac<\/strong>, ambos originarios de Valencia. La actividad de Jacomart (desde 1410 a 1461) se inscribe entre los artistas que circulaban por el Mediterr\u00e1neo, y se llev\u00f3 a cabo entre Valencia y N\u00e1poles, donde Alfonso de Arag\u00f3n lo hab\u00eda llamado en 1440 y donde realiz\u00f3, entre otros, un retablo (perdido) para Santa Maria della Pace. Se tiende a suponer que Jacomart tuvo una formaci\u00f3n de origen flamenco, incluso si se tiene en cuenta el ambiente napolitano en el que se desarroll\u00f3 su carrera de artista, donde se reun\u00edan dos influencias, la del Renacimiento italiano y la del de Norte. Joan Reixac fue un pintor de la escuela de Valencia y disc\u00edpulo de Jaume Ba\u00e7o. Trat\u00f3 de conciliar el gusto decorativo de tradici\u00f3n aragonesa con el naturalismo flamenco. A veces, el nombre de Joan Reixac se asocia con el del <strong>Maestro de la Porci\u00fancula<\/strong> (actividad documentada hacia 1450-1474). En el Convento de Capuchinos de Castell\u00f3n se conserva una magn\u00edfica tabla atribuida a este maestro, directamente inspirada en el <em><strong>San Francisco<\/strong><\/em> de Tur\u00edn o de Filadelfia de Van Eyck.<\/p>\n\n\n<div class=\"wp-block-image\">\n<figure class=\"aligncenter\"><a href=\"https:\/\/aparences.net\/wp-content\/uploads\/2010\/11\/saint_francois_porciuncula.png\"><img loading=\"lazy\" decoding=\"async\" width=\"312\" height=\"429\" src=\"https:\/\/www.aparences.net\/wp-content\/uploads\/2010\/11\/saint_francois_porciuncula.png\" alt=\"San Francisco recibiendo los estigmas, Maestro de la Porci\u00fancula\" class=\"wp-image-15343\" title=\"San Francisco recibiendo los estigmas, Maestro de la Porci\u00fancula\" srcset=\"https:\/\/www.aparences.net\/wp-content\/uploads\/2010\/11\/saint_francois_porciuncula.png 312w, https:\/\/www.aparences.net\/wp-content\/uploads\/2010\/11\/saint_francois_porciuncula-218x300.png 218w\" sizes=\"auto, (max-width: 312px) 100vw, 312px\" \/><\/a><figcaption class=\"wp-element-caption\"><em><strong>San Francisco recibiendo los estigmas<\/strong>, 1450, <strong>Maestro de la Porci\u00fancula<\/strong> <\/em><br><em>(Castell\u00f3n, Convento de Capuchinos)<\/em><\/figcaption><\/figure>\n<\/div>\n\n\n<p><em>La representaci\u00f3n de San Francisco recibiendo los estigmas fue muy popular en la Pen\u00ednsula Ib\u00e9rica y en Italia. Adem\u00e1s, la orden franciscana fue particularmente importante en Arag\u00f3n. <strong>Este trabajo se inspira en<\/strong> <a title=\"San Francisco recibiendo los est\u00edgmatas Van Eyck\" href=\"https:\/\/www.aparences.net\/es\/escuelas\/los-primitivos-flamencos\/jan-van-eyck\/#jan-van-eyck:-pintura-sagrada-y-pintura-profana\">San Francisco recibiendo los estigmas de Jan van Eyck<\/a>, del que conocemos dos versiones, una en Filadelfia y otra en Tur\u00edn. Se pueden identificar algunas diferencias entre las tablas eyckianas y la obra del Maestro de la Porci\u00fancula. Aqu\u00ed, el santo se muestra con un halo y extiende sus manos hacia el Crucificado. Se han desplazado algunos elementos, por ejemplo, el \u00e1rbol de la izquierda en Van Eyck, aparece a la derecha en la versi\u00f3n de Valencia. El libro abierto no se encuentra en la composici\u00f3n original. En cambio, el Maestro de la Porci\u00fancula mantiene los principales elementos del paisaje.<\/em><\/p>\n\n\n<div class=\"wp-block-image\">\n<figure class=\"aligncenter\"><a href=\"https:\/\/aparences.net\/wp-content\/uploads\/2010\/11\/joan_reixac_saint_michel.png\"><img loading=\"lazy\" decoding=\"async\" width=\"585\" height=\"400\" src=\"https:\/\/www.aparences.net\/wp-content\/uploads\/2010\/11\/joan_reixac_saint_michel.png\" alt=\"San Miguel pesando las almas, 1460, Joan Reixac\" class=\"wp-image-15344\" title=\"San Miguel pesando las almas, 1460, Joan Reixac\" srcset=\"https:\/\/www.aparences.net\/wp-content\/uploads\/2010\/11\/joan_reixac_saint_michel.png 585w, https:\/\/www.aparences.net\/wp-content\/uploads\/2010\/11\/joan_reixac_saint_michel-300x205.png 300w\" sizes=\"auto, (max-width: 585px) 100vw, 585px\" \/><\/a><figcaption class=\"wp-element-caption\"><em><strong>San Miguel pesando las almas<\/strong>, 1460, <strong>Joan Reixac<\/strong> (Reggio Emilia, Galleria Civica)<\/em><\/figcaption><\/figure>\n<\/div>\n\n\n<p><em>El pintor catal\u00e1n Joan Reixac, disc\u00edpulo de Jacomart, fue un pintor de la escuela de Valencia, donde llev\u00f3 a cabo su actividad. Trat\u00f3 de conciliar el gusto decorativo de la tradici\u00f3n ib\u00e9rica con el <a title=\"realismo flamenco\" href=\"https:\/\/www.aparences.net\/es\/escuelas\/los-primitivos-flamencos\/el-realismo-en-la-pintura-flamenca\/\">naturalismo flamenco<\/a>.<\/em><\/p>\n\n\n<div class=\"wp-block-image\">\n<figure class=\"aligncenter\"><a href=\"https:\/\/aparences.net\/wp-content\/uploads\/2010\/11\/retable_vierge_maitre_porci.png\"><img loading=\"lazy\" decoding=\"async\" width=\"442\" height=\"370\" src=\"https:\/\/www.aparences.net\/wp-content\/uploads\/2010\/11\/retable_vierge_maitre_porci.png\" alt=\"Retablo de la Virgen de la Porci\u00fancula, c.1455\" class=\"wp-image-15345\" title=\"Retablo de la Virgen de la Porci\u00fancula, c.1455\" srcset=\"https:\/\/www.aparences.net\/wp-content\/uploads\/2010\/11\/retable_vierge_maitre_porci.png 442w, https:\/\/www.aparences.net\/wp-content\/uploads\/2010\/11\/retable_vierge_maitre_porci-300x251.png 300w\" sizes=\"auto, (max-width: 442px) 100vw, 442px\" \/><\/a><figcaption class=\"wp-element-caption\"><em><strong>Virgen de la Porci\u00fancula<\/strong>, c.1455, <strong>Maestro de la Porci\u00fancula<\/strong>, (Barcelona, Museo Nacional de Arte de Catalu\u00f1a)<\/em><\/figcaption><\/figure>\n<\/div>\n\n\n<p><em>Esta obra que proviene de Alboc\u00e0sser (Valencia), es el elemento a partir del cual los historiadores han elaborado el cat\u00e1logo del Maestro de la Porci\u00fancula. Cabe destacar la notable personalidad de este pintor an\u00f3nimo, el papel clave que jug\u00f3 en la evoluci\u00f3n de la pintura en Valencia y la sorprendente riqueza de su cultura eyckiana. Considerando la enigm\u00e1tica relaci\u00f3n de este maestro con el pintor Joan Reixach y su paralelismo creativo, hoy se rechaza la idea de que el Maestro de la Porci\u00fancula fuera un mero ep\u00edgono de Reixach.<\/em><\/p>\n\n\n\n<p>El nuevo lenguaje figurativo flamenco fue introducido en Catalu\u00f1a por <a title=\"Llu\u00eds Dalmau\" href=\"https:\/\/www.aparences.net\/es\/escuelas\/los-primitivos-flamencos\/el-arte-flamenco-en-el-reino-catalano-aragones\/#llu%C3%ADs-dalmau:-entre-tradici%C3%B3n-e-innovaci%C3%B3n\">Llu\u00eds Dalmau<\/a>, pintor de la corte de Alfonso en Barcelona. En 1431, Alfonso envi\u00f3 a este pintor valenciano a Flandes; viaje que estaba relacionado con el proyecto de rey de fundar una f\u00e1brica de tapices. En colaboraci\u00f3n con el tapicero flamenco Guillaume d&#8217;Ixelles, en Flandes Dalmau deb\u00eda aprender la <a href=\"https:\/\/www.aparences.net\/es\/escuelas\/los-primitivos-flamencos\/el-realismo-en-la-pintura-flamenca\/#la-t%C3%A9cnica-de-los-maestros-flamencos\">t\u00e9cnica flamenca<\/a> y contratar personal adecuado. El hecho de que Dalmau estudiara entonces ciertas obras de los Primitivos Flamencos como el <a title=\"Retablo del Cordero M\u00edstico\" href=\"https:\/\/www.aparences.net\/es\/escuelas\/los-primitivos-flamencos\/jan-van-eyck\/#el-cordero-m%C3%ADstico\"><em>Retablo del Cordero M\u00edstico<\/em><\/a> de Van Eyck, entonces inacabado, es atestiguado por el retablo <em>La Virgen de los Consejeros<\/em>, ejecutado en 1443-1445 para los Consejeros de Barcelona y que hace referencia al famoso pol\u00edptico. <strong>Al igual que hizo Alfonso V enviando a Dalmau a Flandes<\/strong> en 1431, su hijo y heredero <a title=\"Ferrante I de N\u00e1poles\" href=\"https:\/\/www.aparences.net\/es\/arte-y-mecenazgo\/los-aragon-de-napoles\/ferrante-i-rey-de-napoles\/\">Ferrante I <\/a>seguir\u00eda el ejemplo de su padre mandando a Giovanni di Basilio o di Giusto a Brujas (1469-1470) para que aprendiera el oficio de pintor. Ferrante seguramente pensaba que la formaci\u00f3n en Flandes era un ejercicio indispensable. Bartolomeo Fazio, uno de los humanistas que formaba parte de los debates entre eruditos que Alfonso organizaba, en su <em>De viris illustribus<\/em> (Hombres Ilustres) elogia <a title=\"Van Eyck\" href=\"https:\/\/www.aparences.net\/es\/escuelas\/los-primitivos-flamencos\/jan-van-eyck\/\">Van Eyck<\/a> llam\u00e1ndolo <em>pictorum princeps<\/em>, a <a title=\"Van der Weyden\" href=\"https:\/\/www.aparences.net\/es\/escuelas\/los-primitivos-flamencos\/rogier-van-der-weyden\/\">Van der Weyden<\/a> y <a title=\"Pisanello\" href=\"https:\/\/www.aparences.net\/es\/periodos\/gotico-internacional\/el-gotico-internacional-en-italia\/#pisanello\">Pisanello<\/a>, y exalta la dignidad y la dificultad creativa de la pintura, capaz de evocar sentimientos: \u00abEs para expresar estas cualidades de los seres que debe esforzarse el pintor y el poeta, y es sobre todo all\u00ed donde reconocemos el talento y la capacidad del uno y del otro\u00bb. Desafortunadamente, la mayor\u00eda de las pinturas encargadas por Alfonso se han perdido o destruido. Los archivos estatales fueron destruidos durante la Segunda Guerra Mundial, por lo que valiosos documentos concernientes a encargos y compras ya no existen.<\/p>\n\n\n\n<!-- AdBoxRight2020 --><ins class=\"adsbygoogle\"     style=\"display:block; margin-top:30px;\"     data-ad-client=\"ca-pub-2468002815867636\"     data-ad-slot=\"3496014735\"     data-ad-format=\"auto\"     data-full-width-responsive=\"false\"><\/ins><script> (adsbygoogle = window.adsbygoogle || []).push({});<\/script><h2 class=\"wp-block-heading\">Niccol\u00f2 Colantonio<\/h2>\n\n\n\n<p>Colantonio, activo en N\u00e1poles entre 1440 y 1470 aproximadamente, trabaj\u00f3 en aquella ciudad cuando, bajo el <a title=\"reinado de Alfonso de Arag\u00f3n\" href=\"https:\/\/www.aparences.net\/es\/arte-y-mecenazgo\/los-aragon-de-napoles\/el-renacimiento-en-napoles-alfonso-v-el-magnanimo\/\">reinado de Alfonso de Arag\u00f3n<\/a>, era un centro art\u00edstico muy activo donde converg\u00edan artistas y obras aragonesas, provenzales y flamencas. En una carta a Marcantonio Michiel de 1524, el humanista napolitano Pietro Summonte (1452-1496) evoca la historia del arte de su ciudad natal. Dice que Colantonio, muri\u00f3 joven, que fue el maestro de Antonello da Messina y el primero en poseer la t\u00e9cnica flamenca de pintura al \u00f3leo, iniciada por Renato de Anjou en persona; tambi\u00e9n dice que <strong>el pintor habr\u00eda estudiado las<\/strong> <a title=\"pinturas de Van Eyck\" href=\"https:\/\/www.aparences.net\/es\/escuelas\/los-primitivos-flamencos\/jan-van-eyck\/\">pinturas de Van Eyck<\/a> y que a veces las habr\u00eda imitado a la perfecci\u00f3n. Las descripciones de Surmmonte han permitido identificar tres obras de Colantonio:\u00a0 el Retablo de san Francisco y su predela con <em>San Jer\u00f3nimo en su estudio<\/em>, probablemente inspirado en Van Eyck, <em><strong>El Descendimiento de la Cruz<\/strong><\/em> para la iglesia de San Lorenzo y el <em><strong>Retablo de San Vicente Ferrer<\/strong><\/em>. Estas tres obras se inscriben en el contexto de la soberan\u00eda de la Casa de Arag\u00f3n en N\u00e1poles e ilustran a la perfecci\u00f3n el papel de Colantonio como propagador de la <a title=\"pintura flamenca\" href=\"https:\/\/www.aparences.net\/es\/escuelas\/los-primitivos-flamencos\/\">pintura flamenca<\/a> en aquel reino.<\/p>\n\n\n<div class=\"wp-block-image\">\n<figure class=\"aligncenter\"><a href=\"https:\/\/aparences.net\/wp-content\/uploads\/2010\/11\/colantonio_descente_croix.png\"><img loading=\"lazy\" decoding=\"async\" width=\"620\" height=\"430\" src=\"https:\/\/www.aparences.net\/wp-content\/uploads\/2010\/11\/colantonio_descente_croix.png\" alt=\"Descendimiento de la Cruz, c. 1455-1460, Colantonio\" class=\"wp-image-15346\" title=\"Descendimiento de la Cruz, c. 1455-1460, Colantonio\" srcset=\"https:\/\/www.aparences.net\/wp-content\/uploads\/2010\/11\/colantonio_descente_croix.png 620w, https:\/\/www.aparences.net\/wp-content\/uploads\/2010\/11\/colantonio_descente_croix-300x208.png 300w\" sizes=\"auto, (max-width: 620px) 100vw, 620px\" \/><\/a><figcaption class=\"wp-element-caption\"><em><strong>Descendimiento de la Cruz<\/strong>, c. 1455-1460, <strong>Colantonio<\/strong> (N\u00e1poles, Museo di Capodimonte)<\/em><\/figcaption><\/figure>\n<\/div>\n\n\n<p><em>Este \u00ab Descendimiento \u00bb, en su origen en la iglesia de San Domenico de N\u00e1poles, es un notable ejemplo de la flexibilidad y pluralismo estil\u00edstico de Colantonio. La obra, que toma prestado al <a title=\"estilo g\u00f3tico internacional\" href=\"https:\/\/www.aparences.net\/es\/periodos\/gotico-internacional\/\">estilo g\u00f3tico internacional<\/a> de la d\u00e9cada de 1400, puede vincularse tambi\u00e9n tanto a Petrus Christus como a los tapices importados por el rey Alfonso para el Castel Nouvo, hoy perdidos, que representaban \u00abEscenas de la Pasi\u00f3n\u00bb por <a title=\"Rogier van der Weyden\" href=\"https:\/\/www.aparences.net\/es\/escuelas\/los-primitivos-flamencos\/rogier-van-der-weyden\/\">Rogier van der Weiden<\/a>. La singular introducci\u00f3n de dos escaleras que se apoyan de forma sim\u00e9trica en los brazos de la cruz, confiere a la composici\u00f3n equilibrio y solemnidad claramente humanista. El sentido de la proporci\u00f3n y la sobriedad se refleja tambi\u00e9n en la expresi\u00f3n de los personajes, y en su dignidad frente al drama. En el borde izquierdo figura un personaje femenino que enjuga sus l\u00e1grimas en una esquina de su amplio turbante, actitud que se encuentra en el lado derecho de \u00ab <a title=\"Lamentaci\u00f3n por la muerte de Cristo\" href=\"https:\/\/www.aparences.net\/es\/escuelas\/los-primitivos-flamencos\/los-sucesores-de-jan-van-eyck\/\">Lamentaci\u00f3n por la muerte de Cristo<\/a> \u00bb del flamenco Petrus Christus.<\/em><\/p>\n\n\n\n<p>Seg\u00fan Summonte, Colantonio ejecut\u00f3 muchas obras de Van Eyck, <strong>principalmente el retrato del duque de Borgo\u00f1a<\/strong> <a title=\"Felipe el Bueno\" href=\"https:\/\/www.aparences.net\/es\/arte-y-mecenazgo\/los-duques-de-borgona\/la-borgona-en-tiempos-de-felipe-el-bueno\/\">Felipe el Bueno<\/a> que Alfonso el Magn\u00e1nimo se hab\u00eda llevado de Arag\u00f3n, as\u00ed como un <em>San Jorge<\/em>, pieza que se encontraba en N\u00e1poles en 1445. Ambas obras se han perdido. La comparaci\u00f3n que se suele hacer entre el <em>San Jer\u00f3nimo<\/em> de Colantonio y la representaci\u00f3n del mismo padre de la iglesia por Van Eyck, pone en evidencia el \u00e9xito de Colantonio con este nuevo lenguaje figurativo. Colantonio era sin duda una especie de vector de los intercambios art\u00edsticos, cuyo provechoso oportunismo satisfac\u00eda tanto lo gustos de sus comitentes como su propio gusto por la experimentaci\u00f3n. La extraordinaria adaptabilidad de Colantonio se manifestar\u00e1 hasta sus \u00faltimas obras, como en el <em>Retablo de San Vicente Ferrer<\/em> donde aplica lo m\u00e1s radical del paisaje eyckiano y las <a title=\"innovaciones del Renacimiento\" href=\"https:\/\/www.aparences.net\/es\/periodos\/el-quattrocento\/\">innovaciones del Renacimiento<\/a> italiano, sobre todo en t\u00e9rminos de perspectiva, probablemente descubierta a trav\u00e9s de <a title=\"Piero della Francesca\" href=\"https:\/\/www.aparences.net\/es\/arte-y-mecenazgo\/los-fresquistas-florentinos\/piero-della-francesca-historia-de-una-sintesis\/\">Piero della Francesca<\/a>.<\/p>\n\n\n<div class=\"wp-block-image\">\n<figure class=\"aligncenter\"><a href=\"https:\/\/aparences.net\/wp-content\/uploads\/2010\/11\/colantonio_retable.png\"><img loading=\"lazy\" decoding=\"async\" width=\"374\" height=\"427\" src=\"https:\/\/www.aparences.net\/wp-content\/uploads\/2010\/11\/colantonio_retable.png\" alt=\"Retablo de san Vicente Ferrer, Niccol\u00f2 Colantonio\" class=\"wp-image-15347\" title=\"Retablo de san Vicente Ferrer, Niccol\u00f2 Colantonio\" srcset=\"https:\/\/www.aparences.net\/wp-content\/uploads\/2010\/11\/colantonio_retable.png 374w, https:\/\/www.aparences.net\/wp-content\/uploads\/2010\/11\/colantonio_retable-262x300.png 262w\" sizes=\"auto, (max-width: 374px) 100vw, 374px\" \/><\/a><\/figure>\n<\/div>\n\n<div class=\"wp-block-image\">\n<figure class=\"aligncenter\"><a href=\"https:\/\/aparences.net\/wp-content\/uploads\/2010\/11\/colanonio_retable_predelle.png\"><img loading=\"lazy\" decoding=\"async\" width=\"610\" height=\"183\" src=\"https:\/\/www.aparences.net\/wp-content\/uploads\/2010\/11\/colanonio_retable_predelle.png\" alt=\"Predela del Retablo de san Vicente Ferrer, Niccol\u00f2 Colantonio\" class=\"wp-image-15348\" title=\"Predela del Retablo de san Vicente Ferrer, Niccol\u00f2 Colantonio\" srcset=\"https:\/\/www.aparences.net\/wp-content\/uploads\/2010\/11\/colanonio_retable_predelle.png 610w, https:\/\/www.aparences.net\/wp-content\/uploads\/2010\/11\/colanonio_retable_predelle-300x90.png 300w\" sizes=\"auto, (max-width: 610px) 100vw, 610px\" \/><\/a><figcaption class=\"wp-element-caption\"><em><strong>Retablo de san Vicente Ferrer<\/strong> y detalle de la predela, c. 1455, <strong>Niccol\u00f2 Colantonio<\/strong> <\/em><br><em>(N\u00e1poles, Museo Nazionale di Capodimonte)<\/em><\/figcaption><\/figure>\n<\/div>\n\n\n<p><em>La influencia de Van Eyck en Colantonio y su taller es especialmente evidente en las escenas de la vida del santo dominico Vicente Ferrer. El paisaje agrietado del suelo del \u00abSerm\u00f3n\u00bb (segunda escena del lateral izquierdo) recuerda el paisaje de fondo de \u00ab <a title=\"El Cordero M\u00edstico\" href=\"https:\/\/www.aparences.net\/es\/escuelas\/los-primitivos-flamencos\/jan-van-eyck\/#el-cordero-m%C3%ADstico\">El Cordero m\u00edstico<\/a>\u00a0\u00bb de Van Eyck; incluso los personajes parecen inspirados en representaciones flamencas, como en el \u00abSan Jer\u00f3nimo\u00bb, con su descripci\u00f3n detallada del estudio del monje erudito; la \u00abAparici\u00f3n de la Virgen\u00bb (tercera escena del lateral izquierdo) de Colantonio se refiere al Tr\u00edptico Lomellini (perdido) de Van Eyck, que deb\u00eda inspirar a Antonello da Messina. Este retablo fue ejecutado despu\u00e9s de la canonizaci\u00f3n del dominico valenciano por Calixto III en 1455, en nombre de la reina Isabella Chiaramonte, esposa de Fernando I de Arag\u00f3n, representada con sus hijos en la predela; por lo dem\u00e1s, tras su muerte en 1465, la reina fue enterrada en la capilla de la iglesia de San Pedro Martir, en cuyo altar se encontraba el retablo.<\/em><\/p>\n\n\n<div class=\"wp-block-image\">\n<figure class=\"aligncenter\"><a href=\"https:\/\/aparences.net\/wp-content\/uploads\/2010\/11\/colantonio_prophete.png\"><img loading=\"lazy\" decoding=\"async\" width=\"297\" height=\"400\" src=\"https:\/\/www.aparences.net\/wp-content\/uploads\/2010\/11\/colantonio_prophete.png\" alt=\"Profeta, taller de Colantonio\" class=\"wp-image-15349\" title=\"Profeta, taller de Colantonio\" srcset=\"https:\/\/www.aparences.net\/wp-content\/uploads\/2010\/11\/colantonio_prophete.png 297w, https:\/\/www.aparences.net\/wp-content\/uploads\/2010\/11\/colantonio_prophete-222x300.png 222w\" sizes=\"auto, (max-width: 297px) 100vw, 297px\" \/><\/a><figcaption class=\"wp-element-caption\"><em><strong>Profeta<\/strong>, taller de <strong>Colantonio<\/strong> <\/em><br><em>(The Cleveland Museum of Art) <\/em><\/figcaption><\/figure>\n<\/div>\n\n\n<p><em>Este, cuadro considerado generalmente como un retrato, ha tenido varias atribuciones. La de Venturi, quien lo atribu\u00eda a Colantonio bas\u00e1ndose en analog\u00edas con el \u00abSan Jer\u00f3nimo en su estudio\u00bb y cierta afinidad con la pintura flamenca, as\u00ed como con <a title=\"retratos de Antonello da Messina\" href=\"https:\/\/www.aparences.net\/es\/escuelas\/los-primitivos-flamencos\/la-pintura-flamenca-en-italia\/#el-arte-flamenco-en-n%C3%A1poles:-antonello-da-messina,-pintor-italiano-y-flamenco\">retratos de Antonello da Messina<\/a>. Hoy en d\u00eda la obra se considera napolitana o provenzal, y constituye un ejemplo bastante t\u00edpico del estilo practicado en la zona del Mediterr\u00e1neo occidental despu\u00e9s de 1450 por pintores de segunda fila &#8211; compleja s\u00edntesis de influencias flamencas, provenzales, espa\u00f1olas y del sur de Italia. El contexto de su creaci\u00f3n y su funci\u00f3n tambi\u00e9n es incierto. Es muy poco probable que se trate de un retrato separado. Parece m\u00e1s plausible que formara parte de una de las series de \u00ab Hombres famosos\u00a0\u00bb habitual en aquella \u00e9poca, especialmente en Urbino donde \u00ab\u00a0Uomini famosi\u00a0\u00bb adornaban el palacio de <a title=\"Federico da Montefeltro\" href=\"https:\/\/www.aparences.net\/es\/arte-y-mecenazgo\/el-mecenazgo-en-urbino\/armas-y-letras-urbino-bajo-federico-da-montefeltro\/\">Federico da Montefeltro<\/a> en Urbino, obras realizadas por Joos Van Wassenhove y Pedro Berruguete.<\/em><\/p>\n\n\n\n<!-- AdBoxLeft2023 --><ins class=\"adsbygoogle\" style=\"display:block\" data-ad-client=\"ca-pub-2468002815867636\" data-ad-slot=\"1318022963\" data-ad-format=\"auto\" data-full-width-responsive=\"true\"><\/ins><script> (adsbygoogle = window.adsbygoogle || []).push({});<\/script><h2 class=\"wp-block-heading\">Antonello da Messina<\/h2>\n\n\n\n<p>\u00abOcurri\u00f3 que, estando las cosas en tal situaci\u00f3n, trabajaba en Flandes el pintor Juan de Brujas, muy estimado en ese pa\u00eds por el buen oficio que hab\u00eda adquirido. \u00c9ste se puso a probar diversas clases de colores y, como le deleitaba dedicarse a la alquimia, prepar\u00f3 muchos aceites para hacer barnices y otra cosas, de acuerdo con la inclinaci\u00f3n de todos los individuos investigadores como \u00e9l {\u2026} Se difundi\u00f3 poco despu\u00e9s el invento de Juan, no s\u00f3lo en Flandes sino en Italia y muchas otras partes del mundo, y suscit\u00f3 en los artistas gran deseo de saber en qu\u00e9 forma el flamenco daba tal perfecci\u00f3n a sus obras {\u2026} Pero cuando unos florentinos que realizaban negocios entre Flandes y N\u00e1poles le enviaron al rey Alfonso I de N\u00e1poles una tabla con muchas figuras, pintada al \u00f3leo por Juan &#8211; tabla que por la belleza de las figuras y la novedad del colorido fue muy apreciada por el rey &#8211; concurrieron cuantos pintores hab\u00eda en el Reino para verla, y por todos fue altamente alabada.\u00bb Giorgio Vasari<em>, Vida de Antonello da Messina (1568)<\/em><\/p>\n\n\n\n<p>Seg\u00fan <a title=\"Giorgio Vasari\" href=\"https:\/\/www.aparences.net\/es\/periodos\/el-manierismo\/florencia-y-la-academia-de-dibujo\/#las-\">Giorgio Vasari<\/a>, la invenci\u00f3n de la <a title=\"pintura al \u00f3leo por Jan van Eyck\" href=\"https:\/\/www.aparences.net\/es\/escuelas\/los-primitivos-flamencos\/el-realismo-en-la-pintura-flamenca\/#la-t%C3%A9cnica-de-los-maestros-flamencos\">pintura al \u00f3leo por Jan van Eyck<\/a> <strong>fue el origen de la fama de antonello da Messina en toda Europa<\/strong>. Es t\u00edpico del patriotismo de Vasari que eligiera a mercaderes florentinos establecidos en Brujas para transmitir la reputaci\u00f3n del artista &#8211; que habr\u00edan hecho que su nombre resonara hasta el Sur, en el reino de N\u00e1poles. As\u00ed, Florencia permanecer\u00eda asociada, aunque fuera con una m\u00ednima parte, a la innovaci\u00f3n probablemente m\u00e1s rotunda de la historia de la pintura y a la incomparable carrera europea de Van Eyck.<\/p>\n\n\n\n<p>Hijo de un cantero de Messina, Antonello vivi\u00f3 en N\u00e1poles entre 1445 y 1455, donde <strong>fue alumno del pintor Colantonio.<\/strong> Sur primeros trabajos reflejan la naturaleza ecl\u00e9ctica y cosmopolita de la cultura art\u00edstica del sur de Italia, con elementos catalanes y provenzales, pero en su mayor\u00eda elementos flamencos, sobre todo del arte de Jan van Eyck. A trav\u00e9s de su maestro Colantonio, Antonello tendr\u00eda acceso a las obras que el rey Alfonso coleccionaba del maestro flamenco. El <em><strong>San Jer\u00f3nimo en su estudio<\/strong><\/em> ya muestra esta combinaci\u00f3n tan caracter\u00edstica del arte de Antonello entre t\u00e9cnica y <a title=\"realismo flamenco\" href=\"https:\/\/www.aparences.net\/es\/escuelas\/los-primitivos-flamencos\/el-realismo-en-la-pintura-flamenca\/\">realismo flamenco<\/a> y la ordenaci\u00f3n espacial y la configuraci\u00f3n arquitect\u00f3nica propias del arte italiano, que en el lienzo el pintor ha resuelto de forma admirable. M\u00e1s tarde en Venecia, hacia 1476, Antonello realiz\u00f3 una de las obras m\u00e1s importantes de su carrera, el <em>Retablo de San Casiano<\/em>, donde el artista revela su estilo individualista y su t\u00e9cnica innovadora de la pintura al \u00f3leo. No conocemos las obras realizadas por Antonello en la d\u00e9cada de 1460, pero los documentos atestiguan una intensa actividad en Sicilia y en la regi\u00f3n de Reggio Calabria. Viaj\u00f3 a Roma, donde <strong>pudo descubrir la obra de Piero della Francesca<\/strong>, cuya influencia se refleja en la <em>Crucifixi\u00f3n<\/em> de Bucarest, quiz\u00e1s la pintura m\u00e1s antigua de Antonello que se remonta al periodo de su juventud en Sicilia. En este lienzo, la minuciosa descripci\u00f3n de inspiraci\u00f3n flamenca, est\u00e1 subordinada a una concepci\u00f3n de la perspectiva y de la luz que proviene del centro de Italia. <strong>Sus estancias en Venecia tuvieron consecuencias fundamentales<\/strong> para la Historia del Arte, ya que marc\u00f3 el comienzo de la s\u00edntesis entre la luz y el espacio del artista de Messina y el color tonal y l\u00edrico de <a title=\"Giovanni Bellini\" href=\"https:\/\/www.aparences.net\/es\/escuelas\/la-pintura-veneciana\/giovanni-bellini\/\">Giovanni Bellini<\/a>. <strong>La obra de Antonello ser\u00eda fundamental para Bellini<\/strong>, <a title=\"Carpaccio\" href=\"https:\/\/www.aparences.net\/es\/escuelas\/la-pintura-veneciana\/vittore-carpaccio\/\">Carpaccio<\/a>, <a title=\"Giorgione\" href=\"https:\/\/www.aparences.net\/es\/escuelas\/la-pintura-veneciana\/el-cinquecento-o-alto-renacimiento-en-venecia\/\">Giorgione<\/a> y <a title=\"Tiziano\" href=\"https:\/\/www.aparences.net\/es\/escuelas\/la-pintura-veneciana\/tiziano-vecellio-biografia\/\">Tiziano<\/a>. En 1476, el artista regres\u00f3 a Messina, donde muri\u00f3 en 1479, dejando que su hijo terminara su <em>Piedad<\/em>, hoy en el Museo del Prado.<\/p>\n\n\n<div class=\"wp-block-image\">\n<figure class=\"aligncenter\"><img loading=\"lazy\" decoding=\"async\" width=\"360\" height=\"460\" src=\"https:\/\/www.aparences.net\/wp-content\/uploads\/2010\/07\/antonello-da-messina-saint-jerome-dans-son-etude.jpg\" alt=\"San Jer\u00f3nimo en su estudio, c. 1460, Antonello da Messina\" class=\"wp-image-21145\" title=\"San Jer\u00f3nimo en su estudio, c. 1460, Antonello da Messina\" srcset=\"https:\/\/www.aparences.net\/wp-content\/uploads\/2010\/07\/antonello-da-messina-saint-jerome-dans-son-etude.jpg 360w, https:\/\/www.aparences.net\/wp-content\/uploads\/2010\/07\/antonello-da-messina-saint-jerome-dans-son-etude-160x204.jpg 160w\" sizes=\"auto, (max-width: 360px) 100vw, 360px\" \/><figcaption class=\"wp-element-caption\"><em><strong>San Jer\u00f3nimo en su estudio<\/strong>, c. 1460, <\/em><br><em><strong>Antonello da Messina<\/strong> (Londres, National Gallery)<\/em><\/figcaption><\/figure>\n<\/div>\n\n\n<p><em>La fecha de este lienzo oscila entre 1455 y 1475. Representa a san Jer\u00f3nimo sentado en su estudio, concebido como una especie de estrado y varias estanter\u00edas en las paredes, en el interior de una gran iglesia g\u00f3tica. A trav\u00e9s de un falso portal situado en el primer plano, el espectador puede observar la escena que se organiza racionalmente gracias a la perspectiva centralizada. Se pueden observar con claridad las l\u00edneas rectas grabadas en la superficie de la pintura, que sirvieron de base a la composici\u00f3n.<\/em><\/p>\n\n\n<div class=\"wp-block-image\">\n<figure class=\"aligncenter\"><img loading=\"lazy\" decoding=\"async\" width=\"465\" height=\"400\" src=\"https:\/\/www.aparences.net\/wp-content\/uploads\/2010\/07\/antonello-da-messina-saint-jerome-dans-son-etude-paysage.jpg\" alt=\"San Jer\u00f3nimo en su estudio, paisaje, Antonello da Messina\" class=\"wp-image-21147\" title=\"San Jer\u00f3nimo en su estudio, paisaje, Antonello da Messina\" srcset=\"https:\/\/www.aparences.net\/wp-content\/uploads\/2010\/07\/antonello-da-messina-saint-jerome-dans-son-etude-paysage.jpg 465w, https:\/\/www.aparences.net\/wp-content\/uploads\/2010\/07\/antonello-da-messina-saint-jerome-dans-son-etude-paysage-160x138.jpg 160w\" sizes=\"auto, (max-width: 465px) 100vw, 465px\" \/><\/figure>\n<\/div>\n\n\n<p><em>La c\u00e1lida luz solar unifica todos los elementos y exalta los detalles, como los paisajes que vemos a trav\u00e9s de las ventanas del estudio de San Jer\u00f3nimo y que <strong>Antonello hab\u00eda aprendido de la<\/strong> <a title=\"pintura flamenca\" href=\"https:\/\/www.aparences.net\/es\/escuelas\/los-primitivos-flamencos\/\">pintura flamenca<\/a>. El artista ha logrado crear ciertos efectos de brillo y transparencia a trav\u00e9s de un uso inteligente de la t\u00e9cnica del \u00f3leo, vali\u00e9ndole la admiraci\u00f3n de sus contempor\u00e1neos.<\/em><\/p>\n\n\n<div class=\"wp-block-image\">\n<figure class=\"aligncenter\"><a href=\"https:\/\/aparences.net\/wp-content\/uploads\/2010\/11\/antonello_messina_annonciat.png\"><img loading=\"lazy\" decoding=\"async\" width=\"302\" height=\"400\" src=\"https:\/\/www.aparences.net\/wp-content\/uploads\/2010\/11\/antonello_messina_annonciat.png\" alt=\"Virgen de la Anunciaci\u00f3n, c. 1476, Antonello da Messina\" class=\"wp-image-15351\" title=\"Virgen de la Anunciaci\u00f3n, c. 1476, Antonello da Messina\" srcset=\"https:\/\/www.aparences.net\/wp-content\/uploads\/2010\/11\/antonello_messina_annonciat.png 302w, https:\/\/www.aparences.net\/wp-content\/uploads\/2010\/11\/antonello_messina_annonciat-226x300.png 226w\" sizes=\"auto, (max-width: 302px) 100vw, 302px\" \/><\/a><figcaption class=\"wp-element-caption\"><em><strong>Virgen de la Anunciaci\u00f3n<\/strong>, c. 1476, <\/em><br><em><strong>Antonello da Messina<\/strong> <\/em><br><em>(Palermo, Museo Nazionale)<\/em><\/figcaption><\/figure>\n<\/div>\n\n\n<p><em>En este cuadro, vemos a la Virgen respondiendo al anuncio del \u00e1ngel, dej\u00e1ndonos imaginar su presencia fuera de la composici\u00f3n pict\u00f3rica. La figura de esta Virgen llevando un velo azul sobre un fondo oscuro, se reduce a una pura forma, un tipo de arquitectura inmersa en el espacio tridimensional. Su manto evoca la estructura de una pir\u00e1mide, mientras que su rostro ovoide se vuelve hacia el exterior del lienzo. Su mano derecha avanza hacia el espectador y sobrepasa el borde del atril. Alrededor de sus fuertes manos, construidas con s\u00fatiles juegos de luces y sombras, parece que sea el aire el que pasa las p\u00e1ginas del libro.<\/em><\/p>\n\n\n<div class=\"wp-block-image\">\n<figure class=\"aligncenter\"><img loading=\"lazy\" decoding=\"async\" width=\"616\" height=\"400\" src=\"https:\/\/www.aparences.net\/wp-content\/uploads\/2010\/07\/antonello-da-messina-pieta-details.jpg\" alt=\"Piet\u00e0, Antonello da Messina\" class=\"wp-image-21149\" title=\"Piet\u00e0, Antonello da Messina\" srcset=\"https:\/\/www.aparences.net\/wp-content\/uploads\/2010\/07\/antonello-da-messina-pieta-details.jpg 616w, https:\/\/www.aparences.net\/wp-content\/uploads\/2010\/07\/antonello-da-messina-pieta-details-160x104.jpg 160w\" sizes=\"auto, (max-width: 616px) 100vw, 616px\" \/><figcaption class=\"wp-element-caption\"><em><strong>Piet\u00e0<\/strong>, detalles, 1475-1476, <strong>Antonello da Messina<\/strong> (Madrid, Museo del Prado)<\/em><\/figcaption><\/figure>\n<\/div>\n\n\n<p><em>En este lienzo, Antonello combina la meticulosa <\/em><em>caligraf\u00eda <\/em><em>del Norte, visible en el paisaje y en el cabello de Cristo y el \u00e1ngel, con un tratamiento monumental de la anatom\u00eda y la preocupaci\u00f3n por el volumen y la perspectiva que son claramente del Sur.<\/em><\/p>\n","protected":false},"excerpt":{"rendered":"<p>La colecci\u00f3n de obras de pintores flamencos que Alfonso pose\u00eda era la m\u00e1s importante de la \u00e9poca. La obra de estos pintores influy\u00f3 a pintores locales como Colantonio y Antonello da Messina.<\/p>\n","protected":false},"author":2,"featured_media":26558,"comment_status":"closed","ping_status":"closed","sticky":false,"template":"","format":"standard","meta":{"footnotes":""},"categories":[2320],"tags":[981,4842,5136,5140,6025,5138],"class_list":["post-13170","post","type-post","status-publish","format-standard","has-post-thumbnail","hentry","category-los-aragon-de-napoles","tag-alphonse-le-magnanime","tag-antonello-da-messina-es","tag-arte-flamenco-en-napoles","tag-colantonio-2","tag-colantonio-3","tag-tecnica-flamenca"],"yoast_head":"<!-- This site is optimized with the Yoast SEO plugin v27.2 - https:\/\/yoast.com\/product\/yoast-seo-wordpress\/ -->\n<title>Alfonso de N\u00e1poles y el arte flamenco<\/title>\n<meta name=\"description\" content=\"La colecci\u00f3n de obras de pintores flamencos que Alfonso pose\u00eda era la m\u00e1s importante de la \u00e9poca. La obra de estos pintores influy\u00f3 a pintores locales como Colantonio y Antonello da Messina.\" \/>\n<meta name=\"robots\" content=\"index, follow, max-snippet:-1, max-image-preview:large, max-video-preview:-1\" \/>\n<link rel=\"canonical\" href=\"https:\/\/www.aparences.net\/es\/arte-y-mecenazgo\/los-aragon-de-napoles\/alfonso-de-napoles-y-el-arte-flamenco\/\" \/>\n<meta property=\"og:locale\" content=\"es_ES\" \/>\n<meta property=\"og:type\" content=\"article\" \/>\n<meta property=\"og:title\" content=\"Alfonso de N\u00e1poles y el arte flamenco\" \/>\n<meta property=\"og:description\" content=\"La colecci\u00f3n de obras de pintores flamencos que Alfonso pose\u00eda era la m\u00e1s importante de la \u00e9poca. La obra de estos pintores influy\u00f3 a pintores locales como Colantonio y Antonello da Messina.\" \/>\n<meta property=\"og:url\" content=\"https:\/\/www.aparences.net\/es\/arte-y-mecenazgo\/los-aragon-de-napoles\/alfonso-de-napoles-y-el-arte-flamenco\/\" \/>\n<meta property=\"og:site_name\" content=\"Aparences\" \/>\n<meta property=\"article:published_time\" content=\"2010-07-15T11:09:12+00:00\" \/>\n<meta property=\"article:modified_time\" content=\"2025-12-11T18:40:57+00:00\" \/>\n<meta property=\"og:image\" content=\"https:\/\/www.aparences.net\/wp-content\/uploads\/2010\/07\/naples-art-flamand.jpg\" \/>\n\t<meta property=\"og:image:width\" content=\"1080\" \/>\n\t<meta property=\"og:image:height\" content=\"540\" \/>\n\t<meta property=\"og:image:type\" content=\"image\/jpeg\" \/>\n<meta name=\"author\" content=\"admin\" \/>\n<meta name=\"twitter:card\" content=\"summary_large_image\" \/>\n<meta name=\"twitter:label1\" content=\"Escrito por\" \/>\n\t<meta name=\"twitter:data1\" content=\"admin\" \/>\n\t<meta name=\"twitter:label2\" content=\"Tiempo de lectura\" \/>\n\t<meta name=\"twitter:data2\" content=\"20 minutos\" \/>\n<script type=\"application\/ld+json\" class=\"yoast-schema-graph\">{\"@context\":\"https:\/\/schema.org\",\"@graph\":[{\"@type\":\"Article\",\"@id\":\"https:\/\/www.aparences.net\/es\/arte-y-mecenazgo\/los-aragon-de-napoles\/alfonso-de-napoles-y-el-arte-flamenco\/#article\",\"isPartOf\":{\"@id\":\"https:\/\/www.aparences.net\/es\/arte-y-mecenazgo\/los-aragon-de-napoles\/alfonso-de-napoles-y-el-arte-flamenco\/\"},\"author\":{\"name\":\"admin\",\"@id\":\"https:\/\/www.aparences.net\/es\/#\/schema\/person\/af349f6ffc31b16c68963e61268afca5\"},\"headline\":\"Alfonso de N\u00e1poles y el arte flamenco\",\"datePublished\":\"2010-07-15T11:09:12+00:00\",\"dateModified\":\"2025-12-11T18:40:57+00:00\",\"mainEntityOfPage\":{\"@id\":\"https:\/\/www.aparences.net\/es\/arte-y-mecenazgo\/los-aragon-de-napoles\/alfonso-de-napoles-y-el-arte-flamenco\/\"},\"wordCount\":3899,\"publisher\":{\"@id\":\"https:\/\/www.aparences.net\/es\/#organization\"},\"image\":{\"@id\":\"https:\/\/www.aparences.net\/es\/arte-y-mecenazgo\/los-aragon-de-napoles\/alfonso-de-napoles-y-el-arte-flamenco\/#primaryimage\"},\"thumbnailUrl\":\"https:\/\/www.aparences.net\/wp-content\/uploads\/2010\/07\/naples-art-flamand.jpg\",\"keywords\":[\"Alphonse le Magnanime\",\"Antonello da Messina\",\"arte flamenco en N\u00e1poles\",\"Colantonio\",\"Colantonio\",\"t\u00e9cnica flamenca\"],\"articleSection\":[\"Los Arag\u00f3n de N\u00e1poles\"],\"inLanguage\":\"es\"},{\"@type\":[\"WebPage\",\"ItemPage\"],\"@id\":\"https:\/\/www.aparences.net\/es\/arte-y-mecenazgo\/los-aragon-de-napoles\/alfonso-de-napoles-y-el-arte-flamenco\/\",\"url\":\"https:\/\/www.aparences.net\/es\/arte-y-mecenazgo\/los-aragon-de-napoles\/alfonso-de-napoles-y-el-arte-flamenco\/\",\"name\":\"Alfonso de N\u00e1poles y el arte flamenco\",\"isPartOf\":{\"@id\":\"https:\/\/www.aparences.net\/es\/#website\"},\"primaryImageOfPage\":{\"@id\":\"https:\/\/www.aparences.net\/es\/arte-y-mecenazgo\/los-aragon-de-napoles\/alfonso-de-napoles-y-el-arte-flamenco\/#primaryimage\"},\"image\":{\"@id\":\"https:\/\/www.aparences.net\/es\/arte-y-mecenazgo\/los-aragon-de-napoles\/alfonso-de-napoles-y-el-arte-flamenco\/#primaryimage\"},\"thumbnailUrl\":\"https:\/\/www.aparences.net\/wp-content\/uploads\/2010\/07\/naples-art-flamand.jpg\",\"datePublished\":\"2010-07-15T11:09:12+00:00\",\"dateModified\":\"2025-12-11T18:40:57+00:00\",\"description\":\"La colecci\u00f3n de obras de pintores flamencos que Alfonso pose\u00eda era la m\u00e1s importante de la \u00e9poca. La obra de estos pintores influy\u00f3 a pintores locales como Colantonio y Antonello da Messina.\",\"breadcrumb\":{\"@id\":\"https:\/\/www.aparences.net\/es\/arte-y-mecenazgo\/los-aragon-de-napoles\/alfonso-de-napoles-y-el-arte-flamenco\/#breadcrumb\"},\"inLanguage\":\"es\",\"potentialAction\":[{\"@type\":\"ReadAction\",\"target\":[\"https:\/\/www.aparences.net\/es\/arte-y-mecenazgo\/los-aragon-de-napoles\/alfonso-de-napoles-y-el-arte-flamenco\/\"]}]},{\"@type\":\"ImageObject\",\"inLanguage\":\"es\",\"@id\":\"https:\/\/www.aparences.net\/es\/arte-y-mecenazgo\/los-aragon-de-napoles\/alfonso-de-napoles-y-el-arte-flamenco\/#primaryimage\",\"url\":\"https:\/\/www.aparences.net\/wp-content\/uploads\/2010\/07\/naples-art-flamand.jpg\",\"contentUrl\":\"https:\/\/www.aparences.net\/wp-content\/uploads\/2010\/07\/naples-art-flamand.jpg\",\"width\":1080,\"height\":540},{\"@type\":\"BreadcrumbList\",\"@id\":\"https:\/\/www.aparences.net\/es\/arte-y-mecenazgo\/los-aragon-de-napoles\/alfonso-de-napoles-y-el-arte-flamenco\/#breadcrumb\",\"itemListElement\":[{\"@type\":\"ListItem\",\"position\":1,\"name\":\"Portada\",\"item\":\"https:\/\/www.aparences.net\/es\/\"},{\"@type\":\"ListItem\",\"position\":2,\"name\":\"Alfonso de N\u00e1poles y el arte flamenco\"}]},{\"@type\":\"WebSite\",\"@id\":\"https:\/\/www.aparences.net\/es\/#website\",\"url\":\"https:\/\/www.aparences.net\/es\/\",\"name\":\"Aparences: Historia del Arte y Actualidad Cultural\",\"description\":\"\",\"publisher\":{\"@id\":\"https:\/\/www.aparences.net\/es\/#organization\"},\"potentialAction\":[{\"@type\":\"SearchAction\",\"target\":{\"@type\":\"EntryPoint\",\"urlTemplate\":\"https:\/\/www.aparences.net\/es\/?s={search_term_string}\"},\"query-input\":{\"@type\":\"PropertyValueSpecification\",\"valueRequired\":true,\"valueName\":\"search_term_string\"}}],\"inLanguage\":\"es\"},{\"@type\":\"Organization\",\"@id\":\"https:\/\/www.aparences.net\/es\/#organization\",\"name\":\"Aparences: Historia del Arte y Actualidad Cultural\",\"url\":\"https:\/\/www.aparences.net\/es\/\",\"logo\":{\"@type\":\"ImageObject\",\"inLanguage\":\"es\",\"@id\":\"https:\/\/www.aparences.net\/es\/#\/schema\/logo\/image\/\",\"url\":\"https:\/\/www.aparences.net\/wp-content\/uploads\/2023\/09\/logo-quadrat-color-e1695915315229.png\",\"contentUrl\":\"https:\/\/www.aparences.net\/wp-content\/uploads\/2023\/09\/logo-quadrat-color-e1695915315229.png\",\"width\":120,\"height\":120,\"caption\":\"Aparences: Historia del Arte y Actualidad Cultural\"},\"image\":{\"@id\":\"https:\/\/www.aparences.net\/es\/#\/schema\/logo\/image\/\"}},{\"@type\":\"Person\",\"@id\":\"https:\/\/www.aparences.net\/es\/#\/schema\/person\/af349f6ffc31b16c68963e61268afca5\",\"name\":\"admin\",\"url\":\"https:\/\/www.aparences.net\/es\/author\/admin\/\"}]}<\/script>\n<!-- \/ Yoast SEO plugin. -->","yoast_head_json":{"title":"Alfonso de N\u00e1poles y el arte flamenco","description":"La colecci\u00f3n de obras de pintores flamencos que Alfonso pose\u00eda era la m\u00e1s importante de la \u00e9poca. La obra de estos pintores influy\u00f3 a pintores locales como Colantonio y Antonello da Messina.","robots":{"index":"index","follow":"follow","max-snippet":"max-snippet:-1","max-image-preview":"max-image-preview:large","max-video-preview":"max-video-preview:-1"},"canonical":"https:\/\/www.aparences.net\/es\/arte-y-mecenazgo\/los-aragon-de-napoles\/alfonso-de-napoles-y-el-arte-flamenco\/","og_locale":"es_ES","og_type":"article","og_title":"Alfonso de N\u00e1poles y el arte flamenco","og_description":"La colecci\u00f3n de obras de pintores flamencos que Alfonso pose\u00eda era la m\u00e1s importante de la \u00e9poca. La obra de estos pintores influy\u00f3 a pintores locales como Colantonio y Antonello da Messina.","og_url":"https:\/\/www.aparences.net\/es\/arte-y-mecenazgo\/los-aragon-de-napoles\/alfonso-de-napoles-y-el-arte-flamenco\/","og_site_name":"Aparences","article_published_time":"2010-07-15T11:09:12+00:00","article_modified_time":"2025-12-11T18:40:57+00:00","og_image":[{"width":1080,"height":540,"url":"https:\/\/www.aparences.net\/wp-content\/uploads\/2010\/07\/naples-art-flamand.jpg","type":"image\/jpeg"}],"author":"admin","twitter_card":"summary_large_image","twitter_misc":{"Escrito por":"admin","Tiempo de lectura":"20 minutos"},"schema":{"@context":"https:\/\/schema.org","@graph":[{"@type":"Article","@id":"https:\/\/www.aparences.net\/es\/arte-y-mecenazgo\/los-aragon-de-napoles\/alfonso-de-napoles-y-el-arte-flamenco\/#article","isPartOf":{"@id":"https:\/\/www.aparences.net\/es\/arte-y-mecenazgo\/los-aragon-de-napoles\/alfonso-de-napoles-y-el-arte-flamenco\/"},"author":{"name":"admin","@id":"https:\/\/www.aparences.net\/es\/#\/schema\/person\/af349f6ffc31b16c68963e61268afca5"},"headline":"Alfonso de N\u00e1poles y el arte flamenco","datePublished":"2010-07-15T11:09:12+00:00","dateModified":"2025-12-11T18:40:57+00:00","mainEntityOfPage":{"@id":"https:\/\/www.aparences.net\/es\/arte-y-mecenazgo\/los-aragon-de-napoles\/alfonso-de-napoles-y-el-arte-flamenco\/"},"wordCount":3899,"publisher":{"@id":"https:\/\/www.aparences.net\/es\/#organization"},"image":{"@id":"https:\/\/www.aparences.net\/es\/arte-y-mecenazgo\/los-aragon-de-napoles\/alfonso-de-napoles-y-el-arte-flamenco\/#primaryimage"},"thumbnailUrl":"https:\/\/www.aparences.net\/wp-content\/uploads\/2010\/07\/naples-art-flamand.jpg","keywords":["Alphonse le Magnanime","Antonello da Messina","arte flamenco en N\u00e1poles","Colantonio","Colantonio","t\u00e9cnica flamenca"],"articleSection":["Los Arag\u00f3n de N\u00e1poles"],"inLanguage":"es"},{"@type":["WebPage","ItemPage"],"@id":"https:\/\/www.aparences.net\/es\/arte-y-mecenazgo\/los-aragon-de-napoles\/alfonso-de-napoles-y-el-arte-flamenco\/","url":"https:\/\/www.aparences.net\/es\/arte-y-mecenazgo\/los-aragon-de-napoles\/alfonso-de-napoles-y-el-arte-flamenco\/","name":"Alfonso de N\u00e1poles y el arte flamenco","isPartOf":{"@id":"https:\/\/www.aparences.net\/es\/#website"},"primaryImageOfPage":{"@id":"https:\/\/www.aparences.net\/es\/arte-y-mecenazgo\/los-aragon-de-napoles\/alfonso-de-napoles-y-el-arte-flamenco\/#primaryimage"},"image":{"@id":"https:\/\/www.aparences.net\/es\/arte-y-mecenazgo\/los-aragon-de-napoles\/alfonso-de-napoles-y-el-arte-flamenco\/#primaryimage"},"thumbnailUrl":"https:\/\/www.aparences.net\/wp-content\/uploads\/2010\/07\/naples-art-flamand.jpg","datePublished":"2010-07-15T11:09:12+00:00","dateModified":"2025-12-11T18:40:57+00:00","description":"La colecci\u00f3n de obras de pintores flamencos que Alfonso pose\u00eda era la m\u00e1s importante de la \u00e9poca. La obra de estos pintores influy\u00f3 a pintores locales como Colantonio y Antonello da Messina.","breadcrumb":{"@id":"https:\/\/www.aparences.net\/es\/arte-y-mecenazgo\/los-aragon-de-napoles\/alfonso-de-napoles-y-el-arte-flamenco\/#breadcrumb"},"inLanguage":"es","potentialAction":[{"@type":"ReadAction","target":["https:\/\/www.aparences.net\/es\/arte-y-mecenazgo\/los-aragon-de-napoles\/alfonso-de-napoles-y-el-arte-flamenco\/"]}]},{"@type":"ImageObject","inLanguage":"es","@id":"https:\/\/www.aparences.net\/es\/arte-y-mecenazgo\/los-aragon-de-napoles\/alfonso-de-napoles-y-el-arte-flamenco\/#primaryimage","url":"https:\/\/www.aparences.net\/wp-content\/uploads\/2010\/07\/naples-art-flamand.jpg","contentUrl":"https:\/\/www.aparences.net\/wp-content\/uploads\/2010\/07\/naples-art-flamand.jpg","width":1080,"height":540},{"@type":"BreadcrumbList","@id":"https:\/\/www.aparences.net\/es\/arte-y-mecenazgo\/los-aragon-de-napoles\/alfonso-de-napoles-y-el-arte-flamenco\/#breadcrumb","itemListElement":[{"@type":"ListItem","position":1,"name":"Portada","item":"https:\/\/www.aparences.net\/es\/"},{"@type":"ListItem","position":2,"name":"Alfonso de N\u00e1poles y el arte flamenco"}]},{"@type":"WebSite","@id":"https:\/\/www.aparences.net\/es\/#website","url":"https:\/\/www.aparences.net\/es\/","name":"Aparences: Historia del Arte y Actualidad Cultural","description":"","publisher":{"@id":"https:\/\/www.aparences.net\/es\/#organization"},"potentialAction":[{"@type":"SearchAction","target":{"@type":"EntryPoint","urlTemplate":"https:\/\/www.aparences.net\/es\/?s={search_term_string}"},"query-input":{"@type":"PropertyValueSpecification","valueRequired":true,"valueName":"search_term_string"}}],"inLanguage":"es"},{"@type":"Organization","@id":"https:\/\/www.aparences.net\/es\/#organization","name":"Aparences: Historia del Arte y Actualidad Cultural","url":"https:\/\/www.aparences.net\/es\/","logo":{"@type":"ImageObject","inLanguage":"es","@id":"https:\/\/www.aparences.net\/es\/#\/schema\/logo\/image\/","url":"https:\/\/www.aparences.net\/wp-content\/uploads\/2023\/09\/logo-quadrat-color-e1695915315229.png","contentUrl":"https:\/\/www.aparences.net\/wp-content\/uploads\/2023\/09\/logo-quadrat-color-e1695915315229.png","width":120,"height":120,"caption":"Aparences: Historia del Arte y Actualidad Cultural"},"image":{"@id":"https:\/\/www.aparences.net\/es\/#\/schema\/logo\/image\/"}},{"@type":"Person","@id":"https:\/\/www.aparences.net\/es\/#\/schema\/person\/af349f6ffc31b16c68963e61268afca5","name":"admin","url":"https:\/\/www.aparences.net\/es\/author\/admin\/"}]}},"_links":{"self":[{"href":"https:\/\/www.aparences.net\/es\/wp-json\/wp\/v2\/posts\/13170","targetHints":{"allow":["GET"]}}],"collection":[{"href":"https:\/\/www.aparences.net\/es\/wp-json\/wp\/v2\/posts"}],"about":[{"href":"https:\/\/www.aparences.net\/es\/wp-json\/wp\/v2\/types\/post"}],"author":[{"embeddable":true,"href":"https:\/\/www.aparences.net\/es\/wp-json\/wp\/v2\/users\/2"}],"replies":[{"embeddable":true,"href":"https:\/\/www.aparences.net\/es\/wp-json\/wp\/v2\/comments?post=13170"}],"version-history":[{"count":0,"href":"https:\/\/www.aparences.net\/es\/wp-json\/wp\/v2\/posts\/13170\/revisions"}],"wp:featuredmedia":[{"embeddable":true,"href":"https:\/\/www.aparences.net\/es\/wp-json\/wp\/v2\/media\/26558"}],"wp:attachment":[{"href":"https:\/\/www.aparences.net\/es\/wp-json\/wp\/v2\/media?parent=13170"}],"wp:term":[{"taxonomy":"category","embeddable":true,"href":"https:\/\/www.aparences.net\/es\/wp-json\/wp\/v2\/categories?post=13170"},{"taxonomy":"post_tag","embeddable":true,"href":"https:\/\/www.aparences.net\/es\/wp-json\/wp\/v2\/tags?post=13170"}],"curies":[{"name":"wp","href":"https:\/\/api.w.org\/{rel}","templated":true}]}}