{"id":13180,"date":"2010-07-16T17:44:40","date_gmt":"2010-07-16T16:44:40","guid":{"rendered":"https:\/\/www.aparences.net\/art-et-mecenat\/les-valois-et-lecole-de-fontainebleau\/la-sociedad-cortesana-y-los-ultimos-valois\/"},"modified":"2025-12-11T19:40:57","modified_gmt":"2025-12-11T18:40:57","slug":"la-sociedad-cortesana-y-los-ultimos-valois","status":"publish","type":"post","link":"https:\/\/www.aparences.net\/es\/arte-y-mecenazgo\/los-valois-y-la-escuela-de-fontainebleau\/la-sociedad-cortesana-y-los-ultimos-valois\/","title":{"rendered":"La sociedad cortesana y los \u00faltimos Valois"},"content":{"rendered":"<p><!--contents--><\/p>\n\n\n<h2 class=\"wp-block-heading\">El cortesano<\/h2>\n\n\n\n<p>Gracias a Castiglione, el cortesano, junto con el humanista y el pr\u00edncipe, es uno de los tipos sociales m\u00e1s conocidos del Renacimiento. El libro <em>El cortesano<\/em> de <a href=\"https:\/\/es.wikipedia.org\/wiki\/Baltasar_Castiglione\">Castiglione<\/a> es el m\u00e1s famoso de una serie de tratados sobre el tema escritos entre en los siglos XV y XVI. Parodiando a Arist\u00f3teles, se podr\u00eda decir que el cortesano es una \u00abespecie\u00bb cuyo h\u00e1bitat natural es la Corte.<\/p>\n\n\n\n<p> Al soberano le gustaba rodearse de sus grandes nobles, ya sea para pedirles consejo, como era la tradici\u00f3n en la Edad Media, o para mantenerlos bajo control mediante la reducci\u00f3n de sus bases de poder locales en el pa\u00eds, los vigilaba empuj\u00e1ndolos a la ruina rivalizando entre s\u00ed en gastos ostentosos. Esta t\u00e9cnica de control ya era conocida antes que apareciera Versalles. Cuando en 1584 los Guisa abandonaron la corte de Enrique III, su partida fue considerada una forma de protesta, e incluso como un acto de rebeli\u00f3n. En cualquier caso, los pr\u00edncipes se encontraba a gusto en el seno de la alta nobleza que le era fiel y con la que compart\u00edan gustos y aficiones. De esta manera la reputaci\u00f3n del pr\u00edncipe se adornaba con la \u00abmagnificencia\u00bb que ostentaban los cortesanos y por la cual era objeto de alabanzas. En cuanto a la nobleza, sus razones para acudir a la Corte eran varias: estar al corriente de los temas pol\u00edticos y poder beneficiarse del favor del pr\u00edncipe a base de pensiones, donaciones y otros regalos. Otra de las razones para acudir a la Corte era poder estar al lado de la personalidad carism\u00e1tica y sobrehumana del pr\u00edncipe &#8211; y, por supuesto, para ser vistos por \u00e9l. La magnificencia y esplendor del entorno ejerc\u00eda tambi\u00e9n un poder de seducci\u00f3n. <strong>La Corte fue, como el Olimpo, el hogar de los dioses &#8211; comparaci\u00f3n hecha por el propio Ronsard en sus poemas e ilustrado en pinturas contempor\u00e1neas<\/strong> en las que vemos a J\u00fapiter bajo los rasgos de Enrique II de Francia, y a Juno bajo los de Catalina M\u00e9dicis, entre otros ejemplos de esta visi\u00f3n de la Corte como un reflejo del orden sobrenatural o divino.<\/p>\n\n\n<div class=\"wp-block-image\">\n<figure class=\"aligncenter\"><a href=\"https:\/\/www.aparences.net\/wp-content\/uploads\/2011\/06\/valois_portraits.jpg\"><img loading=\"lazy\" decoding=\"async\" width=\"367\" height=\"360\" src=\"https:\/\/www.aparences.net\/wp-content\/uploads\/2011\/06\/valois_portraits.jpg\" alt=\"Enrique II y Catalina de M\u00e9dicis y otros personajes\" class=\"wp-image-15794\" title=\"Enrique II y Catalina de M\u00e9dicis y otros personajes\" srcset=\"https:\/\/www.aparences.net\/wp-content\/uploads\/2011\/06\/valois_portraits.jpg 367w, https:\/\/www.aparences.net\/wp-content\/uploads\/2011\/06\/valois_portraits-75x75.jpg 75w, https:\/\/www.aparences.net\/wp-content\/uploads\/2011\/06\/valois_portraits-300x294.jpg 300w\" sizes=\"auto, (max-width: 367px) 100vw, 367px\" \/><\/a><figcaption class=\"wp-element-caption\"><em><strong>Retratos de Enrique II y Catalina de M\u00e9dicis<\/strong> rodeados de sus hijos y otros personajes, An\u00f3nimo franc\u00e9s <\/em><br><em>(Florencia, Uffizi, Departamento de Medallas)<\/em><\/figcaption><\/figure>\n<\/div>\n\n\n<p>En la Corte, los llamados \u00abfavoritos\u00bb tambi\u00e9n jugaron un papel muy importante. Se trataba en su mayor\u00eda, de j\u00f3venes nobles y compa\u00f1eros del pr\u00edncipe en su tiempo libre como lo eran sus consejeros en el trabajo. El alto estatus de estos favoritos se parec\u00eda al de las amantes reales, en el sentido de que interfer\u00eda con la jerarqu\u00eda formal, oficial o social, y depend\u00eda del afecto del pr\u00edncipe. Los compa\u00f1eros de Enrique III eran conocidos con el nombre de <em>mignons<\/em> y como suced\u00eda con las amantes, el \u00e9xito de los favoritos masculinos depend\u00eda de su atractivo personal. La historia tradicional ha dado a estos compa\u00f1eros reales una imagen de mala reputaci\u00f3n, haci\u00e9ndola extensiva a los propios reyes dependiendo de si ten\u00edan o no favoritos. En la Francia de Enrique III, un libelo titulado <em>Historia de Pierre de Gaveston<\/em>, publicado en 1588, expresaba una cr\u00edtica camuflada de uno de los favoritos del rey, el duque de Epernon. Sin embargo, los favoritos como \u00c9pernon y Joyeuse eran necesarios a Enrique III, quien los hizo duques por razones pol\u00edticas, para contrarrestar el poder del duque de Guisa. En otras palabras, el papel de uno de esos personajes a los que se ha llamado de forma reprobadora \u00abfavorito\u00bb era social y pol\u00edticamente \u00fatil al soberano, al menos desde la perspectiva de este \u00faltimo. El favorito jugaba un papel indispensable en las cortes de la Europa renacentista, como lo fue en la Edad Media y a\u00fan lo ser\u00eda en la \u00e9poca de Goethe (que era el compa\u00f1ero de beber del duque Carlos Augusto en Weimar hacia 1770).<\/p>\n\n\n<div class=\"wp-block-image\">\n<figure class=\"aligncenter\"><a href=\"https:\/\/www.aparences.net\/wp-content\/uploads\/2011\/06\/bal_duc_joyeuse.jpg\"><img loading=\"lazy\" decoding=\"async\" width=\"574\" height=\"370\" src=\"https:\/\/www.aparences.net\/wp-content\/uploads\/2011\/06\/bal_duc_joyeuse.jpg\" alt=\"Baile nupcial del duque de Joyeuse, c.1582\" class=\"wp-image-15795\" title=\"Baile nupcial del duque de Joyeuse, c.1582, Escuela franco-flamenca , Par\u00eds, Louvre\" srcset=\"https:\/\/www.aparences.net\/wp-content\/uploads\/2011\/06\/bal_duc_joyeuse.jpg 574w, https:\/\/www.aparences.net\/wp-content\/uploads\/2011\/06\/bal_duc_joyeuse-300x193.jpg 300w\" sizes=\"auto, (max-width: 574px) 100vw, 574px\" \/><\/a><figcaption class=\"wp-element-caption\"><em><strong>Baile nupcial del duque de Joyeuse<\/strong>, c.1582, <strong>Escuela franco-flamenca<\/strong> (Par\u00eds, Louvre)<\/em><\/figcaption><\/figure>\n<\/div>\n\n\n<p><em>Escena de interior. Baile en la corte de Enrique III con ocasi\u00f3n de la boda de Anne, duque de Joyeuse, con Margarita de Lorena el 24 de septiembre de 1581. Los dos protagonistas son reconocibles en la pareja de baile en el centro de la composici\u00f3n y designados por Catalina de M\u00e9dicis sentada a la izquierda, entre Enrique III y la reina Luisa de Lorena bajo el dosel real.<br><\/em><\/p>\n\n\n<div class=\"wp-block-image\">\n<figure class=\"aligncenter\"><a href=\"https:\/\/www.aparences.net\/wp-content\/uploads\/2011\/06\/clouet_dessins_portraits.jpg\"><img loading=\"lazy\" decoding=\"async\" width=\"559\" height=\"318\" src=\"https:\/\/www.aparences.net\/wp-content\/uploads\/2011\/06\/clouet_dessins_portraits.jpg\" alt=\" Leonora Zapata ; Charles de Coss\u00e9 Brissac, dibujos, Jean Clouet\" class=\"wp-image-15796\" title=\"Leonora Zapata ; Charles de Coss\u00e9 Brissac, dibujos, Jean Clouet\" srcset=\"https:\/\/www.aparences.net\/wp-content\/uploads\/2011\/06\/clouet_dessins_portraits.jpg 559w, https:\/\/www.aparences.net\/wp-content\/uploads\/2011\/06\/clouet_dessins_portraits-300x170.jpg 300w\" sizes=\"auto, (max-width: 559px) 100vw, 559px\" \/><\/a><figcaption class=\"wp-element-caption\"><em><strong>Leonora Zapata<\/strong>; <strong>Charles de Coss\u00e9 Brissac<\/strong>, l\u00e1piz negro y rojo, <strong>Jean Clouet<\/strong> <\/em><br><em>(Chantilly, Museo Cond\u00e9) <\/em><\/figcaption><\/figure>\n<\/div>\n\n\n<p><em>Pintor de la corte, Jean Clouet es m\u00e1s conocido por sus retratos, aunque tambi\u00e9n realiz\u00f3 pinturas religiosas. El gusto por <a href=\"https:\/\/www.aparences.net\/es\/arte-y-mecenazgo\/el-retrato-en-el-renacimiento-italiano\/\">el retrato<\/a> en la corte de Francia, contin\u00faa sin interrupci\u00f3n hasta el siglo XVII.<br><\/em><\/p>\n\n\n\n<!-- AdBoxRight2020 --><ins class=\"adsbygoogle\"     style=\"display:block; margin-top:30px;\"     data-ad-client=\"ca-pub-2468002815867636\"     data-ad-slot=\"3496014735\"     data-ad-format=\"auto\"     data-full-width-responsive=\"false\"><\/ins><script> (adsbygoogle = window.adsbygoogle || []).push({});<\/script><h2 class=\"wp-block-heading\">Antoine Caron, pintor de la corte<\/h2>\n\n\n\n<p><strong>Antoine Caron<\/strong> (Beauvais 1521 &#8211; Par\u00eds 1599) <strong>es uno de los int\u00e9rpretes m\u00e1s exquisitos del<\/strong> <a title=\"manierismo internacional\" href=\"https:\/\/www.aparences.net\/es\/periodos\/el-manierismo\/el-manierismo-en-europa\/\">manierismo internacional<\/a> que pone de manifiesto a trav\u00e9s del mordaz desencanto y elegancia con los que atempera el intelectualismo muy cerebral de sus temas. Se expresa en un lenguaje refinado y fant\u00e1stico, lleno de complejas referencias aleg\u00f3ricas a los acontecimientos contempor\u00e1neos. Se form\u00f3 como artista de vidrieras en su ciudad, y luego se le menciona en 1540 como asistente de <a title=\"Primaticcio en Fontainebleau\" href=\"https:\/\/www.aparences.net\/es\/arte-y-mecenazgo\/los-valois-y-la-escuela-de-fontainebleau\/italianos-en-fontainebleau\/#en-torno-a-primaticcio\">Primaticcio en Fontainebleau<\/a>, participando en la primera fase de los trabajos ordenados por Francisco I en el castillo. Sin embargo sus obras m\u00e1s conocidas son de fecha m\u00e1s tardiva (1559-1560),&nbsp; el periodo en que se situa la llamada <a title=\"Segunda Escuela de Fontainebleau\" href=\"https:\/\/www.aparences.net\/es\/arte-y-mecenazgo\/los-valois-y-la-escuela-de-fontainebleau\/la-segunda-escuela-de-fontainebleau\/\">Segunda escuela de Fontainebleau<\/a>, muy marcada por las composiciones imaginativas de <a title=\"Niccol\u00f3 dell' Abate\" href=\"https:\/\/www.aparences.net\/es\/arte-y-mecenazgo\/los-valois-y-la-escuela-de-fontainebleau\/italianos-en-fontainebleau\/#en-torno-a-niccol%C3%B2-dell%27abate\">Niccol\u00f2 dell\u2019 Abate<\/a>. Figura de referencia de la <a href=\"https:\/\/www.aparences.net\/es\/periodos\/el-manierismo\/\">escuela manierista<\/a> francesa como pintor de la corte de la reina Catalina de <a title=\"M\u00e9dicis\" href=\"https:\/\/www.aparences.net\/es\/arte-y-mecenazgo\/florencia-y-los-medicis\/\">M\u00e9dicis<\/a> y los reyes Carlos IX y Enrique III, alterna la realizaci\u00f3n de tablas con la ejecuci\u00f3n de cartones para tapices, dise\u00f1os para muebles y esculturas, ilustraciones de manuscritos y numerosos dibujos para decoraciones ef\u00edmeras y otras ceremonias de la corte. El car\u00e1cter perecedero de estos conjuntos ornamentales, explica el reducido n\u00famero de sus pinturas todav\u00eda conocidas. <strong>La pintura de Antoine Caron impresiona por su extremadamente sofisticado arte cortesano<\/strong>. Revela un italianismo de f\u00e1cil asimilaci\u00f3n para un temperamento t\u00edpico franc\u00e9s. Sus pinturas se asemejan a gigantescos ballets en los que seguramente se inspiraba, siendo uno de los entretenimientos favoritos de la corte de Catalina de M\u00e9dicis, su principal mecenas.<\/p>\n\n\n<div class=\"wp-block-image\">\n<figure class=\"aligncenter\"><img loading=\"lazy\" decoding=\"async\" width=\"360\" height=\"460\" src=\"https:\/\/www.aparences.net\/wp-content\/uploads\/2010\/07\/antoince-caron-denis-l-areopagite-convertissant-les-philosophes.jpg\" alt=\"Dionisio el Areopagita convirtiendo a los fil\u00f3sofos, Antoine Caron\" class=\"wp-image-21098\" title=\"Dionisio el Areopagita convirtiendo a los fil\u00f3sofos, Antoine Caron\" srcset=\"https:\/\/www.aparences.net\/wp-content\/uploads\/2010\/07\/antoince-caron-denis-l-areopagite-convertissant-les-philosophes.jpg 360w, https:\/\/www.aparences.net\/wp-content\/uploads\/2010\/07\/antoince-caron-denis-l-areopagite-convertissant-les-philosophes-160x204.jpg 160w\" sizes=\"auto, (max-width: 360px) 100vw, 360px\" \/><\/figure>\n<\/div>\n\n<div class=\"wp-block-image\">\n<figure class=\"aligncenter\"><img loading=\"lazy\" decoding=\"async\" width=\"584\" height=\"322\" src=\"https:\/\/www.aparences.net\/wp-content\/uploads\/2010\/07\/antoince-caron-denis-l-areopagite-convertissant-les-philosophes-detail.jpg\" alt=\"Dionisio el Areopagita convirtiendo a los fil\u00f3sofos, Antoine Caron\" class=\"wp-image-21100\" title=\"Dionisio el Areopagita convirtiendo a los fil\u00f3sofos, Antoine Caron\" srcset=\"https:\/\/www.aparences.net\/wp-content\/uploads\/2010\/07\/antoince-caron-denis-l-areopagite-convertissant-les-philosophes-detail.jpg 584w, https:\/\/www.aparences.net\/wp-content\/uploads\/2010\/07\/antoince-caron-denis-l-areopagite-convertissant-les-philosophes-detail-160x88.jpg 160w\" sizes=\"auto, (max-width: 584px) 100vw, 584px\" \/><figcaption class=\"wp-element-caption\"><em><strong>Dionisio el Areopagita convirtiendo a los fil\u00f3sofos paganos<\/strong>, c. 1571, <strong>Antoine Caron<\/strong> <\/em><br><em>(Los \u00c1ngeles, The J. Paul Getty Museum)<\/em><\/figcaption><\/figure>\n<\/div>\n\n\n<p><em>En 1571 hubo un eclipse solar: este evento sirvi\u00f3 probablemente de asunto para esta hermosa pintura. Catalina de M\u00e9dicis, quien, al igual que muchas personas de su tiempo, era extremadamente supersticiosa, y fascinada por la astrolog\u00eda, a menudo ve\u00eda en los eclipses y otros fen\u00f3menos astron\u00f3micos, presagios siniestros. En la pintura, los astr\u00f3nomos se han reunido en una plaza bajo un sombreado sol rojizo, rodeado de un cielo tormentoso lleno de nubes siniestras. La figura central, junto a Dionisio el Areopagita, apunta al cielo y mira el globo celeste que lleva la figura situada a la derecha.Dionisio predica el mensaje cristiano de salvaci\u00f3n a los paganos fil\u00f3sofos griegos. El angelote en el pelda\u00f1o de la escalera, escribe en una tablilla el relato del evento. Al fondo, a la derecha, sobre una columna salom\u00f3nica se encuentra <strong>una estatua que representa a Urania, la<\/strong> <a href=\"https:\/\/www.aparences.net\/es\/periodos\/el-quattrocento-anexos\/las-siete-artes-y-las-musas\/\">musa<\/a> <strong>de la astronom\u00eda<\/strong>.<br><\/em><\/p>\n\n\n\n<h2 class=\"wp-block-heading\">El emperador Augusto y la Sibila de Tibur<\/h2>\n\n\n\n<p>En plena guerra civil, la corte de Francia celebra un fiesta. A orillas del Sena, en la explanada de las Tuller\u00edas, entre columnas antiguas y un templo circular tienen lugar varios espect\u00e1culos a la vez. Abajo a la izquierda, dos caballeros armados compiten en un torneo; por el r\u00edo se acerca un barco con m\u00fasicos y cantantes. Pero la mayor parte de la atenci\u00f3n del p\u00fablico se centra en el escenario donde actores vestidos de romanos representan una obra teatral, probablemente <em>El misterio de la Encarnaci\u00f3n y Nacimiento de Cristo<\/em>. En la escena clave del misterio, el emperador romano Augusto de rodillas llevando una capa p\u00farpura y coronado de laurel, se encuentra con la sabia Sibila de Tibur quien le se\u00f1ala el cielo donde aparecen signos anunciadores del nacimiento de Cristo. Este misterio, representado por primera vez en Rouen en 1474, fue interpretado en Par\u00eds en 1580. Su mezcla de religi\u00f3n pagana y cristiana, respond\u00eda plenamente al gusto de la \u00e9poca. Sin embargo, el pr\u00edncipe siempre fue el h\u00e9roe de las fiestas cortesanas. Las utilizaba para realzar su poder y glorificar su linaje. Este fue el principal papel de Antoine Caron al servicio de la reina madre, Catalina de M\u00e9dicis. En el cuadro <em><strong>El emperador Augusto y la Sibila de Tibur<\/strong><\/em> se representan numerosas estatuas, algunas llevan los rasgos de Catalina, como una alegor\u00eda de la madre ideal y de las mujeres sabias, como a la reina le gustaba compararse. Las Sibilas, eran las diez profetisas de la Antig\u00fcedad, cuyo nombre significaba \u00abvoluntad divina\u00bb y en \u00e9pocas de peligro el Senado romano consultaba sus libros secretos. En tiempos de Catalina de M\u00e9dicis se le\u00eda en toda Europa, desde Praga a Par\u00eds, <strong>los <em>Libros de las Sibilas<\/em><\/strong> y <strong>las obras de<\/strong> <strong>Nostradamus<\/strong>. Tambi\u00e9n <strong>se consultaba a astr\u00f3logos, magos y nigromantes para la preparaci\u00f3n de fiestas<\/strong>. La elecci\u00f3n de la fecha, los \u00fatiles art\u00edsticos que interven\u00edan (m\u00fasica, pintura, arquitectura) tambi\u00e9n fueron incluidos en el campo de la magia. Por ejemplo, la Reina Madre y muchos de sus contempor\u00e1neos estaban convencidos de que exist\u00eda un v\u00ednculo entre la representaci\u00f3n en la corte de la tragedia <em>Sofosniba<\/em> en 1556 y la muerte de Enrique II poco despu\u00e9s, as\u00ed como el estallido de los conflictos religiosos.<\/p>\n\n\n<div class=\"wp-block-image\">\n<figure class=\"aligncenter\"><a href=\"https:\/\/www.aparences.net\/wp-content\/uploads\/2011\/06\/caron_empereur_sibylle.png\"><img loading=\"lazy\" decoding=\"async\" width=\"586\" height=\"430\" src=\"https:\/\/www.aparences.net\/wp-content\/uploads\/2011\/06\/caron_empereur_sibylle.png\" alt=\"Augusto y la Sibila de Tibur, c. 1571, Antoine Caron\" class=\"wp-image-15798\" title=\"Augusto y la Sibila de Tibur, c. 1571, Antoine Caron\" srcset=\"https:\/\/www.aparences.net\/wp-content\/uploads\/2011\/06\/caron_empereur_sibylle.png 586w, https:\/\/www.aparences.net\/wp-content\/uploads\/2011\/06\/caron_empereur_sibylle-300x220.png 300w\" sizes=\"auto, (max-width: 586px) 100vw, 586px\" \/><\/a><figcaption class=\"wp-element-caption\"><em><strong>El emperador Augusto y la Sibila de Tibur<\/strong>, c. 1571, <strong>Antoine Caron<\/strong> (Par\u00eds, Museo del Louvre)<\/em><\/figcaption><\/figure>\n<\/div>\n\n\n<p><em>Antoine Caron, quien se form\u00f3 en los trabajos decorativos de Fontainebleau como asistente de Primaticcio, participa en la difusi\u00f3n de la moda antiquizante, pero con una preocupaci\u00f3n por la originalidad en el tratamiento de la perspectiva. No se trata de una representaci\u00f3n arqueol\u00f3gica sino de una adaptaci\u00f3n libre, casi prebarroca. La Sibila se\u00f1ala al emperador Augusto, de rodillas ante ella, la aparici\u00f3n de una Virgen con el Ni\u00f1o que a partir de entonces el pueblo romano deber\u00e1 adorar. En medio de esta decoraci\u00f3n arquitect\u00f3nica de sabor antiguo, <strong>se pueden reconocer algunos monumentos parisinos del siglo XVI, la Torre de Nesle, el jard\u00edn y un pabell\u00f3n de las Tuller\u00edas<\/strong>, el nuevo palacio de la reina madre, que no fue inaugurado hasta 1573, y por supuesto, con una fiesta. El palacio se encuentraba en el lugar de una antigua f\u00e1brica de ladrillos (tuilerie) fuera de las antiguas murallas de la ciudad y se un\u00eda con&nbsp; la otra residencia real, el Louvre, cuyo Patio Cuadrado (Cour Carr\u00e9e) hab\u00eda sido construido por <a href=\"https:\/\/www.aparences.net\/es\/arte-y-mecenazgo\/los-valois-y-la-escuela-de-fontainebleau\/italianos-en-fontainebleau\/#arquitectos-y-escultores\">Pierre Lescot<\/a>. Como si se tratara de un emblema, el edificio de las Tuller\u00edas aparece en casi todas las obras de Caron.<br><\/em><\/p>\n\n\n<div class=\"wp-block-image\">\n<figure class=\"aligncenter\"><a href=\"https:\/\/www.aparences.net\/wp-content\/uploads\/2011\/06\/caron_sibylle_tibur.png\"><img loading=\"lazy\" decoding=\"async\" width=\"547\" height=\"430\" src=\"https:\/\/www.aparences.net\/wp-content\/uploads\/2011\/06\/caron_sibylle_tibur.png\" alt=\"Augusto y la Sibila de Tibur, c. 1571, Antoine Caron\" class=\"wp-image-15799\" title=\"Augusto y la Sibila de Tibur, c. 1571, Antoine Caron\" srcset=\"https:\/\/www.aparences.net\/wp-content\/uploads\/2011\/06\/caron_sibylle_tibur.png 547w, https:\/\/www.aparences.net\/wp-content\/uploads\/2011\/06\/caron_sibylle_tibur-300x235.png 300w\" sizes=\"auto, (max-width: 547px) 100vw, 547px\" \/><\/a><\/figure>\n<\/div>\n\n\n<p><em>En el lienzo aparece <strong>una fuente que representa una de las profec\u00edas de la<\/strong> <a href=\"https:\/\/www.aparences.net\/es\/periodos\/el-quattrocento-anexos\/las-sibilas-en-el-renacimiento\/\">Sibila<\/a>. El agua se ha transformado en aceite \u00abamarillo como un rayo de oro\u00bb. Caron ha pintado el aceite manando de los pechos de una estatua-fuente. Esta figura desnuda con un disco en la cabeza podr\u00eda representar la verdad de la profec\u00eda.<\/em><\/p>\n\n\n<div class=\"wp-block-image\">\n<figure class=\"aligncenter\"><a href=\"https:\/\/www.aparences.net\/wp-content\/uploads\/2011\/06\/caron_empereur_reine.png\"><img loading=\"lazy\" decoding=\"async\" width=\"549\" height=\"360\" src=\"https:\/\/www.aparences.net\/wp-content\/uploads\/2011\/06\/caron_empereur_reine.png\" alt=\"Augusto y la Sibila de Tibur, Antoine Caron\" class=\"wp-image-15800\" title=\"Augusto y la Sibila de Tibur, Antoine Caron\" srcset=\"https:\/\/www.aparences.net\/wp-content\/uploads\/2011\/06\/caron_empereur_reine.png 549w, https:\/\/www.aparences.net\/wp-content\/uploads\/2011\/06\/caron_empereur_reine-300x196.png 300w\" sizes=\"auto, (max-width: 549px) 100vw, 549px\" \/><\/a><\/figure>\n<\/div>\n\n\n<p><em>Las fiestas en la corte siempre giraban en torno a la figura del pr\u00edncipe, pero en este cuadro, el lugar est\u00e1 ocupado por una mujer, la florentina Catalina de M\u00e9dicis, persona muy dominante, incluso despu\u00e9s de abandonar la regencia en 1580. Est\u00e1 representada excepcionalmente sin sus ropas de viuda y va acompa\u00f1ada de sus damas que juegan con sus animales de compa\u00f1\u00eda. <\/em><\/p>\n\n\n\n<p>Como reina y como madre, <strong>Catalina de M\u00e9dicis hab\u00eda dominado la pol\u00edtica francesa durante veinte a\u00f1os<\/strong>. Tras la muerte de su marido Enrique II, tuvo que ejercer la Regencia para preservar el legado de sus hijos. Sus siete hijos eran para ella \u00ablo m\u00e1s importante del mundo\u00bb, y su fuerte sentido de la familia la convert\u00eda en una verdadera \u00abmamma\u00bb italiana. La Reforma protestante hab\u00eda dividido Francia en dos bloques: mientras que los hugonotes luchaban por la libertad de culto, muchos cat\u00f3licos trataron de exterminar a los herejes. Mujer tolerante, Catalina de M\u00e9dicis siempre trat\u00f3 de servir como mediadora entre las dos facciones.<\/p>\n\n\n\n<!-- AdBoxLeft2023 --><ins class=\"adsbygoogle\" style=\"display:block\" data-ad-client=\"ca-pub-2468002815867636\" data-ad-slot=\"1318022963\" data-ad-format=\"auto\" data-full-width-responsive=\"true\"><\/ins><script> (adsbygoogle = window.adsbygoogle || []).push({});<\/script><h2 class=\"wp-block-heading\">Fiestas y entradas reales<\/h2>\n\n\n\n<p>Si la regeneraci\u00f3n cultural del Renacimiento en Francia se produjo bajo el reinado de Francisco I, el nacimiento de una verdadera sociedad cortesana tuvo lugar en la \u00e9poca de Enrique II y Diane de Poitiers. Nunca, en efecto, recepciones y fiestas reales tuvieron tanto \u00e9xito ni fueron tan brillantes, considerando la riqueza de los ropajes, joyas y adornos que luc\u00edan damas y caballeros: \u00abUno pod\u00eda pensar que todas las joyas de la cristiandad se ensamblaron aqu\u00ed\u00bb, escrib\u00eda un visitante brit\u00e1nico en 1550. La etiqueta o ceremonial que rimaba la vida del rey hab\u00eda tomado una forma duradera. Catalina de M\u00e9dicis se lo recuerda a Carlos IX en una carta de septiembre de 1563. No se trata de la r\u00edgida etiqueta espa\u00f1ola, sino de un cierto protocolo que no excluye la regla que permite que el rey, en principio, pueda ser accesible a todos. En Saint-Germain-en-Laye, accediendo al Sal\u00f3n del Rey, los cortesanos y otras personas escogidas pod\u00edan ver al pr\u00edncipe cuando \u00e9ste se dirig\u00eda a la misa. <strong>El concepto de fiesta se institucionaliz\u00f3 y la entrada real<\/strong>, que siempre ten\u00eda lugar en las ciudades del reino para celebrar las ocasiones especiales, tom\u00f3 una forma oficial e iba acompa\u00f1ada de elementos de representaci\u00f3n como arcos de triunfo, carros, entarimados e inscripciones laudativas. Se trataba m\u00e1s que nunca de desplegar el gran juego de emblemas y divisas. <strong>Los pr\u00edncipes rivalizan entre ellos a trav\u00e9s de estos dispositivos de fiesta importados de Italia con el nombre de <em>apparati<\/em><\/strong>; sin duda en la entrada de Enrique II en Par\u00eds en 1549 y Carlos IX en 1571 se tuvieron en cuenta algunos de ellos realizados en Amberes y en otros lugares en honor de Carlos V y Felipe II. Enrique II amante de fiestas y torneos, fue herido en un ojo por una astilla de madera rompiendo lanzas contra el conde Gabriel de Montgomery. El torneo mortal se organiz\u00f3 en Par\u00eds, en la calle Saint-Antoine, con motivo de la boda de Isabel, hija del rey de Francia, con Felipe II.<\/p>\n\n\n<div class=\"wp-block-image\">\n<figure class=\"aligncenter\"><a href=\"https:\/\/www.aparences.net\/wp-content\/uploads\/2011\/06\/bal_cour_henri_trois.jpg\"><img loading=\"lazy\" decoding=\"async\" width=\"574\" height=\"370\" src=\"https:\/\/www.aparences.net\/wp-content\/uploads\/2011\/06\/bal_cour_henri_trois.jpg\" alt=\"Baile en la corte de Enrique III, Escuela francesa\" class=\"wp-image-15801\" title=\"Baile en la corte de Enrique III, Escuela francesa\" srcset=\"https:\/\/www.aparences.net\/wp-content\/uploads\/2011\/06\/bal_cour_henri_trois.jpg 574w, https:\/\/www.aparences.net\/wp-content\/uploads\/2011\/06\/bal_cour_henri_trois-300x193.jpg 300w\" sizes=\"auto, (max-width: 574px) 100vw, 574px\" \/><\/a><figcaption class=\"wp-element-caption\"><em><strong>Baile en la corte de Enrique III<\/strong>, segunda mitad del siglo XVI, <strong>Escuela Francesa<\/strong><\/em><br><em> (Par\u00eds, Museo del Louvre)<\/em><\/figcaption><\/figure>\n<\/div>\n\n\n<p><em>El cortesano era reconocible por su vestimenta y su lenguaje corporal que se se reflejaba en la equitaci\u00f3n, en el modo de andar, los gestos, y (sobre todo, tal vez) la danza. <strong>Los numerosos tratados que exist\u00edan sobre danza<\/strong> reflejan la importancia que se daba a esta actividad; en las cortes europeas eran muy solicitados los <a href=\"https:\/\/www.aparences.net\/es\/arte-y-mecenazgo\/renacimiento-y-vida-privada\/espectaculos-y-fiestas-durante-el-quattrocento\/\">espect\u00e1culos y fiestas<\/a> importados de Italia y los maestros de danza como Cesare Negri de Mil\u00e1n. El baile era un componente importante de las fiestas de la corte, y en algunos casos probablemente tambi\u00e9n el modo de acceso al favor real.<br><\/em><\/p>\n\n\n<div class=\"wp-block-image\">\n<figure class=\"aligncenter\"><a href=\"https:\/\/www.aparences.net\/wp-content\/uploads\/2011\/06\/caron_carrousel_elephant.jpg\"><img loading=\"lazy\" decoding=\"async\" width=\"486\" height=\"317\" src=\"https:\/\/www.aparences.net\/wp-content\/uploads\/2011\/06\/caron_carrousel_elephant.jpg\" alt=\"Carrusel del elefante, 1571, Antoine Caron\" class=\"wp-image-15802\" title=\"Carrusel del elefante, 1571, Antoine Caron\" srcset=\"https:\/\/www.aparences.net\/wp-content\/uploads\/2011\/06\/caron_carrousel_elephant.jpg 486w, https:\/\/www.aparences.net\/wp-content\/uploads\/2011\/06\/caron_carrousel_elephant-300x195.jpg 300w\" sizes=\"auto, (max-width: 486px) 100vw, 486px\" \/><\/a><figcaption class=\"wp-element-caption\"><em><strong>Carrusel del elefante<\/strong>, 1571, <strong>Antoine Caron<\/strong> (Colecci\u00f3n privada)<\/em><\/figcaption><\/figure>\n<\/div>\n\n\n<p><em>Los entretenimientos acompa\u00f1an la vida cortesana: ejercicios deportivos (caza, tenis, corre el anillo, torneos). Antoine Caron, pintor de la corte de Catalina de M\u00e9dicis, representa una fiesta de la corte con juegos y fuegos artificiales.<br><\/em><\/p>\n\n\n\n<p>Catalina de M\u00e9dicis quiso presentar al joven Carlos, convertido en rey en 1563 a los trece a\u00f1os, yendo de ciudad en ciudad. La corte atraves\u00f3 las provincias francesas desde marzo de 1564 a mayo de 1566, visitando m\u00e1s de un centenar de ciudades. En Bayona se organizaron fiestas memorables de cuyo fasto y esplendor dan testimonio los dibujos de Antoine Caron: en particular, un torneo entre caballeros de Gran Breta\u00f1a e Irlanda. El joven rey iba con el grupo brit\u00e1nico y su hermano Enrique, con el grupo irland\u00e9s; carros con personajes representando las Virtudes acompa\u00f1aban los dos grupos. Fue, de hecho, un ballet de caballeros, con acompa\u00f1amiento musical. Tambi\u00e9n hubo entradas de sirenas, ninfas, s\u00e1tiros; un desfile con Carlos vestido de troyano, donde predominaba el azul y plata; su hermano aparec\u00eda vestido de amazona. Asistimos a una primera versi\u00f3n de lo que ser\u00eda m\u00e1s tarde el <em>ballet de cour<\/em>, cuyo \u00e9xito fue consolidado en tiempos de Enrique III y <strong>se extender\u00eda hasta Luis XIV con las \u00f3peras de<\/strong> <a href=\"https:\/\/es.wikipedia.org\/wiki\/Jean-Baptiste_Lully\">Jean-Baptiste Lully<\/a> y otros compositores barrocos franceses. El 20 de agosto de 1572, en la v\u00edspera de San Bartolom\u00e9, antes de la terrible matanza, en una sala del Hotel de Bourbon, las <em>troupes<\/em> de teatro del rey y de Enrique de Navarra representaron una justa con intermedios en los que un ballet de ninfas aportaba una cierta armon\u00eda a la representaci\u00f3n belicosa.<\/p>\n\n\n<div class=\"wp-block-image\">\n<figure class=\"aligncenter\"><a href=\"https:\/\/www.aparences.net\/wp-content\/uploads\/2011\/06\/de_heere_naumaquie.jpg\"><img loading=\"lazy\" decoding=\"async\" width=\"390\" height=\"430\" src=\"https:\/\/www.aparences.net\/wp-content\/uploads\/2011\/06\/de_heere_naumaquie.jpg\" alt=\"Fiesta en el agua en Fontainebleau (naumaquia), 1588, Lucas de Heere\" class=\"wp-image-15803\" title=\"Fiesta en el agua en Fontainebleau (naumaquia), 1588, Lucas de Heere\" srcset=\"https:\/\/www.aparences.net\/wp-content\/uploads\/2011\/06\/de_heere_naumaquie.jpg 390w, https:\/\/www.aparences.net\/wp-content\/uploads\/2011\/06\/de_heere_naumaquie-272x300.jpg 272w\" sizes=\"auto, (max-width: 390px) 100vw, 390px\" \/><\/a><figcaption class=\"wp-element-caption\"><em><strong>Fiesta en el agua en Fontainebleau<\/strong> (naumaquia) detalle de tapiz, 1588, <strong>Lucas de Heere<\/strong> (Florencia, Museo de los Oficios)<\/em><\/figcaption><\/figure>\n<\/div>\n\n\n<p><em>Fontainebleau era todav\u00eda el lugar donde acud\u00edan numerosos visitantes, la \u00absegunda Roma\u00bb de los artistas; sus jardines, antig\u00fcedades, <strong>sus colecciones donde brillanban las obras maestras de Rafael y da Vinci<\/strong> extra\u00f1amente colocadas en las lujosas salas de Ba\u00f1os, sus exquisitas decoraciones, fiestas, bailes y banquetes, creaban en las profundidades del bosque de Fontainebleau un asilo de lujo fuera de tiempo. M\u00e1s tarde, el Sena fue el escenario de un triunfo de Neptuno, acompa\u00f1ado de tritones, sirenas y animales marinos, y una batalla naval ficticia (naumaquia), causando \u00abuna gran sorpresa, a gentes poco acostumbradas a este tipo de furias de la guerra, y sin embargo produci\u00e9ndoles una gozosa alegr\u00eda, al ver que tal violento asalto de armas cortantes y la dureza del fuego, no caus\u00f3 da\u00f1o a nadie.\u00bb<\/em><\/p>\n\n\n\n<p>La evoluci\u00f3n de las entradas reales ilustra, tanto los aspectos del pensamiento pol\u00edtico traducido en s\u00edmbolos y el estilo de las representaciones aleg\u00f3ricas con respecto a la f\u00e1bula antigua como el enriquecimiento y progresiva complicaci\u00f3n de las formas arquitect\u00f3nicas. En marzo de 1571, Ronsard y Dorat, Germain Pilon y Niccol\u00f2 dell&#8217;Abate colaboraron en una de las entradas reales m\u00e1s sofisticadas, la de Carlos IX, que acababa de casarse con la nieta de Carlos V y fue una especie de caso l\u00edmite de una completa obra maestra realizada en lo ef\u00edmero.<\/p>\n\n\n<div class=\"wp-block-image\">\n<figure class=\"aligncenter\"><a href=\"https:\/\/www.aparences.net\/wp-content\/uploads\/2011\/06\/dell_abate_char_artemise.jpg\"><img loading=\"lazy\" decoding=\"async\" width=\"459\" height=\"302\" src=\"https:\/\/www.aparences.net\/wp-content\/uploads\/2011\/06\/dell_abate_char_artemise.jpg\" alt=\"Historia de la reina Artemisia, Niccol\u00f2 dell' Abate\" class=\"wp-image-15804\" title=\"Historia de la reina Artemisia, Niccol\u00f2 dell' Abate\" srcset=\"https:\/\/www.aparences.net\/wp-content\/uploads\/2011\/06\/dell_abate_char_artemise.jpg 459w, https:\/\/www.aparences.net\/wp-content\/uploads\/2011\/06\/dell_abate_char_artemise-300x197.jpg 300w\" sizes=\"auto, (max-width: 459px) 100vw, 459px\" \/><\/a><figcaption class=\"wp-element-caption\"><em><strong>Historia de la reina Artemisia<\/strong> (El Carro de los unicornios), atribuido a <strong>Niccol\u00f2 dell&#8217;Abate<\/strong> (Par\u00eds, Biblioth\u00e8que nationale de France)<\/em><\/figcaption><\/figure>\n<\/div>\n\n\n<p><em>El \u00abCarro de los unicornios\u00bb fue descrito as\u00ed en un texto de N. Houel: \u00abEste carro iba arrastrado por unicornios que llevaban en el cuello collares hechos de grandes perlas orientales, conducidos por tres muchachas j\u00f3venes y seguidas por varios ni\u00f1os; en medio se hallaba un joven coronado de cipr\u00e9s que cantaba acompa\u00f1\u00e1ndose con la lira.\u00bb<br><\/em><\/p>\n\n\n<div class=\"wp-block-image\">\n<figure class=\"aligncenter\"><a href=\"https:\/\/www.aparences.net\/wp-content\/uploads\/2011\/06\/rene_boyvin.jpg\"><img loading=\"lazy\" decoding=\"async\" width=\"277\" height=\"430\" src=\"https:\/\/www.aparences.net\/wp-content\/uploads\/2011\/06\/rene_boyvin.jpg\" alt=\"Figura de mascarada, 1600, Ren\u00e9 Boyvin\" class=\"wp-image-15805\" title=\"Figura de mascarada, 1600, Ren\u00e9 Boyvin\" srcset=\"https:\/\/www.aparences.net\/wp-content\/uploads\/2011\/06\/rene_boyvin.jpg 277w, https:\/\/www.aparences.net\/wp-content\/uploads\/2011\/06\/rene_boyvin-193x300.jpg 193w\" sizes=\"auto, (max-width: 277px) 100vw, 277px\" \/><\/a><figcaption class=\"wp-element-caption\"><em><strong>Figura de mascarada<\/strong>, c. 1600, <strong>Ren\u00e9 Boyvin<\/strong> (Par\u00eds, Biblioth\u00e8que nationale de France)<\/em><\/figcaption><\/figure>\n<\/div>\n\n\n<p><em>Los modelos para los trajes de los espect\u00e1culos (teatro, canto, m\u00fasica, ballet) o mascaradas se dibujaban previamente y en algunos casos fueron posteriormente grabados. El dibujo de Boyvin es una de esas figuras de mascaradas o carnaval, a la que el artista da un aire manierista de aspecto surrealista, cuyo traje de guerrero se ha metamorfoseado en un disfraz lleno de fantas\u00eda.<\/em><\/p>\n","protected":false},"excerpt":{"rendered":"<p>Gracias a Castiglione y su libro \u00abEl cortesano\u00bb, este personaje, junto con el humanista y el pr\u00edncipe, es uno de los tipos sociales m\u00e1s conocidos del Renacimiento.<\/p>\n","protected":false},"author":2,"featured_media":26628,"comment_status":"closed","ping_status":"closed","sticky":false,"template":"","format":"standard","meta":{"footnotes":""},"categories":[2319],"tags":[5111,2511,2589,5113,5063],"class_list":["post-13180","post","type-post","status-publish","format-standard","has-post-thumbnail","hentry","category-los-valois-y-la-escuela-de-fontainebleau","tag-antoine-caron-pintor-de-corte","tag-catalina-de-medicis","tag-escuela-de-fontainebleau","tag-fiestas-y-entradas-reales","tag-mecenazgo-artistico"],"yoast_head":"<!-- This site is optimized with the Yoast SEO plugin v27.2 - https:\/\/yoast.com\/product\/yoast-seo-wordpress\/ -->\n<title>La sociedad cortesana y los \u00faltimos Valois<\/title>\n<meta name=\"description\" content=\"Gracias a Castiglione y su libro &quot;El cortesano&quot;, este personaje, junto con el humanista y el pr\u00edncipe, es uno de los tipos sociales m\u00e1s conocidos del Renacimiento.\" \/>\n<meta name=\"robots\" content=\"index, follow, max-snippet:-1, max-image-preview:large, max-video-preview:-1\" \/>\n<link rel=\"canonical\" href=\"https:\/\/www.aparences.net\/es\/arte-y-mecenazgo\/los-valois-y-la-escuela-de-fontainebleau\/la-sociedad-cortesana-y-los-ultimos-valois\/\" \/>\n<meta property=\"og:locale\" content=\"es_ES\" \/>\n<meta property=\"og:type\" content=\"article\" \/>\n<meta property=\"og:title\" content=\"La sociedad cortesana y los \u00faltimos Valois\" \/>\n<meta property=\"og:description\" content=\"Gracias a Castiglione y su libro &quot;El cortesano&quot;, este personaje, junto con el humanista y el pr\u00edncipe, es uno de los tipos sociales m\u00e1s conocidos del Renacimiento.\" \/>\n<meta property=\"og:url\" content=\"https:\/\/www.aparences.net\/es\/arte-y-mecenazgo\/los-valois-y-la-escuela-de-fontainebleau\/la-sociedad-cortesana-y-los-ultimos-valois\/\" \/>\n<meta property=\"og:site_name\" content=\"Aparences\" \/>\n<meta property=\"article:published_time\" content=\"2010-07-16T16:44:40+00:00\" \/>\n<meta property=\"article:modified_time\" content=\"2025-12-11T18:40:57+00:00\" \/>\n<meta property=\"og:image\" content=\"https:\/\/www.aparences.net\/wp-content\/uploads\/2010\/07\/fontainebleau1.jpg\" \/>\n\t<meta property=\"og:image:width\" content=\"1080\" \/>\n\t<meta property=\"og:image:height\" content=\"540\" \/>\n\t<meta property=\"og:image:type\" content=\"image\/jpeg\" \/>\n<meta name=\"author\" content=\"admin\" \/>\n<meta name=\"twitter:card\" content=\"summary_large_image\" \/>\n<meta name=\"twitter:label1\" content=\"Escrito por\" \/>\n\t<meta name=\"twitter:data1\" content=\"admin\" \/>\n\t<meta name=\"twitter:label2\" content=\"Tiempo de lectura\" \/>\n\t<meta name=\"twitter:data2\" content=\"18 minutos\" \/>\n<script type=\"application\/ld+json\" class=\"yoast-schema-graph\">{\"@context\":\"https:\/\/schema.org\",\"@graph\":[{\"@type\":\"Article\",\"@id\":\"https:\/\/www.aparences.net\/es\/arte-y-mecenazgo\/los-valois-y-la-escuela-de-fontainebleau\/la-sociedad-cortesana-y-los-ultimos-valois\/#article\",\"isPartOf\":{\"@id\":\"https:\/\/www.aparences.net\/es\/arte-y-mecenazgo\/los-valois-y-la-escuela-de-fontainebleau\/la-sociedad-cortesana-y-los-ultimos-valois\/\"},\"author\":{\"name\":\"admin\",\"@id\":\"https:\/\/www.aparences.net\/es\/#\/schema\/person\/af349f6ffc31b16c68963e61268afca5\"},\"headline\":\"La sociedad cortesana y los \u00faltimos Valois\",\"datePublished\":\"2010-07-16T16:44:40+00:00\",\"dateModified\":\"2025-12-11T18:40:57+00:00\",\"mainEntityOfPage\":{\"@id\":\"https:\/\/www.aparences.net\/es\/arte-y-mecenazgo\/los-valois-y-la-escuela-de-fontainebleau\/la-sociedad-cortesana-y-los-ultimos-valois\/\"},\"wordCount\":3336,\"publisher\":{\"@id\":\"https:\/\/www.aparences.net\/es\/#organization\"},\"image\":{\"@id\":\"https:\/\/www.aparences.net\/es\/arte-y-mecenazgo\/los-valois-y-la-escuela-de-fontainebleau\/la-sociedad-cortesana-y-los-ultimos-valois\/#primaryimage\"},\"thumbnailUrl\":\"https:\/\/www.aparences.net\/wp-content\/uploads\/2010\/07\/fontainebleau1.jpg\",\"keywords\":[\"Antoine Caron pintor de corte\",\"Catalina de M\u00e9dicis\",\"escuela de Fontainebleau\",\"fiestas y entradas reales\",\"mecenazgo art\u00edstico\"],\"articleSection\":[\"Los Valois y la escuela de Fontainebleau\"],\"inLanguage\":\"es\"},{\"@type\":[\"WebPage\",\"ItemPage\"],\"@id\":\"https:\/\/www.aparences.net\/es\/arte-y-mecenazgo\/los-valois-y-la-escuela-de-fontainebleau\/la-sociedad-cortesana-y-los-ultimos-valois\/\",\"url\":\"https:\/\/www.aparences.net\/es\/arte-y-mecenazgo\/los-valois-y-la-escuela-de-fontainebleau\/la-sociedad-cortesana-y-los-ultimos-valois\/\",\"name\":\"La sociedad cortesana y los \u00faltimos Valois\",\"isPartOf\":{\"@id\":\"https:\/\/www.aparences.net\/es\/#website\"},\"primaryImageOfPage\":{\"@id\":\"https:\/\/www.aparences.net\/es\/arte-y-mecenazgo\/los-valois-y-la-escuela-de-fontainebleau\/la-sociedad-cortesana-y-los-ultimos-valois\/#primaryimage\"},\"image\":{\"@id\":\"https:\/\/www.aparences.net\/es\/arte-y-mecenazgo\/los-valois-y-la-escuela-de-fontainebleau\/la-sociedad-cortesana-y-los-ultimos-valois\/#primaryimage\"},\"thumbnailUrl\":\"https:\/\/www.aparences.net\/wp-content\/uploads\/2010\/07\/fontainebleau1.jpg\",\"datePublished\":\"2010-07-16T16:44:40+00:00\",\"dateModified\":\"2025-12-11T18:40:57+00:00\",\"description\":\"Gracias a Castiglione y su libro \\\"El cortesano\\\", este personaje, junto con el humanista y el pr\u00edncipe, es uno de los tipos sociales m\u00e1s conocidos del Renacimiento.\",\"breadcrumb\":{\"@id\":\"https:\/\/www.aparences.net\/es\/arte-y-mecenazgo\/los-valois-y-la-escuela-de-fontainebleau\/la-sociedad-cortesana-y-los-ultimos-valois\/#breadcrumb\"},\"inLanguage\":\"es\",\"potentialAction\":[{\"@type\":\"ReadAction\",\"target\":[\"https:\/\/www.aparences.net\/es\/arte-y-mecenazgo\/los-valois-y-la-escuela-de-fontainebleau\/la-sociedad-cortesana-y-los-ultimos-valois\/\"]}]},{\"@type\":\"ImageObject\",\"inLanguage\":\"es\",\"@id\":\"https:\/\/www.aparences.net\/es\/arte-y-mecenazgo\/los-valois-y-la-escuela-de-fontainebleau\/la-sociedad-cortesana-y-los-ultimos-valois\/#primaryimage\",\"url\":\"https:\/\/www.aparences.net\/wp-content\/uploads\/2010\/07\/fontainebleau1.jpg\",\"contentUrl\":\"https:\/\/www.aparences.net\/wp-content\/uploads\/2010\/07\/fontainebleau1.jpg\",\"width\":1080,\"height\":540},{\"@type\":\"BreadcrumbList\",\"@id\":\"https:\/\/www.aparences.net\/es\/arte-y-mecenazgo\/los-valois-y-la-escuela-de-fontainebleau\/la-sociedad-cortesana-y-los-ultimos-valois\/#breadcrumb\",\"itemListElement\":[{\"@type\":\"ListItem\",\"position\":1,\"name\":\"Portada\",\"item\":\"https:\/\/www.aparences.net\/es\/\"},{\"@type\":\"ListItem\",\"position\":2,\"name\":\"La sociedad cortesana y los \u00faltimos Valois\"}]},{\"@type\":\"WebSite\",\"@id\":\"https:\/\/www.aparences.net\/es\/#website\",\"url\":\"https:\/\/www.aparences.net\/es\/\",\"name\":\"Aparences: Historia del Arte y Actualidad Cultural\",\"description\":\"\",\"publisher\":{\"@id\":\"https:\/\/www.aparences.net\/es\/#organization\"},\"potentialAction\":[{\"@type\":\"SearchAction\",\"target\":{\"@type\":\"EntryPoint\",\"urlTemplate\":\"https:\/\/www.aparences.net\/es\/?s={search_term_string}\"},\"query-input\":{\"@type\":\"PropertyValueSpecification\",\"valueRequired\":true,\"valueName\":\"search_term_string\"}}],\"inLanguage\":\"es\"},{\"@type\":\"Organization\",\"@id\":\"https:\/\/www.aparences.net\/es\/#organization\",\"name\":\"Aparences: Historia del Arte y Actualidad Cultural\",\"url\":\"https:\/\/www.aparences.net\/es\/\",\"logo\":{\"@type\":\"ImageObject\",\"inLanguage\":\"es\",\"@id\":\"https:\/\/www.aparences.net\/es\/#\/schema\/logo\/image\/\",\"url\":\"https:\/\/www.aparences.net\/wp-content\/uploads\/2023\/09\/logo-quadrat-color-e1695915315229.png\",\"contentUrl\":\"https:\/\/www.aparences.net\/wp-content\/uploads\/2023\/09\/logo-quadrat-color-e1695915315229.png\",\"width\":120,\"height\":120,\"caption\":\"Aparences: Historia del Arte y Actualidad Cultural\"},\"image\":{\"@id\":\"https:\/\/www.aparences.net\/es\/#\/schema\/logo\/image\/\"}},{\"@type\":\"Person\",\"@id\":\"https:\/\/www.aparences.net\/es\/#\/schema\/person\/af349f6ffc31b16c68963e61268afca5\",\"name\":\"admin\",\"url\":\"https:\/\/www.aparences.net\/es\/author\/admin\/\"}]}<\/script>\n<!-- \/ Yoast SEO plugin. -->","yoast_head_json":{"title":"La sociedad cortesana y los \u00faltimos Valois","description":"Gracias a Castiglione y su libro \"El cortesano\", este personaje, junto con el humanista y el pr\u00edncipe, es uno de los tipos sociales m\u00e1s conocidos del Renacimiento.","robots":{"index":"index","follow":"follow","max-snippet":"max-snippet:-1","max-image-preview":"max-image-preview:large","max-video-preview":"max-video-preview:-1"},"canonical":"https:\/\/www.aparences.net\/es\/arte-y-mecenazgo\/los-valois-y-la-escuela-de-fontainebleau\/la-sociedad-cortesana-y-los-ultimos-valois\/","og_locale":"es_ES","og_type":"article","og_title":"La sociedad cortesana y los \u00faltimos Valois","og_description":"Gracias a Castiglione y su libro \"El cortesano\", este personaje, junto con el humanista y el pr\u00edncipe, es uno de los tipos sociales m\u00e1s conocidos del Renacimiento.","og_url":"https:\/\/www.aparences.net\/es\/arte-y-mecenazgo\/los-valois-y-la-escuela-de-fontainebleau\/la-sociedad-cortesana-y-los-ultimos-valois\/","og_site_name":"Aparences","article_published_time":"2010-07-16T16:44:40+00:00","article_modified_time":"2025-12-11T18:40:57+00:00","og_image":[{"width":1080,"height":540,"url":"https:\/\/www.aparences.net\/wp-content\/uploads\/2010\/07\/fontainebleau1.jpg","type":"image\/jpeg"}],"author":"admin","twitter_card":"summary_large_image","twitter_misc":{"Escrito por":"admin","Tiempo de lectura":"18 minutos"},"schema":{"@context":"https:\/\/schema.org","@graph":[{"@type":"Article","@id":"https:\/\/www.aparences.net\/es\/arte-y-mecenazgo\/los-valois-y-la-escuela-de-fontainebleau\/la-sociedad-cortesana-y-los-ultimos-valois\/#article","isPartOf":{"@id":"https:\/\/www.aparences.net\/es\/arte-y-mecenazgo\/los-valois-y-la-escuela-de-fontainebleau\/la-sociedad-cortesana-y-los-ultimos-valois\/"},"author":{"name":"admin","@id":"https:\/\/www.aparences.net\/es\/#\/schema\/person\/af349f6ffc31b16c68963e61268afca5"},"headline":"La sociedad cortesana y los \u00faltimos Valois","datePublished":"2010-07-16T16:44:40+00:00","dateModified":"2025-12-11T18:40:57+00:00","mainEntityOfPage":{"@id":"https:\/\/www.aparences.net\/es\/arte-y-mecenazgo\/los-valois-y-la-escuela-de-fontainebleau\/la-sociedad-cortesana-y-los-ultimos-valois\/"},"wordCount":3336,"publisher":{"@id":"https:\/\/www.aparences.net\/es\/#organization"},"image":{"@id":"https:\/\/www.aparences.net\/es\/arte-y-mecenazgo\/los-valois-y-la-escuela-de-fontainebleau\/la-sociedad-cortesana-y-los-ultimos-valois\/#primaryimage"},"thumbnailUrl":"https:\/\/www.aparences.net\/wp-content\/uploads\/2010\/07\/fontainebleau1.jpg","keywords":["Antoine Caron pintor de corte","Catalina de M\u00e9dicis","escuela de Fontainebleau","fiestas y entradas reales","mecenazgo art\u00edstico"],"articleSection":["Los Valois y la escuela de Fontainebleau"],"inLanguage":"es"},{"@type":["WebPage","ItemPage"],"@id":"https:\/\/www.aparences.net\/es\/arte-y-mecenazgo\/los-valois-y-la-escuela-de-fontainebleau\/la-sociedad-cortesana-y-los-ultimos-valois\/","url":"https:\/\/www.aparences.net\/es\/arte-y-mecenazgo\/los-valois-y-la-escuela-de-fontainebleau\/la-sociedad-cortesana-y-los-ultimos-valois\/","name":"La sociedad cortesana y los \u00faltimos Valois","isPartOf":{"@id":"https:\/\/www.aparences.net\/es\/#website"},"primaryImageOfPage":{"@id":"https:\/\/www.aparences.net\/es\/arte-y-mecenazgo\/los-valois-y-la-escuela-de-fontainebleau\/la-sociedad-cortesana-y-los-ultimos-valois\/#primaryimage"},"image":{"@id":"https:\/\/www.aparences.net\/es\/arte-y-mecenazgo\/los-valois-y-la-escuela-de-fontainebleau\/la-sociedad-cortesana-y-los-ultimos-valois\/#primaryimage"},"thumbnailUrl":"https:\/\/www.aparences.net\/wp-content\/uploads\/2010\/07\/fontainebleau1.jpg","datePublished":"2010-07-16T16:44:40+00:00","dateModified":"2025-12-11T18:40:57+00:00","description":"Gracias a Castiglione y su libro \"El cortesano\", este personaje, junto con el humanista y el pr\u00edncipe, es uno de los tipos sociales m\u00e1s conocidos del Renacimiento.","breadcrumb":{"@id":"https:\/\/www.aparences.net\/es\/arte-y-mecenazgo\/los-valois-y-la-escuela-de-fontainebleau\/la-sociedad-cortesana-y-los-ultimos-valois\/#breadcrumb"},"inLanguage":"es","potentialAction":[{"@type":"ReadAction","target":["https:\/\/www.aparences.net\/es\/arte-y-mecenazgo\/los-valois-y-la-escuela-de-fontainebleau\/la-sociedad-cortesana-y-los-ultimos-valois\/"]}]},{"@type":"ImageObject","inLanguage":"es","@id":"https:\/\/www.aparences.net\/es\/arte-y-mecenazgo\/los-valois-y-la-escuela-de-fontainebleau\/la-sociedad-cortesana-y-los-ultimos-valois\/#primaryimage","url":"https:\/\/www.aparences.net\/wp-content\/uploads\/2010\/07\/fontainebleau1.jpg","contentUrl":"https:\/\/www.aparences.net\/wp-content\/uploads\/2010\/07\/fontainebleau1.jpg","width":1080,"height":540},{"@type":"BreadcrumbList","@id":"https:\/\/www.aparences.net\/es\/arte-y-mecenazgo\/los-valois-y-la-escuela-de-fontainebleau\/la-sociedad-cortesana-y-los-ultimos-valois\/#breadcrumb","itemListElement":[{"@type":"ListItem","position":1,"name":"Portada","item":"https:\/\/www.aparences.net\/es\/"},{"@type":"ListItem","position":2,"name":"La sociedad cortesana y los \u00faltimos Valois"}]},{"@type":"WebSite","@id":"https:\/\/www.aparences.net\/es\/#website","url":"https:\/\/www.aparences.net\/es\/","name":"Aparences: Historia del Arte y Actualidad Cultural","description":"","publisher":{"@id":"https:\/\/www.aparences.net\/es\/#organization"},"potentialAction":[{"@type":"SearchAction","target":{"@type":"EntryPoint","urlTemplate":"https:\/\/www.aparences.net\/es\/?s={search_term_string}"},"query-input":{"@type":"PropertyValueSpecification","valueRequired":true,"valueName":"search_term_string"}}],"inLanguage":"es"},{"@type":"Organization","@id":"https:\/\/www.aparences.net\/es\/#organization","name":"Aparences: Historia del Arte y Actualidad Cultural","url":"https:\/\/www.aparences.net\/es\/","logo":{"@type":"ImageObject","inLanguage":"es","@id":"https:\/\/www.aparences.net\/es\/#\/schema\/logo\/image\/","url":"https:\/\/www.aparences.net\/wp-content\/uploads\/2023\/09\/logo-quadrat-color-e1695915315229.png","contentUrl":"https:\/\/www.aparences.net\/wp-content\/uploads\/2023\/09\/logo-quadrat-color-e1695915315229.png","width":120,"height":120,"caption":"Aparences: Historia del Arte y Actualidad Cultural"},"image":{"@id":"https:\/\/www.aparences.net\/es\/#\/schema\/logo\/image\/"}},{"@type":"Person","@id":"https:\/\/www.aparences.net\/es\/#\/schema\/person\/af349f6ffc31b16c68963e61268afca5","name":"admin","url":"https:\/\/www.aparences.net\/es\/author\/admin\/"}]}},"_links":{"self":[{"href":"https:\/\/www.aparences.net\/es\/wp-json\/wp\/v2\/posts\/13180","targetHints":{"allow":["GET"]}}],"collection":[{"href":"https:\/\/www.aparences.net\/es\/wp-json\/wp\/v2\/posts"}],"about":[{"href":"https:\/\/www.aparences.net\/es\/wp-json\/wp\/v2\/types\/post"}],"author":[{"embeddable":true,"href":"https:\/\/www.aparences.net\/es\/wp-json\/wp\/v2\/users\/2"}],"replies":[{"embeddable":true,"href":"https:\/\/www.aparences.net\/es\/wp-json\/wp\/v2\/comments?post=13180"}],"version-history":[{"count":0,"href":"https:\/\/www.aparences.net\/es\/wp-json\/wp\/v2\/posts\/13180\/revisions"}],"wp:featuredmedia":[{"embeddable":true,"href":"https:\/\/www.aparences.net\/es\/wp-json\/wp\/v2\/media\/26628"}],"wp:attachment":[{"href":"https:\/\/www.aparences.net\/es\/wp-json\/wp\/v2\/media?parent=13180"}],"wp:term":[{"taxonomy":"category","embeddable":true,"href":"https:\/\/www.aparences.net\/es\/wp-json\/wp\/v2\/categories?post=13180"},{"taxonomy":"post_tag","embeddable":true,"href":"https:\/\/www.aparences.net\/es\/wp-json\/wp\/v2\/tags?post=13180"}],"curies":[{"name":"wp","href":"https:\/\/api.w.org\/{rel}","templated":true}]}}