{"id":13182,"date":"2010-07-17T08:56:23","date_gmt":"2010-07-17T06:56:23","guid":{"rendered":"https:\/\/www.aparences.net\/ecoles\/la-peinture-venitienne\/paolo-veronese\/"},"modified":"2025-12-11T19:40:57","modified_gmt":"2025-12-11T18:40:57","slug":"paolo-veronese-2","status":"publish","type":"post","link":"https:\/\/www.aparences.net\/es\/escuelas\/la-pintura-veneciana\/paolo-veronese-2\/","title":{"rendered":"Paolo Veronese"},"content":{"rendered":"<p><!--contents--><\/p>\n\n\n<h2 class=\"wp-block-heading\">Veronese: entre Verona y Venecia<\/h2>\n\n\n\n<p><strong>Paolo Caliari llamado Veronese<\/strong>, hijo de Gabriele, de profesi\u00f3n cantero (lo que puede explicar su gusto por la arquitectura) naci\u00f3 en Verona en 1528. <strong>A principios del siglo XVI Verona era una de las principales ciudades de la Rep\u00fablica Seren\u00edsima<\/strong>, pero a diferencia de otros centros art\u00edsticos, dispon\u00eda de una mayor independencia frente a la capital. Fue un centro aut\u00f3nomo de gran vitalidad donde se codeaban ricas y variadas culturas. Por un lado, modelos arcaizantes en la l\u00ednea tradicional que iba desde <a title=\"Mantegna\" href=\"https:\/\/www.aparences.net\/es\/arte-y-mecenazgo\/los-gonzaga-de-mantua\/andrea-mantegna-pintor-de-corte\/\">Mantegna<\/a> a <a title=\"Bellini\" href=\"https:\/\/www.aparences.net\/es\/escuelas\/la-pintura-veneciana\/giovanni-bellini\/\">Bellini<\/a> y <a title=\"Giorgione\" href=\"https:\/\/www.aparences.net\/es\/escuelas\/la-pintura-veneciana\/el-cinquecento-o-alto-renacimiento-en-venecia\/\">Giorgione<\/a>; por otro lado, hab\u00eda los artistas que hab\u00edan adherido plenamente a la cultura manierista como Domenico Brusasorci, Battista Agnolo del Moro y Paolo Farinati.<\/p>\n\n\n\n<p> Estos \u00faltimos hab\u00edan asimilado completamente la lecci\u00f3n de los <a title=\"seguidores de Rafael\" href=\"https:\/\/www.aparences.net\/es\/arte-y-mecenazgo\/roma-mecenazgo-y-poder-papal\/clemente-vii-medicis\/#en-roma-despu%C3%A9s-de-la-muerte-de-rafael\">seguidores de Rafael<\/a> y <a title=\"Miguel \u00c1ngel\" href=\"https:\/\/www.aparences.net\/es\/arte-y-mecenazgo\/los-fresquistas-florentinos\/miguel-angel-frescos-de-la-sixtina\/\">Miguel \u00c1ngel<\/a> que trabajaban en las cercanas ciudades de <a title=\"Mantua Giulio Romano\" href=\"https:\/\/www.aparences.net\/es\/arte-y-mecenazgo\/los-gonzaga-de-mantua\/julio-romano-en-mantua\/\">Mantua (Giulio Romano<\/a>) y Parma (Correggio y <a title=\"Parmigianino\" href=\"https:\/\/www.aparences.net\/es\/periodos\/el-manierismo\/parmigianino-biografia\/\">Parmigianino<\/a>). Fue en este entorno particularmente estimulante que se form\u00f3 el joven Veronese. Probablemente, fue gracias a los contactos de su padre con el \u00e1mbito art\u00edstico de la ciudad que Paolo pudo entrar en 1541 en el taller de Antonio Badile, y despu\u00e9s formar parte del grupo de j\u00f3venes pintores protegidos por el arquitecto veron\u00e9s Michele Sanmicheli. De acuerdo con el testimonio de su contempor\u00e1neo <a title=\"Giorgio Vasari\" href=\"https:\/\/www.aparences.net\/es\/periodos\/el-manierismo\/florencia-y-la-academia-de-dibujo\/#las-\">Giorgio Vasari<\/a>, ese arquitecto \u00abse hizo cargo de Paolo como si se tratara de un hijo.\u00bb<\/p>\n\n\n<div class=\"wp-block-image\">\n<figure class=\"aligncenter size-full\"><img loading=\"lazy\" decoding=\"async\" width=\"508\" height=\"373\" src=\"https:\/\/www.aparences.net\/wp-content\/uploads\/2024\/01\/paolo-veronese-noces-de-cana-groupe-de-musiciens.webp\" alt=\"Las bodas de Can\u00e1, grupo de m\u00fasicos, Paolo Veronese\" class=\"wp-image-31462\" title=\"Las bodas de Can\u00e1, grupo de m\u00fasicos, Paolo Veronese\"\/><figcaption class=\"wp-element-caption\"><em><strong>Las bodas de Can\u00e1<\/strong>, detalle del grupo de m\u00fasicos con los retratos, de derecha a izquierda: Tintoretto, Jacopo Bassano y Tiziano inclinado sobre el supuesto autorretrato de Veronese (Par\u00eds, Museo del Louvre)<\/em><\/figcaption><\/figure>\n<\/div>\n\n\n<p>Muchas pinturas de Veronese anteriores a 1550 ya muestran <a title=\"elementos manieristas\" href=\"https:\/\/www.aparences.net\/es\/periodos\/el-manierismo\/el-estilo-manierista\/\">elementos t\u00edpicamente manieristas<\/a>. El espl\u00e9ndido <em><strong>Entierro de Cristo<\/strong><\/em> ejecutado para la iglesia del Corpus Domine de Vicenza, representa la verdadera s\u00edntesis de las experiencias pre-venecianas de Veronese. En sus primeras obras ya se puede encontrar una base gr\u00e1fica claramente inspirada por el manierismo y una magn\u00edfica calidad de color. En esa fase, el estilo de Paolo est\u00e1 fuertemente influenciada por las elegantes realizaciones de los manieristas emilianos y por las obras de Giulio Romano en el <a title=\"Palazzo Te de Mantua\" href=\"https:\/\/www.aparences.net\/es\/arte-y-mecenazgo\/los-gonzaga-de-mantua\/julio-romano-en-mantua\/#el-palazzo-te\">Palazzo Te de Mantua<\/a>. Entre 1552 y 1553, Paolo residi\u00f3 en Mantua donde lo hab\u00eda llamado el cardenal Ercole Gonzaga para pintar el retablo <em><strong>San Antonio tentado por el diablo<\/strong><\/em>, destinado a la catedral recientemente renovada por Giulio Romano en estilo Renacimiento. En este retablo se pone de manifiesto la influencia de las obras de Giulio Romano y Miguel \u00c1ngel con la poderosa figura del santo tendido en el suelo y en el detalle del cuerpo musculoso del diablo. En la elegante figura de la mujer tentadora a la izquierda todav\u00eda se evidencian los signos del mundo <a title=\"manierista emiliano\" href=\"https:\/\/www.aparences.net\/es\/periodos\/el-manierismo\/parmigianino-biografia\/\">manierista emiliano<\/a>. Ello se pone tambi\u00e9n de manifiesto en las figuras elegantemente alargadas y sorprendidas en poses din\u00e1micas del <strong><em>Retablo Bevilacqua-Lazise<\/em> <\/strong>de 1548.<\/p>\n\n\n<div class=\"wp-block-image\">\n<figure class=\"aligncenter size-full\"><img loading=\"lazy\" decoding=\"async\" width=\"378\" height=\"430\" src=\"https:\/\/www.aparences.net\/wp-content\/uploads\/2024\/01\/paolo-veronese-mise-au-tombeau.webp\" alt=\"Entierro de Cristo, 1548-1549, Paolo Veronese\" class=\"wp-image-31464\" title=\"Entierro de Cristo, 1548-1549, Paolo Veronese\"\/><figcaption class=\"wp-element-caption\"><em><strong>Entierro de Cristo<\/strong>, 1548-1549, <strong>Paolo Veronese<\/strong> <\/em><br><em>(colecci\u00f3n privada). <\/em><\/figcaption><\/figure>\n<\/div>\n\n\n<p><em>La musculatura robusta de las figuras se inspira claramente de los modelos de Mantua, mientras que el refinado mundo de Correggio y Parmigianino es evocado por el elegante juego de los pliegues de la ropa, por la luminosidad del color y por detalles de gran finura como, a la derecha de la Virgen, el escorzo de la cabeza de mujer de mirada huidiza y rostro ovalado, dibujado casi con la punta del pincel.<\/em><\/p>\n\n\n<div class=\"wp-block-image\">\n<figure class=\"aligncenter size-full\"><img loading=\"lazy\" decoding=\"async\" width=\"293\" height=\"398\" src=\"https:\/\/www.aparences.net\/wp-content\/uploads\/2024\/01\/veronese_tentation.webp\" alt=\"San Antonio tentado por el diablo, 1552, Paolo Veronese\" class=\"wp-image-31466\" title=\"San Antonio tentado por el diablo, 1552, Paolo Veronese\"\/><figcaption class=\"wp-element-caption\"><em><strong>San Antonio tentado por el diablo<\/strong>, 1552, <strong>Paolo Veronese<\/strong> (Caen, Museo de Bellas Artes)<\/em><\/figcaption><\/figure>\n<\/div>\n\n\n<p><em>Aqu\u00ed identificamos la influencia directa de las obras de Giulio Romano y Miguel \u00c1ngel. Para la figura del diablo el artista se inspir\u00f3 <\/em><em>probablemente <\/em><em>en el Torso del Belvedere (Museos Vaticanos).<\/em><\/p>\n\n\n<div class=\"wp-block-image\">\n<figure class=\"aligncenter size-full\"><img loading=\"lazy\" decoding=\"async\" width=\"541\" height=\"430\" src=\"https:\/\/www.aparences.net\/wp-content\/uploads\/2024\/01\/paolo-veronese-pala-bevilacqua-lazise-verone.webp\" alt=\"Retablo Bevilacqua-Lazise, 1548, Paolo Veronese\" class=\"wp-image-31468\" title=\"Retablo Bevilacqua-Lazise, 1548, Paolo Veronese\"\/><figcaption class=\"wp-element-caption\"><em><strong>Retablo Bevilacqua-Lazise<\/strong>, 1548, <strong>Paolo Veronese<\/strong> (Verona, Museo de Castelvecchio)<\/em><\/figcaption><\/figure>\n<\/div>\n\n\n<p><em>Esta pala fue realizada para la capilla de la familia del mismo nombre en la iglesia de San Fermo Maggiore (hoy en el Museo de Castelvecchio). Uno no puede dejar de admirar entre las figuras, a la del santo obispo y el detalle de su giro a la derecha, mientras presenta a la donante arrodillada a sus pies; esta posici\u00f3n poco natural hace que mire hacia el grupo principal situado sobre una alta grada de m\u00e1rmol detr\u00e1s de \u00e9l y favorece el despliegue de su magn\u00edfica capa de oro de refinado cromatismo.<\/em><\/p>\n\n\n\n<p>A principios de la d\u00e9cada de 1550, Paolo se encuentra listo para enfrentar la gran escena veneciana, ya que comienza, hacia 1551, el retablo para el altar de la Capilla Giustiniani en la iglesia de San Francesco della Vigna, trabajo que constituye su prueba de fuego en la ciudad de lagunas. El cuadro representa la <em>Sagrada Familia con los santos Catalina, Juan Bautista y Antonio Abad (<strong>Retablo Giustiniani<\/strong>)<\/em>. Por un lado, Veronese presta especial atenci\u00f3n a la realidad veneciana, incluyendo en el retablo referencias al que fue pintado por Tiziano a\u00f1os atr\u00e1s para el altar Pesaro de la iglesia de los Frari y adem\u00e1s, el artista presenta las caracter\u00edsticas bien consolidadas de su propio estilo en las poses de los personajes claramente inspiradas por el <a title=\"manierismo\" href=\"https:\/\/www.aparences.net\/es\/periodos\/el-manierismo\/el-estilo-manierista\/\">manierismo<\/a>. Ahora el color es ligeramente m\u00e1s vivo a base de toques de luz en los bordes de los pliegues de la ropa.<\/p>\n\n\n<div class=\"wp-block-image\">\n<figure class=\"aligncenter size-full\"><img loading=\"lazy\" decoding=\"async\" width=\"302\" height=\"400\" src=\"https:\/\/www.aparences.net\/wp-content\/uploads\/2024\/01\/veronese_retable_giustinian.webp\" alt=\"Retablo Giustiniani, detalle, Paolo Veronese\" class=\"wp-image-31470\" title=\"Retablo Giustiniani, detalle, Paolo Veronese\"\/><figcaption class=\"wp-element-caption\"><em><strong>Retablo Giustiniani<\/strong>, detalle, <strong>Paolo Veronese<\/strong> (Venecia, Iglesia de San Francesco della Vigna)<\/em><\/figcaption><\/figure>\n<\/div>\n\n\n<!-- AdBoxRight2020 --><ins class=\"adsbygoogle\"     style=\"display:block; margin-top:30px;\"     data-ad-client=\"ca-pub-2468002815867636\"     data-ad-slot=\"3496014735\"     data-ad-format=\"auto\"     data-full-width-responsive=\"false\"><\/ins><script> (adsbygoogle = window.adsbygoogle || []).push({});<\/script><h2 class=\"wp-block-heading\">Las decoraciones del Palacio Ducal y de San Sebastiano<\/h2>\n\n\n\n<p>En las espl\u00e9ndidas <strong>decoraciones del Palacio Ducal<\/strong>, descubrimos una tendencia manierista inspirada principalmente en <a title=\"obras romanas\" href=\"https:\/\/www.aparences.net\/es\/periodos\/el-manierismo\/el-manierismo-en-roma\/\">obras romanas<\/a> de la \u00e9poca, pero enriquecidas con un nuevo enfoque para los colores: en 1553, Paolo volvi\u00f3 a Venecia, ya que se le ofrec\u00eda el prestigioso encargo de pintar grandes telas para los techos de las Salas de los Dieci (Diez) en el Palacio Ducal, junto con los pintores Giambattista Ponchino y&nbsp; Giambattista Zelotti. Paolo se hizo cargo de algunos monocromos y de cuatro telas principales para la Sala de la Audienza: la de la parte central con <em><strong>J\u00fapiter expulsando a los Vicios<\/strong><\/em> (robada en 1797 por las tropas francesas y llevada al Louvre, tuvo que ser reemplazada por una copia) y los tres cuadros laterales que representan, respectivamente, <em><strong>Juno derramando sus dones sobre Venecia<\/strong><\/em>, <em>La juventud y la vejez<\/em> y <em>La Libertad<\/em>. Se trata de obras de muy alta calidad cuya caracter\u00edstica son sus colores vibrantes e intensos, y una luminosidad excepcionalemente innovadora. El color crea deslumbrantes reflejos que mitigan la consistencia pl\u00e1stica de las figuras y confiere a las composiciones una profundidad ficticia.<\/p>\n\n\n<div class=\"wp-block-image\">\n<figure class=\"aligncenter size-full\"><img loading=\"lazy\" decoding=\"async\" width=\"321\" height=\"400\" src=\"https:\/\/www.aparences.net\/wp-content\/uploads\/2024\/01\/veronese_junon.webp\" alt=\"Juno derramando sus dones sobre Venecia, detalle, 1554-1556, Veronese\" class=\"wp-image-31472\" title=\"Juno derramando sus dones sobre Venecia, detalle, 1554-1556, Veronese\"\/><figcaption class=\"wp-element-caption\"><em><strong>Juno derramando sus dones sobre Venecia<\/strong>, detalle, 1554-1556, <strong>Veronese<\/strong>, <\/em><br><em>(Venecia, Palacio Ducal, Sal\u00f3n de la \u00abAudienza\u00bb)<\/em><\/figcaption><\/figure>\n<\/div>\n\n<div class=\"wp-block-image\">\n<figure class=\"aligncenter size-full\"><img loading=\"lazy\" decoding=\"async\" width=\"600\" height=\"370\" src=\"https:\/\/www.aparences.net\/wp-content\/uploads\/2024\/01\/veronese_jupiter_louvre.webp\" alt=\"J\u00fapiter expulsando a los Vicios, 1554-1566, Veronese\" class=\"wp-image-31474\" title=\"J\u00fapiter expulsando a los Vicios, 1554-1566, Veronese\"\/><figcaption class=\"wp-element-caption\"><em><strong>J\u00fapiter expulsando a los Vicios<\/strong>, 1554-1566, <strong>Veronese<\/strong>, (Par\u00eds, Museo del Louvre)<\/em><\/figcaption><\/figure>\n<\/div>\n\n\n<p>Al finalizar los trabajos en los Salones de los Dieci, Veronese comenz\u00f3 el grandioso proyecto decorativo de la nueva iglesia de San Sebastiano. Construida por el arquitecto Scarpagnino la gestionaban los monjes Jer\u00f3nimos del convento vecino. Paolo trabaj\u00f3 en la iglesia de forma intermitente durante m\u00e1s de veinte a\u00f1os. Los cr\u00edticos de arte de los siglos XVI y XVII ya hab\u00edan puesto de relieve la espl\u00e9ndida brillantez crom\u00e1tica de estas obras y su divisi\u00f3n esc\u00e9nica muy articulada, anunciando, junto con las poderosas arquitecturas de los fondos, las futuras grandes Cenas de los a\u00f1os sesenta. Esas decoraciones parecen responder a los procedimientos t\u00e9cnicos de <a title=\"Sebastiano Serlio\" href=\"https:\/\/www.aparences.net\/es\/arte-y-mecenazgo\/los-valois-y-la-escuela-de-fontainebleau\/lescuela-de-fontainebleau-y-el-renacimiento-en-francia\/#sebastiano-serlio-%281475-1554%29\">Sebastiano Serlio<\/a>. Paolo conoc\u00eda de este \u00faltimo su <em>Tratado de Arquitectura<\/em>, publicado en 1545 y en especial el volumen relativo a la escenograf\u00eda teatral. Veronese muestra una habilidad excepcional en lo que concierne a las estructuras y perspectivas, ya que consigue articular arquitectura, espacio y figuras en una unidad global admirable.<\/p>\n\n\n<div class=\"wp-block-image\">\n<figure class=\"aligncenter size-full\"><img loading=\"lazy\" decoding=\"async\" width=\"550\" height=\"367\" src=\"https:\/\/www.aparences.net\/wp-content\/uploads\/2024\/01\/veronese_saint_sebastian.webp\" alt=\"San Sebasti\u00e1n reprendiendo a Diocleciano, pintura al fresco, 1558, Veronese\" class=\"wp-image-31477\" title=\"San Sebasti\u00e1n reprendiendo a Diocleciano, pintura al fresco, 1558, Veronese\"\/><figcaption class=\"wp-element-caption\"><em><strong>San Sebasti\u00e1n reprendiendo a Diocleciano<\/strong>, pintura al fresco, 1558, <strong>Veronese<\/strong> <\/em><br><em>(Venecia, Iglesia de San Sebasti\u00e1n) <\/em><\/figcaption><\/figure>\n<\/div>\n\n\n<p><em>Aqu\u00ed la arquitectura pintada juega un papel decisivo, ya que ha sido concebida como un decorado de escena teatral.<\/em><\/p>\n\n\n\n<p>En 1556, a Veronese se le confi\u00f3 otro trabajo, de nuevo en los aleda\u00f1os de San Marcos en Venecia: la decoraci\u00f3n de la suntuosa Sala d\u2019Oro de la Librer\u00eda Marciana, cuyo asunto est\u00e1 centrado en la representaci\u00f3n de las Artes Liberales y otras alegor\u00edas como s\u00edmbolos del buen gobierno. Este trabajo tambi\u00e9n fue comisionado otros seis pintores, todos compartiendo la misma formaci\u00f3n en el entorno manierista. Finalmente, este espacio se convirti\u00f3 en una especie de recapitulaci\u00f3n del arte de los principales artistas <a title=\"artistas manieristas que trabajan en Venecia\" href=\"https:\/\/www.aparences.net\/es\/escuelas\/la-pintura-veneciana\/tintoretto\/#venecia-y-el-manierismo\">manieristas que trabajaban en Venecia<\/a> en aquella \u00e9poca, con la excepci\u00f3n de Tintoretto. Los tres medallones que pint\u00f3 Veronese representan <em>La Astronom\u00eda<\/em>, <em>La M\u00fasica<\/em> y <em>El Enga\u00f1o<\/em>. En esa ocasi\u00f3n, seg\u00fan el testimonio de Vasari, la ciudad le otorg\u00f3 la cadena de oro con que se recompens\u00f3 su participaci\u00f3n en la decoraci\u00f3n del techo de la Libreria.<\/p>\n\n\n<div class=\"wp-block-image\">\n<figure class=\"aligncenter size-full\"><img loading=\"lazy\" decoding=\"async\" width=\"374\" height=\"369\" src=\"https:\/\/www.aparences.net\/wp-content\/uploads\/2024\/01\/veronese_la_musique.webp\" alt=\"La M\u00fasica, 1556-1557, Veronese\" class=\"wp-image-31479\" title=\"La M\u00fasica, 1556-1557, Veronese\" srcset=\"https:\/\/www.aparences.net\/wp-content\/uploads\/2024\/01\/veronese_la_musique.webp 374w, https:\/\/www.aparences.net\/wp-content\/uploads\/2024\/01\/veronese_la_musique-100x100.webp 100w\" sizes=\"auto, (max-width: 374px) 100vw, 374px\" \/><figcaption class=\"wp-element-caption\"><em><strong>La M\u00fasica<\/strong>, 1556-1557, <strong>Veronese<\/strong>, <\/em><br><em>(Venecia,&nbsp; Libreria Marciana, Sala d\u2019Oro)<\/em><\/figcaption><\/figure>\n<\/div>\n\n\n<!-- AdBoxLeft2023 --><ins class=\"adsbygoogle\" style=\"display:block\" data-ad-client=\"ca-pub-2468002815867636\" data-ad-slot=\"1318022963\" data-ad-format=\"auto\" data-full-width-responsive=\"true\"><\/ins><script> (adsbygoogle = window.adsbygoogle || []).push({});<\/script><h2 class=\"wp-block-heading\">La Villa Maser: sublime a base de artificio<\/h2>\n\n\n\n<p>A esas alturas de su carrera art\u00edstica, Veronese ya era muy famoso en Venecia. El m\u00e1s c\u00e9lebre de sus trabajos decorativos lo podemos situar entre 1560 y 1561. Se trata de la decoraci\u00f3n de la <strong>villa palladiana de los hermanos Daniel y Marcantonio Barbaro en Maser<\/strong>, ricos patricios venecianos. Veronese con sus pinturas murales va a amplificar el equilibrado espacio del gran arquitecto, con decoraciones de noble y digna elegancia donde se anuda lo sublime y el artificio, dualidad espec\u00edfica del genio de Veronese. Que est\u00e9n colocadas en nichos falsos en una pared real, o en el quadro del techo en trampantojo, con una fuerte perspectiva <em>di sotto in s\u00f9<\/em> (desde abajo hacia arriba), su figuras aleg\u00f3ricas se muestran siempre bellas y atractivas. No se desmaterializan, no se enaltecen para ser m\u00e1s espirituales. Una forma de optimismo anima a estas pinturas, que es el de la fe y la capacidad humana para alcanzar un fin superior, intelectual y espiritual. Es la misma clase de optimismo que podemos encontrar en el humanismo y que sabr\u00e1 reafirmar el Barroco. Es tambi\u00e9n la superaci\u00f3n cl\u00e1sica de la <em>maniera<\/em> propia de Veronese.<\/p>\n\n\n<div class=\"wp-block-image\">\n<figure class=\"aligncenter size-full\"><img loading=\"lazy\" decoding=\"async\" width=\"319\" height=\"400\" src=\"https:\/\/www.aparences.net\/wp-content\/uploads\/2024\/01\/veronese_maser_salle.webp\" alt=\"Vista de la Sala Crociera, Veronese, Maser\" class=\"wp-image-31481\" title=\"Vista de la Sala Crociera, Veronese, Maser\"\/><figcaption class=\"wp-element-caption\"><em><strong>Vista de la Sala Crociera<\/strong> y detalle en trampantojo de una ni\u00f1a en el umbral de una puerta, fresco, <strong>Veronese<\/strong> (Villa Barbaro, Maser)<\/em><\/figcaption><\/figure>\n<\/div>\n\n\n<p>En la gran sala cuadrada, centro de la estructura arquitect\u00f3nica del edificio y centro de su decoraci\u00f3n pict\u00f3rica, Paolo representa a las divinidades del Olimpo recort\u00e1ndose sobre el azul del cielo y formando una corona alrededor de la Divina Sabidur\u00eda, que reina en el centro de la b\u00f3veda. En las figuras del techo Paolo combina la belleza cl\u00e1sica de las <a title=\"obras de Rafael\" href=\"https:\/\/www.aparences.net\/es\/arte-y-mecenazgo\/los-fresquistas-florentinos\/la-obra-mural-de-rafael\/\">obras de Rafael<\/a> y el equilibrio pl\u00e1stico de <a title=\"Miguel \u00c1ngel\" href=\"https:\/\/www.aparences.net\/es\/arte-y-mecenazgo\/los-fresquistas-florentinos\/miguel-angel-frescos-de-la-sixtina\/\">Miguel \u00c1ngel<\/a>, a la vez que se libra a un realismo m\u00e1s directo y vital. Ello es particularmente evidente en los frescos de la parte inferior de la b\u00f3veda, sobre todo en uno de los m\u00e1s c\u00e9lebres en el que aparece la due\u00f1a de la casa, esposa de Marcantonio Barbaro, enfundada en un elegante vestido azul adornado con brocados de oro y plata. La vemos asom\u00e1ndose a la balaustrada de una galer\u00eda junto a su vieja nodriza, un peque\u00f1o perro blanco y marr\u00f3n y un loro de color verde.<\/p>\n\n\n<div class=\"wp-block-image\">\n<figure class=\"aligncenter size-full\"><img loading=\"lazy\" decoding=\"async\" width=\"347\" height=\"400\" src=\"https:\/\/www.aparences.net\/wp-content\/uploads\/2024\/01\/veronese_maser_plafond.webp\" alt=\"B\u00f3veda de la Sala del Olimpo, fresco, 1560-61, Paolo Veronese\" class=\"wp-image-31483\" title=\"B\u00f3veda de la Sala del Olimpo, fresco, 1560-61, Paolo Veronese\"\/><figcaption class=\"wp-element-caption\"><em><strong>B\u00f3veda de la Sala del Olimpo<\/strong>, fresco, 1560-61, <strong>Paolo Veronese<\/strong> (Villa Barbaro, Maser)<\/em><\/figcaption><\/figure>\n<\/div>\n\n<div class=\"wp-block-image\">\n<figure class=\"aligncenter size-full\"><img loading=\"lazy\" decoding=\"async\" width=\"474\" height=\"393\" src=\"https:\/\/www.aparences.net\/wp-content\/uploads\/2024\/01\/veronese_maser_balcon.webp\" alt=\"Giustiniana Giustiniani con la nodriza, 1560-61, Paolo Veronese\" class=\"wp-image-31485\" title=\"Giustiniana Giustiniani con la nodriza, 1560-61, Paolo Veronese, Villa Barbaro\"\/><figcaption class=\"wp-element-caption\"><em><strong>Giustiniana Giustiniani con la nodriza<\/strong>, 1560-61, <strong>Paolo Veronese<\/strong> <\/em><br><em>(Villa Barbaro, Sala del Olimpo)<\/em><\/figcaption><\/figure>\n<\/div>\n\n\n<p>Si el artificio arquitect\u00f3nico del decorador evoca el virtuosismo manierista, en los murales de Maser aparece mitigado para adaptarlo a un programa aleg\u00f3rico simple. Se trata de glorificar el prestigio del comitente a trav\u00e9s de la exaltaci\u00f3n equilibrada de su universo cultural y mental: la armon\u00eda celestial (El Olimpo) protege a la familia del comitente (que se muestra en trampantojo en las paredes de la Sala del Olimpo), cuya vida serena se divide entre la Fe (Sala de la L\u00e1mpara de aceite) y el Amor (Sala de Venus) virtudes aceptadas como tentaciones secundarias, mitigadas por la ley de la proporcionalidad (Sala Cruciforme que conduce desde las tres primeras salas a las dos \u00faltimas). La claridad del programa iconogr\u00e1fico es debido probablemente a Daniele Barbaro en persona. Pero, la nitidez y la luminosidad general de los murales cuyo tratamiento es a menudo casi realista (numerosos trampantojos) y, en cualquier caso, veros\u00edmil, la pintura de Veronese lo vuelve sublime y de actualidad.<\/p>\n\n\n<div class=\"wp-block-image\">\n<figure class=\"aligncenter size-full\"><img loading=\"lazy\" decoding=\"async\" width=\"524\" height=\"410\" src=\"https:\/\/www.aparences.net\/wp-content\/uploads\/2024\/01\/veronese-salle-de-l-olympe-villa-maser.webp\" alt=\"Vista desde la Sala del Olimpo, 1560-61, Veronese\" class=\"wp-image-31487\" title=\"Vista desde la Sala del Olimpo, 1560-61, Veronese\"\/><figcaption class=\"wp-element-caption\"><em><strong>Vista desde la Sala del Olimpo<\/strong>, 1560-61, <strong>Veronese<\/strong> (Villa Barbaro)<\/em><\/figcaption><\/figure>\n<\/div>\n\n\n<p>Se trata de <strong>un conjunto pict\u00f3rico donde se mezclan de forma erudita la cultura humanista y la espiritualidad religiosa<\/strong>. Sin embargo, la intensidad del tema no parece condicionar el trabajo de Veronese, que alcanza con esos murales el apogeo de su poes\u00eda figurativa. Las im\u00e1genes reflejan efectivamente el arrojo del pintor que logra infundir a tan complejas iconograf\u00edas una sorprendente vitalidad en una explosi\u00f3n cegadora de color y de luz.<\/p>\n\n\n<div class=\"wp-block-image\">\n<figure class=\"aligncenter size-full\"><img loading=\"lazy\" decoding=\"async\" width=\"397\" height=\"370\" src=\"https:\/\/www.aparences.net\/wp-content\/uploads\/2024\/01\/veronese_maser_madone.webp\" alt=\"Madonna della Pappa, Paolo Veronese\" class=\"wp-image-31489\" title=\"Madonna della Pappa, Paolo Veronese\"\/><figcaption class=\"wp-element-caption\"><em><strong>Madonna della Pappa<\/strong>, fresco en la Stanza della Lucerna, <\/em><br><em><strong>Paolo Veronese<\/strong> (Villa Barbaro)<\/em><\/figcaption><\/figure>\n<\/div>\n\n\n<h2 class=\"wp-block-heading\">Veronese: pintor de arquitecturas<\/h2>\n\n\n\n<p>El grandioso lenguaje decorativo de Veronese se acent\u00faa aun m\u00e1s en los a\u00f1os sesenta con una serie de telas de gran formato cuya tem\u00e1tica com\u00fan son las Cenas de Cristo. Paolo transforma la historia del Evangelio en una puesta en escena de fiestas suntuosas con personajes vestidos a la moda del siglo XVI. Se llevan a cabo dentro de perspectivas arquitect\u00f3nicas grandiosas y teatrales, creando representaciones muy realistas de una vida social de alto nivel donde destaca la fastuosa decoraci\u00f3n y la refinada elegancia de la ropa y los objetos, como si el artista hubiera querido celebrar la riqueza y el poder de una Venecia triunfante en su momento de m\u00e1ximo esplendor. La primera gran tela de esta serie tiene por tema <em><strong>Las Bodas de Can\u00e1<\/strong><\/em>. Fue realizada entre 1562 y 1563 para el convento de San Giorgio Maggiore tambi\u00e9n construido por el arquitecto Palladio. En 1797, las tropas francesas llevaron la pintura a Par\u00eds para su exhibici\u00f3n en el Louvre, y all\u00ed se qued\u00f3.<\/p>\n\n\n<div class=\"wp-block-image\">\n<figure class=\"aligncenter size-full\"><img loading=\"lazy\" decoding=\"async\" width=\"517\" height=\"399\" src=\"https:\/\/www.aparences.net\/wp-content\/uploads\/2024\/01\/veronese-noces-de-cana.webp\" alt=\"Las bodas de Can\u00e1, detalle, Paolo Veronese\" class=\"wp-image-31491\" title=\"Las bodas de Can\u00e1, detalle, Paolo Veronese\"\/><figcaption class=\"wp-element-caption\"><em><strong>Las bodas de Can\u00e1<\/strong>, detalle, <strong>Paolo Veronese<\/strong> (Par\u00eds, Museo del Louvre)<\/em><\/figcaption><\/figure>\n<\/div>\n\n\n<p>En esta tela fueron identificados numerosos retratos de personajes de aquella \u00e9poca. Por ejemplo, el del propio Veronese junto a <a title=\"Tiziano\" href=\"https:\/\/www.aparences.net\/es\/escuelas\/la-pintura-veneciana\/tiziano-vecellio-biografia\/\">Tiziano<\/a>, <a title=\"Tintoretto\" href=\"https:\/\/www.aparences.net\/es\/escuelas\/la-pintura-veneciana\/tintoretto\/\">Tintoretto<\/a> y <a title=\"Jacopo Bassano\" href=\"https:\/\/www.aparences.net\/es\/escuelas\/la-pintura-veneciana\/tintoretto\/#jacopo-bassano\">Jacopo Bassano<\/a>, los cuales forman el grupo de m\u00fasicos que animan la fiesta; tambi\u00e9n est\u00e1n los comitentes del cuadro, el rey Francisco I de Francia con su esposa, Alfonso de Avalos (cuyo retrato hab\u00eda realizado Tiziano) y Vittoria Colonna. En realidad, Paolo cultiv\u00f3 este tipo de retrato desde el principio de su carrera. Sin embargo, en esta fase, el retrato sigue siendo un g\u00e9nero limitado en la producci\u00f3n de Veronese (<a title=\"Iseppo da Porto y su hijo Adriano\" href=\"https:\/\/www.aparences.net\/es\/escuelas\/la-pintura-veneciana\/el-retrato-veneciano\/\"><em>Iseppo da Porto y su hijo Adriano<\/em><\/a>). En las otras obras de esa misma \u00e9poca no se detecta una sensaci\u00f3n de intimidad similar, ya que, siguiendo el modelo de <em>Las Bodas de Can\u00e1<\/em> tienden m\u00e1s a espectaculares efectos esc\u00e9nicos y figurativos, tanto en la pintura religiosa como en la pintura de historia, como en <em>La familia de Dar\u00edo ante de Alejandro<\/em> realizada para la familia Pisani Moretta. La obra es un verdadero triunfo del color, fluido e incandescente como de vidrio soplado.<\/p>\n\n\n<div class=\"wp-block-image\">\n<figure class=\"aligncenter size-full\"><img loading=\"lazy\" decoding=\"async\" width=\"518\" height=\"370\" src=\"https:\/\/www.aparences.net\/wp-content\/uploads\/2024\/01\/paolo-veronese-noces-de-cana-convives.webp\" alt=\"Las bodas de Can\u00e1, Veronese\" class=\"wp-image-31493\" title=\"Las bodas de Can\u00e1, Veronese\"\/><figcaption class=\"wp-element-caption\"><em><strong>Las bodas de Can\u00e1<\/strong>, detalle de los invitados, 1563, <strong>Veronese<\/strong> <\/em><br><em>(Par\u00eds, Museo del Louvre). <\/em><\/figcaption><\/figure>\n<\/div>\n\n\n<p><em>Los escritores de la \u00e9poca no dejaron de admirar esta obra maestra por la majestuosa grandeza de su puesta en escena, por la magnificencia de los trajes y el fant\u00e1stico br\u00edo que Paolo fue capaz de dar el acontecimiento evang\u00e9lico, sin olvidar su extraordinario efecto crom\u00e1tico, rico y variado, lleno de luz, lo que refuerza el efecto decorativo de todo el conjunto.<\/em><\/p>\n\n\n<div class=\"wp-block-image\">\n<figure class=\"aligncenter size-full\"><img loading=\"lazy\" decoding=\"async\" width=\"550\" height=\"368\" src=\"https:\/\/www.aparences.net\/wp-content\/uploads\/2024\/01\/veronese_famille_darius.webp\" alt=\"La familia de Dar\u00edo ante Alejandro, 1565-70, Paolo Veronese\" class=\"wp-image-31495\" title=\"La familia de Dar\u00edo ante Alejandro, 1565-70, Paolo Veronese\"\/><figcaption class=\"wp-element-caption\"><em><strong>La familia de Dar\u00edo ante Alejandro<\/strong>, 1565-70, <strong>Paolo Veronese<\/strong> (Londres, National Gallery)<\/em><\/figcaption><\/figure>\n<\/div>\n\n\n<!-- AfterArticle2023 --><ins class=\"adsbygoogle\"     style=\"display:block;margin-bottom:5px;\"     data-ad-client=\"ca-pub-2468002815867636\"     data-ad-slot=\"3955176166\"     data-ad-format=\"auto\"     data-full-width-responsive=\"true\"><\/ins><script> (adsbygoogle = window.adsbygoogle || []).push({});<\/script><h2 class=\"wp-block-heading\">Profanos esplendores de los a\u00f1os setenta<\/h2>\n\n\n\n<p>Despu\u00e9s de 1570, Veronese retom\u00f3 el tema de las Cenas en diversas obras que siguieron, como en la <em><strong>Cena en casa de Simon<\/strong><\/em> realizada para el convento de San Sebastiano. Es sorprendente ver a Veronese compareciendo ante el tribunal de la Inquisici\u00f3n por el supuesto contenido her\u00e9tico de esta Cena, pintada en 1573 para el refectorio del convento de los santos Juan y Pablo, aunque no sorprenda tanto si se piensa que el convento pertenec\u00eda a la orden de los dominicos. El motivo era tan simple como peligroso para el artista: la acumulaci\u00f3n de detalles y accesorios incongruentes en el cuadro era motivo de herej\u00eda, puesto que era \u00ab&nbsp;escarnecer y vituperar y hacer burla de las cosas de la Santa Iglesia Cat\u00f3lica, a fin de ense\u00f1ar mala doctrina a las gentes simples e ignorantes \u00ab. La defensa de Veronese era de orden est\u00e9tico ya que esgrim\u00eda la libertad otorgada al pintor: \u00abNosotros pintores nos tomamos la licencia que se arrogan los poetas y los locos, y he hecho esos dos alabarderos, uno bebiendo y el otro comiendo junto a una escalera muerta\u00bb y \u00absi en el cuadro sobra espacio, lo adorno con figuras, seg\u00fan las representaciones\u00bb; su trabajo es s\u00f3lo el de un pintor: \u00abYo pinto y hago figuras\u00bb. Esa actitud flexible, pero coherente, ante el Tribunal de la Inquisici\u00f3n, asevera la especificidad de lo pict\u00f3rico y de sus leyes: no hay m\u00e1s que cambiarle el nombre al cuadro, la <em>\u00daltima Cena<\/em> se llamar\u00e1 <em><strong>Cena en casa Levi<\/strong><\/em>.<\/p>\n\n\n<div class=\"wp-block-image\">\n<figure class=\"aligncenter size-full\"><img loading=\"lazy\" decoding=\"async\" width=\"550\" height=\"235\" src=\"https:\/\/www.aparences.net\/wp-content\/uploads\/2024\/01\/veronese_repas__chez_levi.webp\" alt=\"Cena en casa Levi, 1573, Veronese, Venecia, Galer\u00eda de la Academia\" class=\"wp-image-31497\" title=\"Cena en casa Levi, 1573, Veronese, Venecia, Galer\u00eda de la Academia\"\/><\/figure>\n<\/div>\n\n<div class=\"wp-block-image\">\n<figure class=\"aligncenter size-full\"><img loading=\"lazy\" decoding=\"async\" width=\"302\" height=\"340\" src=\"https:\/\/www.aparences.net\/wp-content\/uploads\/2024\/01\/veronese_repas_chez.webp\" alt=\"Cena en casa Levi, 1573, Veronese \" class=\"wp-image-31499\" title=\"Cena en casa Levi, 1573, Veronese \"\/><figcaption class=\"wp-element-caption\"><em><strong>Cena en casa Levi<\/strong> y detalle, 1573, <strong>Veronese<\/strong> (Venecia, Galer\u00eda de la Academia) <\/em><\/figcaption><\/figure>\n<\/div>\n\n\n<p><em>En esta obra, Veronese alcanz\u00f3 uno de los picos m\u00e1s altos de su arte y es sin duda una de las mayores obras maestras del pintor. Se diferencia de los trabajos anteriores por una complejidad esc\u00e9nica que recuerda las doctrinas de Serlio y tambi\u00e9n las de Palladio, por la preciosidad de color, brillante e intenso, contribuyendo a realzar el efecto decorativo del conjunto.<\/em><\/p>\n\n\n<div class=\"wp-block-image\">\n<figure class=\"aligncenter size-full\"><img loading=\"lazy\" decoding=\"async\" width=\"327\" height=\"340\" src=\"https:\/\/www.aparences.net\/wp-content\/uploads\/2024\/01\/veronese_repas_autop.webp\" alt=\"Cena en casa Levi, presunto autorretrato de Veronese\" class=\"wp-image-31501\" title=\"Cena en casa Levi, presunto autorretrato de Veronese\"\/><figcaption class=\"wp-element-caption\"><em><strong>Cena en casa Levi<\/strong>, presunto autorretrato de Veronese, 1573, (Venecia, Galer\u00eda de la Academia)<\/em><\/figcaption><\/figure>\n<\/div>\n\n<div class=\"wp-block-image\">\n<figure class=\"aligncenter size-full\"><img loading=\"lazy\" decoding=\"async\" width=\"608\" height=\"351\" src=\"https:\/\/www.aparences.net\/wp-content\/uploads\/2024\/01\/paolo-veronese-presentation-famille-cuccina.webp\" alt=\"Presentaci\u00f3n de la familia Cuccina a la Virgen, Paolo Veronese\" class=\"wp-image-31503\" title=\"Presentaci\u00f3n de la familia Cuccina a la Virgen, Paolo Veronese\"\/><figcaption class=\"wp-element-caption\"><em><strong>Presentaci\u00f3n de la familia Cuccina a la Virgen<\/strong>, detalle, h. 1572, <strong>Paolo Veronese<\/strong> <\/em><br><em>(Dresde, Gem\u00e4ldegalerie)<\/em><\/figcaption><\/figure>\n<\/div>\n\n\n<p><em>Aqu\u00ed, son los miembros de una numerosa familia los que participan en una especie de recitaci\u00f3n esc\u00e9nica. La escena tiene lugar en Venecia, ya que vemos en la parte inferior derecha, el palacio que pose\u00eda la familia Cuccina en el Gran Canal, palacio para el que se realizaron varias pinturas: una serie de cuatro telas con Episodios de la vida de Jes\u00fas (Gem\u00e4ldegalerie de Dresde), alrededor de 1572. Como en esta tela, encontramos los tradicionales temas de los Evangelios adaptados a un contexto narrativo de gran vivacidad donde los personajes vestidos con ropa de \u00e9poca act\u00faan como si estuvieran en un escenario.<\/em><\/p>\n\n\n\n<p>El trabajo de Paolo por aquel entonces no se limitaba a los temas religiosos, su actividad la ejerc\u00eda tambi\u00e9n en el campo de la pintura profana, incluso a veces inspir\u00e1ndose en motivos er\u00f3ticos. Se trata de una producci\u00f3n especial que responde a la demanda espec\u00edfica de los coleccionistas. En ese grupo, destaca la serie de cuatro <em>Alegor\u00edas del Amor<\/em> (National Gallery, Londres), pintadas hacia 1575 y antiguamente en Francia formando parte de la colecci\u00f3n del duque de Orleans. Por su parte, el emperador Rodolfo II pose\u00eda otra serie de cuatro pinturas de tema profano de muy alta calidad, como <em><strong>Venus y Marte unidos por Amor,<\/strong><\/em> en el Metropolitan de Nueva York. El tema de estas pinturas corresponde con el muy refinado ambiente cultural de la <a title=\"corte de Praga finales siglo XVI\" href=\"https:\/\/www.aparences.net\/es\/periodos\/el-manierismo\/el-manierismo-en-europa\/#la-corte-de-rodolfo-ii-en-praga\">corte de Praga a finales del siglo XVI<\/a>, donde prevalec\u00edan los temas profanos e incluso er\u00f3ticos, tal vez como reacci\u00f3n contra la ideolog\u00eda cat\u00f3lica y la intolerancia de la Contrarreforma.<\/p>\n\n\n<div class=\"wp-block-image\">\n<figure class=\"aligncenter size-full\"><img loading=\"lazy\" decoding=\"async\" width=\"620\" height=\"410\" src=\"https:\/\/www.aparences.net\/wp-content\/uploads\/2024\/01\/veronese-venus-et-mars-unis-par-amour.webp\" alt=\"Marte y Venus unidos por Amor, 1570, Veronese\" class=\"wp-image-31505\" title=\"Marte y Venus unidos por Amor, 1570, Veronese \"\/><figcaption class=\"wp-element-caption\"><em><strong>Marte y Venus unidos por Amor<\/strong>, 1570, <strong>Veronese<\/strong> (Londres,&nbsp; National Gallery)<\/em><\/figcaption><\/figure>\n<\/div>\n\n\n<p>&nbsp;Los historiadores tambi\u00e9n sit\u00faan en este periodo la decoraci\u00f3n de las salas principales del Palacio Ducal, destruido por un incendio en 1574 y r\u00e1pidamente reconstruido. El conjunto decorativo realizado por Veronese constituye una verdadera obra maestra. El pintor encuentra la forma ideal de glorificar el \u00abbuen gobierno\u00bb de la Serenissima: la Fe que lo sustenta y las Virtudes que gu\u00edan sus acciones. Podemos identificar a ocho figuras de Virtudes por sus atributos: el perro que simboliza la Fidelidad, el cordero la Mansedumbre, el armi\u00f1o la Pureza, el dado y la corona la Recompensa,&nbsp; el \u00e1guila la Moderaci\u00f3n, la tela de ara\u00f1a la Dial\u00e9ctica, la grulla la Vigilancia y el cuerno de la abundancia la Prosperidad. Esas suntuosas figuras femeninas vestidas de seda y brocado crean preciosos y l\u00edmpidos efectos decorativos.<\/p>\n\n\n<div class=\"wp-block-image\">\n<figure class=\"aligncenter size-full\"><img loading=\"lazy\" decoding=\"async\" width=\"537\" height=\"363\" src=\"https:\/\/www.aparences.net\/wp-content\/uploads\/2024\/01\/veronese-la-dialectique-.webp\" alt=\"La Dial\u00e9ctica, Veronese\" class=\"wp-image-31507\" title=\"La Dial\u00e9ctica, Veronese\"\/><figcaption class=\"wp-element-caption\"><em><strong>La Dial\u00e9ctica<\/strong>, pintura al fresco, <strong>Veronese<\/strong> (Venecia, Palacio Ducal)<\/em><\/figcaption><\/figure>\n<\/div>\n\n\n<p>En otro tr\u00e1gico incendio que puso gravemente en peligro el Palacio Ducal, la noche del 20 de diciembre 1577 y caus\u00f3 la destrucci\u00f3n de los salones del Maggior Consiglio (Gran Consejo), una vez m\u00e1s el Consejo reaccion\u00f3 inmediatamente y, a partir de enero del a\u00f1o siguiente comenzaron los trabajos de restauraci\u00f3n y decoraci\u00f3n. Para el nuevo proyecto decorativo Paolo fue encargado de ejecutar la tela ovalada que representa <em><strong>El Triunfo de Venecia<\/strong><\/em> y destinada a ser colocada sobre el trono del Dux. Su grandiosa arquitectura pintada, con cornisas y terrazas apoyadas en impresionantes columnas salom\u00f3nicas, da la impresi\u00f3n de prolongar las estructuras en el interior mismo de la tela. Venecia, entronizada sobre una nube, est\u00e1 rodeada de numerosas deidades que simbolizan su poder econ\u00f3mico y pol\u00edtico y se representan como una corte opulenta de hermosas mujeres y elegantes caballeros. M\u00e1s abajo, en el balc\u00f3n, vemos a prelados y damas venecianas suntuosamente vestidas. Por \u00faltimo, en la parte inferior, encontramos al pueblo y los guerreros montados en robustos caballos.<\/p>\n\n\n<div class=\"wp-block-image\">\n<figure class=\"aligncenter size-full\"><img loading=\"lazy\" decoding=\"async\" width=\"550\" height=\"241\" src=\"https:\/\/www.aparences.net\/wp-content\/uploads\/2024\/01\/veronese_triomphe_venise.webp\" alt=\"El Triunfo de Venecia, Paolo Veronese\" class=\"wp-image-31509\" title=\"El Triunfo de Venecia, Paolo Veronese\"\/><figcaption class=\"wp-element-caption\"><em><strong>El Triunfo de Venecia<\/strong>, detalle, <strong>Paolo Veronese<\/strong> (Venecia, Palacio Ducal)<\/em><\/figcaption><\/figure>\n<\/div>\n\n\n<p>Durante los \u00faltimos a\u00f1os de su vida (los a\u00f1os ochenta), Paolo realiza numerosas pinturas religiosas, entre ellas dos grandes ciclos decorativos para espacios religiosos venecianos: para San Nicol\u00f2 dei Frari, Veronese realiza once lienzos. El segundo gran ciclo consta de diez grandes pinturas inspiradas en el Antiguo y el Nuevo Testamento. En varias pinturas de la serie se presentan paisajes de gran intensidad emocional, mientras que otras escenas se desarrollan en estructuras arquitect\u00f3nicas, ahora mucho m\u00e1s simplificadas en contraste con las arquitecturas de las \u00daltimas cenas.<\/p>\n","protected":false},"excerpt":{"rendered":"<p>En las primeras obras de Veronese ya se puede encontrar una base gr\u00e1fica claramente inspirada por el manierismo y una magn\u00edfica calidad de color.<\/p>\n","protected":false},"author":2,"featured_media":31460,"comment_status":"closed","ping_status":"closed","sticky":false,"template":"","format":"standard","meta":{"footnotes":""},"categories":[2327],"tags":[2797,4837,5967,2851],"class_list":["post-13182","post","type-post","status-publish","format-standard","has-post-thumbnail","hentry","category-la-pintura-veneciana","tag-bodas-de-cana","tag-escuela-veneciana","tag-paolo-veronese-2","tag-pintura-veneciana"],"yoast_head":"<!-- This site is optimized with the Yoast SEO plugin v27.2 - https:\/\/yoast.com\/product\/yoast-seo-wordpress\/ -->\n<title>Paolo Veronese<\/title>\n<meta name=\"description\" content=\"En las primeras obras de Veronese ya se puede encontrar una base gr\u00e1fica claramente inspirada por el manierismo y una magn\u00edfica calidad de color.\" \/>\n<meta name=\"robots\" content=\"index, follow, max-snippet:-1, max-image-preview:large, max-video-preview:-1\" \/>\n<link rel=\"canonical\" href=\"https:\/\/www.aparences.net\/es\/escuelas\/la-pintura-veneciana\/paolo-veronese\/\" \/>\n<meta property=\"og:locale\" content=\"es_ES\" \/>\n<meta property=\"og:type\" content=\"article\" \/>\n<meta property=\"og:title\" content=\"Paolo Veronese\" \/>\n<meta property=\"og:description\" content=\"En las primeras obras de Veronese ya se puede encontrar una base gr\u00e1fica claramente inspirada por el manierismo y una magn\u00edfica calidad de color.\" \/>\n<meta property=\"og:url\" content=\"https:\/\/www.aparences.net\/es\/escuelas\/la-pintura-veneciana\/paolo-veronese\/\" \/>\n<meta property=\"og:site_name\" content=\"Aparences\" \/>\n<meta property=\"article:published_time\" content=\"2010-07-17T06:56:23+00:00\" \/>\n<meta property=\"article:modified_time\" content=\"2025-12-11T18:40:57+00:00\" \/>\n<meta property=\"og:image\" content=\"https:\/\/www.aparences.net\/wp-content\/uploads\/2010\/07\/paolo-veronese.webp\" \/>\n\t<meta property=\"og:image:width\" content=\"1080\" \/>\n\t<meta property=\"og:image:height\" content=\"540\" \/>\n\t<meta property=\"og:image:type\" content=\"image\/webp\" \/>\n<meta name=\"author\" content=\"admin\" \/>\n<meta name=\"twitter:card\" content=\"summary_large_image\" \/>\n<meta name=\"twitter:label1\" content=\"Escrito por\" \/>\n\t<meta name=\"twitter:data1\" content=\"admin\" \/>\n\t<meta name=\"twitter:label2\" content=\"Tiempo de lectura\" \/>\n\t<meta name=\"twitter:data2\" content=\"22 minutos\" \/>\n<script type=\"application\/ld+json\" class=\"yoast-schema-graph\">{\"@context\":\"https:\/\/schema.org\",\"@graph\":[{\"@type\":\"Article\",\"@id\":\"https:\/\/www.aparences.net\/es\/escuelas\/la-pintura-veneciana\/paolo-veronese\/#article\",\"isPartOf\":{\"@id\":\"https:\/\/www.aparences.net\/es\/escuelas\/la-pintura-veneciana\/paolo-veronese\/\"},\"author\":{\"name\":\"admin\",\"@id\":\"https:\/\/www.aparences.net\/es\/#\/schema\/person\/af349f6ffc31b16c68963e61268afca5\"},\"headline\":\"Paolo Veronese\",\"datePublished\":\"2010-07-17T06:56:23+00:00\",\"dateModified\":\"2025-12-11T18:40:57+00:00\",\"mainEntityOfPage\":{\"@id\":\"https:\/\/www.aparences.net\/es\/escuelas\/la-pintura-veneciana\/paolo-veronese\/\"},\"wordCount\":3728,\"publisher\":{\"@id\":\"https:\/\/www.aparences.net\/es\/#organization\"},\"image\":{\"@id\":\"https:\/\/www.aparences.net\/es\/escuelas\/la-pintura-veneciana\/paolo-veronese\/#primaryimage\"},\"thumbnailUrl\":\"https:\/\/www.aparences.net\/wp-content\/uploads\/2010\/07\/paolo-veronese.webp\",\"keywords\":[\"Bodas de Can\u00e1\",\"escuela veneciana\",\"Paolo Veronese\",\"pintura veneciana\"],\"articleSection\":[\"La pintura veneciana\"],\"inLanguage\":\"es\"},{\"@type\":[\"WebPage\",\"ItemPage\"],\"@id\":\"https:\/\/www.aparences.net\/es\/escuelas\/la-pintura-veneciana\/paolo-veronese\/\",\"url\":\"https:\/\/www.aparences.net\/es\/escuelas\/la-pintura-veneciana\/paolo-veronese\/\",\"name\":\"Paolo Veronese\",\"isPartOf\":{\"@id\":\"https:\/\/www.aparences.net\/es\/#website\"},\"primaryImageOfPage\":{\"@id\":\"https:\/\/www.aparences.net\/es\/escuelas\/la-pintura-veneciana\/paolo-veronese\/#primaryimage\"},\"image\":{\"@id\":\"https:\/\/www.aparences.net\/es\/escuelas\/la-pintura-veneciana\/paolo-veronese\/#primaryimage\"},\"thumbnailUrl\":\"https:\/\/www.aparences.net\/wp-content\/uploads\/2010\/07\/paolo-veronese.webp\",\"datePublished\":\"2010-07-17T06:56:23+00:00\",\"dateModified\":\"2025-12-11T18:40:57+00:00\",\"description\":\"En las primeras obras de Veronese ya se puede encontrar una base gr\u00e1fica claramente inspirada por el manierismo y una magn\u00edfica calidad de color.\",\"breadcrumb\":{\"@id\":\"https:\/\/www.aparences.net\/es\/escuelas\/la-pintura-veneciana\/paolo-veronese\/#breadcrumb\"},\"inLanguage\":\"es\",\"potentialAction\":[{\"@type\":\"ReadAction\",\"target\":[\"https:\/\/www.aparences.net\/es\/escuelas\/la-pintura-veneciana\/paolo-veronese\/\"]}]},{\"@type\":\"ImageObject\",\"inLanguage\":\"es\",\"@id\":\"https:\/\/www.aparences.net\/es\/escuelas\/la-pintura-veneciana\/paolo-veronese\/#primaryimage\",\"url\":\"https:\/\/www.aparences.net\/wp-content\/uploads\/2010\/07\/paolo-veronese.webp\",\"contentUrl\":\"https:\/\/www.aparences.net\/wp-content\/uploads\/2010\/07\/paolo-veronese.webp\",\"width\":1080,\"height\":540},{\"@type\":\"BreadcrumbList\",\"@id\":\"https:\/\/www.aparences.net\/es\/escuelas\/la-pintura-veneciana\/paolo-veronese\/#breadcrumb\",\"itemListElement\":[{\"@type\":\"ListItem\",\"position\":1,\"name\":\"Portada\",\"item\":\"https:\/\/www.aparences.net\/es\/\"},{\"@type\":\"ListItem\",\"position\":2,\"name\":\"Paolo Veronese\"}]},{\"@type\":\"WebSite\",\"@id\":\"https:\/\/www.aparences.net\/es\/#website\",\"url\":\"https:\/\/www.aparences.net\/es\/\",\"name\":\"Aparences: Historia del Arte y Actualidad Cultural\",\"description\":\"\",\"publisher\":{\"@id\":\"https:\/\/www.aparences.net\/es\/#organization\"},\"potentialAction\":[{\"@type\":\"SearchAction\",\"target\":{\"@type\":\"EntryPoint\",\"urlTemplate\":\"https:\/\/www.aparences.net\/es\/?s={search_term_string}\"},\"query-input\":{\"@type\":\"PropertyValueSpecification\",\"valueRequired\":true,\"valueName\":\"search_term_string\"}}],\"inLanguage\":\"es\"},{\"@type\":\"Organization\",\"@id\":\"https:\/\/www.aparences.net\/es\/#organization\",\"name\":\"Aparences: Historia del Arte y Actualidad Cultural\",\"url\":\"https:\/\/www.aparences.net\/es\/\",\"logo\":{\"@type\":\"ImageObject\",\"inLanguage\":\"es\",\"@id\":\"https:\/\/www.aparences.net\/es\/#\/schema\/logo\/image\/\",\"url\":\"https:\/\/www.aparences.net\/wp-content\/uploads\/2023\/09\/logo-quadrat-color-e1695915315229.png\",\"contentUrl\":\"https:\/\/www.aparences.net\/wp-content\/uploads\/2023\/09\/logo-quadrat-color-e1695915315229.png\",\"width\":120,\"height\":120,\"caption\":\"Aparences: Historia del Arte y Actualidad Cultural\"},\"image\":{\"@id\":\"https:\/\/www.aparences.net\/es\/#\/schema\/logo\/image\/\"}},{\"@type\":\"Person\",\"@id\":\"https:\/\/www.aparences.net\/es\/#\/schema\/person\/af349f6ffc31b16c68963e61268afca5\",\"name\":\"admin\",\"url\":\"https:\/\/www.aparences.net\/es\/author\/admin\/\"}]}<\/script>\n<!-- \/ Yoast SEO plugin. -->","yoast_head_json":{"title":"Paolo Veronese","description":"En las primeras obras de Veronese ya se puede encontrar una base gr\u00e1fica claramente inspirada por el manierismo y una magn\u00edfica calidad de color.","robots":{"index":"index","follow":"follow","max-snippet":"max-snippet:-1","max-image-preview":"max-image-preview:large","max-video-preview":"max-video-preview:-1"},"canonical":"https:\/\/www.aparences.net\/es\/escuelas\/la-pintura-veneciana\/paolo-veronese\/","og_locale":"es_ES","og_type":"article","og_title":"Paolo Veronese","og_description":"En las primeras obras de Veronese ya se puede encontrar una base gr\u00e1fica claramente inspirada por el manierismo y una magn\u00edfica calidad de color.","og_url":"https:\/\/www.aparences.net\/es\/escuelas\/la-pintura-veneciana\/paolo-veronese\/","og_site_name":"Aparences","article_published_time":"2010-07-17T06:56:23+00:00","article_modified_time":"2025-12-11T18:40:57+00:00","og_image":[{"width":1080,"height":540,"url":"https:\/\/www.aparences.net\/wp-content\/uploads\/2010\/07\/paolo-veronese.webp","type":"image\/webp"}],"author":"admin","twitter_card":"summary_large_image","twitter_misc":{"Escrito por":"admin","Tiempo de lectura":"22 minutos"},"schema":{"@context":"https:\/\/schema.org","@graph":[{"@type":"Article","@id":"https:\/\/www.aparences.net\/es\/escuelas\/la-pintura-veneciana\/paolo-veronese\/#article","isPartOf":{"@id":"https:\/\/www.aparences.net\/es\/escuelas\/la-pintura-veneciana\/paolo-veronese\/"},"author":{"name":"admin","@id":"https:\/\/www.aparences.net\/es\/#\/schema\/person\/af349f6ffc31b16c68963e61268afca5"},"headline":"Paolo Veronese","datePublished":"2010-07-17T06:56:23+00:00","dateModified":"2025-12-11T18:40:57+00:00","mainEntityOfPage":{"@id":"https:\/\/www.aparences.net\/es\/escuelas\/la-pintura-veneciana\/paolo-veronese\/"},"wordCount":3728,"publisher":{"@id":"https:\/\/www.aparences.net\/es\/#organization"},"image":{"@id":"https:\/\/www.aparences.net\/es\/escuelas\/la-pintura-veneciana\/paolo-veronese\/#primaryimage"},"thumbnailUrl":"https:\/\/www.aparences.net\/wp-content\/uploads\/2010\/07\/paolo-veronese.webp","keywords":["Bodas de Can\u00e1","escuela veneciana","Paolo Veronese","pintura veneciana"],"articleSection":["La pintura veneciana"],"inLanguage":"es"},{"@type":["WebPage","ItemPage"],"@id":"https:\/\/www.aparences.net\/es\/escuelas\/la-pintura-veneciana\/paolo-veronese\/","url":"https:\/\/www.aparences.net\/es\/escuelas\/la-pintura-veneciana\/paolo-veronese\/","name":"Paolo Veronese","isPartOf":{"@id":"https:\/\/www.aparences.net\/es\/#website"},"primaryImageOfPage":{"@id":"https:\/\/www.aparences.net\/es\/escuelas\/la-pintura-veneciana\/paolo-veronese\/#primaryimage"},"image":{"@id":"https:\/\/www.aparences.net\/es\/escuelas\/la-pintura-veneciana\/paolo-veronese\/#primaryimage"},"thumbnailUrl":"https:\/\/www.aparences.net\/wp-content\/uploads\/2010\/07\/paolo-veronese.webp","datePublished":"2010-07-17T06:56:23+00:00","dateModified":"2025-12-11T18:40:57+00:00","description":"En las primeras obras de Veronese ya se puede encontrar una base gr\u00e1fica claramente inspirada por el manierismo y una magn\u00edfica calidad de color.","breadcrumb":{"@id":"https:\/\/www.aparences.net\/es\/escuelas\/la-pintura-veneciana\/paolo-veronese\/#breadcrumb"},"inLanguage":"es","potentialAction":[{"@type":"ReadAction","target":["https:\/\/www.aparences.net\/es\/escuelas\/la-pintura-veneciana\/paolo-veronese\/"]}]},{"@type":"ImageObject","inLanguage":"es","@id":"https:\/\/www.aparences.net\/es\/escuelas\/la-pintura-veneciana\/paolo-veronese\/#primaryimage","url":"https:\/\/www.aparences.net\/wp-content\/uploads\/2010\/07\/paolo-veronese.webp","contentUrl":"https:\/\/www.aparences.net\/wp-content\/uploads\/2010\/07\/paolo-veronese.webp","width":1080,"height":540},{"@type":"BreadcrumbList","@id":"https:\/\/www.aparences.net\/es\/escuelas\/la-pintura-veneciana\/paolo-veronese\/#breadcrumb","itemListElement":[{"@type":"ListItem","position":1,"name":"Portada","item":"https:\/\/www.aparences.net\/es\/"},{"@type":"ListItem","position":2,"name":"Paolo Veronese"}]},{"@type":"WebSite","@id":"https:\/\/www.aparences.net\/es\/#website","url":"https:\/\/www.aparences.net\/es\/","name":"Aparences: Historia del Arte y Actualidad Cultural","description":"","publisher":{"@id":"https:\/\/www.aparences.net\/es\/#organization"},"potentialAction":[{"@type":"SearchAction","target":{"@type":"EntryPoint","urlTemplate":"https:\/\/www.aparences.net\/es\/?s={search_term_string}"},"query-input":{"@type":"PropertyValueSpecification","valueRequired":true,"valueName":"search_term_string"}}],"inLanguage":"es"},{"@type":"Organization","@id":"https:\/\/www.aparences.net\/es\/#organization","name":"Aparences: Historia del Arte y Actualidad Cultural","url":"https:\/\/www.aparences.net\/es\/","logo":{"@type":"ImageObject","inLanguage":"es","@id":"https:\/\/www.aparences.net\/es\/#\/schema\/logo\/image\/","url":"https:\/\/www.aparences.net\/wp-content\/uploads\/2023\/09\/logo-quadrat-color-e1695915315229.png","contentUrl":"https:\/\/www.aparences.net\/wp-content\/uploads\/2023\/09\/logo-quadrat-color-e1695915315229.png","width":120,"height":120,"caption":"Aparences: Historia del Arte y Actualidad Cultural"},"image":{"@id":"https:\/\/www.aparences.net\/es\/#\/schema\/logo\/image\/"}},{"@type":"Person","@id":"https:\/\/www.aparences.net\/es\/#\/schema\/person\/af349f6ffc31b16c68963e61268afca5","name":"admin","url":"https:\/\/www.aparences.net\/es\/author\/admin\/"}]}},"_links":{"self":[{"href":"https:\/\/www.aparences.net\/es\/wp-json\/wp\/v2\/posts\/13182","targetHints":{"allow":["GET"]}}],"collection":[{"href":"https:\/\/www.aparences.net\/es\/wp-json\/wp\/v2\/posts"}],"about":[{"href":"https:\/\/www.aparences.net\/es\/wp-json\/wp\/v2\/types\/post"}],"author":[{"embeddable":true,"href":"https:\/\/www.aparences.net\/es\/wp-json\/wp\/v2\/users\/2"}],"replies":[{"embeddable":true,"href":"https:\/\/www.aparences.net\/es\/wp-json\/wp\/v2\/comments?post=13182"}],"version-history":[{"count":0,"href":"https:\/\/www.aparences.net\/es\/wp-json\/wp\/v2\/posts\/13182\/revisions"}],"wp:featuredmedia":[{"embeddable":true,"href":"https:\/\/www.aparences.net\/es\/wp-json\/wp\/v2\/media\/31460"}],"wp:attachment":[{"href":"https:\/\/www.aparences.net\/es\/wp-json\/wp\/v2\/media?parent=13182"}],"wp:term":[{"taxonomy":"category","embeddable":true,"href":"https:\/\/www.aparences.net\/es\/wp-json\/wp\/v2\/categories?post=13182"},{"taxonomy":"post_tag","embeddable":true,"href":"https:\/\/www.aparences.net\/es\/wp-json\/wp\/v2\/tags?post=13182"}],"curies":[{"name":"wp","href":"https:\/\/api.w.org\/{rel}","templated":true}]}}