{"id":13196,"date":"2010-07-18T19:08:52","date_gmt":"2010-07-18T17:08:52","guid":{"rendered":"https:\/\/www.aparences.net\/ecoles\/la-peinture-venitienne\/el-retrato-veneciano\/"},"modified":"2025-12-11T19:40:57","modified_gmt":"2025-12-11T18:40:57","slug":"el-retrato-veneciano","status":"publish","type":"post","link":"https:\/\/www.aparences.net\/es\/escuelas\/la-pintura-veneciana\/el-retrato-veneciano\/","title":{"rendered":"El retrato veneciano"},"content":{"rendered":"<p><!--contents--><\/p>\n\n\n<h2 class=\"wp-block-heading\">El arte del retrato en Venecia: influencias e innovaciones<\/h2>\n\n\n\n<p><strong>Desde principios del siglo XV, el retrato conoci\u00f3 un impulso decisivo en Venecia<\/strong> y una amplia difusi\u00f3n entre la nobleza y la burgues\u00eda urbana; pod\u00edan ser retratos de corte o retratos privados, estos \u00faltimos presentando a menudo un car\u00e1cter m\u00e1s intimista. Los pintores flamencos, especialmente <a title=\"Jan van Eyck\" href=\"https:\/\/www.aparences.net\/es\/escuelas\/los-primitivos-flamencos\/jan-van-eyck\/\">Jan van Eyck<\/a>, ense\u00f1aron a Europa el arte del retrato como una pintura aut\u00f3noma sobre tabla: adoptaron la pose de tres cuartos, ampliado la visi\u00f3n a la figura entera e imprimiendo al sujeto una vitalidad excepcional.<\/p>\n\n\n\n<p>Este tipo de retrato de origen flamenco, sirvi\u00f3 de inspiraci\u00f3n a <a title=\"Antonello da Messina\" href=\"https:\/\/www.aparences.net\/es\/escuelas\/los-primitivos-flamencos\/la-pintura-flamenca-en-italia\/#el-arte-flamenco-en-n%C3%A1poles:-antonello-da-messina,-pintor-italiano-y-flamenco\">Antonello da Messina<\/a>, quien sin duda hab\u00eda visto algunas obras de Van Eyck, o copias de las mismas en N\u00e1poles antes de su llegada a Venecia en 1474. El <a href=\"https:\/\/www.aparences.net\/es\/arte-y-mecenazgo\/el-retrato-en-el-renacimiento-italiano\/el-retrato-de-perfil-en-el-siglo-xv\/\">retrato de perfil<\/a> que era la forma m\u00e1s com\u00fan entre los pintores del <a title=\"g\u00f3tico internacional\" href=\"https:\/\/www.aparences.net\/es\/periodos\/gotico-internacional\/\">g\u00f3tico internacional<\/a> como Pisanello (<em>Retrato de Leonello d&#8217;Este<\/em>), influenciado por las monedas antiguas, hab\u00eda perdido popularidad. Era demasiado esquem\u00e1tico para el gusto del Renacimiento. Antonello y Bellini lo sustituyeron por un tipo de retrato m\u00e1s realista. <a title=\"Giovanni Bellini\" href=\"https:\/\/www.aparences.net\/es\/escuelas\/la-pintura-veneciana\/giovanni-bellini\/\">Giovanni Bellini<\/a> fue, seg\u00fan Vasari, el primer retratista de Venecia: \u00ab&nbsp;Introdujo en esa ciudad la costumbre de que todo personaje se hiciera por \u00e9l o por otro artista, de modo que en todas las casas de Venecia hay muchos retratos, y en muchas residencias de gentileshombres se ven sus antepasados hasta la cuarta generaci\u00f3n, y en algunas de las m\u00e1s nobles, hay pinturas m\u00e1s antiguas a\u00fan<em>.<\/em>&nbsp;\u00bb Desde entonces, el retrato ocup\u00f3 un lugar de prestigio en el arte europeo; se desarroll\u00f3 y fue cambiando de acuerdo con las sucesivas metamorfosis de estilos y con el cambio de mentalidad de los comitentes. En el siglo XVI, el arte del retrato de Corte de Rafael y de Tiziano abri\u00f3 el camino a figuraciones aristocr\u00e1ticas.<\/p>\n\n\n\n<p>La tradici\u00f3n ya estaba&nbsp; bien establecida en la d\u00e9cada de 1490 \u00e9poca de la actividad de <a title=\"Gentile Bellini\" href=\"https:\/\/www.aparences.net\/es\/escuelas\/la-pintura-veneciana\/venecia-al-inicio-del-renacimiento\/#gentile-bellini\">Gentile Bellini<\/a>, Mansueti y <a title=\"Carpaccio\" href=\"https:\/\/www.aparences.net\/es\/escuelas\/la-pintura-veneciana\/vittore-carpaccio\/\">Carpaccio<\/a>. En los ciclos narrativos de las <a title=\"Scuole\" href=\"https:\/\/www.aparences.net\/es\/escuelas\/la-pintura-veneciana\/venecia-al-inicio-del-renacimiento\/\"><em>Scuole<\/em><\/a> ya se pod\u00edan encontrar numerosos retratos. Por ejemplo, las figuras que ocupan el primer plano del cuadro <em>Episodios de la vida de san Marcos<\/em> de <strong>Mansueti<\/strong>, son sin duda los miembros de la Scuola di San Giovanni Evangelista comitentes de la tela, aunque la personalidad de cada indiv\u00edduo no se haya puesto de relieve. Para evitar la monoton\u00eda, Carpaccio se aseguraba de que esos dignatarios jugaran un papel en la narraci\u00f3n e introdujo una variedad en las poses como cambiar la orientaci\u00f3n del rostro.<\/p>\n\n\n<div class=\"wp-block-image\">\n<figure class=\"aligncenter size-full\"><img loading=\"lazy\" decoding=\"async\" width=\"245\" height=\"400\" src=\"https:\/\/www.aparences.net\/wp-content\/uploads\/2024\/01\/carpaccio_portrait_homme.webp\" alt=\"Carpaccio, Retrato de hombre con gorro rojo\" class=\"wp-image-31414\" title=\"Carpaccio, Retrato de hombre con gorro rojo\"\/><figcaption class=\"wp-element-caption\"><em><strong>Retrato de hombre con gorro rojo<\/strong>, 1490-1493, <strong>Vittore Carpaccio<\/strong> <\/em><br><em>(Venecia, Museo Correr) <\/em><\/figcaption><\/figure>\n<\/div>\n\n\n<p><em>Gracias a las similitudes estil\u00edsticas con los \u00abEpisodios de la vida de santa \u00darsula\u00bb el retrato se puede datar de 1490. El hombre ha sido situado de forma monumental ante un fondo que representa un delicado paisaje de clara <a title=\"influencia flamenca\" href=\"https:\/\/www.aparences.net\/es\/escuelas\/los-primitivos-flamencos\/\">influencia flamenca<\/a>. Emana de este retrato la misma vitalidad f\u00edsica y moral de los retratos que Carpaccio nos ha dejado de sus contempor\u00e1neos en los primeros episodios del <a title=\"ciclo de Santa \u00darsula\" href=\"https:\/\/www.aparences.net\/es\/escuelas\/la-pintura-veneciana\/vittore-carpaccio\/#los-episodios-de-la-vida-de-santa-ursula-y-las-obras-contempor%C3%A1neas\">ciclo de Santa Ursula<\/a>.<\/em><\/p>\n\n\n\n<p>La inmensa reputaci\u00f3n como retratista de Gentile Bellini &#8211; que le llev\u00f3 a ser enviado como emisario a Constantinopla en 1474 &#8211; fue probablemente debido a que sab\u00eda mantener un justo equilibrio entre la exactitud de la descripci\u00f3n y el encubrimiento de las emociones, pero produciendo suntuosos efectos pict\u00f3ricos cuando era necesario. Esa desconfianza de los venecianos con respecto a cualquier manifestaci\u00f3n de la personalidad se refleja tambi\u00e9n en los retratos de Giovanni Bellini. Ese recelo se adivina incluso en el <a href=\"https:\/\/fr.wikipedia.org\/wiki\/Portrait_de_J%C3%B6rg_Fugger\">Retrato del joven J\u00f6rg Fugger<\/a>, quien en 1474 todav\u00eda no ocupaba ning\u00fan cargo oficial. Dada la admiraci\u00f3n que la reproducci\u00f3n exacta de los rasgos individuales despertaba en los venecianos &#8211; admiraci\u00f3n que ven\u00eda alimentada por las tablas importadas de los Pa\u00edses Bajos &#8211; <strong>los retratos de Antonello da Messina<\/strong> gozaron enseguida de gran popularidad en la Rep\u00fablica Seren\u00edsima. Dos retratos suyos aparecen fechados en 1475 y 1476, y las fuentes mencionan varios otros exportados muy temprano de Venecia. Marcantonio Michiel expresa una opini\u00f3n, probablemente com\u00fan entre sus compatriotas, cuando elogia \u00abla fuerza y vitalidad, especialmente en los ojos\u00bb en dos retratos vistos en una colecci\u00f3n de Venecia en 1532. Esta impresi\u00f3n de vitalidad se encuentra en el Retrato de hombre llamado <em><strong>El Condottiero<\/strong><\/em> de 1475. Y aunque no hay evidencia hist\u00f3rica que justifique el t\u00edtulo de la obra, la expresi\u00f3n belicosa que se lee en su cara y algunos detalles cuidadosamente puestos de relieve, como la cicatriz que cruza el labio superior o la barba incipiente, dan al personaje un car\u00e1cter tan altamente individualizado que imaginamos mal como el artista hubiera podido ir m\u00e1s lejos en la representaci\u00f3n de un hombre de la alta sociedad.<\/p>\n\n\n<div class=\"wp-block-image\">\n<figure class=\"aligncenter size-full\"><img loading=\"lazy\" decoding=\"async\" width=\"394\" height=\"360\" src=\"https:\/\/www.aparences.net\/wp-content\/uploads\/2024\/01\/antonello_portrait.webp\" alt=\"Retrato de un hombre (El Condottiero) 1475, Antonello da Messina\" class=\"wp-image-31364\" title=\"Retrato de un hombre (El Condottiero), 1475, Antonello da Messina\"\/><figcaption class=\"wp-element-caption\"><em><strong>Retrato de un hombre (El Condottiero)<\/strong>, detalle, 1475, <strong>Antonello da Messina<\/strong> (Par\u00eds, Museo del Louvre)<\/em><\/figcaption><\/figure>\n<\/div>\n\n\n<p><em>La expresi\u00f3n inolvidable del modelo y su mirada orgullosa le han valido el nombre de Condottiero  (los condottieri eran capitanes mercenarios que contrataban los diferentes estados de Italia). El Condottiero del Louvre refleja todas las innovaciones que Antonello introdujo en el retrato. La factura est\u00e1 cargada de firmeza y la representaci\u00f3n en busto de tres cuartos da una impresi\u00f3n de relieve contra el fondo oscuro. Este retrato muestra una gran penetraci\u00f3n psicol\u00f3gica a la que se combina la impresionante mirada, directa y fr\u00eda, casi cruel del hombre de guerra. Todas estas caracter\u00edsticas muestran la perfecta asimilaci\u00f3n de la tipolog\u00eda del retrato desarrollada en Flandes por <a title=\"Jan van Eyck\" href=\"https:\/\/www.aparences.net\/es\/escuelas\/los-primitivos-flamencos\/jan-van-eyck\/\">Jan van Eyck<\/a> y <a title=\"Petrus Christus\" href=\"https:\/\/www.aparences.net\/es\/escuelas\/los-primitivos-flamencos\/los-sucesores-de-jan-van-eyck\/\">Petrus Christus<\/a>.<\/em><\/p>\n\n\n\n<p>Desde la d\u00e9cada de 1470, <a title=\"Giovanni Bellini\" href=\"https:\/\/www.aparences.net\/es\/escuelas\/la-pintura-veneciana\/giovanni-bellini\/\">Giovanni Bellini<\/a> desarroll\u00f3 una intensa actividad como pintor de retratos. En este \u00e1mbito la influencia de Antonello da Messina fue en ocasiones muy visible. El <em><strong>Retrato de joven vestido de rojo<\/strong><\/em> de Washington es uno de los ejemplos m\u00e1s notables, aunque la relaci\u00f3n psicol\u00f3gica entre el espectador y el personaje retratado es menos inmediata que en Antonello. En el <em><strong>Retrato del dogo Leonardo Loredan<\/strong><\/em>, el m\u00e1s grande de los que hizo Bellini, la ense\u00f1anza de Antonello da Messina es evidente en el realismo sutil de los surcos del rostro y en la ropa, pero sobre todo, en la pose de tres cuartos y no de perfil como era la tradici\u00f3n en los retratos de los dogos. Su evoluci\u00f3n desde los primeros retratos es muy clara, principalmente desde el <em>Retrato de J\u00f6rg Fugger<\/em>, que precedi\u00f3 al conocimiento de las obras de Antonello y evidenciaba todav\u00eda lazos con el realismo anal\u00edtico del arte de finales del g\u00f3tico. Cualquier \u00ab&nbsp;forzamiento&nbsp;\u00bb psicol\u00f3gico, toda individualizaci\u00f3n demasiado penetrante, han sido desterrados en nombre de la dignidad del cargo. Y as\u00ed, el retrato termina por situarse en la tradici\u00f3n veneciana del retrato, m\u00e1s que en la l\u00ednea de las representaciones extremadamente reales y revolucionarias de Antonello.<\/p>\n\n\n<div class=\"wp-block-image\">\n<figure class=\"aligncenter size-full\"><img loading=\"lazy\" decoding=\"async\" width=\"277\" height=\"340\" src=\"https:\/\/www.aparences.net\/wp-content\/uploads\/2024\/01\/bellini_portrait.webp\" alt=\"Joven vestido de rojo, entre 1485 y 1490, Giovanni Bellini\" class=\"wp-image-31366\" title=\"Joven vestido de rojo, entre 1485 y 1490, Giovanni Bellini\"\/><figcaption class=\"wp-element-caption\"><em><strong>Joven vestido de rojo<\/strong>, entre 1485 y 1490, <strong>Giovanni Bellini<\/strong> <\/em><br><em>(Washington, National Gallery of Art) <\/em><\/figcaption><\/figure>\n<\/div>\n\n\n<p><em>La intenci\u00f3n psicol\u00f3gica de los retratos de Bellini es menos perceptible que la de Antonello da Messina, a pesar de su realismo. Sus modelos miran a un punto lejano con expresi\u00f3n ensimismada, y porque a veces destacan sobre un fondo de cielo nublado, parecen haber sido concebidos \u00absub specie aeternitatis\u00bb, como bajo el aspecto de este mundo.<\/em><\/p>\n\n\n<div class=\"wp-block-image\">\n<figure class=\"aligncenter size-full\"><img loading=\"lazy\" decoding=\"async\" width=\"336\" height=\"400\" src=\"https:\/\/www.aparences.net\/wp-content\/uploads\/2024\/01\/bellini_doge_loredan.webp\" alt=\"El dux Leonardo Loredan, h. 1501, Giovanni Bellini\" class=\"wp-image-31368\" title=\"El dux Leonardo Loredan, h. 1501, Giovanni Bellini\"\/><figcaption class=\"wp-element-caption\"><em><strong>El dux Leonardo Loredan<\/strong>, h. 1501, <strong>Giovanni Bellini<\/strong> (Londres, National Gallery).<\/em><\/figcaption><\/figure>\n<\/div>\n\n\n<p><em>Bellini logr\u00f3 captar la majestuosidad inherente a la condici\u00f3n de Dux, pintando este retrato de Loredan poco despu\u00e9s de asumir su cargo (rein\u00f3 de 1500 a 1521). Utilizando una forma familiar para los venecianos, lo retrat\u00f3 en busto, contra un fondo azul claro, detr\u00e1s de un parapeto, e interpret\u00f3 con refinamiento la apariencia externa del hombre y de su vestimenta. Destaca el contraste de luz y sombra de su rostro de rasgos aristocr\u00e1ticos, y el camauro de brocado hace juego con su manto. La tela suntuosa lleva motivos ejecutados en hilo de oro y forma parte de la vestimenta habitual. En este retrato, Bellini confiere al dux gran dignidad e incluso un poco de calor humano, y a pesar de la importancia que da a los detalles, a\u00edsla al personaje del tiempo y el espacio.<\/em><\/p>\n\n\n\n<p>Ya en 1500, en el centro de Italia y Alemania, Leonardo da Vinci y <a title=\"Alberto Durero\" href=\"https:\/\/www.aparences.net\/es\/periodos\/el-renacimiento-nordico\/alberto-durero\/\">Durero<\/a> orientaron el arte del retrato hacia m\u00e1s realismo y autoridad. El modelo ahora se representa de medio cuerpo, la cabeza tocando la parte superior de la tela, mientras que sus brazos cruzados proporcionan un tipo de base en la que reposa la parte superior del cuerpo. A finales de la d\u00e9cada de 1490 y los primeros a\u00f1os del siglo XVI, vemos esa misma orientaci\u00f3n en el retrato veneciano. Esta nueva f\u00f3rmula es la que aplica Lotto en el retrato realizado en 1505 del obispo <em><strong>Bernardo de Rossi<\/strong><\/em>, y vemos una tendencia similar en los retratos de <a href=\"https:\/\/www.aparences.net\/es\/escuelas\/la-pintura-veneciana\/el-cinquecento-o-alto-renacimiento-en-venecia\/#giorgione\">Giorgione<\/a>. En cierto sentido, este \u00faltimo ocupa una posici\u00f3n clave en la historia del retrato de Venecia, ya que, sin duda influenciado por <a href=\"https:\/\/www.aparences.net\/es\/periodos\/el-alto-renacimiento-en-pintura\/#leonardo-da-vinci:-florencia,-mil%C3%A1n,-amboise\">Leonardo da Vinci,<\/a> parece dotar a sus modelos de una vida interior. Sin embargo, su producci\u00f3n es muy personal; parece que viendo a su modelo a trav\u00e9s de un velo po\u00e9tico, pinte tanto su propio universo \u00edntimo e intangible, como el del personaje. El retrato de mujer llamado <em><strong>Laura<\/strong><\/em> de Viena, aunque voluptuosa, se muestra sin embargo distante, absolutamente ajena al observador.<\/p>\n\n\n<div class=\"wp-block-image\">\n<figure class=\"aligncenter size-full\"><img loading=\"lazy\" decoding=\"async\" width=\"289\" height=\"430\" src=\"https:\/\/www.aparences.net\/wp-content\/uploads\/2024\/01\/lotto_bernardo_rossi.webp\" alt=\"Retrato del obispo Bernardo de Rossi, h. 1505, Lorenzo Lotto\" class=\"wp-image-31370\" title=\"Retrato del obispo Bernardo de Rossi, h. 1505, Lorenzo Lotto, N\u00e1poles, Museo Capodimonte\"\/><figcaption class=\"wp-element-caption\"><em><strong>Retrato del obispo Bernardo de Rossi<\/strong>, 1505, <strong>Lorenzo Lotto<\/strong> <\/em><br><em>(N\u00e1poles, Museo di Capodimonte)<\/em><\/figcaption><\/figure>\n<\/div>\n\n<div class=\"wp-block-image\">\n<figure class=\"aligncenter size-full\"><img loading=\"lazy\" decoding=\"async\" width=\"620\" height=\"398\" src=\"https:\/\/www.aparences.net\/wp-content\/uploads\/2024\/01\/lorenzo-lotto-portrait-giovanni-agostino.webp\" alt=\"Giovanni Agostino della Torre y su hijo, Lorenzo Lotto\" class=\"wp-image-31373\" title=\"Giovanni Agostino della Torre y su hijo, Lorenzo Lotto\"\/><figcaption class=\"wp-element-caption\"><em><strong>Giovanni Agostino della Torre y su hijo Niccol\u00f2<\/strong>, h. 1513-1516, <strong>Lorenzo Lotto<\/strong> <\/em><br><em>(National Gallery, Londres)<\/em><\/figcaption><\/figure>\n<\/div>\n\n\n<p><em>Se trata de un m\u00e9dico de Bergamo que muri\u00f3 en 1535 a la edad de 81 a\u00f1os. El retrato de su hijo fue a\u00f1adido m\u00e1s tarde por el pintor. En su mano sostiene una carta donde se lee: Medicorum Esculapio \/ Joanni Augustino Ber \/ gomatj; amicosingmo; y sobre el libro: Galienus, sin duda una traducci\u00f3n de las obras del famoso m\u00e9dico y fil\u00f3sofo griego Galeno.<\/em><\/p>\n\n\n\n<p><a href=\"https:\/\/www.aparences.net\/es\/periodos\/lorenzo-lotto-biografia-y-obra\/\">Lorenzo Lotto<\/a> no pintaba ni pr\u00edncipes ni familias patricias, sino ciudadanos de clase media, como comerciantes o representantes de otras profesiones. Sin embargo, muchos de ellos son claramente personas de gran refinamiento est\u00e9tico e intelectual, por lo que para satisfacer sus demandas, adoptaba una f\u00f3rmula muy diferente a la de <a title=\"Tiziano\" href=\"https:\/\/www.aparences.net\/es\/escuelas\/la-pintura-veneciana\/tiziano-vecellio-biografia\/\">Tiziano<\/a>. Escog\u00eda formatos horizontales en vez de verticales, rodeando a sus modelos de objetos que representaba con sumo cuidado y a los que daba un significado simb\u00f3lico.<\/p>\n\n\n<div class=\"wp-block-image\">\n<figure class=\"aligncenter size-full\"><img loading=\"lazy\" decoding=\"async\" width=\"485\" height=\"430\" src=\"https:\/\/www.aparences.net\/wp-content\/uploads\/2024\/01\/lorenzo-lotto-andrea-odoni-1527.webp\" alt=\"Andrea Odoni, 1527, Lorenzo Lotto\" class=\"wp-image-31375\" title=\"Andrea Odoni, 1527, Lorenzo Lotto\"\/><figcaption class=\"wp-element-caption\"><em><strong>Andrea Odoni<\/strong>, 1527, <strong>Lorenzo Lotto<\/strong> (Hampton Court, The Royal Collection)<\/em><\/figcaption><\/figure>\n<\/div>\n\n\n<p><em>El personaje es un rico comerciante de origen milan\u00e9s, cuya hermosa colecci\u00f3n de obras de arte fue descrita con todo detalle por el coleccionista veneciano Marcantonio Michiel. En el retrato, los seis fragmentos de estatuas de m\u00e1rmol que recuerdan la naturaleza transitoria de las posesiones terrenales, parecen tener un menor valor documental que simb\u00f3lico. En la misma direcci\u00f3n que ese mensaje moralizante va la expresi\u00f3n melanc\u00f3lica de Odoni, que sostiene un objeto emblem\u00e1tico en una mano y pone la otra en su coraz\u00f3n.<\/em><\/p>\n\n\n<div class=\"wp-block-image\">\n<figure class=\"aligncenter size-full\"><img loading=\"lazy\" decoding=\"async\" width=\"334\" height=\"400\" src=\"https:\/\/www.aparences.net\/wp-content\/uploads\/2024\/01\/giorgione_laura.webp\" alt=\"Laura, 1506, Giorgione\" class=\"wp-image-31377\" title=\"Laura, 1506, Giorgione\"\/><figcaption class=\"wp-element-caption\"><em><strong>Laura<\/strong>, 1506, <strong>Giorgione<\/strong> (Viena, Kunsthistorisches)<\/em><\/figcaption><\/figure>\n<\/div>\n\n\n<p><em>Desde el siglo XVII, se identifica al personaje con la persona amada por Petrarca, la virtuosa Laura, debido a la rama de laurel colocada detr\u00e1s de ella. Giorgione nos da con su propia \u00abLaura\u00bb, una imagen de la amada que trasciende a la vez el car\u00e1cter singular y limitado de un verdadero retrato, y restituye la presencia llena de vida de la modelo evocando una intimidad voluptuosa nunca antes representada.<\/em><\/p>\n\n\n<div class=\"wp-block-image\">\n<figure class=\"aligncenter size-full\"><img loading=\"lazy\" decoding=\"async\" width=\"323\" height=\"390\" src=\"https:\/\/www.aparences.net\/wp-content\/uploads\/2024\/01\/giorgione_titien.webp\" alt=\"Retrato de un caballero veneciano, 1510, Giorgione y Tiziano\" class=\"wp-image-31379\" title=\"Retrato de un caballero veneciano, 1510, Giorgione y Tiziano\"\/><figcaption class=\"wp-element-caption\"><em><strong>Retrato de un caballero veneciano<\/strong>, 1510, <\/em><br><em><strong>Giorgione y Tiziano<\/strong> (Washington, National Gallery) <\/em><\/figcaption><\/figure>\n<\/div>\n\n\n<p><em>La expresi\u00f3n calculadora, casi cruel, acrecentada por el pu\u00f1o cerrado, da una imagen agresiva al hombre, del cual desconocemos su identidad. Al igual que en otros cuadros atribuidos a Giorgione, presenta dificultades de atribuci\u00f3n. Los tonos suaves degradados en tonos oscuros recuerdan el estilo de Giorgione. Sin embargo, la expresi\u00f3n agresiva del modelo sugiere la mano de un pintor intr\u00e9pido y activo como Tiziano.<\/em><\/p>\n\n\n\n<p>Los primeros retratos de Tiziano a\u00fan reflejan la influencia de <a title=\"Giorgione\" href=\"https:\/\/www.aparences.net\/es\/escuelas\/la-pintura-veneciana\/el-cinquecento-o-alto-renacimiento-en-venecia\/#giorgione\">Giorgione<\/a>, en el sentido de que la atm\u00f3sfera de misterio \u00edntimo que se respira en ellos es tan importante, como el parecido con los modelos, aunque la fuerza con la que el modelo impone su presencia al espectador es novedosa. En <em><strong>El hombre de la manga azul (Ariosto)<\/strong><\/em> y en <em><strong>Retrato de mujer (La schiavona)<\/strong>, <\/em>ambos en Londres, los personajes se muestran talentosos y de mente abierta, posando con orgullo en el espacio pict\u00f3rico, y los colores hacen resaltar las luces, acentuando los elementos psicol\u00f3gicos e iconogr\u00e1ficos. En estos retratos, Tiziano contrapone al dramatismo de Giorgione una crudeza figurativa in\u00e9dita. Esta misma curiosidad sin concesiones por los valores psicol\u00f3gicos se pone de manifiesto en otro tipo de obra creada en ese momento por Giorgione y Tiziano, a medio camino entre el retrato y la pintura de historia. En <em>El concierto<\/em> de Tiziano, se han juntado tres figuras involucradas en una situaci\u00f3n llena de significados. Aunque carente de contexto narrativo, la densidad de la tensi\u00f3n psicol\u00f3gica acumulada entre las figuras es tan intensa, que llev\u00f3 a los historiadores del siglo XIX a descubrirle una historia dram\u00e1tica.<\/p>\n\n\n<div class=\"wp-block-image\">\n<figure class=\"aligncenter size-full\"><img loading=\"lazy\" decoding=\"async\" width=\"378\" height=\"460\" src=\"https:\/\/www.aparences.net\/wp-content\/uploads\/2024\/01\/titian-portrait-homme-girolamo-barbarigo.webp\" alt=\"El hombre de la manga azul, 1508\/1510, Tiziano\" class=\"wp-image-31382\" title=\"El hombre de la manga azul, 1508\/1510, Tiziano\"\/><figcaption class=\"wp-element-caption\"><em><strong>El hombre de la manga azul&nbsp; <\/strong>(Gerolamo Barbarigo o Ariosto?), 1508\/1510, <strong>Tiziano<\/strong> (Londres, National Gallery)<\/em><\/figcaption><\/figure>\n<\/div>\n\n\n<p><em>Con sus elegantes mangas acolchadas de raso azul, el modelo an\u00f3nimo est\u00e1 representado de medio cuerpo y se vuelve hacia el espectador para lanzarle su mirada penetrante y profunda. El retrato fue alabado por Vasari como una obra maestra de precisi\u00f3n y vibrante luminosidad. Es, en todo caso, un excelente ejemplo de la capacidad del estilo temprano Tiziano en el g\u00e9nero del retrato &#8211; g\u00e9nero que garantizar\u00e1 su mayor fama.<\/em><\/p>\n\n\n<div class=\"wp-block-image\">\n<figure class=\"aligncenter size-full\"><img loading=\"lazy\" decoding=\"async\" width=\"390\" height=\"430\" src=\"https:\/\/www.aparences.net\/wp-content\/uploads\/2024\/01\/titien-portrait-dame-la-schiavona-108-1510.webp\" alt=\"Retrato de una dama, 1508\/1510, Tiziano\" class=\"wp-image-31384\" title=\"Retrato de una dama, 1508\/1510, Tiziano\"\/><figcaption class=\"wp-element-caption\"><em><strong>Retrato de una dama <\/strong>(La schiavona) 1508\/1510, <strong>Tiziano<\/strong> (Londres, National Gallery)<\/em><\/figcaption><\/figure>\n<\/div>\n\n<div class=\"wp-block-image\">\n<figure class=\"aligncenter size-full\"><img loading=\"lazy\" decoding=\"async\" width=\"610\" height=\"429\" src=\"https:\/\/www.aparences.net\/wp-content\/uploads\/2024\/01\/titien-le-concer1511-1512-florence-palais-pitti.webp\" alt=\"El concierto, 1511\/1512, Tiziano \" class=\"wp-image-31386\" title=\"El concierto, 1511\/1512, Tiziano\"\/><figcaption class=\"wp-element-caption\"><em><strong>El concierto<\/strong>, 1511\/1512, <strong>Tiziano<\/strong> (Florencia, Galer\u00eda Palatina del Palacio Pitti)<\/em><\/figcaption><\/figure>\n<\/div>\n\n\n<p><em>La escena se organiza en torno a tres personajes que destacan sobre fondo oscuro: el cantante, el clavecinista, y el monje dominicano que sostiene una viola da gamba. Si la figura de la cantante, m\u00e1s tenue, se situa en un plano secundario, la del m\u00fasico que se vuelve sin parar de tocar y la del monje, ocupan el primer plano de la escena. Ambos se distinguen por sus poses dram\u00e1ticas y su en\u00e9rgico plasticismo, actitudes comunes en los retratos de Tiziano, como en el de Ariosto.<\/em><\/p>\n\n\n\n<p>El \u00fanico artista que, tras la muerte de Giorgione, puede pretender rivalizar en <a href=\"https:\/\/www.aparences.net\/es\/arte-y-mecenazgo\/el-retrato-en-el-renacimiento-italiano\/\">el arte del retrato<\/a> con Tiziano, es su contempor\u00e1neo <a href=\"https:\/\/www.aparences.net\/es\/escuelas\/la-pintura-veneciana\/el-cinquecento-o-alto-renacimiento-en-venecia\/#artistas-contempor%C3%A1neos-tiziano\">Palma el Viejo<\/a>. Mientras que en las pinturas de Tiziano late siempre el poeta, las de Palma son prosaicas. Desde un punto de vista visual, la diferencia se debe principalmente al hecho de que Tiziano, como hac\u00eda Giorgione antes que \u00e9l, satura sus figuras de luz y encuentra en su impalpable belleza una analog\u00eda con los misterios de la personalidad humana. Al contrario, Palma se centra en bellezas f\u00edsicas m\u00e1s concretas, en los colores brillantes y las ricas texturas de los brocados o de las carnaciones; adem\u00e1s, su luz es menos sutil y m\u00e1s uniforme. Su serie de retratos idealizados de cortesanas es lo m\u00e1s caracter\u00edstico de su carrera. La <a title=\"Flora Tiziano\" href=\"https:\/\/www.aparences.net\/es\/escuelas\/la-pintura-veneciana\/tiziano-vecellio-biografia\/\"><em>Flora<\/em> de Tiziano<\/a>, bien que m\u00e1s sutil, est\u00e1 en la misma l\u00ednea.<\/p>\n\n\n<div class=\"wp-block-image\">\n<figure class=\"aligncenter size-full\"><img loading=\"lazy\" decoding=\"async\" width=\"455\" height=\"460\" src=\"https:\/\/www.aparences.net\/wp-content\/uploads\/2024\/01\/jacopo-negretti-portrait-jeune-femme-la-bella.webp\" alt=\"Retrato de mujer joven llamada La Bella, c. 1518-1520, Palma el Viejo \" class=\"wp-image-31388\" title=\"Retrato de mujer joven llamada La Bella, c. 1518-1520, Palma el Viejo\" srcset=\"https:\/\/www.aparences.net\/wp-content\/uploads\/2024\/01\/jacopo-negretti-portrait-jeune-femme-la-bella.webp 455w, https:\/\/www.aparences.net\/wp-content\/uploads\/2024\/01\/jacopo-negretti-portrait-jeune-femme-la-bella-100x100.webp 100w\" sizes=\"auto, (max-width: 455px) 100vw, 455px\" \/><figcaption class=\"wp-element-caption\"><em><strong>Retrato de mujer joven<\/strong> llamada La Bella, c. 1518-1520, <strong>Palma el Viejo<\/strong> (Madrid, Museo Thyssen)<\/em><\/figcaption><\/figure>\n<\/div>\n\n<div class=\"wp-block-image\">\n<figure class=\"aligncenter size-full\"><img loading=\"lazy\" decoding=\"async\" width=\"576\" height=\"430\" src=\"https:\/\/www.aparences.net\/wp-content\/uploads\/2024\/01\/titien-homme-au-gant-musee-du-louvre.webp\" alt=\"El hombre del guante, 1520\/1525, Tiziano\" class=\"wp-image-31390\" title=\"El hombre del guante, 1520\/1525, Tiziano\"\/><figcaption class=\"wp-element-caption\"><em><strong>El hombre del guante<\/strong>, 1520\/1525, <strong>Tiziano<\/strong> (Par\u00eds, Museo del Louvre)<\/em><\/figcaption><\/figure>\n<\/div>\n\n\n<p><em>Perfecto por su combinaci\u00f3n de colores y la libertad pict\u00f3rica que anima cada detalle de la ropa y la cara, iluminados y desarrollados de acuerdo con la t\u00e9cnica espec\u00edfica de Tiziano, a base de elementos como la deslumbrante y refinada camisa y la joya. Aqu\u00ed el orgullo austero de los personajes de Tiziano da paso por \u00fanica vez a una atractiva melancol\u00eda.<\/em><\/p>\n\n\n\n<!-- AdBoxRight2020 --><ins class=\"adsbygoogle\"     style=\"display:block; margin-top:30px;\"     data-ad-client=\"ca-pub-2468002815867636\"     data-ad-slot=\"3496014735\"     data-ad-format=\"auto\"     data-full-width-responsive=\"false\"><\/ins><script> (adsbygoogle = window.adsbygoogle || []).push({});<\/script><h2 class=\"wp-block-heading\">Tiziano y el retrato de Corte<\/h2>\n\n\n\n<p>Pintor oficial de la Seren\u00edsima y gozando de una gran popularidad,&nbsp; a partir de 1530 Tiziano realizar\u00e1 tambi\u00e9n la mayor\u00eda de los retratos de los pr\u00edncipes de Italia Central y del Norte, as\u00ed como de personalidades menos importantes. Los clientes habituales de Tiziano le encargaban sus retratos porque el parecido era especialmente llamativo, y porque le admiraban art\u00edsticamente. Cuando el <a title=\"duque de Urbino\" href=\"https:\/\/www.aparences.net\/es\/arte-y-mecenazgo\/el-mecenazgo-en-urbino\/la-familia-della-rovere\/\">duque de Urbino<\/a>, por ejemplo, oy\u00f3 decir que Tiziano trabajaba en una pintura excepcional que representaba a una <strong>dama vestida de azul, <em>La Bella<\/em><\/strong>, envi\u00f3 de inmediato a su agente con la misi\u00f3n de intentar la adquisici\u00f3n de la tela. Federico Gonzaga, marqu\u00e9s de Mantua consigui\u00f3 que Tiziano realizara un retrato suyo como estrategia para encontrar esposa. El modelo se muestra de tres cuartos y lujosamente vestido acompa\u00f1ado de su perro haciendo alusi\u00f3n a la fidelidad conyugal. El tratamiento del color permite a Tiziano un resultado de suntuosidad adecuada al rango del personaje.<\/p>\n\n\n<div class=\"wp-block-image\">\n<figure class=\"aligncenter size-full\"><img loading=\"lazy\" decoding=\"async\" width=\"359\" height=\"460\" src=\"https:\/\/www.aparences.net\/wp-content\/uploads\/2024\/01\/titien-federico-gonzaga.webp\" alt=\"Retrato de Federico Gonzaga, 1523\/1526, Tiziano\" class=\"wp-image-31392\" title=\"Retrato de Federico Gonzaga, 1523\/1526, Tiziano\"\/><figcaption class=\"wp-element-caption\"><em><strong>Retrato de Federico Gonzaga<\/strong>, 1523\/1526, <strong>Tiziano<\/strong> (Madrid, Museo del Prado)<\/em><\/figcaption><\/figure>\n<\/div>\n\n\n<p><em>Esta obra maestra llama la atenci\u00f3n por los contrastes de color entre la chaqueta abigarrada del marqu\u00e9s de Mantua y la mancha blanca del perro fiel sentado a su lado. A trav\u00e9s de los buenos oficios del marqu\u00e9s de Mantua, Tiziano conoci\u00f3 en Parma a su futuro protector, el emperador Carlos V.<\/em><\/p>\n\n\n<div class=\"wp-block-image\">\n<figure class=\"aligncenter size-full\"><img loading=\"lazy\" decoding=\"async\" width=\"607\" height=\"378\" src=\"https:\/\/www.aparences.net\/wp-content\/uploads\/2024\/01\/titien-la-bella-1536-37-musee-des-offices.webp\" alt=\"Dama con vestido azul (La Bella), 1536\/1537, Tiziano\" class=\"wp-image-31394\" title=\"Dama con vestido azul (La Bella), 1536\/1537, Tiziano\"\/><figcaption class=\"wp-element-caption\"><em><strong>Dama con vestido azul (La Bella)<\/strong>, 1536\/1537, <strong>Tiziano<\/strong> (Florencia, Galer\u00eda de los Oficios)<\/em><\/figcaption><\/figure>\n<\/div>\n\n\n<p><em>Por la riqueza de detalles, la belleza de sus colores y texturas, este retrato es representativo del estilo que Tiziano desarroll\u00f3 para sus retratos de cortesanos &#8211; estilo ornamental, lejos de la forma austera con la que retrat\u00f3 a sus conciudadanos. Simplemente adornada con una cadena de oro y ataviada decorosamente con un hermoso vestido de sat\u00e9n bordado de azul verdoso, podr\u00eda ser la imagen misma de la respetabilidad, la de una noble esposa. La joven representada aqu\u00ed es claramente la misma modelo que Tiziano emplear\u00e1 para la <a href=\"https:\/\/www.aparences.net\/es\/escuelas\/la-pintura-veneciana\/tiziano-vecellio-biografia\/\">Venus de Urbino<\/a>.<\/em><\/p>\n\n\n\n<p>En 1530, el marqu\u00e9s de Mantua presenta Tiziano a Carlos V en la ceremonia de coronaci\u00f3n de este \u00faltimo en Bolonia. Aparentemente, una estima mutua&nbsp; surge entre los dos hombres: en 1533 Tiziano fue nombrado caballero por el emperador, y en 1548 este \u00faltimo lo llam\u00f3 para que se reuniera con \u00e9l en Augsburgo. Consciente de su poder pol\u00edtico, Carlos V quiere ver a Tiziano &#8211; lo llamar\u00e1 su Apeles &#8211; inmortalizar su triunfo, dar al arte del retrato una funci\u00f3n hist\u00f3rica igual a su funci\u00f3n social. La obra m\u00e1s importante realizada por Tiziano durante el tiempo que pas\u00f3 en Augsburgo, es el retrato ecuestre del emperador, <a href=\"https:\/\/www.museodelprado.es\/coleccion\/obra-de-arte\/carlos-v-en-la-batalla-de-muhlberg\/e7c91aaa-b849-478c-a857-0bb58a6b6729\"><em>Carlos V en la batalla de M\u00fchlberg<\/em><\/a>. Este primer retrato ecuestre real ser\u00e1 la fuente de una tradici\u00f3n que seguir\u00e1n <a title=\"Rubens\" href=\"https:\/\/www.aparences.net\/es\/periodos\/pintura-barroca\/flandes-bajo-la-sombra-de-rubens\/\">Rubens<\/a>, <a title=\"Van Dyck\" href=\"https:\/\/www.aparences.net\/es\/periodos\/pintura-barroca\/flandes-bajo-la-sombra-de-rubens\/#anton-van-dyck\">Van Dyck<\/a> y <a title=\"Velazquez\" href=\"https:\/\/www.aparences.net\/es\/periodos\/pintura-barroca\/la-pintura-barroca-en-espana\/#vel%C3%A1zquez,-el-pintor-de-los-pintores\">Vel\u00e1zquez<\/a>. Tiziano, a su vez, ha dejado im\u00e1genes inolvidables del emperador y su familia. Con el <strong><em>Retrato p\u00f3stumo de la emperatriz Isabel<\/em> <\/strong>que Carlos V encarg\u00f3 a Tiziano y que, en el momento de su abdicaci\u00f3n, se llevar\u00e1 con \u00e9l al monasterio de Yuste, el emperador hace de este encargo un acto de piedad, y los tonos fr\u00edos del paisaje a la derecha de la tela, contrastan con la discreta calidez del vestido rosa y p\u00farpura, acentuando, hasta convertirse en met\u00e1fora, la distancia que separa esa figura del mundo de los vivos. Entre el pintor y la Corte espa\u00f1ola comienza entonces una larga historia de obras maestras. Gran parte de las pinturas ejecutadas para Carlos V y su sucesor Felipe II, hoy se encuentran en el Museo del Prado y en el Monasterio de El Escorial. Repartiendo su actividad art\u00edstica entre el cargo de pintor oficial de la Serenissima, los encargos de Carlos V y sus estancias en Mantua, Tiziano logra reservar una especial atenci\u00f3n a los Della Rovere de Urbino, realizando los retratos de los duques y la famosa <a title=\"Venus de Urbino\" href=\"https:\/\/www.aparences.net\/es\/arte-y-mecenazgo\/el-mecenazgo-en-urbino\/la-familia-della-rovere\/\"><em>Venus de Urbino<\/em><\/a>.<\/p>\n\n\n<div class=\"wp-block-image\">\n<figure class=\"aligncenter size-full\"><img loading=\"lazy\" decoding=\"async\" width=\"559\" height=\"370\" src=\"https:\/\/www.aparences.net\/wp-content\/uploads\/2024\/01\/titien-isabelle-de-portugal.webp\" alt=\"Retrato p\u00f3stumo de la emperatriz Isabel, 1545, Tiziano\" class=\"wp-image-31396\" title=\"Retrato p\u00f3stumo de la emperatriz Isabel, 1545, Tiziano\"\/><figcaption class=\"wp-element-caption\"><em><strong>Retrato p\u00f3stumo de la emperatriz Isabel<\/strong>, 1545, <strong>Tiziano<\/strong> (Madrid, Museo del Prado)<\/em><\/figcaption><\/figure>\n<\/div>\n\n\n<p><em>Desde sus comienzos como pintor, Tiziano utiliza a veces el paisaje como complemento a sus personajes, pero en este cuadro los dos elementos est\u00e1n unidos por una infinidad de correspondencias de colores delicados. El color anaranjado del cielo crepuscular hace juego con el cabello del personaje y el gris azulado de las monta\u00f1as en la lejan\u00eda se refleja en sus ojos.<\/em><\/p>\n\n\n<div class=\"wp-block-image\">\n<figure class=\"aligncenter size-full\"><img loading=\"lazy\" decoding=\"async\" width=\"331\" height=\"370\" src=\"https:\/\/www.aparences.net\/wp-content\/uploads\/2024\/01\/titien_roi.webp\" alt=\"Felipe II con armadura, 1551, Tiziano\" class=\"wp-image-31398\" title=\"Felipe II con armadura, 1551, Tiziano\"\/><figcaption class=\"wp-element-caption\"><em><strong>Felipe II con armadura<\/strong>, detalle, 1551, <strong>Tiziano<\/strong> <\/em><br><em>(Madrid, Museo del Prado) <\/em><\/figcaption><\/figure>\n<\/div>\n\n\n<p><em>Espl\u00e9ndido ejemplo de retrato oficial, con la figura exang\u00fce del pr\u00edncipe encerrada en su magn\u00edfica armadura emergiendo de las sombras deslumbrante de luz, mientras que un rayo de luz ilumina el gran casco de plumas que descansa sobre el terciopelo rojo que cubre la mesa delante del pr\u00edncipe.<\/em><\/p>\n\n\n<div class=\"wp-block-image\">\n<figure class=\"aligncenter size-full\"><img loading=\"lazy\" decoding=\"async\" width=\"310\" height=\"460\" src=\"https:\/\/www.aparences.net\/wp-content\/uploads\/2024\/01\/titien-portrait-d-un-noble-dit-duc-d-atri-1551-kassel.webp\" alt=\"Retrato de un capit\u00e1n con amorcillo y perro, 1551, Tiziano\" class=\"wp-image-31400\" title=\"Retrato de un capit\u00e1n con amorcillo y perro, 1551, Tiziano\"\/><figcaption class=\"wp-element-caption\"><em><strong>Retrato de un capit\u00e1n con amorcillo y perro<\/strong>, 1551, <strong>Tiziano<\/strong> (Kassel, Gem\u00e4ldegalerie) <\/em><\/figcaption><\/figure>\n<\/div>\n\n\n<p><em>La importancia social de los personajes se pone de manifiesto representado la figura de pie, como anteriormente se hab\u00eda representado a Carlos V y a su hijo Felipe. En este retrato, el contraste que forma el personaje con el magn\u00edfico decorado, debe de haber estado muy presente en el esp\u00edritu de Tiziano, y es una parte importante del contenido de la obra. En ese momento, el artista ha adoptado plenamente el retrato de pie, y utiliza el l\u00e9xico completo de su \u00faltima manera, colocando la figura delante de un paisaje de gran esplendor visual, y vinculando estos dos elementos en un torbellino de rosa y plata. Toda la magia de las correlaciones entre la forma del primer plano y el espacio del fondo, va a ser la esencia de las \u00faltimas obras de Tiziano, tal y como aparece aqu\u00ed.<\/em><\/p>\n\n\n\n<p>Entre los mecenas de <a title=\"Tiziano\" href=\"https:\/\/www.aparences.net\/es\/escuelas\/la-pintura-veneciana\/tiziano-vecellio-biografia\/\">Tiziano<\/a>, estaban tambi\u00e9n los Farnesio, que en aquella \u00e9poca eran los&nbsp; m\u00e1s importantes patrocinadores de Roma. Bajo el reinado de un papa de esta familia, Pablo III, el artista fue invitado a Roma y albergado, como favor especial dada su categor\u00eda, en el Vaticano. All\u00ed ejecuta el primer retrato de grupo en el que el Papa est\u00e1 representado con sus sobrinos Octavio Farnesio y el cardenal Alessandro Farnesio. En otros retratos m\u00e1s tard\u00edos Tiziano experimentar\u00e1 con el color y la textura, con una libertad pict\u00f3rica caracter\u00edstica de su \u00faltima manera. Hasta su \u00faltimo retrato, el de <em>Jacopo Strada<\/em>, Tiziano no cesa de experimentar. Directamente influenciado por los retratos del Norte, o por <a title=\"Lorenzo Lotto\" href=\"https:\/\/www.aparences.net\/es\/escuelas\/la-pintura-veneciana\/el-cinquecento-o-alto-renacimiento-en-venecia\/#lorenzo-lotto\">Lorenzo Lotto<\/a>, coloca su personaje en un interior rodeado de todos los accesorios de su actividad.<\/p>\n\n\n<div class=\"wp-block-image\">\n<figure class=\"aligncenter size-full\"><img loading=\"lazy\" decoding=\"async\" width=\"403\" height=\"460\" src=\"https:\/\/www.aparences.net\/wp-content\/uploads\/2024\/01\/titien-paolo-farnese.webp\" alt=\"Pablo III y sus sobrinos, 1546, Tiziano \" class=\"wp-image-31402\" title=\"Pablo III y sus sobrinos, 1546, Tiziano\"\/><figcaption class=\"wp-element-caption\"><em><strong>Pablo III y sus sobrinos Alejandro y Octavio Farnesio<\/strong>, 1546, <strong>Tiziano<\/strong> (N\u00e1poles, Museo di Capodimonte)<\/em><\/figcaption><\/figure>\n<\/div>\n\n\n<p><em>Se trata de uno de los m\u00e1s grandes retratos del siglo. El rojo omnipresente realza la vitalidad de una familia, la del \u00faltimo gran papa renacentista, equiparable a Julio II, cuyos descendientes tienen el dif\u00edcil deber de perpetuar su doble poder, religioso y pol\u00edtico. La disposici\u00f3n de las figuras hace voltear el espacio alrededor de Pablo III y la mesa forma una diagonal con el nudo y las curvas del cortinaje ceremonial.<\/em><\/p>\n\n\n<div class=\"wp-block-image\">\n<figure class=\"aligncenter size-full\"><img loading=\"lazy\" decoding=\"async\" width=\"332\" height=\"430\" src=\"https:\/\/www.aparences.net\/wp-content\/uploads\/2024\/01\/titien-portrait-doge-andrea-gritti-1544-45-washington.webp\" alt=\"Retrato del dux Andrea Gritti, 1544-1545, Tiziano\" class=\"wp-image-31404\" title=\"Retrato del dux Andrea Gritti, 1544-1545, Tiziano (Washington, National Gallery)\"\/><figcaption class=\"wp-element-caption\"><em><strong>Retrato del dux Andrea Gritti<\/strong>, 1544-1545, <strong>Tiziano<\/strong> (Washington, National Gallery)<\/em><\/figcaption><\/figure>\n<\/div>\n\n\n<p><em>Impetuoso, duro, autoritario, incluso desp\u00f3tico como la tachaban algunos, Andrea Gritti fue, probablemente, uno de los \u00faltimos dux de la \u00abvieja escuela\u00bb, cuyo reinado ha entrado en la mitolog\u00eda de la Serenissima. Su obsesi\u00f3n: restaurar la grandeza tambaleante de Venecia, apoy\u00e1ndose principalmente en las mentes brillantes de la ciudad.<\/em><\/p>\n\n\n<div class=\"wp-block-image\">\n<figure class=\"aligncenter size-full\"><img loading=\"lazy\" decoding=\"async\" width=\"562\" height=\"400\" src=\"https:\/\/www.aparences.net\/wp-content\/uploads\/2024\/01\/titien-jacopo-strada.webp\" alt=\"Retrato de Jacopo Strada, 1567-1568, Tiziano\" class=\"wp-image-31406\" title=\"Retrato de Jacopo Strada, 1567-1568, Tiziano\"\/><figcaption class=\"wp-element-caption\"><em><strong>Retrato de Jacopo Strada<\/strong>, 1567-1568, <strong>Tiziano <\/strong>(Viena, Kunsthistorisches Museum)<\/em><\/figcaption><\/figure>\n<\/div>\n\n\n<p><em>El retrato de Strada, un famoso anticuario muy conocido de Tiziano, es una obra de gran calidad, ejecutada con pinceladas sueltas de marr\u00f3n y ocre, en la que destacan el jub\u00f3n de terciopelo negro sobre la camisa roja y la piel de zorro plateado echada sobre los hombros. La atenci\u00f3n al detalle que indica la profesi\u00f3n del personaje (la peque\u00f1a estatua, monedas, cuadro, libros) no deja de lado la caracterizaci\u00f3n de su rostro, cuya mirada casi interrogante es dirigida hacia el espectador.<\/em><\/p>\n\n\n\n<p>Aunque <a title=\"Tintoretto\" href=\"https:\/\/www.aparences.net\/es\/escuelas\/la-pintura-veneciana\/tintoretto\/\">Tintoretto<\/a> y <a title=\"Veronese\" href=\"https:\/\/www.aparences.net\/es\/escuelas\/la-pintura-veneciana\/paolo-veronese\/\">Veronese<\/a>, j\u00f3venes contempor\u00e1neos de Tiziano,&nbsp; pintaron hermosos retratos, no a\u00f1adieron nada a la grandeza de este arte. Tintoretto desarrollo muy r\u00e1pido una f\u00f3rmula que le permit\u00eda realizar retratos en serie; su taller produjo numerosos ejemplares que representaban a senadores y dem\u00e1s ciudadanos venecianos. El n\u00famero considerable de im\u00e1genes producidas por Tintoretto de viejos senadores vestidos de escarlata y p\u00farpura, que se niegan a cualquier ostentaci\u00f3n pero mantienen orgullosa distancia, son el equivalente a finales del siglo XVI, a los retratos pintados un siglo antes por <a title=\"Giovanni Bellini\" href=\"https:\/\/www.aparences.net\/es\/escuelas\/la-pintura-veneciana\/giovanni-bellini\/\">Giovanni Bellini<\/a>. Debido a que casi nunca abandon\u00f3 Venecia, el inter\u00e9s de Tintoretto no se dirigir\u00e1 a un estilo de corte; sus colores ser\u00e1n siempre sordos y apagados y sus efectos sin gran complejidad.<\/p>\n\n\n<div class=\"wp-block-image\">\n<figure class=\"aligncenter size-full\"><img loading=\"lazy\" decoding=\"async\" width=\"338\" height=\"400\" src=\"https:\/\/www.aparences.net\/wp-content\/uploads\/2024\/01\/tintoret_portrait.webp\" alt=\"Retrato de procurador Jacopo Soranzo, 1550, Tintoretto\" class=\"wp-image-31408\" title=\"Retrato de procurador Jacopo Soranzo, 1550, Tintoretto\"\/><figcaption class=\"wp-element-caption\"><em><strong>Retrato de procurador Jacopo Soranzo<\/strong>, 1550, <strong>Tintoretto<\/strong> (Venecia, Galleria dell&#8217;Accademia)<\/em><\/figcaption><\/figure>\n<\/div>\n\n\n<p>Desde el comienzo de su carrera, Paolo Veronese ya cultivaba el arte del retrato. Basta recordar los numerosos retratos de contempor\u00e1neos que figuran en su obra maestra <a title=\"Las Bodas de Can\u00e1\" href=\"https:\/\/www.aparences.net\/es\/escuelas\/la-pintura-veneciana\/paolo-veronese\/\"><em>Las Bodas de Can\u00e1<\/em><\/a>. Cuando se encontraba todav\u00eda en Verona, el pintor se hizo con una clientela de la peque\u00f1a nobleza provincial en cuyos retratos adopt\u00f3 la f\u00f3rmula de pie, a la que Tiziano solo recurr\u00eda cuando representaba a dignatarios. Entre aquellos retratos hay que destacar el de <em>Iseppo da <strong>Porto y su hijo Adriano<\/strong><\/em> y el de su mujer <em>Livia y su hija Porzia<\/em>. El contacto con el ambiente veneciano afin\u00f3 de alguna manera sus dotes como retratista, acentuando su capacidad de mostrar la introspecci\u00f3n psicol\u00f3gica de los personajes, como lo muestra el retrato que realiz\u00f3 a principios de los a\u00f1os sesenta, el de una dama veneciana apodada <em><strong>La Bella Nanni<\/strong><\/em>.<\/p>\n\n\n<div class=\"wp-block-image\">\n<figure class=\"aligncenter size-full is-resized\"><img loading=\"lazy\" decoding=\"async\" width=\"392\" height=\"460\" src=\"https:\/\/www.aparences.net\/wp-content\/uploads\/2024\/01\/veronese-portrait-de-femme-dit-la-belle-nani-louvre-1560.webp\" alt=\"La Bella Nanni, 1560, Paolo Veronese \" class=\"wp-image-31410\" style=\"aspect-ratio:0.8521739130434782;width:392px;height:auto\" title=\"La Bella Nanni, 1560, Paolo Veronese\"\/><figcaption class=\"wp-element-caption\"><em><strong>Retrato de una dama veneciana, La Bella Nanni<\/strong>, 1560, <\/em><br><em><strong>Paolo Veronese<\/strong> (Par\u00eds, Museo del Louvre) <\/em><\/figcaption><\/figure>\n<\/div>\n\n\n<p><em>Se trata de la espl\u00e9ndida imagen muy luminosa de una dama de la nobleza veneciana. Su expresi\u00f3n ligeramente afligida contrasta con la refinada elegancia de su ropa y joyas.<\/em><\/p>\n\n\n<div class=\"wp-block-image\">\n<figure class=\"aligncenter size-full\"><img loading=\"lazy\" decoding=\"async\" width=\"463\" height=\"396\" src=\"https:\/\/www.aparences.net\/wp-content\/uploads\/2024\/01\/veronese-iseppo-da-porto-et-son-fils.webp\" alt=\"Iseppo da Porto con su hijo 1551-1552, Veronese\" class=\"wp-image-31412\" title=\"Iseppo da Porto con su hijo 1551-1552, Veronese\"\/><figcaption class=\"wp-element-caption\"><em><strong>Iseppo da Porto con su hijo Adriano<\/strong>, 1551-1552, <strong>Veronese<\/strong> <\/em><br><em>(Florencia, Galer\u00eda Palatina del Palacio Pitti)<\/em><\/figcaption><\/figure>\n<\/div>","protected":false},"excerpt":{"rendered":"<p>Desde principios del siglo XV, el retrato conoci\u00f3 un impulso decisivo en Venecia y una amplia difusi\u00f3n entre la nobleza y la burgues\u00eda urbana.<\/p>\n","protected":false},"author":2,"featured_media":31362,"comment_status":"closed","ping_status":"closed","sticky":false,"template":"","format":"standard","meta":{"footnotes":""},"categories":[2327],"tags":[4858,4837,2851,4987],"class_list":["post-13196","post","type-post","status-publish","format-standard","has-post-thumbnail","hentry","category-la-pintura-veneciana","tag-el-retrato-veneciano","tag-escuela-veneciana","tag-pintura-veneciana","tag-retrato-de-corte"],"yoast_head":"<!-- This site is optimized with the Yoast SEO plugin v27.2 - https:\/\/yoast.com\/product\/yoast-seo-wordpress\/ -->\n<title>El retrato veneciano<\/title>\n<meta name=\"description\" content=\"Desde principios del siglo XV, el retrato conoci\u00f3 un impulso decisivo en Venecia y una amplia difusi\u00f3n entre la nobleza y la burgues\u00eda urbana.\" \/>\n<meta name=\"robots\" content=\"index, follow, max-snippet:-1, max-image-preview:large, max-video-preview:-1\" \/>\n<link rel=\"canonical\" href=\"https:\/\/www.aparences.net\/es\/escuelas\/la-pintura-veneciana\/el-retrato-veneciano\/\" \/>\n<meta property=\"og:locale\" content=\"es_ES\" \/>\n<meta property=\"og:type\" content=\"article\" \/>\n<meta property=\"og:title\" content=\"El retrato veneciano\" \/>\n<meta property=\"og:description\" content=\"Desde principios del siglo XV, el retrato conoci\u00f3 un impulso decisivo en Venecia y una amplia difusi\u00f3n entre la nobleza y la burgues\u00eda urbana.\" \/>\n<meta property=\"og:url\" content=\"https:\/\/www.aparences.net\/es\/escuelas\/la-pintura-veneciana\/el-retrato-veneciano\/\" \/>\n<meta property=\"og:site_name\" content=\"Aparences\" \/>\n<meta property=\"article:published_time\" content=\"2010-07-18T17:08:52+00:00\" \/>\n<meta property=\"article:modified_time\" content=\"2025-12-11T18:40:57+00:00\" \/>\n<meta property=\"og:image\" content=\"https:\/\/www.aparences.net\/wp-content\/uploads\/2010\/07\/le-portrait-venitien.webp\" \/>\n\t<meta property=\"og:image:width\" content=\"1080\" \/>\n\t<meta property=\"og:image:height\" content=\"540\" \/>\n\t<meta property=\"og:image:type\" content=\"image\/webp\" \/>\n<meta name=\"author\" content=\"admin\" \/>\n<meta name=\"twitter:card\" content=\"summary_large_image\" \/>\n<meta name=\"twitter:label1\" content=\"Escrito por\" \/>\n\t<meta name=\"twitter:data1\" content=\"admin\" \/>\n\t<meta name=\"twitter:label2\" content=\"Tiempo de lectura\" \/>\n\t<meta name=\"twitter:data2\" content=\"25 minutos\" \/>\n<script type=\"application\/ld+json\" class=\"yoast-schema-graph\">{\"@context\":\"https:\/\/schema.org\",\"@graph\":[{\"@type\":\"Article\",\"@id\":\"https:\/\/www.aparences.net\/es\/escuelas\/la-pintura-veneciana\/el-retrato-veneciano\/#article\",\"isPartOf\":{\"@id\":\"https:\/\/www.aparences.net\/es\/escuelas\/la-pintura-veneciana\/el-retrato-veneciano\/\"},\"author\":{\"name\":\"admin\",\"@id\":\"https:\/\/www.aparences.net\/es\/#\/schema\/person\/af349f6ffc31b16c68963e61268afca5\"},\"headline\":\"El retrato veneciano\",\"datePublished\":\"2010-07-18T17:08:52+00:00\",\"dateModified\":\"2025-12-11T18:40:57+00:00\",\"mainEntityOfPage\":{\"@id\":\"https:\/\/www.aparences.net\/es\/escuelas\/la-pintura-veneciana\/el-retrato-veneciano\/\"},\"wordCount\":4410,\"publisher\":{\"@id\":\"https:\/\/www.aparences.net\/es\/#organization\"},\"image\":{\"@id\":\"https:\/\/www.aparences.net\/es\/escuelas\/la-pintura-veneciana\/el-retrato-veneciano\/#primaryimage\"},\"thumbnailUrl\":\"https:\/\/www.aparences.net\/wp-content\/uploads\/2010\/07\/le-portrait-venitien.webp\",\"keywords\":[\"el retrato veneciano\",\"escuela veneciana\",\"pintura veneciana\",\"retrato de corte\"],\"articleSection\":[\"La pintura veneciana\"],\"inLanguage\":\"es\"},{\"@type\":[\"WebPage\",\"ItemPage\"],\"@id\":\"https:\/\/www.aparences.net\/es\/escuelas\/la-pintura-veneciana\/el-retrato-veneciano\/\",\"url\":\"https:\/\/www.aparences.net\/es\/escuelas\/la-pintura-veneciana\/el-retrato-veneciano\/\",\"name\":\"El retrato veneciano\",\"isPartOf\":{\"@id\":\"https:\/\/www.aparences.net\/es\/#website\"},\"primaryImageOfPage\":{\"@id\":\"https:\/\/www.aparences.net\/es\/escuelas\/la-pintura-veneciana\/el-retrato-veneciano\/#primaryimage\"},\"image\":{\"@id\":\"https:\/\/www.aparences.net\/es\/escuelas\/la-pintura-veneciana\/el-retrato-veneciano\/#primaryimage\"},\"thumbnailUrl\":\"https:\/\/www.aparences.net\/wp-content\/uploads\/2010\/07\/le-portrait-venitien.webp\",\"datePublished\":\"2010-07-18T17:08:52+00:00\",\"dateModified\":\"2025-12-11T18:40:57+00:00\",\"description\":\"Desde principios del siglo XV, el retrato conoci\u00f3 un impulso decisivo en Venecia y una amplia difusi\u00f3n entre la nobleza y la burgues\u00eda urbana.\",\"breadcrumb\":{\"@id\":\"https:\/\/www.aparences.net\/es\/escuelas\/la-pintura-veneciana\/el-retrato-veneciano\/#breadcrumb\"},\"inLanguage\":\"es\",\"potentialAction\":[{\"@type\":\"ReadAction\",\"target\":[\"https:\/\/www.aparences.net\/es\/escuelas\/la-pintura-veneciana\/el-retrato-veneciano\/\"]}]},{\"@type\":\"ImageObject\",\"inLanguage\":\"es\",\"@id\":\"https:\/\/www.aparences.net\/es\/escuelas\/la-pintura-veneciana\/el-retrato-veneciano\/#primaryimage\",\"url\":\"https:\/\/www.aparences.net\/wp-content\/uploads\/2010\/07\/le-portrait-venitien.webp\",\"contentUrl\":\"https:\/\/www.aparences.net\/wp-content\/uploads\/2010\/07\/le-portrait-venitien.webp\",\"width\":1080,\"height\":540},{\"@type\":\"BreadcrumbList\",\"@id\":\"https:\/\/www.aparences.net\/es\/escuelas\/la-pintura-veneciana\/el-retrato-veneciano\/#breadcrumb\",\"itemListElement\":[{\"@type\":\"ListItem\",\"position\":1,\"name\":\"Portada\",\"item\":\"https:\/\/www.aparences.net\/es\/\"},{\"@type\":\"ListItem\",\"position\":2,\"name\":\"El retrato veneciano\"}]},{\"@type\":\"WebSite\",\"@id\":\"https:\/\/www.aparences.net\/es\/#website\",\"url\":\"https:\/\/www.aparences.net\/es\/\",\"name\":\"Aparences: Historia del Arte y Actualidad Cultural\",\"description\":\"\",\"publisher\":{\"@id\":\"https:\/\/www.aparences.net\/es\/#organization\"},\"potentialAction\":[{\"@type\":\"SearchAction\",\"target\":{\"@type\":\"EntryPoint\",\"urlTemplate\":\"https:\/\/www.aparences.net\/es\/?s={search_term_string}\"},\"query-input\":{\"@type\":\"PropertyValueSpecification\",\"valueRequired\":true,\"valueName\":\"search_term_string\"}}],\"inLanguage\":\"es\"},{\"@type\":\"Organization\",\"@id\":\"https:\/\/www.aparences.net\/es\/#organization\",\"name\":\"Aparences: Historia del Arte y Actualidad Cultural\",\"url\":\"https:\/\/www.aparences.net\/es\/\",\"logo\":{\"@type\":\"ImageObject\",\"inLanguage\":\"es\",\"@id\":\"https:\/\/www.aparences.net\/es\/#\/schema\/logo\/image\/\",\"url\":\"https:\/\/www.aparences.net\/wp-content\/uploads\/2023\/09\/logo-quadrat-color-e1695915315229.png\",\"contentUrl\":\"https:\/\/www.aparences.net\/wp-content\/uploads\/2023\/09\/logo-quadrat-color-e1695915315229.png\",\"width\":120,\"height\":120,\"caption\":\"Aparences: Historia del Arte y Actualidad Cultural\"},\"image\":{\"@id\":\"https:\/\/www.aparences.net\/es\/#\/schema\/logo\/image\/\"}},{\"@type\":\"Person\",\"@id\":\"https:\/\/www.aparences.net\/es\/#\/schema\/person\/af349f6ffc31b16c68963e61268afca5\",\"name\":\"admin\",\"url\":\"https:\/\/www.aparences.net\/es\/author\/admin\/\"}]}<\/script>\n<!-- \/ Yoast SEO plugin. -->","yoast_head_json":{"title":"El retrato veneciano","description":"Desde principios del siglo XV, el retrato conoci\u00f3 un impulso decisivo en Venecia y una amplia difusi\u00f3n entre la nobleza y la burgues\u00eda urbana.","robots":{"index":"index","follow":"follow","max-snippet":"max-snippet:-1","max-image-preview":"max-image-preview:large","max-video-preview":"max-video-preview:-1"},"canonical":"https:\/\/www.aparences.net\/es\/escuelas\/la-pintura-veneciana\/el-retrato-veneciano\/","og_locale":"es_ES","og_type":"article","og_title":"El retrato veneciano","og_description":"Desde principios del siglo XV, el retrato conoci\u00f3 un impulso decisivo en Venecia y una amplia difusi\u00f3n entre la nobleza y la burgues\u00eda urbana.","og_url":"https:\/\/www.aparences.net\/es\/escuelas\/la-pintura-veneciana\/el-retrato-veneciano\/","og_site_name":"Aparences","article_published_time":"2010-07-18T17:08:52+00:00","article_modified_time":"2025-12-11T18:40:57+00:00","og_image":[{"width":1080,"height":540,"url":"https:\/\/www.aparences.net\/wp-content\/uploads\/2010\/07\/le-portrait-venitien.webp","type":"image\/webp"}],"author":"admin","twitter_card":"summary_large_image","twitter_misc":{"Escrito por":"admin","Tiempo de lectura":"25 minutos"},"schema":{"@context":"https:\/\/schema.org","@graph":[{"@type":"Article","@id":"https:\/\/www.aparences.net\/es\/escuelas\/la-pintura-veneciana\/el-retrato-veneciano\/#article","isPartOf":{"@id":"https:\/\/www.aparences.net\/es\/escuelas\/la-pintura-veneciana\/el-retrato-veneciano\/"},"author":{"name":"admin","@id":"https:\/\/www.aparences.net\/es\/#\/schema\/person\/af349f6ffc31b16c68963e61268afca5"},"headline":"El retrato veneciano","datePublished":"2010-07-18T17:08:52+00:00","dateModified":"2025-12-11T18:40:57+00:00","mainEntityOfPage":{"@id":"https:\/\/www.aparences.net\/es\/escuelas\/la-pintura-veneciana\/el-retrato-veneciano\/"},"wordCount":4410,"publisher":{"@id":"https:\/\/www.aparences.net\/es\/#organization"},"image":{"@id":"https:\/\/www.aparences.net\/es\/escuelas\/la-pintura-veneciana\/el-retrato-veneciano\/#primaryimage"},"thumbnailUrl":"https:\/\/www.aparences.net\/wp-content\/uploads\/2010\/07\/le-portrait-venitien.webp","keywords":["el retrato veneciano","escuela veneciana","pintura veneciana","retrato de corte"],"articleSection":["La pintura veneciana"],"inLanguage":"es"},{"@type":["WebPage","ItemPage"],"@id":"https:\/\/www.aparences.net\/es\/escuelas\/la-pintura-veneciana\/el-retrato-veneciano\/","url":"https:\/\/www.aparences.net\/es\/escuelas\/la-pintura-veneciana\/el-retrato-veneciano\/","name":"El retrato veneciano","isPartOf":{"@id":"https:\/\/www.aparences.net\/es\/#website"},"primaryImageOfPage":{"@id":"https:\/\/www.aparences.net\/es\/escuelas\/la-pintura-veneciana\/el-retrato-veneciano\/#primaryimage"},"image":{"@id":"https:\/\/www.aparences.net\/es\/escuelas\/la-pintura-veneciana\/el-retrato-veneciano\/#primaryimage"},"thumbnailUrl":"https:\/\/www.aparences.net\/wp-content\/uploads\/2010\/07\/le-portrait-venitien.webp","datePublished":"2010-07-18T17:08:52+00:00","dateModified":"2025-12-11T18:40:57+00:00","description":"Desde principios del siglo XV, el retrato conoci\u00f3 un impulso decisivo en Venecia y una amplia difusi\u00f3n entre la nobleza y la burgues\u00eda urbana.","breadcrumb":{"@id":"https:\/\/www.aparences.net\/es\/escuelas\/la-pintura-veneciana\/el-retrato-veneciano\/#breadcrumb"},"inLanguage":"es","potentialAction":[{"@type":"ReadAction","target":["https:\/\/www.aparences.net\/es\/escuelas\/la-pintura-veneciana\/el-retrato-veneciano\/"]}]},{"@type":"ImageObject","inLanguage":"es","@id":"https:\/\/www.aparences.net\/es\/escuelas\/la-pintura-veneciana\/el-retrato-veneciano\/#primaryimage","url":"https:\/\/www.aparences.net\/wp-content\/uploads\/2010\/07\/le-portrait-venitien.webp","contentUrl":"https:\/\/www.aparences.net\/wp-content\/uploads\/2010\/07\/le-portrait-venitien.webp","width":1080,"height":540},{"@type":"BreadcrumbList","@id":"https:\/\/www.aparences.net\/es\/escuelas\/la-pintura-veneciana\/el-retrato-veneciano\/#breadcrumb","itemListElement":[{"@type":"ListItem","position":1,"name":"Portada","item":"https:\/\/www.aparences.net\/es\/"},{"@type":"ListItem","position":2,"name":"El retrato veneciano"}]},{"@type":"WebSite","@id":"https:\/\/www.aparences.net\/es\/#website","url":"https:\/\/www.aparences.net\/es\/","name":"Aparences: Historia del Arte y Actualidad Cultural","description":"","publisher":{"@id":"https:\/\/www.aparences.net\/es\/#organization"},"potentialAction":[{"@type":"SearchAction","target":{"@type":"EntryPoint","urlTemplate":"https:\/\/www.aparences.net\/es\/?s={search_term_string}"},"query-input":{"@type":"PropertyValueSpecification","valueRequired":true,"valueName":"search_term_string"}}],"inLanguage":"es"},{"@type":"Organization","@id":"https:\/\/www.aparences.net\/es\/#organization","name":"Aparences: Historia del Arte y Actualidad Cultural","url":"https:\/\/www.aparences.net\/es\/","logo":{"@type":"ImageObject","inLanguage":"es","@id":"https:\/\/www.aparences.net\/es\/#\/schema\/logo\/image\/","url":"https:\/\/www.aparences.net\/wp-content\/uploads\/2023\/09\/logo-quadrat-color-e1695915315229.png","contentUrl":"https:\/\/www.aparences.net\/wp-content\/uploads\/2023\/09\/logo-quadrat-color-e1695915315229.png","width":120,"height":120,"caption":"Aparences: Historia del Arte y Actualidad Cultural"},"image":{"@id":"https:\/\/www.aparences.net\/es\/#\/schema\/logo\/image\/"}},{"@type":"Person","@id":"https:\/\/www.aparences.net\/es\/#\/schema\/person\/af349f6ffc31b16c68963e61268afca5","name":"admin","url":"https:\/\/www.aparences.net\/es\/author\/admin\/"}]}},"_links":{"self":[{"href":"https:\/\/www.aparences.net\/es\/wp-json\/wp\/v2\/posts\/13196","targetHints":{"allow":["GET"]}}],"collection":[{"href":"https:\/\/www.aparences.net\/es\/wp-json\/wp\/v2\/posts"}],"about":[{"href":"https:\/\/www.aparences.net\/es\/wp-json\/wp\/v2\/types\/post"}],"author":[{"embeddable":true,"href":"https:\/\/www.aparences.net\/es\/wp-json\/wp\/v2\/users\/2"}],"replies":[{"embeddable":true,"href":"https:\/\/www.aparences.net\/es\/wp-json\/wp\/v2\/comments?post=13196"}],"version-history":[{"count":0,"href":"https:\/\/www.aparences.net\/es\/wp-json\/wp\/v2\/posts\/13196\/revisions"}],"wp:featuredmedia":[{"embeddable":true,"href":"https:\/\/www.aparences.net\/es\/wp-json\/wp\/v2\/media\/31362"}],"wp:attachment":[{"href":"https:\/\/www.aparences.net\/es\/wp-json\/wp\/v2\/media?parent=13196"}],"wp:term":[{"taxonomy":"category","embeddable":true,"href":"https:\/\/www.aparences.net\/es\/wp-json\/wp\/v2\/categories?post=13196"},{"taxonomy":"post_tag","embeddable":true,"href":"https:\/\/www.aparences.net\/es\/wp-json\/wp\/v2\/tags?post=13196"}],"curies":[{"name":"wp","href":"https:\/\/api.w.org\/{rel}","templated":true}]}}