{"id":13210,"date":"2010-07-21T12:13:38","date_gmt":"2010-07-21T10:13:38","guid":{"rendered":"https:\/\/www.aparences.net\/ecoles\/la-peinture-venitienne\/vittore-carpaccio\/"},"modified":"2025-12-11T19:40:57","modified_gmt":"2025-12-11T18:40:57","slug":"vittore-carpaccio-2","status":"publish","type":"post","link":"https:\/\/www.aparences.net\/es\/escuelas\/la-pintura-veneciana\/vittore-carpaccio-2\/","title":{"rendered":"Vittore Carpaccio"},"content":{"rendered":"<p><!--contents--><\/p>\n\n\n<h2 class=\"wp-block-heading\">Venecia a finales del siglo XV.<\/h2>\n\n\n\n<p>Vittore Carpaccio naci\u00f3 hacia 1465 y recibi\u00f3 su formaci\u00f3n art\u00edstica durante la \u00faltima d\u00e9cada del siglo. Por aquel entonces, Venecia se prepara a conquistar el t\u00edtulo de ciudad poderosa y la mejor gobernada de Occidente, como nos informa en sus <em>Memorias<\/em>, <a href=\"https:\/\/es.wikipedia.org\/wiki\/Philippe_de_Commines\">Philippe de Commines<\/a>, viajero atento e historiador muy cre\u00edble, sorprendido por aquella ciudad a la que fue enviado en 1495 para preparar la expedici\u00f3n de Carlos VIII. La Rep\u00fablica de San Marcos, desempe\u00f1aba ya entonces un papel de liderazgo en el Mediterr\u00e1neo gracias a su flota. A lo largo del Gran Canal, prosperaban los mercados y los <em>fondachi<\/em> extranjeros, y la ciudad iba tomando su aspecto definitivo.<\/p>\n\n\n\n<p>Los j\u00f3venes patricios asisten a la antigua Universidad de Padua, y, en Venecia, a los cursos que se imparten en la nueva Escuela de L\u00f3gica y de Filosof\u00eda Natural abierta en el Rialto y de otra escuela de orientaci\u00f3n humanista, abierta desde mediados del siglo XV cerca de San Marcos. A finales de siglo, ya se publican en Venecia obras modernas, reputadas tanto por la perfecci\u00f3n de su impresi\u00f3n como por la variedad de temas que tratan sobre cultura antigua y contempor\u00e1nea, y, sobre todo, gracias al <a href=\"https:\/\/es.wikipedia.org\/wiki\/Aldo_Manucio\">Aldo Manuzio<\/a>, que abre su imprenta en Venecia en 1489&nbsp; y publica vol\u00famenes de prestigio. El renacimiento de la vida cultural trastorna profundamente todos los \u00e1mbitos art\u00edsticos de Venecia. Las preciosas construcciones en m\u00e1rmol de Pietro Lombardo, edificios nuevos y antiguos, iglesias, <a href=\"https:\/\/www.aparences.net\/es\/escuelas\/la-pintura-veneciana\/venecia-al-inicio-del-renacimiento\/\"><em>scuole<\/em><\/a> y palacios se enriquecen con esculturas, objetos preciosos, frescos y pinturas t\u00edpicas de principios del Renacimiento.<\/p>\n\n\n<div class=\"wp-block-image\">\n<figure class=\"aligncenter size-full\"><img loading=\"lazy\" decoding=\"async\" width=\"489\" height=\"455\" src=\"https:\/\/www.aparences.net\/wp-content\/uploads\/2024\/01\/vittore-carpaccio-miracle-de-la-sainte-croix-1496.webp\" alt=\"Milagro de la reliquia de la Cruz, 1496, Vittore Carpaccio\" class=\"wp-image-31201\" title=\"Milagro de la reliquia de la Cruz, 1496, Vittore Carpaccio\"\/><figcaption class=\"wp-element-caption\"><em><strong>Milagro de la reliquia de la Cruz<\/strong>, 1496, <strong>Vittore Carpaccio<\/strong> <\/em><br><em>(Venecia, Galer\u00eda de la Academia)<\/em><\/figcaption><\/figure>\n<\/div>\n\n\n<p><em>La precisi\u00f3n con la que son representados los distintos lugares, nos recuerdan como era la vida de la ciudad en aquella \u00e9poca. Las g\u00f3ndolas privadas y las que serv\u00edan para pasar de una orilla a otra navegan sobre las aguas color pizarra del Gran Canal; los elegantes j\u00f3venes patricios miembros de las \u00ab<span class=\"st\">Compagnie della calza\u00bb<\/span> van conversando en grupos apretados bajo los arcos del Patriarca de Grado; la procesi\u00f3n pasa lentamente por el puente del Rialto, y en medio de la multitud se puede ver a orientales en viaje de negocios a Venecia.<\/em><\/p>\n\n\n<div class=\"wp-block-image\">\n<figure class=\"aligncenter size-full\"><img loading=\"lazy\" decoding=\"async\" width=\"482\" height=\"287\" src=\"https:\/\/www.aparences.net\/wp-content\/uploads\/2024\/01\/carpaccio_miracle_.webp\" alt=\"Milagro de la reliquia de la Cruz, Vittore Carpaccio\" class=\"wp-image-31203\" title=\"Milagro de la reliquia de la Cruz, Vittore Carpaccio\"\/><\/figure>\n<\/div>\n\n\n<p><em>Esta exploraci\u00f3n de la realidad se convierte en una imagen extremadamente fiel, a causa de la luz que da a las formas su aspecto m\u00e1s veraz, y a los colores sus tonos m\u00e1s precisos. El puente del Rialto se nos muestra como fue antes de desplomarse en 1524. M\u00e1s all\u00e1 de la construcci\u00f3n en madera, se puede entrever, a la izquierda, la galer\u00eda que era el punto de encuentro de los clientes del mercado del Rialto, uno de los m\u00e1s ricos de Occidente.<\/em><\/p>\n\n\n<div class=\"wp-block-image\">\n<figure class=\"aligncenter size-full\"><img loading=\"lazy\" decoding=\"async\" width=\"600\" height=\"337\" src=\"https:\/\/www.aparences.net\/wp-content\/uploads\/2024\/01\/carpaccio_retour_amb.webp\" alt=\"El regreso de los embajadores a la corte inglesa, Vittore Carpaccio\" class=\"wp-image-31205\" title=\"El regreso de los embajadores a la corte inglesa, Vittore Carpaccio\"\/><figcaption class=\"wp-element-caption\"><em><strong>El regreso de los embajadores a la corte inglesa<\/strong> (ciclo de Santa Ursula), <strong>Vittore Carpaccio<\/strong> (Venecia, Galer\u00eda de la Academia)<\/em><\/figcaption><\/figure>\n<\/div>\n\n\n<p><em> Toda la composici\u00f3n se basa en diagonales creadas para este majestuoso edificio, que parece competir con los edificios de Codussi de la misma \u00e9poca.<\/em><\/p>\n\n\n<div class=\"wp-block-image\">\n<figure class=\"aligncenter size-full\"><img loading=\"lazy\" decoding=\"async\" width=\"591\" height=\"370\" src=\"https:\/\/www.aparences.net\/wp-content\/uploads\/2024\/01\/vittore-carpaccio-retour-des-ambassadeurs.webp\" alt=\"El regreso de los embajadores a la corte inglesa, Vittore Carpaccio (Detalle)\" class=\"wp-image-31207\" title=\"El regreso de los embajadores a la corte inglesa, Vittore Carpaccio\"\/><\/figure>\n<\/div>\n\n\n<p><em>La magia y el encanto de los distintos planos degradados por la luz en una geometr\u00eda perfecta, se complementan con la densa riqueza del color, que a la p\u00e1lida luz de una ma\u00f1ana de finales de primavera confiere tonos \u00fanicos a las espl\u00e9ndidas vestimentas y sombreros suntuosos.<\/em><\/p>\n\n\n\n<p>Mientras el <a title=\"g\u00f3tico internacional\" href=\"https:\/\/www.aparences.net\/es\/periodos\/gotico-internacional\/\">g\u00f3tico internacional<\/a> arroja sus \u00faltimos destellos y se prolonga la interpretaci\u00f3n \u00absuave\u00bb del Renacimiento seg\u00fan <a title=\"Jacopo Bellini\" href=\"https:\/\/www.aparences.net\/es\/escuelas\/la-pintura-veneciana\/venecia-al-inicio-del-renacimiento\/#jacopo-bellini\">Jacopo Bellini<\/a> y <a title=\"Antonio Vivarini\" href=\"https:\/\/www.aparences.net\/es\/escuelas\/la-pintura-veneciana\/venecia-al-inicio-del-renacimiento\/#antonio-vivarini\">Antonio Vivarini<\/a>, el mundo del arte est\u00e1 dominado por admiradores de <a title=\"Donatello\" href=\"https:\/\/www.aparences.net\/es\/periodos\/el-quattrocento\/la-escultura-del-quattrocento-en-florencia\/#el-naturalismo-de-donatello\">Donatello<\/a> y otros artistas de la Toscana como <a title=\"Paolo Uccello\" href=\"https:\/\/www.aparences.net\/es\/periodos\/el-quattrocento\/paolo-uccello\/\">Paolo Uccello<\/a>, <a title=\"Filippo Lippi\" href=\"https:\/\/www.aparences.net\/es\/periodos\/el-quattrocento\/fra-filippo-lippi\/\">Filippo Lippi<\/a> y <a title=\"Andrea del Castagno\" href=\"https:\/\/www.aparences.net\/es\/arte-y-mecenazgo\/los-fresquistas-florentinos\/la-pintura-mural-de-paolo-uccello-y-benozzo-gozzoli\/#andrea-del-castagno\">Andrea del Castagno<\/a>, activos en Padua y Venecia. Mientras <a title=\"Gentile Bellini\" href=\"https:\/\/www.aparences.net\/es\/escuelas\/la-pintura-veneciana\/venecia-al-inicio-del-renacimiento\/#gentile-bellini\">Gentile Bellini<\/a> produce historias de celebraciones sagradas y profanas, todav\u00eda impregnadas de un estilo que recuerda a la Edad Media, <a title=\"Giovanni Bellini\" href=\"https:\/\/www.aparences.net\/es\/escuelas\/la-pintura-veneciana\/giovanni-bellini\/\">Giovanni Bellini<\/a> sera el primer gran maestro de la pintura en Venecia quien a trav\u00e9s de la armon\u00eda de los espacios y las luces, afirmar\u00e1 plenamente una nueva visi\u00f3n del hombre y del mundo. Adem\u00e1s de Bellini, hay otros artistas interesados en composiciones arquitect\u00f3nicas segun un dibujo preciso, en la plasticidad de las formas moldeadas por la luz, y en los colores esmaltados, inspirados en las obras que <a title=\"Antonello de Messina\" href=\"https:\/\/www.aparences.net\/es\/escuelas\/la-pintura-veneciana\/giovanni-bellini\/#el-interludio-de-antonello-da-messina\">Antonello da Messina<\/a> realiz\u00f3 durante su estancia en Venecia. Y es en el clima art\u00edstico de esa ciudad, excitante y variado, abierto a la inspiraci\u00f3n de la <a title=\"pintura flamenca\" href=\"https:\/\/www.aparences.net\/es\/escuelas\/los-primitivos-flamencos\/\">pintura flamenca<\/a> y los grabados n\u00f3rdicos, r\u00e1pida y f\u00e1cilmente difundidos, que tendr\u00e1 lugar la educaci\u00f3n art\u00edstica de Vittore Carpaccio.<\/p>\n\n\n\n<!-- AdBoxRight2020 --><ins class=\"adsbygoogle\"     style=\"display:block; margin-top:30px;\"     data-ad-client=\"ca-pub-2468002815867636\"     data-ad-slot=\"3496014735\"     data-ad-format=\"auto\"     data-full-width-responsive=\"false\"><\/ins><script> (adsbygoogle = window.adsbygoogle || []).push({});<\/script><h2 class=\"wp-block-heading\">Los Episodios de la vida de santa Ursula y las obras contempor\u00e1neas<\/h2>\n\n\n\n<p>Seg\u00fan los documentos, el 16 de noviembre de 1488 la Hermandad de Santa \u00darsula tom\u00f3 la decisi\u00f3n de \u00abrealizar lienzos que representen la historia de Santa Ursula\u00bb. El desarrollo del lenguaje art\u00edstico de Carpaccio es sorprendente ya que en poco m\u00e1s de cinco a\u00f1os (el ciclo se llev\u00f3 a cabo entre 1490 y 1496) y con un instinto figurativo muy seguro, realiza obras de tal poes\u00eda que podr\u00edan disputarle a Giovanni Bellini la primac\u00eda de la pintura en Venecia entre los siglos XV y XVI. Carpaccio conoci\u00f3 y estudi\u00f3 los frescos que <a title=\"Tommaso da Modena\" href=\"https:\/\/www.aparences.net\/es\/periodos\/el-trecento\/la-pintura-del-trecento-en-rimini-y-bolonia\/#tommaso-da-modena\">Tommaso da Modena<\/a> realiz\u00f3 entre 1355 y 1358 en Treviso. Supo inspirarse tambi\u00e9n en la traducci\u00f3n en lengua vern\u00e1cula de la <a href=\"https:\/\/es.wikipedia.org\/wiki\/La_leyenda_dorada\"><em>Leyenda Dorada<\/em><\/a> (<em>Legenda aurea<\/em> en lat\u00edn) de Jacopo da Vor\u00e1gine, traducida e impresa en Venecia en 1475. De esta pat\u00e9tica historia de amor y muerte, Carpaccio escogi\u00f3 representar los momentos m\u00e1s felices, no dudando en cambiar los temas: la llegada de los embajadores del rey pagano de Inglaterra a la corte del rey cristiano de Breta\u00f1a, para pedirle la mano de su hija Ursula para Ereo, hijo de su soberano; las condiciones que pone Ursula para aceptar ese matrimonio; la despedida y la salida en peregrinaci\u00f3n de Ursula; el sue\u00f1o en el que la joven recibe el anuncio de su inminente martirio; su encuentro con el Papa Ciriaco en Roma; la llegada a Colonia ocupada por los hunos; la masacre de los peregrinos y el funeral de Ursula; y, por \u00faltimo, esta vez en el retablo, la gloria de la santa acompa\u00f1ada de una multitud de m\u00e1rtires.<\/p>\n\n\n<div class=\"wp-block-image\">\n<figure class=\"aligncenter size-full\"><img loading=\"lazy\" decoding=\"async\" width=\"529\" height=\"356\" src=\"https:\/\/www.aparences.net\/wp-content\/uploads\/2024\/01\/vittore-carpaccio-arrivee-des-pelerins.webp\" alt=\"Llegada de los peregrinos a Colonia, Vittore Carpaccio\" class=\"wp-image-31209\" title=\"Llegada de los peregrinos a Colonia, Vittore Carpaccio\"\/><figcaption class=\"wp-element-caption\"><em><strong>Llegada de los peregrinos a Colonia<\/strong> (Vida de Santa Ursula), <strong>Vittore Carpaccio<\/strong> (Venecia, Galer\u00eda de la Academia)<\/em><\/figcaption><\/figure>\n<\/div>\n\n\n<p><em>Mientras que las naves del s\u00e9quito de Ursula van llegando lentamente a la orilla, a la izquierda, la nave en la que se encuentran Ursula y el papa Ciriaco ya ha echado el ancla, y los dos personajes se agachan para interrogar a un barquero.<\/em><\/p>\n\n\n<div class=\"wp-block-image\">\n<figure class=\"aligncenter size-full\"><img loading=\"lazy\" decoding=\"async\" width=\"430\" height=\"370\" src=\"https:\/\/www.aparences.net\/wp-content\/uploads\/2024\/01\/carpaccio_rencontre.webp\" alt=\"Encuentro de los peregrinos con el papa Ciriaco, Vittore Carpaccio\" class=\"wp-image-31212\" title=\"Encuentro de los peregrinos con el papa Ciriaco, Vittore Carpaccio\"\/><figcaption class=\"wp-element-caption\"><em><strong>Encuentro de los peregrinos con el papa Ciriaco<\/strong>, <\/em><br><em>(Venecia, Galer\u00eda de la Academia). <\/em><\/figcaption><\/figure>\n<\/div>\n\n\n<p><em>En esta escena, cada figura proyecta su propia sombra, lo que indica la hora en que tuvo lugar este encuentro hist\u00f3rico que Carpaccio envuelve en una atm\u00f3sfera encantada.<\/em><\/p>\n\n\n\n<p>Aunque la puesta en escena de las representaciones y su disposici\u00f3n en perspectiva en el espacio pongan de manifiesto una serie de desaciertos, ya se puede encontrar en esta obra las caracter\u00edsticas de lenguaje de Carpaccio: el ritmo lento, suspendido como por arte de magia, cuyo momento crucial se enfatiza; los efectos de luz observados minuciosamente hasta en los m\u00e1s m\u00ednimos detalles; la extraordinaria vitalidad de las sombras coloreadas. Con los a\u00f1os, el arte de Vittore Carpaccio se vuelve cada vez m\u00e1s abstracto y adquiere simult\u00e1neamente m\u00e1s realismo, sublimado a trav\u00e9s de l\u00edneas de perspectiva laterales y profundas, colores cuidadosamente escogidos y detalles de gran verismo.<\/p>\n\n\n<div class=\"wp-block-image\">\n<figure class=\"aligncenter size-full\"><img loading=\"lazy\" decoding=\"async\" width=\"640\" height=\"292\" src=\"https:\/\/www.aparences.net\/wp-content\/uploads\/2024\/01\/vittore-carpaccio-rencontre-des-fiances-et-depart-des-pelerins-1495-accademia.webp\" alt=\"Vida de Santa Ursula, Vittore Carpaccio\" class=\"wp-image-31214\" title=\"Vida de Santa Ursula, Vittore Carpaccio\"\/><\/figure>\n<\/div>\n\n<div class=\"wp-block-image\">\n<figure class=\"aligncenter size-full\"><img loading=\"lazy\" decoding=\"async\" width=\"600\" height=\"369\" src=\"https:\/\/www.aparences.net\/wp-content\/uploads\/2024\/01\/vittore-carpaccio-rencontre-des-fiances-1495-accademia-detail.webp\" alt=\"Vida de Santa Ursula, Vittore Carpaccio\" class=\"wp-image-31216\" title=\"Vida de Santa Ursula, Vittore Carpaccio\"\/><figcaption class=\"wp-element-caption\"><em><strong>Encuentro de los novios y marcha en peregrinaci\u00f3n<\/strong>, (Vida de Santa \u00darsula)<\/em>, <em>1495<\/em><br><em><strong>Vittore Carpaccio<\/strong> (Venecia, Galer\u00eda de la Academia)<\/em><\/figcaption><\/figure>\n<\/div>\n\n\n<p>El inter\u00e9s de Carpaccio por los desarrollos coloristas m\u00e1s recientes se pone de manifiesto en las tres escenas de las <em>Embajadas<\/em> en las que tambi\u00e9n se hace evidente la vocaci\u00f3n del artista por la puesta en escena perfecta de eventos teatrales o ceremonias religiosas y civiles de su tiempo. En la <em><strong>Llegada de los embajadores ingleses a la corte del rey de Breta\u00f1a<\/strong><\/em>, la espl\u00e9ndida arquitectura de la logia que da a una ciudad de la laguna, y la de la sala privada, llena de intimidad, marcan los diferentes momentos de la embajada y el encuentro de Ursula con su padre Mauro.<\/p>\n\n\n<div class=\"wp-block-image\">\n<figure class=\"aligncenter size-full\"><img loading=\"lazy\" decoding=\"async\" width=\"322\" height=\"460\" src=\"https:\/\/www.aparences.net\/wp-content\/uploads\/2024\/01\/vittore-carpaccio-arrivee-ambassadeurs-anglais-loggia.webp\" alt=\"Llegada de los embajadores ingleses, Vittore Carpaccio\" class=\"wp-image-31218\" title=\"Llegada de los embajadores ingleses, Vittore Carpaccio\"\/><figcaption class=\"wp-element-caption\"><em><strong>Llegada de los embajadores ingleses a la corte del rey de Breta\u00f1a<\/strong>, detalle, <strong>Vittore Carpaccio<\/strong> (Venecia, Galer\u00eda de la Academia)<\/em><\/figcaption><\/figure>\n<\/div>\n\n\n<p><em> Bajo el gran p\u00f3rtico y en actitudes desenvueltas y naturales, indiferentes al evento, elegantes j\u00f3venes miembros de la Corporaci\u00f3n de la Calza evolucionan entre las arcadas parcialmente a la sombra y en l\u00edneas que fugan en perspectiva r\u00e1pida.<\/em><\/p>\n\n\n<div class=\"wp-block-image\">\n<figure class=\"aligncenter size-full\"><img loading=\"lazy\" decoding=\"async\" width=\"410\" height=\"460\" src=\"https:\/\/www.aparences.net\/wp-content\/uploads\/2024\/01\/vittore-carpaccio-cycle-sainte-ursule-depart-des-ambassadeurs.webp\" alt=\"Salida de los embajadores (ciclo de Santa Ursula), Vittore Carpaccio \" class=\"wp-image-31220\" title=\"Salida de los embajadores (ciclo de Santa Ursula), Vittore Carpaccio \"\/><figcaption class=\"wp-element-caption\"><em><strong>Salida de los embajadores<\/strong> (ciclo de Santa Ursula), <\/em><br><em><strong>Vittore Carpaccio<\/strong> (Venecia, Galer\u00eda de la Academia) <\/em><\/figcaption><\/figure>\n<\/div>\n\n\n<p><em>Con esta escena Carpaccio nos conduce de nuevo a la magnificencia de una sala oficial. El interior de la Canciller\u00eda Diplom\u00e1tica est\u00e1 representado mediante perspectivas estrechas, como el gran porche que atraviesa las escaleras, encima de un grandioso arco que muestra el azul del cielo. Los personajes tienen movimientos estudiados para entender mejor su rango y funci\u00f3n.<\/em><\/p>\n\n\n<div class=\"wp-block-image\">\n<figure class=\"aligncenter size-full\"><img loading=\"lazy\" decoding=\"async\" width=\"436\" height=\"340\" src=\"https:\/\/www.aparences.net\/wp-content\/uploads\/2024\/01\/carpaccio_depart_ambss.webp\" alt=\"Salida de los embajadores, Vittore Carpaccio\" class=\"wp-image-31222\" title=\"Salida de los embajadores, Vittore Carpaccio\"\/><\/figure>\n<\/div>\n\n\n<p><em>La majestuosa dignidad de Mauro y sus consejeros contrasta con la actitud obsequiosa de los embajadores que le rinden homenaje, as\u00ed como la actitud altanera del Secretario que contrasta con la humilde actividad del escriba.<\/em><\/p>\n\n\n\n<p>Colocados en un orden predeterminado y sin embargo muy natural, actores y espectadores de esta historia de amor cort\u00e9s transitan por esos grandes espacios ba\u00f1ados de luz y color con impasible despreocupaci\u00f3n, como si se tratara de personajes contempor\u00e1neos asistiendo a eventos lejanos. Vittore Carpaccio pone de manifiesto las caracter\u00edsticas f\u00edsicas de los personajes, sus caracteres y estados de \u00e1nimo, como lo demuestran los numerosos retratos de miembros de la Scuola y otros <a href=\"https:\/\/www.aparences.net\/es\/escuelas\/la-pintura-veneciana\/el-retrato-veneciano\/\">retratos de venecianos de la \u00e9poca<\/a> como los Loredan, generosos mecenas de la sociedad de Santa \u00darsula, que fueron los primeros protectores del artista. En la tabla <em><strong>Dos damas venecianas<\/strong><\/em> posterior a 1500 (en el siglo XIX Ruskin le hab\u00eda puesto el t\u00edtulo de <em>Las cortesanas), <\/em>Carpaccio da una nueva interpretaci\u00f3n m\u00e1s suave de los colores mostrando a dos damas ociosas en poses negligentes, buscando un poco de frescor en medio del recinto de m\u00e1rmol de un jard\u00edn.<\/p>\n\n\n<div class=\"wp-block-image\">\n<figure class=\"aligncenter size-full\"><img loading=\"lazy\" decoding=\"async\" width=\"457\" height=\"383\" src=\"https:\/\/www.aparences.net\/wp-content\/uploads\/2024\/01\/vittore-carpaccio-dues-dames-venitiennes.webp\" alt=\"Dos damas venecianas, h. 1500, Vittore Carpaccio\" class=\"wp-image-31224\" title=\"Dos damas venecianas, h. 1500, Vittore Carpaccio\"\/><figcaption class=\"wp-element-caption\"><em><strong>Dos damas venecianas<\/strong>, h. 1500, <strong>Vittore Carpaccio<\/strong><\/em><br><em> (Venecia, Museo Correr)<\/em><\/figcaption><\/figure>\n<\/div>\n\n\n<p><em>La mayor de las damas est\u00e1 jugando con dos perros, mientras que la otra se apoya suavemente en la barandilla y sostiene en su mano derecha un pa\u00f1uelo, tal vez una prenda de amor. Delante de ella y en el suelo, entre un loro y un pavo real que despierta el inter\u00e9s del ni\u00f1o, se encuentra el t\u00edpico calzado (chapines) que llevaban las mujeres venecianas de la \u00e9poca; sobre la barandilla hay una maceta con un granado, que junto a la paloma, es una alusi\u00f3n al amor y la fertilidad en el matrimonio, y el blason pertenece a la familia veneciana de los Torella, de la que probablemente forman parte las dos mujeres. Carpaccio ha sabido dar a estas dos figuras femeninas un buena dosis de humor y de ligereza.<\/em><\/p>\n\n\n\n<h2 class=\"wp-block-heading\">El ciclo de San Giorgio degli Schiavoni<\/h2>\n\n\n\n<p>En 1502 Carpaccio realiz\u00f3 un segundo ciclo pict\u00f3rico, esta vez en la sede de una asociaci\u00f3n \u00abmenor\u00bb, la llamada Scuola degli Schiavoni porque inclu\u00eda entre sus miembros a d\u00e1lmatas que resid\u00edan en Venecia o de pasaje en esa ciudad, en su mayor\u00eda obreros o marineros. Las pinturas representan escenas de la vida de los santos patronos de la cofrad\u00eda, san Jer\u00f3nimo, san Jorge y san Trif\u00f3n. Los siete episodios dedicados a los santos se han tomado de Pietro de Natalibus y de <em>Jeronimus vita et transitus<\/em>, publicado en Venecia en 1485. En estas pinturas Carpaccio va tras las huellas de los \u00faltimos episodios que realiz\u00f3 de la vida de santa \u00darsula, dando a sus composiciones una unidad libre y variada de los lugares, y dosificando los colores en valores densos mediante acuerdos de consumada armon\u00eda. En la <em><strong>Visi\u00f3n de San Agust\u00edn<\/strong><\/em> Carpaccio ejecuta una obra maestra sublime. El encanto de este acogedor interior, reforzado por el poder expresivo del color, las sombras coloreadas y la vibrante brillantez, es extraordinario. La intensidad expresiva de los primeros lienzos de los Schiavoni se fue debilitando en los dos \u00faltimos que datan de 1507. En el <em>Bautismo de los selenitas<\/em>, la invenci\u00f3n del artista se agota un poco, como lo demuestra la puesta en escena arquitect\u00f3nica bastante convencional y la reutilizaci\u00f3n de viejos motivos, grupos de figuras y personajes ya vistos.<\/p>\n\n\n<div class=\"wp-block-image\">\n<figure class=\"aligncenter size-full\"><img loading=\"lazy\" decoding=\"async\" width=\"544\" height=\"400\" src=\"https:\/\/www.aparences.net\/wp-content\/uploads\/2024\/01\/vittore-carpaccio-vision-saint-augustin-1502.webp\" alt=\"La visi\u00f3n de san Agust\u00edn, 1502, Vittore Carpaccio \" class=\"wp-image-31226\" title=\"La visi\u00f3n de san Agust\u00edn, 1502, Vittore Carpaccio \"\/><figcaption class=\"wp-element-caption\"><em><strong>La visi\u00f3n de san Agust\u00edn<\/strong>, 1502, <strong>Vittore Carpaccio<\/strong> <\/em><br><em>(Venecia, Scuola di San Giorgio degli Schiavoni)<\/em><\/figcaption><\/figure>\n<\/div>\n\n\n<p><em>La habitaci\u00f3n en la que se produce el anuncio milagroso reproduce de forma ideal el estudio de un humanista culto y refinado de aquella \u00e9poca, \u00e1vido lector, amante de la astronom\u00eda, la escultura y la m\u00fasica; el interior es espacioso y el refinado mobiliario cuenta con incontables piezas de calidad que ocupan un lugar destacado en el escritorio, en el banquillo, en el amplio estrado situado debajo y en los estantes a lo largo de las paredes. Bajo la luz despiadada que entra de forma violenta por las ventanas, cada detalle adquiere una incre\u00edble pureza: las encuadernaciones de los vol\u00famenes, las p\u00e1ginas iluminadas de los misales y las partituras musicales; los brillantes clavos que fijan el terciopelo verde de la mesa; las peque\u00f1as esculturas renacentistas y el bronce dorado sobre el altar; los astrolabios y la gran esfera armilar; el peque\u00f1o bichon de pie sobre sus patas traseras que corta el haz de luz.<\/em><\/p>\n\n\n<div class=\"wp-block-image\">\n<figure class=\"aligncenter size-full\"><img loading=\"lazy\" decoding=\"async\" width=\"491\" height=\"340\" src=\"https:\/\/www.aparences.net\/wp-content\/uploads\/2024\/01\/carpaccio_stjerome.webp\" alt=\"San Jer\u00f3nimo y el le\u00f3n, 1500, Vittore Carpaccio\" class=\"wp-image-31228\" title=\"San Jer\u00f3nimo y el le\u00f3n, 1500, Vittore Carpaccio\"\/><figcaption class=\"wp-element-caption\"><em><strong>San Jer\u00f3nimo y el le\u00f3n<\/strong>, 1500, <strong>Vittore Carpaccio<\/strong> <\/em><br><em>(Venecia, Scuola di San Giorgio degli Schiavoni) <\/em><\/figcaption><\/figure>\n<\/div>\n\n\n<p><em>En la amplia plaza rodeada de arquitecturas h\u00e1bilmente dispuestas, la historia aparece llena de episodios, en su mayor\u00eda relacionados con la aparici\u00f3n de la fiera que el santo ha vuelto d\u00f3cil. Los monjes se dispersan por todos lados y sus ropas vuelan al viento, iluminando de azul y blanco cada una de las instalaciones del convento; y s\u00f3lo las palmeras, los orientales con turbante y algunos animales ex\u00f3ticos sit\u00faan el episodio en Bel\u00e9n, el lugar donde, seg\u00fan la \u00abLeyenda Dorada\u00bb se hab\u00eda retirado el obispo de Spalato.<\/em><\/p>\n\n\n<div class=\"wp-block-image\">\n<figure class=\"aligncenter size-full\"><img loading=\"lazy\" decoding=\"async\" width=\"620\" height=\"233\" src=\"https:\/\/www.aparences.net\/wp-content\/uploads\/2024\/01\/vittore-carpaccio-triomphe-de-saint-georges.webp\" alt=\"Triunfo de san Jorge, h. 1500, Vittore Carpaccio\" class=\"wp-image-31230\" title=\"Triunfo de san Jorge, h. 1500, Vittore Carpaccio\"\/><\/figure>\n<\/div>\n\n<div class=\"wp-block-image\">\n<figure class=\"aligncenter size-full\"><img loading=\"lazy\" decoding=\"async\" width=\"345\" height=\"400\" src=\"https:\/\/www.aparences.net\/wp-content\/uploads\/2024\/01\/carpaccio_triomphe_saint.webp\" alt=\"Triunfo de san Jorge, 1500, Vittore Carpaccio\" class=\"wp-image-31232\" title=\"Triunfo de san Jorge, 1500, Vittore Carpaccio\"\/><figcaption class=\"wp-element-caption\"><em><strong>Triunfo de san Jorge<\/strong>, h. 1500, <strong>Vittore Carpaccio<\/strong> (Venecia, Scuola di San Giorgio degli Schiavoni)<\/em> <\/figcaption><\/figure>\n<\/div>\n\n\n<p><em>En el centro, san Jorge, aislado, se pone de pie para dar el golpe de gracia al drag\u00f3n moribundo. En segundo plano, delante de los tonos marrones de las colinas y el azul del cielo sellado de nubes vaporosas, vemos la ciudad de Selene, con sus edificios de influencia oriental reconvertidos al gusto veneciano por la geometr\u00eda de las estructuras y motivos decorativos, especialmente la gran construcci\u00f3n en el plano central. Las vestimentas suntuosas de los espectadores y los lujosos arneses de sus corceles, forman a cada lado un seto de vivos colores.<\/em><\/p>\n\n\n<div class=\"wp-block-image\">\n<figure class=\"aligncenter size-full\"><img loading=\"lazy\" decoding=\"async\" width=\"533\" height=\"370\" src=\"https:\/\/www.aparences.net\/wp-content\/uploads\/2024\/01\/vittore-carpaccio-bapteme-selenites-scuola-san-giorgio.webp\" alt=\"Bautismo de los selenitas, 1500, Vittore Carpaccio\" class=\"wp-image-31234\" title=\"Bautismo de los selenitas, 1500, Vittore Carpaccio\"\/><figcaption class=\"wp-element-caption\"><em><strong>Bautismo de los selenitas<\/strong>, detalle, h. 1500, <strong>Vittore Carpaccio<\/strong> <\/em><br><em>(Venecia, Scuola di San Giorgio degli Schiavoni)<\/em><\/figcaption><\/figure>\n<\/div>\n\n\n<p>En los primeras telas de la <strong>Scuola di San Giorgio degli Schiavoni<\/strong>, el lenguaje art\u00edstico de Vittore Carpaccio, a pesar de haber llegado a la cima de su poes\u00eda, a partir de ahora va encontrarse aislado dentro del contexto veneciano. A principios de siglo, la ciudad era un complejo laboratorio donde innovaban artistas como <a href=\"https:\/\/www.aparences.net\/es\/periodos\/el-alto-renacimiento-en-pintura\/#leonardo-da-vinci:-florencia,-mil%C3%A1n,-amboise\">Leonardo da Vinci<\/a>, <a title=\"Alberto Durero\" href=\"https:\/\/www.aparences.net\/es\/periodos\/el-renacimiento-nordico\/alberto-durero\/\">Alberto Durero<\/a> y Fra Bartolomeo; donde <a title=\"Giorgione\" href=\"https:\/\/www.aparences.net\/es\/escuelas\/la-pintura-veneciana\/el-cinquecento-o-alto-renacimiento-en-venecia\/#giorgione\">Giorgione<\/a>, <a title=\"Sebastiano del Piombo\" href=\"https:\/\/www.aparences.net\/es\/escuelas\/la-pintura-veneciana\/el-cinquecento-o-alto-renacimiento-en-venecia\/#sebastiano-del-piombo\">Sebastiano del Piombo<\/a> y <a href=\"https:\/\/www.aparences.net\/es\/periodos\/lorenzo-lotto-biografia-y-obra\/\">Lorenzo Lotto<\/a> revolucionaban el color y por \u00faltimo, iban apareciendo las primeras tendencias del clasicismo establecido en Florencia y Roma por <a href=\"https:\/\/www.aparences.net\/es\/periodos\/el-alto-renacimiento-en-pintura\/#rafael:-urbino,-florencia,-roma\">Rafael <\/a>y <a title=\"Miguel \u00c1ngel\" href=\"https:\/\/www.aparences.net\/es\/arte-y-mecenazgo\/los-fresquistas-florentinos\/miguel-angel-frescos-de-la-sixtina\/\">Miguel \u00c1ngel<\/a>. Probablemente, Vittore Carpaccio permaneci\u00f3 ajeno a la tensi\u00f3n insoportable de la <a title=\"Fiesta del Rosario Durero\" href=\"https:\/\/www.aparences.net\/es\/periodos\/el-renacimiento-nordico\/alberto-durero\/#el-segundo-periodo-italiano\"><em>Fiesta del Rosario<\/em><\/a>, ejecutada en 1506 por Alberto Durero para la iglesia de San Bartolom\u00e9, y tambi\u00e9n a la libertad en los colores que el a\u00f1o anterior Giovanni Bellini hab\u00eda utilizado para el <a title=\"Retablo de San Zaccaria Bellini\" href=\"https:\/\/www.aparences.net\/es\/escuelas\/la-pintura-veneciana\/giovanni-bellini\/#%C3%9Altimas-obras-y-el-fest%C3%ADn-de-los-dioses\"><em>Retablo de san Zaccaria<\/em><\/a>. La desorientaci\u00f3n de Vittore Carpaccio frente a la rapidez de los cambios acaecidos en el mundo art\u00edstico veneciano y que ya se hab\u00eda manifestado en las \u00faltimas pinturas de San Giorgio degli Schiavoni, se hace a\u00fan m\u00e1s evidente en las <em>Escenas de la vida de la Virgen<\/em> realizadas entre 1504 y 1508 para la Scuola degli Albanesi. A pesar de ello, a veces todav\u00eda sabe mostrar, aunque sea a trav\u00e9s de temas que no tienen el poder de fascinaci\u00f3n de eventos fabulosos, un nuevo inter\u00e9s por los aspectos esenciales m\u00e1s cotidianos. Especialmente en el <em><strong>Nacimiento de la Virgen<\/strong><\/em>, donde explora con minuciosa atenci\u00f3n los interiores, encajando cada detalle del amueblamiento y evocando un interior a trav\u00e9s de gradaciones de colores p\u00e1lidos, suavizados por una luz difusa.<\/p>\n\n\n<div class=\"wp-block-image\">\n<figure class=\"aligncenter size-full\"><img loading=\"lazy\" decoding=\"async\" width=\"454\" height=\"460\" src=\"https:\/\/www.aparences.net\/wp-content\/uploads\/2024\/01\/vittore-carpaccio-naissance-de-la-vierge-bergame.webp\" alt=\"Nacimiento de la Virgen, 1505, Vittore Carpaccio\" class=\"wp-image-31236\" title=\"Nacimiento de la Virgen, 1505, Vittore Carpaccio\" srcset=\"https:\/\/www.aparences.net\/wp-content\/uploads\/2024\/01\/vittore-carpaccio-naissance-de-la-vierge-bergame.webp 454w, https:\/\/www.aparences.net\/wp-content\/uploads\/2024\/01\/vittore-carpaccio-naissance-de-la-vierge-bergame-100x100.webp 100w\" sizes=\"auto, (max-width: 454px) 100vw, 454px\" \/><figcaption class=\"wp-element-caption\"><em><strong>Nacimiento de la Virgen<\/strong>, 1505, <strong>Vittore Carpaccio<\/strong> <\/em><br><em>(Bergamo, Accademia Carrara)<\/em><\/figcaption><\/figure>\n<\/div>\n\n\n<p>En otras obras de la misma \u00e9poca o un poco m\u00e1s tard\u00edas, Vittore Carpaccio ofrece un estilo superior, sin dejar de ser fiel a la rigurosidad de la perspectiva, la precisi\u00f3n de los espacios, las alianzas de colores brillantes, y no parece haber sentido los cambios de \u00e9poca. La <em><strong>Presentaci\u00f3n de Jes\u00fas en el templo<\/strong><\/em> de la Galleria dell&#8217;Accademia de Venecia, fue ejecutado en 1510 para competir con el grandioso retablo pintado por Giovanni Bellini veinte a\u00f1os atr\u00e1s para el mismo edificio religioso, la iglesia de San Giobbe. Tanto la obra maestra de Bellini anuncia un derrame de colores \u00abmodernos\u00bb como el retablo de Carpaccio parece esmaltado bajo los efectos de la luz, que pule las formas pl\u00e1sticas en medio de arquitecturas de una sobriedad monumental. Sin embargo, Vittore Carpaccio todav\u00eda es capaz, cuando conserva intactos sus medios de expresi\u00f3n en los asuntos que corresponden a su vocaci\u00f3n humanista, de realizar logros originales de gran poes\u00eda, como en el retrato de <em><strong>Joven caballero en un paisaje<\/strong> <\/em>de la Colecci\u00f3n Thyssen, fechado en 1510.<\/p>\n\n\n<div class=\"wp-block-image\">\n<figure class=\"aligncenter size-full\"><img loading=\"lazy\" decoding=\"async\" width=\"544\" height=\"364\" src=\"https:\/\/www.aparences.net\/wp-content\/uploads\/2024\/01\/vittore-carpaccio-presentation-au-temple.webp\" alt=\"Presentaci\u00f3n de Jes\u00fas en el templo, 1510, Vittore Carpaccio\" class=\"wp-image-31238\" title=\"Presentaci\u00f3n de Jes\u00fas en el templo, 1510, Vittore Carpaccio\"\/><figcaption class=\"wp-element-caption\"><em><strong>Presentaci\u00f3n de Jes\u00fas en el templo<\/strong>, 1510, <strong>Vittore Carpaccio<\/strong> <\/em><br><em>(Venecia, Galer\u00eda de la Academia)<\/em><\/figcaption><\/figure>\n<\/div>\n\n<div class=\"wp-block-image\">\n<figure class=\"aligncenter size-full\"><img loading=\"lazy\" decoding=\"async\" width=\"596\" height=\"405\" src=\"https:\/\/www.aparences.net\/wp-content\/uploads\/2024\/01\/vittore-carpaccio-chevalier-dans-un-paysage.webp\" alt=\"Joven caballero en un paisaje, 1510, Vittore Carpaccio\" class=\"wp-image-31240\" title=\"Joven caballero en un paisaje, 1510, Vittore Carpaccio\"\/><figcaption class=\"wp-element-caption\"><em><strong>Joven caballero en un paisaje<\/strong>, 1510, <strong>Vittore Carpaccio<\/strong> (Madrid, Museo Thyssen Bornemisza)<\/em><\/figcaption><\/figure>\n<\/div>\n\n\n<p><em>El joven de pie vestido con armadura separa sus piernas mientras desenvaina la espada. Domina el paisaje y se describe con una precisi\u00f3n microsc\u00f3pica digna de artistas flamencos. En esta obra se pueden ver todas las especies posibles de flora y fauna; y el perfil del hombre con armadura montado a caballo, destaca con gran claridad delante de los muros del viejo castillo. En el lado opuesto se han representado los m\u00e1s m\u00ednimos detalles de la ciudad amurallada situada en la ladera de la colina, que se refleja en la superficie del mar y casi se funde con las monta\u00f1as escarpadas del fondo. El retrato del joven caballero perdido en sus sue\u00f1os se hace especialmente atractivo por el misterio que todav\u00eda hoy rodea su identidad, aunque permanece como un modelo idealizado de los protagonistas del Humanismo, de cuyas virtudes hace claramente alusi\u00f3n el lema MALO MORI-QUAM-FOEDARI (antes morir que contaminarse) que aparece junto al armi\u00f1o, s\u00edmbolo de pureza y de integridad.<\/em><\/p>\n\n\n\n<!-- AdBoxLeft2023 --><ins class=\"adsbygoogle\" style=\"display:block\" data-ad-client=\"ca-pub-2468002815867636\" data-ad-slot=\"1318022963\" data-ad-format=\"auto\" data-full-width-responsive=\"true\"><\/ins><script> (adsbygoogle = window.adsbygoogle || []).push({});<\/script><h2 class=\"wp-block-heading\">Episodios la vida de san Esteban y \u00faltimas obras<\/h2>\n\n\n\n<p>En el transcurso de los diez a\u00f1os en los que Tiziano fue tomando el lugar de Giovanni Bellini, como protagonista del Renacimiento veneciano en su apogeo, Vittore Carpaccio comenz\u00f3 y termin\u00f3 su \u00faltimo encargo importante. Se trataba una vez m\u00e1s de la decoraci\u00f3n de una scuola menor, la Hermandad de San Esteban. Esta Hermandad encarg\u00f3 al pintor, considerado claramente como el mejor especialista en la materia, representar en cinco <em>teleri<\/em> episodios de la vida de san Esteban. Carpaccio parece haber dado rienda suelta a una fantas\u00eda sin precedentes, representando exc\u00e9ntricas invenciones arquitect\u00f3nicas. En la <em>Disputa de san Esteban<\/em> el santo predica en una amplia logia cuya arquitectura es de gusto t\u00edpico lombardo y colocada en un ligero \u00e1ngulo. Los edificios se aprietan entre los profundos marrones de las colinas del Veneto, una mezcla de arquitecturas que recuerdan a un fabuloso Oriente y un Occidente igualmente imaginario.<\/p>\n\n\n<div class=\"wp-block-image\">\n<figure class=\"aligncenter size-full\"><img loading=\"lazy\" decoding=\"async\" width=\"601\" height=\"457\" src=\"https:\/\/www.aparences.net\/wp-content\/uploads\/2024\/01\/vittore-carpaccio-predication-de-saint-etienne-a-jerusalem-1514.webp\" alt=\"Predicaci\u00f3n de san Esteban en Jerusal\u00e9n, 1514, Vittore Carpaccio \" class=\"wp-image-31242\" title=\"Predicaci\u00f3n de san Esteban en Jerusal\u00e9n, 1514, Vittore Carpaccio \"\/><figcaption class=\"wp-element-caption\"><em><strong>Predicaci\u00f3n de san Esteban en Jerusal\u00e9n<\/strong>, 1514, <strong>Vittore Carpaccio<\/strong> (Par\u00eds, Mueo del Louvre)<\/em><\/figcaption><\/figure>\n<\/div>\n\n\n<p>En las \u00faltimas obras religiosas de Carpaccio, la calidad del color y la fuerza expresiva est\u00e1n ausentes, en gran parte debido al taller del artista: el <em>Pol\u00edptico de Santa Fosca<\/em> de 1514, y del mismo a\u00f1o, el retablo para el altar mayor de la iglesia de San Vitale de Venecia; los <em>Diez mil crucificados del Monte Ararat<\/em> (1515) Galer\u00eda de la Academia. Pero al menos dos veces durante el fin de su carrera, Carpaccio, bajo la inspiraci\u00f3n del mismo asunto que ya hab\u00eda estimulado su imaginaci\u00f3n, encuentra su antiguo br\u00edo creativo. Uno de ellos es el imponente Le\u00f3n de San Marcos, realizado en 1516 para el Magistrado de los Camarlengos del Rialto y que hoy se encuentra en el Palacio Ducal. M\u00e1s all\u00e1 del s\u00edmbolo de san Marcos, triunfante y aislado, vemos los lugares que durante m\u00e1s de cinco siglos han sido testigos de la grandeza de Venecia. Una imagen representativa del poder veneciano, tanto en tierra como en el mar, que fue pintada poco despu\u00e9s de que la Rep\u00fablica de san Marcos se encontrara en grave peligro de perder su independencia, tras el ataque de las principales potencias occidentales aliadas en 1509 en la Liga de Cambrai. Por otro lado, son sentimientos muy diferentes los que rigen la representaci\u00f3n de la <em>Lamentaci\u00f3n sobre Cristo muerto<\/em>, una obra que el esplendor de sus colores la acerca a la <em>Lapidaci\u00f3n de San Esteban<\/em> de 1520; se trata de una versi\u00f3n posterior, y todav\u00eda m\u00e1s alucinante, de la <em><strong>Meditaci\u00f3n sobre la Pasi\u00f3n de Cristo<\/strong><\/em> del Museo Metropolitano de Nueva York. Estas dos obras se encontraba en 1623 en Ferrara en la colecci\u00f3n de Roberto Canonici, con una misma atribuci\u00f3n a <a title=\"Andrea Mantegna\" href=\"https:\/\/www.aparences.net\/es\/arte-y-mecenazgo\/los-gonzaga-de-mantua\/andrea-mantegna-pintor-de-corte\/\">Andrea Mantegna<\/a>.<\/p>\n\n\n<div class=\"wp-block-image\">\n<figure class=\"aligncenter size-full\"><img loading=\"lazy\" decoding=\"async\" width=\"547\" height=\"430\" src=\"https:\/\/www.aparences.net\/wp-content\/uploads\/2024\/01\/vittore-carpaccio-meditation-sur-le-christ-mort-metropolitan-museum.webp\" alt=\"Meditaci\u00f3n sobre la Pasi\u00f3n, c. 1480-1510, Vittore Carpaccio\" class=\"wp-image-31244\" title=\"Meditaci\u00f3n sobre la Pasi\u00f3n, c. 1480-1510, Vittore Carpaccio\"\/><figcaption class=\"wp-element-caption\"><em><strong>Meditaci\u00f3n sobre la Pasi\u00f3n<\/strong>, c. 1480-1510, <strong>Vittore Carpaccio<\/strong>, <\/em><br><em>(Nueva York, Metropolitan Museum)<\/em><\/figcaption><\/figure>\n<\/div>\n\n\n<p>Durante la mayor parte de su carrera, Carpaccio puso de manifiesto su extraordinaria independencia de expresi\u00f3n en relaci\u00f3n con la tradici\u00f3n figurativa de Venecia, y mantuvo un profundo apego a la cultura de finales del siglo XV. Desde el comienzo de la \u00faltima d\u00e9cada de ese siglo, el lenguaje figurativo hab\u00eda alcanzado una conciencia plena y original, como resultado de las experiencias vividas en los c\u00edrculos humanistas m\u00e1s cultos. La dif\u00edcil elecci\u00f3n de Carpaccio de competir con las nuevas tendencias, content\u00e1ndose en reflejar la realidad objetiva en sue\u00f1os encantados de gran valor simb\u00f3lico, pero ajenos al naturalismo moderno, explica la ausencia de un taller organizado o de disc\u00edpulos de talento. Y en parte tambi\u00e9n explica, su funci\u00f3n de narrador epid\u00e9rmico y <a href=\"https:\/\/www.aparences.net\/es\/periodos\/pintura-de-genero-holandesa\/\">pintor de g\u00e9nero<\/a> en la que los historiadores del arte han confinado siempre a Vittore Carpaccio, antes que la cr\u00edtica moderna no le reconozca su grandeza creativa genial y solitaria.<\/p>\n\n\n<div class=\"wp-block-image\">\n<figure class=\"aligncenter size-full\"><img loading=\"lazy\" decoding=\"async\" width=\"620\" height=\"412\" src=\"https:\/\/www.aparences.net\/wp-content\/uploads\/2024\/01\/vittore-carpaccio-le-lion-de-saint-marc-palais-des-doges.webp\" alt=\"Le\u00f3n de San Marcos, 1516, Vittore Carpaccio\" class=\"wp-image-31246\" title=\"Le\u00f3n de San Marcos, 1516, Vittore Carpaccio\"\/><figcaption class=\"wp-element-caption\"><em><strong>Le\u00f3n de San Marcos<\/strong>, detalle, 1516, <strong>Vittore Carpaccio<\/strong> (Venecia, Palacio Ducal)<\/em><\/figcaption><\/figure>\n<\/div>\n\n\n<p><em>El imponente le\u00f3n sostine con una pata el volumen que lleva la tradicional inscripci\u00f3n PAX\/TIBI\/MAR\/CE\/E\/VANGELI \/STA\/MEUS. En esta extraordinaria vista representada en gran angular, el artista explora con meticulosa precisi\u00f3n la Cuenca de San Marcos hacia San Niccol\u00f2 di Lido, pasando por el coraz\u00f3n de Venecia, el Palacio Ducal, la Bas\u00edlica de San Marcos, las columnas de Todaro y Marcos, la Piazzetta, el campanario y la Torre del Reloj.<\/em><\/p>\n","protected":false},"excerpt":{"rendered":"<p>El inter\u00e9s de Carpaccio por los desarrollos coloristas m\u00e1s recientes es evidente en las \u00abEmbajadas\u00bb y en su vocaci\u00f3n por la puesta en escena perfecta.<\/p>\n","protected":false},"author":2,"featured_media":31198,"comment_status":"closed","ping_status":"closed","sticky":false,"template":"","format":"standard","meta":{"footnotes":""},"categories":[2327],"tags":[4837,281,2851,2427,2962,4844,307],"class_list":["post-13210","post","type-post","status-publish","format-standard","has-post-thumbnail","hentry","category-la-pintura-veneciana","tag-escuela-veneciana","tag-peintres-de-venise","tag-pintura-veneciana","tag-renacimiento","tag-vida-de-santa-ursula","tag-vittore-carpaccio-2","tag-vittore-carpaccio"],"yoast_head":"<!-- This site is optimized with the Yoast SEO plugin v27.2 - https:\/\/yoast.com\/product\/yoast-seo-wordpress\/ -->\n<title>Vittore Carpaccio<\/title>\n<meta name=\"description\" content=\"El inter\u00e9s de Carpaccio por los desarrollos coloristas m\u00e1s recientes es evidente en las &quot;Embajadas&quot; y en su vocaci\u00f3n por la puesta en escena perfecta.\" \/>\n<meta name=\"robots\" content=\"index, follow, max-snippet:-1, max-image-preview:large, max-video-preview:-1\" \/>\n<link rel=\"canonical\" href=\"https:\/\/www.aparences.net\/es\/escuelas\/la-pintura-veneciana\/vittore-carpaccio\/\" \/>\n<meta property=\"og:locale\" content=\"es_ES\" \/>\n<meta property=\"og:type\" content=\"article\" \/>\n<meta property=\"og:title\" content=\"Vittore Carpaccio\" \/>\n<meta property=\"og:description\" content=\"El inter\u00e9s de Carpaccio por los desarrollos coloristas m\u00e1s recientes es evidente en las &quot;Embajadas&quot; y en su vocaci\u00f3n por la puesta en escena perfecta.\" \/>\n<meta property=\"og:url\" content=\"https:\/\/www.aparences.net\/es\/escuelas\/la-pintura-veneciana\/vittore-carpaccio\/\" \/>\n<meta property=\"og:site_name\" content=\"Aparences\" \/>\n<meta property=\"article:published_time\" content=\"2010-07-21T10:13:38+00:00\" \/>\n<meta property=\"article:modified_time\" content=\"2025-12-11T18:40:57+00:00\" \/>\n<meta property=\"og:image\" content=\"https:\/\/www.aparences.net\/wp-content\/uploads\/2010\/07\/vittore-cartpaccio.webp\" \/>\n\t<meta property=\"og:image:width\" content=\"1080\" \/>\n\t<meta property=\"og:image:height\" content=\"540\" \/>\n\t<meta property=\"og:image:type\" content=\"image\/webp\" \/>\n<meta name=\"author\" content=\"admin\" \/>\n<meta name=\"twitter:card\" content=\"summary_large_image\" \/>\n<meta name=\"twitter:label1\" content=\"Escrito por\" \/>\n\t<meta name=\"twitter:data1\" content=\"admin\" \/>\n\t<meta name=\"twitter:label2\" content=\"Tiempo de lectura\" \/>\n\t<meta name=\"twitter:data2\" content=\"22 minutos\" \/>\n<script type=\"application\/ld+json\" class=\"yoast-schema-graph\">{\"@context\":\"https:\/\/schema.org\",\"@graph\":[{\"@type\":\"Article\",\"@id\":\"https:\/\/www.aparences.net\/es\/escuelas\/la-pintura-veneciana\/vittore-carpaccio\/#article\",\"isPartOf\":{\"@id\":\"https:\/\/www.aparences.net\/es\/escuelas\/la-pintura-veneciana\/vittore-carpaccio\/\"},\"author\":{\"name\":\"admin\",\"@id\":\"https:\/\/www.aparences.net\/es\/#\/schema\/person\/af349f6ffc31b16c68963e61268afca5\"},\"headline\":\"Vittore Carpaccio\",\"datePublished\":\"2010-07-21T10:13:38+00:00\",\"dateModified\":\"2025-12-11T18:40:57+00:00\",\"mainEntityOfPage\":{\"@id\":\"https:\/\/www.aparences.net\/es\/escuelas\/la-pintura-veneciana\/vittore-carpaccio\/\"},\"wordCount\":3989,\"publisher\":{\"@id\":\"https:\/\/www.aparences.net\/es\/#organization\"},\"image\":{\"@id\":\"https:\/\/www.aparences.net\/es\/escuelas\/la-pintura-veneciana\/vittore-carpaccio\/#primaryimage\"},\"thumbnailUrl\":\"https:\/\/www.aparences.net\/wp-content\/uploads\/2010\/07\/vittore-cartpaccio.webp\",\"keywords\":[\"escuela veneciana\",\"peintres de Venise\",\"pintura veneciana\",\"Renacimiento\",\"Vida de santa Ursula\",\"Vittore Carpaccio\",\"Vittore Carpaccio\"],\"articleSection\":[\"La pintura veneciana\"],\"inLanguage\":\"es\"},{\"@type\":[\"WebPage\",\"ItemPage\"],\"@id\":\"https:\/\/www.aparences.net\/es\/escuelas\/la-pintura-veneciana\/vittore-carpaccio\/\",\"url\":\"https:\/\/www.aparences.net\/es\/escuelas\/la-pintura-veneciana\/vittore-carpaccio\/\",\"name\":\"Vittore Carpaccio\",\"isPartOf\":{\"@id\":\"https:\/\/www.aparences.net\/es\/#website\"},\"primaryImageOfPage\":{\"@id\":\"https:\/\/www.aparences.net\/es\/escuelas\/la-pintura-veneciana\/vittore-carpaccio\/#primaryimage\"},\"image\":{\"@id\":\"https:\/\/www.aparences.net\/es\/escuelas\/la-pintura-veneciana\/vittore-carpaccio\/#primaryimage\"},\"thumbnailUrl\":\"https:\/\/www.aparences.net\/wp-content\/uploads\/2010\/07\/vittore-cartpaccio.webp\",\"datePublished\":\"2010-07-21T10:13:38+00:00\",\"dateModified\":\"2025-12-11T18:40:57+00:00\",\"description\":\"El inter\u00e9s de Carpaccio por los desarrollos coloristas m\u00e1s recientes es evidente en las \\\"Embajadas\\\" y en su vocaci\u00f3n por la puesta en escena perfecta.\",\"breadcrumb\":{\"@id\":\"https:\/\/www.aparences.net\/es\/escuelas\/la-pintura-veneciana\/vittore-carpaccio\/#breadcrumb\"},\"inLanguage\":\"es\",\"potentialAction\":[{\"@type\":\"ReadAction\",\"target\":[\"https:\/\/www.aparences.net\/es\/escuelas\/la-pintura-veneciana\/vittore-carpaccio\/\"]}]},{\"@type\":\"ImageObject\",\"inLanguage\":\"es\",\"@id\":\"https:\/\/www.aparences.net\/es\/escuelas\/la-pintura-veneciana\/vittore-carpaccio\/#primaryimage\",\"url\":\"https:\/\/www.aparences.net\/wp-content\/uploads\/2010\/07\/vittore-cartpaccio.webp\",\"contentUrl\":\"https:\/\/www.aparences.net\/wp-content\/uploads\/2010\/07\/vittore-cartpaccio.webp\",\"width\":1080,\"height\":540},{\"@type\":\"BreadcrumbList\",\"@id\":\"https:\/\/www.aparences.net\/es\/escuelas\/la-pintura-veneciana\/vittore-carpaccio\/#breadcrumb\",\"itemListElement\":[{\"@type\":\"ListItem\",\"position\":1,\"name\":\"Portada\",\"item\":\"https:\/\/www.aparences.net\/es\/\"},{\"@type\":\"ListItem\",\"position\":2,\"name\":\"Vittore Carpaccio\"}]},{\"@type\":\"WebSite\",\"@id\":\"https:\/\/www.aparences.net\/es\/#website\",\"url\":\"https:\/\/www.aparences.net\/es\/\",\"name\":\"Aparences: Historia del Arte y Actualidad Cultural\",\"description\":\"\",\"publisher\":{\"@id\":\"https:\/\/www.aparences.net\/es\/#organization\"},\"potentialAction\":[{\"@type\":\"SearchAction\",\"target\":{\"@type\":\"EntryPoint\",\"urlTemplate\":\"https:\/\/www.aparences.net\/es\/?s={search_term_string}\"},\"query-input\":{\"@type\":\"PropertyValueSpecification\",\"valueRequired\":true,\"valueName\":\"search_term_string\"}}],\"inLanguage\":\"es\"},{\"@type\":\"Organization\",\"@id\":\"https:\/\/www.aparences.net\/es\/#organization\",\"name\":\"Aparences: Historia del Arte y Actualidad Cultural\",\"url\":\"https:\/\/www.aparences.net\/es\/\",\"logo\":{\"@type\":\"ImageObject\",\"inLanguage\":\"es\",\"@id\":\"https:\/\/www.aparences.net\/es\/#\/schema\/logo\/image\/\",\"url\":\"https:\/\/www.aparences.net\/wp-content\/uploads\/2023\/09\/logo-quadrat-color-e1695915315229.png\",\"contentUrl\":\"https:\/\/www.aparences.net\/wp-content\/uploads\/2023\/09\/logo-quadrat-color-e1695915315229.png\",\"width\":120,\"height\":120,\"caption\":\"Aparences: Historia del Arte y Actualidad Cultural\"},\"image\":{\"@id\":\"https:\/\/www.aparences.net\/es\/#\/schema\/logo\/image\/\"}},{\"@type\":\"Person\",\"@id\":\"https:\/\/www.aparences.net\/es\/#\/schema\/person\/af349f6ffc31b16c68963e61268afca5\",\"name\":\"admin\",\"url\":\"https:\/\/www.aparences.net\/es\/author\/admin\/\"}]}<\/script>\n<!-- \/ Yoast SEO plugin. -->","yoast_head_json":{"title":"Vittore Carpaccio","description":"El inter\u00e9s de Carpaccio por los desarrollos coloristas m\u00e1s recientes es evidente en las \"Embajadas\" y en su vocaci\u00f3n por la puesta en escena perfecta.","robots":{"index":"index","follow":"follow","max-snippet":"max-snippet:-1","max-image-preview":"max-image-preview:large","max-video-preview":"max-video-preview:-1"},"canonical":"https:\/\/www.aparences.net\/es\/escuelas\/la-pintura-veneciana\/vittore-carpaccio\/","og_locale":"es_ES","og_type":"article","og_title":"Vittore Carpaccio","og_description":"El inter\u00e9s de Carpaccio por los desarrollos coloristas m\u00e1s recientes es evidente en las \"Embajadas\" y en su vocaci\u00f3n por la puesta en escena perfecta.","og_url":"https:\/\/www.aparences.net\/es\/escuelas\/la-pintura-veneciana\/vittore-carpaccio\/","og_site_name":"Aparences","article_published_time":"2010-07-21T10:13:38+00:00","article_modified_time":"2025-12-11T18:40:57+00:00","og_image":[{"width":1080,"height":540,"url":"https:\/\/www.aparences.net\/wp-content\/uploads\/2010\/07\/vittore-cartpaccio.webp","type":"image\/webp"}],"author":"admin","twitter_card":"summary_large_image","twitter_misc":{"Escrito por":"admin","Tiempo de lectura":"22 minutos"},"schema":{"@context":"https:\/\/schema.org","@graph":[{"@type":"Article","@id":"https:\/\/www.aparences.net\/es\/escuelas\/la-pintura-veneciana\/vittore-carpaccio\/#article","isPartOf":{"@id":"https:\/\/www.aparences.net\/es\/escuelas\/la-pintura-veneciana\/vittore-carpaccio\/"},"author":{"name":"admin","@id":"https:\/\/www.aparences.net\/es\/#\/schema\/person\/af349f6ffc31b16c68963e61268afca5"},"headline":"Vittore Carpaccio","datePublished":"2010-07-21T10:13:38+00:00","dateModified":"2025-12-11T18:40:57+00:00","mainEntityOfPage":{"@id":"https:\/\/www.aparences.net\/es\/escuelas\/la-pintura-veneciana\/vittore-carpaccio\/"},"wordCount":3989,"publisher":{"@id":"https:\/\/www.aparences.net\/es\/#organization"},"image":{"@id":"https:\/\/www.aparences.net\/es\/escuelas\/la-pintura-veneciana\/vittore-carpaccio\/#primaryimage"},"thumbnailUrl":"https:\/\/www.aparences.net\/wp-content\/uploads\/2010\/07\/vittore-cartpaccio.webp","keywords":["escuela veneciana","peintres de Venise","pintura veneciana","Renacimiento","Vida de santa Ursula","Vittore Carpaccio","Vittore Carpaccio"],"articleSection":["La pintura veneciana"],"inLanguage":"es"},{"@type":["WebPage","ItemPage"],"@id":"https:\/\/www.aparences.net\/es\/escuelas\/la-pintura-veneciana\/vittore-carpaccio\/","url":"https:\/\/www.aparences.net\/es\/escuelas\/la-pintura-veneciana\/vittore-carpaccio\/","name":"Vittore Carpaccio","isPartOf":{"@id":"https:\/\/www.aparences.net\/es\/#website"},"primaryImageOfPage":{"@id":"https:\/\/www.aparences.net\/es\/escuelas\/la-pintura-veneciana\/vittore-carpaccio\/#primaryimage"},"image":{"@id":"https:\/\/www.aparences.net\/es\/escuelas\/la-pintura-veneciana\/vittore-carpaccio\/#primaryimage"},"thumbnailUrl":"https:\/\/www.aparences.net\/wp-content\/uploads\/2010\/07\/vittore-cartpaccio.webp","datePublished":"2010-07-21T10:13:38+00:00","dateModified":"2025-12-11T18:40:57+00:00","description":"El inter\u00e9s de Carpaccio por los desarrollos coloristas m\u00e1s recientes es evidente en las \"Embajadas\" y en su vocaci\u00f3n por la puesta en escena perfecta.","breadcrumb":{"@id":"https:\/\/www.aparences.net\/es\/escuelas\/la-pintura-veneciana\/vittore-carpaccio\/#breadcrumb"},"inLanguage":"es","potentialAction":[{"@type":"ReadAction","target":["https:\/\/www.aparences.net\/es\/escuelas\/la-pintura-veneciana\/vittore-carpaccio\/"]}]},{"@type":"ImageObject","inLanguage":"es","@id":"https:\/\/www.aparences.net\/es\/escuelas\/la-pintura-veneciana\/vittore-carpaccio\/#primaryimage","url":"https:\/\/www.aparences.net\/wp-content\/uploads\/2010\/07\/vittore-cartpaccio.webp","contentUrl":"https:\/\/www.aparences.net\/wp-content\/uploads\/2010\/07\/vittore-cartpaccio.webp","width":1080,"height":540},{"@type":"BreadcrumbList","@id":"https:\/\/www.aparences.net\/es\/escuelas\/la-pintura-veneciana\/vittore-carpaccio\/#breadcrumb","itemListElement":[{"@type":"ListItem","position":1,"name":"Portada","item":"https:\/\/www.aparences.net\/es\/"},{"@type":"ListItem","position":2,"name":"Vittore Carpaccio"}]},{"@type":"WebSite","@id":"https:\/\/www.aparences.net\/es\/#website","url":"https:\/\/www.aparences.net\/es\/","name":"Aparences: Historia del Arte y Actualidad Cultural","description":"","publisher":{"@id":"https:\/\/www.aparences.net\/es\/#organization"},"potentialAction":[{"@type":"SearchAction","target":{"@type":"EntryPoint","urlTemplate":"https:\/\/www.aparences.net\/es\/?s={search_term_string}"},"query-input":{"@type":"PropertyValueSpecification","valueRequired":true,"valueName":"search_term_string"}}],"inLanguage":"es"},{"@type":"Organization","@id":"https:\/\/www.aparences.net\/es\/#organization","name":"Aparences: Historia del Arte y Actualidad Cultural","url":"https:\/\/www.aparences.net\/es\/","logo":{"@type":"ImageObject","inLanguage":"es","@id":"https:\/\/www.aparences.net\/es\/#\/schema\/logo\/image\/","url":"https:\/\/www.aparences.net\/wp-content\/uploads\/2023\/09\/logo-quadrat-color-e1695915315229.png","contentUrl":"https:\/\/www.aparences.net\/wp-content\/uploads\/2023\/09\/logo-quadrat-color-e1695915315229.png","width":120,"height":120,"caption":"Aparences: Historia del Arte y Actualidad Cultural"},"image":{"@id":"https:\/\/www.aparences.net\/es\/#\/schema\/logo\/image\/"}},{"@type":"Person","@id":"https:\/\/www.aparences.net\/es\/#\/schema\/person\/af349f6ffc31b16c68963e61268afca5","name":"admin","url":"https:\/\/www.aparences.net\/es\/author\/admin\/"}]}},"_links":{"self":[{"href":"https:\/\/www.aparences.net\/es\/wp-json\/wp\/v2\/posts\/13210","targetHints":{"allow":["GET"]}}],"collection":[{"href":"https:\/\/www.aparences.net\/es\/wp-json\/wp\/v2\/posts"}],"about":[{"href":"https:\/\/www.aparences.net\/es\/wp-json\/wp\/v2\/types\/post"}],"author":[{"embeddable":true,"href":"https:\/\/www.aparences.net\/es\/wp-json\/wp\/v2\/users\/2"}],"replies":[{"embeddable":true,"href":"https:\/\/www.aparences.net\/es\/wp-json\/wp\/v2\/comments?post=13210"}],"version-history":[{"count":0,"href":"https:\/\/www.aparences.net\/es\/wp-json\/wp\/v2\/posts\/13210\/revisions"}],"wp:featuredmedia":[{"embeddable":true,"href":"https:\/\/www.aparences.net\/es\/wp-json\/wp\/v2\/media\/31198"}],"wp:attachment":[{"href":"https:\/\/www.aparences.net\/es\/wp-json\/wp\/v2\/media?parent=13210"}],"wp:term":[{"taxonomy":"category","embeddable":true,"href":"https:\/\/www.aparences.net\/es\/wp-json\/wp\/v2\/categories?post=13210"},{"taxonomy":"post_tag","embeddable":true,"href":"https:\/\/www.aparences.net\/es\/wp-json\/wp\/v2\/tags?post=13210"}],"curies":[{"name":"wp","href":"https:\/\/api.w.org\/{rel}","templated":true}]}}