{"id":13220,"date":"2010-07-23T14:00:50","date_gmt":"2010-07-23T13:00:50","guid":{"rendered":"https:\/\/www.aparences.net\/ecoles\/les-primitifs-flamands\/la-pintura-flamenca-en-italia\/"},"modified":"2025-12-11T19:40:57","modified_gmt":"2025-12-11T18:40:57","slug":"la-pintura-flamenca-en-italia","status":"publish","type":"post","link":"https:\/\/www.aparences.net\/es\/escuelas\/los-primitivos-flamencos\/la-pintura-flamenca-en-italia\/","title":{"rendered":"La pintura flamenca en Italia"},"content":{"rendered":"<p><!--contents--><\/p>\n\n\n<h2 class=\"wp-block-heading\">Confrontaci\u00f3n de dos formas de creaci\u00f3n<\/h2>\n\n\n\n<p>El v\u00ednculo entre Italia y Flandes es muy especial, sobre todo si lo comparamos con el que se estableci\u00f3 entre la <strong>pintura flamenca<\/strong> y otras \u00e1reas art\u00edsticas de Europa, donde la influencia de la <strong>escuela flamenca<\/strong> fue asimilada con m\u00e1s intensidad. En Italia, la pintura flamenca nunca consigui\u00f3 alterar la evoluci\u00f3n hist\u00f3rica o determinar su fisonom\u00eda, precisamente porque este pa\u00eds fue en el siglo XV, el teatro de eventos art\u00edsticos de muy alto nivel que surgieron de una revisi\u00f3n profunda y completa de la realidad pict\u00f3rica.<\/p>\n\n\n\n<p> Italia fue el pa\u00eds de donde proced\u00edan los primeros y principales clientes de la pintura flamenca, todos de origen mercante o aristocr\u00e1tico; y fue tambi\u00e9n de Italia en el siglo XV, que nos llegaron los primeros documentos historiogr\u00e1ficos donde se elogiaba la <a title=\"pintura flamenca\" href=\"https:\/\/www.aparences.net\/es\/escuelas\/los-primitivos-flamencos\/\">pintura flamenca<\/a>. Fue sobre todo el conocimiento directo de las obras flamencas, lo que ejerci\u00f3 sobre algunos de los m\u00e1s grandes pintores del <a title=\"Quattrocento\" href=\"https:\/\/www.aparences.net\/es\/periodos\/el-quattrocento\/\">Quattrocento<\/a> tan fuerte seducci\u00f3n, que qued\u00f3 reflejada en un nuevo enriquecimiento de la representaci\u00f3n pict\u00f3rica de la realidad. Es esta b\u00fasqueda de lo real, lo que une las dos civilizaciones de pintura; y que a la lenta exploraci\u00f3n de realidades anal\u00edticas propias del arte flamenco, se opone, especialmente en Toscana, una conquista de esa realidad a trav\u00e9s de la definici\u00f3n del espacio y de la forma en su s\u00edntesis m\u00e1s brillante.<\/p>\n\n\n<div class=\"wp-block-image\">\n<figure class=\"aligncenter size-full\"><img loading=\"lazy\" decoding=\"async\" width=\"496\" height=\"408\" src=\"https:\/\/www.aparences.net\/wp-content\/uploads\/2024\/01\/hugo-van-der-goes-adoration-des-bergers-triptyque-portinari.webp\" alt=\"Adoraci\u00f3n de los pastores, Tr\u00edptico Portinari, Hugo van der Goes\" class=\"wp-image-30921\" title=\"Adoraci\u00f3n de los pastores, Tr\u00edptico Portinari, Hugo van der Goes\"\/><figcaption class=\"wp-element-caption\"><em><strong>Adoraci\u00f3n de los pastores<\/strong>, Tr\u00edptico Portinari, detalle del panel central, <\/em><br><em><strong>Hugo van der Goes<\/strong> (Florencia, Galer\u00eda de los Oficios)<\/em><\/figcaption><\/figure>\n<\/div>\n\n\n<p>Los vastos paisajes y los pastores realistas no constituyen un fen\u00f3meno exclusivamente florentino. <em>La Adoraci\u00f3n de los pastores<\/em> de Mantegna que data de 1450 ya reun\u00eda esas caracter\u00edsticas. <a title=\"Andrea Mantegna\" href=\"https:\/\/www.aparences.net\/es\/arte-y-mecenazgo\/los-gonzaga-de-mantua\/andrea-mantegna-pintor-de-corte\/\">Mantegna<\/a> compart\u00eda el gusto refinado de los humanistas, que conoci\u00f3 en Padua y en la corte erudita de <a title=\"Mantua\" href=\"https:\/\/www.aparences.net\/es\/arte-y-mecenazgo\/los-gonzaga-de-mantua\/\">Mantua<\/a> o en Venecia, donde sin duda, frecuent\u00f3 a la familia de su esposa, <a title=\"los Bellini\" href=\"https:\/\/www.aparences.net\/es\/escuelas\/la-pintura-veneciana\/giovanni-bellini\/\">los Bellini<\/a>. Toda una generaci\u00f3n de pintores venecianos encontr\u00f3 en Mategna a su jefe de filas. Y el inter\u00e9s por el estilo internacional tuvo un impacto enorme en la pintura renacentista del Veneto. En Florencia, el encargo de una <em>Natividad<\/em> a <a title=\"Ghirlandaio\" href=\"https:\/\/www.aparences.net\/es\/arte-y-mecenazgo\/los-fresquistas-florentinos\/frescos-de-domenico-ghirlandaio\/\">Ghirlandaio<\/a> pudo ser debido a una forma de competencia amistosa. El comitente fue de hecho uno de los socios m\u00e1s fieles de Tommaso Portinari &#8211; su ex socio del banco <a title=\"M\u00e9dicis\" href=\"https:\/\/www.aparences.net\/es\/arte-y-mecenazgo\/florencia-y-los-medicis\/\">M\u00e9dicis<\/a>, Francesco Sassetti. Es muy posible que Sassetti, deseoso de poseer un cuadro de cualidad casi igual a la obra maestra de Van der Goes, hubiera exigido que Ghirlandaio se basara en el<a title=\"Tr\u00edptico Portinari\" href=\"https:\/\/www.aparences.net\/es\/escuelas\/los-primitivos-flamencos\/los-sucesores-de-jan-van-eyck\/#el-retablo-portinari\"><em> Tr\u00edptico Portinari<\/em><\/a>.<\/p>\n\n\n<div class=\"wp-block-image\">\n<figure class=\"aligncenter size-full\"><img loading=\"lazy\" decoding=\"async\" width=\"437\" height=\"430\" src=\"https:\/\/www.aparences.net\/wp-content\/uploads\/2024\/01\/domenico-ghirlandaio-adoration-des-bergers.webp\" alt=\"Adoraci\u00f3n de los pastores, 1482-1485, Domenico Ghirlandaio\" class=\"wp-image-30923\" title=\"Adoraci\u00f3n de los pastores, 1482-1485, Domenico Ghirlandaio\"\/><figcaption class=\"wp-element-caption\"><em><strong>Adoraci\u00f3n de los pastores<\/strong>, 1482-1485, <strong>Domenico Ghirlandaio<\/strong> (Florencia, iglesia de la Santa Trinidad). <\/em><\/figcaption><\/figure>\n<\/div>\n\n\n<p><em>Hay grandes similitudes entre el grupo de pastores adorando al Ni\u00f1o de Hugo van der Goes y los pastores de Guirlandaio, pero su apariencia, sus rostros, donde se puede leer una tierna adoraci\u00f3n, son menos toscos que los pastores de Van der Goes.<\/em><\/p>\n\n\n<div class=\"wp-block-image\">\n<figure class=\"aligncenter size-full\"><img loading=\"lazy\" decoding=\"async\" width=\"494\" height=\"370\" src=\"https:\/\/www.aparences.net\/wp-content\/uploads\/2024\/01\/van-der-weyden-triptyque-portinari-enfants-du-donateur.webp\" alt=\"Tr\u00edptico Portinari, hijos del donante, Hugo van der Goes\" class=\"wp-image-30925\" title=\"Tr\u00edptico Portinari, hijos del donante, Hugo van der Goes\"\/><figcaption class=\"wp-element-caption\"><em><strong>Tr\u00edptico Portinari<\/strong>, detalle de los hijos del donante, h. 1475-1477,<\/em><br><em> <strong>Hugo van der Goes<\/strong> (Florencia, Galer\u00eda de los Oficios).<\/em><\/figcaption><\/figure>\n<\/div>\n\n\n<p><em> La llegada a Florencia de del Tr\u00edptico Portinari encargado por Tommaso Portinari para la iglesia de San Egidio del hospital de Santa Maria Nuova, fue un evento de tal envergadura que tom\u00f3 proporciones considerables, y puede ser considerado como el punto de partida de todos los ecos flamencos en la pintura florentina ulterior. Tambi\u00e9n hizo sensaci\u00f3n el hecho de incluir los retratos de los donantes y su familia. En el tr\u00edptico Tommaso Portinari ocupa un lugar destacado, dif\u00edcilmente comparable al de otros clientes italianos.<\/em><\/p>\n\n\n\n<p>Otro caso fascinante de las influencias n\u00f3rdicas en Florencia durante la cuarta y quinta d\u00e9cada del siglo, es la pintura de Domenico Veneziano, caso estrechamente relacionado con el enigma de su eventual formaci\u00f3n en el Norte. En la c\u00faspide de la carrera de Veneziano se encuentra su gran obra maestra el <em>Retablo de Santa Luc\u00eda en Magnoli,<\/em> probablemente pintado entre 1440 y 1450. La poes\u00eda de este retablo es el rayo de luz que pasa a trav\u00e9s de la pureza del m\u00e1rmol de colores y tambi\u00e9n la brillante nitidez que realza el m\u00e1s m\u00ednimo detalle de joyas, alfombras y ropajes: la suntuosa capa de san Zenobio, verdadera obra maestra del arte textil y la tiara cubierta de perlas, rivalizan con las de san Donato de Van Eyck en el <a title=\"Retablo Can\u00f3gigo van der Paele\" href=\"https:\/\/www.aparences.net\/es\/escuelas\/los-primitivos-flamencos\/el-realismo-en-la-pintura-flamenca\/#los-tres-maestros-del-ars-nova\"><em>Retablo del can\u00f3nigo Van der Paele<\/em><\/a>.<\/p>\n\n\n<div class=\"wp-block-image\">\n<figure class=\"aligncenter size-full\"><img loading=\"lazy\" decoding=\"async\" width=\"487\" height=\"369\" src=\"https:\/\/www.aparences.net\/wp-content\/uploads\/2024\/01\/van-eyck-chanoine-van-der-paele-saint-donatien-venziano-santa-lucia-in-magnoli.webp\" alt=\"Virgen del can\u00f3nigo van der Paele, Jan van Eyck; Retablo de Santa Luc\u00eda, Domenico Veneziano\" class=\"wp-image-30928\" title=\"Virgen del can\u00f3nigo van der Paele, Jan van Eyck; Retablo de Santa Luc\u00eda, Domenico Veneziano\"\/><figcaption class=\"wp-element-caption\"><em><strong>Virgen del can\u00f3nigo van der Paele<\/strong> (detalle de san Donato), <strong>Jan van Eyck<\/strong> (Brujas, Groeningemuseum); <strong>Retablo de Santa Luc\u00eda en Magnoli<\/strong> (detalle de san Zenobio), <strong>Domenico Veneziano<\/strong> (Florencia, Galleria degli Uffizi)<\/em><\/figcaption><\/figure>\n<\/div>\n\n\n<p>El caso del pintor siciliano Antonello da Messina ya era bien conocido en la \u00e9poca de Vasari: la adopci\u00f3n de la t\u00e9cnica del \u00f3leo, similar a la de los maestros del Norte y que siguiendo su ejemplo, adoptar\u00e1n <a title=\"Giovanni Bellini\" href=\"https:\/\/www.aparences.net\/es\/escuelas\/la-pintura-veneciana\/giovanni-bellini\/\">Giovanni Bellini<\/a> y <a title=\"Piero della Francesca\" href=\"https:\/\/www.aparences.net\/es\/arte-y-mecenazgo\/el-mecenazgo-en-urbino\/armas-y-letras-urbino-bajo-federico-da-montefeltro\/#piero-della-francesca-o-la-poes%C3%ADa-de-la-luz\">Piero della Francesca<\/a>. Estos tres pintores estuvieron estrechamente interrelacionados por el elemento flamenco, hasta la segunda ola de presencia flamenca en Liguria y su impacto en Lombard\u00eda entre finales del siglo XV y principios del XVI. Los numerosos acontecimientos hist\u00f3ricos sirven de tel\u00f3n de fondo a la evoluci\u00f3n del arte y demuestran la continuidad de los contactos art\u00edsticos a nivel internacional. Ninguna corte italiana no pod\u00eda competir con el coleccionismo de la aristocracia napolitana, que contaba con numerosas obras de <a title=\"Van Eyck\" href=\"https:\/\/www.aparences.net\/es\/escuelas\/los-primitivos-flamencos\/jan-van-eyck\/\">Van Eyck<\/a>. Sabemos que el rey <a title=\"Alfonso de Arag\u00f3n\" href=\"https:\/\/www.aparences.net\/es\/arte-y-mecenazgo\/los-aragon-de-napoles\/alfonso-de-napoles-y-el-arte-flamenco\/\">Alfonso de Arag\u00f3n<\/a>, antes de tomar posesi\u00f3n del reino de N\u00e1poles, ya hab\u00eda mostrado en su tierra natal, su entusiasmo por la pintura flamenca. Tanto es as\u00ed, que en \u00e9poca muy temprana (1431) envi\u00f3 a Flandes al pintor <a title=\"Llu\u00eds Dalmau\" href=\"https:\/\/www.aparences.net\/es\/escuelas\/los-primitivos-flamencos\/el-arte-flamenco-en-el-reino-catalano-aragones\/#llu%C3%ADs-dalmau:-entre-tradici%C3%B3n-e-innovaci%C3%B3n\">Llu\u00eds Dalmau<\/a> con el fin de adquirir conocimientos en t\u00e9cnicas pict\u00f3ricas. Tambi\u00e9n sabemos que <a title=\"Rogier van der Weyden a Italia\" href=\"https:\/\/www.aparences.net\/es\/escuelas\/los-primitivos-flamencos\/rogier-van-der-weyden\/#viaje-a-italia\">Rogier van der Weyden<\/a>, durante el viaje que hizo en Italia en 1450, ya era conocido en los c\u00edrculos cortesanos de <a title=\"Ferrara\" href=\"https:\/\/www.aparences.net\/es\/arte-y-mecenazgo\/la-ciudad-de-ferrara-bajo-los-este\/leonello-de-este\/\">Ferrara<\/a>, <a title=\"N\u00e1poles\" href=\"https:\/\/www.aparences.net\/es\/arte-y-mecenazgo\/los-aragon-de-napoles\/el-renacimiento-en-napoles-alfonso-v-el-magnanimo\/\">N\u00e1poles<\/a>, <a title=\"Urbino\" href=\"https:\/\/www.aparences.net\/es\/arte-y-mecenazgo\/el-mecenazgo-en-urbino\/armas-y-letras-urbino-bajo-federico-da-montefeltro\/\">Urbino<\/a> y <a title=\"Mil\u00e1n\" href=\"https:\/\/www.aparences.net\/es\/arte-y-mecenazgo\/el-ducado-de-milan\/milan-en-la-epoca-de-los-sforza\/\">Mil\u00e1n<\/a>. En esta \u00faltima corte, Bianca Maria Sforza duquesa de Mil\u00e1n envi\u00f3 una carta al duque de Borgo\u00f1a, en la que manifiesta tener la intenci\u00f3n de enviar al joven pintor de retratos Zanetto Bugatto a Bruselas, en aprendizaje en el taller de Rogier van der Weyden. Sabemos que Bugatto pas\u00f3 dos a\u00f1os all\u00ed y luego regres\u00f3 a Italia, pero su obra sigue siendo enigm\u00e1tica, ya que ninguna de sus pinturas ha sido firmada ni est\u00e1 documentada.<\/p>\n\n\n\n<!-- AdBoxRight2020 --><ins class=\"adsbygoogle\"     style=\"display:block; margin-top:30px;\"     data-ad-client=\"ca-pub-2468002815867636\"     data-ad-slot=\"3496014735\"     data-ad-format=\"auto\"     data-full-width-responsive=\"false\"><\/ins><script> (adsbygoogle = window.adsbygoogle || []).push({});<\/script><h2 class=\"wp-block-heading\">El arte flamenco en N\u00e1poles: Antonello da Messina, pintor italiano y flamenco<\/h2>\n\n\n\n<p>Es en Palermo donde debemos situar la formaci\u00f3n art\u00edstica de <a title=\"Antonello da Messina\" href=\"https:\/\/www.aparences.net\/es\/arte-y-mecenazgo\/los-aragon-de-napoles\/alfonso-de-napoles-y-el-arte-flamenco\/#antonello-da-messina\">Antonello da Messina<\/a>, en 1450, en el taller de <a title=\"Colantonio\" href=\"https:\/\/www.aparences.net\/es\/arte-y-mecenazgo\/los-aragon-de-napoles\/alfonso-de-napoles-y-el-arte-flamenco\/#niccol%C3%B2-colantonio\">Colantonio<\/a> y en contacto con una cultura que abarca experiencias flamencas, espa\u00f1olas y provenzales. Estudios recientes siguen abordando los abundantes intercambios culturales que N\u00e1poles vivi\u00f3 durante los tres o cuatro lustros que comprende la estancia napolitana del rey Renato y el reinado de <a title=\"Alfonso de Arag\u00f3n\" href=\"https:\/\/www.aparences.net\/es\/arte-y-mecenazgo\/los-aragon-de-napoles\/el-renacimiento-en-napoles-alfonso-v-el-magnanimo\/\">Alfonso de Arag\u00f3n<\/a>, periodo extremadamente rico en iniciativas art\u00edsticas. En sus primeras obras (<em>Madonna Salting<\/em>, Londres; <em>Crucifixi\u00f3n<\/em>, Bucarest), el espacio se impone con una nueva densidad, fruto de un temprano inter\u00e9s por el arte de Italia central. La cr\u00edtica conecta este esfuerzo de s\u00edntesis (entre la verdad microsc\u00f3pica flamenca y la sensibilidad italiana por el espacio) con un posible viaje de Antonello a Roma, donde conoci\u00f3 a <a title=\"fra Angelico\" href=\"https:\/\/www.aparences.net\/es\/periodos\/el-quattrocento\/fra-angelico\/\">Fra Angelico<\/a> y <a title=\"Piero della Francesca\" href=\"https:\/\/www.aparences.net\/es\/arte-y-mecenazgo\/los-fresquistas-florentinos\/piero-della-francesca-historia-de-una-sintesis\/\">Piero della Francesca<\/a>. Despu\u00e9s de una primera estancia en Venecia hacia 1470, durante la cual pudo conocer e influenciar a <a title=\"Giovanni Bellini\" href=\"https:\/\/www.aparences.net\/es\/escuelas\/la-pintura-veneciana\/giovanni-bellini\/\">Giovanni Bellini,<\/a> Antonello volvi\u00f3 a Sicilia y ejecut\u00f3 el <em>Pol\u00edptico de San Gregorio<\/em> s\u00edntesis importante del arte de Piero della Francesca, y <em>La Anunciaci\u00f3n<\/em> de Palazzolo, en cierto modo influenciado por la pintura flamenca. En 1474, se encontraba todav\u00eda en Venecia, donde produjo algunas obras maestras como el <em>Retablo de San Casiano<\/em>. Portador de un lenguaje complejo y articulado, que sab\u00eda armonizar el naturalismo de los <a title=\"pintores flamencos\" href=\"https:\/\/www.aparences.net\/es\/escuelas\/los-primitivos-flamencos\/\">pintores flamencos<\/a> con el gusto italiano por la perfecci\u00f3n formal y la definici\u00f3n pl\u00e1stica, Antonello (Messina, h. 1430-1479) tuvo una influencia decisiva en el arte italiano, especialmente en Venecia, donde ayud\u00f3 a Giovanni Bellini a utilizar con m\u00e1s libertad los colores y donde encontr\u00f3 int\u00e9rpretes importantes en artistas como <a title=\"Vittore Carpaccio\" href=\"https:\/\/www.aparences.net\/es\/escuelas\/la-pintura-veneciana\/vittore-carpaccio\/\">Carpaccio<\/a>, Cima da Conegliano y Alvise Vivarini. Su renovaci\u00f3n pict\u00f3rica y su pr\u00e1ctica tan sorprendente del retrato, podr\u00edan sugerir un hipot\u00e9tico viaje a Flandes. En su interpretaci\u00f3n de los rostros, Antonello focaliza su atenci\u00f3n en la mirada del personaje, utilizando la t\u00e9cnica fina y brillante de la pintura al \u00f3leo, lo que puede considerarse como un desarrollo de <a title=\"ejemplos eyckianos\" href=\"https:\/\/www.aparences.net\/es\/escuelas\/los-primitivos-flamencos\/jan-van-eyck\/\">ejemplos eyckianos<\/a>, como en el <a href=\"https:\/\/www.nationalgallery.org.uk\/paintings\/jan-van-eyck-portrait-of-a-man-self-portrait\"><em>Retrato de un hombre<\/em><\/a> (autorretrato ?) de la National Gallery de Londres.<\/p>\n\n\n<div class=\"wp-block-image\">\n<figure class=\"aligncenter size-full\"><img loading=\"lazy\" decoding=\"async\" width=\"545\" height=\"380\" src=\"https:\/\/www.aparences.net\/wp-content\/uploads\/2024\/01\/van-eyck-antonello-da-messina-portraits.webp\" alt=\"Retrato de un hombre, Jan van Eyck; Retrato de un hombre, Antonello da Messina\" class=\"wp-image-30930\" title=\"Retrato de un hombre, Jan van Eyck; Retrato de un hombre, Antonello da Messina\"\/><figcaption class=\"wp-element-caption\"><em><strong>Retrato de un hombre<\/strong> (Leal Souvenir), 1432, <strong>Jan van Eyck <\/strong>(Londres, National Gallery); <strong>Retrato de un hombre<\/strong>, 1475, <strong>Antonello da Messina<\/strong> (Roma, Galleria Borghese).<\/em><\/figcaption><\/figure>\n<\/div>\n\n\n<p><em>Alrededor de 1430, Van Eyck y sus contempor\u00e1neos hab\u00edan abandonado el retrato de perfil, practicado en Europa en el siglo XIV (por ejemplo, <a title=\"Retrato Leonello d'Este Pisanello\" href=\"https:\/\/www.aparences.net\/es\/arte-y-mecenazgo\/la-ciudad-de-ferrara-bajo-los-este\/leonello-de-este\/#leonello-d%27este-%281407-1450%29\">retrato de Leonello d&#8217;Este por Pisanello<\/a>) por la vista de tres cuartos, lo que revela un sector m\u00e1s amplio de la cara, mientras se muestra la estructura tridimensional de la cabeza y el cuerpo; a menudo las manos se integran en la imagen. La iluminaci\u00f3n realista, la textura que proporciona la pintura al \u00f3leo, ayud\u00f3 a producir la ilusi\u00f3n de realidad, inaccesible a los italianos que trabajaban al temple y continuaban con la vista lateral, en dos dimensiones y m\u00e1s hier\u00e1tica. Desde 1470 aproximadamente, la vista de tres cuartos reemplaz\u00f3 la vista perfil que s\u00f3lo se practicaba cuando las circunstancias lo exig\u00edan. Al igual que muchos pintores venecianos, Antonello da Messina apostaba por fondos oscuros y una iluminaci\u00f3n concentrada como en los retratos de Van Eyck.<\/em><\/p>\n\n\n<div class=\"wp-block-image\">\n<figure class=\"aligncenter size-full\"><img loading=\"lazy\" decoding=\"async\" width=\"288\" height=\"368\" src=\"https:\/\/www.aparences.net\/wp-content\/uploads\/2024\/01\/antonello_portrait_homme.webp\" alt=\"Retrato de un hombre, autorretrato, 1475-1476, Antonello da Messina\" class=\"wp-image-30932\" title=\"Retrato de un hombre, autorretrato, 1475-1476, Antonello da Messina\"\/><figcaption class=\"wp-element-caption\"><em><strong>Retrato de un hombre<\/strong> (autorretrato?), 1475-1476, <strong>Antonello da Messina<\/strong><\/em><br><em> (Londres, National Gallery)<\/em><\/figcaption><\/figure>\n<\/div>\n\n\n<p><em>Este \u00abRetrato de un hombre\u00bb es tan similar al \u00abRetrato de un hombre\u00bb de Petrus Christus del museo de Los Angeles, que no hace m\u00e1s que confirmar la \u00edndole flamenca del arte de Antonello. Considerado como un autorretrato, la mirada directa, como si lo hubiera pintado delante de un espejo, es t\u00edpico de los autorretratos. La atenci\u00f3n al detalle y la intensidad de la expresi\u00f3n, es comparable a los retratos flamencos. Es el dominio de la pintura al \u00f3leo lo que permite a Antonello lograr estos efectos.<\/em><\/p>\n\n\n<div class=\"wp-block-image\">\n<figure class=\"aligncenter size-full\"><img loading=\"lazy\" decoding=\"async\" width=\"321\" height=\"410\" src=\"https:\/\/www.aparences.net\/wp-content\/uploads\/2024\/01\/antonello-da-messina-attribution-madonna-salting.webp\" alt=\"La Virgen con el Ni\u00f1o, atribuida a Antonello da Messina\" class=\"wp-image-30934\" title=\"La Virgen con el Ni\u00f1o, atribuida a Antonello da Messina\"\/><figcaption class=\"wp-element-caption\"><em><strong>La Virgen con el Ni\u00f1o<\/strong> (Madonna Salting), 1460-69, atribuido a <strong>Antonello da Messina<\/strong><\/em><br><em> (Londres, National Gallery)<\/em><\/figcaption><\/figure>\n<\/div>\n\n\n<p><em>En esta \u00abVirgen con el Ni\u00f1o\u00bb, considerada como una de las posibles primeras obras del pintor, hay que destacar la fuerza pl\u00e1stica de la pintura de Borgo\u00f1a y de Provenza, evidente en los drapeados amplios y majestuosos del manto y las joyas, y el gusto de la Pen\u00ednsula Ib\u00e9rica por los tonos quemados. La Virgen aparece no s\u00f3lo como la madre de Cristo, sino como la Reina del Cielo, con dos \u00e1ngeles que sostienen su corona. El Ni\u00f1o sostiene en su mano una granada, s\u00edmbolo de su Pasi\u00f3n.<\/em><\/p>\n\n\n<div class=\"wp-block-image\">\n<figure class=\"aligncenter size-full\"><img loading=\"lazy\" decoding=\"async\" width=\"610\" height=\"274\" src=\"https:\/\/www.aparences.net\/wp-content\/uploads\/2024\/01\/antonello-da-messina-attribution-madone-salting-.webp\" alt=\"La Virgen con el Ni\u00f1o, atribuida a Antonello da Messina (Detalle)\" class=\"wp-image-30936\" title=\"La Virgen con el Ni\u00f1o, atribuida a Antonello da Messina\"\/><\/figure>\n<\/div>\n\n\n<p><em> Esta pintura fue realizada probablemente en la d\u00e9cada de 1460 cuando Antonello trabaj\u00f3 en Sicilia y es probable que se utilizara para la devoci\u00f3n privada. Los \u00e1ngeles y la corona evocan la pintura flamenca, muy conocida en N\u00e1poles en la misma \u00e9poca.<\/em><\/p>\n\n\n\n<!-- AdBoxLeft2023 --><ins class=\"adsbygoogle\" style=\"display:block\" data-ad-client=\"ca-pub-2468002815867636\" data-ad-slot=\"1318022963\" data-ad-format=\"auto\" data-full-width-responsive=\"true\"><\/ins><script> (adsbygoogle = window.adsbygoogle || []).push({});<\/script><h2 class=\"wp-block-heading\">Piero della Francesca y el apogeo del gusto flamenco en Urbino<\/h2>\n\n\n\n<p>Durante la d\u00e9cada de 1465-1475, primero Piero della Francesca y despu\u00e9s Giovanni Bellini, intentan adoptar las brillantes sutilezas de la pintura flamenca, incluso perfeccion\u00e1ndola con una t\u00e9cnica mixta (\u00f3leo y temple); su encuentro con Antonello da Messina no debi\u00f3 ser ajeno a esas experiencias. Con respecto a Piero della Francesca, el \u00faltimo per\u00edodo de su carrera parece estar dominado por la b\u00fasqueda de soluciones pict\u00f3ricas dif\u00edciles, b\u00fasqueda que refleja su incansable fervor creativo que iba a llevarle en breve al tratado sobre la perspectiva. Piero della Francesca adopta la nueva t\u00e9cnica flamenca en plena madurez y casi de improviso, despu\u00e9s de haber ejecutado el <em>Pol\u00edptico de San Antonio<\/em> de Perugia y en concreto en el <em>D\u00edptico Montefeltro<\/em> de los Uffizi y la <a title=\"Virgen de Senigallia\" href=\"https:\/\/www.aparences.net\/es\/arte-y-mecenazgo\/el-mecenazgo-en-urbino\/armas-y-letras-urbino-bajo-federico-da-montefeltro\/#piero-della-francesca-o-la-poes%C3%ADa-de-la-luz\"><em>Virgen de Senigallia<\/em><\/a> de Urbino. Previtali se\u00f1ala que el problema pict\u00f3rico que se le presenta a Piero della Francesca despu\u00e9s de los <a title=\"frescos de Arezzo\" href=\"https:\/\/www.aparences.net\/es\/arte-y-mecenazgo\/los-fresquistas-florentinos\/piero-della-francesca-historia-de-una-sintesis\/\">frescos de Arezzo<\/a> es el tercer punto de la subdivisi\u00f3n de <a title=\"Alberti\" href=\"https:\/\/www.aparences.net\/es\/periodos\/el-quattrocento\/los-arquitectos-del-quattrocento-en-florencia\/\">Alberti<\/a>, <em>disegno<\/em>, <em>commensuratio<\/em> y <em>colorare<\/em>: el color es principalmente la manera en como los colores \u00abtoman las variaciones de la luz\u00bb. La experiencia de Domenico Veneziano en el <em>Retablo de Santa Luc\u00eda en Magnoli<\/em> no escap\u00f3 a la atenci\u00f3n de Piero, puesto que por primera vez en Florencia, surge el problema de c\u00f3mo reintegrar la calidad anal\u00edtica de la realidad en el seno de la ciencia florentina de la perspectiva. Adem\u00e1s, no hay que olvidar que Piero della Francesca tuvo la oportunidad de observar obras flamencas durante sus viajes: una primera vez a <a title=\"Ferrara\" href=\"https:\/\/www.aparences.net\/es\/arte-y-mecenazgo\/la-ciudad-de-ferrara-bajo-los-este\/leonello-de-este\/#leonello-y-los-talentos-importados\">Ferrara<\/a>, en el a\u00f1o 1450, luego a <a title=\"Urbino\" href=\"https:\/\/www.aparences.net\/es\/arte-y-mecenazgo\/el-mecenazgo-en-urbino\/armas-y-letras-urbino-bajo-federico-da-montefeltro\/#piero-della-francesca-o-la-poes%C3%ADa-de-la-luz\">Urbino<\/a> donde el gusto por la <a title=\"pintura flamenca\" href=\"https:\/\/www.aparences.net\/es\/escuelas\/los-primitivos-flamencos\/\">pintura flamenca<\/a> se hab\u00eda desarrollado al mismo tiempo que en Ferrara, adem\u00e1s de lo que pudo aprender de Antonello da Messina, en el encuentro que tuvo lugar en 1460. Piero della Francesca se encontraba en Urbino en plena actividad art\u00edstica, mientras <a title=\"Justo de Gante\" href=\"https:\/\/www.aparences.net\/es\/escuelas\/los-primitivos-flamencos\/los-sucesores-de-jan-van-eyck\/#joos-van-wassenhove-%28justo-de-gante%29\">Justo de Gante<\/a> o Joos van Wassenhove, trabajaba en <a title=\"Comuni\u00f3n de los Ap\u00f3stoles\" href=\"https:\/\/www.aparences.net\/es\/arte-y-mecenazgo\/el-mecenazgo-en-urbino\/armas-y-letras-urbino-bajo-federico-da-montefeltro\/\"><em>La Comuni\u00f3n de los Ap\u00f3stoles<\/em><\/a>, encargada por el propio duque, como indican los documentos.<\/p>\n\n\n<div class=\"wp-block-image\">\n<figure class=\"aligncenter size-full\"><img loading=\"lazy\" decoding=\"async\" width=\"519\" height=\"360\" src=\"https:\/\/www.aparences.net\/wp-content\/uploads\/2010\/07\/piero_diptyque_urbino.webp\" alt=\"D\u00edptico de Urbino, Federico da Montefeltro, Piero della Francesca\" class=\"wp-image-30938\" title=\"D\u00edptico de Urbino, Federico da Montefeltro, Piero della Francesca\"\/><figcaption class=\"wp-element-caption\"><em><strong>Retrato de Federico da Montefeltro<\/strong>, recto y verso, (D\u00edptico Montefeltro), 1465-1466, <strong>Piero della Francesca<\/strong> (Borgo San Sepolcro, Arezzo 1415\/20 &#8211; 1492) (Florencia, Galleria degli Uffizi)<\/em><\/figcaption><\/figure>\n<\/div>\n\n\n<p><em>Piero della Francesca adopta de forma evidente soluciones claramente flamencas; en el recto y verso de las dos pinturas, los paisajes flamencos ostentan elementos t\u00edpicos de los paisajes de esta escuela como el r\u00edo que serpentea surcado por barcos. Piero della Francesca pone en pr\u00e1ctica aqu\u00ed esa visi\u00f3n a dos niveles o \u00ab&nbsp;en terraza&nbsp;\u00bb identificada por Meiss como el tipo de visi\u00f3n puesta en pr\u00e1ctica sobre todo por Van Eyck, por ejemplo en la <a title=\"Virgen del Can\u00f3nigo Van der Paele\" href=\"https:\/\/www.aparences.net\/es\/escuelas\/los-primitivos-flamencos\/jan-van-eyck\/#jan-van-eyck:-pintura-sagrada-y-pintura-profana\">Virgen del Canciller Rolin<\/a>, precisamente para permitir que la mirada del espectador abrace el infinito como si fuera desde un parapeto en el primer plano. En el retrato de Federico da Montefeltro tambi\u00e9n tiende una investigaci\u00f3n muy anal\u00edtica del arte flamenco, aunque la forma italiana prevalece, a pesar del perfil.<\/em><\/p>\n\n\n<div class=\"wp-block-image\">\n<figure class=\"aligncenter size-full\"><img loading=\"lazy\" decoding=\"async\" width=\"367\" height=\"400\" src=\"https:\/\/www.aparences.net\/wp-content\/uploads\/2024\/01\/piero_vierge_brera.webp\" alt=\"Virgen con el Ni\u00f1o y seis santos, 1472-74, Piero della Francesca\" class=\"wp-image-30940\" title=\"Virgen con el Ni\u00f1o y seis santos, 1472-74, Piero della Francesca\"\/><figcaption class=\"wp-element-caption\"><em><strong>Virgen con el Ni\u00f1o y seis santos<\/strong>, detalle, 1472-1474, <\/em><br><em><strong>Piero della Francesca<\/strong> (Mil\u00e1n, Pinacoteca di Brera)<\/em><\/figcaption><\/figure>\n<\/div>\n\n\n<p><em>En este retablo se hace evidente la b\u00fasqueda de la realidad a trav\u00e9s de la investigaci\u00f3n de la luz, en la minuciosidad de los objetos de inspiraci\u00f3n flamenca: telas, m\u00e1rmoles, joyas. La relaci\u00f3n entre los personajes y la arquitectura, tan fundamental en Piero della Francesca, lleva tambi\u00e9n un significado simb\u00f3lico, frecuente en Van Eyck y Rogier van der Weyden.<\/em><\/p>\n\n\n<div class=\"wp-block-image\">\n<figure class=\"aligncenter size-full\"><img loading=\"lazy\" decoding=\"async\" width=\"325\" height=\"370\" src=\"https:\/\/www.aparences.net\/wp-content\/uploads\/2024\/01\/piero_retable_brera.webp\" alt=\"Retablo de Brera, Piero della Francesca\" class=\"wp-image-30942\" title=\"Retablo de Brera, Piero della Francesca\"\/><figcaption class=\"wp-element-caption\"><em><strong>Virgen con el Ni\u00f1o y seis santos<\/strong>, detalle de la armadura de Federico da Montefeltro, 1472-1474, <strong>Piero della Francesca<\/strong> (Mil\u00e1n, Pinacoteca di Brera)<\/em><\/figcaption><\/figure>\n<\/div>\n\n\n<p><em>El minuciosos an\u00e1lisis de la realidad acerca Piero a la pintura de Van Eyck. Un primer resultado de gran originalidad, se aprecia en la brillante superficie met\u00e1lica de la armadura que refleja el interior de una iglesia donde se puede ver una ventana, fuente luminosa del cuadro. El realismo de esta imagen debi\u00f3 sorprender a sus contempor\u00e1neos que tal vez creyeron estar en presencia de una escena real, como en la armadura que lleva san Jorge en la <a title=\"Virgen del Can\u00f3nigo Van der Paele\" href=\"https:\/\/www.aparences.net\/es\/escuelas\/los-primitivos-flamencos\/el-realismo-en-la-pintura-flamenca\/#los-tres-maestros-del-ars-nova\">Virgen del can\u00f3nigo van der Paele&nbsp;<\/a>de Van Eyck.<\/em><\/p>\n\n\n\n<h2 class=\"wp-block-heading\">El arte flamenco en Venecia<\/h2>\n\n\n\n<p>Despu\u00e9s de Antonello da Messina y de Piero della Francesca, <a title=\"Giovanni Bellini\" href=\"https:\/\/www.aparences.net\/es\/escuelas\/la-pintura-veneciana\/giovanni-bellini\/\">Giovanni Bellini <\/a>fue el tercer gran protagonista del Renacimiento italiano en el que el componente flamenco sigue siendo un elemento constante en la mayor parte de su carrera como pintor. El encuentro entre los dos artistas data de 1475 o, como m\u00e1ximo, de algunos a\u00f1os antes. En esa \u00e9poca, la \u00ab&nbsp;cuesti\u00f3n flamenca&nbsp;\u00bb permanec\u00eda latente en Venecia desde hac\u00eda casi cuarenta a\u00f1os, con la presencia de algunas obras de la pintura flamenca que fueron primicias absolutas en Italia, antes incluso que en N\u00e1poles. Las indicaciones de Marco Antonio Michiel siguen teniendo una importancia vital para documentar la existencia de un coleccionismo muy activo en Venecia; un coleccionismo que no era ni aristocr\u00e1tico ni gremial, sino de un estrato social noble y erudito. Basta con mencionar Grimani, Pietro Bembo o Marco Barbarigo, c\u00f3nsul veneciano en 1449 y dux en 1485, cuyo retrato &#8211; hoy en la National Gallery de Londres, fue pintado por un disc\u00edpulo de Van Eyck. Es importante tener en cuenta que Venecia, desde la cuarta d\u00e9cada del siglo, pose\u00eda algunas obras flamencas y numerosos ecos de ese estilo como el cuadro de la Ca\u2019 d\u2019Oro que representa una <em>Crucifixi\u00f3n<\/em>. Igualmente importante es la puesta en escena de las Crucifixiones eyckianas en una especie de elevaci\u00f3n, seg\u00fan un esquema que, seg\u00fan Meiss, fue tomado por <a title=\"Mantegna\" href=\"https:\/\/www.aparences.net\/es\/arte-y-mecenazgo\/los-gonzaga-de-mantua\/andrea-mantegna-pintor-de-corte\/\">Mantegna<\/a> (que debi\u00f3 de haber conocido las <a title=\"obras de Van Eyck\" href=\"https:\/\/www.aparences.net\/es\/escuelas\/los-primitivos-flamencos\/jan-van-eyck\/\">obras de Van Eyck<\/a>) para la <em>Crucifixi\u00f3n<\/em> de la predela del <em>Retablo de San Zen\u00f3n<\/em> (Louvre). Sin embargo, es solo con Giovanni Bellini que se llevar\u00e1 a cabo el importante trasplante de la pintura flamenca a la <a title=\"pintura veneciana\" href=\"https:\/\/www.aparences.net\/es\/escuelas\/la-pintura-veneciana\/\">pintura veneciana<\/a>, de diferentes maneras y en diferentes momentos de su carrera. Es imposible saber si, y c\u00f3mo, Giovanni Bellini pudo haber tenido conocimiento de las obras de Rogier van der Weyden, pero lo cierto es que ese momento \u00ab&nbsp;weydiano&nbsp;\u00bb continuar\u00e1 durante una d\u00e9cada en la pintura de Bellini. Es esta atm\u00f3sfera weydiana la que emana del <em>Cristo bendiciendo<\/em> del Louvre, de una rara sutileza psicol\u00f3gica e iconogr\u00e1fica, y de <em>La Piet\u00e0 <\/em>(Pinacoteca di Brera, Mil\u00e1n). Pero es sobre todo en el campo de las Madonnas y retratos donde es posible identificar nuevas afinidades, esta vez con acentos memlingianos. La piedad m\u00e1s sosegada de las <a title=\"Madonnas de Memling\" href=\"https:\/\/www.aparences.net\/es\/escuelas\/los-primitivos-flamencos\/hans-memling\/\">Madonnas de Memling<\/a> deb\u00eda complacer a los venecianos, precisamente a causa de una afinidad de sensibilidad; se puede decir lo mismo de sus retratos, que de forma innegable, fueron muy populares en toda la colonia italiana de Brujas. Otros ejemplos de retrato veneciano inspirados en Memling fueron firmados por el misterioso pintor Jacometto (activo 1472-1498).<\/p>\n\n\n<div class=\"wp-block-image\">\n<figure class=\"aligncenter size-full\"><img loading=\"lazy\" decoding=\"async\" width=\"547\" height=\"368\" src=\"https:\/\/www.aparences.net\/wp-content\/uploads\/2024\/01\/alvise-vivarini-crucifixion-pesaro.webp\" alt=\"La crucifixi\u00f3n, h. 1470-1475, Alvise Vivarini\" class=\"wp-image-30944\" title=\"La crucifixi\u00f3n, h. 1470-1475, Alvise Vivarini\"\/><figcaption class=\"wp-element-caption\"><em><strong>La crucifixi\u00f3n<\/strong>, h. 1470-1475, <strong>Alvise Vivarini<\/strong> (P\u00e9saro, Museos C\u00edvicos)<\/em><\/figcaption><\/figure>\n<\/div>\n\n\n<p><em>En el pasado, esta pintura fue atribuida a Andrea Mantegna, y m\u00e1s tarde a Giovanni Bellini. Es cierto que esta Crucifixi\u00f3n depende en gran medida de ejemplos contempor\u00e1neos de Giovanni Bellini. Sin embargo, las formas m\u00e1s duras y angulosas, los vol\u00famenes que se tuercen y las poses y expresiones de las figuras, evocan claramente los primeros trabajos de Vivarini. Un eco flamenco se percibe en la expresi\u00f3n pat\u00e9tica de la cara de la Virgen y en el dibujo de los hombros de Mar\u00eda Magdalena que recuerdan el cuadro de Van der Weyden de los Uffizi, Lamentaci\u00f3n y entierro de Cristo. Por otra parte, en el paisaje lejano, casi a contraluz en el horizonte rosado de la aurora, y en la creciente intensidad del cielo azul, asoma el recuerdo del pol\u00edptico de Dieric Bouts, en el pasado en Venecia, y hoy disperso entre Londres, Bruselas, Pasadena y Los Angeles, sirvi\u00f3 de modelo a Giovanni Bellini.<\/em><\/p>\n\n\n<div class=\"wp-block-image\">\n<figure class=\"aligncenter size-full\"><img loading=\"lazy\" decoding=\"async\" width=\"499\" height=\"402\" src=\"https:\/\/www.aparences.net\/wp-content\/uploads\/2024\/01\/giovanni-bellini-pieta-milan-pinacoteca-di-brera.webp\" alt=\"Piet\u00e0, 1460, Giovanni Bellini\" class=\"wp-image-30946\" title=\"Piet\u00e0, 1460, Giovanni Bellini\"\/><figcaption class=\"wp-element-caption\"><em><strong>Piet\u00e0<\/strong>, 1460, <strong>Giovanni Bellini<\/strong> (Mil\u00e1n, Picanoteca di Brera)<\/em><\/figcaption><\/figure>\n<\/div>\n\n\n<p><em>Con caligr\u00e1fica precisi\u00f3n Bellini recorta los personajes y los situa delante de un cielo l\u00edvido, como salido del mundo de los sue\u00f1os. El mudo intercambio emocional de los rostros se refleja en la sabia posici\u00f3n que el pintor da a las manos. La naturaleza del fondo, vac\u00eda y met\u00e1lica, en la luz gris y fr\u00eda de la madrugada, se encuentra en armon\u00eda con la sensaci\u00f3n de angustia que penetra en la escena. Tanto <a title=\"Donatello Altar del Santo\" href=\"https:\/\/www.aparences.net\/es\/periodos\/el-quattrocento\/la-escultura-del-quattrocento-en-florencia\/#donatello-y-el-\">Donatello en el Altar del Santo<\/a> de Padua como de nuevo, Mantegna y los maestros flamencos (Rogier van der Weyden) son los ejemplos que empujan Giovanni Bellini en el camino de un pathos doloroso y amargo.<\/em><\/p>\n\n\n<div class=\"wp-block-image\">\n<figure class=\"aligncenter size-full\"><img loading=\"lazy\" decoding=\"async\" width=\"540\" height=\"400\" src=\"https:\/\/www.aparences.net\/wp-content\/uploads\/2024\/01\/andrea-mantegna-crucifixion-1457-1459.webp\" alt=\"Crucifixi\u00f3n, 1457-1459, Andrea Mantegna\" class=\"wp-image-30948\" title=\"Crucifixi\u00f3n, 1457-1459, Andrea Mantegna\"\/><figcaption class=\"wp-element-caption\"><em><strong>Crucifixi\u00f3n<\/strong>, detalle de san Juan y las Santas mujeres, tabla de la predela del Retablo de san Zen\u00f3n, 1457-1459, <strong>Andrea Mantegna<\/strong> (Par\u00eds, Museo del Louvre)<\/em><\/figcaption><\/figure>\n<\/div>\n\n\n<p><em>En los paneles de la predela del Retablo de san Zen\u00f3n el arte se convierte en una representaci\u00f3n de la vida real. Ya no se trata de \u00abventanas\u00bb abiertas al mundo, sino de transposiciones del mismo mundo en la realidad de una representaci\u00f3n sagrada que se desarrolla ante nuestros ojos. Las dos figuras en primer plano cortadas por la mitad, son la prueba que la representaci\u00f3n sigue su curso: se trata de dos personajes secundarios sorprendidos por la repentina apertura del tel\u00f3n que ocultaba la tragedia de la vida y la muerte. El artificio de figuras cortadas por la mitad, recuerda la pintura flamenca tambi\u00e9n visible en los \u00abactores\u00bb gritando de dolor (se pueden comparar con los de <a title=\"Rogier van der Weyden\" href=\"https:\/\/www.aparences.net\/es\/escuelas\/los-primitivos-flamencos\/rogier-van-der-weyden\/\">Van der Weyden<\/a>) y en la luz intemporal (la de <a title=\"Piero della Francesca\" href=\"https:\/\/www.aparences.net\/es\/arte-y-mecenazgo\/el-mecenazgo-en-urbino\/armas-y-letras-urbino-bajo-federico-da-montefeltro\/#piero-della-francesca-o-la-poes%C3%ADa-de-la-luz\">Piero della Francesca<\/a>). En 1456, Ludovico Gonzaga, invita <a title=\"Andrea Mantegna a Mantua\" href=\"https:\/\/www.aparences.net\/es\/arte-y-mecenazgo\/los-gonzaga-de-mantua\/andrea-mantegna-pintor-de-corte\/\">Andrea Mantegna a Mantua<\/a> para convertirlo en pintor de la corte.<\/em><\/p>\n\n\n\n<!-- AfterArticle2023 --><ins class=\"adsbygoogle\"     style=\"display:block;margin-bottom:5px;\"     data-ad-client=\"ca-pub-2468002815867636\"     data-ad-slot=\"3955176166\"     data-ad-format=\"auto\"     data-full-width-responsive=\"true\"><\/ins><script> (adsbygoogle = window.adsbygoogle || []).push({});<\/script><h2 class=\"wp-block-heading\">La influencia flamenca en Florencia<\/h2>\n\n\n\n<p>En la pintura florentina posterior a <a title=\"Masaccio\" href=\"https:\/\/www.aparences.net\/es\/periodos\/el-quattrocento\/masaccio-arquitectura-y-espacio\/\">Masaccio<\/a>, ya se pueden encontrar las huellas de una influencia flamenca, la cual, gracias tambi\u00e9n al coleccionismo de <a title=\"los M\u00e9dicis\" href=\"https:\/\/www.aparences.net\/es\/arte-y-mecenazgo\/florencia-y-los-medicis\/\">los M\u00e9dicis<\/a>, se intensificar\u00e1 en el transcurso del siglo hasta&nbsp;alcanzar un peso preponderante en la \u00faltima d\u00e9cada del <a title=\"Quattrocento\" href=\"https:\/\/www.aparences.net\/es\/periodos\/el-quattrocento\/\">Quattrocento<\/a>. En este sentido, la Toscana sufre de la falta de un gran protagonista que, como <a title=\"Antonello da Messina\" href=\"https:\/\/www.aparences.net\/es\/arte-y-mecenazgo\/los-aragon-de-napoles\/alfonso-de-napoles-y-el-arte-flamenco\/#antonello-da-messina\">Antonello da Messina<\/a>, <a title=\"Piero della Francesca\" href=\"https:\/\/www.aparences.net\/es\/arte-y-mecenazgo\/los-fresquistas-florentinos\/piero-della-francesca-historia-de-una-sintesis\/\">Piero della Francesca<\/a> y Giovanni Bellini, fuera capaz de injertar el microcosmos flamenco en la forma italiana. Sin embargo, la Toscana sigue siendo la regi\u00f3n donde la pintura de los \u00faltimos veinte a\u00f1os del siglo XV, incluye muchos acentos de gusto flamenco en los paisajes, interiores, en retratos y naturalezas muertas. El testimonio m\u00e1s significativo nos viene dado por el joven <a title=\"Filippo Lippi\" href=\"https:\/\/www.aparences.net\/es\/periodos\/el-quattrocento\/fra-filippo-lippi\/\">Filippo Lippi<\/a>, a la vuelta en 1434 de una estancia de tres a\u00f1os en Padua, en el que muestra una visi\u00f3n precoz del estilo eyckiano. Algunas soluciones iconogr\u00e1ficas de Filippo Lippi s\u00f3lo pueden atribuirse a un encuentro directo con una obra flamenca, vista justamente en Padua. Su <a title=\"Madonna de Tarquinia\" href=\"https:\/\/www.aparences.net\/es\/periodos\/el-quattrocento\/fra-filippo-lippi\/\"><em>Madonna de Tarquinia<\/em><\/a> de 1437 es sorprendentemente cercana a una pintura flamenca \u00abt\u00edpica\u00bb: la Virgen representada en un interior, el paisaje tras una ventana, un jarro de cristal lleno de agua, los m\u00e1rmoles, joyas y la riqueza de la materia, pero sobre todo, el sentido que le da a la atm\u00f3sfera. Pero sin duda, el caso m\u00e1s importante y fascinante de estas influencias n\u00f3rdicas en Florencia durante la cuarta y quinta d\u00e9cada del siglo, sigue siendo la pintura Domenico Veneziano, caso estrechamente relacionado con el enigma de su posible formaci\u00f3n en el norte. <a href=\"https:\/\/es.wikipedia.org\/wiki\/Roberto_Longhi\">Longhi<\/a>, dejaba esta cuesti\u00f3n sin resolver despu\u00e9s de proponer para el tondo <em>Adoraci\u00f3n de los Reyes Magos<\/em> de Berl\u00edn, de incontestable procedencia florentina, y una fecha muy temprana (1430-1435) del que alababa la mezcla singular de estilos. Como lo demuestran los escasos documentos que nos han llegado, en la octava d\u00e9cada del siglo se produjo una nueva oleada de encargos importantes, cuyos protagonistas fueron Tommaso Portinari como comitente y <a title=\"Memling\" href=\"https:\/\/www.aparences.net\/es\/escuelas\/los-primitivos-flamencos\/hans-memling\/\">Memling<\/a>. Un fen\u00f3meno que tom\u00f3 proporciones considerables, sobre todo en el retrato, y que alcanz\u00f3 su apogeo con la llegada &#8211; que caus\u00f3 sensaci\u00f3n en Florencia &#8211; del retablo con la <a title=\"Adoraci\u00f3n de los Pastores Van der Goes\" href=\"https:\/\/www.aparences.net\/es\/escuelas\/los-primitivos-flamencos\/los-sucesores-de-jan-van-eyck\/#el-retablo-portinari\"><em>Adoraci\u00f3n de los pastores<\/em> de Hugo van der Goes.<\/a><\/p>\n\n\n<div class=\"wp-block-image\">\n<figure class=\"aligncenter size-full\"><img loading=\"lazy\" decoding=\"async\" width=\"393\" height=\"395\" src=\"https:\/\/www.aparences.net\/wp-content\/uploads\/2024\/01\/domenico-veneziano-adoration-des-mages-1439-berlin.webp\" alt=\"Adoraci\u00f3n de los Reyes Magos, 1439-1441, Domenico Veneziano\" class=\"wp-image-30950\" title=\"Adoraci\u00f3n de los Reyes Magos, 1439-1441, Domenico Veneziano\" srcset=\"https:\/\/www.aparences.net\/wp-content\/uploads\/2024\/01\/domenico-veneziano-adoration-des-mages-1439-berlin.webp 393w, https:\/\/www.aparences.net\/wp-content\/uploads\/2024\/01\/domenico-veneziano-adoration-des-mages-1439-berlin-100x100.webp 100w, https:\/\/www.aparences.net\/wp-content\/uploads\/2024\/01\/domenico-veneziano-adoration-des-mages-1439-berlin-150x150.webp 150w\" sizes=\"auto, (max-width: 393px) 100vw, 393px\" \/><figcaption class=\"wp-element-caption\"><em><strong>Adoraci\u00f3n de los Reyes Magos<\/strong>, 1439-1441, <strong>Domenico Veneziano<\/strong> (Venecia, principios del siglo XV &#8211; Florencia 1461) (Berl\u00edn, Staatliche Museen)<\/em><\/figcaption><\/figure>\n<\/div>\n\n\n<p><em>Realizada en Florencia, se trata de una obra perteneciente a la madurez art\u00edstica de Domenico, en la que las proporciones y la s\u00f3lida estructura Toscana (los caminos y caballos se articulan en profundidad de acuerdo con las reglas de la perspectiva) se combinan con la discreta presencia de motivos iconogr\u00e1ficos del mundo m\u00e1gico y on\u00edrico de finales del g\u00f3tico tard\u00edo o <a title=\"g\u00f3tico internacional\" href=\"https:\/\/www.aparences.net\/es\/periodos\/gotico-internacional\/\">g\u00f3tico internaciona<\/a>l.<\/em><\/p>\n\n\n<div class=\"wp-block-image\">\n<figure class=\"aligncenter size-full\"><img loading=\"lazy\" decoding=\"async\" width=\"562\" height=\"370\" src=\"https:\/\/www.aparences.net\/wp-content\/uploads\/2024\/01\/domenico-veneziano-adoration-des-mages-berlin-.webp\" alt=\"Adoraci\u00f3n de los Reyes Magos, 1439-1441, Domenico Veneziano\" class=\"wp-image-30952\" title=\"Adoraci\u00f3n de los Reyes Magos, 1439-1441, Domenico Veneziano\"\/><\/figure>\n<\/div>\n\n\n<p><em>La atenci\u00f3n por el detalle naturalista y el brillo del vasto paisaje se inspiran en modelos flamencos. La doble ra\u00edz cultural de la \u00abAdoraci\u00f3n de los Reyes Magos\u00bb, nos remite pues a la misteriosa educaci\u00f3n pict\u00f3rica del veneciano Domenico.<\/em><\/p>\n\n\n<div class=\"wp-block-image\">\n<figure class=\"aligncenter size-full\"><img loading=\"lazy\" decoding=\"async\" width=\"556\" height=\"412\" src=\"https:\/\/www.aparences.net\/wp-content\/uploads\/2024\/01\/filippo-lippi-double-portrait-metropolitan-new-york.webp\" alt=\"Retrato doble, 1440, Filippo Lippi\" class=\"wp-image-30954\" title=\"Retrato doble, 1440, Filippo Lippi\"\/><figcaption class=\"wp-element-caption\"><em><strong>Retrato doble<\/strong>, 1440, <strong>Filippo Lippi<\/strong> (Nueva York, Metropolitan Museum)<\/em><\/figcaption><\/figure>\n<\/div>\n\n\n<p><em>En este enigm\u00e1tico retrato, la joven se presenta de perfil en un interior de gusto flamenco y, como fondo, una ventana que enmarca un paisaje, mientras que el joven (tal vez se trata de un retrato de boda o compromiso) se encuentra en el exterior con las manos colocadas en el borde de otra ventana, hablando con la joven.<\/em><\/p>\n\n\n\n<p>El papel desempe\u00f1ado por los <a title=\"retratos de Memling\" href=\"https:\/\/www.aparences.net\/es\/escuelas\/los-primitivos-flamencos\/hans-memling\/#retratos-de-memling\">retratos de Memling<\/a> en la creaci\u00f3n del retrato italiano en general y en los retratos florentinos del siglo XV en particular, ha sido muy importante. Numerosos comerciantes venecianos y florentinos que resid\u00edan en Brujas encargaron retablos y retratos a Memling, muchos de los cuales se enviaron a Italia. En Venecia, inspiraron sobre todo a Giovanni Bellini y Jacometto. En Florencia, se trataba en su mayor\u00eda de pintores del entorno de <a title=\"Andrea Verrocchio\" href=\"https:\/\/www.aparences.net\/es\/periodos\/el-quattrocento\/el-arte-en-florencia-hacia-1480\/#el-taller-de-verrocchio\">Andrea Verrocchio<\/a>, que no tardaron en asimilar en sus obras el modelo memlinguiano del retrato junto con paisaje de fondo. A trav\u00e9s de innumerables variaciones, fue sobre todo el paisaje de fondo lo que experiment\u00f3 mayor \u00e9xito, por ejemplo en el retrato de <em>Ginevra de&#8217;Benci<\/em> de Leonardo da Vinci, en el <em>Retrato de <a title=\"Joven con la medalla de Cosimo de M\u00e9dicis\" href=\"https:\/\/www.aparences.net\/es\/arte-y-mecenazgo\/florencia-y-los-medicis\/cosme-el-viejo\/\">joven con la medalla de C\u00f3simo de M\u00e9dicis<\/a><\/em> de&nbsp; Botticelli y en <em>Retrato de <a title=\"Hombre con una sortija Francesco del Cossa\" href=\"https:\/\/www.museothyssen.org\/thyssen\/ficha_obra\/26\" target=\"_blank\" rel=\"noopener noreferrer\">hombre con una sortija<\/a><\/em><a title=\"Hombre con una sortija Francesco del Cossa\" href=\"https:\/\/www.museothyssen.org\/thyssen\/ficha_obra\/26\" target=\"_blank\" rel=\"noopener noreferrer\"> de Francesco del Cossa<\/a>. No hay nada sorprendente en ello, si se considera que este procedimiento era una especialidad de Memling, quien era particularmente popular entre los clientes italianos de Brujas y, por otro lado, porque los italianos sent\u00edan una admiraci\u00f3n sin l\u00edmites por la pintura de paisaje flamenco en general. En este contexto, adem\u00e1s de Domenico Ghirlandaio y Fra Bartolomeo, debemos mencionar al pintor de la Umbr\u00eda, Perugino, quien trabaj\u00f3 en el taller de Verrocchio antes de 1472, casi al mismo tiempo que Leonardo da Vinci. Es posible que Perugino ya se hubiera familiarizado con los paisajes flamencos y las obras de Piero della Francesca en Umbr\u00eda. En cualquier caso, sus paisajes &#8211; y no s\u00f3lo los de los retratos &#8211; llevan la huella de Memling, hasta en la representaci\u00f3n del follaje y otros detalles.<\/p>\n\n\n<div class=\"wp-block-image\">\n<figure class=\"aligncenter size-full\"><img loading=\"lazy\" decoding=\"async\" width=\"316\" height=\"400\" src=\"https:\/\/www.aparences.net\/wp-content\/uploads\/2024\/01\/perugin_francesco_opere.webp\" alt=\"Retrato de Francesco delle Opere, 1494, Perugino\" class=\"wp-image-30956\" title=\"Retrato de Francesco delle Opere, 1494, Perugino\"\/><figcaption class=\"wp-element-caption\"><em><strong>Retrato de Francesco delle Opere<\/strong>, 1494, <strong>Perugino<\/strong> (Florencia, Galleria degli Uffizi)<\/em><\/figcaption><\/figure>\n<\/div>\n\n\n<p><em>Este retrato refleja la profunda <strong>influencia que tuvo el arte flamenco en los retratos de Perugino<\/strong>. Pero la gestualidad enf\u00e1tica del personaje refleja un desarrollo que prescinde de otros modelos.<\/em><\/p>\n\n\n<div class=\"wp-block-image\">\n<figure class=\"aligncenter size-full\"><img loading=\"lazy\" decoding=\"async\" width=\"406\" height=\"430\" src=\"https:\/\/www.aparences.net\/wp-content\/uploads\/2024\/01\/leonard-da-vinci-ginevra-de-benci.webp\" alt=\"Ginevra de Benci, h. 1474, Leonardo da Vinci\" class=\"wp-image-30958\" title=\"Ginevra de Benci, h. 1474, Leonardo da Vinci\"\/><figcaption class=\"wp-element-caption\"><em><strong>Ginevra de\u2019 Benci<\/strong>, h. 1474, <strong>Leonardo da Vinci<\/strong> <\/em><br><em>(Washington, National Gallery)<\/em><\/figcaption><\/figure>\n<\/div>\n\n<div class=\"wp-block-image\">\n<figure class=\"aligncenter size-full\"><img loading=\"lazy\" decoding=\"async\" width=\"588\" height=\"410\" src=\"https:\/\/www.aparences.net\/wp-content\/uploads\/2024\/01\/piero-di-cosimo-portrait-francesco-giamberti.webp\" alt=\"Retrato de Francesco Giamberti, Piero di Cosimo\" class=\"wp-image-30960\" title=\"Retrato de Francesco Giamberti, Piero di Cosimo\"\/><figcaption class=\"wp-element-caption\"><em><strong>Retrato de Francesco Giamberti<\/strong>, despu\u00e9s de 1480, <strong>Piero di Cosimo<\/strong> <\/em><br><em>(Amsterdam, Rijksmuseum)<\/em><\/figcaption><\/figure>\n<\/div>\n\n\n<p><em>Piero di Cosimo, cuya obra s\u00f3lo se ha podido reconstituir gracia a algunas descripciones que hace Vasari de sus pinturas, fue a sus comienzos influenciado principalmente por Ghirlandaio y Filippino Lippi, mientras que su talento como colorista, inusual en la pintura florentina de la \u00e9poca, fue estimulado por el Tr\u00edptico Portinari de Hugo van der Goes , que estaba en Santa Maria Nuova desde 1483.<\/em><\/p>\n","protected":false},"excerpt":{"rendered":"<p>Italia fue el pa\u00eds de donde proced\u00edan los primeros y principales clientes de la pintura flamenca, todos de origen mercante o aristocr\u00e1tico.<\/p>\n","protected":false},"author":2,"featured_media":30919,"comment_status":"closed","ping_status":"closed","sticky":false,"template":"","format":"standard","meta":{"footnotes":""},"categories":[2328],"tags":[4906,4838,4842,4904,4905,2593,4843,4903,4902,2703,3253,3553],"class_list":["post-13220","post","type-post","status-publish","format-standard","has-post-thumbnail","hentry","category-los-primitivos-flamencos","tag-alvise-vivarini","tag-andrea-mantegna-2","tag-antonello-da-messina-es","tag-domenico-ghirlandaio-2","tag-domenico-veneziano-2","tag-escuela-flamenca","tag-giovanni-bellini-es","tag-hugo-van-der-goes-triptico-portinari","tag-influencia-flamenca-en-italia","tag-leonardo-da-vinci","tag-piero-della-francesca-2","tag-piero-di-cosimo-es"],"yoast_head":"<!-- This site is optimized with the Yoast SEO plugin v27.2 - https:\/\/yoast.com\/product\/yoast-seo-wordpress\/ -->\n<title>La pintura flamenca en Italia<\/title>\n<meta name=\"description\" content=\"Italia fue el pa\u00eds de donde proced\u00edan los primeros y principales clientes de la pintura flamenca, todos de origen mercante o aristocr\u00e1tico.\" \/>\n<meta name=\"robots\" content=\"index, follow, max-snippet:-1, max-image-preview:large, max-video-preview:-1\" \/>\n<link rel=\"canonical\" href=\"https:\/\/www.aparences.net\/es\/escuelas\/los-primitivos-flamencos\/la-pintura-flamenca-en-italia\/\" \/>\n<meta property=\"og:locale\" content=\"es_ES\" \/>\n<meta property=\"og:type\" content=\"article\" \/>\n<meta property=\"og:title\" content=\"La pintura flamenca en Italia\" \/>\n<meta property=\"og:description\" content=\"Italia fue el pa\u00eds de donde proced\u00edan los primeros y principales clientes de la pintura flamenca, todos de origen mercante o aristocr\u00e1tico.\" \/>\n<meta property=\"og:url\" content=\"https:\/\/www.aparences.net\/es\/escuelas\/los-primitivos-flamencos\/la-pintura-flamenca-en-italia\/\" \/>\n<meta property=\"og:site_name\" content=\"Aparences\" \/>\n<meta property=\"article:published_time\" content=\"2010-07-23T13:00:50+00:00\" \/>\n<meta property=\"article:modified_time\" content=\"2025-12-11T18:40:57+00:00\" \/>\n<meta property=\"og:image\" content=\"https:\/\/www.aparences.net\/wp-content\/uploads\/2010\/07\/peinture-flamanda-en-italie.webp\" \/>\n\t<meta property=\"og:image:width\" content=\"1080\" \/>\n\t<meta property=\"og:image:height\" content=\"540\" \/>\n\t<meta property=\"og:image:type\" content=\"image\/webp\" \/>\n<meta name=\"author\" content=\"admin\" \/>\n<meta name=\"twitter:card\" content=\"summary_large_image\" \/>\n<meta name=\"twitter:label1\" content=\"Escrito por\" \/>\n\t<meta name=\"twitter:data1\" content=\"admin\" \/>\n\t<meta name=\"twitter:label2\" content=\"Tiempo de lectura\" \/>\n\t<meta name=\"twitter:data2\" content=\"24 minutos\" \/>\n<script type=\"application\/ld+json\" class=\"yoast-schema-graph\">{\"@context\":\"https:\/\/schema.org\",\"@graph\":[{\"@type\":\"Article\",\"@id\":\"https:\/\/www.aparences.net\/es\/escuelas\/los-primitivos-flamencos\/la-pintura-flamenca-en-italia\/#article\",\"isPartOf\":{\"@id\":\"https:\/\/www.aparences.net\/es\/escuelas\/los-primitivos-flamencos\/la-pintura-flamenca-en-italia\/\"},\"author\":{\"name\":\"admin\",\"@id\":\"https:\/\/www.aparences.net\/es\/#\/schema\/person\/af349f6ffc31b16c68963e61268afca5\"},\"headline\":\"La pintura flamenca en Italia\",\"datePublished\":\"2010-07-23T13:00:50+00:00\",\"dateModified\":\"2025-12-11T18:40:57+00:00\",\"mainEntityOfPage\":{\"@id\":\"https:\/\/www.aparences.net\/es\/escuelas\/los-primitivos-flamencos\/la-pintura-flamenca-en-italia\/\"},\"wordCount\":4629,\"publisher\":{\"@id\":\"https:\/\/www.aparences.net\/es\/#organization\"},\"image\":{\"@id\":\"https:\/\/www.aparences.net\/es\/escuelas\/los-primitivos-flamencos\/la-pintura-flamenca-en-italia\/#primaryimage\"},\"thumbnailUrl\":\"https:\/\/www.aparences.net\/wp-content\/uploads\/2010\/07\/peinture-flamanda-en-italie.webp\",\"keywords\":[\"Alvise Vivarini\",\"Andrea Mantegna\",\"Antonello da Messina\",\"Domenico Ghirlandaio\",\"Domenico Veneziano\",\"escuela flamenca\",\"Giovanni Bellini\",\"Hugo van der Goes Tr\u00edptico Portinari\",\"influencia flamenca en Italia\",\"Leonardo da Vinci\",\"Piero della Francesca\",\"Piero di Cosimo\"],\"articleSection\":[\"Los Primitivos flamencos\"],\"inLanguage\":\"es\"},{\"@type\":[\"WebPage\",\"ItemPage\"],\"@id\":\"https:\/\/www.aparences.net\/es\/escuelas\/los-primitivos-flamencos\/la-pintura-flamenca-en-italia\/\",\"url\":\"https:\/\/www.aparences.net\/es\/escuelas\/los-primitivos-flamencos\/la-pintura-flamenca-en-italia\/\",\"name\":\"La pintura flamenca en Italia\",\"isPartOf\":{\"@id\":\"https:\/\/www.aparences.net\/es\/#website\"},\"primaryImageOfPage\":{\"@id\":\"https:\/\/www.aparences.net\/es\/escuelas\/los-primitivos-flamencos\/la-pintura-flamenca-en-italia\/#primaryimage\"},\"image\":{\"@id\":\"https:\/\/www.aparences.net\/es\/escuelas\/los-primitivos-flamencos\/la-pintura-flamenca-en-italia\/#primaryimage\"},\"thumbnailUrl\":\"https:\/\/www.aparences.net\/wp-content\/uploads\/2010\/07\/peinture-flamanda-en-italie.webp\",\"datePublished\":\"2010-07-23T13:00:50+00:00\",\"dateModified\":\"2025-12-11T18:40:57+00:00\",\"description\":\"Italia fue el pa\u00eds de donde proced\u00edan los primeros y principales clientes de la pintura flamenca, todos de origen mercante o aristocr\u00e1tico.\",\"breadcrumb\":{\"@id\":\"https:\/\/www.aparences.net\/es\/escuelas\/los-primitivos-flamencos\/la-pintura-flamenca-en-italia\/#breadcrumb\"},\"inLanguage\":\"es\",\"potentialAction\":[{\"@type\":\"ReadAction\",\"target\":[\"https:\/\/www.aparences.net\/es\/escuelas\/los-primitivos-flamencos\/la-pintura-flamenca-en-italia\/\"]}]},{\"@type\":\"ImageObject\",\"inLanguage\":\"es\",\"@id\":\"https:\/\/www.aparences.net\/es\/escuelas\/los-primitivos-flamencos\/la-pintura-flamenca-en-italia\/#primaryimage\",\"url\":\"https:\/\/www.aparences.net\/wp-content\/uploads\/2010\/07\/peinture-flamanda-en-italie.webp\",\"contentUrl\":\"https:\/\/www.aparences.net\/wp-content\/uploads\/2010\/07\/peinture-flamanda-en-italie.webp\",\"width\":1080,\"height\":540},{\"@type\":\"BreadcrumbList\",\"@id\":\"https:\/\/www.aparences.net\/es\/escuelas\/los-primitivos-flamencos\/la-pintura-flamenca-en-italia\/#breadcrumb\",\"itemListElement\":[{\"@type\":\"ListItem\",\"position\":1,\"name\":\"Portada\",\"item\":\"https:\/\/www.aparences.net\/es\/\"},{\"@type\":\"ListItem\",\"position\":2,\"name\":\"La pintura flamenca en Italia\"}]},{\"@type\":\"WebSite\",\"@id\":\"https:\/\/www.aparences.net\/es\/#website\",\"url\":\"https:\/\/www.aparences.net\/es\/\",\"name\":\"Aparences: Historia del Arte y Actualidad Cultural\",\"description\":\"\",\"publisher\":{\"@id\":\"https:\/\/www.aparences.net\/es\/#organization\"},\"potentialAction\":[{\"@type\":\"SearchAction\",\"target\":{\"@type\":\"EntryPoint\",\"urlTemplate\":\"https:\/\/www.aparences.net\/es\/?s={search_term_string}\"},\"query-input\":{\"@type\":\"PropertyValueSpecification\",\"valueRequired\":true,\"valueName\":\"search_term_string\"}}],\"inLanguage\":\"es\"},{\"@type\":\"Organization\",\"@id\":\"https:\/\/www.aparences.net\/es\/#organization\",\"name\":\"Aparences: Historia del Arte y Actualidad Cultural\",\"url\":\"https:\/\/www.aparences.net\/es\/\",\"logo\":{\"@type\":\"ImageObject\",\"inLanguage\":\"es\",\"@id\":\"https:\/\/www.aparences.net\/es\/#\/schema\/logo\/image\/\",\"url\":\"https:\/\/www.aparences.net\/wp-content\/uploads\/2023\/09\/logo-quadrat-color-e1695915315229.png\",\"contentUrl\":\"https:\/\/www.aparences.net\/wp-content\/uploads\/2023\/09\/logo-quadrat-color-e1695915315229.png\",\"width\":120,\"height\":120,\"caption\":\"Aparences: Historia del Arte y Actualidad Cultural\"},\"image\":{\"@id\":\"https:\/\/www.aparences.net\/es\/#\/schema\/logo\/image\/\"}},{\"@type\":\"Person\",\"@id\":\"https:\/\/www.aparences.net\/es\/#\/schema\/person\/af349f6ffc31b16c68963e61268afca5\",\"name\":\"admin\",\"url\":\"https:\/\/www.aparences.net\/es\/author\/admin\/\"}]}<\/script>\n<!-- \/ Yoast SEO plugin. -->","yoast_head_json":{"title":"La pintura flamenca en Italia","description":"Italia fue el pa\u00eds de donde proced\u00edan los primeros y principales clientes de la pintura flamenca, todos de origen mercante o aristocr\u00e1tico.","robots":{"index":"index","follow":"follow","max-snippet":"max-snippet:-1","max-image-preview":"max-image-preview:large","max-video-preview":"max-video-preview:-1"},"canonical":"https:\/\/www.aparences.net\/es\/escuelas\/los-primitivos-flamencos\/la-pintura-flamenca-en-italia\/","og_locale":"es_ES","og_type":"article","og_title":"La pintura flamenca en Italia","og_description":"Italia fue el pa\u00eds de donde proced\u00edan los primeros y principales clientes de la pintura flamenca, todos de origen mercante o aristocr\u00e1tico.","og_url":"https:\/\/www.aparences.net\/es\/escuelas\/los-primitivos-flamencos\/la-pintura-flamenca-en-italia\/","og_site_name":"Aparences","article_published_time":"2010-07-23T13:00:50+00:00","article_modified_time":"2025-12-11T18:40:57+00:00","og_image":[{"width":1080,"height":540,"url":"https:\/\/www.aparences.net\/wp-content\/uploads\/2010\/07\/peinture-flamanda-en-italie.webp","type":"image\/webp"}],"author":"admin","twitter_card":"summary_large_image","twitter_misc":{"Escrito por":"admin","Tiempo de lectura":"24 minutos"},"schema":{"@context":"https:\/\/schema.org","@graph":[{"@type":"Article","@id":"https:\/\/www.aparences.net\/es\/escuelas\/los-primitivos-flamencos\/la-pintura-flamenca-en-italia\/#article","isPartOf":{"@id":"https:\/\/www.aparences.net\/es\/escuelas\/los-primitivos-flamencos\/la-pintura-flamenca-en-italia\/"},"author":{"name":"admin","@id":"https:\/\/www.aparences.net\/es\/#\/schema\/person\/af349f6ffc31b16c68963e61268afca5"},"headline":"La pintura flamenca en Italia","datePublished":"2010-07-23T13:00:50+00:00","dateModified":"2025-12-11T18:40:57+00:00","mainEntityOfPage":{"@id":"https:\/\/www.aparences.net\/es\/escuelas\/los-primitivos-flamencos\/la-pintura-flamenca-en-italia\/"},"wordCount":4629,"publisher":{"@id":"https:\/\/www.aparences.net\/es\/#organization"},"image":{"@id":"https:\/\/www.aparences.net\/es\/escuelas\/los-primitivos-flamencos\/la-pintura-flamenca-en-italia\/#primaryimage"},"thumbnailUrl":"https:\/\/www.aparences.net\/wp-content\/uploads\/2010\/07\/peinture-flamanda-en-italie.webp","keywords":["Alvise Vivarini","Andrea Mantegna","Antonello da Messina","Domenico Ghirlandaio","Domenico Veneziano","escuela flamenca","Giovanni Bellini","Hugo van der Goes Tr\u00edptico Portinari","influencia flamenca en Italia","Leonardo da Vinci","Piero della Francesca","Piero di Cosimo"],"articleSection":["Los Primitivos flamencos"],"inLanguage":"es"},{"@type":["WebPage","ItemPage"],"@id":"https:\/\/www.aparences.net\/es\/escuelas\/los-primitivos-flamencos\/la-pintura-flamenca-en-italia\/","url":"https:\/\/www.aparences.net\/es\/escuelas\/los-primitivos-flamencos\/la-pintura-flamenca-en-italia\/","name":"La pintura flamenca en Italia","isPartOf":{"@id":"https:\/\/www.aparences.net\/es\/#website"},"primaryImageOfPage":{"@id":"https:\/\/www.aparences.net\/es\/escuelas\/los-primitivos-flamencos\/la-pintura-flamenca-en-italia\/#primaryimage"},"image":{"@id":"https:\/\/www.aparences.net\/es\/escuelas\/los-primitivos-flamencos\/la-pintura-flamenca-en-italia\/#primaryimage"},"thumbnailUrl":"https:\/\/www.aparences.net\/wp-content\/uploads\/2010\/07\/peinture-flamanda-en-italie.webp","datePublished":"2010-07-23T13:00:50+00:00","dateModified":"2025-12-11T18:40:57+00:00","description":"Italia fue el pa\u00eds de donde proced\u00edan los primeros y principales clientes de la pintura flamenca, todos de origen mercante o aristocr\u00e1tico.","breadcrumb":{"@id":"https:\/\/www.aparences.net\/es\/escuelas\/los-primitivos-flamencos\/la-pintura-flamenca-en-italia\/#breadcrumb"},"inLanguage":"es","potentialAction":[{"@type":"ReadAction","target":["https:\/\/www.aparences.net\/es\/escuelas\/los-primitivos-flamencos\/la-pintura-flamenca-en-italia\/"]}]},{"@type":"ImageObject","inLanguage":"es","@id":"https:\/\/www.aparences.net\/es\/escuelas\/los-primitivos-flamencos\/la-pintura-flamenca-en-italia\/#primaryimage","url":"https:\/\/www.aparences.net\/wp-content\/uploads\/2010\/07\/peinture-flamanda-en-italie.webp","contentUrl":"https:\/\/www.aparences.net\/wp-content\/uploads\/2010\/07\/peinture-flamanda-en-italie.webp","width":1080,"height":540},{"@type":"BreadcrumbList","@id":"https:\/\/www.aparences.net\/es\/escuelas\/los-primitivos-flamencos\/la-pintura-flamenca-en-italia\/#breadcrumb","itemListElement":[{"@type":"ListItem","position":1,"name":"Portada","item":"https:\/\/www.aparences.net\/es\/"},{"@type":"ListItem","position":2,"name":"La pintura flamenca en Italia"}]},{"@type":"WebSite","@id":"https:\/\/www.aparences.net\/es\/#website","url":"https:\/\/www.aparences.net\/es\/","name":"Aparences: Historia del Arte y Actualidad Cultural","description":"","publisher":{"@id":"https:\/\/www.aparences.net\/es\/#organization"},"potentialAction":[{"@type":"SearchAction","target":{"@type":"EntryPoint","urlTemplate":"https:\/\/www.aparences.net\/es\/?s={search_term_string}"},"query-input":{"@type":"PropertyValueSpecification","valueRequired":true,"valueName":"search_term_string"}}],"inLanguage":"es"},{"@type":"Organization","@id":"https:\/\/www.aparences.net\/es\/#organization","name":"Aparences: Historia del Arte y Actualidad Cultural","url":"https:\/\/www.aparences.net\/es\/","logo":{"@type":"ImageObject","inLanguage":"es","@id":"https:\/\/www.aparences.net\/es\/#\/schema\/logo\/image\/","url":"https:\/\/www.aparences.net\/wp-content\/uploads\/2023\/09\/logo-quadrat-color-e1695915315229.png","contentUrl":"https:\/\/www.aparences.net\/wp-content\/uploads\/2023\/09\/logo-quadrat-color-e1695915315229.png","width":120,"height":120,"caption":"Aparences: Historia del Arte y Actualidad Cultural"},"image":{"@id":"https:\/\/www.aparences.net\/es\/#\/schema\/logo\/image\/"}},{"@type":"Person","@id":"https:\/\/www.aparences.net\/es\/#\/schema\/person\/af349f6ffc31b16c68963e61268afca5","name":"admin","url":"https:\/\/www.aparences.net\/es\/author\/admin\/"}]}},"_links":{"self":[{"href":"https:\/\/www.aparences.net\/es\/wp-json\/wp\/v2\/posts\/13220","targetHints":{"allow":["GET"]}}],"collection":[{"href":"https:\/\/www.aparences.net\/es\/wp-json\/wp\/v2\/posts"}],"about":[{"href":"https:\/\/www.aparences.net\/es\/wp-json\/wp\/v2\/types\/post"}],"author":[{"embeddable":true,"href":"https:\/\/www.aparences.net\/es\/wp-json\/wp\/v2\/users\/2"}],"replies":[{"embeddable":true,"href":"https:\/\/www.aparences.net\/es\/wp-json\/wp\/v2\/comments?post=13220"}],"version-history":[{"count":0,"href":"https:\/\/www.aparences.net\/es\/wp-json\/wp\/v2\/posts\/13220\/revisions"}],"wp:featuredmedia":[{"embeddable":true,"href":"https:\/\/www.aparences.net\/es\/wp-json\/wp\/v2\/media\/30919"}],"wp:attachment":[{"href":"https:\/\/www.aparences.net\/es\/wp-json\/wp\/v2\/media?parent=13220"}],"wp:term":[{"taxonomy":"category","embeddable":true,"href":"https:\/\/www.aparences.net\/es\/wp-json\/wp\/v2\/categories?post=13220"},{"taxonomy":"post_tag","embeddable":true,"href":"https:\/\/www.aparences.net\/es\/wp-json\/wp\/v2\/tags?post=13220"}],"curies":[{"name":"wp","href":"https:\/\/api.w.org\/{rel}","templated":true}]}}