{"id":13238,"date":"2010-07-25T12:04:09","date_gmt":"2010-07-25T10:04:09","guid":{"rendered":"https:\/\/www.aparences.net\/ecoles\/ecole-de-ferrare\/dosso-dossi\/"},"modified":"2025-12-11T19:40:57","modified_gmt":"2025-12-11T18:40:57","slug":"dosso-dossi-2","status":"publish","type":"post","link":"https:\/\/www.aparences.net\/es\/escuelas\/la-escuela-de-ferrara\/dosso-dossi-2\/","title":{"rendered":"Dosso Dossi"},"content":{"rendered":"<p><!--contents--><\/p>\n\n\n<h2 class=\"wp-block-heading\">La escuela de Ferrara en el siglo XVI<\/h2>\n\n\n\n<p>En 1497, Boccaccio Boccaccino, un artista de Cremona que trabaj\u00f3 en Mil\u00e1n, en la corte de <a href=\"https:\/\/www.aparences.net\/es\/arte-y-mecenazgo\/el-ducado-de-milan\/ludovico-el-moro\/\">Ludovico el Moro<\/a>, lleg\u00f3 por primera vez a Ferrara respondiendo a la invitaci\u00f3n del duque <a href=\"https:\/\/www.aparences.net\/es\/arte-y-mecenazgo\/la-ciudad-de-ferrara-bajo-los-este\/borso-de-este\/#ercole-i-d%27este-%281431-1505%29\">Ercole I d&#8217;Este<\/a>. La llegada de este pintor extranjero, un lombardo que tra\u00eda consigo un bagaje lleno de influencias leonardescas, marc\u00f3 el comienzo de un nuevo cap\u00edtulo de la pintura ferraresa despu\u00e9s de un per\u00edodo excepcional marcado por el genio de Cosm\u00e8 Tura, de <a href=\"https:\/\/www.aparences.net\/es\/escuelas\/la-escuela-de-ferrara\/francesco-del-cossa-y-los-frescos-schifanoia\/\">Francesco del Cossa<\/a> y <a href=\"https:\/\/www.aparences.net\/es\/escuelas\/la-escuela-de-ferrara\/ercole-de-roberti\/\">Ercole de\u2019 Roberti<\/a>.<\/p>\n\n\n\n<p>&nbsp;Estos \u00faltimos trabajaron tambi\u00e9n en Bolonia donde ganaron el favor de la ciudad con la creaci\u00f3n de un lenguaje formal a la vez fant\u00e1stico, literario e intelectual que inspirar\u00e1 algunos a\u00f1os m\u00e1s tarde a Lorenzo Costa, otro artista ferrar\u00e9s que trabaj\u00f3 para los Bentivoglio, se\u00f1ores de Bolonia. La muerte de <a href=\"https:\/\/www.aparences.net\/es\/escuelas\/la-escuela-de-ferrara\/cosme-tura\/\">Cosm\u00e8 Tura<\/a> en abril de 1495 dej\u00f3 un vac\u00edo que llenaron primero sus seguidores, ajenos a los cambios estil\u00edsticos de la \u00e9poca y luego el apogeo de la d\u00e9cada de 1510 que corresponde al inicio de la carrera art\u00edstica de Dosso Dossi, <a href=\"https:\/\/www.aparences.net\/es\/escuelas\/la-escuela-de-ferrara\/benvenuto-tisi-llamado-garofalo\/\">Garofalo<\/a>, <a href=\"https:\/\/www.aparences.net\/es\/escuelas\/la-escuela-de-ferrara\/benvenuto-tisi-llamado-garofalo\/#giovanni-battista-benvenuti,-llamado-il-ortolano\">Ortolano<\/a>, <a href=\"https:\/\/www.aparences.net\/es\/escuelas\/la-escuela-de-ferrara\/benvenuto-tisi-llamado-garofalo\/#ludovico-mazzolino-%28ferrara-h.-1480-1530%29\">Mazzolino<\/a> y <a href=\"https:\/\/www.aparences.net\/es\/escuelas\/la-escuela-de-ferrara\/benvenuto-tisi-llamado-garofalo\/#girolamo-da-carpi-%28ferrara-1501-1556%29\">Girolamo da Carpi<\/a>. El periodo de transici\u00f3n entre el siglo XV y el XVI, refleja un cambio cultural no s\u00f3lo en Ferrara, sino tambi\u00e9n en muchas otras ciudades de la llanura del Po, como Venecia, Mantua, Cremona y Parma. Este cambio cultural se vio impulsado por una serie de sugerencias procedentes de diversas fuentes, todas ellas religiosas y desarrolladas bajo el signo de un renuevo espiritual y moral de la sociedad de la \u00e9poca. No es casualidad que Ercole de &#8216;Roberti fuera literalmente despedido por Ercole I por haber acompa\u00f1ado a su hijo y futuro duque, <a href=\"https:\/\/www.aparences.net\/es\/arte-y-mecenazgo\/la-ciudad-de-ferrara-bajo-los-este\/alfonso-i-de-este\/\">Alfonso I d&#8217;Este<\/a>, en sus escapadas nocturnas que el juzgaba transgresoras y libertinas. Era tambi\u00e9n la \u00e9poca de Savonarola, el monje predicador que fue ejecutado en Florencia en mayo de 1498, cuando Ferrara estaba poniendo en marcha uno de los programas m\u00e1s ambiciosos de la pol\u00edtica expansionista del duque, la <em>Addizione Erculea<\/em>. Es tambi\u00e9n a partir de este per\u00edodo cuando se ponen las bases para una buena gesti\u00f3n de las instituciones mon\u00e1sticas y se crean nuevas estructuras eclesi\u00e1sticas y asociativas. Todas estas medidas se combinaron para difundir un arte religioso moderado, con formas suaves y colores p\u00e1lidos intensificados por la luz, impulsado por el clasicismo de pintores bolo\u00f1eses como <strong>Lorenzo Costa<\/strong> y <strong>Francesco Francia<\/strong> y por las <strong>influencias flamencas y alemanas<\/strong> que a menudo retomaron las viejas alegor\u00edas g\u00f3ticas.<\/p>\n\n\n<div class=\"wp-block-image\">\n<figure class=\"aligncenter\"><img loading=\"lazy\" decoding=\"async\" width=\"302\" height=\"460\" src=\"https:\/\/www.aparences.net\/wp-content\/uploads\/2010\/07\/lorenzo-costa-et-mainieri-vierge-a-l-enfant.jpg\" alt=\"Virgen y el Ni\u00f1o con santos, h. 1499, Lorenzo Costa y Gianfrancesco Mainieri (Londres, National Gallery)\" class=\"wp-image-20899\" title=\"Virgen y el Ni\u00f1o con santos, h. 1499, Lorenzo Costa y Gianfrancesco Mainieri (Londres, National Gallery)\" srcset=\"https:\/\/www.aparences.net\/wp-content\/uploads\/2010\/07\/lorenzo-costa-et-mainieri-vierge-a-l-enfant.jpg 302w, https:\/\/www.aparences.net\/wp-content\/uploads\/2010\/07\/lorenzo-costa-et-mainieri-vierge-a-l-enfant-160x244.jpg 160w\" sizes=\"auto, (max-width: 302px) 100vw, 302px\" \/><figcaption class=\"wp-element-caption\"><em><strong>Virgen y el Ni\u00f1o con santos<\/strong>, h. 1499, <strong>Lorenzo Costa y Gianfrancesco Mainieri<\/strong> <\/em><br><em>(Londres, National Gallery)<\/em><\/figcaption><\/figure>\n<\/div>\n\n\n<p><em>Este retablo fue pintado para el altar mayor del Oratorio de la Concepci\u00f3n (adjunto a la Iglesia de San Francesco de Ferrara), probablemente encargado por Carlo y Camillo Strozzi. Fue iniciado por Gianfrancesco Mainieri (un pintor de Parma que trabajaba para los Este de Ferrara) que cre\u00f3 el trono altamente adornado y peque\u00f1as escenas. Fue terminado por Lorenzo Costa quien realiz\u00f3 las grandes figuras, pero s\u00f3lo modific\u00f3 ligeramente el santo soldado (probablemente san Guillermo).<\/em><\/p>\n\n\n<div class=\"wp-block-image\">\n<figure class=\"aligncenter\"><img loading=\"lazy\" decoding=\"async\" width=\"620\" height=\"316\" src=\"https:\/\/www.aparences.net\/wp-content\/uploads\/2010\/07\/lorenzo-costa-mainieri-vierge-a-l-enfant-detail.jpg\" alt=\"Virgen y el Ni\u00f1o con santos, h. 1499, Lorenzo Costa y Gianfrancesco Mainieri \" class=\"wp-image-20901\" title=\"Virgen y el Ni\u00f1o con santos, h. 1499, Lorenzo Costa y Gianfrancesco Mainieri\" srcset=\"https:\/\/www.aparences.net\/wp-content\/uploads\/2010\/07\/lorenzo-costa-mainieri-vierge-a-l-enfant-detail.jpg 620w, https:\/\/www.aparences.net\/wp-content\/uploads\/2010\/07\/lorenzo-costa-mainieri-vierge-a-l-enfant-detail-160x82.jpg 160w\" sizes=\"auto, (max-width: 620px) 100vw, 620px\" \/><\/figure>\n<\/div>\n\n\n<p><em>Las escenas narrativas generalmente representadas en el borde inferior del retablo, aqu\u00ed se encuentran en la base del trono. Se leen de derecha a izquierda, empezando por la Natividad y terminando con Cristo entre los doctores . Las pinturas al lado de la b\u00f3veda artesonada muestran el Sacrificio de Isaac y probablemente Esther ante Asuero. Lorenzo Costa se form\u00f3 en el medio art\u00edstico ferrar\u00e9s y, siguiendo el ejemplo de Cosm\u00e8 Tura y Ercole de\u2019 Roberti, en 1483 se traslad\u00f3 a Bolonia donde de &#8216;Roberti ya estaba trabajando desde 1481. M\u00e1s tarde se traslad\u00f3 a Mantua como pintor de la corte (<a href=\"https:\/\/www.aparences.net\/es\/arte-y-mecenazgo\/los-gonzaga-de-mantua\/el-studiolo-de-isabel-de-este\/\">pinturas mitol\u00f3gicas para Isabella d&#8217;Este<\/a>).<\/em><\/p>\n\n\n\n<!-- AdBoxRight2020 --><ins class=\"adsbygoogle\"     style=\"display:block; margin-top:30px;\"     data-ad-client=\"ca-pub-2468002815867636\"     data-ad-slot=\"3496014735\"     data-ad-format=\"auto\"     data-full-width-responsive=\"false\"><\/ins><script> (adsbygoogle = window.adsbygoogle || []).push({});<\/script><h2 class=\"wp-block-heading\">Dosso Dossi (h. 1489 &#8211; Ferrara 1542)<\/h2>\n\n\n\n<p><strong>Dosso Dossi, seud\u00f3nimo de Giovanni Luteri,<\/strong> de quien no se conoce ni el lugar exacto ni la fecha de nacimiento, pas\u00f3 a convertirse en el protagonista de <a href=\"https:\/\/www.aparences.net\/es\/escuelas\/la-escuela-de-ferrara\/\" data-type=\"link\" data-id=\"https:\/\/www.aparences.net\/es\/escuelas\/la-escuela-de-ferrara\/\">la escuela de Ferrara<\/a> en la primera mitad del siglo XVI. Trabaj\u00f3 casi exclusivamente al servicio de Alfonso I d&#8217;Este, si excluimos algunas obras de juventud en Mantua (1512) y los frescos de la Villa Imperial en Pesaro (hacia 1530). El encuentro de Dosso con el medio art\u00edstico de Mantua donde predominaba el legado de <a href=\"https:\/\/www.aparences.net\/es\/arte-y-mecenazgo\/los-gonzaga-de-mantua\/andrea-mantegna-pintor-de-corte\/\">Mantegna<\/a> con la <em><a href=\"https:\/\/www.aparences.net\/es\/arte-y-mecenazgo\/los-gonzaga-de-mantua\/andrea-mantegna-pintor-de-corte\/#los-frescos-de-la-c%C3%A1mara-de-los-esposos-o-camera-picta\">C\u00e1mara de los esposos<\/a>,<\/em> los <em>Triunfos de C\u00e9sar<\/em> y las telas para el studiolo de Isabella (esposa de Francesco Gonzaga y hermana de Alfonso I d\u2019Este) fue decisivo para el joven pintor, pero de foma especial, fue el contacto muy precoz con los pintores venecianos: la dataci\u00f3n del <em>Pol\u00edptico de San Andr\u00e9s<\/em> (1513) pintado en colaboraci\u00f3n con <a href=\"https:\/\/www.aparences.net\/es\/escuelas\/la-escuela-de-ferrara\/benvenuto-tisi-llamado-garofalo\/\">Garofalo<\/a>, \u00e9ste \u00faltimo ya bastante mayor, muestra c\u00f3mo los horizontes de estos dos pintores eran diferentes. Con su paleta totalmente renovada de colores intensos y en\u00e9rgicos, sus personajes a la vez heroicos y temerarios llenos de detalles sutiles realizados a base de densas masas crom\u00e1ticas, a trav\u00e9s de las cuales aparecen destellos de luz que brotan de las corazas y mantos episcopales y que se reflejan en el follaje, una de las caracter\u00edsticas m\u00e1s reconocibles y personales del artista a causa de la luz muy especial con la que impregna sus paisajes. Su estancia en Venecia, aunque documentada desde 1516, sin duda hab\u00eda comenzado a finales de la d\u00e9cada anterior: sus primeros logros ponen de manifiesto que se inspir\u00f3 en el cromatismo de <a href=\"https:\/\/www.aparences.net\/es\/escuelas\/la-pintura-veneciana\/el-cinquecento-o-alto-renacimiento-en-venecia\/#giorgione\">Giorgione<\/a> y en el joven <a href=\"https:\/\/www.aparences.net\/es\/escuelas\/la-pintura-veneciana\/tiziano-vecellio-biografia\/\">Tiziano<\/a>, interpret\u00e1ndolo con su gusto exc\u00e9ntrico, audaz y personal. Heredero perfecto del original y anticonformista gusto ferrar\u00e9s que llev\u00f3 a su m\u00e1xima expresi\u00f3n en pinturas de peque\u00f1as dimensiones, tanto religiosas como profanas, en las que trat\u00f3 de pintar a base de peque\u00f1os toques y manchas, enriqueci\u00e9ndolo con un brillo m\u00e1gico y destellos improvisados de colores (e<em>l Idilio r\u00fastico<\/em> o las <em><strong>Tres Edades del hombre<\/strong><\/em>, Nueva York, Metropolitan Museum; <em><strong>Lamentaci\u00f3n<\/strong><\/em>, Londres, National Gallery). La sensibilidad po\u00e9tica que emana de los paisajes de fondo es incomparable, ba\u00f1ando las escenas en atm\u00f3sferas rom\u00e1nticas o fant\u00e1sticas como en la escena de la leyenda de los Argonautas <em>: <a href=\"https:\/\/www.nga.gov\/collection\/art-object-page.391.html\">Aeneas and Achates on the Libyan Coast<\/a><\/em>, Washington, National Gallery).<\/p>\n\n\n<div class=\"wp-block-image\">\n<figure class=\"aligncenter\"><img loading=\"lazy\" decoding=\"async\" width=\"312\" height=\"373\" src=\"https:\/\/www.aparences.net\/wp-content\/uploads\/2010\/07\/dosso-dossi-lamentation-sur-christ-mort.jpg\" alt=\"Lamentaci\u00f3n sobre Cristo muerto, 1515, Dosso Dossi \" class=\"wp-image-20908\" title=\"Lamentaci\u00f3n sobre Cristo muerto, 1515, Dosso Dossi \" srcset=\"https:\/\/www.aparences.net\/wp-content\/uploads\/2010\/07\/dosso-dossi-lamentation-sur-christ-mort.jpg 312w, https:\/\/www.aparences.net\/wp-content\/uploads\/2010\/07\/dosso-dossi-lamentation-sur-christ-mort-160x191.jpg 160w\" sizes=\"auto, (max-width: 312px) 100vw, 312px\" \/><\/figure>\n<\/div>\n\n<div class=\"wp-block-image\">\n<figure class=\"aligncenter\"><img loading=\"lazy\" decoding=\"async\" width=\"620\" height=\"379\" src=\"https:\/\/www.aparences.net\/wp-content\/uploads\/2010\/07\/dosso-dossi-lamentation-detail.jpg\" alt=\"Lamentaci\u00f3n sobre Cristo muerto, 1515, Dosso Dossi (Londres, National Gallery)\" class=\"wp-image-20910\" title=\"Lamentaci\u00f3n sobre Cristo muerto, 1515, Dosso Dossi (Londres, National Gallery)\" srcset=\"https:\/\/www.aparences.net\/wp-content\/uploads\/2010\/07\/dosso-dossi-lamentation-detail.jpg 620w, https:\/\/www.aparences.net\/wp-content\/uploads\/2010\/07\/dosso-dossi-lamentation-detail-160x98.jpg 160w\" sizes=\"auto, (max-width: 620px) 100vw, 620px\" \/><figcaption class=\"wp-element-caption\"><em><strong>Lamentaci\u00f3n sobre Cristo muerto<\/strong>, 1515, <strong>Dosso Dossi<\/strong> (Londres, National Gallery)<\/em><\/figcaption><\/figure>\n<\/div>\n\n\n<p><em>Es a trav\u00e9s de la influencia de Giorgione, Sebastiano del Piombo y finalmente Tiziano, lo que mejor explica la profundidad de la obra de Dosso y la humanidad que se desprende de sus figuras con sus fisonom\u00edas so\u00f1adoras y a la vez salvajes.<br><\/em><\/p>\n\n\n<div class=\"wp-block-image\">\n<figure class=\"aligncenter\"><a href=\"https:\/\/aparences.net\/wp-content\/uploads\/2010\/07\/dosso_metropolitan.jpg\"><img loading=\"lazy\" decoding=\"async\" width=\"494\" height=\"340\" src=\"https:\/\/www.aparences.net\/wp-content\/uploads\/2010\/07\/dosso_metropolitan.jpg\" alt=\"Las tres edades del hombre, 1515, Dosso Dossi, Nueva York, Metropolitan Museum\" class=\"wp-image-14949\" title=\"Las tres edades del hombre, 1515, Dosso Dossi, Nueva York, Metropolitan Museum\" srcset=\"https:\/\/www.aparences.net\/wp-content\/uploads\/2010\/07\/dosso_metropolitan.jpg 494w, https:\/\/www.aparences.net\/wp-content\/uploads\/2010\/07\/dosso_metropolitan-300x206.jpg 300w\" sizes=\"auto, (max-width: 494px) 100vw, 494px\" \/><\/a><figcaption class=\"wp-element-caption\"><em><strong>Las tres edades del hombre<\/strong>, 1515, <strong>Dosso Dossi<\/strong>, <\/em><br><em>(Nueva York, Metropolitan Museum)<\/em><\/figcaption><\/figure>\n<\/div>\n\n\n<p>Despu\u00e9s de haber estado en contacto, en Florencia y en Roma, con el arte de la Italia central, Dosso se volvi\u00f3 hacia formas cada vez m\u00e1s amplias y de composici\u00f3n m\u00e1s cl\u00e1sica, como se pone de manifiesto despu\u00e9s de 1520 tanto en retablos como en <a href=\"https:\/\/www.aparences.net\/es\/tematicos\/mitologia-y-pintura\/\" data-type=\"link\" data-id=\"https:\/\/www.aparences.net\/es\/tematicos\/mitologia-y-pintura\/\">pinturas mitol\u00f3gicas<\/a> como <em><strong>La maga Melissa<\/strong> (o Circe)<\/em> o en el <em><strong>Apolo<\/strong><\/em> (ambas en Roma, Galleria Borghese). En esta \u00e9poca, lo importante para Dosso es, sobre todo, medirse con Rafael, competir con el genio de Urbino y de la pintura romana, en una especie de concurso que supone el contacto directo y permanente con sus obras. Aunque por su aspecto colosal, los tres santos del retablo de M\u00f3dena recuerdan m\u00e1s a <a href=\"https:\/\/www.aparences.net\/es\/arte-y-mecenazgo\/los-fresquistas-florentinos\/miguel-angel-frescos-de-la-sixtina\/\">Miguel \u00c1ngel<\/a>, pero evocan sobre todo un di\u00e1logo con la pintura veneciana y sus variantes de Terra Ferma que hacen de Dosso un antagonista de <strong>Rafael<\/strong>. Adepto de colores vibrantes, Dosso se coloca bajo la \u00e9gida de Tiziano y de la pintura sin dibujo subyacente, una pintura libre de normas que se manifiesta a trav\u00e9s de sus poderosas figuras de santos y personajes de la antiguedad cl\u00e1sica.<\/p>\n\n\n<div class=\"wp-block-image\">\n<figure class=\"aligncenter\"><img loading=\"lazy\" decoding=\"async\" width=\"502\" height=\"427\" src=\"https:\/\/www.aparences.net\/wp-content\/uploads\/2018\/04\/dosso-dossi-apollon.jpg\" alt=\"Apolo, 1525, Dosso Dossi, Roma, Galleria Borghese\" class=\"wp-image-18179\" title=\"Apolo, 1525, Dosso Dossi, Roma, Galleria Borghese\" srcset=\"https:\/\/www.aparences.net\/wp-content\/uploads\/2018\/04\/dosso-dossi-apollon.jpg 502w, https:\/\/www.aparences.net\/wp-content\/uploads\/2018\/04\/dosso-dossi-apollon-300x255.jpg 300w\" sizes=\"auto, (max-width: 502px) 100vw, 502px\" \/><figcaption class=\"wp-element-caption\"><em><strong>Apolo<\/strong>, 1525, <strong>Dosso Dossi<\/strong> (Roma, Galleria Borghese)<\/em><\/figcaption><\/figure>\n<\/div>\n\n\n<p><em><a href=\"https:\/\/www.aparences.net\/es\/tematicos\/mitologia-y-pintura\/los-doce-dioses-del-olimpo-ii\/\" data-type=\"link\" data-id=\"https:\/\/www.aparences.net\/es\/tematicos\/mitologia-y-pintura\/los-doce-dioses-del-olimpo-ii\/\">Apolo, uno de los doce dioses ol\u00edmpicos<\/a> se ha representado como m\u00fasico y coronado con su atributo, el laurel. El naturalismo del torso y el brazo que sostiene el arco, y el paisaje del fondo, muestran como&nbsp;en sus obras, Dosso sab\u00eda dar ejemplos de esta observaci\u00f3n directa de la naturaleza. El ropaje verde que lleva Apolo se a\u00f1adi\u00f3 unos a\u00f1os m\u00e1s tarde; una vez eliminado, quedar\u00eda un Apolo bajo una apariencia m\u00e1s libre, similar a la del Apolo de Rafael en El Parnaso de las <a href=\"https:\/\/www.aparences.net\/es\/arte-y-mecenazgo\/los-fresquistas-florentinos\/la-obra-mural-de-rafael\/\">Estancias del Vaticano<\/a>.<\/em><\/p>\n\n\n<div class=\"wp-block-image\">\n<figure class=\"aligncenter\"><a href=\"https:\/\/aparences.net\/wp-content\/uploads\/2010\/07\/dosso_melisse.jpg\"><img loading=\"lazy\" decoding=\"async\" width=\"396\" height=\"400\" src=\"https:\/\/www.aparences.net\/wp-content\/uploads\/2010\/07\/dosso_melisse.jpg\" alt=\"La maga Melissa o Circe, 1515-1516, Dosso Dossi, Roma, Galleria Borghese\" class=\"wp-image-14950\" title=\"La maga Melissa o Circe, 1515-1516, Dosso Dossi, Roma, Galleria Borghese\" srcset=\"https:\/\/www.aparences.net\/wp-content\/uploads\/2010\/07\/dosso_melisse.jpg 396w, https:\/\/www.aparences.net\/wp-content\/uploads\/2010\/07\/dosso_melisse-100x100.jpg 100w, https:\/\/www.aparences.net\/wp-content\/uploads\/2010\/07\/dosso_melisse-90x90.jpg 90w, https:\/\/www.aparences.net\/wp-content\/uploads\/2010\/07\/dosso_melisse-75x75.jpg 75w, https:\/\/www.aparences.net\/wp-content\/uploads\/2010\/07\/dosso_melisse-297x300.jpg 297w\" sizes=\"auto, (max-width: 396px) 100vw, 396px\" \/><\/a><figcaption class=\"wp-element-caption\"><em><strong>La maga Melissa o Circe<\/strong>, 1515-1516, <strong>Dosso Dossi<\/strong> <\/em><br><em>(Roma, Galleria Borghese) <\/em><\/figcaption><\/figure>\n<\/div>\n\n\n<p><em>Esta obra maestra llena de poes\u00eda, representa una mujer de aspecto imponente y misterioso pintada dentro de su c\u00edrculo m\u00e1gico mientras se prepara para realizar un hechizo. Sin embargo, la identidad de esta maga est\u00e1 sujeta a las m\u00e1s variadas interpretaciones iconogr\u00e1ficas: algunos piensan que podr\u00eda tratarse de la hermosa y p\u00e9rfida maga Circe, popular personaje de la <a href=\"https:\/\/www.aparences.net\/es\/tematicos\/mitologia-y-pintura\/la-odisea-contada-por-los-pintores\/\">mitolog\u00eda griega (La Odisea)<\/a>, o de Melissa la maga buena descrita en el <a href=\"https:\/\/www.aparences.net\/es\/tematicos\/ariosto-y-la-pintura\/\">Rolando furioso de Ariosto<\/a>, que liber\u00f3 de su hechizo a los caballeros cristianos que hab\u00edan sido transformados en animales, \u00e1rboles o plantas.<\/em><\/p>\n\n\n<div class=\"wp-block-image\">\n<figure class=\"aligncenter\"><img loading=\"lazy\" decoding=\"async\" width=\"522\" height=\"163\" src=\"https:\/\/www.aparences.net\/wp-content\/uploads\/2018\/04\/dosso-dossi-circe-.jpg\" alt=\"La maga Melissa o Circe, Dosso Dossi\" class=\"wp-image-18180\" title=\"La maga Melissa o Circe, Dosso Dossi\" srcset=\"https:\/\/www.aparences.net\/wp-content\/uploads\/2018\/04\/dosso-dossi-circe-.jpg 522w, https:\/\/www.aparences.net\/wp-content\/uploads\/2018\/04\/dosso-dossi-circe--300x94.jpg 300w\" sizes=\"auto, (max-width: 522px) 100vw, 522px\" \/><\/figure>\n<\/div>\n\n\n<p><em>En la historia del arte no existen precedentes de un cuadro como este aunque se evidencian ciertas influencias de otros maestros que parecen jugar un papel fundamental, especialmente el cuadro de Tiziano, <em><a href=\"https:\/\/www.aparences.net\/es\/escuelas\/la-pintura-veneciana\/tiziano-vecellio-biografia\/\">Amor sagrado y amor profano<\/a> (1514-15)<\/em>, donde la imponente mujer en primer plano vista desde abajo y que aparece delante de un paisaje, expresa la misma libertad de acci\u00f3n que en la obra de Dosso. Los dos pintores se habr\u00edan conocido cuando Tiziano pas\u00f3 por Ferrara en 1516. En marzo del mismo a\u00f1o, Dosso se fue a trabajar a Venecia. La pose de la hechicera con su imponente presencia, el turbante y la tabla que sostiene en su mano, produce un impacto parecido sobre el espectador que las <a href=\"https:\/\/www.aparences.net\/es\/arte-y-mecenazgo\/los-fresquistas-florentinos\/miguel-angel-frescos-de-la-sixtina\/#profetas-y-sibilas\">Sibilas de Miguel \u00c1ngel<\/a> en la b\u00f3veda de la Capilla Sixtina que Dosso pod\u00eda haber estudiado en 1513, durante uno de sus viajes a Roma.<\/em><\/p>\n\n\n\n<!-- AdBoxLeft2023 --><ins class=\"adsbygoogle\" style=\"display:block\" data-ad-client=\"ca-pub-2468002815867636\" data-ad-slot=\"1318022963\" data-ad-format=\"auto\" data-full-width-responsive=\"true\"><\/ins><script> (adsbygoogle = window.adsbygoogle || []).push({});<\/script><h2 class=\"wp-block-heading\">Dosso Dossi, pintor de la corte<\/h2>\n\n\n\n<p><strong>Dosso Dossi, pintor de<\/strong> <a href=\"https:\/\/www.aparences.net\/es\/arte-y-mecenazgo\/los-este-de-ferrara\/alfonso-i-de-este\/\">Alfonso d&#8217;Este<\/a> en Ferrara, junto con su hermano Battista, <strong>proporciona a la corte lo esencial de sus<\/strong> <a href=\"https:\/\/www.aparences.net\/es\/tematicos\/mitologia-y-pintura\/\">cuadros mitol\u00f3gicos<\/a>, retratos y frescos decorativos. La vida art\u00edstica de Dosso y de su hermano se desarroll\u00f3 en contacto con artistas locales y extranjeros, algunos de los cuales eran sus compa\u00f1eros de trabajo, como fue el caso en la decoraci\u00f3n del castillo de Buonconsiglio en Trento. La presencia en Ferrara de tantos artistas trajo como consecuencia muchas influencias rec\u00edprocas en las que Dosso tom\u00f3 claramente posici\u00f3n; Dosso Dossi particip\u00f3 en el proyecto para la decoraci\u00f3n de los apartamentos de Alfonso I, los llamados <a href=\"https:\/\/www.aparences.net\/es\/arte-y-mecenazgo\/la-ciudad-de-ferrara-bajo-los-este\/alfonso-i-de-este\/#los-camerini-de-alfonso-i-d%27este\"><em>Camerini<\/em><\/a> con una Bacanal (t\u00e9rmino acu\u00f1ado por Vasari) con las <em>Historias de Eneas<\/em>, actualmente perdidas o dispersadas por varios museos, y que se hab\u00edan dispuesto alrededor de las salas como si fueran frisos. Su encuentro con Tiziano, que estuvo varias veces en Ferrara entre 1516 y 1529 fue decisivo para Dosso tanto en t\u00e9rminos de la f\u00e1bula mitol\u00f3gica, de la que el artista veneciano hac\u00eda un amplio uso, como por los temas paisaj\u00edsticos, hasta la <strong>serie de los <em>Fil\u00f3sofos<\/em><\/strong>, donde la experiencia de Miguel \u00c1ngel tambi\u00e9n termina por jugar un papel importante en la dilataci\u00f3n de las figuras y en los fondos, ahora libres de cualquier exuberancia. <strong>Las visiones m\u00e1gicas y misteriosas de Dosso son un reflejo de la literatura de Ariosto<\/strong>, impregnadas de una imaginaci\u00f3n encendida por el color en una geograf\u00eda paradis\u00edaca que ahora utiliza para sublimar los sentidos, parecido a lo que m\u00e1s tarde tambi\u00e9n se manifestar\u00e1 en la pintura de Guercino. Esta tendencia hacia lo m\u00e1gico y maravilloso siempre tiende a transformar la realidad en misterio. Por el contrario, las obras m\u00e1s tard\u00edas de Dosso, como los frescos de Pesaro o de Trento y numerosas pinturas de caballete como las<em> <strong>Alegor\u00edas<\/strong><\/em> (M\u00f3dena, Galleria Estense), traducen la evoluci\u00f3n del artista hacia formas m\u00e1s convencionales bajo la influencia de Julio Romano. Este cambio se debe tambi\u00e9n a que en esta \u00e9poca colaboraba con Dosso su hermano Battista (Ferrara h.1497- 1458), quien hab\u00eda estado en contacto con la <a href=\"https:\/\/www.aparences.net\/es\/arte-y-mecenazgo\/roma-mecenazgo-y-poder-papal\/leon-x-giovanni-de-medicis\/#rafael-y-sus-alumnos-en-el-vaticano\">escuela de Rafael en Roma<\/a> en la que uno de sus miembros m\u00e1s activos era precisamente <a href=\"https:\/\/www.aparences.net\/es\/arte-y-mecenazgo\/los-gonzaga-de-mantua\/julio-romano-en-mantua\/\">Julio Romano<\/a>. En Ferrara trabaj\u00f3 activamente para la <a href=\"https:\/\/www.aparences.net\/es\/arte-y-mecenazgo\/los-este-de-ferrara\/\">corte de los Este<\/a>, y la especialidad de Dosso eran tambi\u00e9n las pinturas de peque\u00f1as dimensiones&nbsp; (<em>Sagrada Familia con San Juan<\/em>, Roma, Galleria Borghese).<\/p>\n\n\n<div class=\"wp-block-image\">\n<figure class=\"aligncenter\"><img loading=\"lazy\" decoding=\"async\" width=\"498\" height=\"397\" src=\"https:\/\/www.aparences.net\/wp-content\/uploads\/2010\/07\/dosso-dossi-savant-avec-sphere.jpg\" alt=\"Erudito con comp\u00e1s y esfera, 1520-1522, Dosso Dossi (Ferrara, Pinacoteca Nazionale)\" class=\"wp-image-20904\" title=\"Erudito con comp\u00e1s y esfera, 1520-1522, Dosso Dossi (Ferrara, Pinacoteca Nazionale)\" srcset=\"https:\/\/www.aparences.net\/wp-content\/uploads\/2010\/07\/dosso-dossi-savant-avec-sphere.jpg 498w, https:\/\/www.aparences.net\/wp-content\/uploads\/2010\/07\/dosso-dossi-savant-avec-sphere-160x128.jpg 160w\" sizes=\"auto, (max-width: 498px) 100vw, 498px\" \/><figcaption class=\"wp-element-caption\"><em><strong>Erudito con comp\u00e1s y esfera<\/strong>, 1520-1522, <strong>Dosso Dossi<\/strong> <\/em><br><em>(Ferrara, Pinacoteca Nazionale) <\/em><\/figcaption><\/figure>\n<\/div>\n\n\n<p><em>Esta tabla forma parte de la serie llamada Eruditos realizada por Dosso y que&nbsp;seg\u00fan Federico Zeri (1984)&nbsp; representan a las siete artes liberales: el \u00abtrivium\u00bb (gram\u00e1tica, l\u00f3gica y ret\u00f3rica) y el \u00abquadrivium \u00ab(geometr\u00eda, aritm\u00e9tica, astrolog\u00eda y m\u00fasica). Este Erudito con comp\u00e1s y esfera representar\u00eda la astrolog\u00eda. El cielo todav\u00eda est\u00e1 envuelto en la oscuridad de la noche y Atlas, con el viento que infla su capa, se apresura a medir la posici\u00f3n de las estrellas antes que desaparezcan con la luz del d\u00eda. La figura es una referencia clara a los <a href=\"https:\/\/www.aparences.net\/es\/arte-y-mecenazgo\/los-fresquistas-florentinos\/miguel-angel-frescos-de-la-sixtina\/#los-ignudi\">Ignudi de Miguel \u00c1ngel<\/a>.<br><\/em><\/p>\n\n\n<div class=\"wp-block-image\">\n<figure class=\"aligncenter\"><img loading=\"lazy\" decoding=\"async\" width=\"518\" height=\"460\" src=\"https:\/\/www.aparences.net\/wp-content\/uploads\/2010\/07\/dosso-et-battista-dossi-lapidation-saint-stephane.jpg\" alt=\"Lapidaci\u00f3n de san Esteban, c. 1525, Dosso y Battista Dossi (Madrid, Museo Thyssen)\" class=\"wp-image-20906\" title=\"Lapidaci\u00f3n de san Esteban, c. 1525, Dosso y Battista Dossi (Madrid, Museo Thyssen)\" srcset=\"https:\/\/www.aparences.net\/wp-content\/uploads\/2010\/07\/dosso-et-battista-dossi-lapidation-saint-stephane.jpg 518w, https:\/\/www.aparences.net\/wp-content\/uploads\/2010\/07\/dosso-et-battista-dossi-lapidation-saint-stephane-160x142.jpg 160w\" sizes=\"auto, (max-width: 518px) 100vw, 518px\" \/><figcaption class=\"wp-element-caption\"><em><strong>Lapidaci\u00f3n de san Esteban<\/strong>, c. 1525, <strong>Dosso y Battista Dossi<\/strong> <\/em><br><em>(Madrid, Museo Thyssen)<\/em><\/figcaption><\/figure>\n<\/div>\n\n<div class=\"wp-block-image\">\n<figure class=\"aligncenter\"><img loading=\"lazy\" decoding=\"async\" width=\"481\" height=\"460\" src=\"https:\/\/www.aparences.net\/wp-content\/uploads\/2010\/07\/dosso-dossi-allegorie-de-la-musique.jpg\" alt=\"Alegor\u00eda de la m\u00fasica, h. 1522, Dosso Dossi (Florencia, Fundaci\u00f3n Horne)\" class=\"wp-image-20912\" title=\"Alegor\u00eda de la m\u00fasica, h. 1522, Dosso Dossi (Florencia, Fundaci\u00f3n Horne)\" srcset=\"https:\/\/www.aparences.net\/wp-content\/uploads\/2010\/07\/dosso-dossi-allegorie-de-la-musique.jpg 481w, https:\/\/www.aparences.net\/wp-content\/uploads\/2010\/07\/dosso-dossi-allegorie-de-la-musique-160x153.jpg 160w\" sizes=\"auto, (max-width: 481px) 100vw, 481px\" \/><figcaption class=\"wp-element-caption\"><em><strong>Alegor\u00eda de la m\u00fasica<\/strong>, h. 1522, <strong>Dosso Dossi<\/strong> (Florencia, Fundaci\u00f3n Horne)<\/em><\/figcaption><\/figure>\n<\/div>\n\n\n<p><em>La inspiraci\u00f3n m\u00e1s aut\u00e9ntica de Dosso resurge cuando trata aspectos ir\u00f3nicos y en las deformaciones anticl\u00e1sicas, como en esta pintura que parece parodiar el estilo heroico de Miguel \u00c1ngel.<\/em><\/p>\n\n\n<div class=\"wp-block-image\">\n<figure class=\"aligncenter\"><img loading=\"lazy\" decoding=\"async\" width=\"453\" height=\"460\" src=\"https:\/\/www.aparences.net\/wp-content\/uploads\/2018\/04\/dosso-dossi-allegorie-hercule.jpg\" alt=\"Brujer\u00eda o Alegor\u00eda de H\u00e9rcules, h. 1535, Dosso Dossi, Florencia, Galleria degli Uffizi\" class=\"wp-image-18181\" title=\"Brujer\u00eda o Alegor\u00eda de H\u00e9rcules, h. 1535, Dosso Dossi, Florencia, Galleria degli Uffizi\" srcset=\"https:\/\/www.aparences.net\/wp-content\/uploads\/2018\/04\/dosso-dossi-allegorie-hercule.jpg 453w, https:\/\/www.aparences.net\/wp-content\/uploads\/2018\/04\/dosso-dossi-allegorie-hercule-90x90.jpg 90w, https:\/\/www.aparences.net\/wp-content\/uploads\/2018\/04\/dosso-dossi-allegorie-hercule-75x75.jpg 75w, https:\/\/www.aparences.net\/wp-content\/uploads\/2018\/04\/dosso-dossi-allegorie-hercule-295x300.jpg 295w\" sizes=\"auto, (max-width: 453px) 100vw, 453px\" \/><figcaption class=\"wp-element-caption\"><em><strong>Brujer\u00eda o Alegor\u00eda de H\u00e9rcules<\/strong>, h. 1535, <strong>Dosso Dossi<\/strong> <\/em><br><em>(Florencia, Galleria degli Uffizi)<\/em><\/figcaption><\/figure>\n<\/div>\n\n\n<p><em>Este cuadro de Dossi ha sido objeto de varias interpretaciones: Calvesi (1982) da a esta obra un interpretaci\u00f3n b\u00e1quica; Barolski (1978) subraya su car\u00e1cter heroico. Gibbons (1965) fue el primero en proponer una lectura iconol\u00f3gica de la obra: en el centro del cuadro, la rueca en la mano del joven que se burla del anciano se refiere al mito de H\u00e9rcules y Onfalia. El anciano que lleva una corona de rosas &#8211; trofeo del juego que consiste en lanzar una bola de piedra unida a una cuerda, que tambi\u00e9n se puede ver en sus manos &#8211; ser\u00eda H\u00e9rcules. Las dos mujeres al lado del joven presentan caracter\u00edsticas opuestas: una, baja la mirada, mientras que la otra mira orgullosa y sostiene un plato de frutas delante de su pechos que exhibe abiertamente. La alusi\u00f3n llevar\u00eda de nuevo al mito de H\u00e9rcules, a medio camino entre el Vicio y la Virtud. La cabra, s\u00edmbolo de la lujuria, la comida visible en primer plano (guisantes, queso y cerezas), la m\u00e1scara y la pandereta ser\u00eda s\u00edmbolos orgi\u00e1sticos, mientras que el peque\u00f1o perro representar\u00eda la fidelidad.<\/em><\/p>\n","protected":false},"excerpt":{"rendered":"<p>El encuentro de Dosso Dossi con el medio art\u00edstico de Mantua donde predominaba el legado de Mantegna, fue decisivo para el pintor.<\/p>\n","protected":false},"author":2,"featured_media":26806,"comment_status":"closed","ping_status":"closed","sticky":false,"template":"","format":"standard","meta":{"footnotes":""},"categories":[2325],"tags":[185,3270,4816,2603,2830,2742],"class_list":["post-13238","post","type-post","status-publish","format-standard","has-post-thumbnail","hentry","category-la-escuela-de-ferrara","tag-allegories","tag-dosso-dossi-2","tag-escuela-de-ferrara","tag-este-de-ferrara","tag-pintor-de-corte","tag-pintores-de-ferrara"],"yoast_head":"<!-- This site is optimized with the Yoast SEO plugin v27.2 - https:\/\/yoast.com\/product\/yoast-seo-wordpress\/ -->\n<title>Dosso Dossi<\/title>\n<meta name=\"description\" content=\"El encuentro de Dosso Dossi con el medio art\u00edstico de Mantua donde predominaba el legado de Mantegna, fue decisivo para el pintor.\" \/>\n<meta name=\"robots\" content=\"index, follow, max-snippet:-1, max-image-preview:large, max-video-preview:-1\" \/>\n<link rel=\"canonical\" href=\"https:\/\/www.aparences.net\/es\/escuelas\/la-escuela-de-ferrara\/dosso-dossi\/\" \/>\n<meta property=\"og:locale\" content=\"es_ES\" \/>\n<meta property=\"og:type\" content=\"article\" \/>\n<meta property=\"og:title\" content=\"Dosso Dossi\" \/>\n<meta property=\"og:description\" content=\"El encuentro de Dosso Dossi con el medio art\u00edstico de Mantua donde predominaba el legado de Mantegna, fue decisivo para el pintor.\" \/>\n<meta property=\"og:url\" content=\"https:\/\/www.aparences.net\/es\/escuelas\/la-escuela-de-ferrara\/dosso-dossi\/\" \/>\n<meta property=\"og:site_name\" content=\"Aparences\" \/>\n<meta property=\"article:published_time\" content=\"2010-07-25T10:04:09+00:00\" \/>\n<meta property=\"article:modified_time\" content=\"2025-12-11T18:40:57+00:00\" \/>\n<meta property=\"og:image\" content=\"https:\/\/www.aparences.net\/wp-content\/uploads\/2010\/07\/dosso-dossi.jpg\" \/>\n\t<meta property=\"og:image:width\" content=\"1080\" \/>\n\t<meta property=\"og:image:height\" content=\"540\" \/>\n\t<meta property=\"og:image:type\" content=\"image\/jpeg\" \/>\n<meta name=\"author\" content=\"admin\" \/>\n<meta name=\"twitter:card\" content=\"summary_large_image\" \/>\n<meta name=\"twitter:label1\" content=\"Escrito por\" \/>\n\t<meta name=\"twitter:data1\" content=\"admin\" \/>\n\t<meta name=\"twitter:label2\" content=\"Tiempo de lectura\" \/>\n\t<meta name=\"twitter:data2\" content=\"14 minutos\" \/>\n<script type=\"application\/ld+json\" class=\"yoast-schema-graph\">{\"@context\":\"https:\/\/schema.org\",\"@graph\":[{\"@type\":\"Article\",\"@id\":\"https:\/\/www.aparences.net\/es\/escuelas\/la-escuela-de-ferrara\/dosso-dossi\/#article\",\"isPartOf\":{\"@id\":\"https:\/\/www.aparences.net\/es\/escuelas\/la-escuela-de-ferrara\/dosso-dossi\/\"},\"author\":{\"name\":\"admin\",\"@id\":\"https:\/\/www.aparences.net\/es\/#\/schema\/person\/af349f6ffc31b16c68963e61268afca5\"},\"headline\":\"Dosso Dossi\",\"datePublished\":\"2010-07-25T10:04:09+00:00\",\"dateModified\":\"2025-12-11T18:40:57+00:00\",\"mainEntityOfPage\":{\"@id\":\"https:\/\/www.aparences.net\/es\/escuelas\/la-escuela-de-ferrara\/dosso-dossi\/\"},\"wordCount\":2518,\"publisher\":{\"@id\":\"https:\/\/www.aparences.net\/es\/#organization\"},\"image\":{\"@id\":\"https:\/\/www.aparences.net\/es\/escuelas\/la-escuela-de-ferrara\/dosso-dossi\/#primaryimage\"},\"thumbnailUrl\":\"https:\/\/www.aparences.net\/wp-content\/uploads\/2010\/07\/dosso-dossi.jpg\",\"keywords\":[\"all\u00e9gories\",\"Dosso Dossi\",\"Escuela de Ferrara\",\"Este de Ferrara\",\"pintor de corte\",\"pintores de Ferrara\"],\"articleSection\":[\"La escuela de Ferrara\"],\"inLanguage\":\"es\"},{\"@type\":[\"WebPage\",\"ItemPage\"],\"@id\":\"https:\/\/www.aparences.net\/es\/escuelas\/la-escuela-de-ferrara\/dosso-dossi\/\",\"url\":\"https:\/\/www.aparences.net\/es\/escuelas\/la-escuela-de-ferrara\/dosso-dossi\/\",\"name\":\"Dosso Dossi\",\"isPartOf\":{\"@id\":\"https:\/\/www.aparences.net\/es\/#website\"},\"primaryImageOfPage\":{\"@id\":\"https:\/\/www.aparences.net\/es\/escuelas\/la-escuela-de-ferrara\/dosso-dossi\/#primaryimage\"},\"image\":{\"@id\":\"https:\/\/www.aparences.net\/es\/escuelas\/la-escuela-de-ferrara\/dosso-dossi\/#primaryimage\"},\"thumbnailUrl\":\"https:\/\/www.aparences.net\/wp-content\/uploads\/2010\/07\/dosso-dossi.jpg\",\"datePublished\":\"2010-07-25T10:04:09+00:00\",\"dateModified\":\"2025-12-11T18:40:57+00:00\",\"description\":\"El encuentro de Dosso Dossi con el medio art\u00edstico de Mantua donde predominaba el legado de Mantegna, fue decisivo para el pintor.\",\"breadcrumb\":{\"@id\":\"https:\/\/www.aparences.net\/es\/escuelas\/la-escuela-de-ferrara\/dosso-dossi\/#breadcrumb\"},\"inLanguage\":\"es\",\"potentialAction\":[{\"@type\":\"ReadAction\",\"target\":[\"https:\/\/www.aparences.net\/es\/escuelas\/la-escuela-de-ferrara\/dosso-dossi\/\"]}]},{\"@type\":\"ImageObject\",\"inLanguage\":\"es\",\"@id\":\"https:\/\/www.aparences.net\/es\/escuelas\/la-escuela-de-ferrara\/dosso-dossi\/#primaryimage\",\"url\":\"https:\/\/www.aparences.net\/wp-content\/uploads\/2010\/07\/dosso-dossi.jpg\",\"contentUrl\":\"https:\/\/www.aparences.net\/wp-content\/uploads\/2010\/07\/dosso-dossi.jpg\",\"width\":1080,\"height\":540,\"caption\":\"http:\/\/www.metmuseum.org\/art\/collection\/search\/436208\"},{\"@type\":\"BreadcrumbList\",\"@id\":\"https:\/\/www.aparences.net\/es\/escuelas\/la-escuela-de-ferrara\/dosso-dossi\/#breadcrumb\",\"itemListElement\":[{\"@type\":\"ListItem\",\"position\":1,\"name\":\"Portada\",\"item\":\"https:\/\/www.aparences.net\/es\/\"},{\"@type\":\"ListItem\",\"position\":2,\"name\":\"Dosso Dossi\"}]},{\"@type\":\"WebSite\",\"@id\":\"https:\/\/www.aparences.net\/es\/#website\",\"url\":\"https:\/\/www.aparences.net\/es\/\",\"name\":\"Aparences: Historia del Arte y Actualidad Cultural\",\"description\":\"\",\"publisher\":{\"@id\":\"https:\/\/www.aparences.net\/es\/#organization\"},\"potentialAction\":[{\"@type\":\"SearchAction\",\"target\":{\"@type\":\"EntryPoint\",\"urlTemplate\":\"https:\/\/www.aparences.net\/es\/?s={search_term_string}\"},\"query-input\":{\"@type\":\"PropertyValueSpecification\",\"valueRequired\":true,\"valueName\":\"search_term_string\"}}],\"inLanguage\":\"es\"},{\"@type\":\"Organization\",\"@id\":\"https:\/\/www.aparences.net\/es\/#organization\",\"name\":\"Aparences: Historia del Arte y Actualidad Cultural\",\"url\":\"https:\/\/www.aparences.net\/es\/\",\"logo\":{\"@type\":\"ImageObject\",\"inLanguage\":\"es\",\"@id\":\"https:\/\/www.aparences.net\/es\/#\/schema\/logo\/image\/\",\"url\":\"https:\/\/www.aparences.net\/wp-content\/uploads\/2023\/09\/logo-quadrat-color-e1695915315229.png\",\"contentUrl\":\"https:\/\/www.aparences.net\/wp-content\/uploads\/2023\/09\/logo-quadrat-color-e1695915315229.png\",\"width\":120,\"height\":120,\"caption\":\"Aparences: Historia del Arte y Actualidad Cultural\"},\"image\":{\"@id\":\"https:\/\/www.aparences.net\/es\/#\/schema\/logo\/image\/\"}},{\"@type\":\"Person\",\"@id\":\"https:\/\/www.aparences.net\/es\/#\/schema\/person\/af349f6ffc31b16c68963e61268afca5\",\"name\":\"admin\",\"url\":\"https:\/\/www.aparences.net\/es\/author\/admin\/\"}]}<\/script>\n<!-- \/ Yoast SEO plugin. -->","yoast_head_json":{"title":"Dosso Dossi","description":"El encuentro de Dosso Dossi con el medio art\u00edstico de Mantua donde predominaba el legado de Mantegna, fue decisivo para el pintor.","robots":{"index":"index","follow":"follow","max-snippet":"max-snippet:-1","max-image-preview":"max-image-preview:large","max-video-preview":"max-video-preview:-1"},"canonical":"https:\/\/www.aparences.net\/es\/escuelas\/la-escuela-de-ferrara\/dosso-dossi\/","og_locale":"es_ES","og_type":"article","og_title":"Dosso Dossi","og_description":"El encuentro de Dosso Dossi con el medio art\u00edstico de Mantua donde predominaba el legado de Mantegna, fue decisivo para el pintor.","og_url":"https:\/\/www.aparences.net\/es\/escuelas\/la-escuela-de-ferrara\/dosso-dossi\/","og_site_name":"Aparences","article_published_time":"2010-07-25T10:04:09+00:00","article_modified_time":"2025-12-11T18:40:57+00:00","og_image":[{"width":1080,"height":540,"url":"https:\/\/www.aparences.net\/wp-content\/uploads\/2010\/07\/dosso-dossi.jpg","type":"image\/jpeg"}],"author":"admin","twitter_card":"summary_large_image","twitter_misc":{"Escrito por":"admin","Tiempo de lectura":"14 minutos"},"schema":{"@context":"https:\/\/schema.org","@graph":[{"@type":"Article","@id":"https:\/\/www.aparences.net\/es\/escuelas\/la-escuela-de-ferrara\/dosso-dossi\/#article","isPartOf":{"@id":"https:\/\/www.aparences.net\/es\/escuelas\/la-escuela-de-ferrara\/dosso-dossi\/"},"author":{"name":"admin","@id":"https:\/\/www.aparences.net\/es\/#\/schema\/person\/af349f6ffc31b16c68963e61268afca5"},"headline":"Dosso Dossi","datePublished":"2010-07-25T10:04:09+00:00","dateModified":"2025-12-11T18:40:57+00:00","mainEntityOfPage":{"@id":"https:\/\/www.aparences.net\/es\/escuelas\/la-escuela-de-ferrara\/dosso-dossi\/"},"wordCount":2518,"publisher":{"@id":"https:\/\/www.aparences.net\/es\/#organization"},"image":{"@id":"https:\/\/www.aparences.net\/es\/escuelas\/la-escuela-de-ferrara\/dosso-dossi\/#primaryimage"},"thumbnailUrl":"https:\/\/www.aparences.net\/wp-content\/uploads\/2010\/07\/dosso-dossi.jpg","keywords":["all\u00e9gories","Dosso Dossi","Escuela de Ferrara","Este de Ferrara","pintor de corte","pintores de Ferrara"],"articleSection":["La escuela de Ferrara"],"inLanguage":"es"},{"@type":["WebPage","ItemPage"],"@id":"https:\/\/www.aparences.net\/es\/escuelas\/la-escuela-de-ferrara\/dosso-dossi\/","url":"https:\/\/www.aparences.net\/es\/escuelas\/la-escuela-de-ferrara\/dosso-dossi\/","name":"Dosso Dossi","isPartOf":{"@id":"https:\/\/www.aparences.net\/es\/#website"},"primaryImageOfPage":{"@id":"https:\/\/www.aparences.net\/es\/escuelas\/la-escuela-de-ferrara\/dosso-dossi\/#primaryimage"},"image":{"@id":"https:\/\/www.aparences.net\/es\/escuelas\/la-escuela-de-ferrara\/dosso-dossi\/#primaryimage"},"thumbnailUrl":"https:\/\/www.aparences.net\/wp-content\/uploads\/2010\/07\/dosso-dossi.jpg","datePublished":"2010-07-25T10:04:09+00:00","dateModified":"2025-12-11T18:40:57+00:00","description":"El encuentro de Dosso Dossi con el medio art\u00edstico de Mantua donde predominaba el legado de Mantegna, fue decisivo para el pintor.","breadcrumb":{"@id":"https:\/\/www.aparences.net\/es\/escuelas\/la-escuela-de-ferrara\/dosso-dossi\/#breadcrumb"},"inLanguage":"es","potentialAction":[{"@type":"ReadAction","target":["https:\/\/www.aparences.net\/es\/escuelas\/la-escuela-de-ferrara\/dosso-dossi\/"]}]},{"@type":"ImageObject","inLanguage":"es","@id":"https:\/\/www.aparences.net\/es\/escuelas\/la-escuela-de-ferrara\/dosso-dossi\/#primaryimage","url":"https:\/\/www.aparences.net\/wp-content\/uploads\/2010\/07\/dosso-dossi.jpg","contentUrl":"https:\/\/www.aparences.net\/wp-content\/uploads\/2010\/07\/dosso-dossi.jpg","width":1080,"height":540,"caption":"http:\/\/www.metmuseum.org\/art\/collection\/search\/436208"},{"@type":"BreadcrumbList","@id":"https:\/\/www.aparences.net\/es\/escuelas\/la-escuela-de-ferrara\/dosso-dossi\/#breadcrumb","itemListElement":[{"@type":"ListItem","position":1,"name":"Portada","item":"https:\/\/www.aparences.net\/es\/"},{"@type":"ListItem","position":2,"name":"Dosso Dossi"}]},{"@type":"WebSite","@id":"https:\/\/www.aparences.net\/es\/#website","url":"https:\/\/www.aparences.net\/es\/","name":"Aparences: Historia del Arte y Actualidad Cultural","description":"","publisher":{"@id":"https:\/\/www.aparences.net\/es\/#organization"},"potentialAction":[{"@type":"SearchAction","target":{"@type":"EntryPoint","urlTemplate":"https:\/\/www.aparences.net\/es\/?s={search_term_string}"},"query-input":{"@type":"PropertyValueSpecification","valueRequired":true,"valueName":"search_term_string"}}],"inLanguage":"es"},{"@type":"Organization","@id":"https:\/\/www.aparences.net\/es\/#organization","name":"Aparences: Historia del Arte y Actualidad Cultural","url":"https:\/\/www.aparences.net\/es\/","logo":{"@type":"ImageObject","inLanguage":"es","@id":"https:\/\/www.aparences.net\/es\/#\/schema\/logo\/image\/","url":"https:\/\/www.aparences.net\/wp-content\/uploads\/2023\/09\/logo-quadrat-color-e1695915315229.png","contentUrl":"https:\/\/www.aparences.net\/wp-content\/uploads\/2023\/09\/logo-quadrat-color-e1695915315229.png","width":120,"height":120,"caption":"Aparences: Historia del Arte y Actualidad Cultural"},"image":{"@id":"https:\/\/www.aparences.net\/es\/#\/schema\/logo\/image\/"}},{"@type":"Person","@id":"https:\/\/www.aparences.net\/es\/#\/schema\/person\/af349f6ffc31b16c68963e61268afca5","name":"admin","url":"https:\/\/www.aparences.net\/es\/author\/admin\/"}]}},"_links":{"self":[{"href":"https:\/\/www.aparences.net\/es\/wp-json\/wp\/v2\/posts\/13238","targetHints":{"allow":["GET"]}}],"collection":[{"href":"https:\/\/www.aparences.net\/es\/wp-json\/wp\/v2\/posts"}],"about":[{"href":"https:\/\/www.aparences.net\/es\/wp-json\/wp\/v2\/types\/post"}],"author":[{"embeddable":true,"href":"https:\/\/www.aparences.net\/es\/wp-json\/wp\/v2\/users\/2"}],"replies":[{"embeddable":true,"href":"https:\/\/www.aparences.net\/es\/wp-json\/wp\/v2\/comments?post=13238"}],"version-history":[{"count":0,"href":"https:\/\/www.aparences.net\/es\/wp-json\/wp\/v2\/posts\/13238\/revisions"}],"wp:featuredmedia":[{"embeddable":true,"href":"https:\/\/www.aparences.net\/es\/wp-json\/wp\/v2\/media\/26806"}],"wp:attachment":[{"href":"https:\/\/www.aparences.net\/es\/wp-json\/wp\/v2\/media?parent=13238"}],"wp:term":[{"taxonomy":"category","embeddable":true,"href":"https:\/\/www.aparences.net\/es\/wp-json\/wp\/v2\/categories?post=13238"},{"taxonomy":"post_tag","embeddable":true,"href":"https:\/\/www.aparences.net\/es\/wp-json\/wp\/v2\/tags?post=13238"}],"curies":[{"name":"wp","href":"https:\/\/api.w.org\/{rel}","templated":true}]}}