{"id":13248,"date":"2010-07-27T18:16:20","date_gmt":"2010-07-27T16:16:20","guid":{"rendered":"https:\/\/www.aparences.net\/ecoles\/ecole-de-ferrare\/ercole-de-roberti\/"},"modified":"2025-12-11T19:40:56","modified_gmt":"2025-12-11T18:40:56","slug":"ercole-de-roberti-2","status":"publish","type":"post","link":"https:\/\/www.aparences.net\/es\/escuelas\/la-escuela-de-ferrara\/ercole-de-roberti-2\/","title":{"rendered":"Ercole de&#8217; Roberti"},"content":{"rendered":"<p><!--contents--><\/p>\n\n\n<h2 class=\"wp-block-heading\">Ercole de\u2019 Roberti (Ferrara h. 1456-1496)<\/h2>\n\n\n\n<p>Se trata de uno de los tres grandes pintores de Ferrara de la segunda mitad del siglo XV, junto con Cosm\u00e8 Tura y Francesco del Cossa. La actividad de <strong>Ercole de\u2019 Roberti<\/strong>, tambi\u00e9n conocido como <strong>Ercole de Ferrara<\/strong>, se mezcla a menudo con la de <a href=\"https:\/\/www.aparences.net\/es\/escuelas\/la-escuela-de-ferrara\/francesco-del-cossa-y-los-frescos-schifanoia\/\">Francesco del Cossa<\/a> en Bolonia, con quien realiz\u00f3 pinturas murales y \u00f3leos sobre tabla. De\u2019 Roberti era tambi\u00e9n originario de Ferrara, ciudad en la que se hab\u00eda formado como pintor y en la que muy probablemente hab\u00eda trabajado con Cossa en la decoraci\u00f3n del Salon de los Meses del <a href=\"https:\/\/www.aparences.net\/es\/escuelas\/la-escuela-de-ferrara\/francesco-del-cossa-y-los-frescos-schifanoia\/#los-frescos-del-palacio-schifanoia\">Palacio Schifanoia<\/a>. <\/p>\n\n\n\n<p>Se desconoce la fecha exacta de su nacimiento. Un documento del 13 de noviembre de 1476 cita \u00abHercules de Roberti, pintor del barrio de la Santa Cruz.\u00bb En una carta dirigida al duque el 19 de marzo de 1491, Ercole de\u2019 Roberti dice que \u00ab&nbsp;se me va la mitad de mi vida.&nbsp;\u00bb De ah\u00ed la idea, del todo relevante desde el punto de vista cr\u00edtico, de situar el nacimiento del pintor alrededor de 1456. A partir de los a\u00f1os setenta, con la finalizaci\u00f3n de la predela del pol\u00edptico para Floriano Griffoni y el retablo para los Canonici Lateranensi de San Lazzaro en Ferrara (destruido en Berl\u00edn en 1945), Ercole de\u2019 Roberti se hab\u00eda convertido en la alternativa m\u00e1s original de <a href=\"https:\/\/www.aparences.net\/es\/escuelas\/la-escuela-de-ferrara\/cosme-tura\/\">Cosm\u00e8 Tura<\/a>, capaz de utilizar el lenguaje del maestro pero en un estilo m\u00e1s sereno y luminoso. Entre 1477 y 1486 realiza los murales (destruidos) de la capilla Garganelli en San Pietro de Bolonia donde propone una relectura formal de las <a href=\"https:\/\/www.aparences.net\/es\/arte-y-mecenazgo\/los-gonzaga-de-mantua\/andrea-mantegna-pintor-de-corte\/\">obras de Mantegna<\/a>, relectura que se traduce por una secuencia expresiva significativamente diferente de la del viejo Tura en aquellos a\u00f1os. Con Ercole de&#8217; Roberti, algo importante se perfila entre Bolonia y Ferrara; no existe nada comparable a los frescos de San Pietro durante estos diez a\u00f1os, al menos a juzgar por los comentarios que han llegado hasta nosotros. El entusiasmo que muestra Vasari fue sin duda inspirado por <a href=\"https:\/\/www.aparences.net\/es\/arte-y-mecenazgo\/los-fresquistas-florentinos\/miguel-angel-frescos-de-la-sixtina\/\">Miguel \u00c1ngel<\/a>, quien en 1494 pas\u00f3 varios meses en Bolonia y hab\u00eda declarado que la obra de Ercole de\u2019 Roberti \u00ab&nbsp;val\u00eda media Roma&nbsp;\u00bb. A trav\u00e9s de Bolonia, la pintura de Ferrara va a extenderse a otros centros, especialmente Florencia; uno de los pintores a quien se le atribuye protagonismo en estas nuevas alianzas es Lorenzo Costa, una de las \u00faltimas estrellas del firmamento art\u00edstico de Ferrara.<\/p>\n\n\n<div class=\"wp-block-image\">\n<figure class=\"aligncenter size-full\"><img loading=\"lazy\" decoding=\"async\" width=\"650\" height=\"174\" src=\"https:\/\/www.aparences.net\/wp-content\/uploads\/2024\/02\/deroberti_griffoni.webp\" alt=\"Milagros de san Vicente Ferrer, 1472-1473, Ercole de' Roberti\" class=\"wp-image-32092\" title=\"Milagros de san Vicente Ferrer, 1472-1473, Ercole de' Roberti\"\/><figcaption class=\"wp-element-caption\"><em><strong>Milagros de san Vicente Ferrer<\/strong> (predela del Pol\u00edptico Griffoni), 1472-73, <strong>Ercole de\u2019 Roberti<\/strong><\/em><br><em> (Roma, Pinacoteca Vaticana)<\/em><\/figcaption><\/figure>\n<\/div>\n\n\n<p><em>Despu\u00e9s de unirse a Cossa en Bolonia, Ercole tuvo que terminar la predela y pilastras del <a href=\"https:\/\/www.aparences.net\/es\/escuelas\/la-escuela-de-ferrara\/francesco-del-cossa-y-los-frescos-schifanoia\/#el-pol%C3%ADptico-griffoni\">pol\u00edptico Griffoni<\/a> en San Petronio. \u00abAl completar el pol\u00edptico Griffoni, Ercole tuvo la elegancia de homenajear a la vieja escuela y ceder en algunos detalles para no destruir la unidad de la obra iniciada por Cossa; as\u00ed, el paisaje de la predela parece retr\u00f3grado si lo comparamos al panorama evanescente de la pala berlinesa (Retablo Lateranensi destruido en Berl\u00edn en 1945) y que encaja muy bien con el fondo imaginado por Cossa en los grandes paneles\u00bb.<\/em><\/p>\n\n\n<div class=\"wp-block-image\">\n<figure class=\"aligncenter size-full\"><img loading=\"lazy\" decoding=\"async\" width=\"421\" height=\"370\" src=\"https:\/\/www.aparences.net\/wp-content\/uploads\/2024\/02\/deroberti_griffoni1.webp\" alt=\"Milagros de san Vicente Ferrer, Ercole de' Roberti\" class=\"wp-image-32095\" title=\"Milagros de san Vicente Ferrer, Ercole de' Roberti\"\/><\/figure>\n<\/div>\n\n\n<p><em>La participaci\u00f3n de Ercole de&#8217; Roberti en la ejecuci\u00f3n de este retablo fue atestiguada por Lamo (1560) y Vasari (1.550-1560). El conjunto de la predela ilustra los milagros del santo y representa sucesivamente, la curaci\u00f3n de la mujer paral\u00edtica, la resurrecci\u00f3n de una mujer jud\u00eda, la extinci\u00f3n del incendio, el rescate de un ni\u00f1o en peligro y la resurrecci\u00f3n del ni\u00f1o asesinado por su madre enajenada.<br><\/em><\/p>\n\n\n<div class=\"wp-block-image\">\n<figure class=\"aligncenter size-full\"><img loading=\"lazy\" decoding=\"async\" width=\"547\" height=\"430\" src=\"https:\/\/www.aparences.net\/wp-content\/uploads\/2024\/02\/ercole_de_roberti_saints.webp\" alt=\"San Jer\u00f3nimo y santa Catalina, Ercole de'Roberti\" class=\"wp-image-32097\" title=\"San Jer\u00f3nimo y santa Catalina, Ercole de'Roberti\"\/><figcaption class=\"wp-element-caption\"><em><strong>San Jer\u00f3nimo y santa Catalina<\/strong>, 1473, <strong>Ercole de\u2019 Roberti<\/strong> (Venecia, colecci\u00f3n Cini)<\/em><\/figcaption><\/figure>\n<\/div>\n\n\n<p><em>Originalmente, ambos paneles estaban colocados en dos de las doce hornacinas situadas entre las pilastras laterales del grandioso Pol\u00edtico Griffoni. Fue Longhi quien tuvo la intuici\u00f3n de atribuir estos paneles al Pol\u00edptico de la familia Griffoni despu\u00e9s haberlos estudiado en el contexto de la exposici\u00f3n sobre la pintura renacentista en Ferrara que tuvo lugar en 1933. Debido a las influencias de <a href=\"https:\/\/www.aparences.net\/es\/escuelas\/la-escuela-de-ferrara\/cosme-tura\/\">Cosm\u00e8 Tura<\/a> &#8211; reconocibles en el tono aristocr\u00e1tico de las figuras &#8211; y tambi\u00e9n de <a href=\"https:\/\/www.aparences.net\/es\/arte-y-mecenazgo\/los-gonzaga-de-mantua\/andrea-mantegna-pintor-de-corte\/\">Mantegna<\/a> y <a href=\"https:\/\/www.aparences.net\/es\/escuelas\/la-pintura-veneciana\/giovanni-bellini\/\">Giovanni Bellini<\/a>.<\/em><\/p>\n\n\n<div class=\"wp-block-image\">\n<figure class=\"aligncenter size-full\"><img loading=\"lazy\" decoding=\"async\" width=\"568\" height=\"279\" src=\"https:\/\/www.aparences.net\/wp-content\/uploads\/2024\/02\/ercole_de_roberti_annonciat.webp\" alt=\"Ercole de Roberti, \u00c1ngel de la Anunciaci\u00f3n; Virgen de la Anunciaci\u00f3n, 1473\" class=\"wp-image-32099\" title=\"Ercole de Roberti, \u00c1ngel de la Anunciaci\u00f3n; Virgen de la Anunciaci\u00f3n, 1473\"\/><figcaption class=\"wp-element-caption\"><em><strong>\u00c1ngel de la Anunciaci\u00f3n<\/strong>; <strong>Virgen de la Anunciaci\u00f3n<\/strong>, 1473, <strong>Ercole de\u2019 Roberti<\/strong> <\/em><br><em>(Gazzada -Varese, Instituto Superiore di Studi Religiosi, Villa Cagnola)<\/em><\/figcaption><\/figure>\n<\/div>\n\n\n<p><em>Estos dos medallones estaban entre los dos compartimentos laterales del <strong>Pol\u00edptico Griffoni <\/strong>y hab\u00edan sido atribuidos a Cosm\u00e8 Tura o a un pintor bolo\u00f1\u00e9s seguidor de Marco Zoppo. Como en el caso de las tablas anteriores, en 1934, Roberto Longhi intuy\u00f3 que los dos medallones pertenec\u00edan al retablo Griffoni y propuso su atribuci\u00f3n a Cossa, atribuci\u00f3n confirmada por gran parte de la cr\u00edtica, y m\u00e1s recientemente Benati \u00abdada la representaci\u00f3n meticulosa, casi mineral del drapeado del \u00e1ngel y tambi\u00e9n a una sintaxis menos monumental que la de Cossa\u00bb atribuy\u00f3 estos dos medallones a una intervenci\u00f3n de Ercole de\u2019 Roberti en el Pol\u00edptico Griffoni.<br><\/em><\/p>\n\n\n<div class=\"wp-block-image\">\n<figure class=\"aligncenter size-full\"><img loading=\"lazy\" decoding=\"async\" width=\"307\" height=\"370\" src=\"https:\/\/www.aparences.net\/wp-content\/uploads\/2024\/02\/deroberti_saint_michel.webp\" alt=\"San Miguel Arc\u00e1ngel, 1470-1480, Ercole de' Roberti, Bolonia\" class=\"wp-image-32101\" title=\"San Miguel Arc\u00e1ngel, 1470-1480, Ercole de' Roberti, Bolonia\"\/><figcaption class=\"wp-element-caption\"><em><strong>San Miguel Arc\u00e1ngel<\/strong>, 1470-1480, <\/em><br><em><strong>Ercole de\u2019 Roberti<\/strong> <\/em><br><em>(Bolonia, Pinacoteca Nazionale) <\/em><\/figcaption><\/figure>\n<\/div>\n\n\n<p><em>Esta peque\u00f1a pintura sobre tabla fue atribuida por Longhi a Ercole de&#8217; Roberti, y la cr\u00edtica, casi de forma un\u00e1nime, la sit\u00faa en el per\u00edodo en el que el maestro ejecutaba los frescos de la capilla Garganelli en Bolonia (hoy destruidos). Aqu\u00ed, san Miguel Arc\u00e1ngel est\u00e1 representado con sus atributos de jefe de las huestes celestiales, es decir, con su armadura y escudo. Es el patr\u00f3n de los caballeros y los oficios relacionados con las armas.<br><\/em><\/p>\n\n\n\n<!-- AdBoxRight2020 --><ins class=\"adsbygoogle\"     style=\"display:block; margin-top:30px;\"     data-ad-client=\"ca-pub-2468002815867636\"     data-ad-slot=\"3496014735\"     data-ad-format=\"auto\"     data-full-width-responsive=\"false\"><\/ins><script> (adsbygoogle = window.adsbygoogle || []).push({});<\/script><h2 class=\"wp-block-heading\">El Retablo de Ravena<\/h2>\n\n\n\n<p>Con Ercole de\u2019 Roberti, la pintura en Ferrara se orienta hacia un estilo italianizante, sin renunciar por ello a sus habilidades inventivas y creativas; <strong>Ercole de\u2019 Roberti<\/strong> hab\u00eda interpretado las nuevas posibilidades que ofrec\u00eda la pintura con una fuerza imaginativa mayor que la de los venecianos, especialmente en la <em>pala<\/em> ejecutada para Santa Maria in Porto en Ravena <em><strong>(Retablo de Ravena)<\/strong><\/em>, donde la figura de la gran santa en rojo a la izquierda de la Virgen, se recorta contra el cielo y se impone con una nueva autoridad. En este retablo y bajo un pabell\u00f3n inspirado de <a href=\"https:\/\/www.aparences.net\/es\/escuelas\/la-pintura-veneciana\/giovanni-bellini\/\">Bellini<\/a> el artista ha situado un trono monumental en torno al cual se re\u00fanen las figuras de santos, con actitudes apacibles y resignadas; una luz dorada roza la arquitectura y los personajes, mientras que en la parte inferior, la ciudad parece hundirse en un mar tormentoso. La elegancia con la que el pintor asimila la contribuci\u00f3n veneciana lo acercan al <a href=\"https:\/\/www.aparences.net\/es\/arte-y-mecenazgo\/los-fresquistas-florentinos\/la-obra-mural-de-perugino-y-pinturicchio\/\">estilo de Perugino<\/a>, Francesco Francia y Lorenzo Costa. As\u00ed, hacia 1480 y gracias a Ercole de\u2019 Roberti el arte ferrar\u00e9s consigue unirse a este giro fundamental que hab\u00eda tomado el arte italiano consiguiendo una primera unidad nacional &#8211; un acuerdo inicial entre el Norte, el Centro y el Sur &#8211; como consecuencia de la entrevista que mantuvieron <a href=\"https:\/\/www.aparences.net\/es\/escuelas\/la-pintura-veneciana\/giovanni-bellini\/#el-interludio-de-antonello-da-messina\">Antonello da Messina<\/a> y Giovanni Bellini, la cual, seg\u00fan Roberto Longhi, gir\u00f3 en torno al estilo sint\u00e9tico de <a href=\"https:\/\/www.aparences.net\/es\/arte-y-mecenazgo\/los-fresquistas-florentinos\/piero-della-francesca-historia-de-una-sintesis\/\">Piero della Francesca<\/a>. Rara vez un pintor aprovech\u00f3 tanto sus propias investigaciones como las ajenas. Esta obra refleja la especial importancia del retablo en el ambiente art\u00edstico ferrar\u00e9s durante los a\u00f1os 1475-1485.<\/p>\n\n\n<div class=\"wp-block-image\">\n<figure class=\"aligncenter size-full\"><img loading=\"lazy\" decoding=\"async\" width=\"313\" height=\"420\" src=\"https:\/\/www.aparences.net\/wp-content\/uploads\/2024\/02\/deroberti_pala.webp\" alt=\"Pala Portuense o Retablo de Ravena, Ercole de'Roberti, Milan, Pinacoteca di Brera\" class=\"wp-image-32103\" title=\"Pala Portuense o Retablo de Ravena, Ercole de'Roberti, Milan, Pinacoteca di Brera\"\/><figcaption class=\"wp-element-caption\"><em><strong>La Virgen y el Ni\u00f1o con santos y el beato Pietro degli Onesti<\/strong> (Pala Portuense o Retablo de Ravena), 1480, <strong>Ercole de&#8217; Roberti<\/strong> <\/em><br><em>(Mil\u00e1n, Pinacoteca di Brera)<\/em><\/figcaption><\/figure>\n<\/div>\n\n\n<p><em>Esta gran composici\u00f3n es una Sacra Conversaci\u00f3n (en italiano, Sacra Conversazione). La Virgen y el Ni\u00f1o aparecen en un trono entre santa Ana, madre de Mar\u00eda y santa Isabel, madre de Juan el Bautista. Los personajes se han colocado delante de un \u00ab&nbsp;tempietto&nbsp;\u00bb con baldaquino decorado con paneles que representan diversas escenas del Evangelio relacionadas con la infancia de Cristo. A la izquierda, vestida totalmente de rojo, santa Ana ofrece al Ni\u00f1o Jes\u00fas un jilguero (s\u00edmbolo de la Pasi\u00f3n), mientras que a la derecha, santa Isabel est\u00e1 de rodillas. Debajo, a la izquierda, aparece san Agust\u00edn, obispo de Hipona y gran te\u00f3logo de la Iglesia Cat\u00f3lica; a la derecha, el beato Pietro degli Onesti, llamado el pecador.<br><\/em><\/p>\n\n\n<div class=\"wp-block-image\">\n<figure class=\"aligncenter size-full\"><img loading=\"lazy\" decoding=\"async\" width=\"600\" height=\"266\" src=\"https:\/\/www.aparences.net\/wp-content\/uploads\/2024\/02\/deroberti_pala21.webp\" alt=\"Retabla de Ravena, Ercole de'Roberti, Milan, Brera\" class=\"wp-image-32105\" title=\"Retablo de Ravena, Ercole de'Roberti, Milan, Brera\"\/><\/figure>\n<\/div>\n\n\n<p><em>Al centro, un bloque octogonal particularmente original, con una plataforma soportada por columnas cuyos nudos coinciden con la l\u00ednea de horizonte del paisaje que deja entrever ciudades repletas de edificios con m\u00faltiples torres y campanarios de iglesias. Un puente sobre el r\u00edo conecta la ciudad con una especie de fortaleza. El paisaje se inserta a media altura entre la plataforma del trono y la base masiva, donde cada cara reproduce una escena directamente tomada del repertorio de predelas, con, de izquierda a derecha, la Masacre de los Inocentes, la Adoraci\u00f3n de los Reyes Magos y la Presentaci\u00f3n en el templo.<\/em><\/p>\n\n\n<div class=\"wp-block-image\">\n<figure class=\"aligncenter size-full\"><img loading=\"lazy\" decoding=\"async\" width=\"245\" height=\"430\" src=\"https:\/\/www.aparences.net\/wp-content\/uploads\/2024\/02\/deroberti_saint_jean.webp\" alt=\"San Juan Bautista, 1480, Ercole de' Roberti, Berlin\" class=\"wp-image-32107\" title=\"San Juan Bautista, 1480, Ercole de' Roberti, Berlin\"\/><figcaption class=\"wp-element-caption\"><em><strong>San Juan Bautista<\/strong>, 1480, <\/em><br><em><strong>Ercole de\u2019 Roberti<\/strong><\/em><br><em> (Berl\u00edn, Gem\u00e4ldegalerie) <\/em><\/figcaption><\/figure>\n<\/div>\n\n\n<p><em>Esta tabla fue pintada para la iglesia de Santa Maria in Porto en Ravena, y hasta la fecha sigue siendo la \u00fanica obra documentada del artista. Al igual que en el <a href=\"https:\/\/www.aparences.net\/es\/arte-y-mecenazgo\/el-mecenazgo-en-urbino\/armas-y-letras-urbino-bajo-federico-da-montefeltro\/#piero-della-francesca-o-la-poes%C3%ADa-de-la-luz\">Retablo de Brera<\/a> (Virgen con el Ni\u00f1o y santos) de Piero della Francesca, en esta obra Ercole de\u2019 Roberti alcanza la madurez de su lenguaje pict\u00f3rico, lo que mitiga el car\u00e1cter atormentado t\u00edpicamente ferrar\u00e9s de sus primeras obras. La extraordinaria fuerza expresiva de esta pintura se concentra en la figura intensa y fr\u00e1gil de san Juan Bautista que se yergue, aislado y monumental sobre un afloramiento rocoso y se recorta contra el paisaje marino delimitado en el horizonte por una cresta rocosa.<\/em><\/p>\n\n\n\n<p>La misma calidad de la luz pero en un tono m\u00e1s ligero es lo que caracteriza los <em><strong>Retratos de Giovanni y Ginevra Bentivoglio<\/strong><\/em> en Washington. Esta forma de representar las cosas, a la vez serena e imaginativa que adoptaron diversos artistas (incluyendo a una personalidad importante, el pintor an\u00f3nimo Vicino da Ferrara) correspond\u00eda al nuevo curso de la historia de Ferrara donde <a href=\"https:\/\/www.aparences.net\/es\/arte-y-mecenazgo\/la-ciudad-de-ferrara-bajo-los-este\/borso-de-este\/#ercole-i-d%27este-%281431-1505%29\">Ercole d\u2019Este<\/a>, quien finalmente ascendi\u00f3 al trono tras la muerte de su hermanastro <a href=\"https:\/\/www.aparences.net\/es\/arte-y-mecenazgo\/la-ciudad-de-ferrara-bajo-los-este\/borso-de-este\/\">Borso<\/a> (1470), desafi\u00f3 las reglas tradicionales y estableci\u00f3 un ceremonial devoto opuesto al ceremonial de inspiraci\u00f3n imperial buscado por el anterior marqu\u00e9s.<\/p>\n\n\n<div class=\"wp-block-image\">\n<figure class=\"aligncenter size-full\"><img loading=\"lazy\" decoding=\"async\" width=\"565\" height=\"389\" src=\"https:\/\/www.aparences.net\/wp-content\/uploads\/2024\/02\/ercole-de-roberti-portraits-giovanni-et-ginevra-bentivoglio.webp\" alt=\"Retratos de Giovanni y Ginevra Bentivoglio, 1480, Ercole de\u2019 Roberti\" class=\"wp-image-32109\" title=\"Retratos de Giovanni y Ginevra Bentivoglio, 1480, Ercole de\u2019 Roberti\"\/><figcaption class=\"wp-element-caption\"><em><strong>Retratos de Giovanni y Ginevra Bentivoglio<\/strong>, 1480, <strong>Ercole de\u2019 Roberti<\/strong> <\/em><br><em>(Washington, National Gallery). <\/em><\/figcaption><\/figure>\n<\/div>\n\n\n<p><em>A mediados del siglo XV, la familia Bentivoglio conquista el poder en Bolonia con Sante Bentivoglio (1445-1462) y Giovanni II (1462-1506). Este per\u00edodo es una de las m\u00e1s florecientes de la ciudad, con la presencia de arquitectos y pintores famosos que <strong>transforman Bolonia en una verdadera ciudad del Renacimiento italiano<\/strong>. El reinado de Giovanni II termina en 1506 cuando las tropas papales de Julio II asediaron y saquearon la ciudad. Este doble retrato en el que aparece Giovanni II y su esposa Ginevra Sforza, fue ejecutado por Ercole de\u2019 Roberti en 1480 y se inspira en el famoso doble <a href=\"https:\/\/www.aparences.net\/es\/arte-y-mecenazgo\/el-mecenazgo-en-urbino\/armas-y-letras-urbino-bajo-federico-da-montefeltro\/\">retrato de los duques de Urbino<\/a>, Federico da Montefeltro y Battista Sforza, ejecutado por Piero della Francesca antes de 1472 . Se trata sin duda del m\u00e1s bello retrato en d\u00edptico de todo el siglo XV en Italia despu\u00e9s del de Piero. Para el perfil, Ercole adopta un fondo sobrio, costumbre habitual, principalmente en Ferrara, desde los famosos ejemplos del g\u00f3tico cortesano (retrato de <a href=\"https:\/\/www.aparences.net\/es\/arte-y-mecenazgo\/la-ciudad-de-ferrara-bajo-los-este\/leonello-de-este\/#leonello-d%27este-%281407-1450%29\">Leonello d&#8217;Este por Pisanello<\/a>).<\/em><\/p>\n\n\n<div class=\"wp-block-image\">\n<figure class=\"aligncenter size-full\"><img loading=\"lazy\" decoding=\"async\" width=\"306\" height=\"400\" src=\"https:\/\/www.aparences.net\/wp-content\/uploads\/2024\/02\/deroberti_portrait.webp\" alt=\"Retrato de un joven de perfil, h. 1480, Ercole de'Roberti\" class=\"wp-image-32111\" title=\"Retrato de un joven de perfil, h. 1480, Ercole de'Roberti\"\/><figcaption class=\"wp-element-caption\"><em><strong>Retrato de un joven de perfil<\/strong>, h.1480, <\/em><br><em><strong>Ercole de&#8217; Roberti<\/strong> (Colecci\u00f3n privada) <\/em><\/figcaption><\/figure>\n<\/div>\n\n\n<p><em>Esta peque\u00f1a tabla est\u00e1 pintada por ambos lados: en el anverso, recortado sobre un fondo azul aparece el retrato de un joven de perfil, con una chaqueta de color rojo y una t\u00fanica negra; en el reverso figura un boceto realizado en color blanco de cerusa y \u00e1mbar que representa un busto de mujer de perfil. Es probable que el pintor comenzara la obra con el retrato femenino en una cara del panel, que sin embargo qued\u00f3 sin terminar.<br><\/em><\/p>\n\n\n<div class=\"wp-block-image\">\n<figure class=\"aligncenter size-full\"><img loading=\"lazy\" decoding=\"async\" width=\"511\" height=\"400\" src=\"https:\/\/www.aparences.net\/wp-content\/uploads\/2024\/02\/vicino_de_ferrara_saint.webp\" alt=\"San Jer\u00f3nimo, Vicino da Ferrara\" class=\"wp-image-32113\" title=\"San Jer\u00f3nimo, Vicino da Ferrara\"\/><figcaption class=\"wp-element-caption\"><em><strong>San Jer\u00f3nimo<\/strong>, c. 1470, <strong>Vicino da Ferrara<\/strong> (activo durante la segunda mitad del siglo XV) (Ferrara, Pinacoteca Nazionale)<\/em><\/figcaption><\/figure>\n<\/div>\n\n\n<p><em>A<\/em><em>nteriormente <\/em><em>en la iglesia de los carmelitas dedicada a san Jer\u00f3nimo, este gran lienzo est\u00e1 rodeado de un marco arquitectural que contribuye a exaltar el valor pl\u00e1stico de las figuras confiri\u00e9ndoles una forma de pujanza que recuerda algunas im\u00e1genes votivas, como el mural de Arezzo de Piero della Francesca que representa a Mar\u00eda Magdalena. El pintor Vicino da Ferrara, nombre que fue dado por Longhi a un maestro an\u00f3nimo que literalmente significa \u00abCerca de Ferrara\u00bb, demuestra una t\u00e9cnica particularmente sofisticada: utiliza con habilidad los pigmentos sobre el lienzo para conseguir bellos efectos de luminosidad.<br><\/em><\/p>\n\n\n\n<!-- AdBoxLeft2023 --><ins class=\"adsbygoogle\" style=\"display:block\" data-ad-client=\"ca-pub-2468002815867636\" data-ad-slot=\"1318022963\" data-ad-format=\"auto\" data-full-width-responsive=\"true\"><\/ins><script> (adsbygoogle = window.adsbygoogle || []).push({});<\/script><h2 class=\"wp-block-heading\">Ercole de&#8217; Roberti, pintor de la corte de Ferrara<\/h2>\n\n\n\n<p>La elegante sencillez de la <em>\u00daltima Cena<\/em> refleja el esp\u00edritu del nuevo protocolo instaurado por el nuevo marqu\u00e9s <strong>Ercole d&#8217;Este<\/strong>. Un ceremonial devoto que quer\u00eda que el Jueves Santo Ercole lavara los pies de los pobres de la ciudad y los invitara a comer en su palacio. <strong>La era de Ercole d&#8217;Este corresponde a un declive gradual del modelo humanista<\/strong> y se recuperan costumbres que parec\u00edan destinadas a desaparecer: en 1487, cuando se dispon\u00eda a partir en peregrinaci\u00f3n a Santiago de Compostela (que interrumpi\u00f3 en Mil\u00e1n), el marqu\u00e9s se hizo representar vestido con gran pompa en uno de los muros de su residencia de Belfiore, entre la imagen del elefante ofrecido por los mercaderes de Chipre y escenas de caza con panteras y patos. En 1486 <strong>Ercole de&#8217; Roberti hab\u00eda regresado a Ferrara como pintor de la corte de Ercole I d&#8217;Este<\/strong> permaneciendo all\u00ed hasta su muerte en 1496. Durante este periodo realiz\u00f3 numerosas obras ef\u00edmeras como carros aleg\u00f3ricos y estandartes. Tambi\u00e9n decor\u00f3 para <a href=\"https:\/\/www.aparences.net\/es\/arte-y-mecenazgo\/la-ciudad-de-ferrara-bajo-los-este\/borso-de-este\/#isabella-y-beatrice-d%E2%80%99este\">Isabel y Beatrice d&#8217;Este<\/a> sus arcones de boda (cassoni), as\u00ed como pinturas murales para la villa de recreo de Belriguardo (hoy destruidas). Aunque casi todas las obras de esta \u00e9poca son peque\u00f1as composiciones religiosas, la peque\u00f1a tabla con tema profano <em><strong>La mujer de Asdr\u00fabal y sus hijos<\/strong><\/em> probablemente data de este per\u00edodo. En la <em>Recolecci\u00f3n del man\u00e1 en el desierto por los israelitas<\/em> ejecutada en 1490 (Londres, National Gallery) y que probablemente formaba parte de una predela, Roberti retoma el misterioso paisaje desolado de la predela del <em>Pol\u00edptico Griffoni<\/em>, mientras que en las figuras, sus actitudes apacibles y recogidas demuestran una perfecta asimilaci\u00f3n de la <a href=\"https:\/\/www.aparences.net\/es\/escuelas\/la-pintura-veneciana\/\">pintura veneciana<\/a> y hasta de <a href=\"https:\/\/www.aparences.net\/es\/escuelas\/la-pintura-veneciana\/giovanni-bellini\/#el-interludio-de-antonello-da-messina\">Antonello da Messina<\/a>. Con Ercole de\u2019 Roberti concluye el primer per\u00edodo de la escuela de Ferrara; los artistas de la nueva generaci\u00f3n se vieron influenciados por su estilo no s\u00f3lo en Ferrara, sino tambi\u00e9n en otros centros de Emilia Romagna.<\/p>\n\n\n<div class=\"wp-block-image\">\n<figure class=\"aligncenter size-full\"><img loading=\"lazy\" decoding=\"async\" width=\"268\" height=\"368\" src=\"https:\/\/www.aparences.net\/wp-content\/uploads\/2024\/02\/deroberti_cene.webp\" alt=\"La \u00faltima cena, Ercole de' Roberti, Londres, National Gallery)\" class=\"wp-image-32115\" title=\"La \u00faltima cena, Ercole de' Roberti, Londres, National Gallery)\"\/><figcaption class=\"wp-element-caption\"><em><strong>La \u00faltima cena<\/strong>, 1490, <strong>Ercole de\u2019 Roberti<\/strong> (Londres, National Gallery)<\/em><\/figcaption><\/figure>\n<\/div>\n\n\n<p><em>\u00abTabla perteneciente a la \u00faltima fase del maestro, cuando trabajaba en la corte bajo la atenta mirada de Ercole I y de su hijo, el joven Alfonso. La noble sencillez de la arquitectura, la delicadeza de una luz casi de interior cayendo oblicuamente sobre las pilastras y la pared del fondo, as\u00ed como los actores del drama sagrado con sus actitudes de platonistas inquietos y decadentes, quiz\u00e1s se trata de una meditaci\u00f3n m\u00e1s profunda sobre la \u00faltima Cena antes de Leonardo\u00bb (R. Longhi).<br><\/em><\/p>\n\n\n<div class=\"wp-block-image\">\n<figure class=\"aligncenter size-full\"><img loading=\"lazy\" decoding=\"async\" width=\"245\" height=\"386\" src=\"https:\/\/www.aparences.net\/wp-content\/uploads\/2024\/02\/deroberti_hasdrubal.webp\" alt=\"La mujer de Asdr\u00fabal y sus hijos, 1490-93, Ercole de' Roberti\" class=\"wp-image-32117\" title=\"La mujer de Asdr\u00fabal y sus hijos, 1490-93, Ercole de' Roberti\"\/><\/figure>\n<\/div>\n\n<div class=\"wp-block-image\">\n<figure class=\"aligncenter size-full\"><img loading=\"lazy\" decoding=\"async\" width=\"473\" height=\"355\" src=\"https:\/\/www.aparences.net\/wp-content\/uploads\/2024\/02\/deroberti_hasdrubal1.webp\" alt=\"La mujer de Asdr\u00fabal y sus hijos, Ercole de' Roberti, Washington\" class=\"wp-image-32119\" title=\"La mujer de Asdr\u00fabal y sus hijos, Ercole de' Roberti, Washington\"\/><figcaption class=\"wp-element-caption\"><em><strong>La mujer de Asdr\u00fabal y sus hijos<\/strong>, 1490-1493, <strong>Ercole de\u2019 Roberti<\/strong> (Washington, National Gallery)<\/em><\/figcaption><\/figure>\n<\/div>\n\n\n<p><em>General cartagin\u00e9s (149-146 a.C.) Asdr\u00fabal sufri\u00f3 un largo asedio en Cartago. Habi\u00e9ndose atrincherado en un templo resisti\u00f3 largo tiempo, pero finalmente tuvo que rendirse al general romano Escipi\u00f3n. Su esposa, indignada por su traici\u00f3n, acuchill\u00f3 a sus hijos y luego se lanz\u00f3 al fuego con ellos.La tabla primero fue atribuida por el historiador Venturi (1856-1941) a Mainieri muestra \u00abesos movimientos preciosos y sueltos que pertenecen a un s\u00f3lo Ercole\u00bb (R. Longhi).<br><\/em><\/p>\n\n\n<div class=\"wp-block-image\">\n<figure class=\"aligncenter size-full\"><img loading=\"lazy\" decoding=\"async\" width=\"324\" height=\"400\" src=\"https:\/\/www.aparences.net\/wp-content\/uploads\/2024\/02\/argonautes.webp\" alt=\"Los Argonautas abandonan la C\u00f3lquida, h. 1480, Ercole de' Roberti, Madrid, Thyssen\" class=\"wp-image-32121\" title=\"Los Argonautas abandonan la C\u00f3lquida, h. 1480, Ercole de' Roberti, Madrid, Thyssen\"\/><figcaption class=\"wp-element-caption\"><em><strong>Los Argonautas abandonan la C\u00f3lquida<\/strong>, 1480, <strong>Ercole de\u2019 Roberti<\/strong> <\/em><br><em>(Madrid, Museo Thyssen Bornemisza) <\/em><\/figcaption><\/figure>\n<\/div>\n\n\n<p><em>Este peque\u00f1o panel formaba parte de un \u00ab&nbsp;cassone&nbsp;\u00bb. La escena ilustra un episodio de la historia de los argonautas en las Metamorfosis de Ovidio. Los Argonautas eran h\u00e9roes griegos que liderados por Jason fueron al fabuloso pa\u00eds de C\u00f3lquida en busca del Vellocino de Oro. La tabla representa el barco Argos con los protagonistas de la historia en el momento de zarpar. El pintor utiliza colores c\u00e1lidos para resaltar las ropas elegantes y sofisticadas de sus peque\u00f1os personajes.<br><\/em><\/p>\n","protected":false},"excerpt":{"rendered":"<p>Con Ercole de\u2019 Roberti, la pintura en Ferrara se orienta hacia un \u00abestilo italianizante\u00bb, sin renunciar por ello a sus habilidades inventivas y creativas.<\/p>\n","protected":false},"author":2,"featured_media":32090,"comment_status":"closed","ping_status":"closed","sticky":false,"template":"","format":"standard","meta":{"footnotes":""},"categories":[2325],"tags":[5976,4816,2742,2874],"class_list":["post-13248","post","type-post","status-publish","format-standard","has-post-thumbnail","hentry","category-la-escuela-de-ferrara","tag-ercole-deroberti","tag-escuela-de-ferrara","tag-pintores-de-ferrara","tag-poliptico-griffoni"],"yoast_head":"<!-- This site is optimized with the Yoast SEO plugin v27.2 - https:\/\/yoast.com\/product\/yoast-seo-wordpress\/ -->\n<title>Ercole de&#039; Roberti<\/title>\n<meta name=\"description\" content=\"Con Ercole de Roberti, la pintura en Ferrara se orienta hacia un &quot;estilo italianizante&quot;, sin renunciar por ello a sus habilidades inventivas y creativas.\" \/>\n<meta name=\"robots\" content=\"index, follow, max-snippet:-1, max-image-preview:large, max-video-preview:-1\" \/>\n<link rel=\"canonical\" href=\"https:\/\/www.aparences.net\/es\/escuelas\/la-escuela-de-ferrara\/ercole-de-roberti\/\" \/>\n<meta property=\"og:locale\" content=\"es_ES\" \/>\n<meta property=\"og:type\" content=\"article\" \/>\n<meta property=\"og:title\" content=\"Ercole de&#039; Roberti\" \/>\n<meta property=\"og:description\" content=\"Con Ercole de Roberti, la pintura en Ferrara se orienta hacia un &quot;estilo italianizante&quot;, sin renunciar por ello a sus habilidades inventivas y creativas.\" \/>\n<meta property=\"og:url\" content=\"https:\/\/www.aparences.net\/es\/escuelas\/la-escuela-de-ferrara\/ercole-de-roberti\/\" \/>\n<meta property=\"og:site_name\" content=\"Aparences\" \/>\n<meta property=\"article:published_time\" content=\"2010-07-27T16:16:20+00:00\" \/>\n<meta property=\"article:modified_time\" content=\"2025-12-11T18:40:56+00:00\" \/>\n<meta property=\"og:image\" content=\"https:\/\/www.aparences.net\/wp-content\/uploads\/2010\/07\/ercole-de-roberti.webp\" \/>\n\t<meta property=\"og:image:width\" content=\"1080\" \/>\n\t<meta property=\"og:image:height\" content=\"540\" \/>\n\t<meta property=\"og:image:type\" content=\"image\/webp\" \/>\n<meta name=\"author\" content=\"admin\" \/>\n<meta name=\"twitter:card\" content=\"summary_large_image\" \/>\n<meta name=\"twitter:label1\" content=\"Escrito por\" \/>\n\t<meta name=\"twitter:data1\" content=\"admin\" \/>\n\t<meta name=\"twitter:label2\" content=\"Tiempo de lectura\" \/>\n\t<meta name=\"twitter:data2\" content=\"16 minutos\" \/>\n<script type=\"application\/ld+json\" class=\"yoast-schema-graph\">{\"@context\":\"https:\/\/schema.org\",\"@graph\":[{\"@type\":\"Article\",\"@id\":\"https:\/\/www.aparences.net\/es\/escuelas\/la-escuela-de-ferrara\/ercole-de-roberti\/#article\",\"isPartOf\":{\"@id\":\"https:\/\/www.aparences.net\/es\/escuelas\/la-escuela-de-ferrara\/ercole-de-roberti\/\"},\"author\":{\"name\":\"admin\",\"@id\":\"https:\/\/www.aparences.net\/es\/#\/schema\/person\/af349f6ffc31b16c68963e61268afca5\"},\"headline\":\"Ercole de&#8217; Roberti\",\"datePublished\":\"2010-07-27T16:16:20+00:00\",\"dateModified\":\"2025-12-11T18:40:56+00:00\",\"mainEntityOfPage\":{\"@id\":\"https:\/\/www.aparences.net\/es\/escuelas\/la-escuela-de-ferrara\/ercole-de-roberti\/\"},\"wordCount\":2735,\"publisher\":{\"@id\":\"https:\/\/www.aparences.net\/es\/#organization\"},\"image\":{\"@id\":\"https:\/\/www.aparences.net\/es\/escuelas\/la-escuela-de-ferrara\/ercole-de-roberti\/#primaryimage\"},\"thumbnailUrl\":\"https:\/\/www.aparences.net\/wp-content\/uploads\/2010\/07\/ercole-de-roberti.webp\",\"keywords\":[\"Ercole de'Roberti\",\"Escuela de Ferrara\",\"pintores de Ferrara\",\"pol\u00edptico Griffoni\"],\"articleSection\":[\"La escuela de Ferrara\"],\"inLanguage\":\"es\"},{\"@type\":[\"WebPage\",\"ItemPage\"],\"@id\":\"https:\/\/www.aparences.net\/es\/escuelas\/la-escuela-de-ferrara\/ercole-de-roberti\/\",\"url\":\"https:\/\/www.aparences.net\/es\/escuelas\/la-escuela-de-ferrara\/ercole-de-roberti\/\",\"name\":\"Ercole de' Roberti\",\"isPartOf\":{\"@id\":\"https:\/\/www.aparences.net\/es\/#website\"},\"primaryImageOfPage\":{\"@id\":\"https:\/\/www.aparences.net\/es\/escuelas\/la-escuela-de-ferrara\/ercole-de-roberti\/#primaryimage\"},\"image\":{\"@id\":\"https:\/\/www.aparences.net\/es\/escuelas\/la-escuela-de-ferrara\/ercole-de-roberti\/#primaryimage\"},\"thumbnailUrl\":\"https:\/\/www.aparences.net\/wp-content\/uploads\/2010\/07\/ercole-de-roberti.webp\",\"datePublished\":\"2010-07-27T16:16:20+00:00\",\"dateModified\":\"2025-12-11T18:40:56+00:00\",\"description\":\"Con Ercole de Roberti, la pintura en Ferrara se orienta hacia un \\\"estilo italianizante\\\", sin renunciar por ello a sus habilidades inventivas y creativas.\",\"breadcrumb\":{\"@id\":\"https:\/\/www.aparences.net\/es\/escuelas\/la-escuela-de-ferrara\/ercole-de-roberti\/#breadcrumb\"},\"inLanguage\":\"es\",\"potentialAction\":[{\"@type\":\"ReadAction\",\"target\":[\"https:\/\/www.aparences.net\/es\/escuelas\/la-escuela-de-ferrara\/ercole-de-roberti\/\"]}]},{\"@type\":\"ImageObject\",\"inLanguage\":\"es\",\"@id\":\"https:\/\/www.aparences.net\/es\/escuelas\/la-escuela-de-ferrara\/ercole-de-roberti\/#primaryimage\",\"url\":\"https:\/\/www.aparences.net\/wp-content\/uploads\/2010\/07\/ercole-de-roberti.webp\",\"contentUrl\":\"https:\/\/www.aparences.net\/wp-content\/uploads\/2010\/07\/ercole-de-roberti.webp\",\"width\":1080,\"height\":540},{\"@type\":\"BreadcrumbList\",\"@id\":\"https:\/\/www.aparences.net\/es\/escuelas\/la-escuela-de-ferrara\/ercole-de-roberti\/#breadcrumb\",\"itemListElement\":[{\"@type\":\"ListItem\",\"position\":1,\"name\":\"Portada\",\"item\":\"https:\/\/www.aparences.net\/es\/\"},{\"@type\":\"ListItem\",\"position\":2,\"name\":\"Ercole de&#8217; Roberti\"}]},{\"@type\":\"WebSite\",\"@id\":\"https:\/\/www.aparences.net\/es\/#website\",\"url\":\"https:\/\/www.aparences.net\/es\/\",\"name\":\"Aparences: Historia del Arte y Actualidad Cultural\",\"description\":\"\",\"publisher\":{\"@id\":\"https:\/\/www.aparences.net\/es\/#organization\"},\"potentialAction\":[{\"@type\":\"SearchAction\",\"target\":{\"@type\":\"EntryPoint\",\"urlTemplate\":\"https:\/\/www.aparences.net\/es\/?s={search_term_string}\"},\"query-input\":{\"@type\":\"PropertyValueSpecification\",\"valueRequired\":true,\"valueName\":\"search_term_string\"}}],\"inLanguage\":\"es\"},{\"@type\":\"Organization\",\"@id\":\"https:\/\/www.aparences.net\/es\/#organization\",\"name\":\"Aparences: Historia del Arte y Actualidad Cultural\",\"url\":\"https:\/\/www.aparences.net\/es\/\",\"logo\":{\"@type\":\"ImageObject\",\"inLanguage\":\"es\",\"@id\":\"https:\/\/www.aparences.net\/es\/#\/schema\/logo\/image\/\",\"url\":\"https:\/\/www.aparences.net\/wp-content\/uploads\/2023\/09\/logo-quadrat-color-e1695915315229.png\",\"contentUrl\":\"https:\/\/www.aparences.net\/wp-content\/uploads\/2023\/09\/logo-quadrat-color-e1695915315229.png\",\"width\":120,\"height\":120,\"caption\":\"Aparences: Historia del Arte y Actualidad Cultural\"},\"image\":{\"@id\":\"https:\/\/www.aparences.net\/es\/#\/schema\/logo\/image\/\"}},{\"@type\":\"Person\",\"@id\":\"https:\/\/www.aparences.net\/es\/#\/schema\/person\/af349f6ffc31b16c68963e61268afca5\",\"name\":\"admin\",\"url\":\"https:\/\/www.aparences.net\/es\/author\/admin\/\"}]}<\/script>\n<!-- \/ Yoast SEO plugin. -->","yoast_head_json":{"title":"Ercole de' Roberti","description":"Con Ercole de Roberti, la pintura en Ferrara se orienta hacia un \"estilo italianizante\", sin renunciar por ello a sus habilidades inventivas y creativas.","robots":{"index":"index","follow":"follow","max-snippet":"max-snippet:-1","max-image-preview":"max-image-preview:large","max-video-preview":"max-video-preview:-1"},"canonical":"https:\/\/www.aparences.net\/es\/escuelas\/la-escuela-de-ferrara\/ercole-de-roberti\/","og_locale":"es_ES","og_type":"article","og_title":"Ercole de' Roberti","og_description":"Con Ercole de Roberti, la pintura en Ferrara se orienta hacia un \"estilo italianizante\", sin renunciar por ello a sus habilidades inventivas y creativas.","og_url":"https:\/\/www.aparences.net\/es\/escuelas\/la-escuela-de-ferrara\/ercole-de-roberti\/","og_site_name":"Aparences","article_published_time":"2010-07-27T16:16:20+00:00","article_modified_time":"2025-12-11T18:40:56+00:00","og_image":[{"width":1080,"height":540,"url":"https:\/\/www.aparences.net\/wp-content\/uploads\/2010\/07\/ercole-de-roberti.webp","type":"image\/webp"}],"author":"admin","twitter_card":"summary_large_image","twitter_misc":{"Escrito por":"admin","Tiempo de lectura":"16 minutos"},"schema":{"@context":"https:\/\/schema.org","@graph":[{"@type":"Article","@id":"https:\/\/www.aparences.net\/es\/escuelas\/la-escuela-de-ferrara\/ercole-de-roberti\/#article","isPartOf":{"@id":"https:\/\/www.aparences.net\/es\/escuelas\/la-escuela-de-ferrara\/ercole-de-roberti\/"},"author":{"name":"admin","@id":"https:\/\/www.aparences.net\/es\/#\/schema\/person\/af349f6ffc31b16c68963e61268afca5"},"headline":"Ercole de&#8217; Roberti","datePublished":"2010-07-27T16:16:20+00:00","dateModified":"2025-12-11T18:40:56+00:00","mainEntityOfPage":{"@id":"https:\/\/www.aparences.net\/es\/escuelas\/la-escuela-de-ferrara\/ercole-de-roberti\/"},"wordCount":2735,"publisher":{"@id":"https:\/\/www.aparences.net\/es\/#organization"},"image":{"@id":"https:\/\/www.aparences.net\/es\/escuelas\/la-escuela-de-ferrara\/ercole-de-roberti\/#primaryimage"},"thumbnailUrl":"https:\/\/www.aparences.net\/wp-content\/uploads\/2010\/07\/ercole-de-roberti.webp","keywords":["Ercole de'Roberti","Escuela de Ferrara","pintores de Ferrara","pol\u00edptico Griffoni"],"articleSection":["La escuela de Ferrara"],"inLanguage":"es"},{"@type":["WebPage","ItemPage"],"@id":"https:\/\/www.aparences.net\/es\/escuelas\/la-escuela-de-ferrara\/ercole-de-roberti\/","url":"https:\/\/www.aparences.net\/es\/escuelas\/la-escuela-de-ferrara\/ercole-de-roberti\/","name":"Ercole de' Roberti","isPartOf":{"@id":"https:\/\/www.aparences.net\/es\/#website"},"primaryImageOfPage":{"@id":"https:\/\/www.aparences.net\/es\/escuelas\/la-escuela-de-ferrara\/ercole-de-roberti\/#primaryimage"},"image":{"@id":"https:\/\/www.aparences.net\/es\/escuelas\/la-escuela-de-ferrara\/ercole-de-roberti\/#primaryimage"},"thumbnailUrl":"https:\/\/www.aparences.net\/wp-content\/uploads\/2010\/07\/ercole-de-roberti.webp","datePublished":"2010-07-27T16:16:20+00:00","dateModified":"2025-12-11T18:40:56+00:00","description":"Con Ercole de Roberti, la pintura en Ferrara se orienta hacia un \"estilo italianizante\", sin renunciar por ello a sus habilidades inventivas y creativas.","breadcrumb":{"@id":"https:\/\/www.aparences.net\/es\/escuelas\/la-escuela-de-ferrara\/ercole-de-roberti\/#breadcrumb"},"inLanguage":"es","potentialAction":[{"@type":"ReadAction","target":["https:\/\/www.aparences.net\/es\/escuelas\/la-escuela-de-ferrara\/ercole-de-roberti\/"]}]},{"@type":"ImageObject","inLanguage":"es","@id":"https:\/\/www.aparences.net\/es\/escuelas\/la-escuela-de-ferrara\/ercole-de-roberti\/#primaryimage","url":"https:\/\/www.aparences.net\/wp-content\/uploads\/2010\/07\/ercole-de-roberti.webp","contentUrl":"https:\/\/www.aparences.net\/wp-content\/uploads\/2010\/07\/ercole-de-roberti.webp","width":1080,"height":540},{"@type":"BreadcrumbList","@id":"https:\/\/www.aparences.net\/es\/escuelas\/la-escuela-de-ferrara\/ercole-de-roberti\/#breadcrumb","itemListElement":[{"@type":"ListItem","position":1,"name":"Portada","item":"https:\/\/www.aparences.net\/es\/"},{"@type":"ListItem","position":2,"name":"Ercole de&#8217; Roberti"}]},{"@type":"WebSite","@id":"https:\/\/www.aparences.net\/es\/#website","url":"https:\/\/www.aparences.net\/es\/","name":"Aparences: Historia del Arte y Actualidad Cultural","description":"","publisher":{"@id":"https:\/\/www.aparences.net\/es\/#organization"},"potentialAction":[{"@type":"SearchAction","target":{"@type":"EntryPoint","urlTemplate":"https:\/\/www.aparences.net\/es\/?s={search_term_string}"},"query-input":{"@type":"PropertyValueSpecification","valueRequired":true,"valueName":"search_term_string"}}],"inLanguage":"es"},{"@type":"Organization","@id":"https:\/\/www.aparences.net\/es\/#organization","name":"Aparences: Historia del Arte y Actualidad Cultural","url":"https:\/\/www.aparences.net\/es\/","logo":{"@type":"ImageObject","inLanguage":"es","@id":"https:\/\/www.aparences.net\/es\/#\/schema\/logo\/image\/","url":"https:\/\/www.aparences.net\/wp-content\/uploads\/2023\/09\/logo-quadrat-color-e1695915315229.png","contentUrl":"https:\/\/www.aparences.net\/wp-content\/uploads\/2023\/09\/logo-quadrat-color-e1695915315229.png","width":120,"height":120,"caption":"Aparences: Historia del Arte y Actualidad Cultural"},"image":{"@id":"https:\/\/www.aparences.net\/es\/#\/schema\/logo\/image\/"}},{"@type":"Person","@id":"https:\/\/www.aparences.net\/es\/#\/schema\/person\/af349f6ffc31b16c68963e61268afca5","name":"admin","url":"https:\/\/www.aparences.net\/es\/author\/admin\/"}]}},"_links":{"self":[{"href":"https:\/\/www.aparences.net\/es\/wp-json\/wp\/v2\/posts\/13248","targetHints":{"allow":["GET"]}}],"collection":[{"href":"https:\/\/www.aparences.net\/es\/wp-json\/wp\/v2\/posts"}],"about":[{"href":"https:\/\/www.aparences.net\/es\/wp-json\/wp\/v2\/types\/post"}],"author":[{"embeddable":true,"href":"https:\/\/www.aparences.net\/es\/wp-json\/wp\/v2\/users\/2"}],"replies":[{"embeddable":true,"href":"https:\/\/www.aparences.net\/es\/wp-json\/wp\/v2\/comments?post=13248"}],"version-history":[{"count":0,"href":"https:\/\/www.aparences.net\/es\/wp-json\/wp\/v2\/posts\/13248\/revisions"}],"wp:featuredmedia":[{"embeddable":true,"href":"https:\/\/www.aparences.net\/es\/wp-json\/wp\/v2\/media\/32090"}],"wp:attachment":[{"href":"https:\/\/www.aparences.net\/es\/wp-json\/wp\/v2\/media?parent=13248"}],"wp:term":[{"taxonomy":"category","embeddable":true,"href":"https:\/\/www.aparences.net\/es\/wp-json\/wp\/v2\/categories?post=13248"},{"taxonomy":"post_tag","embeddable":true,"href":"https:\/\/www.aparences.net\/es\/wp-json\/wp\/v2\/tags?post=13248"}],"curies":[{"name":"wp","href":"https:\/\/api.w.org\/{rel}","templated":true}]}}