{"id":13262,"date":"2010-10-16T07:37:46","date_gmt":"2010-10-16T05:37:46","guid":{"rendered":"https:\/\/www.aparences.net\/periodes\/la-renaissance-nordique\/lucas-cranach\/"},"modified":"2025-12-11T19:40:56","modified_gmt":"2025-12-11T18:40:56","slug":"lucas-cranach-2","status":"publish","type":"post","link":"https:\/\/www.aparences.net\/es\/periodos\/el-renacimiento-nordico\/lucas-cranach-2\/","title":{"rendered":"Lucas Cranach"},"content":{"rendered":"<p><!--contents--><\/p>\n\n\n<h2 class=\"wp-block-heading\">Lucas Cranach el Viejo<\/h2>\n\n\n\n<p>Pintor de transici\u00f3n entre el g\u00f3tico y el renacimiento alem\u00e1n, <strong>Lucas Cranach<\/strong>, llamado El Viejo naci\u00f3 en 1472 en Kronach, ciudad alemana de la que tom\u00f3 su apellido. Entre 1500 y 1504, ya con treinta a\u00f1os, realiza un viaje de estudios por la zona del Danubio y Viena. En 1505 se instala en Wittenberg donde es nombrado <strong>pintor de c\u00e1mara del elector de Sajonia<\/strong> <a href=\"https:\/\/es.wikipedia.org\/wiki\/Federico_III_de_Sajonia\">Federico III<\/a> quien era tambi\u00e9n <strong>uno de los mecenas de<\/strong> <a href=\"https:\/\/www.aparences.net\/es\/periodos\/el-renacimiento-nordico\/alberto-durero\/\">Durero<\/a>. Fue en Wittenberg, donde <strong>trab\u00f3 amistad con Lutero del cual har\u00e1 varios retratos<\/strong>. Desde sus primeros trabajos Cranach se interesaba ya a los paisajes&nbsp; \u2013 fue uno de los precursores de <a href=\"https:\/\/www.aparences.net\/es\/periodos\/el-renacimiento-nordico\/albrecht-altdorfer\/\">la escuela del Danubio<\/a> &#8211; . En una <em>Crucifixi\u00f3n<\/em> de 1503 (Munich, Alte Pinokothek), el paisaje toma un papel relevante, aunque se observa todav\u00eda una mezcla de tradici\u00f3n g\u00f3tica tard\u00eda y de Durero; la cruz se encuentra a la derecha, de perfil, mientras que en el centro y en escorzo se sit\u00faan las figuras monumentales y atormentadas de la Virgen y de san Juan; <strong>Su primera obra firmada<\/strong> <em><strong>Descanso en la hu\u00edda a Egipto<\/strong><\/em> (1504) <strong>posee la calidad de las<\/strong> <a title=\"obras de Durero\" href=\"https:\/\/www.aparences.net\/es\/periodos\/el-renacimiento-nordico\/alberto-durero\/\">obras de Durero<\/a> en las figuras y en el bosque donde transcurre la escena maravillosamente evocadora, con un extra\u00f1o abeto desgre\u00f1ado. En esta obra se ponen tambi\u00e9n de manifiesto las novedades en materia de composici\u00f3n. No le quedaba ya nada que aprender de Durero como retratista \u2013 como atestiguan los dos grandes retratos del joven historiador Johannes Cuspinian y de su esposa Ana (1504-1505), dotando a sus modelos de la misma espontaneidad y personalidad que hab\u00eda permitido a los mejores artistas de Norte, de <a href=\"https:\/\/www.aparences.net\/es\/periodos\/el-renacimiento-nordico\/el-renacimiento-en-los-antiguos-paises-bajos\/#quentin-metsys\" data-type=\"link\" data-id=\"https:\/\/www.aparences.net\/es\/periodos\/el-renacimiento-nordico\/el-renacimiento-en-los-antiguos-paises-bajos\/#quentin-metsys\">Quentin Metsys<\/a> a Durero, distanciarse de la simple efigie.<\/p>\n\n\n<div class=\"wp-block-image\">\n<figure class=\"aligncenter\"><img decoding=\"async\" src=\"https:\/\/www.aparences.net\/wp-content\/uploads\/2010\/10\/lucas_cranach_couple.png\" alt=\"Johannes Cuspinian y su esposa Ana, 1502, Lucas Cranach\" title=\"Johannes Cuspinian y su esposa Ana, 1502, Lucas Cranach\"\/><figcaption class=\"wp-element-caption\"><em><strong>Johannes Cuspinian y su esposa Ana<\/strong>, 1502, <strong>Lucas Cranach el Viejo<\/strong> <\/em><br><em>(Wintherthur, Colecci\u00f3n Oscar Reinhardt) <\/em><\/figcaption><\/figure>\n<\/div>\n\n\n<p><em>Se trata del primer retrato alem\u00e1n representado como un d\u00edptico unido por el paisaje como fondo, seg\u00fan una esquema que ser\u00e1 imitado muy a menudo. Cuspinian era profesor en la corte del emperador Maximiliano I, quien hab\u00eda hecho de Viena, por su canciller\u00eda y universidad, la principal ciudad humanista de Alemania. El libro que tiene en sus manos indica la naturaleza de sus actividades de humanista y de hombre erudito: hab\u00eda cursado sus estudios en Leipzig, y a la edad de veintisiete a\u00f1os, era ya rector de la universidad de Viena.<\/em><\/p>\n\n\n<div class=\"wp-block-image\">\n<figure class=\"aligncenter\"><img decoding=\"async\" src=\"https:\/\/www.aparences.net\/wp-content\/uploads\/2011\/06\/lucas_cranach_portraits.gif\" alt=\"Johannes Cuspinian y su esposa Ana, 1502, Lucas Cranach, detalles\" title=\"Johannes Cuspinian y su esposa Ana, 1502, Lucas Cranach, detalles\"\/><\/figure>\n<\/div>\n\n\n<p><em>En el retrato de Ana Cuspinian, el loro en la rama del \u00e1rbol es un atributo de la Virgen Maria, y simboliza una invitaci\u00f3n a la castidad. El clavel en la mano de la joven es el s\u00edmbolo de una promesa de matrimonio. La imagen del cisne que lucha contra el \u00e1guila en la parte superior del retrato, es un emblema de coraje y de fuerza. Est\u00e1 sacado de un pasaje de la obra de Plinio el Viejo seg\u00fan el cual el cisne no teme afrontar a la terrible rapaz a la que consigue vencer.<\/em><\/p>\n\n\n<div class=\"wp-block-image\">\n<figure class=\"aligncenter\"><img decoding=\"async\" src=\"https:\/\/www.aparences.net\/wp-content\/uploads\/2010\/10\/cranach_repos.jpg\" alt=\"Descanso en la hu\u00edda a Egipto, 1504, Lucas Cranach\" title=\"Descanso en la hu\u00edda a Egipto, 1504, Lucas Cranach\"\/><figcaption class=\"wp-element-caption\"><em><strong>Descanso en la hu\u00edda a Egipto<\/strong>, 1504, <\/em><br><em><strong>Lucas Cranach <\/strong><\/em><br><em>(Berl\u00edn, Staatliche Museen)<\/em><\/figcaption><\/figure>\n<\/div>\n\n\n<p><em>La Virgen se ha sentado sobre la hierba de un prado, al lado de un bosque para descansar. Sobre sus rodillas, el Ni\u00f1o extiende sus manos hacia las fresas que le ofrece un \u00e1ngel. Jos\u00e9 se encuentra de pi\u00e9 detr\u00e1s del grupo, con su sombrero en la mano en signo de respeto. Las flores del prado son un s\u00edmbolo de Mar\u00eda, al igual que el agua pura que brota del peque\u00f1o arroyo. En las pinturas religiosas de este periodo aparecen entre los elementos importantes, un paisaje maravilloso, casi dotado de vida propia, en medio de una atm\u00f3sfera m\u00e1gica de cuento de hadas, que anuncia la pintura de la llamada <a title=\"Escuela del Danubio\" href=\"https:\/\/www.aparences.net\/es\/periodos\/el-renacimiento-nordico\/albrecht-altdorfer\/\">escuela del Danubio<\/a>.<\/em><\/p>\n\n\n<div class=\"wp-block-image\">\n<figure class=\"aligncenter\"><img decoding=\"async\" src=\"https:\/\/www.aparences.net\/wp-content\/uploads\/2010\/10\/cranach_repos_fuite_egypte.png\" alt=\"El reposo en la hu\u00edda a Egipto, 1504, Lucas Cranach, detalle\" title=\"El reposo en la hu\u00edda a Egipto, 1504, Lucas Cranach, detalle\"\/><\/figure>\n<\/div>\n\n\n<p><em>Un de los \u00e1ngeles ofrece frutos al Ni\u00f1o Jes\u00fas. Otro llena una c\u00e1scara de nuez con agua del manantial. Un tercero trae el bot\u00edn de su caza. Otros ejecutan m\u00fasica y cantan. Este episodio, generalmente representado como una apacible escena dom\u00e9stica, se ve envuelto en una alegre agitaci\u00f3n.<\/em><\/p>\n\n\n\n<!-- AdBoxRight2020 --><ins class=\"adsbygoogle\"     style=\"display:block; margin-top:30px;\"     data-ad-client=\"ca-pub-2468002815867636\"     data-ad-slot=\"3496014735\"     data-ad-format=\"auto\"     data-full-width-responsive=\"false\"><\/ins><script> (adsbygoogle = window.adsbygoogle || []).push({});<\/script><h2 class=\"wp-block-heading\">Cranach y los mecenas electores<\/h2>\n\n\n\n<p>Desde su llegada a Wittenberg en 1505, <strong>Cranach <\/strong>trabaj\u00f3 hasta el final de su vida como <strong>pintor de los pr\u00edncipes electores de Sajonia<\/strong>, para los cuales realiz\u00f3 Madonas y otros cuadros religiosos, transformando el entusiasmo expresionista de su primera \u00e9poca en formas m\u00e1s trabajadas y moderadas, de un <a href=\"https:\/\/www.aparences.net\/es\/periodos\/el-manierismo\/el-estilo-manierista\/\">manierismo<\/a> noble e intelectual (<em>Martirio de santa Catalina<\/em>, 1506, Dresde, Gem\u00e4ldegalerie). El mecenazgo cortesano oblig\u00f3 a Cranach a crear un taller en el que realizaba una pintura m\u00e1s convencional, estilizada, con detalles de una curiosa complejidad pero sin la audacia de sus creaciones precedentes. Los retratos en pie, muy formalistas, parecen inventados por \u00e9l. El retrato de <em>Enrique el Piadoso<\/em> y su esposa <em>Catalina<\/em> (1514), parecen efigies her\u00e1ldicas, ense\u00f1as inanimadas, sin nada del espacio y de la genial paleta del retrato de los Cuspinian. El cardenal Alberto de Brandenburgo (1527) est\u00e1 pintado como \u00abun erudito en su estudio\u00bb, seg\u00fan la moda de la \u00e9poca, pero apenas encontramos la sensibilidad y el movimiento del estilo m\u00e1s antiguo del pintor. En los a\u00f1os 1520, <strong>Cranach se interes\u00f3, como sus mecenas, a los<\/strong> <a href=\"https:\/\/www.aparences.net\/es\/tematicos\/mitologia-y-pintura\/\">temas mitol\u00f3gicos<\/a> de tipo pseudo-humanista. La serie de las Venus comenz\u00f3 en esta \u00e9poca; en algunas se pone de manifiesto la influencia de las Venus venecianas. La <em>Venus dormida<\/em> (1518) y el <em>Juicio de Paris<\/em> (hacia 1530) muestran los l\u00edmites del taller.<\/p>\n\n\n<div class=\"wp-block-image\">\n<figure class=\"aligncenter\"><img loading=\"lazy\" decoding=\"async\" width=\"418\" height=\"458\" src=\"https:\/\/www.aparences.net\/wp-content\/uploads\/2017\/09\/lucas-cranach-portraits-ducs-saxonie.jpg\" alt=\"Enrique el Piadoso y la duquesa Catalina, 1514, Lucas Cranach\" class=\"wp-image-17986\" title=\"Enrique el Piadoso y la duquesa Catalina, 1514, Lucas Cranach\" srcset=\"https:\/\/www.aparences.net\/wp-content\/uploads\/2017\/09\/lucas-cranach-portraits-ducs-saxonie.jpg 418w, https:\/\/www.aparences.net\/wp-content\/uploads\/2017\/09\/lucas-cranach-portraits-ducs-saxonie-274x300.jpg 274w\" sizes=\"auto, (max-width: 418px) 100vw, 418px\" \/><figcaption class=\"wp-element-caption\"><em><strong>El duque Enrique el Piadoso y la duquesa Catalina<\/strong>, 1514, <\/em><br><em><strong>Lucas Cranach el Viejo<\/strong> (Dresde, Gem\u00e4ldegalerie)<\/em><\/figcaption><\/figure>\n<\/div>\n\n\n<p><em>Aqu\u00ed el espacio y el volumen han sido aniquilados; la magn\u00edfica vestimenta se completa por unas caras reducidas a lo esencial y t\u00edpicas del estilo de Cranach. Los duques se hallan representados con sus animales de compa\u00f1\u00eda. La princesa de Sajonia lleva un lujoso vestido de brocado y en su cabeza el tocado caracter\u00edstico de las mujeres de la nobleza alemana de principios del siglo XVI.<\/em><\/p>\n\n\n<div class=\"wp-block-image\">\n<figure class=\"aligncenter\"><img decoding=\"async\" src=\"https:\/\/www.aparences.net\/wp-content\/uploads\/2010\/10\/cranach_princes_saxe.png\" alt=\"Retratos de un pr\u00edncipe y de una princesa sajona, 1517, Lucas Cranach\" title=\"Retratos de un pr\u00edncipe y de una princesa sajona, 1517, Lucas Cranach\"\/><figcaption class=\"wp-element-caption\"><em><strong>Retratos de un pr\u00edncipe y de una princesa sajona<\/strong>, 1517, <strong>Lucas Cranach el Viejo<\/strong> (Washington, National Gallery)<\/em><\/figcaption><\/figure>\n<\/div>\n\n<div class=\"wp-block-image\">\n<figure class=\"aligncenter\"><img decoding=\"async\" src=\"https:\/\/www.aparences.net\/wp-content\/uploads\/2010\/10\/cranach_lancien.png\" alt=\"Retrato de tres princesas sajonas, hacia 1535, Lucas Cranach el Viejo\" title=\"Retrato de tres princesas sajonas, hacia 1535, Lucas Cranach el Viejo\"\/><figcaption class=\"wp-element-caption\"><em><strong>Retrato de Sibila, Emilia y Sidonia<\/strong>, princesas sajonas, hacia 1535, <strong>Lucas Cranach el Viejo<\/strong> (Viena, Kunsthistorisches Museum)<\/em><\/figcaption><\/figure>\n<\/div>\n\n\n<p class=\"has-text-align-left\"><strong>Cranach conserv\u00f3 su puesto de pintor de corte durante cincuenta a\u00f1os<\/strong>, gozando de una vida pr\u00f3spera y respetable, y trabaj\u00f3 al servicio de tres electores. Adquiri\u00f3 una gran notoriedad en Wittenberg, donde ejerci\u00f3 de burgomaestre en 1537 y en 1540, y donde mantuvo una estrecha <strong>relaci\u00f3n de amistad con Lutero y Melanchthon<\/strong>, lo que no le impidi\u00f3 ejecutar encargos para el cardenal Alberto de Brandeburgo, uno de los grandes mecenas de su tiempo. Un viaje a los Pa\u00edses Bajos aument\u00f3 considerablemente su repertorio de temas, pero tuvo poca influencia sobre su estilo. Durante los a\u00f1os que siguieron, el estilo que Cranach hab\u00eda encontrado en Wittenberg \u2013 lo que fue considerado por algunos como un empobrecimiento de su arte \u2013 ya no cambi\u00f3 mucho. Olvid\u00f3 completamente la preocupaci\u00f3n dominante de su juventud \u2013 la integraci\u00f3n de las figuras en un conjunto \u2013 y su b\u00fasqueda se orient\u00f3 hacia un objetivo totalmente diferente. En <em><strong>El cardenal&nbsp; Alberto de Brandeburgo como san Jer\u00f3nimo<\/strong><\/em>, hacia 1520, el modo de representaci\u00f3n de san Jer\u00f3nimo era algo corriente para un cardenal humanista, amigo de Hutten, y que <strong>manten\u00eda correspondencia con<\/strong> <a href=\"https:\/\/es.wikipedia.org\/wiki\/Erasmo_de_R%C3%B3terdam\">Erasmo<\/a>; sin embargo, este prelado se hab\u00eda mostrado bajo un prisma muy diferente sacando beneficio de la venta de indulgencias (simon\u00eda). Cranach, que trabajaba para \u00e9l desde 1520, probablemente nunca lo hab\u00eda visto en persona, lo pintaba bas\u00e1ndose en un grabado de Durero. Los encargos para el cardenal de Brandeburgo eran en su mayor\u00eda realizados por el taller del pintor.<\/p>\n\n\n<div class=\"wp-block-image\">\n<figure class=\"aligncenter is-resized\"><img decoding=\"async\" src=\"https:\/\/www.aparences.net\/wp-content\/uploads\/2010\/10\/cranach_cardinal.jpg\" alt=\"Alberto de Brandeburgo como san Jer\u00f3nimo, hacia 1520, Lucas Cranach\" style=\"width:265px;height:auto\" title=\"Alberto de Brandeburgo como san Jer\u00f3nimo, hacia 1520, Lucas Cranach\"\/><figcaption class=\"wp-element-caption\"><em><strong>Alberto de Brandeburgo como san Jer\u00f3nimo<\/strong>, hacia 1520, <strong>Lucas Cranach<\/strong> (Darmstadt, Hessisches Landesmuseum)<\/em><\/figcaption><\/figure>\n<\/div>\n\n\n<h2 class=\"wp-block-heading\">Cranach y la Reforma<\/h2>\n\n\n\n<p><strong>Como consecuencia de la<\/strong> <a href=\"https:\/\/es.wikipedia.org\/wiki\/Reforma_protestante\">Reforma<\/a>, <strong>algunos temas de la pintura religiosa cambiaron<\/strong>. Solo permanecieron los temas del Antiguo Testamento, episodios de la Pasi\u00f3n, como la Crucifixi\u00f3n, y temas mezclando lecciones religiosas y morales, como el de la mujer ad\u00faltera o Jes\u00fas entre los ni\u00f1os; como temas iconogr\u00e1ficos desaparecieron: la vida de la Virgen y de los santos, las \u00absacras conversaciones\u00bb, los milagros, todo ello <strong>fue sustituido por temas human\u00edsticos y cl\u00e1sicos<\/strong>. De ah\u00ed la proliferaci\u00f3n de representaciones de Venus, algunas totalmente desnudas, otras llevando collares, velos transparentes e inmensos sombreros. Estos cuadros realizados en grandes series eran muy apreciados en todo el Norte como \u00abobjetos de virtud\u00bb s\u00edmbolo de cultura y de erudici\u00f3n. Aunque los disturbios engendrados por la Reforma desde el comienzo del siglo XVI ocasionaron la p\u00e9rdida de trabajo a muchos artistas, este periodo sigue siendo uno de los m\u00e1s importantes en la historia del arte alem\u00e1n. <strong>Dos artistas<\/strong> de primer orden <strong>dominaban el mercado art\u00edstico<\/strong>: <a title=\"Hans Holbein el Joven\" href=\"https:\/\/www.aparences.net\/es\/periodos\/el-renacimiento-nordico\/hans-holbein-el-joven\/\">Hans Holbein el Joven<\/a> y <a title=\"Alberto Durero\" href=\"https:\/\/www.aparences.net\/es\/periodos\/el-renacimiento-nordico\/alberto-durero\/\">Alberto Durero<\/a>, los cuales dieron una visi\u00f3n muy personal del hombre. Si la visi\u00f3n Durero, con su realismo, es a menudo angustiosa, la de Holbein, detr\u00e1s de una apariencia m\u00e1s relajada, es una pintura preocupada por la verdad sin ning\u00fan tipo de concesi\u00f3n. En Alemania y en la Suiza germ\u00e1nica se asimilaron las influencias extranjeras (italiana y flamenca) pero al mismo tiempo se conserv\u00f3 una cierta autonom\u00eda refiri\u00e9ndose al esp\u00edritu y a las tradiciones de la Edad Media. Cranach fue un amigo incondicional de Lutero y el autor de sus mejores retratos. Ejecut\u00f3 los grabados de propaganda para algunos de sus panfletos, y cre\u00f3 casi toda la iconograf\u00eda luterana.<\/p>\n\n\n<div class=\"wp-block-image\">\n<figure class=\"aligncenter\"><img decoding=\"async\" src=\"https:\/\/www.aparences.net\/wp-content\/uploads\/2010\/10\/cranach_lutter.jpg\" alt=\"Retrato de Lutero, Lucas Cranach, 1529\" title=\"Retrato de Lutero, Lucas Cranach, 1529\"\/><figcaption class=\"wp-element-caption\"><em><strong>Retrato de Mart\u00edn Lutero<\/strong>, 1529, <strong>Lucas Cranach<\/strong><\/em><br><em> (Florencia, Museo de los Oficios)<\/em><\/figcaption><\/figure>\n<\/div>\n\n<div class=\"wp-block-image\">\n<figure class=\"aligncenter\"><img decoding=\"async\" src=\"https:\/\/www.aparences.net\/wp-content\/uploads\/2010\/10\/cranach_christ1.jpg\" alt=\"Cristo y la mujer ad\u00faltera, 1532, Lucas Cranach\" title=\"Cristo y la mujer ad\u00faltera, 1532, Lucas Cranach\"\/><\/figure>\n<\/div>\n\n<div class=\"wp-block-image\">\n<figure class=\"aligncenter\"><img decoding=\"async\" src=\"https:\/\/www.aparences.net\/wp-content\/uploads\/2010\/10\/cranach_christ11.jpg\" alt=\"Cristo y la mujer ad\u00faltera, 1532, Lucas Cranach, detalle\" title=\"Cristo y la mujer ad\u00faltera, 1532, Lucas Cranach, detalle\"\/><figcaption class=\"wp-element-caption\"><em><strong>Cristo y la mujer ad\u00faltera<\/strong>, 1532, <strong>Lucas Cranach el Viejo<\/strong> (Budapest, Museo de Bellas Artes)<\/em><\/figcaption><\/figure>\n<\/div>\n\n\n<p>Cranach realiz\u00f3 grabados e ilustr\u00f3 la Biblia luterana, pero su t\u00e9cnica no est\u00e1 a la altura de la de Durero. Sus aguafuertes \u2013 nueva evoluci\u00f3n gr\u00e1fica que Durero apenas hab\u00eda utilizado \u2013 que <strong>asocian el paisaje de<\/strong> <a href=\"https:\/\/www.aparences.net\/es\/periodos\/el-renacimiento-nordico\/albrecht-altdorfer\/\">la escuela del Danubio<\/a> y algo del estilo del propio Durero, constituyen lo mejor de su obra gr\u00e1fica. La evoluci\u00f3n de Cranach, desde el expresionismo de sus obras de juventud, hasta las decoraciones abstractas de sus obras tard\u00edas en el taller, es debido en parte a la exigencia de la producci\u00f3n en serie, pero es tambi\u00e9n sintom\u00e1tico de la evoluci\u00f3n del arte alem\u00e1n y europeo que se manifiesta a mediados del siglo XVI, hacia formas de un manierismo refinado e intelectual. Varios retratos tard\u00edos se acercan, en cuanto a su calidad, a los retratos de los esposos Cuspinian; son importantes porqu\u00e9 <strong>en la \u00e9poca de Cranach<\/strong>, <a href=\"https:\/\/www.aparences.net\/es\/arte-y-mecenazgo\/el-retrato-en-el-renacimiento-italiano\/\" data-type=\"link\" data-id=\"https:\/\/www.aparences.net\/es\/arte-y-mecenazgo\/el-retrato-en-el-renacimiento-italiano\/\">el retrato<\/a> <strong>hab\u00eda suplantado al arte religioso <\/strong>en la b\u00fasqueda de mecenas en los pa\u00edses del Norte. A menudo se <strong>confunden las obras de Cranach el Viejo<\/strong> con las de su taller y <strong>las que realizaron sus hijos<\/strong> (Hans, muerto antes que \u00e9l, en 1553 y <strong>Lucas el Joven<\/strong> que vivi\u00f3 hasta 1586), sobre todo en lo que se refiere a los trabajos para la corte.<\/p>\n\n\n<div class=\"wp-block-image\">\n<figure class=\"aligncenter\"><img decoding=\"async\" src=\"https:\/\/www.aparences.net\/wp-content\/uploads\/2010\/10\/cranach_dame.png\" alt=\"Sibila princesa de Cleves, 1531, Lucas Cranach\" title=\"Sibila princesa de Cleves, 1531, Lucas Cranach\"\/><figcaption class=\"wp-element-caption\"><em><strong>Retrato de Sibila, princesa de Cl\u00e8ves<\/strong>, 1531, <strong>Lucas Cranach<\/strong> <\/em><br><em>(Toulouse, Fundaci\u00f3n Bemberg)<\/em><\/figcaption><\/figure>\n<\/div>\n\n\n<p><em>Seguidora de la Reforma y amiga de Lutero, la princesa Sibila von Julich-Cleve-Berg se cas\u00f3 en 1526 con Juan Federico I, elector de Sajonia. Aunque Cranach haya pintado un c\u00e9lebre retrato de boda del elector y de su esposa en 1526, el retrato de Toulouse pintado en torno a 1531, lleva las iniciales SHS (Sibila Herzogin von Sachsen) y la divisa \u00aballs in eren\u00bb (todo en el honor). Sorprende la extraordinaria modernidad de este retrato, sin ninguna concesi\u00f3n al f\u00edsico de la dama pero estilizado siguiendo la moda de la \u00e9poca, delante de un fondo azul intenso, t\u00edpico de los planos de fondo de Cranach. Por otro lado, algunos siglos m\u00e1s tarde estos fondos con <strong>colores fuertes fascinaron a los<\/strong> <a title=\"expresionistas alemanes\" href=\"https:\/\/www.aparences.net\/es\/periodos\/arte-moderno\/es-expresionismo\/\">expresionistas alemanes<\/a> quienes encontraban ya en las anatom\u00edas de Cranach un eco a sus angustias.<\/em><\/p>\n\n\n<div class=\"wp-block-image\">\n<figure class=\"aligncenter\"><img decoding=\"async\" src=\"https:\/\/www.aparences.net\/wp-content\/uploads\/2010\/10\/cranach_bemberg.jpg\" alt=\"H\u00e9rcules en la corte de Onfalia 1537, Lucas Cranach\" title=\"H\u00e9rcules en la corte de Onfalia 1537, Lucas Cranach\"\/><figcaption class=\"wp-element-caption\"><em><strong>H\u00e9rcules en la corte de Onfalia<\/strong> 1537, <strong>Lucas Cranach<\/strong><\/em><br><em> (Toulouse, Fundaci\u00f3n Bemberg)<\/em><\/figcaption><\/figure>\n<\/div>\n\n\n<p><strong>Venus y Cupido es una obra caracter\u00edstica<\/strong> del periodo de Wittenberg, cuando los temas mitol\u00f3gicos gozaban de una gran popularidad. De este tema han sido inventariadas cuatro versiones, datadas desde 1530 a 1531. Existen otras variantes, pero la mayor\u00eda son m\u00e1s tard\u00edas. El cat\u00e1logo de las obras de Cranach comprende cuatrocientas piezas, lo que implica la actividad de un taller donde se ten\u00eda por costumbre variar ligeramente las figuras de las \u00abcopias\u00bb solicitadas por numerosos clientes, de modo que una versi\u00f3n no era nunca exactamente igual que la otra. En estas Venus, donde se manifiesta una tendencia al \u00abaislamiento\u00bb han sido ejecutadas sobre un fondo oscuro, y <strong>recuerdan en su presentaci\u00f3n a<\/strong> <a href=\"https:\/\/www.aparences.net\/es\/periodos\/el-quattrocento\/sandro-botticelli\/\">las Venus de Botticelli<\/a>. Fue sobre todo bajo el reinado de Juan el Constante (1526-1532) cuando se pidi\u00f3 a Cranach la realizaci\u00f3n de figuras de Venus desnudas y <a href=\"https:\/\/www.aparences.net\/es\/tematicos\/mitologia-y-pintura\/\">temas mitol\u00f3gicos<\/a>, mientras que su producci\u00f3n anterior consist\u00eda esencialmente en obras religiosas. El estilo inicial de Cranach, quien somet\u00eda a sus figuras a complejas contorsiones, aqu\u00ed adquieren una plasticidad sinuosa, mientras que la naturaleza solo juega un rol puramente decorativo.<\/p>\n\n\n<div class=\"wp-block-image\">\n<figure class=\"aligncenter\"><img decoding=\"async\" src=\"https:\/\/www.aparences.net\/wp-content\/uploads\/2010\/10\/cranach_venuslondres.jpg\" alt=\"Cupido quej\u00e1ndose ante Venus, 1530, Lucas Cranach \" title=\"Cupido quej\u00e1ndose ante Venus, 1530, Lucas Cranach\"\/><figcaption class=\"wp-element-caption\"><em><strong>Cupido quej\u00e1ndose ante Venus<\/strong>, 1530, <strong>Lucas<\/strong>, (Londres, National Gallery) <\/em><\/figcaption><\/figure>\n<\/div>\n\n\n<p><em>La iconograf\u00eda de Cupido y las abejas est\u00e1 basada en un c\u00e9lebre relato mitol\u00f3gico, que cuenta c\u00f3mo Cupido es picado por un enjambre de abejas mientras roba un trozo de panal y se queja a Venus, su madre; ella le contesta que sus flechas causan heridas mucho m\u00e1s profundas y dolorosas.<\/em><\/p>\n\n\n\n<!-- AdBoxLeft2023 --><ins class=\"adsbygoogle\" style=\"display:block\" data-ad-client=\"ca-pub-2468002815867636\" data-ad-slot=\"1318022963\" data-ad-format=\"auto\" data-full-width-responsive=\"true\"><\/ins><script> (adsbygoogle = window.adsbygoogle || []).push({});<\/script><h2 class=\"wp-block-heading\">Hans Baldung Grien<\/h2>\n\n\n\n<p>Si el arte de Cranach seduce inmediatamente, la trayectoria de <strong>Hans Baldung Grien<\/strong> (Schwabisch Gm\u00fcnd 1484\/85 \u2013 Estrasburgo 1545) es una de las m\u00e1s originales de la historia del arte. Artista prol\u00edfico y dotado de una gran imaginaci\u00f3n, <strong>las obras de Baldung<\/strong> son conocidas por sus temas inquietantes y extra\u00f1as alegor\u00edas, bajo una siempre renovada visi\u00f3n: la mujer y la muerte, las brujas, las edades de la mujer, el pecado original. En aquella \u00e9poca fue sin duda el artista m\u00e1s sensible a las fuerzas misteriosas del inconsciente, del instinto sexual, de la naturaleza, que surgen a trav\u00e9s de formas muy controladas, con colores fr\u00edos, poco atractivos a primera vista, y a los cuales confiere una mirada desinteresada, ir\u00f3nica, raramente tierna y a menudo c\u00ednica. En sus primeras obras <strong>Baldung fue influido por su maestro Durero<\/strong> y m\u00e1s tarde, en los a\u00f1os 1512-1516 <strong>por<\/strong> <a title=\"Gr\u00fcnewald\" href=\"https:\/\/www.aparences.net\/es\/periodos\/el-renacimiento-nordico\/el-renacimiento-nordico\/\">Gr\u00fcnewald<\/a> cuando trabaja en el altar mayor de la catedral de Friburgo en Brisgau, aunque muestra sin embargo un estilo muy personal, <strong>tomando poco a poco una<\/strong> <a title=\"forma manierista\" href=\"https:\/\/www.aparences.net\/es\/periodos\/el-manierismo\/\">forma manierista<\/a>. Las <em><strong>Tres edades de la mujer y la muerte<\/strong><\/em> (hacia 1510) es un buen ejemplo de su arte. Es un himno a la vida, a la belleza femenina, y donde aparece el mismo sentimiento pagano que en Cranach pero con una visi\u00f3n diferente, en la que intervienen las fuerzas amenazantes de las sombras, la muerte ineluctable, reconocida por la vieja mujer, pero ignorada por la joven y por el ni\u00f1o. En 1517, el artista se establece definitivamente en Estrasburgo, mantiene estrechas relaciones con los c\u00edrculos intelectuales de la ciudad partidarios de la reforma de Lutero. Las obras de car\u00e1cter religioso escasean y las pocas que existen son de peque\u00f1as dimensiones. En cambio, <strong>los desnudos<\/strong> est\u00e1n pintados a tama\u00f1o natural, aislados o <strong>integrados en composiciones aleg\u00f3ricas <\/strong>(<em>La M\u00fasica<\/em>, <em>La Prudencia<\/em>), las cuales, a pesar de la influencia de Durero, parecen m\u00e1s cercanas a las obras de Cranach o de <a href=\"https:\/\/www.aparences.net\/es\/periodos\/el-renacimiento-nordico\/el-renacimiento-en-los-antiguos-paises-bajos\/#jan-gossaert,-mabuse\" data-type=\"link\" data-id=\"https:\/\/www.aparences.net\/es\/periodos\/el-renacimiento-nordico\/el-renacimiento-en-los-antiguos-paises-bajos\/#jan-gossaert,-mabuse\">Jan Gossaert, Mabuse<\/a>. Hacia el final de su carrera, junto con algunos retratos e ilustraciones de textos como las obras de Otto Brunfels o el tratado de Anatom\u00eda de Ryff, ocupan un lugar destacado los grabados representando temas profanos e im\u00e1genes inquietantes y demon\u00edacas como <em>El mozo de cuadra embrujado<\/em> de 1544 (en realidad un estudio sobre la perspectiva).<\/p>\n\n\n<div class=\"wp-block-image\">\n<figure class=\"aligncenter\"><img decoding=\"async\" src=\"https:\/\/www.aparences.net\/wp-content\/uploads\/2010\/10\/baldung_ages_vie.png\" alt=\"Tres edades de la mujer y la muerte, hacia 1510, Hans Baldung Grien\" title=\"Tres edades de la mujer y la muerte, hacia 1510, Hans Baldung Grien\"\/><figcaption class=\"wp-element-caption\"><em><strong>Tres edades de la mujer y la muerte<\/strong>, hacia 1510, <\/em><br><em><strong>Hans Baldung Grien<\/strong> (Viena, Kunsthistorisches Museum)<\/em><\/figcaption><\/figure>\n<\/div>\n\n\n<p><em>La escena transcurre en un bosque sombr\u00edo donde las cortezas muertas de los \u00e1rboles, motivo muy apreciado por Baldung, concuerdan con los jirones de carne que cuelgan del cuerpo de la Muerte, y el follaje de la izquierda concuerda con la cabellera ondulada de la joven en la \u00abflor de la vida\u00bb amenazada por una muerte prematura \u2013 no se trata solo de un s\u00edmbolo, sino tambi\u00e9n de una realidad en una \u00e9poca marcada por epidemias. La violencia atormentada de los movimientos deforma casi los personajes, y las oposiciones crom\u00e1ticas se intensifican rec\u00edprocamente, provocando un efecto de desconcertante crueldad.<\/em><\/p>\n\n\n<div class=\"wp-block-image\">\n<figure class=\"aligncenter\"><img decoding=\"async\" src=\"https:\/\/www.aparences.net\/wp-content\/uploads\/2010\/10\/baldung_nativite.jpg\" alt=\"La Natividad, 1520, Hans Baldung Grien\" title=\"La Natividad, 1520, Hans Baldung Grien\"\/><figcaption class=\"wp-element-caption\"><em><strong>La Natividad<\/strong>, 1520, <strong>Hans Baldung Grien<\/strong> (Munich, Alte Pinakothek)<\/em><\/figcaption><\/figure>\n<\/div>\n\n\n<p><em>Gracias a una luz m\u00e1gica que resplandece en la oscuridad, Hans Baldung presenta una imagen delicada de la silenciosa noche navide\u00f1a que se anuncia a la peque\u00f1a figura del pastor en el plano posterior. Este cuadro es anterior a la conversi\u00f3n del pintor al luteranismo y al abandono de los temas religiosos.<\/em><\/p>\n\n\n<div class=\"wp-block-image\">\n<figure class=\"aligncenter\"><img decoding=\"async\" src=\"https:\/\/www.aparences.net\/wp-content\/uploads\/2010\/10\/baldung_musique.jpg\" alt=\"La M\u00fasica, 1529, Hans Baldung Grien\" title=\"La M\u00fasica, 1529, Hans Baldung Grien\"\/><figcaption class=\"wp-element-caption\"><em><strong>La M\u00fasica<\/strong>, 1529, <\/em><br><em><strong>Hans Baldung Grien<\/strong><\/em><br><em> (Munich, Alte Pinakothek) <\/em><\/figcaption><\/figure>\n<\/div>\n\n\n<p><em>La partitura y el instrumento que sostiene la joven la convierten en una figura aleg\u00f3rica de la M\u00fasica. Durante el Renacimiento, la viola es representada como el instrumento preferido de Apolo.&nbsp; En general, los instrumentos de arco son considerados como \u00abnobles\u00bb y consagrados a la \u00abgran\u00bb m\u00fasica, mientras que los instrumentos a viento o percusi\u00f3n se suelen reservar al repertorio popular. El obeso gato que dormita es un s\u00edmbolo del temperamento flem\u00e1tico.<\/em><\/p>\n","protected":false},"excerpt":{"rendered":"<p>Pintor de transici\u00f3n entre el g\u00f3tico y el renacimiento alem\u00e1n, Lucas Cranach naci\u00f3 en 1472 en Kronach, ciudad alemana de la que tom\u00f3 su apellido.<\/p>\n","protected":false},"author":2,"featured_media":26398,"comment_status":"closed","ping_status":"closed","sticky":false,"template":"","format":"standard","meta":{"footnotes":""},"categories":[2333],"tags":[404,2564,6192,6186,4949,2726,3558],"class_list":["post-13262","post","type-post","status-publish","format-standard","has-post-thumbnail","hentry","category-el-renacimiento-nordico","tag-mecenat-de-cour","tag-cranach-y-la-reforma","tag-cranach-y-sus-mecenas","tag-el-renacimiento-nordico","tag-lucas-cranach-es","tag-lucas-cranach-el-viejo","tag-renacimiento-nordico"],"yoast_head":"<!-- This site is optimized with the Yoast SEO plugin v27.2 - https:\/\/yoast.com\/product\/yoast-seo-wordpress\/ -->\n<title>Lucas Cranach<\/title>\n<meta name=\"description\" content=\"Pintor de transici\u00f3n entre el g\u00f3tico y el renacimiento alem\u00e1n, Lucas Cranach naci\u00f3 en 1472 en Kronach, ciudad alemana de la que tom\u00f3 su apellido.\" \/>\n<meta name=\"robots\" content=\"index, follow, max-snippet:-1, max-image-preview:large, max-video-preview:-1\" \/>\n<link rel=\"canonical\" href=\"https:\/\/www.aparences.net\/es\/periodos\/el-renacimiento-nordico\/lucas-cranach\/\" \/>\n<meta property=\"og:locale\" content=\"es_ES\" \/>\n<meta property=\"og:type\" content=\"article\" \/>\n<meta property=\"og:title\" content=\"Lucas Cranach\" \/>\n<meta property=\"og:description\" content=\"Pintor de transici\u00f3n entre el g\u00f3tico y el renacimiento alem\u00e1n, Lucas Cranach naci\u00f3 en 1472 en Kronach, ciudad alemana de la que tom\u00f3 su apellido.\" \/>\n<meta property=\"og:url\" content=\"https:\/\/www.aparences.net\/es\/periodos\/el-renacimiento-nordico\/lucas-cranach\/\" \/>\n<meta property=\"og:site_name\" content=\"Aparences\" \/>\n<meta property=\"article:published_time\" content=\"2010-10-16T05:37:46+00:00\" \/>\n<meta property=\"article:modified_time\" content=\"2025-12-11T18:40:56+00:00\" \/>\n<meta property=\"og:image\" content=\"https:\/\/www.aparences.net\/wp-content\/uploads\/2010\/10\/lucas-cranach.jpg\" \/>\n\t<meta property=\"og:image:width\" content=\"1080\" \/>\n\t<meta property=\"og:image:height\" content=\"540\" \/>\n\t<meta property=\"og:image:type\" content=\"image\/jpeg\" \/>\n<meta name=\"author\" content=\"admin\" \/>\n<meta name=\"twitter:card\" content=\"summary_large_image\" \/>\n<meta name=\"twitter:label1\" content=\"Escrito por\" \/>\n\t<meta name=\"twitter:data1\" content=\"admin\" \/>\n\t<meta name=\"twitter:label2\" content=\"Tiempo de lectura\" \/>\n\t<meta name=\"twitter:data2\" content=\"17 minutos\" \/>\n<script type=\"application\/ld+json\" class=\"yoast-schema-graph\">{\"@context\":\"https:\/\/schema.org\",\"@graph\":[{\"@type\":\"Article\",\"@id\":\"https:\/\/www.aparences.net\/es\/periodos\/el-renacimiento-nordico\/lucas-cranach\/#article\",\"isPartOf\":{\"@id\":\"https:\/\/www.aparences.net\/es\/periodos\/el-renacimiento-nordico\/lucas-cranach\/\"},\"author\":{\"name\":\"admin\",\"@id\":\"https:\/\/www.aparences.net\/es\/#\/schema\/person\/af349f6ffc31b16c68963e61268afca5\"},\"headline\":\"Lucas Cranach\",\"datePublished\":\"2010-10-16T05:37:46+00:00\",\"dateModified\":\"2025-12-11T18:40:56+00:00\",\"mainEntityOfPage\":{\"@id\":\"https:\/\/www.aparences.net\/es\/periodos\/el-renacimiento-nordico\/lucas-cranach\/\"},\"wordCount\":2954,\"publisher\":{\"@id\":\"https:\/\/www.aparences.net\/es\/#organization\"},\"image\":{\"@id\":\"https:\/\/www.aparences.net\/es\/periodos\/el-renacimiento-nordico\/lucas-cranach\/#primaryimage\"},\"thumbnailUrl\":\"https:\/\/www.aparences.net\/wp-content\/uploads\/2010\/10\/lucas-cranach.jpg\",\"keywords\":[\"Cranach m\u00e9c\u00e9nat de cour\",\"Cranach y la Reforma\",\"Cranach y sus mecenas\",\"el Renacimiento n\u00f3rdico\",\"Lucas Cranach\",\"Lucas Cranach el Viejo\",\"renacimiento n\u00f3rdico\"],\"articleSection\":[\"El Renacimiento n\u00f3rdico\"],\"inLanguage\":\"es\"},{\"@type\":[\"WebPage\",\"ItemPage\"],\"@id\":\"https:\/\/www.aparences.net\/es\/periodos\/el-renacimiento-nordico\/lucas-cranach\/\",\"url\":\"https:\/\/www.aparences.net\/es\/periodos\/el-renacimiento-nordico\/lucas-cranach\/\",\"name\":\"Lucas Cranach\",\"isPartOf\":{\"@id\":\"https:\/\/www.aparences.net\/es\/#website\"},\"primaryImageOfPage\":{\"@id\":\"https:\/\/www.aparences.net\/es\/periodos\/el-renacimiento-nordico\/lucas-cranach\/#primaryimage\"},\"image\":{\"@id\":\"https:\/\/www.aparences.net\/es\/periodos\/el-renacimiento-nordico\/lucas-cranach\/#primaryimage\"},\"thumbnailUrl\":\"https:\/\/www.aparences.net\/wp-content\/uploads\/2010\/10\/lucas-cranach.jpg\",\"datePublished\":\"2010-10-16T05:37:46+00:00\",\"dateModified\":\"2025-12-11T18:40:56+00:00\",\"description\":\"Pintor de transici\u00f3n entre el g\u00f3tico y el renacimiento alem\u00e1n, Lucas Cranach naci\u00f3 en 1472 en Kronach, ciudad alemana de la que tom\u00f3 su apellido.\",\"breadcrumb\":{\"@id\":\"https:\/\/www.aparences.net\/es\/periodos\/el-renacimiento-nordico\/lucas-cranach\/#breadcrumb\"},\"inLanguage\":\"es\",\"potentialAction\":[{\"@type\":\"ReadAction\",\"target\":[\"https:\/\/www.aparences.net\/es\/periodos\/el-renacimiento-nordico\/lucas-cranach\/\"]}]},{\"@type\":\"ImageObject\",\"inLanguage\":\"es\",\"@id\":\"https:\/\/www.aparences.net\/es\/periodos\/el-renacimiento-nordico\/lucas-cranach\/#primaryimage\",\"url\":\"https:\/\/www.aparences.net\/wp-content\/uploads\/2010\/10\/lucas-cranach.jpg\",\"contentUrl\":\"https:\/\/www.aparences.net\/wp-content\/uploads\/2010\/10\/lucas-cranach.jpg\",\"width\":1080,\"height\":540},{\"@type\":\"BreadcrumbList\",\"@id\":\"https:\/\/www.aparences.net\/es\/periodos\/el-renacimiento-nordico\/lucas-cranach\/#breadcrumb\",\"itemListElement\":[{\"@type\":\"ListItem\",\"position\":1,\"name\":\"Portada\",\"item\":\"https:\/\/www.aparences.net\/es\/\"},{\"@type\":\"ListItem\",\"position\":2,\"name\":\"Lucas Cranach\"}]},{\"@type\":\"WebSite\",\"@id\":\"https:\/\/www.aparences.net\/es\/#website\",\"url\":\"https:\/\/www.aparences.net\/es\/\",\"name\":\"Aparences: Historia del Arte y Actualidad Cultural\",\"description\":\"\",\"publisher\":{\"@id\":\"https:\/\/www.aparences.net\/es\/#organization\"},\"potentialAction\":[{\"@type\":\"SearchAction\",\"target\":{\"@type\":\"EntryPoint\",\"urlTemplate\":\"https:\/\/www.aparences.net\/es\/?s={search_term_string}\"},\"query-input\":{\"@type\":\"PropertyValueSpecification\",\"valueRequired\":true,\"valueName\":\"search_term_string\"}}],\"inLanguage\":\"es\"},{\"@type\":\"Organization\",\"@id\":\"https:\/\/www.aparences.net\/es\/#organization\",\"name\":\"Aparences: Historia del Arte y Actualidad Cultural\",\"url\":\"https:\/\/www.aparences.net\/es\/\",\"logo\":{\"@type\":\"ImageObject\",\"inLanguage\":\"es\",\"@id\":\"https:\/\/www.aparences.net\/es\/#\/schema\/logo\/image\/\",\"url\":\"https:\/\/www.aparences.net\/wp-content\/uploads\/2023\/09\/logo-quadrat-color-e1695915315229.png\",\"contentUrl\":\"https:\/\/www.aparences.net\/wp-content\/uploads\/2023\/09\/logo-quadrat-color-e1695915315229.png\",\"width\":120,\"height\":120,\"caption\":\"Aparences: Historia del Arte y Actualidad Cultural\"},\"image\":{\"@id\":\"https:\/\/www.aparences.net\/es\/#\/schema\/logo\/image\/\"}},{\"@type\":\"Person\",\"@id\":\"https:\/\/www.aparences.net\/es\/#\/schema\/person\/af349f6ffc31b16c68963e61268afca5\",\"name\":\"admin\",\"url\":\"https:\/\/www.aparences.net\/es\/author\/admin\/\"}]}<\/script>\n<!-- \/ Yoast SEO plugin. -->","yoast_head_json":{"title":"Lucas Cranach","description":"Pintor de transici\u00f3n entre el g\u00f3tico y el renacimiento alem\u00e1n, Lucas Cranach naci\u00f3 en 1472 en Kronach, ciudad alemana de la que tom\u00f3 su apellido.","robots":{"index":"index","follow":"follow","max-snippet":"max-snippet:-1","max-image-preview":"max-image-preview:large","max-video-preview":"max-video-preview:-1"},"canonical":"https:\/\/www.aparences.net\/es\/periodos\/el-renacimiento-nordico\/lucas-cranach\/","og_locale":"es_ES","og_type":"article","og_title":"Lucas Cranach","og_description":"Pintor de transici\u00f3n entre el g\u00f3tico y el renacimiento alem\u00e1n, Lucas Cranach naci\u00f3 en 1472 en Kronach, ciudad alemana de la que tom\u00f3 su apellido.","og_url":"https:\/\/www.aparences.net\/es\/periodos\/el-renacimiento-nordico\/lucas-cranach\/","og_site_name":"Aparences","article_published_time":"2010-10-16T05:37:46+00:00","article_modified_time":"2025-12-11T18:40:56+00:00","og_image":[{"width":1080,"height":540,"url":"https:\/\/www.aparences.net\/wp-content\/uploads\/2010\/10\/lucas-cranach.jpg","type":"image\/jpeg"}],"author":"admin","twitter_card":"summary_large_image","twitter_misc":{"Escrito por":"admin","Tiempo de lectura":"17 minutos"},"schema":{"@context":"https:\/\/schema.org","@graph":[{"@type":"Article","@id":"https:\/\/www.aparences.net\/es\/periodos\/el-renacimiento-nordico\/lucas-cranach\/#article","isPartOf":{"@id":"https:\/\/www.aparences.net\/es\/periodos\/el-renacimiento-nordico\/lucas-cranach\/"},"author":{"name":"admin","@id":"https:\/\/www.aparences.net\/es\/#\/schema\/person\/af349f6ffc31b16c68963e61268afca5"},"headline":"Lucas Cranach","datePublished":"2010-10-16T05:37:46+00:00","dateModified":"2025-12-11T18:40:56+00:00","mainEntityOfPage":{"@id":"https:\/\/www.aparences.net\/es\/periodos\/el-renacimiento-nordico\/lucas-cranach\/"},"wordCount":2954,"publisher":{"@id":"https:\/\/www.aparences.net\/es\/#organization"},"image":{"@id":"https:\/\/www.aparences.net\/es\/periodos\/el-renacimiento-nordico\/lucas-cranach\/#primaryimage"},"thumbnailUrl":"https:\/\/www.aparences.net\/wp-content\/uploads\/2010\/10\/lucas-cranach.jpg","keywords":["Cranach m\u00e9c\u00e9nat de cour","Cranach y la Reforma","Cranach y sus mecenas","el Renacimiento n\u00f3rdico","Lucas Cranach","Lucas Cranach el Viejo","renacimiento n\u00f3rdico"],"articleSection":["El Renacimiento n\u00f3rdico"],"inLanguage":"es"},{"@type":["WebPage","ItemPage"],"@id":"https:\/\/www.aparences.net\/es\/periodos\/el-renacimiento-nordico\/lucas-cranach\/","url":"https:\/\/www.aparences.net\/es\/periodos\/el-renacimiento-nordico\/lucas-cranach\/","name":"Lucas Cranach","isPartOf":{"@id":"https:\/\/www.aparences.net\/es\/#website"},"primaryImageOfPage":{"@id":"https:\/\/www.aparences.net\/es\/periodos\/el-renacimiento-nordico\/lucas-cranach\/#primaryimage"},"image":{"@id":"https:\/\/www.aparences.net\/es\/periodos\/el-renacimiento-nordico\/lucas-cranach\/#primaryimage"},"thumbnailUrl":"https:\/\/www.aparences.net\/wp-content\/uploads\/2010\/10\/lucas-cranach.jpg","datePublished":"2010-10-16T05:37:46+00:00","dateModified":"2025-12-11T18:40:56+00:00","description":"Pintor de transici\u00f3n entre el g\u00f3tico y el renacimiento alem\u00e1n, Lucas Cranach naci\u00f3 en 1472 en Kronach, ciudad alemana de la que tom\u00f3 su apellido.","breadcrumb":{"@id":"https:\/\/www.aparences.net\/es\/periodos\/el-renacimiento-nordico\/lucas-cranach\/#breadcrumb"},"inLanguage":"es","potentialAction":[{"@type":"ReadAction","target":["https:\/\/www.aparences.net\/es\/periodos\/el-renacimiento-nordico\/lucas-cranach\/"]}]},{"@type":"ImageObject","inLanguage":"es","@id":"https:\/\/www.aparences.net\/es\/periodos\/el-renacimiento-nordico\/lucas-cranach\/#primaryimage","url":"https:\/\/www.aparences.net\/wp-content\/uploads\/2010\/10\/lucas-cranach.jpg","contentUrl":"https:\/\/www.aparences.net\/wp-content\/uploads\/2010\/10\/lucas-cranach.jpg","width":1080,"height":540},{"@type":"BreadcrumbList","@id":"https:\/\/www.aparences.net\/es\/periodos\/el-renacimiento-nordico\/lucas-cranach\/#breadcrumb","itemListElement":[{"@type":"ListItem","position":1,"name":"Portada","item":"https:\/\/www.aparences.net\/es\/"},{"@type":"ListItem","position":2,"name":"Lucas Cranach"}]},{"@type":"WebSite","@id":"https:\/\/www.aparences.net\/es\/#website","url":"https:\/\/www.aparences.net\/es\/","name":"Aparences: Historia del Arte y Actualidad Cultural","description":"","publisher":{"@id":"https:\/\/www.aparences.net\/es\/#organization"},"potentialAction":[{"@type":"SearchAction","target":{"@type":"EntryPoint","urlTemplate":"https:\/\/www.aparences.net\/es\/?s={search_term_string}"},"query-input":{"@type":"PropertyValueSpecification","valueRequired":true,"valueName":"search_term_string"}}],"inLanguage":"es"},{"@type":"Organization","@id":"https:\/\/www.aparences.net\/es\/#organization","name":"Aparences: Historia del Arte y Actualidad Cultural","url":"https:\/\/www.aparences.net\/es\/","logo":{"@type":"ImageObject","inLanguage":"es","@id":"https:\/\/www.aparences.net\/es\/#\/schema\/logo\/image\/","url":"https:\/\/www.aparences.net\/wp-content\/uploads\/2023\/09\/logo-quadrat-color-e1695915315229.png","contentUrl":"https:\/\/www.aparences.net\/wp-content\/uploads\/2023\/09\/logo-quadrat-color-e1695915315229.png","width":120,"height":120,"caption":"Aparences: Historia del Arte y Actualidad Cultural"},"image":{"@id":"https:\/\/www.aparences.net\/es\/#\/schema\/logo\/image\/"}},{"@type":"Person","@id":"https:\/\/www.aparences.net\/es\/#\/schema\/person\/af349f6ffc31b16c68963e61268afca5","name":"admin","url":"https:\/\/www.aparences.net\/es\/author\/admin\/"}]}},"_links":{"self":[{"href":"https:\/\/www.aparences.net\/es\/wp-json\/wp\/v2\/posts\/13262","targetHints":{"allow":["GET"]}}],"collection":[{"href":"https:\/\/www.aparences.net\/es\/wp-json\/wp\/v2\/posts"}],"about":[{"href":"https:\/\/www.aparences.net\/es\/wp-json\/wp\/v2\/types\/post"}],"author":[{"embeddable":true,"href":"https:\/\/www.aparences.net\/es\/wp-json\/wp\/v2\/users\/2"}],"replies":[{"embeddable":true,"href":"https:\/\/www.aparences.net\/es\/wp-json\/wp\/v2\/comments?post=13262"}],"version-history":[{"count":0,"href":"https:\/\/www.aparences.net\/es\/wp-json\/wp\/v2\/posts\/13262\/revisions"}],"wp:featuredmedia":[{"embeddable":true,"href":"https:\/\/www.aparences.net\/es\/wp-json\/wp\/v2\/media\/26398"}],"wp:attachment":[{"href":"https:\/\/www.aparences.net\/es\/wp-json\/wp\/v2\/media?parent=13262"}],"wp:term":[{"taxonomy":"category","embeddable":true,"href":"https:\/\/www.aparences.net\/es\/wp-json\/wp\/v2\/categories?post=13262"},{"taxonomy":"post_tag","embeddable":true,"href":"https:\/\/www.aparences.net\/es\/wp-json\/wp\/v2\/tags?post=13262"}],"curies":[{"name":"wp","href":"https:\/\/api.w.org\/{rel}","templated":true}]}}