{"id":13268,"date":"2010-10-19T10:09:29","date_gmt":"2010-10-19T09:09:29","guid":{"rendered":"https:\/\/www.aparences.net\/periodes\/la-renaissance-nordique\/el-renacimiento-nordico\/"},"modified":"2025-12-11T19:40:56","modified_gmt":"2025-12-11T18:40:56","slug":"el-renacimiento-nordico","status":"publish","type":"post","link":"https:\/\/www.aparences.net\/es\/periodos\/el-renacimiento-nordico\/el-renacimiento-nordico\/","title":{"rendered":"El Renacimiento n\u00f3rdico"},"content":{"rendered":"<p><!--contents--><\/p>\n\n\n<h2 class=\"wp-block-heading\">El Renacimiento en los pa\u00edses del Norte<\/h2>\n\n\n\n<p>En el complejo proceso de <strong>renovaci\u00f3n de las formas y de los temas iconogr\u00e1ficos<\/strong> que <strong>se designa con el t\u00e9rmino de \u00abRenacimiento n\u00f3rdico\u00bb<\/strong>, dos regiones son consideradas pioneras en el conjunto del vasto territorio constituido por el Sacro Imperio Romano Germ\u00e1nico, que se extiende desde Prusia hasta Italia del Norte, y desde los Pa\u00edses Bajos hasta Bohemia: Flandes y Alemania del suroeste (la Alsacia, el norte de Suiza, Suabia y Franconia). Las numerosas y pr\u00f3speras ciudades del Norte de los Alpes, en las cuales <strong>la influencia del humanismo es muy importante<\/strong>, mantienen desde hace tiempo contactos mar\u00edtimos o terrestres con Italia, y que al mismo tiempo gozan de un rico pasado art\u00edstico, ellos van a ser los lugares privilegiados del cambio. En los a\u00f1os 1490-1510 surgen una serie de manifestaciones an\u00e1logas: <strong>las formas g\u00f3ticas tradicionales se agotan<\/strong> o incluso se exageran; una forma de ciclo se acaba con un artista como G\u00e9rard David en Flandes, o incluso antes, con Schongauer en el Rin Superior. <strong>Dos artistas<\/strong>, <strong>El Bosco<\/strong> y <strong>Gr\u00fcnewald<\/strong>, <strong>marcan mejor que otros la gran diferencia<\/strong> que existe entre la cultura art\u00edstica de Europa del Norte y la de Italia:&nbsp;<a title=\"Jer\u00f3nimo Bosch\" href=\"https:\/\/www.aparences.net\/es\/periodos\/el-renacimiento-nordico\/el-bosco\/\">Hieronymus Bosch<\/a> de Bois-le-Duc, el Bosco (hacia 1450-1517), <strong>contempor\u00e1neo de<\/strong> <a href=\"https:\/\/www.aparences.net\/es\/periodos\/el-alto-renacimiento-en-pintura\/\">Leonardo da Vinci<\/a>, pinta con precisi\u00f3n obsesiva un espacio alucinatorio poblado de peque\u00f1as figuras (<em><strong>El Jard\u00edn de las delicias<\/strong><\/em>, <em>El Carro de heno<\/em>, <em>La tentaci\u00f3n de san Antonio<\/em>), mientras que <strong>Mathias Gr\u00fcnewald<\/strong> nos muestra con la <em>Crucifixi\u00f3n<\/em> del <strong>Retablo de Isenheim<\/strong> la imagen sobrecogedora de un cuerpo torturado, sin preocuparse por la unidad de las proporciones de las figuras.<\/p>\n\n\n<div class=\"wp-block-image\">\n<figure class=\"aligncenter\"><img decoding=\"async\" src=\"https:\/\/www.aparences.net\/wp-content\/uploads\/2010\/07\/jardin_paradis3.jpg\" alt=\"El Jard\u00edn de las delicias, hacia 1505, El Bosco\" title=\"El Jard\u00edn de las delicias, hacia 1505, El Bosco, Madrid, Museo del Prado\"\/><figcaption class=\"wp-element-caption\"><em><strong>El Jard\u00edn de las delicias<\/strong>, hacia 1505, <strong>El Bosco<\/strong> <\/em><br><em>(Madrid, Museo del Prado)<\/em><\/figcaption><\/figure>\n<\/div>\n\n\n<p><em>Este genial visionario que era el Bosco, quien ten\u00eda adem\u00e1s un don inigualable de invenci\u00f3n po\u00e9tica, crea im\u00e1genes aparentemente fant\u00e1sticas y surrealistas, pero de hecho fundadas sobre el conocimiento perspicaz de los instintos, de los vicios y de la locura de los hombres. El momento representado se sit\u00faa en un punto de la historia humana (comprendida tanto como destino general que como vida individual), a medio camino entre la pureza original de la creaci\u00f3n y el castigo eterno del pecado. Los pe\u00f1ascos multicolores en el plano posterior, as\u00ed como las criaturas aladas volando en el cielo, atestiguan de una situaci\u00f3n confusa y ca\u00f3tica, que no cesa de padecer extra\u00f1as transformaciones.<\/em><\/p>\n\n\n<div class=\"wp-block-image\">\n<figure class=\"aligncenter\"><img decoding=\"async\" src=\"https:\/\/www.aparences.net\/wp-content\/uploads\/2010\/10\/grunewald_triptyque.png\" alt=\"Retablo de Isenheim: Crucifixi\u00f3n, 1515, Mathias Gr\u00fcnewald\" title=\"Retablo de Isenheim: Crucifixi\u00f3n, 1515, Mathias Gr\u00fcnewald\"\/><figcaption class=\"wp-element-caption\"><em><strong>Retablo de Isenheim<\/strong>: Crucifixi\u00f3n, 1515, <strong>Mathias Gr\u00fcnewald<\/strong> <\/em><br><em>(hacia 1480 \u2013 1528),\u00a0 (Colmar, Museo de Unterlinden)<\/em><\/figcaption><\/figure>\n<\/div>\n\n\n<p><em>Este suntuoso retablo ejecutado para la iglesia conventual de los Antoninos de Isenheim (Alsacia) es un conjunto \u00abtransformable\u00bb (Wandelaltar): la disposici\u00f3n de los postigos, abiertos o cerrados en funci\u00f3n de las fiestas lit\u00fargicas, muestran las distintas composiciones que se suceden como si se tratara de las p\u00e1ginas de una Biblia. En \u00abLa Crucifixi\u00f3n\u00bb, imagen tr\u00e1gica y solemne de una despiadada violencia en la representaci\u00f3n del cuerpo martirizado de Cristo, la luz viene de la derecha del cuadro e ilumina la inmensa figura con la cabeza erizada de espinas y la carne verdosa lacerada por la flagelaci\u00f3n. El peso inerte del cuerpo estira los brazos, los dedos se abren y se crispan en un paroxismo de dolor, los pies traspasados por el clavo negro se tuercen, seg\u00fan la imagen que nos da santa Brigida en sus Revelaciones, (principal fuente iconogr\u00e1fica de Gr\u00fcnewald para el pol\u00edptico de Isenheim).<br><\/em><\/p>\n\n\n<div class=\"wp-block-image\">\n<figure class=\"aligncenter\"><img decoding=\"async\" src=\"https:\/\/www.aparences.net\/wp-content\/uploads\/2010\/10\/grunewald_madeleine.jpg\" alt=\"Retablo de Isenheim, 1515, Mathias Gr\u00fcnewald, detalle\" title=\"Retablo de Isenheim, 1515, Mathias Gr\u00fcnewald, detalle\"\/><\/figure>\n<\/div>\n\n\n<p><em>En su desenfrenado expresionismo la escena es casi terror\u00edfica, sobre todo en la violenta desproporci\u00f3n de los personajes (Cristo y san Juan Bautista enormes y una min\u00fascula Mar\u00eda Magdalena), en el desequilibrio de la composici\u00f3n (tres personajes a la izquierda y solo uno a la derecha, pero la predela restablece el equilibrio por el desplazamiento del peso hacia la derecha) con su amalgama de realismo atroz y de simbolismo.<\/em><\/p>\n\n\n\n<!-- AdBoxRight2020 --><ins class=\"adsbygoogle\"     style=\"display:block; margin-top:30px;\"     data-ad-client=\"ca-pub-2468002815867636\"     data-ad-slot=\"3496014735\"     data-ad-format=\"auto\"     data-full-width-responsive=\"false\"><\/ins><script> (adsbygoogle = window.adsbygoogle || []).push({});<\/script><h2 class=\"wp-block-heading\">La adopci\u00f3n de los modelos italianos<\/h2>\n\n\n\n<p><strong>En este proceso de renovaci\u00f3n de la<\/strong> <a href=\"https:\/\/www.aparences.net\/es\/periodos\/gotico-internacional\/\">cultura g\u00f3tica<\/a> en el Norte de Europa, aparecen algunos artistas de transici\u00f3n. Impregnados todav\u00eda del esp\u00edritu g\u00f3tico, <strong>comienzan a adoptar las novedades venidas de Italia<\/strong>, en primer lugar sobre su forma ornamental (pilastras y capiteles con <strong>motivos renacentistas<\/strong>, <strong>guirnaldas inspiradas de<\/strong> <a title=\"Andrea Mantegna\" href=\"https:\/\/www.aparences.net\/es\/arte-y-mecenazgo\/los-gonzaga-de-mantua\/andrea-mantegna-pintor-de-corte\/\">Mantegna<\/a>, etc.). Numerosos artistas del Norte hacen el viaje a Italia o se inspiran simplemente de los grabados italianos que comienzan a circular de forma abundante a principios del siglo XVI. Aparte del ejemplo precoz, aunque bastante aislado, del pintor y escultor austriaco del Tirol, <strong>Michael Pacher<\/strong>, que elabora en los a\u00f1os 1480 una poderosa s\u00edntesis que asocia el arte del g\u00f3tico tradicional con las formas y la perspectiva italiana, se pueden citar a principios del siglo XVI, <strong>Hans Holbein el Viejo en Augsburgo<\/strong> (Baviera), o <a title=\"Quentin Metsys\" href=\"https:\/\/www.aparences.net\/es\/periodos\/el-renacimiento-nordico\/el-renacimiento-en-los-antiguos-paises-bajos\/#quentin-metsys\">Quentin Metsys<\/a><strong> en Amberes<\/strong>, mientras que la capilla de los Fugger en la iglesia de Santa Ana de Augsburgo, construida a partir de 1509, es famosa por ser el primer edificio de estilo Renacimiento en el norte de los Alpes. Es aun en Augsburgo, gran centro industrial, comercial y bancario, en estrecha relaci\u00f3n con Venecia, donde Hans Burgkmair el Viejo (1473-1531), quien despu\u00e9s de un viaje en Italia, fue uno de los primeros en introducir el verdadero <strong>arte del Renacimiento tal como se manifestaba en Venecia con<\/strong> <a title=\"Giovanni Bellini\" href=\"https:\/\/www.aparences.net\/es\/escuelas\/la-pintura-veneciana\/giovanni-bellini\/\">Giovanni Bellini<\/a>, en una serie de V\u00edrgenes con el Ni\u00f1o de los a\u00f1os 1507-1510, donde el modelado, el colorido y los motivos arquitecturales, se inspiran claramente de modelos venecianos y lombardos. Mientras que el arte alem\u00e1n es m\u00e1s sensible a la lecci\u00f3n de <strong>Andrea Mantegna<\/strong> y de los venecianos, el arte flamenco encuentra sus modelos de predilecci\u00f3n en <strong>Leonardo da Vinci<\/strong> y en Florencia. Progresivamente, los artistas del Norte, generalmente con ocasi\u00f3n de un viaje a Roma, descubren el arte antiguo. Ser\u00eda err\u00f3neo sin embargo, ver en los comienzos del Renacimiento n\u00f3rdico solo una simple imitaci\u00f3n de los precedentes italianos. El siglo XVI confirma la supremac\u00eda italiana en el arte europeo, pero al mismo tiempo se perciben los primeros signos de la evoluci\u00f3n que apartar\u00e1 Italia de la corriente de vanguardia y har\u00e1 del siglo XVII el \u00absiglo de oro\u00bb de otras naciones.<\/p>\n\n\n<div class=\"wp-block-image\">\n<figure class=\"aligncenter\"><img decoding=\"async\" src=\"https:\/\/www.aparences.net\/wp-content\/uploads\/2010\/10\/quentin_metsys_vierge.jpg\" alt=\"Virgen en el trono, 1520-1525, Quentin Metsys\" title=\"Virgen en el trono, 1520-1525, Quentin Metsys\"\/><figcaption class=\"wp-element-caption\"><em><strong>Virgen en el trono<\/strong>, hacia 1520-1525, <strong>Quentin Metsys<\/strong> <\/em><br><em>(Lovaina 1466 \u2013 Amberes 1530), <\/em><br><em>(Berl\u00edn, Staatliche Museen)<\/em><\/figcaption><\/figure>\n<\/div>\n\n\n<p><em>En esta Virgen, Metsys <em>(Lovaina 1466 \u2013 Amberes 1530)<\/em> se acerca al estilo de da Vinci, as\u00ed como a las muy humanas V\u00edrgenes con el Ni\u00f1o de Bellini, pero se revela n\u00f3rdica en sus detalles pintorescos y en el paisaje flamenco.<\/em><\/p>\n\n\n<div class=\"wp-block-image\">\n<figure class=\"aligncenter\"><img decoding=\"async\" src=\"https:\/\/www.aparences.net\/wp-content\/uploads\/2010\/07\/vanhearms_autop.jpg\" alt=\"Autorretrato delante del Coliseo, Maerten van Heemskerck\" title=\"Autorretrato delante del Coliseo, Maerten van Heemskerck\"\/><figcaption class=\"wp-element-caption\"><em><strong>Autorretrato delante del Coliseo<\/strong>, 1553, <\/em><br><em><strong>Maerten van Heemskerck<\/strong><\/em><br><em> (Cambridge, Fitzwilliams Museum) <\/em><\/figcaption><\/figure>\n<\/div>\n\n\n<p><em>Se trata en realidad de un \u00abdoble\u00bb autorretrato con un toque de sonriente complicidad. <em><strong>Maerten van Heemskerck<\/strong> (Utrecht 1498 \u2013 Haarlem, 1574)<\/em><\/em> <em> se muestra en gran primer plano a la izquierda representado en su madurez, pero al mismo tiempo quiere recordar su estancia en Roma veinte a\u00f1os atr\u00e1s represent\u00e1ndose bajo el aspecto de una peque\u00f1a figura ocupada en dibujar el inmenso esqueleto del Coliseo en ruinas cubierto de vegetaci\u00f3n, lo que incita a reflexionar sobre la grandeza y decadencia de la Antig\u00fcedad cl\u00e1sica.<\/em><\/p>\n\n\n\n<p>Adem\u00e1s del conocimiento directo adquirido en los viajes por Italia y el estudio de las obras m\u00e1s importantes, los grabados jugaron un papel fundamental en la difusi\u00f3n de las ideas italianas. Los motivos arquitecturales, frecuentes en los frontispicios de los libros, los enmarcados decorativos en los libros de horas, <strong>las ediciones ilustradas de<\/strong> <a href=\"https:\/\/es.wikipedia.org\/wiki\/Her%C3%B3doto\">Herodoto<\/a>, de <a href=\"https:\/\/es.wikipedia.org\/wiki\/Petrarca\">Petrarca<\/a>, de las vidas de los santos que saldr\u00e1n de las imprentas italianas, sobre todo de las venecianas, en n\u00famero creciente, constituir\u00e1 uno de los principales medios de difusi\u00f3n; <strong>los grabados de los artistas<\/strong> \u2013 <strong>de Mantegna<\/strong> sobre todo, o grabadores de Mantua, Venecia, Ferrara y Florencia, as\u00ed como las c\u00e9lebres planchas de Bramante \u2013 tuvieron sin duda todav\u00eda m\u00e1s influencia. Los grabados m\u00e1s importantes fueron sin duda los de <strong>Marcantonio Raimondi<\/strong>, nacido hacia 1480, que realiz\u00f3 en Venecia <strong>los grabados de<\/strong> <a title=\"Durero\" href=\"https:\/\/www.aparences.net\/es\/periodos\/el-renacimiento-nordico\/alberto-durero\/\">Durero<\/a>; hacia 1510, Raimondi se instal\u00f3 en Roma donde se convirti\u00f3 en el principal divulgador de las ideas y las <a title=\"obras de Rafael\" href=\"https:\/\/www.aparences.net\/es\/arte-y-mecenazgo\/los-fresquistas-florentinos\/la-obra-mural-de-rafael\/\">obras de Rafael<\/a> <strong>y su entorno<\/strong>.<\/p>\n\n\n<div class=\"wp-block-image\">\n<figure class=\"aligncenter\"><img decoding=\"async\" src=\"https:\/\/www.aparences.net\/wp-content\/uploads\/2010\/07\/marcantonio1.jpg\" alt=\"El juicio de Paris, grabado al buril, 1513-1514, Marcantonio Raimondi\" title=\"El juicio de Paris, grabado al buril, 1513-1514, Marcantonio Raimondi\"\/><figcaption class=\"wp-element-caption\"><em><strong>El juicio de Paris<\/strong>, grabado al buril, 1513-1514, <strong>Marcantonio Raimondi<\/strong> (Londres, British Museum)<\/em><\/figcaption><\/figure>\n<\/div>\n\n\n<p><em>Los detalles naturalistas del paisaje y los juegos de claroscuro son de una gran eficacia expresiva. La complejidad de la composici\u00f3n indica que Marcantonio Raimondi no se refiere a una sola obra pict\u00f3rica, sino que junta diferentes dibujos y proyectos. Este grabado retoma dibujos de Rafael para la c\u00e9lebre escena mitol\u00f3gica donde Paris tiene que designar a la m\u00e1s bella de las tres diosas, Jun\u00f3n, Minerva o Venus. En ciertas figuras se puede observar que la plancha grabada conserva y traduce el dulce modelado del dibujo de Rafael.<\/em><\/p>\n\n\n<div class=\"wp-block-image\">\n<figure class=\"aligncenter\"><img decoding=\"async\" src=\"https:\/\/www.aparences.net\/wp-content\/uploads\/2010\/07\/maerten_vierge.jpg\" alt=\"Reposo durante la huida a Egipto, hacia 1532, Maerten van Heemskerck\" title=\"Reposo durante la huida a Egipto, hacia 1532, Maerten van Heemskerck\"\/><figcaption class=\"wp-element-caption\"><em><strong>Reposo durante la huida a Egipto<\/strong>, hacia 1532,<strong> <\/strong><\/em><br><em><strong>Maerten van Heemskerck<\/strong> (Washington, National Gallery)<\/em><\/figcaption><\/figure>\n<\/div>\n\n\n<p><em>Los rasgos del rostro y la expresi\u00f3n de la Virgen Mar\u00eda recuerdan los prototipos de Rafael. El paisaje, tratado con la t\u00e9cnica del \u00absfumato\u00bb, presenta elementos arquitecturales y arqueol\u00f3gicos que evocan la campi\u00f1a romana. La pose un poco forzada y casi exhibida del Ni\u00f1o Jes\u00fas, recuerda los modelos de la Antig\u00fcedad cl\u00e1sica y del primer manierismo. El viaje a Italia, convertido casi en un ritual, permite a los artistas acumular una cultura visual mucho m\u00e1s importante y favorece la propagaci\u00f3n de un nuevo estilo internacional: <a title=\"El manierismo\" href=\"https:\/\/www.aparences.net\/es\/periodos\/el-manierismo\/el-estilo-manierista\/\">el Manierismo<\/a> <strong>venido de Italia<\/strong>, y que los artistas flamencos se esfuerzan en adaptar a la tradici\u00f3n aut\u00f3ctona.<\/em><\/p>\n\n\n\n<!-- AdBoxLeft2023 --><ins class=\"adsbygoogle\" style=\"display:block\" data-ad-client=\"ca-pub-2468002815867636\" data-ad-slot=\"1318022963\" data-ad-format=\"auto\" data-full-width-responsive=\"true\"><\/ins><script> (adsbygoogle = window.adsbygoogle || []).push({});<\/script><h2 class=\"wp-block-heading\">El humanismo n\u00f3rdico<\/h2>\n\n\n\n<p>En 1508, <a href=\"https:\/\/es.wikipedia.org\/wiki\/Erasmo_de_R%C3%B3terdam\">Erasmo de Rotterdam<\/a> <strong>considerado como el m\u00e1s grande humanista<\/strong> en el norte de los Alpes, ofrece en sus <em>Adagios<\/em> una eficaz combinaci\u00f3n de sabidur\u00eda popular, de citas cl\u00e1sicas y de sensatez. En 1509, compone su <em>Elogium insaniae<\/em> (Elogio de la locura) donde, cuestionando los fundamentos mismos de su humanismo, invita a un nuevo examen global de la historia, de la moral, de la religi\u00f3n. El eclecticismo cultural y el rol creciente de la duda permiten comprender las din\u00e1micas art\u00edsticas de la Europa del norte y del centro. En 1501, el emperador Maximiliano I de Habsburgo funda una universidad en Viena y nombra director al poeta Conrad Celtis, y en Alemania, <strong>el mecenazgo cultural se desarrolla gracias a los pr\u00edncipes electores<\/strong> (<strong>como los de Sajonia, mecenas de<\/strong> <a title=\"Lucas Cranach\" href=\"https:\/\/www.aparences.net\/es\/periodos\/el-renacimiento-nordico\/lucas-cranach\/\">Cranach el Viejo<\/a>), a los duques (<strong>como Guillermo IV de Baviera, mecenas de<\/strong> <a title=\"Altdorfer\" href=\"https:\/\/www.aparences.net\/es\/periodos\/el-renacimiento-nordico\/albrecht-altdorfer\/\">Altdorfer<\/a>), a los poderosos cardenales (como el arzobispo de Maguncia Alberto de Brandeburgo, que invita a Durero y a Gr\u00fcnewald), financieros (como la dinast\u00eda de banqueros Fugger en Augsburgo) o intelectuales (como Willibald Pirkheimer, amigo de Durero); en cambio, comienza el declive de las ciudades de la Liga Hanse\u00e1tica. Las principales ciudades comerciales de Baviera, como <strong>Nuremberg, la ciudad de<\/strong> <a title=\"Durero\" href=\"https:\/\/www.aparences.net\/es\/periodos\/el-renacimiento-nordico\/alberto-durero\/\">Durero<\/a>, <strong>Ratisbona<\/strong>, <strong>ciudad de Altdorfer<\/strong> y <strong>Augsburgo de Burgkmair y de los<\/strong> <a title=\"Holbein\" href=\"https:\/\/www.aparences.net\/es\/periodos\/el-renacimiento-nordico\/hans-holbein-el-joven\/\">Holbein<\/a>, son centros muy poderosos a nivel econ\u00f3mico, especializados en la fabricaci\u00f3n de orfebrer\u00eda, de instrumentos de precisi\u00f3n, de armas, pero tambi\u00e9n son centros de difusi\u00f3n de la cultura gracias a las imprentas. Este policentrismo cultural se extiende a lo largo del Rin con la rica ciudad de <strong>Basilea<\/strong>, <strong>donde trabajan los Holbein<\/strong>, y las ciudades de la Alsacia, que cuentan con una <strong>antigua tradici\u00f3n pict\u00f3rica que va desde Schongauer<\/strong> a <strong>Gr\u00fcnewald<\/strong> y <a title=\"Hans Baldung Grien\" href=\"https:\/\/www.aparences.net\/es\/periodos\/el-renacimiento-nordico\/lucas-cranach\/#hans-baldung-grien\">Baldung Grien<\/a>.<\/p>\n\n\n<div class=\"wp-block-image\">\n<figure class=\"aligncenter\"><img decoding=\"async\" src=\"https:\/\/www.aparences.net\/wp-content\/uploads\/2010\/11\/erasme.jpg\" alt=\"Retrato de Erasmo de Rotterdam, 1523, Hans Holbein, Basilea\" title=\"Retrato de Erasmo de Rotterdam, 1523, Hans Holbein, Basilea\"\/><figcaption class=\"wp-element-caption\"><em><strong>Retrato de Erasmo de Rotterdam<\/strong>, 1523, <strong>Hans Holbein <\/strong>(Basilea, \u00d6ffentliche Kunstsammlung Kunstmuseum)<\/em><\/figcaption><\/figure>\n<\/div>\n\n\n<p><em>En 1523, Holbein ya se hab\u00eda labrado una reputaci\u00f3n de retratista con tres retratos de este humanista. No s\u00f3lo Hans Holbein, sino tambi\u00e9n Alberto Durero y Quentin Metsys ejecutaron su retrato, lo que demuestra la deuda de los principales artistas-intelectuales hacia el m\u00e1s grande humanista de Europa. La sobriedad de la ropa refleja el aspecto general de la moda masculina en el siglo XVI, pero aqu\u00ed se acent\u00faa todav\u00eda m\u00e1s con el fin de enfatizar la interioridad y la nobleza del personaje.<\/em><\/p>\n\n\n<div class=\"wp-block-image\">\n<figure class=\"aligncenter\"><img decoding=\"async\" src=\"https:\/\/www.aparences.net\/wp-content\/uploads\/2010\/07\/durer_philosophie.jpg\" alt=\"Alegor\u00eda de la Filosof\u00eda, 1502, Durero\" title=\"Alegor\u00eda de la Filosof\u00eda, 1502, Durero\"\/><figcaption class=\"wp-element-caption\"><em><strong>Alegor\u00eda de la Filosof\u00eda<\/strong>, 1502,<strong> Durero<\/strong><\/em><\/figcaption><\/figure>\n<\/div>\n\n\n<p><em>Este <em>grabado sobre madera de Durero, destinado al frontispicio de las obras de Conrad Celtis<\/em>, atestigua de una mezcla sabiamente equilibrada entre la herencia de un s\u00edmbolo que es todav\u00eda g\u00f3tico y el nacimiento del humanismo n\u00f3rdico. Hay que destacar la repetida presencia del m\u00e1gico n\u00famero cuatro: los puntos cardinales, los vientos, las edades del esp\u00edritu, las estaciones, los elementos, los humores del cuerpo humano. Los cuatro medallones representan los diferentes tipos de intelectuales en la historia de la civilizaci\u00f3n: los sacerdotes caldeos y egipcios, los fil\u00f3sofos griegos, los poetas y ret\u00f3ricos latinos, los prudentes y los sabios alemanes, cuyo representante es Alberto el Grande. Sentada en un trono como una reina, la figura aleg\u00f3rica de la filosof\u00eda est\u00e1 representada como la fuerza que regula y gobierna todo lo que se encuentra sobre la tierra, el cielo y el mar.<\/em><\/p>\n\n\n<div class=\"wp-block-image\">\n<figure class=\"aligncenter\"><img decoding=\"async\" src=\"https:\/\/www.aparences.net\/wp-content\/uploads\/2010\/07\/bruegel_icare.jpg\" alt=\"La ca\u00edda de \u00cdcaro,1558, Pieter Bruegel\" title=\"La ca\u00edda de \u00cdcaro,1558, Pieter Bruegel\"\/><figcaption class=\"wp-element-caption\"><em><strong>La ca\u00edda de \u00cdcaro<\/strong>, hacia 1558, <strong>Pieter Bruegel<\/strong> (1525\/30-1569),<\/em><br><em> (Bruselas, Museos Reales de Bellas Artes)<\/em><\/figcaption><\/figure>\n<\/div>\n\n\n<p><em>Amigo de los eruditos y abierto a las nuevas ideas, Bruegel ha querido representar la naturaleza, constantemente presente en su obra, esta vez sobre el mundo mitol\u00f3gico. Su visi\u00f3n panor\u00e1mica del mundo ilustra un aspecto esencial del pensamiento humanista. La ca\u00edda de \u00cdcaro, como la de Faet\u00f3n, era el ejemplo que ilustraba mejor el merecido castigo de los orgullosos y de los que presumen de sus fuerzas. El contraste con el campesino y los dem\u00e1s mortales ocupados en sus humildes tareas, es evidentemente querido por el pintor, escena que se pod\u00eda encontrar en un texto de la \u00abNave de los necios\u00bb de Sebasti\u00e1n Brant. <strong>Esta pintura ser\u00eda una de las primeras de<\/strong> <a title=\"Bruegel\" href=\"https:\/\/www.aparences.net\/es\/periodos\/el-renacimiento-nordico\/pieter-bruegel\/\">Bruegel<\/a>.<\/em><\/p>\n\n\n\n<p><strong>El humanismo responde a uno cierto orgullo de la civilizaci\u00f3n<\/strong>. Los sabios siempre han estado orgullosos de sus conocimientos, como los cortesanos de sus maneras. Pero el humanismo da a la \u00abbuena educaci\u00f3n\u00bb un sentido amplio y completo, donde el saber y la conducta van unidos. El humanismo es el triunfo de los cl\u00e9rigos y de los pedagogos; pero es precisamente porque el humanismo se sal\u00eda de los marcos tradicionales, que el movimiento fue tan ampliamente seguido y acab\u00f3 por reformar el gusto, la cultura y el pensamiento de toda Europa. Los primeros humanistas deben su prestigio a su doble condici\u00f3n de pedagogos y de cancilleres. <strong>Los profesores del <em>trivium<\/em> <\/strong>(gram\u00e1tica, dial\u00e9ctica, ret\u00f3rica que <strong>formaban parte de las<\/strong> <a href=\"https:\/\/www.aparences.net\/es\/periodos\/el-quattrocento-anexos\/las-siete-artes-y-las-musas\/\">Siete Artes Liberales<\/a>) eran los primeros maestros y preceptores de los ni\u00f1os; tambi\u00e9n ejerc\u00edan como secretarios de los poderosos, para los que llevaban los asuntos diplom\u00e1ticos o de propaganda. Se pudo ver as\u00ed al anciano preceptor de Carlos V ocupar la Sede papal gracias al apoyo de su disc\u00edpulo. La ret\u00f3rica, que los humanistas unieron a la poes\u00eda, fue de esta forma la esencia de su ense\u00f1anza, tanto es as\u00ed que en las universidades alemanas a los humanistas se les llamaba \u00abpoetas\u00bb.<\/p>\n\n\n<div class=\"wp-block-image\">\n<figure class=\"aligncenter\"><img decoding=\"async\" src=\"https:\/\/www.aparences.net\/wp-content\/uploads\/2010\/07\/van_scorel_portrait.jpg\" alt=\"Retrato de un estudiante de doce a\u00f1os, 1531, Jan van Scorel\" title=\"Retrato de un estudiante de doce a\u00f1os, 1531, Jan van Scorel\"\/><figcaption class=\"wp-element-caption\"><em><strong>Retrato de un estudiante de doce a\u00f1os<\/strong>, 1531, <strong>Jan van Scorel<\/strong> (Rotterdam, Museum Boijmans Van Beuningen)<\/em><\/figcaption><\/figure>\n<\/div>\n\n\n<h2 class=\"wp-block-heading\">Una nueva forma de mirar la naturaleza<\/h2>\n\n\n\n<p>El inter\u00e9s de los artistas flamencos y alemanes contin\u00faa a centrarse en la representaci\u00f3n de lo humano, y una larga lista de retratistas <strong>reanuda, bajo<\/strong> <strong>una forma renovada por la influencia del humanismo, con la gran<\/strong> <a title=\"tradici\u00f3n eyckiana\" href=\"https:\/\/www.aparences.net\/es\/escuelas\/los-primitivos-flamencos\/jan-van-eyck\/\">tradici\u00f3n eyckiana<\/a>. Los <strong>nuevos g\u00e9neros<\/strong>, <strong>como la naturaleza muerta y<\/strong> <a href=\"https:\/\/www.aparences.net\/es\/periodos\/pintura-de-genero-holandesa\/\">la escena de g\u00e9nero<\/a>, que aparecieron en el siglo XV en el marco de la pintura religiosa, adquieren su autonom\u00eda. Finalmente, la aportaci\u00f3n m\u00e1s original de los artistas del Norte al cambio radical de las formas y de los contenidos, es este nuevo enfoque, preciso y apasionado, de la naturaleza. Aunque con ilustres predecesores como Van Eyck, Witz, Schongauer, <strong>el desarrollo del paisaje como g\u00e9nero aut\u00f3nomo<\/strong>, las representaciones de animales o de vegetales, es claramente obra de los artistas alemanes y flamencos de comienzos del siglo XVI. Aqu\u00ed, como en otros \u00e1mbitos, es un artista de una gran ciudad de Alemania del Sur, Nuremberg, <strong>Alberto Durero<\/strong> quien, desde los \u00faltimos a\u00f1os del siglo XV y hasta nuestros d\u00edas, encarna verdaderamente el esp\u00edritu del Renacimiento en el Norte, y la modernidad art\u00edstica. Su <em><strong>Ad\u00e1n y Eva<\/strong><\/em> <strong>es un verdadero manifiesto<\/strong>, s\u00edntesis ejemplar de la voluntad italiana de equilibrio, de perfecci\u00f3n formal, que ve la luz en estas representaciones emblem\u00e1ticas de lo humano, y de esta sensibilidad profunda hacia la naturaleza donde se inscriben los personajes, de esta atm\u00f3sfera tan profundamente <strong>impregnada del \u00abrealismo simb\u00f3lico\u00bb de los grandes<\/strong> <a title=\"pintores flamencos\" href=\"https:\/\/www.aparences.net\/es\/escuelas\/los-primitivos-flamencos\/\">pintores flamencos<\/a> y de las inquietudes del <strong>humanismo n\u00f3rdico<\/strong>.<\/p>\n\n\n<div class=\"wp-block-image\">\n<figure class=\"aligncenter\"><img decoding=\"async\" src=\"https:\/\/www.aparences.net\/wp-content\/uploads\/2010\/07\/durer_adam.jpg\" alt=\"Ad\u00e1n y Eva, 1504, Alberto Durero\" title=\"Ad\u00e1n y Eva, 1504, Alberto Durero\"\/><figcaption class=\"wp-element-caption\"><em><strong>Ad\u00e1n y Eva<\/strong>, 1504, grabado sobre cobre, <strong>Alberto Durero<\/strong> (Nueva York, Metropolitan Museum of Art)<\/em><\/figcaption><\/figure>\n<\/div>\n\n\n<p class=\"has-text-align-left\"><em>Esta obra, representa la cumbre del esfuerzo del artista para encontrar las justas proporciones del cuerpo humano. Los estudios en los cuales se apoya este grabado remontan al a\u00f1o 1500. Conducen al \u00abhombre perfecto\u00bb a la \u00abmujer perfecta\u00bb <strong>mostrados en el primer \u00abcontrapposto\u00bb convincente del arte alem\u00e1n<\/strong>. La suma de trabajo y de erudici\u00f3n humanista que Durero invierte en esta puesta en escena \u2013 estudi\u00f3 sobre todo las reglas de Vitruvio (siglo I a.C.) &#8211; hubiera debido producir como resultado una ilustraci\u00f3n pedante de la teor\u00eda, pero la sabia representaci\u00f3n de los cuerpos se difumina en el entorno. Por primera vez en la historia del grabado editorial, los cuerpos claros son situados sobre un fondo oscuro, y por primera vez, un grabador utiliza el fondo como espacio de ambiente. En la escena reina todav\u00eda la divina armon\u00eda: justo antes del pecado original, Ad\u00e1n y Eva son todav\u00eda la imagen ideal de la belleza de la Creaci\u00f3n. Instantes despu\u00e9s, todo va a desmoronarse hacia un destino terrestre cargado de pecado y sometido a la fugacidad. La transformaci\u00f3n del jard\u00edn del para\u00edso en un bosque sombr\u00edo, en un lugar inculto, anuncia ya la amenaza de las fuerzas naturales, y la presencia de los animales hace alusi\u00f3n a las pulsiones humanas.<\/em><\/p>\n\n\n<div class=\"wp-block-image\">\n<figure class=\"aligncenter\"><img decoding=\"async\" src=\"https:\/\/www.aparences.net\/wp-content\/uploads\/2010\/07\/patinir.jpg\" alt=\"Descanso en la huida a Egipto, 1515\/1524, Joachim Patinir\" title=\"Descanso en la huida a Egipto, 1515\/1524, Joachim Patinir\"\/><figcaption class=\"wp-element-caption\"><em><strong>Descanso en la huida a Egipto<\/strong>, 1515\/1524, <strong>Joachim Patinir<\/strong> <\/em><br><em>(Berl\u00edn, Staatliche Museen)<\/em><\/figcaption><\/figure>\n<\/div>\n\n\n<p><em>Varios detalles pintorescos acent\u00faan las sutiles correspondencias que dan unidad al hermoso paisaje. Una elevada l\u00ednea de horizonte, un r\u00edo que corre a trav\u00e9s de prados muy iluminados, dentro de una atm\u00f3sfera delicada, azulada, articulando los personajes como en una visi\u00f3n de paisaje \u00abc\u00f3smico\u00bb. <strong>La<\/strong> <a href=\"https:\/\/www.aparences.net\/es\/periodos\/el-renacimiento-nordico\/albrecht-altdorfer\/#joachim-patinir\" data-type=\"link\" data-id=\"https:\/\/www.aparences.net\/es\/periodos\/el-renacimiento-nordico\/albrecht-altdorfer\/#joachim-patinir\">pintura de Patinir<\/a> <strong>nos recuerda la<\/strong> <a href=\"https:\/\/www.aparences.net\/es\/periodos\/el-renacimiento-nordico\/el-bosco\/\" data-type=\"link\" data-id=\"https:\/\/www.aparences.net\/es\/periodos\/el-renacimiento-nordico\/el-bosco\/\">pintura de El Bosco <\/a>en su manera de ver el paisaje a vista de p\u00e1jaro y en la importancia que da a la composici\u00f3n general de la obra.<\/em><\/p>\n\n\n<div class=\"wp-block-image\">\n<figure class=\"aligncenter\"><img decoding=\"async\" src=\"https:\/\/www.aparences.net\/wp-content\/uploads\/2010\/07\/cranach_paris.jpg\" alt=\"El juicio de Paris, 1529, Lucas Cranach, Nueva York, Metropolitan Museum\" title=\"El juicio de Paris, 1529, Lucas Cranach, Nueva York, Metropolitan Museum\"\/><figcaption class=\"wp-element-caption\"><em><strong>El juicio de Paris<\/strong>, 1529, <strong>Lucas Cranach<\/strong> (Nueva York, Metropolitan Museum)<\/em><\/figcaption><\/figure>\n<\/div>\n\n\n<p><em>Cranach, muy ligado a la Reforma y amigo personal de Mart\u00edn Lutero, pint\u00f3 numerosas pinturas religiosas did\u00e1cticas, pero tambi\u00e9n represent\u00f3 su propio ideal de desnudez femenina. Aunque sus modelos se basen poco en los modelos italianos (a diferencia de los de Durero), <strong>las pinturas de Cranach hacen referencia a<\/strong> <a href=\"https:\/\/www.aparences.net\/es\/tematicos\/mitologia-y-pintura\/\">temas mitol\u00f3gicos<\/a> y cl\u00e1sicos, y pint\u00f3 repetidas veces durante su carrera la historia del Juicio de Paris. Aqu\u00ed, el artista ha escogido una versi\u00f3n alemana de la historia, en la cual Mercurio presenta las tres diosas \u2013 Juno, Venus y Minerva \u2013 a Paris en un sue\u00f1o. Cranach se\u00f1ala la victoria de Venus situando a su hijo Cupido en la parte superior izquierda del cuadro, apunt\u00e1ndola con su arco. El paisaje sugestivo, con un bosque de espeso follaje y con pe\u00f1ascos que dominan el curso de un r\u00edo, recuerda las decoraciones predilectas de <strong>los pintores de la<\/strong> <a title=\"Escuela del Danubio\" href=\"https:\/\/www.aparences.net\/es\/periodos\/el-renacimiento-nordico\/albrecht-altdorfer\/\">escuela del Danubio<\/a>.<\/em><\/p>\n\n\n<div class=\"wp-block-image\">\n<figure class=\"aligncenter\"><img decoding=\"async\" src=\"https:\/\/www.aparences.net\/wp-content\/uploads\/2010\/07\/leyde_joueurs.jpg\" alt=\"Les joueurs de cartes, vers 1514, Lucas de Leyde\" title=\"Les joueurs de cartes, vers 1514, Lucas de Leyde\"\/><figcaption class=\"wp-element-caption\"><em><strong>Los jugadores de cartas<\/strong>, hacia 1514, <strong>Lucas van Leyden<\/strong> (1489\/94 \u2013 1533), (Salisbury, Wilton House, Colecci\u00f3n Earl of Pembroke)<\/em><\/figcaption><\/figure>\n<\/div>\n\n\n<p><em>Es posible que este cuadro <strong>no sea una simple escena de g\u00e9nero<\/strong>, es decir, la imagen de un episodio cotidiano banal, sino que aluda a significados simb\u00f3licos; sin embargo, la fuerza expresiva de Lucas van Leyden reside justamente en su capacidad de fundirse en el contexto narrativo y social de las escenas. Pintor, grabador y dibujante con una actividad muy variada y abundante, <a title=\"Lucas van Leiden\" href=\"https:\/\/www.aparences.net\/es\/periodos\/el-renacimiento-nordico\/el-renacimiento-en-los-antiguos-paises-bajos\/#lucas-de-leiden\">Lucas van Leyden <\/a><strong>permanece como uno de los grandes artistas del siglo XVI n\u00f3rdico<\/strong>. Recibe la influencia de Durero a quien encontr\u00f3 en Amberes en 1521. Graba sobre cobre, una serie de 14 estampas llamadas La Peque\u00f1a Pasi\u00f3n. A su regreso a Leiden, se consagra aun m\u00e1s a la pintura donde hace prueba de un esp\u00edritu realista que traduce a base de <strong>vivos colores, a veces \u00e1cidos, que recuerdan los que utilizaba<\/strong> <a href=\"https:\/\/www.aparences.net\/es\/periodos\/el-manierismo\/jacopo-pontormo\/\" data-type=\"link\" data-id=\"https:\/\/www.aparences.net\/es\/periodos\/el-manierismo\/jacopo-pontormo\/\">Pontormo<\/a> en la misma \u00e9poca en Florencia, en <strong>el cambio de estilo que se ven\u00eda operando en Italia<\/strong>, <a href=\"https:\/\/www.aparences.net\/es\/periodos\/el-manierismo\/\">el manierismo<\/a>.<\/em><\/p>\n\n\n\n<!-- AfterArticle2023 --><ins class=\"adsbygoogle\"     style=\"display:block;margin-bottom:5px;\"     data-ad-client=\"ca-pub-2468002815867636\"     data-ad-slot=\"3955176166\"     data-ad-format=\"auto\"     data-full-width-responsive=\"true\"><\/ins><script> (adsbygoogle = window.adsbygoogle || []).push({});<\/script><h2 class=\"wp-block-heading\">La Reforma y las artes<\/h2>\n\n\n\n<p><strong>En 1517<\/strong>, <a href=\"https:\/\/es.wikipedia.org\/wiki\/Mart%C3%ADn_Lutero\">Mart\u00edn Lutero<\/a> (1483-1546) <strong>cuelga sus tesis en Wittenberg<\/strong>. Diez a\u00f1os m\u00e1s tarde, la cristiandad fue escindida en dos partes, separaci\u00f3n que marcar\u00eda particularmente Alemania donde se enfrentaban pr\u00edncipes cat\u00f3licos y pr\u00edncipes luteranos, y en los Pa\u00edses Bajos, donde el Sur cat\u00f3lico se enfrentaba al Norte calvinista. <strong>La Reforma incide sobre el desarrollo de las artes<\/strong> a varios niveles, aunque no sea m\u00e1s que uno de los factores, ciertamente esencial, de la profunda mutaci\u00f3n que se opera en el arte de los pa\u00edses del Norte. El Imperio vive a\u00f1os ca\u00f3ticos que culminan con la Guerra de los Campesinos (1524-1526) y ello entrena un repentino declive de los encargos religiosos (\u00abaqu\u00ed las artes est\u00e1n heladas\u00bb, escribi\u00f3 Erasmo), <strong>lo que caus\u00f3 sin duda que<\/strong> <a title=\"Holbein\" href=\"https:\/\/www.aparences.net\/es\/periodos\/el-renacimiento-nordico\/hans-holbein-el-joven\/\">Holbein<\/a> <strong>marchara a Londres<\/strong>, mientras que los pintores que adhirieron a la reforma luterana modifican su iconograf\u00eda (<a title=\"Lucas Cranach\" href=\"https:\/\/www.aparences.net\/es\/periodos\/el-renacimiento-nordico\/lucas-cranach\/\">Cranach<\/a> <strong>representa el tema luterano<\/strong> de la remisi\u00f3n por la fe a trav\u00e9s de cuadros moralizadores y did\u00e1cticos), antes que los iconoclastas, sobre todo calvinistas, no cometan sus estragos en la segunda mitad del siglo. En efecto, el primer acto iconoclasta protestante tuvo lugar a finales de 1521 en Wittemberg, capital del elector de Sajonia Federico II el Prudente, protector de Lutero. En ausencia de \u00e9ste \u00faltimo, y arengada por uno de sus ac\u00f3litos, (Karlstadt, autor del primer escrito reformado contra las im\u00e1genes), la multitud invade las iglesias y destruye o mutila estatuas y pinturas. <strong>La iconoclastia se extendi\u00f3<\/strong> como un reguero de p\u00f3lvora en Suiza y en Alemania, m\u00e1s tarde en el \u00e1rea influenciada por el calvinismo, Inglaterra, Francia, y los Pa\u00edses Bajos, durante el verano de 1566. La Reforma protestante denunciaba el \u00abtemerario error\u00bb de los id\u00f3latras, la \u00abnecia osad\u00eda\u00bb de aquellos que \u00abelevan \u00eddolos a Dios\u00bb. Frente a los iconoclastas con sensibilidad iconof\u00f3bica, la Reforma se presentar\u00e1 como una renovaci\u00f3n radical de las funciones apolog\u00e9ticas del arte.<\/p>\n\n\n<div class=\"wp-block-image\">\n<figure class=\"aligncenter\"><img decoding=\"async\" src=\"https:\/\/www.aparences.net\/wp-content\/uploads\/2010\/07\/cranach_reformateurs.jpg\" alt=\"Juan Federico de Sajonia y los reformadores, Lucas Cranach\" title=\"Juan Federico de Sajonia y los reformadores, Lucas Cranach\"\/><figcaption class=\"wp-element-caption\"><em><strong>Juan Federico de Sajonia y los reformadores<\/strong>, 1543, <\/em><br><em><strong>Lucas Cranach<\/strong> <\/em><br><em>(Toledo, Ohio, the Art Museum) <\/em><\/figcaption><\/figure>\n<\/div>\n\n\n<p><em>Juan Federico era hijo de Federico II el Prudente. Su corpulencia \u2013 parcialmente disimulada por un elegante abrigo negro \u2013 parece proteger a Lutero y a Melanchthon. Este \u00faltimo, profesor de griego en la universidad de Wittenberg, fue uno de los principales disc\u00edpulos de Lutero. Cranach, a instancias de Federico se instal\u00f3 en Wittenberg en 1505. Es all\u00ed donde trab\u00f3 amistad con Lutero, del cual har\u00e1 numerosos retratos.<br><\/em><\/p>\n\n\n<div class=\"wp-block-image\">\n<figure class=\"aligncenter\"><img decoding=\"async\" src=\"https:\/\/www.aparences.net\/wp-content\/uploads\/2010\/07\/cranach_laloi.jpg\" alt=\"La Ley y la Gracia, 1529, Lucas Cranach el Viejo\" title=\"La Ley y la Gracia, 1529, Lucas Cranach el Viejo\"\/><figcaption class=\"wp-element-caption\"><em><strong>La Ley y la Gracia<\/strong>, 1529, <strong>Lucas Cranach el Viejo<\/strong>, <\/em><br><em>(Gotha, Schlossmuseum)<\/em><\/figcaption><\/figure>\n<\/div>\n\n\n<p><em>Salvo raras excepciones, el arte que procede directamente de la Reforma es de obediencia luterana. Se trata de un arte did\u00e1ctico, en la l\u00ednea de la \u00abBiblia pauperum\u00bb medieval. Varios temas van a desarrollarse: ciclos b\u00edblicos pintados sobre los muros o las tribunas de las iglesias, o las Biblias ilustradas, exaltaci\u00f3n de los h\u00e9roes de la causa protestante, y sobre todo de Lutero, y el fomento de la \u00e9tica del trabajo y de la familia. Pero el tema teol\u00f3gico m\u00e1s corriente, principalmente popularizado por el taller de Cranach, es el de la ant\u00edtesis entre el Antiguo Testamento, reino de la Ley, simbolizado por Mois\u00e9s y que conduce al Hombre a la muerte, y el Nuevo Testamento, reino de la Gracia, donde Cristo triunfa de la Muerte y del Diablo. De un modo general, estos temas antit\u00e9ticos, cuyo modelo impl\u00edcito es el Juicio Final, tuvieron una gran difusi\u00f3n en el protestantismo.<br><\/em><\/p>\n\n\n<div class=\"wp-block-image\">\n<figure class=\"aligncenter\"><img decoding=\"async\" src=\"https:\/\/www.aparences.net\/wp-content\/uploads\/2010\/07\/cranach_crucifix.jpg\" alt=\"La Crucifixi\u00f3n, 1536, Lucas Cranach el Viejo\" title=\"La Crucifixi\u00f3n, 1536, Lucas Cranach el Viejo\"\/><figcaption class=\"wp-element-caption\"><em><strong>La Crucifixi\u00f3n con la conversi\u00f3n del centuri\u00f3n<\/strong>, 1536, <\/em><br><em><strong>Lucas Cranach el Viejo<\/strong>, <\/em><br><em>(Washington, National Gallery of Art)<\/em><\/figcaption><\/figure>\n<\/div>\n\n\n<p><em>Las frases que salen de la boca de Jesucristo y del centuri\u00f3n est\u00e1n escritas en alem\u00e1n y no en lat\u00edn como era costumbre. La traducci\u00f3n de las Santas Escrituras y la utilizaci\u00f3n de la lengua vern\u00e1cula, constituye una de las contribuciones m\u00e1s importantes de Mart\u00edn Lutero a la Reforma. <strong>Como lo muestra la intensa actividad de<\/strong> <a title=\"Cranach Reforma\" href=\"https:\/\/www.aparences.net\/es\/periodos\/el-renacimiento-nordico\/lucas-cranach\/#cranach-y-la-reforma\">Lucas Cranach<\/a> el Viejo en sus primeras d\u00e9cadas, la Reforma lejos de mostrar hostilidad a las im\u00e1genes, hace de ellas un instrumento fundamental en la divulgaci\u00f3n de sus ideas. La escena de la Crucifixi\u00f3n se halla despojada de los numerosos personajes (la Virgen Maria, las Santas Mujeres, san Juan Evangelista\u2026) que abundan habitualmente en la tradici\u00f3n iconogr\u00e1fica cat\u00f3lica. El centuri\u00f3n romano, vestido con una coraza contempor\u00e1nea y con el aspecto de un caballero alem\u00e1n, reconoce en el crucificado \u00abal Dios verdadero\u00bb.<br><\/em><\/p>\n","protected":false},"excerpt":{"rendered":"<p>Dos artistas, El Bosco y Gr\u00fcnewald, marcan mejor que otros la gran diferencia que existe entre la cultura art\u00edstica de Europa del Norte y la de Italia.<\/p>\n","protected":false},"author":2,"featured_media":26392,"comment_status":"closed","ping_status":"closed","sticky":false,"template":"","format":"standard","meta":{"footnotes":""},"categories":[2333],"tags":[6187,6186,369,6188,3564,368],"class_list":["post-13268","post","type-post","status-publish","format-standard","has-post-thumbnail","hentry","category-el-renacimiento-nordico","tag-el-humanismo-nordico","tag-el-renacimiento-nordico","tag-jerome-bosch","tag-la-reforma-y-las-artes","tag-mathias-grunewald-2","tag-la-reforme-et-les-arts"],"yoast_head":"<!-- This site is optimized with the Yoast SEO plugin v27.2 - https:\/\/yoast.com\/product\/yoast-seo-wordpress\/ -->\n<title>El Renacimiento n\u00f3rdico<\/title>\n<meta name=\"description\" content=\"Dos artistas, El Bosco y Gr\u00fcnewald, marcan mejor que otros la gran diferencia que existe entre la cultura art\u00edstica de Europa del Norte y la de Italia.\" \/>\n<meta name=\"robots\" content=\"index, follow, max-snippet:-1, max-image-preview:large, max-video-preview:-1\" \/>\n<link rel=\"canonical\" href=\"https:\/\/www.aparences.net\/es\/periodos\/el-renacimiento-nordico\/el-renacimiento-nordico\/\" \/>\n<meta property=\"og:locale\" content=\"es_ES\" \/>\n<meta property=\"og:type\" content=\"article\" \/>\n<meta property=\"og:title\" content=\"El Renacimiento n\u00f3rdico\" \/>\n<meta property=\"og:description\" content=\"Dos artistas, El Bosco y Gr\u00fcnewald, marcan mejor que otros la gran diferencia que existe entre la cultura art\u00edstica de Europa del Norte y la de Italia.\" \/>\n<meta property=\"og:url\" content=\"https:\/\/www.aparences.net\/es\/periodos\/el-renacimiento-nordico\/el-renacimiento-nordico\/\" \/>\n<meta property=\"og:site_name\" content=\"Aparences\" \/>\n<meta property=\"article:published_time\" content=\"2010-10-19T09:09:29+00:00\" \/>\n<meta property=\"article:modified_time\" content=\"2025-12-11T18:40:56+00:00\" \/>\n<meta property=\"og:image\" content=\"https:\/\/www.aparences.net\/wp-content\/uploads\/2010\/10\/la-renaissance-nordique.jpg\" \/>\n\t<meta property=\"og:image:width\" content=\"1080\" \/>\n\t<meta property=\"og:image:height\" content=\"540\" \/>\n\t<meta property=\"og:image:type\" content=\"image\/jpeg\" \/>\n<meta name=\"author\" content=\"admin\" \/>\n<meta name=\"twitter:card\" content=\"summary_large_image\" \/>\n<meta name=\"twitter:label1\" content=\"Escrito por\" \/>\n\t<meta name=\"twitter:data1\" content=\"admin\" \/>\n\t<meta name=\"twitter:label2\" content=\"Tiempo de lectura\" \/>\n\t<meta name=\"twitter:data2\" content=\"23 minutos\" \/>\n<script type=\"application\/ld+json\" class=\"yoast-schema-graph\">{\"@context\":\"https:\/\/schema.org\",\"@graph\":[{\"@type\":\"Article\",\"@id\":\"https:\/\/www.aparences.net\/es\/periodos\/el-renacimiento-nordico\/el-renacimiento-nordico\/#article\",\"isPartOf\":{\"@id\":\"https:\/\/www.aparences.net\/es\/periodos\/el-renacimiento-nordico\/el-renacimiento-nordico\/\"},\"author\":{\"name\":\"admin\",\"@id\":\"https:\/\/www.aparences.net\/es\/#\/schema\/person\/af349f6ffc31b16c68963e61268afca5\"},\"headline\":\"El Renacimiento n\u00f3rdico\",\"datePublished\":\"2010-10-19T09:09:29+00:00\",\"dateModified\":\"2025-12-11T18:40:56+00:00\",\"mainEntityOfPage\":{\"@id\":\"https:\/\/www.aparences.net\/es\/periodos\/el-renacimiento-nordico\/el-renacimiento-nordico\/\"},\"wordCount\":4287,\"publisher\":{\"@id\":\"https:\/\/www.aparences.net\/es\/#organization\"},\"image\":{\"@id\":\"https:\/\/www.aparences.net\/es\/periodos\/el-renacimiento-nordico\/el-renacimiento-nordico\/#primaryimage\"},\"thumbnailUrl\":\"https:\/\/www.aparences.net\/wp-content\/uploads\/2010\/10\/la-renaissance-nordique.jpg\",\"keywords\":[\"el humanismo n\u00f3rdico\",\"el Renacimiento n\u00f3rdico\",\"J\u00e9r\u00f4me Bosch\",\"la Reforma y las artes\",\"Mathias Gr\u00fcnewald\",\"R\u00e9forme et art\"],\"articleSection\":[\"El Renacimiento n\u00f3rdico\"],\"inLanguage\":\"es\"},{\"@type\":[\"WebPage\",\"ItemPage\"],\"@id\":\"https:\/\/www.aparences.net\/es\/periodos\/el-renacimiento-nordico\/el-renacimiento-nordico\/\",\"url\":\"https:\/\/www.aparences.net\/es\/periodos\/el-renacimiento-nordico\/el-renacimiento-nordico\/\",\"name\":\"El Renacimiento n\u00f3rdico\",\"isPartOf\":{\"@id\":\"https:\/\/www.aparences.net\/es\/#website\"},\"primaryImageOfPage\":{\"@id\":\"https:\/\/www.aparences.net\/es\/periodos\/el-renacimiento-nordico\/el-renacimiento-nordico\/#primaryimage\"},\"image\":{\"@id\":\"https:\/\/www.aparences.net\/es\/periodos\/el-renacimiento-nordico\/el-renacimiento-nordico\/#primaryimage\"},\"thumbnailUrl\":\"https:\/\/www.aparences.net\/wp-content\/uploads\/2010\/10\/la-renaissance-nordique.jpg\",\"datePublished\":\"2010-10-19T09:09:29+00:00\",\"dateModified\":\"2025-12-11T18:40:56+00:00\",\"description\":\"Dos artistas, El Bosco y Gr\u00fcnewald, marcan mejor que otros la gran diferencia que existe entre la cultura art\u00edstica de Europa del Norte y la de Italia.\",\"breadcrumb\":{\"@id\":\"https:\/\/www.aparences.net\/es\/periodos\/el-renacimiento-nordico\/el-renacimiento-nordico\/#breadcrumb\"},\"inLanguage\":\"es\",\"potentialAction\":[{\"@type\":\"ReadAction\",\"target\":[\"https:\/\/www.aparences.net\/es\/periodos\/el-renacimiento-nordico\/el-renacimiento-nordico\/\"]}]},{\"@type\":\"ImageObject\",\"inLanguage\":\"es\",\"@id\":\"https:\/\/www.aparences.net\/es\/periodos\/el-renacimiento-nordico\/el-renacimiento-nordico\/#primaryimage\",\"url\":\"https:\/\/www.aparences.net\/wp-content\/uploads\/2010\/10\/la-renaissance-nordique.jpg\",\"contentUrl\":\"https:\/\/www.aparences.net\/wp-content\/uploads\/2010\/10\/la-renaissance-nordique.jpg\",\"width\":1080,\"height\":540},{\"@type\":\"BreadcrumbList\",\"@id\":\"https:\/\/www.aparences.net\/es\/periodos\/el-renacimiento-nordico\/el-renacimiento-nordico\/#breadcrumb\",\"itemListElement\":[{\"@type\":\"ListItem\",\"position\":1,\"name\":\"Portada\",\"item\":\"https:\/\/www.aparences.net\/es\/\"},{\"@type\":\"ListItem\",\"position\":2,\"name\":\"El Renacimiento n\u00f3rdico\"}]},{\"@type\":\"WebSite\",\"@id\":\"https:\/\/www.aparences.net\/es\/#website\",\"url\":\"https:\/\/www.aparences.net\/es\/\",\"name\":\"Aparences: Historia del Arte y Actualidad Cultural\",\"description\":\"\",\"publisher\":{\"@id\":\"https:\/\/www.aparences.net\/es\/#organization\"},\"potentialAction\":[{\"@type\":\"SearchAction\",\"target\":{\"@type\":\"EntryPoint\",\"urlTemplate\":\"https:\/\/www.aparences.net\/es\/?s={search_term_string}\"},\"query-input\":{\"@type\":\"PropertyValueSpecification\",\"valueRequired\":true,\"valueName\":\"search_term_string\"}}],\"inLanguage\":\"es\"},{\"@type\":\"Organization\",\"@id\":\"https:\/\/www.aparences.net\/es\/#organization\",\"name\":\"Aparences: Historia del Arte y Actualidad Cultural\",\"url\":\"https:\/\/www.aparences.net\/es\/\",\"logo\":{\"@type\":\"ImageObject\",\"inLanguage\":\"es\",\"@id\":\"https:\/\/www.aparences.net\/es\/#\/schema\/logo\/image\/\",\"url\":\"https:\/\/www.aparences.net\/wp-content\/uploads\/2023\/09\/logo-quadrat-color-e1695915315229.png\",\"contentUrl\":\"https:\/\/www.aparences.net\/wp-content\/uploads\/2023\/09\/logo-quadrat-color-e1695915315229.png\",\"width\":120,\"height\":120,\"caption\":\"Aparences: Historia del Arte y Actualidad Cultural\"},\"image\":{\"@id\":\"https:\/\/www.aparences.net\/es\/#\/schema\/logo\/image\/\"}},{\"@type\":\"Person\",\"@id\":\"https:\/\/www.aparences.net\/es\/#\/schema\/person\/af349f6ffc31b16c68963e61268afca5\",\"name\":\"admin\",\"url\":\"https:\/\/www.aparences.net\/es\/author\/admin\/\"}]}<\/script>\n<!-- \/ Yoast SEO plugin. -->","yoast_head_json":{"title":"El Renacimiento n\u00f3rdico","description":"Dos artistas, El Bosco y Gr\u00fcnewald, marcan mejor que otros la gran diferencia que existe entre la cultura art\u00edstica de Europa del Norte y la de Italia.","robots":{"index":"index","follow":"follow","max-snippet":"max-snippet:-1","max-image-preview":"max-image-preview:large","max-video-preview":"max-video-preview:-1"},"canonical":"https:\/\/www.aparences.net\/es\/periodos\/el-renacimiento-nordico\/el-renacimiento-nordico\/","og_locale":"es_ES","og_type":"article","og_title":"El Renacimiento n\u00f3rdico","og_description":"Dos artistas, El Bosco y Gr\u00fcnewald, marcan mejor que otros la gran diferencia que existe entre la cultura art\u00edstica de Europa del Norte y la de Italia.","og_url":"https:\/\/www.aparences.net\/es\/periodos\/el-renacimiento-nordico\/el-renacimiento-nordico\/","og_site_name":"Aparences","article_published_time":"2010-10-19T09:09:29+00:00","article_modified_time":"2025-12-11T18:40:56+00:00","og_image":[{"width":1080,"height":540,"url":"https:\/\/www.aparences.net\/wp-content\/uploads\/2010\/10\/la-renaissance-nordique.jpg","type":"image\/jpeg"}],"author":"admin","twitter_card":"summary_large_image","twitter_misc":{"Escrito por":"admin","Tiempo de lectura":"23 minutos"},"schema":{"@context":"https:\/\/schema.org","@graph":[{"@type":"Article","@id":"https:\/\/www.aparences.net\/es\/periodos\/el-renacimiento-nordico\/el-renacimiento-nordico\/#article","isPartOf":{"@id":"https:\/\/www.aparences.net\/es\/periodos\/el-renacimiento-nordico\/el-renacimiento-nordico\/"},"author":{"name":"admin","@id":"https:\/\/www.aparences.net\/es\/#\/schema\/person\/af349f6ffc31b16c68963e61268afca5"},"headline":"El Renacimiento n\u00f3rdico","datePublished":"2010-10-19T09:09:29+00:00","dateModified":"2025-12-11T18:40:56+00:00","mainEntityOfPage":{"@id":"https:\/\/www.aparences.net\/es\/periodos\/el-renacimiento-nordico\/el-renacimiento-nordico\/"},"wordCount":4287,"publisher":{"@id":"https:\/\/www.aparences.net\/es\/#organization"},"image":{"@id":"https:\/\/www.aparences.net\/es\/periodos\/el-renacimiento-nordico\/el-renacimiento-nordico\/#primaryimage"},"thumbnailUrl":"https:\/\/www.aparences.net\/wp-content\/uploads\/2010\/10\/la-renaissance-nordique.jpg","keywords":["el humanismo n\u00f3rdico","el Renacimiento n\u00f3rdico","J\u00e9r\u00f4me Bosch","la Reforma y las artes","Mathias Gr\u00fcnewald","R\u00e9forme et art"],"articleSection":["El Renacimiento n\u00f3rdico"],"inLanguage":"es"},{"@type":["WebPage","ItemPage"],"@id":"https:\/\/www.aparences.net\/es\/periodos\/el-renacimiento-nordico\/el-renacimiento-nordico\/","url":"https:\/\/www.aparences.net\/es\/periodos\/el-renacimiento-nordico\/el-renacimiento-nordico\/","name":"El Renacimiento n\u00f3rdico","isPartOf":{"@id":"https:\/\/www.aparences.net\/es\/#website"},"primaryImageOfPage":{"@id":"https:\/\/www.aparences.net\/es\/periodos\/el-renacimiento-nordico\/el-renacimiento-nordico\/#primaryimage"},"image":{"@id":"https:\/\/www.aparences.net\/es\/periodos\/el-renacimiento-nordico\/el-renacimiento-nordico\/#primaryimage"},"thumbnailUrl":"https:\/\/www.aparences.net\/wp-content\/uploads\/2010\/10\/la-renaissance-nordique.jpg","datePublished":"2010-10-19T09:09:29+00:00","dateModified":"2025-12-11T18:40:56+00:00","description":"Dos artistas, El Bosco y Gr\u00fcnewald, marcan mejor que otros la gran diferencia que existe entre la cultura art\u00edstica de Europa del Norte y la de Italia.","breadcrumb":{"@id":"https:\/\/www.aparences.net\/es\/periodos\/el-renacimiento-nordico\/el-renacimiento-nordico\/#breadcrumb"},"inLanguage":"es","potentialAction":[{"@type":"ReadAction","target":["https:\/\/www.aparences.net\/es\/periodos\/el-renacimiento-nordico\/el-renacimiento-nordico\/"]}]},{"@type":"ImageObject","inLanguage":"es","@id":"https:\/\/www.aparences.net\/es\/periodos\/el-renacimiento-nordico\/el-renacimiento-nordico\/#primaryimage","url":"https:\/\/www.aparences.net\/wp-content\/uploads\/2010\/10\/la-renaissance-nordique.jpg","contentUrl":"https:\/\/www.aparences.net\/wp-content\/uploads\/2010\/10\/la-renaissance-nordique.jpg","width":1080,"height":540},{"@type":"BreadcrumbList","@id":"https:\/\/www.aparences.net\/es\/periodos\/el-renacimiento-nordico\/el-renacimiento-nordico\/#breadcrumb","itemListElement":[{"@type":"ListItem","position":1,"name":"Portada","item":"https:\/\/www.aparences.net\/es\/"},{"@type":"ListItem","position":2,"name":"El Renacimiento n\u00f3rdico"}]},{"@type":"WebSite","@id":"https:\/\/www.aparences.net\/es\/#website","url":"https:\/\/www.aparences.net\/es\/","name":"Aparences: Historia del Arte y Actualidad Cultural","description":"","publisher":{"@id":"https:\/\/www.aparences.net\/es\/#organization"},"potentialAction":[{"@type":"SearchAction","target":{"@type":"EntryPoint","urlTemplate":"https:\/\/www.aparences.net\/es\/?s={search_term_string}"},"query-input":{"@type":"PropertyValueSpecification","valueRequired":true,"valueName":"search_term_string"}}],"inLanguage":"es"},{"@type":"Organization","@id":"https:\/\/www.aparences.net\/es\/#organization","name":"Aparences: Historia del Arte y Actualidad Cultural","url":"https:\/\/www.aparences.net\/es\/","logo":{"@type":"ImageObject","inLanguage":"es","@id":"https:\/\/www.aparences.net\/es\/#\/schema\/logo\/image\/","url":"https:\/\/www.aparences.net\/wp-content\/uploads\/2023\/09\/logo-quadrat-color-e1695915315229.png","contentUrl":"https:\/\/www.aparences.net\/wp-content\/uploads\/2023\/09\/logo-quadrat-color-e1695915315229.png","width":120,"height":120,"caption":"Aparences: Historia del Arte y Actualidad Cultural"},"image":{"@id":"https:\/\/www.aparences.net\/es\/#\/schema\/logo\/image\/"}},{"@type":"Person","@id":"https:\/\/www.aparences.net\/es\/#\/schema\/person\/af349f6ffc31b16c68963e61268afca5","name":"admin","url":"https:\/\/www.aparences.net\/es\/author\/admin\/"}]}},"_links":{"self":[{"href":"https:\/\/www.aparences.net\/es\/wp-json\/wp\/v2\/posts\/13268","targetHints":{"allow":["GET"]}}],"collection":[{"href":"https:\/\/www.aparences.net\/es\/wp-json\/wp\/v2\/posts"}],"about":[{"href":"https:\/\/www.aparences.net\/es\/wp-json\/wp\/v2\/types\/post"}],"author":[{"embeddable":true,"href":"https:\/\/www.aparences.net\/es\/wp-json\/wp\/v2\/users\/2"}],"replies":[{"embeddable":true,"href":"https:\/\/www.aparences.net\/es\/wp-json\/wp\/v2\/comments?post=13268"}],"version-history":[{"count":0,"href":"https:\/\/www.aparences.net\/es\/wp-json\/wp\/v2\/posts\/13268\/revisions"}],"wp:featuredmedia":[{"embeddable":true,"href":"https:\/\/www.aparences.net\/es\/wp-json\/wp\/v2\/media\/26392"}],"wp:attachment":[{"href":"https:\/\/www.aparences.net\/es\/wp-json\/wp\/v2\/media?parent=13268"}],"wp:term":[{"taxonomy":"category","embeddable":true,"href":"https:\/\/www.aparences.net\/es\/wp-json\/wp\/v2\/categories?post=13268"},{"taxonomy":"post_tag","embeddable":true,"href":"https:\/\/www.aparences.net\/es\/wp-json\/wp\/v2\/tags?post=13268"}],"curies":[{"name":"wp","href":"https:\/\/api.w.org\/{rel}","templated":true}]}}