{"id":13272,"date":"2010-12-26T10:39:18","date_gmt":"2010-12-26T09:39:18","guid":{"rendered":"https:\/\/www.aparences.net\/art-et-mecenat\/les-gonzaga-de-mantoue\/julio-romano-en-mantua\/"},"modified":"2025-12-11T19:40:56","modified_gmt":"2025-12-11T18:40:56","slug":"julio-romano-en-mantua","status":"publish","type":"post","link":"https:\/\/www.aparences.net\/es\/arte-y-mecenazgo\/los-gonzaga-de-mantua\/julio-romano-en-mantua\/","title":{"rendered":"Julio Romano en Mantua"},"content":{"rendered":"<p><!--contents--><\/p>\n\n\n<h2 class=\"wp-block-heading\">Giulio Romano o Julio Romano<\/h2>\n\n\n\n<p>Giulio Pippi (1499-1546), apodado Romano porque naci\u00f3 en Roma, <strong>fue uno de los m\u00e1s fieles<\/strong> <a title=\"disc\u00edpulos de Rafael\" href=\"https:\/\/www.aparences.net\/es\/arte-y-mecenazgo\/roma-mecenazgo-y-poder-papal\/leon-x-giovanni-de-medicis\/#rafael-y-sus-alumnos-en-el-vaticano\">disc\u00edpulos de Rafael<\/a>, colaborando en las Logias, en las Estancias y en la Logia de la Farnesina. En 1521, hered\u00f3 los bienes y dibujos de su maestro junto con Gianfrancesco Penni y continu\u00f3 los proyectos comenzados por <strong>Rafael<\/strong> <a title=\"Roma despu\u00e9s de Rafael\" href=\"https:\/\/www.aparences.net\/es\/arte-y-mecenazgo\/roma-mecenazgo-y-poder-papal\/clemente-vii-medicis\/#en-roma-despu%C3%A9s-de-la-muerte-de-rafael\">despu\u00e9s de la muerte de \u00e9ste<\/a>. Pero Giulio Romano ten\u00eda ya su propias actividades arquitect\u00f3nicas: la Villa Lante en el Jun\u00edcolo (1521-1524, y 1530 para la decoraci\u00f3n), el Palacio Maccarini (1522-1529), su propia casa hoy demolida. En 1524, por invitaci\u00f3n del hombre de letras <a title=\"Baldassarre Castiglione\" href=\"https:\/\/www.aparences.net\/es\/arte-y-mecenazgo\/el-mecenazgo-en-urbino\/la-corte-de-urbino-y-guidobaldo-da-montefeltro\/#il-corteggiano-%28el-cortesano%29-de-castiglione\">Baldassarre Castiglione<\/a>, se instalar\u00e1 en Mantua, donde se convertir\u00e1 en \u00abdirector\u00bb de la \u00faltima gran \u00e9poca art\u00edstica en las cortes italianas del Renacimiento.<\/p>\n\n\n\n<p><strong>En la corte de Federico Gonzaga, hijo de<\/strong> I<a title=\"Isabella d'Este\" href=\"https:\/\/www.aparences.net\/es\/arte-y-mecenazgo\/los-gonzaga-de-mantua\/el-studiolo-de-isabel-de-este\/\">sabella d\u2019Este<\/a>, admirador de aquellas \u00abcosas hermosas de la Roma antigua y moderna\u00bb, destaca como artista universal, arquitecto, pintor y decorador. Comienza entonces su \u00e9poca de mayor actividad como arquitecto y pintor que Vasari describe como \u00abvariada, rica y abundante\u00bb; durante m\u00e1s de veinte a\u00f1os, construye o modifica los m\u00e1s importantes edificios civiles y religiosos de Mantua y su regi\u00f3n. Su obra maestra m\u00e1s famosa, se mantiene todav\u00eda intacta: el <strong>Palazzo Te<\/strong> (1527-1534), encargado por Federico II Gonzaga como \u00ab&nbsp;villa de delicias&nbsp;\u00bb lugar de fiestas y acontecimientos familiares, <strong>uno de los modelos del<\/strong> <a title=\"manierismo\" href=\"https:\/\/www.aparences.net\/es\/periodos\/el-manierismo\/\">manierismo<\/a> internacional, que <strong>presenta innovaciones tanto en arquitectura como en decoraci\u00f3n<\/strong>. Al frente de un taller bien organizado, Julio Romano coordina la decoraci\u00f3n del apartamento, llamado de Troya en el Palacio Ducal (1536-1538), as\u00ed como de la Catedral y la iglesia abacial de San Benedetto Po.<\/p>\n\n\n<div class=\"wp-block-image\">\n<figure class=\"aligncenter\"><img loading=\"lazy\" decoding=\"async\" width=\"571\" height=\"430\" src=\"https:\/\/www.aparences.net\/wp-content\/uploads\/2010\/12\/titien-portrait-federico-gonzaga.jpg\" alt=\"Federico II Gonzaga, 1526, Tiziano \" class=\"wp-image-21516\" title=\"Federico II Gonzaga, 1526, Tiziano\" srcset=\"https:\/\/www.aparences.net\/wp-content\/uploads\/2010\/12\/titien-portrait-federico-gonzaga.jpg 571w, https:\/\/www.aparences.net\/wp-content\/uploads\/2010\/12\/titien-portrait-federico-gonzaga-160x120.jpg 160w\" sizes=\"auto, (max-width: 571px) 100vw, 571px\" \/><figcaption class=\"wp-element-caption\"><em><strong>Federico II Gonzaga<\/strong>, 1526, <strong>Tiziano<\/strong> (Madrid, Museo del Prado)<\/em><\/figcaption><\/figure>\n<\/div>\n\n\n<p><em>Desde 1521, el marqu\u00e9s Federico Gonzaga hab\u00eda intentado, a trav\u00e9s de su portavoz en Roma, Baldassare Castiglione, de persuadir a Julio Romano de abandonar la ciudad eterna y venir, con todos los honores, a formar parte de su corte. Como su padre Francesco, adem\u00e1s de mecenas fue tambi\u00e9n un importante jefe militar, y como su madre Isabel de Este, un apasionado protector de las artes. Federico fue nombrado capit\u00e1n de la Iglesia, se puso al mando de las tropas imperiales en el asedio de Pav\u00eda; pero dividi\u00f3 sus lealtades cuando Clemente VII organiz\u00f3 la Liga de Cognac (1526); sin renunciar al t\u00edtulo de capit\u00e1n de la Iglesia, permiti\u00f3 que el comandante imperial, Frudsberg, cruzara el Po. Su conducta fue recompensada con el t\u00edtulo de duque&nbsp;(1530) y de capit\u00e1n de las tropas imperiales en Italia. Federico cuidaba de forma man\u00edaca su propia imagen, hasta el punto de identificarse con la representaci\u00f3n tradicional de J\u00fapiter, rey de los dioses y soberano del Olimpo. El refinamiento del Marqu\u00e9s se expresa en el suntuoso jub\u00f3n de terciopelo bordado con hilos de oro, que recuerda al que le hab\u00eda regalado a <a title=\"Tiziano\" href=\"https:\/\/www.aparences.net\/es\/escuelas\/la-pintura-veneciana\/tiziano-vecellio-biografia\/\">Tiziano<\/a> para convencerle de venir a trabajar a Mantua.<\/em><\/p>\n\n\n<div class=\"wp-block-image\">\n<figure class=\"aligncenter\"><img loading=\"lazy\" decoding=\"async\" width=\"630\" height=\"420\" src=\"https:\/\/www.aparences.net\/wp-content\/uploads\/2010\/12\/jules-romain-salle-de-troie-plafond.jpg\" alt=\"Escena de batalla, 1536-1540, Julio Romano\" class=\"wp-image-21514\" title=\"Escena de batalla, 1536-1540, Julio Romano\" srcset=\"https:\/\/www.aparences.net\/wp-content\/uploads\/2010\/12\/jules-romain-salle-de-troie-plafond.jpg 630w, https:\/\/www.aparences.net\/wp-content\/uploads\/2010\/12\/jules-romain-salle-de-troie-plafond-160x107.jpg 160w\" sizes=\"auto, (max-width: 630px) 100vw, 630px\" \/><figcaption class=\"wp-element-caption\"><em><strong>Escena de batalla<\/strong>, b\u00f3veda de la Sala de Troya, 1536-1540, <strong>Julio Romano<\/strong>, (Mantua, Palazzo Ducale) <\/em><\/figcaption><\/figure>\n<\/div>\n\n\n<p><em>Esta escena forma parte de la decoraci\u00f3n de los apartamentos de Federico Gonzaga, donde se representan los episodios importantes de la <a href=\"https:\/\/www.aparences.net\/es\/tematicos\/mitologia-y-pintura\/la-guerra-de-troya-la-iliada\/\">guerra entre griegos y troyanos<\/a>. La batalla se libra en el techo de la sala llamada de Troya, entre caballos despavoridos y guerreros que yacen en el suelo, dominados por figuras de h\u00e9roes tensos hasta el l\u00edmite y ayudados a veces por el favoritismo de los dioses.<\/em><\/p>\n\n\n\n<p>La actividad art\u00edstica en la ciudad de los Gonzaga, <strong>entre la muerte de<\/strong> <a title=\"Mantegna\" href=\"https:\/\/www.aparences.net\/es\/arte-y-mecenazgo\/los-gonzaga-de-mantua\/andrea-mantegna-pintor-de-corte\/\">Mantegna<\/a> (1506) <strong>y la llegada de Julio Romano<\/strong>, que se caracterizaba por una producci\u00f3n local de artesan\u00eda de alto nivel y la presencia de artistas venidos de otros centros vecinos, experiment\u00f3 un cambio radical cuando un alumno de Rafael se impuso en aquella Corte. La llegada a Mantua de Giulio Romano tambi\u00e9n trajo consigo el prestigio de haber sido disc\u00edpulo de uno de los artistas m\u00e1s famosos de principios del siglo XVI, junto con la experiencia de un m\u00e9todo de trabajo basado en una estricta divisi\u00f3n de competencias. De hecho, en muy poco tiempo, <strong>el artista recre\u00f3 la organizaci\u00f3n del<\/strong> <a title=\"taller de Rafael\" href=\"https:\/\/www.aparences.net\/es\/arte-y-mecenazgo\/roma-mecenazgo-y-poder-papal\/leon-x-giovanni-de-medicis\/#rafael-y-sus-alumnos-en-el-vaticano\">taller de Rafael<\/a>, <strong>poni\u00e9ndose al frente de un gran equipo<\/strong> de alumnos y asistentes que iban a dar forma a sus invenciones en los diversos campos de la producci\u00f3n art\u00edstica: pintura, escultura, arquitectura, realizaci\u00f3n de tapices y objetos de orfebrer\u00eda, dise\u00f1o de decoraciones ef\u00edmeras para fiestas e incluso vestuario de teatro. Esta versatilidad y su capacidad de responder de manera oportuna y eficaz a las necesidades de Federico Gonzaga, fueron las caracter\u00edsticas que aseguraron el \u00e9xito del artista en la corte de Mantua.<\/p>\n\n\n\n<!-- AdBoxRight2020 --><ins class=\"adsbygoogle\"     style=\"display:block; margin-top:30px;\"     data-ad-client=\"ca-pub-2468002815867636\"     data-ad-slot=\"3496014735\"     data-ad-format=\"auto\"     data-full-width-responsive=\"false\"><\/ins><script> (adsbygoogle = window.adsbygoogle || []).push({});<\/script><h2 class=\"wp-block-heading\">El Palazzo Te<\/h2>\n\n\n\n<p>El Palazzo Te, obra maestra de Giulio Romano, est\u00e1 situado en las afueras de la ciudad, en una antigua isla que abrigaba las caballerizas m\u00e1s famosos de Europa. Se trataba&nbsp; de una villa suburbana, llamada villa de delicias (<em>Delizie<\/em>) a la antigua moda destinada al descanso y el entretenimiento. El edificio consta de una sola planta y se inscribe alrededor de un patio con un gran jard\u00edn en forma de exedra al que se accede por un foso que antiguamente conten\u00eda peces. La construcci\u00f3n se caracteriza por el equilibrio entre los elementos clasicistas y otros claramente manieristas. Cada fachada contiene una logia, cuya disposici\u00f3n no es repetitiva sino que se distingue por un equilibrio de contrastes: oposiciones entre claves de b\u00f3veda y ventanas de tipo r\u00fastico, con puertas entre pilastras de superficie enteramente lisa &#8211; pilastras colosales, englobando por su forma gruesa la planta principal y el altillo. Se trata del <a href=\"https:\/\/es.wikipedia.org\/wiki\/Orden_toscano\">orden toscano<\/a>, con bases en estucos r\u00fasticos y vermiculados. En la puerta principal &#8211; un t\u00fanel con columnata y b\u00f3veda de ca\u00f1\u00f3n de casetones que conduce al patio &#8211; descubrimos otro extra\u00f1o procedimiento: las columnas a cada lado, talladas groseramente, est\u00e1n encerradas en una manga de piedra bruta (se trata en realidad de estuco) para dar un aspecto de inacabado. Se trata de una parodia del gran vest\u00edbulo del Palacio Farnese de Roma, una broma un poco pretenciosa que quiera imitar su esplendor. En la fachada que da al jard\u00edn se abre una admirable loggia como en la Villa Madama de Roma, en cuya decoraci\u00f3n contribuy\u00f3 Giulio Romano.<\/p>\n\n\n<div class=\"wp-block-image\">\n<figure class=\"aligncenter\"><a href=\"https:\/\/aparences.net\/wp-content\/uploads\/2010\/12\/mantoue_palazzo_te_.png\"><img loading=\"lazy\" decoding=\"async\" width=\"552\" height=\"208\" src=\"https:\/\/www.aparences.net\/wp-content\/uploads\/2010\/12\/mantoue_palazzo_te_.png\" alt=\"Palazzo Te, Giulio Romano, Mantua\" class=\"wp-image-15546\" title=\"Palazzo Te, Giulio Romano, Mantua\" srcset=\"https:\/\/www.aparences.net\/wp-content\/uploads\/2010\/12\/mantoue_palazzo_te_.png 552w, https:\/\/www.aparences.net\/wp-content\/uploads\/2010\/12\/mantoue_palazzo_te_-300x113.png 300w\" sizes=\"auto, (max-width: 552px) 100vw, 552px\" \/><\/a><figcaption class=\"wp-element-caption\"><em><strong>Palazzo Te <\/strong>(1526-1534), <strong>Giulio Romano<\/strong>, Mantua<\/em><\/figcaption><\/figure>\n<\/div>\n\n\n<p><em>En ocho a\u00f1os , Julio Romano transform\u00f3 este magn\u00edfico palacio que Sebastiano Serlio cita como \u00abel verdadero modelo de la arquitectura y la pintura de nuestro tiempo\u00bb: un cuadril\u00e1tero alrededor de un gran patio, al que da acceso un vest\u00edbulo tetr\u00e1stilo que evoca, como en la Villa Madama, un atrio antiguo como se imaginaba entonces. La logia que da al jard\u00edn se abre con tres grandes arcos sostenidos por bloques de cuatro columnas que dan a un espacio cubierto con una b\u00f3veda de ca\u00f1\u00f3n, enteramente decorada en estuco y con frescos como en la Domus Aurea de Ner\u00f3n, que inspiraron la Villa Madama.<\/em><\/p>\n\n\n\n<p>En el interior del Palacio Te, la decoraci\u00f3n de los apartamentos parece inspirada por el deseo de ofrecer variedad. Cada sala tiene unas dimensiones, una estructura y un decoraci\u00f3n diferente que crea efectos sorprendentes. La suntuosa decoraci\u00f3n al fresco y en estuco ha sido elaborada bas\u00e1ndose en dos temas iconogr\u00e1ficos: las pasiones amorosas, a las que se refiere <strong>el ciclo Escenas de la vida de Psique<\/strong> y otro que hace referencia a las virtudes de Federico II Gonzaga. El marqu\u00e9s quer\u00eda que en la visi\u00f3n ilusionista y angustiosa del castigo de los Titanes en la <strong>Sala de los Gigantes<\/strong> quedara reflejada su lealtad a la autoridad imperial de Carlos V. Es el ep\u00edtome de la <a title=\"decoraci\u00f3n manierista\" href=\"https:\/\/www.aparences.net\/es\/periodos\/el-manierismo\/el-manierismo-en-roma\/\">decoraci\u00f3n manierista<\/a>, <strong>mezcla de real y ficticio<\/strong>, en un conjunto de im\u00e1genes complejas, divertidas e ingeniosas, con la seriedad del contenido moral del mito, contraste entre la consciencia de una realidad s\u00f3lida y la fantas\u00eda en la terrible carnicer\u00eda que se desarrolla en los muros. En la Sala del Sol, Giulio lleva a la pr\u00e1ctica un efecto de <em>sotto in su<\/em> a\u00fan m\u00e1s sorprendente que en la <a title=\"C\u00e1mara de los Esposos de Mantegna\" href=\"https:\/\/www.aparences.net\/es\/arte-y-mecenazgo\/los-gonzaga-de-mantua\/andrea-mantegna-pintor-de-corte\/#los-frescos-de-la-c%C3%A1mara-de-los-esposos-o-camera-picta\">C\u00e1mara de los Esposos de Mantegna<\/a>. La logia de las Musas con delicadas decoraciones en estuco, comunica con la <strong>Sala de los Caballos<\/strong>, decorada con arquitecturas en trampantojo, donde figuran los retratos de los mejores caballos del duque. Los detalles descriptivos, muy cuidados, <strong>quieren dar una imagen viva y cre\u00edble de de la suntuosa corte de<\/strong> <a title=\"los Gonzaga\" href=\"https:\/\/www.aparences.net\/es\/arte-y-mecenazgo\/los-gonzaga-de-mantua\/\">los Gonzaga<\/a>. Cualquiera que sea la diversidad de los temas de las diferentes salas, el hilo conductor de todos los frescos de este palacio es la glorificaci\u00f3n de la dinast\u00eda reinante.<\/p>\n\n\n\n<h2 class=\"wp-block-heading\">La Sala de Psique del Palazzo Te de Mantua<\/h2>\n\n\n\n<p>La Sala de Psique, fue pintada en su totalidad por Giulio Romano y algunos de sus mejores asistentes entre 1526 y 1528. Fue en esta gran sala destinada a fiestas y recepciones, donde se llev\u00f3 a cabo, en 1530, el famoso banquete ofrecido a Carlos V en la primera visita que hizo a Mantua y en el transcurso de la cual impuso a Federico Gonzaga el t\u00edtulo de duque. <strong>La iconograf\u00eda de los frescos se inspira en<\/strong> <a href=\"https:\/\/es.wikipedia.org\/wiki\/Las_metamorfosis_(Apuleyo)\"><em>El asno de oro<\/em> de Apuleyo<\/a>, una novela de la Antig\u00fcedad que narra las peripecias amorosas de Psique y las dificultades que debe superar para finalmente poder casarse con Amor. La decoraci\u00f3n se distribuye entre los casetones de la b\u00f3veda &#8211; donde las escenas, iluminadas por una luz tenue, est\u00e1n representadas con audaces escorzos &#8211; y las lunetas en la parte superior del techo. Es aqu\u00ed donde fue pintado el famoso <em><strong>Banquete nupcial de Amor y Psique<\/strong><\/em>, <em><strong>El ba\u00f1o de Marte y Venus<\/strong><\/em> y <em>Marte expulsando Adonis del pabell\u00f3n de Venus<\/em>, as\u00ed como la gigantesca y solitaria figura de Polifemo, casi soterrado entre las rocas, que domina todo el conjunto y anuncia los Gigantes de la sala del mismo nombre.<\/p>\n\n\n<div class=\"wp-block-image\">\n<figure class=\"aligncenter\"><img loading=\"lazy\" decoding=\"async\" width=\"600\" height=\"373\" src=\"https:\/\/www.aparences.net\/wp-content\/uploads\/2010\/12\/jules-romain-banquet-de-noces.jpg\" alt=\"Banquete nupcial de Amor y Psique, 1526-1528, Julio Romano\" class=\"wp-image-21519\" title=\"Banquete nupcial de Amor y Psique, 1526-1528, Julio Romano\" srcset=\"https:\/\/www.aparences.net\/wp-content\/uploads\/2010\/12\/jules-romain-banquet-de-noces.jpg 600w, https:\/\/www.aparences.net\/wp-content\/uploads\/2010\/12\/jules-romain-banquet-de-noces-160x99.jpg 160w\" sizes=\"auto, (max-width: 600px) 100vw, 600px\" \/><\/figure>\n<\/div>\n\n<div class=\"wp-block-image\">\n<figure class=\"aligncenter\"><img loading=\"lazy\" decoding=\"async\" width=\"491\" height=\"430\" src=\"https:\/\/www.aparences.net\/wp-content\/uploads\/2010\/12\/jules-romain-banquet-de-noces-detail.jpg\" alt=\"Banquete nupcial de Amor y Psique, Julio Romano\" class=\"wp-image-21521\" title=\"Banquete nupcial de Amor y Psique, Julio Romano\" srcset=\"https:\/\/www.aparences.net\/wp-content\/uploads\/2010\/12\/jules-romain-banquet-de-noces-detail.jpg 491w, https:\/\/www.aparences.net\/wp-content\/uploads\/2010\/12\/jules-romain-banquet-de-noces-detail-160x140.jpg 160w\" sizes=\"auto, (max-width: 491px) 100vw, 491px\" \/><figcaption class=\"wp-element-caption\"><em><strong>Banquete nupcial de Amor y Psique<\/strong>, 1526-1528, <strong>Julio Romano<\/strong> <\/em><br><em>(Mantua, Palazzo Te)<\/em><\/figcaption><\/figure>\n<\/div>\n\n\n<p><em>Al contemplar las im\u00e1genes pintadas en la Sala de Psique, se puede apreciar la variedad de figuras y de detalles que Giulio Romano utiliza en su evocaci\u00f3n de una \u00e9poca m\u00edtica, lejana y ex\u00f3tica. Entre los elefantes, camellos, dragones y otros seres monstruosos o grotescos, se celebra el triunfo de un amor sensual y alegre, donde los personajes son capaces de dar rienda suelta a sus pasiones. Los temas amorosos son tratados con extraordinaria libertad y audacia, seg\u00fan el gusto del pintor que tambi\u00e9n deb\u00eda ser compartido por el duque. En su \u00abVida de Giulio Romano\u00bb, Vasari dedica una extensa descripci\u00f3n a las escenas que representan el banquete de boda de Psique, y cuenta el asombro del visitante contempor\u00e1neo ante tal riqueza decorativa. Uno de los m\u00e1s famosos detalles de este fresco es el buffet pintado, adornado con vajilla de oro y plata.<\/em><\/p>\n\n\n<div class=\"wp-block-image\">\n<figure class=\"aligncenter\"><img loading=\"lazy\" decoding=\"async\" width=\"620\" height=\"430\" src=\"https:\/\/www.aparences.net\/wp-content\/uploads\/2010\/12\/jules-romain-bain-de-venus-et-mars.jpg\" alt=\"El ba\u00f1o de Marte y Venus, Julio Romano\" class=\"wp-image-21523\" title=\"El ba\u00f1o de Marte y Venus, Julio Romano\" srcset=\"https:\/\/www.aparences.net\/wp-content\/uploads\/2010\/12\/jules-romain-bain-de-venus-et-mars.jpg 620w, https:\/\/www.aparences.net\/wp-content\/uploads\/2010\/12\/jules-romain-bain-de-venus-et-mars-160x111.jpg 160w\" sizes=\"auto, (max-width: 620px) 100vw, 620px\" \/><figcaption class=\"wp-element-caption\"><em><strong>El ba\u00f1o de Marte y Venus<\/strong>, 1526-1528, <strong>Julio Romano<\/strong> (Mantua, Palazzo Te)<\/em><\/figcaption><\/figure>\n<\/div>\n\n\n<!-- AdBoxLeft2023 --><ins class=\"adsbygoogle\" style=\"display:block\" data-ad-client=\"ca-pub-2468002815867636\" data-ad-slot=\"1318022963\" data-ad-format=\"auto\" data-full-width-responsive=\"true\"><\/ins><script> (adsbygoogle = window.adsbygoogle || []).push({});<\/script><h2 class=\"wp-block-heading\">La Sala de los Gigantes<\/h2>\n\n\n\n<p>La sala m\u00e1s notable del Palacio Te es la llamada Sala de los Gigantes: un gran espacio abovedado que seg\u00fan dice Vasari \u00abparec\u00eda un horno\u00bb, con las esquinas redondeadas, pintada sin interrupci\u00f3n desde la parte superior de la b\u00f3veda hasta el pavimento que en su origen estaba compuesto por piedras de r\u00edo dispuestas en espiga. El asunto trata del castigo infligido por Jupiter a los gigantes que osaron oponerse a su poder y trataron de llevar su desaf\u00edo hasta el cielo. Desde lo alto del Olimpo, Jupiter, rodeado de todos los Dioses, la mayor\u00eda de los cuales se encuentran paralizados por el miedo, responde al insulto lanzando sus rayos sobre la tierra y golpea a los gigantes en su torpe tentativa de subir al Olimpo. Con sus enormes y musculosos cuerpos, sus rostros grotescos y desesperados, los gigantes se esfuerzan por resistir o escapar del derrumbe de rocas y elementos arquitect\u00f3nicos dise\u00f1ados por Giulio Romano.<\/p>\n\n\n<div class=\"wp-block-image\">\n<figure class=\"aligncenter\"><img loading=\"lazy\" decoding=\"async\" width=\"610\" height=\"480\" src=\"https:\/\/www.aparences.net\/wp-content\/uploads\/2010\/12\/jules-romain-chute-des-geants.jpg\" alt=\"Ca\u00edda de los Gigantes, 1530-1534, Giulio Romano\" class=\"wp-image-21527\" title=\"Ca\u00edda de los Gigantes, 1530-1534, Giulio Romano\" srcset=\"https:\/\/www.aparences.net\/wp-content\/uploads\/2010\/12\/jules-romain-chute-des-geants.jpg 610w, https:\/\/www.aparences.net\/wp-content\/uploads\/2010\/12\/jules-romain-chute-des-geants-160x126.jpg 160w\" sizes=\"auto, (max-width: 610px) 100vw, 610px\" \/><figcaption class=\"wp-element-caption\"><em><strong>Ca\u00edda de los Gigantes<\/strong>, 1530-1534, <strong>Giulio Romano<\/strong> (Mantua, Palazzo Te) <\/em><\/figcaption><\/figure>\n<\/div>\n\n\n<p><em>La sala de los Gigantes aparece poco iluminada de forma deliberada para que los frescos tengan un efecto m\u00e1s impresionante. En el centro de la b\u00f3veda figura el templo de Jupiter sostenido por nubes, mientras que J\u00fapiter, rodeado por los dioses del Olimpo, lanza su ira sobre los presuntuosos Titanes que quer\u00edan asaltar el Monte sagrado y son aplastados bajo el peso de los templos y las rocas que caen sobre ellos en un terremoto catacl\u00edsmico.<\/em><\/p>\n\n\n<div class=\"wp-block-image\">\n<figure class=\"aligncenter\"><img loading=\"lazy\" decoding=\"async\" width=\"610\" height=\"407\" src=\"https:\/\/www.aparences.net\/wp-content\/uploads\/2010\/12\/jules-romain-salle-des-geants.jpg\" alt=\"Ca\u00edda de los Gigantes, Julio Romano \" class=\"wp-image-21529\" title=\"Ca\u00edda de los Gigantes, Julio Romano \" srcset=\"https:\/\/www.aparences.net\/wp-content\/uploads\/2010\/12\/jules-romain-salle-des-geants.jpg 610w, https:\/\/www.aparences.net\/wp-content\/uploads\/2010\/12\/jules-romain-salle-des-geants-160x107.jpg 160w\" sizes=\"auto, (max-width: 610px) 100vw, 610px\" \/><figcaption class=\"wp-element-caption\"><em><strong>Ca\u00edda de los Gigantes<\/strong>, <strong>Julio Romano<\/strong> (Mantua, Palazzo Te)<\/em><\/figcaption><\/figure>\n<\/div>\n\n\n<p>La Sala de los Gigantes fue y sigue siendo un lugar sorprendente para los visitantes del palacio ante el gran cataclismo que se despliega ante sus ojos. En 1532, cuando el emperador Carlos V viaj\u00f3 por segunda vez a Mantua, Federico Gonzaga hizo terminar con rapidez la decoraci\u00f3n de los dos primeros muros, ansioso por mostrar a su ilustre hu\u00e9sped la novedad de este proyecto decorativo, y al mismo tiempo honrar su persona con un asunto cuyas implicaciones pol\u00edticas evidentes, evocaban el \u00e9xito pol\u00edtico y militar imperial contra las potencias enemigas. En ese lugar, realizado por su m\u00e1s estrecho colaborador, Rinaldo Mantovano en la primera mitad de la d\u00e9cada de 1530, Julio Romano lleg\u00f3 al apogeo de su vocaci\u00f3n teatral y escenogr\u00e1fica lo que refleja <strong>el gusto por el artificio<\/strong> que tomar\u00eda una importancia considerable en Italia y <strong>de forma general se asocia al<\/strong> <a title=\"estilo llamado manierista\" href=\"https:\/\/www.aparences.net\/es\/periodos\/el-manierismo\/\">estilo llamado manierista<\/a>.<\/p>\n\n\n<div class=\"wp-block-image\">\n<figure class=\"aligncenter size-full\"><img loading=\"lazy\" decoding=\"async\" width=\"610\" height=\"406\" src=\"https:\/\/www.aparences.net\/wp-content\/uploads\/2010\/12\/jules-romain-le-vent-salle-des-geants.jpg\" alt=\"El Viento, 1530-1534, Giulio Romano\" class=\"wp-image-21531\" title=\"El Viento, 1530-1534, Giulio Romano\" srcset=\"https:\/\/www.aparences.net\/wp-content\/uploads\/2010\/12\/jules-romain-le-vent-salle-des-geants.jpg 610w, https:\/\/www.aparences.net\/wp-content\/uploads\/2010\/12\/jules-romain-le-vent-salle-des-geants-160x106.jpg 160w\" sizes=\"auto, (max-width: 610px) 100vw, 610px\" \/><figcaption class=\"wp-element-caption\"><em><strong>El Viento<\/strong>, Sala de los Gigantes, 1530-1534, <strong>Giulio Romano<\/strong> (Mantua, Palazzo Te)<\/em><\/figcaption><\/figure>\n<\/div>\n\n\n<h2 class=\"wp-block-heading\">Correggio y sus mecenas de Mantua<\/h2>\n\n\n\n<p>Antonio Allegri (1489-1534), llamado Correggio, toma el nombre de su ciudad natal cerca de Reggio Emilia. Sobre su vida retirada que transcurri\u00f3 casi en su totalidad en Correggio, exceptuando una prolongada estancia en Parma, no se conoce casi nada. Desde su posici\u00f3n de \u00abpintor de provincias\u00bb, Correggio desarrolla, con gran fervor intelectual, un lenguaje pict\u00f3rico que se sit\u00faa entre los m\u00e1s ricos y originales de la renovaci\u00f3n art\u00edstica de principios del siglo XVI, capaz de proporcionar estimulantes lecciones a los pintores de su \u00e9poca, y aun m\u00e1s all\u00e1. Su formaci\u00f3n, tras una fase de simple aprendizaje, consisti\u00f3 en una primera experiencia decisiva en Mantua, con la perspectiva ilusionista de Mantegna, el&nbsp; elegante clasicismo de Lorenzo Costa, y m\u00e1s tarde marcado <strong>por el <em>sfumato<\/em> de<\/strong> <a href=\"https:\/\/www.aparences.net\/es\/periodos\/el-alto-renacimiento-en-pintura\/#leonardo-da-vinci:-florencia,-mil%C3%A1n,-amboise\">Leonardo da Vinci<\/a>. Como consecuencia de un viaje a Roma, <strong>se inspirar\u00e1 de<\/strong> <a title=\"Rafael\" href=\"https:\/\/www.aparences.net\/es\/arte-y-mecenazgo\/los-fresquistas-florentinos\/la-obra-mural-de-rafael\/\">Rafael<\/a> y <a title=\"Miguel Angel\" href=\"https:\/\/www.aparences.net\/es\/arte-y-mecenazgo\/los-fresquistas-florentinos\/miguel-angel-frescos-de-la-sixtina\/\">Miguel \u00c1ngel<\/a>, elaborando graciosas posturas m\u00e1s o menos serpentinas o sensuales, aunque se le vincula s\u00f3lo en parte con el manierismo (<strong>la pintura de<\/strong> <a title=\"Parmigianino\" href=\"https:\/\/www.aparences.net\/es\/periodos\/el-manierismo\/parmigianino-biografia\/\">Parmigianino<\/a> se al\u00eda con la de Correggio, pero s\u00f3lo la del primero est\u00e1 totalmente conectada al Manierismo). El trabajo m\u00e1s importante de los \u00faltimos a\u00f1os de la actividad de Correggio es la serie de Los amores de J\u00fapiter, comisionados por Francesco Gonzaga y que se puede ser fechada alrededor de 1530, de la cual formaba parte la <em>Danae<\/em> de la Galer\u00eda Borghese de Roma as\u00ed como <em><strong>J\u00fapiter e \u00cdo<\/strong><\/em> y&nbsp; <em><strong>El rapto de Ganimedes<\/strong><\/em>, las dos pinturas hoy en el Kunsthistorisches Museum de Viena, y <em>Leda<\/em> de la Gem\u00e4ldegalerie de Berl\u00edn. Todav\u00eda no est\u00e1 claro donde ni para quien se destinaban estos maravillosos cuadros, lo que si es cierto es que fueron ejecutados a petici\u00f3n del se\u00f1or de Mantua, quiz\u00e1s siguiendo las indicaciones de su fiel consejero el conde Nicola Maffei, quien ya pose\u00eda por lo menos dos <a href=\"https:\/\/www.aparences.net\/es\/tematicos\/mitologia-y-pintura\/\">pinturas mitol\u00f3gicas<\/a> de Correggio: <em><strong>La educaci\u00f3n del Amor<\/strong><\/em> de la National Gallery de Londres y el cuadro <em>Venus y Amor descubiertos por un s\u00e1tiro<\/em>, en el Louvre. Algunos expertos sostienen que las cuatro pinturas mitol\u00f3gicas de Correggio estaban destinadas a decorar una habitaci\u00f3n del Palazzo Te. Sin embargo otros &#8211; fi\u00e1ndose de Vasari &#8211; el cual s\u00f3lo menciona dos pinturas &#8211; se inclinan a pensar que quer\u00edan utilizarse como regalos a Carlos V.<\/p>\n\n\n<div class=\"wp-block-image\">\n<figure class=\"aligncenter\"><img loading=\"lazy\" decoding=\"async\" width=\"470\" height=\"460\" src=\"https:\/\/www.aparences.net\/wp-content\/uploads\/2010\/12\/le-correge-jupiter-et-io.jpg\" alt=\"J\u00fapiter e \u00cdo, 1530, Correggio\" class=\"wp-image-21533\" title=\"J\u00fapiter e \u00cdo, 1530, Correggio\" srcset=\"https:\/\/www.aparences.net\/wp-content\/uploads\/2010\/12\/le-correge-jupiter-et-io.jpg 470w, https:\/\/www.aparences.net\/wp-content\/uploads\/2010\/12\/le-correge-jupiter-et-io-160x157.jpg 160w\" sizes=\"auto, (max-width: 470px) 100vw, 470px\" \/><figcaption class=\"wp-element-caption\"><em><strong>J\u00fapiter e \u00cdo<\/strong>, detalle, 1530,<strong> Correggio<\/strong> (Viena, Kunsthistorisches Museum)<\/em><\/figcaption><\/figure>\n<\/div>\n\n\n<p>Con su delicado pincel, Correggio representa el calor de la pasi\u00f3n como un intenso momento de alegr\u00eda, de sonrisas, de \u00e9xtasis. Las hero\u00ednas seducidas por J\u00fapiter se abandonan lentamente, y el joven Gan\u00edmedes, tal vez un poco sorprendido, cuya actitud recuerda la de un \u00e1ngel de la c\u00fapula de la catedral de Parma, es impulsado hacia el cielo sin ruido y sin protestar demasiado. Con estos cuadros, Federico Gonzaga mostraba un gusto muy diferente al de su madre <strong>Isabella d\u2019Este, quien encargaba para su<\/strong> <a title=\"studiolo\" href=\"https:\/\/www.aparences.net\/es\/arte-y-mecenazgo\/los-gonzaga-de-mantua\/el-studiolo-de-isabel-de-este\/\">Studiolo<\/a> <strong>pinturas de contenido moralizante<\/strong>, quiz\u00e1s equiparables al ciclo de pinturas que representan escenas mitol\u00f3gicas de bacanales realizadas por <a title=\"Giovanni Bellini\" href=\"https:\/\/www.aparences.net\/es\/escuelas\/la-pintura-veneciana\/giovanni-bellini\/\">Giovanni Bellini<\/a>, <a title=\"Tiziano\" href=\"https:\/\/www.aparences.net\/es\/escuelas\/la-pintura-veneciana\/tiziano-vecellio-biografia\/\">Tiziano<\/a> y <a title=\"Dosso Dossi\" href=\"https:\/\/www.aparences.net\/es\/escuelas\/la-escuela-de-ferrara\/dosso-dossi\/\">Dosso Dossi<\/a> para el Studiolo del duque de Ferrara, Alfonso I d&#8217;Este, hermano de Isabella y t\u00edo de Federico Gonzaga.<\/p>\n\n\n<div class=\"wp-block-image\">\n<figure class=\"aligncenter\"><img loading=\"lazy\" decoding=\"async\" width=\"619\" height=\"454\" src=\"https:\/\/www.aparences.net\/wp-content\/uploads\/2010\/12\/antonio-allegri-le-correge-enlevement-ganymede.jpg\" alt=\"El rapto de Ganimedes, Correggio \" class=\"wp-image-21535\" title=\"El rapto de Ganimedes, Correggio\" srcset=\"https:\/\/www.aparences.net\/wp-content\/uploads\/2010\/12\/antonio-allegri-le-correge-enlevement-ganymede.jpg 619w, https:\/\/www.aparences.net\/wp-content\/uploads\/2010\/12\/antonio-allegri-le-correge-enlevement-ganymede-160x117.jpg 160w\" sizes=\"auto, (max-width: 619px) 100vw, 619px\" \/><figcaption class=\"wp-element-caption\"><em><strong>El rapto de Ganimedes<\/strong>, detalle, c. 1530, <strong>Correggio<\/strong> (Viena, Kunsthistorisches Museum)<\/em><\/figcaption><\/figure>\n<\/div>\n\n\n<p>Correggio es capaz de resolver su amplia y compleja investigaci\u00f3n cultural en un tipo de pintura, cuya frescura y ternura se renueva continuamente. Conquista al espectador con la gracia natural de las actitudes y la delicada riqueza de la gama crom\u00e1tica. Correggio aprendi\u00f3 r\u00e1pidamente la naturaleza inquietante de la media sonrisa de <a title=\"Leonardo da Vinci\" href=\"https:\/\/www.aparences.net\/es\/arte-y-mecenazgo\/el-ducado-de-milan\/ludovico-el-moro\/\">Leonardo da Vinci<\/a> que ilumina los rostros de sus figuras, santos, Venus, Madonnas y ninfas. Sus dotes como colorista eran tan evidentes que Giulio Romano, frente a <em>Danae<\/em> y <em>Leda<\/em>, adquiridas recientemente por su mecenas de Mantua, dijo que nunca hab\u00eda visto tal perfecci\u00f3n de colorido que fuera comparable al de Correggio. Ver : <a href=\"https:\/\/www.aparences.net\/es\/periodos\/correggio-biografia-y-obra\/\">Correggio, biograf\u00eda y obra<\/a>.<\/p>\n\n\n<div class=\"wp-block-image\">\n<figure class=\"aligncenter\"><img loading=\"lazy\" decoding=\"async\" width=\"293\" height=\"460\" src=\"https:\/\/www.aparences.net\/wp-content\/uploads\/2010\/12\/correggio-education-de-l-amour-londres.jpg\" alt=\"La educaci\u00f3n de Amor, Correggio\" class=\"wp-image-21537\" title=\"La educaci\u00f3n de Amor, Correggio\" srcset=\"https:\/\/www.aparences.net\/wp-content\/uploads\/2010\/12\/correggio-education-de-l-amour-londres.jpg 293w, https:\/\/www.aparences.net\/wp-content\/uploads\/2010\/12\/correggio-education-de-l-amour-londres-160x251.jpg 160w\" sizes=\"auto, (max-width: 293px) 100vw, 293px\" \/><figcaption class=\"wp-element-caption\"><em><strong>La educaci\u00f3n de Amor<\/strong>, c. 1525, <strong>Correggio<\/strong> (Londres, National Gallery)<\/em><\/figcaption><\/figure>\n<\/div>\n\n\n<p><em>La escena tiene lugar en un bosque, con Mercurio como maestro de Cupido, acompa\u00f1ado por su madre Venus. Mercurio est\u00e1 representado con su casco alado y mira tiernamente a Amor, mientras que Venus, inusualmente pintada con alas, aparece en una actitud basada en la estatuaria cl\u00e1sica, conocida como Venus P\u00fadica. Esta alegor\u00eda que representa el amor celestial, iba probablemente emparejada con el cuadro que lleva por t\u00edtulo Venus y Amor descubiertos por un s\u00e1tiro, anta\u00f1o conocido como J\u00fapiter y Ant\u00edope, que representa el amor terrenal.<\/em><\/p>\n\n\n\n<!-- AfterArticle2023 --><ins class=\"adsbygoogle\"     style=\"display:block;margin-bottom:5px;\"     data-ad-client=\"ca-pub-2468002815867636\"     data-ad-slot=\"3955176166\"     data-ad-format=\"auto\"     data-full-width-responsive=\"true\"><\/ins><script> (adsbygoogle = window.adsbygoogle || []).push({});<\/script><h2 class=\"wp-block-heading\">Obras de Tiziano para la corte de Mantua<\/h2>\n\n\n\n<p>En 1523, Tiziano establece relaciones con Federico Gonzaga, quien le encargar\u00e1 varias obras, entre ellas la serie de once Emperadores romanos para una sala llamada Gabinete de los C\u00e9sares. Toda la pieza es un homenaje a la autoridad imperial de Carlos V, de quien depend\u00eda la fortuna pol\u00edtica del duque de Mantua. A trav\u00e9s de los buenos oficios del duque Federico, Tiziano conoci\u00f3 en Parma a su futuro protector, Carlos V. En 1627, despu\u00e9s de la compra por el rey Carlos I de Inglaterra de las m\u00e1s bellas obras de arte de los Gonzaga, los retratos de los C\u00e9sares de Tiziano se sumaron a las colecciones reales inglesas. M\u00e1s tarde, estos retratos llegaron a Espa\u00f1a, donde fueron lamentablemente destruidos en un incendio en 1734, y hoy conocidos por dibujos y grabados. Casi cuarenta <a href=\"https:\/\/www.aparences.net\/es\/escuelas\/la-pintura-veneciana\/tiziano-vecellio-biografia\/\">pinturas de Tiziano<\/a> <strong>fueron enviadas a Mantua desde Venecia<\/strong>. Estas pinturas fueron realizadas ya sea para el duque, quien a menudo las ofrec\u00eda a personas influyentes en la corte imperial y a los que quer\u00eda pedir favores, ya sea para importantes personajes de la corte como el se\u00f1or Giovan Giacomo Calandra, quien recibi\u00f3 una <em>Mar\u00eda Magdalena<\/em>, o el conde Nicola Maffei destinatario de la <em><strong>Cena en Ema\u00fas<\/strong><\/em>, hoy en el Louvre.<\/p>\n\n\n<div class=\"wp-block-image\">\n<figure class=\"aligncenter\"><img loading=\"lazy\" decoding=\"async\" width=\"577\" height=\"460\" src=\"https:\/\/www.aparences.net\/wp-content\/uploads\/2010\/12\/titien-les-pelerins-d-emmaus.jpg\" alt=\"Cena en Ema\u00fas,Tiziano\" class=\"wp-image-21539\" title=\"Cena en Ema\u00fas,Tiziano\" srcset=\"https:\/\/www.aparences.net\/wp-content\/uploads\/2010\/12\/titien-les-pelerins-d-emmaus.jpg 577w, https:\/\/www.aparences.net\/wp-content\/uploads\/2010\/12\/titien-les-pelerins-d-emmaus-160x128.jpg 160w\" sizes=\"auto, (max-width: 577px) 100vw, 577px\" \/><figcaption class=\"wp-element-caption\"><em><strong>Cena en Ema\u00fas<\/strong>, detalle, c. 1534 <strong>Tiziano<\/strong> (Par\u00eds, Museo del Louvre)<\/em><\/figcaption><\/figure>\n<\/div>\n\n\n<p>Los numerosos lienzos que Tiziano ejecut\u00f3 para Mantua, como el <em>Retrato de Federico Gonzaga<\/em>, hoy en el Museo del Prado, y obras sobre temas religiosos como la llamada <em>La<\/em> <em>Virgen del conejo<\/em>, el <em>San Jer\u00f3nimo<\/em> y <em>El Santo Entierro<\/em>, todos en el Louvre, hace suponer que entre el artista y el duque existi\u00f3 una profunda relaci\u00f3n de confianza, lo que puede explicarse por el hecho de que Julio Romano diera su acuerdo a la presencia prestigiosa de Tiziano en el peque\u00f1o mundo art\u00edstico que era Mantua. No deb\u00eda temer que el pintor de Pieve di Cadore le hiciera sombra, ya que sus habilidades eran muy diferentes: mientras que Tiziano era famoso por sus lienzos, Julio Romano hab\u00eda casi abandonado la pintura de caballete. Por otro lado, Julio era probablemente consciente de que Tiziano no ten\u00eda ninguna intenci\u00f3n de abandonar Venecia, ni mucho menos hacerle la competencia en Mantua. Ambos artistas debieron conocerse e incluso construir una relaci\u00f3n de amistad. Testimonio de ello, son algunas cartas y un retrato de Julio Romano realizado por Tiziano entre 1536-38.<\/p>\n\n\n<div class=\"wp-block-image\">\n<figure class=\"aligncenter\"><img loading=\"lazy\" decoding=\"async\" width=\"566\" height=\"460\" src=\"https:\/\/www.aparences.net\/wp-content\/uploads\/2010\/12\/titien-la-vierge-au-lapin-louvre.jpg\" alt=\"La Virgen del conejo, Tiziano\" class=\"wp-image-21542\" title=\"La Virgen del conejo, Tiziano\" srcset=\"https:\/\/www.aparences.net\/wp-content\/uploads\/2010\/12\/titien-la-vierge-au-lapin-louvre.jpg 566w, https:\/\/www.aparences.net\/wp-content\/uploads\/2010\/12\/titien-la-vierge-au-lapin-louvre-160x130.jpg 160w\" sizes=\"auto, (max-width: 566px) 100vw, 566px\" \/><figcaption class=\"wp-element-caption\"><em><strong>La Virgen y el Ni\u00f1o con santa Catalina<\/strong>, conocido como La Virgen del conejo, de 1530, <strong>Tiziano<\/strong> (Par\u00eds, Museo del Louvre)<\/em><\/figcaption><\/figure>\n<\/div>\n\n\n<p>\u00daltima actualizaci\u00f3n : 07-12-2023<\/p>\n","protected":false},"excerpt":{"rendered":"<p>En Mantua, comienza la \u00e9poca de mayor actividad de Romano, como arquitecto y pintor que Vasari describe como \u00abvariada, rica y abundante\u00bb.<\/p>\n","protected":false},"author":2,"featured_media":26616,"comment_status":"closed","ping_status":"closed","sticky":false,"template":"","format":"standard","meta":{"footnotes":""},"categories":[2317],"tags":[5051,5238,2664,5220,5237,5239,866,2986],"class_list":["post-13272","post","type-post","status-publish","format-standard","has-post-thumbnail","hentry","category-los-gonzaga-de-mantua","tag-arte-y-mecenazgo","tag-correggio-2","tag-julio-romano","tag-los-gonzaga-de-mantua","tag-palazzo-te-mantua","tag-sala-de-psique-2","tag-salle-de-psyche","tag-tiziano"],"yoast_head":"<!-- This site is optimized with the Yoast SEO plugin v27.2 - https:\/\/yoast.com\/product\/yoast-seo-wordpress\/ -->\n<title>Julio Romano en Mantua<\/title>\n<meta name=\"description\" content=\"En Mantua, comienza la \u00e9poca de mayor actividad de Romano, como arquitecto y pintor que Vasari describe como &quot;variada, rica y abundante&quot;.\" \/>\n<meta name=\"robots\" content=\"index, follow, max-snippet:-1, max-image-preview:large, max-video-preview:-1\" \/>\n<link rel=\"canonical\" href=\"https:\/\/www.aparences.net\/es\/arte-y-mecenazgo\/los-gonzaga-de-mantua\/julio-romano-en-mantua\/\" \/>\n<meta property=\"og:locale\" content=\"es_ES\" \/>\n<meta property=\"og:type\" content=\"article\" \/>\n<meta property=\"og:title\" content=\"Julio Romano en Mantua\" \/>\n<meta property=\"og:description\" content=\"En Mantua, comienza la \u00e9poca de mayor actividad de Romano, como arquitecto y pintor que Vasari describe como &quot;variada, rica y abundante&quot;.\" \/>\n<meta property=\"og:url\" content=\"https:\/\/www.aparences.net\/es\/arte-y-mecenazgo\/los-gonzaga-de-mantua\/julio-romano-en-mantua\/\" \/>\n<meta property=\"og:site_name\" content=\"Aparences\" \/>\n<meta property=\"article:published_time\" content=\"2010-12-26T09:39:18+00:00\" \/>\n<meta property=\"article:modified_time\" content=\"2025-12-11T18:40:56+00:00\" \/>\n<meta property=\"og:image\" content=\"https:\/\/www.aparences.net\/wp-content\/uploads\/2010\/12\/giulio-romano.jpg\" \/>\n\t<meta property=\"og:image:width\" content=\"1080\" \/>\n\t<meta property=\"og:image:height\" content=\"540\" \/>\n\t<meta property=\"og:image:type\" content=\"image\/jpeg\" \/>\n<meta name=\"author\" content=\"admin\" \/>\n<meta name=\"twitter:card\" content=\"summary_large_image\" \/>\n<meta name=\"twitter:label1\" content=\"Escrito por\" \/>\n\t<meta name=\"twitter:data1\" content=\"admin\" \/>\n\t<meta name=\"twitter:label2\" content=\"Tiempo de lectura\" \/>\n\t<meta name=\"twitter:data2\" content=\"19 minutos\" \/>\n<script type=\"application\/ld+json\" class=\"yoast-schema-graph\">{\"@context\":\"https:\/\/schema.org\",\"@graph\":[{\"@type\":\"Article\",\"@id\":\"https:\/\/www.aparences.net\/es\/arte-y-mecenazgo\/los-gonzaga-de-mantua\/julio-romano-en-mantua\/#article\",\"isPartOf\":{\"@id\":\"https:\/\/www.aparences.net\/es\/arte-y-mecenazgo\/los-gonzaga-de-mantua\/julio-romano-en-mantua\/\"},\"author\":{\"name\":\"admin\",\"@id\":\"https:\/\/www.aparences.net\/es\/#\/schema\/person\/af349f6ffc31b16c68963e61268afca5\"},\"headline\":\"Julio Romano en Mantua\",\"datePublished\":\"2010-12-26T09:39:18+00:00\",\"dateModified\":\"2025-12-11T18:40:56+00:00\",\"mainEntityOfPage\":{\"@id\":\"https:\/\/www.aparences.net\/es\/arte-y-mecenazgo\/los-gonzaga-de-mantua\/julio-romano-en-mantua\/\"},\"wordCount\":3561,\"publisher\":{\"@id\":\"https:\/\/www.aparences.net\/es\/#organization\"},\"image\":{\"@id\":\"https:\/\/www.aparences.net\/es\/arte-y-mecenazgo\/los-gonzaga-de-mantua\/julio-romano-en-mantua\/#primaryimage\"},\"thumbnailUrl\":\"https:\/\/www.aparences.net\/wp-content\/uploads\/2010\/12\/giulio-romano.jpg\",\"keywords\":[\"arte y mecenazgo\",\"Correggio\",\"Julio Romano\",\"Los Gonzaga de Mantua\",\"Palazzo Te Mantua\",\"Sala de Psique\",\"Salle de Psych\u00e9\",\"Tiziano\"],\"articleSection\":[\"Los Gonzaga de Mantua\"],\"inLanguage\":\"es\"},{\"@type\":[\"WebPage\",\"ItemPage\"],\"@id\":\"https:\/\/www.aparences.net\/es\/arte-y-mecenazgo\/los-gonzaga-de-mantua\/julio-romano-en-mantua\/\",\"url\":\"https:\/\/www.aparences.net\/es\/arte-y-mecenazgo\/los-gonzaga-de-mantua\/julio-romano-en-mantua\/\",\"name\":\"Julio Romano en Mantua\",\"isPartOf\":{\"@id\":\"https:\/\/www.aparences.net\/es\/#website\"},\"primaryImageOfPage\":{\"@id\":\"https:\/\/www.aparences.net\/es\/arte-y-mecenazgo\/los-gonzaga-de-mantua\/julio-romano-en-mantua\/#primaryimage\"},\"image\":{\"@id\":\"https:\/\/www.aparences.net\/es\/arte-y-mecenazgo\/los-gonzaga-de-mantua\/julio-romano-en-mantua\/#primaryimage\"},\"thumbnailUrl\":\"https:\/\/www.aparences.net\/wp-content\/uploads\/2010\/12\/giulio-romano.jpg\",\"datePublished\":\"2010-12-26T09:39:18+00:00\",\"dateModified\":\"2025-12-11T18:40:56+00:00\",\"description\":\"En Mantua, comienza la \u00e9poca de mayor actividad de Romano, como arquitecto y pintor que Vasari describe como \\\"variada, rica y abundante\\\".\",\"breadcrumb\":{\"@id\":\"https:\/\/www.aparences.net\/es\/arte-y-mecenazgo\/los-gonzaga-de-mantua\/julio-romano-en-mantua\/#breadcrumb\"},\"inLanguage\":\"es\",\"potentialAction\":[{\"@type\":\"ReadAction\",\"target\":[\"https:\/\/www.aparences.net\/es\/arte-y-mecenazgo\/los-gonzaga-de-mantua\/julio-romano-en-mantua\/\"]}]},{\"@type\":\"ImageObject\",\"inLanguage\":\"es\",\"@id\":\"https:\/\/www.aparences.net\/es\/arte-y-mecenazgo\/los-gonzaga-de-mantua\/julio-romano-en-mantua\/#primaryimage\",\"url\":\"https:\/\/www.aparences.net\/wp-content\/uploads\/2010\/12\/giulio-romano.jpg\",\"contentUrl\":\"https:\/\/www.aparences.net\/wp-content\/uploads\/2010\/12\/giulio-romano.jpg\",\"width\":1080,\"height\":540},{\"@type\":\"BreadcrumbList\",\"@id\":\"https:\/\/www.aparences.net\/es\/arte-y-mecenazgo\/los-gonzaga-de-mantua\/julio-romano-en-mantua\/#breadcrumb\",\"itemListElement\":[{\"@type\":\"ListItem\",\"position\":1,\"name\":\"Portada\",\"item\":\"https:\/\/www.aparences.net\/es\/\"},{\"@type\":\"ListItem\",\"position\":2,\"name\":\"Julio Romano en Mantua\"}]},{\"@type\":\"WebSite\",\"@id\":\"https:\/\/www.aparences.net\/es\/#website\",\"url\":\"https:\/\/www.aparences.net\/es\/\",\"name\":\"Aparences: Historia del Arte y Actualidad Cultural\",\"description\":\"\",\"publisher\":{\"@id\":\"https:\/\/www.aparences.net\/es\/#organization\"},\"potentialAction\":[{\"@type\":\"SearchAction\",\"target\":{\"@type\":\"EntryPoint\",\"urlTemplate\":\"https:\/\/www.aparences.net\/es\/?s={search_term_string}\"},\"query-input\":{\"@type\":\"PropertyValueSpecification\",\"valueRequired\":true,\"valueName\":\"search_term_string\"}}],\"inLanguage\":\"es\"},{\"@type\":\"Organization\",\"@id\":\"https:\/\/www.aparences.net\/es\/#organization\",\"name\":\"Aparences: Historia del Arte y Actualidad Cultural\",\"url\":\"https:\/\/www.aparences.net\/es\/\",\"logo\":{\"@type\":\"ImageObject\",\"inLanguage\":\"es\",\"@id\":\"https:\/\/www.aparences.net\/es\/#\/schema\/logo\/image\/\",\"url\":\"https:\/\/www.aparences.net\/wp-content\/uploads\/2023\/09\/logo-quadrat-color-e1695915315229.png\",\"contentUrl\":\"https:\/\/www.aparences.net\/wp-content\/uploads\/2023\/09\/logo-quadrat-color-e1695915315229.png\",\"width\":120,\"height\":120,\"caption\":\"Aparences: Historia del Arte y Actualidad Cultural\"},\"image\":{\"@id\":\"https:\/\/www.aparences.net\/es\/#\/schema\/logo\/image\/\"}},{\"@type\":\"Person\",\"@id\":\"https:\/\/www.aparences.net\/es\/#\/schema\/person\/af349f6ffc31b16c68963e61268afca5\",\"name\":\"admin\",\"url\":\"https:\/\/www.aparences.net\/es\/author\/admin\/\"}]}<\/script>\n<!-- \/ Yoast SEO plugin. -->","yoast_head_json":{"title":"Julio Romano en Mantua","description":"En Mantua, comienza la \u00e9poca de mayor actividad de Romano, como arquitecto y pintor que Vasari describe como \"variada, rica y abundante\".","robots":{"index":"index","follow":"follow","max-snippet":"max-snippet:-1","max-image-preview":"max-image-preview:large","max-video-preview":"max-video-preview:-1"},"canonical":"https:\/\/www.aparences.net\/es\/arte-y-mecenazgo\/los-gonzaga-de-mantua\/julio-romano-en-mantua\/","og_locale":"es_ES","og_type":"article","og_title":"Julio Romano en Mantua","og_description":"En Mantua, comienza la \u00e9poca de mayor actividad de Romano, como arquitecto y pintor que Vasari describe como \"variada, rica y abundante\".","og_url":"https:\/\/www.aparences.net\/es\/arte-y-mecenazgo\/los-gonzaga-de-mantua\/julio-romano-en-mantua\/","og_site_name":"Aparences","article_published_time":"2010-12-26T09:39:18+00:00","article_modified_time":"2025-12-11T18:40:56+00:00","og_image":[{"width":1080,"height":540,"url":"https:\/\/www.aparences.net\/wp-content\/uploads\/2010\/12\/giulio-romano.jpg","type":"image\/jpeg"}],"author":"admin","twitter_card":"summary_large_image","twitter_misc":{"Escrito por":"admin","Tiempo de lectura":"19 minutos"},"schema":{"@context":"https:\/\/schema.org","@graph":[{"@type":"Article","@id":"https:\/\/www.aparences.net\/es\/arte-y-mecenazgo\/los-gonzaga-de-mantua\/julio-romano-en-mantua\/#article","isPartOf":{"@id":"https:\/\/www.aparences.net\/es\/arte-y-mecenazgo\/los-gonzaga-de-mantua\/julio-romano-en-mantua\/"},"author":{"name":"admin","@id":"https:\/\/www.aparences.net\/es\/#\/schema\/person\/af349f6ffc31b16c68963e61268afca5"},"headline":"Julio Romano en Mantua","datePublished":"2010-12-26T09:39:18+00:00","dateModified":"2025-12-11T18:40:56+00:00","mainEntityOfPage":{"@id":"https:\/\/www.aparences.net\/es\/arte-y-mecenazgo\/los-gonzaga-de-mantua\/julio-romano-en-mantua\/"},"wordCount":3561,"publisher":{"@id":"https:\/\/www.aparences.net\/es\/#organization"},"image":{"@id":"https:\/\/www.aparences.net\/es\/arte-y-mecenazgo\/los-gonzaga-de-mantua\/julio-romano-en-mantua\/#primaryimage"},"thumbnailUrl":"https:\/\/www.aparences.net\/wp-content\/uploads\/2010\/12\/giulio-romano.jpg","keywords":["arte y mecenazgo","Correggio","Julio Romano","Los Gonzaga de Mantua","Palazzo Te Mantua","Sala de Psique","Salle de Psych\u00e9","Tiziano"],"articleSection":["Los Gonzaga de Mantua"],"inLanguage":"es"},{"@type":["WebPage","ItemPage"],"@id":"https:\/\/www.aparences.net\/es\/arte-y-mecenazgo\/los-gonzaga-de-mantua\/julio-romano-en-mantua\/","url":"https:\/\/www.aparences.net\/es\/arte-y-mecenazgo\/los-gonzaga-de-mantua\/julio-romano-en-mantua\/","name":"Julio Romano en Mantua","isPartOf":{"@id":"https:\/\/www.aparences.net\/es\/#website"},"primaryImageOfPage":{"@id":"https:\/\/www.aparences.net\/es\/arte-y-mecenazgo\/los-gonzaga-de-mantua\/julio-romano-en-mantua\/#primaryimage"},"image":{"@id":"https:\/\/www.aparences.net\/es\/arte-y-mecenazgo\/los-gonzaga-de-mantua\/julio-romano-en-mantua\/#primaryimage"},"thumbnailUrl":"https:\/\/www.aparences.net\/wp-content\/uploads\/2010\/12\/giulio-romano.jpg","datePublished":"2010-12-26T09:39:18+00:00","dateModified":"2025-12-11T18:40:56+00:00","description":"En Mantua, comienza la \u00e9poca de mayor actividad de Romano, como arquitecto y pintor que Vasari describe como \"variada, rica y abundante\".","breadcrumb":{"@id":"https:\/\/www.aparences.net\/es\/arte-y-mecenazgo\/los-gonzaga-de-mantua\/julio-romano-en-mantua\/#breadcrumb"},"inLanguage":"es","potentialAction":[{"@type":"ReadAction","target":["https:\/\/www.aparences.net\/es\/arte-y-mecenazgo\/los-gonzaga-de-mantua\/julio-romano-en-mantua\/"]}]},{"@type":"ImageObject","inLanguage":"es","@id":"https:\/\/www.aparences.net\/es\/arte-y-mecenazgo\/los-gonzaga-de-mantua\/julio-romano-en-mantua\/#primaryimage","url":"https:\/\/www.aparences.net\/wp-content\/uploads\/2010\/12\/giulio-romano.jpg","contentUrl":"https:\/\/www.aparences.net\/wp-content\/uploads\/2010\/12\/giulio-romano.jpg","width":1080,"height":540},{"@type":"BreadcrumbList","@id":"https:\/\/www.aparences.net\/es\/arte-y-mecenazgo\/los-gonzaga-de-mantua\/julio-romano-en-mantua\/#breadcrumb","itemListElement":[{"@type":"ListItem","position":1,"name":"Portada","item":"https:\/\/www.aparences.net\/es\/"},{"@type":"ListItem","position":2,"name":"Julio Romano en Mantua"}]},{"@type":"WebSite","@id":"https:\/\/www.aparences.net\/es\/#website","url":"https:\/\/www.aparences.net\/es\/","name":"Aparences: Historia del Arte y Actualidad Cultural","description":"","publisher":{"@id":"https:\/\/www.aparences.net\/es\/#organization"},"potentialAction":[{"@type":"SearchAction","target":{"@type":"EntryPoint","urlTemplate":"https:\/\/www.aparences.net\/es\/?s={search_term_string}"},"query-input":{"@type":"PropertyValueSpecification","valueRequired":true,"valueName":"search_term_string"}}],"inLanguage":"es"},{"@type":"Organization","@id":"https:\/\/www.aparences.net\/es\/#organization","name":"Aparences: Historia del Arte y Actualidad Cultural","url":"https:\/\/www.aparences.net\/es\/","logo":{"@type":"ImageObject","inLanguage":"es","@id":"https:\/\/www.aparences.net\/es\/#\/schema\/logo\/image\/","url":"https:\/\/www.aparences.net\/wp-content\/uploads\/2023\/09\/logo-quadrat-color-e1695915315229.png","contentUrl":"https:\/\/www.aparences.net\/wp-content\/uploads\/2023\/09\/logo-quadrat-color-e1695915315229.png","width":120,"height":120,"caption":"Aparences: Historia del Arte y Actualidad Cultural"},"image":{"@id":"https:\/\/www.aparences.net\/es\/#\/schema\/logo\/image\/"}},{"@type":"Person","@id":"https:\/\/www.aparences.net\/es\/#\/schema\/person\/af349f6ffc31b16c68963e61268afca5","name":"admin","url":"https:\/\/www.aparences.net\/es\/author\/admin\/"}]}},"_links":{"self":[{"href":"https:\/\/www.aparences.net\/es\/wp-json\/wp\/v2\/posts\/13272","targetHints":{"allow":["GET"]}}],"collection":[{"href":"https:\/\/www.aparences.net\/es\/wp-json\/wp\/v2\/posts"}],"about":[{"href":"https:\/\/www.aparences.net\/es\/wp-json\/wp\/v2\/types\/post"}],"author":[{"embeddable":true,"href":"https:\/\/www.aparences.net\/es\/wp-json\/wp\/v2\/users\/2"}],"replies":[{"embeddable":true,"href":"https:\/\/www.aparences.net\/es\/wp-json\/wp\/v2\/comments?post=13272"}],"version-history":[{"count":0,"href":"https:\/\/www.aparences.net\/es\/wp-json\/wp\/v2\/posts\/13272\/revisions"}],"wp:featuredmedia":[{"embeddable":true,"href":"https:\/\/www.aparences.net\/es\/wp-json\/wp\/v2\/media\/26616"}],"wp:attachment":[{"href":"https:\/\/www.aparences.net\/es\/wp-json\/wp\/v2\/media?parent=13272"}],"wp:term":[{"taxonomy":"category","embeddable":true,"href":"https:\/\/www.aparences.net\/es\/wp-json\/wp\/v2\/categories?post=13272"},{"taxonomy":"post_tag","embeddable":true,"href":"https:\/\/www.aparences.net\/es\/wp-json\/wp\/v2\/tags?post=13272"}],"curies":[{"name":"wp","href":"https:\/\/api.w.org\/{rel}","templated":true}]}}