{"id":13284,"date":"2011-04-18T18:09:17","date_gmt":"2011-04-18T16:09:17","guid":{"rendered":"https:\/\/www.aparences.net\/periodes\/gothique-international\/el-gotico-internacional-en-alemania\/"},"modified":"2025-12-11T19:40:56","modified_gmt":"2025-12-11T18:40:56","slug":"el-gotico-internacional-en-alemania","status":"publish","type":"post","link":"https:\/\/www.aparences.net\/es\/periodos\/gotico-internacional\/el-gotico-internacional-en-alemania\/","title":{"rendered":"El g\u00f3tico internacional en Alemania"},"content":{"rendered":"<p><!--contents--><\/p>\n\n\n<h2 class=\"wp-block-heading\">La Europa germ\u00e1nica<\/h2>\n\n\n\n<p>En el siglo XV, Alemania no es todav\u00eda una monarqu\u00eda unitaria, como Francia o Inglaterra: sus vastos territorios quedan divididos en numerosos principados, a los cuales hay que a\u00f1adir las ciudades imperiales llamadas \u00ablibres\u00bb, que gozan de importantes privilegios comerciales y de una gran autonom\u00eda administrativa. En los m\u00e1rgenes de Rin, desde el lago de Constanza, en la frontera del norte de Suiza, hasta Basilea, y de la Alsacia hasta el Bosque Negro, se desarrolla un <strong>maravilloso estilo, delicado y cautivador, aunque ins\u00f3lito, <\/strong>del arte germ\u00e1nico. Un arte dedicado a la b\u00fasqueda de efectos expresivos dram\u00e1ticos \u2013 llamado <em>weicher Stil<\/em> (estilo suave) <strong>manifestaci\u00f3n germ\u00e1nica del<\/strong> <a title=\"estilo g\u00f3tico internacional\" href=\"https:\/\/www.aparences.net\/es\/periodos\/gotico-internacional\/\">estilo g\u00f3tico internacional<\/a> &#8211; El crisol m\u00e1s importante donde se elabora este \u00abestilo suave\u00bb se halla en la espl\u00e9ndida y populosa ciudad de Colonia, donde una clase aristocr\u00e1tica muy activa y unos din\u00e1micos comitentes religiosos, compiten en la creaci\u00f3n de numerosos y florecientes talleres, abiertos al di\u00e1logo con otros centros art\u00edsticos. En la escultura, en la pintura, pero tambi\u00e9n en la orfebrer\u00eda y en la miniatura, aparecen figuras femeninas flexibles y delicadas, en una fabulosa atm\u00f3sfera de bosquecillos y jardines, donde se desarrollan maravillosas y variadas aventuras. <strong>El signo distintivo de esta pintura es su colorido vivo y brillante<\/strong>, como en la tabla el <em><strong>Jard\u00edn del Para\u00edso<\/strong><\/em> donde la Virgen Maria se halla sentada en un peque\u00f1o jard\u00edn florido, ejecutada por <strong>Stephan Lochner<\/strong>, tal vez <strong>el pintor alem\u00e1n m\u00e1s importante antes de la llegada de<\/strong> <a title=\"Alberto Durero\" href=\"https:\/\/www.aparences.net\/es\/periodos\/el-renacimiento-nordico\/alberto-durero\/\">Durero<\/a>.<\/p>\n\n\n<div class=\"wp-block-image\">\n<figure class=\"aligncenter\"><img loading=\"lazy\" decoding=\"async\" width=\"440\" height=\"344\" src=\"https:\/\/www.aparences.net\/wp-content\/uploads\/2011\/04\/petit_paradis.jpg\" alt=\"El jard\u00edn del Para\u00edso, hacia 1410, Maestro del Jard\u00edn del Para\u00edso\" class=\"wp-image-20080\" title=\"El jard\u00edn del Para\u00edso, hacia 1410, Maestro del Jard\u00edn del Para\u00edso\" srcset=\"https:\/\/www.aparences.net\/wp-content\/uploads\/2011\/04\/petit_paradis.jpg 440w, https:\/\/www.aparences.net\/wp-content\/uploads\/2011\/04\/petit_paradis-160x125.jpg 160w\" sizes=\"auto, (max-width: 440px) 100vw, 440px\" \/><figcaption class=\"wp-element-caption\"><em><strong>El jard\u00edn del Para\u00edso<\/strong>, hacia 1410, <strong>Maestro del Jard\u00edn del Para\u00edso de Frankfurt<\/strong> (Frankfurt, St\u00e4delsches Kunstinstitut)<\/em><\/figcaption><\/figure>\n<\/div>\n\n\n<p><em>El jard\u00edn cerrado \u00ab<strong>hortus conclusus<\/strong>\u00bb que hace referencia a la virginidad de Maria constituye el espacio interno del cuadro. Este modo de devoci\u00f3n, con su gusto por el detalle, sabe volver delicados hasta los sujetos secundarios como el drag\u00f3n de san Jorge, preparando as\u00ed la tradici\u00f3n pict\u00f3rica. La figura de Maria, arriba, leyendo un libro, es sin duda el personaje m\u00e1s importante. A sus pies santa Catalina juega con el Ni\u00f1o; a la izquierda, santa Dorotea coge cerezas y santa Barbara saca agua de un pozo. A la derecha, se puede ver al arc\u00e1ngel san Miguel sentado, con el diablo a sus pies; a su lado, san Jorge y un peque\u00f1o drag\u00f3n; por \u00faltimo, el legendario san Oswaldo apoyado en un \u00e1rbol.<\/em><\/p>\n\n\n\n<h2 class=\"wp-block-heading\">Konrad von Soest<\/h2>\n\n\n\n<p><strong>Konrad von Soest<\/strong> (documentado entre 1370 y 1422) es el representante m\u00e1s influyente del estilo g\u00f3tico internacional, el <em>weicher Stil<\/em>. Activo en la ciudad de Dortmund, Von Soest domina el arte de Westfalia. En el <em><strong>Retablo de Wildungen<\/strong><\/em>, ejecutado hacia 1400-1405, abandona el realismo para poder idealizar mejor el tema abordado, privilegiando un colorido de miniatura, los vestidos suntuosos con drapeados flexibles, las actitudes delicadas y los detalles intimistas. Se supone que ciertas partes del retablo fueron realizadas con la ayuda de sus taller. Del retablo de la <em><strong>Virgen de la Marienkirche<\/strong><\/em> de Dormunt, una de las principales obras de madurez del artista, s\u00f3lo se han conservada algunas partes. El arte de Von Soest ha sido considerado como ejemplar mucho m\u00e1s all\u00e1 de las fronteras de la regi\u00f3n. Se observa su influencia hasta el centro de Alemania y tambi\u00e9n en las zonas costeras. Sus fuentes de inspiraci\u00f3n son el arte de la Europa occidental y sobre todo del <a title=\"gotico internacional Norte de Francia\" href=\"https:\/\/www.aparences.net\/es\/periodos\/gotico-internacional\/dominio-franco-flamenco\/\">Norte de Francia<\/a>, que conoci\u00f3 tal vez a trav\u00e9s de la miniatura; en Hamburgo, la creaci\u00f3n art\u00edstica est\u00e1 marcada sucesivamente por dos artistas: el Maestro Bertram de origen westfaliano, cuyo <em>Retablo de Grabow<\/em> (Hamburgo, Kunsthalle), pintado hacia 1380, toma del <a href=\"https:\/\/www.aparences.net\/es\/periodos\/gotico-internacional\/la-corte-de-bohemia-el-maestro-teodorico\/\">Maestro Teodorico de Praga<\/a> la densidad de los cuerpos con un lenguaje que ser\u00e1 a partir de ahora vivo y flexible; y el Maestro Francke, autor de un arte muy personal, cuya b\u00fasqueda de la simplificaci\u00f3n e interioridad abre la v\u00eda a un nuevo realismo.<\/p>\n\n\n<div class=\"wp-block-image\">\n<figure class=\"aligncenter\"><img loading=\"lazy\" decoding=\"async\" width=\"385\" height=\"387\" src=\"https:\/\/www.aparences.net\/wp-content\/uploads\/2010\/07\/vonsoest_crucifixion.jpg\" alt=\"Retablo de la Pasi\u00f3n, 1403, Konrad von Soest\" class=\"wp-image-14383\" title=\"Retablo de la Pasi\u00f3n, 1403, Konrad von Soest\" srcset=\"https:\/\/www.aparences.net\/wp-content\/uploads\/2010\/07\/vonsoest_crucifixion.jpg 385w, https:\/\/www.aparences.net\/wp-content\/uploads\/2010\/07\/vonsoest_crucifixion-100x100.jpg 100w, https:\/\/www.aparences.net\/wp-content\/uploads\/2010\/07\/vonsoest_crucifixion-90x90.jpg 90w, https:\/\/www.aparences.net\/wp-content\/uploads\/2010\/07\/vonsoest_crucifixion-75x75.jpg 75w, https:\/\/www.aparences.net\/wp-content\/uploads\/2010\/07\/vonsoest_crucifixion-298x300.jpg 298w\" sizes=\"auto, (max-width: 385px) 100vw, 385px\" \/><figcaption class=\"wp-element-caption\"><em><strong>Retablo de la Pasi\u00f3n<\/strong>, 1403, <strong>Konrad von Soest<\/strong> <\/em><br><em>(Bad Wildungen, iglesia parroquial)<\/em><\/figcaption><\/figure>\n<\/div>\n\n\n<p><em>Este retablo que se encuentra todav\u00eda en su lugar de origen, ilustra&nbsp; trece episodios la vida de Jes\u00fas. La pintura de Konrad von Soest se caracteriza por su vitalidad, la minucia de los detalles y una composici\u00f3n muy h\u00e1bil en las escenas. El esmero aportado a los detalles preciosos, por ejemplo, a los tejidos, y a la descripci\u00f3n de plantas y animales, como los lebreles enanos en la parte inferior derecha, transforman el drama de la Crucifixi\u00f3n en una escena cortesana. A la izquierda, el grupo formado por las santas mujeres y san Juan Evangelista que levanta los brazos en signo de dolor, y el personaje de Longinos atravesando el costado de Jes\u00fas con su lanza. A la derecha, en torno al buen ladr\u00f3n, hay un grupo de hombres muy convincentes dentro de sus fantasiosos ropajes; uno de ellos tiene en la mano una filacteria donde se lee: \u00abvere filius dei erat iste\u00bb.<\/em><\/p>\n\n\n<div class=\"wp-block-image\">\n<figure class=\"aligncenter\"><img loading=\"lazy\" decoding=\"async\" width=\"603\" height=\"390\" src=\"https:\/\/www.aparences.net\/wp-content\/uploads\/2017\/05\/annonciation-nativite-retable-de-wildungen-1403-konrad-von-soest-bad-wildungen-eglise-saint-Nicolas.jpg\" alt=\"La Anunciaci\u00f3n; La Natividad, 1403, Konrad von Soest\" class=\"wp-image-17865\" title=\"La Anunciaci\u00f3n; La Natividad, 1403, Konrad von Soest\" srcset=\"https:\/\/www.aparences.net\/wp-content\/uploads\/2017\/05\/annonciation-nativite-retable-de-wildungen-1403-konrad-von-soest-bad-wildungen-eglise-saint-Nicolas.jpg 603w, https:\/\/www.aparences.net\/wp-content\/uploads\/2017\/05\/annonciation-nativite-retable-de-wildungen-1403-konrad-von-soest-bad-wildungen-eglise-saint-Nicolas-300x194.jpg 300w\" sizes=\"auto, (max-width: 603px) 100vw, 603px\" \/><figcaption class=\"wp-element-caption\"><em><strong>La Anunciaci\u00f3n<\/strong> ; <strong>La Natividad, <\/strong>detalle, <strong>retablo de Wildungen<\/strong>, 1403, <\/em><br><em><strong>Konrad von Soest<\/strong> (Bad Wildungen, iglesia de San Nicol\u00e1s)<\/em><\/figcaption><\/figure>\n<\/div>\n\n\n<p><em>Con una gran frescura innovadora Konrad aborda el tema de la Anunciaci\u00f3n, uno de los m\u00e1s populares del arte cristiano. El gran dosel cobija la habitaci\u00f3n de la Virgen, que es tambi\u00e9n cuarto de estudio y oraci\u00f3n. Una tela de brocado con motivos orientales, cubre el reclinatorio. La peculiaridad del retablo reside en la elevada corona bordada de perlas con la que el pintor corona a la Virgen en esta y en otras escenas, y el cintur\u00f3n, donde se puede leer en letras g\u00f3ticas el nombre de Maria.<\/em><\/p>\n\n\n<div class=\"wp-block-image\">\n<figure class=\"aligncenter\"><img loading=\"lazy\" decoding=\"async\" width=\"603\" height=\"306\" src=\"https:\/\/www.aparences.net\/wp-content\/uploads\/2017\/05\/conrad-von-soest-nativite-retable-de-wildungen-1403.jpg\" alt=\"La Anunciaci\u00f3n; La Natividad, 1403, Konrad von Soest, detalle\" class=\"wp-image-17866\" title=\"La Anunciaci\u00f3n; La Natividad, 1403, Konrad von Soest, detalle\" srcset=\"https:\/\/www.aparences.net\/wp-content\/uploads\/2017\/05\/conrad-von-soest-nativite-retable-de-wildungen-1403.jpg 603w, https:\/\/www.aparences.net\/wp-content\/uploads\/2017\/05\/conrad-von-soest-nativite-retable-de-wildungen-1403-300x152.jpg 300w\" sizes=\"auto, (max-width: 603px) 100vw, 603px\" \/><\/figure>\n<\/div>\n\n\n<p><em>El encargo a Von Soest del retablo de Wildungen para la iglesia parroquial de San Nicolas, ten\u00eda que satisfacer la necesidad de crear una representaci\u00f3n digna de la funci\u00f3n de un retablo destinado a un altar mayor. Se hab\u00eda pedido igualmente un proyecto que atendiera a las necesidades de devoci\u00f3n, si posible con detalles precisos y rasgos anecd\u00f3ticos, con el fin de satisfacer tambi\u00e9n a los usos de la devoci\u00f3n popular, haciendo hincapi\u00e9 en los detalles de tipo burgu\u00e9s y dom\u00e9stico. El pintor ha utilizado todos sus medios para cumplir con estas exigencias: en la escena de la Natividad s\u00f3lo la Virgen y el Ni\u00f1o llevan nimbos y han sido representados actitud tierna. Considerada de forma separada, la media figura de la Virgen podr\u00eda ser por s\u00ed s\u00f3la un cuadro de devoci\u00f3n. En cambio, la figura de Jos\u00e9 vigilando la marmita nos muestra un padre afectuoso y diligente.<\/em><\/p>\n\n\n<div class=\"wp-block-image\">\n<figure class=\"aligncenter\"><img loading=\"lazy\" decoding=\"async\" width=\"339\" height=\"430\" src=\"https:\/\/www.aparences.net\/wp-content\/uploads\/2010\/07\/von_soest.jpg\" alt=\"Retablo de la Muerte de la Virgen, hacia 1420, Konrad von Soest\" class=\"wp-image-14384\" title=\"Retablo de la Muerte de la Virgen, hacia 1420, Konrad von Soest\" srcset=\"https:\/\/www.aparences.net\/wp-content\/uploads\/2010\/07\/von_soest.jpg 339w, https:\/\/www.aparences.net\/wp-content\/uploads\/2010\/07\/von_soest-236x300.jpg 236w\" sizes=\"auto, (max-width: 339px) 100vw, 339px\" \/><figcaption class=\"wp-element-caption\"><em><strong>Retablo de la Muerte de la Virgen<\/strong>, detalle, hacia 1420, <strong>Konrad von Soest<\/strong> <\/em><br><em>(Dortmund, iglesia Santa Mar\u00eda)<\/em><\/figcaption><\/figure>\n<\/div>\n\n\n<p><em>El vivo contraste entre el azul intenso de los vestidos y las alas de los \u00e1ngeles con el fondo dorado, es frecuente en los cuadros del g\u00f3tico tard\u00edo de la escuela renana. Los gestos y las expresiones muestran una delicada meditaci\u00f3n. Como es habitual en los maestros del \u00abestilo suave\u00bb de la escuela de Colonia, los miembros de las figuras son finos y delicados, casi blandos, como si no estuvieran sostenidos por los huesos.<br><\/em><\/p>\n\n\n\n<!-- AdBoxRight2020 --><ins class=\"adsbygoogle\"     style=\"display:block; margin-top:30px;\"     data-ad-client=\"ca-pub-2468002815867636\"     data-ad-slot=\"3496014735\"     data-ad-format=\"auto\"     data-full-width-responsive=\"false\"><\/ins><script> (adsbygoogle = window.adsbygoogle || []).push({});<\/script><h2 class=\"wp-block-heading\">Bertram von Minden (hacia 1340 &#8211; 1415)<\/h2>\n\n\n\n<p>El <strong>Maestro Bertram<\/strong>, nacido en Minden, Westfalia, fue activo en Hamburgo de 1367 a 1415. A partir de 1387, es citado casi todos los a\u00f1os en los registros de la ciudad y en las cr\u00f3nicas, con motivo de encargos oficiales. <strong>Bertram von Minden<\/strong>, pintor, y quiz\u00e1s tambi\u00e9n escultor, en sus obras de se perciben influencias de las regiones art\u00edsticas de Westfalia y de la Baja Alemania, pero tambi\u00e9n de la <a href=\"https:\/\/www.aparences.net\/es\/periodos\/gotico-internacional\/la-corte-de-bohemia-el-maestro-teodorico\/\" data-type=\"link\" data-id=\"https:\/\/www.aparences.net\/es\/periodos\/gotico-internacional\/la-corte-de-bohemia-el-maestro-teodorico\/\">pintura de la corte de Praga<\/a>. Un documento de 1367 menciona por primera vez su presencia en Hamburgo, \u00e9poca en la que Bertram se convertir\u00e1 en la figura dominante de la pintura hanse\u00e1tica. En 1383, la cr\u00f3nica de Hamburgo se\u00f1ala Bertram como <strong>autor del retablo del altar mayor de la iglesia de San Pedro<\/strong>, un gran pol\u00edptico con partes esculpidas y pintadas. Se trata de la \u00fanica obra atribuida con certeza a Bertram, cuyo estilo, muy original, no tiene equivalente en otras obras del Norte de Europa y de Bohemia, a pesar de contar con elementos que recuerdan la pintura de esas regiones en la misma \u00e9poca. En las tablas laterales, pintadas por ambos lados, un programa figurativo complejo, seguramente inspirado por un eclesi\u00e1stico, ilustra escenas del Antiguo y del Nuevo Testamento. La cr\u00edtica atribuye otras obras al Maestro Bertram, entre ellas, el <em>Pol\u00edptico de la Pasi\u00f3n<\/em> de Hannover, de incierta procedencia, tres miniaturas del <em>Misal de Johannes Wusthorpe<\/em> y un pol\u00edptico con <em>Escenas de la vida de la Virgen<\/em> para el monasterio de Harvestehude.<\/p>\n\n\n<div class=\"wp-block-image\">\n<figure class=\"aligncenter\"><img loading=\"lazy\" decoding=\"async\" width=\"421\" height=\"430\" src=\"https:\/\/www.aparences.net\/wp-content\/uploads\/2010\/07\/maitre_bertram.jpg\" alt=\"Retablo de San Pedro, hacia 1379-1383, Maestro Bertram\" class=\"wp-image-14385\" title=\"Retablo de San Pedro, hacia 1379-1383, Maestro Bertram\" srcset=\"https:\/\/www.aparences.net\/wp-content\/uploads\/2010\/07\/maitre_bertram.jpg 421w, https:\/\/www.aparences.net\/wp-content\/uploads\/2010\/07\/maitre_bertram-293x300.jpg 293w\" sizes=\"auto, (max-width: 421px) 100vw, 421px\" \/><figcaption class=\"wp-element-caption\"><em><strong>Escenas del Retablo de San Pedro de Hamburgo<\/strong> y <strong>La Creaci\u00f3n de los animales<\/strong>, hacia 1379-1383, <\/em><br><em><strong>Maestro Bertram<\/strong> (Hamburgo, Hamburger Kunsthalle)<\/em><\/figcaption><\/figure>\n<\/div>\n\n\n<p><em>Entre todos los retablos que nos han llegado del siglo XIV, se trata de uno los m\u00e1s grandes y complejos. La tabla central representaba la coronaci\u00f3n de la Virgen rodeada de 44 figuras de santos repartidas en dos registros. El retablo cerrado se divide en 24 secciones, todas con las mismas dimensiones, 14 de ellas ilustrando el G\u00e9nesis hasta el fratricidio de Ca\u00edn, y con una cantidad inhabitual de detalles. Las figuras, de aspecto robusto, aparecen recortadas sobre el fondo dorado y las formas, muy marcadas, son un poco desproporcionadas, con cabezas y manos desmesuradas, para facilitar la visi\u00f3n de lejos.<\/em><\/p>\n\n\n<div class=\"wp-block-image\">\n<figure class=\"aligncenter\"><img loading=\"lazy\" decoding=\"async\" width=\"516\" height=\"429\" src=\"https:\/\/www.aparences.net\/wp-content\/uploads\/2017\/05\/maitre-bertram-retable-de-saint-pierre-de-hambourg-la-creation-des-animaux-1379-1383.jpg\" alt=\"La Creaci\u00f3n de los animales, hacia 1379-1383, Maestro Bertram\" class=\"wp-image-17867\" title=\"La Creaci\u00f3n de los animales, hacia 1379-1383, Maestro Bertram\" srcset=\"https:\/\/www.aparences.net\/wp-content\/uploads\/2017\/05\/maitre-bertram-retable-de-saint-pierre-de-hambourg-la-creation-des-animaux-1379-1383.jpg 516w, https:\/\/www.aparences.net\/wp-content\/uploads\/2017\/05\/maitre-bertram-retable-de-saint-pierre-de-hambourg-la-creation-des-animaux-1379-1383-300x249.jpg 300w\" sizes=\"auto, (max-width: 516px) 100vw, 516px\" \/><\/figure>\n<\/div>\n\n\n<p><em>En la Creaci\u00f3n de los animales, la figura de Dios aparece rodeada por distintas especies. A la izquierda, Bertram ha dispuesto los mam\u00edferos sobre una roca escarpada, mientras que los p\u00e1jaros se encuentra a la derecha del cuadro, unos encima de otros sobre un fondo dorado, como si quisiera adornar los m\u00e1rgenes de un manuscrito iluminado. El h\u00e1bil reparto del espacio importa m\u00e1s a Bertram que la verdad superficial de la narraci\u00f3n.<\/em><\/p>\n\n\n\n<h2 class=\"wp-block-heading\">Maestro Francke<\/h2>\n\n\n\n<p>El <strong>Maestro Francke<\/strong>&nbsp;(documentado en Hamburgo entre 1380 y 1436) es uno de los mas originales pintores del g\u00f3tico internacional alem\u00e1n. Nacido en el seno de una familia de zapateros de Hamburgo, Francke profes\u00f3 en el monasterio dominico de San Juan en Hamburgo. Su condici\u00f3n de fraile no lo impide desplazarse a su guisa. De todos modos, sus conocimientos de arte occidental debe haberlos adquirido realizando algunos viajes. Se le atribuye una formaci\u00f3n borgo\u00f1ona y fuertemente influenciado por la miniatura francesa. Goz\u00f3 de un gran renombre entre los comerciantes de Hamburgo que le hicieron numerosos encargos. Pero sabemos tambi\u00e9n que trabajaba para comitentes de Reval (actual Tallin) o de la ciudad episcopal de M\u00fcnster. La influencia que tuvo este pintor sobre las generaciones siguientes atestigua de su notoriedad. Quedan pocas obras de este pintor, <strong>ya que en su mayor\u00eda fueron destruidas por los<\/strong> <a href=\"https:\/\/es.wikipedia.org\/wiki\/Iconoclasia\">iconoclastas<\/a> en la \u00e9poca de la Reforma.<\/p>\n\n\n<div class=\"wp-block-image\">\n<figure class=\"aligncenter\"><img loading=\"lazy\" decoding=\"async\" width=\"378\" height=\"429\" src=\"https:\/\/www.aparences.net\/wp-content\/uploads\/2010\/07\/francke_nativite.jpg\" alt=\"La Natividad, hacia 1424-1436, Maestro Francke\" class=\"wp-image-14386\" title=\"La Natividad, hacia 1424-1436, Maestro Francke\" srcset=\"https:\/\/www.aparences.net\/wp-content\/uploads\/2010\/07\/francke_nativite.jpg 378w, https:\/\/www.aparences.net\/wp-content\/uploads\/2010\/07\/francke_nativite-264x300.jpg 264w\" sizes=\"auto, (max-width: 378px) 100vw, 378px\" \/><figcaption class=\"wp-element-caption\"><em><strong>La Natividad<\/strong>, hacia 1424-1436, <strong>Maestro Francke<\/strong> (Hamburgo, Hamburger Kunsthalle)<\/em><\/figcaption><\/figure>\n<\/div>\n\n\n<p><em>El paisaje exuberante \u2013 casi un parque \u2013 que se observa en los paneles que se han conservado de este retablo, ha contribuido ampliamente a la popularidad de esta representaci\u00f3n. El primer plano queda sin embargo muy des\u00e9rtico, \u00e1rido, austero y poco atractivo. El manto azul con el que los \u00e1ngeles rodean a la Virgen como si se tratara de una cerca \u2013 una invenci\u00f3n muy personal de Francke \u2013 es utilizado como pretexto para las superposiciones que tanto le gustaban al pintor. La figura de Dios padre presencia el acontecimiento, y lo bendice dentro de una corona de nubes tratadas de manera extraordinariamente viva para la \u00e9poca. Hay que destacar tambi\u00e9n el color rojo del cielo constelado de estrellas doradas.<\/em><\/p>\n\n\n<div class=\"wp-block-image\">\n<figure class=\"aligncenter\"><img loading=\"lazy\" decoding=\"async\" width=\"509\" height=\"419\" src=\"https:\/\/www.aparences.net\/wp-content\/uploads\/2017\/05\/maitre-francke-miracle-du-mur-poursuite-de-sainte-Barbe-retable-de-Sainte-Barbe-1410-1415.jpg\" alt=\"La Leyenda de santa B\u00e1rbara, 1410-1415, Maestro Francke\" class=\"wp-image-17868\" title=\"La Leyenda de santa B\u00e1rbara, 1410-1415, Maestro Francke\" srcset=\"https:\/\/www.aparences.net\/wp-content\/uploads\/2017\/05\/maitre-francke-miracle-du-mur-poursuite-de-sainte-Barbe-retable-de-Sainte-Barbe-1410-1415.jpg 509w, https:\/\/www.aparences.net\/wp-content\/uploads\/2017\/05\/maitre-francke-miracle-du-mur-poursuite-de-sainte-Barbe-retable-de-Sainte-Barbe-1410-1415-300x247.jpg 300w\" sizes=\"auto, (max-width: 509px) 100vw, 509px\" \/><figcaption class=\"wp-element-caption\"><em><strong>La Leyenda de santa B\u00e1rbara<\/strong>: El Milagro del muro y La Persecuci\u00f3n de santa B\u00e1rbara, del retablo de Santa B\u00e1rbara, 1410-1415, <\/em><br><em><strong>Maestro Francke<\/strong>, (Helsinki, Museo nacional)<\/em><\/figcaption><\/figure>\n<\/div>\n\n\n<p><em>Estas tablas forman parte de un ciclo legendario consagrado a santa B\u00e1rbara, destinado a la catedral de Tuku (Finlandia). El primero de ellos, cuenta que, perseguida por el rey, su padre, por haberse convertido al cristianismo, \u00e9ste ve como un muro se interpone en su camino. En la otra escena, la joven B\u00e1rbara se esconde en el bosque, perseguida todav\u00eda por el airado padre; aunque est\u00e1 representada en el plano posterior y medio escondida por la frondosidad, la santa es reconocible por su halo dorado. Las proporciones entre los personajes es de toda evidencia incorrecta: el pintor se interesa m\u00e1s al efecto narrativo que a la exactitud de la perspectiva.<\/em><\/p>\n\n\n\n<!-- AdBoxLeft2023 --><ins class=\"adsbygoogle\" style=\"display:block\" data-ad-client=\"ca-pub-2468002815867636\" data-ad-slot=\"1318022963\" data-ad-format=\"auto\" data-full-width-responsive=\"true\"><\/ins><script> (adsbygoogle = window.adsbygoogle || []).push({});<\/script><h2 class=\"wp-block-heading\">El Maestro de santa Ver\u00f3nica<\/h2>\n\n\n\n<p>Colonia, la poderosa urbe del Rin inferior, fue uno de los focos donde se desarroll\u00f3 en <a href=\"https:\/\/www.aparences.net\/es\/periodos\/gotico-internacional\/estilo-gotico-internacional\/\" data-type=\"link\" data-id=\"https:\/\/www.aparences.net\/es\/periodos\/gotico-internacional\/estilo-gotico-internacional\/\">estilo g\u00f3tico internacional<\/a> en Alemania; sus elementos tradicionalistas correspond\u00edan al car\u00e1cter conservador de esta ciudad. A su atm\u00f3sfera intimista, hay que a\u00f1adir un inter\u00e9s particular por la imagen de devoci\u00f3n, que sirviera de apoyo a la b\u00fasqueda espiritual propuesta por los grandes m\u00edsticos renanos del siglo XIV: Maestro Eckhart, Henri Suso y Johannes Tauler. Por ese motivo, <strong>la pintura de Colonia es excepcionalmente importante en cantidad y en calidad<\/strong>, <strong>respetando los reglamentos estrictos fijados por la Corporaci\u00f3n de los pintores<\/strong>. El <em>Retablo de las Clarisas<\/em> (1400), y atribuido al <strong>maestro llamado de Santa Veronica<\/strong> &#8211; quiz\u00e1s el m\u00e1s importante pintor de Colonia antes de Stefan Lochner, desarrolla un extenso ciclo narrativo, sus paneles est\u00e1n organizados a menudo en torno a una \u00fanica escena para facilitar el recogimiento. El arte del <strong>Maestro de la Veronica<\/strong>, activo hacia 1395-1415, es el centro de toda una producci\u00f3n piadosa. En <em><strong>Santa Ver\u00f3nica con el lienzo<\/strong><\/em> (hacia 1420), el tema ya no es una de las escenas de la Pasi\u00f3n sino la presentaci\u00f3n frontal, a la manera de un icono, del rostro sufriente de Jes\u00fas ofrecido a la plegaria silenciosa del devoto. En el <em>Monte Calvario<\/em>, tambi\u00e9n del mismo pintor, introduce el tipo de calvario con numerosas figuras.<\/p>\n\n\n<div class=\"wp-block-image\">\n<figure class=\"aligncenter\"><img loading=\"lazy\" decoding=\"async\" width=\"548\" height=\"340\" src=\"https:\/\/www.aparences.net\/wp-content\/uploads\/2017\/05\/sainte-veronique-au-suaire-1420-maitre-de-sainte-veronique-munich-alte-pinakothek.jpg\" alt=\"Santa Ver\u00f3nica con el lienzo, 1420, Maestro de santa Ver\u00f3nica\" class=\"wp-image-17869\" title=\"Santa Ver\u00f3nica con el lienzo, 1420, Maestro de santa Ver\u00f3nica\" srcset=\"https:\/\/www.aparences.net\/wp-content\/uploads\/2017\/05\/sainte-veronique-au-suaire-1420-maitre-de-sainte-veronique-munich-alte-pinakothek.jpg 548w, https:\/\/www.aparences.net\/wp-content\/uploads\/2017\/05\/sainte-veronique-au-suaire-1420-maitre-de-sainte-veronique-munich-alte-pinakothek-300x186.jpg 300w\" sizes=\"auto, (max-width: 548px) 100vw, 548px\" \/><figcaption class=\"wp-element-caption\"><em><strong>Santa Ver\u00f3nica con el lienzo<\/strong>, 1420, <strong>Maestro de santa Ver\u00f3nica<\/strong> <\/em><br><em>(Munich, Alte Pinakothek)<\/em><\/figcaption><\/figure>\n<\/div>\n\n\n<p><em>La historia de santa Ver\u00f3nica, seg\u00fan la cual habr\u00eda ofrecido su velo a Jes\u00fas para que se secara el sudor del rostro en el camino al Calvario; la cara del Salvador se habr\u00eda imprimido milagrosamente. La popularidad de esta tabla fue favorecida por el hecho de que el velo o lienzo de la Ver\u00f3nica era exhibido en Roma y que muchas indulgencias estaban ligadas precisamente a su veneraci\u00f3n. La disposici\u00f3n regular de las espinas, el drapeado curvil\u00edneo de los bordes del velo, la delicadeza de la cara y de los dedos de la santa, destierran toda expresi\u00f3n de dolor intenso. Hay una diferencia de escala entre el velo, la santa y los \u00e1ngeles, y una ausencia de relaci\u00f3n espacial coherente entre el suelo enlosado, el cuerpo escondido de la Ver\u00f3nica y el fondo de oro. Los \u00e1ngeles han sido pintados con colores muy dulces y una t\u00e9cnica de glaseado extremadamente fina.<br><\/em><\/p>\n\n\n<div class=\"wp-block-image\">\n<figure class=\"aligncenter\"><img loading=\"lazy\" decoding=\"async\" width=\"315\" height=\"430\" src=\"https:\/\/www.aparences.net\/wp-content\/uploads\/2010\/07\/maitre_veronique2.jpg\" alt=\"El Monte Calvario, hacia 1415, Maestro de santa Ver\u00f3nica\" class=\"wp-image-14387\" title=\"El Monte Calvario, hacia 1415, Maestro de santa Ver\u00f3nica\" srcset=\"https:\/\/www.aparences.net\/wp-content\/uploads\/2010\/07\/maitre_veronique2.jpg 315w, https:\/\/www.aparences.net\/wp-content\/uploads\/2010\/07\/maitre_veronique2-219x300.jpg 219w\" sizes=\"auto, (max-width: 315px) 100vw, 315px\" \/><figcaption class=\"wp-element-caption\"><em><strong>El Monte Calvario<\/strong>, hacia 1415, <\/em><br><em><strong>Maestro de santa Ver\u00f3nica<\/strong> <\/em><br><em>(Colonia, Wallraf-Richartz Museum)<\/em><\/figcaption><\/figure>\n<\/div>\n\n\n<p class=\"has-text-align-left\"><em>En torno a la cruz, se hallan las figuras ecuestres del \u00abbuen centuri\u00f3n\u00bb en adoraci\u00f3n, y el ciego Longinos, a quien hay que guiar la mano que empu\u00f1a la lanza, y que recobra la vista gracias a la sangre que brota de la herida de Cristo; en primer plano, los familiares reagrupados en torno a la Madre, l\u00edvida de dolor, y los soldados que se juegan a los dados las vestiduras del crucificado.<\/em><\/p>\n\n\n<div class=\"wp-block-image\">\n<figure class=\"aligncenter\"><img loading=\"lazy\" decoding=\"async\" width=\"387\" height=\"334\" src=\"https:\/\/www.aparences.net\/wp-content\/uploads\/2010\/07\/maitre_veronique3.jpg\" alt=\"El Monte Calvario, hacia 1415, Maestro de santa Ver\u00f3nica, detalle\" class=\"wp-image-14388\" title=\"El Monte Calvario, hacia 1415, Maestro de santa Ver\u00f3nica, detalle\" srcset=\"https:\/\/www.aparences.net\/wp-content\/uploads\/2010\/07\/maitre_veronique3.jpg 387w, https:\/\/www.aparences.net\/wp-content\/uploads\/2010\/07\/maitre_veronique3-300x258.jpg 300w\" sizes=\"auto, (max-width: 387px) 100vw, 387px\" \/><\/figure>\n<\/div>\n\n\n<p><em>Las facciones crueles de los soldados est\u00e1n finamente dibujadas as\u00ed como su ropa a la moda orientalizante. Hay que subrayar la delicadeza y la luminosidad de los colores y su aspecto esmaltado, as\u00ed como la observaci\u00f3n muy objetiva de los caballos lujosamente enjaezados, a pesar de sus proporciones todav\u00eda imperfectas y de su torpe postura.<\/em><\/p>\n\n\n\n<h2 class=\"wp-block-heading\">Stephan Lochner<\/h2>\n\n\n\n<p>El gran<strong> Stephan Lochner<\/strong> (Meersburg hacia 1400 &#8211; Colonia 1451)&nbsp; se mantuvo siempre <strong>fiel al estilo del g\u00f3tico tard\u00edo<\/strong> de la regi\u00f3n del Rin (del que da una versi\u00f3n muy original, extremadamente l\u00edrica y delicada), aun conociendo desde hac\u00eda tiempo el naturalismo de los <a href=\"https:\/\/www.aparences.net\/es\/escuelas\/los-primitivos-flamencos\/\">pintores flamencos<\/a> gracias a&nbsp;<a title=\"Robert Campin\" href=\"https:\/\/www.aparences.net\/es\/escuelas\/los-primitivos-flamencos\/el-realismo-en-la-pintura-flamenca\/\">Robert Campin<\/a> (el Maestro de Fl\u00e9malle).&nbsp;En Colonia, se inspir\u00f3 sin duda de la pintura antigua. La dulzura natural del artista se expresa plenamente en los <strong>delicados cuadros que representan im\u00e1genes de la Virgen<\/strong>, de pie con un movimiento de torsi\u00f3n muy elegante, o sentada en el suelo en la actitud de las V\u00edrgenes de la Humildad, dentro de una reconstituci\u00f3n floral que recuerda la alegre iconograf\u00eda del g\u00f3tico tard\u00edo (<em><strong>Virgen del rosal<\/strong><\/em>, Colonia, Wallraf-Richartz Museum, <em>Virgen de las violetas<\/em>, Colonia, Museo Diocesano). Sin embargo, en las obras pintadas en plena madurez, no se observa una conquista total del espacio natural, siempre eludido o h\u00e1bilmente disimulado por medios figurativos, como el fondo dorado (<em><strong>Presentaci\u00f3n en el templo<\/strong><\/em>, 1447, Darmstadt, Hessisches Landesmuseum) o la limitaci\u00f3n del fondo paisaj\u00edstico por medio de una \u00abfuga\u00bb lateral ( <em>Adoraci\u00f3n del Ni\u00f1o<\/em>, Munich, Alte Pinakothek). El gran tr\u00edptico <em>Adoraci\u00f3n de los Magos<\/em> (hoy en la catedral de Colonia, pero encargado para la capilla del Consistorio), obra maestra de Lochner es la prueba m\u00e1s evidente de su contradictoria afirmaci\u00f3n-negaci\u00f3n de las exigencias de la perspectiva. Lochner muri\u00f3 en plena madurez sin poder continuar su obra. Su gran influencia en Renania y en Westfalia, lleg\u00f3 hasta <a title=\"Alberto Durero\" href=\"https:\/\/www.aparences.net\/es\/periodos\/el-renacimiento-nordico\/alberto-durero\/\">Alberto Durero<\/a>.<\/p>\n\n\n<div class=\"wp-block-image\">\n<figure class=\"aligncenter size-full\"><img loading=\"lazy\" decoding=\"async\" width=\"289\" height=\"370\" src=\"https:\/\/www.aparences.net\/wp-content\/uploads\/2010\/07\/lochner_madone1.jpg\" alt=\"Virgen del rosal, 1448, Stephan Lochner \" class=\"wp-image-14389\" title=\"Virgen del rosal, 1448, Stephan Lochner \" srcset=\"https:\/\/www.aparences.net\/wp-content\/uploads\/2010\/07\/lochner_madone1.jpg 289w, https:\/\/www.aparences.net\/wp-content\/uploads\/2010\/07\/lochner_madone1-234x300.jpg 234w\" sizes=\"auto, (max-width: 289px) 100vw, 289px\" \/><\/figure>\n<\/div>\n\n<div class=\"wp-block-image\">\n<figure class=\"aligncenter\"><img loading=\"lazy\" decoding=\"async\" width=\"434\" height=\"370\" src=\"https:\/\/www.aparences.net\/wp-content\/uploads\/2017\/05\/Stephan-Lochner-Madone-a-la-roseraie-vers-1448-Cologne-Wallraf-Richartz-Museum.jpg\" alt=\"Virgen del rosal, 1448, Stephan Lochner, detalle\" class=\"wp-image-17870\" title=\"Virgen del rosal, 1448, Stephan Lochner, detalle\" srcset=\"https:\/\/www.aparences.net\/wp-content\/uploads\/2017\/05\/Stephan-Lochner-Madone-a-la-roseraie-vers-1448-Cologne-Wallraf-Richartz-Museum.jpg 434w, https:\/\/www.aparences.net\/wp-content\/uploads\/2017\/05\/Stephan-Lochner-Madone-a-la-roseraie-vers-1448-Cologne-Wallraf-Richartz-Museum-300x256.jpg 300w\" sizes=\"auto, (max-width: 434px) 100vw, 434px\" \/><figcaption class=\"wp-element-caption\"><em><strong>Virgen del rosal <\/strong>y detalles, hacia 1448, <strong>Stephan Lochner<\/strong> <\/em><br><em>(Colonia, Wallraf-Richartz Museum) <\/em><\/figcaption><\/figure>\n<\/div>\n\n\n<p class=\"has-text-align-left\"><em>En esta tabla, Lochtner hace un despliegue de delicadeza y de sensibilidad extrema. Al contrario de otras obras que tratan del mismo tema, aqu\u00ed nada desv\u00eda la atenci\u00f3n de la figura de Maria.<\/em> <em>La tabla es esencialmente una imagen de su humildad y de su glorificaci\u00f3n; sus cualidades, como las flores que simbolizan sus virtudes o el broche con el unicornio, imagen de su virginidad, no son m\u00e1s que im\u00e1genes secundarias. Toda la riqueza de los medios art\u00edsticos es puesta en obra para expresar la pureza, la gracia y la dulzura del tema mariano.<\/em><\/p>\n\n\n<div class=\"wp-block-image\">\n<figure class=\"aligncenter\"><img loading=\"lazy\" decoding=\"async\" width=\"501\" height=\"340\" src=\"https:\/\/www.aparences.net\/wp-content\/uploads\/2017\/05\/stephan-lochner-presentation-au-temple-1447-darmstadt-lessisches-landesmuseum.jpg\" alt=\"Presentaci\u00f3n en el templo, 1447, Stephan Lochner\" class=\"wp-image-17871\" title=\"Presentaci\u00f3n en el templo, 1447, Stephan Lochner\" srcset=\"https:\/\/www.aparences.net\/wp-content\/uploads\/2017\/05\/stephan-lochner-presentation-au-temple-1447-darmstadt-lessisches-landesmuseum.jpg 501w, https:\/\/www.aparences.net\/wp-content\/uploads\/2017\/05\/stephan-lochner-presentation-au-temple-1447-darmstadt-lessisches-landesmuseum-300x204.jpg 300w\" sizes=\"auto, (max-width: 501px) 100vw, 501px\" \/><figcaption class=\"wp-element-caption\"><em><strong>Presentaci\u00f3n en el templo<\/strong>, 1447, <strong>Stephan Lochner<\/strong><\/em><br><em> (Darmstadt, Hessisches Landesmuseum)<\/em><\/figcaption><\/figure>\n<\/div>\n\n\n<p><em>Lochner amaba solamente los temas sensibles y tiernos de la fe. En su obra, no se encuentra, por ejemplo, ninguna representaci\u00f3n de la Pasi\u00f3n. Este retablo con su compleja composici\u00f3n, ha sido realizado utilizando las formas dulces y solemnes del \u00abestilo suave\u00bb (Weicher Stil). Las siluetas \u00e1gilmente arqueadas de los \u00e1ngeles azules, destacan intensamente sobre el fondo dorado, como pasa a menudo en los cuadros de este pintor. La predilecci\u00f3n por los detalles descriptivos, relaciona esta obra con la pintura flamenca y borgo\u00f1ona contempor\u00e1nea. Las caras con los rasgos redondeados y los ojos semicerrados son tambi\u00e9n caracter\u00edsticos de la manera de Stephan Lochner.<\/em><\/p>\n\n\n\n<h2 class=\"wp-block-heading\">El Rin Superior<\/h2>\n\n\n\n<p>A causa de las destrucciones causadas por los iconoclastas de la Reforma y por las numerosas guerras, s\u00f3lo quedan restos espor\u00e1dicos de <strong>la pintura de la Alta Renania<\/strong>, pero atestiguan todav\u00eda del papel importante del arte de esta regi\u00f3n durante los siglos XIV y XV. En la primera mitad del siglo XV, los concilios de Constanza y de Basilea tuvieron que dar un nuevo impulso a la producci\u00f3n art\u00edstica. Debido a su analog\u00eda con otros paneles que se han podido localizar, por ejemplo, la <em><strong>Virgen de las fresas<\/strong><\/em> de Solothurn, la tabla del <em><strong>Jard\u00edn del Para\u00edso<\/strong><\/em> de Frankfurt se puede clasificar sin duda dentro de la categor\u00eda del arte de la Alta Renania. En cambio, es m\u00e1s dif\u00edcil saber si se pint\u00f3 en Estrasburgo, en Basilea, en Constanza o en otro lugar. En cuanto a la tabla <em><strong>Crucifixi\u00f3n con monje dominico<\/strong><\/em> que se encuentra en el Museo de Colmar, los \u00faltimos estudios han atribuido esta obra al pintor Herman Schadeberg, llamado hasta entonces el Maestro de la Crucifixi\u00f3n con monje dominico. Hermann Schadeberg, es citado en los documentos como pintor de banderas, miniaturista, dorador y autor de policrom\u00edas en esculturas y en objetos de orfebrer\u00eda.<\/p>\n\n\n<div class=\"wp-block-image\">\n<figure class=\"aligncenter\"><img loading=\"lazy\" decoding=\"async\" width=\"508\" height=\"417\" src=\"https:\/\/www.aparences.net\/wp-content\/uploads\/2017\/05\/maitre-du-jardin-du-paradis-madone-aux-fraises-1420.jpg\" alt=\"Virgen de las Fresas, hacia 1420, Maestro del Jard\u00edn del Para\u00edso\" class=\"wp-image-17872\" title=\"Virgen de las Fresas, hacia 1420, Maestro del Jard\u00edn del Para\u00edso\" srcset=\"https:\/\/www.aparences.net\/wp-content\/uploads\/2017\/05\/maitre-du-jardin-du-paradis-madone-aux-fraises-1420.jpg 508w, https:\/\/www.aparences.net\/wp-content\/uploads\/2017\/05\/maitre-du-jardin-du-paradis-madone-aux-fraises-1420-300x246.jpg 300w\" sizes=\"auto, (max-width: 508px) 100vw, 508px\" \/><figcaption class=\"wp-element-caption\"><em><strong>Virgen de las Fresas<\/strong>, hacia 1420, <strong>Maestro del Jard\u00edn del Para\u00edso<\/strong> <\/em><br><em>(activo hacia 1410-1430, Alto Rin) (Frankfurt, St\u00e4delsches Kunstinstitut)<\/em><\/figcaption><\/figure>\n<\/div>\n\n<div class=\"wp-block-image\">\n<figure class=\"aligncenter\"><img loading=\"lazy\" decoding=\"async\" width=\"498\" height=\"370\" src=\"https:\/\/www.aparences.net\/wp-content\/uploads\/2017\/05\/le-jardin-du-paradis-vierge-lisant-1410-maitre-du-jardin-du-paradis-de-francfort-francfort-stadelsches-kunstinstitut.jpg\" alt=\"El Jard\u00edn del Para\u00edso, detalle\" class=\"wp-image-17873\" title=\"El Jard\u00edn del Para\u00edso, detalle\" srcset=\"https:\/\/www.aparences.net\/wp-content\/uploads\/2017\/05\/le-jardin-du-paradis-vierge-lisant-1410-maitre-du-jardin-du-paradis-de-francfort-francfort-stadelsches-kunstinstitut.jpg 498w, https:\/\/www.aparences.net\/wp-content\/uploads\/2017\/05\/le-jardin-du-paradis-vierge-lisant-1410-maitre-du-jardin-du-paradis-de-francfort-francfort-stadelsches-kunstinstitut-300x223.jpg 300w\" sizes=\"auto, (max-width: 498px) 100vw, 498px\" \/><figcaption class=\"wp-element-caption\"><em><strong>El Jard\u00edn del Para\u00edso<\/strong>, detalle con la Virgen leyendo, hacia 1410, <\/em><br><em><strong>Maestro del Jard\u00edn del Para\u00edso <\/strong>(Frankfurt, St\u00e4delsches Kunstinstitut)<\/em><\/figcaption><\/figure>\n<\/div>\n\n\n<p>El <em>Jard\u00edn del para\u00edso<\/em> es la obra maestra de esta escuela. El tema de la Virgen en un jard\u00edn cerrado (<em>hortus conclusus<\/em>) est\u00e1 ligado a la m\u00edstica de las monjas, y las figuras delicadas, carentes de rasgos individuales, se inscriben dentro de un espacio sagrado en el que se respira una paz inaccesible. Ese lugar, puede ser tambi\u00e9n una transposici\u00f3n de los jardines profanos; el pintor fija esta escena de pura devoci\u00f3n en el mundo aristocr\u00e1tico y cort\u00e9s.<\/p>\n\n\n<div class=\"wp-block-image\">\n<figure class=\"aligncenter\"><img loading=\"lazy\" decoding=\"async\" width=\"498\" height=\"349\" src=\"https:\/\/www.aparences.net\/wp-content\/uploads\/2017\/05\/le-jardin-du-paradis-1410-maitre-du-jardin-du-paradis-de-francfort-francfort-stadelsches-kunstinstitut.jpg\" alt=\"El Jard\u00edn del Para\u00edso, detalle 1\" class=\"wp-image-17874\" title=\"El Jard\u00edn del Para\u00edso, detalle 1\" srcset=\"https:\/\/www.aparences.net\/wp-content\/uploads\/2017\/05\/le-jardin-du-paradis-1410-maitre-du-jardin-du-paradis-de-francfort-francfort-stadelsches-kunstinstitut.jpg 498w, https:\/\/www.aparences.net\/wp-content\/uploads\/2017\/05\/le-jardin-du-paradis-1410-maitre-du-jardin-du-paradis-de-francfort-francfort-stadelsches-kunstinstitut-300x210.jpg 300w\" sizes=\"auto, (max-width: 498px) 100vw, 498px\" \/><figcaption class=\"wp-element-caption\"><em><strong>El Jard\u00edn del Para\u00edso<\/strong>, detalle con el Ni\u00f1o tocando un instrumento, 1410, <strong>Maestro del Jard\u00edn del Para\u00edso <\/strong><\/em><br><em>(Frankfurt, St\u00e4delsches Kunstinstitut)<\/em><\/figcaption><\/figure>\n<\/div>\n\n<div class=\"wp-block-image\">\n<figure class=\"aligncenter\"><img loading=\"lazy\" decoding=\"async\" width=\"296\" height=\"430\" src=\"https:\/\/www.aparences.net\/wp-content\/uploads\/2010\/07\/schadeberg_crucifixion.jpg\" alt=\"La Crucifixi\u00f3n, 1410-1420, atribuida a Herman Schadeberg\" class=\"wp-image-14390\" title=\"La Crucifixi\u00f3n, 1410-1420, atribuida a Herman Schadeberg\" srcset=\"https:\/\/www.aparences.net\/wp-content\/uploads\/2010\/07\/schadeberg_crucifixion.jpg 296w, https:\/\/www.aparences.net\/wp-content\/uploads\/2010\/07\/schadeberg_crucifixion-206x300.jpg 206w\" sizes=\"auto, (max-width: 296px) 100vw, 296px\" \/><figcaption class=\"wp-element-caption\"><em><strong>La Crucifixi\u00f3n con monje dominico<\/strong>, <\/em><br><em>hacia 1410-1420, <\/em><br><em><strong>atribuida a Herman Schadeberg<\/strong> <\/em><br><em>(Colmar, Museo de Unterlinden)<\/em><\/figcaption><\/figure>\n<\/div>\n\n\n<p><em>El fondo de oro no constituye una negaci\u00f3n del espacio, sino una abertura hacia el mundo celeste, acorde con las efusiones l\u00edricas de los conventos dominicos y franciscanos del valle del Rin. Esta obra tuvo que ser realizada a instancias del fraile dominico que se encuentra al pi\u00e9 de la cruz.<br><\/em><\/p>\n","protected":false},"excerpt":{"rendered":"<p>El \u00abweicher Stil\u00bb (estilo tierno o dulce)  es la manifestaci\u00f3n germ\u00e1nica del estilo g\u00f3tico internacional.<\/p>\n","protected":false},"author":2,"featured_media":26386,"comment_status":"closed","ping_status":"closed","sticky":false,"template":"","format":"standard","meta":{"footnotes":""},"categories":[2332],"tags":[3461,3443,6112,3466,3462,2376,3467,1035],"class_list":["post-13284","post","type-post","status-publish","format-standard","has-post-thumbnail","hentry","category-gotico-internacional","tag-bertram-von-minen","tag-gotico-internacional","tag-gotico-internacional-en-alemania","tag-konrad-von-soest-2","tag-maestro-del-jardin-del-paraiso","tag-maestro-francke","tag-stephan-lochner-es","tag-style-gothique-international"],"yoast_head":"<!-- This site is optimized with the Yoast SEO plugin v27.2 - https:\/\/yoast.com\/product\/yoast-seo-wordpress\/ -->\n<title>El g\u00f3tico internacional en Alemania<\/title>\n<meta name=\"description\" content=\"El \u00abweicher Stil\u00bb (estilo tierno o dulce) es la manifestaci\u00f3n germ\u00e1nica del estilo g\u00f3tico internacional.\" \/>\n<meta name=\"robots\" content=\"index, follow, max-snippet:-1, max-image-preview:large, max-video-preview:-1\" \/>\n<link rel=\"canonical\" href=\"https:\/\/www.aparences.net\/es\/periodos\/gotico-internacional\/el-gotico-internacional-en-alemania\/\" \/>\n<meta property=\"og:locale\" content=\"es_ES\" \/>\n<meta property=\"og:type\" content=\"article\" \/>\n<meta property=\"og:title\" content=\"El g\u00f3tico internacional en Alemania\" \/>\n<meta property=\"og:description\" content=\"El \u00abweicher Stil\u00bb (estilo tierno o dulce) es la manifestaci\u00f3n germ\u00e1nica del estilo g\u00f3tico internacional.\" \/>\n<meta property=\"og:url\" content=\"https:\/\/www.aparences.net\/es\/periodos\/gotico-internacional\/el-gotico-internacional-en-alemania\/\" \/>\n<meta property=\"og:site_name\" content=\"Aparences\" \/>\n<meta property=\"article:published_time\" content=\"2011-04-18T16:09:17+00:00\" \/>\n<meta property=\"article:modified_time\" content=\"2025-12-11T18:40:56+00:00\" \/>\n<meta property=\"og:image\" content=\"https:\/\/www.aparences.net\/wp-content\/uploads\/2011\/04\/gothique-international-allemagne.jpg\" \/>\n\t<meta property=\"og:image:width\" content=\"1080\" \/>\n\t<meta property=\"og:image:height\" content=\"540\" \/>\n\t<meta property=\"og:image:type\" content=\"image\/jpeg\" \/>\n<meta name=\"author\" content=\"admin\" \/>\n<meta name=\"twitter:card\" content=\"summary_large_image\" \/>\n<meta name=\"twitter:label1\" content=\"Escrito por\" \/>\n\t<meta name=\"twitter:data1\" content=\"admin\" \/>\n\t<meta name=\"twitter:label2\" content=\"Tiempo de lectura\" \/>\n\t<meta name=\"twitter:data2\" content=\"20 minutos\" \/>\n<script type=\"application\/ld+json\" class=\"yoast-schema-graph\">{\"@context\":\"https:\/\/schema.org\",\"@graph\":[{\"@type\":\"Article\",\"@id\":\"https:\/\/www.aparences.net\/es\/periodos\/gotico-internacional\/el-gotico-internacional-en-alemania\/#article\",\"isPartOf\":{\"@id\":\"https:\/\/www.aparences.net\/es\/periodos\/gotico-internacional\/el-gotico-internacional-en-alemania\/\"},\"author\":{\"name\":\"admin\",\"@id\":\"https:\/\/www.aparences.net\/es\/#\/schema\/person\/af349f6ffc31b16c68963e61268afca5\"},\"headline\":\"El g\u00f3tico internacional en Alemania\",\"datePublished\":\"2011-04-18T16:09:17+00:00\",\"dateModified\":\"2025-12-11T18:40:56+00:00\",\"mainEntityOfPage\":{\"@id\":\"https:\/\/www.aparences.net\/es\/periodos\/gotico-internacional\/el-gotico-internacional-en-alemania\/\"},\"wordCount\":3641,\"publisher\":{\"@id\":\"https:\/\/www.aparences.net\/es\/#organization\"},\"image\":{\"@id\":\"https:\/\/www.aparences.net\/es\/periodos\/gotico-internacional\/el-gotico-internacional-en-alemania\/#primaryimage\"},\"thumbnailUrl\":\"https:\/\/www.aparences.net\/wp-content\/uploads\/2011\/04\/gothique-international-allemagne.jpg\",\"keywords\":[\"Bertram von Minen\",\"g\u00f3tico internacional\",\"g\u00f3tico internacional en Alemania\",\"Konrad von Soest\",\"Maestro del jard\u00edn del Para\u00edso\",\"Maestro Francke\",\"Stephan Lochner\",\"style gothique international\"],\"articleSection\":[\"G\u00f3tico internacional\"],\"inLanguage\":\"es\"},{\"@type\":[\"WebPage\",\"ItemPage\"],\"@id\":\"https:\/\/www.aparences.net\/es\/periodos\/gotico-internacional\/el-gotico-internacional-en-alemania\/\",\"url\":\"https:\/\/www.aparences.net\/es\/periodos\/gotico-internacional\/el-gotico-internacional-en-alemania\/\",\"name\":\"El g\u00f3tico internacional en Alemania\",\"isPartOf\":{\"@id\":\"https:\/\/www.aparences.net\/es\/#website\"},\"primaryImageOfPage\":{\"@id\":\"https:\/\/www.aparences.net\/es\/periodos\/gotico-internacional\/el-gotico-internacional-en-alemania\/#primaryimage\"},\"image\":{\"@id\":\"https:\/\/www.aparences.net\/es\/periodos\/gotico-internacional\/el-gotico-internacional-en-alemania\/#primaryimage\"},\"thumbnailUrl\":\"https:\/\/www.aparences.net\/wp-content\/uploads\/2011\/04\/gothique-international-allemagne.jpg\",\"datePublished\":\"2011-04-18T16:09:17+00:00\",\"dateModified\":\"2025-12-11T18:40:56+00:00\",\"description\":\"El \u00abweicher Stil\u00bb (estilo tierno o dulce) es la manifestaci\u00f3n germ\u00e1nica del estilo g\u00f3tico internacional.\",\"breadcrumb\":{\"@id\":\"https:\/\/www.aparences.net\/es\/periodos\/gotico-internacional\/el-gotico-internacional-en-alemania\/#breadcrumb\"},\"inLanguage\":\"es\",\"potentialAction\":[{\"@type\":\"ReadAction\",\"target\":[\"https:\/\/www.aparences.net\/es\/periodos\/gotico-internacional\/el-gotico-internacional-en-alemania\/\"]}]},{\"@type\":\"ImageObject\",\"inLanguage\":\"es\",\"@id\":\"https:\/\/www.aparences.net\/es\/periodos\/gotico-internacional\/el-gotico-internacional-en-alemania\/#primaryimage\",\"url\":\"https:\/\/www.aparences.net\/wp-content\/uploads\/2011\/04\/gothique-international-allemagne.jpg\",\"contentUrl\":\"https:\/\/www.aparences.net\/wp-content\/uploads\/2011\/04\/gothique-international-allemagne.jpg\",\"width\":1080,\"height\":540},{\"@type\":\"BreadcrumbList\",\"@id\":\"https:\/\/www.aparences.net\/es\/periodos\/gotico-internacional\/el-gotico-internacional-en-alemania\/#breadcrumb\",\"itemListElement\":[{\"@type\":\"ListItem\",\"position\":1,\"name\":\"Portada\",\"item\":\"https:\/\/www.aparences.net\/es\/\"},{\"@type\":\"ListItem\",\"position\":2,\"name\":\"El g\u00f3tico internacional en Alemania\"}]},{\"@type\":\"WebSite\",\"@id\":\"https:\/\/www.aparences.net\/es\/#website\",\"url\":\"https:\/\/www.aparences.net\/es\/\",\"name\":\"Aparences: Historia del Arte y Actualidad Cultural\",\"description\":\"\",\"publisher\":{\"@id\":\"https:\/\/www.aparences.net\/es\/#organization\"},\"potentialAction\":[{\"@type\":\"SearchAction\",\"target\":{\"@type\":\"EntryPoint\",\"urlTemplate\":\"https:\/\/www.aparences.net\/es\/?s={search_term_string}\"},\"query-input\":{\"@type\":\"PropertyValueSpecification\",\"valueRequired\":true,\"valueName\":\"search_term_string\"}}],\"inLanguage\":\"es\"},{\"@type\":\"Organization\",\"@id\":\"https:\/\/www.aparences.net\/es\/#organization\",\"name\":\"Aparences: Historia del Arte y Actualidad Cultural\",\"url\":\"https:\/\/www.aparences.net\/es\/\",\"logo\":{\"@type\":\"ImageObject\",\"inLanguage\":\"es\",\"@id\":\"https:\/\/www.aparences.net\/es\/#\/schema\/logo\/image\/\",\"url\":\"https:\/\/www.aparences.net\/wp-content\/uploads\/2023\/09\/logo-quadrat-color-e1695915315229.png\",\"contentUrl\":\"https:\/\/www.aparences.net\/wp-content\/uploads\/2023\/09\/logo-quadrat-color-e1695915315229.png\",\"width\":120,\"height\":120,\"caption\":\"Aparences: Historia del Arte y Actualidad Cultural\"},\"image\":{\"@id\":\"https:\/\/www.aparences.net\/es\/#\/schema\/logo\/image\/\"}},{\"@type\":\"Person\",\"@id\":\"https:\/\/www.aparences.net\/es\/#\/schema\/person\/af349f6ffc31b16c68963e61268afca5\",\"name\":\"admin\",\"url\":\"https:\/\/www.aparences.net\/es\/author\/admin\/\"}]}<\/script>\n<!-- \/ Yoast SEO plugin. -->","yoast_head_json":{"title":"El g\u00f3tico internacional en Alemania","description":"El \u00abweicher Stil\u00bb (estilo tierno o dulce) es la manifestaci\u00f3n germ\u00e1nica del estilo g\u00f3tico internacional.","robots":{"index":"index","follow":"follow","max-snippet":"max-snippet:-1","max-image-preview":"max-image-preview:large","max-video-preview":"max-video-preview:-1"},"canonical":"https:\/\/www.aparences.net\/es\/periodos\/gotico-internacional\/el-gotico-internacional-en-alemania\/","og_locale":"es_ES","og_type":"article","og_title":"El g\u00f3tico internacional en Alemania","og_description":"El \u00abweicher Stil\u00bb (estilo tierno o dulce) es la manifestaci\u00f3n germ\u00e1nica del estilo g\u00f3tico internacional.","og_url":"https:\/\/www.aparences.net\/es\/periodos\/gotico-internacional\/el-gotico-internacional-en-alemania\/","og_site_name":"Aparences","article_published_time":"2011-04-18T16:09:17+00:00","article_modified_time":"2025-12-11T18:40:56+00:00","og_image":[{"width":1080,"height":540,"url":"https:\/\/www.aparences.net\/wp-content\/uploads\/2011\/04\/gothique-international-allemagne.jpg","type":"image\/jpeg"}],"author":"admin","twitter_card":"summary_large_image","twitter_misc":{"Escrito por":"admin","Tiempo de lectura":"20 minutos"},"schema":{"@context":"https:\/\/schema.org","@graph":[{"@type":"Article","@id":"https:\/\/www.aparences.net\/es\/periodos\/gotico-internacional\/el-gotico-internacional-en-alemania\/#article","isPartOf":{"@id":"https:\/\/www.aparences.net\/es\/periodos\/gotico-internacional\/el-gotico-internacional-en-alemania\/"},"author":{"name":"admin","@id":"https:\/\/www.aparences.net\/es\/#\/schema\/person\/af349f6ffc31b16c68963e61268afca5"},"headline":"El g\u00f3tico internacional en Alemania","datePublished":"2011-04-18T16:09:17+00:00","dateModified":"2025-12-11T18:40:56+00:00","mainEntityOfPage":{"@id":"https:\/\/www.aparences.net\/es\/periodos\/gotico-internacional\/el-gotico-internacional-en-alemania\/"},"wordCount":3641,"publisher":{"@id":"https:\/\/www.aparences.net\/es\/#organization"},"image":{"@id":"https:\/\/www.aparences.net\/es\/periodos\/gotico-internacional\/el-gotico-internacional-en-alemania\/#primaryimage"},"thumbnailUrl":"https:\/\/www.aparences.net\/wp-content\/uploads\/2011\/04\/gothique-international-allemagne.jpg","keywords":["Bertram von Minen","g\u00f3tico internacional","g\u00f3tico internacional en Alemania","Konrad von Soest","Maestro del jard\u00edn del Para\u00edso","Maestro Francke","Stephan Lochner","style gothique international"],"articleSection":["G\u00f3tico internacional"],"inLanguage":"es"},{"@type":["WebPage","ItemPage"],"@id":"https:\/\/www.aparences.net\/es\/periodos\/gotico-internacional\/el-gotico-internacional-en-alemania\/","url":"https:\/\/www.aparences.net\/es\/periodos\/gotico-internacional\/el-gotico-internacional-en-alemania\/","name":"El g\u00f3tico internacional en Alemania","isPartOf":{"@id":"https:\/\/www.aparences.net\/es\/#website"},"primaryImageOfPage":{"@id":"https:\/\/www.aparences.net\/es\/periodos\/gotico-internacional\/el-gotico-internacional-en-alemania\/#primaryimage"},"image":{"@id":"https:\/\/www.aparences.net\/es\/periodos\/gotico-internacional\/el-gotico-internacional-en-alemania\/#primaryimage"},"thumbnailUrl":"https:\/\/www.aparences.net\/wp-content\/uploads\/2011\/04\/gothique-international-allemagne.jpg","datePublished":"2011-04-18T16:09:17+00:00","dateModified":"2025-12-11T18:40:56+00:00","description":"El \u00abweicher Stil\u00bb (estilo tierno o dulce) es la manifestaci\u00f3n germ\u00e1nica del estilo g\u00f3tico internacional.","breadcrumb":{"@id":"https:\/\/www.aparences.net\/es\/periodos\/gotico-internacional\/el-gotico-internacional-en-alemania\/#breadcrumb"},"inLanguage":"es","potentialAction":[{"@type":"ReadAction","target":["https:\/\/www.aparences.net\/es\/periodos\/gotico-internacional\/el-gotico-internacional-en-alemania\/"]}]},{"@type":"ImageObject","inLanguage":"es","@id":"https:\/\/www.aparences.net\/es\/periodos\/gotico-internacional\/el-gotico-internacional-en-alemania\/#primaryimage","url":"https:\/\/www.aparences.net\/wp-content\/uploads\/2011\/04\/gothique-international-allemagne.jpg","contentUrl":"https:\/\/www.aparences.net\/wp-content\/uploads\/2011\/04\/gothique-international-allemagne.jpg","width":1080,"height":540},{"@type":"BreadcrumbList","@id":"https:\/\/www.aparences.net\/es\/periodos\/gotico-internacional\/el-gotico-internacional-en-alemania\/#breadcrumb","itemListElement":[{"@type":"ListItem","position":1,"name":"Portada","item":"https:\/\/www.aparences.net\/es\/"},{"@type":"ListItem","position":2,"name":"El g\u00f3tico internacional en Alemania"}]},{"@type":"WebSite","@id":"https:\/\/www.aparences.net\/es\/#website","url":"https:\/\/www.aparences.net\/es\/","name":"Aparences: Historia del Arte y Actualidad Cultural","description":"","publisher":{"@id":"https:\/\/www.aparences.net\/es\/#organization"},"potentialAction":[{"@type":"SearchAction","target":{"@type":"EntryPoint","urlTemplate":"https:\/\/www.aparences.net\/es\/?s={search_term_string}"},"query-input":{"@type":"PropertyValueSpecification","valueRequired":true,"valueName":"search_term_string"}}],"inLanguage":"es"},{"@type":"Organization","@id":"https:\/\/www.aparences.net\/es\/#organization","name":"Aparences: Historia del Arte y Actualidad Cultural","url":"https:\/\/www.aparences.net\/es\/","logo":{"@type":"ImageObject","inLanguage":"es","@id":"https:\/\/www.aparences.net\/es\/#\/schema\/logo\/image\/","url":"https:\/\/www.aparences.net\/wp-content\/uploads\/2023\/09\/logo-quadrat-color-e1695915315229.png","contentUrl":"https:\/\/www.aparences.net\/wp-content\/uploads\/2023\/09\/logo-quadrat-color-e1695915315229.png","width":120,"height":120,"caption":"Aparences: Historia del Arte y Actualidad Cultural"},"image":{"@id":"https:\/\/www.aparences.net\/es\/#\/schema\/logo\/image\/"}},{"@type":"Person","@id":"https:\/\/www.aparences.net\/es\/#\/schema\/person\/af349f6ffc31b16c68963e61268afca5","name":"admin","url":"https:\/\/www.aparences.net\/es\/author\/admin\/"}]}},"_links":{"self":[{"href":"https:\/\/www.aparences.net\/es\/wp-json\/wp\/v2\/posts\/13284","targetHints":{"allow":["GET"]}}],"collection":[{"href":"https:\/\/www.aparences.net\/es\/wp-json\/wp\/v2\/posts"}],"about":[{"href":"https:\/\/www.aparences.net\/es\/wp-json\/wp\/v2\/types\/post"}],"author":[{"embeddable":true,"href":"https:\/\/www.aparences.net\/es\/wp-json\/wp\/v2\/users\/2"}],"replies":[{"embeddable":true,"href":"https:\/\/www.aparences.net\/es\/wp-json\/wp\/v2\/comments?post=13284"}],"version-history":[{"count":0,"href":"https:\/\/www.aparences.net\/es\/wp-json\/wp\/v2\/posts\/13284\/revisions"}],"wp:featuredmedia":[{"embeddable":true,"href":"https:\/\/www.aparences.net\/es\/wp-json\/wp\/v2\/media\/26386"}],"wp:attachment":[{"href":"https:\/\/www.aparences.net\/es\/wp-json\/wp\/v2\/media?parent=13284"}],"wp:term":[{"taxonomy":"category","embeddable":true,"href":"https:\/\/www.aparences.net\/es\/wp-json\/wp\/v2\/categories?post=13284"},{"taxonomy":"post_tag","embeddable":true,"href":"https:\/\/www.aparences.net\/es\/wp-json\/wp\/v2\/tags?post=13284"}],"curies":[{"name":"wp","href":"https:\/\/api.w.org\/{rel}","templated":true}]}}