{"id":13286,"date":"2011-04-19T12:04:03","date_gmt":"2011-04-19T10:04:03","guid":{"rendered":"https:\/\/www.aparences.net\/periodes\/gothique-international\/dominio-franco-flamenco\/"},"modified":"2025-12-11T19:40:56","modified_gmt":"2025-12-11T18:40:56","slug":"dominio-franco-flamenco","status":"publish","type":"post","link":"https:\/\/www.aparences.net\/es\/periodos\/gotico-internacional\/dominio-franco-flamenco\/","title":{"rendered":"Dominio franco-flamenco"},"content":{"rendered":"<p><!--contents--><\/p>\n\n\n<h2 class=\"wp-block-heading\">El g\u00f3tico internacional en Francia<\/h2>\n\n\n\n<p><strong>En Francia<\/strong>, el <strong>g\u00f3tico internacional<\/strong> coincide con el largo reinado de Carlos VI (1380-1422). Este estilo aparece a la vez como el heredero del \u00abestilo Pucelle\u00bb que se prolonga en el arte parisino de los primeros Valois, y como el heredero del gran <a href=\"https:\/\/www.aparences.net\/es\/escuelas\/la-pintura-sienesa\/\">arte sien\u00e9s<\/a> y de <a title=\"Simone Martini\" href=\"https:\/\/www.aparences.net\/es\/periodos\/el-trecento\/el-trecento-en-siena\/#la-delicadeza-aristocr%C3%A1tica-de-simone-martini\">Simone Martini<\/a> en particular que fue asimilado a trav\u00e9s de la corte de los papas en Avi\u00f1\u00f3n. Este arte anuncia <a title=\"Jan van Eyck\" href=\"https:\/\/www.aparences.net\/es\/escuelas\/los-primitivos-flamencos\/jan-van-eyck\/\">Jan van Eyck<\/a> y el realismo flamenco. Entre Avi\u00f1\u00f3n y Brujas, la geograf\u00eda pol\u00edtica en tiempos de Carlos VI, esboza los contornos de una difusi\u00f3n que ha favorecido la implantaci\u00f3n de las cortes principescas y las relaciones privilegiadas entre los territorios reunidos dentro de sus respectivos principados. Entre 1380 y 1450, numerosos artistas nacidos en Flandes van a trabajar en Francia, as\u00ed como en Dijon, ciudad que se encuentra en la parte meridional de los Estados de Borgo\u00f1a. Su sensibilidad posee una modernidad realista de origen italiana venida entre otras de la miniatura lombarda, de las obras que <strong>diversos maestros italianos dejaron en Avi\u00f1\u00f3n<\/strong> y, sobre todo, de la observaci\u00f3n minuciosa de la naturaleza. Todo ello constituir\u00e1 los elementos de la ornamentaci\u00f3n de la miniatura franco-flamenca de comienzos del siglo XV, favoreciendo la <strong>s\u00edntesis entre la tradici\u00f3n aristocr\u00e1tica y las costumbres cortesanas francesas<\/strong> por un lado, y <strong>el gusto en los Pa\u00edses Bajos por un naturalismo<\/strong> sensible y una expresi\u00f3n m\u00e1s directa de inspiraci\u00f3n \u00abburguesa\u00bb, por otro. Adem\u00e1s del patrocinio de un comitente o de un mecenas, la realizaci\u00f3n de una obra de arte de cierta importancia, exige a menudo un concurso de talentos y de colaboraciones. Para las t\u00e9cnicas complejas y costosas como la tapicer\u00eda, la vidriera, la orfebrer\u00eda o el libro iluminado hacen intervenir a intermediarios. Hacia 1375, cuando <strong>Luis I de Anjou encarga su \u00ab<em>beau tapis<\/em>\u00bb del Apocalipsis<\/strong>, se dirige a Nicolas Bataille, comerciante y fabricante que dirige varios talleres de tejedores en Par\u00eds. Para realizar el modelo, el duque de Anjou hace llamar en 1376-1377 al pintor del rey, <strong>Jean Bondol<\/strong> de Brujas donde representar\u00e1 como fondo la<em> <\/em>maravillosa arquitectura g\u00f3tica nacida en Francia. Finalmente, son los tejedores los encargados de interpretar cuidadosamente el modelo con hilos de lana te\u00f1ida. C\u00e9lebre por sus tapicer\u00edas de hilo fino, Arras tambi\u00e9n se impone a partir de 1370 como un centro de producci\u00f3n de notoriedad internacional. Los orfebres ejercen a menudo el oficio de cambistas y de comerciantes, ocupando elevadas funciones en la administraci\u00f3n de las finanzas principescas, como el cambista y orfebre Michel de Laillier que era consejero de la C\u00e1mara de Cuentas.<\/p>\n\n\n<div class=\"wp-block-image\">\n<figure class=\"aligncenter\"><img loading=\"lazy\" decoding=\"async\" width=\"239\" height=\"429\" src=\"https:\/\/www.aparences.net\/wp-content\/uploads\/2010\/07\/tapis_angers.jpg\" alt=\"Apocalipsis de san Juan, tapicer\u00eda, 1375-1381, Jean de Bondol y Nicolas Bataille\" class=\"wp-image-14358\" title=\"Apocalipsis de san Juan, tapicer\u00eda, 1375-1381, Jean de Bondol y Nicolas Bataille\" srcset=\"https:\/\/www.aparences.net\/wp-content\/uploads\/2010\/07\/tapis_angers.jpg 239w, https:\/\/www.aparences.net\/wp-content\/uploads\/2010\/07\/tapis_angers-167x300.jpg 167w\" sizes=\"auto, (max-width: 239px) 100vw, 239px\" \/><figcaption class=\"wp-element-caption\"><em><strong>Apocalipsis de san Juan<\/strong>, fragmento, 1375-1381, <\/em><br><em><strong>Jean de Bondol <\/strong><\/em><br><em> (Angers, Museo de las Tapicer\u00edas)<\/em><\/figcaption><\/figure>\n<\/div>\n\n\n<p>El reinado de Carlos VI presenta una curiosa paradoja. En el plano pol\u00edtico, pasa por ser uno de los mas agitados de la historia de Francia: la locura del rey, el Gran Cisma y su cortejo de antipapas, la guerra civil entre borgo\u00f1ones y armagnacs, los motines en las calles de Par\u00eds, el regreso de la peste, la derrota de Azincourt (1415) y la ocupaci\u00f3n inglesa. Pero a efectos art\u00edsticos, esos cuarenta a\u00f1os se revelan como un periodo glorioso. El florecimiento art\u00edstico est\u00e1 ligado en parte a las causas mismas de la crisis pol\u00edtica: la rivalidad entre los pr\u00edncipes que se disputaban el poder efectivo, va a entrenar una emulaci\u00f3n en el fasto casi real con el que se rodean.<\/p>\n\n\n\n<!-- AdBoxRight2020 --><ins class=\"adsbygoogle\"     style=\"display:block; margin-top:30px;\"     data-ad-client=\"ca-pub-2468002815867636\"     data-ad-slot=\"3496014735\"     data-ad-format=\"auto\"     data-full-width-responsive=\"false\"><\/ins><script> (adsbygoogle = window.adsbygoogle || []).push({});<\/script><h2 class=\"wp-block-heading\">El mecenazgo de los pr\u00edncipes de las flores de lis<\/h2>\n\n\n\n<p>La creaci\u00f3n art\u00edstica est\u00e1 supeditada a la riqueza y prestigio de los comitentes quienes, como hijos, hermanos o t\u00edos de rey, pueden rivalizar con el mecenazgo real. Los mas c\u00e9lebres de estos pr\u00edncipes son de la misma generaci\u00f3n que Carlos V: sus hermanos Luis I de Anjou, <strong>Jean de Berry<\/strong> y <a title=\"Felipe el Atrevido\" href=\"https:\/\/www.aparences.net\/es\/arte-y-mecenazgo\/los-duques-de-borgona\/felipe-el-atrevido\/\">Felipe el Atrevido<\/a>,&nbsp;duque de Borgo\u00f1a, y su cu\u00f1ado, Luis II, duque de Borb\u00f3n. Vienen luego el rey y la reina Isabeau de Baviera, el hermano del rey, Luis de Orleans, asesinado en 1407, y sus primos Luis II de Anjou y <a title=\"Juan sin Miedo\" href=\"https:\/\/www.aparences.net\/es\/arte-y-mecenazgo\/los-duques-de-borgona\/juan-sin-miedo\/\">Juan sin Miedo<\/a>, nuevo duque de Borgo\u00f1a. Los pr\u00edncipes de la familia (llamados pr\u00edncipes de las flores de lis), sus esposas y sus hijos son comitentes asiduos. Sus encargos estimulan todos los oficios del artesanado parisino, clientes puntuales que prefieren residir en sus hoteles de la capital que en sus principados. Los antagonismos entre los grandes se\u00f1ores no deben disimular la importancia de los v\u00ednculos familiares y de afecto que les unen. V\u00ednculos y alianzas pol\u00edticas se manifiestan por intercambios frecuentes de regalos, sobre todo en aguinaldos. Muchas piezas de orfebrer\u00eda y manuscritos iluminados, son encargados especialmente para esta ocasi\u00f3n. Los encargos de Felipe el Atrevido y de Juan sin Miedo (duque de 1404 a 1419) hacen de su residencia de Dijon y de la Cartuja de Champmol, concebida como una necr\u00f3polis fastuosa, un centro de creaci\u00f3n que nos ha dejado un n\u00famero importante de obras de arte. Los artistas oficiales de los duques se suceden con tal continuidad, que se puede hablar de una verdadera escuela: hacia 1375, <strong>Jean de Beaumetz<\/strong> realiza el <em><strong>Calvario con monje cartujo<\/strong><\/em>; <strong>Jean Malouel<\/strong>, t\u00edo de los hermanos Limbourg, en 1396 trabaja al servicio de Felipe el Atrevido y ejecuta en 1400 la <em>Gran Piedad redonda<\/em>; <strong>Henri Bellechose<\/strong>, es el autor, hacia 1416, del <em>Retablo de san Denis<\/em>; <strong>Melchior Broederlam<\/strong> en 1395, pinta dos tablas con la <em>Presentaci\u00f3n al Templo<\/em> y la <em>Huida a Egipto<\/em> para un retablo de Champmol (museo de Dijon), cuyo Templo recuerda un c\u00e9lebre cuadro del pintor sien\u00e9s <a title=\"Ambrogio Lorenzetti\" href=\"https:\/\/www.aparences.net\/es\/periodos\/el-trecento\/el-trecento-en-siena\/\">Ambrogio Lorenzetti<\/a>. La suprema elegancia del dibujo y de los colores, colocan estas obras en la c\u00faspide de la <a href=\"https:\/\/www.aparences.net\/es\/periodos\/gotico-internacional\/\">pintura del g\u00f3tico internacional<\/a>. Sus paisajes, que marcan el comienzo de la pintura flamenca, revelan un car\u00e1cter fantasioso. Despu\u00e9s del asesinato de Juan sin Miedo en 1419, cuando el ducado emprende una pol\u00edtica que ser\u00e1 a partir de ahora aut\u00f3noma y centrada en Flandes, muertos los hermanos Limbourg, la influencia del arte internacional de Par\u00eds cede entonces ante el nuevo prestigio de <a title=\"Jan van Eyck\" href=\"https:\/\/www.aparences.net\/es\/escuelas\/los-primitivos-flamencos\/jan-van-eyck\/\">Van Eyck<\/a>. En sus acciones de mecenazgo, los pr\u00edncipes de las flores de lis tienen un predecesor ilustre y un modelo: el desaparecido rey Carlos V, que era un comitente gran conocedor de manuscritos, un coleccionista de piedras preciosas y tambi\u00e9n un gran constructor.<\/p>\n\n\n<div class=\"wp-block-image\">\n<figure class=\"aligncenter\"><a href=\"https:\/\/aparences.net\/wp-content\/uploads\/2010\/07\/beaumetz_calvaire.jpg\"><img loading=\"lazy\" decoding=\"async\" width=\"296\" height=\"370\" src=\"https:\/\/www.aparences.net\/wp-content\/uploads\/2010\/07\/beaumetz_calvaire.jpg\" alt=\"Calvario con un monje cartujo, hacia 1390, Jean de Beaumetz\" class=\"wp-image-14359\" title=\"Calvario con un monje cartujo, hacia 1390, Jean de Beaumetz\" srcset=\"https:\/\/www.aparences.net\/wp-content\/uploads\/2010\/07\/beaumetz_calvaire.jpg 296w, https:\/\/www.aparences.net\/wp-content\/uploads\/2010\/07\/beaumetz_calvaire-240x300.jpg 240w\" sizes=\"auto, (max-width: 296px) 100vw, 296px\" \/><\/a><figcaption class=\"wp-element-caption\"><em><strong>Calvario con un monje cartujo<\/strong>, hacia 1390, <strong>Jean de Beaumetz<\/strong> <\/em><br><em>(Par\u00eds, museo del Louvre)<\/em><\/figcaption><\/figure>\n<\/div>\n\n\n<p>En Borgo\u00f1a, confluencia entre Avi\u00f1\u00f3n, Italia y Flandes, los pintores de los duques ten\u00edan por otra parte demasiados v\u00ednculos con Par\u00eds, de donde eran directa o indirectamente originarios, por haber adoptado, desde el instante en que residen en Dijon, un estilo com\u00fan que ser\u00e1 finalmente el estilo de la corte de Borgo\u00f1a. <a title=\"Felipe el Atrevido\" href=\"https:\/\/www.aparences.net\/es\/arte-y-mecenazgo\/los-duques-de-borgona\/felipe-el-atrevido\/\">Felipe el Atrevido<\/a> admira tanto los gustos de su hermano, el refinado Berry, que a menudo le pide consejo e intercambia con \u00e9l obras y artistas. En 1375, contrata a <strong>Jean de Beaumetz<\/strong>, pintor en aquel momento al servicio de Juan de Orleans. De origen n\u00f3rdico, Beaumetz se hab\u00eda formado tambi\u00e9n en el entorno parisino. Es el jefe de fila de una nueva generaci\u00f3n venida de Flandes. Decora los castillos de Argilly y de Germolles y ejecuta tablas y retablos para los monjes de la Cartuja de Champmol. A su muerte en 1396, es Jean Malouel quien le sucede como pintor de Felipe el Atrevido.<\/p>\n\n\n<div class=\"wp-block-image\">\n<figure class=\"aligncenter\"><img loading=\"lazy\" decoding=\"async\" width=\"498\" height=\"397\" src=\"https:\/\/www.aparences.net\/wp-content\/uploads\/2017\/05\/maestro-de-la-piedad-redonda-entierro-de-jesus-siglo-XV.jpg\" alt=\"Entierro de Cristo, Maestro de la Peque\u00f1a Piedad\" class=\"wp-image-17862\" title=\"Entierro de Cristo, Maestro de la Peque\u00f1a Piedad\" srcset=\"https:\/\/www.aparences.net\/wp-content\/uploads\/2017\/05\/maestro-de-la-piedad-redonda-entierro-de-jesus-siglo-XV.jpg 498w, https:\/\/www.aparences.net\/wp-content\/uploads\/2017\/05\/maestro-de-la-piedad-redonda-entierro-de-jesus-siglo-XV-300x239.jpg 300w\" sizes=\"auto, (max-width: 498px) 100vw, 498px\" \/><figcaption class=\"wp-element-caption\"><em><strong>Entierro de Cristo<\/strong>, comienzos del siglo XV, <\/em><br><em><strong>Maestro de la Peque\u00f1a Piedad redonda<\/strong> (Par\u00eds, museo del Louvre)<\/em><\/figcaption><\/figure>\n<\/div>\n\n\n<p><em>En esta peque\u00f1a tabla de devoci\u00f3n privada, el personaje representado a la izquierda que sostiene un vaso de ung\u00fcento, es posiblemente el duque de Berry del cual se reconoce la fisonom\u00eda. La escena, revela un nuevo aspecto de la piedad de comienzos del siglo XV: la introducci\u00f3n del donante en un contexto sagrado.<br><\/em><\/p>\n\n\n<div class=\"wp-block-image\">\n<figure class=\"aligncenter\"><img loading=\"lazy\" decoding=\"async\" width=\"334\" height=\"339\" src=\"https:\/\/www.aparences.net\/wp-content\/uploads\/2010\/10\/malouel_pieta_ronde.png\" alt=\"La Gran Piedad redonda, hacia 1400, Jean Malouel\" class=\"wp-image-15076\" title=\"La Gran Piedad redonda, hacia 1400, Jean Malouel\" srcset=\"https:\/\/www.aparences.net\/wp-content\/uploads\/2010\/10\/malouel_pieta_ronde.png 334w, https:\/\/www.aparences.net\/wp-content\/uploads\/2010\/10\/malouel_pieta_ronde-100x100.png 100w, https:\/\/www.aparences.net\/wp-content\/uploads\/2010\/10\/malouel_pieta_ronde-90x90.png 90w, https:\/\/www.aparences.net\/wp-content\/uploads\/2010\/10\/malouel_pieta_ronde-75x75.png 75w, https:\/\/www.aparences.net\/wp-content\/uploads\/2010\/10\/malouel_pieta_ronde-295x300.png 295w\" sizes=\"auto, (max-width: 334px) 100vw, 334px\" \/><figcaption class=\"wp-element-caption\"><em><strong>La Gran Piedad Redonda<\/strong>, detalle, hacia 1400, <\/em><br><em><strong>Jean Malouel<\/strong> (Par\u00eds, Museo del Louvre) <\/em><\/figcaption><\/figure>\n<\/div>\n\n\n<p><em>Como pintor de la corte de Borgo\u00f1a, Malouel particip\u00f3 en la decoraci\u00f3n de la Cartuja de Champmol, cerca de Dijon, pero trabaj\u00f3 tambi\u00e9n en Par\u00eds. El hermoso cuerpo de Cristo es tratado con una gran delicadeza pict\u00f3rica. La aflicci\u00f3n de los \u00e1ngeles y la sangre brotando de las heridas son id\u00f3neas para suscitar la emoci\u00f3n de los fieles, pero la afectaci\u00f3n muy g\u00f3tica de los gestos, elude toda impresi\u00f3n morbosa. En ciertas partes del cuadro, la aplicaci\u00f3n de los colores es de una gran delicadeza. El pintor utiliza nuevas lacas transparentes y nuevas resinas: nos encontramos en una \u00e9poca de transici\u00f3n hacia una renovaci\u00f3n de las t\u00e9cnicas pict\u00f3ricas, que encontrar\u00e1 su apogeo algunos a\u00f1os m\u00e1s tarde en el arte de los hermanos Van Eyck. El cuadro lleva pintado al dorso el escudo de Borgo\u00f1a, se trata pues de un encargo de los duques. Esta pintura de una rara belleza, estaba sin duda destinada a la Cartuja y hab\u00eda sido encargada por Felipe el Atrevido.<br><\/em><\/p>\n\n\n<div class=\"wp-block-image\">\n<figure class=\"aligncenter\"><img loading=\"lazy\" decoding=\"async\" width=\"360\" height=\"400\" src=\"https:\/\/www.aparences.net\/wp-content\/uploads\/2010\/07\/malouel_vierge_papillons.jpg\" alt=\"La Virgen de las mariposas, Jean Malouel\" class=\"wp-image-14360\" title=\"La Virgen de las mariposas, Jean Malouel\" srcset=\"https:\/\/www.aparences.net\/wp-content\/uploads\/2010\/07\/malouel_vierge_papillons.jpg 360w, https:\/\/www.aparences.net\/wp-content\/uploads\/2010\/07\/malouel_vierge_papillons-270x300.jpg 270w\" sizes=\"auto, (max-width: 360px) 100vw, 360px\" \/><figcaption class=\"wp-element-caption\"><em><strong>La Virgen de las mariposas<\/strong>, 1412, <strong>Jean Malouel<\/strong><\/em><br><em> (Berl\u00edn, Gem\u00e4ldegalerie)<\/em><\/figcaption><\/figure>\n<\/div>\n\n\n<p><em>El t\u00edtulo hace referencia a las mariposas que revolotean en la parte superior del cuadro sobre un fondo oscuro. Jean Malouel combina la monumentalidad de los personajes principales con la delicadeza de los detalles decorativos, como las mariposas y los querubines rojos en el segundo plano. Su manera de tratar las caras y las manos evoca los modelos italianos. Esta tabla, formaba parte probablemente de un d\u00edptico con un retrato del duque de Borgo\u00f1a Juan sin Miedo en la segunda tabla, hoy perdida. El personaje monumental de la Virgen Maria domina la composici\u00f3n. Jean Malouel se inspira en las figuras del gran escultor Claus Sluter, que conoc\u00eda bien, ya que hab\u00eda realizado la policrom\u00eda y el dorado de las estatuas de la Cartuja de Champmol.<\/em><\/p>\n\n\n\n<p>El retablo de la <em><strong>Crucifixi\u00f3n<\/strong><\/em> ha sido considerado durante mucho tiempo como el testimonio m\u00e1s importante del arte de Brujas en torno a 1400. Hoy conservado en el Tesoro de la Catedral, proven\u00eda del sal\u00f3n de actos del Gremio de Curtidores de Brujas. Si bien nos muestra interesantes concordancias con el <a href=\"https:\/\/www.aparences.net\/es\/periodos\/gotico-internacional\/estilo-gotico-internacional\/\">estilo g\u00f3tico internacional<\/a>, no existe ninguna otra obra similar pintada en Brujas en la misma \u00e9poca.<\/p>\n\n\n<div class=\"wp-block-image\">\n<figure class=\"aligncenter\"><img loading=\"lazy\" decoding=\"async\" width=\"572\" height=\"280\" src=\"https:\/\/www.aparences.net\/wp-content\/uploads\/2010\/07\/retable_tanneurs.jpg\" alt=\"La Crucifixi\u00f3n con santa B\u00e1rbara y santa Catalina\" class=\"wp-image-14361\" title=\"La Crucifixi\u00f3n con santa B\u00e1rbara y santa Catalina\" srcset=\"https:\/\/www.aparences.net\/wp-content\/uploads\/2010\/07\/retable_tanneurs.jpg 572w, https:\/\/www.aparences.net\/wp-content\/uploads\/2010\/07\/retable_tanneurs-300x146.jpg 300w\" sizes=\"auto, (max-width: 572px) 100vw, 572px\" \/><figcaption class=\"wp-element-caption\"><em><strong>La Crucifixi\u00f3n con santa B\u00e1rbara y santa Catalina<\/strong> (Retablo de los Curtidores), hacia 1420, An\u00f3nimo (Brujas, catedral San Salvador)<\/em><\/figcaption><\/figure>\n<\/div>\n\n\n<p><em>Este retablo que figura entre las pinturas m\u00e1s antiguas conservadas en Brujas, es un extraordinario ejemplo de la producci\u00f3n art\u00edstica de las ciudades flamencas de la \u00e9poca, en la que colaboraban artistas como Broederlam, que iban a ofrecer sus servicios a las cortes principescas.<\/em><\/p>\n\n\n\n<p>En 1395, <strong>Melchior Broederlam<\/strong> pintor y ayuda de c\u00e1mara de Felipe el Atrevido, fue encargado de pintar los postigos de un retablo con la <em><strong>Presentaci\u00f3n en el Templo<\/strong><\/em> para la Cartuja de Champmol en Dijon. Por la belleza de los colores y la riqueza de los temas, es evidente que Melchior Broederlam quiere prescindir de lo demasiado severo y solemne, desarrollando en su lugar un universo lleno de colores. Si la representaci\u00f3n del templo recuerda el c\u00e9lebre cuadro realizado por <a title=\"Ambrogio Lorenzetti\" href=\"https:\/\/www.aparences.net\/es\/escuelas\/la-pintura-sienesa\/siena-la-edad-de-oro-de-la-pintura\/\">Ambrogio Lorenzetti<\/a> en 1342 para el altar de San Crescenzio en la catedral de Siena, el tipo de composici\u00f3n hier\u00e1tica se enriquece aqu\u00ed con numerosos detalles y una delicada arquitectura. En el paisaje adyacente, Broederlam va m\u00e1s all\u00e1 de todos los usos corrientes en los retablos. En un paisaje exuberante y variado, representa motivos casi de pintura de g\u00e9nero, como el de san Jos\u00e9 bebiendo de la bota, motivos que pertenecen antes a la miniatura y a la pintura reservada a uso dom\u00e9stico. La diversidad y la novedad, y hasta los aspectos contradictorios del <em>beau style<\/em>, se manifiestan claramente en un s\u00f3lo y mismo cuadro.<\/p>\n\n\n<div class=\"wp-block-image\">\n<figure class=\"aligncenter\"><img loading=\"lazy\" decoding=\"async\" width=\"289\" height=\"387\" src=\"https:\/\/www.aparences.net\/wp-content\/uploads\/2010\/07\/broederlam.jpg\" alt=\"La Presentaci\u00f3n al Templo y la Huida a Egipto, Melchior Broederlam\" class=\"wp-image-14362\" title=\"La Presentaci\u00f3n al Templo y la Huida a Egipto, Melchior Broederlam\" srcset=\"https:\/\/www.aparences.net\/wp-content\/uploads\/2010\/07\/broederlam.jpg 289w, https:\/\/www.aparences.net\/wp-content\/uploads\/2010\/07\/broederlam-224x300.jpg 224w\" sizes=\"auto, (max-width: 289px) 100vw, 289px\" \/><figcaption class=\"wp-element-caption\"><em><strong>Presentaci\u00f3n al Templo y Huida a Egipto<\/strong>, 1394-1399, <strong>Melchior Broederlam<\/strong> <\/em><br><em>(Dijon, Museo de Bellas Artes) <\/em><\/figcaption><\/figure>\n<\/div>\n\n\n<p><em>La personalidad de Broederlam, la generosidad campesina y provincial de su estilo, junto con una mezcla de sentimientos corteses y de realismo burgu\u00e9s, se adapta perfectamente a las influencias que recibe, la de los sieneses, evidente en la perspectiva, en la claridad de los colores y en la libertad de ejecuci\u00f3n; la influencia de Par\u00eds se pone de manifiesto en el dibujo n\u00edtido y en las formas elegantes y flexibles.<br><\/em><\/p>\n\n\n<div class=\"wp-block-image\">\n<figure class=\"aligncenter\"><img loading=\"lazy\" decoding=\"async\" width=\"422\" height=\"370\" src=\"https:\/\/www.aparences.net\/wp-content\/uploads\/2010\/07\/bellechose_martyre.jpg\" alt=\"La Ultima Comuni\u00f3n y el Martirio de San Denis, Henri Bellechose\" class=\"wp-image-14363\" title=\"La Ultima Comuni\u00f3n y el Martirio de San Denis, Henri Bellechose\" srcset=\"https:\/\/www.aparences.net\/wp-content\/uploads\/2010\/07\/bellechose_martyre.jpg 422w, https:\/\/www.aparences.net\/wp-content\/uploads\/2010\/07\/bellechose_martyre-300x263.jpg 300w\" sizes=\"auto, (max-width: 422px) 100vw, 422px\" \/><figcaption class=\"wp-element-caption\"><em><strong>Ultima Comuni\u00f3n y Martirio de San Denis<\/strong>, detalle, c. 1416, <strong>Henri Bellechose<\/strong> (Par\u00eds, Museo del Louvre)<\/em><\/figcaption><\/figure>\n<\/div>\n\n\n<p><em>Originario de Breda, en los Pa\u00edses Bajos, <strong>Henri Bellechose<\/strong> ocupa el puesto de pintor oficial de la corte de Borgo\u00f1a de 1415 a 1445, sucediendo a su maestro Jean Malouel; sin embargo, despu\u00e9s de comienzos muy prometedores, recibi\u00f3 pocos encargos ducales. En las escenas de la vida de san Denis, se muestra fiel al estilo local, utilizando abundantemente el oro para representar las telas preciosas, y detalles que se inspiran en la <a href=\"https:\/\/www.aparences.net\/es\/periodos\/gotico-internacional\/estilo-gotico-internacional\/#el-arte-cortesano-y-el-amor-cort%C3%A9s\">tradici\u00f3n g\u00f3tica cortesana<\/a>. La intensidad en la expresi\u00f3n de los personajes, es la contribuci\u00f3n m\u00e1s original de Henri Bellechose a la pintura de Borgo\u00f1a. El legendario primer obispo de Par\u00eds, es patrono de Francia y fue el protector de la casa real a la cual pertenec\u00edan los duques de Borgo\u00f1a; el color azul y el oro de los h\u00e1bitos lit\u00fargicos es una alusi\u00f3n a los colores de las lises francesas. El colorido claro y brillante, es parecido al de las miniaturas de las Muy Ricas Horas del duque de Berry y de la Biblia Moralizante ejecutada para Felipe el Atrevido, lo que ubica este pintor en el entorno de los hermanos Limbourg.<\/em><\/p>\n\n\n\n<h2 class=\"wp-block-heading\">Las artes del libro<\/h2>\n\n\n\n<p>A pesar del puesto que ocupa la Borgo\u00f1a como lugar fundamental de la cultura y del arte, Par\u00eds contin\u00faa imponi\u00e9ndose como centro art\u00edstico de primera importancia. <strong>La capital francesa se distingue no s\u00f3lo por la realizaci\u00f3n de tapices<\/strong>, sino tambi\u00e9n por la producci\u00f3n de exquisitos objetos de lujo, realizados en talleres especializados en las t\u00e9cnicas m\u00e1s refinadas en materia de orfebrer\u00eda, y, <strong>sobre todo, de manuscritos iluminados<\/strong>. Los libreros jurados de la Universidad ostentan el monopolio del comercio parisino del libro. Sirven de intermediarios entre el comitente y los diferentes oficios asociados: pergamineros, copistas, miniaturistas, encuadernadores. El libro manuscrito es pues una obra colectiva. Ciertos libreros dominan tambi\u00e9n todos los oficios necesarios para su realizaci\u00f3n: un tal <strong>Jean l&#8217;Avenant<\/strong>, al servicio de <a href=\"https:\/\/www.aparences.net\/es\/arte-y-mecenazgo\/los-duques-de-borgona\/felipe-el-atrevido\/\" data-type=\"post\" data-id=\"13106\">Felipe el Atrevido<\/a>, o <strong>Robert Lescuyer<\/strong>, que trabajaba a la vez para el <strong>duque de Borgo\u00f1a y el duque de Orleans<\/strong>, <strong>eran tambi\u00e9n miniaturistas<\/strong>. En la pr\u00e1ctica, a pesar del monopolio oficial de los libreros jurados de la Universidad, varios comerciantes les hacen la competencia, en particular italianos establecidos en Par\u00eds: el florentino Baude de Guy, Augustin Daurasse originario de Lucca, Pierre de V\u00e9rone y Jacques Raponde. En enero de 1403, este \u00faltimo \u00abofrece\u00bb a Felipe el Atrevido, mediante el pago de una fuerte suma, un ejemplar de una traducci\u00f3n del libro <a href=\"https:\/\/es.wikipedia.org\/wiki\/De_mulieribus_claris\"><em>De claris mulieribus<\/em> de Giovanni Boccaccio<\/a>. Este regalo o compra principesca, revela la llegada a Par\u00eds de una nueva generaci\u00f3n de miniaturistas venidos de Flandes, de los cuales, el Maestro de la Coronaci\u00f3n de la Virgen es un representante prometedor. Los Raponde manten\u00edan relaciones comerciales con la ciudad de Brujas, y seguramente jugaron un rol directo en la renovaci\u00f3n de la miniatura parisina, hacia 1400. Pierre de V\u00e9rone estaba al servicio del duque de Berry, y Jacques Raponde era el proveedor principal de los duques de Borgo\u00f1a. Entre 1400 y 1407, hizo ejecutar al menos siete manuscritos iluminados por cuenta de Felipe el Atrevido y de Juan sin Miedo: una Biblia en franc\u00e9s, una <a href=\"https:\/\/es.wikipedia.org\/wiki\/La_leyenda_dorada\"><em>Leyenda Dorada<\/em><\/a>, una selecci\u00f3n de <strong>novelas art\u00faricas<\/strong>, etc. Este tipo de obras eran generalmente muy costosas y reservadas s\u00f3lo a los pr\u00edncipes que las patrocinan, a diferencia de la producci\u00f3n de los libreros cuyo amplio abanico era asequible a un p\u00fablico m\u00e1s amplio: estudiantes y maestros de Universidad, colegios, conventos y capillas, o personajes del Parlamento y cortesanos.<\/p>\n\n\n<div class=\"wp-block-image\">\n<figure class=\"aligncenter\"><img loading=\"lazy\" decoding=\"async\" width=\"337\" height=\"400\" src=\"https:\/\/www.aparences.net\/wp-content\/uploads\/2010\/07\/claris_mulieribus.jpg\" alt=\"Perseo y Medusa, 1402, miniatura De claris mulieribus\" class=\"wp-image-14364\" title=\"Perseo y Medusa, 1402, miniatura De claris mulieribus\" srcset=\"https:\/\/www.aparences.net\/wp-content\/uploads\/2010\/07\/claris_mulieribus.jpg 337w, https:\/\/www.aparences.net\/wp-content\/uploads\/2010\/07\/claris_mulieribus-252x300.jpg 252w\" sizes=\"auto, (max-width: 337px) 100vw, 337px\" \/><figcaption class=\"wp-element-caption\"><em><strong>Perseo y Medusa<\/strong>, 1402, miniatura, De claris mulieribus de Boccaccio, <\/em><br><em><strong>Maestro de la Coronaci\u00f3n de la Virgen<\/strong><\/em><br><em> (Par\u00eds, Biblioteca nacional de Francia)<\/em><\/figcaption><\/figure>\n<\/div>\n\n\n<p>A principios del siglo XV, <strong>Par\u00eds comienza a ostentar un destacado papel hist\u00f3rico en el<\/strong> <a href=\"https:\/\/www.aparences.net\/es\/periodos\/gotico-internacional\/\">G\u00f3tico internacional<\/a>, enviando numerosos miniaturistas a otras cortes francesas: el Maestro de Boucicaut, autor de un gran n\u00famero de manuscritos, cuyas <em>Horas del mariscal de Boucicaut<\/em> fueron realizadas hacia 1405-1410; el enigm\u00e1tico y luminoso Maestro del <em>Libro de Horas de Bedford<\/em> (British Museum); el Maestro del <em>Libro de Horas de Rohan<\/em> (Par\u00eds, Biblioteca Nacional), quien en 1416 pas\u00f3 al servicio de Yolanda de Arag\u00f3n; el Maestro del libro <em>\u00c9pitre d&#8217;Oth\u00e9a,<\/em> que trabaj\u00f3 (hacia 1400-1410) para Christine de Pisan. Encargado por los cuatro secretarios de Juan de Berry, para ofrec\u00e9rselo como aguinaldo en 1404, el <em>Libro de las propiedades de las cosas<\/em> de Barth\u00e9lemy l&#8217;Anglais, fue traducido del lat\u00edn por el capell\u00e1n del rey, Jean Corbichon, e iluminado en un taller de Par\u00eds en 1403.<\/p>\n\n\n<div class=\"wp-block-image\">\n<figure class=\"aligncenter\"><img loading=\"lazy\" decoding=\"async\" width=\"288\" height=\"349\" src=\"https:\/\/www.aparences.net\/wp-content\/uploads\/2010\/07\/barthelemy_proprietes.jpg\" alt=\"Libro de las propiedades de las cosas de Barth\u00e9lemy l'Anglais\" class=\"wp-image-14365\" title=\"Libro de las propiedades de las cosas de Barth\u00e9lemy l'Anglais\" srcset=\"https:\/\/www.aparences.net\/wp-content\/uploads\/2010\/07\/barthelemy_proprietes.jpg 288w, https:\/\/www.aparences.net\/wp-content\/uploads\/2010\/07\/barthelemy_proprietes-247x300.jpg 247w\" sizes=\"auto, (max-width: 288px) 100vw, 288px\" \/><figcaption class=\"wp-element-caption\"><em><strong>Libro de las propiedades de las cosas<\/strong> de Barth\u00e9lemy l&#8217;Anglais, <\/em><br><em>(Chantilly, Museo Cond\u00e9)<\/em><\/figcaption><\/figure>\n<\/div>\n\n\n<p>Al principio de su carrera de escritora, <a title=\"Christine de Pisan\" href=\"https:\/\/es.wikipedia.org\/wiki\/Christine_de_Pisan\" target=\"_blank\" rel=\"noopener noreferrer\">Christine de Pisan<\/a> <strong>compuso un gran n\u00famero de piezas l\u00edricas, antes de dedicarse a textos m\u00e1s ambiciosos en prosa<\/strong>: did\u00e1cticos, pol\u00edticos o religiosos. La Ep\u00edstola del Dios del Amor, escrita en 1399, est\u00e1 basada en un tema cort\u00e9s tradicional: la defensa de las damas. Christine de Pisan hab\u00eda organizado un verdadero scriptorium para asegurar la difusi\u00f3n de sus obras, todas ellas reunidas en colecciones, y hac\u00eda adornar los ejemplares destinados a los pr\u00edncipes con ciclos de miniaturas, cuyos temas eleg\u00eda ella misma. Esperaba sin duda ofrecerle uno a Luis de Orleans cuando \u00e9ste fue asesinado, y la obra, hoy dividida en varios manuscritos, fue adquirida finalmente por el duque de Berry hacia 1408.<\/p>\n\n\n<div class=\"wp-block-image\">\n<figure class=\"aligncenter\"><img loading=\"lazy\" decoding=\"async\" width=\"315\" height=\"370\" src=\"https:\/\/www.aparences.net\/wp-content\/uploads\/2010\/07\/pisan_epitre.jpg\" alt=\"Christine de Pisan ante la Virgen y el Ni\u00f1o\" class=\"wp-image-14366\" title=\"Christine de Pisan ante la Virgen y el Ni\u00f1o\" srcset=\"https:\/\/www.aparences.net\/wp-content\/uploads\/2010\/07\/pisan_epitre.jpg 315w, https:\/\/www.aparences.net\/wp-content\/uploads\/2010\/07\/pisan_epitre-255x300.jpg 255w\" sizes=\"auto, (max-width: 315px) 100vw, 315px\" \/><figcaption class=\"wp-element-caption\"><em><strong>Christine de Pisan ante la Virgen y el Ni\u00f1o<\/strong>, 1406-1408, miniatura La Oraci\u00f3n de Nuestra Se\u00f1ora de Christine de Pisan, <\/em><br><em><strong>Maestro de l&#8217;\u00c9pitre d&#8217;Oth\u00e9a<\/strong> <\/em><br><em>(Par\u00eds, Biblioteca nacional de Francia)<\/em><\/figcaption><\/figure>\n<\/div>\n\n<div class=\"wp-block-image\">\n<figure class=\"aligncenter\"><img loading=\"lazy\" decoding=\"async\" width=\"445\" height=\"450\" src=\"https:\/\/www.aparences.net\/wp-content\/uploads\/2010\/10\/maitre_cite_dames.png\" alt=\"Fortuna con Eur y Meseur, miniatura del Maestro de la Ciudad de las Damas\" class=\"wp-image-15077\" title=\"Fortuna con Eur y Meseur, miniatura del Maestro de la Ciudad de las Damas\" srcset=\"https:\/\/www.aparences.net\/wp-content\/uploads\/2010\/10\/maitre_cite_dames.png 445w, https:\/\/www.aparences.net\/wp-content\/uploads\/2010\/10\/maitre_cite_dames-100x100.png 100w, https:\/\/www.aparences.net\/wp-content\/uploads\/2010\/10\/maitre_cite_dames-90x90.png 90w, https:\/\/www.aparences.net\/wp-content\/uploads\/2010\/10\/maitre_cite_dames-75x75.png 75w, https:\/\/www.aparences.net\/wp-content\/uploads\/2010\/10\/maitre_cite_dames-296x300.png 296w\" sizes=\"auto, (max-width: 445px) 100vw, 445px\" \/><figcaption class=\"wp-element-caption\"><em><strong>Fortuna con Eur y Meseur<\/strong>, proviene del libro Mutaci\u00f3n de fortuna, hacia 1405, <strong>Maestro de la Ciudad de las Damas<\/strong>, iluminado en Par\u00eds en el taller de Christine de Pisan <\/em><br><em>(Chantilly, Museo Cond\u00e9)<\/em><\/figcaption><\/figure>\n<\/div>\n\n\n<p><em>Para ilustrar la historia de los hermanos Eur y Meseur, y la dualidad de la Fortuna, este miniaturista despliega toda una gama de t\u00e9cnicas: oro brillante, oro mate, pintura tipo guache mezclada y aplicada mediante capas superpuestas para la figura del elegante Eur, visible en el cuello de piel del abrigo trabajado con peque\u00f1as pinceladas, casi en oposici\u00f3n con el color gris\u00e1ceo de la ropa del tosco Meseur, y el dibujo ligero de las caras de Eur y de Fortuna.<\/em><\/p>\n\n\n\n<p>Influido por el arte de Italia, el <strong>Maestro de Boucicaut<\/strong> <strong>fue un innovador en la representaci\u00f3n del espacio<\/strong>. Identificado a menudo con el pintor Jacques Coene de Brujas, fue el que a su vez m\u00e1s influenci\u00f3 a sus colegas franceses. En las denominadas <em>Horas de Guisa<\/em>, se pueden apreciar sus inmensas cualidades. <strong>La <em>Anunciaci\u00f3n<\/em><\/strong> que pint\u00f3 al principio de las <em>Horas de la Virgen<\/em>, tiene lugar en la capilla de un palacete, donde una b\u00f3veda hexagonal colocada sobre arcos de medio punto, corona el espacio ocupado por el \u00e1ngel y la Virgen. El espacio es ocupado por una serie de rect\u00e1ngulos (alfombra, tapicer\u00eda, tribuna, articulaci\u00f3n del muro), y por la alineaci\u00f3n del tiesto con la flor de lirio y la representaci\u00f3n de Dios en busto colocado en el roset\u00f3n. Maria, viste un magn\u00edfico manto azul que se extiende por el suelo. En los m\u00e1rgenes de la p\u00e1gina, hay peque\u00f1as escenas donde el colorido explotan literalmente: los \u00e1ngeles acompa\u00f1an el canto de los p\u00e1jaros en un jard\u00edn celeste, donde dos j\u00f3venes se disputan el tallo de una flor. Los colores alternan con los metales \u2013 oro pintado, oro musivo, plata pintada con toques de bermell\u00f3n vidriado \u2013 creando una flora vitrificada.<\/p>\n\n\n<div class=\"wp-block-image\">\n<figure class=\"aligncenter\"><img loading=\"lazy\" decoding=\"async\" width=\"307\" height=\"430\" src=\"https:\/\/www.aparences.net\/wp-content\/uploads\/2010\/07\/heures_guise.jpg\" alt=\"La Anunciaci\u00f3n, miniatura, Maestro de Boucicaut\" class=\"wp-image-14367\" title=\"La Anunciaci\u00f3n, miniatura, Maestro de Boucicaut\" srcset=\"https:\/\/www.aparences.net\/wp-content\/uploads\/2010\/07\/heures_guise.jpg 307w, https:\/\/www.aparences.net\/wp-content\/uploads\/2010\/07\/heures_guise-214x300.jpg 214w\" sizes=\"auto, (max-width: 307px) 100vw, 307px\" \/><figcaption class=\"wp-element-caption\"><em><strong>Anunciaci\u00f3n<\/strong>, hacia 1410, miniatura de las Horas de Guisa, <strong>Maestro de Boucicaut<\/strong> <\/em><br><em>(Chantilly, museo Cond\u00e9)<\/em><\/figcaption><\/figure>\n<\/div>\n\n\n<p>Las <em><strong>Horas de Rohan<\/strong><\/em> fueron ejecutadas en 1425 a instancias de <a href=\"https:\/\/es.wikipedia.org\/wiki\/Yolanda_de_Arag%C3%B3n\">Yolanda de Arag\u00f3n<\/a>, esposa de Luis II de Anjou. Analog\u00edas que son casi como semejanzas literales, al menos en lo que se refiere a las composiciones y a los temas, con las <em>Bellas Horas<\/em> y el Calendario de las <em>Muy Ricas Horas<\/em>. Ello se explica por el hecho de que estos dos manuscritos, comprados por la princesa a la muerte de Berry, fueron examinados por el artista que podr\u00eda ser Jacques Coene. Probablemente pertenecen al mismo entorno las <em>Horas de Isabel Stuart<\/em> y las <em>Horas del rey Ren\u00e9<\/em> (Renato de Anjou). El esplendor de la creaci\u00f3n angevina debe menos a la personalidad de Luis II que a la de su esposa Yolanda de Arag\u00f3n, heredera de una larga tradici\u00f3n, hija de <a href=\"https:\/\/es.wikipedia.org\/wiki\/Violante_de_Bar\">Violante de Bar<\/a>, reina de Trovadores y nieta de Yolanda de Flandes, cuya corte deslumbr\u00f3 a sus contempor\u00e1neos. M\u00e1s tarde, la duquesa mantuvo&nbsp;esta reputaci\u00f3n de elevada cortes\u00eda en la corte de Anjou.<\/p>\n\n\n<div class=\"wp-block-image\">\n<figure class=\"aligncenter\"><img loading=\"lazy\" decoding=\"async\" width=\"503\" height=\"396\" src=\"https:\/\/www.aparences.net\/wp-content\/uploads\/2017\/05\/maestro-de-las-horas-de-rohan-lamentacion-sobre-cristo-muerto.jpg\" alt=\"Lamentaci\u00f3n sobre Cristo muerto,  Maestro de las Horas de Rohan\" class=\"wp-image-17863\" title=\"Lamentaci\u00f3n sobre Cristo muerto,  Maestro de las Horas de Rohan\" srcset=\"https:\/\/www.aparences.net\/wp-content\/uploads\/2017\/05\/maestro-de-las-horas-de-rohan-lamentacion-sobre-cristo-muerto.jpg 503w, https:\/\/www.aparences.net\/wp-content\/uploads\/2017\/05\/maestro-de-las-horas-de-rohan-lamentacion-sobre-cristo-muerto-300x236.jpg 300w\" sizes=\"auto, (max-width: 503px) 100vw, 503px\" \/><figcaption class=\"wp-element-caption\"><em><strong>Lamentaci\u00f3n sobre Cristo muerto<\/strong>, hacia 1420-1427, miniatura del Libro de horas de Yolanda de Arag\u00f3n, <strong>Maestro de las Horas de Rohan<\/strong>, <\/em><br><em>(Par\u00eds, Biblioteca nacional de Francia)<\/em><\/figcaption><\/figure>\n<\/div>\n\n\n<p><em>El rigor en el esquema de la composici\u00f3n, es acentuado por la desnudez de esta escena que contiene s\u00f3lo lo esencial. El doble movimiento del ap\u00f3stol que se vuelve hacia el Padre, y el de la Virgen hacia su Hijo, crea una tensi\u00f3n de la imagen. La posici\u00f3n de la Virgen con los brazos colgantes, es precisamente la imagen del cuerpo de Cristo que vemos en los Descendimientos de la cruz. El resultado es una violencia de lo pat\u00e9tico que reclama directamente la afectividad del espectador. El azul del cielo es como una noche de tinieblas. Todos los elementos utilizados en esta miniatura vienen del repertorio de la pintura del siglo XIV franc\u00e9s, y del&nbsp;<a title=\"trecento italiano\" href=\"https:\/\/www.aparences.net\/es\/periodos\/el-trecento\/\">Trecento italiano<\/a>.<\/em><\/p>\n\n\n\n<p>Lo ex\u00f3tico asegur\u00f3 tambi\u00e9n el \u00e9xito de un texto como el <em><strong>Libro de las maravillas<\/strong><\/em> de <strong>Marco Polo<\/strong>. El relato del comerciante veneciano, mezcla observaciones veraces e historias legendarias con el fin de estimular la imaginaci\u00f3n. Las costumbres extra\u00f1as de los pueblos m\u00e1s diversos y las criaturas fant\u00e1sticas que describe, ten\u00edan que fascinar tanto a sus lectores como a sus ilustradores. Ese Oriente imaginario tan lleno de misterios y de peligros, como los bosques donde se extrav\u00edan los caballeros en las novelas, era ante todo una fuente seductora de renovaci\u00f3n de las formas y de los temas.<\/p>\n\n\n<div class=\"wp-block-image\">\n<figure class=\"aligncenter\"><img loading=\"lazy\" decoding=\"async\" width=\"548\" height=\"339\" src=\"https:\/\/www.aparences.net\/wp-content\/uploads\/2010\/07\/livre_merveilles_.jpg\" alt=\"Miniatura del Libro de las maravillas de Marco Polo\" class=\"wp-image-14368\" title=\"Miniatura del Libro de las maravillas de Marco Polo\" srcset=\"https:\/\/www.aparences.net\/wp-content\/uploads\/2010\/07\/livre_merveilles_.jpg 548w, https:\/\/www.aparences.net\/wp-content\/uploads\/2010\/07\/livre_merveilles_-300x185.jpg 300w\" sizes=\"auto, (max-width: 548px) 100vw, 548px\" \/><figcaption class=\"wp-element-caption\"><em><strong>La Recolecci\u00f3n de diamantes en el reino de Mutfili en India<\/strong>, Libro de las maravillas de Marco Polo, 1410-1412, <strong>Maestro de la Mazarine<\/strong> <\/em><br><em>(Par\u00eds, Biblioteca nacional de Francia)<\/em><\/figcaption><\/figure>\n<\/div>\n\n\n<p><em>Junto con el texto de Marco Polo, el manuscrito comprende otros cinco relatos de viajes en Oriente. Fi\u00e1ndose de los relatos de los viajeros, traducen una cierta idea de la India y del lejano Oriente, tierra fant\u00e1stica poblada de dragones y rebosando de piedras preciosas que se recogen directamente del suelo.<br><\/em><\/p>\n\n\n\n<!-- AdBoxLeft2023 --><ins class=\"adsbygoogle\" style=\"display:block\" data-ad-client=\"ca-pub-2468002815867636\" data-ad-slot=\"1318022963\" data-ad-format=\"auto\" data-full-width-responsive=\"true\"><\/ins><script> (adsbygoogle = window.adsbygoogle || []).push({});<\/script><h2 class=\"wp-block-heading\">Los hermanos Limbourg<\/h2>\n\n\n\n<p>Fue Felipe duque de Borgo\u00f1a, hermano de Jean de Berry, quien descubri\u00f3 el talento de los tres j\u00f3venes originarios de Nimega, los <strong>hermanos Limbourg<\/strong>, gracias a su t\u00edo Jean Malouel, pintor y ayuda de c\u00e1mara del pr\u00edncipe. A la muerte de Felipe en 1404, <strong>los Limbourg pasaron al servicio de Jean de Berry<\/strong> y, antes de 1409, acabaron su primera obra maestra, las <em><strong>Bellas Horas<\/strong><\/em>. Despu\u00e9s de este gran triunfo y colmados de favores, los j\u00f3venes dieron libre curso a su imaginaci\u00f3n con las <em><strong>Muy Ricas Horas<\/strong><\/em>. Los hermanos Limbourg, fueron a la vez importadores de la lecci\u00f3n toscana y al mismo tiempo profetas, exploradores septentrionales de las escenas de g\u00e9nero, de la pintura del clima y de las estaciones, de la suntuosidad y del orientalismo, del desnudo y de la desnudez. No hay ninguna prueba que demuestre que conocieran directamente Italia, pero basta que Pierre de V\u00e9rone o Jacques Coene los hayan iniciado a las nuevas composiciones de los artistas de la pen\u00ednsula, para que fueran capaces de igualar a los m\u00e1s grandes pintores florentinos. Un fresco de <a href=\"https:\/\/www.aparences.net\/es\/periodos\/el-trecento\/giotto-y-la-escuela-florentina\/#taddeo-gaddi\" data-type=\"link\" data-id=\"https:\/\/www.aparences.net\/es\/periodos\/el-trecento\/giotto-y-la-escuela-florentina\/#taddeo-gaddi\">Taddeo Gaddi<\/a> rigurosamente copiado, y algo de <strong>Orcagna<\/strong> se puede reconocer entre estas miniaturas donde se representan edificios de Roma, Pisa y Florencia.<\/p>\n\n\n<div class=\"wp-block-image\">\n<figure class=\"aligncenter\"><a href=\"https:\/\/aparences.net\/wp-content\/uploads\/2010\/10\/freres_limbourg_presentatio.png\"><img loading=\"lazy\" decoding=\"async\" width=\"507\" height=\"458\" src=\"https:\/\/www.aparences.net\/wp-content\/uploads\/2010\/10\/freres_limbourg_presentatio.png\" alt=\"Presentaci\u00f3n de Jes\u00fas en el Templo, Hermanos Limbourg\" class=\"wp-image-15078\" title=\" Presentaci\u00f3n de Jes\u00fas en el Templo, Hermanos Limbourg\" srcset=\"https:\/\/www.aparences.net\/wp-content\/uploads\/2010\/10\/freres_limbourg_presentatio.png 507w, https:\/\/www.aparences.net\/wp-content\/uploads\/2010\/10\/freres_limbourg_presentatio-300x271.png 300w\" sizes=\"auto, (max-width: 507px) 100vw, 507px\" \/><\/a><figcaption class=\"wp-element-caption\"><em><strong>Presentaci\u00f3n de Jes\u00fas en el Templo<\/strong>, Muy Ricas Horas, 1414-1416, <\/em><br><em><strong>Hermanos Limbourg<\/strong> (Chantilly, Museo Cond\u00e9)<\/em><\/figcaption><\/figure>\n<\/div>\n\n\n<p><em>Aqu\u00ed, los hermanos Limbourg han copiado casi literalmente una escena italiana, la de la Presentaci\u00f3n de la Virgen al Templo, pintada por&nbsp;Taddeo Gaddi en la capilla Baroncelli de la iglesia Santa Croce de Florencia.<br><\/em><\/p>\n\n\n<div class=\"wp-block-image\">\n<figure class=\"aligncenter\"><img loading=\"lazy\" decoding=\"async\" width=\"305\" height=\"381\" src=\"https:\/\/www.aparences.net\/wp-content\/uploads\/2010\/07\/berry_adam.jpg\" alt=\"Adan y Eva expulsados del Para\u00edso, Hermanos Limbourg\" class=\"wp-image-14369\" title=\"Adan y Eva expulsados del Para\u00edso, Hermanos Limbourg\" srcset=\"https:\/\/www.aparences.net\/wp-content\/uploads\/2010\/07\/berry_adam.jpg 305w, https:\/\/www.aparences.net\/wp-content\/uploads\/2010\/07\/berry_adam-240x300.jpg 240w\" sizes=\"auto, (max-width: 305px) 100vw, 305px\" \/><figcaption class=\"wp-element-caption\"><em><strong>Adan y Eva expulsados del Para\u00edso<\/strong>, 1414-1416, miniatura del Calendario de las Muy Ricas Horas, <strong>Hermanos Limbourg<\/strong> (Chantilly, Museo Cond\u00e9) <\/em><\/figcaption><\/figure>\n<\/div>\n\n\n<p><em>La virtuosidad del artista es el tema principal de esta miniatura: la fuente de los r\u00edos del Para\u00edso podr\u00eda perfectamente encajar como pieza de orfebrer\u00eda en una mesa principesca. El cuerpo de Eva corresponde a la representaci\u00f3n t\u00edpica de la mujer en aquella \u00e9poca. La pose de Adan arrodillado podr\u00eda tratarse de un estudio de una estatua antigua.<\/em><\/p>\n\n\n\n<p><strong>Las miniaturas de los hermanos Limbourg<\/strong> ocupan un lugar fundamental en la historia de la pintura europea. De acentuada originalidad, su estilo une la sensibilidad de observaci\u00f3n de los Flamencos, la elegancia de la tradici\u00f3n g\u00f3tica y un profundo inter\u00e9s por los problemas del espacio, desarrollado gracias al conocimiento de obras italianas pertenecientes a las colecciones de sus mecenas. Sus im\u00e1genes delicadas, que participan todav\u00eda de las formas ideales preciosas del g\u00f3tico internacional, se hallan asociadas a un inter\u00e9s por la observaci\u00f3n de lo real. En el calendario de las <em><strong>Muy Ricas Horas<\/strong><\/em>, la permanencia del orden del mundo, es asegurada, tanto por la organizaci\u00f3n clara del Zodiaco en la b\u00f3veda celeste, como por la presencia del castillo feudal; pero las escenas principales expresan con mucha sensibilidad los aspectos pasajeros de la naturaleza y la vida en las distintas estaciones. Solo la muerte repentina en 1416 del duque y de sus tres pintores, estos \u00faltimos posiblemente a causa de la peste, puso punto final a esta asombrosa trayectoria. Los cuadernos del libro de horas, quedaron inacabados en diferentes fases, y las miniaturas sobre folios aislados, fueron reunidos cuidadosamente y puestos en un cofre.<\/p>\n\n\n<div class=\"wp-block-image\">\n<figure class=\"aligncenter\"><img loading=\"lazy\" decoding=\"async\" width=\"292\" height=\"387\" src=\"https:\/\/www.aparences.net\/wp-content\/uploads\/2010\/07\/berry_tentation.jpg\" alt=\"La Tentaci\u00f3n de Cristo, 1414-1416, hermanos Limbourg\" class=\"wp-image-14370\" title=\"La Tentaci\u00f3n de Cristo, 1414-1416, hermanos Limbourg\" srcset=\"https:\/\/www.aparences.net\/wp-content\/uploads\/2010\/07\/berry_tentation.jpg 292w, https:\/\/www.aparences.net\/wp-content\/uploads\/2010\/07\/berry_tentation-226x300.jpg 226w\" sizes=\"auto, (max-width: 292px) 100vw, 292px\" \/><figcaption class=\"wp-element-caption\"><em><strong>Tentaci\u00f3n del Cristo<\/strong>, 1414-1416, <\/em><br><em><strong>Hermanos Limbourg<\/strong> <\/em><br><em>(Chantilly, museo Cond\u00e9)<\/em><\/figcaption><\/figure>\n<\/div>\n\n\n<p><em>En esta hoja se halla representado el castillo favorito del duque de Berry, Mehun-sur-Y\u00e8vre que ocupa casi la totalidad de la superficie. Se trata de una perspectiva de \u00e9poca moderna. En el foso, se pueden ver a los cisnes del duque; a la derecha, su oso, que se ha subido a un \u00e1rbol para escapar del le\u00f3n, tal vez una alusi\u00f3n a las crisis pol\u00edticas de la \u00e9poca. El castillo quiz\u00e1s representa la fugacidad de las cosas? Artistas cortesanos como los hermanos Limbourg, que viv\u00edan protegidos por su mecenas, pod\u00edan sin duda permitirse plantearse tales cuestiones.<\/em><\/p>\n\n\n\n<p>En las miniaturas que representan el trabajo del campo en los diferentes meses, los hermanos Limbourg mezclan libremente la fidelidad en la representaci\u00f3n de los edificios con la libre invenci\u00f3n de su entorno. Pintan los numerosos matices del verde campestre y del heno. <strong>En la miniatura del <em>Mes de junio<\/em><\/strong>, se procede a la siega en improbables campos en pleno centro de Par\u00eds, sobre la margen izquierda del Sena, al exterior de las murallas, donde hoy se encuentra el Barrio Latino.<\/p>\n\n\n<div class=\"wp-block-image\">\n<figure class=\"aligncenter\"><img loading=\"lazy\" decoding=\"async\" width=\"379\" height=\"430\" src=\"https:\/\/www.aparences.net\/wp-content\/uploads\/2010\/07\/berry_juin.jpg\" alt=\"Mes de junio, Hermanos Limbourg\" class=\"wp-image-14371\" title=\"Mes de junio, Hermanos Limbourg\" srcset=\"https:\/\/www.aparences.net\/wp-content\/uploads\/2010\/07\/berry_juin.jpg 379w, https:\/\/www.aparences.net\/wp-content\/uploads\/2010\/07\/berry_juin-264x300.jpg 264w\" sizes=\"auto, (max-width: 379px) 100vw, 379px\" \/><figcaption class=\"wp-element-caption\"><em><strong>Mes de junio<\/strong>, calendario de las Muy Ricas Horas,1414-16, <strong>Hermanos Limbourg<\/strong> <\/em><br><em>(Chantilly, Museo Cond\u00e9)<\/em><\/figcaption><\/figure>\n<\/div>\n\n\n<p><em>La arquitectura est\u00e1 representada con una extrema precisi\u00f3n topogr\u00e1fica: a la izquierda, el palacio real de aquella \u00e9poca, el palacio de la Ciudad, residencia real con sus numerosas torrecillas, visto desde la Tour de Nesle, y la actual Conciergerie, a la derecha. Se puede reconocer tambi\u00e9n la fina silueta g\u00f3tica de la Sainte Chapelle y su elevada flecha, centro religioso del palacio en la isla de la Cit\u00e9.<br><\/em><\/p>\n","protected":false},"excerpt":{"rendered":"<p>Entre Avi\u00f1\u00f3n y Brujas, la geograf\u00eda pol\u00edtica en tiempos de Carlos VI esboza los contornos de la difusi\u00f3n del g\u00f3tico internacional.<\/p>\n","protected":false},"author":2,"featured_media":26384,"comment_status":"closed","ping_status":"closed","sticky":false,"template":"","format":"standard","meta":{"footnotes":""},"categories":[2332],"tags":[3447,2355,6107,2371,6108,6109],"class_list":["post-13286","post","type-post","status-publish","format-standard","has-post-thumbnail","hentry","category-gotico-internacional","tag-christine-de-pisan-es","tag-estilo-gotico-internacional","tag-gotico-internacional-en-francia","tag-hermanos-limbourg","tag-las-artes-del-libro","tag-manuscritos-iluminados"],"yoast_head":"<!-- This site is optimized with the Yoast SEO plugin v27.2 - https:\/\/yoast.com\/product\/yoast-seo-wordpress\/ -->\n<title>Dominio franco-flamenco<\/title>\n<meta name=\"description\" content=\"Entre Avi\u00f1\u00f3n y Brujas, la geograf\u00eda pol\u00edtica en tiempos de Carlos VI esboza los contornos de la difusi\u00f3n del g\u00f3tico internacional.\" \/>\n<meta name=\"robots\" content=\"index, follow, max-snippet:-1, max-image-preview:large, max-video-preview:-1\" \/>\n<link rel=\"canonical\" href=\"https:\/\/www.aparences.net\/es\/periodos\/gotico-internacional\/dominio-franco-flamenco\/\" \/>\n<meta property=\"og:locale\" content=\"es_ES\" \/>\n<meta property=\"og:type\" content=\"article\" \/>\n<meta property=\"og:title\" content=\"Dominio franco-flamenco\" \/>\n<meta property=\"og:description\" content=\"Entre Avi\u00f1\u00f3n y Brujas, la geograf\u00eda pol\u00edtica en tiempos de Carlos VI esboza los contornos de la difusi\u00f3n del g\u00f3tico internacional.\" \/>\n<meta property=\"og:url\" content=\"https:\/\/www.aparences.net\/es\/periodos\/gotico-internacional\/dominio-franco-flamenco\/\" \/>\n<meta property=\"og:site_name\" content=\"Aparences\" \/>\n<meta property=\"article:published_time\" content=\"2011-04-19T10:04:03+00:00\" \/>\n<meta property=\"article:modified_time\" content=\"2025-12-11T18:40:56+00:00\" \/>\n<meta property=\"og:image\" content=\"https:\/\/www.aparences.net\/wp-content\/uploads\/2011\/04\/canonique-berry.jpg\" \/>\n\t<meta property=\"og:image:width\" content=\"1820\" \/>\n\t<meta property=\"og:image:height\" content=\"948\" \/>\n\t<meta property=\"og:image:type\" content=\"image\/jpeg\" \/>\n<meta name=\"author\" content=\"admin\" \/>\n<meta name=\"twitter:card\" content=\"summary_large_image\" \/>\n<meta name=\"twitter:label1\" content=\"Escrito por\" \/>\n\t<meta name=\"twitter:data1\" content=\"admin\" \/>\n\t<meta name=\"twitter:label2\" content=\"Tiempo de lectura\" \/>\n\t<meta name=\"twitter:data2\" content=\"25 minutos\" \/>\n<script type=\"application\/ld+json\" class=\"yoast-schema-graph\">{\"@context\":\"https:\/\/schema.org\",\"@graph\":[{\"@type\":\"Article\",\"@id\":\"https:\/\/www.aparences.net\/es\/periodos\/gotico-internacional\/dominio-franco-flamenco\/#article\",\"isPartOf\":{\"@id\":\"https:\/\/www.aparences.net\/es\/periodos\/gotico-internacional\/dominio-franco-flamenco\/\"},\"author\":{\"name\":\"admin\",\"@id\":\"https:\/\/www.aparences.net\/es\/#\/schema\/person\/af349f6ffc31b16c68963e61268afca5\"},\"headline\":\"Dominio franco-flamenco\",\"datePublished\":\"2011-04-19T10:04:03+00:00\",\"dateModified\":\"2025-12-11T18:40:56+00:00\",\"mainEntityOfPage\":{\"@id\":\"https:\/\/www.aparences.net\/es\/periodos\/gotico-internacional\/dominio-franco-flamenco\/\"},\"wordCount\":4828,\"publisher\":{\"@id\":\"https:\/\/www.aparences.net\/es\/#organization\"},\"image\":{\"@id\":\"https:\/\/www.aparences.net\/es\/periodos\/gotico-internacional\/dominio-franco-flamenco\/#primaryimage\"},\"thumbnailUrl\":\"https:\/\/www.aparences.net\/wp-content\/uploads\/2011\/04\/canonique-berry.jpg\",\"keywords\":[\"Christine de Pisan\",\"estilo g\u00f3tico internacional\",\"g\u00f3tico internacional en Francia\",\"hermanos Limbourg\",\"las artes del libro\",\"manuscritos iluminados\"],\"articleSection\":[\"G\u00f3tico internacional\"],\"inLanguage\":\"es\"},{\"@type\":[\"WebPage\",\"ItemPage\"],\"@id\":\"https:\/\/www.aparences.net\/es\/periodos\/gotico-internacional\/dominio-franco-flamenco\/\",\"url\":\"https:\/\/www.aparences.net\/es\/periodos\/gotico-internacional\/dominio-franco-flamenco\/\",\"name\":\"Dominio franco-flamenco\",\"isPartOf\":{\"@id\":\"https:\/\/www.aparences.net\/es\/#website\"},\"primaryImageOfPage\":{\"@id\":\"https:\/\/www.aparences.net\/es\/periodos\/gotico-internacional\/dominio-franco-flamenco\/#primaryimage\"},\"image\":{\"@id\":\"https:\/\/www.aparences.net\/es\/periodos\/gotico-internacional\/dominio-franco-flamenco\/#primaryimage\"},\"thumbnailUrl\":\"https:\/\/www.aparences.net\/wp-content\/uploads\/2011\/04\/canonique-berry.jpg\",\"datePublished\":\"2011-04-19T10:04:03+00:00\",\"dateModified\":\"2025-12-11T18:40:56+00:00\",\"description\":\"Entre Avi\u00f1\u00f3n y Brujas, la geograf\u00eda pol\u00edtica en tiempos de Carlos VI esboza los contornos de la difusi\u00f3n del g\u00f3tico internacional.\",\"breadcrumb\":{\"@id\":\"https:\/\/www.aparences.net\/es\/periodos\/gotico-internacional\/dominio-franco-flamenco\/#breadcrumb\"},\"inLanguage\":\"es\",\"potentialAction\":[{\"@type\":\"ReadAction\",\"target\":[\"https:\/\/www.aparences.net\/es\/periodos\/gotico-internacional\/dominio-franco-flamenco\/\"]}]},{\"@type\":\"ImageObject\",\"inLanguage\":\"es\",\"@id\":\"https:\/\/www.aparences.net\/es\/periodos\/gotico-internacional\/dominio-franco-flamenco\/#primaryimage\",\"url\":\"https:\/\/www.aparences.net\/wp-content\/uploads\/2011\/04\/canonique-berry.jpg\",\"contentUrl\":\"https:\/\/www.aparences.net\/wp-content\/uploads\/2011\/04\/canonique-berry.jpg\",\"width\":1820,\"height\":948},{\"@type\":\"BreadcrumbList\",\"@id\":\"https:\/\/www.aparences.net\/es\/periodos\/gotico-internacional\/dominio-franco-flamenco\/#breadcrumb\",\"itemListElement\":[{\"@type\":\"ListItem\",\"position\":1,\"name\":\"Portada\",\"item\":\"https:\/\/www.aparences.net\/es\/\"},{\"@type\":\"ListItem\",\"position\":2,\"name\":\"Dominio franco-flamenco\"}]},{\"@type\":\"WebSite\",\"@id\":\"https:\/\/www.aparences.net\/es\/#website\",\"url\":\"https:\/\/www.aparences.net\/es\/\",\"name\":\"Aparences: Historia del Arte y Actualidad Cultural\",\"description\":\"\",\"publisher\":{\"@id\":\"https:\/\/www.aparences.net\/es\/#organization\"},\"potentialAction\":[{\"@type\":\"SearchAction\",\"target\":{\"@type\":\"EntryPoint\",\"urlTemplate\":\"https:\/\/www.aparences.net\/es\/?s={search_term_string}\"},\"query-input\":{\"@type\":\"PropertyValueSpecification\",\"valueRequired\":true,\"valueName\":\"search_term_string\"}}],\"inLanguage\":\"es\"},{\"@type\":\"Organization\",\"@id\":\"https:\/\/www.aparences.net\/es\/#organization\",\"name\":\"Aparences: Historia del Arte y Actualidad Cultural\",\"url\":\"https:\/\/www.aparences.net\/es\/\",\"logo\":{\"@type\":\"ImageObject\",\"inLanguage\":\"es\",\"@id\":\"https:\/\/www.aparences.net\/es\/#\/schema\/logo\/image\/\",\"url\":\"https:\/\/www.aparences.net\/wp-content\/uploads\/2023\/09\/logo-quadrat-color-e1695915315229.png\",\"contentUrl\":\"https:\/\/www.aparences.net\/wp-content\/uploads\/2023\/09\/logo-quadrat-color-e1695915315229.png\",\"width\":120,\"height\":120,\"caption\":\"Aparences: Historia del Arte y Actualidad Cultural\"},\"image\":{\"@id\":\"https:\/\/www.aparences.net\/es\/#\/schema\/logo\/image\/\"}},{\"@type\":\"Person\",\"@id\":\"https:\/\/www.aparences.net\/es\/#\/schema\/person\/af349f6ffc31b16c68963e61268afca5\",\"name\":\"admin\",\"url\":\"https:\/\/www.aparences.net\/es\/author\/admin\/\"}]}<\/script>\n<!-- \/ Yoast SEO plugin. -->","yoast_head_json":{"title":"Dominio franco-flamenco","description":"Entre Avi\u00f1\u00f3n y Brujas, la geograf\u00eda pol\u00edtica en tiempos de Carlos VI esboza los contornos de la difusi\u00f3n del g\u00f3tico internacional.","robots":{"index":"index","follow":"follow","max-snippet":"max-snippet:-1","max-image-preview":"max-image-preview:large","max-video-preview":"max-video-preview:-1"},"canonical":"https:\/\/www.aparences.net\/es\/periodos\/gotico-internacional\/dominio-franco-flamenco\/","og_locale":"es_ES","og_type":"article","og_title":"Dominio franco-flamenco","og_description":"Entre Avi\u00f1\u00f3n y Brujas, la geograf\u00eda pol\u00edtica en tiempos de Carlos VI esboza los contornos de la difusi\u00f3n del g\u00f3tico internacional.","og_url":"https:\/\/www.aparences.net\/es\/periodos\/gotico-internacional\/dominio-franco-flamenco\/","og_site_name":"Aparences","article_published_time":"2011-04-19T10:04:03+00:00","article_modified_time":"2025-12-11T18:40:56+00:00","og_image":[{"width":1820,"height":948,"url":"https:\/\/www.aparences.net\/wp-content\/uploads\/2011\/04\/canonique-berry.jpg","type":"image\/jpeg"}],"author":"admin","twitter_card":"summary_large_image","twitter_misc":{"Escrito por":"admin","Tiempo de lectura":"25 minutos"},"schema":{"@context":"https:\/\/schema.org","@graph":[{"@type":"Article","@id":"https:\/\/www.aparences.net\/es\/periodos\/gotico-internacional\/dominio-franco-flamenco\/#article","isPartOf":{"@id":"https:\/\/www.aparences.net\/es\/periodos\/gotico-internacional\/dominio-franco-flamenco\/"},"author":{"name":"admin","@id":"https:\/\/www.aparences.net\/es\/#\/schema\/person\/af349f6ffc31b16c68963e61268afca5"},"headline":"Dominio franco-flamenco","datePublished":"2011-04-19T10:04:03+00:00","dateModified":"2025-12-11T18:40:56+00:00","mainEntityOfPage":{"@id":"https:\/\/www.aparences.net\/es\/periodos\/gotico-internacional\/dominio-franco-flamenco\/"},"wordCount":4828,"publisher":{"@id":"https:\/\/www.aparences.net\/es\/#organization"},"image":{"@id":"https:\/\/www.aparences.net\/es\/periodos\/gotico-internacional\/dominio-franco-flamenco\/#primaryimage"},"thumbnailUrl":"https:\/\/www.aparences.net\/wp-content\/uploads\/2011\/04\/canonique-berry.jpg","keywords":["Christine de Pisan","estilo g\u00f3tico internacional","g\u00f3tico internacional en Francia","hermanos Limbourg","las artes del libro","manuscritos iluminados"],"articleSection":["G\u00f3tico internacional"],"inLanguage":"es"},{"@type":["WebPage","ItemPage"],"@id":"https:\/\/www.aparences.net\/es\/periodos\/gotico-internacional\/dominio-franco-flamenco\/","url":"https:\/\/www.aparences.net\/es\/periodos\/gotico-internacional\/dominio-franco-flamenco\/","name":"Dominio franco-flamenco","isPartOf":{"@id":"https:\/\/www.aparences.net\/es\/#website"},"primaryImageOfPage":{"@id":"https:\/\/www.aparences.net\/es\/periodos\/gotico-internacional\/dominio-franco-flamenco\/#primaryimage"},"image":{"@id":"https:\/\/www.aparences.net\/es\/periodos\/gotico-internacional\/dominio-franco-flamenco\/#primaryimage"},"thumbnailUrl":"https:\/\/www.aparences.net\/wp-content\/uploads\/2011\/04\/canonique-berry.jpg","datePublished":"2011-04-19T10:04:03+00:00","dateModified":"2025-12-11T18:40:56+00:00","description":"Entre Avi\u00f1\u00f3n y Brujas, la geograf\u00eda pol\u00edtica en tiempos de Carlos VI esboza los contornos de la difusi\u00f3n del g\u00f3tico internacional.","breadcrumb":{"@id":"https:\/\/www.aparences.net\/es\/periodos\/gotico-internacional\/dominio-franco-flamenco\/#breadcrumb"},"inLanguage":"es","potentialAction":[{"@type":"ReadAction","target":["https:\/\/www.aparences.net\/es\/periodos\/gotico-internacional\/dominio-franco-flamenco\/"]}]},{"@type":"ImageObject","inLanguage":"es","@id":"https:\/\/www.aparences.net\/es\/periodos\/gotico-internacional\/dominio-franco-flamenco\/#primaryimage","url":"https:\/\/www.aparences.net\/wp-content\/uploads\/2011\/04\/canonique-berry.jpg","contentUrl":"https:\/\/www.aparences.net\/wp-content\/uploads\/2011\/04\/canonique-berry.jpg","width":1820,"height":948},{"@type":"BreadcrumbList","@id":"https:\/\/www.aparences.net\/es\/periodos\/gotico-internacional\/dominio-franco-flamenco\/#breadcrumb","itemListElement":[{"@type":"ListItem","position":1,"name":"Portada","item":"https:\/\/www.aparences.net\/es\/"},{"@type":"ListItem","position":2,"name":"Dominio franco-flamenco"}]},{"@type":"WebSite","@id":"https:\/\/www.aparences.net\/es\/#website","url":"https:\/\/www.aparences.net\/es\/","name":"Aparences: Historia del Arte y Actualidad Cultural","description":"","publisher":{"@id":"https:\/\/www.aparences.net\/es\/#organization"},"potentialAction":[{"@type":"SearchAction","target":{"@type":"EntryPoint","urlTemplate":"https:\/\/www.aparences.net\/es\/?s={search_term_string}"},"query-input":{"@type":"PropertyValueSpecification","valueRequired":true,"valueName":"search_term_string"}}],"inLanguage":"es"},{"@type":"Organization","@id":"https:\/\/www.aparences.net\/es\/#organization","name":"Aparences: Historia del Arte y Actualidad Cultural","url":"https:\/\/www.aparences.net\/es\/","logo":{"@type":"ImageObject","inLanguage":"es","@id":"https:\/\/www.aparences.net\/es\/#\/schema\/logo\/image\/","url":"https:\/\/www.aparences.net\/wp-content\/uploads\/2023\/09\/logo-quadrat-color-e1695915315229.png","contentUrl":"https:\/\/www.aparences.net\/wp-content\/uploads\/2023\/09\/logo-quadrat-color-e1695915315229.png","width":120,"height":120,"caption":"Aparences: Historia del Arte y Actualidad Cultural"},"image":{"@id":"https:\/\/www.aparences.net\/es\/#\/schema\/logo\/image\/"}},{"@type":"Person","@id":"https:\/\/www.aparences.net\/es\/#\/schema\/person\/af349f6ffc31b16c68963e61268afca5","name":"admin","url":"https:\/\/www.aparences.net\/es\/author\/admin\/"}]}},"_links":{"self":[{"href":"https:\/\/www.aparences.net\/es\/wp-json\/wp\/v2\/posts\/13286","targetHints":{"allow":["GET"]}}],"collection":[{"href":"https:\/\/www.aparences.net\/es\/wp-json\/wp\/v2\/posts"}],"about":[{"href":"https:\/\/www.aparences.net\/es\/wp-json\/wp\/v2\/types\/post"}],"author":[{"embeddable":true,"href":"https:\/\/www.aparences.net\/es\/wp-json\/wp\/v2\/users\/2"}],"replies":[{"embeddable":true,"href":"https:\/\/www.aparences.net\/es\/wp-json\/wp\/v2\/comments?post=13286"}],"version-history":[{"count":0,"href":"https:\/\/www.aparences.net\/es\/wp-json\/wp\/v2\/posts\/13286\/revisions"}],"wp:featuredmedia":[{"embeddable":true,"href":"https:\/\/www.aparences.net\/es\/wp-json\/wp\/v2\/media\/26384"}],"wp:attachment":[{"href":"https:\/\/www.aparences.net\/es\/wp-json\/wp\/v2\/media?parent=13286"}],"wp:term":[{"taxonomy":"category","embeddable":true,"href":"https:\/\/www.aparences.net\/es\/wp-json\/wp\/v2\/categories?post=13286"},{"taxonomy":"post_tag","embeddable":true,"href":"https:\/\/www.aparences.net\/es\/wp-json\/wp\/v2\/tags?post=13286"}],"curies":[{"name":"wp","href":"https:\/\/api.w.org\/{rel}","templated":true}]}}