{"id":13306,"date":"2011-05-22T19:44:13","date_gmt":"2011-05-22T17:44:13","guid":{"rendered":"https:\/\/www.aparences.net\/periodes\/le-quattrocento\/la-pintura-narrativa-en-florencia-en-el-quattrocento\/"},"modified":"2025-12-11T19:40:56","modified_gmt":"2025-12-11T18:40:56","slug":"la-pintura-narrativa-en-florencia-en-el-quattrocento","status":"publish","type":"post","link":"https:\/\/www.aparences.net\/es\/periodos\/el-quattrocento\/la-pintura-narrativa-en-florencia-en-el-quattrocento\/","title":{"rendered":"La pintura narrativa en Florencia en el Quattrocento"},"content":{"rendered":"<p><!--contents--><\/p>\n\n\n<h2 class=\"wp-block-heading\">Los grandes pintores narradores<\/h2>\n\n\n\n<p>Despu\u00e9s del alejamiento definitivo de <strong>Piero della Francesca<\/strong> de Florencia, hacia 1440, la pintura y la arquitectura florentina padecen el efecto de la desaparici\u00f3n de la primera generaci\u00f3n de grandes inventores, entre 1460 y 1470. La ciudad queda sin embargo como un foco art\u00edstico din\u00e1mico, gracias a la actividad permanente de los ilustradores, cuyas obras, numerosas y divertidas, parecen inscribirse en la tradici\u00f3n popular de las novelas corteses. El sentido del relato que hab\u00eda surgido con <a href=\"https:\/\/www.aparences.net\/es\/periodos\/el-quattrocento-anexos\/francesco-di-stefano-pesellino\/\">Pesellino<\/a> se desarrolla con <strong>Benozzo Gozzoli<\/strong> y <strong>Alesso Baldovinetti<\/strong> alcanzando su plenitud con las obras de <strong>Domenico Ghirlandio<\/strong>. Para Baldovinetti y <a title=\"Antonio del Pollaiuolo\" href=\"https:\/\/www.aparences.net\/es\/periodos\/el-quattrocento\/el-arte-en-florencia-hacia-1480\/#antonio-del-pollaiolo-y-la-representaci%C3%B3n-del-desnudo-en-movimiento\">Antonio del Pollaiolo<\/a>, el paisaje es integrado de manera natural. El inter\u00e9s que muestra esta nueva generaci\u00f3n de pintores por <strong>la tradici\u00f3n narrativa<\/strong> y la <a href=\"https:\/\/www.aparences.net\/es\/escuelas\/los-primitivos-flamencos\/\">pintura flamenca<\/a> encuentra su m\u00e1s bella expresi\u00f3n en Domenico Ghirlandaio. Es en este \u00e1mbito donde el artista suele elaborar las experiencias m\u00e1s audaces, pero cae a veces en una uniformidad discursiva de las convenciones de escuela o de los academicismos. <strong>Benozzo Gozzoli<\/strong> (1420-1497) se distingue por la originalidad de sus obras.<\/p>\n\n\n<div class=\"wp-block-image\">\n<figure class=\"aligncenter\"><img loading=\"lazy\" decoding=\"async\" width=\"303\" height=\"460\" src=\"https:\/\/www.aparences.net\/wp-content\/uploads\/2011\/05\/benozzo-gozzoli-cortege-mages-page.jpg\" alt=\"El Cortejo de los Reyes Magos, Melchor, Benozzo Gozzoli \" class=\"wp-image-22797\" title=\"El Cortejo de los Reyes Magos, Melchor, Benozzo Gozzoli \" srcset=\"https:\/\/www.aparences.net\/wp-content\/uploads\/2011\/05\/benozzo-gozzoli-cortege-mages-page.jpg 303w, https:\/\/www.aparences.net\/wp-content\/uploads\/2011\/05\/benozzo-gozzoli-cortege-mages-page-160x243.jpg 160w\" sizes=\"auto, (max-width: 303px) 100vw, 303px\" \/><figcaption class=\"wp-element-caption\"><em><strong>El Cortejo de los Reyes Magos<\/strong>, <strong>Melchor<\/strong>, (detalle de un paje) 1459-1463, <\/em><br><em><strong>Benozzo Gozzoli<\/strong> <\/em><br><em>(Florencia, Palazzo Medici-Riccardi)<\/em><\/figcaption><\/figure>\n<\/div>\n\n<div class=\"wp-block-image\">\n<figure class=\"aligncenter\"><img loading=\"lazy\" decoding=\"async\" width=\"638\" height=\"375\" src=\"https:\/\/www.aparences.net\/wp-content\/uploads\/2011\/05\/ghirlandaio-naissance-de-la-vierge-chapelle-tornabuoni.jpg\" alt=\"Natividad de la Virgen, 1486-1490, Domenico Ghirlandaio\" class=\"wp-image-22799\" title=\"Natividad de la Virgen, 1486-1490, Domenico Ghirlandaio\" srcset=\"https:\/\/www.aparences.net\/wp-content\/uploads\/2011\/05\/ghirlandaio-naissance-de-la-vierge-chapelle-tornabuoni.jpg 638w, https:\/\/www.aparences.net\/wp-content\/uploads\/2011\/05\/ghirlandaio-naissance-de-la-vierge-chapelle-tornabuoni-160x94.jpg 160w\" sizes=\"auto, (max-width: 638px) 100vw, 638px\" \/><\/figure>\n<\/div>\n\n<div class=\"wp-block-image\">\n<figure class=\"aligncenter\"><a href=\"https:\/\/aparences.net\/wp-content\/uploads\/2010\/07\/ghirland_tornabuoni.jpg\"><img decoding=\"async\" src=\"https:\/\/www.aparences.net\/wp-content\/uploads\/2010\/07\/ghirland_tornabuoni.jpg\" alt=\"Natividad de la Virgen, Domenico Ghirlandaio, detalle\" title=\"Natividad de la Virgen, Domenico Ghirlandaio, detalle\"\/><\/a><figcaption class=\"wp-element-caption\"><em><strong>Natividad de la Virgen<\/strong> y detalle, 1486-1490, <strong>Domenico Ghirlandaio<\/strong> (Florencia, Santa Maria Novella)<\/em><\/figcaption><\/figure>\n<\/div>\n\n\n<p class=\"has-text-align-left\"><em>Se trata de uno de los frescos de la gran serie que representa escenas de la vida de la Virgen y de san Juan Bautista, pintadas en el coro de Santa Maria Novella para Giovanni Tornabuoni, uno de los hombres m\u00e1s ricos de Florencia.En estas escenas, se encuentran numerosos retratos de contempor\u00e1neos. La joven vestida con lujosos ropajes, que va acompa\u00f1ada de cuatro mujeres es Giovanna, la hija del comitente. La firma del pintor figura sobre uno de los paneles de la habitaci\u00f3n.<\/em><\/p>\n\n\n\n<!-- AdBoxRight2020 --><ins class=\"adsbygoogle\"     style=\"display:block; margin-top:30px;\"     data-ad-client=\"ca-pub-2468002815867636\"     data-ad-slot=\"3496014735\"     data-ad-format=\"auto\"     data-full-width-responsive=\"false\"><\/ins><script> (adsbygoogle = window.adsbygoogle || []).push({});<\/script><h2 class=\"wp-block-heading\">Benozzo Gozzoli y el arte cortesano<\/h2>\n\n\n\n<p><strong>Benozzo Gozzoli<\/strong> (Florencia 1420 \u2013 Pistoia 1497), de aprendiz de orfebre a pintor de alegres frescos decorativos, sigui\u00f3 durante su carrera de artista una trayectoria muy coherente, comenzada primero como <strong>colaborador de<\/strong> <a title=\"Ghiberti relieve narrativo\" href=\"https:\/\/www.aparences.net\/es\/periodos\/el-quattrocento\/la-escultura-del-quattrocento-en-florencia\/#ghiberti-o-el-relieve-narrativo\">Ghiberti<\/a> en Florencia y m\u00e1s tarde de <a title=\"Fran Angelico en Roma\" href=\"https:\/\/www.aparences.net\/es\/arte-y-mecenazgo\/roma-mecenazgo-y-poder-papal\/roma-el-regreso-del-papado\/\">Fra Angelico en Roma<\/a> y Orvieto. El colof\u00f3n de su obra, por el alegre discurso narrativo, la riqueza de la decoraci\u00f3n, el ritmo y equilibrio de las figuras en medio del paisaje, es el ciclo de frescos el <em><strong>Cortejo de los Reyes Magos<\/strong><\/em> realizado para los <a title=\"M\u00e9dicis\" href=\"https:\/\/www.aparences.net\/es\/arte-y-mecenazgo\/florencia-y-los-medicis\/\">M\u00e9dicis<\/a>, <strong>en la capilla del nuevo palacio familiar de Florencia<\/strong>. En los frescos mediceos pero tambi\u00e9n en las escenas b\u00edblicas del cementerio de Pisa (1468-1484), en los frescos de la <em><a title=\"Leyende de san Francisco Gozzoli\" href=\"https:\/\/www.aparences.net\/es\/arte-y-mecenazgo\/los-fresquistas-florentinos\/la-pintura-mural-de-paolo-uccello-y-benozzo-gozzoli\/\">Leyenda de san Francisco<\/a><\/em> <strong>en Montefalco<\/strong> o en las <em>Escenas de la vida de san Augustin<\/em> en San Gimignano (1463-1467), alcanza una forma de discurso narrativo, sereno, elegante, divertido, que gust\u00f3 a sus contempor\u00e1neos y a la posteridad. En las pinturas sobre tabla como la <em>Virgen rodeada de \u00e1ngeles y santos<\/em> (Londres, National Gallery), se le considera menos acertado que en los frescos, donde expresa mejor su talento de decorador brillante y desenfadado.<\/p>\n\n\n<div class=\"wp-block-image\">\n<figure class=\"aligncenter\"><img loading=\"lazy\" decoding=\"async\" width=\"546\" height=\"430\" src=\"https:\/\/www.aparences.net\/wp-content\/uploads\/2017\/06\/benozzo-gozzoli-cortejo-reyes-magos.jpg\" alt=\"El Cortejo del rey mago Gaspar, 1459-61, Benozzo Gozzoli\" class=\"wp-image-17906\" title=\"El Cortejo del rey mago Gaspar, 1459-61, Benozzo Gozzoli\" srcset=\"https:\/\/www.aparences.net\/wp-content\/uploads\/2017\/06\/benozzo-gozzoli-cortejo-reyes-magos.jpg 546w, https:\/\/www.aparences.net\/wp-content\/uploads\/2017\/06\/benozzo-gozzoli-cortejo-reyes-magos-300x236.jpg 300w\" sizes=\"auto, (max-width: 546px) 100vw, 546px\" \/><figcaption class=\"wp-element-caption\"><em><strong>El Cortejo del rey mago Gaspar<\/strong>, 1459-61, fresco, <strong>Benozzo Gozzoli<\/strong><\/em><br><em> (Florencia, Palazzo Medici-Riccardi, capilla de los Magos)<\/em><\/figcaption><\/figure>\n<\/div>\n\n\n<p class=\"has-text-align-left\"><em>La figura del rey Gaspar se considera un retrato idealizado del joven <a title=\"Lorenzo de M\u00e9dicis\" href=\"https:\/\/www.aparences.net\/es\/arte-y-mecenazgo\/florencia-y-los-medicis\/lorenzo-el-magnifico\/\">Lorenzo de M\u00e9dicis<\/a> sobre su caballo enjaezado con ricas ornamentaciones, representado por Gozzoli con una minucia casi de cincelador, t\u00e9cnica que hab\u00eda adquirido durante su aprendizaje como orfebre al lado de Ghiberti.<\/em><\/p>\n\n\n<div class=\"wp-block-image\">\n<figure class=\"aligncenter\"><img loading=\"lazy\" decoding=\"async\" width=\"546\" height=\"336\" src=\"https:\/\/www.aparences.net\/wp-content\/uploads\/2017\/06\/benozzo-gozzoli-cortege-chapelle-medicis.jpg\" alt=\"El Cortejo del rey mago Gaspar, 1459-61, Benozzo Gozzoli, detalle\" class=\"wp-image-17907\" title=\"El Cortejo del rey mago Gaspar, 1459-61, Benozzo Gozzoli, detalle\" srcset=\"https:\/\/www.aparences.net\/wp-content\/uploads\/2017\/06\/benozzo-gozzoli-cortege-chapelle-medicis.jpg 546w, https:\/\/www.aparences.net\/wp-content\/uploads\/2017\/06\/benozzo-gozzoli-cortege-chapelle-medicis-300x185.jpg 300w\" sizes=\"auto, (max-width: 546px) 100vw, 546px\" \/><\/figure>\n<\/div>\n\n\n<p class=\"has-text-align-left\"><em>No s\u00f3lo los materiales preciosos como las joyas, los tejidos y los arneses de los caballos, pero tambi\u00e9n los \u00e1rboles cargados de frutas, los prados cubiertos de flores esmaltadas, el plumaje multicolor de los p\u00e1jaros, las alas pol\u00edcromas de los \u00e1ngeles y, finalmente, las finas laminas de oro puro que fueron utilizadas abundantemente para que las escenas resplandecieran en la penumbra de la capilla, bajo la luz de las velas.<\/em><\/p>\n\n\n\n<p class=\"has-text-align-left\">En 1459, <a href=\"https:\/\/www.aparences.net\/es\/arte-y-mecenazgo\/florencia-y-los-medicis\/cosme-el-viejo\/#pedro-de-m%C3%A9dicis-(florencia-1416-%E2%80%93-1469)\">Pedro de M\u00e9dicis<\/a> llamado El Gotoso, <strong>encarg\u00f3 a Benozzo Gozzoli<\/strong> la decoraci\u00f3n de la capilla privada de su palacio (hoy Palacio Medici-Riccardi) que serv\u00eda tambi\u00e9n como sala de audiencias y de encuentros pol\u00edticos. El tema es el cortejo de los tres Reyes Magos que se extiende a lo largo de un paisaje maravilloso que evoca los jardines del Para\u00edso. La escena que pinta Gozzoli se convierte finalmente en el triunfo de los M\u00e9dicis, confirmado por el traslado de Ferrara a Florencia del Concilio que iba a promover la uni\u00f3n entre las iglesias de Oriente y de Occidente. Los magos est\u00e1n representados por el emperador Juan VIII Pale\u00f3logo, patriarca de Constantinopla y Lorenzo de M\u00e9dicis. El brillante s\u00e9quito est\u00e1 compuesto por pr\u00edncipes y humanistas fieles a la familia (algunos de los cuales est\u00e1n figuran en el cortejo) o sus aliados pol\u00edticos.<\/p>\n\n\n<div class=\"wp-block-image\">\n<figure class=\"aligncenter\"><img loading=\"lazy\" decoding=\"async\" width=\"534\" height=\"397\" src=\"https:\/\/www.aparences.net\/wp-content\/uploads\/2017\/06\/benozzo-gozzoli-pajes-paisaje-procesion-reyes-magos.jpg\" alt=\"El Cortejo de los reyes magos, pajes y paisaje, 1459-61, Benozzo Gozzoli\" class=\"wp-image-17908\" title=\"El Cortejo de los reyes magos, pajes y paisaje, 1459-61, Benozzo Gozzoli\" srcset=\"https:\/\/www.aparences.net\/wp-content\/uploads\/2017\/06\/benozzo-gozzoli-pajes-paisaje-procesion-reyes-magos.jpg 534w, https:\/\/www.aparences.net\/wp-content\/uploads\/2017\/06\/benozzo-gozzoli-pajes-paisaje-procesion-reyes-magos-300x223.jpg 300w\" sizes=\"auto, (max-width: 534px) 100vw, 534px\" \/><figcaption class=\"wp-element-caption\"><em><strong>Detalle de los pajes del cortejo del rey Gaspar y del paisaje<\/strong>. <\/em><br><em><strong>Benozzo Gozzoli<\/strong><\/em><\/figcaption><\/figure>\n<\/div>\n\n\n<p><em>Detr\u00e1s de los magos que cabalgan vestidos con lujosos ropajes, los tres pajes a caballo muestran una elegancia similar. El detallado paisaje toscano muestra la influencia del paisaje flamenco.<\/em><\/p>\n\n\n\n<p>En un marco paradisiaco muy parecido a la campi\u00f1a Toscana, <strong>Benozzo Gozzoli transporta la Historia santa a la historia contempor\u00e1nea del<\/strong> <a href=\"https:\/\/www.aparences.net\/es\/periodos\/el-quattrocento\/\">Quattrocento<\/a> para manifestar el poder de la casa reinante (el blas\u00f3n de los M\u00e9dicis se ha representado en distintos lugares). En este momento de gracia, <strong>Gozzoli pone en im\u00e1genes la elegancia del arte cortesano destinado al patriciado burgu\u00e9s<\/strong>, seg\u00fan un m\u00e9todo que ya se hab\u00eda experimentado en la tan cercana herencia g\u00f3tica con la actualidad de la visi\u00f3n en perspectiva, todo ello ba\u00f1ado en la claridad de la luz l\u00edmpida y reveladora, inspirada por los <a href=\"https:\/\/www.aparences.net\/es\/escuelas\/los-primitivos-flamencos\/\">artistas flamencos<\/a>. Sobre los muros, los frescos aparecen pintados como si fueran preciosos tapices. Los paisajes cubren la totalidad de las obras y son realzados por numerosos y cuidados motivos, por el resplandor del oro y el preciosos colorido. En el \u00e1mbito descriptivo y narrativo, las muy elaboradas composiciones de <strong>Benozzo Gozzoli<\/strong>, enaltecen el acontecimiento del Evangelio dentro de una atm\u00f3sfera de esplendor caballeresco (sin ninguna duda a instancias de los comitentes), de forma que, a las tradicionales y suntuosas representaciones en pintura y en los espect\u00e1culos de los tres Reyes Magos que se celebraban en Florencia, Benozzo le a\u00f1ade p\u00e1ginas de un refinamiento nuevo, comparables por la t\u00e9cnica y la b\u00fasqueda de elementos preciosos hasta en los menores detalles, a grandes miniaturas.<\/p>\n\n\n<div class=\"wp-block-image\">\n<figure class=\"aligncenter\"><a href=\"https:\/\/aparences.net\/wp-content\/uploads\/2010\/07\/gozzoli_cortege.jpg\"><img decoding=\"async\" src=\"https:\/\/www.aparences.net\/wp-content\/uploads\/2010\/07\/gozzoli_cortege.jpg\" alt=\"El Cortejo de los Reyes Magos, Benozzo Gozzoli\" title=\"El Cortejo de los Reyes Magos, Benozzo Gozzoli\"\/><\/a><\/figure>\n<\/div>\n\n<div class=\"wp-block-image\">\n<figure class=\"aligncenter\"><a href=\"https:\/\/aparences.net\/wp-content\/uploads\/2010\/07\/gozzoli_cortege1.jpg\"><img decoding=\"async\" src=\"https:\/\/www.aparences.net\/wp-content\/uploads\/2010\/07\/gozzoli_cortege1.jpg\" alt=\"El Cortejo de los Reyes Magos, personajes, Benozzo Gozzoli\" title=\"El Cortejo de los Reyes Magos, personajes, Benozzo Gozzoli\"\/><\/a><figcaption class=\"wp-element-caption\"><em><strong>El Cortejo de los Reyes Magos<\/strong>, detalles, <strong>Benozzo Gozzoli<\/strong><\/em><br><em>(Florencia, Palazzo Medici-Riccardi) <\/em><\/figcaption><\/figure>\n<\/div>\n\n\n<p><em>El triple cortejo de los Magos, compuesto seg\u00fan las reglas de un protocolo preciso, desfila sobre los muros, donde se puede ver tambi\u00e9n una batida de caza, con halcones, perros y leopardos. Los grupos de los reyes son seguidos y precedidos de dos grupos de ciudadanos a pie y a caballo. En la pared de la derecha, se pueden reconocer los miembros de la familia M\u00e9dicis, entre los cuales Cosme, Piero di Cosimo y los ni\u00f1os Lorenzo y Juliano as\u00ed como un grupo de partidarios o agentes de los M\u00e9dicis.<\/em> <em>La mayor\u00eda de <strong>los personajes son retratos de contempor\u00e1neos<\/strong> y Gozzoli precisa el car\u00e1cter individual de cada uno de ellos.<\/em><\/p>\n\n\n\n<h2 class=\"wp-block-heading\">Domenico Ghirlandaio y la vida ciudadana<\/h2>\n\n\n\n<p><strong>La tradici\u00f3n narrativa y la influencia de la<\/strong> <a href=\"https:\/\/www.aparences.net\/es\/escuelas\/los-primitivos-flamencos\/\">escuela flamenca<\/a> encuentran su m\u00e1s bella expresi\u00f3n en <strong>Domenico Ghirlandaio<\/strong> (1440-1494). En sus primeras obras se percibe claramente <strong>la influencia de su maestro<\/strong> <a title=\"Verrocchio\" href=\"https:\/\/www.aparences.net\/es\/periodos\/el-quattrocento\/el-arte-en-florencia-hacia-1480\/#el-taller-de-verrocchio\">Verrocchio<\/a>, pero Ghirlandaio integra la luminosidad tan apreciada por su maestro, a una concepci\u00f3n m\u00e1s dulce de las representaciones religiosas. Artista de gustos ecl\u00e9cticos, encuentra en el <a href=\"https:\/\/www.aparences.net\/es\/escuelas\/los-primitivos-flamencos\/los-sucesores-de-jan-van-eyck\/#el-retablo-portinari\" data-type=\"link\" data-id=\"https:\/\/www.aparences.net\/es\/escuelas\/los-primitivos-flamencos\/los-sucesores-de-jan-van-eyck\/#el-retablo-portinari\"><em>Tr\u00edptico Portinari<\/em> de Hugo van der Goes<\/a> que lleg\u00f3 a Florencia en 1482, las fuentes de una nueva orientaci\u00f3n hacia el realismo. Recurre con agrado a los elementos arquitect\u00f3nicos para poder desarrollar sobre los muros sus grandes y equilibradas composiciones. Es en Santa Maria Novella, hacia 1485-1490, en los <em><strong>Episodios de la vida de san Juan Bautista<\/strong><\/em>, donde este procedimiento ha sido mejor utilizado. Ghirlandaio sit\u00faa las escenas delante de p\u00f3rticos con arcadas y construcciones en forma de \u00e1bside, en interiores cuya perspectiva est\u00e1 marcada por el juego de las cornisas y techos artesonados, o en paisajes ritmados por edificios antiguos, campanarios, o simples muros. Los elementos arquitect\u00f3nicos como escaleras, arcadas, columnatas y p\u00f3rticos son el resultado de la <a title=\"arquitectura de Brunelleschi\" href=\"https:\/\/www.aparences.net\/es\/periodos\/el-quattrocento\/los-arquitectos-del-quattrocento-en-florencia\/\">arquitectura de Brunelleschi<\/a> y su representaci\u00f3n es estipulada en los contratos con sus comitentes. Adem\u00e1s, en 1485 acepta incluir en los frescos de Santa Maria Novella, encargados por la familia Tornabuoni y tal como se estipula en el contrato \u00abpersonajes, casas, castillos, ciudades, monta\u00f1as, p\u00e1jaros y animales de todo tipo\u00bb. En esa \u00e9poca y <strong>bajo el impulso de<\/strong> <a href=\"https:\/\/www.aparences.net\/es\/arte-y-mecenazgo\/florencia-y-los-medicis\/lorenzo-el-magnifico\/\">Lorenzo el Magn\u00edfico<\/a>, <strong>Florencia est\u00e1 considerada como la capital de Occidente<\/strong>. Los frescos de Ghirlandaio van a deslumbrar al patriciado, seducir a los embajadores y nos dejar\u00e1n la imagen de una etapa luminosa del arte florentino.<\/p>\n\n\n<div class=\"wp-block-image\">\n<figure class=\"aligncenter\"><a href=\"https:\/\/aparences.net\/wp-content\/uploads\/2010\/07\/ghirld_tornab3.jpg\"><img decoding=\"async\" src=\"https:\/\/www.aparences.net\/wp-content\/uploads\/2010\/07\/ghirld_tornab3.jpg\" alt=\"Vida de san Juan Bautista, Domenico Ghirlandaio\" title=\"Vida de san Juan Bautista, Domenico Ghirlandaio\"\/><\/a><\/figure>\n<\/div>\n\n<div class=\"wp-block-image\">\n<figure class=\"aligncenter\"><a href=\"https:\/\/aparences.net\/wp-content\/uploads\/2010\/07\/ghirland_tornab4.jpg\"><img decoding=\"async\" src=\"https:\/\/www.aparences.net\/wp-content\/uploads\/2010\/07\/ghirland_tornab4.jpg\" alt=\"Vida de san Juan Bautista, retratos, Domenico Ghirlandaio\" title=\"Vida de san Juan Bautista, retratos, Domenico Ghirlandaio\"\/><\/a><figcaption class=\"wp-element-caption\"><em><strong>La Visitaci\u00f3n<\/strong> y detalle con los retratos de Giovanna degli Albizi Tornabuoni a la izquierda y Lucrezia Tornabuoni, madre de Lorenzo el Magn\u00edfico a la derecha, 1486-1490, <\/em><br><em><strong>Domenico Ghirlandaio<\/strong> <\/em><br><em>(Florencia, Santa Maria Novella)<\/em><\/figcaption><\/figure>\n<\/div>\n\n\n<p>Considerado ya por sus contempor\u00e1neos como <strong>un maestro en<\/strong> <a href=\"https:\/\/www.aparences.net\/es\/arte-y-mecenazgo\/los-fresquistas-florentinos\/\">el arte del fresco<\/a>, <strong>Domenico Ghirlandaio<\/strong> complace a sus mecenas introduci\u00e9ndolos en los episodios de la historia sagrada, a la manera de Gozzoli, a ellos mismos o a sus allegados <strong>cuyos retratos<\/strong> ejecuta con maestr\u00eda. En su pr\u00f3spero taller se forman j\u00f3venes maestros, entre ellos <a href=\"https:\/\/www.aparences.net\/es\/arte-y-mecenazgo\/los-fresquistas-florentinos\/miguel-angel-frescos-de-la-sixtina\/\">Miguel Angel<\/a> que trabaj\u00f3 como aprendiz en 1488. Su estilo impecable muestra una elegante distinci\u00f3n pero tambi\u00e9n un cierto distanciamiento. Ghirlandaio reconcilia mundos tan lejanos como el del Renacimiento y el mundo b\u00edblico. Re\u00fane as\u00ed, representados en la <em>Visitaci\u00f3n<\/em> el retrato de Florencia, el de Roma, la Antig\u00fcedad y el cristianismo. En la <em>Aparici\u00f3n del \u00e1ngel a Zacar\u00edas<\/em>, Ghirlandaio <strong>a\u00f1ade a personajes como&nbsp; los Tornabuoni<\/strong>, <strong>Marsilio Ficino<\/strong> y sus alumnos, los humanistas <strong>Poliziano<\/strong> y <strong>Cristoforo Landino<\/strong>.<\/p>\n\n\n<div class=\"wp-block-image\">\n<figure class=\"aligncenter\"><a href=\"https:\/\/aparences.net\/wp-content\/uploads\/2010\/07\/ghirlandaio_sassetti.jpg\"><img decoding=\"async\" src=\"https:\/\/www.aparences.net\/wp-content\/uploads\/2010\/07\/ghirlandaio_sassetti.jpg\" alt=\"Confirmaci\u00f3n de la regla franciscana, Domenico Ghirlandaio\" title=\"Confirmaci\u00f3n de la regla franciscana, Domenico Ghirlandaio\"\/><\/a><\/figure>\n<\/div>\n\n<div class=\"wp-block-image\">\n<figure class=\"aligncenter\"><a href=\"https:\/\/aparences.net\/wp-content\/uploads\/2010\/07\/ghirlandaio_sassetti1.jpg\"><img decoding=\"async\" src=\"https:\/\/www.aparences.net\/wp-content\/uploads\/2010\/07\/ghirlandaio_sassetti1.jpg\" alt=\"Confirmaci\u00f3n de la regla franciscana, Domenico Ghirlandaio, detalle\" title=\"Confirmaci\u00f3n de la regla franciscana, Domenico Ghirlandaio, detalle\"\/><\/a><figcaption class=\"wp-element-caption\"><em><strong>Confirmaci\u00f3n de la regla franciscana<\/strong>, detalles, <\/em><br><em><strong>Domenico Ghirlandaio<\/strong> (Florencia, iglesia Santa Trinita)<\/em><\/figcaption><\/figure>\n<\/div>\n\n\n<p><em>Los edificios del fondo, el palazzo Vecchio y la Loggia dei Lanzi est\u00e1n situados en el lugar emblem\u00e1tico de la actividad ciudadana, donde se est\u00e1 desarrollando el concilio. Los personajes que suben la escalera son: Angelo Poliziano, los hermanos Piero, Giovanni (el futuro <a title=\"Le\u00f3n X\" href=\"https:\/\/www.aparences.net\/es\/arte-y-mecenazgo\/roma-mecenazgo-y-poder-papal\/leon-x-giovanni-de-medicis\/\">Le\u00f3n X<\/a>) y Giulio de M\u00e9dicis; Matteo Franco y Luigi Pulci.<\/em><\/p>\n\n\n\n<p>Los episodios de la vida de san Francisco y sus milagros, <strong>han sido trasladados a las calles y plazas de Florencia<\/strong>, donde los personajes que asisten y participan en las diversas escenas, son los ciudadanos, del m\u00e1s humilde al de m\u00e1s alto rango. Se trata de <a href=\"https:\/\/www.aparences.net\/es\/arte-y-mecenazgo\/renacimiento-y-vida-privada\/\">la vida de la sociedad florentina del siglo XV<\/a> que desfila bajo nuestros ojos, y por momentos casi podemos tener la impresi\u00f3n de ser los espectadores directos: envueltos dentro de esta atm\u00f3sfera serena, vivimos con estos hombres del pasado que el pincel de <strong>Ghirlandaio<\/strong> nos los hace tan presentes. El episodio de la <em><strong>Resurrecci\u00f3n de un ni\u00f1o de la familia Spini<\/strong><\/em> por intercesi\u00f3n del santo, es uno de los mas c\u00e9lebres \u00ab\u2026 el se represent\u00f3 as\u00ed mismo y pint\u00f3 el puente de Santa Trinit\u00e0 y el palacio Spini, pintando sobre la primera pared la historia de San Francisco cuando aparece en el cielo y resucita al ni\u00f1o\u2026 y otras personas que se maravillan\u2026 donde se encuentran los retratos del se\u00f1or Angelo Acciaioli y del noble se\u00f1or Palla Strozzi\u2026\u00bb (<strong>Vasari<\/strong>). Los grandes palacios parecen inhabitados, todo el mundo est\u00e1 en la calle para asistir a la tragedia del ni\u00f1o que se ha ca\u00eddo por una ventana y luego admirar el milagro de su resurrecci\u00f3n. Aqu\u00ed, como en los dem\u00e1s episodios, la vida y los actos del santo se convierten para el pintor en pretexto para representar las diversas capas de la sociedad florentina de aquella \u00e9poca. Los v\u00ednculos de los Sassetti con los M\u00e9dicis y otros grandes banqueros de la ciudad, no pod\u00edan ser ignorados. Poco tiempo despu\u00e9s, <strong>los Tornabuoni encargar\u00e1n tambi\u00e9n a Ghirlandaio<\/strong> los famosos frescos de Santa Maria Novella.<\/p>\n\n\n<div class=\"wp-block-image\">\n<figure class=\"aligncenter\"><img loading=\"lazy\" decoding=\"async\" width=\"640\" height=\"303\" src=\"https:\/\/www.aparences.net\/wp-content\/uploads\/2011\/05\/ghirlandaio-resurrection-enfant-chapelle-sassetti.jpg\" alt=\"Resurrecci\u00f3n de un ni\u00f1o, Domenico Ghirlandaio\" class=\"wp-image-22802\" title=\"Resurrecci\u00f3n de un ni\u00f1o, Domenico Ghirlandaio\" srcset=\"https:\/\/www.aparences.net\/wp-content\/uploads\/2011\/05\/ghirlandaio-resurrection-enfant-chapelle-sassetti.jpg 640w, https:\/\/www.aparences.net\/wp-content\/uploads\/2011\/05\/ghirlandaio-resurrection-enfant-chapelle-sassetti-160x76.jpg 160w\" sizes=\"auto, (max-width: 640px) 100vw, 640px\" \/><figcaption class=\"wp-element-caption\"><em><strong>Resurrecci\u00f3n de un ni\u00f1o de la familia Spini<\/strong> y detalles, <strong>Domenico Ghirlandaio<\/strong> <\/em><br><em>(Florencia, Santa Trinidad, capilla Sassetti)<\/em><\/figcaption><\/figure>\n<\/div>\n\n\n<p class=\"has-text-align-left\"><em>Ghirlandaio firm\u00f3 el contrato para los frescos Sassetti entre 1475 y 1479, mientras iba y ven\u00eda de Florencia a San Gimignano y Roma, con la asombrosa facilidad de movimiento que ten\u00edan los artistas en aquella \u00e9poca. Los frescos de Santa Trinidad son la mejor obra de Ghirlandaio, junto con los de la <a title=\"Vida de Santa Fina Ghirlandaio\" href=\"https:\/\/www.aparences.net\/es\/arte-y-mecenazgo\/los-fresquistas-florentinos\/frescos-de-domenico-ghirlandaio\/\">Vida de santa Fina<\/a> de San Gimignano. En ellos encontramos toda la poes\u00eda, su amor por las im\u00e1genes y por los colores, su estilo sereno: es el recuerdo de la vida acomodada, elegante y refinada de los florentinos, un reposo para los ojos y para el esp\u00edritu. La vida m\u00e1s humilde y m\u00e1s cotidiana de la ciudad tampoco es dejada de lado por el pintor. As\u00ed, en el fondo de la Resurrecci\u00f3n del ni\u00f1o aparecen dos carpinteros, dos peque\u00f1os personajes apenas esbozados, que contin\u00faan con su trabajo sin dejarse distraer por el acontecimiento; vemos a alguien correr, tal vez para difundir la noticia, alguien a caballo que observa la escena con una cierta condescendencia y a medida que nos vamos acercando al primer plano, el grupo de personajes.<\/em><\/p>\n\n\n<div class=\"wp-block-image\">\n<figure class=\"aligncenter\"><a href=\"https:\/\/aparences.net\/wp-content\/uploads\/2010\/07\/ghirland_sasset4.jpg\"><img decoding=\"async\" src=\"https:\/\/www.aparences.net\/wp-content\/uploads\/2010\/07\/ghirland_sasset4.jpg\" alt=\"Resurrecci\u00f3n de un ni\u00f1o, Domenico Ghirlandaio, detalle\" title=\"Resurrecci\u00f3n de un ni\u00f1o, Domenico Ghirlandaio, detalle\"\/><\/a><\/figure>\n<\/div>\n\n\n<p><em>Mujeres y hombres en actitudes solemnes, en particular los que se encuentran a la izquierda, al lado del palacio Spini: tal vez Maso degli Albizi, Angelo Acciaioli y Filippo Strozzi el Viejo con sus esposas, hijas e hijos. Ellos deber\u00edan participar en el acontecimiento, pero todos esos amigos de Francesco Sassetti, amigo a su vez de los M\u00e9dicis y comitente de la obra, estan posando para sus retratos.<\/em><\/p>\n\n\n<div class=\"wp-block-image\">\n<figure class=\"aligncenter\"><a href=\"https:\/\/aparences.net\/wp-content\/uploads\/2010\/07\/ghirlandaio_resurrec.jpg\"><img decoding=\"async\" src=\"https:\/\/www.aparences.net\/wp-content\/uploads\/2010\/07\/ghirlandaio_resurrec.jpg\" alt=\"Fresco capilla Sassetti, Domenico Ghirlandaio\" title=\"Fresco capilla Sassetti, Domenico Ghirlandaio\"\/><\/a><\/figure>\n<\/div>\n\n\n<p><em>Al otro lado del fresco, delante de la vieja fachada de la iglesia Santa Trinit\u00e0, hay gentes de condici\u00f3n m\u00e1s modesta, tal vez se trata de ricos burgueses, pero que no han llegado todav\u00eda a la cumbre de la jerarqu\u00eda social. El grupo de tres j\u00f3venes, en el centro de la escena, est\u00e1 muy bien logrado, vivo, ejecutado con soltura. Tambi\u00e9n en primer plano, se encuentran dos frailes arrodillados cuyos h\u00e1bitos est\u00e1n pintados con delicados tonos grises; se trata probablemente de dos religiosos del cercano convento de Vallombrosa, desconocidos, ya que Vasari no menciona sus nombres, pero veros\u00edmiles, vivos como dos hombres de carne y hueso.<\/em><\/p>\n\n\n<div class=\"wp-block-image\">\n<figure class=\"aligncenter\"><img loading=\"lazy\" decoding=\"async\" width=\"461\" height=\"460\" src=\"https:\/\/www.aparences.net\/wp-content\/uploads\/2011\/05\/ghirlandaio-adoration-des-bergers-santa-trinita.jpg\" alt=\"La Adoraci\u00f3n de los pastores, 1485, Domenico Ghirlandaio\" class=\"wp-image-22804\" title=\"La Adoraci\u00f3n de los pastores, 1485, Domenico Ghirlandaio\" srcset=\"https:\/\/www.aparences.net\/wp-content\/uploads\/2011\/05\/ghirlandaio-adoration-des-bergers-santa-trinita.jpg 461w, https:\/\/www.aparences.net\/wp-content\/uploads\/2011\/05\/ghirlandaio-adoration-des-bergers-santa-trinita-100x100.jpg 100w, https:\/\/www.aparences.net\/wp-content\/uploads\/2011\/05\/ghirlandaio-adoration-des-bergers-santa-trinita-160x160.jpg 160w, https:\/\/www.aparences.net\/wp-content\/uploads\/2011\/05\/ghirlandaio-adoration-des-bergers-santa-trinita-150x150.jpg 150w\" sizes=\"auto, (max-width: 461px) 100vw, 461px\" \/><\/figure>\n<\/div>\n\n<div class=\"wp-block-image\">\n<figure class=\"aligncenter\"><img loading=\"lazy\" decoding=\"async\" width=\"620\" height=\"348\" src=\"https:\/\/www.aparences.net\/wp-content\/uploads\/2011\/05\/ghirlandaio-adoration-des-bergers-sainte-famille.jpg\" alt=\"La Adoraci\u00f3n de los pastores, 1485, Domenico Ghirlandaio, detalle\" class=\"wp-image-22806\" title=\"La Adoraci\u00f3n de los pastores, 1485, Domenico Ghirlandaio, detalle \" srcset=\"https:\/\/www.aparences.net\/wp-content\/uploads\/2011\/05\/ghirlandaio-adoration-des-bergers-sainte-famille.jpg 620w, https:\/\/www.aparences.net\/wp-content\/uploads\/2011\/05\/ghirlandaio-adoration-des-bergers-sainte-famille-160x90.jpg 160w\" sizes=\"auto, (max-width: 620px) 100vw, 620px\" \/><figcaption class=\"wp-element-caption\"><em><strong>La Adoraci\u00f3n de los pastores<\/strong>, 1485, <strong>Domenico Ghirlandaio<\/strong> (Florencia, Santa Trinit\u00e0)<\/em><\/figcaption><\/figure>\n<\/div>\n\n\n<p><em>En esta obra es evidente la influencia del <a title=\"arte flamenco\" href=\"https:\/\/www.aparences.net\/es\/escuelas\/los-primitivos-flamencos\/\">arte flamenco<\/a>, en particular de <strong>Hugo van der Goes<\/strong>. Siete a\u00f1os antes, en 1478, el Tr\u00edptico Portinari, que el maestro flamenco hab\u00eda realizado en Brujas para el representante de la banca M\u00e9dicis, Tomasso Portinari, hab\u00eda llegado a Florencia y hab\u00eda maravillado inmediatamente a todo la ciudadan\u00eda. Las novedades que este cuadro conten\u00eda impresionaron a toda una generaci\u00f3n de pintores florentinos, incluso a <a href=\"https:\/\/www.aparences.net\/es\/periodos\/el-quattrocento\/sandro-botticelli\/\">Botticelli<\/a><strong>.<\/strong> <strong>Filippino Lippi<\/strong> y <strong>Domenico Ghirlandaio<\/strong> fueron subyugados por el cuadro en el que descubrieron una especial atenci\u00f3n a la realidad, un estudio meticuloso del paisaje, la representaci\u00f3n de los personajes sin demasiadas concesiones a bellezas inexistentes, pero sabiendo adivinar los sentimientos, los movimientos del alma.<br><\/em><\/p>\n\n\n<div class=\"wp-block-image\">\n<figure class=\"aligncenter\"><img loading=\"lazy\" decoding=\"async\" width=\"376\" height=\"402\" src=\"https:\/\/www.aparences.net\/wp-content\/uploads\/2011\/05\/ghirlandaio-adoration-des-bergers-personnages.jpg\" alt=\"La Adoraci\u00f3n de los pastores, 1485, Domenico Ghirlandaio\" class=\"wp-image-22808\" title=\"La Adoraci\u00f3n de los pastores, 1485, Domenico Ghirlandaio\" srcset=\"https:\/\/www.aparences.net\/wp-content\/uploads\/2011\/05\/ghirlandaio-adoration-des-bergers-personnages.jpg 376w, https:\/\/www.aparences.net\/wp-content\/uploads\/2011\/05\/ghirlandaio-adoration-des-bergers-personnages-160x171.jpg 160w\" sizes=\"auto, (max-width: 376px) 100vw, 376px\" \/><\/figure>\n<\/div>\n\n\n<p><em>Si existen grandes analog\u00edas entre el grupo de pastores en la Adoraci\u00f3n de <strong>Hugo van der Goes<\/strong> (<a href=\"https:\/\/www.aparences.net\/es\/escuelas\/los-primitivos-flamencos\/los-sucesores-de-jan-van-eyck\/#el-retablo-portinari\">Triptico Portinari<\/a>) y en la Adoraci\u00f3n de Ghirlandaio, el tipo f\u00edsico de los personajes es sin embargo diferente. Los pastores de Ghirlandaio han abandonado los campos al anuncio del \u00e1ngel, pero antes de presentarse en el portal han dejado sus \u00fatiles de trabajo y se han vestido con sus mejores ropas. En su aspecto y en sus rostros, se puede leer una tierna adoraci\u00f3n y no el asombro o la estupefacci\u00f3n de los pastores de Van der Goes. Tambi\u00e9n sus fisonom\u00edas son menos rudas y su actitud es la de personas sencillas, pero de ninguna manera toscas. El primero, el que est\u00e1 arrodillado se\u00f1alando al Ni\u00f1o, Vasari nos informa que se trata del primer <strong>autorretrato de Ghirlandaio<\/strong>. Pero el m\u00e1s extraordinario de los pastores y el m\u00e1s realista, es tal vez el hombre que se encuentra de pie sosteniendo una oveja, presenta el aspecto de un honrado campesino de la Toscana, inteligente y bonach\u00f3n, con su cabello blanco rapado, parece como si hablara, como si comentara en voz baja el acontecimiento.<\/em><\/p>\n\n\n\n<!-- AdBoxLeft2023 --><ins class=\"adsbygoogle\" style=\"display:block\" data-ad-client=\"ca-pub-2468002815867636\" data-ad-slot=\"1318022963\" data-ad-format=\"auto\" data-full-width-responsive=\"true\"><\/ins><script> (adsbygoogle = window.adsbygoogle || []).push({});<\/script><h2 class=\"wp-block-heading\">Alesso Baldovinetti (Florencia 1425-1499)<\/h2>\n\n\n\n<p>Los puntos de referencia en la formaci\u00f3n de <strong>Alesso Baldovinetti <\/strong>son: el <strong>Angelico<\/strong>, <strong>con quien colabor\u00f3 para las puertas del Armario de los vasos sagrados<\/strong> (<em><a title=\"Armadio degli Argenti\" href=\"https:\/\/www.aparences.net\/es\/periodos\/el-quattrocento\/fra-angelico\/#el-armadio-degli-argenti-%28el-armario-de-los-vasos-sagrados%29\">Armadio degli Argenti<\/a><\/em>) para la Santissima Annunziata, y <strong>Domenico Veneziano<\/strong>, de quien fue uno de los alumnos mas brillantes; <a title=\"Piero della Francesca\" href=\"https:\/\/www.aparences.net\/es\/arte-y-mecenazgo\/los-fresquistas-florentinos\/piero-della-francesca-historia-de-una-sintesis\/\">Piero della Francesca<\/a> y <strong>Andrea del Castagno<\/strong> con quienes colabor\u00f3 en los frescos perdidos de la capilla mayor de Sant\u2019 Egidio. Es, sobre todo, <strong>la s\u00edntesis entre la perspectiva y la luz<\/strong>, que le viene de Domenico y de Piero, lo que caracterizan sus obras de madurez, las cuales fueron concebidas y realizadas en contacto con la corte de los M\u00e9dicis y de los representantes m\u00e1s importantes del arte de la segunda mitad del siglo XV florentino. Cuando pinta la <em>Anunciaci\u00f3n<\/em> en la decoraci\u00f3n de la capilla del cardenal de Portugal en San Miniato, Baldovinetti ilumina la cara de la Virgen siguiendo la tradici\u00f3n de Domenico Veneziano. Pero cuando ejecuta los <em>Profetas<\/em> y los <em>Evangelistas<\/em> hace referencia a Andrea del Castagno haciendo hincapi\u00e9 en la definici\u00f3n de las siluetas y en la intensidad de los rostros. Encontramos la serenidad de su color en la <em>Madonna<\/em> de 1450. Pero en esta obra y <strong>en el fresco de la <em>Natividad<\/em> de la Annunziata<\/strong>, Baldovinetti encamina la pintura florentina hacia una nueva era.<\/p>\n\n\n<div class=\"wp-block-image\">\n<figure class=\"aligncenter\"><img loading=\"lazy\" decoding=\"async\" width=\"488\" height=\"463\" src=\"https:\/\/www.aparences.net\/wp-content\/uploads\/2011\/05\/alesso-baldovinetti-nativite-fresque-annunziata.jpg\" alt=\"Natividad, 1460-1462, Alesso Baldovinetti\" class=\"wp-image-22810\" title=\"Natividad, 1460-1462, Alesso Baldovinetti\" srcset=\"https:\/\/www.aparences.net\/wp-content\/uploads\/2011\/05\/alesso-baldovinetti-nativite-fresque-annunziata.jpg 488w, https:\/\/www.aparences.net\/wp-content\/uploads\/2011\/05\/alesso-baldovinetti-nativite-fresque-annunziata-160x152.jpg 160w\" sizes=\"auto, (max-width: 488px) 100vw, 488px\" \/><\/figure>\n<\/div>\n\n<div class=\"wp-block-image\">\n<figure class=\"aligncenter\"><img loading=\"lazy\" decoding=\"async\" width=\"421\" height=\"460\" src=\"https:\/\/www.aparences.net\/wp-content\/uploads\/2011\/05\/alesso-baldovinetti-nativite-paysage-fresque-annunziata.jpg\" alt=\"Natividad, 1460-1462, Alesso Baldovinetti, detalle\" class=\"wp-image-22812\" title=\"Natividad, 1460-1462, Alesso Baldovinetti, detalle\" srcset=\"https:\/\/www.aparences.net\/wp-content\/uploads\/2011\/05\/alesso-baldovinetti-nativite-paysage-fresque-annunziata.jpg 421w, https:\/\/www.aparences.net\/wp-content\/uploads\/2011\/05\/alesso-baldovinetti-nativite-paysage-fresque-annunziata-160x175.jpg 160w\" sizes=\"auto, (max-width: 421px) 100vw, 421px\" \/><figcaption class=\"wp-element-caption\"><em><strong>Natividad<\/strong>, 1460-1462, pintura al fresco, <strong>Alesso Baldovinetti<\/strong> (Florencia, iglesia de la Santissima Annunziata)<\/em><\/figcaption><\/figure>\n<\/div>\n\n\n<p><em>Los grandes espacios del valle del Arno que se extienden detr\u00e1s de la Madonna como en la pintura flamenca, son el fruto de un estudio directo y minucioso, que a su vez Pollaiuolo desarrollar\u00e1 hasta el extremo, buscando una alianza entre la figura y el paisaje.<\/em><\/p>\n\n\n<div class=\"wp-block-image\">\n<figure class=\"aligncenter\"><img loading=\"lazy\" decoding=\"async\" width=\"305\" height=\"460\" src=\"https:\/\/www.aparences.net\/wp-content\/uploads\/2011\/05\/alesso-baldovinetti-portrait-de-femme-1460.jpg\" alt=\"Retrato de mujer, hacia 1460, Alesso Baldovinetti\" class=\"wp-image-22814\" title=\"Retrato de mujer, hacia 1460, Alesso Baldovinetti\" srcset=\"https:\/\/www.aparences.net\/wp-content\/uploads\/2011\/05\/alesso-baldovinetti-portrait-de-femme-1460.jpg 305w, https:\/\/www.aparences.net\/wp-content\/uploads\/2011\/05\/alesso-baldovinetti-portrait-de-femme-1460-160x241.jpg 160w\" sizes=\"auto, (max-width: 305px) 100vw, 305px\" \/><figcaption class=\"wp-element-caption\"><em><strong>Retrato de mujer<\/strong>, hacia 1460, <\/em><br><em><strong>Alesso Baldovinetti<\/strong> (Londres, National Gallery)<\/em><\/figcaption><\/figure>\n<\/div>\n\n\n<p><em>Los muros de las <a href=\"https:\/\/www.aparences.net\/es\/arte-y-mecenazgo\/renacimiento-y-vida-privada\/la-vivienda-en-el-renacimiento\/\">casas florentinas<\/a> estaban adornados con retratos, los cuales, hasta mediados de siglo aproximadamente, eran perfiles inspirados en las monedas antiguas. Hasta la llegada de los retratos de Leonardo, no se puede decir que los <a href=\"https:\/\/www.aparences.net\/es\/arte-y-mecenazgo\/el-retrato-en-el-renacimiento-italiano\/\">retratos florentinos<\/a> revelan demasiado la psicolog\u00eda del modelo. Son m\u00e1s bien s\u00edmbolos de la posici\u00f3n social (aqu\u00ed las tres hojas de palma podr\u00edan representar el emblema de la familia), como lo atestiguan claramente los <a href=\"https:\/\/www.aparences.net\/es\/arte-y-mecenazgo\/el-retrato-en-el-renacimiento-italiano\/el-retrato-de-perfil-en-el-siglo-xv\/\">retratos femeninos de perfil<\/a>. Representan en efecto a mujeres altamente idealizadas, que se conforman con las nociones contempor\u00e1neas de <a href=\"https:\/\/www.aparences.net\/es\/arte-y-mecenazgo\/renacimiento-y-vida-privada\/la-moda-en-el-siglo-xv\/\">belleza y moda<\/a>: rostros de porcelana, cejas y frentes depiladas, peinados estilizados. La ropa y las joyas no proclaman su independencia, sino el estatus social del marido.<br><\/em><\/p>\n","protected":false},"excerpt":{"rendered":"<p>El inter\u00e9s que muestra esta nueva generaci\u00f3n de pintores por la tradici\u00f3n narrativa y por la pintura flamenca encuentra su m\u00e1s bella expresi\u00f3n en Domenico Ghirlandaio.<\/p>\n","protected":false},"author":2,"featured_media":26462,"comment_status":"closed","ping_status":"closed","sticky":false,"template":"","format":"standard","meta":{"footnotes":""},"categories":[2696],"tags":[3508,3507,4904,5406,596,2848,6128],"class_list":["post-13306","post","type-post","status-publish","format-standard","has-post-thumbnail","hentry","category-el-quattrocento","tag-alesso-baldovinetti-2","tag-benozzo-bozzoli","tag-domenico-ghirlandaio-2","tag-el-quattrocento","tag-personnages-de-florence","tag-pintura-narrativa","tag-retratos-florentinos"],"yoast_head":"<!-- This site is optimized with the Yoast SEO plugin v27.2 - https:\/\/yoast.com\/product\/yoast-seo-wordpress\/ -->\n<title>La pintura narrativa en Florencia en el Quattrocento<\/title>\n<meta name=\"description\" content=\"El inter\u00e9s que muestra esta nueva generaci\u00f3n de pintores por la tradici\u00f3n narrativa y por la pintura flamenca encuentra su m\u00e1s bella expresi\u00f3n en Domenico Ghirlandaio.\" \/>\n<meta name=\"robots\" content=\"index, follow, max-snippet:-1, max-image-preview:large, max-video-preview:-1\" \/>\n<link rel=\"canonical\" href=\"https:\/\/www.aparences.net\/es\/periodos\/el-quattrocento\/la-pintura-narrativa-en-florencia-en-el-quattrocento\/\" \/>\n<meta property=\"og:locale\" content=\"es_ES\" \/>\n<meta property=\"og:type\" content=\"article\" \/>\n<meta property=\"og:title\" content=\"La pintura narrativa en Florencia en el Quattrocento\" \/>\n<meta property=\"og:description\" content=\"El inter\u00e9s que muestra esta nueva generaci\u00f3n de pintores por la tradici\u00f3n narrativa y por la pintura flamenca encuentra su m\u00e1s bella expresi\u00f3n en Domenico Ghirlandaio.\" \/>\n<meta property=\"og:url\" content=\"https:\/\/www.aparences.net\/es\/periodos\/el-quattrocento\/la-pintura-narrativa-en-florencia-en-el-quattrocento\/\" \/>\n<meta property=\"og:site_name\" content=\"Aparences\" \/>\n<meta property=\"article:published_time\" content=\"2011-05-22T17:44:13+00:00\" \/>\n<meta property=\"article:modified_time\" content=\"2025-12-11T18:40:56+00:00\" \/>\n<meta property=\"og:image\" content=\"https:\/\/www.aparences.net\/wp-content\/uploads\/2011\/05\/peinture-narrative.jpg\" \/>\n\t<meta property=\"og:image:width\" content=\"1080\" \/>\n\t<meta property=\"og:image:height\" content=\"540\" \/>\n\t<meta property=\"og:image:type\" content=\"image\/jpeg\" \/>\n<meta name=\"author\" content=\"admin\" \/>\n<meta name=\"twitter:card\" content=\"summary_large_image\" \/>\n<meta name=\"twitter:label1\" content=\"Escrito por\" \/>\n\t<meta name=\"twitter:data1\" content=\"admin\" \/>\n\t<meta name=\"twitter:label2\" content=\"Tiempo de lectura\" \/>\n\t<meta name=\"twitter:data2\" content=\"19 minutos\" \/>\n<script type=\"application\/ld+json\" class=\"yoast-schema-graph\">{\"@context\":\"https:\/\/schema.org\",\"@graph\":[{\"@type\":\"Article\",\"@id\":\"https:\/\/www.aparences.net\/es\/periodos\/el-quattrocento\/la-pintura-narrativa-en-florencia-en-el-quattrocento\/#article\",\"isPartOf\":{\"@id\":\"https:\/\/www.aparences.net\/es\/periodos\/el-quattrocento\/la-pintura-narrativa-en-florencia-en-el-quattrocento\/\"},\"author\":{\"name\":\"admin\",\"@id\":\"https:\/\/www.aparences.net\/es\/#\/schema\/person\/af349f6ffc31b16c68963e61268afca5\"},\"headline\":\"La pintura narrativa en Florencia en el Quattrocento\",\"datePublished\":\"2011-05-22T17:44:13+00:00\",\"dateModified\":\"2025-12-11T18:40:56+00:00\",\"mainEntityOfPage\":{\"@id\":\"https:\/\/www.aparences.net\/es\/periodos\/el-quattrocento\/la-pintura-narrativa-en-florencia-en-el-quattrocento\/\"},\"wordCount\":3206,\"publisher\":{\"@id\":\"https:\/\/www.aparences.net\/es\/#organization\"},\"image\":{\"@id\":\"https:\/\/www.aparences.net\/es\/periodos\/el-quattrocento\/la-pintura-narrativa-en-florencia-en-el-quattrocento\/#primaryimage\"},\"thumbnailUrl\":\"https:\/\/www.aparences.net\/wp-content\/uploads\/2011\/05\/peinture-narrative.jpg\",\"keywords\":[\"Alesso Baldovinetti\",\"Benozzo Bozzoli\",\"Domenico Ghirlandaio\",\"el Quattrocento\",\"personnages de Florence\",\"pintura narrativa\",\"retratos florentinos\"],\"articleSection\":[\"El Quattrocento\"],\"inLanguage\":\"es\"},{\"@type\":[\"WebPage\",\"ItemPage\"],\"@id\":\"https:\/\/www.aparences.net\/es\/periodos\/el-quattrocento\/la-pintura-narrativa-en-florencia-en-el-quattrocento\/\",\"url\":\"https:\/\/www.aparences.net\/es\/periodos\/el-quattrocento\/la-pintura-narrativa-en-florencia-en-el-quattrocento\/\",\"name\":\"La pintura narrativa en Florencia en el Quattrocento\",\"isPartOf\":{\"@id\":\"https:\/\/www.aparences.net\/es\/#website\"},\"primaryImageOfPage\":{\"@id\":\"https:\/\/www.aparences.net\/es\/periodos\/el-quattrocento\/la-pintura-narrativa-en-florencia-en-el-quattrocento\/#primaryimage\"},\"image\":{\"@id\":\"https:\/\/www.aparences.net\/es\/periodos\/el-quattrocento\/la-pintura-narrativa-en-florencia-en-el-quattrocento\/#primaryimage\"},\"thumbnailUrl\":\"https:\/\/www.aparences.net\/wp-content\/uploads\/2011\/05\/peinture-narrative.jpg\",\"datePublished\":\"2011-05-22T17:44:13+00:00\",\"dateModified\":\"2025-12-11T18:40:56+00:00\",\"description\":\"El inter\u00e9s que muestra esta nueva generaci\u00f3n de pintores por la tradici\u00f3n narrativa y por la pintura flamenca encuentra su m\u00e1s bella expresi\u00f3n en Domenico Ghirlandaio.\",\"breadcrumb\":{\"@id\":\"https:\/\/www.aparences.net\/es\/periodos\/el-quattrocento\/la-pintura-narrativa-en-florencia-en-el-quattrocento\/#breadcrumb\"},\"inLanguage\":\"es\",\"potentialAction\":[{\"@type\":\"ReadAction\",\"target\":[\"https:\/\/www.aparences.net\/es\/periodos\/el-quattrocento\/la-pintura-narrativa-en-florencia-en-el-quattrocento\/\"]}]},{\"@type\":\"ImageObject\",\"inLanguage\":\"es\",\"@id\":\"https:\/\/www.aparences.net\/es\/periodos\/el-quattrocento\/la-pintura-narrativa-en-florencia-en-el-quattrocento\/#primaryimage\",\"url\":\"https:\/\/www.aparences.net\/wp-content\/uploads\/2011\/05\/peinture-narrative.jpg\",\"contentUrl\":\"https:\/\/www.aparences.net\/wp-content\/uploads\/2011\/05\/peinture-narrative.jpg\",\"width\":1080,\"height\":540},{\"@type\":\"BreadcrumbList\",\"@id\":\"https:\/\/www.aparences.net\/es\/periodos\/el-quattrocento\/la-pintura-narrativa-en-florencia-en-el-quattrocento\/#breadcrumb\",\"itemListElement\":[{\"@type\":\"ListItem\",\"position\":1,\"name\":\"Portada\",\"item\":\"https:\/\/www.aparences.net\/es\/\"},{\"@type\":\"ListItem\",\"position\":2,\"name\":\"La pintura narrativa en Florencia en el Quattrocento\"}]},{\"@type\":\"WebSite\",\"@id\":\"https:\/\/www.aparences.net\/es\/#website\",\"url\":\"https:\/\/www.aparences.net\/es\/\",\"name\":\"Aparences: Historia del Arte y Actualidad Cultural\",\"description\":\"\",\"publisher\":{\"@id\":\"https:\/\/www.aparences.net\/es\/#organization\"},\"potentialAction\":[{\"@type\":\"SearchAction\",\"target\":{\"@type\":\"EntryPoint\",\"urlTemplate\":\"https:\/\/www.aparences.net\/es\/?s={search_term_string}\"},\"query-input\":{\"@type\":\"PropertyValueSpecification\",\"valueRequired\":true,\"valueName\":\"search_term_string\"}}],\"inLanguage\":\"es\"},{\"@type\":\"Organization\",\"@id\":\"https:\/\/www.aparences.net\/es\/#organization\",\"name\":\"Aparences: Historia del Arte y Actualidad Cultural\",\"url\":\"https:\/\/www.aparences.net\/es\/\",\"logo\":{\"@type\":\"ImageObject\",\"inLanguage\":\"es\",\"@id\":\"https:\/\/www.aparences.net\/es\/#\/schema\/logo\/image\/\",\"url\":\"https:\/\/www.aparences.net\/wp-content\/uploads\/2023\/09\/logo-quadrat-color-e1695915315229.png\",\"contentUrl\":\"https:\/\/www.aparences.net\/wp-content\/uploads\/2023\/09\/logo-quadrat-color-e1695915315229.png\",\"width\":120,\"height\":120,\"caption\":\"Aparences: Historia del Arte y Actualidad Cultural\"},\"image\":{\"@id\":\"https:\/\/www.aparences.net\/es\/#\/schema\/logo\/image\/\"}},{\"@type\":\"Person\",\"@id\":\"https:\/\/www.aparences.net\/es\/#\/schema\/person\/af349f6ffc31b16c68963e61268afca5\",\"name\":\"admin\",\"url\":\"https:\/\/www.aparences.net\/es\/author\/admin\/\"}]}<\/script>\n<!-- \/ Yoast SEO plugin. -->","yoast_head_json":{"title":"La pintura narrativa en Florencia en el Quattrocento","description":"El inter\u00e9s que muestra esta nueva generaci\u00f3n de pintores por la tradici\u00f3n narrativa y por la pintura flamenca encuentra su m\u00e1s bella expresi\u00f3n en Domenico Ghirlandaio.","robots":{"index":"index","follow":"follow","max-snippet":"max-snippet:-1","max-image-preview":"max-image-preview:large","max-video-preview":"max-video-preview:-1"},"canonical":"https:\/\/www.aparences.net\/es\/periodos\/el-quattrocento\/la-pintura-narrativa-en-florencia-en-el-quattrocento\/","og_locale":"es_ES","og_type":"article","og_title":"La pintura narrativa en Florencia en el Quattrocento","og_description":"El inter\u00e9s que muestra esta nueva generaci\u00f3n de pintores por la tradici\u00f3n narrativa y por la pintura flamenca encuentra su m\u00e1s bella expresi\u00f3n en Domenico Ghirlandaio.","og_url":"https:\/\/www.aparences.net\/es\/periodos\/el-quattrocento\/la-pintura-narrativa-en-florencia-en-el-quattrocento\/","og_site_name":"Aparences","article_published_time":"2011-05-22T17:44:13+00:00","article_modified_time":"2025-12-11T18:40:56+00:00","og_image":[{"width":1080,"height":540,"url":"https:\/\/www.aparences.net\/wp-content\/uploads\/2011\/05\/peinture-narrative.jpg","type":"image\/jpeg"}],"author":"admin","twitter_card":"summary_large_image","twitter_misc":{"Escrito por":"admin","Tiempo de lectura":"19 minutos"},"schema":{"@context":"https:\/\/schema.org","@graph":[{"@type":"Article","@id":"https:\/\/www.aparences.net\/es\/periodos\/el-quattrocento\/la-pintura-narrativa-en-florencia-en-el-quattrocento\/#article","isPartOf":{"@id":"https:\/\/www.aparences.net\/es\/periodos\/el-quattrocento\/la-pintura-narrativa-en-florencia-en-el-quattrocento\/"},"author":{"name":"admin","@id":"https:\/\/www.aparences.net\/es\/#\/schema\/person\/af349f6ffc31b16c68963e61268afca5"},"headline":"La pintura narrativa en Florencia en el Quattrocento","datePublished":"2011-05-22T17:44:13+00:00","dateModified":"2025-12-11T18:40:56+00:00","mainEntityOfPage":{"@id":"https:\/\/www.aparences.net\/es\/periodos\/el-quattrocento\/la-pintura-narrativa-en-florencia-en-el-quattrocento\/"},"wordCount":3206,"publisher":{"@id":"https:\/\/www.aparences.net\/es\/#organization"},"image":{"@id":"https:\/\/www.aparences.net\/es\/periodos\/el-quattrocento\/la-pintura-narrativa-en-florencia-en-el-quattrocento\/#primaryimage"},"thumbnailUrl":"https:\/\/www.aparences.net\/wp-content\/uploads\/2011\/05\/peinture-narrative.jpg","keywords":["Alesso Baldovinetti","Benozzo Bozzoli","Domenico Ghirlandaio","el Quattrocento","personnages de Florence","pintura narrativa","retratos florentinos"],"articleSection":["El Quattrocento"],"inLanguage":"es"},{"@type":["WebPage","ItemPage"],"@id":"https:\/\/www.aparences.net\/es\/periodos\/el-quattrocento\/la-pintura-narrativa-en-florencia-en-el-quattrocento\/","url":"https:\/\/www.aparences.net\/es\/periodos\/el-quattrocento\/la-pintura-narrativa-en-florencia-en-el-quattrocento\/","name":"La pintura narrativa en Florencia en el Quattrocento","isPartOf":{"@id":"https:\/\/www.aparences.net\/es\/#website"},"primaryImageOfPage":{"@id":"https:\/\/www.aparences.net\/es\/periodos\/el-quattrocento\/la-pintura-narrativa-en-florencia-en-el-quattrocento\/#primaryimage"},"image":{"@id":"https:\/\/www.aparences.net\/es\/periodos\/el-quattrocento\/la-pintura-narrativa-en-florencia-en-el-quattrocento\/#primaryimage"},"thumbnailUrl":"https:\/\/www.aparences.net\/wp-content\/uploads\/2011\/05\/peinture-narrative.jpg","datePublished":"2011-05-22T17:44:13+00:00","dateModified":"2025-12-11T18:40:56+00:00","description":"El inter\u00e9s que muestra esta nueva generaci\u00f3n de pintores por la tradici\u00f3n narrativa y por la pintura flamenca encuentra su m\u00e1s bella expresi\u00f3n en Domenico Ghirlandaio.","breadcrumb":{"@id":"https:\/\/www.aparences.net\/es\/periodos\/el-quattrocento\/la-pintura-narrativa-en-florencia-en-el-quattrocento\/#breadcrumb"},"inLanguage":"es","potentialAction":[{"@type":"ReadAction","target":["https:\/\/www.aparences.net\/es\/periodos\/el-quattrocento\/la-pintura-narrativa-en-florencia-en-el-quattrocento\/"]}]},{"@type":"ImageObject","inLanguage":"es","@id":"https:\/\/www.aparences.net\/es\/periodos\/el-quattrocento\/la-pintura-narrativa-en-florencia-en-el-quattrocento\/#primaryimage","url":"https:\/\/www.aparences.net\/wp-content\/uploads\/2011\/05\/peinture-narrative.jpg","contentUrl":"https:\/\/www.aparences.net\/wp-content\/uploads\/2011\/05\/peinture-narrative.jpg","width":1080,"height":540},{"@type":"BreadcrumbList","@id":"https:\/\/www.aparences.net\/es\/periodos\/el-quattrocento\/la-pintura-narrativa-en-florencia-en-el-quattrocento\/#breadcrumb","itemListElement":[{"@type":"ListItem","position":1,"name":"Portada","item":"https:\/\/www.aparences.net\/es\/"},{"@type":"ListItem","position":2,"name":"La pintura narrativa en Florencia en el Quattrocento"}]},{"@type":"WebSite","@id":"https:\/\/www.aparences.net\/es\/#website","url":"https:\/\/www.aparences.net\/es\/","name":"Aparences: Historia del Arte y Actualidad Cultural","description":"","publisher":{"@id":"https:\/\/www.aparences.net\/es\/#organization"},"potentialAction":[{"@type":"SearchAction","target":{"@type":"EntryPoint","urlTemplate":"https:\/\/www.aparences.net\/es\/?s={search_term_string}"},"query-input":{"@type":"PropertyValueSpecification","valueRequired":true,"valueName":"search_term_string"}}],"inLanguage":"es"},{"@type":"Organization","@id":"https:\/\/www.aparences.net\/es\/#organization","name":"Aparences: Historia del Arte y Actualidad Cultural","url":"https:\/\/www.aparences.net\/es\/","logo":{"@type":"ImageObject","inLanguage":"es","@id":"https:\/\/www.aparences.net\/es\/#\/schema\/logo\/image\/","url":"https:\/\/www.aparences.net\/wp-content\/uploads\/2023\/09\/logo-quadrat-color-e1695915315229.png","contentUrl":"https:\/\/www.aparences.net\/wp-content\/uploads\/2023\/09\/logo-quadrat-color-e1695915315229.png","width":120,"height":120,"caption":"Aparences: Historia del Arte y Actualidad Cultural"},"image":{"@id":"https:\/\/www.aparences.net\/es\/#\/schema\/logo\/image\/"}},{"@type":"Person","@id":"https:\/\/www.aparences.net\/es\/#\/schema\/person\/af349f6ffc31b16c68963e61268afca5","name":"admin","url":"https:\/\/www.aparences.net\/es\/author\/admin\/"}]}},"_links":{"self":[{"href":"https:\/\/www.aparences.net\/es\/wp-json\/wp\/v2\/posts\/13306","targetHints":{"allow":["GET"]}}],"collection":[{"href":"https:\/\/www.aparences.net\/es\/wp-json\/wp\/v2\/posts"}],"about":[{"href":"https:\/\/www.aparences.net\/es\/wp-json\/wp\/v2\/types\/post"}],"author":[{"embeddable":true,"href":"https:\/\/www.aparences.net\/es\/wp-json\/wp\/v2\/users\/2"}],"replies":[{"embeddable":true,"href":"https:\/\/www.aparences.net\/es\/wp-json\/wp\/v2\/comments?post=13306"}],"version-history":[{"count":0,"href":"https:\/\/www.aparences.net\/es\/wp-json\/wp\/v2\/posts\/13306\/revisions"}],"wp:featuredmedia":[{"embeddable":true,"href":"https:\/\/www.aparences.net\/es\/wp-json\/wp\/v2\/media\/26462"}],"wp:attachment":[{"href":"https:\/\/www.aparences.net\/es\/wp-json\/wp\/v2\/media?parent=13306"}],"wp:term":[{"taxonomy":"category","embeddable":true,"href":"https:\/\/www.aparences.net\/es\/wp-json\/wp\/v2\/categories?post=13306"},{"taxonomy":"post_tag","embeddable":true,"href":"https:\/\/www.aparences.net\/es\/wp-json\/wp\/v2\/tags?post=13306"}],"curies":[{"name":"wp","href":"https:\/\/api.w.org\/{rel}","templated":true}]}}