{"id":13310,"date":"2011-05-24T17:49:22","date_gmt":"2011-05-24T15:49:22","guid":{"rendered":"https:\/\/www.aparences.net\/periodes\/le-quattrocento\/la-escultura-del-quattrocento-en-florencia\/"},"modified":"2025-12-11T19:40:56","modified_gmt":"2025-12-11T18:40:56","slug":"la-escultura-del-quattrocento-en-florencia","status":"publish","type":"post","link":"https:\/\/www.aparences.net\/es\/periodos\/el-quattrocento\/la-escultura-del-quattrocento-en-florencia\/","title":{"rendered":"La escultura del Quattrocento en Florencia"},"content":{"rendered":"<p><!--contents--><\/p>\n\n\n<h2 class=\"wp-block-heading\">La escultura renacentista y los modelos cl\u00e1sicos<\/h2>\n\n\n\n<p>A principios del siglo XV, mientras la Iglesia permanece pr\u00e1cticamente como \u00fanico comitente de obras art\u00edsticas,<strong> la escultura<\/strong> sigue conservando una finalidad religiosa o decorativa. Destinada a puertas, altares y tumbas, sus temas permanecen restringidos: el artista s\u00f3lo puede representar a Cristo, la Virgen, los santos y las alegor\u00edas de las Virtudes, abordar el desnudo solo con Adan y Eva o san Sebasti\u00e1n, y representar al individuo ejecutando su figura yacente. <strong>La irrupci\u00f3n en este \u00e1mbito de un arte profano es lenta<\/strong>. Hacia mediados del <a title=\"Quattrocento\" href=\"https:\/\/www.aparences.net\/es\/periodos\/el-quattrocento\/\">Quattrocento<\/a> sin embargo, se pueden discernir los signos de una reforma: <strong>Los artistas se inspiran cada vez m\u00e1s de la Antig\u00fcedad y se observa el<\/strong> <a href=\"https:\/\/www.aparences.net\/es\/arte-y-mecenazgo\/el-retrato-en-el-renacimiento-italiano\/\" data-type=\"link\" data-id=\"https:\/\/www.aparences.net\/es\/arte-y-mecenazgo\/el-retrato-en-el-renacimiento-italiano\/\">renacimiento del retrato<\/a>. Es sobre todo en la decoraci\u00f3n de las residencias privadas que <strong>la escultura profana hace su aparici\u00f3n, pero de forma discreta<\/strong>. La podemos encontrar hacia 1430 en el patio del palacio de Cosme de M\u00e9dicis llamado <a title=\"Cosme el Viejo\" href=\"https:\/\/www.aparences.net\/es\/arte-y-mecenazgo\/florencia-y-los-medicis\/cosme-el-viejo\/\">Cosme el Viejo<\/a>, con el <em><strong>David<\/strong><\/em> de <strong>Donatello<\/strong>, pero hay que esperar el final del siglo para ver las esculturas en las plazas y en los jardines de Florencia, expuestas a la admiraci\u00f3n del p\u00fablico. El car\u00e1cter religioso de los programas, no permite demasiado al artista inspirarse plenamente en la estatuaria antigua, que privilegia el desnudo y el retrato. Retiene de ella el aspecto m\u00e1s que los principios. Entre ellos, adopta el <em>contrapposto<\/em>, utilizado por los escultores de la Antig\u00fcedad: \u00abposici\u00f3n por la cual la escultura se apoya totalmente sobre una pierna, dejando la otra libre, creando un equilibrio arm\u00f3nico de movimientos, una clara influencia del estilo de <a href=\"https:\/\/es.wikipedia.org\/wiki\/Prax%C3%ADteles\">Prax\u00edteles<\/a>\u00ab. <strong>Donatello retiene tambi\u00e9n la idea de la proporci\u00f3n modular, es decir, la relaci\u00f3n entre cada elemento del cuerpo y el conjunto<\/strong>, esencia del pensamiento griego. Adopta sobre todo los grandes temas de la escultura antigua: el desnudo viril, mientras que ignora totalmente el desnudo femenino; el retrato en busto; la estatua ecuestre. <strong>Redescubre finalmente la nobleza del bronce<\/strong> tan apreciado en la Antig\u00fcedad y a menudo abandonado por los hombres de la Edad Media \u2013 para orientarse hacia un naturalismo que distingue la escultura del Renacimiento del arte g\u00f3tico.<\/p>\n\n\n<div class=\"wp-block-image\">\n<figure class=\"aligncenter\"><a href=\"https:\/\/aparences.net\/wp-content\/uploads\/2010\/07\/donatello_david.jpg\"><img decoding=\"async\" src=\"https:\/\/www.aparences.net\/wp-content\/uploads\/2010\/07\/donatello_david.jpg\" alt=\"David, hacia 1440, Donatello, Florencia\" title=\"David, hacia 1440, bronce, Donatello, Florencia, Museo del Bargello\"\/><\/a><figcaption class=\"wp-element-caption\"><em><strong>David<\/strong>, hacia 1440, bronce, <strong>Donatello<\/strong><\/em><br><em> (Florencia, Museo Nazionale del Bargello)<\/em><\/figcaption><\/figure>\n<\/div>\n\n\n<p><em>Primer desnudo monumental del Renacimiento, el David de bronce de Donatello no est\u00e1 documentado. Instalado sobre una columna en el centro del patio del palacio M\u00e9dicis en 1459, fue probablemente realizado para Cosme el Viejo, tal vez hacia 1440, si hay que ver en ello una conmemoraci\u00f3n de la batalla de Anghiari del mismo a\u00f1o. Una inscripci\u00f3n subrayaba su significado c\u00edvico (Vincite cives, \u00abciudadanos, venced\u00bb). La desnudez in\u00e9dita de David se basa en el texto b\u00edblico del libro de Samuel, pero podr\u00eda comprenderse tambi\u00e9n como una tentativa de fundir ambas figuras heroico-cristianas y antiguas de David y de Mercurio, o de David y de H\u00e9rcules. Al finalizar el siglo, <strong>Verrocchio al que los M\u00e9dicis encargaron tambi\u00e9n un<\/strong> <a title=\"David Verrocchio\" href=\"https:\/\/www.aparences.net\/es\/periodos\/el-quattrocento\/el-renacimiento-en-florencia-el-quattrocento\/#una-constante-referencia-a-la-antig%C3%BCedad\">David<\/a>, lo reviste con una coraza, mientras que m\u00e1s tarde <a title=\"Miguel \u00c1ngel David\" href=\"https:\/\/www.aparences.net\/es\/arte-y-mecenazgo\/florencia-y-los-medicis\/florencia-sin-los-medicis\/\">Miguel \u00c1ngel<\/a> <strong>vuelve a la desnudez heroica de Donatello<\/strong>.<\/em><\/p>\n\n\n<div class=\"wp-block-image\">\n<figure class=\"aligncenter\"><a href=\"https:\/\/aparences.net\/wp-content\/uploads\/2010\/07\/guiberti_lutte.jpg\"><img decoding=\"async\" src=\"https:\/\/www.aparences.net\/wp-content\/uploads\/2010\/07\/guiberti_lutte.jpg\" alt=\"Historia de David y Goliat, Puerta del Para\u00edso, 1425-1437, Lorenzo Ghiberti\" title=\"Historia de David y Goliat, Puerta del Para\u00edso, 1425-1437, Lorenzo Ghiberti\"\/><\/a><figcaption class=\"wp-element-caption\"><em><strong>Historia de David y Goliat<\/strong>, detalle, Puerta del Para\u00edso, 1425-1437, <strong>Lorenzo Ghiberti<\/strong><\/em><br><em> (Florencia, museo dell\u2019Opera del Duomo) <\/em><\/figcaption><\/figure>\n<\/div>\n\n\n<p><em>Los relieves de la Puerta del Para\u00edso de Lonrezo Ghiberti son la perfecta expresi\u00f3n del estilo renacentista en un relieve.<\/em><\/p>\n\n\n\n<h2 class=\"wp-block-heading\">Jacopo della Quercia y Nanni di Banco: creadores de un nuevo estilo<\/h2>\n\n\n\n<p>Los signos precursores de la regeneraci\u00f3n de la Antig\u00fcedad cl\u00e1sica, se sit\u00faan en un contexto mucho m\u00e1s amplio de la reforma de la cultura cl\u00e1sica, que concierne otras ciudades de la Toscana. Mientras que Florencia conserva la iniciativa en materia de escultura durante la primera mitad del siglo XV, es un sien\u00e9s, <strong>Jacopo della Quercia<\/strong> (1374-1438), que impone en este \u00e1mbito las primeras novedades. En sus <em>Vidas de los mejores pintores, escultores y arquitectos<\/em>, <strong>Vasari sit\u00faa a Jacopo della Quercia<\/strong> a la cabeza de los artistas del segundo periodo del renacimiento de las artes, a principios del Quattrocento. Jacopo realiza en 1401 con Francesco de Valdambrino la <a href=\"https:\/\/es.wikipedia.org\/wiki\/Ilaria_del_Carretto\"><em>Tumba de m\u00e1rmol de Ilaria del Carretto<\/em><\/a>, en la catedral de Lucca, que demuestra la audacia de sus creaciones. Tratada como un sarc\u00f3fago e inspirada en uno antiguo existente en el Camposanto de Pisa, la tumba de Ilaria presenta su estatua yacente, cuyo rostro irradia serenidad; el cuerpo se halla envuelto en un ropaje que, por el tratamiento del drapeado, contribuye al encanto del conjunto. La voluminosa guirnalda que rodea el sarc\u00f3fago en todas sus caras, sostenida con delicadeza por querubines alados, constituye un motivo ornamental muy trabajado. La comuna de Siena encarga a <strong>Jacopo della Quercia<\/strong>&nbsp; otra obra, se trata de la <em>Fonte Gaia<\/em> (Fuente de la alegr\u00eda), realizada entre 1409 y 1419. Esta fuente monumental, cuyas estatuas en bulto redondo de <em>Rea Silvia<\/em> y de <em><strong>Acca Laurentia<\/strong><\/em>, <strong>simbolizan los v\u00ednculos de la ciudad con la Antig\u00fcedad romana<\/strong>. Por su sobriedad, su car\u00e1cter formal monumental y su fuerza expresiva, <strong>el arte de Jacopo della Quercia marca una ruptura decisiva con el mundo g\u00f3tico<\/strong>, alcanzando una extraordinaria plenitud que fascinar\u00e1 a Miguel \u00c1ngel.<\/p>\n\n\n<div class=\"wp-block-image\">\n<figure class=\"aligncenter\"><img loading=\"lazy\" decoding=\"async\" width=\"451\" height=\"400\" src=\"https:\/\/www.aparences.net\/wp-content\/uploads\/2011\/05\/jacopo-della-quercia-acca-laurentia.jpg\" alt=\"Acca Laurentia, hacia 141-1419, Jacopo della Quercia\" class=\"wp-image-22744\" title=\"Acca Laurentia, hacia 141-1419, Jacopo della Quercia\" srcset=\"https:\/\/www.aparences.net\/wp-content\/uploads\/2011\/05\/jacopo-della-quercia-acca-laurentia.jpg 451w, https:\/\/www.aparences.net\/wp-content\/uploads\/2011\/05\/jacopo-della-quercia-acca-laurentia-160x142.jpg 160w\" sizes=\"auto, (max-width: 451px) 100vw, 451px\" \/><figcaption class=\"wp-element-caption\"><em><strong>Acca Laurentia<\/strong>, hacia 141-1419, <strong>Jacopo della Quercia<\/strong> <\/em><br><em>(Siena, Palazzo Pubblico)<\/em><\/figcaption><\/figure>\n<\/div>\n\n\n<p><em>Acca Laurentia, personaje perteneciente a la iconograf\u00eda romana, era la mujer del pastor que cuid\u00f3 a R\u00f3mulo y Remo cuando eran ni\u00f1os. La figura de Della Quercia que se inspira de la Venus romana tiene el aspecto de una matrona y viste los pesados ropajes caracter\u00edsticos de este escultor. El grupo posee una fuerte unidad psicol\u00f3gica: mientras sostiene a uno de los hermanos de aspecto rollizo que se acerca a su seno, el otro en cambio intenta atraer su atenci\u00f3n. Ella lo mira con sus ojos almendrados y parece alentarlo con su sonrisa.<\/em><\/p>\n\n\n\n<p>Mientras <strong>Jacopo della Quercia<\/strong> prosigue su trabajo en varias ciudades de la Toscana, <strong>la mayor\u00eda de los escultores del<\/strong> <a href=\"https:\/\/www.aparences.net\/es\/periodos\/el-quattrocento\/\">Quattrocento<\/a> <strong>se encuentran en Florencia<\/strong>, donde la obra de la catedral canaliza las aptitudes de varias generaciones de artistas, venidos de distintos horizontes. La inmensidad del programa, pone en movimiento una gran variedad en la producci\u00f3n, as\u00ed como una colaboraci\u00f3n permanente entre gente de origen diverso. En este gran taller, <strong>Nanni di Banco<\/strong> <strong>va a trabajar durante m\u00e1s de quince a\u00f1os al lado de Donatello. <\/strong>Dentro de la s\u00edntesis del arte g\u00f3tico y del clasicismo antiguo que Nanni practica, se descubren entonces los primeros signos de un arte muy personal, de una escultura donde se afirma su temperamento. Esta originalidad se manifiesta m\u00e1s marcada si cabe en 1408, cuando la obra de la catedral encarga a cuatro escultores las estatuas monumentales de los Evangelistas para adornar <strong>las hornacinas de la fachada de Santa Maria del Fiore<\/strong>: un <em>San Lucas<\/em> a <strong>Nanni<\/strong>, <em>San Juan<\/em> a <strong>Donatello<\/strong>, <em>San Marcos<\/em> a <strong>Niccol\u00f2 Lamberti<\/strong> y <em>San Mateo<\/em> a <strong>Bernardo Ciuffagni<\/strong> (1408-1415) en m\u00e1rmol de Carrara. Al drapeado fino y sinuoso de Lamberti se opone la <em>gravitas<\/em> (noble gravedad) de <em>San Juan<\/em> y&nbsp; <em>San Lucas<\/em>, cuyos rostros sugieren un profundo estudio de los retratos romanos de \u00e9poca republicana, como en las figuras de los <em>Cuatro Santos Coronados<\/em> de la iglesia Orsanmichele.<\/p>\n\n\n<div class=\"wp-block-image\">\n<figure class=\"aligncenter\"><a href=\"https:\/\/aparences.net\/wp-content\/uploads\/2010\/07\/donatello_nanni.jpg\"><img decoding=\"async\" src=\"https:\/\/www.aparences.net\/wp-content\/uploads\/2010\/07\/donatello_nanni.jpg\" alt=\"San Juan Evangelista, Donatello; San Lucas, Nanni di Banco\" title=\"San Juan Evangelista, Donatello; San Lucas, Nanni di Banco\"\/><\/a><figcaption class=\"wp-element-caption\"><em><strong>San Juan Evangelista<\/strong>, hacia 1412-1415, <strong>Donatello<\/strong>; <strong>San Lucas<\/strong>, hacia 1408-1412, <strong>Nanni di Banco<\/strong><\/em><br><em> (Florencia, Museo dell\u2019Opera del Duomo) <\/em><\/figcaption><\/figure>\n<\/div>\n\n\n<p><em>Antag\u00f3nicas de las im\u00e1genes medievales envueltas en complicados drapeados, resplandecientes de oro, carmes\u00ed y azul, Nanni y Donatello proponen una nueva imagen del hombre, la \u00abstatua virile\u00bb seg\u00fan la expresi\u00f3n empleada por Ghiberti en sus \u00abComentarii\u00bb que hace referencia a la noci\u00f3n de \u00abvirtus\u00bb (fuerza moral), uno de los principios clave del humanismo.<\/em><\/p>\n\n\n\n<p>El talento de <strong>Nanni di Banco<\/strong> es tan altamente reconocido, que recibe el encargo junto con <strong>Donatello<\/strong> y <strong>Ghiberti<\/strong> de realizar las <strong>esculturas<\/strong> para las hornacinas de las Corporaciones sobre los <strong>muros exteriores de Orsanmichele<\/strong>. Hacia 1411-1414, Nanni di Banco ejecuta un <em>San Felipe<\/em> para la Corporaci\u00f3n de los zapateros, <em>San El\u00edas<\/em> para la de los herreros, y el conjunto de los <em>Cuatro Santos Coronados<\/em> para la Corporaci\u00f3n m\u00e1s querida por \u00e9l, la de los picapedreros. Se propone un reto fuera de lo com\u00fan, el de alojar un grupo en una sola hornacina, reuniendo los cuatro personajes como en un coloquio solemne y trabaja los santos como si fueran estatuas antiguas. Si carece de la gran fuerza expresiva de Donatello, puede imprimir no obstante en sus composiciones, un formidable movimiento que alcanza su paroxismo en la <em>Asunci\u00f3n de la Virgen<\/em>, sobre el t\u00edmpano de la puerta de la Mandorla de Santa Maria del Fiore. Creando una figura admirable sostenida por \u00e1ngeles, libre de toda materialidad, <strong>Nanni di Banco realiza la simbiosis entre los valores del arte sagrado medieval y el esp\u00edritu del Quattrocento<\/strong>. Su desaparici\u00f3n har\u00e1 resaltar todav\u00eda m\u00e1s la personalidad de Donatello, quien encarna por s\u00ed solo la escultura del Renacimiento italiano en el segundo cuarto del siglo XV.<\/p>\n\n\n<div class=\"wp-block-image\">\n<figure class=\"aligncenter\"><a href=\"https:\/\/aparences.net\/wp-content\/uploads\/2010\/07\/nanni_relief.jpg\"><img decoding=\"async\" src=\"https:\/\/www.aparences.net\/wp-content\/uploads\/2010\/07\/nanni_relief.jpg\" alt=\"Escultores en su taller, Nanni di Banco\" title=\"Escultores en su taller, Nanni di Banco\"\/><\/a><figcaption class=\"wp-element-caption\"><em><strong>Escultores en su talle<\/strong>r, detalle del bajorrelieve de los Cuatro Santos coronados, hacia 1412-1415, <strong>Nanni di Banco<\/strong> <\/em><br><em>(Florencia, Orsanmichele)<\/em><\/figcaption><\/figure>\n<\/div>\n\n\n<p><em>En este bajorrelieve, los artesanos visten los mismos atuendos que se llevaban en los talleres florentinos, as\u00ed como las herramientas del oficio colgadas en el muro detr\u00e1s de ellos. En cierto sentido los Santos patrones hist\u00f3ricos que se encuentran encima, bendicen la actividad de las figuras, quienes aparecen como sus descendientes florentinos.<\/em><\/p>\n\n\n<div class=\"wp-block-image\">\n<figure class=\"aligncenter\"><img loading=\"lazy\" decoding=\"async\" width=\"449\" height=\"430\" src=\"https:\/\/www.aparences.net\/wp-content\/uploads\/2011\/05\/donatello-banquet-d-herode-sienne-baptistere.jpg\" alt=\"El Banquete de Herodes, 1423-1427, Donatello\" class=\"wp-image-22747\" title=\"El Banquete de Herodes, 1423-1427, Donatello\" srcset=\"https:\/\/www.aparences.net\/wp-content\/uploads\/2011\/05\/donatello-banquet-d-herode-sienne-baptistere.jpg 449w, https:\/\/www.aparences.net\/wp-content\/uploads\/2011\/05\/donatello-banquet-d-herode-sienne-baptistere-160x153.jpg 160w\" sizes=\"auto, (max-width: 449px) 100vw, 449px\" \/><figcaption class=\"wp-element-caption\"><em><strong>El Banquete de Herodes<\/strong>, 1423-1427, <strong>Donatello<\/strong> <\/em><br><em>(Siena, Baptisterio)<\/em><\/figcaption><\/figure>\n<\/div>\n\n\n<p><em>Este relieve hab\u00eda sido encargado en 1423 a Jacopo della Quercia, pero estando ocupado en los trabajos de la Fuente Gaia de Siena, fue Donatello quien lo realiz\u00f3. Los elementos antiguos han sido integrados tan sutilmente, que resulta imposible encontrar las fuentes exactas. Donatello crea un relato continuo, destinado a ser visto desde arriba, dentro de un sistema de perspectiva lineal revolucionario, articulado por una composici\u00f3n arquitectural. Este espacio complejo posee tres niveles: un primer plano que comporta dos personajes casi en bulto redondo; un plano intermedio, donde un joven toca un instrumento, antepasado del viol\u00edn; un plano posterior, en el que un criado que lleva la cabeza de san Juan Bautista en un plato, viene al encuentro de Herod\u00edas y de sus sirvientas.<\/em><\/p>\n\n\n<div class=\"wp-block-image\">\n<figure class=\"aligncenter\"><a href=\"https:\/\/aparences.net\/wp-content\/uploads\/2010\/07\/donatello_stgeorges.png\"><img decoding=\"async\" src=\"https:\/\/www.aparences.net\/wp-content\/uploads\/2010\/07\/donatello_stgeorges.png\" alt=\"San Jorge y el drag\u00f3n, Donatello, Florencia, Orsanmichele\" title=\"San Jorge y el drag\u00f3n, Donatello, Florencia, Orsanmichele\"\/><\/a><figcaption class=\"wp-element-caption\"><em><strong>San Jorge y el drag\u00f3n<\/strong>, bajorrelieve del San Jorge, hacia 1415-1417, <strong>Donatello<\/strong> <\/em><br><em>(Florencia, Orsanmichele)<\/em><\/figcaption><\/figure>\n<\/div>\n\n\n<p><em>El elemento revolucionario empleado aqu\u00ed por Donatello es el \u00abrilievo schiacciato\u00bb o \u00abstiacciato\u00bb, que significa relieve aplanado o aplastado. Por medio de un efecto \u00f3ptico Donatello ha creado una perspectiva atmosf\u00e9rica, disminuyendo el espesor del relieve esculpido sobre una superficie \u00ababollada\u00bb. S\u00f3lo <strong>Masaccio<\/strong>, diez a\u00f1os m\u00e1s tarde, utiliz\u00f3 esta perspectiva en <a href=\"https:\/\/www.aparences.net\/es\/periodos\/el-quattrocento\/masaccio-la-arquitectura-y-el-espacio\/\" data-type=\"link\" data-id=\"https:\/\/www.aparences.net\/es\/periodos\/el-quattrocento\/masaccio-la-arquitectura-y-el-espacio\/\">pintura en la capilla Brancacci<\/a>.<\/em><\/p>\n\n\n\n<!-- AdBoxRight2020 --><ins class=\"adsbygoogle\"     style=\"display:block; margin-top:30px;\"     data-ad-client=\"ca-pub-2468002815867636\"     data-ad-slot=\"3496014735\"     data-ad-format=\"auto\"     data-full-width-responsive=\"false\"><\/ins><script> (adsbygoogle = window.adsbygoogle || []).push({});<\/script><h2 class=\"wp-block-heading\">El naturalismo de Donatello<\/h2>\n\n\n\n<p>A Donato di Niccol\u00f2 di Betto Bardi, llamado <strong>Donatello<\/strong> (hacia 1383 -1466) se le asocia con el pleno desarrollo del arte de Florencia, donde manten\u00eda una estrecha relaci\u00f3n con <strong>Ghiberti<\/strong>, <a title=\"Brunelleschi\" href=\"https:\/\/www.aparences.net\/es\/periodos\/el-quattrocento\/los-arquitectos-del-quattrocento-en-florencia\/\">Brunelleschi<\/a> y <strong>Michelozzo<\/strong>, <strong>participando en la mayor\u00eda de las grandes obras&nbsp; de su ciudad natal<\/strong>, pero el brillo de su talento va mas all\u00e1 del marco de la Toscana. Donatello se supo imponer por una larga carrera jalonada de encargos y de realizaciones prestigiosas. Entre ellas, destacamos los tres Santos para los nichos de Orsanmichele, realizados entre 1411 y 1423, cuatro profetas y el conjunto de <em>Abraham e Isaac<\/em> para el campanario de la catedral entre 1415 y 1436; los monumentos funerarios del cardenal Cossa en el Baptisterio y del cardenal Brancacci en N\u00e1poles entre 1421 y 1431; un relieve y las figuras en bronce para las fuentes bautismales de Siena (1423-1429); el <strong>p\u00falpito exterior de la catedral de Prato<\/strong> y la <strong>Tribuna de los Cantores del Duomo<\/strong> de Florencia, en los cuales trabaj\u00f3 durante diez a\u00f1os a partir de 1428. Otros trabajos importantes como las puertas de bronce y los medallones de la c\u00fapula de la sacrist\u00eda de San Lorenzo, as\u00ed como los p\u00falpitos realizados en bronce para la misma iglesia. <strong>En Padua<\/strong>, donde residi\u00f3 de 1443 a 1453, realiza el <strong>monumento ecuestre del <em>Gattamelata<\/em><\/strong> y el conjunto monumental del <strong>altar de la bas\u00edlica de San Antonio<\/strong>. A estas obras religiosas hay que a\u00f1adir finalmente los encargos para los Martelli, que protegieron al artista en su juventud, y para Cosme de M\u00e9dicis, \u00abque fue el mucho amor de Cosme el que llevaba a la virtud de Donato, que continuamente lo hac\u00eda trabajar\u00bb, <strong>escribe<\/strong> <a title=\"Vasari\" href=\"https:\/\/www.aparences.net\/es\/periodos\/el-manierismo\/florencia-y-la-academia-de-dibujo\/#las-\">Vasari<\/a>.<\/p>\n\n\n<div class=\"wp-block-image\">\n<figure class=\"aligncenter\"><a href=\"https:\/\/aparences.net\/wp-content\/uploads\/2010\/10\/donatello_david1.jpg\"><img decoding=\"async\" src=\"https:\/\/www.aparences.net\/wp-content\/uploads\/2010\/10\/donatello_david1.jpg\" alt=\"David, 1412-1416, Donatello\" title=\"David, 1412-1416, Donatello\"\/><\/a><figcaption class=\"wp-element-caption\"><em><strong>David<\/strong>, 1412-1416, <strong>Donatello<\/strong> <\/em><br><em>(Florencia, Museo del Bargello)<\/em><\/figcaption><\/figure>\n<\/div>\n\n\n<p><em>Entre 1408 y 1412, Donatello realiz\u00f3 este David para el Duomo de Florencia pero fue colocado en el Palazzo de la Signoria en 1416 despu\u00e9s de haber sido vendido a la ciudad, convirti\u00e9ndolo en un h\u00e9roe c\u00edvico con connotaciones profanas. El vestido fue sin duda recortado en la misma \u00e9poca para dejar ver la pierna del joven. Pero es en la cabeza de Goliat donde se situa la novedad del realismo psicol\u00f3gico y la intensidad del expresionismo de Donatello. Este David fue uno de los primeros en la escultura monumental donde se representa un joven (como en la Biblia), pero oscila entre el mundo g\u00f3tico y el Renacimiento. Su pose segura, que no es un verdadero contrapposto, y su gran capa, no son ajenos al aprendizaje de Donatello en el taller de Ghiberti.<\/em><\/p>\n\n\n<div class=\"wp-block-image\">\n<figure class=\"aligncenter\"><img loading=\"lazy\" decoding=\"async\" width=\"620\" height=\"330\" src=\"https:\/\/www.aparences.net\/wp-content\/uploads\/2011\/05\/donatello-tribune-des-chantres.jpg\" alt=\"Tribuna de los Cantores, Donatello\" class=\"wp-image-22749\" title=\"Tribuna de los Cantores, Donatello\" srcset=\"https:\/\/www.aparences.net\/wp-content\/uploads\/2011\/05\/donatello-tribune-des-chantres.jpg 620w, https:\/\/www.aparences.net\/wp-content\/uploads\/2011\/05\/donatello-tribune-des-chantres-160x85.jpg 160w\" sizes=\"auto, (max-width: 620px) 100vw, 620px\" \/><figcaption class=\"wp-element-caption\"><em><strong>Tribuna de los Cantores<\/strong>, 1433-1439, <strong>Donatello<\/strong> (Florencia, Museo dell\u2019Opera del Duomo) <\/em><\/figcaption><\/figure>\n<\/div>\n\n\n<p><em>En la Tribuna de los Cantores, Donatello ha esculpido un friso continuo de putti b\u00e1quicos sobre tres lados de la galer\u00eda, inspirado en su friso m\u00e1s antiguo sobre el p\u00falpito exterior del Duomo de Prato, realizado con Michelozzo. Su Cantoria posee varios pares de columnas sueltas (realzadas con teselas) detr\u00e1s de las cuales juegan los putti. Se han citado numerosas fuentes antiguas para estos ni\u00f1os (putto significa ni\u00f1o en italiano), las decoraciones y los detalles arquitect\u00f3nicos (sobre todo el templo de la Concordia para estos \u00faltimos), pero el artista los ha asimilado hasta tal punto que la identificaci\u00f3n es imposible. Estos elementos, mezclados con la inventiva de Donatello, se encuentran en la literatura humanista, la cual valoraba la asimilaci\u00f3n de otras fuentes cuando se volv\u00edan imposibles de descubrir.<\/em><\/p>\n\n\n<div class=\"wp-block-image\">\n<figure class=\"aligncenter size-full\"><img loading=\"lazy\" decoding=\"async\" width=\"332\" height=\"460\" src=\"https:\/\/www.aparences.net\/wp-content\/uploads\/2024\/01\/donatello-la-vierge-et-lenfant-1440.jpg\" alt=\"Virgen con el Ni\u00f1o, 1440, Donatello \" class=\"wp-image-31928\" title=\"Virgen con el Ni\u00f1o, 1440, Donatello \"\/><figcaption class=\"wp-element-caption\"><em><strong>Virgen con el Ni\u00f1o<\/strong>, 1440, <strong>Donatello<\/strong> <br>(Par\u00eds, Museo del Louvre)<\/em><\/figcaption><\/figure>\n<\/div>\n\n\n<p>En las obras donde trabajan los grandes artistas florentinos \u2013 <strong>la catedral y Orsanmichele<\/strong> \u2013 <strong>Donatello<\/strong> se distingue inmediatamente de sus contempor\u00e1neos. De inspiraci\u00f3n religiosa, sus primeras estatuas, todas de m\u00e1rmol, revelan ya los rasgos caracter\u00edsticos de su producci\u00f3n, en particular la intensidad de la expresi\u00f3n y el dinamismo de las formas. Mientras que la escultura antigua buscaba el ideal y la armon\u00eda en la serenidad de la expresi\u00f3n, <strong>Donatello se dedica sobre todo a la expresi\u00f3n de los sentimientos<\/strong>. Asimila las lecciones del arte antiguo, del cual retiene la composici\u00f3n y la proporci\u00f3n, la t\u00e9cnica del pulido del m\u00e1rmol y el tratamiento del bronce, as\u00ed como la soltura de los movimientos. Pero se aleja de la Antig\u00fcedad imaginando la estatua junto con su marco, y tratando los temas seg\u00fan un enfoque personal. Donatello explota la gran estatuaria para dominar la actitud de los personajes, sus ropajes y la expresi\u00f3n de sus caras. El relieve, por su parte, le da ocasi\u00f3n para resolver los problemas del espacio y la perspectiva. En ambas esferas, abandona progresivamente el m\u00e1rmol en beneficio del bronce, que se adapta mejor a las innovaciones t\u00e9cnicas. La estatua de Donatello se libera de sus estrechas hornacinas y se encamina hacia la conquista de una existencia aut\u00f3noma. Hacia 1433, los <em>Profetas<\/em> del campanario, que pertenecen a la primera generaci\u00f3n de sus obras, dudan todav\u00eda en salir de sus nichos, pero la efigie del <em><strong>Gattamelata<\/strong><\/em> en Padua y la <em><strong>Judith y Holofernes<\/strong><\/em> sobre su pedestal cil\u00edndrico, <strong>son concebidas para ser contempladas desde varios puntos de vista<\/strong>.<\/p>\n\n\n<div class=\"wp-block-image\">\n<figure class=\"aligncenter\"><a href=\"https:\/\/aparences.net\/wp-content\/uploads\/2010\/07\/gattamelata.jpg\"><img decoding=\"async\" src=\"https:\/\/www.aparences.net\/wp-content\/uploads\/2010\/07\/gattamelata.jpg\" alt=\"Estatua ecuestre del Gattamelata, 1446-1450, Donatello\" title=\"Estatua ecuestre del Gattamelata, 1446-1450, Donatello\"\/><\/a><figcaption class=\"wp-element-caption\"><em><strong>Estatua ecuestre del Gattamelata<\/strong> (condottiero Erasmo de Nanni), detalle, 1446-1450, <strong>Donatello<\/strong> <\/em><br><em>(Padua, Piazza del Santo)<\/em><\/figcaption><\/figure>\n<\/div>\n\n\n<p><em>Esta estatua del c\u00e9lebre condottiero inspirada en un monumento ecuestre de la Antig\u00fcedad (el Marco Aurelio en la Plaza del Capitolio de Roma), es una de las m\u00e1s prestigiosas realizaciones de Donatello: los s\u00f3lidos vol\u00famenes del grupo, perfectamente calibrados, se animan a trav\u00e9s de la intensa palpitaci\u00f3n del modelo, y mediante el retrato del h\u00e9roe sutilmente individualizado, sus rasgos petrificados en una expresi\u00f3n de contenida tensi\u00f3n.<\/em><\/p>\n\n\n<div class=\"wp-block-image\">\n<figure class=\"aligncenter\"><img loading=\"lazy\" decoding=\"async\" width=\"423\" height=\"410\" src=\"https:\/\/www.aparences.net\/wp-content\/uploads\/2011\/05\/donatello-judith-et-holopherne.jpg\" alt=\"Judith y Holofernes, Donatello\" class=\"wp-image-22751\" title=\"Judith y Holofernes, Donatello\" srcset=\"https:\/\/www.aparences.net\/wp-content\/uploads\/2011\/05\/donatello-judith-et-holopherne.jpg 423w, https:\/\/www.aparences.net\/wp-content\/uploads\/2011\/05\/donatello-judith-et-holopherne-160x155.jpg 160w\" sizes=\"auto, (max-width: 423px) 100vw, 423px\" \/><figcaption class=\"wp-element-caption\"><em><strong>Judith y Holofernes<\/strong>, detalle, hacia 1446-1460, <strong>Donatello<\/strong><\/em><br><em> (Florencia, Palazzo Vecchio)<\/em><\/figcaption><\/figure>\n<\/div>\n\n\n<p><em>De esta obra no existe ninguna documentaci\u00f3n pero es posterior al periodo paduano del artista \u2013 a juzgar por las compras conocidas de bronce y por su estilo. Fue encargada posiblemente por los M\u00e9dicis. Cuando la familia parti\u00f3 de Florencia, fue expuesta en 1495 junto con el David en el Palazzo Vecchio, para proclamar el triunfo de la rep\u00fablica. El personaje que ostenta la actitud del vencedor que domina al vencido, incita al espectador a rodear la obra, como no se hab\u00eda visto desde la Antig\u00fcedad (este efecto se exagerar\u00e1 en el siglo siguiente con la llamada figura serpentinata, uno de los elementos formales del Manierismo). <strong>Donatello<\/strong> ha representado el momento crucial de la historia: con una firmeza inflexible, Judith levanta su cimitarra para asestar el golpe fatal. Varias innovaciones t\u00e9cnicas realzan la obra, entre ellas, la utilizaci\u00f3n de una verdadera tela durante el fundido (la trama es visible en la cabeza de Judith). El cincelado y los retoques aumentan la intensidad dram\u00e1tica; el dorado del arma descubierto durante su restauraci\u00f3n ilumina la se\u00f1al divina dada a la acci\u00f3n de Judith.<\/em><\/p>\n\n\n\n<p>Fiel a la herencia antigua en el dominio del relieve, <strong>Donatello<\/strong> perfecciona la t\u00e9cnica introduciendo novedades esenciales, <strong>adopta la perspectiva lineal y crea la ilusi\u00f3n de realidad<\/strong>, dando al bajorrelieve una variaci\u00f3n m\u00ednima respecto al fondo (<em>rilievo schiacciato<\/em>), el espesor va disminuyendo a partir del primer plano, todo ello para reforzar la cohesi\u00f3n de las escenas tratadas y hacer m\u00e1s intensa la unidad dram\u00e1tica de las obras (la <em>Asunci\u00f3n<\/em> para Orsanmichele, hoy en el museo dell\u2019Opera del Duomo). La escultura de Donatello aparece as\u00ed totalmente surcada por un gran naturalismo expresivo. Sostenida por una t\u00e9cnica perfecta, la sensibilidad de Donatello le permite traducir en m\u00e1rmol, bronce o madera los sentimientos m\u00e1s complejos. El <em>San Jorge<\/em> de m\u00e1rmol destinado a Orsanmichele muestra una apacible energ\u00eda en la pose y en la forma de la cara. El rostro del <em><strong>Habacuc<\/strong><\/em> del campanario est\u00e1 surcado ya por las visiones. <strong>Pero la obra m\u00e1s hermosa del \u00abperiodo cl\u00e1sico\u00bb de Donatello, es su <em>David<\/em> en bronce<\/strong>, que luce con indiferencia un cuerpo joven y brillante, bien proporcionado, magn\u00edficamente equilibrado. Su forma depurada hace referencia al arte griego pero reivindica un realismo que no va en busca de proporciones ideales. En 1455, en la <em>Mar\u00eda Magdalena<\/em> del Baptisterio, Donatello nos ofrece la imagen simb\u00f3lica del trance que se apodera del escultor. Para mostrar la decrepitud f\u00edsica y la imploraci\u00f3n del personaje escoge esculpir la madera trabaj\u00e1ndola como si fuera bronce, para poder jugar con las formas, el movimiento y la luz. Reafirma sus convicciones art\u00edsticas con una fuerza extraordinaria, llevando el detalle hasta el paroxismo. Es esta energ\u00eda la que Donatello impone a sus contempor\u00e1neos, aunque su arte se aleje a menudo del esp\u00edritu del Renacimiento, y el taller de Luca della Robbia difunda mientras tanto con un estilo nuevo, obras de una gran dulzura.<\/p>\n\n\n<div class=\"wp-block-image\">\n<figure class=\"aligncenter\"><a href=\"https:\/\/aparences.net\/wp-content\/uploads\/2010\/07\/donatello_zuccone.jpg\"><img decoding=\"async\" src=\"https:\/\/www.aparences.net\/wp-content\/uploads\/2010\/07\/donatello_zuccone.jpg\" alt=\"Habacuc, Donatello\" title=\"Habacuc, Donatello\"\/><\/a><figcaption class=\"wp-element-caption\"><em><strong>Habacuc llamado Lo Zuccone<\/strong>, hacia 1436, <strong>Donatello<\/strong> (Florencia, Campanario del Duomo)<\/em><\/figcaption><\/figure>\n<\/div>\n\n\n<p><em>Hacia 1436 Donatello comenz\u00f3 una serie de profetas para las nichos en lo alto del campanario de Giotto. El encargo de estos profetas sin atributos, implicaba tipos gen\u00e9ricos, catalogados por ejemplo como \u00abprofetas sin barba\u00bb. Los profetas de Donatello estaban todos individualizados, como el que se conoce con el nombre de Habacuc. Aunque someros, los rasgos cincelados de forma audaciosa, como el ancho corte de la boca, parecen vivos vistos de lejos. Este realismo supera los retratos romanos del siglo III de nuestra era, de cuyo arte se hab\u00eda impregnado Donatello. La mirada del personaje se dirige hacia abajo, sus labios est\u00e1n abiertos como si profetizara. Vasari nos cuenta que mientras esculp\u00eda el personaje, Donatello se exclam\u00f3 : \u00ab\u00a1Habla, habla, o que te ocurra un accidente!\u00bb Ninguna obra no pod\u00eda estar m\u00e1s alejada de la elegancia de Ghiberti.<\/em><\/p>\n\n\n\n<p><strong>Donatello<\/strong>, digno de ser comparado con los Antiguos por haber sabido resolver las dificultades propias de su arte, Vasari tambi\u00e9n nos informa de un epitafio, hoy perdido, destinado a Donatello, muerto en 1466: \u00abFue la Escultura quien quiso que se levantara el monumento a Donatello, que con su perfecci\u00f3n e infinitas obras, \u00e9l solo en su vida logr\u00f3 lo que muchos siglos y nobles artistas de renombre, que con el tiempo se hab\u00edan echado a perder, devolviendo y reconquistando por su parte la palma de la gloria merecida.\u00bb Donatello era un c\u00e9lebre escultor y formaba parte de los siete artistas citados por el humanista genov\u00e9s <strong>Bartolomeo Fazio<\/strong> en su libro <em>De viris illustribus<\/em> (hacia 1456). En su conjunto, sus obras muy individualizadas, lo designan como un camale\u00f3n, cambiando seg\u00fan el encargo, realizando composiciones de una gran variedad, con una libertad raramente igualada. <strong>Donatello reinterpret\u00f3 en profundidad numerosos temas<\/strong>, gracias a su comprensi\u00f3n de las conductas humanas y las culturas, ampliando igualmente las posibilidades t\u00e9cnicas de diferentes medios de expresi\u00f3n. <strong>Su obra encarna la libertad art\u00edstica e intelectual del Renacimiento, a la cual contribuy\u00f3 a darle forma<\/strong>.<\/p>\n\n\n<div class=\"wp-block-image\">\n<figure class=\"aligncenter\"><a href=\"https:\/\/aparences.net\/wp-content\/uploads\/2010\/07\/donatello_uzzano.jpg\"><img decoding=\"async\" src=\"https:\/\/www.aparences.net\/wp-content\/uploads\/2010\/07\/donatello_uzzano.jpg\" alt=\"Niccola da Uzzano, atribuido a Donatello\" title=\"Niccola da Uzzano, atribuido a Donatello\"\/><\/a><figcaption class=\"wp-element-caption\"><em><strong>Niccola da Uzzano<\/strong>, a\u00f1os 1430?, atribuido a <strong>Donatello<\/strong> <\/em><br><em>(Florencia, museo del Bargello) <\/em><\/figcaption><\/figure>\n<\/div>\n\n\n<p><em>Donatello ha sido tambi\u00e9n considerado como el creador del busto. El busto fechado mas antiguo que se conoce, fue esculpido en 1453 por Mino da Fiesole, pero en aquella \u00e9poca ya se conoc\u00eda esta forma de retrato. La paternidad del retrato de Niccola da Uzzano (muerto en 1433) en tierra cocida \u2013 identificado gracias a su semejanza con otros retratos del banquero humanista \u2013 ha sido atribuido a Donatello por la misma raz\u00f3n: su realismo sin concesiones. La toga no deja ninguna duda <a href=\"https:\/\/www.aparences.net\/es\/arte-y-mecenazgo\/el-retrato-en-el-renacimiento-italiano\/\">sobre el retrato<\/a> a la antigua usanza.<\/em><\/p>\n\n\n\n<h2 class=\"wp-block-heading\">Donatello y el \u00abAltar del Santo\u00bb de Padua<\/h2>\n\n\n\n<p>En 1443 <strong>Donatello fue llamado a Padua<\/strong> para realizar el monumento ecuestre del condottiero Erasmo de Nardi, llamado Gattamelata. En espera de las decisiones concernientes al monumento, trabaj\u00f3 en la bas\u00edlica de San Antonio (o bas\u00edlica del Santo), en el recinto del coro. El artista no se imaginaba que realizar\u00eda en esa ciudad su obra mas importante, el <em><strong>Altar del Santo<\/strong><\/em>. El altar, monumental, estaba constituido por esculturas de bronce en bulto redondo y por relieves alrededor de la base. Sin embargo, en el siglo XVI, fue fragmentado de tal manera que la disposici\u00f3n actual de las esculturas y los relieves (realizada en el siglo XIX) no corresponde de ninguna manera a su aspecto original. Este altar realizado entre 1447 y 1450, conlleva un total de veintinueve esculturas. Tanto en los relieves de los <em>Milagros del santo<\/em>, como en los relieves florentinos que ejecut\u00f3 en la sacrist\u00eda de San Lorenzo, <strong>las reglas de la perspectiva seg\u00fan<\/strong> <a title=\"Brunelleschi\" href=\"https:\/\/www.aparences.net\/es\/periodos\/el-quattrocento\/los-arquitectos-del-quattrocento-en-florencia\/\">Brunelleschi<\/a>, son aplicadas de un modo particular para acentuar la profundidad del espacio, el cual debe contener la multitud dram\u00e1tica de las figuras, representadas con un modelado extremadamente nervioso y palpitante. El conjunto, con el color de los m\u00e1rmoles, el bronce, el oro y la plata de las decoraciones, ten\u00eda que producir un efecto escenogr\u00e1fico sorprendente. <strong>Las esculturas del altar del Santo marcan una nueva etapa en la evoluci\u00f3n del artista<\/strong>. La b\u00fasqueda de los efectos de luz y los medios de expresi\u00f3n se hace todav\u00eda m\u00e1s evidentes, como lo atestiguan las esculturas en bulto redondo. En la serie <em><strong>Milagros del Santo<\/strong><\/em> para el mismo altar, nunca la arquitectura hab\u00eda sido tan magn\u00edficamente puesta en valor. En efecto, en los cuatro <em>Milagros<\/em>, el movimiento tumultuoso de la multitud, se halla equilibrado por la escansi\u00f3n geom\u00e9trica de los elementos arquitect\u00f3nicos, que se convierten en los verdaderos protagonistas de la escena.<\/p>\n\n\n<div class=\"wp-block-image\">\n<figure class=\"aligncenter\"><img loading=\"lazy\" decoding=\"async\" width=\"620\" height=\"274\" src=\"https:\/\/www.aparences.net\/wp-content\/uploads\/2011\/05\/donatello-miracle-de-l-anesse-de-rimini.jpg\" alt=\"Milagro de la mula de Rimini, 1447-1450, Donatello\" class=\"wp-image-22753\" title=\"Milagro de la mula de Rimini, 1447-1450, Donatello\" srcset=\"https:\/\/www.aparences.net\/wp-content\/uploads\/2011\/05\/donatello-miracle-de-l-anesse-de-rimini.jpg 620w, https:\/\/www.aparences.net\/wp-content\/uploads\/2011\/05\/donatello-miracle-de-l-anesse-de-rimini-160x71.jpg 160w\" sizes=\"auto, (max-width: 620px) 100vw, 620px\" \/><figcaption class=\"wp-element-caption\"><em><strong>Milagro de la mula de Rimini<\/strong>, 1447-1450, <strong>Donatello<\/strong> (Padua, Bas\u00edlica de San Antonio)<\/em><\/figcaption><\/figure>\n<\/div>\n\n\n<p><em>La mula, principal protagonista de la escena, se arrodilla ante la sagrada forma que le presenta san Antonio. El santo y el animal est\u00e1n solos delante del \u00e1bside, que constituye el centro de una iglesia de tres naves. La multitud, estupefacta, se aglutina ante los gruesos arcos laterales para poder observar mejor el milagro. Esta multitud gesticulante atraviesa las puertas atropelladamente y se introduce entre las columnas. El movimiento de los personajes es tal, que sobrepasan incluso los l\u00edmites impuestos por la composici\u00f3n, con el fin de poder encaramarse a los pilares en el primer plano.<\/em><\/p>\n\n\n<div class=\"wp-block-image\">\n<figure class=\"aligncenter\"><img loading=\"lazy\" decoding=\"async\" width=\"387\" height=\"460\" src=\"https:\/\/www.aparences.net\/wp-content\/uploads\/2011\/05\/donatello-miracle-du-nouveau-nee-padoue.jpg\" alt=\"Milagro del reci\u00e9n nacido, 1447-1450, Donatello\" class=\"wp-image-22755\" title=\"Milagro del reci\u00e9n nacido, 1447-1450, Donatello\" srcset=\"https:\/\/www.aparences.net\/wp-content\/uploads\/2011\/05\/donatello-miracle-du-nouveau-nee-padoue.jpg 387w, https:\/\/www.aparences.net\/wp-content\/uploads\/2011\/05\/donatello-miracle-du-nouveau-nee-padoue-160x190.jpg 160w\" sizes=\"auto, (max-width: 387px) 100vw, 387px\" \/><figcaption class=\"wp-element-caption\"><em><strong>Milagro del reci\u00e9n nacido<\/strong>, 1447-1450, <strong>Donatello<\/strong> <\/em><br><em>(Padua, Bas\u00edlica de San Antonio)<\/em><\/figcaption><\/figure>\n<\/div>\n\n\n<p><strong>La estancia de Donatello en Padua<\/strong> adquiere una importancia hist\u00f3rica excepcional, sobre todo porqu\u00e9 el artista introdujo, con su interpretaci\u00f3n dram\u00e1tica y original, el gusto y el lenguaje del Renacimiento florentino en un medio todav\u00eda sometido a las tradiciones g\u00f3ticas. Tambi\u00e9n a trav\u00e9s de la pintura de <a title=\"Andrea Mantegna\" href=\"https:\/\/www.aparences.net\/es\/arte-y-mecenazgo\/los-gonzaga-de-mantua\/andrea-mantegna-pintor-de-corte\/\">Mantegna<\/a>, influido profundamente por las obras de Donatello realizadas en Padua, los nuevos ideales del Renacimiento se difundieron r\u00e1pidamente en el norte de Italia.<\/p>\n\n\n\n<!-- AdBoxLeft2023 --><ins class=\"adsbygoogle\" style=\"display:block\" data-ad-client=\"ca-pub-2468002815867636\" data-ad-slot=\"1318022963\" data-ad-format=\"auto\" data-full-width-responsive=\"true\"><\/ins><script> (adsbygoogle = window.adsbygoogle || []).push({});<\/script><h2 class=\"wp-block-heading\">El tema del \u00abputto\u00bb<\/h2>\n\n\n\n<p><strong>Tomado de los sarc\u00f3fagos antiguos<\/strong>, el tema del <em>putto<\/em> (<strong>figura de ni\u00f1o, a veces alado, similar a un \u00e1ngel)<\/strong> reapareci\u00f3 en un contexto funerario sobre los costados de la tumba de Ilaria del Carretto en Lucca, esculpida por el sien\u00e9s <strong>Jacopo della Quercia<\/strong> en 1406. Donatello contribuy\u00f3 a hacer de estas peque\u00f1as figuras un motivo ornamental universal. En 1429, para el <strong>baptisterio de la catedral de Siena<\/strong>, proporciona tres de los seis <em>putti<\/em> desnudos que coronaban el tabern\u00e1culo de m\u00e1rmol. Con una altura de un pi\u00e9 aproximadamente (36 cm), eran las primeras estatu\u00edllas de bronce en verdadero bulto redondo del siglo XV. Vuelve sobre el mismo tema, esta vez dentro de un contexto civil, con una figura de joven fauno que pisotea una serpiente (Florencia, Bargello), la cual coronaba tal vez una fuente, antes de esculpir en relieve varios <em>putti<\/em> danzando para el <strong>p\u00falpito exterior de la catedral de Prato<\/strong> (1434-1438, Prato, museo de la Obra, bastante deteriorados) y para <strong>una tribuna de la catedral<\/strong> (1433-1439), donde compet\u00eda con Luca della Robbia en la realizaci\u00f3n de otra tribuna encargada a este \u00faltimo en 1431; finalmente, en el pedestal de la estatua de <em>Judith M\u00e9dicis<\/em>, los angelotes ebrios se inspiran de un relieve antiguo del Campo Santo de Pisa.<\/p>\n\n\n<div class=\"wp-block-image\">\n<figure class=\"aligncenter\"><img loading=\"lazy\" decoding=\"async\" width=\"265\" height=\"460\" src=\"https:\/\/www.aparences.net\/wp-content\/uploads\/2011\/05\/Donatello-figure-allegorique-d-enfant-atys.jpg\" alt=\"Figura aleg\u00f3rica de ni\u00f1o, 1430-1450, bronce, Donatello\" class=\"wp-image-20553\" title=\"Figura aleg\u00f3rica de ni\u00f1o, 1430-1450, bronce, Donatello\" srcset=\"https:\/\/www.aparences.net\/wp-content\/uploads\/2011\/05\/Donatello-figure-allegorique-d-enfant-atys.jpg 265w, https:\/\/www.aparences.net\/wp-content\/uploads\/2011\/05\/Donatello-figure-allegorique-d-enfant-atys-160x278.jpg 160w\" sizes=\"auto, (max-width: 265px) 100vw, 265px\" \/><figcaption class=\"wp-element-caption\"><em><strong>Figura aleg\u00f3rica de ni\u00f1o<\/strong>, 1430-1450, bronce, <strong>Donatello<\/strong><\/em><br><em> (Florencia, Museo Nazionale del Bargello)<\/em><\/figcaption><\/figure>\n<\/div>\n\n\n<p><em>Esta estatuilla en bronce <strong>fue mencionada por Vasari en 1568<\/strong> como un Mercurio realizado por Donatello, y que se encontraba en la vivienda de Giovanbattista de Agnolo Doni. En el siglo XVIII, fue puesta en venta por la familia Doni como un \u00eddolo etrusco, seg\u00fan las indicaciones de varios expertos de la \u00e9poca. La atribuci\u00f3n a Donatello por Vasari ha sido aceptada y la estatuilla ha sido etiquetada bajo diferentes nombres: Mercurio, Perseo, el joven H\u00e9rcules, Atis amado por la diosa Cibeles, Cupido. El peque\u00f1o bronce ha sido concebido con el mismo esp\u00edritu que los ni\u00f1os de la Tribuna de los cantores de Santa Maria del Fiore. Se pueden apreciar todav\u00eda rastros de dorado sobre el cintur\u00f3n, los cabellos y las alas.<br><\/em><\/p>\n\n\n<div class=\"wp-block-image\">\n<figure class=\"aligncenter\"><a href=\"https:\/\/aparences.net\/wp-content\/uploads\/2010\/07\/tribune2.jpg\"><img decoding=\"async\" src=\"https:\/\/www.aparences.net\/wp-content\/uploads\/2010\/07\/tribune2.jpg\" alt=\"Tribuna de los cantores, Donatello\" title=\"Tribuna de los cantores, Donatello\"\/><\/a><figcaption class=\"wp-element-caption\"><em><strong>La Tribuna de los cantores<\/strong>, ni\u00f1os bailando, 1433-1439, m\u00e1rmol verde coloreado, <strong>Donatello<\/strong> (Florencia, Museo dell\u2019Opera del Duomo)<\/em><\/figcaption><\/figure>\n<\/div>\n\n\n<p><em>En la danza de estos peque\u00f1os personajes, el movimiento es libre y continuo dentro de una visi\u00f3n m\u00edtica, donde el abandono a una alocada vitalidad celebra su triunfo como en un misterio dionis\u00edaco. Son \u00e1ngeles poco ortodoxos y regordetes con drapeados di\u00e1fanos, descendientes de aquellos que figuran en los sarc\u00f3fagos antiguos, llevando coronas que simbolizan la victoria y la vida eterna.<\/em><\/p>\n\n\n\n<h2 class=\"wp-block-heading\">Ghiberti o el relieve narrativo<\/h2>\n\n\n\n<p><strong>Lorenzo Ghiberti<\/strong> (Florencia 1378 \u2013 1455) aprende el oficio de orfebre, primero con su padre Ugoccione y m\u00e1s tarde con su padrastro Bartoluccio. En 1401, mientras se encontraba en P\u00e9saro huyendo de la peste y de los des\u00f3rdenes pol\u00edticos que trastornaban Florencia, y donde realiza pinturas para la corte de los Malatesta, se entera que un concurso es organizado para la atribuci\u00f3n de la segunda puerta del Baptisterio y vuelve a Florencia. En efecto, <strong>en 1401, el Calimala<\/strong>, la Corporaci\u00f3n florentina de los comerciantes de lana, responsable de la conservaci\u00f3n y embellecimiento del <strong>Baptisterio San Giovanni<\/strong>, <strong>organiz\u00f3 un concurso<\/strong> abierto \u00aba los maestros talentosos de todos los pa\u00edses de Italia\u00bb para la creaci\u00f3n de una segunda puerta, (la primera hab\u00eda sido realizada por Andrea Pisano entre 1330 y 1336). Primera competici\u00f3n art\u00edstica p\u00fablica de los tiempos modernos, este concurso pon\u00eda de manifiesto el clima de emulaci\u00f3n que hace de Florencia una ciudad singular. <strong>Los siete maestros toscanos que participaron<\/strong> en el concurso, tuvieron que esculpir como prueba de sus capacidades, un relieve sobre el tema del sacrificio de Isaac. <strong>El jurado<\/strong>, compuesto de treinta y cuatro notables florentinos, apart\u00f3 el proyecto del sien\u00e9s Jacopo della Quercia, pero <strong>dud\u00f3 entre Brunelleschi y Ghiberti, para escoger finalmente a este \u00faltimo<\/strong>. Que ambos relieves (hoy en el Bargello) hayan sido conservados y no fundidos como los otros cinco, puede parecer como uno de los primeros testimonios del inter\u00e9s de la edad moderna por la huella del trabajo del artista. El \u00e9xito de Ghiberti cambi\u00f3 la orientaci\u00f3n de su carrera. Las puertas del baptisterio lo ocuparon toda su vida, pero al mismo tiempo se encontr\u00f3 involucrado en todos los proyectos de la ciudad (\u00abpocas cosas se ha hecho en Florencia sin que haya puesto su mano\u00bb), estatuas para el Orsanmichele, trabajos para la catedral, etc. Coleccionista de arte antiguo, amigo de los humanistas florentinos, redact\u00f3 al finalizar su vida los <em>Comentarii<\/em> (Comentarios) que contienen una historia del arte antiguo, inspirada en <strong>Plinio<\/strong> y <a href=\"https:\/\/es.wikipedia.org\/wiki\/Vitruvio\">Vitruvio<\/a>, y en <strong>el arte toscano de Giotto<\/strong> hasta su \u00e9poca y, donde <a title=\"Duccio\" href=\"https:\/\/www.aparences.net\/es\/escuelas\/la-pintura-sienesa\/duccio-di-bouninsegna\/\">Duccio<\/a> y <a title=\"Giotto\" href=\"https:\/\/www.aparences.net\/es\/periodos\/el-trecento\/giotto-y-la-escuela-florentina\/\">Giotto<\/a> aparecen ya como los art\u00edfices del renacimiento del arte antiguo. En sus Comentarios se encuentra tambi\u00e9n un relato de su vida, primer testimonio autobiogr\u00e1fico de un artista. Cada una de las p\u00e1ginas ilustra su profunda religiosidad, tanto en su vida privada como en su trabajo. No aspira solo en proclamar mediante sus obras las verdades de la fe cristiana, sino que ve en ellas una conexi\u00f3n con las estatuas cl\u00e1sicas, las cuales seg\u00fan \u00e9l, constituyen la expresi\u00f3n de las m\u00e1s elevadas cualidades intelectuales y morales de la naturaleza humana. <strong>La dos puertas del Baptisterio<\/strong> est\u00e1n firmadas con un <a href=\"https:\/\/www.aparences.net\/es\/arte-y-mecenazgo\/el-retrato-en-el-renacimiento-italiano\/el-autorretrato-en-el-quattrocento\/\">autorretrato<\/a>, una cabeza que surge de un medall\u00f3n, una de las primeras firmas figuradas del Renacimiento (aunque en 1378-1379, en la Europa central \u00abg\u00f3tica\u00bb, <a href=\"https:\/\/es.wikipedia.org\/wiki\/Peter_Parler\">Peter Parler<\/a> se hab\u00eda representado en busto junto al emperador y los dignatarios de la Iglesia en el triforium de la catedral de Praga).<\/p>\n\n\n<div class=\"wp-block-image\">\n<figure class=\"aligncenter\"><a href=\"https:\/\/aparences.net\/wp-content\/uploads\/2010\/10\/ghiberti_porte_portrait.png\"><img decoding=\"async\" src=\"https:\/\/www.aparences.net\/wp-content\/uploads\/2010\/10\/ghiberti_porte_portrait.png\" alt=\"Ghiberti, La Puerta del Para\u00edso y autorretrato\" title=\"Ghiberti, La Puerta del Para\u00edso y autorretrato\"\/><\/a><figcaption class=\"wp-element-caption\"><em><strong>La Puerta Este, llamada del Para\u00edso<\/strong> y <strong>Autorretrato<\/strong>, 1425-1452, <strong>Lorenzo Ghiberti<\/strong> (Florencia, Baptisterio) <\/em><\/figcaption><\/figure>\n<\/div>\n\n\n<p><em>La puerta llamada del Para\u00edso sigue un programa iconogr\u00e1fico establecido por <a title=\"Leonardo Bruni\" href=\"https:\/\/www.aparences.net\/es\/periodos\/el-quattrocento\/el-renacimiento-en-florencia-el-quattrocento\/\">Leonardo Bruni<\/a> que da lugar a una modificaci\u00f3n de la estructura del p\u00f3rtico. Ghiberti cambia el n\u00famero de compartimentos de veintiocho a diez. El escultor tiene que tratar pues, dentro de la misma composici\u00f3n, toda una serie de acontecimientos y, el conjunto de estas secuencias, implica necesariamente un nuevo principio de ejecuci\u00f3n. Desde 1440, los diez relieves est\u00e1n listos; la producci\u00f3n de las figuras de los m\u00e1rgenes, de los recuadros y la puesta a punto de la t\u00e9cnica fueron terminados al mismo tiempo que el dorado, en la primavera de 1452. La belleza de esta obra provoca tal admiraci\u00f3n que se decide ubicarla frente al gran portal de Santa Maria del Fiore y transferir al lado sur la puerta de Andrea Pisano.<\/em><\/p>\n\n\n\n<p><em><strong>Autorretrato<\/strong>, hacia 1445-1448, <strong>Lorenzo Ghiberti<\/strong> (Florencia, Baptisterio). El autorretrato que Ghiberti inserta en la puerta del Para\u00edso entre las cabezas de los profetas y los personajes b\u00edblicos que enmarcan cada panel, muestra el rostro de un hombre con un acusado realismo: el personaje con la cabeza desnuda, parece un ciudadano romano, sin ning\u00fan signo de dependencia corporativa. Ghiberti exhibe pues su \u00abvirt\u00f9\u00bb (vigor moral) a lo antiguo, bajo una apariencia intemporal, que da a este autorretrato una autoridad incomparable, m\u00e1s acentuada si cabe por la \u00abfirma\u00bb, convirti\u00e9ndose en un manifiesto de orgullo y confianza<\/em>.<\/p>\n\n\n\n<p>En 1403, se decidi\u00f3 reemplazar las escenas del Antiguo Testamento previstas, por escenas del Nuevo Testamento. El trabajo que acapara a <strong>Ghiberti<\/strong> durante a\u00f1os ha sustentado a <strong>toda una generaci\u00f3n de artistas y les ha servido de escuela<\/strong>. Desde 1407, son m\u00e1s de veinticinco a asistirlo en su obra. Encontramos a <a title=\"Paolo Uccello\" href=\"https:\/\/www.aparences.net\/es\/periodos\/el-quattrocento\/paolo-uccello\/\">Uccello<\/a>, pero tambi\u00e9n a <a title=\"Michelozzo di Bartolomeo\" href=\"https:\/\/www.aparences.net\/es\/periodos\/el-quattrocento\/los-arquitectos-del-quattrocento-en-florencia\/\">Michelozzo<\/a>, <strong>Donatello<\/strong> y <strong>Bernardo Ciuffagni<\/strong>, quien todav\u00eda no hab\u00eda alcanzado la celebridad. En los paneles mas antiguos, como en la <em>Anunciaci\u00f3n<\/em> o en la <em>Adoraci\u00f3n de los Magos<\/em>, las l\u00edneas fluidas, las esbeltas proporciones, la delicadeza de los gestos provienen del <a href=\"https:\/\/www.aparences.net\/es\/periodos\/gotico-internacional\/estilo-gotico-internacional\/\" data-type=\"link\" data-id=\"https:\/\/www.aparences.net\/es\/periodos\/gotico-internacional\/estilo-gotico-internacional\/\">estilo g\u00f3tico internacional<\/a>; pero en la <em>Flagelaci\u00f3n<\/em>, Cristo se apoya en la columna con la dignidad de una estatua antigua, influido probablemente por su viaje a Roma en 1416 y el singular ambiente cultural florentino. En el panel <strong><em>Historia de Ad\u00e1n y Eva<\/em><\/strong> que relata la Historia de Ad\u00e1n y Eva hasta el pecado original, la influencia de la Antig\u00fcedad se pone de manifiesto en el personaje de Eva, posando como Venus p\u00fadica.<\/p>\n\n\n<div class=\"wp-block-image\">\n<figure class=\"aligncenter\"><a href=\"https:\/\/aparences.net\/wp-content\/uploads\/2010\/07\/ghiberti_creation.jpg\"><img decoding=\"async\" src=\"https:\/\/www.aparences.net\/wp-content\/uploads\/2010\/07\/ghiberti_creation.jpg\" alt=\"Historia de Ad\u00e1n y Eva, Puerta del Para\u00edso, 1425-1437, Lorenzo Ghiberti\" title=\"Historia de Ad\u00e1n y Eva, Puerta del Para\u00edso, 1425-1437, Lorenzo Ghiberti\"\/><\/a><figcaption class=\"wp-element-caption\"><em><strong>Historia de Ad\u00e1n y Eva<\/strong>, detalle, Puerta del Para\u00edso, 1425-1437, <strong>Lorenzo Ghiberti<\/strong> <\/em><br><em>(Florencia, Museo dell\u2019Opera del Duomo<\/em>)<\/figcaption><\/figure>\n<\/div>\n\n\n<p>En contacto con las obras de <strong>Donatello<\/strong> y <strong>Brunelleschi<\/strong>, el artista descubre sin embargo un nuevo m\u00e9todo para representar el relieve espacial. Da testimonio de su inter\u00e9s por las nuevas tendencias estil\u00edsticas, ejecutando entre 1417 y 1427, los relieves en bronce del Baptisterio de Siena seg\u00fan la perspectiva lineal. Durante este periodo, <strong>Ghiberti explora todas las posibilidades que ofrece el relieve narrativo<\/strong> y ser\u00e1 en Florencia donde su arte llegar\u00e1 a la perfecci\u00f3n con la ejecuci\u00f3n de la tercera puerta del Baptisterio. En efecto, el \u00e9xito de Ghiberti decidi\u00f3 a la corporaci\u00f3n del Calimala encargarle la tercera puerta en 1425. Comenzada en 1429 y acabada en 1452, fue juzgada tan bella que se instal\u00f3 en el lugar de honor, frente a la catedral. <strong>En el siglo XVI la llamaron \u00abla puerta del Para\u00edso\u00bb, tal vez como consecuencia de una frase de Miguel \u00c1ngel<\/strong>. Rompiendo con el dise\u00f1o de <a href=\"https:\/\/es.wikipedia.org\/wiki\/Andrea_Pisano\">Andrea Pisano<\/a>, Ghiberti, que hab\u00eda recibido carta blanca, ejecut\u00f3 diez grandes paneles cuadrados de bronce dorado, donde represent\u00f3 historias del Antiguo Testamento. En los paneles centrales, con la <em>Historia de Jos\u00e9<\/em> y la <em>Historia de Jacob<\/em>, Ghiberti parece querer responder a las investigaciones de <strong>Brunelleschi sobre<\/strong> <a title=\"la perspectiva\" href=\"https:\/\/www.aparences.net\/es\/periodos\/el-quattrocento\/los-arquitectos-del-quattrocento-en-florencia\/\">la perspectiva<\/a>; organiza sus paneles como si fueran pinturas, jugando con el degradado del relieve, seg\u00fan un principio que va a permanecer como uno de los fundamentos estructurales del bajo relieve moderno: grupos en alto relieve en primer plano, figuras en medio relieve en segundo plano, y los fondos con arquitecturas en bajo relieve est\u00e1n construidos seg\u00fan las reglas de la perspectiva, que permiten colocar los grupos y las figuras. El bajo relieve rivaliza as\u00ed con la pintura en la puesta en escena de una historia.<\/p>\n\n\n\n<h2 class=\"wp-block-heading\">Luca della Robbia y las artes decorativas<\/h2>\n\n\n\n<p>En el prefacio a su <em>Tratado de la Pintura<\/em>, <a title=\"Alberti\" href=\"https:\/\/es.wikipedia.org\/wiki\/Leon_Battista_Alberti\" target=\"_blank\" rel=\"noopener noreferrer\">Alberti<\/a> atribuye a <strong>Luca della Robbia<\/strong> \u2013 y a <a href=\"https:\/\/www.aparences.net\/es\/periodos\/el-quattrocento\/los-arquitectos-del-quattrocento-en-florencia\/\">Brunelleschi<\/a>, <a href=\"https:\/\/www.aparences.net\/es\/periodos\/el-quattrocento\/masaccio-la-arquitectura-y-el-espacio\/\" data-type=\"link\" data-id=\"https:\/\/www.aparences.net\/es\/periodos\/el-quattrocento\/masaccio-la-arquitectura-y-el-espacio\/\">Masaccio<\/a>, <strong>Ghiberti<\/strong> y <strong>Donatello<\/strong> \u2013 <strong>la creaci\u00f3n del estilo Renacimiento<\/strong>. Se saben pocas cosas sobre la juventud de <strong>Della Robbia<\/strong>, pero fue sin duda formado en el taller de Ghiberti. Su estilo parece indicar que <strong>aprendi\u00f3 la escultura en m\u00e1rmol con Nanni di Banco<\/strong> y se cree que termin\u00f3 la <em>Asunci\u00f3n<\/em> de este \u00faltimo. Sin ninguna duda, sus esculturas, cuyo encanto anunciaba la <em>grazia<\/em> de <a href=\"https:\/\/www.aparences.net\/es\/periodos\/el-alto-renacimiento-en-pintura\/#rafael:-urbino,-florencia,-roma\">Rafael<\/a>, <strong>gustaban a un p\u00fablico m\u00e1s amplio<\/strong> que las misteriosas obras de Donatello. Ellas se leen con m\u00e1s facilidad, pero su aspecto desenvuelto oculta un riguroso estudio. <strong>La aportaci\u00f3n m\u00e1s importante de Luca della Robbia reside en su t\u00e9cnica<\/strong>: seg\u00fan Manetti y Vasari, \u00abinvent\u00f3\u00bb la tierra cocida barnizada. Hasta 1441 trabaj\u00f3 sobre todo el m\u00e1rmol; la primera tierra cocida barnizada fechada aparece con el <em>Tabern\u00e1culo del sacramento<\/em>, realizado para la iglesia San Egidio en el hospital de Santa Maria Nuova (1441-1443). El efecto sorprendente de sus barnices azules y blancos, as\u00ed como su resistencia y coste poco elevado explican su popularidad. Esta t\u00e9cnica era una brillante adaptaci\u00f3n a la escultura monumental de los barnices esmaltados de los ceramistas (coloreados al plomo o al esta\u00f1o por medio de distintos \u00f3xidos met\u00e1licos). Della Robbia adapt\u00f3 el procedimiento de manera a obtener superficies brillantes y tonalidades diferentes a las de la may\u00f3lica. El secreto de la f\u00f3rmula fue guardado durante setenta y cinco a\u00f1os por el <strong>taller de los Della Robbia<\/strong>, donde trabajaron <strong>Andrea<\/strong>, <strong>Luca<\/strong>, y <strong>Giovanni<\/strong>, aunque otros escultores realizaron obras similares.<\/p>\n\n\n<div class=\"wp-block-image\">\n<figure class=\"aligncenter\"><a href=\"https:\/\/aparences.net\/wp-content\/uploads\/2010\/10\/della_robbia_vierge.png\"><img decoding=\"async\" src=\"https:\/\/www.aparences.net\/wp-content\/uploads\/2010\/10\/della_robbia_vierge.png\" alt=\"Virgen de los picapedreros, 1475-1480, Andrea della Robbia\" title=\"Virgen de los picapedreros, 1475-1480, Andrea della Robbia\"\/><\/a><figcaption class=\"wp-element-caption\"><em><strong>Virgen de los picapedreros<\/strong>, 1475-1480, <strong>Andrea della Robbia<\/strong> <\/em><br><em>(Florencia, Museo Nazionale del Bargello)<\/em><\/figcaption><\/figure>\n<\/div>\n\n\n<p><em>En el siglo XV, para responder a la creciente demanda de un aprendizaje did\u00e1ctico y dom\u00e9stico, un n\u00famero asombroso de im\u00e1genes piadosas de la Virgen y el Ni\u00f1o fueron producidas en Florencia, donde casi todos los hogares pr\u00f3speros pose\u00edan varios ejemplares. Luca della Robbia cre\u00f3 una gran cantidad de ellas seg\u00fan dos f\u00f3rmulas: un grupo de obras \u00fanicas y otras destinadas a la producci\u00f3n en serie realizadas por su taller. Despu\u00e9s de 1460, Andrea della Robbia, sobrino de Luca, con el cual colaboraba y al que transmiti\u00f3 su t\u00e9cnica, se puso a desarrollar este medio de expresi\u00f3n. Andrea y los suyos, experimentaron con los retablos en tierra cocida, creando as\u00ed un v\u00ednculo con los retablos de los pintores contempor\u00e1neos. Esos retablos &#8211; producidos en serie a partir de moldes \u2013 as\u00ed como las im\u00e1genes piadosas, aseguraron la prosperidad del taller Della Robbia hasta entrado el siguiente siglo.<\/em><\/p>\n\n\n\n<p>En 1448 Luca della Robbia realiza los primeros personajes en tierra cocida barnizada \u2013 dos \u00e1ngeles ac\u00f3litos con alas de madera para el Duomo. Colabor\u00f3 con Brunelleschi y ejecut\u00f3 los medallones para la <a title=\"capilla de los Pazzi\" href=\"https:\/\/es.wikipedia.org\/wiki\/Capilla_Pazzi\" target=\"_blank\" rel=\"noopener noreferrer\">capilla de los Pazzi<\/a> desde 1442 a 1461. Despu\u00e9s de la muerte de Brunelleschi (1446), el talento de decorador de Luca della Robbia se expres\u00f3 sobre la b\u00f3veda de la capilla del cardenal de Portugal a San Miniato al Monte. Para <a title=\"Pedro de M\u00e9dicis\" href=\"https:\/\/www.aparences.net\/es\/arte-y-mecenazgo\/florencia-y-los-medicis\/cosme-el-viejo\/\" target=\"_blank\" rel=\"noopener noreferrer\">Pedro de M\u00e9dicis<\/a>, decor\u00f3 no s\u00f3lo una parte de la capilla de la Crucifixi\u00f3n a San Miniato, sino tambi\u00e9n su lujoso gabinete privado en el palacio M\u00e9dicis; de este, s\u00f3lo subsisten los magn\u00edficos tondi esmaltados en blanco, azul y oro que representan los Trabajos de los Meses inspirados en la obra de <a href=\"https:\/\/es.wikipedia.org\/wiki\/Columela\">Columela, <em>De re rustica<\/em><\/a>.<\/p>\n\n\n<div class=\"wp-block-image\">\n<figure class=\"aligncenter\"><a href=\"https:\/\/aparences.net\/wp-content\/uploads\/2010\/10\/della_robbia_cantoria.png\"><img decoding=\"async\" src=\"https:\/\/www.aparences.net\/wp-content\/uploads\/2010\/10\/della_robbia_cantoria.png\" alt=\"Cantoria, Luca della Robbia\" title=\"Cantoria, Luca della Robbia\"\/><\/a><figcaption class=\"wp-element-caption\"><em><strong>Cantoria<\/strong>, detalle, 1431-1438, m\u00e1rmol, <strong>Luca della Robbia<\/strong> (Florencia, Museo dell\u2019Opera del Duomo)<\/em><\/figcaption><\/figure>\n<\/div>\n\n\n<p><em>Acabada en 1438, esta obra estaba situada enfrente de la Cantoria de Donatello en la catedral de Florencia. El tema tratado por Luca se refiere al salmo Laudate Dominum. Los relieves de la tribuna ilustran, palabra por palabra, cada vers\u00edculo. Los grupos de ni\u00f1os son repartidos en paneles rigurosamente enmarcados por pilastras gemelas, seg\u00fan la funci\u00f3n de cada uno de ellos en el coro. Los rostros de los ni\u00f1os, llenos de gracia y candor, parecen transformados por la m\u00fasica que aparece como una purificaci\u00f3n. Expresan felicidad y armon\u00eda perfecta.<\/em><\/p>\n\n\n\n<p>Cuando se observan las numerosas obras que salen del taller de Luca della Robbia, se comprende que el <a href=\"https:\/\/www.aparences.net\/es\/periodos\/el-quattrocento\/el-renacimiento-en-florencia-el-quattrocento\/\" data-type=\"link\" data-id=\"https:\/\/www.aparences.net\/es\/periodos\/el-quattrocento\/el-renacimiento-en-florencia-el-quattrocento\/\">Renacimiento florentino<\/a> en el <strong>Quattrocento<\/strong> no s\u00f3lo ha afectado a los artes consideradas como mayores, sino que ha encontrado un eco extraordinario en las artes decorativas.<\/p>\n\n\n<div class=\"wp-block-image\">\n<figure class=\"aligncenter\"><a href=\"https:\/\/aparences.net\/wp-content\/uploads\/2010\/10\/della_robbia_tondo.png\"><img decoding=\"async\" src=\"https:\/\/www.aparences.net\/wp-content\/uploads\/2010\/10\/della_robbia_tondo.png\" alt=\"Retrato de una dama sobre tondo, 1465, Luca della Robbia\" title=\"Retrato de una dama sobre tondo, 1465, Luca della Robbia\"\/><\/a><figcaption class=\"wp-element-caption\"><em><strong>Retrato de una dama sobre tondo<\/strong>, 1465, <strong>Luca della Robbia<\/strong> <\/em><br><em>(Florencia, Museo Nazionale del Bargello) <\/em><\/figcaption><\/figure>\n<\/div>\n\n\n<p><em>El modelo de este tondo es parecido a los retratos contempor\u00e1neos de mujeres esculpidos en bulto redondo: aqu\u00ed la joven viste a la \u00faltima <a href=\"https:\/\/www.aparences.net\/es\/arte-y-mecenazgo\/renacimiento-y-vida-privada\/la-moda-en-el-siglo-xv\/\">moda florentina<\/a>, su alta y rasurada frente aristocr\u00e1tica est\u00e1 coronada por finos cabellos que caen en cascada de una diadema. El sentido de la obra es todav\u00eda sujeto de controversia: se trata de un retrato o de una imagen ideal de belleza femenina de la \u00e9poca? El indeciso car\u00e1cter y la vivacidad de la juventud, la especificidad de los rasgos, la mirada penetrante y la cabeza ligeramente ladeada, son representados con tanta delicadeza, que el busto fue sin duda modelado del natural. Por su representaci\u00f3n agridulce de la fragilidad de la juventud y la belleza, esta obra es cercana al pensamiento neoplat\u00f3nico.<br><\/em><\/p>\n","protected":false},"excerpt":{"rendered":"<p>A principios del siglo XV (Quattrocento), es sobre todo en la decoraci\u00f3n de las residencias privadas que la escultura profana hace pausadamente su aparici\u00f3n.<\/p>\n","protected":false},"author":2,"featured_media":26452,"comment_status":"closed","ping_status":"closed","sticky":false,"template":"","format":"standard","meta":{"footnotes":""},"categories":[2696],"tags":[3498,5426,5425,3502,3503,5423,3501,5422,576],"class_list":["post-13310","post","type-post","status-publish","format-standard","has-post-thumbnail","hentry","category-el-quattrocento","tag-donatello-2","tag-escultores-renacentistas","tag-escultura-del-quattrocento","tag-jacopo-della-quercia-es","tag-lorenzo-ghiberti-es","tag-luca-della-robbia-2","tag-nanni-di-banco-2","tag-naturalismo-de-donatello","tag-sculpteurs"],"yoast_head":"<!-- This site is optimized with the Yoast SEO plugin v27.2 - https:\/\/yoast.com\/product\/yoast-seo-wordpress\/ -->\n<title>La escultura del Quattrocento en Florencia<\/title>\n<meta name=\"description\" content=\"A principios del siglo XV (Quattrocento), es sobre todo en la decoraci\u00f3n de las residencias privadas que la escultura profana hace pausadamente su aparici\u00f3n.\" \/>\n<meta name=\"robots\" content=\"index, follow, max-snippet:-1, max-image-preview:large, max-video-preview:-1\" \/>\n<link rel=\"canonical\" href=\"https:\/\/www.aparences.net\/es\/periodos\/el-quattrocento\/la-escultura-del-quattrocento-en-florencia\/\" \/>\n<meta property=\"og:locale\" content=\"es_ES\" \/>\n<meta property=\"og:type\" content=\"article\" \/>\n<meta property=\"og:title\" content=\"La escultura del Quattrocento en Florencia\" \/>\n<meta property=\"og:description\" content=\"A principios del siglo XV (Quattrocento), es sobre todo en la decoraci\u00f3n de las residencias privadas que la escultura profana hace pausadamente su aparici\u00f3n.\" \/>\n<meta property=\"og:url\" content=\"https:\/\/www.aparences.net\/es\/periodos\/el-quattrocento\/la-escultura-del-quattrocento-en-florencia\/\" \/>\n<meta property=\"og:site_name\" content=\"Aparences\" \/>\n<meta property=\"article:published_time\" content=\"2011-05-24T15:49:22+00:00\" \/>\n<meta property=\"article:modified_time\" content=\"2025-12-11T18:40:56+00:00\" \/>\n<meta property=\"og:image\" content=\"https:\/\/www.aparences.net\/wp-content\/uploads\/2011\/05\/quattrocento-sculpture.jpg\" \/>\n\t<meta property=\"og:image:width\" content=\"1080\" \/>\n\t<meta property=\"og:image:height\" content=\"540\" \/>\n\t<meta property=\"og:image:type\" content=\"image\/jpeg\" \/>\n<meta name=\"author\" content=\"admin\" \/>\n<meta name=\"twitter:card\" content=\"summary_large_image\" \/>\n<meta name=\"twitter:label1\" content=\"Escrito por\" \/>\n\t<meta name=\"twitter:data1\" content=\"admin\" \/>\n\t<meta name=\"twitter:label2\" content=\"Tiempo de lectura\" \/>\n\t<meta name=\"twitter:data2\" content=\"35 minutos\" \/>\n<script type=\"application\/ld+json\" class=\"yoast-schema-graph\">{\"@context\":\"https:\/\/schema.org\",\"@graph\":[{\"@type\":\"Article\",\"@id\":\"https:\/\/www.aparences.net\/es\/periodos\/el-quattrocento\/la-escultura-del-quattrocento-en-florencia\/#article\",\"isPartOf\":{\"@id\":\"https:\/\/www.aparences.net\/es\/periodos\/el-quattrocento\/la-escultura-del-quattrocento-en-florencia\/\"},\"author\":{\"name\":\"admin\",\"@id\":\"https:\/\/www.aparences.net\/es\/#\/schema\/person\/af349f6ffc31b16c68963e61268afca5\"},\"headline\":\"La escultura del Quattrocento en Florencia\",\"datePublished\":\"2011-05-24T15:49:22+00:00\",\"dateModified\":\"2025-12-11T18:40:56+00:00\",\"mainEntityOfPage\":{\"@id\":\"https:\/\/www.aparences.net\/es\/periodos\/el-quattrocento\/la-escultura-del-quattrocento-en-florencia\/\"},\"wordCount\":6884,\"publisher\":{\"@id\":\"https:\/\/www.aparences.net\/es\/#organization\"},\"image\":{\"@id\":\"https:\/\/www.aparences.net\/es\/periodos\/el-quattrocento\/la-escultura-del-quattrocento-en-florencia\/#primaryimage\"},\"thumbnailUrl\":\"https:\/\/www.aparences.net\/wp-content\/uploads\/2011\/05\/quattrocento-sculpture.jpg\",\"keywords\":[\"Donatello\",\"escultores renacentistas\",\"escultura del Quattrocento\",\"Jacopo della Quercia\",\"Lorenzo Ghiberti\",\"Luca della Robbia\",\"Nanni di Banco\",\"naturalismo de Donatello\",\"sculpteurs\"],\"articleSection\":[\"El Quattrocento\"],\"inLanguage\":\"es\"},{\"@type\":[\"WebPage\",\"ItemPage\"],\"@id\":\"https:\/\/www.aparences.net\/es\/periodos\/el-quattrocento\/la-escultura-del-quattrocento-en-florencia\/\",\"url\":\"https:\/\/www.aparences.net\/es\/periodos\/el-quattrocento\/la-escultura-del-quattrocento-en-florencia\/\",\"name\":\"La escultura del Quattrocento en Florencia\",\"isPartOf\":{\"@id\":\"https:\/\/www.aparences.net\/es\/#website\"},\"primaryImageOfPage\":{\"@id\":\"https:\/\/www.aparences.net\/es\/periodos\/el-quattrocento\/la-escultura-del-quattrocento-en-florencia\/#primaryimage\"},\"image\":{\"@id\":\"https:\/\/www.aparences.net\/es\/periodos\/el-quattrocento\/la-escultura-del-quattrocento-en-florencia\/#primaryimage\"},\"thumbnailUrl\":\"https:\/\/www.aparences.net\/wp-content\/uploads\/2011\/05\/quattrocento-sculpture.jpg\",\"datePublished\":\"2011-05-24T15:49:22+00:00\",\"dateModified\":\"2025-12-11T18:40:56+00:00\",\"description\":\"A principios del siglo XV (Quattrocento), es sobre todo en la decoraci\u00f3n de las residencias privadas que la escultura profana hace pausadamente su aparici\u00f3n.\",\"breadcrumb\":{\"@id\":\"https:\/\/www.aparences.net\/es\/periodos\/el-quattrocento\/la-escultura-del-quattrocento-en-florencia\/#breadcrumb\"},\"inLanguage\":\"es\",\"potentialAction\":[{\"@type\":\"ReadAction\",\"target\":[\"https:\/\/www.aparences.net\/es\/periodos\/el-quattrocento\/la-escultura-del-quattrocento-en-florencia\/\"]}]},{\"@type\":\"ImageObject\",\"inLanguage\":\"es\",\"@id\":\"https:\/\/www.aparences.net\/es\/periodos\/el-quattrocento\/la-escultura-del-quattrocento-en-florencia\/#primaryimage\",\"url\":\"https:\/\/www.aparences.net\/wp-content\/uploads\/2011\/05\/quattrocento-sculpture.jpg\",\"contentUrl\":\"https:\/\/www.aparences.net\/wp-content\/uploads\/2011\/05\/quattrocento-sculpture.jpg\",\"width\":1080,\"height\":540},{\"@type\":\"BreadcrumbList\",\"@id\":\"https:\/\/www.aparences.net\/es\/periodos\/el-quattrocento\/la-escultura-del-quattrocento-en-florencia\/#breadcrumb\",\"itemListElement\":[{\"@type\":\"ListItem\",\"position\":1,\"name\":\"Portada\",\"item\":\"https:\/\/www.aparences.net\/es\/\"},{\"@type\":\"ListItem\",\"position\":2,\"name\":\"La escultura del Quattrocento en Florencia\"}]},{\"@type\":\"WebSite\",\"@id\":\"https:\/\/www.aparences.net\/es\/#website\",\"url\":\"https:\/\/www.aparences.net\/es\/\",\"name\":\"Aparences: Historia del Arte y Actualidad Cultural\",\"description\":\"\",\"publisher\":{\"@id\":\"https:\/\/www.aparences.net\/es\/#organization\"},\"potentialAction\":[{\"@type\":\"SearchAction\",\"target\":{\"@type\":\"EntryPoint\",\"urlTemplate\":\"https:\/\/www.aparences.net\/es\/?s={search_term_string}\"},\"query-input\":{\"@type\":\"PropertyValueSpecification\",\"valueRequired\":true,\"valueName\":\"search_term_string\"}}],\"inLanguage\":\"es\"},{\"@type\":\"Organization\",\"@id\":\"https:\/\/www.aparences.net\/es\/#organization\",\"name\":\"Aparences: Historia del Arte y Actualidad Cultural\",\"url\":\"https:\/\/www.aparences.net\/es\/\",\"logo\":{\"@type\":\"ImageObject\",\"inLanguage\":\"es\",\"@id\":\"https:\/\/www.aparences.net\/es\/#\/schema\/logo\/image\/\",\"url\":\"https:\/\/www.aparences.net\/wp-content\/uploads\/2023\/09\/logo-quadrat-color-e1695915315229.png\",\"contentUrl\":\"https:\/\/www.aparences.net\/wp-content\/uploads\/2023\/09\/logo-quadrat-color-e1695915315229.png\",\"width\":120,\"height\":120,\"caption\":\"Aparences: Historia del Arte y Actualidad Cultural\"},\"image\":{\"@id\":\"https:\/\/www.aparences.net\/es\/#\/schema\/logo\/image\/\"}},{\"@type\":\"Person\",\"@id\":\"https:\/\/www.aparences.net\/es\/#\/schema\/person\/af349f6ffc31b16c68963e61268afca5\",\"name\":\"admin\",\"url\":\"https:\/\/www.aparences.net\/es\/author\/admin\/\"}]}<\/script>\n<!-- \/ Yoast SEO plugin. -->","yoast_head_json":{"title":"La escultura del Quattrocento en Florencia","description":"A principios del siglo XV (Quattrocento), es sobre todo en la decoraci\u00f3n de las residencias privadas que la escultura profana hace pausadamente su aparici\u00f3n.","robots":{"index":"index","follow":"follow","max-snippet":"max-snippet:-1","max-image-preview":"max-image-preview:large","max-video-preview":"max-video-preview:-1"},"canonical":"https:\/\/www.aparences.net\/es\/periodos\/el-quattrocento\/la-escultura-del-quattrocento-en-florencia\/","og_locale":"es_ES","og_type":"article","og_title":"La escultura del Quattrocento en Florencia","og_description":"A principios del siglo XV (Quattrocento), es sobre todo en la decoraci\u00f3n de las residencias privadas que la escultura profana hace pausadamente su aparici\u00f3n.","og_url":"https:\/\/www.aparences.net\/es\/periodos\/el-quattrocento\/la-escultura-del-quattrocento-en-florencia\/","og_site_name":"Aparences","article_published_time":"2011-05-24T15:49:22+00:00","article_modified_time":"2025-12-11T18:40:56+00:00","og_image":[{"width":1080,"height":540,"url":"https:\/\/www.aparences.net\/wp-content\/uploads\/2011\/05\/quattrocento-sculpture.jpg","type":"image\/jpeg"}],"author":"admin","twitter_card":"summary_large_image","twitter_misc":{"Escrito por":"admin","Tiempo de lectura":"35 minutos"},"schema":{"@context":"https:\/\/schema.org","@graph":[{"@type":"Article","@id":"https:\/\/www.aparences.net\/es\/periodos\/el-quattrocento\/la-escultura-del-quattrocento-en-florencia\/#article","isPartOf":{"@id":"https:\/\/www.aparences.net\/es\/periodos\/el-quattrocento\/la-escultura-del-quattrocento-en-florencia\/"},"author":{"name":"admin","@id":"https:\/\/www.aparences.net\/es\/#\/schema\/person\/af349f6ffc31b16c68963e61268afca5"},"headline":"La escultura del Quattrocento en Florencia","datePublished":"2011-05-24T15:49:22+00:00","dateModified":"2025-12-11T18:40:56+00:00","mainEntityOfPage":{"@id":"https:\/\/www.aparences.net\/es\/periodos\/el-quattrocento\/la-escultura-del-quattrocento-en-florencia\/"},"wordCount":6884,"publisher":{"@id":"https:\/\/www.aparences.net\/es\/#organization"},"image":{"@id":"https:\/\/www.aparences.net\/es\/periodos\/el-quattrocento\/la-escultura-del-quattrocento-en-florencia\/#primaryimage"},"thumbnailUrl":"https:\/\/www.aparences.net\/wp-content\/uploads\/2011\/05\/quattrocento-sculpture.jpg","keywords":["Donatello","escultores renacentistas","escultura del Quattrocento","Jacopo della Quercia","Lorenzo Ghiberti","Luca della Robbia","Nanni di Banco","naturalismo de Donatello","sculpteurs"],"articleSection":["El Quattrocento"],"inLanguage":"es"},{"@type":["WebPage","ItemPage"],"@id":"https:\/\/www.aparences.net\/es\/periodos\/el-quattrocento\/la-escultura-del-quattrocento-en-florencia\/","url":"https:\/\/www.aparences.net\/es\/periodos\/el-quattrocento\/la-escultura-del-quattrocento-en-florencia\/","name":"La escultura del Quattrocento en Florencia","isPartOf":{"@id":"https:\/\/www.aparences.net\/es\/#website"},"primaryImageOfPage":{"@id":"https:\/\/www.aparences.net\/es\/periodos\/el-quattrocento\/la-escultura-del-quattrocento-en-florencia\/#primaryimage"},"image":{"@id":"https:\/\/www.aparences.net\/es\/periodos\/el-quattrocento\/la-escultura-del-quattrocento-en-florencia\/#primaryimage"},"thumbnailUrl":"https:\/\/www.aparences.net\/wp-content\/uploads\/2011\/05\/quattrocento-sculpture.jpg","datePublished":"2011-05-24T15:49:22+00:00","dateModified":"2025-12-11T18:40:56+00:00","description":"A principios del siglo XV (Quattrocento), es sobre todo en la decoraci\u00f3n de las residencias privadas que la escultura profana hace pausadamente su aparici\u00f3n.","breadcrumb":{"@id":"https:\/\/www.aparences.net\/es\/periodos\/el-quattrocento\/la-escultura-del-quattrocento-en-florencia\/#breadcrumb"},"inLanguage":"es","potentialAction":[{"@type":"ReadAction","target":["https:\/\/www.aparences.net\/es\/periodos\/el-quattrocento\/la-escultura-del-quattrocento-en-florencia\/"]}]},{"@type":"ImageObject","inLanguage":"es","@id":"https:\/\/www.aparences.net\/es\/periodos\/el-quattrocento\/la-escultura-del-quattrocento-en-florencia\/#primaryimage","url":"https:\/\/www.aparences.net\/wp-content\/uploads\/2011\/05\/quattrocento-sculpture.jpg","contentUrl":"https:\/\/www.aparences.net\/wp-content\/uploads\/2011\/05\/quattrocento-sculpture.jpg","width":1080,"height":540},{"@type":"BreadcrumbList","@id":"https:\/\/www.aparences.net\/es\/periodos\/el-quattrocento\/la-escultura-del-quattrocento-en-florencia\/#breadcrumb","itemListElement":[{"@type":"ListItem","position":1,"name":"Portada","item":"https:\/\/www.aparences.net\/es\/"},{"@type":"ListItem","position":2,"name":"La escultura del Quattrocento en Florencia"}]},{"@type":"WebSite","@id":"https:\/\/www.aparences.net\/es\/#website","url":"https:\/\/www.aparences.net\/es\/","name":"Aparences: Historia del Arte y Actualidad Cultural","description":"","publisher":{"@id":"https:\/\/www.aparences.net\/es\/#organization"},"potentialAction":[{"@type":"SearchAction","target":{"@type":"EntryPoint","urlTemplate":"https:\/\/www.aparences.net\/es\/?s={search_term_string}"},"query-input":{"@type":"PropertyValueSpecification","valueRequired":true,"valueName":"search_term_string"}}],"inLanguage":"es"},{"@type":"Organization","@id":"https:\/\/www.aparences.net\/es\/#organization","name":"Aparences: Historia del Arte y Actualidad Cultural","url":"https:\/\/www.aparences.net\/es\/","logo":{"@type":"ImageObject","inLanguage":"es","@id":"https:\/\/www.aparences.net\/es\/#\/schema\/logo\/image\/","url":"https:\/\/www.aparences.net\/wp-content\/uploads\/2023\/09\/logo-quadrat-color-e1695915315229.png","contentUrl":"https:\/\/www.aparences.net\/wp-content\/uploads\/2023\/09\/logo-quadrat-color-e1695915315229.png","width":120,"height":120,"caption":"Aparences: Historia del Arte y Actualidad Cultural"},"image":{"@id":"https:\/\/www.aparences.net\/es\/#\/schema\/logo\/image\/"}},{"@type":"Person","@id":"https:\/\/www.aparences.net\/es\/#\/schema\/person\/af349f6ffc31b16c68963e61268afca5","name":"admin","url":"https:\/\/www.aparences.net\/es\/author\/admin\/"}]}},"_links":{"self":[{"href":"https:\/\/www.aparences.net\/es\/wp-json\/wp\/v2\/posts\/13310","targetHints":{"allow":["GET"]}}],"collection":[{"href":"https:\/\/www.aparences.net\/es\/wp-json\/wp\/v2\/posts"}],"about":[{"href":"https:\/\/www.aparences.net\/es\/wp-json\/wp\/v2\/types\/post"}],"author":[{"embeddable":true,"href":"https:\/\/www.aparences.net\/es\/wp-json\/wp\/v2\/users\/2"}],"replies":[{"embeddable":true,"href":"https:\/\/www.aparences.net\/es\/wp-json\/wp\/v2\/comments?post=13310"}],"version-history":[{"count":0,"href":"https:\/\/www.aparences.net\/es\/wp-json\/wp\/v2\/posts\/13310\/revisions"}],"wp:featuredmedia":[{"embeddable":true,"href":"https:\/\/www.aparences.net\/es\/wp-json\/wp\/v2\/media\/26452"}],"wp:attachment":[{"href":"https:\/\/www.aparences.net\/es\/wp-json\/wp\/v2\/media?parent=13310"}],"wp:term":[{"taxonomy":"category","embeddable":true,"href":"https:\/\/www.aparences.net\/es\/wp-json\/wp\/v2\/categories?post=13310"},{"taxonomy":"post_tag","embeddable":true,"href":"https:\/\/www.aparences.net\/es\/wp-json\/wp\/v2\/tags?post=13310"}],"curies":[{"name":"wp","href":"https:\/\/api.w.org\/{rel}","templated":true}]}}