{"id":13314,"date":"2011-05-26T13:42:56","date_gmt":"2011-05-26T11:42:56","guid":{"rendered":"https:\/\/www.aparences.net\/periodes\/le-quattrocento\/fra-angelico\/"},"modified":"2025-12-11T19:40:56","modified_gmt":"2025-12-11T18:40:56","slug":"fra-angelico-2","status":"publish","type":"post","link":"https:\/\/www.aparences.net\/es\/periodos\/el-quattrocento\/fra-angelico-2\/","title":{"rendered":"Fra Ang\u00e9lico"},"content":{"rendered":"<p><!--contents--><\/p>\n\n\n<h2 class=\"wp-block-heading\">Guido di Pietro, llamado Fra Angelico<\/h2>\n\n\n\n<p>Probablemente, <strong>Fra Angelico<\/strong> naci\u00f3 en los \u00faltimos a\u00f1os del siglo XIV en un pueblo del Mugello, al Nordeste de Florencia y muri\u00f3 en Roma en 1455, siendo documentado como pintor en Florencia desde 1417. En esta fecha, su nombre figura ya en el registro de la Compa\u00f1\u00eda de San Nicol\u00e1s del Carmine. Entre 1418 y 1423, entra en la orden de los dominicos. Toda su vida se mantuvo unido al convento de San Domenico de Fiesole. Su nombre de religi\u00f3n es el de \u00abhermano Juan de Fiesole\u00bb pero la posteridad ha conservado el calificativo de Ang\u00e9lico que un poeta humanista le dio poco despu\u00e9s de su muerte. La tradici\u00f3n italiana, incluso lo llama Beato (no fue beatificado hasta 1984). \u00abDicen algunos que fray Giovanni nunca cog\u00eda el pincel si antes nos hab\u00eda orado. Nunca pint\u00f3 un Crucifijo sin ba\u00f1ar sus mejillas en l\u00e1grimas\u00bb. <strong>En boca de los comentaristas del siglo XIX, las palabras de<\/strong> <a title=\"Giorgio Vasari\" href=\"https:\/\/www.aparences.net\/es\/periodos\/el-manierismo\/florencia-y-la-academia-de-dibujo\/#las-\">Vasari<\/a> t<strong>oman un tono rom\u00e1ntico<\/strong>. Desde entonces, varios autores han relatado su confianza en la inspiraci\u00f3n, sus l\u00e1grimas y sus actos de fe. Estas historias siguen cumpliendo todav\u00eda la funci\u00f3n para la que fueron creadas, es decir, hacer el trabajo del artista accesible a las personas sencillas que buscaban alimento espiritual.<\/p>\n\n\n<div class=\"wp-block-image\">\n<figure class=\"aligncenter\"><img loading=\"lazy\" decoding=\"async\" width=\"628\" height=\"390\" src=\"https:\/\/www.aparences.net\/wp-content\/uploads\/2011\/05\/angelico-annonciation-fresque-san-marco.jpg\" alt=\"La Anunciaci\u00f3n, c. 1449, Fra Angelico\" class=\"wp-image-22586\" title=\"La Anunciaci\u00f3n, c. 1449, Fra Angelico\" srcset=\"https:\/\/www.aparences.net\/wp-content\/uploads\/2011\/05\/angelico-annonciation-fresque-san-marco.jpg 628w, https:\/\/www.aparences.net\/wp-content\/uploads\/2011\/05\/angelico-annonciation-fresque-san-marco-160x99.jpg 160w\" sizes=\"auto, (max-width: 628px) 100vw, 628px\" \/><figcaption class=\"wp-element-caption\"><em><strong>La Anunciaci\u00f3n<\/strong>, detalle, c. 1449, pintura al fresco, <strong>Fra Angelico<\/strong> <\/em><br><em>(Florencia, Convento de San Marcos)<\/em><\/figcaption><\/figure>\n<\/div>\n\n\n<p><em>Este fresco es quiz\u00e1s el m\u00e1s famoso entre los que realiz\u00f3 Fra Ang\u00e9lico a partir de 1440 en el convento dominico donde viv\u00eda.<\/em><\/p>\n\n\n\n<h2 class=\"wp-block-heading\">En la escuela de Lorenzo Monaco<\/h2>\n\n\n\n<p>En la casa reformada de la orden de los dominicos de Fiesole, Fra Giovanni&nbsp; &#8211; ya que este era su nombre &#8211; beneficia de v\u00ednculos estrechos con san Antonino, su prior, el futuro obispo de Florencia. All\u00ed conoce a un monje camaldulense, Piero di Giovanni, el pintor conocido ya como <strong>Lorenzo Monaco<\/strong> (Siena, 1370 &#8211; Florencia, 1424), <strong>de quien fue disc\u00edpulo<\/strong>. Su maestro encuentra en el <a href=\"https:\/\/es.wikipedia.org\/wiki\/Scriptorium\"><em>scriptorium<\/em><\/a> de Santa Maria degli Angioli en Florencia un lugar id\u00f3neo para hacer florecer su talento. Por la definici\u00f3n y la amplitud de las formas, Lorenzo Monaco se inscribe en la tradici\u00f3n de Andrea Orcagna, pero debe a los <a title=\"Pintores sieneses del Trecento\" href=\"https:\/\/www.aparences.net\/es\/periodos\/el-trecento\/el-trecento-en-siena\/\">pintores sieneses<\/a> la l\u00edrica de los colores y la sensibilidad por los ritmos lineales. Partiendo de las miniaturas de los talleres toscanos, Lorenzo Monaco desarrolla un arte que <strong>mezcla las tendencias estil\u00edsticas de principios del<\/strong> <a href=\"https:\/\/www.aparences.net\/es\/periodos\/el-quattrocento\/\">Quattrocento<\/a> y consigue crear en sus composiciones un ambiente c\u00e1lido, donde la gracia se mezcla con lo m\u00edstico maravilloso y <strong>la elegancia del estilo<\/strong> <a title=\"G\u00f3tico internacional\" href=\"https:\/\/www.aparences.net\/es\/periodos\/gotico-internacional\/\">g\u00f3tico internacional<\/a>. Con su pincel y dentro de una luz contrastada, a menudo irreal, los estiramientos y las ondulaciones de las siluetas se acent\u00faan. Esta evoluci\u00f3n es significativa, tanto en el arte de la miniatura como en la pintura de retablos. Ello se puede observar en el grandioso retablo de la <a href=\"https:\/\/es.wikipedia.org\/wiki\/Coronaci%C3%B3n_de_la_Virgen_(Lorenzo_Monaco)\"><em>Coronaci\u00f3n de la Virgen<\/em><\/a> que pint\u00f3 en 1413 para el claustro de Santa Maria degli Angioli, y m\u00e1s aun en la <em>Adoraci\u00f3n de los Magos<\/em>, realizado probablemente para la iglesia San Egidio de Florencia. La sensibilidad po\u00e9tica y m\u00edstica que revelan sus miniaturas encuentra en este \u00faltimo trabajo su mejor expresi\u00f3n. Lorenzo Monaco utiliza todos los medios art\u00edsticos para describir un evento sagrado oponiendo la serenidad de la Virgen y la devoci\u00f3n de los reyes al estupor y a la excitaci\u00f3n de los personajes api\u00f1ados detr\u00e1s de ellos en medio de un paisaje fant\u00e1stico. <strong>De su maestro, Fra Angelico conserva la atm\u00f3sfera g\u00f3tica<\/strong>, as\u00ed como la deliciosa suavidad del pincel y el cromatismo donde dominan los colores claros y finos.<\/p>\n\n\n<div class=\"wp-block-image\">\n<figure class=\"aligncenter\"><img loading=\"lazy\" decoding=\"async\" width=\"640\" height=\"387\" src=\"https:\/\/www.aparences.net\/wp-content\/uploads\/2011\/05\/angelico-adoration-des-mages-personnages.jpg\" alt=\"Adoraci\u00f3n de los Magos, 1420-1422, Lorenzo Monaco\" class=\"wp-image-22640\" title=\"Adoraci\u00f3n de los Magos, 1420-1422, Lorenzo Monaco\" srcset=\"https:\/\/www.aparences.net\/wp-content\/uploads\/2011\/05\/angelico-adoration-des-mages-personnages.jpg 640w, https:\/\/www.aparences.net\/wp-content\/uploads\/2011\/05\/angelico-adoration-des-mages-personnages-160x97.jpg 160w\" sizes=\"auto, (max-width: 640px) 100vw, 640px\" \/><figcaption class=\"wp-element-caption\"><em><strong>Adoraci\u00f3n de los Magos<\/strong>, detalle, 1420-1422, <strong>Lorenzo Monaco<\/strong> <\/em><br><em>(Florencia, Galleria degli Uffizi)<\/em><\/figcaption><\/figure>\n<\/div>\n\n\n<p><em>Alrededor de 1420 la pintura florentina se declina en variantes del g\u00f3tico internacional. En la Adoraci\u00f3n de los Magos de Lorenzo Monaco, los lugares son escuetos (rocas desnudas con bordes irregulares), los personajes se api\u00f1an, las caras son trecentescas, los cuerpos tienen poca consistencia, los ropajes se disponen en juegos de curvas. (ver obra completa)<\/em><\/p>\n\n\n\n<p><strong>Las primeras obras de Fra Angelico<\/strong> tambi\u00e9n muestran <strong>una clara influencia de<\/strong> <a title=\"Masolino frescos\" href=\"https:\/\/www.aparences.net\/es\/arte-y-mecenazgo\/los-fresquistas-florentinos\/frescos-de-masolino-y-fra-angelico\/\">Masolino<\/a><strong> y del escultor Ghiberti<\/strong>, especialmente en la estructura del cuadro, y cuya superioridad fue reconocida durante la media d\u00e9cada que precedi\u00f3 <strong>a la llegada de<\/strong> <a href=\"https:\/\/www.aparences.net\/es\/periodos\/el-quattrocento\/masaccio-la-arquitectura-y-el-espacio\/\" data-type=\"link\" data-id=\"https:\/\/www.aparences.net\/es\/periodos\/el-quattrocento\/masaccio-la-arquitectura-y-el-espacio\/\">Masaccio<\/a>. La influencia de <a title=\"Lorenzo Ghiberti\" href=\"https:\/\/www.aparences.net\/es\/periodos\/el-quattrocento\/la-escultura-del-quattrocento-en-florencia\/\">Ghiberti<\/a> tuvo una importancia permanente para Ang\u00e9lico, as\u00ed como la de otro artista importante, <strong>Gentile da Fabriano<\/strong>. Desde su llegada a Florencia en 1422 hasta que se fue tres o cuatro a\u00f1os m\u00e1s tarde, Gentile fue el artista m\u00e1s importante de la ciudad, su esplendor decorativo y tambi\u00e9n su naturalismo s\u00f3lo pod\u00edan dejar huella entre los artistas m\u00e1s j\u00f3venes. Ello se puede ver claramente en el <em>Pol\u00edptico Quaretesi<\/em> de Gentile, en el cual Angelico se inspir\u00f3, sobre todo en la descripci\u00f3n de los fen\u00f3menos naturales de la predela y tambi\u00e9n en la predela de <em>La Adoraci\u00f3n de los Magos<\/em>, que inspir\u00f3 una d\u00e9cada m\u00e1s tarde a Fra Angelico el rayo que surge en medio de la tormenta en el <em>Martirio de san Marcos<\/em> del <em>Tr\u00edptico Linaioli<\/em>. Para el <em>Juicio Final<\/em> en la escena de los condenados, es posible que Fra Angelico se haya inspirado de las \u00fanicas escenas violentas que conocemos de Ghiberti, los mercaderes expulsados del templo de la primera puerta de bronce, y el arresto de san Juan Bautista en las Fuentes Bautismales de Siena. Aunque el dibujo es admirable, es cuestionable que esta tabla fuera pintada en su totalidad por Angelico. El <em><strong>Juicio Final<\/strong><\/em> no representaba un gran encargo, y la decisi\u00f3n de Angelico de confiar una parte de ese trabajo a pintores de su taller, nos indica que por aquel entonces se encontraba ocupado con un trabajo m\u00e1s importante. Pero la nitidez de su estilo y el sentido del arabesco <strong>se inspira de los pintores sieneses, especialmente de<\/strong> <a title=\"Simone Martini\" href=\"https:\/\/www.aparences.net\/es\/periodos\/el-trecento\/el-trecento-en-siena\/#la-delicadeza-aristocr%C3%A1tica-de-simone-martini\">Simone Martini<\/a>.<\/p>\n\n\n<div class=\"wp-block-image\">\n<figure class=\"aligncenter\"><img loading=\"lazy\" decoding=\"async\" width=\"317\" height=\"459\" src=\"https:\/\/www.aparences.net\/wp-content\/uploads\/2011\/05\/angelico-judgment-dernier-c.1430.jpg\" alt=\"El Juicio Final, c. 1431, Fra Angelico\" class=\"wp-image-22592\" title=\"El Juicio Final, c. 1431, Fra Angelico\" srcset=\"https:\/\/www.aparences.net\/wp-content\/uploads\/2011\/05\/angelico-judgment-dernier-c.1430.jpg 317w, https:\/\/www.aparences.net\/wp-content\/uploads\/2011\/05\/angelico-judgment-dernier-c.1430-160x232.jpg 160w\" sizes=\"auto, (max-width: 317px) 100vw, 317px\" \/><\/figure>\n<\/div>\n\n<div class=\"wp-block-image\">\n<figure class=\"aligncenter\"><img loading=\"lazy\" decoding=\"async\" width=\"621\" height=\"430\" src=\"https:\/\/www.aparences.net\/wp-content\/uploads\/2011\/05\/angelico-judgment-dernier-saint-marc.jpg\" alt=\"El Juicio Final, c. 1431, Fra Angelico, detalle\" class=\"wp-image-22590\" title=\"El Juicio Final, c. 1431, Fra Angelico, detalle\" srcset=\"https:\/\/www.aparences.net\/wp-content\/uploads\/2011\/05\/angelico-judgment-dernier-saint-marc.jpg 621w, https:\/\/www.aparences.net\/wp-content\/uploads\/2011\/05\/angelico-judgment-dernier-saint-marc-160x111.jpg 160w\" sizes=\"auto, (max-width: 621px) 100vw, 621px\" \/><figcaption class=\"wp-element-caption\"><em><strong>El Juicio Final<\/strong>, detalles, c. 1431, <strong>Fra Angelico<\/strong> (Florencia, Museo di San Marco)<\/em><\/figcaption><\/figure>\n<\/div>\n\n\n<p><em>El Juicio Final de Fra Angelico se acerca al esp\u00edritu y a la forma de Lorenzo M\u00f3naco. Reproduce por \u00faltima vez el universo y la gracia del g\u00f3tico por medio de los rutilantes colores y en el uso que hace del oro, haciendo de esta escena una fiesta divina. Sin embargo, el tratamiento del espacio, donde Fra Angelico adopta las <a title=\"reglas perspectiva\" href=\"https:\/\/www.aparences.net\/es\/periodos\/el-quattrocento\/los-arquitectos-del-quattrocento-en-florencia\/\">reglas de la perspectiva<\/a>, pertenece ya al <a title=\"Quattrocento\" href=\"https:\/\/www.aparences.net\/es\/periodos\/el-quattrocento\/\">Quattrocento<\/a>. La obra fue encargada a Angelico por el Oratorio degli Scolari de Santa Maria degli Angioli durante el verano de 1431. Esta tabla formaba la parte superior del sitial que el sacerdote utilizaba durante la misa mayor y es por ello que su forma resulta poco ortodoxa. La parte superior, donde se encuentra la figura de Cristo juez, se prolonga hacia la base para formar una mandorla&nbsp; rodeada de \u00e1ngeles, de la Virgen y de san Juan, los santos y los ap\u00f3stoles situados en los laterales, van colocados en dos estrechas diagonales. <\/em><\/p>\n\n\n\n<p>Para visionar esta obra en su totalidad: <em><a href=\"https:\/\/www.google.com\/culturalinstitute\/beta\/asset\/the-last-judgement-winged-altar\/EAEGi4U-_PXiIA?hl=fr\">Google Arts &amp; Culture<\/a><br><\/em><\/p>\n\n\n<div class=\"wp-block-image\">\n<figure class=\"aligncenter\"><img loading=\"lazy\" decoding=\"async\" width=\"640\" height=\"421\" src=\"https:\/\/www.aparences.net\/wp-content\/uploads\/2011\/05\/angelico-lamentation-avec-beata-villana.jpg\" alt=\"Lamentaci\u00f3n sobre Cristo muerto, 1436, Fra Angelico\" class=\"wp-image-22595\" title=\"Lamentaci\u00f3n sobre Cristo muerto, 1436, Fra Angelico\" srcset=\"https:\/\/www.aparences.net\/wp-content\/uploads\/2011\/05\/angelico-lamentation-avec-beata-villana.jpg 640w, https:\/\/www.aparences.net\/wp-content\/uploads\/2011\/05\/angelico-lamentation-avec-beata-villana-160x105.jpg 160w\" sizes=\"auto, (max-width: 640px) 100vw, 640px\" \/><figcaption class=\"wp-element-caption\"><em><strong>Lamentaci\u00f3n sobre Cristo muerto<\/strong>, 1436, <strong>Fra Angelico<\/strong> (Florencia, Museo di San Marco)<\/em><\/figcaption><\/figure>\n<\/div>\n\n\n<p><em>El donante de esta obra, Fra Sebastiano di Jacopo Benintendi, era un sobrino de la beata Villana de&#8217; Botti. Seg\u00fan su biograf\u00eda, la Beata Villana dese\u00f3 ardientemente compartir los sufrimientos de Cristo, su Esposo celestial: \u00aben sus visiones, siempre ve\u00eda la imagen de Cristo, golpeado y crucificado, del que quer\u00eda experimentar los tormentos.\u00bb La vemos arrodillada a la derecha, con las palabras CRISTO IESV LAMOR MIO CRUCIFISSO que salen de su boca. Algunos personajes son de calidad inferior, pero s\u00f3lo Angelico pod\u00eda pintar el paisaje eleg\u00edaco que se encuentra a la izquierda. La muralla de la ciudad de Jerusal\u00e9n recuerda la vista de Florencia en el Milagro de san Zenobio de Ghiberti.<\/em><\/p>\n\n\n<div class=\"wp-block-image\">\n<figure class=\"aligncenter\"><img loading=\"lazy\" decoding=\"async\" width=\"396\" height=\"460\" src=\"https:\/\/www.aparences.net\/wp-content\/uploads\/2011\/05\/angelico-imposition-du-nom-au-baptiste.jpg\" alt=\"Imposici\u00f3n del nombre al Bautista, 1434-1435, Fra Angelico\" class=\"wp-image-22597\" title=\"Imposici\u00f3n del nombre al Bautista, 1434-1435, Fra Angelico\" srcset=\"https:\/\/www.aparences.net\/wp-content\/uploads\/2011\/05\/angelico-imposition-du-nom-au-baptiste.jpg 396w, https:\/\/www.aparences.net\/wp-content\/uploads\/2011\/05\/angelico-imposition-du-nom-au-baptiste-160x186.jpg 160w\" sizes=\"auto, (max-width: 396px) 100vw, 396px\" \/><figcaption class=\"wp-element-caption\"><em><em><strong>Imposici\u00f3n del nombre al Bautista<\/strong>, 1434-1435,<\/em><\/em><br><em><em> <strong>Fra Angelico<\/strong> (Florencia, Museo di San Marco)<\/em><\/em><\/figcaption><\/figure>\n<\/div>\n\n\n<p><em>Esta peque\u00f1a tabla formaba parte probablemente de una predela, pero la cr\u00edtica no ha podido todav\u00eda reconstruir el conjunto. La escena representa al mudo Zacar\u00edas obligado a escribir el nombre que quiere dar a su hijo reci\u00e9n nacido. Se trata de una obra temprana de Fra Angelico, quien habiendo sido formado como iluminador en el estilo del g\u00f3tico tard\u00edo, el artista muestra una gran atenci\u00f3n a la descripci\u00f3n minuciosa y refinada de los detalles como el prado florido, las ramas de los arboles y los ornamentos dorados de los ropajes. Pero al mismo tiempo, se muestra muy atento a las obras m\u00e1s innovadoras del arte contempor\u00e1neo. La pose de Zacar\u00edas, por ejemplo, se refiere sin duda al san Pedro agachado pescando que <strong>Masaccio pint\u00f3 en<\/strong> <a href=\"https:\/\/www.aparences.net\/es\/periodos\/el-quattrocento\/masaccio-la-arquitectura-y-el-espacio\/\" data-type=\"link\" data-id=\"https:\/\/www.aparences.net\/es\/periodos\/el-quattrocento\/masaccio-la-arquitectura-y-el-espacio\/\">El Tributo<\/a>.<\/em><\/p>\n\n\n\n<!-- AdBoxRight2020 --><ins class=\"adsbygoogle\"     style=\"display:block; margin-top:30px;\"     data-ad-client=\"ca-pub-2468002815867636\"     data-ad-slot=\"3496014735\"     data-ad-format=\"auto\"     data-full-width-responsive=\"false\"><\/ins><script> (adsbygoogle = window.adsbygoogle || []).push({});<\/script><h2 class=\"wp-block-heading\">Fra Angelico, inventor del retablo moderno<\/h2>\n\n\n\n<p>La producci\u00f3n de Fra Angelico es exclusivamente devocional, realizando principalmente retablos para los altares y frescos. Trabaj\u00f3 para su convento y para las instituciones dominicanas (en Cortona, Perugia y Florencia), para los Siervos de la Santissima Annunziata (<em>Armadio degli Argenti<\/em>, de 1452), para la catedral de Orvieto (inicio de la decoraci\u00f3n de la capilla de San Brizio) para Eugenio IV (una capilla en San Pedro, 1447, destruida) y para Nicol\u00e1s V (una capilla en el Palacio Vaticano, 1447-1450, que se&nbsp; conserva). Tambi\u00e9n trabaj\u00f3 para los laicos. Cuando pint\u00f3, alrededor de 1430, el <em>Juicio Final<\/em> para el convento de Santa Maria degli Angioli, trabaj\u00f3 bajo la influencia de su maestro Lorenzo Monaco, ello es evidente por la brillantez de los colores y el uso del oro. En 1432 complet\u00f3 el <em><strong>Descendimiento de la Cruz<\/strong><\/em> que hab\u00eda comenzado Lorenzo Monaco por encargo del rico mercader Palla Strozzi para la sacrist\u00eda que estaba bajo su patrocinio en la iglesia Santa Trinidad. Cuando Fra Angelico comenz\u00f3 la obra en la d\u00e9cada de 1430, Lorenzo Monaco (m. 1425) ya hab\u00eda realizado la parte superior y la predela del retablo. Para el Arte dei Linaioli (fabricantes de lino), realiza en 1433-1434 un gran retablo en el que <strong>la parte esculpida es de Ghiberti<\/strong>. En 1434-1435, ejecut\u00f3 la <em>Pala di Annalena<\/em>, probablemente para <a href=\"https:\/\/www.aparences.net\/es\/arte-y-mecenazgo\/florencia-y-los-medicis\/cosme-el-viejo\/\">Cosme de M\u00e9dicis<\/a> destinada a un altar en San Lorenzo.<\/p>\n\n\n<div class=\"wp-block-image\">\n<figure class=\"aligncenter\"><img loading=\"lazy\" decoding=\"async\" width=\"475\" height=\"460\" src=\"https:\/\/www.aparences.net\/wp-content\/uploads\/2011\/05\/angelico-la-descente-de-croix-1443-musee-de-san-marco.jpg\" alt=\"Descendimiento de la Cruz, 1443, Fra Angelico\" class=\"wp-image-22599\" title=\"Descendimiento de la Cruz, 1443, Fra Angelico\" srcset=\"https:\/\/www.aparences.net\/wp-content\/uploads\/2011\/05\/angelico-la-descente-de-croix-1443-musee-de-san-marco.jpg 475w, https:\/\/www.aparences.net\/wp-content\/uploads\/2011\/05\/angelico-la-descente-de-croix-1443-musee-de-san-marco-160x155.jpg 160w\" sizes=\"auto, (max-width: 475px) 100vw, 475px\" \/><figcaption class=\"wp-element-caption\"><em><strong>Descendimiento de la Cruz<\/strong> y detalles, c. 1443, <strong>Fra Angelico<\/strong><\/em><br><em> (Florencia, Museo di San Marco)<\/em><\/figcaption><\/figure>\n<\/div>\n\n\n<p><em>La tabla se inserta en un cuadro tripartito con arcos apuntados de estilo g\u00f3tico tard\u00edo. A pesar de ello, la escena presenta una decoraci\u00f3n homog\u00e9nea de paisaje primaveral. La luz cristalina que proviene de la izquierda, se refleja en los castillos, las murallas de la ciudad, las laderas de las colinas, las ramas de los \u00e1rboles y, finalmente, en la blancura del cuerpo de Cristo. En conjunto, la composici\u00f3n sosegada y solemne y, la brillante gama crom\u00e1tica, evocan una contemplaci\u00f3n serena del episodio evang\u00e9lico, donde el drama de la muerte de Cristo es redimido por la esperanza de la Resurrecci\u00f3n. Las pilastras representan una caracter\u00edstica interesante de este retablo; est\u00e1n pintadas en la parte delantera y a los lados con doce santos y ocho medallones. Como en la imagen de Cristo, las figuras de Fra Angelico conservan tambi\u00e9n una cierta calma escultural heredada del arte de Masaccio. La escena central del retablo representa a Jos\u00e9 de Arimatea, a Nicodemo y a san Juan, los tres con el halo de santidad, en el momento de desclavar el cuerpo de Cristo de la cruz. Van acompa\u00f1ados por un hombre con una toca negra que podr\u00eda ser el arquitecto favorito de Cosme de M\u00e9dicis, <a title=\"Michelozzo di Bartolomeo\" href=\"https:\/\/www.aparences.net\/es\/periodos\/el-quattrocento\/los-arquitectos-del-quattrocento-en-florencia\/\">Michelozzo di Bartolomeo<\/a>, quien dirigi\u00f3 la restauraci\u00f3n del convento de San Marcos. El grupo de piadosas mujeres se hallan en el lado izquierdo, mientras que a la derecha, algunos hombres vestidos a la moda del siglo XV asisten a la escena. Destaca la figura arrodillada de rojo como la del beato Alessio Strozzi, un antepasado del donante de la obra.<br><\/em><\/p>\n\n\n<div class=\"wp-block-image\">\n<figure class=\"aligncenter\"><img loading=\"lazy\" decoding=\"async\" width=\"640\" height=\"371\" src=\"https:\/\/www.aparences.net\/wp-content\/uploads\/2011\/05\/angelico-descente-de-croix-architecte-michelozzo.jpg\" alt=\"Descendimiento de la Cruz, retrato Michelozzo , c. 1443, Fra Angelico \" class=\"wp-image-22601\" title=\"Descendimiento de la Cruz, retrato Michelozzo , c. 1443, Fra Angelico \" srcset=\"https:\/\/www.aparences.net\/wp-content\/uploads\/2011\/05\/angelico-descente-de-croix-architecte-michelozzo.jpg 640w, https:\/\/www.aparences.net\/wp-content\/uploads\/2011\/05\/angelico-descente-de-croix-architecte-michelozzo-160x93.jpg 160w\" sizes=\"auto, (max-width: 640px) 100vw, 640px\" \/><\/figure>\n<\/div>\n\n\n<p><em>En el azul del cielo, el espectador puede ver nubes blancas en escorzo, as\u00ed como los campos rodeados de setos y edificios t\u00edpicamente toscanos. Se ha tratado de identificar el lugar: la peque\u00f1a ciudad amurallada puede tratarse de Cortona, mientras que el edificio con la torre almenada a la izquierda, recuerda el castillo de Trebbio, que pertenec\u00eda en aquella \u00e9poca a los <a title=\"M\u00e9dicis\" href=\"https:\/\/www.aparences.net\/es\/arte-y-mecenazgo\/florencia-y-los-medicis\/\">M\u00e9dicis<\/a>. A pesar de una cierta nostalgia g\u00f3tica, evidente sobre todo en el grupo de mujeres, el Descendimiento de la Cruz pertenece al Renacimiento. La piedad y la espiritualidad del pasado, coexisten con la austeridad humanista y la b\u00fasqueda de un naturalismo cient\u00edfico.<\/em><\/p>\n\n\n<div class=\"wp-block-image\">\n<figure class=\"aligncenter\"><img loading=\"lazy\" decoding=\"async\" width=\"640\" height=\"378\" src=\"https:\/\/www.aparences.net\/wp-content\/uploads\/2011\/05\/angelico-descente-de-crois-personnages.jpg\" alt=\"Descendimiento de la Cruz , hacia 1443, Fra Angelico\" class=\"wp-image-22603\" title=\"Descendimiento de la Cruz , hacia 1443, Fra Angelico\" srcset=\"https:\/\/www.aparences.net\/wp-content\/uploads\/2011\/05\/angelico-descente-de-crois-personnages.jpg 640w, https:\/\/www.aparences.net\/wp-content\/uploads\/2011\/05\/angelico-descente-de-crois-personnages-160x95.jpg 160w\" sizes=\"auto, (max-width: 640px) 100vw, 640px\" \/><figcaption class=\"wp-element-caption\"><em><strong>Descendimiento de la Cruz<\/strong> , c. 1443, <strong>Fra Angelico<\/strong> (Florencia, Museo di San Marco)<\/em><\/figcaption><\/figure>\n<\/div>\n\n\n<h2 class=\"wp-block-heading\">Fra Angelico, inventor del retablo moderno<\/h2>\n\n\n\n<p><strong>Fra Angelico pertenece a la misma generaci\u00f3n que Masaccio y<\/strong> <a title=\"Filippo Lippi\" href=\"https:\/\/www.aparences.net\/es\/periodos\/el-quattrocento\/fra-filippo-lippi\/\">Filippo Lippi<\/a>. Utiliza regularmente la construcci\u00f3n perspectiva y emplea el vocabulario de la arquitectura moderna. En la d\u00e9cada de 1430, jug\u00f3 un papel decisivo en el desarrollo de la <strong><em>pala quadrata<\/em> (retablo cuadrado)<\/strong>. En contacto con <a title=\"Lorenzo Ghiberti\" href=\"https:\/\/www.aparences.net\/es\/periodos\/el-quattrocento\/la-escultura-del-quattrocento-en-florencia\/\">Ghiberti<\/a>, Angelico comienza a sugerir la anatom\u00eda debajo de los ropajes y da volumen a los cuerpos, manteniendo la luminosidad de los colores: es decir, modela las carnaciones matizando los colores, m\u00e1s que con los tonos habituales de blanco y negro. Fechada en 1432-1434, la <em><strong>Anunciaci\u00f3n<\/strong><\/em> del Museo Diocesano de Cortona, proviene del convento de San Domenico de esta ciudad. Este retablo adornaba uno de los dos altares de la Virgen que flanqueaban la abertura central del <em>tramezzo<\/em> (galer\u00eda que separa el coro del trascoro) separando la parte de la iglesia accesible a los laicos de la de los monjes. <strong>Es uno de los primeros ejemplos de <em>pala<\/em> (retablo)<\/strong> con narrativa moderna: por ejemplo, el formato rectangular no mantiene ninguna huella de subdivisi\u00f3n. El marco, con una estructura arquitect\u00f3nica define el campo visual como una \u00abventana\u00bb (pero la banda azul estrellada se encuentra en la b\u00f3veda de la logia). Para la comprensi\u00f3n de los simples fieles, el monje-pintor describe con precisi\u00f3n la vegetaci\u00f3n del jard\u00edn de la Virgen y emplea un colorido vivo y precioso (la ropa y las alas de Gabriel, el trono de Mar\u00eda): la imagen se anticipa a la visi\u00f3n del para\u00edso a menudo celebrada en sus sermones. Tambi\u00e9n introduce, como buen predicador, una discreta alusi\u00f3n local: en la <em>Visitaci\u00f3n<\/em> de la predela, el fondo evoca el lago Trasimeno. La arquitectura no es todav\u00eda muy alta de techo. La fuga acelerada de los arcos laterales hace sobresalir la banda que une la expulsi\u00f3n del Para\u00edso (arriba a la izquierda) con la Encarnaci\u00f3n, a la derecha, y en tama\u00f1o m\u00e1s grande.<\/p>\n\n\n<div class=\"wp-block-image\">\n<figure class=\"aligncenter\"><img loading=\"lazy\" decoding=\"async\" width=\"441\" height=\"460\" src=\"https:\/\/www.aparences.net\/wp-content\/uploads\/2011\/05\/angelico-annonciation-retable-cortone.jpg\" alt=\"La Anunciaci\u00f3n, c. 1432-1433, Fra Angelico\" class=\"wp-image-22605\" title=\"La Anunciaci\u00f3n, c. 1432-1433, Fra Angelico\" srcset=\"https:\/\/www.aparences.net\/wp-content\/uploads\/2011\/05\/angelico-annonciation-retable-cortone.jpg 441w, https:\/\/www.aparences.net\/wp-content\/uploads\/2011\/05\/angelico-annonciation-retable-cortone-160x167.jpg 160w\" sizes=\"auto, (max-width: 441px) 100vw, 441px\" \/><figcaption class=\"wp-element-caption\"><em><strong>La Anunciaci\u00f3n<\/strong>, c. 1432-1433, <strong>Fra Angelico<\/strong> <\/em><br><em>(Cortona, Museo Diocesano)<\/em><\/figcaption><\/figure>\n<\/div>\n\n\n<p><em>Primera verdadera obra maestra de Ang\u00e9lico, la Anunciaci\u00f3n es uno de los mayores logros de la pintura florentina. La escena se desarrolla en una galer\u00eda cerrada por ambos lados por columnas a la manera de Brunelleschi y, por detr\u00e1s, por un muro con arcadas. A la derecha, la Virgen, con los brazos cruzados sobre el pecho, se inclina un poco hacia adelante, levant\u00e1ndose ligeramente de su asiento revestido con brocado de oro, recitando las palabras de san Lucas, en letras doradas en la superficie del panel: \u00abYo soy la esclava del Se\u00f1or; h\u00e1gase en m\u00ed seg\u00fan tu palabra\u00bb. El \u00c1ngel, delante de la Virgen, en posici\u00f3n de semigenuflexi\u00f3n y el dedo \u00edndice levantado en se\u00f1al de advertencia, pronuncia las siguientes palabras: \u00abEl Esp\u00edritu Santo descender\u00e1 sobre ti y el poder del Alt\u00edsimo te cubrir\u00e1 con su sombra\u00bb. Una paloma dorada vuela sobre la cabeza de la Virgen. El retablo de la <a href=\"https:\/\/www.aparences.net\/es\/periodos\/el-trecento\/el-trecento-en-siena\/#la-delicadeza-aristocr%C3%A1tica-de-simone-martini\">Anunciaci\u00f3n de Simone Martini<\/a>, que \u00e9ste ultimo pint\u00f3 en 1333, fue el punto de referencia para el retablo de Cortona y para muchas otras representaciones de esta escena en Siena durante m\u00e1s de medio siglo. Con su luz suave y simb\u00f3lica y su fervor contagioso, ha sido fuente de innumerables adaptaciones y variaciones.<br><\/em><\/p>\n\n\n<div class=\"wp-block-image\">\n<figure class=\"aligncenter\"><img loading=\"lazy\" decoding=\"async\" width=\"640\" height=\"391\" src=\"https:\/\/www.aparences.net\/wp-content\/uploads\/2011\/05\/angelico-annonciation-cortona-predella-visitation.jpg\" alt=\"Fra Angelico, La Visitaci\u00f3n\" class=\"wp-image-22607\" title=\"Fra Angelico, La Visitaci\u00f3n\" srcset=\"https:\/\/www.aparences.net\/wp-content\/uploads\/2011\/05\/angelico-annonciation-cortona-predella-visitation.jpg 640w, https:\/\/www.aparences.net\/wp-content\/uploads\/2011\/05\/angelico-annonciation-cortona-predella-visitation-160x98.jpg 160w\" sizes=\"auto, (max-width: 640px) 100vw, 640px\" \/><figcaption class=\"wp-element-caption\"><em><strong>La Visitaci\u00f3n<\/strong>, predela de la <strong>Anunciaci\u00f3n de Cortona<\/strong>, <em>c. 1432-1433, <strong>Fra Angelico<\/strong><\/em> <\/em><\/figcaption><\/figure>\n<\/div>\n\n\n<p><em>La predela de la Anunciaci\u00f3n es en gran parte aut\u00f3grafa y contiene cinco escenas de la vida de la Virgen y dos escenas de la leyenda de santo Domingo. La Visitaci\u00f3n y la Presentaci\u00f3n en el Templo son dos de las m\u00e1s fascinantes.<\/em><\/p>\n\n\n\n<p><strong>En la d\u00e9cada de 1440 Fra Angelico era el pintor florentino m\u00e1s conocido<\/strong>. Ejecut\u00f3 una serie de pinturas de gran importancia y prestigio agrupadas en torno al <strong><em>Tabern\u00e1culo de los Linaioli<\/em> <\/strong>(tabern\u00e1culo de los lineros) del Museo de San Marcos en Florencia, la <em>Coronaci\u00f3n de la Virgen<\/em> del Louvre y el grandioso <em>Retablo de san Marcos<\/em> del museo de San Marco. Angelico era consciente de tratar de sentar las bases para una forma moderna de \u00abarte sacro\u00bb, de acuerdo con los esquemas del <strong>Renacimiento<\/strong>, pero con un tono genuinamente religioso; intento que se renov\u00f3, aunque los resultados fueran a veces menos elevados, debido a la participaci\u00f3n de los aprendices, en obras como la <em>Virgen y los Santos<\/em> de Berl\u00edn, la <em>Anunciaci\u00f3n<\/em> y el <em>Tr\u00edptico de Santo Domingo<\/em> de Cortona, y el tambi\u00e9n grandioso <em>Pol\u00edptico de Perugia<\/em>.<\/p>\n\n\n<div class=\"wp-block-image\">\n<figure class=\"aligncenter is-resized\"><img loading=\"lazy\" decoding=\"async\" width=\"486\" height=\"457\" src=\"https:\/\/www.aparences.net\/wp-content\/uploads\/2011\/05\/angelico-retable-linaioli-volets-ouverts-et-fermes.jpg\" alt=\"Tabern\u00e1culo de los Linaioli, 1443-1445, Fra Angelico\" class=\"wp-image-22612\" style=\"width:486px;height:auto\" title=\"Tabern\u00e1culo de los Linaioli, 1443-1445, Fra Angelico\" srcset=\"https:\/\/www.aparences.net\/wp-content\/uploads\/2011\/05\/angelico-retable-linaioli-volets-ouverts-et-fermes.jpg 486w, https:\/\/www.aparences.net\/wp-content\/uploads\/2011\/05\/angelico-retable-linaioli-volets-ouverts-et-fermes-160x150.jpg 160w\" sizes=\"auto, (max-width: 486px) 100vw, 486px\" \/><figcaption class=\"wp-element-caption\"><em><strong>Tabern\u00e1culo de los Linaioli,<\/strong> abierto y cerrado, 1443-1445, <\/em><br><em><strong>Fra Angelico<\/strong> (Florencia, Museo di San Marco) <\/em><\/figcaption><\/figure>\n<\/div>\n\n\n<p><em>El marco, con su abertura central y su forma abovedada, se compone de una tabla central con la Virgen y el Ni\u00f1o entre las dos puertas. En su interior (que s\u00f3lo se puede ver cuando el tr\u00edptico est\u00e1 abierto) encontramos los dos san Juan; en la cara exterior de las puertas (visible solo cuando el tr\u00edptico est\u00e1 cerrado), vemos a san Pedro y san Marcos, con escenas de sus vidas representadas en la predela.<\/em><\/p>\n\n\n<div class=\"wp-block-image\">\n<figure class=\"aligncenter\"><img loading=\"lazy\" decoding=\"async\" width=\"563\" height=\"370\" src=\"https:\/\/www.aparences.net\/wp-content\/uploads\/2017\/06\/angelico-retable-linaioli-predication-saint-pierre.jpg\" alt=\"Fra Angelico, San Pedro dictando el Evangelio\" class=\"wp-image-17899\" title=\"Fra Angelico, San Pedro dictando el Evangelio\" srcset=\"https:\/\/www.aparences.net\/wp-content\/uploads\/2017\/06\/angelico-retable-linaioli-predication-saint-pierre.jpg 563w, https:\/\/www.aparences.net\/wp-content\/uploads\/2017\/06\/angelico-retable-linaioli-predication-saint-pierre-300x197.jpg 300w\" sizes=\"auto, (max-width: 563px) 100vw, 563px\" \/><figcaption class=\"wp-element-caption\"><em><strong>San Pedro dictando el Evangelio de San Marcos<\/strong>, predela del tabern\u00e1culo Linaioli,<em> <strong>Fra Angelico<\/strong> (Florencia, Museo di San Marco) <\/em> <\/em><\/figcaption><\/figure>\n<\/div>\n\n\n<p><em>En el centro, vemos la predicaci\u00f3n de san Pedro en un p\u00falpito de forma octogonal, mientras que san Marcos, que se encuentra representado sentado de perfil a la izquierda, escribe las palabras que le dicta san Pedro, asistido por un ac\u00f3lito de rodillas que sostiene el tintero y dos escribas que llevan el manuscrito terminado. En lo que concierne al personaje de san Pedro, parece que Ang\u00e9lico quiera hacer alusi\u00f3n al san Pedro de Masaccio. Asimismo, los personajes realistas de perfil que encuadran la composici\u00f3n, recuerdan los personajes laterales en <span class=\"st\">La resurrecci\u00f3n del hijo de Te\u00f3filo de la capilla Brancacci, terminado por Filippino Lippi<\/span>. Hay que destacar tambi\u00e9n la profundidad del espacio, y los edificios cuidadosamente definidos, a causa sin duda del estudio de <a href=\"https:\/\/www.aparences.net\/es\/periodos\/el-quattrocento\/masaccio-la-arquitectura-y-el-espacio\/\" data-type=\"link\" data-id=\"https:\/\/www.aparences.net\/es\/periodos\/el-quattrocento\/masaccio-la-arquitectura-y-el-espacio\/\">la obra de Masaccio<\/a>.<\/em><\/p>\n\n\n\n<!-- AdBoxLeft2023 --><ins class=\"adsbygoogle\" style=\"display:block\" data-ad-client=\"ca-pub-2468002815867636\" data-ad-slot=\"1318022963\" data-ad-format=\"auto\" data-full-width-responsive=\"true\"><\/ins><script> (adsbygoogle = window.adsbygoogle || []).push({});<\/script><h2 class=\"wp-block-heading\">Fra Angelico: Retablo de San Marcos<\/h2>\n\n\n\n<p><strong>El encargo realizado por<\/strong> <a title=\"Cosme de M\u00e9dicis\" href=\"https:\/\/www.aparences.net\/es\/arte-y-mecenazgo\/florencia-y-los-medicis\/cosme-el-viejo\/\">Cosme de M\u00e9dicis<\/a> <strong>a Fra Ang\u00e9lico del <\/strong><em><strong>Retablo de San Marcos<\/strong><\/em> en 1438 como regalo al convento de los Dominicos, restaurado bajo su encargo por Michelozzo, se consideraba de una importancia excepcional. No s\u00f3lo porqu\u00e9 se trataba de una especie de \u00abmanifiesto Mediceo\u00bb, el mayor encargo por una tabla que Cosme hab\u00eda realizado hasta entonces, sino porqu\u00e9 representaba el punto de mira de la m\u00e1s importante iglesia dominicana de Florencia. Los santos de los M\u00e9dicis, Cosme y Dami\u00e1n, se asociaban al convento de San Marcos como titulares del altar mayor. De echo, la figura de san Cosme arrodillado mirando al espectador, se considera un retrato de Cosme el Viejo. Por otra parte, un aspecto inusual de la obra es que el marco arquitect\u00f3nico al que estaba destinado el retablo se encontrara todav\u00eda en construcci\u00f3n en el momento del encargo. El resultado fue una tabla, o m\u00e1s bien un conjunto de tablas que pueden <strong>ser consideradas como una obra verdaderamente revolucionaria<\/strong>. Lo que llama inmediatamente la atenci\u00f3n en la tabla central, es que el contenido espacial es mayor que en cualquier tr\u00edptico anterior. La tabla se proyecta desde un punto de vista elevado, m\u00e1s o menos en el centro del cuadro, y las l\u00edneas perpendiculares de la magnifica alfombra de Anatolia, as\u00ed como la perspectiva abrupta de la cornisa del trono, convergen en un punto de fuga que se encuentra en el grupo principal.<\/p>\n\n\n<div class=\"wp-block-image\">\n<figure class=\"aligncenter\"><img loading=\"lazy\" decoding=\"async\" width=\"472\" height=\"460\" src=\"https:\/\/www.aparences.net\/wp-content\/uploads\/2011\/05\/angelico-retable-de-saint-marc.jpg\" alt=\"Retablo de san Marcos,1438, Fra Angelico\" class=\"wp-image-22618\" title=\"Retablo de san Marcos,1438, Fra Angelico\" srcset=\"https:\/\/www.aparences.net\/wp-content\/uploads\/2011\/05\/angelico-retable-de-saint-marc.jpg 472w, https:\/\/www.aparences.net\/wp-content\/uploads\/2011\/05\/angelico-retable-de-saint-marc-160x156.jpg 160w\" sizes=\"auto, (max-width: 472px) 100vw, 472px\" \/><figcaption class=\"wp-element-caption\"><em><strong>Retablo de san Marcos, panel central <\/strong>,1438, <strong>Fra Angelico<\/strong><\/em><br><em> (Florencia, Museo de San Marcos)<\/em><\/figcaption><\/figure>\n<\/div>\n\n<div class=\"wp-block-image\">\n<figure class=\"aligncenter\"><img loading=\"lazy\" decoding=\"async\" width=\"558\" height=\"460\" src=\"https:\/\/www.aparences.net\/wp-content\/uploads\/2011\/05\/angelico-retable-saint-marco-predelle-enterrement-saints-cosme-et-damien.jpg\" alt=\"Entierro de san Cosme y san Dami\u00e1n, Fra Angelico\" class=\"wp-image-22614\" title=\"Entierro de san Cosme y san Dami\u00e1n, Fra Angelico\" srcset=\"https:\/\/www.aparences.net\/wp-content\/uploads\/2011\/05\/angelico-retable-saint-marco-predelle-enterrement-saints-cosme-et-damien.jpg 558w, https:\/\/www.aparences.net\/wp-content\/uploads\/2011\/05\/angelico-retable-saint-marco-predelle-enterrement-saints-cosme-et-damien-160x132.jpg 160w\" sizes=\"auto, (max-width: 558px) 100vw, 558px\" \/><figcaption class=\"wp-element-caption\"><em><strong>Entierro de san Cosme y san Dami\u00e1n<\/strong>, predella del retablo de San Marcos, <\/em><br><em><strong>Fra Angelico<\/strong><\/em><\/figcaption><\/figure>\n<\/div>\n\n\n<p><em>Desde un punto de vista estructural, se trata de una de las escenas narrativas m\u00e1s notables de la predela del retablo, donde la tumba se muestra en perspectiva, como en la representaci\u00f3n de las tumbas abiertas en el Juicio Final, pero aqu\u00ed se integran dentro de un conjunto arquitect\u00f3nico muy complejo, que anuncia el Milagro de san Zenobio de <strong>Domenico Veneziano<\/strong>.<\/em><\/p>\n\n\n<div class=\"wp-block-image\">\n<figure class=\"aligncenter\"><img loading=\"lazy\" decoding=\"async\" width=\"558\" height=\"468\" src=\"https:\/\/www.aparences.net\/wp-content\/uploads\/2011\/05\/angelico-retable-saint-marc-saints-cosme-et-damien-devant-lysias.jpg\" alt=\"Cosme y Dami\u00e1n ante Lisias, Fra Angelico\" class=\"wp-image-22616\" title=\"Cosme y Dami\u00e1n ante Lisias, Fra Angelico\" srcset=\"https:\/\/www.aparences.net\/wp-content\/uploads\/2011\/05\/angelico-retable-saint-marc-saints-cosme-et-damien-devant-lysias.jpg 558w, https:\/\/www.aparences.net\/wp-content\/uploads\/2011\/05\/angelico-retable-saint-marc-saints-cosme-et-damien-devant-lysias-160x134.jpg 160w\" sizes=\"auto, (max-width: 558px) 100vw, 558px\" \/><figcaption class=\"wp-element-caption\"><em><strong>Cosme y Dami\u00e1n ante Lisias<\/strong>, predela del retablo de San Marcos, <strong>Fra Angelico<\/strong> <\/em><br><em>(Munich, Alte Pinakothek)<\/em><\/figcaption><\/figure>\n<\/div>\n\n\n<p>El <em>Retablo de Bosco ai Frati<\/em>, del Ang\u00e9lico (1450-1452), otro encargo de Cosme de M\u00e9dicis, estaba destinado al altar mayor de la iglesia franciscana de San Buenaventura en Bosco ai Frati, cerca de Cafaggiolo, la <a href=\"https:\/\/www.aparences.net\/es\/arte-y-mecenazgo\/florencia-y-los-medicis\/cosme-el-viejo\/#la-villa-medicea\">villa de los M\u00e9dicis<\/a> reconstruida tambi\u00e9n por Michelozzo en la d\u00e9cada de 1430. En esa composici\u00f3n cuidadosamente calculada, Ang\u00e9lico incorpora sobre tabla el estilo que hab\u00eda desarrollado en los frescos de Roma. En el centro, vemos un nicho excepcionalmente ancho y, a los lados, peque\u00f1os recovecos abovedados donde el ancho y la altura, es similar a los nichos del muro detr\u00e1s de la escena del <em>Martirio de san Lorenzo<\/em> (<a href=\"https:\/\/www.aparences.net\/es\/arte-y-mecenazgo\/roma-mecenazgo-y-poder-papal\/roma-el-regreso-del-papado\/#fra-angelico-y-la-capilla-de-nicol%C3%A1s-v\" data-type=\"link\" data-id=\"https:\/\/www.aparences.net\/es\/arte-y-mecenazgo\/roma-mecenazgo-y-poder-papal\/roma-el-regreso-del-papado\/#fra-angelico-y-la-capilla-de-nicol%C3%A1s-v\">frescos de la capilla de Nicol\u00e1s V del Vaticano<\/a>).<\/p>\n\n\n\n<h2 class=\"wp-block-heading\">Los frescos de San Marcos de Florencia<\/h2>\n\n\n\n<p>Atribuido a los monjes de San Domenico de Fiesole en 1436, el convento florentino de <strong>San Marcos fue parcialmente reconstruido bajo la direcci\u00f3n del arquitecto Michelozzo<\/strong> y, a partir de 1439, <strong>decorado por Fra Angelico y sus colaboradores<\/strong>. El trabajo fue financiado otra vez m\u00e1s por Cosme de M\u00e9dicis. El retablo del altar mayor fue terminado en 1440-1441. Los frescos de las c\u00e9lulas de los monjes profesos (ala Este) fueron probablemente ejecutados en 1441. Las c\u00e9lulas de los novicios (ala Sur) y las de los hermanos legos (ala Norte) fueron decoradas entre 1449 y 1453. De calidad desigual, los frescos obedecen a un prop\u00f3sito educativo m\u00e1s que a un programa teol\u00f3gico: las c\u00e9lulas, sometidas a una clausura rigurosa, no estaban destinadas a ser visitadas, s\u00f3lo algunos laicos privilegiados como Cosme de M\u00e9dicis que patrocin\u00f3 otros frescos y a otros pintores (<strong>Benozzo Gozzoli<\/strong>, <em>Adoraci\u00f3n de los Magos <\/em>en el convento de San Marcos). En los dormitorios de los novicios y en las de los profesos, la atenci\u00f3n se centra en las diversas formas de oraci\u00f3n (inspiradas en las practicas de oraci\u00f3n de santo Domingo), mientras que los hermanos legos s\u00f3lo ten\u00edan derecho a im\u00e1genes narrativas. La celda numero 1, probablemente la del maestro de los hermanos legos, cuenta con un <em><strong>Noli me tangere<\/strong><\/em>, probablemente ejecutado por Benozzo Gozzoli, el principal asistente de Fra Angelico. El modelado m\u00e1s fuerte y la articulaci\u00f3n anat\u00f3mica perceptible en la figura de Magdalena, subraya por contraste, el car\u00e1cter \u00abglorioso\u00bb de la figura de Cristo. Los colores son bastante sobrios (no hace falta seducir a un numeroso publico), pero el tratamiento de la vegetaci\u00f3n sigue siendo cuidadoso. En la hierba que se encuentra cerca de Cristo, las peque\u00f1as pinceladas rojas evocan tal vez los estigmas de la Pasi\u00f3n. Los frescos de Fra Angelico y de sus disc\u00edpulos, al igual que las pinturas sagradas del siglo XV, cumplen con los requisitos de los predicadores de la \u00e9poca, en su capacidad de comunicar emociones.<\/p>\n\n\n<div class=\"wp-block-image\">\n<figure class=\"aligncenter\"><img loading=\"lazy\" decoding=\"async\" width=\"512\" height=\"425\" src=\"https:\/\/www.aparences.net\/wp-content\/uploads\/2011\/05\/angelico-noli-me-tangere-fresque-saint-marc.jpg\" alt=\"Noli me tangere, c. 1449, Fra Angelico\" class=\"wp-image-22626\" title=\"Noli me tangere, c. 1449, Fra Angelico\" srcset=\"https:\/\/www.aparences.net\/wp-content\/uploads\/2011\/05\/angelico-noli-me-tangere-fresque-saint-marc.jpg 512w, https:\/\/www.aparences.net\/wp-content\/uploads\/2011\/05\/angelico-noli-me-tangere-fresque-saint-marc-160x133.jpg 160w\" sizes=\"auto, (max-width: 512px) 100vw, 512px\" \/><\/figure>\n<\/div>\n\n<div class=\"wp-block-image\">\n<figure class=\"aligncenter\"><img loading=\"lazy\" decoding=\"async\" width=\"510\" height=\"404\" src=\"https:\/\/www.aparences.net\/wp-content\/uploads\/2011\/05\/angelico-fresque-noli-me-tangere-san-marco.jpg\" alt=\"Noli me tangere, c. 1449, Fra Angelico, detalle\" class=\"wp-image-22643\" title=\"Noli me tangere, c. 1449, Fra Angelico, detalle\" srcset=\"https:\/\/www.aparences.net\/wp-content\/uploads\/2011\/05\/angelico-fresque-noli-me-tangere-san-marco.jpg 510w, https:\/\/www.aparences.net\/wp-content\/uploads\/2011\/05\/angelico-fresque-noli-me-tangere-san-marco-160x127.jpg 160w\" sizes=\"auto, (max-width: 510px) 100vw, 510px\" \/><figcaption class=\"wp-element-caption\"><em><strong>Noli me tangere<\/strong>, c. 1449, pintura al fresco, <strong>Fra Angelico<\/strong><\/em><br><em> (Florencia, Convento de San Marcos)<\/em><\/figcaption><\/figure>\n<\/div>\n\n<div class=\"wp-block-image\">\n<figure class=\"aligncenter\"><img loading=\"lazy\" decoding=\"async\" width=\"388\" height=\"460\" src=\"https:\/\/www.aparences.net\/wp-content\/uploads\/2011\/05\/angelico-fresque-saint-marc-christ-bafoue.jpg\" alt=\"Burla de Cristo, Fra Angelico\" class=\"wp-image-22622\" title=\"Burla de Cristo, Fra Angelico\" srcset=\"https:\/\/www.aparences.net\/wp-content\/uploads\/2011\/05\/angelico-fresque-saint-marc-christ-bafoue.jpg 388w, https:\/\/www.aparences.net\/wp-content\/uploads\/2011\/05\/angelico-fresque-saint-marc-christ-bafoue-160x190.jpg 160w\" sizes=\"auto, (max-width: 388px) 100vw, 388px\" \/><\/figure>\n<\/div>\n\n<div class=\"wp-block-image\">\n<figure class=\"aligncenter\"><img loading=\"lazy\" decoding=\"async\" width=\"640\" height=\"320\" src=\"https:\/\/www.aparences.net\/wp-content\/uploads\/2011\/05\/angelico-fresque-saint-marc-christ-bafoue-details.jpg\" alt=\"Burla de Cristo, Fra Angelico, detalle\" class=\"wp-image-22624\" title=\"Burla de Cristo, Fra Angelico, detalle\" srcset=\"https:\/\/www.aparences.net\/wp-content\/uploads\/2011\/05\/angelico-fresque-saint-marc-christ-bafoue-details.jpg 640w, https:\/\/www.aparences.net\/wp-content\/uploads\/2011\/05\/angelico-fresque-saint-marc-christ-bafoue-details-160x80.jpg 160w\" sizes=\"auto, (max-width: 640px) 100vw, 640px\" \/><figcaption class=\"wp-element-caption\"><em><strong>Burla de Cristo<\/strong> y detalles, frescos de San Marcos, <strong>Fra Angelico<\/strong>. <\/em><\/figcaption><\/figure>\n<\/div>\n\n\n<p><em>Esta composici\u00f3n presenta de manera sint\u00e9tica y alusiva, el sufrimiento de Cristo antes de ser condenado a la crucifixi\u00f3n, a trav\u00e9s de la imagen de un hombre que escupe sobre \u00e9l, de manos que lo abofetean y otra mano que lo golpea con un bast\u00f3n. Cristo est\u00e1 sentado en el centro, en una posici\u00f3n elevada, delante de una pared verde. Tiene los ojos vendados, lleva una t\u00fanica blanca y una corona de espinas. Sostiene algunos s\u00edmbolos de su martirio: una varilla y una esponja.<\/em><\/p>\n\n\n\n<p>En la segunda mitad de 1445, Fra Angelico fue llamado a Roma por el Papa Eugenio IV para realizar diversos frescos en el Vaticano. El Papa, que hab\u00eda vivido en Florencia durante casi nueve a\u00f1os y estuvo presente en la consagraci\u00f3n de San Marcos, hab\u00eda contemplado la obra de Fra Angelico y conocido al monje-pintor. Las escenas de la <em>Vida de san Lorenzo<\/em> marcan el apogeo de las obras que han subsistido de <a href=\"https:\/\/www.aparences.net\/es\/arte-y-mecenazgo\/roma-mecenazgo-y-poder-papal\/roma-el-regreso-del-papado\/#fra-angelico-y-la-capilla-de-nicol%C3%A1s-v\">Angelico en Roma<\/a>. La m\u00e1s interesante de todas ellas es probablemente la primera, la Ordenaci\u00f3n del santo.<\/p>\n\n\n\n<h2 class=\"wp-block-heading\">El armadio degli Argenti (el armario de los vasos sagrados)<\/h2>\n\n\n\n<p>Seg\u00fan un pasaje de la cr\u00f3nica de Benedetto Dei, los paneles para <em><strong>El armadio degli Argenti <\/strong><\/em>(armario de los vasos sagrados) fueron comisionados por Pedro de M\u00e9dicis (hijo de Cosme el Viejo), como puertas de un armario que habr\u00eda contenido ofrendas en metales preciosos, para la iglesia de la Santissima Annunziata de Florencia. Las puertas se mencionan despu\u00e9s de 1460 en el <em>Theotocon<\/em> de Fra Domenico de Corella, <strong>como obra de Fra Angelico<\/strong> y es dif\u00edcil, bas\u00e1ndose solamente en ello, de seguir todas los cr\u00edticas que niegan la intervenci\u00f3n, o cualquier tipo de responsabilidad, de estas peque\u00f1as escenas a Angelico. El primer grupo de nueve tablas son directamente atribuibles a Angelico. Las tres escenas siguientes son <strong>obra de un artista mas joven<\/strong>, <a title=\"Alesso Baldovinetti\" href=\"https:\/\/www.aparences.net\/es\/periodos\/el-quattrocento\/la-pintura-narrativa-en-florencia-en-el-quattrocento\/#alesso-baldovinetti-%28florencia-1425-1499%29\">Alesso Baldovinetti<\/a>. Las otras veintitr\u00e9s escenas fueron ejecutadas por otro pintor, siguiendo el estilo de Fra Angelico. A pesar del modo diferente en que fueron tratadas, las nueve primeras escenas se distinguen por las ideas maravillosamente l\u00facidas, en las cuales se destila la esencia misma del estilo mas tard\u00edo de Angelico. En la <em>Anunciaci\u00f3n<\/em>, los pliegues de la ropa de los personajes son tratados con extrema delicadeza y los halos son representados de perfil y no con c\u00edrculos dentro del plano del cuadro, como en las primeras pinturas del artista. La tabla que m\u00e1s nos evoca la predela de San Marcos es la <em>Matanza de los Inocentes<\/em> donde el muro del fondo evoca el de <em>San Cosme y san Dami\u00e1n ante Lisias<\/em> a pesar de que se enriqueci\u00f3 con un enrejado en perspectiva.<\/p>\n\n\n<div class=\"wp-block-image\">\n<figure class=\"aligncenter\"><img loading=\"lazy\" decoding=\"async\" width=\"455\" height=\"460\" src=\"https:\/\/www.aparences.net\/wp-content\/uploads\/2011\/05\/angelico-armadio-degli-argenti-armoire-vases-sacres.jpg\" alt=\"Armario de los vasos sagrados, Fra Angelico\" class=\"wp-image-22630\" title=\"Armario de los vasos sagrados, Fra Angelico\" srcset=\"https:\/\/www.aparences.net\/wp-content\/uploads\/2011\/05\/angelico-armadio-degli-argenti-armoire-vases-sacres.jpg 455w, https:\/\/www.aparences.net\/wp-content\/uploads\/2011\/05\/angelico-armadio-degli-argenti-armoire-vases-sacres-100x100.jpg 100w, https:\/\/www.aparences.net\/wp-content\/uploads\/2011\/05\/angelico-armadio-degli-argenti-armoire-vases-sacres-160x162.jpg 160w\" sizes=\"auto, (max-width: 455px) 100vw, 455px\" \/><\/figure>\n<\/div>\n\n<div class=\"wp-block-image\">\n<figure class=\"aligncenter\"><img loading=\"lazy\" decoding=\"async\" width=\"455\" height=\"452\" src=\"https:\/\/www.aparences.net\/wp-content\/uploads\/2011\/05\/angelico-armadio-massacre-innocents.jpg\" alt=\"Matanza de los Inocentes, 1451-1452, Fra Angelico\" class=\"wp-image-22645\" title=\"Matanza de los Inocentes, 1451-1452, Fra Angelico\" srcset=\"https:\/\/www.aparences.net\/wp-content\/uploads\/2011\/05\/angelico-armadio-massacre-innocents.jpg 455w, https:\/\/www.aparences.net\/wp-content\/uploads\/2011\/05\/angelico-armadio-massacre-innocents-100x100.jpg 100w, https:\/\/www.aparences.net\/wp-content\/uploads\/2011\/05\/angelico-armadio-massacre-innocents-160x159.jpg 160w, https:\/\/www.aparences.net\/wp-content\/uploads\/2011\/05\/angelico-armadio-massacre-innocents-150x150.jpg 150w\" sizes=\"auto, (max-width: 455px) 100vw, 455px\" \/><figcaption class=\"wp-element-caption\"><em><strong>Armario de los vasos sagrados de la Annunziatta <\/strong>y tabla con la <strong>Matanza de los Inocentes<\/strong>, 1451-1452, <strong>Fra Angelico<\/strong><\/em><br><em> (Florencia, Museo di San Marco) <\/em><\/figcaption><\/figure>\n<\/div>\n\n\n<p class=\"has-text-align-left\"><em>Angelico confiere al primer plano un espacio mucho m\u00e1s profundo que en sus obras anteriores (y ello corresponde a la estructura de los frescos del corredor de San Marcos), y las mujeres representadas en este espacio, son de un gran realismo y expresan un repertorio de posturas que, en su libertad y en su car\u00e1cter expresivo, han debido parecer inigualables. No hay nada de arcaico en estos cuadros. Ellos demuestran que en los \u00faltimos a\u00f1os de su vida, Angelico era lo que siempre hab\u00eda sido en su juventud y hasta su vejez, un artista progresista, siempre mirando hacia el futuro.<br><\/em><\/p>\n","protected":false},"excerpt":{"rendered":"<p>La producci\u00f3n de Fra Angelico es exclusivamente devocional, realizando principalmente retablos para los altares y frescos.<\/p>\n","protected":false},"author":2,"featured_media":26450,"comment_status":"closed","ping_status":"closed","sticky":false,"template":"","format":"standard","meta":{"footnotes":""},"categories":[2696],"tags":[2459,3488,3489,773,3474,3282,2956],"class_list":["post-13314","post","type-post","status-publish","format-standard","has-post-thumbnail","hentry","category-el-quattrocento","tag-armario-de-los-vasos-sagrados","tag-convento-de-san-marcos","tag-fra-angelico-2","tag-fresques-de-san-marco","tag-lorenzo-monaco-2","tag-quattrocento-2","tag-tabernaculo-linaioli"],"yoast_head":"<!-- This site is optimized with the Yoast SEO plugin v27.2 - https:\/\/yoast.com\/product\/yoast-seo-wordpress\/ -->\n<title>Fra Ang\u00e9lico<\/title>\n<meta name=\"description\" content=\"La producci\u00f3n de Fra Angelico es exclusivamente devocional, realizando principalmente retablos para los altares y frescos.\" \/>\n<meta name=\"robots\" content=\"index, follow, max-snippet:-1, max-image-preview:large, max-video-preview:-1\" \/>\n<link rel=\"canonical\" href=\"https:\/\/www.aparences.net\/es\/periodos\/el-quattrocento\/fra-angelico\/\" \/>\n<meta property=\"og:locale\" content=\"es_ES\" \/>\n<meta property=\"og:type\" content=\"article\" \/>\n<meta property=\"og:title\" content=\"Fra Ang\u00e9lico\" \/>\n<meta property=\"og:description\" content=\"La producci\u00f3n de Fra Angelico es exclusivamente devocional, realizando principalmente retablos para los altares y frescos.\" \/>\n<meta property=\"og:url\" content=\"https:\/\/www.aparences.net\/es\/periodos\/el-quattrocento\/fra-angelico\/\" \/>\n<meta property=\"og:site_name\" content=\"Aparences\" \/>\n<meta property=\"article:published_time\" content=\"2011-05-26T11:42:56+00:00\" \/>\n<meta property=\"article:modified_time\" content=\"2025-12-11T18:40:56+00:00\" \/>\n<meta property=\"og:image\" content=\"https:\/\/www.aparences.net\/wp-content\/uploads\/2011\/05\/fra-angelico.jpg\" \/>\n\t<meta property=\"og:image:width\" content=\"1066\" \/>\n\t<meta property=\"og:image:height\" content=\"540\" \/>\n\t<meta property=\"og:image:type\" content=\"image\/jpeg\" \/>\n<meta name=\"author\" content=\"admin\" \/>\n<meta name=\"twitter:card\" content=\"summary_large_image\" \/>\n<meta name=\"twitter:label1\" content=\"Escrito por\" \/>\n\t<meta name=\"twitter:data1\" content=\"admin\" \/>\n\t<meta name=\"twitter:label2\" content=\"Tiempo de lectura\" \/>\n\t<meta name=\"twitter:data2\" content=\"25 minutos\" \/>\n<script type=\"application\/ld+json\" class=\"yoast-schema-graph\">{\"@context\":\"https:\/\/schema.org\",\"@graph\":[{\"@type\":\"Article\",\"@id\":\"https:\/\/www.aparences.net\/es\/periodos\/el-quattrocento\/fra-angelico\/#article\",\"isPartOf\":{\"@id\":\"https:\/\/www.aparences.net\/es\/periodos\/el-quattrocento\/fra-angelico\/\"},\"author\":{\"name\":\"admin\",\"@id\":\"https:\/\/www.aparences.net\/es\/#\/schema\/person\/af349f6ffc31b16c68963e61268afca5\"},\"headline\":\"Fra Ang\u00e9lico\",\"datePublished\":\"2011-05-26T11:42:56+00:00\",\"dateModified\":\"2025-12-11T18:40:56+00:00\",\"mainEntityOfPage\":{\"@id\":\"https:\/\/www.aparences.net\/es\/periodos\/el-quattrocento\/fra-angelico\/\"},\"wordCount\":4631,\"publisher\":{\"@id\":\"https:\/\/www.aparences.net\/es\/#organization\"},\"image\":{\"@id\":\"https:\/\/www.aparences.net\/es\/periodos\/el-quattrocento\/fra-angelico\/#primaryimage\"},\"thumbnailUrl\":\"https:\/\/www.aparences.net\/wp-content\/uploads\/2011\/05\/fra-angelico.jpg\",\"keywords\":[\"Armario de los vasos sagrados\",\"convento de San Marcos\",\"Fra Angelico\",\"fresques de San Marco\",\"Lorenzo Monaco\",\"Quattrocento\",\"tabern\u00e1culo Linaioli\"],\"articleSection\":[\"El Quattrocento\"],\"inLanguage\":\"es\"},{\"@type\":[\"WebPage\",\"ItemPage\"],\"@id\":\"https:\/\/www.aparences.net\/es\/periodos\/el-quattrocento\/fra-angelico\/\",\"url\":\"https:\/\/www.aparences.net\/es\/periodos\/el-quattrocento\/fra-angelico\/\",\"name\":\"Fra Ang\u00e9lico\",\"isPartOf\":{\"@id\":\"https:\/\/www.aparences.net\/es\/#website\"},\"primaryImageOfPage\":{\"@id\":\"https:\/\/www.aparences.net\/es\/periodos\/el-quattrocento\/fra-angelico\/#primaryimage\"},\"image\":{\"@id\":\"https:\/\/www.aparences.net\/es\/periodos\/el-quattrocento\/fra-angelico\/#primaryimage\"},\"thumbnailUrl\":\"https:\/\/www.aparences.net\/wp-content\/uploads\/2011\/05\/fra-angelico.jpg\",\"datePublished\":\"2011-05-26T11:42:56+00:00\",\"dateModified\":\"2025-12-11T18:40:56+00:00\",\"description\":\"La producci\u00f3n de Fra Angelico es exclusivamente devocional, realizando principalmente retablos para los altares y frescos.\",\"breadcrumb\":{\"@id\":\"https:\/\/www.aparences.net\/es\/periodos\/el-quattrocento\/fra-angelico\/#breadcrumb\"},\"inLanguage\":\"es\",\"potentialAction\":[{\"@type\":\"ReadAction\",\"target\":[\"https:\/\/www.aparences.net\/es\/periodos\/el-quattrocento\/fra-angelico\/\"]}]},{\"@type\":\"ImageObject\",\"inLanguage\":\"es\",\"@id\":\"https:\/\/www.aparences.net\/es\/periodos\/el-quattrocento\/fra-angelico\/#primaryimage\",\"url\":\"https:\/\/www.aparences.net\/wp-content\/uploads\/2011\/05\/fra-angelico.jpg\",\"contentUrl\":\"https:\/\/www.aparences.net\/wp-content\/uploads\/2011\/05\/fra-angelico.jpg\",\"width\":1066,\"height\":540},{\"@type\":\"BreadcrumbList\",\"@id\":\"https:\/\/www.aparences.net\/es\/periodos\/el-quattrocento\/fra-angelico\/#breadcrumb\",\"itemListElement\":[{\"@type\":\"ListItem\",\"position\":1,\"name\":\"Portada\",\"item\":\"https:\/\/www.aparences.net\/es\/\"},{\"@type\":\"ListItem\",\"position\":2,\"name\":\"Fra Ang\u00e9lico\"}]},{\"@type\":\"WebSite\",\"@id\":\"https:\/\/www.aparences.net\/es\/#website\",\"url\":\"https:\/\/www.aparences.net\/es\/\",\"name\":\"Aparences: Historia del Arte y Actualidad Cultural\",\"description\":\"\",\"publisher\":{\"@id\":\"https:\/\/www.aparences.net\/es\/#organization\"},\"potentialAction\":[{\"@type\":\"SearchAction\",\"target\":{\"@type\":\"EntryPoint\",\"urlTemplate\":\"https:\/\/www.aparences.net\/es\/?s={search_term_string}\"},\"query-input\":{\"@type\":\"PropertyValueSpecification\",\"valueRequired\":true,\"valueName\":\"search_term_string\"}}],\"inLanguage\":\"es\"},{\"@type\":\"Organization\",\"@id\":\"https:\/\/www.aparences.net\/es\/#organization\",\"name\":\"Aparences: Historia del Arte y Actualidad Cultural\",\"url\":\"https:\/\/www.aparences.net\/es\/\",\"logo\":{\"@type\":\"ImageObject\",\"inLanguage\":\"es\",\"@id\":\"https:\/\/www.aparences.net\/es\/#\/schema\/logo\/image\/\",\"url\":\"https:\/\/www.aparences.net\/wp-content\/uploads\/2023\/09\/logo-quadrat-color-e1695915315229.png\",\"contentUrl\":\"https:\/\/www.aparences.net\/wp-content\/uploads\/2023\/09\/logo-quadrat-color-e1695915315229.png\",\"width\":120,\"height\":120,\"caption\":\"Aparences: Historia del Arte y Actualidad Cultural\"},\"image\":{\"@id\":\"https:\/\/www.aparences.net\/es\/#\/schema\/logo\/image\/\"}},{\"@type\":\"Person\",\"@id\":\"https:\/\/www.aparences.net\/es\/#\/schema\/person\/af349f6ffc31b16c68963e61268afca5\",\"name\":\"admin\",\"url\":\"https:\/\/www.aparences.net\/es\/author\/admin\/\"}]}<\/script>\n<!-- \/ Yoast SEO plugin. -->","yoast_head_json":{"title":"Fra Ang\u00e9lico","description":"La producci\u00f3n de Fra Angelico es exclusivamente devocional, realizando principalmente retablos para los altares y frescos.","robots":{"index":"index","follow":"follow","max-snippet":"max-snippet:-1","max-image-preview":"max-image-preview:large","max-video-preview":"max-video-preview:-1"},"canonical":"https:\/\/www.aparences.net\/es\/periodos\/el-quattrocento\/fra-angelico\/","og_locale":"es_ES","og_type":"article","og_title":"Fra Ang\u00e9lico","og_description":"La producci\u00f3n de Fra Angelico es exclusivamente devocional, realizando principalmente retablos para los altares y frescos.","og_url":"https:\/\/www.aparences.net\/es\/periodos\/el-quattrocento\/fra-angelico\/","og_site_name":"Aparences","article_published_time":"2011-05-26T11:42:56+00:00","article_modified_time":"2025-12-11T18:40:56+00:00","og_image":[{"width":1066,"height":540,"url":"https:\/\/www.aparences.net\/wp-content\/uploads\/2011\/05\/fra-angelico.jpg","type":"image\/jpeg"}],"author":"admin","twitter_card":"summary_large_image","twitter_misc":{"Escrito por":"admin","Tiempo de lectura":"25 minutos"},"schema":{"@context":"https:\/\/schema.org","@graph":[{"@type":"Article","@id":"https:\/\/www.aparences.net\/es\/periodos\/el-quattrocento\/fra-angelico\/#article","isPartOf":{"@id":"https:\/\/www.aparences.net\/es\/periodos\/el-quattrocento\/fra-angelico\/"},"author":{"name":"admin","@id":"https:\/\/www.aparences.net\/es\/#\/schema\/person\/af349f6ffc31b16c68963e61268afca5"},"headline":"Fra Ang\u00e9lico","datePublished":"2011-05-26T11:42:56+00:00","dateModified":"2025-12-11T18:40:56+00:00","mainEntityOfPage":{"@id":"https:\/\/www.aparences.net\/es\/periodos\/el-quattrocento\/fra-angelico\/"},"wordCount":4631,"publisher":{"@id":"https:\/\/www.aparences.net\/es\/#organization"},"image":{"@id":"https:\/\/www.aparences.net\/es\/periodos\/el-quattrocento\/fra-angelico\/#primaryimage"},"thumbnailUrl":"https:\/\/www.aparences.net\/wp-content\/uploads\/2011\/05\/fra-angelico.jpg","keywords":["Armario de los vasos sagrados","convento de San Marcos","Fra Angelico","fresques de San Marco","Lorenzo Monaco","Quattrocento","tabern\u00e1culo Linaioli"],"articleSection":["El Quattrocento"],"inLanguage":"es"},{"@type":["WebPage","ItemPage"],"@id":"https:\/\/www.aparences.net\/es\/periodos\/el-quattrocento\/fra-angelico\/","url":"https:\/\/www.aparences.net\/es\/periodos\/el-quattrocento\/fra-angelico\/","name":"Fra Ang\u00e9lico","isPartOf":{"@id":"https:\/\/www.aparences.net\/es\/#website"},"primaryImageOfPage":{"@id":"https:\/\/www.aparences.net\/es\/periodos\/el-quattrocento\/fra-angelico\/#primaryimage"},"image":{"@id":"https:\/\/www.aparences.net\/es\/periodos\/el-quattrocento\/fra-angelico\/#primaryimage"},"thumbnailUrl":"https:\/\/www.aparences.net\/wp-content\/uploads\/2011\/05\/fra-angelico.jpg","datePublished":"2011-05-26T11:42:56+00:00","dateModified":"2025-12-11T18:40:56+00:00","description":"La producci\u00f3n de Fra Angelico es exclusivamente devocional, realizando principalmente retablos para los altares y frescos.","breadcrumb":{"@id":"https:\/\/www.aparences.net\/es\/periodos\/el-quattrocento\/fra-angelico\/#breadcrumb"},"inLanguage":"es","potentialAction":[{"@type":"ReadAction","target":["https:\/\/www.aparences.net\/es\/periodos\/el-quattrocento\/fra-angelico\/"]}]},{"@type":"ImageObject","inLanguage":"es","@id":"https:\/\/www.aparences.net\/es\/periodos\/el-quattrocento\/fra-angelico\/#primaryimage","url":"https:\/\/www.aparences.net\/wp-content\/uploads\/2011\/05\/fra-angelico.jpg","contentUrl":"https:\/\/www.aparences.net\/wp-content\/uploads\/2011\/05\/fra-angelico.jpg","width":1066,"height":540},{"@type":"BreadcrumbList","@id":"https:\/\/www.aparences.net\/es\/periodos\/el-quattrocento\/fra-angelico\/#breadcrumb","itemListElement":[{"@type":"ListItem","position":1,"name":"Portada","item":"https:\/\/www.aparences.net\/es\/"},{"@type":"ListItem","position":2,"name":"Fra Ang\u00e9lico"}]},{"@type":"WebSite","@id":"https:\/\/www.aparences.net\/es\/#website","url":"https:\/\/www.aparences.net\/es\/","name":"Aparences: Historia del Arte y Actualidad Cultural","description":"","publisher":{"@id":"https:\/\/www.aparences.net\/es\/#organization"},"potentialAction":[{"@type":"SearchAction","target":{"@type":"EntryPoint","urlTemplate":"https:\/\/www.aparences.net\/es\/?s={search_term_string}"},"query-input":{"@type":"PropertyValueSpecification","valueRequired":true,"valueName":"search_term_string"}}],"inLanguage":"es"},{"@type":"Organization","@id":"https:\/\/www.aparences.net\/es\/#organization","name":"Aparences: Historia del Arte y Actualidad Cultural","url":"https:\/\/www.aparences.net\/es\/","logo":{"@type":"ImageObject","inLanguage":"es","@id":"https:\/\/www.aparences.net\/es\/#\/schema\/logo\/image\/","url":"https:\/\/www.aparences.net\/wp-content\/uploads\/2023\/09\/logo-quadrat-color-e1695915315229.png","contentUrl":"https:\/\/www.aparences.net\/wp-content\/uploads\/2023\/09\/logo-quadrat-color-e1695915315229.png","width":120,"height":120,"caption":"Aparences: Historia del Arte y Actualidad Cultural"},"image":{"@id":"https:\/\/www.aparences.net\/es\/#\/schema\/logo\/image\/"}},{"@type":"Person","@id":"https:\/\/www.aparences.net\/es\/#\/schema\/person\/af349f6ffc31b16c68963e61268afca5","name":"admin","url":"https:\/\/www.aparences.net\/es\/author\/admin\/"}]}},"_links":{"self":[{"href":"https:\/\/www.aparences.net\/es\/wp-json\/wp\/v2\/posts\/13314","targetHints":{"allow":["GET"]}}],"collection":[{"href":"https:\/\/www.aparences.net\/es\/wp-json\/wp\/v2\/posts"}],"about":[{"href":"https:\/\/www.aparences.net\/es\/wp-json\/wp\/v2\/types\/post"}],"author":[{"embeddable":true,"href":"https:\/\/www.aparences.net\/es\/wp-json\/wp\/v2\/users\/2"}],"replies":[{"embeddable":true,"href":"https:\/\/www.aparences.net\/es\/wp-json\/wp\/v2\/comments?post=13314"}],"version-history":[{"count":0,"href":"https:\/\/www.aparences.net\/es\/wp-json\/wp\/v2\/posts\/13314\/revisions"}],"wp:featuredmedia":[{"embeddable":true,"href":"https:\/\/www.aparences.net\/es\/wp-json\/wp\/v2\/media\/26450"}],"wp:attachment":[{"href":"https:\/\/www.aparences.net\/es\/wp-json\/wp\/v2\/media?parent=13314"}],"wp:term":[{"taxonomy":"category","embeddable":true,"href":"https:\/\/www.aparences.net\/es\/wp-json\/wp\/v2\/categories?post=13314"},{"taxonomy":"post_tag","embeddable":true,"href":"https:\/\/www.aparences.net\/es\/wp-json\/wp\/v2\/tags?post=13314"}],"curies":[{"name":"wp","href":"https:\/\/api.w.org\/{rel}","templated":true}]}}