{"id":13318,"date":"2011-05-28T11:58:17","date_gmt":"2011-05-28T09:58:17","guid":{"rendered":"https:\/\/www.aparences.net\/periodes\/le-quattrocento\/el-renacimiento-en-florencia-el-quattrocento\/"},"modified":"2025-12-11T19:40:56","modified_gmt":"2025-12-11T18:40:56","slug":"el-renacimiento-en-florencia-el-quattrocento","status":"publish","type":"post","link":"https:\/\/www.aparences.net\/es\/periodos\/el-quattrocento\/el-renacimiento-en-florencia-el-quattrocento\/","title":{"rendered":"El Renacimiento en Florencia: el Quattrocento"},"content":{"rendered":"<p><!--contents--><\/p>\n\n\n<h2 class=\"wp-block-heading\">El movimiento renacentista<\/h2>\n\n\n\n<p><strong>Fue en Italia<\/strong> donde se desarroll\u00f3 <strong>a mediados del siglo XV<\/strong> (Quattrocento) un gran movimiento cultural, <strong>el Renacimiento<\/strong>. Este hito que marcaba la divisi\u00f3n entre la Edad Media y los tiempos modernos, fue muy <strong>influenciado por el Humanismo y la Reforma<\/strong>. Se presenta como una reflexi\u00f3n sobre el arte cl\u00e1sico de la antigua Grecia y la Roma antigua, y se caracteriza por un mayor inter\u00e9s por los poetas olvidados y un entusiasmo creciente por la escultura y los innumerables restos arquitect\u00f3nicos. <strong>La escultura<\/strong>, que aparece como el arte mayor, <strong>es la primera que rompe con el<\/strong> <a title=\"G\u00f3tico internacional\" href=\"https:\/\/www.aparences.net\/es\/periodos\/gotico-internacional\/\">g\u00f3tico internacional<\/a>. Los sarc\u00f3fagos antiguos, especialmente los que se encuentran en el Campo Santo de Pisa, (las estatuas son visibles en Roma), proporcionaron modelos accesibles <strong>al arquitecto y escultor<\/strong> <a href=\"https:\/\/www.aparences.net\/es\/periodos\/el-quattrocento\/los-arquitectos-del-quattrocento-en-florencia\/\">Filippo Brunelleschi<\/a> que fue a Roma para excavar, estudiar y evaluar los restos antiguos, acompa\u00f1ado por <strong>el orfebre y escultor<\/strong> <a title=\"Donatello\" href=\"https:\/\/www.aparences.net\/es\/periodos\/el-quattrocento\/la-escultura-del-quattrocento-en-florencia\/#el-naturalismo-de-donatello\">Donatello<\/a>. El Renacimiento italiano dur\u00f3 casi 200 a\u00f1os. <strong>El primer Renacimiento<\/strong> abarca desde 1420 a 1500 (<a href=\"https:\/\/www.aparences.net\/es\/periodos\/el-quattrocento\/\">el Quattrocento<\/a>), el <a href=\"https:\/\/www.aparences.net\/es\/periodos\/el-alto-renacimiento-en-pintura\/\">Alto Renacimiento<\/a> <strong>se acaba hacia 1520<\/strong> y, por \u00faltimo, el <strong>Renacimiento tard\u00edo<\/strong>, que desembocar\u00e1 en el <a title=\"Manierismo\" href=\"https:\/\/www.aparences.net\/es\/periodos\/el-manierismo\/\">Manierismo<\/a> que acaba alrededor de 1600 (el Cinquecento). En Florencia, la <em>Laudatio Florentinae Urbis<\/em> (1401-1404) de <a href=\"https:\/\/es.wikipedia.org\/wiki\/Leonardo_Bruni\">Leonardo Bruni<\/a>, escrito seg\u00fan el modelo del Elogio de Atenas por Ar\u00edstides, comienza por un homenaje a la configuraci\u00f3n de la ciudad, su organizaci\u00f3n geogr\u00e1fica, su arquitectura, su territorio y su agricultura. <strong>Ciudad-estado, Florencia estaba predestinada por su tradici\u00f3n hist\u00f3rica y su situaci\u00f3n geogr\u00e1fica<\/strong>, a mantener el equilibrio de Italia y los principios de las rep\u00fablicas civiles. Bruni hace hincapi\u00e9 en el papel preponderante de los ciudadanos de la ciudad-estado, siguiendo la tradici\u00f3n de la polis griega. En el libro de Bruni se describe la ciudad como un lugar ideal, construida siguiendo un proyecto racional \u00abdentro de una perspectiva geom\u00e9trica, que incluye y define la funci\u00f3n hist\u00f3rica de la misma.\u00bb<\/p>\n\n\n<div class=\"wp-block-image\">\n<figure class=\"aligncenter\"><img loading=\"lazy\" decoding=\"async\" width=\"374\" height=\"371\" src=\"https:\/\/www.aparences.net\/wp-content\/uploads\/2011\/05\/leonardo-bruni-portrait-manuscrit-xv-siecle.jpg\" alt=\"El poeta y humanista Leonardo Bruni\" class=\"wp-image-22381\" srcset=\"https:\/\/www.aparences.net\/wp-content\/uploads\/2011\/05\/leonardo-bruni-portrait-manuscrit-xv-siecle.jpg 374w, https:\/\/www.aparences.net\/wp-content\/uploads\/2011\/05\/leonardo-bruni-portrait-manuscrit-xv-siecle-100x100.jpg 100w, https:\/\/www.aparences.net\/wp-content\/uploads\/2011\/05\/leonardo-bruni-portrait-manuscrit-xv-siecle-160x159.jpg 160w, https:\/\/www.aparences.net\/wp-content\/uploads\/2011\/05\/leonardo-bruni-portrait-manuscrit-xv-siecle-150x150.jpg 150w\" sizes=\"auto, (max-width: 374px) 100vw, 374px\" \/><figcaption class=\"wp-element-caption\"><em><strong>El poeta y humanista Leonardo Bruni<\/strong> (1370 a 1444) (Florencia, Biblioteca Medicea Laurenziana<\/em>)<\/figcaption><\/figure>\n<\/div>\n\n\n<p><em>Nacido en Arezzo, de ah\u00ed su apodo de Aretino, fue la principal figura del humanismo florentino de la primera mitad del siglo XV y autor del Paneg\u00edrico de la ciudad de Florencia (Laudatio Florentinae Urbis) escrito a la gloria de la rep\u00fablica florentina y de las letras. Pero lo que en el resto de Europa era solamente una flor de ret\u00f3rica, en Florencia comenz\u00f3 a tomar forma art\u00edstica. El humanismo c\u00edvico encontr\u00f3 muy pronto originales expresiones art\u00edsticas. <strong>La importancia de los humanistas en el desarrollo art\u00edstico es por lo tanto fundamental<\/strong>. Seg\u00fan los neoplat\u00f3nicos de Florencia, la belleza conduc\u00eda a lo divino.<\/em><\/p>\n\n\n\n<p>Fundada por los romanos en el a\u00f1o 59 a.C. tal y como lo recordaba en el siglo XVI Giorgio Vasari con una placa en la b\u00f3veda de la Sala del Consejo de la ciudad, Florencia se dice orgullosa de ser la \u00abheredera de la gloriosa Roma\u00bb, como se expresaba el canciller florentino <a href=\"https:\/\/es.wikipedia.org\/wiki\/Coluccio_Salutati\">Coluccio Salutati<\/a> en 1377, o como \u00abla hija y la esencia misma de Roma\u00bb, seg\u00fan el cronista <strong>Filippo Villani<\/strong>. La gran peste de 1348-1350 la redujo de 120 000 a 40 000 habitantes y aunque Florencia se recuper\u00f3 lentamente, sigui\u00f3 siendo una de las ciudades m\u00e1s importantes de Europa. Organizada en poderosas corporaciones, casi todas ellas rivales, formaba una rep\u00fablica olig\u00e1rquica mercantil, que amenaz\u00f3 a N\u00e1poles, y a Mil\u00e1n especialmente, esta \u00faltima encontr\u00e1ndose por aquel entonces en manos de los <a title=\"Visconti de Mil\u00e1n\" href=\"https:\/\/www.aparences.net\/es\/arte-y-mecenazgo\/el-ducado-de-milan\/milan-en-la-epoca-de-los-visconti\/\">Visconti<\/a>. <strong>Su riqueza se basaba en la banca y en la fabricaci\u00f3n y comercio de lana y seda<\/strong>. A partir de 1422, la fabricaci\u00f3n de brocados mezclando hilos de seda y oro, permiti\u00f3 a los tejidos florentinos competir con las sedas orientales e invadir el mercado europeo.<\/p>\n\n\n<div class=\"wp-block-image\">\n<figure class=\"aligncenter\"><img loading=\"lazy\" decoding=\"async\" width=\"599\" height=\"364\" src=\"https:\/\/www.aparences.net\/wp-content\/uploads\/2011\/05\/giovanni-di-ser-giovanni-lo-scheggia-cassone-adimari-1445-1450.jpg\" alt=\"Cassone Adimari, hacia 1440, Lo Scheggia\" class=\"wp-image-22383\" title=\"Cassone Adimari, hacia 1440, Lo Scheggia\" srcset=\"https:\/\/www.aparences.net\/wp-content\/uploads\/2011\/05\/giovanni-di-ser-giovanni-lo-scheggia-cassone-adimari-1445-1450.jpg 599w, https:\/\/www.aparences.net\/wp-content\/uploads\/2011\/05\/giovanni-di-ser-giovanni-lo-scheggia-cassone-adimari-1445-1450-160x97.jpg 160w\" sizes=\"auto, (max-width: 599px) 100vw, 599px\" \/><figcaption class=\"wp-element-caption\"><em><strong>Cassone (arc\u00f3n) Adimari,<\/strong> detalle, hacia 1440, atribu\u00eddo a Giovanni di ser Giovanni, <\/em><br><em>llamado <strong>Lo Scheggia<\/strong> (Florencia, Galleria dell&#8217;Accademia). <\/em><\/figcaption><\/figure>\n<\/div>\n\n\n<p><em>Producidos en grandes cantidades a finales del siglo XIV y durante el siglo XV, estos cofres o arcones (<a href=\"https:\/\/www.aparences.net\/es\/arte-y-mecenazgo\/renacimiento-y-vida-privada\/la-vivienda-en-el-renacimiento\/#cassoni-y-spalliere\">cassoni<\/a>) que se regalaban \u00e0 los novios el d\u00eda de su boda para poner el ajuar, proporcionaron grandes oportunidades a los artistas. En ellos representaban las ceremonias festivas en un entorno inspirado en los m\u00e1s bellos monumentos de Florencia. Aqu\u00ed se muestra la boda Adimari Ricasoli, con el cortejo nupcial avanzando lentamente por la plaza San Giovanni al lado del Baptisterio que le da su nombre. Los m\u00fasicos arboran la flor de lis, s\u00edmbolo de Florencia y detras se puede ver el Baptisterio.<\/em><\/p>\n\n\n\n<!-- AdBoxRight2020 --><ins class=\"adsbygoogle\"     style=\"display:block; margin-top:30px;\"     data-ad-client=\"ca-pub-2468002815867636\"     data-ad-slot=\"3496014735\"     data-ad-format=\"auto\"     data-full-width-responsive=\"false\"><\/ins><script> (adsbygoogle = window.adsbygoogle || []).push({});<\/script><h2 class=\"wp-block-heading\">Una constante referencia a la Antig\u00fcedad<\/h2>\n\n\n\n<p><strong>En el Quattrocento<\/strong>, los planos de los monumentos y el estudio de las formas antiguas revisten una importancia decisiva. Bocetos y cuadernos de notas tra\u00eddos por los viajeros circulan de un taller a otro, alimentando el talento de pintores y escultores o suscitando el inter\u00e9s de medallistas y ornamentistas. En esto estriba la originalidad de Florencia. <strong>Mientras que en las cortes de Verona<\/strong>, <a href=\"https:\/\/www.aparences.net\/es\/arte-y-mecenazgo\/los-gonzaga-de-mantua\/\">Mantua<\/a>, <a href=\"https:\/\/www.aparences.net\/es\/arte-y-mecenazgo\/los-este-de-ferrara\/\">Ferrara<\/a> o <a href=\"https:\/\/www.aparences.net\/es\/arte-y-mecenazgo\/el-ducado-de-milan\/milan-en-la-epoca-de-los-visconti\/\" data-type=\"link\" data-id=\"https:\/\/www.aparences.net\/es\/arte-y-mecenazgo\/el-ducado-de-milan\/milan-en-la-epoca-de-los-visconti\/\">Milan<\/a> parecen disfrutar todav\u00eda de lo maravilloso de los temas corteses, extra\u00eddos de la poes\u00eda \u00e9pica y de la caballer\u00eda, <strong>Florencia y sus reformadores imponen un arte estrictamente ordenado y opuesto rotundamente al<\/strong> <a href=\"https:\/\/www.aparences.net\/es\/periodos\/gotico-internacional\/estilo-gotico-internacional\/\">estilo cortesano<\/a>. <strong>El a\u00f1o del nacimiento de<\/strong> <a title=\"Masaccio\" href=\"https:\/\/www.aparences.net\/es\/periodos\/el-quattrocento\/masaccio-arquitectura-y-espacio\/\">Masaccio<\/a> <strong>coincide con una etapa importante en el arte florentino<\/strong> y la historia del arte lo pone de punto de referencia, como el amanecer de una nueva era: el famoso <strong>Concurso de 1401 para las puertas del baptisterio<\/strong>. Asimismo, el renacimiento del arte se desarrolla en paralelo con una revisi\u00f3n del conocimiento, sobre todo de los textos griegos y romanos. El siglo XV fue la \u00e9poca dorada de los te\u00f3ricos: <a title=\"Leon Battista Alberti\" href=\"https:\/\/www.aparences.net\/es\/periodos\/el-quattrocento\/los-arquitectos-del-quattrocento-en-florencia\/\">Leon Battista Alberti<\/a> escribe sus reflexiones en sendos tratados fundamentales sobre la pintura y la escultura, y m\u00e1s tarde sobre la arquitectura; <a title=\"Lorenzo Ghiberti\" href=\"https:\/\/www.aparences.net\/es\/periodos\/el-quattrocento\/la-escultura-del-quattrocento-en-florencia\/\">Ghiberti<\/a> publica a su vez sus <em>Comentarios<\/em> y <strong>Piero della Francesca<\/strong> escribe su <em>Tratado de la perspectiva<\/em>. Ghiberti manifiesta en sus <em>Comentarios<\/em> que, tras de diez siglos de inmovilidad, la pintura, la escultura y la arquitectura \u00abmodernas\u00bb, hab\u00edan recuperado el poder de los Antiguos, tal como se manifestaba todav\u00eda al final del Imperio Romano.<\/p>\n\n\n<div class=\"wp-block-image\">\n<figure class=\"aligncenter\"><a href=\"https:\/\/aparences.net\/wp-content\/uploads\/2010\/11\/verrocchio_david.png\"><img decoding=\"async\" src=\"https:\/\/www.aparences.net\/wp-content\/uploads\/2010\/11\/verrocchio_david.png\" alt=\"David, hacia 1476, Andrea Verrocchio\" title=\"David, hacia 1476, Andrea Verrocchio\"\/><\/a><figcaption class=\"wp-element-caption\"><em><strong>David<\/strong>, hacia 1476,<strong> Andrea Verrocchio<\/strong> (Florencia 1435 &#8211; Venecia 1488, (Florencia, Museo Nazionale del Bargello).<\/em><\/figcaption><\/figure>\n<\/div>\n\n\n<p><em>Summum de gracia, de belleza, y de proporciones, el David de Verrocchio es el fiel heredero de las novedades que <a title=\"Donatello\" href=\"https:\/\/www.aparences.net\/es\/periodos\/el-quattrocento\/la-escultura-del-quattrocento-en-florencia\/\">Donatello<\/a> hab\u00eda aportado a la escultura antigua.<br><\/em><\/p>\n\n\n<div class=\"wp-block-image\">\n<figure class=\"aligncenter\"><img loading=\"lazy\" decoding=\"async\" width=\"640\" height=\"379\" src=\"https:\/\/www.aparences.net\/wp-content\/uploads\/2011\/05\/ghirlandaio-vue-palais-seigneurie-et-loggia-fresque-chapelle-sassetti.jpg\" alt=\"La Loggia dei Lanzi, 1483-85, Domenico Ghirlandaio\" class=\"wp-image-22385\" title=\"La Loggia dei Lanzi, 1483-85, Domenico Ghirlandaio\" srcset=\"https:\/\/www.aparences.net\/wp-content\/uploads\/2011\/05\/ghirlandaio-vue-palais-seigneurie-et-loggia-fresque-chapelle-sassetti.jpg 640w, https:\/\/www.aparences.net\/wp-content\/uploads\/2011\/05\/ghirlandaio-vue-palais-seigneurie-et-loggia-fresque-chapelle-sassetti-160x95.jpg 160w\" sizes=\"auto, (max-width: 640px) 100vw, 640px\" \/><figcaption class=\"wp-element-caption\"><em><strong>La Loggia dei Lanzi de Florencia, <\/strong>Confirmaci\u00f3n de la regla franciscana, 1483-85, <\/em><br><em><strong>Domenico Ghirlandaio<\/strong> (Florencia, Santa Trinit\u00e0, capilla Sassetti)<\/em><\/figcaption><\/figure>\n<\/div>\n\n\n<p><em>En arquitectura, la gran transici\u00f3n del G\u00f3tico al Renacimiento, la continuidad entre el delicado estilo g\u00f3tico &#8211; que dio forma a finales del <a title=\"El Trecento\" href=\"https:\/\/www.aparences.net\/es\/periodos\/el-trecento\/\">Trecento<\/a> al equilibrio espacial de la Loggia dei Priori (llamada mas tarde Loggia dei Lanzi) &#8211; y el nuevo lenguaje humanista, dar\u00e1 lugar, a partir de modelos aut\u00f3nomos, a un estilo cl\u00e1sico diferente, como una alternativa al clasicismo romano.<\/em><\/p>\n\n\n\n<!-- AdBoxLeft2023 --><ins class=\"adsbygoogle\" style=\"display:block\" data-ad-client=\"ca-pub-2468002815867636\" data-ad-slot=\"1318022963\" data-ad-format=\"auto\" data-full-width-responsive=\"true\"><\/ins><script> (adsbygoogle = window.adsbygoogle || []).push({});<\/script><h2 class=\"wp-block-heading\">Centros art\u00edsticos del Quattrocento<\/h2>\n\n\n\n<p><strong>A principios del siglo XV<\/strong>, Italia se encuentra cada vez m\u00e1s involucrada con los grandes movimientos que animan el panorama pol\u00edtico en Occidente. Al final del Gran Cisma, los Papas abandonan definitivamente Avignon, vuelven a Roma y favorecen el m\u00e1s importante desarrollo art\u00edstico del siglo mediante los trabajos que emprenden para la restauraci\u00f3n de la Ciudad Eterna. La creaci\u00f3n de los Estados de la Iglesia, provoca un reagrupamiento de las potencias de la pen\u00ednsula y <strong>se crean centros de cultura art\u00edstica<\/strong> para colmar sus necesidades de representaci\u00f3n. Alrededor de Roma, tanto en el Norte como en el Sur, las ciudades o las rep\u00fablicas van ganando poder y buscan su equilibrio mediante la negociaci\u00f3n. <strong>En Mil\u00e1n, el condotiero<\/strong> <a title=\"Francesco Sforza\" href=\"https:\/\/www.aparences.net\/es\/arte-y-mecenazgo\/el-ducado-de-milan\/milan-en-la-epoca-de-los-sforza\/\">Francesco Sforza<\/a> hereda las posesiones de <a href=\"https:\/\/www.aparences.net\/es\/arte-y-mecenazgo\/el-ducado-de-milan\/milan-en-la-epoca-de-los-visconti\/\" data-type=\"link\" data-id=\"https:\/\/www.aparences.net\/es\/arte-y-mecenazgo\/el-ducado-de-milan\/milan-en-la-epoca-de-los-visconti\/\">los Visconti<\/a>. <strong>Ferrara<\/strong> construye alrededor de <a title=\"Leonello de Este\" href=\"https:\/\/www.aparences.net\/es\/arte-y-mecenazgo\/la-ciudad-de-ferrara-bajo-los-este\/leonello-de-este\/\">Leonello de Este<\/a> y luego de su hermano Borso, <strong>uno de las centros art\u00edsticos m\u00e1s originales del siglo XV<\/strong>, creando incluso su propia <a href=\"https:\/\/www.aparences.net\/es\/escuelas\/la-escuela-de-ferrara\/\">Escuela de pintura<\/a>. <strong>N\u00e1poles ve como se consolida la casa de Arag\u00f3n<\/strong> <strong>con<\/strong> <a title=\"Alfonso el Magn\u00e1nimo\" href=\"https:\/\/www.aparences.net\/es\/arte-y-mecenazgo\/los-aragon-de-napoles\/el-renacimiento-en-napoles-alfonso-v-el-magnanimo\/\">Alfonso el Magn\u00e1nimo<\/a>, despu\u00e9s del fallido intento de reconquista liderado por Ren\u00e9 d&#8217;Anjou. Mientras tanto, <a title=\"Venecia Renacimiento\" href=\"https:\/\/www.aparences.net\/es\/escuelas\/la-pintura-veneciana\/venecia-al-inicio-del-renacimiento\/\">Venecia<\/a> extiende su imperio hasta Creta y Chipre, <strong>recogiendo el legado de Siena<\/strong>. Finalmente, las dos rep\u00fablicas de <strong>Florencia<\/strong> y de <a title=\"Siena pintura\" href=\"https:\/\/www.aparences.net\/es\/escuelas\/la-pintura-sienesa\/\">Siena<\/a>, con su enemistad irreconciliable, comparten el coraz\u00f3n de Italia. <strong>Aunque una sea guelfa y la otra gibelina<\/strong>, ellas constituyen los dos primeros de los grandes centros de comercio y de las finanzas, donde se desarrolla, capitaneado por las grandes familias, el patrocinio de un mecenazgo diferente al de las cortes principescas. <strong>Se asocia el apogeo art\u00edstico de Florencia con los<\/strong> <a title=\"M\u00e9dicis\" href=\"https:\/\/www.aparences.net\/es\/arte-y-mecenazgo\/florencia-y-los-medicis\/\">M\u00e9dicis<\/a>. Por otro lado, <strong>los capitanes de aventura<\/strong> (<a href=\"https:\/\/www.aparences.net\/es\/arte-y-mecenazgo\/el-mecenazgo-en-urbino\/armas-y-letras-urbino-bajo-federico-da-montefeltro\/#el-condottiero\">los condottieri<\/a>) llevan los asuntos militares y toman el poder por largo tiempo, como la figura tir\u00e1nica de <strong>Malatesta, se\u00f1or de Rimini<\/strong>, o la de <a title=\"Federico da Montefeltro\" href=\"https:\/\/www.aparences.net\/es\/arte-y-mecenazgo\/el-mecenazgo-en-urbino\/armas-y-letras-urbino-bajo-federico-da-montefeltro\/\">Federico da Montefeltro<\/a>, pr\u00edncipe erudito, que hace de su corte de Urbino, un gran centro cultural y art\u00edstico. <strong>Si la rebeli\u00f3n de Volterra<\/strong> y la <a href=\"https:\/\/www.aparences.net\/es\/arte-y-mecenazgo\/florencia-y-los-medicis\/lorenzo-el-magnifico\/#la-conjura-de-los-pazzi\" data-type=\"link\" data-id=\"https:\/\/www.aparences.net\/es\/arte-y-mecenazgo\/florencia-y-los-medicis\/lorenzo-el-magnifico\/#la-conjura-de-los-pazzi\">Conjura de los Pazzi<\/a> terminar\u00e1n en un ba\u00f1o de sangre, la diplomacia se impone para dirigir los asuntos de Estado.<\/p>\n\n\n<div class=\"wp-block-image\">\n<figure class=\"aligncenter\"><img loading=\"lazy\" decoding=\"async\" width=\"640\" height=\"343\" src=\"https:\/\/www.aparences.net\/wp-content\/uploads\/2011\/05\/francesco-di-stefano-pesellino-triomphe-de-david-londres-national-gallery.jpg\" alt=\"El triunfo de David, c. 1440-1450, Francesco di Stefano\" class=\"wp-image-22387\" title=\"El triunfo de David, c. 1440-1450, Francesco di Stefano\" srcset=\"https:\/\/www.aparences.net\/wp-content\/uploads\/2011\/05\/francesco-di-stefano-pesellino-triomphe-de-david-londres-national-gallery.jpg 640w, https:\/\/www.aparences.net\/wp-content\/uploads\/2011\/05\/francesco-di-stefano-pesellino-triomphe-de-david-londres-national-gallery-160x86.jpg 160w\" sizes=\"auto, (max-width: 640px) 100vw, 640px\" \/><figcaption class=\"wp-element-caption\"><em><strong>El triunfo de David<\/strong>, c. 1440-1450, Francesco di Stefano llamado\u00a0<strong> Pesellino<\/strong> <\/em><br><em>(Londres, National Gallery)<\/em><\/figcaption><\/figure>\n<\/div>\n\n\n<p><em>Famoso decorador de arcones, sus escenas son bellas ilustraciones de temas corteses. <a href=\"https:\/\/www.aparences.net\/es\/periodos\/el-quattrocento-anexos\/francesco-di-stefano-pesellino\/\">Pesellino<\/a> fue alumno de <a href=\"https:\/\/www.aparences.net\/es\/periodos\/el-quattrocento\/fra-filippo-lippi\/\" data-type=\"link\" data-id=\"https:\/\/www.aparences.net\/es\/periodos\/el-quattrocento\/fra-filippo-lippi\/\">Filippo Lippi<\/a>. En Florencia, <strong>la figura de David es el s\u00edmbolo de los ideales republicanos<\/strong>.<br><\/em><\/p>\n\n\n\n<p><strong>El paisaje monumental de Florencia tiene su origen en el siglo XIV<\/strong> (<a title=\"Trecento en Florencia\" href=\"https:\/\/www.aparences.net\/es\/periodos\/el-trecento\/\">el Trecento<\/a>). En el interior de sus murallas, van a construirse las iglesias de las dos principales \u00f3rdenes mendicantes (franciscanos y dominicos), <strong>Santa Croce<\/strong> y <strong>Santa Maria Novella<\/strong>, respectivamente; adem\u00e1s de la orgullosa y austera fortaleza del <strong>Palazzo Vecchio<\/strong> y el <strong>Palacio del Podest\u00e0<\/strong> (Bargello) ambos construidos en un estilo similar. <strong>Al siglo de Dante y Giotto, se le atribuye tambi\u00e9n la Loggia dei Lanzi<\/strong>, cuyos poderosos arcos y pilares tallados cuidadosamente, caracterizan la comuna g\u00f3tica en su apogeo, y el Or&#8217; San Michele, notable por la amplitud de su vol\u00famenes. <strong>En cuanto a la catedral<\/strong>, \u00abla iglesia m\u00e1s bella y m\u00e1s noble de la Toscana\u00bb, con <strong>Arnolfo di Cambio<\/strong> como director del proyecto, se impone ya entre los tejados de Florencia, pero espera la construcci\u00f3n de su c\u00fapula por Brunelleschi. <a href=\"https:\/\/www.aparences.net\/es\/arte-y-mecenazgo\/renacimiento-y-vida-privada\/\">Los hombres del Quattrocento<\/a> van pronto a adornar de una manera maravillosa todo este urbanismo del siglo XIV. En esa Florencia tan hermosa, la arquitectura civil elaborar\u00e1 un modelo de edificio geom\u00e9trico y racional, abandonando la idea de fortaleza que hasta entonces ten\u00eda el edificio civil.<\/p>\n\n\n<div class=\"wp-block-image\">\n<figure class=\"aligncenter\"><img loading=\"lazy\" decoding=\"async\" width=\"643\" height=\"370\" src=\"https:\/\/www.aparences.net\/wp-content\/uploads\/2011\/05\/codex-rustici-florence-vers-1450.jpg\" alt=\"Codex Rustici\" class=\"wp-image-22389\" title=\"Codex Rustici\" srcset=\"https:\/\/www.aparences.net\/wp-content\/uploads\/2011\/05\/codex-rustici-florence-vers-1450.jpg 643w, https:\/\/www.aparences.net\/wp-content\/uploads\/2011\/05\/codex-rustici-florence-vers-1450-160x92.jpg 160w\" sizes=\"auto, (max-width: 643px) 100vw, 643px\" \/><figcaption class=\"wp-element-caption\"><em><strong>Dos ilustraciones del Codex Rustici<\/strong> : Santa Maria del Fiore y Santa Maria dei Servi e del Bigallo (Florencia, Biblioteca del Seminario Mayor)<\/em><\/figcaption><\/figure>\n<\/div>\n\n\n<p><em>El llamado Codex Rustici es una especia de gu\u00eda ilustrada de Florencia. Fue escrito por el mercader florentino Marco di Bartolomeo Rustici alrededor de 1450.<br><\/em><\/p>\n\n\n<div class=\"wp-block-image\">\n<figure class=\"aligncenter\"><img loading=\"lazy\" decoding=\"async\" width=\"460\" height=\"459\" src=\"https:\/\/www.aparences.net\/wp-content\/uploads\/2011\/05\/lo-scheggia-le-jeu-du-civettino-1.jpg\" alt=\"El juego del Civettino, siglo XV, Giovanni di ser Giovanni\" class=\"wp-image-22414\" title=\"El juego del Civettino, siglo XV, Giovanni di ser Giovanni\" srcset=\"https:\/\/www.aparences.net\/wp-content\/uploads\/2011\/05\/lo-scheggia-le-jeu-du-civettino-1.jpg 460w, https:\/\/www.aparences.net\/wp-content\/uploads\/2011\/05\/lo-scheggia-le-jeu-du-civettino-1-100x100.jpg 100w, https:\/\/www.aparences.net\/wp-content\/uploads\/2011\/05\/lo-scheggia-le-jeu-du-civettino-1-160x160.jpg 160w, https:\/\/www.aparences.net\/wp-content\/uploads\/2011\/05\/lo-scheggia-le-jeu-du-civettino-1-150x150.jpg 150w\" sizes=\"auto, (max-width: 460px) 100vw, 460px\" \/><figcaption class=\"wp-element-caption\"><em><strong>El juego del Civettino<\/strong>, siglo XV, Giovanni di ser Giovanni llamado<strong> <\/strong><\/em><br><em><strong>Lo Scheggia<\/strong> (Florencia, Palazzo Davanzatti)<\/em><\/figcaption><\/figure>\n<\/div>\n\n\n<p><em>Esta escena, representa un juego muy popular en Florencia, y tiene lugar en un marco muy <strong>representativo de la arquitectura florentina del Quattrocento<\/strong>: a la izquierda, vemos un palacio con su t\u00edpico almohadillado, en el centro, la muralla con una de las puertas que dan acceso a la ciudad y, a la derecha, podemos ver una t\u00edpica <a href=\"https:\/\/www.aparences.net\/es\/arte-y-mecenazgo\/renacimiento-y-vida-privada\/la-vivienda-en-el-renacimiento\/\">vivienda florentina<\/a>.<\/em><\/p>\n\n\n\n<h2 class=\"wp-block-heading\">La uni\u00f3n del arte y la ciencia<\/h2>\n\n\n\n<p>Es en Florencia donde se desarrolla este <strong>poderoso movimiento que combina las artes y las ciencias<\/strong>. Los hombres son educados desde muy j\u00f3venes a estas disciplinas. Cuando el ni\u00f1o alcanza la edad de once a\u00f1os, sus profesores le hacen descubrir las <a href=\"https:\/\/es.wikipedia.org\/wiki\/F%C3%A1bulas_de_Esopo\"><em>F\u00e1bulas<\/em> de Esopo<\/a> <strong>o los textos de Dante<\/strong>, pero ante todo, le ense\u00f1an las matem\u00e1ticas para uso comercial. En una \u00e9poca donde los recipientes destinados al transporte de las mercanc\u00edas no eran uniformes, se deb\u00eda aprender a calcular r\u00e1pidamente su volumen y contenido. <strong>No hay que extra\u00f1arse si un pintor como<\/strong> <a title=\"Piero della Francesca\" href=\"https:\/\/www.aparences.net\/es\/arte-y-mecenazgo\/los-fresquistas-florentinos\/piero-della-francesca-historia-de-una-sintesis\/\">Piero della Francesca<\/a> escribi\u00f3 su <em>Tratado de Geometria<\/em> ense\u00f1ando a los mercaderes el modo de resolver estos c\u00e1lculos. Es a trav\u00e9s de la regla de tres que los hombres del Renacimiento deben calcular la cuesti\u00f3n de las proporciones en su vida diaria. La regla de tres tambi\u00e9n se conoce como la Regla de Oro que todo comerciante debe conocer. Por otro lado, el valor que se da al estudio de las t\u00e9cnicas de medici\u00f3n y, por lo tanto, a los conceptos geom\u00e9tricos, <strong>permite a los hombres del Quattrocento abordar las obras de arte<\/strong>, sobre todo las pinturas, desarrollando una atenci\u00f3n particular a la estructura de las formas, al volumen y a la superficie de los cuerpos. <strong>La <em>Sant\u00edsima Trinidad<\/em><\/strong> <strong>que<\/strong> <a href=\"https:\/\/www.aparences.net\/es\/periodos\/el-quattrocento\/masaccio-la-arquitectura-y-el-espacio\/\" data-type=\"link\" data-id=\"https:\/\/www.aparences.net\/es\/periodos\/el-quattrocento\/masaccio-la-arquitectura-y-el-espacio\/\">Masaccio<\/a> <strong>pint\u00f3 en Santa Mar\u00eda Novella<\/strong> es la primera gran obra que <strong>se rige por las reglas de la perspectiva matem\u00e1tica<\/strong> formulada por <a title=\"Filippo Brunelleschi\" href=\"https:\/\/www.aparences.net\/es\/periodos\/el-quattrocento\/los-arquitectos-del-quattrocento-en-florencia\/\">Brunelleschi<\/a>. Esta audacia se ver\u00e1 reforzada por la substituci\u00f3n de personajes con graciosas y delicadas curvas de <a href=\"https:\/\/www.aparences.net\/es\/periodos\/gotico-internacional\/estilo-gotico-internacional\/\">estilo g\u00f3tico internacional<\/a> en vigor hasta entonces, por poderosas figuras con formas esculturales simples.<\/p>\n\n\n<div class=\"wp-block-image\">\n<figure class=\"aligncenter\"><img loading=\"lazy\" decoding=\"async\" width=\"640\" height=\"460\" src=\"https:\/\/www.aparences.net\/wp-content\/uploads\/2011\/05\/masaccio-sainte-trinite-et-schema.jpg\" alt=\"La Trinidad y esquema, 1426-1427, Masaccio\" class=\"wp-image-22393\" title=\"La Trinidad y esquema, 1426-1427, Masaccio\" srcset=\"https:\/\/www.aparences.net\/wp-content\/uploads\/2011\/05\/masaccio-sainte-trinite-et-schema.jpg 640w, https:\/\/www.aparences.net\/wp-content\/uploads\/2011\/05\/masaccio-sainte-trinite-et-schema-160x115.jpg 160w\" sizes=\"auto, (max-width: 640px) 100vw, 640px\" \/><figcaption class=\"wp-element-caption\"><em><strong>La Trinidad<\/strong> y esquema, 1426-1427, <strong>Masaccio<\/strong> (Florencia, Santa Maria Novella)<\/em><\/figcaption><\/figure>\n<\/div>\n\n\n<p><em><em>La mirada del espectador sigue las l\u00edneas rectas; y las l\u00edneas paralelas que van en la misma direcci\u00f3n parecen converger en el horizonte en un solo y mismo punto. El talento del pintor consiste en la aplicaci\u00f3n de este principio, evitando cualquier arbitrariedad o rigidez, para dar una imagen veros\u00edmil del espacio y creando efectos de trampantojo.<\/em><\/em><\/p>\n\n\n\n<p>Ahora, el sentido de lo natural y de lo real, tal como lo podemos ver en las miniaturas y en los dibujos del <a href=\"https:\/\/www.aparences.net\/es\/periodos\/el-trecento\/el-trecento-los-albores-del-renacimiento\/\">Trecento<\/a>, se desarrolla de forma sistem\u00e1tica, comprendido como un modo de percepci\u00f3n exacta. La naturaleza y el hombre que la Antig\u00fcedad ha representado, <strong>se transforman ahora en objetos visuales con un enfoque cient\u00edfico<\/strong>. El artista manifiesta nuevas exigencias queriendo <strong>reproducir el mundo que le rodea tal como el ojo lo ve<\/strong>. Inventa a este efecto la composici\u00f3n con perspectiva lineal, en la que se basa todo el arte del Renacimiento. El pintor sugiere la profundidad, restituyendo la disminuci\u00f3n progresiva de los objetos en funci\u00f3n de su distancia y situando las figuras en diferentes planos, llegando a transmitir la ilusi\u00f3n del espacio real.<\/p>\n\n\n<div class=\"wp-block-image\">\n<figure class=\"aligncenter\"><img loading=\"lazy\" decoding=\"async\" width=\"640\" height=\"292\" src=\"https:\/\/www.aparences.net\/wp-content\/uploads\/2011\/05\/masolino-da-panicale-santa-maria-del-carmine-firenze.jpg\" alt=\"La curaci\u00f3n del lisiado y la resurrecci\u00f3n de T\u00e1bita, 1425, Masolino da Panicale \" class=\"wp-image-22418\" title=\"La curaci\u00f3n del lisiado y la resurrecci\u00f3n de T\u00e1bita, 1425, Masolino da Panicale \" srcset=\"https:\/\/www.aparences.net\/wp-content\/uploads\/2011\/05\/masolino-da-panicale-santa-maria-del-carmine-firenze.jpg 640w, https:\/\/www.aparences.net\/wp-content\/uploads\/2011\/05\/masolino-da-panicale-santa-maria-del-carmine-firenze-160x73.jpg 160w\" sizes=\"auto, (max-width: 640px) 100vw, 640px\" \/><figcaption class=\"wp-element-caption\"><em><strong>La curaci\u00f3n del lisiado y la resurrecci\u00f3n de T\u00e1bita<\/strong>, 1425, <strong>Masolino da Panicale<\/strong> <\/em><br><em>(Florencia, Santa Maria del Carmine, Capilla Brancacci)<\/em><\/figcaption><\/figure>\n<\/div>\n\n\n<!-- AfterArticle2023 --><ins class=\"adsbygoogle\"     style=\"display:block;margin-bottom:5px;\"     data-ad-client=\"ca-pub-2468002815867636\"     data-ad-slot=\"3955176166\"     data-ad-format=\"auto\"     data-full-width-responsive=\"true\"><\/ins><script> (adsbygoogle = window.adsbygoogle || []).push({});<\/script><h2 class=\"wp-block-heading\">Los comitentes<\/h2>\n\n\n\n<p><strong>Las grandes obras del Quattrocento, y sobre todo las pinturas<\/strong>, <strong>se realizan bajo encargo<\/strong>: se trata de grandes obras elaboradas para los pr\u00edncipes, las comunas o las \u00f3rdenes mendicantes y con programas iconogr\u00e1ficos religiosos o profanos. Se realizan grandes retablos para satisfacer a una demanda cada vez m\u00e1s creciente, a menudo emanando de ricos mercaderes que quieren consagrar una capilla a su familia. <strong>La intervenci\u00f3n del comitente es primordial para comprender la iconograf\u00eda de los frescos y los retablos<\/strong>, quien a menudo se hace representar y a veces acompa\u00f1ado del pintor. El mercader florentino Giovanni Rucellai pose\u00eda en su palacio numerosas obras encargadas a los m\u00e1s grandes maestros de la Toscana, como <a title=\"Filippo Lippi\" href=\"https:\/\/www.aparences.net\/es\/periodos\/el-quattrocento\/fra-filippo-lippi\/\">Filippo Lippi<\/a>, <strong>Verrocchio<\/strong>, <a title=\"hermanos Pollaiuolo\" href=\"https:\/\/www.aparences.net\/es\/periodos\/el-quattrocento\/el-arte-en-florencia-hacia-1480\/\">Pollaiuolo<\/a> y <a title=\"Paolo Uccello\" href=\"https:\/\/www.aparences.net\/es\/periodos\/el-quattrocento\/paolo-uccello\/\">Paolo Uccello<\/a>. Rucellai gastaba enormes sumas en la construcci\u00f3n y decoraci\u00f3n de las capillas de las iglesias. El encargo de un retablo para una iglesia o de un fresco para una capilla, cumple con las motivaciones del mecenas: el gusto por las im\u00e1genes, la virtud c\u00edvica y una cierta piedad, pero tambi\u00e9n el deseo de inmortalidad. En virtud del dinero que destina a la obra deseada, <strong>el mecenas influye en el proyecto del pintor, del arquitecto o del escultor<\/strong>. S\u00f3lo los peque\u00f1os cuadros de devoci\u00f3n privada y los muebles, como los cofres de bodas (los llamados <em>cassoni<\/em>) realizados en serie por los talleres de artistas la mayor parte desconocidos o con necesidad de trabajo, escapan a estos requisitos. <strong>La obra de arte es ante todo una transacci\u00f3n comercial<\/strong>, con un contrato debidamente firmado por ambas partes, donde el artista se compromete a seguir las directrices que contiene. As\u00ed, el patr\u00f3n tiene una idea muy clara del trabajo que quiere conseguir del artista, y con mucha frecuencia mantiene un contacto estrecho con el pintor o&nbsp; el escultor durante el desarrollo de los trabajos.<\/p>\n\n\n<div class=\"wp-block-image\">\n<figure class=\"aligncenter\"><img loading=\"lazy\" decoding=\"async\" width=\"234\" height=\"457\" src=\"https:\/\/www.aparences.net\/wp-content\/uploads\/2011\/05\/angelico-retable-linaioli-volets-ouverts.jpg\" alt=\"Tabern\u00e1culo Linaioli, Fra Angelico\" class=\"wp-image-22684\" title=\"Tabern\u00e1culo Linaioli, Fra Angelico\" srcset=\"https:\/\/www.aparences.net\/wp-content\/uploads\/2011\/05\/angelico-retable-linaioli-volets-ouverts.jpg 234w, https:\/\/www.aparences.net\/wp-content\/uploads\/2011\/05\/angelico-retable-linaioli-volets-ouverts-160x312.jpg 160w\" sizes=\"auto, (max-width: 234px) 100vw, 234px\" \/><figcaption class=\"wp-element-caption\"><em><strong>Tabern\u00e1culo Linaioli<\/strong>, <\/em><br><em><strong>Fra Angelico,<\/strong> 1443-1445 <\/em><br><em>(Florencia, Museo de San Marco)<\/em><\/figcaption><\/figure>\n<\/div>\n\n\n<p><em>Se trata de un tr\u00edptico encargado por el Gremio de los Tejedores (Linaioli). El modelo de madera para el tabern\u00e1culo fue dise\u00f1ado por Ghiberti. El contrato para pintar el tabern\u00e1culo dec\u00eda \u00abpor dentro y por fuera, de colores, oro, azul y plata, del mejor que se pueda encontrar\u00bb. El encargo a <a title=\"Fra Angelico\" href=\"https:\/\/www.aparences.net\/es\/periodos\/el-quattrocento\/fra-angelico\/\">Fra Angelico <\/a>del 2 de julio de 1443 estipulaba: \u00abpor la suma de ciento noventa florines de oro para el conjunto y la ejecuci\u00f3n, o por cualquier cantidad inferior a esta que su conciencia le dictar\u00eda de reclamar.\u00bb<\/em><\/p>\n\n\n\n<p><strong>A principios del<\/strong> <a href=\"https:\/\/www.aparences.net\/es\/periodos\/el-quattrocento\/\" data-type=\"link\" data-id=\"https:\/\/www.aparences.net\/es\/periodos\/el-quattrocento\/\">Quattrocento<\/a>, los contratos ejecutados en Florencia requieren la utilizaci\u00f3n de <strong>colores de gran calidad<\/strong>, en particular el m\u00e1s caro, <strong>el azul ultramar<\/strong>. Elaborado a partir de polvo de lapisl\u00e1zuli importado de Oriente, el azul ultramar era un producto apreciado por su intensidad y estabilidad, muy superior al azul extra\u00eddo del bicarbonato de cobre. Se utilizaba para resaltar un personaje o una escena, un gesto o un objeto importante en una pintura o en un fresco. El azul ultramar se suele especificar en los contratos en numero de florines por onza. <strong>La disminuci\u00f3n del oro y de colores caros a medida que avanza el siglo XV<\/strong>, pierde importancia para los maestros florentinos y <strong>marca un cambio significativo en la evoluci\u00f3n del arte del Renacimiento<\/strong> y de la historia de los comportamientos ostentosos. Poco a poco, los paisajes sustituyen al oro y al azul ultramar como fondo del cuadro. El mecenas se vuelve exigente con los artistas para pintar las monta\u00f1as y llanuras, castillos y ciudades, r\u00edos y aves. Ya sea comerciante o pr\u00edncipe, el hombre del Quattrocento compra m\u00e1s el prestigio o la habilidad del pintor, que el oro o los colores caros. Hacia finales del siglo XV, cuando el duque de Mil\u00e1n est\u00e1 buscando artistas para decorar la Cartuja de Pav\u00eda, su representante en Florencia le sugiere los cuatro artistas cuya fama era la que m\u00e1s brillaba: <a title=\"Sandro Botticelli\" href=\"https:\/\/www.aparences.net\/es\/periodos\/el-quattrocento\/sandro-botticelli\/\">Botticelli<\/a>, <strong>Filippino Lippi<\/strong>, <strong>Perugino<\/strong> y <a title=\"Domenico Ghirlandaio\" href=\"https:\/\/www.aparences.net\/es\/arte-y-mecenazgo\/los-fresquistas-florentinos\/frescos-de-domenico-ghirlandaio\/\">Ghirlandaio<\/a>. Todos, dice, \u00abhan trabajado para <a title=\"Lorenzo el Magn\u00edfico\" href=\"https:\/\/www.aparences.net\/es\/arte-y-mecenazgo\/florencia-y-los-medicis\/lorenzo-el-magnifico\/\">Lorenzo el Magn\u00edfico<\/a> y no podr\u00edamos decir cual de ellos es el mejor\u00bb. De esa manera, <strong>los mecenas provocan una especia de competici\u00f3n entre los artistas<\/strong>, distingui\u00e9ndoles tanto por la calidad de su obra como por su propio temperamento o modo de vida.<\/p>\n\n\n<div class=\"wp-block-image\">\n<figure class=\"aligncenter\"><img loading=\"lazy\" decoding=\"async\" width=\"589\" height=\"460\" src=\"https:\/\/www.aparences.net\/wp-content\/uploads\/2011\/05\/sandro-botticelli-adorazione-dei-magi-1475.jpg\" alt=\"La adoraci\u00f3n de los Magos, 1475, Sandro Botticelli\" class=\"wp-image-22399\" title=\"La adoraci\u00f3n de los Magos, 1475, Sandro Botticelli\" srcset=\"https:\/\/www.aparences.net\/wp-content\/uploads\/2011\/05\/sandro-botticelli-adorazione-dei-magi-1475.jpg 589w, https:\/\/www.aparences.net\/wp-content\/uploads\/2011\/05\/sandro-botticelli-adorazione-dei-magi-1475-160x125.jpg 160w\" sizes=\"auto, (max-width: 589px) 100vw, 589px\" \/><figcaption class=\"wp-element-caption\"><em><strong>La adoraci\u00f3n de los Magos<\/strong>, detalle, 1475, <strong>Sandro Botticelli<\/strong> (Florencia, Galleria degli Uffizi)<\/em><\/figcaption><\/figure>\n<\/div>\n\n\n<p><em>La Epifan\u00eda era uno de los temas preferidos de los mecenas a quienes les encanta mostrar su devoci\u00f3n a Jes\u00fas, nacido en la pobreza. El comitente, de cabellos blancos y mirando al espectador, es Gaspare di Zanobi del Lama, de la Corporaci\u00f3n de los Cambistas de la que forman parte los M\u00e9dicis. En 1475, Botticelli convierte esta Adoraci\u00f3n de los Magos en un homenaje a los M\u00e9dicis y a sus allegados. En esta escena, que tiene m\u00e1s de reuni\u00f3n pol\u00edtica que de evento sagrado, Botticelli tambi\u00e9n se representa con su <a href=\"https:\/\/www.aparences.net\/es\/arte-y-mecenazgo\/el-retrato-en-el-renacimiento-italiano\/el-autorretrato-en-el-quattrocento\/\">autorretrato<\/a> (en el extremo derecho vestido de amarillo y mirando al espectador).<br><\/em><\/p>\n\n\n<div class=\"wp-block-image\">\n<figure class=\"aligncenter\"><img loading=\"lazy\" decoding=\"async\" width=\"553\" height=\"460\" src=\"https:\/\/www.aparences.net\/wp-content\/uploads\/2011\/05\/angelico-adoration-des-mages-reliquaire-santa-maria-novella.jpg\" alt=\"Adoraci\u00f3n de los Magos, 1434, \nFra Angelico\" class=\"wp-image-22686\" title=\"Adoraci\u00f3n de los Magos, 1434,  Fra Angelico\" srcset=\"https:\/\/www.aparences.net\/wp-content\/uploads\/2011\/05\/angelico-adoration-des-mages-reliquaire-santa-maria-novella.jpg 553w, https:\/\/www.aparences.net\/wp-content\/uploads\/2011\/05\/angelico-adoration-des-mages-reliquaire-santa-maria-novella-160x133.jpg 160w\" sizes=\"auto, (max-width: 553px) 100vw, 553px\" \/><figcaption class=\"wp-element-caption\"><em><strong>Relicario de Santa Maria Novella, <\/strong>detalle con la<strong> Adoraci\u00f3n de los Magos<\/strong>, 1434, <strong>Fra Angelico<\/strong> (Florencia, Museo de San Marcos)<\/em><\/figcaption><\/figure>\n<\/div>\n\n\n<p><em>Durante el Quattrocento, se van abandonando el oro y los materiales preciosos acordando mayor importancia al talento del pintor. Utilizado a menudo por el Angelico como en este caso, el oro desaparecer\u00e1 paulatinamente de los cuadros siendo reemplazado por paisajes.<\/em><\/p>\n\n\n\n<p><strong>La mayor\u00eda de las obras<\/strong> que marcan la historia de la arquitectura y la pintura del Quattrocento, <strong>son obras religiosas<\/strong>. Se construyen o se renuevan muchas iglesias a petici\u00f3n de un donante secular. <a title=\"Cosme de M\u00e9dicis\" href=\"https:\/\/www.aparences.net\/es\/arte-y-mecenazgo\/florencia-y-los-medicis\/cosme-el-viejo\/\">Cosme de M\u00e9dicis<\/a> <strong>es el promotor de San Lorenzo<\/strong>, <strong>San Marcos<\/strong>, <strong>la Abad\u00eda florentina<\/strong> y el <strong>noviciado de Santa Croce<\/strong> en Florencia. Las familias mas modestas hacen erigir altares o capillas, como el de Santa Maria degli Angioli y <strong>la Capilla Pazzi por<\/strong> <a title=\"Brunelleschi\" href=\"https:\/\/www.aparences.net\/es\/periodos\/el-quattrocento\/los-arquitectos-del-quattrocento-en-florencia\/\">Brunelleschi<\/a>. De donaciones an\u00e1logas proceden los <a href=\"https:\/\/www.aparences.net\/es\/arte-y-mecenazgo\/los-fresquistas-florentinos\/frescos-de-masolino-y-fra-angelico\/#masolino-y-masaccio:-frescos-de-la-capilla-brancacci\">frescos de la Capilla Brancacci<\/a> pintados por <strong>Masolino y Masaccio<\/strong> en Florencia, o la <em><a title=\"Leyenda de la Vera Cruz \" href=\"https:\/\/www.aparences.net\/es\/arte-y-mecenazgo\/los-fresquistas-florentinos\/piero-della-francesca-historia-de-una-sintesis\/\">Leyenda de la Vera Cruz<\/a><\/em> de <strong>Piero della Francesca<\/strong> en Arezzo. En cuanto a las pinturas, ellas deben cumplir funciones espec\u00edficas de conformidad con los requisitos relativos a las im\u00e1genes sagradas: educar a la gente para preservar la memoria religiosa, mediante la exposici\u00f3n a los ojos de los fieles los misterios de la Historia Sagrada con el prop\u00f3sito de mover a devoci\u00f3n. El trabajo del pintor consiste en representar esos episodios sagrados, <strong>aunque a veces <\/strong><a href=\"https:\/\/www.aparences.net\/es\/periodos\/el-quattrocento\/\" data-type=\"link\" data-id=\"https:\/\/www.aparences.net\/es\/periodos\/el-quattrocento\/\">el arte del Quattrocento<\/a> <strong>tambi\u00e9n es profano<\/strong>.<\/p>\n\n\n<div class=\"wp-block-image\">\n<figure class=\"aligncenter\"><img loading=\"lazy\" decoding=\"async\" width=\"473\" height=\"403\" src=\"https:\/\/www.aparences.net\/wp-content\/uploads\/2011\/05\/filippino-lippi-portraits-santa-maria-del-carmine-florence-fresque.jpg\" alt=\"Presunto retrato de Botticelli, 1484, Filippino Lippi\" class=\"wp-image-22403\" title=\"Presunto retrato de Botticelli, 1484, Filippino Lippi\" srcset=\"https:\/\/www.aparences.net\/wp-content\/uploads\/2011\/05\/filippino-lippi-portraits-santa-maria-del-carmine-florence-fresque.jpg 473w, https:\/\/www.aparences.net\/wp-content\/uploads\/2011\/05\/filippino-lippi-portraits-santa-maria-del-carmine-florence-fresque-160x136.jpg 160w\" sizes=\"auto, (max-width: 473px) 100vw, 473px\" \/><figcaption class=\"wp-element-caption\"><em><strong>Presunto retrato de Botticelli <\/strong>en La Disputa de san Pedro con Sim\u00f3n el Mago, c. 1484, <strong>Filippino Lippi<\/strong> <\/em><br><em>(Florencia, Santa Maria del Carmine)<\/em><\/figcaption><\/figure>\n<\/div>\n\n\n<p><em>En el centro de este fresco que ilustra dos episodios de la vida de san Pedro, <strong>Filippino Lippi<\/strong> ha querido homenajear a su maestro <strong>Botticelli<\/strong>, desliz\u00e1ndo su <a href=\"https:\/\/www.aparences.net\/es\/arte-y-mecenazgo\/el-retrato-en-el-renacimiento-italiano\/\">retrato<\/a> en medio de un grupo de personas. El Quattrocento ha consagrado la vocaci\u00f3n del artista, consciente \u00e9l mismo de ser al origen del Renacimiento.<\/em><\/p>\n\n\n\n<p><strong>Los artistas del siglo XV<\/strong>, se hallan a menudo asociados en compa\u00f1\u00edas o en comunidades de taller, <strong>gozan de una gran estima y ostentan un cierto orgullo de casta<\/strong>. Todos son conscientes de vivir una gran \u00e9poca de creaci\u00f3n art\u00edstica, como lo demuestra <strong>Leon Battista Alberti<\/strong> dedicando en estos t\u00e9rminos su <em>Tratado de pintura<\/em> de 1435 a <strong>Brunelleschi<\/strong>:<\/p>\n\n\n\n<p>\u00abPero cuando tras el largo exilio, en que fuimos vejados nosotros los Alberti, llegu\u00e9 a nuestra patria, la m\u00e1s ornada por encima de las otras, comprend\u00ed que en muchos, pero primero en ti, <strong>Filippo<\/strong> (Brunelleschi), y en nuestro amigo el escultor <strong>Donato<\/strong> (Donatello), y en otros como Nencio y Luca y <strong>Masaccio<\/strong>, hab\u00eda un ingenio encomiable en nada menor al que hab\u00eda sido antiguo y famoso en estas artes. Por tanto, he intentado con avidez en nuestra industria y diligencia, no menos que en beneficio de la naturaleza y de los tiempos, poder conseguir una alabanza que sea virtud. Confieso que a los antiguos, teniendo como ten\u00edan abundancia de que ampararse e imitar, les era menos dif\u00edcil alcanzar el conocimiento de las supremas artes, las cuales hoy a nosotros nos es fatigos\u00edsimo; pero es por ello por lo que nuestro nombre debe ser m\u00e1s grande, si nosotros sin protectores, sin ejemplo alguno, encontramos artes y ciencias inauditas y nunca vistas.\u00bb<\/p>\n","protected":false},"excerpt":{"rendered":"<p>Fue en Italia donde se desarroll\u00f3 a mediados del siglo XV un gran movimiento cultural, el Renacimiento.<\/p>\n","protected":false},"author":2,"featured_media":26446,"comment_status":"closed","ping_status":"closed","sticky":false,"template":"","format":"standard","meta":{"footnotes":""},"categories":[2696],"tags":[5408,5404,5405,5406,5407,5410,5409,2671],"class_list":["post-13318","post","type-post","status-publish","format-standard","has-post-thumbnail","hentry","category-el-quattrocento","tag-centros-artisticos-del-quattrocento","tag-comitentes-en-el-quattrocento","tag-el-movimiento-renacentista","tag-el-quattrocento","tag-el-renacimiento-en-florencia","tag-la-union-del-arte-y-la-ciencia","tag-renacimiento-italiano","tag-union-arte-y-ciencia"],"yoast_head":"<!-- This site is optimized with the Yoast SEO plugin v27.2 - https:\/\/yoast.com\/product\/yoast-seo-wordpress\/ -->\n<title>El Renacimiento en Florencia: el Quattrocento<\/title>\n<meta name=\"description\" content=\"Fue en Florencia donde se desarroll\u00f3 a mediados del siglo XV (Quattrocento) un gran movimiento cultural, el Renacimiento.\" \/>\n<meta name=\"robots\" content=\"index, follow, max-snippet:-1, max-image-preview:large, max-video-preview:-1\" \/>\n<link rel=\"canonical\" href=\"https:\/\/www.aparences.net\/es\/periodos\/el-quattrocento\/el-renacimiento-en-florencia-el-quattrocento\/\" \/>\n<meta property=\"og:locale\" content=\"es_ES\" \/>\n<meta property=\"og:type\" content=\"article\" \/>\n<meta property=\"og:title\" content=\"El Renacimiento en Florencia: el Quattrocento\" \/>\n<meta property=\"og:description\" content=\"Fue en Florencia donde se desarroll\u00f3 a mediados del siglo XV (Quattrocento) un gran movimiento cultural, el Renacimiento.\" \/>\n<meta property=\"og:url\" content=\"https:\/\/www.aparences.net\/es\/periodos\/el-quattrocento\/el-renacimiento-en-florencia-el-quattrocento\/\" \/>\n<meta property=\"og:site_name\" content=\"Aparences\" \/>\n<meta property=\"article:published_time\" content=\"2011-05-28T09:58:17+00:00\" \/>\n<meta property=\"article:modified_time\" content=\"2025-12-11T18:40:56+00:00\" \/>\n<meta property=\"og:image\" content=\"https:\/\/www.aparences.net\/wp-content\/uploads\/2011\/05\/quattrocento-florence.jpg\" \/>\n\t<meta property=\"og:image:width\" content=\"1080\" \/>\n\t<meta property=\"og:image:height\" content=\"540\" \/>\n\t<meta property=\"og:image:type\" content=\"image\/jpeg\" \/>\n<meta name=\"author\" content=\"admin\" \/>\n<meta name=\"twitter:card\" content=\"summary_large_image\" \/>\n<meta name=\"twitter:label1\" content=\"Escrito por\" \/>\n\t<meta name=\"twitter:data1\" content=\"admin\" \/>\n\t<meta name=\"twitter:label2\" content=\"Tiempo de lectura\" \/>\n\t<meta name=\"twitter:data2\" content=\"20 minutos\" \/>\n<script type=\"application\/ld+json\" class=\"yoast-schema-graph\">{\"@context\":\"https:\/\/schema.org\",\"@graph\":[{\"@type\":\"Article\",\"@id\":\"https:\/\/www.aparences.net\/es\/periodos\/el-quattrocento\/el-renacimiento-en-florencia-el-quattrocento\/#article\",\"isPartOf\":{\"@id\":\"https:\/\/www.aparences.net\/es\/periodos\/el-quattrocento\/el-renacimiento-en-florencia-el-quattrocento\/\"},\"author\":{\"name\":\"admin\",\"@id\":\"https:\/\/www.aparences.net\/es\/#\/schema\/person\/af349f6ffc31b16c68963e61268afca5\"},\"headline\":\"El Renacimiento en Florencia: el Quattrocento\",\"datePublished\":\"2011-05-28T09:58:17+00:00\",\"dateModified\":\"2025-12-11T18:40:56+00:00\",\"mainEntityOfPage\":{\"@id\":\"https:\/\/www.aparences.net\/es\/periodos\/el-quattrocento\/el-renacimiento-en-florencia-el-quattrocento\/\"},\"wordCount\":3836,\"publisher\":{\"@id\":\"https:\/\/www.aparences.net\/es\/#organization\"},\"image\":{\"@id\":\"https:\/\/www.aparences.net\/es\/periodos\/el-quattrocento\/el-renacimiento-en-florencia-el-quattrocento\/#primaryimage\"},\"thumbnailUrl\":\"https:\/\/www.aparences.net\/wp-content\/uploads\/2011\/05\/quattrocento-florence.jpg\",\"keywords\":[\"centros art\u00edsticos del Quattrocento\",\"Comitentes en el Quattrocento\",\"el movimiento renacentista\",\"el Quattrocento\",\"el Renacimiento en Florencia\",\"la uni\u00f3n del arte y la ciencia\",\"renacimiento italiano\",\"uni\u00f3n arte y ciencia\"],\"articleSection\":[\"El Quattrocento\"],\"inLanguage\":\"es\"},{\"@type\":[\"WebPage\",\"ItemPage\"],\"@id\":\"https:\/\/www.aparences.net\/es\/periodos\/el-quattrocento\/el-renacimiento-en-florencia-el-quattrocento\/\",\"url\":\"https:\/\/www.aparences.net\/es\/periodos\/el-quattrocento\/el-renacimiento-en-florencia-el-quattrocento\/\",\"name\":\"El Renacimiento en Florencia: el Quattrocento\",\"isPartOf\":{\"@id\":\"https:\/\/www.aparences.net\/es\/#website\"},\"primaryImageOfPage\":{\"@id\":\"https:\/\/www.aparences.net\/es\/periodos\/el-quattrocento\/el-renacimiento-en-florencia-el-quattrocento\/#primaryimage\"},\"image\":{\"@id\":\"https:\/\/www.aparences.net\/es\/periodos\/el-quattrocento\/el-renacimiento-en-florencia-el-quattrocento\/#primaryimage\"},\"thumbnailUrl\":\"https:\/\/www.aparences.net\/wp-content\/uploads\/2011\/05\/quattrocento-florence.jpg\",\"datePublished\":\"2011-05-28T09:58:17+00:00\",\"dateModified\":\"2025-12-11T18:40:56+00:00\",\"description\":\"Fue en Florencia donde se desarroll\u00f3 a mediados del siglo XV (Quattrocento) un gran movimiento cultural, el Renacimiento.\",\"breadcrumb\":{\"@id\":\"https:\/\/www.aparences.net\/es\/periodos\/el-quattrocento\/el-renacimiento-en-florencia-el-quattrocento\/#breadcrumb\"},\"inLanguage\":\"es\",\"potentialAction\":[{\"@type\":\"ReadAction\",\"target\":[\"https:\/\/www.aparences.net\/es\/periodos\/el-quattrocento\/el-renacimiento-en-florencia-el-quattrocento\/\"]}]},{\"@type\":\"ImageObject\",\"inLanguage\":\"es\",\"@id\":\"https:\/\/www.aparences.net\/es\/periodos\/el-quattrocento\/el-renacimiento-en-florencia-el-quattrocento\/#primaryimage\",\"url\":\"https:\/\/www.aparences.net\/wp-content\/uploads\/2011\/05\/quattrocento-florence.jpg\",\"contentUrl\":\"https:\/\/www.aparences.net\/wp-content\/uploads\/2011\/05\/quattrocento-florence.jpg\",\"width\":1080,\"height\":540},{\"@type\":\"BreadcrumbList\",\"@id\":\"https:\/\/www.aparences.net\/es\/periodos\/el-quattrocento\/el-renacimiento-en-florencia-el-quattrocento\/#breadcrumb\",\"itemListElement\":[{\"@type\":\"ListItem\",\"position\":1,\"name\":\"Portada\",\"item\":\"https:\/\/www.aparences.net\/es\/\"},{\"@type\":\"ListItem\",\"position\":2,\"name\":\"El Renacimiento en Florencia: el Quattrocento\"}]},{\"@type\":\"WebSite\",\"@id\":\"https:\/\/www.aparences.net\/es\/#website\",\"url\":\"https:\/\/www.aparences.net\/es\/\",\"name\":\"Aparences: Historia del Arte y Actualidad Cultural\",\"description\":\"\",\"publisher\":{\"@id\":\"https:\/\/www.aparences.net\/es\/#organization\"},\"potentialAction\":[{\"@type\":\"SearchAction\",\"target\":{\"@type\":\"EntryPoint\",\"urlTemplate\":\"https:\/\/www.aparences.net\/es\/?s={search_term_string}\"},\"query-input\":{\"@type\":\"PropertyValueSpecification\",\"valueRequired\":true,\"valueName\":\"search_term_string\"}}],\"inLanguage\":\"es\"},{\"@type\":\"Organization\",\"@id\":\"https:\/\/www.aparences.net\/es\/#organization\",\"name\":\"Aparences: Historia del Arte y Actualidad Cultural\",\"url\":\"https:\/\/www.aparences.net\/es\/\",\"logo\":{\"@type\":\"ImageObject\",\"inLanguage\":\"es\",\"@id\":\"https:\/\/www.aparences.net\/es\/#\/schema\/logo\/image\/\",\"url\":\"https:\/\/www.aparences.net\/wp-content\/uploads\/2023\/09\/logo-quadrat-color-e1695915315229.png\",\"contentUrl\":\"https:\/\/www.aparences.net\/wp-content\/uploads\/2023\/09\/logo-quadrat-color-e1695915315229.png\",\"width\":120,\"height\":120,\"caption\":\"Aparences: Historia del Arte y Actualidad Cultural\"},\"image\":{\"@id\":\"https:\/\/www.aparences.net\/es\/#\/schema\/logo\/image\/\"}},{\"@type\":\"Person\",\"@id\":\"https:\/\/www.aparences.net\/es\/#\/schema\/person\/af349f6ffc31b16c68963e61268afca5\",\"name\":\"admin\",\"url\":\"https:\/\/www.aparences.net\/es\/author\/admin\/\"}]}<\/script>\n<!-- \/ Yoast SEO plugin. -->","yoast_head_json":{"title":"El Renacimiento en Florencia: el Quattrocento","description":"Fue en Florencia donde se desarroll\u00f3 a mediados del siglo XV (Quattrocento) un gran movimiento cultural, el Renacimiento.","robots":{"index":"index","follow":"follow","max-snippet":"max-snippet:-1","max-image-preview":"max-image-preview:large","max-video-preview":"max-video-preview:-1"},"canonical":"https:\/\/www.aparences.net\/es\/periodos\/el-quattrocento\/el-renacimiento-en-florencia-el-quattrocento\/","og_locale":"es_ES","og_type":"article","og_title":"El Renacimiento en Florencia: el Quattrocento","og_description":"Fue en Florencia donde se desarroll\u00f3 a mediados del siglo XV (Quattrocento) un gran movimiento cultural, el Renacimiento.","og_url":"https:\/\/www.aparences.net\/es\/periodos\/el-quattrocento\/el-renacimiento-en-florencia-el-quattrocento\/","og_site_name":"Aparences","article_published_time":"2011-05-28T09:58:17+00:00","article_modified_time":"2025-12-11T18:40:56+00:00","og_image":[{"width":1080,"height":540,"url":"https:\/\/www.aparences.net\/wp-content\/uploads\/2011\/05\/quattrocento-florence.jpg","type":"image\/jpeg"}],"author":"admin","twitter_card":"summary_large_image","twitter_misc":{"Escrito por":"admin","Tiempo de lectura":"20 minutos"},"schema":{"@context":"https:\/\/schema.org","@graph":[{"@type":"Article","@id":"https:\/\/www.aparences.net\/es\/periodos\/el-quattrocento\/el-renacimiento-en-florencia-el-quattrocento\/#article","isPartOf":{"@id":"https:\/\/www.aparences.net\/es\/periodos\/el-quattrocento\/el-renacimiento-en-florencia-el-quattrocento\/"},"author":{"name":"admin","@id":"https:\/\/www.aparences.net\/es\/#\/schema\/person\/af349f6ffc31b16c68963e61268afca5"},"headline":"El Renacimiento en Florencia: el Quattrocento","datePublished":"2011-05-28T09:58:17+00:00","dateModified":"2025-12-11T18:40:56+00:00","mainEntityOfPage":{"@id":"https:\/\/www.aparences.net\/es\/periodos\/el-quattrocento\/el-renacimiento-en-florencia-el-quattrocento\/"},"wordCount":3836,"publisher":{"@id":"https:\/\/www.aparences.net\/es\/#organization"},"image":{"@id":"https:\/\/www.aparences.net\/es\/periodos\/el-quattrocento\/el-renacimiento-en-florencia-el-quattrocento\/#primaryimage"},"thumbnailUrl":"https:\/\/www.aparences.net\/wp-content\/uploads\/2011\/05\/quattrocento-florence.jpg","keywords":["centros art\u00edsticos del Quattrocento","Comitentes en el Quattrocento","el movimiento renacentista","el Quattrocento","el Renacimiento en Florencia","la uni\u00f3n del arte y la ciencia","renacimiento italiano","uni\u00f3n arte y ciencia"],"articleSection":["El Quattrocento"],"inLanguage":"es"},{"@type":["WebPage","ItemPage"],"@id":"https:\/\/www.aparences.net\/es\/periodos\/el-quattrocento\/el-renacimiento-en-florencia-el-quattrocento\/","url":"https:\/\/www.aparences.net\/es\/periodos\/el-quattrocento\/el-renacimiento-en-florencia-el-quattrocento\/","name":"El Renacimiento en Florencia: el Quattrocento","isPartOf":{"@id":"https:\/\/www.aparences.net\/es\/#website"},"primaryImageOfPage":{"@id":"https:\/\/www.aparences.net\/es\/periodos\/el-quattrocento\/el-renacimiento-en-florencia-el-quattrocento\/#primaryimage"},"image":{"@id":"https:\/\/www.aparences.net\/es\/periodos\/el-quattrocento\/el-renacimiento-en-florencia-el-quattrocento\/#primaryimage"},"thumbnailUrl":"https:\/\/www.aparences.net\/wp-content\/uploads\/2011\/05\/quattrocento-florence.jpg","datePublished":"2011-05-28T09:58:17+00:00","dateModified":"2025-12-11T18:40:56+00:00","description":"Fue en Florencia donde se desarroll\u00f3 a mediados del siglo XV (Quattrocento) un gran movimiento cultural, el Renacimiento.","breadcrumb":{"@id":"https:\/\/www.aparences.net\/es\/periodos\/el-quattrocento\/el-renacimiento-en-florencia-el-quattrocento\/#breadcrumb"},"inLanguage":"es","potentialAction":[{"@type":"ReadAction","target":["https:\/\/www.aparences.net\/es\/periodos\/el-quattrocento\/el-renacimiento-en-florencia-el-quattrocento\/"]}]},{"@type":"ImageObject","inLanguage":"es","@id":"https:\/\/www.aparences.net\/es\/periodos\/el-quattrocento\/el-renacimiento-en-florencia-el-quattrocento\/#primaryimage","url":"https:\/\/www.aparences.net\/wp-content\/uploads\/2011\/05\/quattrocento-florence.jpg","contentUrl":"https:\/\/www.aparences.net\/wp-content\/uploads\/2011\/05\/quattrocento-florence.jpg","width":1080,"height":540},{"@type":"BreadcrumbList","@id":"https:\/\/www.aparences.net\/es\/periodos\/el-quattrocento\/el-renacimiento-en-florencia-el-quattrocento\/#breadcrumb","itemListElement":[{"@type":"ListItem","position":1,"name":"Portada","item":"https:\/\/www.aparences.net\/es\/"},{"@type":"ListItem","position":2,"name":"El Renacimiento en Florencia: el Quattrocento"}]},{"@type":"WebSite","@id":"https:\/\/www.aparences.net\/es\/#website","url":"https:\/\/www.aparences.net\/es\/","name":"Aparences: Historia del Arte y Actualidad Cultural","description":"","publisher":{"@id":"https:\/\/www.aparences.net\/es\/#organization"},"potentialAction":[{"@type":"SearchAction","target":{"@type":"EntryPoint","urlTemplate":"https:\/\/www.aparences.net\/es\/?s={search_term_string}"},"query-input":{"@type":"PropertyValueSpecification","valueRequired":true,"valueName":"search_term_string"}}],"inLanguage":"es"},{"@type":"Organization","@id":"https:\/\/www.aparences.net\/es\/#organization","name":"Aparences: Historia del Arte y Actualidad Cultural","url":"https:\/\/www.aparences.net\/es\/","logo":{"@type":"ImageObject","inLanguage":"es","@id":"https:\/\/www.aparences.net\/es\/#\/schema\/logo\/image\/","url":"https:\/\/www.aparences.net\/wp-content\/uploads\/2023\/09\/logo-quadrat-color-e1695915315229.png","contentUrl":"https:\/\/www.aparences.net\/wp-content\/uploads\/2023\/09\/logo-quadrat-color-e1695915315229.png","width":120,"height":120,"caption":"Aparences: Historia del Arte y Actualidad Cultural"},"image":{"@id":"https:\/\/www.aparences.net\/es\/#\/schema\/logo\/image\/"}},{"@type":"Person","@id":"https:\/\/www.aparences.net\/es\/#\/schema\/person\/af349f6ffc31b16c68963e61268afca5","name":"admin","url":"https:\/\/www.aparences.net\/es\/author\/admin\/"}]}},"_links":{"self":[{"href":"https:\/\/www.aparences.net\/es\/wp-json\/wp\/v2\/posts\/13318","targetHints":{"allow":["GET"]}}],"collection":[{"href":"https:\/\/www.aparences.net\/es\/wp-json\/wp\/v2\/posts"}],"about":[{"href":"https:\/\/www.aparences.net\/es\/wp-json\/wp\/v2\/types\/post"}],"author":[{"embeddable":true,"href":"https:\/\/www.aparences.net\/es\/wp-json\/wp\/v2\/users\/2"}],"replies":[{"embeddable":true,"href":"https:\/\/www.aparences.net\/es\/wp-json\/wp\/v2\/comments?post=13318"}],"version-history":[{"count":0,"href":"https:\/\/www.aparences.net\/es\/wp-json\/wp\/v2\/posts\/13318\/revisions"}],"wp:featuredmedia":[{"embeddable":true,"href":"https:\/\/www.aparences.net\/es\/wp-json\/wp\/v2\/media\/26446"}],"wp:attachment":[{"href":"https:\/\/www.aparences.net\/es\/wp-json\/wp\/v2\/media?parent=13318"}],"wp:term":[{"taxonomy":"category","embeddable":true,"href":"https:\/\/www.aparences.net\/es\/wp-json\/wp\/v2\/categories?post=13318"},{"taxonomy":"post_tag","embeddable":true,"href":"https:\/\/www.aparences.net\/es\/wp-json\/wp\/v2\/tags?post=13318"}],"curies":[{"name":"wp","href":"https:\/\/api.w.org\/{rel}","templated":true}]}}