{"id":13322,"date":"2011-08-13T23:27:18","date_gmt":"2011-08-13T21:27:18","guid":{"rendered":"https:\/\/www.aparences.net\/periodes\/art-moderne\/el-surrealismo\/"},"modified":"2025-12-11T19:40:56","modified_gmt":"2025-12-11T18:40:56","slug":"el-surrealismo","status":"publish","type":"post","link":"https:\/\/www.aparences.net\/es\/periodos\/arte-moderno\/el-surrealismo\/","title":{"rendered":"El surrealismo"},"content":{"rendered":"<p><!--contents--><\/p>\n\n\n<h2 class=\"wp-block-heading\">El poder de los sue\u00f1os<\/h2>\n\n\n\n<p>El surrealismo puede ser considerado como una doctrina moral y est\u00e9tica, formado en Par\u00eds, y teorizado por Andr\u00e9 Breton en 1924 en el <em>Primer Manifiesto del Surrealismo<\/em>. En pintura, sus fuentes de inspiraci\u00f3n son el ready-made de Marcel Duchamp y los <em>Interiores metaf\u00edsicos<\/em> (1911-1918) de <a href=\"https:\/\/www.aparences.net\/es\/periodos\/arte-moderno-anexos\/de-chirico-metafisico\/\">Giorgio de Chirico<\/a>. Como en el caso del <a href=\"https:\/\/www.aparences.net\/es\/periodos\/arte-moderno\/dada\/\">dada\u00edsmo<\/a>, el surrealismo se posiciona contra el discurso oficial, y se rebela contra el arte por el arte.<\/p>\n\n\n\n<p> Por otro lado, Breton toma en cuenta el descubrimiento del psicoan\u00e1lisis y sostiene la importancia de los sue\u00f1os en la creaci\u00f3n art\u00edstica. A partir de 1919, Breton, Soupault, Arag\u00f3n y <a href=\"https:\/\/es.wikipedia.org\/wiki\/Paul_%C3%89luard\">\u00c9luard<\/a> colaboran en la revista dada\u00edsta \u00ab391\u00bb, publicada por <a href=\"https:\/\/www.aparences.net\/es\/periodos\/arte-moderno\/dada\/#francis-picabia\">Francis Picabia<\/a> a su regreso de Barcelona. La tipograf\u00eda de las revistas dada\u00edstas anticipan el dise\u00f1o de las revistas surrealistas. En 1924, se re\u00fanen poetas y artistas y publican la revista <em>Revoluci\u00f3n surrealista<\/em>. En 1925, tres pintores (Ernst, Malkine y Masson) entre otros veintis\u00e9is firmantes, firman la llamada \u00abDeclaraci\u00f3n del 27 de enero de 1925\u00bb donde se dice que \u00abel surrealismo es un medio de liberaci\u00f3n total del esp\u00edritu y de todo lo que se le parezca\u00bb.<\/p>\n\n\n<div class=\"wp-block-image\">\n<figure class=\"aligncenter size-full\"><img loading=\"lazy\" decoding=\"async\" width=\"534\" height=\"430\" src=\"https:\/\/www.aparences.net\/wp-content\/uploads\/2023\/11\/masson-dans-la-tour.webp\" alt=\"En la torre del sue\u00f1o, Andr\u00e9 Masson\" class=\"wp-image-28548\" title=\"En la torre del sue\u00f1o, Andr\u00e9 Masson\"\/><figcaption class=\"wp-element-caption\"><em><strong>En la torre del sue\u00f1o, <\/strong>1938<strong>, Andr\u00e9 Masson<\/strong> (Colecci\u00f3n privada)<\/em><\/figcaption><\/figure>\n<\/div>\n\n\n<p>Los surrealistas reivindican a numerosos precursores para legitimar sus esfuerzos: <a title=\"El Bosco\" href=\"https:\/\/www.aparences.net\/es\/periodos\/el-renacimiento-nordico\/el-bosco\/\">El Bosco<\/a>, <a title=\"Bruegel\" href=\"https:\/\/www.aparences.net\/es\/periodos\/el-renacimiento-nordico\/pieter-bruegel\/\">Bruegel<\/a>, <a href=\"https:\/\/es.wikipedia.org\/wiki\/Giovanni_Battista_Piranesi\">Giovanni Battista Piranesi<\/a> y sus prisiones laber\u00ednticas; el pintor suizo de pesadillas, F\u00fcssli, <a href=\"https:\/\/www.aparences.net\/es\/periodos\/rococo\/la-pintura-inglesa\/#william-blake:-un-esp%C3%ADritu-rebelde-y-visionario\">William Blake<\/a>, <a href=\"https:\/\/www.aparences.net\/es\/periodos\/rococo\/francisco-de-goya\/\">Goya<\/a>; los artistas franceses Redon, Henry Rousseau y Moreau, mentor de los <a title=\"fauvistas\" href=\"https:\/\/www.aparences.net\/es\/periodos\/arte-moderno\/el-fauvismo\/\">fauvistas<\/a>, y finalmente las primeras obras de <a title=\"Marc Chagall\" href=\"https:\/\/www.aparences.net\/es\/periodos\/arte-moderno\/la-escuela-de-paris\/#marc-chagall\">Marc Chagall<\/a>, <a href=\"https:\/\/www.aparences.net\/es\/periodos\/der-blaue-reiter\/#paul-klee\">Paul Klee<\/a>, algunas obras de <a href=\"https:\/\/www.aparences.net\/es\/periodos\/arte-moderno\/cubismo\/#fernand-l%C3%A9ger\">Fernand Leger<\/a>. Fueron evocados tambi\u00e9n los \u00abpoetas malditos\u00bb desde <strong>Rimbaud<\/strong> y Baudelaire hasta <a href=\"https:\/\/es.wikipedia.org\/wiki\/Conde_de_Lautr%C3%A9amont\">Lautr\u00e9amont<\/a> y el Marqu\u00e9s de Sade. Se han establecido tambi\u00e9n conexiones entre el surrealismo y el <a title=\"Manierismo\" href=\"https:\/\/www.aparences.net\/es\/periodos\/el-manierismo\/\">manierismo<\/a> hist\u00f3rico, con artistas como Arcimboldo, pintor en la corte de Rodolfo II de Praga, que en cierto sentido se anticip\u00f3 al grotesco humor negro de los surrealistas.<\/p>\n\n\n<div class=\"wp-block-image\">\n<figure class=\"aligncenter size-full\"><img loading=\"lazy\" decoding=\"async\" width=\"620\" height=\"413\" src=\"https:\/\/www.aparences.net\/wp-content\/uploads\/2023\/11\/ernst-reunion-des-amis.webp\" alt=\"La reuni\u00f3n de los amigos, 1923-1924, Max Ernst, Cologne, Mus\u00e9e Ludwig\" class=\"wp-image-28550\" title=\"La reuni\u00f3n de los amigos, 1923-1924, Max Ernst, Cologne, Mus\u00e9e Ludwig\"\/><figcaption class=\"wp-element-caption\"><em><strong>La reuni\u00f3n de los amigos<\/strong>, 1923-1924, <strong>Max Ernst<\/strong> (Colonia, Museo Ludwig) <\/em><\/figcaption><\/figure>\n<\/div>\n\n\n<p><em>Ernst asiste al nacimiento del surrealismo en1922 y da testimonio del acontecimiento pintando el grupo de la revista \u00abLiteratura\u00bb. El abandono de las fuentes tradicionales de la inspiraci\u00f3n art\u00edstica, la representaci\u00f3n objetiva y la fantas\u00eda se armonizan de forma \u00fanica, incluso en las obras que a primera vista tienen una apariencia clara y real. En esta pintura, se observa que el pasado y el presente (Max Ernst, Dosto\u00efevski, Rafael y de Chirico), lo real y lo irreal, la realidad y el sue\u00f1o, los vivos y los muertos se mezclan en este espacio fantasmag\u00f3rico y extra\u00f1o.<br><\/em><\/p>\n\n\n\n<p>La primera exposici\u00f3n de pintores surrealistas tiene lugar en 1925 en la galer\u00eda Pierre y reagrupa a De Chirico, Klee, Arp, Ernst, Man Ray, Mir\u00f3, Picasso y Roy.&nbsp; En 1928, Breton publica <em>El Surrealismo y la pintura<\/em> donde escribe: \u00abMe resulta imposible considerar un cuadro de otro modo que como una ventana respecto de la cual mi primera preocupaci\u00f3n es saber ad\u00f3nde va\u2026 y nada me gusta tanto como lo que se extiende ante m\u00ed hasta perderse de vista.\u00bb Breton se refiere a un \u00abmodelo puramente interior\u00bb es decir espiritual, y cita a pintores como Picasso, Mir\u00f3, Ernst, Masson, Tanguy, Arp, Picabia, Man Ray, los primeros que se unieron al movimiento.<\/p>\n\n\n<div class=\"wp-block-image\">\n<figure class=\"aligncenter size-full\"><img loading=\"lazy\" decoding=\"async\" width=\"605\" height=\"340\" src=\"https:\/\/www.aparences.net\/wp-content\/uploads\/2023\/11\/max-ernst-celebes.webp\" alt=\"Celebes, 1921, Max Ernst\" class=\"wp-image-28552\" title=\"Celebes, 1921, Max Ernst, Londres, Tate Gallery\"\/><figcaption class=\"wp-element-caption\"><em><strong>Celebes<\/strong>, 1921, <strong>Max Ernst<\/strong> (Londres, Tate Gallery)<\/em><\/figcaption><\/figure>\n<\/div>\n\n\n<p><em>En este cuadro pintado en Colonia, Ernst utiliza el \u00abcollage\u00bb. El efecto realista de la pintura es precisamente el efecto alucinatorio deseado por el pintor. La monstruosa figura se encuentra en un tipo de espacio subacu\u00e1tico; en el cielo, dos peces nadan sobre un fondo enigm\u00e1tico, que contiene orificios atravesados por un cable. El animal recuerda a un elefante a causa de su tubo r\u00edgido y su cuerpo redondo. En realidad se trata de un aparato cuyo modelo fue encontrado por Ernst en una revista de antropolog\u00eda.<\/em><\/p>\n\n\n\n<p>En 1939, Ernst se instala en Estados Unidos donde permanece hasta 1953. Despu\u00e9s de la guerra, la producci\u00f3n de Max Ernst sigue un ritmo muy intenso, tanto en pintura como en dibujo, donde la componente l\u00edrica narrativa se ha acentuado. Max Ernst se instala en Nueva York con la ayuda de la mecenas y coleccionista&nbsp; <a href=\"https:\/\/es.wikipedia.org\/wiki\/Peggy_Guggenheim\">Peggy Guggenheim<\/a>, con la que se casar\u00e1. <em>El&nbsp; Antipapa<\/em> es el primer trabajo de Ernst en la colecci\u00f3n de Peggy y marcar\u00e1 su encuentro con el artista.<\/p>\n\n\n<div class=\"wp-block-image\">\n<figure class=\"aligncenter size-full\"><img loading=\"lazy\" decoding=\"async\" width=\"342\" height=\"430\" src=\"https:\/\/www.aparences.net\/wp-content\/uploads\/2023\/11\/ernst-antipape.webp\" alt=\"El antipapa, 1941, Max Ernst, Venise, Collection Peggy Guggenheim\" class=\"wp-image-28554\" title=\"El antipapa, 1941, Max Ernst, Venise, Collection Peggy Guggenheim\"\/><figcaption class=\"wp-element-caption\"><em><strong>El antipapa<\/strong>, 1941, <strong>Max Ernst<\/strong><\/em><br><em>(Venecia, Colecci\u00f3n Peggy Guggenheim) <\/em><\/figcaption><\/figure>\n<\/div>\n\n\n<p><em>El t\u00edtulo es enigm\u00e1tico y provocador. En este cuadro aparecen representadas tres figuras femeninas con rasgos zoom\u00f3rficos, semi-desnudas, vestidas con lujosos adornos de plumas de colores. En el cuadro aparecen lanzas, probablemente sus armas.<\/em><\/p>\n\n\n\n<p>En comparaci\u00f3n con la obra de Max Ernst, el vocabulario visual fue mucho m\u00e1s limitado en la obra de Tanguy, un antiguo marinero que decide dedicarse al arte a causa de la profunda impresi\u00f3n que le caus\u00f3 un cuadro de Giorgio de Chirico. En 1925, Tanguy se adhiere al movimiento y elabora un mundo on\u00edrico donde se mezclan diversos procedimientos de escritura autom\u00e1tica, figuras biom\u00f3rficas, objetos enigm\u00e1ticos, todo ello sobre fondos neblinosos u opalescentes, como en <em>D\u00eda de lentitud<\/em> de 1937.<\/p>\n\n\n<div class=\"wp-block-image\">\n<figure class=\"aligncenter size-full\"><img loading=\"lazy\" decoding=\"async\" width=\"562\" height=\"340\" src=\"https:\/\/www.aparences.net\/wp-content\/uploads\/2023\/11\/tanguy-jour-de-lenteur.webp\" alt=\"Dia de lentitud, 1937, Yves Tanguy\" class=\"wp-image-28556\" title=\"Dia de lentitud, 1937, Yves Tanguy\"\/><figcaption class=\"wp-element-caption\"><em><strong>D\u00eda de lentitud<\/strong>, 1937, <strong>Yves Tanguy<\/strong><\/em><br><em>(Par\u00eds, Museo Nacional de Arte Moderno, Centre Pompidou) <\/em><\/figcaption><\/figure>\n<\/div>\n\n\n<p><em>Sobre fondos vagos, ilimitados, Tanguy situaba formas cuidadosamente reproducidas que evocan objetos que no existen en el mundo real.<\/em><\/p>\n\n\n\n<p>En 1925, Max Ernst realiza sus primeros <em>frottages<\/em> que asimila con la escritura autom\u00e1tica. En el mismo periodo, Masson realiza sus primeros dibujos autom\u00e1ticos, y a partir de 1927, concibe sus \u00abcuadros de arena\u00bb como en <em>Los caballos muertos<\/em> de 1927. Despu\u00e9s del <em>frottage<\/em>, se invent\u00f3 la t\u00e9cnica del <em>grattage<\/em> (raspado) que consist\u00eda en obtener texturas por el procedimiento de rascar la superficie pict\u00f3rica; otros cuadros posteriores han sido realizados con la t\u00e9cnica de la decalcoman\u00eda o calcoman\u00eda, t\u00e9cnica descubierta por Oscar Dominguez, un surrealista espa\u00f1ol de Tenerife que se suicid\u00f3 en Par\u00eds la noche de A\u00f1o Nuevo de 1957-1958. Oscar Dominguez propone las \u00abdecalcoman\u00edas sin objeto preconcebido\u00bb. Esta t\u00e9cnica consiste en aplicar guache negro sobre un papel, el cual se coloca encima de otra hoja sobre la que se ejerce una ligera presi\u00f3n, realizando as\u00ed enigm\u00e1ticos paisajes.<\/p>\n\n\n<div class=\"wp-block-image\">\n<figure class=\"aligncenter size-full\"><img loading=\"lazy\" decoding=\"async\" width=\"565\" height=\"410\" src=\"https:\/\/www.aparences.net\/wp-content\/uploads\/2023\/11\/oscar-dominguez-la-chambre-transparente.webp\" alt=\"Habitaci\u00f3n transparente, 1939, Oscar Dominguez \" class=\"wp-image-28559\"\/><\/figure>\n<\/div>\n\n\n<p class=\"has-text-align-center\"><em><strong>Habitaci\u00f3n transparente<\/strong>, 1939, <strong>Oscar Dominguez<\/strong> (Colecci\u00f3n privada) <\/em><\/p>\n\n\n\n<p><em>Cuadro realizado con la t\u00e9cnica de la decalcoman\u00eda. Con esta t\u00e9cnica se pod\u00edan realizar dibujos fant\u00e1sticos y sinuosos que evocaban paisajes de musgo, agua, rocas y arrecifes de coral.<\/em><\/p>\n\n\n\n<p>En Paris en 1925, Hans Arp participa en la primera exposici\u00f3n surrealista. Inventa los collages en papeles rotos o rasgados, s\u00edntesis del <a title=\"arte abstracto\" href=\"https:\/\/www.aparences.net\/es\/periodos\/arte-moderno\/arte-abstracto\/\">arte abstracto<\/a> y del surrealismo; Gracias a su amigo Andr\u00e9 Masson, Joan Mir\u00f3 se adhiere al surrealismo. Las primeras obras de este periodo, representan el mundo campesino con el que siempre se sinti\u00f3 ligado, y se caracterizan por su atm\u00f3sfera de quieta serenidad y de misterioso encanto.<\/p>\n\n\n<div class=\"wp-block-image\">\n<figure class=\"aligncenter size-full\"><img loading=\"lazy\" decoding=\"async\" width=\"569\" height=\"400\" src=\"https:\/\/www.aparences.net\/wp-content\/uploads\/2023\/11\/miro-terre-laboureee.webp\" alt=\"La tierra labrada, 1923-1924, Joan Mir\u00f3\" class=\"wp-image-28561\" title=\"La tierra labrada, 1923-1924, Joan Mir\u00f3, New York, Guggenheim Museum\"\/><figcaption class=\"wp-element-caption\"><em><strong>La tierra labrada<\/strong>, 1923-1924, <strong>Joan Mir\u00f3<\/strong>, (Nueva York, Guggenheim Museum)<\/em><\/figcaption><\/figure>\n<\/div>\n\n\n<p>En 1929, Breton publica el <em>Segundo Manifiesto del Surrealismo<\/em> y en el mismo a\u00f1o, Dal\u00ed comprometido con el surrealismo, con su cuadro <em>Juego l\u00fagubre<\/em> (1928), expone en Par\u00eds. Aporta al movimiento su prolija imaginaci\u00f3n, un mundo de alucinaciones fant\u00e1sticas e inventa el m\u00e9todo \u00abparanoico-cr\u00edtico\u00bb.<\/p>\n\n\n\n<!-- AdBoxRight2020 --><ins class=\"adsbygoogle\"     style=\"display:block; margin-top:30px;\"     data-ad-client=\"ca-pub-2468002815867636\"     data-ad-slot=\"3496014735\"     data-ad-format=\"auto\"     data-full-width-responsive=\"false\"><\/ins><script> (adsbygoogle = window.adsbygoogle || []).push({});<\/script><h2 class=\"wp-block-heading\">Las obsesiones de Salvador Dal\u00ed<\/h2>\n\n\n\n<p>La pintura de Salvador Dal\u00ed (Figueres 1904-1989) fue marcada sucesivamente por una inspiraci\u00f3n <a href=\"https:\/\/www.aparences.net\/es\/periodos\/arte-moderno\/futurismo\/\">futurista<\/a> (1920), <a href=\"https:\/\/www.aparences.net\/es\/periodos\/arte-moderno\/la-pintura-metafisica\/\">metaf\u00edsica<\/a> (1923) y <a href=\"https:\/\/www.aparences.net\/es\/periodos\/arte-moderno\/cubismo\/\">cubista<\/a> (1925). Sent\u00eda una gran admiraci\u00f3n por Meissonnier, hasta el momento en que descubre reproducciones de las obras de Ernst, de Mir\u00f3 y sobre todo de Ives Tanguy. En 1928, en Par\u00eds, conoce a Picasso, Mir\u00f3, Andr\u00e9 Breton y Paul Eluard que lo orientan hacia el surrealismo, al cual adhiere efectivamente al a\u00f1o siguiente. Dal\u00ed m\u00e1s que ning\u00fan otro surrealista ha convertido en un postulado los factores de lo absurdo y de la locura simulada. Las cosas repulsivas y obscenas, lo sat\u00e1nico, lo monstruoso, se presentaban de una forma teatral. La esencia de su arte que Dal\u00ed ha denominado m\u00e9todo paranoico-cr\u00edtico, era una exageraci\u00f3n alucinatoria de las ideas sexuales, s\u00e1dicas, masoquistas y neur\u00f3ticas.<\/p>\n\n\n<div class=\"wp-block-image\">\n<figure class=\"aligncenter size-full\"><img loading=\"lazy\" decoding=\"async\" width=\"548\" height=\"400\" src=\"https:\/\/www.aparences.net\/wp-content\/uploads\/2023\/11\/dali-persistance-memoire.webp\" alt=\"La persistencia de la memoria, 1931, Salvador Dal\u00ed\" class=\"wp-image-28563\" title=\"La persistencia de la memoria, 1931, Salvador Dal\u00ed, New York, Museum of Modern Art\"\/><figcaption class=\"wp-element-caption\"><em><strong>La persistencia de la memoria<\/strong>, 1931, <strong>Salvador Dal\u00ed<\/strong><\/em><br><em>(Nueva York, Museum of Modern Art) <\/em><\/figcaption><\/figure>\n<\/div>\n\n\n<p><em>Este cuadro contiene numerosas caracter\u00edsticos de la obra de Dal\u00ed. Como en tantos otros cuadros, el fondo es la cala rocosa de Port Lligat (Costa Brava) donde Dal\u00ed ten\u00eda su casa. El retrato del pintor aparece en primer plano, como un caracol arrastr\u00e1ndose sobre el suelo, cuyo cuerpo se pierde en la arena oscurecida como una huella de color. Tres relojes de oro y plata representados en primer plano se adaptan al cuerpo del caracol, cuelgan de una rama del \u00e1rbol sin hojas, y del muro. El \u00fanico reloj que conserva una apariencia normal est\u00e1 pintado de rojo y es devorado por hormigas.<br><\/em><\/p>\n\n\n\n<p>De forma paralela, el arte de Dal\u00ed muestra claramente una gran cantidad de alusiones hist\u00f3ricas, sobre todo a la <a title=\"pintura manierista\" href=\"https:\/\/www.aparences.net\/es\/periodos\/el-manierismo\/\">pintura manierista<\/a>. Los rasgos bufonescos y grotescamente c\u00f3micos del arte de Dal\u00ed, que pretend\u00edan provocar autocompasi\u00f3n al espectador, tanto si pertenec\u00eda a la clase media como a la izquierda ideol\u00f3gica, constitu\u00edan el humus donde crec\u00edan las flores del mal. De hecho, los escritores malditos, desde Sade hasta Baudelaire y Rimbaud, pasando por el perverso Lautr\u00e9amont, han sugerido un gran n\u00famero de datos a los cuadros de Dal\u00ed, como a las pel\u00edculas de <a href=\"https:\/\/es.wikipedia.org\/wiki\/Luis_Bu%C3%B1uel\">Bu\u00f1uel<\/a>.<\/p>\n\n\n<div class=\"wp-block-image\">\n<figure class=\"aligncenter size-full\"><img loading=\"lazy\" decoding=\"async\" width=\"317\" height=\"430\" src=\"https:\/\/www.aparences.net\/wp-content\/uploads\/2023\/11\/dali-appareil-et-main.webp\" alt=\"Aparato y mano, 1927, Salvador Dal\u00ed\" class=\"wp-image-28565\" title=\"Aparato y mano, 1927, Salvador Dal\u00ed\"\/><figcaption class=\"wp-element-caption\"><em><strong>Aparato y mano<\/strong>, 1927, <strong>Salvador Dal\u00ed<\/strong><\/em><br><em>(San Petersburgo, Florida, Salvador Dal\u00ed Museum)<\/em><\/figcaption><\/figure>\n<\/div>\n\n\n<p>El artista catal\u00e1n es un ejemplo paradigm\u00e1tico del actor exhibicionista que goz\u00f3 de una brillante admiraci\u00f3n por su carrera. Su principal administrador fue Gala, ex-mujer de Paul \u00c9luard, quien domin\u00f3 celosamente a Dal\u00ed a lo largo de su carrera. Ver <a href=\"https:\/\/www.aparences.net\/es\/periodos\/arte-moderno-anexos\/dali-yo-soy-el-surrealismo\/\">Dal\u00ed: Yo soy el surrealismo<\/a><\/p>\n\n\n<div class=\"wp-block-image\">\n<figure class=\"aligncenter size-full\"><img loading=\"lazy\" decoding=\"async\" width=\"289\" height=\"421\" src=\"https:\/\/www.aparences.net\/wp-content\/uploads\/2023\/11\/dali-mae-west.webp\" alt=\"Cara de Mae West, 1934-1935, Salvador Dal\u00ed\" class=\"wp-image-28567\" title=\"Cara de Mae West, 1934-1935, Salvador Dal\u00ed\"\/><figcaption class=\"wp-element-caption\"><em><strong>Cara de Mae West<\/strong> que puede utilizarse como apartamento surrealista, 1934-1935,<\/em><br><em><strong>Salvador Dal\u00ed<\/strong> (Chicago, The Art Institute of Chicago)<\/em><\/figcaption><\/figure>\n<\/div>\n\n\n<p>A partir de 1925, las investigaciones surrealistas se difunden ampliamente en Europa. En B\u00e9lgica, el surrealismo est\u00e1 representado por Magritte y Delvaux, en Checoslovaquia por Sima y Styrsky, en Ruman\u00eda por Brauner y H\u00e9rold, en Alemania por Bellmer y Oelze, en Espa\u00f1a por Dal\u00ed, en Italia por Savinio\u2026 Durante la Segunda Guerra Mundial muchos artistas surrealistas (Breton, Man Ray, Masson, Matta, Tanguy, Lam) se encuentran en Estados Unidos y colaboran en las revistas \u00ab View \u00bb y \u00ab VVV \u00bb. En 1942, una exposici\u00f3n surrealista organizada por Duchamp tiene lugar en Nueva York. Durante este periodo, Ernst utiliza la t\u00e9cnica de la \u00aboscilaci\u00f3n\u00bb que consist\u00eda en dejar que un hilo de pintura cayera desde una lata agujereada al lienzo. Esta t\u00e9cnica ser\u00e1 retomada por <strong>Pollock<\/strong> con el nombre de <a href=\"https:\/\/www.aparences.net\/es\/arte-contemporaneo\/movimientos\/expresionismo-abstracto\/#la-t%C3%A9cnica-del-dripping-all-over\"><em>dripping<\/em><\/a>. La pintura autom\u00e1tica de los surrealistas anticipa las investigaciones del <a href=\"https:\/\/www.aparences.net\/es\/arte-contemporaneo\/movimientos\/expresionismo-abstracto\/\">expresionismo abstracto<\/a> estadounidense. En 1945, al finalizar el conflicto b\u00e9lico, el movimiento pierde vigencia y los artistas se separan, trabajando de un modo m\u00e1s individualista.<\/p>\n\n\n\n<!-- AdBoxLeft2023 --><ins class=\"adsbygoogle\" style=\"display:block\" data-ad-client=\"ca-pub-2468002815867636\" data-ad-slot=\"1318022963\" data-ad-format=\"auto\" data-full-width-responsive=\"true\"><\/ins><script> (adsbygoogle = window.adsbygoogle || []).push({});<\/script><h2 class=\"wp-block-heading\">El Surrealismo en B\u00e9lgica<\/h2>\n\n\n\n<p>Ren\u00e9 Magritte (Lessines 1898 \u2013 Bruselas 1967) desarrolla una actividad art\u00edstica influenciada por la investigaci\u00f3n vanguardista (<a href=\"https:\/\/www.aparences.net\/es\/periodos\/arte-moderno\/futurismo\/\">futurismo<\/a>, <a href=\"https:\/\/www.aparences.net\/es\/periodos\/arte-moderno\/cubismo\/\">cubismo<\/a>, orfismo y <a href=\"https:\/\/www.aparences.net\/es\/periodos\/arte-moderno\/expresionismo\/\">expresionismo<\/a>) y descubre en 1923 la <a href=\"https:\/\/www.aparences.net\/es\/periodos\/arte-moderno-anexos\/de-chirico-metafisico\/\">pintura de De Chirico<\/a>, aproxim\u00e1ndose as\u00ed a las ideas surrealistas. En 1926, en Par\u00eds, Magritte entra en contacto con Andr\u00e9 Breton y el grupo parisino. A partir de 1936, su pintura se aleja de los espacios metaf\u00edsicos de De Chirico y de sus imprevisibles agrupaciones de elementos sin ninguna relaci\u00f3n l\u00f3gica entre ellos, para producir una atm\u00f3sfera extra\u00f1a y misteriosa, fuertemente influido por <a href=\"https:\/\/www.aparences.net\/es\/periodos\/arte-moderno\/dada\/\">Max Ernst<\/a>. Igualmente, Magritte integr\u00f3 en su obra cantidad de im\u00e1genes de objetos familiares que, considerados bajo una \u00f3ptica realista y pintados con sencillez y frialdad, se comunican entre ellos o son transformados de tal manera que trastornan la idea o las relaciones que los objetos nos sugieren habitualmente.<\/p>\n\n\n<div class=\"wp-block-image\">\n<figure class=\"aligncenter size-full\"><img loading=\"lazy\" decoding=\"async\" width=\"548\" height=\"406\" src=\"https:\/\/www.aparences.net\/wp-content\/uploads\/2023\/11\/rene-magritte-les-amants-1928.webp\" alt=\"Los amantes, 1928, Ren\u00e9 Magritte\" class=\"wp-image-28569\"\/><figcaption class=\"wp-element-caption\"><em><strong>Los amantes<\/strong>, 1928, <strong>Ren\u00e9 Magritte (<\/strong>Nueva York, The Museum of Modern Art)<\/em><\/figcaption><\/figure>\n<\/div>\n\n\n<p>Los puzzles pict\u00f3ricos de Magritte son juegos intelectuales que al mismo tiempo cuestionan radicalmente la realidad. Su tema no es una invocaci\u00f3n del inconsciente, sino la voluntad de confundir al espectador y su percepci\u00f3n habitual, enfrent\u00e1ndolo a elementos dispares, incompatibles, sin ninguna relaci\u00f3n entre ellos. En el cuadro <a href=\"https:\/\/www.moma.org\/collection\/works\/79267\"><em>El asesino amenazado<\/em><\/a> de 1926 (NuevaYork, MoMA), el mecanismo est\u00e9tico que Magritte ha utilizado para provocar una transmutaci\u00f3n m\u00e1gica y po\u00e9tica de lo cotidiano y sacar al espectador de su autocomplacencia, es la sorpresa. Situaciones familiares invertidas: aqu\u00ed el criminal es la v\u00edctima.<\/p>\n\n\n\n<p>Magritte quiere hacer de la pintura un \u00abinstrumento\u00bb para profundizar en el conocimiento del mundo, \u00abpero un conocimiento que sea inseparable de su misterio\u00bb. Entonces la barrera entre el interior y el exterior se derrumba; la que existe entre continente y contenido se desvanece; la relaci\u00f3n entre el nombre y el objeto que lo designa cambia, como en el cuadro <em>Esto no es una pipa<\/em>, de 1928\/29; la escala natural se transforma; las perspectivas se falsifican y se insin\u00faan relaciones m\u00e1s complejas entre el lenguaje y el mundo de los objetos.<\/p>\n\n\n<div class=\"wp-block-image\">\n<figure class=\"aligncenter size-full\"><img loading=\"lazy\" decoding=\"async\" width=\"327\" height=\"430\" src=\"https:\/\/www.aparences.net\/wp-content\/uploads\/2023\/11\/magritte-empire-lumiere.webp\" alt=\"El Imperio de las Luces, 1954, Ren\u00e9 Magritte\" class=\"wp-image-28571\" title=\"El Imperio de las Luces, 1954, Ren\u00e9 Magritte\"\/><figcaption class=\"wp-element-caption\"><em><strong>El Imperio de las Luces<\/strong>, 1954, <strong>Ren\u00e9 Magritte<\/strong> (Bruselas, Museos reales de Bellas Artes) <\/em><\/figcaption><\/figure>\n<\/div>\n\n\n<p><em>Magritte estaba fascinado por la relaci\u00f3n de contrarios: aqu\u00ed, el paisaje representa la noche, y el cielo, el d\u00eda.<\/em><\/p>\n\n\n\n<p>Paul Delvaux (Antheit 1897 \u2013 Furnes 1994), despu\u00e9s de sus comienzos <a href=\"https:\/\/www.aparences.net\/es\/periodos\/arte-moderno\/expresionismo\/\">expresionistas<\/a> influido por Permeke, al igual que Magritte, el encuentro con Giorgio de Chirico tuvo un impacto decisivo sobre su pintura. Pero a diferencia de Magritte, Delvaux se basa en im\u00e1genes del subconsciente, principalmente de naturaleza er\u00f3tica. El desnudo femenino tratado como un ser enigm\u00e1tico y fantasmag\u00f3rico, a veces integrado dentro de metamorfosis vegetales o colocado en lugares inaccesibles, predomina en su obra. Sus pensativos y p\u00e1lidos desnudos deambulan con su mirada vac\u00eda, algunas veces observados por \u00abvoyeurs\u00bb vivos o muertos, a trav\u00e9s de paisajes imaginarios, urbanos, fr\u00edos, iluminados por la luna, dentro de un estilo neocl\u00e1sico, atravesados a veces por una m\u00e1quina de vapor a la manera de De Chirico. El aire parece paralizado en el silencio, en este reino imaginario, donde coexisten la sexualidad y la muerte, los espectros y las figuras petrificadas de cera, la comunidad, la soledad, la pesadilla y el aburrimiento.<\/p>\n\n\n<div class=\"wp-block-image\">\n<figure class=\"aligncenter size-full\"><img loading=\"lazy\" decoding=\"async\" width=\"543\" height=\"430\" src=\"https:\/\/www.aparences.net\/wp-content\/uploads\/2023\/11\/paul-delvaux-solitude-1955.webp\" alt=\"Soledad, 1955, Paul Delvaux\" class=\"wp-image-28573\"\/><figcaption class=\"wp-element-caption\"><em><strong>Solitude<\/strong>, 1955, <strong>Paul Delvaux<\/strong>, (Colecci\u00f3n privada)<\/em><\/figcaption><\/figure>\n<\/div>\n\n\n<h2 class=\"wp-block-heading\">El mundo m\u00e1gico de Joan Mir\u00f3<\/h2>\n\n\n\n<p>La vida y la obra de Joan Mir\u00f3 (Barcelona 1893 \u2013 Palma de Mallorca 1983) se desarroll\u00f3 bajo el signo de una actividad irresistible, una \u00abfacilidad\u00bb extraordinaria en la invenci\u00f3n de coloridas im\u00e1genes, animadas, brillantes. Entra en contacto con varios movimientos y vanguardias (sobre todo con el surrealismo), pero Mir\u00f3 fue sobre todo un artista independiente. Reci\u00e9n llegado a Par\u00eds en 1919, conoce a los representantes de diversas vanguardias, sobre todo a su compatriota Picasso; al dada\u00edsta <a href=\"https:\/\/es.wikipedia.org\/wiki\/Tristan_Tzara\">Tristan Tzara<\/a> y, a partir de 1921, el grupo de los surrealistas. Su amor por Catalu\u00f1a, su tierra natal, es fuente de inspiraci\u00f3n prioritaria en la <a href=\"https:\/\/www.aparences.net\/es\/periodos\/arte-moderno-anexos\/joan-miro-primera-etapa\/\">primera etapa de Mir\u00f3<\/a>. Este apego se evidencia sobre todo en la primera fase de su producci\u00f3n art\u00edstica claramente influenciada por las recientes corrientes del arte europeo. Las obras de este periodo son todav\u00eda figurativas (retratos, temas y escenas campestres). En su casa de Montroig (Tarragona) comienza su cuadro <em>Tierra labrada<\/em> que marca su orientaci\u00f3n hacia el surrealismo. En 1925, da vida a la \u00abpintura on\u00edrica\u00bb donde el artista libera las fuerzas del inconsciente: las alucinaciones reemplazan los modelos anteriores. \u00abYo, pintaba como en un sue\u00f1o, en la libertad m\u00e1s total\u00bb. En el mundo po\u00e9tico del artista, las formas revolotean en el vac\u00edo del lienzo con la misma armon\u00eda de los universos maravillosos: todo se mueve en un microcosmos fant\u00e1stico que recuerda las alucinaciones de un <a title=\"El Bosco\" href=\"https:\/\/www.aparences.net\/es\/periodos\/el-renacimiento-nordico\/el-bosco\/\">Bosco<\/a>. M\u00e1s adelante, Mir\u00f3 llegar\u00e1 a dominar todos los materiales y todas las t\u00e9cnicas.<\/p>\n\n\n<div class=\"wp-block-image\">\n<figure class=\"aligncenter size-full\"><img loading=\"lazy\" decoding=\"async\" width=\"495\" height=\"430\" src=\"https:\/\/www.aparences.net\/wp-content\/uploads\/2023\/11\/miro-la-masia.webp\" alt=\"La mas\u00eda, 1921-1922, Joan Mir\u00f3\" class=\"wp-image-28575\" title=\"La mas\u00eda, 1921-1922, Joan Mir\u00f3, Washington, National Gallery of Art\"\/><figcaption class=\"wp-element-caption\"><em><strong>La mas\u00eda<\/strong>, 1921-1922, <strong>Joan Mir\u00f3<\/strong> (Washington, National Gallery of Art).<\/em><\/figcaption><\/figure>\n<\/div>\n\n\n<p><em>Este cuadro culmina y sintetiza todo el primer periodo de Mir\u00f3, su \u00e9poca realista; la composici\u00f3n y la reproducci\u00f3n de los detalles son rigurosos y precisos.<br><\/em><\/p>\n\n\n<div class=\"wp-block-image\">\n<figure class=\"aligncenter size-full\"><img loading=\"lazy\" decoding=\"async\" width=\"336\" height=\"430\" src=\"https:\/\/www.aparences.net\/wp-content\/uploads\/2023\/11\/miro-la-fermiere.webp\" alt=\"La masovera, 1922-1923, Joan Mir\u00f3\" class=\"wp-image-28577\" title=\"La masovera, 1922-1923, Joan Mir\u00f3\"\/><figcaption class=\"wp-element-caption\"><em><strong>La masovera<\/strong>, 1922-1923, <strong>Joan Mir\u00f3<\/strong>,<\/em><br><em>(Colecci\u00f3n particular)<\/em><\/figcaption><\/figure>\n<\/div>\n\n\n<p>En lo sucesivo, las obras de Mir\u00f3, libres de todo deseo de representaci\u00f3n, se orientan cada vez m\u00e1s hacia una abstracci\u00f3n l\u00edrica que el artista alcanza a trav\u00e9s de unos pocos signos gr\u00e1ficos muy bien calibrados, y deformaciones fant\u00e1sticas fuertemente evocadoras de elementos naturales sumergidos en colores vivos y elementales. Mir\u00f3 era un contador de cuentos alegres llenos de grotescas configuraciones pintadas con vivos colores.<\/p>\n\n\n<div class=\"wp-block-image\">\n<figure class=\"aligncenter size-full\"><img loading=\"lazy\" decoding=\"async\" width=\"552\" height=\"400\" src=\"https:\/\/www.aparences.net\/wp-content\/uploads\/2023\/11\/miro-carneval-arlequin.webp\" alt=\"El carnaval del Arlequ\u00edn, 1924-1925, Joan Mir\u00f3\" class=\"wp-image-28579\" title=\"El carnaval del Arlequ\u00edn, 1924-1925, Joan Mir\u00f3\"\/><figcaption class=\"wp-element-caption\"><em><strong>El carnaval del Arlequ\u00edn<\/strong>, 1924-1925, <strong>Joan Mir\u00f3<\/strong> (Buffalo, Albright-Knox-Art Gallery).<\/em><\/figcaption><\/figure>\n<\/div>\n\n\n<p><em>En el espacio transfigurado de su taller, el artista pone en escena elementos naturales y simb\u00f3licos por medio de una f\u00e9rtil mixtura de arte figurativo y <a title=\"arte abstracto\" href=\"https:\/\/www.aparences.net\/es\/periodos\/arte-moderno\/arte-abstracto\/\">abstracto<\/a>, donde emergen en la superficie del lienzo, signos salidos de un repertorio fant\u00e1stico-on\u00edrico, con ciertas reminiscencias del mundo de <a title=\"El Bosco\" href=\"https:\/\/www.aparences.net\/es\/periodos\/el-renacimiento-nordico\/el-bosco\/\">El Bosco<\/a>. En el centro del cuadro, dos figuras serpentinas, una blanca y otra negra, se entrecruzan sobre la figura estilizada de Arlequ\u00edn, que lleva en la mano una guitarra de donde salen las notas musicales de este carnaval festivo.<\/em><\/p>\n\n\n<div class=\"wp-block-image\">\n<figure class=\"aligncenter size-full\"><img loading=\"lazy\" decoding=\"async\" width=\"517\" height=\"410\" src=\"https:\/\/www.aparences.net\/wp-content\/uploads\/2023\/11\/miro-personne-jetant.webp\" alt=\"Personaje lanzando una piedra a un p\u00e1jaro, 1926, Joan Mir\u00f3\" class=\"wp-image-28581\" title=\"Personaje lanzando una piedra a un p\u00e1jaro, 1926, Joan Mir\u00f3\"\/><figcaption class=\"wp-element-caption\"><em><strong>Personaje lanzando una piedra a un p\u00e1jaro<\/strong>, 1926, <strong>Joan Mir\u00f3<\/strong><\/em><br><em>(Nueva York, Museum of Modern Art) <\/em><\/figcaption><\/figure>\n<\/div>\n\n\n<p><em>Aqu\u00ed, Mir\u00f3 llega a una simplificaci\u00f3n formal extrema. La figura masculina es reducida a una silueta estilizada, donde se reconoce la cabeza y el enorme pie desproporcionado. El p\u00e1jaro es representado con dos l\u00edneas, la recta para el cuerpo y la curva para las alas, la cabeza y la cola est\u00e1n formadas por un c\u00edrculo y una media luna. El mundo de Mir\u00f3 es un mundo on\u00edrico donde las figuras esenciales se recortan sobre fondos sin ninguna perspectiva. Los colores vivos son aplicados con pinceladas uniformes, planas.<\/em><\/p>\n\n\n\n<p>La <a href=\"https:\/\/www.aparences.net\/es\/periodos\/arte-moderno-anexos\/joan-miro-primera-etapa\/\">obra de Mir\u00f3<\/a> ofrece en su conjunto, una interpretaci\u00f3n muy personal del surrealismo, caracterizada por una visi\u00f3n po\u00e9ticamente simple y fabulosa de la realidad, y de la extraordinaria agilidad con la cual los impulsos de la memoria y del inconsciente son codificados por medio de signos elementales, inquietantes o alegres.<\/p>\n\n\n\n<p>En 1928, las obras maestras de la pintura holandesa del siglo XVII le inspiran una serie de interiores donde, sobre un fondo uniforme, emergen formas definidas por contrastes crom\u00e1ticos, s\u00edntesis de detalles reales y de su visi\u00f3n abstracta.<\/p>\n\n\n<div class=\"wp-block-image\">\n<figure class=\"aligncenter size-full\"><img loading=\"lazy\" decoding=\"async\" width=\"341\" height=\"430\" src=\"https:\/\/www.aparences.net\/wp-content\/uploads\/2023\/11\/miro-interieur-hollandais.webp\" alt=\"Interior holand\u00e9s II, 1928, Joan Mir\u00f3\" class=\"wp-image-28583\" title=\"Interior holand\u00e9s II, 1928, Joan Mir\u00f3\"\/><figcaption class=\"wp-element-caption\"><em><strong>Interior holand\u00e9s II<\/strong>, 1928, <strong>Joan Mir\u00f3<\/strong><\/em><br><em>(Venecia, Peggy Guggenheim Collection). <\/em><\/figcaption><\/figure>\n<\/div>\n\n\n<p><em>En el verano de 1928, durante su estancia en su casa familiar de Montroig, Mir\u00f3 utiliz\u00f3 dos postales de los maestros holandeses del siglo XVII, Hendrick Sorgh y Jan Steen, como punto de partida para tres pinturas a las que llam\u00f3 \u00abInteriores holandeses\u00bb. Con estas copias, Miro se uni\u00f3 a una larga tradici\u00f3n de artistas que se han inspirado de obras maestras del pasado. Para la creaci\u00f3n de estas nuevas obras de arte, Mir\u00f3 somete las escenas a una completa metamorfosis, donde nuevos personajes se instalan en su propio mundo surrealista.<\/em><\/p>\n\n\n\n<!-- AfterArticle2023 --><ins class=\"adsbygoogle\"     style=\"display:block;margin-bottom:5px;\"     data-ad-client=\"ca-pub-2468002815867636\"     data-ad-slot=\"3955176166\"     data-ad-format=\"auto\"     data-full-width-responsive=\"true\"><\/ins><script> (adsbygoogle = window.adsbygoogle || []).push({});<\/script><h2 class=\"wp-block-heading\">Balthus<\/h2>\n\n\n\n<p>En la obra de Balthasar K\u0142ossowski, llamado <strong>Balthus<\/strong>, pintor franc\u00e9s de origen polaco, hermano del escritor Pierre Klossowski, se descubren influencias complejas, como las de los grandes maestros antiguos, desde <a title=\"Piero della Francesca\" href=\"https:\/\/www.aparences.net\/es\/arte-y-mecenazgo\/los-fresquistas-florentinos\/piero-della-francesca-historia-de-una-sintesis\/\">Piero della Francesca<\/a>, <a href=\"https:\/\/www.aparences.net\/es\/periodos\/el-quattrocento\/masaccio-la-arquitectura-y-el-espacio\/\">Masaccio<\/a> y <a title=\"Paolo Uccello\" href=\"https:\/\/www.aparences.net\/es\/periodos\/el-quattrocento\/paolo-uccello\/\">Paolo Uccello<\/a> del Renacimiento, hasta el naturalismo del siglo XIX de <a title=\"Gustave Courbet\" href=\"https:\/\/www.aparences.net\/es\/periodos\/realisme-periodes\/gustave-courbet\/\">Courbet<\/a>. Sus influencias se expresan en una unidad de composici\u00f3n rigurosamente cl\u00e1sica, en una estructura casi arquitect\u00f3nica de la escena y de los personajes, desembocando en un realismo fr\u00edo y a menudo inquietante. Los aspectos m\u00e1s descriptivos cercanos a la tem\u00e1tica surrealista de sus primeros cuadros, son abandonados poco a poco a cambio de una pureza representativa abstracta.<\/p>\n\n\n<div class=\"wp-block-image\">\n<figure class=\"aligncenter size-full\"><img loading=\"lazy\" decoding=\"async\" width=\"483\" height=\"400\" src=\"https:\/\/www.aparences.net\/wp-content\/uploads\/2023\/11\/balthus-la-rue.webp\" alt=\"La calle, 1933, Balthus, New York, The Museum of Modern Art)\" class=\"wp-image-28585\" title=\"La calle, 1933, Balthus, New York, The Museum of Modern Art)\"\/><figcaption class=\"wp-element-caption\"><em><strong>La calle<\/strong>, 1933, <strong>Balthus<\/strong> (Nueva York, The Museum of Modern Art)<\/em><\/figcaption><\/figure>\n<\/div>\n\n<div class=\"wp-block-image\">\n<figure class=\"aligncenter size-full\"><img loading=\"lazy\" decoding=\"async\" width=\"569\" height=\"410\" src=\"https:\/\/www.aparences.net\/wp-content\/uploads\/2023\/11\/balthus-jeu-de-cartes.webp\" alt=\"La partida de naipes, 1948-50, Balthus (Madrid, Museo Thyssen Bornemisza)\" class=\"wp-image-28587\" title=\"La partida de naipes, 1948-50, Balthus (Madrid, Museo Thyssen Bornemisza)\"\/><figcaption class=\"wp-element-caption\"><em><strong>La partida de naipes<\/strong>, 1948-50, <strong>Balthus<\/strong> (Madrid, Museo Thyssen Bornemisza).<\/em><\/figcaption><\/figure>\n<\/div>\n\n\n<p class=\"has-text-align-left\"><em>Los interiores y las figuras de Balthus se caracterizan por una silenciosa y on\u00edrica tranquilidad.&nbsp; La t\u00e9cnica pict\u00f3rica sofisticada de Balthus tiene rasgos surrealistas.<\/em><\/p>\n","protected":false},"excerpt":{"rendered":"<p>El surrealismo puede ser considerado como una doctrina moral y est\u00e9tica, formado en Par\u00eds, y teorizado por Andr\u00e9 Breton en 1924.<\/p>\n","protected":false},"author":2,"featured_media":28546,"comment_status":"closed","ping_status":"closed","sticky":false,"template":"","format":"standard","meta":{"footnotes":""},"categories":[2331],"tags":[4456,4460,4292,1115,2038,4439,4376,2583,4454,4459,4455,1954,2954,4457],"class_list":["post-13322","post","type-post","status-publish","format-standard","has-post-thumbnail","hentry","category-arte-moderno","tag-andre-breton","tag-andre-masson","tag-arte-moderno","tag-balthus","tag-joan-miro","tag-max-ernst","tag-movimiento-artistico","tag-oscar-dominguez","tag-paul-delvaux","tag-pintores-surrealistas","tag-rene-magritte","tag-salvador-dali","tag-surrealismo","tag-yves-tanguy"],"yoast_head":"<!-- This site is optimized with the Yoast SEO plugin v27.2 - https:\/\/yoast.com\/product\/yoast-seo-wordpress\/ -->\n<title>El surrealismo<\/title>\n<meta name=\"description\" content=\"El surrealismo puede ser considerado como una doctrina moral y est\u00e9tica, formado en Par\u00eds, y teorizado por Andr\u00e9 Breton en 1924.\" \/>\n<meta name=\"robots\" content=\"index, follow, max-snippet:-1, max-image-preview:large, max-video-preview:-1\" \/>\n<link rel=\"canonical\" href=\"https:\/\/www.aparences.net\/es\/periodos\/arte-moderno\/el-surrealismo\/\" \/>\n<meta property=\"og:locale\" content=\"es_ES\" \/>\n<meta property=\"og:type\" content=\"article\" \/>\n<meta property=\"og:title\" content=\"El surrealismo\" \/>\n<meta property=\"og:description\" content=\"El surrealismo puede ser considerado como una doctrina moral y est\u00e9tica, formado en Par\u00eds, y teorizado por Andr\u00e9 Breton en 1924.\" \/>\n<meta property=\"og:url\" content=\"https:\/\/www.aparences.net\/es\/periodos\/arte-moderno\/el-surrealismo\/\" \/>\n<meta property=\"og:site_name\" content=\"Aparences\" \/>\n<meta property=\"article:published_time\" content=\"2011-08-13T21:27:18+00:00\" \/>\n<meta property=\"article:modified_time\" content=\"2025-12-11T18:40:56+00:00\" \/>\n<meta property=\"og:image\" content=\"https:\/\/www.aparences.net\/wp-content\/uploads\/2011\/08\/surrealisme.webp\" \/>\n\t<meta property=\"og:image:width\" content=\"1080\" \/>\n\t<meta property=\"og:image:height\" content=\"540\" \/>\n\t<meta property=\"og:image:type\" content=\"image\/webp\" \/>\n<meta name=\"author\" content=\"admin\" \/>\n<meta name=\"twitter:card\" content=\"summary_large_image\" \/>\n<meta name=\"twitter:label1\" content=\"Escrito por\" \/>\n\t<meta name=\"twitter:data1\" content=\"admin\" \/>\n\t<meta name=\"twitter:label2\" content=\"Tiempo de lectura\" \/>\n\t<meta name=\"twitter:data2\" content=\"19 minutos\" \/>\n<script type=\"application\/ld+json\" class=\"yoast-schema-graph\">{\"@context\":\"https:\/\/schema.org\",\"@graph\":[{\"@type\":\"Article\",\"@id\":\"https:\/\/www.aparences.net\/es\/periodos\/arte-moderno\/el-surrealismo\/#article\",\"isPartOf\":{\"@id\":\"https:\/\/www.aparences.net\/es\/periodos\/arte-moderno\/el-surrealismo\/\"},\"author\":{\"name\":\"admin\",\"@id\":\"https:\/\/www.aparences.net\/es\/#\/schema\/person\/af349f6ffc31b16c68963e61268afca5\"},\"headline\":\"El surrealismo\",\"datePublished\":\"2011-08-13T21:27:18+00:00\",\"dateModified\":\"2025-12-11T18:40:56+00:00\",\"mainEntityOfPage\":{\"@id\":\"https:\/\/www.aparences.net\/es\/periodos\/arte-moderno\/el-surrealismo\/\"},\"wordCount\":3364,\"publisher\":{\"@id\":\"https:\/\/www.aparences.net\/es\/#organization\"},\"image\":{\"@id\":\"https:\/\/www.aparences.net\/es\/periodos\/arte-moderno\/el-surrealismo\/#primaryimage\"},\"thumbnailUrl\":\"https:\/\/www.aparences.net\/wp-content\/uploads\/2011\/08\/surrealisme.webp\",\"keywords\":[\"Andr\u00e9 Breton\",\"Andr\u00e9 Masson\",\"Arte moderno\",\"Balthus\",\"Joan Mir\u00f3\",\"Max Ernst\",\"movimiento art\u00edstico\",\"\u00d3scar Dominguez\",\"Paul Delvaux\",\"pintores surrealistas\",\"Ren\u00e9 Magritte\",\"Salvador Dal\u00ed\",\"surrealismo\",\"Yves Tanguy\"],\"articleSection\":[\"Arte moderno\"],\"inLanguage\":\"es\"},{\"@type\":[\"WebPage\",\"ItemPage\"],\"@id\":\"https:\/\/www.aparences.net\/es\/periodos\/arte-moderno\/el-surrealismo\/\",\"url\":\"https:\/\/www.aparences.net\/es\/periodos\/arte-moderno\/el-surrealismo\/\",\"name\":\"El surrealismo\",\"isPartOf\":{\"@id\":\"https:\/\/www.aparences.net\/es\/#website\"},\"primaryImageOfPage\":{\"@id\":\"https:\/\/www.aparences.net\/es\/periodos\/arte-moderno\/el-surrealismo\/#primaryimage\"},\"image\":{\"@id\":\"https:\/\/www.aparences.net\/es\/periodos\/arte-moderno\/el-surrealismo\/#primaryimage\"},\"thumbnailUrl\":\"https:\/\/www.aparences.net\/wp-content\/uploads\/2011\/08\/surrealisme.webp\",\"datePublished\":\"2011-08-13T21:27:18+00:00\",\"dateModified\":\"2025-12-11T18:40:56+00:00\",\"description\":\"El surrealismo puede ser considerado como una doctrina moral y est\u00e9tica, formado en Par\u00eds, y teorizado por Andr\u00e9 Breton en 1924.\",\"breadcrumb\":{\"@id\":\"https:\/\/www.aparences.net\/es\/periodos\/arte-moderno\/el-surrealismo\/#breadcrumb\"},\"inLanguage\":\"es\",\"potentialAction\":[{\"@type\":\"ReadAction\",\"target\":[\"https:\/\/www.aparences.net\/es\/periodos\/arte-moderno\/el-surrealismo\/\"]}]},{\"@type\":\"ImageObject\",\"inLanguage\":\"es\",\"@id\":\"https:\/\/www.aparences.net\/es\/periodos\/arte-moderno\/el-surrealismo\/#primaryimage\",\"url\":\"https:\/\/www.aparences.net\/wp-content\/uploads\/2011\/08\/surrealisme.webp\",\"contentUrl\":\"https:\/\/www.aparences.net\/wp-content\/uploads\/2011\/08\/surrealisme.webp\",\"width\":1080,\"height\":540},{\"@type\":\"BreadcrumbList\",\"@id\":\"https:\/\/www.aparences.net\/es\/periodos\/arte-moderno\/el-surrealismo\/#breadcrumb\",\"itemListElement\":[{\"@type\":\"ListItem\",\"position\":1,\"name\":\"Portada\",\"item\":\"https:\/\/www.aparences.net\/es\/\"},{\"@type\":\"ListItem\",\"position\":2,\"name\":\"El surrealismo\"}]},{\"@type\":\"WebSite\",\"@id\":\"https:\/\/www.aparences.net\/es\/#website\",\"url\":\"https:\/\/www.aparences.net\/es\/\",\"name\":\"Aparences: Historia del Arte y Actualidad Cultural\",\"description\":\"\",\"publisher\":{\"@id\":\"https:\/\/www.aparences.net\/es\/#organization\"},\"potentialAction\":[{\"@type\":\"SearchAction\",\"target\":{\"@type\":\"EntryPoint\",\"urlTemplate\":\"https:\/\/www.aparences.net\/es\/?s={search_term_string}\"},\"query-input\":{\"@type\":\"PropertyValueSpecification\",\"valueRequired\":true,\"valueName\":\"search_term_string\"}}],\"inLanguage\":\"es\"},{\"@type\":\"Organization\",\"@id\":\"https:\/\/www.aparences.net\/es\/#organization\",\"name\":\"Aparences: Historia del Arte y Actualidad Cultural\",\"url\":\"https:\/\/www.aparences.net\/es\/\",\"logo\":{\"@type\":\"ImageObject\",\"inLanguage\":\"es\",\"@id\":\"https:\/\/www.aparences.net\/es\/#\/schema\/logo\/image\/\",\"url\":\"https:\/\/www.aparences.net\/wp-content\/uploads\/2023\/09\/logo-quadrat-color-e1695915315229.png\",\"contentUrl\":\"https:\/\/www.aparences.net\/wp-content\/uploads\/2023\/09\/logo-quadrat-color-e1695915315229.png\",\"width\":120,\"height\":120,\"caption\":\"Aparences: Historia del Arte y Actualidad Cultural\"},\"image\":{\"@id\":\"https:\/\/www.aparences.net\/es\/#\/schema\/logo\/image\/\"}},{\"@type\":\"Person\",\"@id\":\"https:\/\/www.aparences.net\/es\/#\/schema\/person\/af349f6ffc31b16c68963e61268afca5\",\"name\":\"admin\",\"url\":\"https:\/\/www.aparences.net\/es\/author\/admin\/\"}]}<\/script>\n<!-- \/ Yoast SEO plugin. -->","yoast_head_json":{"title":"El surrealismo","description":"El surrealismo puede ser considerado como una doctrina moral y est\u00e9tica, formado en Par\u00eds, y teorizado por Andr\u00e9 Breton en 1924.","robots":{"index":"index","follow":"follow","max-snippet":"max-snippet:-1","max-image-preview":"max-image-preview:large","max-video-preview":"max-video-preview:-1"},"canonical":"https:\/\/www.aparences.net\/es\/periodos\/arte-moderno\/el-surrealismo\/","og_locale":"es_ES","og_type":"article","og_title":"El surrealismo","og_description":"El surrealismo puede ser considerado como una doctrina moral y est\u00e9tica, formado en Par\u00eds, y teorizado por Andr\u00e9 Breton en 1924.","og_url":"https:\/\/www.aparences.net\/es\/periodos\/arte-moderno\/el-surrealismo\/","og_site_name":"Aparences","article_published_time":"2011-08-13T21:27:18+00:00","article_modified_time":"2025-12-11T18:40:56+00:00","og_image":[{"width":1080,"height":540,"url":"https:\/\/www.aparences.net\/wp-content\/uploads\/2011\/08\/surrealisme.webp","type":"image\/webp"}],"author":"admin","twitter_card":"summary_large_image","twitter_misc":{"Escrito por":"admin","Tiempo de lectura":"19 minutos"},"schema":{"@context":"https:\/\/schema.org","@graph":[{"@type":"Article","@id":"https:\/\/www.aparences.net\/es\/periodos\/arte-moderno\/el-surrealismo\/#article","isPartOf":{"@id":"https:\/\/www.aparences.net\/es\/periodos\/arte-moderno\/el-surrealismo\/"},"author":{"name":"admin","@id":"https:\/\/www.aparences.net\/es\/#\/schema\/person\/af349f6ffc31b16c68963e61268afca5"},"headline":"El surrealismo","datePublished":"2011-08-13T21:27:18+00:00","dateModified":"2025-12-11T18:40:56+00:00","mainEntityOfPage":{"@id":"https:\/\/www.aparences.net\/es\/periodos\/arte-moderno\/el-surrealismo\/"},"wordCount":3364,"publisher":{"@id":"https:\/\/www.aparences.net\/es\/#organization"},"image":{"@id":"https:\/\/www.aparences.net\/es\/periodos\/arte-moderno\/el-surrealismo\/#primaryimage"},"thumbnailUrl":"https:\/\/www.aparences.net\/wp-content\/uploads\/2011\/08\/surrealisme.webp","keywords":["Andr\u00e9 Breton","Andr\u00e9 Masson","Arte moderno","Balthus","Joan Mir\u00f3","Max Ernst","movimiento art\u00edstico","\u00d3scar Dominguez","Paul Delvaux","pintores surrealistas","Ren\u00e9 Magritte","Salvador Dal\u00ed","surrealismo","Yves Tanguy"],"articleSection":["Arte moderno"],"inLanguage":"es"},{"@type":["WebPage","ItemPage"],"@id":"https:\/\/www.aparences.net\/es\/periodos\/arte-moderno\/el-surrealismo\/","url":"https:\/\/www.aparences.net\/es\/periodos\/arte-moderno\/el-surrealismo\/","name":"El surrealismo","isPartOf":{"@id":"https:\/\/www.aparences.net\/es\/#website"},"primaryImageOfPage":{"@id":"https:\/\/www.aparences.net\/es\/periodos\/arte-moderno\/el-surrealismo\/#primaryimage"},"image":{"@id":"https:\/\/www.aparences.net\/es\/periodos\/arte-moderno\/el-surrealismo\/#primaryimage"},"thumbnailUrl":"https:\/\/www.aparences.net\/wp-content\/uploads\/2011\/08\/surrealisme.webp","datePublished":"2011-08-13T21:27:18+00:00","dateModified":"2025-12-11T18:40:56+00:00","description":"El surrealismo puede ser considerado como una doctrina moral y est\u00e9tica, formado en Par\u00eds, y teorizado por Andr\u00e9 Breton en 1924.","breadcrumb":{"@id":"https:\/\/www.aparences.net\/es\/periodos\/arte-moderno\/el-surrealismo\/#breadcrumb"},"inLanguage":"es","potentialAction":[{"@type":"ReadAction","target":["https:\/\/www.aparences.net\/es\/periodos\/arte-moderno\/el-surrealismo\/"]}]},{"@type":"ImageObject","inLanguage":"es","@id":"https:\/\/www.aparences.net\/es\/periodos\/arte-moderno\/el-surrealismo\/#primaryimage","url":"https:\/\/www.aparences.net\/wp-content\/uploads\/2011\/08\/surrealisme.webp","contentUrl":"https:\/\/www.aparences.net\/wp-content\/uploads\/2011\/08\/surrealisme.webp","width":1080,"height":540},{"@type":"BreadcrumbList","@id":"https:\/\/www.aparences.net\/es\/periodos\/arte-moderno\/el-surrealismo\/#breadcrumb","itemListElement":[{"@type":"ListItem","position":1,"name":"Portada","item":"https:\/\/www.aparences.net\/es\/"},{"@type":"ListItem","position":2,"name":"El surrealismo"}]},{"@type":"WebSite","@id":"https:\/\/www.aparences.net\/es\/#website","url":"https:\/\/www.aparences.net\/es\/","name":"Aparences: Historia del Arte y Actualidad Cultural","description":"","publisher":{"@id":"https:\/\/www.aparences.net\/es\/#organization"},"potentialAction":[{"@type":"SearchAction","target":{"@type":"EntryPoint","urlTemplate":"https:\/\/www.aparences.net\/es\/?s={search_term_string}"},"query-input":{"@type":"PropertyValueSpecification","valueRequired":true,"valueName":"search_term_string"}}],"inLanguage":"es"},{"@type":"Organization","@id":"https:\/\/www.aparences.net\/es\/#organization","name":"Aparences: Historia del Arte y Actualidad Cultural","url":"https:\/\/www.aparences.net\/es\/","logo":{"@type":"ImageObject","inLanguage":"es","@id":"https:\/\/www.aparences.net\/es\/#\/schema\/logo\/image\/","url":"https:\/\/www.aparences.net\/wp-content\/uploads\/2023\/09\/logo-quadrat-color-e1695915315229.png","contentUrl":"https:\/\/www.aparences.net\/wp-content\/uploads\/2023\/09\/logo-quadrat-color-e1695915315229.png","width":120,"height":120,"caption":"Aparences: Historia del Arte y Actualidad Cultural"},"image":{"@id":"https:\/\/www.aparences.net\/es\/#\/schema\/logo\/image\/"}},{"@type":"Person","@id":"https:\/\/www.aparences.net\/es\/#\/schema\/person\/af349f6ffc31b16c68963e61268afca5","name":"admin","url":"https:\/\/www.aparences.net\/es\/author\/admin\/"}]}},"_links":{"self":[{"href":"https:\/\/www.aparences.net\/es\/wp-json\/wp\/v2\/posts\/13322","targetHints":{"allow":["GET"]}}],"collection":[{"href":"https:\/\/www.aparences.net\/es\/wp-json\/wp\/v2\/posts"}],"about":[{"href":"https:\/\/www.aparences.net\/es\/wp-json\/wp\/v2\/types\/post"}],"author":[{"embeddable":true,"href":"https:\/\/www.aparences.net\/es\/wp-json\/wp\/v2\/users\/2"}],"replies":[{"embeddable":true,"href":"https:\/\/www.aparences.net\/es\/wp-json\/wp\/v2\/comments?post=13322"}],"version-history":[{"count":0,"href":"https:\/\/www.aparences.net\/es\/wp-json\/wp\/v2\/posts\/13322\/revisions"}],"wp:featuredmedia":[{"embeddable":true,"href":"https:\/\/www.aparences.net\/es\/wp-json\/wp\/v2\/media\/28546"}],"wp:attachment":[{"href":"https:\/\/www.aparences.net\/es\/wp-json\/wp\/v2\/media?parent=13322"}],"wp:term":[{"taxonomy":"category","embeddable":true,"href":"https:\/\/www.aparences.net\/es\/wp-json\/wp\/v2\/categories?post=13322"},{"taxonomy":"post_tag","embeddable":true,"href":"https:\/\/www.aparences.net\/es\/wp-json\/wp\/v2\/tags?post=13322"}],"curies":[{"name":"wp","href":"https:\/\/api.w.org\/{rel}","templated":true}]}}