{"id":13324,"date":"2011-08-13T23:29:49","date_gmt":"2011-08-13T21:29:49","guid":{"rendered":"https:\/\/www.aparences.net\/periodes\/art-moderne\/la-nueva-objetividad-neue-sachlichkeit\/"},"modified":"2025-12-11T19:40:56","modified_gmt":"2025-12-11T18:40:56","slug":"la-nueva-objetividad-neue-sachlichkeit","status":"publish","type":"post","link":"https:\/\/www.aparences.net\/es\/periodos\/arte-moderno\/la-nueva-objetividad-neue-sachlichkeit\/","title":{"rendered":"La nueva objetividad (Neue Sachlichkeit)"},"content":{"rendered":"<p><!--contents--><\/p>\n\n\n<h2 class=\"wp-block-heading\">La ola de realismo despu\u00e9s de la Primera Guerra mundial.<\/h2>\n\n\n\n<p>En Alemania, a principios de los a\u00f1os 20 se manifiesta una nueva tendencia art\u00edstica, consagrada oficialmente en 1925, por la exposici\u00f3n <em>Neue Sachlichkeit<\/em> (Nueva Objetividad) en Mannheim. Desde el punto de vista del lenguaje pict\u00f3rico, la Nueva Objetividad se presenta como la superaci\u00f3n del <a href=\"https:\/\/www.aparences.net\/es\/periodos\/arte-moderno\/expresionismo\/\">expresionismo<\/a> y del <a title=\"arte abstracto\" href=\"https:\/\/www.aparences.net\/es\/periodos\/arte-moderno\/arte-abstracto\/\">arte abstracto<\/a>:<\/p>\n\n\n\n<p> treinta y cuatro pintores se unieron en nombre de una toma de conciencia de la dram\u00e1tica y cruda realidad de la posguerra, o al menos, de un regreso a la realidad positiva tangible. Casi al mismo tiempo, en Italia aparece la revista art\u00edstica <em>Valori Plastici<\/em>, que exalta la idea del regreso al orden y de la recuperaci\u00f3n de la forma.<\/p>\n\n\n<div class=\"wp-block-image\">\n<figure class=\"aligncenter size-full\"><img loading=\"lazy\" decoding=\"async\" width=\"288\" height=\"430\" src=\"https:\/\/www.aparences.net\/wp-content\/uploads\/2023\/11\/grosz-journee-grise.webp\" alt=\"D\u00eda gris, 1923, George Grosz, Berl\u00edn, Staatliche Museen\" class=\"wp-image-28508\" title=\"D\u00eda gris, 1923, George Grosz, Berl\u00edn, Staatliche Museen\"\/><figcaption class=\"wp-element-caption\"><em><strong>D\u00eda gris<\/strong>, 1923, <strong>George Grosz<\/strong><\/em><br><em>(Berl\u00edn, Staatliche Museen). <\/em><\/figcaption><\/figure>\n<\/div>\n\n\n<p><em>En su crudo realismo de posguerra, esta imagen representa una ma\u00f1ana en la periferia de Berl\u00edn. En primer plano, el protagonista, un funcionario gubernamental de pensiones para los mutilados de guerra. Vestido con una cierta elegancia (lleva incluso una medalla), este bur\u00f3crata es la viva imagen de una asistencia social huidiza y p\u00e9dante. Simb\u00f3licamente, un muro de ladrillos y de indiferencia separa el funcionario del soldado repatriado. En el plano posterior, un obrero se dirige a su trabajo, y en un rinc\u00f3n, aparece la figura furtiva de un negociante del mercado negro, verdadero director de este s\u00f3rdido escenario.<\/em><\/p>\n\n\n\n<p>Otto Dix, George Grosz, Rudolf Schlichter y Max Beckmann desarrollan un realismo fuertemente comprometido que pone el \u00e9nfasis en la denuncia social. Su estilo se caracteriza por inflexiones caricaturales y por formas de construcci\u00f3n de la imagen de influencia <a href=\"https:\/\/www.aparences.net\/es\/periodos\/arte-moderno\/dada\/\">dada\u00edsta<\/a> y <a href=\"https:\/\/www.aparences.net\/es\/periodos\/arte-moderno\/expresionismo\/\">expresionista<\/a>, de las cuales toman prestada su carga subversiva e irreverente, con un inter\u00e9s por los medios de comunicaci\u00f3n de masas, por las diversiones populares, y las condiciones de vida en la gran ciudad moderna.<\/p>\n\n\n<div class=\"wp-block-image\">\n<figure class=\"aligncenter size-full\"><img loading=\"lazy\" decoding=\"async\" width=\"397\" height=\"460\" src=\"https:\/\/www.aparences.net\/wp-content\/uploads\/2023\/11\/otto-dix-a-la-beaute.webp\" alt=\"A la belleza, 1922, Otto Dix (Wuppertal, Von-der-Heydt Museum)\" class=\"wp-image-28510\" title=\"A la belleza, 1922, Otto Dix (Wuppertal, Von-der-Heydt Museum)\"\/><figcaption class=\"wp-element-caption\"><em><strong>A la belleza<\/strong>, 1922, <strong>Otto Dix<\/strong><\/em><br><em>(Wuppertal, Von-der-Heydt Museum)<\/em><\/figcaption><\/figure>\n<\/div>\n\n<div class=\"wp-block-image\">\n<figure class=\"aligncenter size-full\"><img loading=\"lazy\" decoding=\"async\" width=\"287\" height=\"430\" src=\"https:\/\/www.aparences.net\/wp-content\/uploads\/2011\/08\/schlichter-portrait-margot.webp\" alt=\"Retrato de Margot, 1924, Rudolf Schlichter\" class=\"wp-image-28512\" title=\"Retrato de Margot, 1924, Rudolf Schlichter\"\/><figcaption class=\"wp-element-caption\"><em><strong>Retrato de Margot<\/strong>, 1924, <strong>Rudolf Schlichter<\/strong> (Berl\u00edn, M\u00e4rkisches Museum)<\/em><\/figcaption><\/figure>\n<\/div>\n\n\n<p>La primera exposici\u00f3n de <em>La Neue Sachlichkeit<\/em> comprend\u00eda ciento veinticuatro obras de treinta y dos artistas. Seg\u00fan Hartlaub, la nueva investigaci\u00f3n de la pintura medieval tard\u00eda, del <a title=\"arte italiano siglo XV\" href=\"https:\/\/www.aparences.net\/es\/periodos\/el-quattrocento\/\">arte italiano del siglo XV<\/a>, de las formas pl\u00e1sticas integradas del neoclasicismo de <a title=\"Ingres\" href=\"https:\/\/www.aparences.net\/es\/periodos\/neoclasicismo\/jean-auguste-dominique-ingres\/\">Ingres<\/a> y <a title=\"David\" href=\"https:\/\/www.aparences.net\/es\/periodos\/neoclasicismo\/jacques-luis-david\/\">David<\/a>, han puesto \u00e9nfasis en \u00abla autonom\u00eda de los objetos en nuestro entorno\u00bb. Los objetos se reproduc\u00edan con un enfoque n\u00edtido y una atenci\u00f3n casi microsc\u00f3pica por el detalle. Todo movimiento se paraliz\u00f3. La pintura volvi\u00f3 a un estado est\u00e1tico. A esta nueva austeridad el cr\u00edtico de arte Franz Roh lo llam\u00f3 \u00abRealismo m\u00e1gico\u00bb.<\/p>\n\n\n<div class=\"wp-block-image\">\n<figure class=\"aligncenter size-full\"><img loading=\"lazy\" decoding=\"async\" width=\"319\" height=\"460\" src=\"https:\/\/www.aparences.net\/wp-content\/uploads\/2023\/11\/georg-scholz-famille-de-fermiers.webp\" alt=\"Agricultores industriales, 1920, Georg Scholz\" class=\"wp-image-28514\" title=\"Agricultores industriales, 1920, Georg Scholz (Wuppertal, Von der Heydt-Museum)\"\/><figcaption class=\"wp-element-caption\"><em><strong>Agricultores industriales<\/strong>, 1920, <strong>Georg Scholz<\/strong> (Wuppertal, Von der Heydt-Museum)<\/em><\/figcaption><\/figure>\n<\/div>\n\n\n<p>Dentro del mismo movimiento se puede distinguir tres grupos de artistas: el de Munich, que privilegia un <a title=\"lenguaje metaf\u00edsico\" href=\"https:\/\/www.aparences.net\/es\/periodos\/arte-moderno\/la-pintura-metafisica\/\">lenguaje metaf\u00edsico<\/a> influido por el arte italiano y el clasicismo (Kanoldt, Mense y Schrimpf pintan naturalezas muertas y&nbsp; paisajes), los pintores realistas de Hannover, que se caracterizan por su compromiso socio-pol\u00edtico, y el grupo de Berl\u00edn y de Karlsruhe, que utilizan el tema de la ciudad moderna. Bajo ciertos aspectos, tambi\u00e9n se puede incorporar a estos grupos la figura aislada del artista Christian Schad. Pero en sus obras, las motivaciones pol\u00edticas ceden el paso a la introspecci\u00f3n psicol\u00f3gica, cuya caracter\u00edstica es el realismo fotogr\u00e1fico alucinado.<\/p>\n\n\n<div class=\"wp-block-image\">\n<figure class=\"aligncenter size-full\"><img loading=\"lazy\" decoding=\"async\" width=\"461\" height=\"400\" src=\"https:\/\/www.aparences.net\/wp-content\/uploads\/2023\/11\/kanoldt-nature-morte.webp\" alt=\"Naturaleza muerta, 1922, Alexander Kanoldt\" class=\"wp-image-28517\" title=\"Naturaleza muerta, 1922, Alexander Kanoldt\"\/><figcaption class=\"wp-element-caption\"><em><strong>Naturaleza muerta<\/strong>, 1922, <strong>Alexander Kanoldt<\/strong><\/em><br><em>(Karlsruhe, Staatliche Kunsthalle)<\/em><\/figcaption><\/figure>\n<\/div>\n\n\n<p>La precisi\u00f3n exagerada con la que se reproduc\u00edan los objetos y las figuras, a veces proporcionaba a los cuadros de este movimiento, un aspecto casi surrealista, esa cualidad m\u00e1gica a la que se refer\u00eda Franz Roh. Tal es el caso de los retratos de Schad. La visi\u00f3n fotogr\u00e1fica es determinante en sus cuadros: en <em>Autorretrato con modelo<\/em>, la orqu\u00eddea ha sido pintada con una extraordinaria nitidez; la mirada esc\u00e9ptica que dirige al espectador y la camisa verde transparente que acent\u00faa su desnudez y cada pelo de su torso. Esta forma de revelar lo oculto hace subir la tensi\u00f3n del cuadro, a trav\u00e9s del desacuerdo con el color de la piel de la mujer que recuerda las sutiles transparencias de un cuadro manierista del florentino <a title=\"Jacopo Pontormo\" href=\"https:\/\/www.aparences.net\/es\/periodos\/el-manierismo\/jacopo-pontormo\/\">Pontormo<\/a>.<\/p>\n\n\n<div class=\"wp-block-image\">\n<figure class=\"aligncenter size-full\"><img loading=\"lazy\" decoding=\"async\" width=\"340\" height=\"460\" src=\"https:\/\/www.aparences.net\/wp-content\/uploads\/2023\/11\/christian-chad-autoportrait-avec-modele-detail.webp\" alt=\"Autorretrato con modelo, detalle, 1927, Christian Schad, (Colecci\u00f3n privada)\" class=\"wp-image-28519\"\/><figcaption class=\"wp-element-caption\"><em><strong>Autorretrato con modelo<\/strong>, detalle, 1927, <strong>Christian Schad<\/strong>, (Colecci\u00f3n privada)<\/em><\/figcaption><\/figure>\n<\/div>\n\n<div class=\"wp-block-image\">\n<figure class=\"aligncenter size-full\"><img loading=\"lazy\" decoding=\"async\" width=\"376\" height=\"460\" src=\"https:\/\/www.aparences.net\/wp-content\/uploads\/2023\/11\/christian-schad-lotte-1927-28.webp\" alt=\"Lotte, 1922-1926, Christian Schad (Colecci\u00f3n privada)\" class=\"wp-image-28521\" title=\"Lotte, 1922-1926, Christian Schad (Colecci\u00f3n privada)\"\/><figcaption class=\"wp-element-caption\"><em><strong>Lotte<\/strong>, 1922-1926, <strong>Christian Schad<\/strong> (Colecci\u00f3n privada)<\/em><\/figcaption><\/figure>\n<\/div>\n\n\n<p>En la misma \u00e9poca, en Italia, la pintura del grupo Valori Plastici fue estimulada por el <a title=\"neoclasicismo\" href=\"https:\/\/www.aparences.net\/es\/periodos\/neoclasicismo\/\">neoclasicismo<\/a> de <a href=\"https:\/\/www.aparences.net\/es\/periodos\/arte-moderno-anexos\/de-chirico-metafisico\/\">De Chirico<\/a> y de Carr\u00e0, pero tambi\u00e9n por la herencia del <a href=\"https:\/\/www.aparences.net\/es\/periodos\/el-alto-renacimiento-en-pintura\/\">Renacimiento cl\u00e1sico<\/a> como parte integral del entorno de los pintores italianos. Felice Casorati, en contacto con la <a title=\"pintura metaf\u00edsica\" href=\"https:\/\/www.aparences.net\/es\/periodos\/arte-moderno\/la-pintura-metafisica\/\">pintura metaf\u00edsica<\/a>, se ratifica en su idea cl\u00e1sica de la imagen y crea una pintura poblada de grandes formas est\u00e1ticas, extremadamente simples y severas, enmarcadas dentro de un espacio perspectivo rigurosamente c\u00fabico y subrayadas por el equilibrio absoluto de las masas crom\u00e1ticas.<\/p>\n\n\n<div class=\"wp-block-image\">\n<figure class=\"aligncenter size-full\"><img loading=\"lazy\" decoding=\"async\" width=\"346\" height=\"460\" src=\"https:\/\/www.aparences.net\/wp-content\/uploads\/2023\/11\/felice-casorati-renato-gualino-portrait.webp\" alt=\"Retrato de Renato Gualino, 1923-1924, Felice Casorati\" class=\"wp-image-28523\" title=\"Retrato de Renato Gualino, 1923-1924, Felice Casorati (Colecci\u00f3n privada)\"\/><figcaption class=\"wp-element-caption\"><em><strong>Retrato de Renato Gualino<\/strong>, 1923-1924, <strong>Felice Casorati<\/strong> (Colecci\u00f3n privada)<\/em><\/figcaption><\/figure>\n<\/div>\n\n\n<!-- AdBoxRight2020 --><ins class=\"adsbygoogle\"     style=\"display:block; margin-top:30px;\"     data-ad-client=\"ca-pub-2468002815867636\"     data-ad-slot=\"3496014735\"     data-ad-format=\"auto\"     data-full-width-responsive=\"false\"><\/ins><script> (adsbygoogle = window.adsbygoogle || []).push({});<\/script><h2 class=\"wp-block-heading\">Otto Dix<\/h2>\n\n\n\n<p>M\u00e1s progresista, y de una mayor trascendencia, fue la variante socialmente cr\u00edtica de la Neue Sachlichkeit. Contemplando la realidad con una mirada desencantada, en este sentido fue antiilusionista. Su representante m\u00e1s significativo fue Otto Dix, nacido en 1891 en el seno de una familia obrera en Untermhaus, cerca de Gera. Dix crea en 1923, con otros expresionistas como George Grosz, el grupo Nueva Objetividad y se dedica a la representaci\u00f3n del ambiente berlin\u00e9s de posguerra, del cual evoca duramente los aspectos de desorden moral, de bajeza y de hipocres\u00eda. Son los a\u00f1os m\u00e1s interesantes de su actividad art\u00edstica: con su amplio bagaje de experiencias <a href=\"https:\/\/www.aparences.net\/es\/periodos\/arte-moderno\/futurismo\/\">futuristas<\/a>, <a href=\"https:\/\/www.aparences.net\/es\/periodos\/arte-moderno\/expresionismo\/\">expresionistas<\/a> y <a href=\"https:\/\/www.aparences.net\/es\/periodos\/arte-moderno\/dada\/\">dada\u00edstas<\/a>, as\u00ed como del estudio de la pintura y del grabado de los antiguos <a title=\"maestros n\u00f3rdicos\" href=\"https:\/\/www.aparences.net\/es\/periodos\/el-renacimiento-nordico\/\">maestros n\u00f3rdicos<\/a>. En sus retratos, Dix asocia una muy cuidada atenci\u00f3n por el detalle con un refinado <a title=\"El manierismo\" href=\"https:\/\/www.aparences.net\/es\/periodos\/el-manierismo\/\">manierismo<\/a> en los gestos elocuentes de sus figuras alargadas.<\/p>\n\n\n<div class=\"wp-block-image\">\n<figure class=\"aligncenter size-full\"><img loading=\"lazy\" decoding=\"async\" width=\"630\" height=\"269\" src=\"https:\/\/www.aparences.net\/wp-content\/uploads\/2023\/11\/dix-la-grande-ville.webp\" alt=\"Metr\u00f3polis, 1927-1928, Otto Dix, Stuttgart, Staatsgalerie\" class=\"wp-image-28527\" title=\"Metr\u00f3polis, 1927-1928, Otto Dix, Stuttgart, Staatsgalerie\"\/><figcaption class=\"wp-element-caption\"><em><strong>Metr\u00f3polis<\/strong>, 1927-1928, <strong>Otto Dix<\/strong>, (Stuttgart, Staatsgalerie)<\/em><\/figcaption><\/figure>\n<\/div>\n\n\n<p><em>Este tr\u00edptico es un impresionante y denso testimonio del clima social de la Alemania de los primeros cabarets berlineses. En el centro, una orquesta de jazz: elegantes parejas bailando dentro de una atm\u00f3sfera irreal, donde los maquillajes demasiado pesados y los vestidos a la moda de las mujeres, no pueden esconder la tensi\u00f3n ambiental. En el panel de la izquierda, un mutilado de guerra se arrastra sobre los adoquines resbaladizos bajo la mirada indiferente de las chicas de compa\u00f1\u00eda; en el panel de la derecha, Dix representa inquietantes figuras de prostitutas con sus clientes, en una impresionante superposici\u00f3n de sensualidad y bestialidad.<br><\/em><\/p>\n\n\n<div class=\"wp-block-image\">\n<figure class=\"aligncenter size-full\"><img loading=\"lazy\" decoding=\"async\" width=\"320\" height=\"430\" src=\"https:\/\/www.aparences.net\/wp-content\/uploads\/2023\/11\/dix-la-grande-ville-.webp\" alt=\"Metr\u00f3polis (detalle), 1927-1928, Otto Dix, \" class=\"wp-image-28525\" title=\"Dix, tr\u00edptico Metr\u00f3polis\"\/><\/figure>\n<\/div>\n\n\n<p><em>Dix descubri\u00f3 los aspectos m\u00e1s s\u00f3rdidos de la realidad. Se hab\u00eda interesado por los \u00aboutsiders\u00bb, entre ellos los intelectuales y sus colegas pintores, pero tambi\u00e9n por los obreros, las prostitutas y los inv\u00e1lidos. Este tr\u00edptico refleja fielmente la atm\u00f3sfera del periodo de posguerra. A partir de 1920, Otto Dix se hab\u00eda decidido definitivamente por la Neue Sachichkeit (Nueva objetividad) y sobre todo, por el verismo.<\/em><\/p>\n\n\n\n<p>En sus cuadros Dix representa una visi\u00f3n implacable, desacralizante y lapidaria de la realidad, donde el color est\u00e1 sometido al dibujo. Las obras m\u00e1s significativas de este periodo son: <em>El vendedor de cerillas<\/em>, 1920; <em>Retrato de Sylvia von Harden<\/em>, 1926; <em>Retrato del doctor Mayer-Hermann<\/em>, 1926; el tr\u00edptico <em>Metr\u00f3polis<\/em>, 1927-1928 y, especialmente, la gran obra <em>Los siete pecados capitales<\/em>, 1933. Durante el ascenso nazi, Dix es destituido de su puesto de profesor en la Academia de Berl\u00edn como artista degenerado: m\u00e1s de 250 obras suyas ser\u00e1n confiscadas.<\/p>\n\n\n<div class=\"wp-block-image\">\n<figure class=\"aligncenter size-full\"><img loading=\"lazy\" decoding=\"async\" width=\"505\" height=\"430\" src=\"https:\/\/www.aparences.net\/wp-content\/uploads\/2023\/11\/dix-marchand-allumettes.webp\" alt=\"El vendedor de cerillas, 1920, Otto Dix\" class=\"wp-image-28529\" title=\"El vendedor de cerillas, 1920, Otto Dix\"\/><figcaption class=\"wp-element-caption\"><em><strong>El vendedor de cerillas<\/strong>, 1920, <strong>Otto Dix<\/strong> (Mannheim, Kunsthalle)<\/em><\/figcaption><\/figure>\n<\/div>\n\n<div class=\"wp-block-image\">\n<figure class=\"aligncenter size-full\"><img loading=\"lazy\" decoding=\"async\" width=\"302\" height=\"430\" src=\"https:\/\/www.aparences.net\/wp-content\/uploads\/2023\/11\/dix-sylvia-von-harden.webp\" alt=\"Retrato de la periodista Sylvia von Harden, 1926, Otto Dix\" class=\"wp-image-28531\" title=\"Retrato de la periodista Sylvia von Harden, 1926, Otto Dix\"\/><figcaption class=\"wp-element-caption\"><em><strong>Retrato de la periodista Sylvia von Harden<\/strong>, 1926, <strong>Otto Dix<\/strong>, (Par\u00eds, Museo Nacional de Arte Moderno)<\/em><\/figcaption><\/figure>\n<\/div>\n\n<div class=\"wp-block-image\">\n<figure class=\"aligncenter size-full\"><img loading=\"lazy\" decoding=\"async\" width=\"416\" height=\"460\" src=\"https:\/\/www.aparences.net\/wp-content\/uploads\/2023\/11\/otto-dix-portrait-de-marta-dix.webp\" alt=\"Retrato de Martha Dix, 1928, Otto Dix (Essen, Alemania, Museum Folkwang)\" class=\"wp-image-28533\" title=\"Retrato de Martha Dix, 1928, Otto Dix (Essen, Alemania, Museum Folkwang)\"\/><figcaption class=\"wp-element-caption\"><em><strong>Retrato de Martha Dix<\/strong>, 1928, <strong>Otto Dix<\/strong><\/em><br><em>(Essen, Alemania, Museum Folkwang)<\/em><\/figcaption><\/figure>\n<\/div>\n\n\n<h2 class=\"wp-block-heading\">George Grosz<\/h2>\n\n\n\n<p>George Grosz (Berl\u00edn 1893 \u2013 1959), pintor estadounidense de origen alem\u00e1n, despu\u00e9s de haber experimentado con el <a href=\"https:\/\/www.aparences.net\/es\/periodos\/arte-moderno\/cubismo\/\">cubismo<\/a> y el <a href=\"https:\/\/www.aparences.net\/es\/periodos\/arte-moderno\/futurismo\/\">futurismo<\/a>, publica en 1917 su primera colecci\u00f3n de dibujos, los cuales provocan el esc\u00e1ndalo y la indignaci\u00f3n en los medios burgueses, a causa de la vulgaridad de los temas escogidos: prostitutas, borrachos, asesinos, militares en actitudes indecentes, descritos con rasgos r\u00e1pidos e incisivos. A partir de 1918, Grosz se une al <a href=\"https:\/\/www.aparences.net\/es\/periodos\/arte-moderno\/dada\/\">dada\u00edsmo berlin\u00e9s<\/a> y lo utiliza como arma para denunciar el militarismo y la burgues\u00eda de la Alemania prenazi. Despu\u00e9s de haber contribuido con Otto Dix a la constituci\u00f3n del grupo Nueva Objetividad (<em>Neue Sachlichkeit<\/em>) y haber revelado, por medio de un an\u00e1lisis sin piedad, la avidez por el poder de algunos dirigentes, oculta bajo m\u00e1scaras de irreprochable respetabilidad, sus obras, como las de Dix, ser\u00e1n confiscadas durante la subida al poder del nazismo y mostradas en la exposici\u00f3n de \u00abArte degenerado\u00bb. Grosz tambi\u00e9n colabor\u00f3 en 1928 con el \u00abteatro pol\u00edtico\u00bb de <a href=\"https:\/\/es.wikipedia.org\/wiki\/Erwin_Piscator\">Erwin Piscator<\/a> creando algunos decorados para sus escenarios. En 1933, Grosz se exila a Estados Unidos y ense\u00f1a en Nueva York, donde contin\u00faa denunciando las dram\u00e1ticas condiciones del \u00abhombre social\u00bb, presentando la tragedia de la Segunda guerra mundial que se avecina. El estilo corrosivo de Grosz ejerce una influencia importante en la <a href=\"https:\/\/www.aparences.net\/es\/periodos\/arte-moderno\/realismo-americano\/\">corriente realista y social de los pintores americanos<\/a>, en especial sobre <a title=\"Ben Shahn\" href=\"https:\/\/www.aparences.net\/es\/periodos\/arte-moderno\/realismo-americano\/#ben-shahn\">Ben Shahn<\/a>.<\/p>\n\n\n<div class=\"wp-block-image\">\n<figure class=\"aligncenter size-full\"><img loading=\"lazy\" decoding=\"async\" width=\"565\" height=\"429\" src=\"https:\/\/www.aparences.net\/wp-content\/uploads\/2023\/11\/grosz-piliers-societe.webp\" alt=\"Los pilares de la sociedad, 1926, George Grosz\" class=\"wp-image-28535\" title=\"Los pilares de la sociedad, 1926, George Grosz\"\/><figcaption class=\"wp-element-caption\"><em><strong>Los pilares de la sociedad<\/strong>, 1926, <strong>George Grosz<\/strong> (Berl\u00edn, Staatliche Museen)<\/em><\/figcaption><\/figure>\n<\/div>\n\n<div class=\"wp-block-image\">\n<figure class=\"aligncenter size-full\"><img loading=\"lazy\" decoding=\"async\" width=\"329\" height=\"430\" src=\"https:\/\/www.aparences.net\/wp-content\/uploads\/2023\/11\/grosz-hommage-panizza.webp\" alt=\"Homenaje a Oskar Panizza, 1917-1918, George Grosz\" class=\"wp-image-28537\" title=\"Homenaje a Oskar Panizza, 1917-1918, George Grosz\"\/><figcaption class=\"wp-element-caption\"><em><strong>Homenaje a Oskar Panizza<\/strong>, 1917-1918, <strong>George Grosz<\/strong> (Stuttgart, Staatsgalerie)<\/em><\/figcaption><\/figure>\n<\/div>\n\n\n<!-- AdBoxLeft2023 --><ins class=\"adsbygoogle\" style=\"display:block\" data-ad-client=\"ca-pub-2468002815867636\" data-ad-slot=\"1318022963\" data-ad-format=\"auto\" data-full-width-responsive=\"true\"><\/ins><script> (adsbygoogle = window.adsbygoogle || []).push({});<\/script><h2 class=\"wp-block-heading\">Max Beckmann<\/h2>\n\n\n\n<p>Max Beckmann (1984-1950) ocupa una posici\u00f3n predominante entre los pintores realistas de la era moderna. Sus primeras obras est\u00e1n marcadas por el impresionismo de la Secesi\u00f3n Berlinesa, y m\u00e1s tarde por los maestros del g\u00f3tico final alem\u00e1n (<a title=\"Gr\u00fcnewald\" href=\"https:\/\/www.aparences.net\/es\/periodos\/el-renacimiento-nordico\/el-renacimiento-nordico\/\">Gr\u00fcnewald<\/a>) y las deformaciones expresionistas de sus colegas Dix y Grosz, junto con otras corrientes art\u00edsticas europeas como el <a href=\"https:\/\/www.aparences.net\/es\/periodos\/arte-moderno\/cubismo\/\">cubismo<\/a>. A partir de 1917 dota a su pintura de un verismo crudo, reflejando el clima tr\u00e1gico de la guerra. Beckmann redescubre el original lenguaje del <a href=\"https:\/\/www.aparences.net\/es\/periodos\/arte-moderno\/expresionismo\/\">expresionismo alem\u00e1n<\/a>: las figuras alargadas, los miembros quebrados de las figuras que se aglutinan en espacios cerrados, donde se expresa la laceraci\u00f3n f\u00edsica y moral, espejo fiel de la tragedia en la cual el artista hab\u00eda participado como enfermero durante la guerra, en contacto directo con el dolor y la muerte. La pintura <em>La noche<\/em> es la primera obra maestra de este per\u00edodo, donde la tragedia de una familia atacada por maleantes, se transforma en un drama popular con reminiscencias medievales. Imagen espantosa y opresiva del horror y del instinto diab\u00f3lico y destructor de la naturaleza humana.<\/p>\n\n\n<div class=\"wp-block-image\">\n<figure class=\"aligncenter size-full\"><img loading=\"lazy\" decoding=\"async\" width=\"490\" height=\"430\" src=\"https:\/\/www.aparences.net\/wp-content\/uploads\/2023\/11\/beckmann-la-nuit.webp\" alt=\"La noche, 1918-1919, Max Beckmann\" class=\"wp-image-28539\" title=\"La noche, 1918-1919, Max Beckmann\"\/><figcaption class=\"wp-element-caption\"><em><strong>La noche<\/strong>, 1918-1919, <strong>Max Beckmann<\/strong><\/em><br><em>(D\u00fcsseldorf, Kunstsammlung Nordrhein-Westfalen). <\/em><\/figcaption><\/figure>\n<\/div>\n\n\n<p><em>Beckmann penetra en las ra\u00edces del expresionismo alem\u00e1n para expresar la profunda transformaci\u00f3n moral, f\u00edsica y social de Alemania a trav\u00e9s de grandes cuadros aleg\u00f3ricos, visiones apocal\u00edpticas de la humanidad que reflejan la atm\u00f3sfera de un pa\u00eds devastado y lacerado por la derrota.<br><\/em><\/p>\n\n\n<div class=\"wp-block-image\">\n<figure class=\"aligncenter size-full\"><img loading=\"lazy\" decoding=\"async\" width=\"317\" height=\"427\" src=\"https:\/\/www.aparences.net\/wp-content\/uploads\/2023\/11\/beckmann-autoportrait.webp\" alt=\"Autorretrato con pa\u00f1uelo rojo, 1917, Max Beckmann\" class=\"wp-image-28541\" title=\"Autorretrato con pa\u00f1uelo rojo, 1917, Max Beckmann\"\/><figcaption class=\"wp-element-caption\"><em><strong>Autorretrato con pa\u00f1uelo rojo<\/strong>, 1917, <strong>Max Beckmann<\/strong> (Stuttgart, Staatsgelerie)<\/em><\/figcaption><\/figure>\n<\/div>\n\n<div class=\"wp-block-image\">\n<figure class=\"aligncenter size-full\"><img loading=\"lazy\" decoding=\"async\" width=\"623\" height=\"430\" src=\"https:\/\/www.aparences.net\/wp-content\/uploads\/2023\/11\/max-beckmann-depart.webp\" alt=\"La partida, 1932-1933, Max Beckmann\" class=\"wp-image-28543\" title=\"La partida, 1932-1933, Max Beckmann\"\/><figcaption class=\"wp-element-caption\"><em><strong>La partida<\/strong>, 1932-1933, <strong>Max Beckmann<\/strong> (Nueva York, The Museum of Modern Art). <\/em><\/figcaption><\/figure>\n<\/div>\n\n\n<p><em>Esta tr\u00edptico de Beckmann contiene una iconograf\u00eda muy personal, tal vez autobiogr\u00e1fica, como una premonici\u00f3n de su propio destino: el camino del exilio a causa de la llegada de los nazis al poder. En el panel central, un grupo de gente se encuentran en una barca prepar\u00e1ndose para partir y como fondo, el azul del mar, tan amado por el artista. A prop\u00f3sito de este cuadro, Beckmann se conf\u00eda: \u00abEl rey y la reina se han liberado, y la reina lleva en sus brazos, como si fuera su hijo, un tesoro: la libertad. La libertad es lo que importa, es el punto de partida para un nuevo comienzo.\u00bb Los dos paneles laterales contienen escenas de crueldad: los verdugos y sus v\u00edctimas, situaciones y lugares que se abandonan para poder olvidarlos.<\/em><\/p>\n","protected":false},"excerpt":{"rendered":"<p>Desde el punto de vista del lenguaje pict\u00f3rico, la Nueva Objetividad se presenta como la superaci\u00f3n del expresionismo y del arte abstracto.<\/p>\n","protected":false},"author":2,"featured_media":28506,"comment_status":"closed","ping_status":"closed","sticky":false,"template":"","format":"standard","meta":{"footnotes":""},"categories":[2331],"tags":[4407,4292,4406,4402,4405,4399,4396,4401,4376,4400,2365,4403,4397,4404,4398],"class_list":["post-13324","post","type-post","status-publish","format-standard","has-post-thumbnail","hentry","category-arte-moderno","tag-alexander-kanoldt-2","tag-arte-moderno","tag-christian-schad","tag-felice-casorati-2","tag-georg-scholz","tag-george-grosz","tag-la-nueva-objetividad","tag-max-beckmann-2","tag-movimiento-artistico","tag-neue-sachlichkeit-2","tag-nueva-objetividad","tag-otto-dix","tag-realismo-magico","tag-rudolf-schlichter","tag-vanguardia-artistica"],"yoast_head":"<!-- This site is optimized with the Yoast SEO plugin v27.2 - https:\/\/yoast.com\/product\/yoast-seo-wordpress\/ -->\n<title>La nueva objetividad (Neue Sachlichkeit)<\/title>\n<meta name=\"description\" content=\"Desde el punto de vista del lenguaje pict\u00f3rico, la Nueva Objetividad se presenta como la superaci\u00f3n del expresionismo y del arte abstracto.\" \/>\n<meta name=\"robots\" content=\"index, follow, max-snippet:-1, max-image-preview:large, max-video-preview:-1\" \/>\n<link rel=\"canonical\" href=\"https:\/\/www.aparences.net\/es\/periodos\/arte-moderno\/la-nueva-objetividad-neue-sachlichkeit\/\" \/>\n<meta property=\"og:locale\" content=\"es_ES\" \/>\n<meta property=\"og:type\" content=\"article\" \/>\n<meta property=\"og:title\" content=\"La nueva objetividad (Neue Sachlichkeit)\" \/>\n<meta property=\"og:description\" content=\"Desde el punto de vista del lenguaje pict\u00f3rico, la Nueva Objetividad se presenta como la superaci\u00f3n del expresionismo y del arte abstracto.\" \/>\n<meta property=\"og:url\" content=\"https:\/\/www.aparences.net\/es\/periodos\/arte-moderno\/la-nueva-objetividad-neue-sachlichkeit\/\" \/>\n<meta property=\"og:site_name\" content=\"Aparences\" \/>\n<meta property=\"article:published_time\" content=\"2011-08-13T21:29:49+00:00\" \/>\n<meta property=\"article:modified_time\" content=\"2025-12-11T18:40:56+00:00\" \/>\n<meta property=\"og:image\" content=\"https:\/\/www.aparences.net\/wp-content\/uploads\/2011\/08\/nouvelle-objectivite.webp\" \/>\n\t<meta property=\"og:image:width\" content=\"1080\" \/>\n\t<meta property=\"og:image:height\" content=\"540\" \/>\n\t<meta property=\"og:image:type\" content=\"image\/webp\" \/>\n<meta name=\"author\" content=\"admin\" \/>\n<meta name=\"twitter:card\" content=\"summary_large_image\" \/>\n<meta name=\"twitter:label1\" content=\"Escrito por\" \/>\n\t<meta name=\"twitter:data1\" content=\"admin\" \/>\n\t<meta name=\"twitter:label2\" content=\"Tiempo de lectura\" \/>\n\t<meta name=\"twitter:data2\" content=\"13 minutos\" \/>\n<script type=\"application\/ld+json\" class=\"yoast-schema-graph\">{\"@context\":\"https:\/\/schema.org\",\"@graph\":[{\"@type\":\"Article\",\"@id\":\"https:\/\/www.aparences.net\/es\/periodos\/arte-moderno\/la-nueva-objetividad-neue-sachlichkeit\/#article\",\"isPartOf\":{\"@id\":\"https:\/\/www.aparences.net\/es\/periodos\/arte-moderno\/la-nueva-objetividad-neue-sachlichkeit\/\"},\"author\":{\"name\":\"admin\",\"@id\":\"https:\/\/www.aparences.net\/es\/#\/schema\/person\/af349f6ffc31b16c68963e61268afca5\"},\"headline\":\"La nueva objetividad (Neue Sachlichkeit)\",\"datePublished\":\"2011-08-13T21:29:49+00:00\",\"dateModified\":\"2025-12-11T18:40:56+00:00\",\"mainEntityOfPage\":{\"@id\":\"https:\/\/www.aparences.net\/es\/periodos\/arte-moderno\/la-nueva-objetividad-neue-sachlichkeit\/\"},\"wordCount\":1982,\"publisher\":{\"@id\":\"https:\/\/www.aparences.net\/es\/#organization\"},\"image\":{\"@id\":\"https:\/\/www.aparences.net\/es\/periodos\/arte-moderno\/la-nueva-objetividad-neue-sachlichkeit\/#primaryimage\"},\"thumbnailUrl\":\"https:\/\/www.aparences.net\/wp-content\/uploads\/2011\/08\/nouvelle-objectivite.webp\",\"keywords\":[\"Alexander Kanoldt\",\"Arte moderno\",\"Christian Schad\",\"Felice Casorati\",\"Georg Scholz\",\"George Grosz\",\"la Nueva objetividad\",\"Max Beckmann\",\"movimiento art\u00edstico\",\"Neue Sachlichkeit\",\"Nueva Objetividad\",\"Otto Dix\",\"realismo m\u00e1gico\",\"Rudolf Schlichter\",\"vanguardia art\u00edstica\"],\"articleSection\":[\"Arte moderno\"],\"inLanguage\":\"es\"},{\"@type\":[\"WebPage\",\"ItemPage\"],\"@id\":\"https:\/\/www.aparences.net\/es\/periodos\/arte-moderno\/la-nueva-objetividad-neue-sachlichkeit\/\",\"url\":\"https:\/\/www.aparences.net\/es\/periodos\/arte-moderno\/la-nueva-objetividad-neue-sachlichkeit\/\",\"name\":\"La nueva objetividad (Neue Sachlichkeit)\",\"isPartOf\":{\"@id\":\"https:\/\/www.aparences.net\/es\/#website\"},\"primaryImageOfPage\":{\"@id\":\"https:\/\/www.aparences.net\/es\/periodos\/arte-moderno\/la-nueva-objetividad-neue-sachlichkeit\/#primaryimage\"},\"image\":{\"@id\":\"https:\/\/www.aparences.net\/es\/periodos\/arte-moderno\/la-nueva-objetividad-neue-sachlichkeit\/#primaryimage\"},\"thumbnailUrl\":\"https:\/\/www.aparences.net\/wp-content\/uploads\/2011\/08\/nouvelle-objectivite.webp\",\"datePublished\":\"2011-08-13T21:29:49+00:00\",\"dateModified\":\"2025-12-11T18:40:56+00:00\",\"description\":\"Desde el punto de vista del lenguaje pict\u00f3rico, la Nueva Objetividad se presenta como la superaci\u00f3n del expresionismo y del arte abstracto.\",\"breadcrumb\":{\"@id\":\"https:\/\/www.aparences.net\/es\/periodos\/arte-moderno\/la-nueva-objetividad-neue-sachlichkeit\/#breadcrumb\"},\"inLanguage\":\"es\",\"potentialAction\":[{\"@type\":\"ReadAction\",\"target\":[\"https:\/\/www.aparences.net\/es\/periodos\/arte-moderno\/la-nueva-objetividad-neue-sachlichkeit\/\"]}]},{\"@type\":\"ImageObject\",\"inLanguage\":\"es\",\"@id\":\"https:\/\/www.aparences.net\/es\/periodos\/arte-moderno\/la-nueva-objetividad-neue-sachlichkeit\/#primaryimage\",\"url\":\"https:\/\/www.aparences.net\/wp-content\/uploads\/2011\/08\/nouvelle-objectivite.webp\",\"contentUrl\":\"https:\/\/www.aparences.net\/wp-content\/uploads\/2011\/08\/nouvelle-objectivite.webp\",\"width\":1080,\"height\":540},{\"@type\":\"BreadcrumbList\",\"@id\":\"https:\/\/www.aparences.net\/es\/periodos\/arte-moderno\/la-nueva-objetividad-neue-sachlichkeit\/#breadcrumb\",\"itemListElement\":[{\"@type\":\"ListItem\",\"position\":1,\"name\":\"Portada\",\"item\":\"https:\/\/www.aparences.net\/es\/\"},{\"@type\":\"ListItem\",\"position\":2,\"name\":\"La nueva objetividad (Neue Sachlichkeit)\"}]},{\"@type\":\"WebSite\",\"@id\":\"https:\/\/www.aparences.net\/es\/#website\",\"url\":\"https:\/\/www.aparences.net\/es\/\",\"name\":\"Aparences: Historia del Arte y Actualidad Cultural\",\"description\":\"\",\"publisher\":{\"@id\":\"https:\/\/www.aparences.net\/es\/#organization\"},\"potentialAction\":[{\"@type\":\"SearchAction\",\"target\":{\"@type\":\"EntryPoint\",\"urlTemplate\":\"https:\/\/www.aparences.net\/es\/?s={search_term_string}\"},\"query-input\":{\"@type\":\"PropertyValueSpecification\",\"valueRequired\":true,\"valueName\":\"search_term_string\"}}],\"inLanguage\":\"es\"},{\"@type\":\"Organization\",\"@id\":\"https:\/\/www.aparences.net\/es\/#organization\",\"name\":\"Aparences: Historia del Arte y Actualidad Cultural\",\"url\":\"https:\/\/www.aparences.net\/es\/\",\"logo\":{\"@type\":\"ImageObject\",\"inLanguage\":\"es\",\"@id\":\"https:\/\/www.aparences.net\/es\/#\/schema\/logo\/image\/\",\"url\":\"https:\/\/www.aparences.net\/wp-content\/uploads\/2023\/09\/logo-quadrat-color-e1695915315229.png\",\"contentUrl\":\"https:\/\/www.aparences.net\/wp-content\/uploads\/2023\/09\/logo-quadrat-color-e1695915315229.png\",\"width\":120,\"height\":120,\"caption\":\"Aparences: Historia del Arte y Actualidad Cultural\"},\"image\":{\"@id\":\"https:\/\/www.aparences.net\/es\/#\/schema\/logo\/image\/\"}},{\"@type\":\"Person\",\"@id\":\"https:\/\/www.aparences.net\/es\/#\/schema\/person\/af349f6ffc31b16c68963e61268afca5\",\"name\":\"admin\",\"url\":\"https:\/\/www.aparences.net\/es\/author\/admin\/\"}]}<\/script>\n<!-- \/ Yoast SEO plugin. -->","yoast_head_json":{"title":"La nueva objetividad (Neue Sachlichkeit)","description":"Desde el punto de vista del lenguaje pict\u00f3rico, la Nueva Objetividad se presenta como la superaci\u00f3n del expresionismo y del arte abstracto.","robots":{"index":"index","follow":"follow","max-snippet":"max-snippet:-1","max-image-preview":"max-image-preview:large","max-video-preview":"max-video-preview:-1"},"canonical":"https:\/\/www.aparences.net\/es\/periodos\/arte-moderno\/la-nueva-objetividad-neue-sachlichkeit\/","og_locale":"es_ES","og_type":"article","og_title":"La nueva objetividad (Neue Sachlichkeit)","og_description":"Desde el punto de vista del lenguaje pict\u00f3rico, la Nueva Objetividad se presenta como la superaci\u00f3n del expresionismo y del arte abstracto.","og_url":"https:\/\/www.aparences.net\/es\/periodos\/arte-moderno\/la-nueva-objetividad-neue-sachlichkeit\/","og_site_name":"Aparences","article_published_time":"2011-08-13T21:29:49+00:00","article_modified_time":"2025-12-11T18:40:56+00:00","og_image":[{"width":1080,"height":540,"url":"https:\/\/www.aparences.net\/wp-content\/uploads\/2011\/08\/nouvelle-objectivite.webp","type":"image\/webp"}],"author":"admin","twitter_card":"summary_large_image","twitter_misc":{"Escrito por":"admin","Tiempo de lectura":"13 minutos"},"schema":{"@context":"https:\/\/schema.org","@graph":[{"@type":"Article","@id":"https:\/\/www.aparences.net\/es\/periodos\/arte-moderno\/la-nueva-objetividad-neue-sachlichkeit\/#article","isPartOf":{"@id":"https:\/\/www.aparences.net\/es\/periodos\/arte-moderno\/la-nueva-objetividad-neue-sachlichkeit\/"},"author":{"name":"admin","@id":"https:\/\/www.aparences.net\/es\/#\/schema\/person\/af349f6ffc31b16c68963e61268afca5"},"headline":"La nueva objetividad (Neue Sachlichkeit)","datePublished":"2011-08-13T21:29:49+00:00","dateModified":"2025-12-11T18:40:56+00:00","mainEntityOfPage":{"@id":"https:\/\/www.aparences.net\/es\/periodos\/arte-moderno\/la-nueva-objetividad-neue-sachlichkeit\/"},"wordCount":1982,"publisher":{"@id":"https:\/\/www.aparences.net\/es\/#organization"},"image":{"@id":"https:\/\/www.aparences.net\/es\/periodos\/arte-moderno\/la-nueva-objetividad-neue-sachlichkeit\/#primaryimage"},"thumbnailUrl":"https:\/\/www.aparences.net\/wp-content\/uploads\/2011\/08\/nouvelle-objectivite.webp","keywords":["Alexander Kanoldt","Arte moderno","Christian Schad","Felice Casorati","Georg Scholz","George Grosz","la Nueva objetividad","Max Beckmann","movimiento art\u00edstico","Neue Sachlichkeit","Nueva Objetividad","Otto Dix","realismo m\u00e1gico","Rudolf Schlichter","vanguardia art\u00edstica"],"articleSection":["Arte moderno"],"inLanguage":"es"},{"@type":["WebPage","ItemPage"],"@id":"https:\/\/www.aparences.net\/es\/periodos\/arte-moderno\/la-nueva-objetividad-neue-sachlichkeit\/","url":"https:\/\/www.aparences.net\/es\/periodos\/arte-moderno\/la-nueva-objetividad-neue-sachlichkeit\/","name":"La nueva objetividad (Neue Sachlichkeit)","isPartOf":{"@id":"https:\/\/www.aparences.net\/es\/#website"},"primaryImageOfPage":{"@id":"https:\/\/www.aparences.net\/es\/periodos\/arte-moderno\/la-nueva-objetividad-neue-sachlichkeit\/#primaryimage"},"image":{"@id":"https:\/\/www.aparences.net\/es\/periodos\/arte-moderno\/la-nueva-objetividad-neue-sachlichkeit\/#primaryimage"},"thumbnailUrl":"https:\/\/www.aparences.net\/wp-content\/uploads\/2011\/08\/nouvelle-objectivite.webp","datePublished":"2011-08-13T21:29:49+00:00","dateModified":"2025-12-11T18:40:56+00:00","description":"Desde el punto de vista del lenguaje pict\u00f3rico, la Nueva Objetividad se presenta como la superaci\u00f3n del expresionismo y del arte abstracto.","breadcrumb":{"@id":"https:\/\/www.aparences.net\/es\/periodos\/arte-moderno\/la-nueva-objetividad-neue-sachlichkeit\/#breadcrumb"},"inLanguage":"es","potentialAction":[{"@type":"ReadAction","target":["https:\/\/www.aparences.net\/es\/periodos\/arte-moderno\/la-nueva-objetividad-neue-sachlichkeit\/"]}]},{"@type":"ImageObject","inLanguage":"es","@id":"https:\/\/www.aparences.net\/es\/periodos\/arte-moderno\/la-nueva-objetividad-neue-sachlichkeit\/#primaryimage","url":"https:\/\/www.aparences.net\/wp-content\/uploads\/2011\/08\/nouvelle-objectivite.webp","contentUrl":"https:\/\/www.aparences.net\/wp-content\/uploads\/2011\/08\/nouvelle-objectivite.webp","width":1080,"height":540},{"@type":"BreadcrumbList","@id":"https:\/\/www.aparences.net\/es\/periodos\/arte-moderno\/la-nueva-objetividad-neue-sachlichkeit\/#breadcrumb","itemListElement":[{"@type":"ListItem","position":1,"name":"Portada","item":"https:\/\/www.aparences.net\/es\/"},{"@type":"ListItem","position":2,"name":"La nueva objetividad (Neue Sachlichkeit)"}]},{"@type":"WebSite","@id":"https:\/\/www.aparences.net\/es\/#website","url":"https:\/\/www.aparences.net\/es\/","name":"Aparences: Historia del Arte y Actualidad Cultural","description":"","publisher":{"@id":"https:\/\/www.aparences.net\/es\/#organization"},"potentialAction":[{"@type":"SearchAction","target":{"@type":"EntryPoint","urlTemplate":"https:\/\/www.aparences.net\/es\/?s={search_term_string}"},"query-input":{"@type":"PropertyValueSpecification","valueRequired":true,"valueName":"search_term_string"}}],"inLanguage":"es"},{"@type":"Organization","@id":"https:\/\/www.aparences.net\/es\/#organization","name":"Aparences: Historia del Arte y Actualidad Cultural","url":"https:\/\/www.aparences.net\/es\/","logo":{"@type":"ImageObject","inLanguage":"es","@id":"https:\/\/www.aparences.net\/es\/#\/schema\/logo\/image\/","url":"https:\/\/www.aparences.net\/wp-content\/uploads\/2023\/09\/logo-quadrat-color-e1695915315229.png","contentUrl":"https:\/\/www.aparences.net\/wp-content\/uploads\/2023\/09\/logo-quadrat-color-e1695915315229.png","width":120,"height":120,"caption":"Aparences: Historia del Arte y Actualidad Cultural"},"image":{"@id":"https:\/\/www.aparences.net\/es\/#\/schema\/logo\/image\/"}},{"@type":"Person","@id":"https:\/\/www.aparences.net\/es\/#\/schema\/person\/af349f6ffc31b16c68963e61268afca5","name":"admin","url":"https:\/\/www.aparences.net\/es\/author\/admin\/"}]}},"_links":{"self":[{"href":"https:\/\/www.aparences.net\/es\/wp-json\/wp\/v2\/posts\/13324","targetHints":{"allow":["GET"]}}],"collection":[{"href":"https:\/\/www.aparences.net\/es\/wp-json\/wp\/v2\/posts"}],"about":[{"href":"https:\/\/www.aparences.net\/es\/wp-json\/wp\/v2\/types\/post"}],"author":[{"embeddable":true,"href":"https:\/\/www.aparences.net\/es\/wp-json\/wp\/v2\/users\/2"}],"replies":[{"embeddable":true,"href":"https:\/\/www.aparences.net\/es\/wp-json\/wp\/v2\/comments?post=13324"}],"version-history":[{"count":0,"href":"https:\/\/www.aparences.net\/es\/wp-json\/wp\/v2\/posts\/13324\/revisions"}],"wp:featuredmedia":[{"embeddable":true,"href":"https:\/\/www.aparences.net\/es\/wp-json\/wp\/v2\/media\/28506"}],"wp:attachment":[{"href":"https:\/\/www.aparences.net\/es\/wp-json\/wp\/v2\/media?parent=13324"}],"wp:term":[{"taxonomy":"category","embeddable":true,"href":"https:\/\/www.aparences.net\/es\/wp-json\/wp\/v2\/categories?post=13324"},{"taxonomy":"post_tag","embeddable":true,"href":"https:\/\/www.aparences.net\/es\/wp-json\/wp\/v2\/tags?post=13324"}],"curies":[{"name":"wp","href":"https:\/\/api.w.org\/{rel}","templated":true}]}}