{"id":13328,"date":"2011-08-15T23:30:36","date_gmt":"2011-08-15T21:30:36","guid":{"rendered":"https:\/\/www.aparences.net\/periodes\/art-moderne\/la-pintura-metafisica\/"},"modified":"2025-12-11T19:40:56","modified_gmt":"2025-12-11T18:40:56","slug":"la-pintura-metafisica","status":"publish","type":"post","link":"https:\/\/www.aparences.net\/es\/periodos\/arte-moderno\/la-pintura-metafisica\/","title":{"rendered":"La pintura metaf\u00edsica"},"content":{"rendered":"<p><!--contents--><\/p>\n\n\n<h2 class=\"wp-block-heading\">Un mundo on\u00edrico<\/h2>\n\n\n\n<p>La pintura metaf\u00edsica es un movimiento art\u00edstico italiano que nace en 1916 de un encuentro casual de Giorgio de Chirico con Carlo Carr\u00e0 en el Hospital Militar de Ferrara. La ciudad que di\u00f3 nacimiento a la prestigiosa escuela de pintura, la <a href=\"https:\/\/www.aparences.net\/es\/escuelas\/la-escuela-de-ferrara\/\">Escuela de Ferrara<\/a>, con el Castello Estense y sus calles silenciosas, fascina a los dos artistas y les inspira las atm\u00f3sferas on\u00edricas de sus obras. Otros pintores vinculados a este movimiento son Alberto Savinio, Filippo de Pisis y Giorgio Morandi hasta su disoluci\u00f3n hacia 1921, cuando se estaban desarrollando las nuevas tendencias de <em>Valori Plastici<\/em>. El origen y las motivaciones del movimiento son distintas en cada uno de sus representantes. Para De Chirico, griego de nacimiento, de padres italianos y de formaci\u00f3n alemana, son elementos a la vez de cultura n\u00f3rdica extra-pict\u00f3rica (Nietzsche, Schopenhauer, y Weininger) y de cultura pict\u00f3rica cl\u00e1sica y visionaria. <\/p>\n\n\n\n<p>Por otro lado, el regreso a la tradici\u00f3n cl\u00e1sica y a la pintura del <a title=\"El Trecento\" href=\"https:\/\/www.aparences.net\/es\/periodos\/el-trecento\/\">Trecento<\/a> y del <a title=\"Quattrocento\" href=\"https:\/\/www.aparences.net\/es\/periodos\/el-quattrocento\/\">Quattrocento<\/a> italianos (Carr\u00e0 desarroll\u00f3 estas teor\u00edas en sus art\u00edculos publicados en la revista Valori Plastici) se convirti\u00f3 en otro antecedente formal importante de la pintura metaf\u00edsica; el resultado ser\u00e1 una pintura con una atm\u00f3sfera m\u00e1gica y enigm\u00e1tica, incluyendo la firme y concreta individualidad de presencias singulares como en \u00abEl Enigma del or\u00e1culo\u00bb de 1910. Esta magia pre-surrealista caracteriza las obras realizadas en plena madurez metaf\u00edsica de De Chirico, los maniqu\u00edes, (<em>Las musas inquietantes<\/em> de 1916) y los interiores \u00abhabitados\u00bb por objetos cotidianos (1915-1919) y las m\u00e1s tard\u00edas realizadas entre 1920 y 1930, que son la serie de los arque\u00f3logos, los gladiadores y los muebles en el valle, que invitan a una lectura metaf\u00edsica de toda la obra de De Chirico.<\/p>\n\n\n<div class=\"wp-block-image\">\n<figure class=\"aligncenter size-full\"><img loading=\"lazy\" decoding=\"async\" width=\"267\" height=\"430\" src=\"https:\/\/www.aparences.net\/wp-content\/uploads\/2023\/11\/de-chirico-muses-inquietant.webp\" alt=\"Las musas inquietantes, 1916, Giorgio de Chirico\" class=\"wp-image-28454\" title=\"Las musas inquietantes, 1916, Giorgio de Chirico\"\/><figcaption class=\"wp-element-caption\"><em><strong>Las musas inquietantes<\/strong>, 1916, <strong>Giorgio de Chirico<\/strong> (Mil\u00e1n, Colecci\u00f3n privada). <\/em><\/figcaption><\/figure>\n<\/div>\n\n\n<p><em>Las musas inquietantes son dos maniqu\u00edes abandonados junto con otros objetos muy coloreados, en la soledad de una plaza desierta con la perspectiva muy marcada, como en una escena de teatro. Las sombras limpias y bien contrastadas parecen marcar los rayos solares con una precisi\u00f3n de reloj de sol, pero es imposible determinar la hora o una estaci\u00f3n: el cielo se cierra, compacto y denso, sobre el fondo. El gran edificio es el Castillo Estense de Ferrara, antigua residencia de la <a href=\"https:\/\/www.aparences.net\/es\/arte-y-mecenazgo\/los-este-de-ferrara\/\">familia Este<\/a>, (pr\u00edncipes mecenas del Renacimiento que dedicaban una particular devoci\u00f3n a <a title=\"las Musas de Belfiore\" href=\"https:\/\/www.aparences.net\/es\/escuelas\/la-escuela-de-ferrara\/las-musas-del-studiolo-de-belfiore\/\">las Musas<\/a>). El poeta simbolista <a href=\"https:\/\/es.wikipedia.org\/wiki\/Gabriele_D%27Annunzio\">Gabriele d&#8217;Annunzio<\/a> a definido Ferrara como la \u00abciudad del silencio\u00bb: De Chirico la ha convertido en una escena de inmovilidad absoluta, donde las formas, con colores limpios y esmaltados, se ordenan como las piezas de un tablero gigantesco. De Chirico ha desarrollado este tema en la serie de pinturas \u00abLugares de Italia\u00bb, silenciosos paisajes urbanos que en parte recuerdan la pintura del Quattrocento.<br><\/em><\/p>\n\n\n\n<!-- AdBoxRight2020 --><ins class=\"adsbygoogle\"     style=\"display:block; margin-top:30px;\"     data-ad-client=\"ca-pub-2468002815867636\"     data-ad-slot=\"3496014735\"     data-ad-format=\"auto\"     data-full-width-responsive=\"false\"><\/ins><script> (adsbygoogle = window.adsbygoogle || []).push({});<\/script><h2 class=\"wp-block-heading\">Carlo Carr\u00e0 y Giorgio Morandi<\/h2>\n\n\n\n<p>La obra de Carlo Carr\u00e0 y Giorgio Morandi se relaciona m\u00e1s con una b\u00fasqueda estil\u00edstica pict\u00f3rica que con sugerencias culturales. Es el agotamiento del <a href=\"https:\/\/www.aparences.net\/es\/periodos\/arte-moderno\/futurismo\/\">futurismo<\/a> y las investigaciones que le siguen sobre la forma, lo que conducir\u00e1 a Carr\u00e0 a reaccionar y a volver poco a poco a la integridad del objeto, a la \u00abpoes\u00eda de las cosas ordinarias\u00bb. El periodo metaf\u00edsico de Carr\u00e0 comienza en 1914 y se desarrolla junto con sus teor\u00edas sobre la tradici\u00f3n pict\u00f3rica italiana, que intenta conciliar con la vanguardia. La figura del maniqu\u00ed, que se yergue como un \u00eddolo moderno y misterioso, es representado en una postura hier\u00e1tica. La atm\u00f3sfera queda como en suspenso, cargada de significados simb\u00f3licos que pertenecen al mundo de los cuentos y de los sue\u00f1os.<\/p>\n\n\n<div class=\"wp-block-image\">\n<figure class=\"aligncenter size-full\"><img loading=\"lazy\" decoding=\"async\" width=\"274\" height=\"430\" src=\"https:\/\/www.aparences.net\/wp-content\/uploads\/2023\/11\/carra-idole-hermaphrodite.webp\" alt=\"El \u00eddolo hermafrodita, 1917, Carlo Carr\u00e0, Mil\u00e1n, colecci\u00f3n privada\" class=\"wp-image-28456\" title=\"El \u00eddolo hermafrodita, 1917, Carlo Carr\u00e0, Mil\u00e1n, colecci\u00f3n privada\"\/><figcaption class=\"wp-element-caption\"><em><strong>El \u00eddolo hermafrodita<\/strong>, 1917, <strong>Carlo Carr\u00e0<\/strong> (Mil\u00e1n, colecci\u00f3n privada). <\/em><\/figcaption><\/figure>\n<\/div>\n\n\n<p><em>El maniqu\u00ed est\u00e1 colocado en un tipo de caja espacial desnuda donde se encuentran cuerpos geom\u00e9tricos. La gama crom\u00e1tica es muy restringida ya que se reduce a los colores verde, amarillo y azul de los paralel\u00edpidos que se encuentran en el suelo. La perspectiva lineal central queda anulada; las proporciones alteradas.<br><\/em><\/p>\n\n\n<div class=\"wp-block-image\">\n<figure class=\"aligncenter size-full\"><img loading=\"lazy\" decoding=\"async\" width=\"279\" height=\"430\" src=\"https:\/\/www.aparences.net\/wp-content\/uploads\/2023\/11\/carra-ovale-apparitions.webp\" alt=\"El \u00f3valo de las apariciones, 1918, Carlo Carr\u00e0\" class=\"wp-image-28458\" title=\"El \u00f3valo de las apariciones, 1918, Carlo Carr\u00e0\"\/><figcaption class=\"wp-element-caption\"><em><strong>El \u00f3valo de las apariciones<\/strong>, 1918, <strong>Carlo Carr\u00e0<\/strong> (Roma, Galleria Nazionale d&#8217;Arte Moderna). <\/em><\/figcaption><\/figure>\n<\/div>\n\n\n<p><em>El maniqu\u00ed, personaje recurrente en la pintura metaf\u00edsica y en la literatura surrealista, hace alusi\u00f3n a una presencia humana, pero bajo la forma de boceto, mec\u00e1nico, sin movimiento.<\/em><\/p>\n\n\n\n<p>Giorgio Morandi llega a la forma metaf\u00edsica siguiendo una l\u00f3gica interna en su investigaci\u00f3n formal, fuera de motivaciones hist\u00f3ricas inmediatas. Los ejemplos de De Chirico y de Carr\u00e0 lo hallan ya ocupado en meditar sobre <a href=\"https:\/\/www.aparences.net\/es\/periodos\/postimpresionismo\/paul-cezanne\/\">la forma cezanniana<\/a> y sobre la lecci\u00f3n purista de los pintores antiguos (<a title=\"frescos de Giotto\" href=\"https:\/\/www.aparences.net\/es\/arte-y-mecenazgo\/los-fresquistas-florentinos\/giotto-y-sus-continuadores\/\">Giotto<\/a>, <a href=\"https:\/\/www.aparences.net\/es\/periodos\/el-quattrocento\/masaccio-la-arquitectura-y-el-espacio\/\">Masaccio<\/a>, <a title=\"Piero della Francesca\" href=\"https:\/\/www.aparences.net\/es\/arte-y-mecenazgo\/los-fresquistas-florentinos\/piero-della-francesca-historia-de-una-sintesis\/\">Piero della Francesca<\/a>). Si en las naturalezas muertas de 1918, la presencia de un maniqu\u00ed, de una esfera, o de una escuadra, son los datos aparentes de su adhesi\u00f3n a la pintura metaf\u00edsica, los elementos caracter\u00edsticos de toda su obra son la geometr\u00eda de las composiciones, la severidad de su paleta, y el ambiente meditativo.<\/p>\n\n\n<div class=\"wp-block-image\">\n<figure class=\"aligncenter size-full\"><img loading=\"lazy\" decoding=\"async\" width=\"357\" height=\"430\" src=\"https:\/\/www.aparences.net\/wp-content\/uploads\/2023\/11\/morandi-nature-morte.webp\" alt=\"Naturaleza muerta con maniqu\u00ed, 1918, Giorgio Morandi\" class=\"wp-image-28460\" title=\"Naturaleza muerta con maniqu\u00ed, 1918, Giorgio Morandi\"\/><figcaption class=\"wp-element-caption\"><em><strong>Naturaleza muerta con maniqu\u00ed<\/strong>, 1918, <strong>Giorgio Morandi<\/strong> (San Petersburgo, Museo del Hermitage).<\/em><\/figcaption><\/figure>\n<\/div>\n\n\n<p><em>Durante un breve periodo, antes de encerrarse en el solitario mundo de la poes\u00eda, Giorgio Morandi particip\u00f3 en la pintura metaf\u00edsica.<\/em><\/p>\n\n\n\n<h2 class=\"wp-block-heading\">Alberto Savinio<\/h2>\n\n\n\n<p>Pintor, m\u00fasico, novelista y poeta, Alberto Savinio, hermano de De Chirico (Andrea de Chirico) crea universos fabulosos, poblados de arquitecturas-juguete y de personajes zoomorfos. En 1910, se instala en Par\u00eds donde frecuenta <a href=\"https:\/\/www.aparences.net\/es\/periodos\/arte-moderno\/\">la vanguardia art\u00edstica<\/a> y literaria de la \u00e9poca (Breton, Picasso, Apollinaire, Cendrars, Cocteau) y se da a conocer como escritor. En 1916, en Ferrara, asiste al nacimiento de la pintura metaf\u00edsica. Los art\u00edculos que publica en la revista Valori Plastici hacen de \u00e9l un sutil te\u00f3rico de esta nueva corriente pict\u00f3rica. Savinio expone por primera vez en Par\u00eds en 1927; a partir de este momento, desarrolla, paralelamente a su intensa actividad literaria, una actividad pict\u00f3rica cercana al <a title=\"surrealismo\" href=\"https:\/\/www.aparences.net\/es\/periodos\/arte-moderno\/el-surrealismo\/\">Surrealismo<\/a>, pero en realidad, destinada sobre todo a dar forma a los dos principios fundamentales de la pintura metaf\u00edsica: la \u00abespectralidad\u00bb y la \u00abiron\u00eda\u00bb. En Savinio, los temas recurrentes son los paisajes y las figuras metam\u00f3rficas como en <em>La Anunciaci\u00f3n<\/em>, a menudo enredadas por un repertorio de <a href=\"https:\/\/www.aparences.net\/es\/tematicos\/mitologia-y-pintura\/\">im\u00e1genes que se inspiran de la Antig\u00fcedad Cl\u00e1sica<\/a>, nunca idealizada, pero contemplada con una cierta iron\u00eda. En los a\u00f1os treinta, Savinio formaba parte del grupo de los \u00abpintores italianos de Par\u00eds\u00bb con Tozzi, Campligi y Severini.<\/p>\n\n\n<div class=\"wp-block-image\">\n<figure class=\"aligncenter size-full\"><img loading=\"lazy\" decoding=\"async\" width=\"327\" height=\"430\" src=\"https:\/\/www.aparences.net\/wp-content\/uploads\/2023\/11\/savinio_annonciation.webp\" alt=\"La Anunciaci\u00f3n, 1932, Alberto Savinio, Mil\u00e1n, Civico Museo d'Arte Contemporanea\" class=\"wp-image-28462\" title=\"La Anunciaci\u00f3n, 1932, Alberto Savinio, Mil\u00e1n, Civico Museo d'Arte Contemporanea\"\/><figcaption class=\"wp-element-caption\"><em><strong>La Anunciaci\u00f3n<\/strong>, 1932, <strong>Alberto Savinio<\/strong><\/em><br><em>(Mil\u00e1n, Civico Museo d&#8217;Arte Contemporanea). <\/em><\/figcaption><\/figure>\n<\/div>\n\n\n<p><em>Savinio combina aqu\u00ed elementos t\u00edpicos del surrealismo con elementos \u00abcl\u00e1sicos\u00bb de la tradici\u00f3n pict\u00f3rica italiana, con una experimentaci\u00f3n personal paralela a la de su hermano Giorgio. La metamorfosis es un tema recurrente en las obras de Savinio: cabezas de animales que se engarzan en cuerpos humanos, con el fin de proyectarlos hacia una dimensi\u00f3n on\u00edrica como una iron\u00eda grotesca. En \u00abLa Anunciaci\u00f3n\u00bb, esta sensaci\u00f3n de irrealidad se acentua por la forma pentagonal del lienzo. Una enorme cara de rasgos cl\u00e1sicos representa el \u00e1ngel de la Anunciaci\u00f3n;&nbsp; a la Virgen, Savinio la transforma en un monstruo con cabeza de p\u00e1jaro.<\/em><\/p>\n\n\n\n<!-- AdBoxLeft2023 --><ins class=\"adsbygoogle\" style=\"display:block\" data-ad-client=\"ca-pub-2468002815867636\" data-ad-slot=\"1318022963\" data-ad-format=\"auto\" data-full-width-responsive=\"true\"><\/ins><script> (adsbygoogle = window.adsbygoogle || []).push({});<\/script><h2 class=\"wp-block-heading\">Giorgio de Chirico<\/h2>\n\n\n\n<p>Plazas solitarias donde el tiempo parece haberse detenido. \u00danicos indicios de vida, las peque\u00f1as banderas agitados por el viento; el castillo Estense en un mudo di\u00e1logo con las chimeneas humeantes de la nueva civilizaci\u00f3n industrial; perspectivas con numerosos puntos de fuga; relojes enigm\u00e1ticos; estatuas ba\u00f1adas por la luz y misteriosos maniqu\u00edes formados con herramientas de carpintero; fragmentos de estatuas cl\u00e1sicas, son los elementos que caracterizan la pintura metaf\u00edsica de Giorgio de Chirico. Impregnado de referencias filos\u00f3ficas y literarias de su Grecia natal y del simbolismo de la escuela alemana, el artista crea una dimensi\u00f3n que va \u00abm\u00e1s all\u00e1 de la naturaleza\u00bb, que lo condujo a una nueva percepci\u00f3n de la realidad, desvelando lo maravilloso en lo cotidiano. De Chirico inventa la perspectiva metaf\u00edsica \u00abuna geometr\u00eda de lo absurdo donde las sombras no coinciden con la teor\u00eda de las sombras\u00bb; los fondos de escena arquitecturales no sirven para eliminar el espacio, pero asumen la funci\u00f3n exclusiva de sugerencias m\u00e1gicas. Se puede encontrar la noci\u00f3n de perspectiva metaf\u00edsica en los cuadros <em>Villas romanas<\/em> de 1922, donde se evidencia el gusto del artista por la arqueolog\u00eda.<\/p>\n\n\n<div class=\"wp-block-image\">\n<figure class=\"aligncenter size-full\"><img loading=\"lazy\" decoding=\"async\" width=\"325\" height=\"430\" src=\"https:\/\/www.aparences.net\/wp-content\/uploads\/2023\/11\/de-chirico-archeologues.webp\" alt=\"Los arque\u00f3logos, 1927, Giorgio de Chirico\" class=\"wp-image-28464\" title=\"Los arque\u00f3logos, 1927, Giorgio de Chirico\"\/><figcaption class=\"wp-element-caption\"><em><strong>Los arque\u00f3logos<\/strong>, 1927, <strong>Giorgio de Chirico<\/strong>,<\/em><br><em>(Roma, Galleria Nazionale d&#8217;Arte Moderna)<\/em><\/figcaption><\/figure>\n<\/div>\n\n\n<p>En Par\u00eds, en 1911, Giorgio de Chirico entabl\u00f3 amistad con <a href=\"https:\/\/es.wikipedia.org\/wiki\/Paul_Val%C3%A9ry\">Paul Valery<\/a> y <a href=\"https:\/\/es.wikipedia.org\/wiki\/Guillaume_Apollinaire\">Guillaume Apollinaire<\/a>, pero no se une ni al <a href=\"https:\/\/www.aparences.net\/es\/periodos\/arte-moderno\/cubismo\/\">cubismo<\/a> ni a ninguna de las vanguardias. Busca su propio lenguaje de manera aut\u00f3noma, uniendo elementos de or\u00edgenes diversos que representan sus visiones on\u00edricas como expresi\u00f3n del tiempo que pasa. En los cuadros realizados a partir de 1912 (<em>La estatua se ha movido<\/em>, <em>El enigma de la hora<\/em>, <em>La gran torre<\/em>), define el espacio con elementos arquitecturales que aparecen claramente como bastidores en perspectiva, vac\u00edos e inhabitables.<\/p>\n\n\n<div class=\"wp-block-image\">\n<figure class=\"aligncenter size-full\"><img loading=\"lazy\" decoding=\"async\" width=\"526\" height=\"411\" src=\"https:\/\/www.aparences.net\/wp-content\/uploads\/2023\/11\/de-chirico-tour-rouge.webp\" alt=\"La torre roja, 1913, Giorgio de Chirico, Venecia, Collection Peggy Guggenheim\" class=\"wp-image-28466\" title=\"La torre roja, 1913, Giorgio de Chirico, Venecia, Collection Peggy Guggenheim\"\/><figcaption class=\"wp-element-caption\"><em><strong>La torre roja<\/strong>, 1913, <strong>Giorgio de Chirico<\/strong> (Venecia, Colecci\u00f3n Peggy Guggenheim).<\/em><\/figcaption><\/figure>\n<\/div>\n\n\n<p><em>Expuesta en Par\u00eds en el Sal\u00f3n de oto\u00f1o de 1913, esta composici\u00f3n tiene una estructura multic\u00e9ntrica, marcada por las l\u00edneas divergentes sobre las cuales se alinean los arcos que cierran la plaza donde se eleva un monumento ecuestre y una torre circular.<\/em><\/p>\n\n\n\n<p>Los cuadros sin perspectiva como los \u00abInteriores metaf\u00edsicos\u00bb est\u00e1n poblados de objetos descritos con un rigor minucioso: objetos corrientes ubicados en un contexto espacio-temporal que le es ajeno.<\/p>\n\n\n<div class=\"wp-block-image\">\n<figure class=\"aligncenter size-full\"><img loading=\"lazy\" decoding=\"async\" width=\"337\" height=\"430\" src=\"https:\/\/www.aparences.net\/wp-content\/uploads\/2023\/11\/de-chirico-chant-amour.webp\" alt=\"Canto de amor, 1914, Giorgio de Chirico\" class=\"wp-image-28468\" title=\"Canto de amor, 1914, Giorgio de Chirico\"\/><figcaption class=\"wp-element-caption\"><em><strong>Canto de amor<\/strong>, 1914, <strong>Giorgio de Chirico<\/strong>,<\/em><br><em>(Nueva York, Museum of Modern Art). <\/em><\/figcaption><\/figure>\n<\/div>\n\n\n<p><em>Esta pintura, inspirada en una poes\u00eda de <strong>Guillaume Apollinaire<\/strong>, fue realizada algunos a\u00f1os antes del comienzo oficial de la corriente metaf\u00edsica: De Chirico utilizaba ya encuentros imposibles entre objetos diversos, como el molde de la cabeza del Apolo del Belvedere y un guante de caucho. El tren que aparece a la izquierda del cuadro es un homenaje a su padre, ingeniero ferroviario.<\/em><\/p>\n\n\n\n<p>El maniqu\u00ed hace su aparici\u00f3n en la pintura de Giorgio de Chirico: seg\u00fan \u00e9l, la idea se le ocurri\u00f3 a causa de un personaje, el \u00abhombre sin rostro\u00bb, de una pieza de teatro de su hermano, Alberto Savinio. Construcci\u00f3n emblem\u00e1tica del hombre-aut\u00f3mata contempor\u00e1neo, tal como aparece en <em>las Musas inquietantes<\/em> de 1916, <em>El gran metaf\u00edsico<\/em> y <em>H\u00e9ctor y Andr\u00f3maca<\/em> (1917), el maniqu\u00ed ofrece, desde el punto de vista de la composici\u00f3n, una gama interesante de recursos pl\u00e1sticos.<\/p>\n\n\n<div class=\"wp-block-image\">\n<figure class=\"aligncenter size-full\"><img loading=\"lazy\" decoding=\"async\" width=\"280\" height=\"430\" src=\"https:\/\/www.aparences.net\/wp-content\/uploads\/2023\/11\/de-chirico-hector-andromaqu.webp\" alt=\"H\u00e9ctor y Andr\u00f3maca, 1917, Giorgio de Chirico\" class=\"wp-image-28470\" title=\"H\u00e9ctor y Andr\u00f3maca, 1917, Giorgio de Chirico\"\/><figcaption class=\"wp-element-caption\"><em><strong>H\u00e9ctor y Andr\u00f3maca<\/strong>, 1917,<\/em><br><em><strong>Giorgio de Chirico<\/strong><\/em><br><em>(Mil\u00e1n, Colecci\u00f3n privada)<\/em><\/figcaption><\/figure>\n<\/div>\n\n<div class=\"wp-block-image\">\n<figure class=\"aligncenter size-full\"><img loading=\"lazy\" decoding=\"async\" width=\"322\" height=\"430\" src=\"https:\/\/www.aparences.net\/wp-content\/uploads\/2023\/11\/de-chirico-le-voyant.webp\" alt=\"El vidente, 1915, Giorgio de Chirico\" class=\"wp-image-28472\" title=\"El vidente, 1915, Giorgio de Chirico\"\/><figcaption class=\"wp-element-caption\"><em><strong>El vidente<\/strong>, 1915, <strong>Giorgio de Chirico<\/strong>,<\/em><br><em>(Nueva York, The Museum of Modern Art)<\/em><\/figcaption><\/figure>\n<\/div>\n\n\n<p>De Chirico particip\u00f3 en la <a title=\"primera exposici\u00f3n surrealista\" href=\"https:\/\/www.aparences.net\/es\/periodos\/arte-moderno\/el-surrealismo\/\">primera exposici\u00f3n surrealista<\/a> que tuvo lugar en Par\u00eds en 1925, pero romper\u00e1 definitivamente con los artistas de este movimiento en 1928. M\u00e1s tarde, despu\u00e9s de haber desautorizado ciertas obras suyas, continuar\u00e1 su b\u00fasqueda, uniendo conocimiento t\u00e9cnico y respeto a la tradici\u00f3n, as\u00ed como el rechazo del arte contempor\u00e1neo. Su periodo m\u00e1s interesante ser\u00e1 indiscutiblemente el <a href=\"https:\/\/www.aparences.net\/es\/periodos\/arte-moderno-anexos\/de-chirico-metafisico\/\">per\u00edodo metaf\u00edsico<\/a>, que abre una nueva v\u00eda a la investigaci\u00f3n y que influy\u00f3 en la <a title=\"Nueva Objetividad\" href=\"https:\/\/www.aparences.net\/es\/periodos\/arte-moderno\/la-nueva-objetividad-neue-sachlichkeit\/\">Nueva Objetividad<\/a> y en el realismo m\u00e1gico alem\u00e1n, en el Novecento italiano, y tambi\u00e9n en ciertos aspectos, en <a href=\"https:\/\/www.aparences.net\/es\/periodos\/arte-moderno\/el-surrealismo\/\">los surrealistas<\/a> (Magritte, Tanguy, Ernst, Dal\u00ed).<\/p>\n","protected":false},"excerpt":{"rendered":"<p>La pintura metaf\u00edsica es un movimiento art\u00edstico italiano que nace en 1916 del encuentro de Giorgio de Chirico con Carlo Carr\u00e0 en el Hospital Militar de Ferrara.<\/p>\n","protected":false},"author":2,"featured_media":28451,"comment_status":"closed","ping_status":"closed","sticky":false,"template":"","format":"standard","meta":{"footnotes":""},"categories":[2331],"tags":[4423,4292,4339,2591,3482,1966,4424,2845,1091,2472],"class_list":["post-13328","post","type-post","status-publish","format-standard","has-post-thumbnail","hentry","category-arte-moderno","tag-alberto-savinio","tag-arte-moderno","tag-carlo-carra","tag-escuela-de-pintura","tag-ferrara","tag-giorgio-de-chirico","tag-giorgio-morandi","tag-pintura-metafisica","tag-valore-plastici","tag-vanguardias"],"yoast_head":"<!-- This site is optimized with the Yoast SEO plugin v27.2 - https:\/\/yoast.com\/product\/yoast-seo-wordpress\/ -->\n<title>La pintura metaf\u00edsica<\/title>\n<meta name=\"description\" content=\"La pintura metaf\u00edsica es un movimiento art\u00edstico italiano que nace en 1916 del encuentro de Giorgio de Chirico con Carlo Carr\u00e0 en el Hospital Militar de Ferrara.\" \/>\n<meta name=\"robots\" content=\"index, follow, max-snippet:-1, max-image-preview:large, max-video-preview:-1\" \/>\n<link rel=\"canonical\" href=\"https:\/\/www.aparences.net\/es\/periodos\/arte-moderno\/la-pintura-metafisica\/\" \/>\n<meta property=\"og:locale\" content=\"es_ES\" \/>\n<meta property=\"og:type\" content=\"article\" \/>\n<meta property=\"og:title\" content=\"La pintura metaf\u00edsica\" \/>\n<meta property=\"og:description\" content=\"La pintura metaf\u00edsica es un movimiento art\u00edstico italiano que nace en 1916 del encuentro de Giorgio de Chirico con Carlo Carr\u00e0 en el Hospital Militar de Ferrara.\" \/>\n<meta property=\"og:url\" content=\"https:\/\/www.aparences.net\/es\/periodos\/arte-moderno\/la-pintura-metafisica\/\" \/>\n<meta property=\"og:site_name\" content=\"Aparences\" \/>\n<meta property=\"article:published_time\" content=\"2011-08-15T21:30:36+00:00\" \/>\n<meta property=\"article:modified_time\" content=\"2025-12-11T18:40:56+00:00\" \/>\n<meta property=\"og:image\" content=\"https:\/\/www.aparences.net\/wp-content\/uploads\/2011\/08\/peinture-metaphysique.webp\" \/>\n\t<meta property=\"og:image:width\" content=\"1080\" \/>\n\t<meta property=\"og:image:height\" content=\"540\" \/>\n\t<meta property=\"og:image:type\" content=\"image\/webp\" \/>\n<meta name=\"author\" content=\"admin\" \/>\n<meta name=\"twitter:card\" content=\"summary_large_image\" \/>\n<meta name=\"twitter:label1\" content=\"Escrito por\" \/>\n\t<meta name=\"twitter:data1\" content=\"admin\" \/>\n\t<meta name=\"twitter:label2\" content=\"Tiempo de lectura\" \/>\n\t<meta name=\"twitter:data2\" content=\"11 minutos\" \/>\n<script type=\"application\/ld+json\" class=\"yoast-schema-graph\">{\"@context\":\"https:\/\/schema.org\",\"@graph\":[{\"@type\":\"Article\",\"@id\":\"https:\/\/www.aparences.net\/es\/periodos\/arte-moderno\/la-pintura-metafisica\/#article\",\"isPartOf\":{\"@id\":\"https:\/\/www.aparences.net\/es\/periodos\/arte-moderno\/la-pintura-metafisica\/\"},\"author\":{\"name\":\"admin\",\"@id\":\"https:\/\/www.aparences.net\/es\/#\/schema\/person\/af349f6ffc31b16c68963e61268afca5\"},\"headline\":\"La pintura metaf\u00edsica\",\"datePublished\":\"2011-08-15T21:30:36+00:00\",\"dateModified\":\"2025-12-11T18:40:56+00:00\",\"mainEntityOfPage\":{\"@id\":\"https:\/\/www.aparences.net\/es\/periodos\/arte-moderno\/la-pintura-metafisica\/\"},\"wordCount\":1915,\"publisher\":{\"@id\":\"https:\/\/www.aparences.net\/es\/#organization\"},\"image\":{\"@id\":\"https:\/\/www.aparences.net\/es\/periodos\/arte-moderno\/la-pintura-metafisica\/#primaryimage\"},\"thumbnailUrl\":\"https:\/\/www.aparences.net\/wp-content\/uploads\/2011\/08\/peinture-metaphysique.webp\",\"keywords\":[\"Alberto Savinio\",\"Arte moderno\",\"Carlo Carr\u00e0\",\"escuela de pintura\",\"Ferrara\",\"Giorgio de Chirico\",\"Giorgio Morandi\",\"pintura metaf\u00edsica\",\"Valore Plastici\",\"vanguardias\"],\"articleSection\":[\"Arte moderno\"],\"inLanguage\":\"es\"},{\"@type\":[\"WebPage\",\"ItemPage\"],\"@id\":\"https:\/\/www.aparences.net\/es\/periodos\/arte-moderno\/la-pintura-metafisica\/\",\"url\":\"https:\/\/www.aparences.net\/es\/periodos\/arte-moderno\/la-pintura-metafisica\/\",\"name\":\"La pintura metaf\u00edsica\",\"isPartOf\":{\"@id\":\"https:\/\/www.aparences.net\/es\/#website\"},\"primaryImageOfPage\":{\"@id\":\"https:\/\/www.aparences.net\/es\/periodos\/arte-moderno\/la-pintura-metafisica\/#primaryimage\"},\"image\":{\"@id\":\"https:\/\/www.aparences.net\/es\/periodos\/arte-moderno\/la-pintura-metafisica\/#primaryimage\"},\"thumbnailUrl\":\"https:\/\/www.aparences.net\/wp-content\/uploads\/2011\/08\/peinture-metaphysique.webp\",\"datePublished\":\"2011-08-15T21:30:36+00:00\",\"dateModified\":\"2025-12-11T18:40:56+00:00\",\"description\":\"La pintura metaf\u00edsica es un movimiento art\u00edstico italiano que nace en 1916 del encuentro de Giorgio de Chirico con Carlo Carr\u00e0 en el Hospital Militar de Ferrara.\",\"breadcrumb\":{\"@id\":\"https:\/\/www.aparences.net\/es\/periodos\/arte-moderno\/la-pintura-metafisica\/#breadcrumb\"},\"inLanguage\":\"es\",\"potentialAction\":[{\"@type\":\"ReadAction\",\"target\":[\"https:\/\/www.aparences.net\/es\/periodos\/arte-moderno\/la-pintura-metafisica\/\"]}]},{\"@type\":\"ImageObject\",\"inLanguage\":\"es\",\"@id\":\"https:\/\/www.aparences.net\/es\/periodos\/arte-moderno\/la-pintura-metafisica\/#primaryimage\",\"url\":\"https:\/\/www.aparences.net\/wp-content\/uploads\/2011\/08\/peinture-metaphysique.webp\",\"contentUrl\":\"https:\/\/www.aparences.net\/wp-content\/uploads\/2011\/08\/peinture-metaphysique.webp\",\"width\":1080,\"height\":540},{\"@type\":\"BreadcrumbList\",\"@id\":\"https:\/\/www.aparences.net\/es\/periodos\/arte-moderno\/la-pintura-metafisica\/#breadcrumb\",\"itemListElement\":[{\"@type\":\"ListItem\",\"position\":1,\"name\":\"Portada\",\"item\":\"https:\/\/www.aparences.net\/es\/\"},{\"@type\":\"ListItem\",\"position\":2,\"name\":\"La pintura metaf\u00edsica\"}]},{\"@type\":\"WebSite\",\"@id\":\"https:\/\/www.aparences.net\/es\/#website\",\"url\":\"https:\/\/www.aparences.net\/es\/\",\"name\":\"Aparences: Historia del Arte y Actualidad Cultural\",\"description\":\"\",\"publisher\":{\"@id\":\"https:\/\/www.aparences.net\/es\/#organization\"},\"potentialAction\":[{\"@type\":\"SearchAction\",\"target\":{\"@type\":\"EntryPoint\",\"urlTemplate\":\"https:\/\/www.aparences.net\/es\/?s={search_term_string}\"},\"query-input\":{\"@type\":\"PropertyValueSpecification\",\"valueRequired\":true,\"valueName\":\"search_term_string\"}}],\"inLanguage\":\"es\"},{\"@type\":\"Organization\",\"@id\":\"https:\/\/www.aparences.net\/es\/#organization\",\"name\":\"Aparences: Historia del Arte y Actualidad Cultural\",\"url\":\"https:\/\/www.aparences.net\/es\/\",\"logo\":{\"@type\":\"ImageObject\",\"inLanguage\":\"es\",\"@id\":\"https:\/\/www.aparences.net\/es\/#\/schema\/logo\/image\/\",\"url\":\"https:\/\/www.aparences.net\/wp-content\/uploads\/2023\/09\/logo-quadrat-color-e1695915315229.png\",\"contentUrl\":\"https:\/\/www.aparences.net\/wp-content\/uploads\/2023\/09\/logo-quadrat-color-e1695915315229.png\",\"width\":120,\"height\":120,\"caption\":\"Aparences: Historia del Arte y Actualidad Cultural\"},\"image\":{\"@id\":\"https:\/\/www.aparences.net\/es\/#\/schema\/logo\/image\/\"}},{\"@type\":\"Person\",\"@id\":\"https:\/\/www.aparences.net\/es\/#\/schema\/person\/af349f6ffc31b16c68963e61268afca5\",\"name\":\"admin\",\"url\":\"https:\/\/www.aparences.net\/es\/author\/admin\/\"}]}<\/script>\n<!-- \/ Yoast SEO plugin. -->","yoast_head_json":{"title":"La pintura metaf\u00edsica","description":"La pintura metaf\u00edsica es un movimiento art\u00edstico italiano que nace en 1916 del encuentro de Giorgio de Chirico con Carlo Carr\u00e0 en el Hospital Militar de Ferrara.","robots":{"index":"index","follow":"follow","max-snippet":"max-snippet:-1","max-image-preview":"max-image-preview:large","max-video-preview":"max-video-preview:-1"},"canonical":"https:\/\/www.aparences.net\/es\/periodos\/arte-moderno\/la-pintura-metafisica\/","og_locale":"es_ES","og_type":"article","og_title":"La pintura metaf\u00edsica","og_description":"La pintura metaf\u00edsica es un movimiento art\u00edstico italiano que nace en 1916 del encuentro de Giorgio de Chirico con Carlo Carr\u00e0 en el Hospital Militar de Ferrara.","og_url":"https:\/\/www.aparences.net\/es\/periodos\/arte-moderno\/la-pintura-metafisica\/","og_site_name":"Aparences","article_published_time":"2011-08-15T21:30:36+00:00","article_modified_time":"2025-12-11T18:40:56+00:00","og_image":[{"width":1080,"height":540,"url":"https:\/\/www.aparences.net\/wp-content\/uploads\/2011\/08\/peinture-metaphysique.webp","type":"image\/webp"}],"author":"admin","twitter_card":"summary_large_image","twitter_misc":{"Escrito por":"admin","Tiempo de lectura":"11 minutos"},"schema":{"@context":"https:\/\/schema.org","@graph":[{"@type":"Article","@id":"https:\/\/www.aparences.net\/es\/periodos\/arte-moderno\/la-pintura-metafisica\/#article","isPartOf":{"@id":"https:\/\/www.aparences.net\/es\/periodos\/arte-moderno\/la-pintura-metafisica\/"},"author":{"name":"admin","@id":"https:\/\/www.aparences.net\/es\/#\/schema\/person\/af349f6ffc31b16c68963e61268afca5"},"headline":"La pintura metaf\u00edsica","datePublished":"2011-08-15T21:30:36+00:00","dateModified":"2025-12-11T18:40:56+00:00","mainEntityOfPage":{"@id":"https:\/\/www.aparences.net\/es\/periodos\/arte-moderno\/la-pintura-metafisica\/"},"wordCount":1915,"publisher":{"@id":"https:\/\/www.aparences.net\/es\/#organization"},"image":{"@id":"https:\/\/www.aparences.net\/es\/periodos\/arte-moderno\/la-pintura-metafisica\/#primaryimage"},"thumbnailUrl":"https:\/\/www.aparences.net\/wp-content\/uploads\/2011\/08\/peinture-metaphysique.webp","keywords":["Alberto Savinio","Arte moderno","Carlo Carr\u00e0","escuela de pintura","Ferrara","Giorgio de Chirico","Giorgio Morandi","pintura metaf\u00edsica","Valore Plastici","vanguardias"],"articleSection":["Arte moderno"],"inLanguage":"es"},{"@type":["WebPage","ItemPage"],"@id":"https:\/\/www.aparences.net\/es\/periodos\/arte-moderno\/la-pintura-metafisica\/","url":"https:\/\/www.aparences.net\/es\/periodos\/arte-moderno\/la-pintura-metafisica\/","name":"La pintura metaf\u00edsica","isPartOf":{"@id":"https:\/\/www.aparences.net\/es\/#website"},"primaryImageOfPage":{"@id":"https:\/\/www.aparences.net\/es\/periodos\/arte-moderno\/la-pintura-metafisica\/#primaryimage"},"image":{"@id":"https:\/\/www.aparences.net\/es\/periodos\/arte-moderno\/la-pintura-metafisica\/#primaryimage"},"thumbnailUrl":"https:\/\/www.aparences.net\/wp-content\/uploads\/2011\/08\/peinture-metaphysique.webp","datePublished":"2011-08-15T21:30:36+00:00","dateModified":"2025-12-11T18:40:56+00:00","description":"La pintura metaf\u00edsica es un movimiento art\u00edstico italiano que nace en 1916 del encuentro de Giorgio de Chirico con Carlo Carr\u00e0 en el Hospital Militar de Ferrara.","breadcrumb":{"@id":"https:\/\/www.aparences.net\/es\/periodos\/arte-moderno\/la-pintura-metafisica\/#breadcrumb"},"inLanguage":"es","potentialAction":[{"@type":"ReadAction","target":["https:\/\/www.aparences.net\/es\/periodos\/arte-moderno\/la-pintura-metafisica\/"]}]},{"@type":"ImageObject","inLanguage":"es","@id":"https:\/\/www.aparences.net\/es\/periodos\/arte-moderno\/la-pintura-metafisica\/#primaryimage","url":"https:\/\/www.aparences.net\/wp-content\/uploads\/2011\/08\/peinture-metaphysique.webp","contentUrl":"https:\/\/www.aparences.net\/wp-content\/uploads\/2011\/08\/peinture-metaphysique.webp","width":1080,"height":540},{"@type":"BreadcrumbList","@id":"https:\/\/www.aparences.net\/es\/periodos\/arte-moderno\/la-pintura-metafisica\/#breadcrumb","itemListElement":[{"@type":"ListItem","position":1,"name":"Portada","item":"https:\/\/www.aparences.net\/es\/"},{"@type":"ListItem","position":2,"name":"La pintura metaf\u00edsica"}]},{"@type":"WebSite","@id":"https:\/\/www.aparences.net\/es\/#website","url":"https:\/\/www.aparences.net\/es\/","name":"Aparences: Historia del Arte y Actualidad Cultural","description":"","publisher":{"@id":"https:\/\/www.aparences.net\/es\/#organization"},"potentialAction":[{"@type":"SearchAction","target":{"@type":"EntryPoint","urlTemplate":"https:\/\/www.aparences.net\/es\/?s={search_term_string}"},"query-input":{"@type":"PropertyValueSpecification","valueRequired":true,"valueName":"search_term_string"}}],"inLanguage":"es"},{"@type":"Organization","@id":"https:\/\/www.aparences.net\/es\/#organization","name":"Aparences: Historia del Arte y Actualidad Cultural","url":"https:\/\/www.aparences.net\/es\/","logo":{"@type":"ImageObject","inLanguage":"es","@id":"https:\/\/www.aparences.net\/es\/#\/schema\/logo\/image\/","url":"https:\/\/www.aparences.net\/wp-content\/uploads\/2023\/09\/logo-quadrat-color-e1695915315229.png","contentUrl":"https:\/\/www.aparences.net\/wp-content\/uploads\/2023\/09\/logo-quadrat-color-e1695915315229.png","width":120,"height":120,"caption":"Aparences: Historia del Arte y Actualidad Cultural"},"image":{"@id":"https:\/\/www.aparences.net\/es\/#\/schema\/logo\/image\/"}},{"@type":"Person","@id":"https:\/\/www.aparences.net\/es\/#\/schema\/person\/af349f6ffc31b16c68963e61268afca5","name":"admin","url":"https:\/\/www.aparences.net\/es\/author\/admin\/"}]}},"_links":{"self":[{"href":"https:\/\/www.aparences.net\/es\/wp-json\/wp\/v2\/posts\/13328","targetHints":{"allow":["GET"]}}],"collection":[{"href":"https:\/\/www.aparences.net\/es\/wp-json\/wp\/v2\/posts"}],"about":[{"href":"https:\/\/www.aparences.net\/es\/wp-json\/wp\/v2\/types\/post"}],"author":[{"embeddable":true,"href":"https:\/\/www.aparences.net\/es\/wp-json\/wp\/v2\/users\/2"}],"replies":[{"embeddable":true,"href":"https:\/\/www.aparences.net\/es\/wp-json\/wp\/v2\/comments?post=13328"}],"version-history":[{"count":0,"href":"https:\/\/www.aparences.net\/es\/wp-json\/wp\/v2\/posts\/13328\/revisions"}],"wp:featuredmedia":[{"embeddable":true,"href":"https:\/\/www.aparences.net\/es\/wp-json\/wp\/v2\/media\/28451"}],"wp:attachment":[{"href":"https:\/\/www.aparences.net\/es\/wp-json\/wp\/v2\/media?parent=13328"}],"wp:term":[{"taxonomy":"category","embeddable":true,"href":"https:\/\/www.aparences.net\/es\/wp-json\/wp\/v2\/categories?post=13328"},{"taxonomy":"post_tag","embeddable":true,"href":"https:\/\/www.aparences.net\/es\/wp-json\/wp\/v2\/tags?post=13328"}],"curies":[{"name":"wp","href":"https:\/\/api.w.org\/{rel}","templated":true}]}}