{"id":13364,"date":"2012-02-08T18:00:45","date_gmt":"2012-02-08T17:00:45","guid":{"rendered":"https:\/\/www.aparences.net\/periodes\/rococo\/el-rococo-en-venecia\/"},"modified":"2025-12-11T19:40:56","modified_gmt":"2025-12-11T18:40:56","slug":"el-rococo-en-venecia","status":"publish","type":"post","link":"https:\/\/www.aparences.net\/es\/periodos\/rococo\/el-rococo-en-venecia\/","title":{"rendered":"El rococ\u00f3 en Venecia"},"content":{"rendered":"<p><!--contents--><\/p>\n\n\n<h2 class=\"wp-block-heading\">Esplendor y decadencia de la Seren\u00edsima<\/h2>\n\n\n\n<p>En el siglo XVIII Venecia vive una edad de oro parad\u00f3jica: empobrecida por el desplazamiento de las rutas comerciales, debilitada por la reducci\u00f3n de sus territorios, esta decadencia pol\u00edtica se contradice por un excepcional florecimiento literario, musical, teatral y art\u00edstico: durante algunas d\u00e9cadas la Seren\u00edsima se convertir\u00e1 en una de las capitales indiscutibles de la cultura europea, que irradiar\u00e1 al resto de Italia y a todo el continente.<\/p>\n\n\n\n<p> Venecia era tambi\u00e9n uno de los principales destinos del <a title=\"Grand Tour\" href=\"https:\/\/www.aparences.net\/es\/periodos\/rococo\/el-rococo-un-estilo-del-siglo-xviii\/#el-grand-tour\">Grand Tour<\/a>: su producci\u00f3n art\u00edstica (adem\u00e1s de la pintura, el cristal, los tejidos, los encajes, los muebles, etc.) es considerada como sin\u00f3nimo de elegancia y de riqueza. Hasta 1770, antes de que se imponga el gusto por lo cl\u00e1sico, Venecia se disputa con Par\u00eds el protagonismo como capital de la elegancia y de principal mercado del arte. La clave del \u00e9xito excepcional del \u00abestilo veneciano\u00bb en las cortes europeas, se debe a la recuperaci\u00f3n de los modelos m\u00e1s fastuosos y grandiosos del siglo XVI (sobre todo <a title=\"Tiziano\" href=\"https:\/\/www.aparences.net\/es\/escuelas\/la-pintura-veneciana\/tiziano-vecellio-biografia\/\">Tiziano<\/a> y <a title=\"Veronese\" href=\"https:\/\/www.aparences.net\/es\/escuelas\/la-pintura-veneciana\/paolo-veronese\/\">Veronese<\/a>), reanudando as\u00ed con una tradici\u00f3n que hab\u00eda conocido fases de retroceso durante el siglo XVII. La escuela veneciana cuenta con artistas de excepci\u00f3n en todos los sectores de la pintura: <strong>Ricci<\/strong>, <strong>Piazzetta<\/strong> y <strong>Tiepolo<\/strong> son los maestros de las grandes decoraciones sagradas y profanas; <a title=\"Canaletto\" href=\"https:\/\/www.aparences.net\/es\/periodos\/rococo\/arquitecturas-pintadas\/\">Canaletto<\/a>, <a title=\"Bellotto\" href=\"https:\/\/www.aparences.net\/es\/periodos\/rococo\/arquitecturas-pintadas\/\">Bellotto<\/a> y <a title=\"Guardi\" href=\"https:\/\/www.aparences.net\/es\/periodos\/rococo\/arquitecturas-pintadas\/\">Guardi<\/a> realizan incomparables obras de arte del <a title=\"vedutismo\" href=\"https:\/\/www.aparences.net\/es\/periodos\/rococo\/arquitecturas-pintadas\/\">vedutismo<\/a>; Pietro Longhi y Giandomenico Tiepolo ilustran la s\u00e1tira social; la retratista <strong>Rosalba Carriera<\/strong>, especialista en la t\u00e9cnica del pastel, es aclamada en toda Europa. Cuatro a\u00f1os despu\u00e9s de la muerte de <strong>Francesco Guardi<\/strong>, Venecia cae en manos de Napole\u00f3n y con ello finaliza definitivamente una \u00e9poca gloriosa, en la que la pintura veneciana alcanz\u00f3 cumbres incomparables.<\/p>\n\n\n<div class=\"wp-block-image\">\n<figure class=\"aligncenter\"><img decoding=\"async\" src=\"https:\/\/www.aparences.net\/wp-content\/uploads\/2012\/02\/tiepolo-neptune-venise.jpg\" alt=\"Neptuno ofrece los dones del mar a Venecia, 1748-1750, Giambattista Tiepolo\" title=\"Neptuno ofrece los dones del mar a Venecia, 1748-1750, Giambattista Tiepolo\"\/><figcaption class=\"wp-element-caption\"><em><strong>Neptuno ofrece los dones del mar a Venecia<\/strong>, 1748-1750, <strong>Giambattista Tiepolo<\/strong><\/em><br><em> (Venecia, Palacio Ducal)<\/em><\/figcaption><\/figure>\n<\/div>\n\n\n<p><em>Seg\u00fan la tradici\u00f3n, Neptuno, dios de la mar, es representado bajo los rasgos de un anciano de cabellos largos y barba blanca. El personaje que asoma la cabeza detr\u00e1s del dios, sostiene uno de sus atributos iconogr\u00e1ficos, el tridente. La figura aleg\u00f3rica de Venecia, reina de los Mares, va vestida con una capa de armi\u00f1o como la que lleva el dux quien ocupa el m\u00e1s alto cargo de la Rep\u00fablica Seren\u00edsima. La presencia del le\u00f3n permite identificar en esta figura femenina el s\u00edmbolo de la Rep\u00fablica de Venecia.<br><\/em><\/p>\n\n\n<div class=\"wp-block-image\">\n<figure class=\"aligncenter\"><img decoding=\"async\" src=\"https:\/\/www.aparences.net\/wp-content\/uploads\/2012\/02\/sebastiano_ricci-bethsabee.jpg\" alt=\"Betsab\u00e9 en el ba\u00f1o, 1720, Sebastiano Ricci\" title=\"Betsab\u00e9 en el ba\u00f1o, 1720, Sebastiano Ricci\"\/><figcaption class=\"wp-element-caption\"><em><strong>Betsab\u00e9 en el ba\u00f1o<\/strong>, 1720, <strong>Sebastiano Ricci<\/strong> (Budapest, Museo de Bellas Artes)<\/em><\/figcaption><\/figure>\n<\/div>\n\n\n<p><em>En esta luminosa composici\u00f3n, de la que existen varias versiones realizadas por el mismo artista, se puede encontrar una verdadera s\u00edntesis de la pintura del siglo XVIII. El tema b\u00edblico es s\u00f3lo un pretexto para una escena profana, totalmente organizada en torno al espl\u00e9ndido y luminoso desnudo de la mujer a la que atienden un peque\u00f1o grupo de sirvientas.<\/em><\/p>\n\n\n\n<p>Se ha dicho que Venecia \u00abes una superviviente en la Europa del siglo XVIII, pudiendo ser de un esplendor emocionante o de una intolerancia rid\u00edcula, depende si se mira con ojos de poeta o de fil\u00f3sofo\u00bb (Michael Levey)<\/p>\n\n\n<div class=\"wp-block-image\">\n<figure class=\"aligncenter\"><img decoding=\"async\" src=\"https:\/\/www.aparences.net\/wp-content\/uploads\/2012\/02\/guardi-parloir-nonnes.jpg\" alt=\"El locutorio de las monjas de San Zaccaria, 1745-1750, Francesco Guardi\" title=\"El locutorio de las monjas de San Zaccaria, 1745-1750, Francesco Guardi\"\/><figcaption class=\"wp-element-caption\"><em><strong>El locutorio de las monjas de San Zaccaria<\/strong>, 1745-1750, <strong>Francesco Guardi<\/strong> <\/em><br><em>(Venecia, Ca\u2019 Rezzonico)<\/em><\/figcaption><\/figure>\n<\/div>\n\n\n<p><em>En el convento de San Zaccaria tomaban el velo las descendientes de la nobleza veneciana. A veces, el libertinaje en las religiosas era moneda corriente, de manera que pod\u00edan recibir en el recinto conventual a cualquier persona que desearan. En el locutorio de este cuadro figura un teatro de marionetas para entretener a los ni\u00f1os que van de visita con sus padres.<\/em><\/p>\n\n\n\n<p>La patria de <strong>Vivaldi<\/strong> y de <strong>Casanova<\/strong> se convirti\u00f3 en la capital europea de las fiestas, donde la efervescencia del carnaval, la iron\u00eda de las m\u00e1scaras, el inter\u00e9s por el juego y la galanteria se expresan a diario como sobre una escena de \u00f3pera. En plena decadencia pol\u00edtica y moral, rica pero replegada en s\u00ed misma, la ciudad de los dogos languidece en el placer y a la sombra de una Inquisici\u00f3n hostil a las ideas del Siglo de las Luces.<\/p>\n\n\n<div class=\"wp-block-image\">\n<figure class=\"aligncenter\"><img decoding=\"async\" src=\"https:\/\/www.aparences.net\/wp-content\/uploads\/2012\/02\/giandomenico-tiepolo-menuet.jpg\" alt=\"El minu\u00e9, 1756, Giandomenico Tiepolo\" title=\"El minu\u00e9, 1756, Giandomenico Tiepolo\"\/><figcaption class=\"wp-element-caption\"><em><strong>El minu\u00e9<\/strong>, 1756, <strong>Giandomenico Tiepolo<\/strong><\/em><br>(<em>Barcelona, Museu Nacional d&#8217;Art de Catalunya, MNAC) <\/em><\/figcaption><\/figure>\n<\/div>\n\n\n<p><em>La escena se inspira en las obras de teatro de <a href=\"https:\/\/es.wikipedia.org\/wiki\/Carlo_Goldoni\">Carlo Goldoni<\/a>, donde aparecen los personajes de la Comedia del Arte. Pantalone y Colombina acompa\u00f1ados de otras m\u00e1scaras, todos vestidos con afectada elegancia, bailan el minu\u00e9 en el jard\u00edn de una villa. Se trata de una escena de g\u00e9nero situada en el contexto del Carnaval, el acontecimiento que hizo de Venecia el lugar de parada obligatoria para los viajeros europeos del siglo XVIII. Aqu\u00ed, Tiepolo toma como pretexto el Carnaval para describir las personas y el ambiente que las rodea, es decir, una sociedad que esconde su decadencia refugi\u00e1ndose en las apariencias, las diversiones y los pasatiempos ef\u00edmeros.<\/em><\/p>\n\n\n\n<!-- AdBoxRight2020 --><ins class=\"adsbygoogle\"     style=\"display:block; margin-top:30px;\"     data-ad-client=\"ca-pub-2468002815867636\"     data-ad-slot=\"3496014735\"     data-ad-format=\"auto\"     data-full-width-responsive=\"false\"><\/ins><script> (adsbygoogle = window.adsbygoogle || []).push({});<\/script><h2 class=\"wp-block-heading\">Giambattista Tiepolo<\/h2>\n\n\n\n<p>La fama de <strong>Giambattista Tiepolo<\/strong> (Venecia 1696- Madrid 1770) se debe a las pinturas murales que realiz\u00f3 en los palacios y en las Cortes principescas, pero se le considera sobre todo como un artista vers\u00e1til, capaz de trabajar en espacios totalmente diferentes&nbsp; y adaptarse a temas diversos, utilizando distintas t\u00e9cnicas y dimensiones. Atra\u00eddo por las obras de <strong>Piazzetta<\/strong> y  <strong>Sebastiano Ricci<\/strong>, abandona las tinieblas <a title=\"barrocas\" href=\"https:\/\/www.aparences.net\/es\/periodos\/pintura-barroca\/\">barrocas<\/a> para abrirse a escenas luminosas, inspiradas del <a title=\"Renacimiento veneciano\" href=\"https:\/\/www.aparences.net\/es\/escuelas\/la-pintura-veneciana\/\">Renacimiento veneciano<\/a>. Tiepolo era conocido sobre todo por sus frescos gigantescos, y en el siglo XVIII, en toda Europa, se solicitaba a los artistas italianos para la decoraci\u00f3n de palacios u otros edificios. Italia conservaba desde hac\u00eda siglos una <strong>tradici\u00f3n pict\u00f3rica de pintura al fresco<\/strong>, t\u00e9cnica que ya hab\u00edan utilizado los pintores m\u00e1s importantes de la <a href=\"https:\/\/www.aparences.net\/es\/escuelas\/la-pintura-veneciana\/\" data-type=\"link\" data-id=\"https:\/\/www.aparences.net\/es\/escuelas\/la-pintura-veneciana\/\">escuela veneciana<\/a>. Tiepolo obtiene su primer \u00e9xito con la decoraci\u00f3n de la galer\u00eda del palacio del arzobispo de Udine (1726) verdadera explosi\u00f3n de luz y color. A partir de entonces se suceder\u00e1n los encargos privados o p\u00fablicos.<\/p>\n\n\n<div class=\"wp-block-image\">\n<figure class=\"aligncenter\"><img decoding=\"async\" src=\"https:\/\/www.aparences.net\/wp-content\/uploads\/2012\/02\/tiepolo-fresque-udine.jpg\" alt=\"Raquel escondiendo los \u00eddolos, 1726-1729, Giambattista Tiepolo\" title=\"Raquel escondiendo los \u00eddolos, 1726-1729, Giambattista Tiepolo\"\/><figcaption class=\"wp-element-caption\"><em><strong>Raquel escondiendo los \u00eddolos<\/strong>, fresco, 1726-1729, <strong>Giambattista Tiepolo<\/strong> <\/em><br><em>(Udine, Palacio Arzobispal)<\/em><\/figcaption><\/figure>\n<\/div>\n\n\n<p><em>El ciclo para el arzobispo de Udine que representa las \u00abHistorias b\u00edblicas\u00bb y la \u00abCa\u00edda de los \u00e1ngeles rebeldes\u00bb est\u00e1 considerado como la obra maestra de juventud de Tiepolo.<br><\/em><\/p>\n\n\n<div class=\"wp-block-image\">\n<figure class=\"aligncenter\"><img decoding=\"async\" src=\"https:\/\/www.aparences.net\/wp-content\/uploads\/2012\/02\/tiepolo-hagar-fresque.jpg\" alt=\"Hagar en el desierto, 1726-1729, Giambattista Tiepolo\" title=\"Hagar en el desierto, 1726-1729, Giambattista Tiepolo\"\/><figcaption class=\"wp-element-caption\"><em><strong>Hagar en el desierto<\/strong>, 1726-1729, <strong>Giambattista Tiepolo<\/strong> (Udine, Palazzo Patriarcale)<\/em><\/figcaption><\/figure>\n<\/div>\n\n\n<p>Siguiendo el ejemplo de <strong>Sebastiano Ricci<\/strong>, <strong>Tiepolo<\/strong> se dedic\u00f3 al estudio de las <a title=\"obras de Veronese\" href=\"https:\/\/www.aparences.net\/es\/escuelas\/la-pintura-veneciana\/paolo-veronese\/\">obras de Veronese<\/a>, representando la armoniosa complejidad de la composici\u00f3n y la intensidad luminosa de la gama crom\u00e1tica de aquel pintor. Ello se hace particularmente evidente en los frescos milaneses de 1731, obras llenas de alegr\u00eda y fantas\u00eda, donde Tiepolo hace una amalgama estil\u00edstica entre Veronese y escenograf\u00eda teatral. Para sus decoraciones, Tiepolo utiliza a menudo colaboradores escenogr\u00e1ficos como Mengozzi Colonna,&nbsp; que colabor\u00f3 con \u00e9l en la decoraci\u00f3n de la sala de baile del palacio Labia de Venecia (1746-47). Las arquitecturas pintadas de Mengozzi contienen las dos grandes escenas de Tiepolo: el <em>Encuentro de Antonio y Cleopatra<\/em> y el <em>Fest\u00edn de Cleopatra<\/em>. El tema de estas escenas: una reina oriental seduciendo a un conquistador romano, hace alusi\u00f3n al comitente, y tambi\u00e9n a Venecia. El virtuosismo de este gran y \u00faltimo decorador que era Tiepolo se pone tambi\u00e9n de manifiesto en la harmon\u00eda de los colores de tonos fr\u00edos.<\/p>\n\n\n<div class=\"wp-block-image\">\n<figure class=\"aligncenter\"><img decoding=\"async\" src=\"https:\/\/www.aparences.net\/wp-content\/uploads\/2012\/02\/tiepolo-mecene-presente-art.jpg\" alt=\"Mecenas ofrece las Bellas Artes, 1743, Giambattista Tiepolo\" title=\"Mecenas ofrece las Bellas Artes, 1743, Giambattista Tiepolo\"\/><figcaption class=\"wp-element-caption\"><em><strong>Mecenas ofrece las Bellas Artes al emperador Augusto<\/strong>, 1743, <\/em><br><em><strong>Giambattista Tiepolo<\/strong> (San Petersburgo, Museo del Hermitage)<\/em><\/figcaption><\/figure>\n<\/div>\n\n\n<p><em>Se trata de un encargo del gran erudito y coleccionista de arte Francesco Algarotti para el conde Br\u00fchl, importante personaje de la corte de Sajonia: el palacio que se ve al fondo es la residencia del conde en Dresde, a orillas del Elba. El p\u00f3rtico corintio de inspiraci\u00f3n palladiana, recuerda la decoraci\u00f3n en los cuadros con \u00abcenas\u00bb de Veronese y confirma la referencia al arte italiano del Renacimiento. Los radiantes colores, las luces difusas, la teatralidad de los trajes y los gestos, los deliciosos episodios \u00abmenores\u00bb que enriquecen la escena, justifican la fama de Tiepolo como principal maestro de la gran decoraci\u00f3n <a title=\"rococ\u00f3\" href=\"https:\/\/www.aparences.net\/es\/periodos\/rococo\/\">rococ\u00f3<\/a> en Europa.<br><\/em><\/p>\n\n\n<div class=\"wp-block-image\">\n<figure class=\"aligncenter\"><img decoding=\"async\" src=\"https:\/\/www.aparences.net\/wp-content\/uploads\/2012\/02\/tiepolo-renaud-armide.jpg\" alt=\"Rinaldo embrujado por Armida, 1745, Giambattista Tiepolo\" title=\"Rinaldo embrujado por Armida, 1745, Giambattista Tiepolo\"\/><figcaption class=\"wp-element-caption\"><em><strong>Rinaldo embrujado por Armida<\/strong>, hacia 1745, <strong>Giambattista Tiepolo<\/strong> (Chicago, Art Institute)<\/em><\/figcaption><\/figure>\n<\/div>\n\n\n<p><em>Esta tela formaba parte de un ciclo de cuatro, basado en un episodio amoroso del poema \u00e9pico <a href=\"https:\/\/www.aparences.net\/es\/tematicos\/la-pintura-al-encuentro-de-tasso\/\">Jerusal\u00e9n liberada de Tasso<\/a>, una obra de la literatura italiana que Tiepolo representa en varias ocasiones, mezclando seducci\u00f3n y nostalgia, magia y abandono en un entorno de conmovedora belleza.<\/em><\/p>\n\n\n\n<p>Llegado a la cumbre de la fama, <strong>Tiepolo<\/strong> va a producir obras todav\u00eda m\u00e1s sorprendentes e imaginativas. En sus grandes pinturas venecianas de la Scuola del Carmine y del Palazzo Labia, se desata su fuerza creativa y su gusto por la alegor\u00eda. En 1750 se instala en W\u00fcrzburg: los frescos de la Residenz constituyen la cumbre absoluta del rococ\u00f3 europeo y, por esa misma raz\u00f3n, anuncian tambi\u00e9n el comienzo de su decadencia. En 1762, acompa\u00f1ado de su hijo y de varios colaboradores, se traslada a Madrid donde realiza los frescos de varias estancias del Palacio Real y de la sala del trono. Pero el gusto por lo cl\u00e1sico que se impone, y la pintura innovadora y poderosa de <a title=\"Goya\" href=\"https:\/\/www.aparences.net\/es\/periodos\/rococo\/francisco-de-goya\/\">Goya<\/a> va ha dejar obsoleta la imaginaci\u00f3n deformadora de Tiepolo. El gran pintor muere en Madrid casi en el olvido.<\/p>\n\n\n<div class=\"wp-block-image\">\n<figure class=\"aligncenter\"><img decoding=\"async\" src=\"https:\/\/www.aparences.net\/wp-content\/uploads\/2012\/02\/tiepolo-fresque-residenz.jpg\" alt=\"La investidura de Herold como duque de Franconia, 1751, Giambattista Tiepolo\" title=\"La investidura de Herold como duque de Franconia, 1751, Giambattista Tiepolo\"\/><figcaption class=\"wp-element-caption\"><em><strong>La investidura de Herold como duque de Franconia<\/strong>, 1751, <strong>Giambattista Tiepolo<\/strong> (Residenz, W\u00fcrzburg)<\/em><\/figcaption><\/figure>\n<\/div>\n\n\n<p><em>En los frescos de la b\u00f3veda de la Sala Imperial de la Residenz, los tonos han sido atenuados hasta en las zonas m\u00e1s oscuras; ello con el fin de acentuar la suntuosidad del acontecimiento. El tema de estas pinturas es sacado de la historia del episcopado. En 1156, el emperador Federico Barbarroja se hab\u00eda casado con Beatriz de Borgo\u00f1a, y fue tambi\u00e9n en la misma \u00e9poca cuando el obispo Herold de Wurtzbourg recibi\u00f3 en feudo el ducado de Franconia.<br><\/em><\/p>\n\n\n<div class=\"wp-block-image\">\n<figure class=\"aligncenter\"><img decoding=\"async\" src=\"https:\/\/www.aparences.net\/wp-content\/uploads\/2012\/02\/tiepolo-apollon-jacinthe.jpg\" alt=\"La muerte de Jacinto, 1752-1753, Giambattista Tiepolo\" title=\"La muerte de Jacinto, 1752-1753, Giambattista Tiepolo\"\/><figcaption class=\"wp-element-caption\"><em><strong>La muerte de Jacinto<\/strong>, 1752-1753, <strong>Giambattista Tiepolo<\/strong> (Madrid, Museo Thyssen Bornemisza)<\/em><\/figcaption><\/figure>\n<\/div>\n\n\n<p><em>Este cuadro fue realizado durante la estancia del artista en W\u00fcrzburg. El tema se basa en las Metamorfosis de Ovidio y hace referencia al fatal desenlace del amor del dios Apolo por Jacinto. Seg\u00fan el relato cl\u00e1sico, Apolo, fascinado por la belleza <em>del pr\u00edncipe de Esparta<\/em>, cay\u00f3 bajo su encanto. Pero no era el \u00fanico que hab\u00eda sucumbido. As\u00ed, mientras Apolo ense\u00f1aba a Jacinto a lanzar el disco, C\u00e9firo, el dios griego del viento del oeste, celoso, hizo desviar el objeto con el fin de golpear a Jacinto, quien herido en la frente, muri\u00f3 al instante. De la sangre que flu\u00eda de la herida, Apolo hizo nacer una flor, el jacinto, pintada por Tiepolo en un magn\u00edfico ramo en el extremo derecho del cuadro.<br><\/em><\/p>\n\n\n<div class=\"wp-block-image\">\n<figure class=\"aligncenter\"><img decoding=\"async\" src=\"https:\/\/www.aparences.net\/wp-content\/uploads\/2012\/02\/tiepolo-apollon-et-jacinthe.jpg\" alt=\"La muerte de Jacinto, 1752-1753, Giambattista Tiepolo, detalle\" title=\"La muerte de Jacinto, 1752-1753, Giambattista Tiepolo, detalle\"\/><\/figure>\n<\/div>\n\n\n<p><em>Pero Tiepolo propone una interpretaci\u00f3n bastante libre del objeto que mat\u00f3 a Jacinto, al parecer una pelota de tenis, como las que se hallan en el suelo al lado de una raqueta. Una tercera pelota, la cual, a juzgar por la posici\u00f3n de sus dedos, Jacinto sosten\u00eda justo antes del accidente, ha rodado a trav\u00e9s de las baldosas hasta acabar en el lado izquierdo de la composici\u00f3n. Adem\u00e1s, al fondo de la composici\u00f3n vemos una red de tenis detr\u00e1s del grupo de espectadores que contemplan el suceso. Esta licencia respecto a la verdadera historia, proviene de la traducci\u00f3n que hizo de Ovidio, Giovanni Andrea dell\u2019Anguillara en 1561, donde reemplaz\u00f3 el disco por una pelota de tenis. La sutil iron\u00eda que caracterizan las composiciones de Tiepolo, se hace evidente en la figura semidesnuda de un Jacinto recostado en el suelo, el hematoma bien visible en la mejilla para indicar su herida, y la mirada angustiada de Apolo.<\/em><\/p>\n\n\n\n<!-- AdBoxLeft2023 --><ins class=\"adsbygoogle\" style=\"display:block\" data-ad-client=\"ca-pub-2468002815867636\" data-ad-slot=\"1318022963\" data-ad-format=\"auto\" data-full-width-responsive=\"true\"><\/ins><script> (adsbygoogle = window.adsbygoogle || []).push({});<\/script><h2 class=\"wp-block-heading\">Giandomenico Tiepolo<\/h2>\n\n\n\n<p><strong>Giandomenico Tiepolo<\/strong> (Venecia 1727-1804) acompa\u00f1\u00f3 a su padre <strong>Giambattista<\/strong> en su viaje a&nbsp; Madrid, regresando a Italia despu\u00e9s de su muerte. Durante mucho tiempo trabaj\u00f3 siguiendo las tradiciones pict\u00f3ricas de la familia, pero acab\u00f3 por imponer su estilo personal, haciendo estallar toda su fantas\u00eda en el \u00e1mbito de la decoraci\u00f3n de villas, desarrollando una personalidad propia encaminada hacia la caricatura y lo grotesco. Alcanza la cumbre art\u00edstica con las escenas de la villa de Zianigo, cerca de Venecia (1791-93), una casa de campo comprada por su padre Giambattista. Los frescos fueron desmontados en 1906, poco antes de la destrucci\u00f3n de la villa, y ahora se exponen en la Ca\u2019 Rezzonico. La mirada del espectador se ve atra\u00edda por un grupo de Pulcinellas, o Polichinelas vestidos tradicionalmente de blanco. Se trata de una imagen ir\u00f3nica, sat\u00edrica y cr\u00edtica de la sociedad de la \u00e9poca. El artista representa los personajes de la <a href=\"https:\/\/es.wikipedia.org\/wiki\/Comedia_del_arte\">Comedia del Arte<\/a> como si fueran aves de rapi\u00f1a, glotones y perezosos, apart\u00e1ndose as\u00ed de los temas habituales en la decoraci\u00f3n de villas. En estas escenas l\u00fadicas y singulares del personaje de Polichinela, o en la cruel representaci\u00f3n de la aristocracia de veraneo, Giandomenico desarroll\u00f3 una s\u00e1tira muy amarga donde toma forma el esp\u00edritu \u00abburgu\u00e9s\u00bb, anticip\u00e1ndose as\u00ed a <a title=\"Goya\" href=\"https:\/\/www.aparences.net\/es\/periodos\/rococo\/francisco-de-goya\/\">Goya<\/a> y a <a title=\"Daumier\" href=\"https:\/\/www.aparences.net\/es\/periodos\/realisme-periodes\/el-estilo-realista\/\">Daumier<\/a>.<\/p>\n\n\n<div class=\"wp-block-image\">\n<figure class=\"aligncenter\"><img decoding=\"async\" src=\"https:\/\/www.aparences.net\/wp-content\/uploads\/2012\/02\/tiepolo-nouveau-monde.jpg\" alt=\"El nuevo mundo, 1791, Giandomenico Tiepolo\" title=\"El nuevo mundo, 1791, Giandomenico Tiepolo\"\/><figcaption class=\"wp-element-caption\"><em><strong>El nuevo mundo<\/strong>, 1791, <strong>Giandomenico Tiepolo<\/strong>, (Venecia, Ca\u2019 Rezzonico)<\/em><\/figcaption><\/figure>\n<\/div>\n\n\n<p><em>Un grupo de espectadores espera su turno para mirar por el ojo de una linterna m\u00e1gica, una especia de \u00abcosmograma\u00bb que deja entrever figuras y escenas de pa\u00edses lejanos y ex\u00f3ticos. El paisaje metaf\u00edsico del fondo del cuadro contribuye seguramente a producir expectaci\u00f3n y sorpresa.<\/em><\/p>\n\n\n<div class=\"wp-block-image\">\n<figure class=\"aligncenter\"><img decoding=\"async\" src=\"https:\/\/www.aparences.net\/wp-content\/uploads\/2012\/02\/tiepolo-giandomenico.jpg\" alt=\"El nuevo mundo, 1791, Giandomenico Tiepolo, detalle\" title=\"El nuevo mundo, 1791, Giandomenico Tiepolo, detalle\"\/><\/figure>\n<\/div>\n\n\n<p><em>En esta composici\u00f3n extremadamente original, los personajes est\u00e1n vistos de espaldas, lo que permite al espectador identificarse con la escena. Se trata del ciclo de frescos realizados en la casa familiar de los Tiepolo, la villa de Zianigo, cerca de Mestre. Como en el caso de la \u00abQuinta del Sordo\u00bb de Goya, se trata de una de las escasas decoraciones conservadas, realizadas por un pintor del pasado para su uso personal.<\/em><\/p>\n\n\n<div class=\"wp-block-image\">\n<figure class=\"aligncenter\"><img decoding=\"async\" src=\"https:\/\/www.aparences.net\/wp-content\/uploads\/2012\/02\/tiepolo-pulcinella.jpg\" alt=\"Polichinela y el columpio, 1793-1797, Giandomenico Tiepolo\" title=\"Polichinela y el columpio, 1793-1797, Giandomenico Tiepolo\"\/><figcaption class=\"wp-element-caption\"><em><strong>Polichinela y el columpio<\/strong>, 1793-1797, fresco, <strong>Giandomenico Tiepolo<\/strong>, (Venecia, Ca\u2019 Rezzonico)<\/em><\/figcaption><\/figure>\n<\/div>\n\n\n<p><em>Vestidos de blanco, los polichinelas se desplazan como en una escena de teatro. Ir\u00f3nica y melanc\u00f3lica a la vez, la figura de Polichinela es la m\u00e1scara m\u00e1s popular de la Comedia dell&#8217;Arte.<\/em><\/p>\n\n\n\n<h2 class=\"wp-block-heading\">Pietro Longhi<\/h2>\n\n\n\n<p>En Venecia, <strong>Pietro Longhi<\/strong> (1702-1785) se especializ\u00f3 en describir, no sin una cierta iron\u00eda, las costumbres de su ciudad, en peque\u00f1os cuadros finos y luminosos, tal vez influenciado por algunos grabados seg\u00fan <a title=\"Watteau\" href=\"https:\/\/www.aparences.net\/es\/periodos\/rococo\/jean-antoine-watteau\/\">Watteau<\/a> o <a href=\"https:\/\/www.aparences.net\/es\/periodos\/rococo\/francois-boucher\/\" data-type=\"link\" data-id=\"https:\/\/www.aparences.net\/es\/periodos\/rococo\/francois-boucher\/\">Boucher<\/a>. Despu\u00e9s de un comienzo un tanto mediocre como pintor de escenas hist\u00f3ricas y mitol\u00f3gicas, un viaje a Bolonia y el contacto con las obras de <a href=\"https:\/\/www.aparences.net\/es\/periodos\/la-escena-de-genero-del-siglo-xviii\/la-pintura-de-genero-en-italia\/#giuseppe-maria-crespi\">Giuseppe Maria Crespi<\/a> favorecieron la definitiva evoluci\u00f3n del artista quien, abandonando las formas grandilocuentes, seg\u00fan el testimonio de su hijo Alessandro: \u00abcambi\u00f3 de idea y, como ten\u00eda un esp\u00edritu brillante y original, se puso a pintar recepciones civiles, es decir, conversaciones con juegos de amor y celos que sacaba de la realidad, lo que caus\u00f3 sensaci\u00f3n\u00bb. De las <a href=\"https:\/\/www.aparences.net\/es\/periodos\/pintura-de-genero-holandesa\/\">escenas de g\u00e9nero<\/a> de car\u00e1cter r\u00fastico y campesino, a menudo inspiradas por modelos holandeses y flamencos, Longhi pas\u00f3 a consagrarse a escenas de la vida veneciana, siempre representadas con un sentido de la observaci\u00f3n muy agudo y con una iron\u00eda sutil y amable, tanto en los palacios patricios como en las habitaciones burguesas o en las plazoletas venecianas.<\/p>\n\n\n<div class=\"wp-block-image\">\n<figure class=\"aligncenter\"><img decoding=\"async\" src=\"https:\/\/www.aparences.net\/wp-content\/uploads\/2012\/02\/longhi-arracheur-dents.jpg\" alt=\"El sacamuelas, 1746-1752, Pietro Longui\" title=\"El sacamuelas, 1746-1752, Pietro Longui\"\/><figcaption class=\"wp-element-caption\"><em><strong>El sacamuelas<\/strong>, 1746-1752, <strong>Pietro Longui<\/strong> (Mil\u00e1n, Pinacoteca di Brera)<\/em><\/figcaption><\/figure>\n<\/div>\n\n<div class=\"wp-block-image\">\n<figure class=\"aligncenter\"><img decoding=\"async\" src=\"https:\/\/www.aparences.net\/wp-content\/uploads\/2012\/02\/longhi-le-rhinoceros.jpg\" alt=\"El rinoceronte, hacia 1751, Pietro Longhi\" title=\"El rinoceronte, hacia 1751, Pietro Longhi\"\/><figcaption class=\"wp-element-caption\"><em><strong>El rinoceronte<\/strong>, hacia 1751, <strong>Pietro Longhi<\/strong> (Venecia, Ca\u2019 Rezzonico)<\/em><\/figcaption><\/figure>\n<\/div>\n\n\n<p><em>Pintado con una cierta ingenuidad, en el cuadro figura la inscripci\u00f3n \u00abVero Ritratto di un Rinoceronte\u00bb que evoca la c\u00e9lebre exposici\u00f3n que tuvo lugar de este animal ex\u00f3tico, convertido en una atracci\u00f3n de fama europea. Adem\u00e1s de la masa bruta del rinoceronte, la imagen de Longhi nos restituye la atm\u00f3sfera del p\u00fablico curioso que ven\u00eda a contemplar a estos fen\u00f3menos de feria.<br><\/em><\/p>\n\n\n<div class=\"wp-block-image\">\n<figure class=\"aligncenter\"><img decoding=\"async\" src=\"https:\/\/www.aparences.net\/wp-content\/uploads\/2012\/02\/longhi-le-coiffeur.jpg\" alt=\"El peluquero, 1760, Pietro Longhi\" title=\"El peluquero, 1760, Pietro Longhi\"\/><figcaption class=\"wp-element-caption\"><em><strong>El peluquero<\/strong>, hacia 1760,<strong> Pietro Longhi<\/strong> <\/em><br><em>(Venecia, Ca\u2019 Rezzonico) <\/em><\/figcaption><\/figure>\n<\/div>\n\n\n<p><em>Pietro Longhi fue quien mejor supo reproducir la vida cotidiana del siglo XVIII en Venecia. En esta escena, una dama elegante se hace peinar por su peluquero, justo debajo del retrato de Carlo Ruzzini, que fue dux de Venecia de 1723 a 1735. Tal vez pertenece a la familia de este eminente personaje? En una mesa camilla recubierta de una fina tela blanca se hallan depositados los objetos de tocador: una preciosa polvera de porcelana, borlas para polvos de arroz, peines y un espejo detr\u00e1s del cual hay una pieza de ropa \u2013 no se sabe si es una capa o un vestido. Solo el peluquero mira el espectador. Una nodriza de cabellos rojos y sonrosadas mejillas lleva un ni\u00f1o en brazos, sin duda para despedirse de su madre que se dispone a asistir a alguna fiesta o acontecimiento social, como lo sugiere el lujoso vestido rojo bordeado de armi\u00f1o que lleva.<\/em><\/p>\n\n\n\n<p>El hijo de Pietro, <strong>Alessandro Longhi<\/strong> (1733-1813 se impuso muy joven como retratista de corte, por su habilidad en reproducir con br\u00edo y naturalidad las caracter\u00edsticas f\u00edsicas y psicol\u00f3gicas de los personajes representados. Aunque algunos de ellos manifiestan una cierta rigidez, sobre todo en sus obras m\u00e1s tard\u00edas, sus retratos fueron c\u00e9lebres por la fuerza de su personalidad y por el colorido, extendido a base de pinceladas muy finas.<\/p>\n\n\n<div class=\"wp-block-image\">\n<figure class=\"aligncenter\"><img decoding=\"async\" src=\"https:\/\/www.aparences.net\/wp-content\/uploads\/2012\/02\/alessandro-longhi.jpg\" alt=\"La familia del procurador Luigi Pisani, 1758, Alessandro Longhi\" title=\"La familia del procurador Luigi Pisani, 1758, Alessandro Longhi\"\/><figcaption class=\"wp-element-caption\"><em><strong>La familia del procurador Luigi Pisani<\/strong>, hacia 1758, <strong>Alessandro Longhi<\/strong> <\/em><br><em>(Venecia, Galleria dell\u2019Accademia)<\/em><\/figcaption><\/figure>\n<\/div>\n\n\n<p><em>Las figuras aleg\u00f3ricas del fondo, como la Justicia con su balanza en la mano, hacen referencia a las virtudes de la familia Pisani. La esposa Paolina Gambara, se halla rodeada por cuatro de sus hijos y por su esposo el procurador Luigi, que aparece al lado de su padre, el dux Alvise Pisani. Los dos hombres de la derecha ser\u00edan los hermanos de Luigi; el personaje que ofrece dulces a los ni\u00f1os se trata del abad Giovanni Gregoretti. Esta obra de juventud de Alessandro Longhi demuestra su gran talento en la representaci\u00f3n f\u00edsica y psicol\u00f3gica de los personajes.<\/em><\/p>\n\n\n\n<!-- AfterArticle2023 --><ins class=\"adsbygoogle\"     style=\"display:block;margin-bottom:5px;\"     data-ad-client=\"ca-pub-2468002815867636\"     data-ad-slot=\"3955176166\"     data-ad-format=\"auto\"     data-full-width-responsive=\"true\"><\/ins><script> (adsbygoogle = window.adsbygoogle || []).push({});<\/script><h2 class=\"wp-block-heading\">Rosalba Carriera<\/h2>\n\n\n\n<p>La veneciana <strong>Rosalba Carriera<\/strong> (1675-1757 fue alumna de <strong>Diamantini<\/strong> y de <strong>Antonio Balestra<\/strong>. Se consagr\u00f3 inicialmente a la miniatura, pero se afirm\u00f3 muy r\u00e1pidamente (con el apoyo del gran coleccionista Joseph Smith c\u00f3nsul brit\u00e1nico en Venecia) como una retratista a la moda de la aristocracia veneciana, y sobre todo de los extranjeros ilustres que visitaban Venecia. En sus <strong>retratos al pastel<\/strong>, incomparables por su luminosidad, caracter\u00edstica que se observa en todas sus obras, supo interpretar los ideales de gracia y elegancia de la sociedad mundana de su \u00e9poca, gozando de un enorme \u00e9xito en las cortes de Europa. Rosalba lanza la moda de la pintura al pastel en Par\u00eds (1720), donde conoci\u00f3 a <a title=\"Quentin de Latour\" href=\"https:\/\/www.aparences.net\/es\/periodos\/rococo\/el-retrato-frances\/\">Quentin de Latour<\/a> y <a title=\"Jean-Etienne L\u00e9otard\" href=\"https:\/\/www.aparences.net\/es\/periodos\/rococo\/el-retrato-frances\/\">Jean-Etienne L\u00e9otard<\/a>. Invitada a Modena (1723), y Viena (1730), tuvo que recurrir a la ayuda de aprendices y organizar un verdadero taller para hacer frente a las demandas de sus ilustres comitentes.<\/p>\n\n\n<div class=\"wp-block-image\">\n<figure class=\"aligncenter\"><img decoding=\"async\" src=\"https:\/\/www.aparences.net\/wp-content\/uploads\/2012\/02\/rosalba-carriera-femme-perr.jpg\" alt=\"Joven con loro, 1730, Rosalba Carriera\" title=\"Joven con loro, 1730, Rosalba Carriera\"\/><figcaption class=\"wp-element-caption\"><em><strong>Joven con loro<\/strong>, hacia 1730, <strong>Rosalba Carriera<\/strong> <\/em><br><em>(Chicago, The Art Institute)<\/em><\/figcaption><\/figure>\n<\/div>\n\n<div class=\"wp-block-image\">\n<figure class=\"aligncenter\"><img decoding=\"async\" src=\"https:\/\/www.aparences.net\/wp-content\/uploads\/2012\/02\/rosalba-carriera-leblond.jpg\" alt=\"Retrato de un muchacho de la familia Leblond, vers 1730, Rosalba Carriera\" title=\"Retrato de un muchacho de la familia Leblond, vers 1730, Rosalba Carriera\"\/><figcaption class=\"wp-element-caption\"><em><strong>Retrato de un muchacho de la familia Leblond<\/strong>, hacia 1730, <strong>Rosalba Carriera<\/strong><\/em><br><em> (Venecia, Galleria dell\u2019Accademia) <\/em><\/figcaption><\/figure>\n<\/div>\n\n\n<p><em>Con sus pasteles, esta pintora explora los rasgos m\u00e1s bellos del caracter de sus modelos. En este retrato, la artista reproduce la fresca inocencia del ni\u00f1o.<br><\/em><\/p>\n\n\n<div class=\"wp-block-image\">\n<figure class=\"aligncenter\"><img decoding=\"async\" src=\"https:\/\/www.aparences.net\/wp-content\/uploads\/2012\/02\/rosalba-carriera-watteau.jpg\" alt=\"Retrato de Antoine Watteau, 1721, Rosalba Carriera\" title=\"Retrato de Antoine Watteau, 1721, Rosalba Carriera\"\/><figcaption class=\"wp-element-caption\"><em><strong>Retrato de Antoine Watteau<\/strong>, 1721, <strong>Rosalba Carriera<\/strong> (Treviso, Museo Civico Luigi Bailo)<\/em><\/figcaption><\/figure>\n<\/div>\n\n\n<p><em>Durante su estancia en Par\u00eds, Rosalba conoci\u00f3 a varios pintores, entre ellos <strong>Coypel<\/strong> y <a title=\"Watteau\" href=\"https:\/\/www.aparences.net\/es\/periodos\/rococo\/jean-antoine-watteau\/\">Watteau<\/a> (realizando este retrato), Detroy y Largilli\u00e8re que influyeron en su estilo, orient\u00e1ndolo hacia el <a href=\"https:\/\/www.aparences.net\/es\/periodos\/rococo\/\" data-type=\"link\" data-id=\"https:\/\/www.aparences.net\/es\/periodos\/rococo\/\">rococ\u00f3 franc\u00e9s<\/a> de gusto internacional.<\/em><\/p>\n","protected":false},"excerpt":{"rendered":"<p>Venecia , siglo XVIII, conoce parad\u00f3jicamente una edad de oro: a su decadencia pol\u00edtica se opone un importante florecimiento liter\u00e1rio, musical y teatral.<\/p>\n","protected":false},"author":2,"featured_media":26524,"comment_status":"closed","ping_status":"closed","sticky":false,"template":"","format":"standard","meta":{"footnotes":""},"categories":[3133],"tags":[3880,3839,3871,3346,3882,3879,3878,3883,1314],"class_list":["post-13364","post","type-post","status-publish","format-standard","has-post-thumbnail","hentry","category-rococo","tag-alessandro-longhi-2","tag-escenas-de-genero","tag-francesco-guardi-2","tag-giambattista-tiepolo-2","tag-giandomenico-tiepolo-2","tag-pintura-rococo","tag-rocco-en-venecia","tag-rosalba-carriera-2","tag-scene-de-genre"],"yoast_head":"<!-- This site is optimized with the Yoast SEO plugin v27.2 - https:\/\/yoast.com\/product\/yoast-seo-wordpress\/ -->\n<title>El rococ\u00f3 en Venecia<\/title>\n<meta name=\"description\" content=\"Venecia , siglo XVIII, conoce parad\u00f3jicamente una edad de oro: a su decadencia pol\u00edtica se opone un importante florecimiento liter\u00e1rio, musical y teatral.\" \/>\n<meta name=\"robots\" content=\"index, follow, max-snippet:-1, max-image-preview:large, max-video-preview:-1\" \/>\n<link rel=\"canonical\" href=\"https:\/\/www.aparences.net\/es\/periodos\/rococo\/el-rococo-en-venecia\/\" \/>\n<meta property=\"og:locale\" content=\"es_ES\" \/>\n<meta property=\"og:type\" content=\"article\" \/>\n<meta property=\"og:title\" content=\"El rococ\u00f3 en Venecia\" \/>\n<meta property=\"og:description\" content=\"Venecia , siglo XVIII, conoce parad\u00f3jicamente una edad de oro: a su decadencia pol\u00edtica se opone un importante florecimiento liter\u00e1rio, musical y teatral.\" \/>\n<meta property=\"og:url\" content=\"https:\/\/www.aparences.net\/es\/periodos\/rococo\/el-rococo-en-venecia\/\" \/>\n<meta property=\"og:site_name\" content=\"Aparences\" \/>\n<meta property=\"article:published_time\" content=\"2012-02-08T17:00:45+00:00\" \/>\n<meta property=\"article:modified_time\" content=\"2025-12-11T18:40:56+00:00\" \/>\n<meta property=\"og:image\" content=\"https:\/\/www.aparences.net\/wp-content\/uploads\/2012\/02\/rococo-a-venise.jpg\" \/>\n\t<meta property=\"og:image:width\" content=\"1080\" \/>\n\t<meta property=\"og:image:height\" content=\"542\" \/>\n\t<meta property=\"og:image:type\" content=\"image\/jpeg\" \/>\n<meta name=\"author\" content=\"admin\" \/>\n<meta name=\"twitter:card\" content=\"summary_large_image\" \/>\n<meta name=\"twitter:label1\" content=\"Escrito por\" \/>\n\t<meta name=\"twitter:data1\" content=\"admin\" \/>\n\t<meta name=\"twitter:label2\" content=\"Tiempo de lectura\" \/>\n\t<meta name=\"twitter:data2\" content=\"19 minutos\" \/>\n<script type=\"application\/ld+json\" class=\"yoast-schema-graph\">{\"@context\":\"https:\/\/schema.org\",\"@graph\":[{\"@type\":\"Article\",\"@id\":\"https:\/\/www.aparences.net\/es\/periodos\/rococo\/el-rococo-en-venecia\/#article\",\"isPartOf\":{\"@id\":\"https:\/\/www.aparences.net\/es\/periodos\/rococo\/el-rococo-en-venecia\/\"},\"author\":{\"name\":\"admin\",\"@id\":\"https:\/\/www.aparences.net\/es\/#\/schema\/person\/af349f6ffc31b16c68963e61268afca5\"},\"headline\":\"El rococ\u00f3 en Venecia\",\"datePublished\":\"2012-02-08T17:00:45+00:00\",\"dateModified\":\"2025-12-11T18:40:56+00:00\",\"mainEntityOfPage\":{\"@id\":\"https:\/\/www.aparences.net\/es\/periodos\/rococo\/el-rococo-en-venecia\/\"},\"wordCount\":3278,\"publisher\":{\"@id\":\"https:\/\/www.aparences.net\/es\/#organization\"},\"image\":{\"@id\":\"https:\/\/www.aparences.net\/es\/periodos\/rococo\/el-rococo-en-venecia\/#primaryimage\"},\"thumbnailUrl\":\"https:\/\/www.aparences.net\/wp-content\/uploads\/2012\/02\/rococo-a-venise.jpg\",\"keywords\":[\"Alessandro Longhi\",\"escenas de g\u00e9nero\",\"Francesco Guardi\",\"Giambattista Tiepolo\",\"Giandomenico Tiepolo\",\"pintura rococ\u00f3\",\"Rocc\u00f3 en Venecia\",\"Rosalba Carriera\",\"sc\u00e8ne de genre\"],\"articleSection\":[\"Rococ\u00f3\"],\"inLanguage\":\"es\"},{\"@type\":[\"WebPage\",\"ItemPage\"],\"@id\":\"https:\/\/www.aparences.net\/es\/periodos\/rococo\/el-rococo-en-venecia\/\",\"url\":\"https:\/\/www.aparences.net\/es\/periodos\/rococo\/el-rococo-en-venecia\/\",\"name\":\"El rococ\u00f3 en Venecia\",\"isPartOf\":{\"@id\":\"https:\/\/www.aparences.net\/es\/#website\"},\"primaryImageOfPage\":{\"@id\":\"https:\/\/www.aparences.net\/es\/periodos\/rococo\/el-rococo-en-venecia\/#primaryimage\"},\"image\":{\"@id\":\"https:\/\/www.aparences.net\/es\/periodos\/rococo\/el-rococo-en-venecia\/#primaryimage\"},\"thumbnailUrl\":\"https:\/\/www.aparences.net\/wp-content\/uploads\/2012\/02\/rococo-a-venise.jpg\",\"datePublished\":\"2012-02-08T17:00:45+00:00\",\"dateModified\":\"2025-12-11T18:40:56+00:00\",\"description\":\"Venecia , siglo XVIII, conoce parad\u00f3jicamente una edad de oro: a su decadencia pol\u00edtica se opone un importante florecimiento liter\u00e1rio, musical y teatral.\",\"breadcrumb\":{\"@id\":\"https:\/\/www.aparences.net\/es\/periodos\/rococo\/el-rococo-en-venecia\/#breadcrumb\"},\"inLanguage\":\"es\",\"potentialAction\":[{\"@type\":\"ReadAction\",\"target\":[\"https:\/\/www.aparences.net\/es\/periodos\/rococo\/el-rococo-en-venecia\/\"]}]},{\"@type\":\"ImageObject\",\"inLanguage\":\"es\",\"@id\":\"https:\/\/www.aparences.net\/es\/periodos\/rococo\/el-rococo-en-venecia\/#primaryimage\",\"url\":\"https:\/\/www.aparences.net\/wp-content\/uploads\/2012\/02\/rococo-a-venise.jpg\",\"contentUrl\":\"https:\/\/www.aparences.net\/wp-content\/uploads\/2012\/02\/rococo-a-venise.jpg\",\"width\":1080,\"height\":542},{\"@type\":\"BreadcrumbList\",\"@id\":\"https:\/\/www.aparences.net\/es\/periodos\/rococo\/el-rococo-en-venecia\/#breadcrumb\",\"itemListElement\":[{\"@type\":\"ListItem\",\"position\":1,\"name\":\"Portada\",\"item\":\"https:\/\/www.aparences.net\/es\/\"},{\"@type\":\"ListItem\",\"position\":2,\"name\":\"El rococ\u00f3 en Venecia\"}]},{\"@type\":\"WebSite\",\"@id\":\"https:\/\/www.aparences.net\/es\/#website\",\"url\":\"https:\/\/www.aparences.net\/es\/\",\"name\":\"Aparences: Historia del Arte y Actualidad Cultural\",\"description\":\"\",\"publisher\":{\"@id\":\"https:\/\/www.aparences.net\/es\/#organization\"},\"potentialAction\":[{\"@type\":\"SearchAction\",\"target\":{\"@type\":\"EntryPoint\",\"urlTemplate\":\"https:\/\/www.aparences.net\/es\/?s={search_term_string}\"},\"query-input\":{\"@type\":\"PropertyValueSpecification\",\"valueRequired\":true,\"valueName\":\"search_term_string\"}}],\"inLanguage\":\"es\"},{\"@type\":\"Organization\",\"@id\":\"https:\/\/www.aparences.net\/es\/#organization\",\"name\":\"Aparences: Historia del Arte y Actualidad Cultural\",\"url\":\"https:\/\/www.aparences.net\/es\/\",\"logo\":{\"@type\":\"ImageObject\",\"inLanguage\":\"es\",\"@id\":\"https:\/\/www.aparences.net\/es\/#\/schema\/logo\/image\/\",\"url\":\"https:\/\/www.aparences.net\/wp-content\/uploads\/2023\/09\/logo-quadrat-color-e1695915315229.png\",\"contentUrl\":\"https:\/\/www.aparences.net\/wp-content\/uploads\/2023\/09\/logo-quadrat-color-e1695915315229.png\",\"width\":120,\"height\":120,\"caption\":\"Aparences: Historia del Arte y Actualidad Cultural\"},\"image\":{\"@id\":\"https:\/\/www.aparences.net\/es\/#\/schema\/logo\/image\/\"}},{\"@type\":\"Person\",\"@id\":\"https:\/\/www.aparences.net\/es\/#\/schema\/person\/af349f6ffc31b16c68963e61268afca5\",\"name\":\"admin\",\"url\":\"https:\/\/www.aparences.net\/es\/author\/admin\/\"}]}<\/script>\n<!-- \/ Yoast SEO plugin. -->","yoast_head_json":{"title":"El rococ\u00f3 en Venecia","description":"Venecia , siglo XVIII, conoce parad\u00f3jicamente una edad de oro: a su decadencia pol\u00edtica se opone un importante florecimiento liter\u00e1rio, musical y teatral.","robots":{"index":"index","follow":"follow","max-snippet":"max-snippet:-1","max-image-preview":"max-image-preview:large","max-video-preview":"max-video-preview:-1"},"canonical":"https:\/\/www.aparences.net\/es\/periodos\/rococo\/el-rococo-en-venecia\/","og_locale":"es_ES","og_type":"article","og_title":"El rococ\u00f3 en Venecia","og_description":"Venecia , siglo XVIII, conoce parad\u00f3jicamente una edad de oro: a su decadencia pol\u00edtica se opone un importante florecimiento liter\u00e1rio, musical y teatral.","og_url":"https:\/\/www.aparences.net\/es\/periodos\/rococo\/el-rococo-en-venecia\/","og_site_name":"Aparences","article_published_time":"2012-02-08T17:00:45+00:00","article_modified_time":"2025-12-11T18:40:56+00:00","og_image":[{"width":1080,"height":542,"url":"https:\/\/www.aparences.net\/wp-content\/uploads\/2012\/02\/rococo-a-venise.jpg","type":"image\/jpeg"}],"author":"admin","twitter_card":"summary_large_image","twitter_misc":{"Escrito por":"admin","Tiempo de lectura":"19 minutos"},"schema":{"@context":"https:\/\/schema.org","@graph":[{"@type":"Article","@id":"https:\/\/www.aparences.net\/es\/periodos\/rococo\/el-rococo-en-venecia\/#article","isPartOf":{"@id":"https:\/\/www.aparences.net\/es\/periodos\/rococo\/el-rococo-en-venecia\/"},"author":{"name":"admin","@id":"https:\/\/www.aparences.net\/es\/#\/schema\/person\/af349f6ffc31b16c68963e61268afca5"},"headline":"El rococ\u00f3 en Venecia","datePublished":"2012-02-08T17:00:45+00:00","dateModified":"2025-12-11T18:40:56+00:00","mainEntityOfPage":{"@id":"https:\/\/www.aparences.net\/es\/periodos\/rococo\/el-rococo-en-venecia\/"},"wordCount":3278,"publisher":{"@id":"https:\/\/www.aparences.net\/es\/#organization"},"image":{"@id":"https:\/\/www.aparences.net\/es\/periodos\/rococo\/el-rococo-en-venecia\/#primaryimage"},"thumbnailUrl":"https:\/\/www.aparences.net\/wp-content\/uploads\/2012\/02\/rococo-a-venise.jpg","keywords":["Alessandro Longhi","escenas de g\u00e9nero","Francesco Guardi","Giambattista Tiepolo","Giandomenico Tiepolo","pintura rococ\u00f3","Rocc\u00f3 en Venecia","Rosalba Carriera","sc\u00e8ne de genre"],"articleSection":["Rococ\u00f3"],"inLanguage":"es"},{"@type":["WebPage","ItemPage"],"@id":"https:\/\/www.aparences.net\/es\/periodos\/rococo\/el-rococo-en-venecia\/","url":"https:\/\/www.aparences.net\/es\/periodos\/rococo\/el-rococo-en-venecia\/","name":"El rococ\u00f3 en Venecia","isPartOf":{"@id":"https:\/\/www.aparences.net\/es\/#website"},"primaryImageOfPage":{"@id":"https:\/\/www.aparences.net\/es\/periodos\/rococo\/el-rococo-en-venecia\/#primaryimage"},"image":{"@id":"https:\/\/www.aparences.net\/es\/periodos\/rococo\/el-rococo-en-venecia\/#primaryimage"},"thumbnailUrl":"https:\/\/www.aparences.net\/wp-content\/uploads\/2012\/02\/rococo-a-venise.jpg","datePublished":"2012-02-08T17:00:45+00:00","dateModified":"2025-12-11T18:40:56+00:00","description":"Venecia , siglo XVIII, conoce parad\u00f3jicamente una edad de oro: a su decadencia pol\u00edtica se opone un importante florecimiento liter\u00e1rio, musical y teatral.","breadcrumb":{"@id":"https:\/\/www.aparences.net\/es\/periodos\/rococo\/el-rococo-en-venecia\/#breadcrumb"},"inLanguage":"es","potentialAction":[{"@type":"ReadAction","target":["https:\/\/www.aparences.net\/es\/periodos\/rococo\/el-rococo-en-venecia\/"]}]},{"@type":"ImageObject","inLanguage":"es","@id":"https:\/\/www.aparences.net\/es\/periodos\/rococo\/el-rococo-en-venecia\/#primaryimage","url":"https:\/\/www.aparences.net\/wp-content\/uploads\/2012\/02\/rococo-a-venise.jpg","contentUrl":"https:\/\/www.aparences.net\/wp-content\/uploads\/2012\/02\/rococo-a-venise.jpg","width":1080,"height":542},{"@type":"BreadcrumbList","@id":"https:\/\/www.aparences.net\/es\/periodos\/rococo\/el-rococo-en-venecia\/#breadcrumb","itemListElement":[{"@type":"ListItem","position":1,"name":"Portada","item":"https:\/\/www.aparences.net\/es\/"},{"@type":"ListItem","position":2,"name":"El rococ\u00f3 en Venecia"}]},{"@type":"WebSite","@id":"https:\/\/www.aparences.net\/es\/#website","url":"https:\/\/www.aparences.net\/es\/","name":"Aparences: Historia del Arte y Actualidad Cultural","description":"","publisher":{"@id":"https:\/\/www.aparences.net\/es\/#organization"},"potentialAction":[{"@type":"SearchAction","target":{"@type":"EntryPoint","urlTemplate":"https:\/\/www.aparences.net\/es\/?s={search_term_string}"},"query-input":{"@type":"PropertyValueSpecification","valueRequired":true,"valueName":"search_term_string"}}],"inLanguage":"es"},{"@type":"Organization","@id":"https:\/\/www.aparences.net\/es\/#organization","name":"Aparences: Historia del Arte y Actualidad Cultural","url":"https:\/\/www.aparences.net\/es\/","logo":{"@type":"ImageObject","inLanguage":"es","@id":"https:\/\/www.aparences.net\/es\/#\/schema\/logo\/image\/","url":"https:\/\/www.aparences.net\/wp-content\/uploads\/2023\/09\/logo-quadrat-color-e1695915315229.png","contentUrl":"https:\/\/www.aparences.net\/wp-content\/uploads\/2023\/09\/logo-quadrat-color-e1695915315229.png","width":120,"height":120,"caption":"Aparences: Historia del Arte y Actualidad Cultural"},"image":{"@id":"https:\/\/www.aparences.net\/es\/#\/schema\/logo\/image\/"}},{"@type":"Person","@id":"https:\/\/www.aparences.net\/es\/#\/schema\/person\/af349f6ffc31b16c68963e61268afca5","name":"admin","url":"https:\/\/www.aparences.net\/es\/author\/admin\/"}]}},"_links":{"self":[{"href":"https:\/\/www.aparences.net\/es\/wp-json\/wp\/v2\/posts\/13364","targetHints":{"allow":["GET"]}}],"collection":[{"href":"https:\/\/www.aparences.net\/es\/wp-json\/wp\/v2\/posts"}],"about":[{"href":"https:\/\/www.aparences.net\/es\/wp-json\/wp\/v2\/types\/post"}],"author":[{"embeddable":true,"href":"https:\/\/www.aparences.net\/es\/wp-json\/wp\/v2\/users\/2"}],"replies":[{"embeddable":true,"href":"https:\/\/www.aparences.net\/es\/wp-json\/wp\/v2\/comments?post=13364"}],"version-history":[{"count":0,"href":"https:\/\/www.aparences.net\/es\/wp-json\/wp\/v2\/posts\/13364\/revisions"}],"wp:featuredmedia":[{"embeddable":true,"href":"https:\/\/www.aparences.net\/es\/wp-json\/wp\/v2\/media\/26524"}],"wp:attachment":[{"href":"https:\/\/www.aparences.net\/es\/wp-json\/wp\/v2\/media?parent=13364"}],"wp:term":[{"taxonomy":"category","embeddable":true,"href":"https:\/\/www.aparences.net\/es\/wp-json\/wp\/v2\/categories?post=13364"},{"taxonomy":"post_tag","embeddable":true,"href":"https:\/\/www.aparences.net\/es\/wp-json\/wp\/v2\/tags?post=13364"}],"curies":[{"name":"wp","href":"https:\/\/api.w.org\/{rel}","templated":true}]}}