{"id":13372,"date":"2012-02-13T09:07:34","date_gmt":"2012-02-13T08:07:34","guid":{"rendered":"https:\/\/www.aparences.net\/periodes\/rococo\/francois-boucher\/"},"modified":"2025-12-11T19:40:56","modified_gmt":"2025-12-11T18:40:56","slug":"francois-boucher-2","status":"publish","type":"post","link":"https:\/\/www.aparences.net\/es\/periodos\/rococo\/francois-boucher-2\/","title":{"rendered":"Fran\u00e7ois Boucher"},"content":{"rendered":"<p><!--contents--><\/p>\n\n\n<h2 class=\"wp-block-heading\">Boucher y las pastorales id\u00edlicas<\/h2>\n\n\n\n<p>Gracias al gran cr\u00edtico de arte que era Diderot sabemos como se percib\u00eda el arte de <strong>Fran\u00e7ois Boucher<\/strong> (Par\u00eds 1703-1770) en el siglo XVIII. Para <strong>Diderot<\/strong>, que resume sus impresiones frente a una obra pastoral (Sal\u00f3n 1761), este artista practica un arte sensual ficticio, poco realista en el colorido y moral en la elecci\u00f3n de los temas. El fil\u00f3sofo cr\u00edtico, que predica una idea moral de la naturaleza y los sentimientos c\u00edvicos, se enfurece al observar el genio m\u00e1gico de un pintor virtuoso al servicio de temas anodinos. Pero es precisamente esta adecuaci\u00f3n entre la profesi\u00f3n superior del artista, su libertad de invenci\u00f3n y los temas id\u00edlicos que sit\u00faa en una naturaleza alegre, inventada con ternura y humor, lo que aman los protectores de Boucher.<\/p>\n\n\n<div class=\"wp-block-image\">\n<figure class=\"aligncenter\"><img decoding=\"async\" src=\"https:\/\/www.aparences.net\/wp-content\/uploads\/2012\/03\/francois-boucher-chicago.png\" alt=\"Pensent-ils au raisin ?, 1747, Fran\u00e7ois Boucher\" title=\"Pensent-ils au raisin ?, 1747, Fran\u00e7ois Boucher\"\/><figcaption class=\"wp-element-caption\"><em><strong>Pensent-ils au raisin?<\/strong>, 1747, <strong>Fran\u00e7ois Boucher<\/strong> (Chicago, Arts Institute)<\/em><\/figcaption><\/figure>\n<\/div>\n\n\n<p>En el siglo XVIII, <strong>la pastoral es un tema a la moda que se incorpora a las artes decorativas<\/strong> \u2013 a la tela de Jouy y al papel pintado, a la decoraci\u00f3n de la porcelana y al biscuit de S\u00e8vres. Al contrario que la ef\u00edmera <a title=\"fiesta galante\" href=\"https:\/\/www.aparences.net\/es\/periodos\/rococo\/jean-antoine-watteau\/\">fiesta galante<\/a> que recurre a la fantas\u00eda y a la introspecci\u00f3n a partir de im\u00e1genes casi inmateriales, la pastoral describe el tema galante con un convencimiento que ratifica el espectador (bajo Lu\u00eds XV, las pastorales de Boucher se insertan en los revestimientos de madera que cubren los salones). De la misma manera que la evocaci\u00f3n de los paisajes id\u00edlicos de la Arcadia se apoya en la poes\u00eda buc\u00f3lica, la pastoral es un reflejo de la literatura sentimental con temas campestres que se puso de moda a finales del siglo XVII.<\/p>\n\n\n<div class=\"wp-block-image\">\n<figure class=\"aligncenter\"><img decoding=\"async\" src=\"https:\/\/www.aparences.net\/wp-content\/uploads\/2012\/02\/francois-boucher-louvre.jpg\" alt=\"Los presentes del pastor o El nido, hacia 1740, Fran\u00e7ois Boucher\" title=\"Los presentes del pastor o El nido, hacia 1740, Fran\u00e7ois Boucher\"\/><figcaption class=\"wp-element-caption\"><em><strong>Los presentes del pastor o El nido<\/strong>, hacia 1740, <strong>Fran\u00e7ois Boucher<\/strong><\/em><br><em> (Par\u00eds, Museo del Louvre) <\/em><\/figcaption><\/figure>\n<\/div>\n\n<div class=\"wp-block-image\">\n<figure class=\"aligncenter\"><img decoding=\"async\" src=\"https:\/\/www.aparences.net\/wp-content\/uploads\/2012\/02\/boucher-scene-pastorale.jpg\" alt=\"Escena pastoral, hacia 1730, Fran\u00e7ois Boucher\" title=\"Escena pastoral, hacia 1730, Fran\u00e7ois Boucher\"\/><figcaption class=\"wp-element-caption\"><em><strong>Escena pastoral<\/strong>, hacia 1730, <strong>Fran\u00e7ois Boucher<\/strong> <\/em><br><em>(San Petersburgo, Museo del Hermitage)<\/em><\/figcaption><\/figure>\n<\/div>\n\n\n<p>La pintura decorativa de mediados del siglo XVIII fue creada principalmente por <strong>Boucher<\/strong> y <a href=\"https:\/\/www.aparences.net\/es\/arte-y-mecenazgo\/pintura-mural-en-italia\/frescos-del-veneto-en-el-siglo-xviii\/#el-teatro-maravilloso-de-tiepolo\">Tiepolo<\/a>. Pero comparando sus obras, es f\u00e1cil darse cuenta de la diversidad de estos dos \u00abrococos\u00bb (uno franc\u00e9s, el otro veneciano) , tanto m\u00e1s diferentes que las exigencias de sus protectores no eran las mismas. En Boucher, sobre un tel\u00f3n de delicioso paisaje sacado de la buc\u00f3lica Arcadia, lejos del paisaje ideal de los <a title=\"cl\u00e1sicos del siglo XVII\" href=\"https:\/\/www.aparences.net\/es\/periodos\/pintura-barroca\/el-clasicismo\/\">cl\u00e1sicos del siglo XVII<\/a>, se mueven peque\u00f1as marquesas y sus gentileshombres disfrazados de campesinos, ocupados en juegos voluntariamente ing\u00e9nuos. Estas escenas van relacionadas con el melodrama pastoral que se est\u00e1 desarrollando paralelamente.<\/p>\n\n\n<div class=\"wp-block-image\">\n<figure class=\"aligncenter\"><img decoding=\"async\" src=\"https:\/\/www.aparences.net\/wp-content\/uploads\/2012\/03\/francois-boucher-tours.png\" alt=\"Silvia huyendo del lobo, 1756, Fran\u00e7ois Boucher\" title=\"Silvia huyendo del lobo, 1756, Fran\u00e7ois Boucher\"\/><figcaption class=\"wp-element-caption\"><em><strong>Silvia huyendo del lobo<\/strong>, 1756, <strong>Fran\u00e7ois Boucher<\/strong><\/em><br><em> (Tours, museo de Bellas Artes) <\/em><\/figcaption><\/figure>\n<\/div>\n\n\n<p><em>La hero\u00edna de esta escena es Silvia huyendo del lobo al que acaba de herir. El tema est\u00e1 sacado del drama pastoril de <a href=\"https:\/\/www.aparences.net\/es\/tematicos\/la-pintura-al-encuentro-de-tasso\/\" data-type=\"link\" data-id=\"https:\/\/www.aparences.net\/es\/tematicos\/la-pintura-al-encuentro-de-tasso\/\">Torcuato Tasso<\/a> \u00abAminta\u00bb que fue traducido al franc\u00e9s en el siglo XVIII por Pecquet. En torno a la nota de color del carcaj rojo, se enrolla una lujosa espiral de seda y la figura de la hero\u00edna delante de un paisaje todav\u00eda realista, por donde asoma la cabeza del lobo entre unos matorrales. Esta refinada pintura oval constituye una de los mejores logros de Boucher en el g\u00e9nero pastoral. Pintado a instancias del duque de Penthi\u00e8vre para su hotel de Toulouse, pertenece a una serie de cuatro, de los cuales dos se encuentran todav\u00eda en el lugar de origen. Esta composici\u00f3n fue <em>grabada por Lempereur<\/em> y presentada en el Sal\u00f3n de 1779.<br><\/em><\/p>\n\n\n\n<!-- AdBoxRight2020 --><ins class=\"adsbygoogle\"     style=\"display:block; margin-top:30px;\"     data-ad-client=\"ca-pub-2468002815867636\"     data-ad-slot=\"3496014735\"     data-ad-format=\"auto\"     data-full-width-responsive=\"false\"><\/ins><script> (adsbygoogle = window.adsbygoogle || []).push({});<\/script><h2 class=\"wp-block-heading\">Boucher y las mitolog\u00edas<\/h2>\n\n\n\n<p>El reinado de Lu\u00eds XV se caracteriz\u00f3 por <strong>la pintura galante<\/strong>, particularmente adaptada a la atm\u00f3sfera de la Corte y reflejando los gustos del rey y de Madame de Pompadour. Boucher y otros pintores c\u00e9lebres de esta \u00e9poca, Natoire, Vanloo, De Troy, entre otros, todos contempor\u00e1neos de <a title=\"Tiepolo\" href=\"https:\/\/www.aparences.net\/es\/periodos\/rococo\/el-rococo-en-venecia\/\">Tiepolo<\/a>, pintan <a href=\"https:\/\/www.aparences.net\/es\/tematicos\/mitologia-y-pintura\/\">temas mitol\u00f3gicos<\/a> de marcada sensualidad jugando con gamas de colores que van desde los tonos m\u00e1s c\u00e1lidos, como en la pintura flamenca, hasta los m\u00e1s \u00e1cidos, pero cuyos contrastes son mitigados por tintes m\u00e1s claros y a menudo con un toque vibrante. Fran\u00e7ois <strong>Boucher, el pintor favorito de Madame de Pompadour<\/strong>, es de toda evidencia el m\u00e1s competente de los artistas que fueron sus rivales en el Sal\u00f3n del Louvre. Con Diana o Venus, inventa un tipo femenino esbelto con formas graciosas elegantemente definidas, en cuyas nacaradas carnaciones se intercalan toques de un rosa intenso en las extremidades. En 1734 Boucher hab\u00eda presentado como prueba de admisi\u00f3n en la Academia, su cuadro <em>Rinaldo y Armida<\/em>, inspirado en la obra de Lemoyne, lo que le vali\u00f3 importantes encargos de la corte y de la aristocracia (decoraci\u00f3n del hotel de Soubise, en colaboraci\u00f3n con Natoire, 1737-1740).<\/p>\n\n\n<div class=\"wp-block-image\">\n<figure class=\"aligncenter\"><img decoding=\"async\" src=\"https:\/\/www.aparences.net\/wp-content\/uploads\/2012\/02\/boucher-triomphe-venus.jpg\" alt=\"El triunfo de Venus, 1740, Fran\u00e7ois Boucher\" title=\"El triunfo de Venus, 1740, Fran\u00e7ois Boucher\"\/><figcaption class=\"wp-element-caption\"><em><strong>El triunfo de Venus<\/strong>, 1740, <strong>Fran\u00e7ois Boucher<\/strong> (Estocolmo, Nationalmuseum)<\/em><\/figcaption><\/figure>\n<\/div>\n\n\n<p><em>Se trata de un cuadro mitol\u00f3gico en el cual el artista muestra su incomparable maestr\u00eda: la luz y la alegr\u00eda se derraman a raudales en esta composici\u00f3n caracterizada por un rico cromatismo y refinadas tonalidades. Espl\u00e9ndidas figuras femeninas varadas sobre las rocas pueblan la escena, con la misma placidez que la damas de la aristocracia en la intimidad de sus boudoirs.<br><\/em><\/p>\n\n\n\n<p>Mientras que en la <a title=\"pintura de Watteau\" href=\"https:\/\/www.aparences.net\/es\/periodos\/rococo\/jean-antoine-watteau\/\">pintura de Watteau<\/a> los dioses antiguos solo aparecen bajo la forma de estatuas que decoran los jardines, su&nbsp; frecuente presencia en la de Boucher se explica por su tradicional aptitud en ilustrar el tema de la imagen misma. En <em><strong>Venus y la paloma<\/strong><\/em>&nbsp; no falta ninguno de los atributos de la diosa de la belleza y del amor: las palomas blancas que se utilizaban en el culto a la diosa, las flores, las conchas y las perlas que recuerdan su nacimiento de la espuma del mar, y finalmente los amorcillos que son, en uno cierto sentido, una triple encarnaci\u00f3n de su hijo Cupido. Y sin embargo este cuadro no tiene un car\u00e1cter divino, evoca m\u00e1s bien una composici\u00f3n de \u00abarte mundano\u00bb. Con sus encantadores colores nacarados, <strong>Boucher<\/strong> ha pintado una mujer de la alta sociedad sentada en un div\u00e1n, abandon\u00e1ndose a sus sue\u00f1os y a sus fr\u00edvolas ocupaciones. Representa un mundo quim\u00e9rico, pero m\u00e1s caprichoso y sensual que el de Watteau, exento de ese toque melanc\u00f3lico que transmiten los cuadros de este \u00faltimo.<\/p>\n\n\n<div class=\"wp-block-image\">\n<figure class=\"aligncenter\"><img decoding=\"async\" src=\"https:\/\/www.aparences.net\/wp-content\/uploads\/2012\/02\/boucher-venus-colombe.jpg\" alt=\"Venus y la paloma, 1751, Fran\u00e7ois Boucher\" title=\"Venus y la paloma, 1751, Fran\u00e7ois Boucher\"\/><figcaption class=\"wp-element-caption\"><em><strong>Venus y la paloma<\/strong>, 1751, <strong>Fran\u00e7ois Boucher<\/strong> (Nueva York, Metropolitan Museum)<\/em><\/figcaption><\/figure>\n<\/div>\n\n<div class=\"wp-block-image\">\n<figure class=\"aligncenter\"><img decoding=\"async\" src=\"https:\/\/www.aparences.net\/wp-content\/uploads\/2012\/02\/boucher-diane-au-bain.jpg\" alt=\"Diana saliendo del ba\u00f1o, 1742, Fran\u00e7ois Boucher, Paris, Museo del Louvre\" title=\"Diana saliendo del ba\u00f1o, 1742, Fran\u00e7ois Boucher, Paris, Museo del Louvre\"\/><figcaption class=\"wp-element-caption\"><em><strong>Diana saliendo del ba\u00f1o<\/strong>, 1742, <strong>Fran\u00e7ois Boucher<\/strong> (Par\u00eds, museo del Louvre)<\/em><\/figcaption><\/figure>\n<\/div>\n\n\n<p><em>Despu\u00e9s de la caza, Diana descansa, asistida en su ba\u00f1o por una ninfa. Boucher otorga al personaje un aspecto elegante, utilizando este <a href=\"https:\/\/www.aparences.net\/es\/tematicos\/mitologia-y-pintura\/\" data-type=\"link\" data-id=\"https:\/\/www.aparences.net\/es\/tematicos\/mitologia-y-pintura\/\">tema mitol\u00f3gico<\/a> para dar su visi\u00f3n personal de la belleza.<br><\/em><\/p>\n\n\n\n<!-- AdBoxLeft2023 --><ins class=\"adsbygoogle\" style=\"display:block\" data-ad-client=\"ca-pub-2468002815867636\" data-ad-slot=\"1318022963\" data-ad-format=\"auto\" data-full-width-responsive=\"true\"><\/ins><script> (adsbygoogle = window.adsbygoogle || []).push({});<\/script><h2 class=\"wp-block-heading\">Escenas de la vida diaria<\/h2>\n\n\n\n<p>En las <a href=\"https:\/\/www.aparences.net\/es\/periodos\/la-escena-de-genero-del-siglo-xviii\/\" data-type=\"link\" data-id=\"https:\/\/www.aparences.net\/es\/periodos\/la-escena-de-genero-del-siglo-xviii\/\">escenas de g\u00e9nero<\/a>, Boucher muestra una m\u00e1s grande espontaneidad creativa que en otros temas. Ello es perceptible en las miradas furtivas que se intercambian las figuras en los ambientes dom\u00e9sticos burgueses, salones, habitaciones o alcobas, donde <strong>Boucher llega a plasmar, incluso con un ligero voyeurismo los aspectos m\u00e1s \u00edntimos y secretos de las escenas cotidianas<\/strong>. El encanto de Boucher es f\u00e1cil e inmediato. En <em><strong>La toilette<\/strong><\/em> del Museo Thyssen, una de las obras m\u00e1s seductoras del pintor, el dibujo a la vez ligero y preciso, los sabios toques y los variados matices en los drapeados caracterizan esta composici\u00f3n. La desmesura en los detalles, los gestos \u00edntimos y espont\u00e1neos crean una situaci\u00f3n de intensa complicidad. En cuanto a la identidad de la modelo existen opiniones diversas. El historiador Sterling dice que fue Madame Boucher quien pos\u00f3 para este cuadro. Seg\u00fan Diderot y otros autores contempor\u00e1neos, el pintor hac\u00eda posar a su mujer Marie-Jeanne Buzot, para los temas mitol\u00f3gicos y para otros m\u00e1s osados, as\u00ed como para las escenas de g\u00e9nero. Otros autores rechazan esta suposici\u00f3n, pues la mujer del cuadro no guarda ning\u00fan parec\u00eddo con los retratos que el pintor hizo de su esposa, uno de ellos en la Frick Collection. El cuadro fue encargado por el conde Charles Gustave Tessin, embajador de Suecia, amigo y protector del pintor, el cual, en 1745,&nbsp; le hab\u00eda encargado una serie de cuatro cuadros con el t\u00edtulo gen\u00e9rico <em>La jornada de una elegante<\/em>.<\/p>\n\n\n<div class=\"wp-block-image\">\n<figure class=\"aligncenter\"><img decoding=\"async\" src=\"https:\/\/www.aparences.net\/wp-content\/uploads\/2012\/02\/boucher-la-toilette.jpg\" alt=\"La toilette, 1742, Fran\u00e7ois Boucher\" title=\"La toilette, 1742, Fran\u00e7ois Boucher\"\/><figcaption class=\"wp-element-caption\"><em><strong>La toilette<\/strong>, 1742, <strong>Fran\u00e7ois Boucher<\/strong> (Madrid, Museo Thyssen-Bornemisza)<\/em><\/figcaption><\/figure>\n<\/div>\n\n\n<p><em>Una dama elegante, sentada cerca del fuego procede a colocarse sus medias. Va vestida con un sencillo \u00abd\u00e9shabill\u00e9\u00bb blanco que llevaba mientras su sirvienta la maquillaba y le empolvaba los cabellos. La sirvienta se gira y le muestra el tocado que le pondr\u00e1 y espera su aprobaci\u00f3n. Su exquisita pose es puesta de relieve por los elegantes pliegues verticales de su vestido de color malva p\u00e1lido, quiz\u00e1s la parte m\u00e1s bella del cuadro. El ojo del espectador se pierde en la profusi\u00f3n de detalles, el pintoresco desorden de la habitaci\u00f3n y todos los accesorios de una vida c\u00f3moda y placentera.<br><\/em><\/p>\n\n\n<div class=\"wp-block-image\">\n<figure class=\"aligncenter\"><img decoding=\"async\" src=\"https:\/\/www.aparences.net\/wp-content\/uploads\/2012\/02\/boucher-toilette.jpg\" alt=\"La toilette, 1742, Fran\u00e7ois Boucher, detalle\" title=\"La toilette, 1742, Fran\u00e7ois Boucher, detalle\"\/><\/figure>\n<\/div>\n\n\n<p><em>Detr\u00e1s de un biombo chino decorado con p\u00e1jaros sobre fondo amarillo, aparece un retrato al pastel, posiblemente de <a href=\"https:\/\/www.aparences.net\/es\/periodos\/rococo\/el-rococo-en-venecia\/#rosalba-carriera\">Rosalba Carriera<\/a>. En el cuadro tambi\u00e9n se observan varias telas de tafet\u00e1n y sedas arrugadas: la cortina detr\u00e1s de la puerta vidriada, el drapeado en torno al espejo y la capa negligentemente arrojada sobre la silla. En el suelo, un fuelle, una escoba, un abanico pintado y el gato que juega con una bola de lana, una bolsa de costura est\u00e1 colgada del parafuegos de la chimenea y espera. E<em>n la repisa de la chimenea hay un sinf\u00edn<\/em> de objetos dispares. Sobre una mesita puesta al lado de la dama hay una tetera humeante con sus tazas y sus platos. C<em>on el cuadro que lleva e<\/em>l mismo t\u00edtulo \u00abLa toilette\u00bb, el pintor holand\u00e9s <a title=\"Jan Steen\" href=\"https:\/\/www.aparences.net\/es\/periodos\/pintura-barroca\/la-pintura-barroca-holandesa\/\">Jan Steen <\/a>contribuy\u00f3 seguramente a la difusi\u00f3n de este tema en la pintura francesa del siglo XVIII.<br><\/em><\/p>\n\n\n<div class=\"wp-block-image\">\n<figure class=\"aligncenter\"><img decoding=\"async\" src=\"https:\/\/www.aparences.net\/wp-content\/uploads\/2012\/02\/boucher-le-dejeuner.jpg\" alt=\"El desayuno, 1739, Fran\u00e7ois Boucher, Paris, Museo del Louvre\" title=\"El desayuno, 1739, Fran\u00e7ois Boucher, Paris, Museo del Louvre\"\/><figcaption class=\"wp-element-caption\"><em><strong>El desayuno<\/strong>, 1739, <strong>Fran\u00e7ois Boucher<\/strong> (Par\u00eds, Museo del Louvre)<\/em><\/figcaption><\/figure>\n<\/div>\n\n\n<p><em>Sin duda inspirada de la pintura holandesa del siglo XVII, esta agradable composici\u00f3n representa la familia del artista en un instante de apacible intimidad. Llama la atenci\u00f3n la descripci\u00f3n meticulosa del mobiliario, la ropa y los objetos, todo ello del m\u00e1s puro <strong>estilo rococ\u00f3<\/strong>.<\/em><\/p>\n\n\n<div class=\"wp-block-image\">\n<figure class=\"aligncenter\"><img loading=\"lazy\" decoding=\"async\" width=\"456\" height=\"460\" src=\"https:\/\/www.aparences.net\/wp-content\/uploads\/2012\/02\/francois-boucher-le-galant-colporteur.jpg\" alt=\"Le Galant colporteur (vendedor ambulante) 1738, Fran\u00e7ois Boucher\" class=\"wp-image-20582\" title=\"Le Galant colporteur (vendedor ambulante) 1738, Fran\u00e7ois Boucher\" srcset=\"https:\/\/www.aparences.net\/wp-content\/uploads\/2012\/02\/francois-boucher-le-galant-colporteur.jpg 456w, https:\/\/www.aparences.net\/wp-content\/uploads\/2012\/02\/francois-boucher-le-galant-colporteur-100x100.jpg 100w, https:\/\/www.aparences.net\/wp-content\/uploads\/2012\/02\/francois-boucher-le-galant-colporteur-160x161.jpg 160w, https:\/\/www.aparences.net\/wp-content\/uploads\/2012\/02\/francois-boucher-le-galant-colporteur-150x150.jpg 150w\" sizes=\"auto, (max-width: 456px) 100vw, 456px\" \/><figcaption class=\"wp-element-caption\"><em><strong>Le Galant colporteur<\/strong> (vendedor ambulante) 1738, <\/em><br><em><strong>Fran\u00e7ois Boucher<\/strong> (Colecci\u00f3n privada)<\/em><\/figcaption><\/figure>\n<\/div>\n\n\n<p>Pintor favorito de <strong>Madame de Pompadour<\/strong>, Boucher recibe numerosos encargos oficiales: en 1735 realiza pinturas en grisalla para la habitaci\u00f3n de la reina en Versalles; en 1741 la decoraci\u00f3n del Gabinete de Medallas; en 1753 encargos para el castillo de Fontainebleau, de Choisy etc. Su actividad se extiende r\u00e1pidamente a todos los \u00e1mbitos de la creaci\u00f3n art\u00edstica, incluyendo ilustraciones para libros (obras de Moli\u00e8re en 1734); es nombrado decorador de la \u00d3pera, cargo que ocupa entre 1742 y 1748 e inspector de la real Manufactura de los Gobelinos en 1755; trabaja tambi\u00e9n para la Manufactura de Sevres. A la muerte de Carle van Loo en 1765, en nombrado primer pintor del rey. Mariette, un contempor\u00e1neo de Boucher, defin\u00eda as\u00ed el talento y la personalidad de Boucher: \u00abha nacido pintor; se puede decir que ha nacido con el pincel en la mano.\u00bb<\/p>\n\n\n<div class=\"wp-block-image\">\n<figure class=\"aligncenter\"><img decoding=\"async\" src=\"https:\/\/www.aparences.net\/wp-content\/uploads\/2012\/02\/boucher-la-pompadour.jpg\" alt=\"Retrato de la Marquesa de Pompadour, 1756, Fran\u00e7ois Boucher\" title=\"Retrato de la Marquesa de Pompadour, 1756, Fran\u00e7ois Boucher\"\/><figcaption class=\"wp-element-caption\"><em><strong>Retrato de la Marquesa de Pompadour<\/strong>, 1756, <\/em><br><em><strong>Fran\u00e7ois Boucher<\/strong> (Munich, Alte Pinakothek)<\/em><\/figcaption><\/figure>\n<\/div>\n\n\n<p><em>Amante de Lu\u00eds XV, y personaje esencial en la difusi\u00f3n del arte de su tiempo, ambiciosa comitente de obras de arte y mobiliario, Madame de Pompadour fue la protectora m\u00e1s importante de Boucher. Su fastuoso mecenazgo, en particular en la creaci\u00f3n de la manufactura de porcelana de Sevres, es inherente al desarrollo del <a href=\"https:\/\/www.aparences.net\/es\/periodos\/rococo\/\" data-type=\"link\" data-id=\"https:\/\/www.aparences.net\/es\/periodos\/rococo\/\">estilo rococ\u00f3<\/a>.<\/em><\/p>\n\n\n<div class=\"wp-block-image\">\n<figure class=\"aligncenter\"><img decoding=\"async\" src=\"https:\/\/www.aparences.net\/wp-content\/uploads\/2012\/02\/boucher-traversee.jpg\" alt=\"Vadeando, 1730, Fran\u00e7ois Boucher\" title=\"Vadeando, 1730, Fran\u00e7ois Boucher\"\/><figcaption class=\"wp-element-caption\"><em><strong>Vadeando<\/strong>, hacia 1730, <strong>Fran\u00e7ois Boucher<\/strong>, <\/em><br><em>(San Petersburgo, Museo del Hermitage)<\/em><\/figcaption><\/figure>\n<\/div>","protected":false},"excerpt":{"rendered":"<p>El reino de Luis XV inicia el g\u00e9nero de la pintura er\u00f3tico-galante. <\/p>\n","protected":false},"author":2,"featured_media":26532,"comment_status":"closed","ping_status":"closed","sticky":false,"template":"","format":"standard","meta":{"footnotes":""},"categories":[3133],"tags":[3785,2264,3784,6083],"class_list":["post-13372","post","type-post","status-publish","format-standard","has-post-thumbnail","hentry","category-rococo","tag-boucher-pastorales","tag-francois-boucher","tag-mitologias-de-boucher","tag-periodo-rococo-2"],"yoast_head":"<!-- This site is optimized with the Yoast SEO plugin v27.2 - https:\/\/yoast.com\/product\/yoast-seo-wordpress\/ -->\n<title>Fran\u00e7ois Boucher<\/title>\n<meta name=\"description\" content=\"El reino de Luis XV inicia el g\u00e9nero de la pintura er\u00f3tico-galante.\" \/>\n<meta name=\"robots\" content=\"index, follow, max-snippet:-1, max-image-preview:large, max-video-preview:-1\" \/>\n<link rel=\"canonical\" href=\"https:\/\/www.aparences.net\/es\/periodos\/rococo\/francois-boucher\/\" \/>\n<meta property=\"og:locale\" content=\"es_ES\" \/>\n<meta property=\"og:type\" content=\"article\" \/>\n<meta property=\"og:title\" content=\"Fran\u00e7ois Boucher\" \/>\n<meta property=\"og:description\" content=\"El reino de Luis XV inicia el g\u00e9nero de la pintura er\u00f3tico-galante.\" \/>\n<meta property=\"og:url\" content=\"https:\/\/www.aparences.net\/es\/periodos\/rococo\/francois-boucher\/\" \/>\n<meta property=\"og:site_name\" content=\"Aparences\" \/>\n<meta property=\"article:published_time\" content=\"2012-02-13T08:07:34+00:00\" \/>\n<meta property=\"article:modified_time\" content=\"2025-12-11T18:40:56+00:00\" \/>\n<meta property=\"og:image\" content=\"https:\/\/www.aparences.net\/wp-content\/uploads\/2012\/02\/francois-boucher.jpg\" \/>\n\t<meta property=\"og:image:width\" content=\"1080\" \/>\n\t<meta property=\"og:image:height\" content=\"540\" \/>\n\t<meta property=\"og:image:type\" content=\"image\/jpeg\" \/>\n<meta name=\"author\" content=\"admin\" \/>\n<meta name=\"twitter:card\" content=\"summary_large_image\" \/>\n<meta name=\"twitter:label1\" content=\"Escrito por\" \/>\n\t<meta name=\"twitter:data1\" content=\"admin\" \/>\n\t<meta name=\"twitter:label2\" content=\"Tiempo de lectura\" \/>\n\t<meta name=\"twitter:data2\" content=\"12 minutos\" \/>\n<script type=\"application\/ld+json\" class=\"yoast-schema-graph\">{\"@context\":\"https:\/\/schema.org\",\"@graph\":[{\"@type\":\"Article\",\"@id\":\"https:\/\/www.aparences.net\/es\/periodos\/rococo\/francois-boucher\/#article\",\"isPartOf\":{\"@id\":\"https:\/\/www.aparences.net\/es\/periodos\/rococo\/francois-boucher\/\"},\"author\":{\"name\":\"admin\",\"@id\":\"https:\/\/www.aparences.net\/es\/#\/schema\/person\/af349f6ffc31b16c68963e61268afca5\"},\"headline\":\"Fran\u00e7ois Boucher\",\"datePublished\":\"2012-02-13T08:07:34+00:00\",\"dateModified\":\"2025-12-11T18:40:56+00:00\",\"mainEntityOfPage\":{\"@id\":\"https:\/\/www.aparences.net\/es\/periodos\/rococo\/francois-boucher\/\"},\"wordCount\":1961,\"publisher\":{\"@id\":\"https:\/\/www.aparences.net\/es\/#organization\"},\"image\":{\"@id\":\"https:\/\/www.aparences.net\/es\/periodos\/rococo\/francois-boucher\/#primaryimage\"},\"thumbnailUrl\":\"https:\/\/www.aparences.net\/wp-content\/uploads\/2012\/02\/francois-boucher.jpg\",\"keywords\":[\"Boucher pastorales\",\"Fran\u00e7ois Boucher\",\"Mitolog\u00edas de Boucher\",\"periodo Rococ\u00f3\"],\"articleSection\":[\"Rococ\u00f3\"],\"inLanguage\":\"es\"},{\"@type\":[\"WebPage\",\"ItemPage\"],\"@id\":\"https:\/\/www.aparences.net\/es\/periodos\/rococo\/francois-boucher\/\",\"url\":\"https:\/\/www.aparences.net\/es\/periodos\/rococo\/francois-boucher\/\",\"name\":\"Fran\u00e7ois Boucher\",\"isPartOf\":{\"@id\":\"https:\/\/www.aparences.net\/es\/#website\"},\"primaryImageOfPage\":{\"@id\":\"https:\/\/www.aparences.net\/es\/periodos\/rococo\/francois-boucher\/#primaryimage\"},\"image\":{\"@id\":\"https:\/\/www.aparences.net\/es\/periodos\/rococo\/francois-boucher\/#primaryimage\"},\"thumbnailUrl\":\"https:\/\/www.aparences.net\/wp-content\/uploads\/2012\/02\/francois-boucher.jpg\",\"datePublished\":\"2012-02-13T08:07:34+00:00\",\"dateModified\":\"2025-12-11T18:40:56+00:00\",\"description\":\"El reino de Luis XV inicia el g\u00e9nero de la pintura er\u00f3tico-galante.\",\"breadcrumb\":{\"@id\":\"https:\/\/www.aparences.net\/es\/periodos\/rococo\/francois-boucher\/#breadcrumb\"},\"inLanguage\":\"es\",\"potentialAction\":[{\"@type\":\"ReadAction\",\"target\":[\"https:\/\/www.aparences.net\/es\/periodos\/rococo\/francois-boucher\/\"]}]},{\"@type\":\"ImageObject\",\"inLanguage\":\"es\",\"@id\":\"https:\/\/www.aparences.net\/es\/periodos\/rococo\/francois-boucher\/#primaryimage\",\"url\":\"https:\/\/www.aparences.net\/wp-content\/uploads\/2012\/02\/francois-boucher.jpg\",\"contentUrl\":\"https:\/\/www.aparences.net\/wp-content\/uploads\/2012\/02\/francois-boucher.jpg\",\"width\":1080,\"height\":540,\"caption\":\"BOUCHER, Fran\u00e7ois_La toilette, 1742_58 (1967.4)\"},{\"@type\":\"BreadcrumbList\",\"@id\":\"https:\/\/www.aparences.net\/es\/periodos\/rococo\/francois-boucher\/#breadcrumb\",\"itemListElement\":[{\"@type\":\"ListItem\",\"position\":1,\"name\":\"Portada\",\"item\":\"https:\/\/www.aparences.net\/es\/\"},{\"@type\":\"ListItem\",\"position\":2,\"name\":\"Fran\u00e7ois Boucher\"}]},{\"@type\":\"WebSite\",\"@id\":\"https:\/\/www.aparences.net\/es\/#website\",\"url\":\"https:\/\/www.aparences.net\/es\/\",\"name\":\"Aparences: Historia del Arte y Actualidad Cultural\",\"description\":\"\",\"publisher\":{\"@id\":\"https:\/\/www.aparences.net\/es\/#organization\"},\"potentialAction\":[{\"@type\":\"SearchAction\",\"target\":{\"@type\":\"EntryPoint\",\"urlTemplate\":\"https:\/\/www.aparences.net\/es\/?s={search_term_string}\"},\"query-input\":{\"@type\":\"PropertyValueSpecification\",\"valueRequired\":true,\"valueName\":\"search_term_string\"}}],\"inLanguage\":\"es\"},{\"@type\":\"Organization\",\"@id\":\"https:\/\/www.aparences.net\/es\/#organization\",\"name\":\"Aparences: Historia del Arte y Actualidad Cultural\",\"url\":\"https:\/\/www.aparences.net\/es\/\",\"logo\":{\"@type\":\"ImageObject\",\"inLanguage\":\"es\",\"@id\":\"https:\/\/www.aparences.net\/es\/#\/schema\/logo\/image\/\",\"url\":\"https:\/\/www.aparences.net\/wp-content\/uploads\/2023\/09\/logo-quadrat-color-e1695915315229.png\",\"contentUrl\":\"https:\/\/www.aparences.net\/wp-content\/uploads\/2023\/09\/logo-quadrat-color-e1695915315229.png\",\"width\":120,\"height\":120,\"caption\":\"Aparences: Historia del Arte y Actualidad Cultural\"},\"image\":{\"@id\":\"https:\/\/www.aparences.net\/es\/#\/schema\/logo\/image\/\"}},{\"@type\":\"Person\",\"@id\":\"https:\/\/www.aparences.net\/es\/#\/schema\/person\/af349f6ffc31b16c68963e61268afca5\",\"name\":\"admin\",\"url\":\"https:\/\/www.aparences.net\/es\/author\/admin\/\"}]}<\/script>\n<!-- \/ Yoast SEO plugin. -->","yoast_head_json":{"title":"Fran\u00e7ois Boucher","description":"El reino de Luis XV inicia el g\u00e9nero de la pintura er\u00f3tico-galante.","robots":{"index":"index","follow":"follow","max-snippet":"max-snippet:-1","max-image-preview":"max-image-preview:large","max-video-preview":"max-video-preview:-1"},"canonical":"https:\/\/www.aparences.net\/es\/periodos\/rococo\/francois-boucher\/","og_locale":"es_ES","og_type":"article","og_title":"Fran\u00e7ois Boucher","og_description":"El reino de Luis XV inicia el g\u00e9nero de la pintura er\u00f3tico-galante.","og_url":"https:\/\/www.aparences.net\/es\/periodos\/rococo\/francois-boucher\/","og_site_name":"Aparences","article_published_time":"2012-02-13T08:07:34+00:00","article_modified_time":"2025-12-11T18:40:56+00:00","og_image":[{"width":1080,"height":540,"url":"https:\/\/www.aparences.net\/wp-content\/uploads\/2012\/02\/francois-boucher.jpg","type":"image\/jpeg"}],"author":"admin","twitter_card":"summary_large_image","twitter_misc":{"Escrito por":"admin","Tiempo de lectura":"12 minutos"},"schema":{"@context":"https:\/\/schema.org","@graph":[{"@type":"Article","@id":"https:\/\/www.aparences.net\/es\/periodos\/rococo\/francois-boucher\/#article","isPartOf":{"@id":"https:\/\/www.aparences.net\/es\/periodos\/rococo\/francois-boucher\/"},"author":{"name":"admin","@id":"https:\/\/www.aparences.net\/es\/#\/schema\/person\/af349f6ffc31b16c68963e61268afca5"},"headline":"Fran\u00e7ois Boucher","datePublished":"2012-02-13T08:07:34+00:00","dateModified":"2025-12-11T18:40:56+00:00","mainEntityOfPage":{"@id":"https:\/\/www.aparences.net\/es\/periodos\/rococo\/francois-boucher\/"},"wordCount":1961,"publisher":{"@id":"https:\/\/www.aparences.net\/es\/#organization"},"image":{"@id":"https:\/\/www.aparences.net\/es\/periodos\/rococo\/francois-boucher\/#primaryimage"},"thumbnailUrl":"https:\/\/www.aparences.net\/wp-content\/uploads\/2012\/02\/francois-boucher.jpg","keywords":["Boucher pastorales","Fran\u00e7ois Boucher","Mitolog\u00edas de Boucher","periodo Rococ\u00f3"],"articleSection":["Rococ\u00f3"],"inLanguage":"es"},{"@type":["WebPage","ItemPage"],"@id":"https:\/\/www.aparences.net\/es\/periodos\/rococo\/francois-boucher\/","url":"https:\/\/www.aparences.net\/es\/periodos\/rococo\/francois-boucher\/","name":"Fran\u00e7ois Boucher","isPartOf":{"@id":"https:\/\/www.aparences.net\/es\/#website"},"primaryImageOfPage":{"@id":"https:\/\/www.aparences.net\/es\/periodos\/rococo\/francois-boucher\/#primaryimage"},"image":{"@id":"https:\/\/www.aparences.net\/es\/periodos\/rococo\/francois-boucher\/#primaryimage"},"thumbnailUrl":"https:\/\/www.aparences.net\/wp-content\/uploads\/2012\/02\/francois-boucher.jpg","datePublished":"2012-02-13T08:07:34+00:00","dateModified":"2025-12-11T18:40:56+00:00","description":"El reino de Luis XV inicia el g\u00e9nero de la pintura er\u00f3tico-galante.","breadcrumb":{"@id":"https:\/\/www.aparences.net\/es\/periodos\/rococo\/francois-boucher\/#breadcrumb"},"inLanguage":"es","potentialAction":[{"@type":"ReadAction","target":["https:\/\/www.aparences.net\/es\/periodos\/rococo\/francois-boucher\/"]}]},{"@type":"ImageObject","inLanguage":"es","@id":"https:\/\/www.aparences.net\/es\/periodos\/rococo\/francois-boucher\/#primaryimage","url":"https:\/\/www.aparences.net\/wp-content\/uploads\/2012\/02\/francois-boucher.jpg","contentUrl":"https:\/\/www.aparences.net\/wp-content\/uploads\/2012\/02\/francois-boucher.jpg","width":1080,"height":540,"caption":"BOUCHER, Fran\u00e7ois_La toilette, 1742_58 (1967.4)"},{"@type":"BreadcrumbList","@id":"https:\/\/www.aparences.net\/es\/periodos\/rococo\/francois-boucher\/#breadcrumb","itemListElement":[{"@type":"ListItem","position":1,"name":"Portada","item":"https:\/\/www.aparences.net\/es\/"},{"@type":"ListItem","position":2,"name":"Fran\u00e7ois Boucher"}]},{"@type":"WebSite","@id":"https:\/\/www.aparences.net\/es\/#website","url":"https:\/\/www.aparences.net\/es\/","name":"Aparences: Historia del Arte y Actualidad Cultural","description":"","publisher":{"@id":"https:\/\/www.aparences.net\/es\/#organization"},"potentialAction":[{"@type":"SearchAction","target":{"@type":"EntryPoint","urlTemplate":"https:\/\/www.aparences.net\/es\/?s={search_term_string}"},"query-input":{"@type":"PropertyValueSpecification","valueRequired":true,"valueName":"search_term_string"}}],"inLanguage":"es"},{"@type":"Organization","@id":"https:\/\/www.aparences.net\/es\/#organization","name":"Aparences: Historia del Arte y Actualidad Cultural","url":"https:\/\/www.aparences.net\/es\/","logo":{"@type":"ImageObject","inLanguage":"es","@id":"https:\/\/www.aparences.net\/es\/#\/schema\/logo\/image\/","url":"https:\/\/www.aparences.net\/wp-content\/uploads\/2023\/09\/logo-quadrat-color-e1695915315229.png","contentUrl":"https:\/\/www.aparences.net\/wp-content\/uploads\/2023\/09\/logo-quadrat-color-e1695915315229.png","width":120,"height":120,"caption":"Aparences: Historia del Arte y Actualidad Cultural"},"image":{"@id":"https:\/\/www.aparences.net\/es\/#\/schema\/logo\/image\/"}},{"@type":"Person","@id":"https:\/\/www.aparences.net\/es\/#\/schema\/person\/af349f6ffc31b16c68963e61268afca5","name":"admin","url":"https:\/\/www.aparences.net\/es\/author\/admin\/"}]}},"_links":{"self":[{"href":"https:\/\/www.aparences.net\/es\/wp-json\/wp\/v2\/posts\/13372","targetHints":{"allow":["GET"]}}],"collection":[{"href":"https:\/\/www.aparences.net\/es\/wp-json\/wp\/v2\/posts"}],"about":[{"href":"https:\/\/www.aparences.net\/es\/wp-json\/wp\/v2\/types\/post"}],"author":[{"embeddable":true,"href":"https:\/\/www.aparences.net\/es\/wp-json\/wp\/v2\/users\/2"}],"replies":[{"embeddable":true,"href":"https:\/\/www.aparences.net\/es\/wp-json\/wp\/v2\/comments?post=13372"}],"version-history":[{"count":0,"href":"https:\/\/www.aparences.net\/es\/wp-json\/wp\/v2\/posts\/13372\/revisions"}],"wp:featuredmedia":[{"embeddable":true,"href":"https:\/\/www.aparences.net\/es\/wp-json\/wp\/v2\/media\/26532"}],"wp:attachment":[{"href":"https:\/\/www.aparences.net\/es\/wp-json\/wp\/v2\/media?parent=13372"}],"wp:term":[{"taxonomy":"category","embeddable":true,"href":"https:\/\/www.aparences.net\/es\/wp-json\/wp\/v2\/categories?post=13372"},{"taxonomy":"post_tag","embeddable":true,"href":"https:\/\/www.aparences.net\/es\/wp-json\/wp\/v2\/tags?post=13372"}],"curies":[{"name":"wp","href":"https:\/\/api.w.org\/{rel}","templated":true}]}}