{"id":13389,"date":"2012-11-21T11:58:42","date_gmt":"2012-11-21T10:58:42","guid":{"rendered":"https:\/\/www.aparences.net\/periodes\/romantisme\/theodore-gericault\/"},"modified":"2025-12-11T19:40:56","modified_gmt":"2025-12-11T18:40:56","slug":"theodore-gericault-2","status":"publish","type":"post","link":"https:\/\/www.aparences.net\/es\/periodos\/romanticismo\/theodore-gericault-2\/","title":{"rendered":"Th\u00e9odore G\u00e9ricault"},"content":{"rendered":"<p><!--contents--><\/p>\n\n\n<h2 class=\"wp-block-heading\">La pintura de G\u00e9ricault<\/h2>\n\n\n\n<p><strong>Th\u00e9odore G\u00e9ricault<\/strong> (Rouen 1791 \u2013 Par\u00eds 1824), se form\u00f3 en Par\u00eds en los talleres de <strong>Carl Vernet<\/strong> (1808) y <strong>Pierre Gu\u00e9rin<\/strong> (1810). Para completar su formaci\u00f3n art\u00edstica copia las obras de <a title=\"Rubens\" href=\"https:\/\/www.aparences.net\/es\/periodos\/pintura-barroca\/flandes-bajo-la-sombra-de-rubens\/\">Rubens<\/a> y de <a href=\"https:\/\/www.aparences.net\/es\/periodos\/pintura-barroca\/caravaggio-y-el-caravaggismo\/\" data-type=\"link\" data-id=\"https:\/\/www.aparences.net\/es\/periodos\/pintura-barroca\/caravaggio-y-el-caravaggismo\/\">Caravaggio<\/a> en el Louvre y presenta en el Sal\u00f3n de 1812, su primera gran obra <em>Oficial de cazadores a la carga<\/em> una inusual escena de batalla que le vali\u00f3 un \u00e9xito inmediato. G\u00e9ricault emprende un viaje a Italia (1816-17), visitando Florencia y Roma donde descubre las obras de <a title=\"Miguel \u00c1ngel\" href=\"https:\/\/www.aparences.net\/es\/arte-y-mecenazgo\/los-fresquistas-florentinos\/miguel-angel-frescos-de-la-sixtina\/\">Miguel \u00c1ngel<\/a> y <a title=\"Caravaggio\" href=\"https:\/\/www.aparences.net\/es\/periodos\/pintura-barroca\/caravaggio-y-el-caravaggismo\/\">Caravaggio<\/a>. All\u00ed siente aun m\u00e1s la necesidad de ignorar la armon\u00eda y el equilibrio formal que hab\u00eda aprendido para expresar de forma brutal la energ\u00eda de sus sentimientos. En 1818, emprende una gran composici\u00f3n sobre un suceso contempor\u00e1neo, el hundimiento del barco franc\u00e9s \u00abLa Medusa\u00bb. Esta escena de desesperaci\u00f3n, lucha y dolor de unos hombres api\u00f1ados sobre una balsa de fortuna, suscit\u00f3 pasiones, tanto en Francia como en el extranjero (en 1820-1821 viaja a Inglaterra donde se entusiasm\u00f3 con la pintura de los <strong>paisajistas rom\u00e1nticos<\/strong> <a title=\"Constable y Turner\" href=\"https:\/\/www.aparences.net\/es\/periodos\/romanticismo\/los-paisajistas-romanticos\/\">Constable y Turner<\/a>). En sus retratos de locos o man\u00edacos, G\u00e9ricault expresa de manera magistral el tormento ps\u00edquico. Con el cuadro <em><strong>Coracero herido saliendo del fuego<\/strong><\/em> de 1814, ilustra la desesperaci\u00f3n que se apoder\u00f3 de toda una generaci\u00f3n a la ca\u00edda del Imperio. Fascinado por la fuerza y fogosidad del caballo, utiliz\u00f3 su valor expresivo para dar mayor relieve a la imagen de la derrota.<\/p>\n\n\n<div class=\"wp-block-image\">\n<figure class=\"aligncenter\"><img decoding=\"async\" src=\"https:\/\/www.aparences.net\/wp-content\/uploads\/2012\/11\/gericault-cuirassier.jpg\" alt=\"Coracero herido saliendo del fuego, 1814, Th\u00e9odore G\u00e9ricault\" title=\"Coracero herido saliendo del fuego, 1814, Th\u00e9odore G\u00e9ricault\"\/><figcaption class=\"wp-element-caption\"><em><strong>Coracero herido saliendo del fuego<\/strong>, 1814, <strong>Th\u00e9odore G\u00e9ricault<\/strong>, (Par\u00eds, Museo del Louvre)<\/em><\/figcaption><\/figure>\n<\/div>\n\n\n<p><strong>La obra de G\u00e9ricault<\/strong>, interrumpida de forma brutal por su muerte prematura, llevaba consigo las grandes tendencias que iban a atravesar toda la primera mitad del siglo XIX: el culto a la gran tradici\u00f3n cl\u00e1sica reinterpretada en un sentido contempor\u00e1neo, el dinamismo de la forma que corresponde al imaginario rom\u00e1ntico, y el inter\u00e9s por la actualidad de <a href=\"https:\/\/www.aparences.net\/es\/periodos\/el-realismo\/\" data-type=\"link\" data-id=\"https:\/\/www.aparences.net\/es\/periodos\/el-realismo\/\">los realistas<\/a>. Pintor de la fuerza controlada, adepto de la composici\u00f3n \u00aben friso\u00bb, <strong>G\u00e9ricault<\/strong> pinta en Roma cinco esbozos neocl\u00e1sicos de una carrera de caballos en el Corso (conocido como el <em>Corso dei Barberi<\/em>), durante el carnaval. <strong>G\u00e9ricault<\/strong>, que era un gran aficionado a los caballos, y sent\u00eda fascinaci\u00f3n por esta fiesta, sobrepasa el car\u00e1cter pintoresco y lo convierte en un s\u00edmbolo de la lucha del hombre contra la naturaleza y una alegor\u00eda pol\u00edtica del pueblo que busca liberarse de sus yugos. En el cuadro del museo Thyssen <em><strong>Carrera libre de caballos<\/strong><\/em>, el pintor presenta una de las fases finales de la exhibici\u00f3n, donde un joven vestido a la manera tradicional romana, pasea al caballo vencedor.<\/p>\n\n\n<div class=\"wp-block-image\">\n<figure class=\"aligncenter\"><img decoding=\"async\" src=\"https:\/\/www.aparences.net\/wp-content\/uploads\/2012\/11\/gericault-course-rome.jpg\" alt=\"Carrera libre de caballos en Roma, 1817, Th\u00e9odore G\u00e9ricault\" title=\"Carrera libre de caballos en Roma, 1817, Th\u00e9odore G\u00e9ricault\"\/><figcaption class=\"wp-element-caption\"><em><strong>Carrera libre de caballos en Roma<\/strong>, 1817, <strong>Th\u00e9odore G\u00e9ricault<\/strong> (Par\u00eds, Museo del Louvre)<\/em><\/figcaption><\/figure>\n<\/div>\n\n<div class=\"wp-block-image\">\n<figure class=\"aligncenter\"><img decoding=\"async\" src=\"https:\/\/www.aparences.net\/wp-content\/uploads\/2012\/11\/gericault-course-chevaux.jpg\" alt=\"Carrera libre de caballos, hacia 1817, Th\u00e9odore G\u00e9ricault\" title=\"Carrera libre de caballos, hacia 1817, Th\u00e9odore G\u00e9ricault\"\/><figcaption class=\"wp-element-caption\"><em><strong>Carrera libre de caballos<\/strong>, hacia 1817, <strong>Th\u00e9odore G\u00e9ricault<\/strong> (Madrid, Museo Thyssen)<\/em><\/figcaption><\/figure>\n<\/div>\n\n\n<!-- AdBoxRight2020 --><ins class=\"adsbygoogle\"     style=\"display:block; margin-top:30px;\"     data-ad-client=\"ca-pub-2468002815867636\"     data-ad-slot=\"3496014735\"     data-ad-format=\"auto\"     data-full-width-responsive=\"false\"><\/ins><script> (adsbygoogle = window.adsbygoogle || []).push({});<\/script><h2 class=\"wp-block-heading\">Un icono del romanticismo<\/h2>\n\n\n\n<p>Artista de la desesperaci\u00f3n y del sufrimiento, <strong>G\u00e9ricault<\/strong> pinta escenas encendidas con el fuego p\u00farpura de las batallas o la sangre roja de los dramas. En el cuadro <em><strong>La balsa de la Medusa<\/strong>,<\/em> al mostrar la exasperaci\u00f3n enajenada de los supervivientes del naufragio de la fragata francesa \u00abLa Medusa\u00bb, ocurrido el 5 de julio de 1816 ante las costas de Mauritania, <strong>G\u00e9ricault<\/strong> rompe con el <a title=\"neoclasicismo\" href=\"https:\/\/www.aparences.net\/es\/periodos\/neoclasicismo\/el-estilo-neoclasico\/\">neoclasicismo<\/a> y escribe una nueva p\u00e1gina de la <strong>pintura de historia<\/strong>. El gran claroscuro que rompe con la luz racional de las composiciones de <a href=\"https:\/\/www.aparences.net\/es\/periodos\/neoclasicismo\/jacques-louis-david\/\" data-type=\"link\" data-id=\"https:\/\/www.aparences.net\/es\/periodos\/neoclasicismo\/jacques-louis-david\/\">David<\/a>, da a la escena este clima l\u00f3brego y dram\u00e1tico. En 1819, <a href=\"https:\/\/www.aparences.net\/es\/periodos\/romanticismo\/eugene-delacroix\/\">Delacroix<\/a> fue fuertemente impresionado por el cuadro, para el cual hab\u00eda posado para la espalda del personaje que en el primer plano se agarra a una traviesa. La composici\u00f3n discontinua, la separaci\u00f3n estricta de los registros, la yuxtaposici\u00f3n abrupta de las figuras aisladas se encuentra en <a href=\"https:\/\/www.aparences.net\/es\/periodos\/romanticismo\/eugene-delacroix\/\"><em>Dante y Virgilio en los Infiernos<\/em><\/a> de 1822. Al conocer la muerte de su casi amigo, <strong>Delacroix <\/strong>citaba a <strong>Miguel \u00c1ngel<\/strong>: \u00abLLega ya el curso de la vida m\u00eda, por agitado mar, en fragil barca\u00bb.<\/p>\n\n\n<div class=\"wp-block-image\">\n<figure class=\"aligncenter\"><img decoding=\"async\" src=\"https:\/\/www.aparences.net\/wp-content\/uploads\/2012\/11\/gericault-radeau.jpg\" alt=\"La balsa de la Medusa, 1818-1819, G\u00e9ricault\" title=\"La balsa de la Medusa, 1818-1819, G\u00e9ricault\"\/><figcaption class=\"wp-element-caption\"><em><strong>La balsa de la Medusa<\/strong>, 1818-1819, <strong>Th\u00e9odore G\u00e9ricault<\/strong> (Par\u00eds, Museo del Louvre)<\/em><\/figcaption><\/figure>\n<\/div>\n\n\n<p><em>Cerca de 150 personas subieron a una balsa construida con los restos de la fragata navegando a la deriva en condiciones espantosas; solo sobrevivieron quince n\u00e1ufragos. Impresionado por este episodio dram\u00e1tico, que parece una met\u00e1fora de la ca\u00edda desastrosa de Napole\u00f3n, G\u00e9ricault realiza un cuadro de dimensiones considerables y de una gran fuerza evocadora.<br><\/em><\/p>\n\n\n\n<p>Seg\u00fan <strong>Arnold Scheffer<\/strong>, <em><strong>La balsa de la Medusa<\/strong><\/em> de <strong>G\u00e9ricault<\/strong> hab\u00eda simbolizado \u00abel comienzo de la nueva escuela\u00bb: lo sublime se convert\u00eda en una alternativa al ideal de belleza, en el contexto de una pintura de historia contempor\u00e1nea tratada a escala monumental; la calidad de la representaci\u00f3n ya no se med\u00eda solamente con el concepto de perfecci\u00f3n formal, sino con el de grandeza y fuerza. El desnudo masculino, piedra de toque de este g\u00e9nero desde <a href=\"https:\/\/www.aparences.net\/es\/periodos\/neoclasicismo\/jacques-louis-david\/\" data-type=\"link\" data-id=\"https:\/\/www.aparences.net\/es\/periodos\/neoclasicismo\/jacques-louis-david\/\">David<\/a>, encontraba a partir de ahora un nuevo sentido pol\u00edtico; el hero\u00edsmo de las potentes musculaturas inspiradas de <a title=\"Miguel \u00c1ngel\" href=\"https:\/\/www.aparences.net\/es\/arte-y-mecenazgo\/los-fresquistas-florentinos\/miguel-angel-frescos-de-la-sixtina\/\">Miguel \u00c1ngel<\/a> serv\u00edan todav\u00eda de modelo a pesar de la verosimilitud de los cuerpos consumidos por un largo ayuno.<\/p>\n\n\n<div class=\"wp-block-image\">\n<figure class=\"aligncenter\"><img decoding=\"async\" src=\"https:\/\/www.aparences.net\/wp-content\/uploads\/2012\/11\/gericault-esquisse-radeau.jpg\" alt=\"Boceto para La balsa de la Medusa, 1818, Th\u00e9odore G\u00e9ricault\" title=\"Boceto para La balsa de la Medusa, 1818, Th\u00e9odore G\u00e9ricault\"\/><figcaption class=\"wp-element-caption\"><em><strong>Boceto para La balsa de la Medusa<\/strong>, 1818, <strong>Th\u00e9odore G\u00e9ricault<\/strong> <\/em><br><em>(Par\u00eds, Museo del Louvre) <\/em><\/figcaption><\/figure>\n<\/div>\n\n\n<p><em>La mayor\u00eda de pasajeros hab\u00eda perecido ya en el momento elegido por el pintor para abordar la tragedia: la sed, el hambre y el miedo hab\u00edan provocado motines y terribles episodios de enajenaci\u00f3n y canibalismo.<br><\/em><\/p>\n\n\n\n<!-- AdBoxLeft2023 --><ins class=\"adsbygoogle\" style=\"display:block\" data-ad-client=\"ca-pub-2468002815867636\" data-ad-slot=\"1318022963\" data-ad-format=\"auto\" data-full-width-responsive=\"true\"><\/ins><script> (adsbygoogle = window.adsbygoogle || []).push({});<\/script><h2 class=\"wp-block-heading\">El realismo de G\u00e9ricault<\/h2>\n\n\n\n<p><strong>G\u00e9ricault<\/strong> nos ha dejado una serie de inquietantes estudios de enajenados, y sus <strong>retratos de monoman\u00edacos<\/strong>, que tal vez fueron pintados para el doctor Georget del Hospital de la Salp\u00eatri\u00e8re de Par\u00eds. En ellos se manifiesta el inter\u00e9s del artista por las \u00faltimas teor\u00edas psiqui\u00e1tricas,y, partiendo de una <strong>observaci\u00f3n realista<\/strong> del individuo, sumergirse en los abismos del alma. En su galer\u00eda de personajes, identificables por los s\u00edntomas de sus patolog\u00edas, propone una interpretaci\u00f3n in\u00e9dita del retrato, donde el modelo, an\u00f3nimo, ya no es representado en una situaci\u00f3n que lo valoriza o lo individualiza, sino como un individuo que manifiesta la lucha de la voluntad contra la locura. Con <strong><em>El horno del yeso<\/em> <\/strong>o <em>El mercado de bueyes<\/em>, G\u00e9ricault pinta la realidad cotidiana. Sus litograf\u00edas \u2013 <a href=\"https:\/\/www.aparences.net\/es\/periodos\/la-escena-de-genero-del-siglo-xviii\/william-hogarth\/\">escenas de g\u00e9nero inglesas<\/a>, temas ecuestres, ilustraciones de <a href=\"https:\/\/www.biografiasyvidas.com\/biografia\/b\/byron.htm\">Byron<\/a> \u2013 lo muestran como un atento observador y dispuesto a adoptar esta nueva t\u00e9cnica en la estampa recientemente introducida en Francia.<\/p>\n\n\n<div class=\"wp-block-image\">\n<figure class=\"aligncenter\"><img decoding=\"async\" src=\"https:\/\/www.aparences.net\/wp-content\/uploads\/2012\/11\/gericault-monomane.jpg\" alt=\"La monomaniaca de la envidia, 1821-1824, Th\u00e9odore G\u00e9ricault\" title=\"La monomaniaca de la envidia, 1821-1824, Th\u00e9odore G\u00e9ricault\"\/><figcaption class=\"wp-element-caption\"><em><strong>La monomaniaca de la envidia<\/strong>, llamada tambi\u00e9n La Hiena de la Salp\u00eatri\u00e8re, hacia 1821-1824, <strong>Th\u00e9odore G\u00e9ricault<\/strong> (Lyon, Museo de Bellas Artes)<\/em><\/figcaption><\/figure>\n<\/div>\n\n<div class=\"wp-block-image\">\n<figure class=\"aligncenter\"><img decoding=\"async\" src=\"https:\/\/www.aparences.net\/wp-content\/uploads\/2012\/11\/gericault-four-platre.jpg\" alt=\"El horno del yeso, hacia 1824, Th\u00e9odore G\u00e9ricault\" title=\"El horno del yeso, hacia 1824, Th\u00e9odore G\u00e9ricault\"\/><figcaption class=\"wp-element-caption\"><em><strong>El horno del yeso<\/strong>, hacia 1824, <strong>Th\u00e9odore G\u00e9ricault<\/strong> (Par\u00eds, Museo del Louvre)<\/em><\/figcaption><\/figure>\n<\/div>\n\n<div class=\"wp-block-image\">\n<figure class=\"aligncenter\"><img decoding=\"async\" src=\"https:\/\/www.aparences.net\/wp-content\/uploads\/2012\/11\/gericault-lithographie.jpg\" alt=\"La mujer paral\u00edtica, 1821, Th\u00e9odore G\u00e9ricault\" title=\"La mujer paral\u00edtica, 1821, Th\u00e9odore G\u00e9ricault\"\/><figcaption class=\"wp-element-caption\"><em><strong>La mujer paral\u00edtica<\/strong>, 1821, <strong>Th\u00e9odore G\u00e9ricault<\/strong> (Chicago, Art Institute)<\/em><\/figcaption><\/figure>\n<\/div>","protected":false},"excerpt":{"rendered":"<p>La obra de G\u00e9ricault, interrumpida de forma brutal por su muerte prematura, llevaba consigo las grandes tendencias que iban a atravesar toda la primera mitad del siglo XIX.<\/p>\n","protected":false},"author":2,"featured_media":26512,"comment_status":"closed","ping_status":"closed","sticky":false,"template":"","format":"standard","meta":{"footnotes":""},"categories":[2924],"tags":[3982,3975,3950,3981],"class_list":["post-13389","post","type-post","status-publish","format-standard","has-post-thumbnail","hentry","category-romanticismo","tag-la-balsa-de-la-medusa","tag-pintor-romantico","tag-romanticismo","tag-theodore-gericault-2"],"yoast_head":"<!-- This site is optimized with the Yoast SEO plugin v27.2 - https:\/\/yoast.com\/product\/yoast-seo-wordpress\/ -->\n<title>Th\u00e9odore G\u00e9ricault<\/title>\n<meta name=\"description\" content=\"La obra de G\u00e9ricault, interrumpida de forma brutal por su muerte prematura, llevaba consigo las grandes tendencias que iban a atravesar toda la primera mitad del siglo XIX.\" \/>\n<meta name=\"robots\" content=\"index, follow, max-snippet:-1, max-image-preview:large, max-video-preview:-1\" \/>\n<link rel=\"canonical\" href=\"https:\/\/www.aparences.net\/es\/periodos\/romanticismo\/theodore-gericault\/\" \/>\n<meta property=\"og:locale\" content=\"es_ES\" \/>\n<meta property=\"og:type\" content=\"article\" \/>\n<meta property=\"og:title\" content=\"Th\u00e9odore G\u00e9ricault\" \/>\n<meta property=\"og:description\" content=\"La obra de G\u00e9ricault, interrumpida de forma brutal por su muerte prematura, llevaba consigo las grandes tendencias que iban a atravesar toda la primera mitad del siglo XIX.\" \/>\n<meta property=\"og:url\" content=\"https:\/\/www.aparences.net\/es\/periodos\/romanticismo\/theodore-gericault\/\" \/>\n<meta property=\"og:site_name\" content=\"Aparences\" \/>\n<meta property=\"article:published_time\" content=\"2012-11-21T10:58:42+00:00\" \/>\n<meta property=\"article:modified_time\" content=\"2025-12-11T18:40:56+00:00\" \/>\n<meta property=\"og:image\" content=\"https:\/\/www.aparences.net\/wp-content\/uploads\/2012\/11\/theodore-gericault-1.jpg\" \/>\n\t<meta property=\"og:image:width\" content=\"1080\" \/>\n\t<meta property=\"og:image:height\" content=\"545\" \/>\n\t<meta property=\"og:image:type\" content=\"image\/jpeg\" \/>\n<meta name=\"author\" content=\"admin\" \/>\n<meta name=\"twitter:card\" content=\"summary_large_image\" \/>\n<meta name=\"twitter:label1\" content=\"Escrito por\" \/>\n\t<meta name=\"twitter:data1\" content=\"admin\" \/>\n\t<meta name=\"twitter:label2\" content=\"Tiempo de lectura\" \/>\n\t<meta name=\"twitter:data2\" content=\"7 minutos\" \/>\n<script type=\"application\/ld+json\" class=\"yoast-schema-graph\">{\"@context\":\"https:\/\/schema.org\",\"@graph\":[{\"@type\":\"Article\",\"@id\":\"https:\/\/www.aparences.net\/es\/periodos\/romanticismo\/theodore-gericault\/#article\",\"isPartOf\":{\"@id\":\"https:\/\/www.aparences.net\/es\/periodos\/romanticismo\/theodore-gericault\/\"},\"author\":{\"name\":\"admin\",\"@id\":\"https:\/\/www.aparences.net\/es\/#\/schema\/person\/af349f6ffc31b16c68963e61268afca5\"},\"headline\":\"Th\u00e9odore G\u00e9ricault\",\"datePublished\":\"2012-11-21T10:58:42+00:00\",\"dateModified\":\"2025-12-11T18:40:56+00:00\",\"mainEntityOfPage\":{\"@id\":\"https:\/\/www.aparences.net\/es\/periodos\/romanticismo\/theodore-gericault\/\"},\"wordCount\":1171,\"publisher\":{\"@id\":\"https:\/\/www.aparences.net\/es\/#organization\"},\"image\":{\"@id\":\"https:\/\/www.aparences.net\/es\/periodos\/romanticismo\/theodore-gericault\/#primaryimage\"},\"thumbnailUrl\":\"https:\/\/www.aparences.net\/wp-content\/uploads\/2012\/11\/theodore-gericault-1.jpg\",\"keywords\":[\"La balsa de la Medusa\",\"pintor rom\u00e1ntico\",\"romanticismo\",\"Th\u00e9odore G\u00e9ricault\"],\"articleSection\":[\"Romanticismo\"],\"inLanguage\":\"es\"},{\"@type\":[\"WebPage\",\"ItemPage\"],\"@id\":\"https:\/\/www.aparences.net\/es\/periodos\/romanticismo\/theodore-gericault\/\",\"url\":\"https:\/\/www.aparences.net\/es\/periodos\/romanticismo\/theodore-gericault\/\",\"name\":\"Th\u00e9odore G\u00e9ricault\",\"isPartOf\":{\"@id\":\"https:\/\/www.aparences.net\/es\/#website\"},\"primaryImageOfPage\":{\"@id\":\"https:\/\/www.aparences.net\/es\/periodos\/romanticismo\/theodore-gericault\/#primaryimage\"},\"image\":{\"@id\":\"https:\/\/www.aparences.net\/es\/periodos\/romanticismo\/theodore-gericault\/#primaryimage\"},\"thumbnailUrl\":\"https:\/\/www.aparences.net\/wp-content\/uploads\/2012\/11\/theodore-gericault-1.jpg\",\"datePublished\":\"2012-11-21T10:58:42+00:00\",\"dateModified\":\"2025-12-11T18:40:56+00:00\",\"description\":\"La obra de G\u00e9ricault, interrumpida de forma brutal por su muerte prematura, llevaba consigo las grandes tendencias que iban a atravesar toda la primera mitad del siglo XIX.\",\"breadcrumb\":{\"@id\":\"https:\/\/www.aparences.net\/es\/periodos\/romanticismo\/theodore-gericault\/#breadcrumb\"},\"inLanguage\":\"es\",\"potentialAction\":[{\"@type\":\"ReadAction\",\"target\":[\"https:\/\/www.aparences.net\/es\/periodos\/romanticismo\/theodore-gericault\/\"]}]},{\"@type\":\"ImageObject\",\"inLanguage\":\"es\",\"@id\":\"https:\/\/www.aparences.net\/es\/periodos\/romanticismo\/theodore-gericault\/#primaryimage\",\"url\":\"https:\/\/www.aparences.net\/wp-content\/uploads\/2012\/11\/theodore-gericault-1.jpg\",\"contentUrl\":\"https:\/\/www.aparences.net\/wp-content\/uploads\/2012\/11\/theodore-gericault-1.jpg\",\"width\":1080,\"height\":545},{\"@type\":\"BreadcrumbList\",\"@id\":\"https:\/\/www.aparences.net\/es\/periodos\/romanticismo\/theodore-gericault\/#breadcrumb\",\"itemListElement\":[{\"@type\":\"ListItem\",\"position\":1,\"name\":\"Portada\",\"item\":\"https:\/\/www.aparences.net\/es\/\"},{\"@type\":\"ListItem\",\"position\":2,\"name\":\"Th\u00e9odore G\u00e9ricault\"}]},{\"@type\":\"WebSite\",\"@id\":\"https:\/\/www.aparences.net\/es\/#website\",\"url\":\"https:\/\/www.aparences.net\/es\/\",\"name\":\"Aparences: Historia del Arte y Actualidad Cultural\",\"description\":\"\",\"publisher\":{\"@id\":\"https:\/\/www.aparences.net\/es\/#organization\"},\"potentialAction\":[{\"@type\":\"SearchAction\",\"target\":{\"@type\":\"EntryPoint\",\"urlTemplate\":\"https:\/\/www.aparences.net\/es\/?s={search_term_string}\"},\"query-input\":{\"@type\":\"PropertyValueSpecification\",\"valueRequired\":true,\"valueName\":\"search_term_string\"}}],\"inLanguage\":\"es\"},{\"@type\":\"Organization\",\"@id\":\"https:\/\/www.aparences.net\/es\/#organization\",\"name\":\"Aparences: Historia del Arte y Actualidad Cultural\",\"url\":\"https:\/\/www.aparences.net\/es\/\",\"logo\":{\"@type\":\"ImageObject\",\"inLanguage\":\"es\",\"@id\":\"https:\/\/www.aparences.net\/es\/#\/schema\/logo\/image\/\",\"url\":\"https:\/\/www.aparences.net\/wp-content\/uploads\/2023\/09\/logo-quadrat-color-e1695915315229.png\",\"contentUrl\":\"https:\/\/www.aparences.net\/wp-content\/uploads\/2023\/09\/logo-quadrat-color-e1695915315229.png\",\"width\":120,\"height\":120,\"caption\":\"Aparences: Historia del Arte y Actualidad Cultural\"},\"image\":{\"@id\":\"https:\/\/www.aparences.net\/es\/#\/schema\/logo\/image\/\"}},{\"@type\":\"Person\",\"@id\":\"https:\/\/www.aparences.net\/es\/#\/schema\/person\/af349f6ffc31b16c68963e61268afca5\",\"name\":\"admin\",\"url\":\"https:\/\/www.aparences.net\/es\/author\/admin\/\"}]}<\/script>\n<!-- \/ Yoast SEO plugin. -->","yoast_head_json":{"title":"Th\u00e9odore G\u00e9ricault","description":"La obra de G\u00e9ricault, interrumpida de forma brutal por su muerte prematura, llevaba consigo las grandes tendencias que iban a atravesar toda la primera mitad del siglo XIX.","robots":{"index":"index","follow":"follow","max-snippet":"max-snippet:-1","max-image-preview":"max-image-preview:large","max-video-preview":"max-video-preview:-1"},"canonical":"https:\/\/www.aparences.net\/es\/periodos\/romanticismo\/theodore-gericault\/","og_locale":"es_ES","og_type":"article","og_title":"Th\u00e9odore G\u00e9ricault","og_description":"La obra de G\u00e9ricault, interrumpida de forma brutal por su muerte prematura, llevaba consigo las grandes tendencias que iban a atravesar toda la primera mitad del siglo XIX.","og_url":"https:\/\/www.aparences.net\/es\/periodos\/romanticismo\/theodore-gericault\/","og_site_name":"Aparences","article_published_time":"2012-11-21T10:58:42+00:00","article_modified_time":"2025-12-11T18:40:56+00:00","og_image":[{"width":1080,"height":545,"url":"https:\/\/www.aparences.net\/wp-content\/uploads\/2012\/11\/theodore-gericault-1.jpg","type":"image\/jpeg"}],"author":"admin","twitter_card":"summary_large_image","twitter_misc":{"Escrito por":"admin","Tiempo de lectura":"7 minutos"},"schema":{"@context":"https:\/\/schema.org","@graph":[{"@type":"Article","@id":"https:\/\/www.aparences.net\/es\/periodos\/romanticismo\/theodore-gericault\/#article","isPartOf":{"@id":"https:\/\/www.aparences.net\/es\/periodos\/romanticismo\/theodore-gericault\/"},"author":{"name":"admin","@id":"https:\/\/www.aparences.net\/es\/#\/schema\/person\/af349f6ffc31b16c68963e61268afca5"},"headline":"Th\u00e9odore G\u00e9ricault","datePublished":"2012-11-21T10:58:42+00:00","dateModified":"2025-12-11T18:40:56+00:00","mainEntityOfPage":{"@id":"https:\/\/www.aparences.net\/es\/periodos\/romanticismo\/theodore-gericault\/"},"wordCount":1171,"publisher":{"@id":"https:\/\/www.aparences.net\/es\/#organization"},"image":{"@id":"https:\/\/www.aparences.net\/es\/periodos\/romanticismo\/theodore-gericault\/#primaryimage"},"thumbnailUrl":"https:\/\/www.aparences.net\/wp-content\/uploads\/2012\/11\/theodore-gericault-1.jpg","keywords":["La balsa de la Medusa","pintor rom\u00e1ntico","romanticismo","Th\u00e9odore G\u00e9ricault"],"articleSection":["Romanticismo"],"inLanguage":"es"},{"@type":["WebPage","ItemPage"],"@id":"https:\/\/www.aparences.net\/es\/periodos\/romanticismo\/theodore-gericault\/","url":"https:\/\/www.aparences.net\/es\/periodos\/romanticismo\/theodore-gericault\/","name":"Th\u00e9odore G\u00e9ricault","isPartOf":{"@id":"https:\/\/www.aparences.net\/es\/#website"},"primaryImageOfPage":{"@id":"https:\/\/www.aparences.net\/es\/periodos\/romanticismo\/theodore-gericault\/#primaryimage"},"image":{"@id":"https:\/\/www.aparences.net\/es\/periodos\/romanticismo\/theodore-gericault\/#primaryimage"},"thumbnailUrl":"https:\/\/www.aparences.net\/wp-content\/uploads\/2012\/11\/theodore-gericault-1.jpg","datePublished":"2012-11-21T10:58:42+00:00","dateModified":"2025-12-11T18:40:56+00:00","description":"La obra de G\u00e9ricault, interrumpida de forma brutal por su muerte prematura, llevaba consigo las grandes tendencias que iban a atravesar toda la primera mitad del siglo XIX.","breadcrumb":{"@id":"https:\/\/www.aparences.net\/es\/periodos\/romanticismo\/theodore-gericault\/#breadcrumb"},"inLanguage":"es","potentialAction":[{"@type":"ReadAction","target":["https:\/\/www.aparences.net\/es\/periodos\/romanticismo\/theodore-gericault\/"]}]},{"@type":"ImageObject","inLanguage":"es","@id":"https:\/\/www.aparences.net\/es\/periodos\/romanticismo\/theodore-gericault\/#primaryimage","url":"https:\/\/www.aparences.net\/wp-content\/uploads\/2012\/11\/theodore-gericault-1.jpg","contentUrl":"https:\/\/www.aparences.net\/wp-content\/uploads\/2012\/11\/theodore-gericault-1.jpg","width":1080,"height":545},{"@type":"BreadcrumbList","@id":"https:\/\/www.aparences.net\/es\/periodos\/romanticismo\/theodore-gericault\/#breadcrumb","itemListElement":[{"@type":"ListItem","position":1,"name":"Portada","item":"https:\/\/www.aparences.net\/es\/"},{"@type":"ListItem","position":2,"name":"Th\u00e9odore G\u00e9ricault"}]},{"@type":"WebSite","@id":"https:\/\/www.aparences.net\/es\/#website","url":"https:\/\/www.aparences.net\/es\/","name":"Aparences: Historia del Arte y Actualidad Cultural","description":"","publisher":{"@id":"https:\/\/www.aparences.net\/es\/#organization"},"potentialAction":[{"@type":"SearchAction","target":{"@type":"EntryPoint","urlTemplate":"https:\/\/www.aparences.net\/es\/?s={search_term_string}"},"query-input":{"@type":"PropertyValueSpecification","valueRequired":true,"valueName":"search_term_string"}}],"inLanguage":"es"},{"@type":"Organization","@id":"https:\/\/www.aparences.net\/es\/#organization","name":"Aparences: Historia del Arte y Actualidad Cultural","url":"https:\/\/www.aparences.net\/es\/","logo":{"@type":"ImageObject","inLanguage":"es","@id":"https:\/\/www.aparences.net\/es\/#\/schema\/logo\/image\/","url":"https:\/\/www.aparences.net\/wp-content\/uploads\/2023\/09\/logo-quadrat-color-e1695915315229.png","contentUrl":"https:\/\/www.aparences.net\/wp-content\/uploads\/2023\/09\/logo-quadrat-color-e1695915315229.png","width":120,"height":120,"caption":"Aparences: Historia del Arte y Actualidad Cultural"},"image":{"@id":"https:\/\/www.aparences.net\/es\/#\/schema\/logo\/image\/"}},{"@type":"Person","@id":"https:\/\/www.aparences.net\/es\/#\/schema\/person\/af349f6ffc31b16c68963e61268afca5","name":"admin","url":"https:\/\/www.aparences.net\/es\/author\/admin\/"}]}},"_links":{"self":[{"href":"https:\/\/www.aparences.net\/es\/wp-json\/wp\/v2\/posts\/13389","targetHints":{"allow":["GET"]}}],"collection":[{"href":"https:\/\/www.aparences.net\/es\/wp-json\/wp\/v2\/posts"}],"about":[{"href":"https:\/\/www.aparences.net\/es\/wp-json\/wp\/v2\/types\/post"}],"author":[{"embeddable":true,"href":"https:\/\/www.aparences.net\/es\/wp-json\/wp\/v2\/users\/2"}],"replies":[{"embeddable":true,"href":"https:\/\/www.aparences.net\/es\/wp-json\/wp\/v2\/comments?post=13389"}],"version-history":[{"count":0,"href":"https:\/\/www.aparences.net\/es\/wp-json\/wp\/v2\/posts\/13389\/revisions"}],"wp:featuredmedia":[{"embeddable":true,"href":"https:\/\/www.aparences.net\/es\/wp-json\/wp\/v2\/media\/26512"}],"wp:attachment":[{"href":"https:\/\/www.aparences.net\/es\/wp-json\/wp\/v2\/media?parent=13389"}],"wp:term":[{"taxonomy":"category","embeddable":true,"href":"https:\/\/www.aparences.net\/es\/wp-json\/wp\/v2\/categories?post=13389"},{"taxonomy":"post_tag","embeddable":true,"href":"https:\/\/www.aparences.net\/es\/wp-json\/wp\/v2\/tags?post=13389"}],"curies":[{"name":"wp","href":"https:\/\/api.w.org\/{rel}","templated":true}]}}