{"id":13395,"date":"2012-11-27T12:03:44","date_gmt":"2012-11-27T11:03:44","guid":{"rendered":"https:\/\/www.aparences.net\/periodes\/romantisme\/el-movimiento-romantico\/"},"modified":"2025-12-11T19:40:56","modified_gmt":"2025-12-11T18:40:56","slug":"el-movimiento-romantico","status":"publish","type":"post","link":"https:\/\/www.aparences.net\/es\/periodos\/romanticismo\/el-movimiento-romantico\/","title":{"rendered":"El movimiento rom\u00e1ntico"},"content":{"rendered":"<p><!--contents--><\/p>\n\n\n<h2 class=\"wp-block-heading\">El romanticismo: un estado de alma<\/h2>\n\n\n\n<p>El <strong>romanticismo<\/strong> no puede considerarse como un movimiento organizado. Es la necesidad del artista de expresar libremente sus sentimientos, un estado de alma que se difunde por toda Europa a comienzos del siglo XIX, y se desarrolla en oposici\u00f3n al <a title=\"neoclasicismo\" href=\"https:\/\/www.aparences.net\/es\/periodos\/neoclasicismo\/el-estilo-neoclasico\/\">neoclasicismo<\/a>. Se siente la necesidad de un regreso a la expresi\u00f3n de los sentimientos contenidos durante demasiado tiempo, primero por el \u00e9nfasis <a title=\"barroco\" href=\"https:\/\/www.aparences.net\/es\/periodos\/pintura-barroca\/\">barroco<\/a> y despu\u00e9s por las reglas neocl\u00e1sicas. Grupos de artistas y escritores, animados por ideales comunes, aunque con connotaciones locales muy afirmadas, act\u00faan de forma aut\u00f3noma en distintos pa\u00edses. Por medio de la pintura, los artistas dar\u00e1n libre curso a sus sentimientos, sus pasiones amorosas, sus miedos o su ardor patri\u00f3tico, de modo bien distinto, y, a veces, contradictorio. En Francia, <strong>el movimiento rom\u00e1ntico<\/strong> encuentra un grandioso int\u00e9rprete en <a href=\"https:\/\/www.aparences.net\/es\/periodos\/romanticismo\/eugene-delacroix\/\">Delacroix<\/a>. Dotado de una gran cultura figurativa, es el autor del manifiesto pict\u00f3rico del romanticismo <em><strong>La Libertad guiando al pueblo<\/strong><\/em>. En cambio, <a href=\"https:\/\/www.aparences.net\/es\/periodos\/romanticismo\/theodore-gericault\/\">G\u00e9ricault<\/a> en sus retratos de alienados, ofrece una imagen desencantada del ser humano en una situaci\u00f3n de marginaci\u00f3n, de soledad. Si <em>El naufragio de la Medusa<\/em> se considera el s\u00edmbolo de la ca\u00edda de Napole\u00f3n, los retratos de monoman\u00edacos son la met\u00e1fora del individuo prisionero de sus vicios.<\/p>\n\n\n<div class=\"wp-block-image\">\n<figure class=\"aligncenter\"><img decoding=\"async\" src=\"https:\/\/www.aparences.net\/wp-content\/uploads\/2012\/11\/delacroix-liberte.jpg\" alt=\"La Libertad guiando al pueblo, detalle, 1830, Eug\u00e8ne Delacroix\" title=\"La Libertad guiando al pueblo, detalle, 1830, Eug\u00e8ne Delacroix\"\/><figcaption class=\"wp-element-caption\"><em><strong>La Libertad guiando al pueblo<\/strong>, detalle, 1830, <strong>Eug\u00e8ne Delacroix<\/strong> <\/em><br><em>(Par\u00eds, Museo del Louvre) <\/em><\/figcaption><\/figure>\n<\/div>\n\n\n<p><em>Conmemorando la Revoluci\u00f3n de 1830 \u2013 que ocasion\u00f3 el derrocamiento de Carlos X, y la ascensi\u00f3n de Lu\u00eds Felipe con el apoyo de la burgues\u00eda, y una ampliaci\u00f3n significativa del derecho de voto -, Delacroix pone de relieve el apoyo popular que permiti\u00f3 a las clases altas acceder al poder. La hero\u00edna que representa Francia, libre de d\u00e9spotas, aparece medio desnuda llevando un gorro frigio (s\u00edmbolo de la Revoluci\u00f3n francesa), sostiene en lo alto la bandera y en la otra mano, un fusil. Fruto de una cultura heterog\u00e9nea, rom\u00e1ntica y literaria, la pintura es una singular mezcla de realismo y propaganda, de ret\u00f3rica y de estricta observaci\u00f3n de lo cotidiano.<br><\/em><\/p>\n\n\n\n<p>\u00abQue el color tenga un papel sumamente importante en el arte moderno, que tiene de asombroso? El <strong>Romanticismo<\/strong> es hijo del Norte, y el Norte es colorista; los sue\u00f1os y el mundo de las hadas son hijos de la bruma.\u00bb Charles Baudelaire<\/p>\n\n\n\n<p>El romanticismo ejerci\u00f3 una enorme influencia en la evoluci\u00f3n de la <a title=\"pintura de paisaje\" href=\"https:\/\/www.aparences.net\/es\/periodos\/romanticismo\/los-paisajistas-romanticos\/\">pintura de paisaje<\/a>, a menudo carente de figuras humanas y mostrando los fen\u00f3menos m\u00e1s dram\u00e1ticos y conmovedores de la naturaleza. Los artistas ingleses adhieren a la est\u00e9tica prerrom\u00e1ntica y rom\u00e1ntica, buscando lugares susceptibles de provocar emociones, recuerdos, sensaciones. La pintura de paisaje se afianza en Inglaterra donde se la considera como un verdadero \u00abestilo nacional\u00bb. Ello se debe a una serie de artistas de muy alto nivel que surgieron a partir de la estancia en Londres de <a title=\"Canaletto\" href=\"https:\/\/www.aparences.net\/es\/periodos\/rococo\/arquitecturas-pintadas\/\">Canaletto<\/a>, hasta llegar a la abundante y espl\u00e9ndida producci\u00f3n de <a title=\"Turner\" href=\"https:\/\/www.aparences.net\/es\/periodos\/romanticismo\/los-paisajistas-romanticos\/\">Turner<\/a>.<\/p>\n\n\n<div class=\"wp-block-image\">\n<figure class=\"aligncenter\"><img decoding=\"async\" src=\"https:\/\/www.aparences.net\/wp-content\/uploads\/2012\/11\/friedrich-lever-de-lune.jpg\" alt=\"Salida de la luna en el mar, 1822, Caspar David Friedrich\" title=\"Salida de la luna en el mar, 1822, Caspar David Friedrich, Berlin, Staatliche Museum\"\/><figcaption class=\"wp-element-caption\"><em><strong>Salida de la luna en el mar<\/strong>, 1822, <strong>Caspar David Friedrich<\/strong> (Berl\u00edn, Staatliche Museum)<\/em><\/figcaption><\/figure>\n<\/div>\n\n\n<p>Otros artistas expresan con m\u00e1s dramatismo esta actitud de exaltaci\u00f3n de la subjetividad, del instinto y de las emociones que caracteriza el movimiento rom\u00e1ntico en su conjunto. La obra de <a title=\"William Blake\" href=\"https:\/\/www.aparences.net\/es\/periodos\/rococo\/la-pintura-inglesa\/\">William Blake<\/a> es un ejemplo significativo. Artista insurgente, ligado a F\u00fcssli, encarna el pintor de los \u00e1ngeles rebeldes y de los poetas malditos. Manifestando un profundo recelo hacia el orden y la racionalidad del <a title=\"neoclasicismo\" href=\"https:\/\/www.aparences.net\/es\/periodos\/neoclasicismo\/\">neoclasicismo<\/a>, encarna la primera generaci\u00f3n del romanticismo.<\/p>\n\n\n<div class=\"wp-block-image\">\n<figure class=\"aligncenter\"><img decoding=\"async\" src=\"https:\/\/www.aparences.net\/wp-content\/uploads\/2012\/11\/blake-songs-of-innocence.jpg\" alt=\"Ilustraci\u00f3n del libro de William Blake \" title=\"Ilustraci\u00f3n del libro de William Blake \"\/><figcaption class=\"wp-element-caption\"><em><strong>Ilustraci\u00f3n del libro de William Blake <\/strong>\u00abCanciones de Inocencia y Experiencia\u00bb<\/em><\/figcaption><\/figure>\n<\/div>\n\n\n<p><strong>Lo fant\u00e1stico no es una invenci\u00f3n rom\u00e1ntica<\/strong>. A principios del <a title=\"periodo neocl\u00e1sico\" href=\"https:\/\/www.aparences.net\/es\/periodos\/neoclasicismo\/\">periodo neocl\u00e1sico<\/a>, <a title=\"Henry F\u00fcssli\" href=\"https:\/\/www.aparences.net\/es\/periodos\/rococo\/la-pintura-inglesa\/#johann-heinrich-f%C3%BCssli\">F\u00fcssli<\/a>, traductor de <a title=\"Winckelmann\" href=\"https:\/\/www.aparences.net\/es\/periodos\/neoclasicismo\/el-estilo-neoclasico\/#winckelmann-y-la-historia-del-arte\">Winckelmann<\/a>, pero tambi\u00e9n lector de <strong>Shakespeare<\/strong> y de <strong>Milton<\/strong>, enamorado de la obra de <a title=\"Miguel \u00c1ngel\" href=\"https:\/\/www.aparences.net\/es\/arte-y-mecenazgo\/los-fresquistas-florentinos\/miguel-angel-frescos-de-la-sixtina\/\">Miguel \u00c1ngel<\/a>, fue el autor de una obra muy original e intuitiva.<\/p>\n\n\n\n<p><strong>Los rom\u00e1nticos<\/strong> consideraban la m\u00fasica como un arte sublime, el que expresa las emociones, las aspiraciones, los ideales y las angustias del hombre. El piano alcanz\u00f3 su mayor difusi\u00f3n durante el siglo XIX gracias a numerosos compositores como <strong>Beethoven<\/strong>, <strong>Schubert<\/strong>, <strong>Schumann<\/strong>, <strong>Listz<\/strong> y <strong>Chopin<\/strong>.<\/p>\n\n\n<div class=\"wp-block-image\">\n<figure class=\"aligncenter\"><img decoding=\"async\" src=\"https:\/\/www.aparences.net\/wp-content\/uploads\/2012\/11\/siemiradzki-chopin.jpg\" alt=\"Chopin al piano, 1887, Hendrik Siemiradzki\" title=\"Chopin al piano, 1887, Hendrik Siemiradzki\"\/><figcaption class=\"wp-element-caption\"><em><em><strong>Chopin al piano<\/strong>, 1887, <strong>Hendrik Siemiradzki<\/strong> (Colecci\u00f3n privada)<\/em><\/em><\/figcaption><\/figure>\n<\/div>\n\n\n<p><em><em>El pr\u00edncipe polaco Radzwill invitaba a Chopin a sus recepciones en Par\u00eds y lo introdujo en la alta sociedad francesa, lo que favoreci\u00f3 su carrera profesional.<\/em><br><\/em><\/p>\n\n\n\n<!-- AdBoxRight2020 --><ins class=\"adsbygoogle\"     style=\"display:block; margin-top:30px;\"     data-ad-client=\"ca-pub-2468002815867636\"     data-ad-slot=\"3496014735\"     data-ad-format=\"auto\"     data-full-width-responsive=\"false\"><\/ins><script> (adsbygoogle = window.adsbygoogle || []).push({});<\/script><h2 class=\"wp-block-heading\">Los Salones de 1827-1828<\/h2>\n\n\n\n<p><strong>El Sal\u00f3n<\/strong> era una exposici\u00f3n de artistas contempor\u00e1neos, pintores, escultores y grabadores, que ten\u00eda lugar generalmente cada dos a\u00f1os. El v\u00ednculo indisoluble entre la exposici\u00f3n y el museo se reforz\u00f3 a partir de 1818 con la creaci\u00f3n de la primera galer\u00eda dedicada a artistas vivos, instalada en el Palacio de Luxemburgo. A finales de 1827 y a principios de 1828, la pintura rom\u00e1ntica triunf\u00f3 en el Sal\u00f3n. El cuadro <a href=\"https:\/\/www.aparences.net\/es\/periodos\/romanticismo\/eugene-delacroix\/\"><em>La muerte de Sardan\u00e1palo<\/em> de Delacroix<\/a> \u2013 el artista present\u00f3 doce cuadros -, colgado en el mes febrero, estaba rodeado de telas de j\u00f3venes pintores que el p\u00fablico identifica como rom\u00e1nticos: El joven Eug\u00e8ne Dev\u00e9ria, alumno de Girodet, promete mucho en la pintura con el monumental <em>Nacimiento de Enrique IV<\/em>, homenaje a <a title=\"Tiziano\" href=\"https:\/\/www.aparences.net\/es\/escuelas\/la-pintura-veneciana\/tiziano-vecellio-biografia\/\">Tiziano<\/a> y a <a title=\"Paolo Veronese\" href=\"https:\/\/www.aparences.net\/es\/escuelas\/la-pintura-veneciana\/paolo-veronese\/\">Veronese<\/a>. En 1827, debido al \u00e9xito de <em>La matanza de Qu\u00edos<\/em> de Delacroix, otro joven pintor, Ary Scheffer, presenta\u00a0 <em><strong>Mujeres Suliotas<\/strong><\/em><\/p>\n\n\n<div class=\"wp-block-image\">\n<figure class=\"aligncenter\"><img decoding=\"async\" src=\"https:\/\/www.aparences.net\/wp-content\/uploads\/2012\/11\/deveria-femmes-assises.jpg\" alt=\"Dos j\u00f3venes sentadas, 1827, Eug\u00e8ne Dev\u00e9ria\" title=\"Dos j\u00f3venes sentadas, 1827, Eug\u00e8ne Dev\u00e9ria\"\/><figcaption class=\"wp-element-caption\"><em><strong>Dos j\u00f3venes sentadas<\/strong>, 1827, <strong>Eug\u00e8ne Dev\u00e9ria<\/strong> (Par\u00eds, Museo del Louvre)<\/em><\/figcaption><\/figure>\n<\/div>\n\n<div class=\"wp-block-image\">\n<figure class=\"aligncenter\"><img decoding=\"async\" src=\"https:\/\/www.aparences.net\/wp-content\/uploads\/2012\/11\/scheffer-femmes-souliotes.jpg\" alt=\"Mujeres Suliotas, Sal\u00f3n de 1827, Ary Scheffer\" title=\"Mujeres Suliotas, Sal\u00f3n de 1827, Ary Scheffer, Par\u00eds, Museo del Louvre\"\/><figcaption class=\"wp-element-caption\"><em><strong>Mujeres Suliotas<\/strong>, Sal\u00f3n de 1827, <strong>Ary Scheffer<\/strong> (Par\u00eds, Museo del Louvre)<\/em><\/figcaption><\/figure>\n<\/div>\n\n\n<p><em>El cuadro muestra un grupo de mujeres a punto de precipitarse al vac\u00edo junto con sus hijos para evitar la esclavitud impuesta por los turcos.<br><\/em><\/p>\n\n\n\n<p><strong>Horace Vernet<\/strong> expuso en el Sal\u00f3n de 1827 el cuadro <em><strong>Mazeppa<\/strong><\/em>, basado en la historia de Ivan Mazzepa un joven oficial que sedujo a la bella esposa de un noble polaco; cuando el marido sorprendi\u00f3 a la pareja, castig\u00f3 a Mazeppa a cabalgar desnudo sobre un caballo salvaje. La pintura sedujo enseguida a los j\u00f3venes pintores que ve\u00edan en ella una alegor\u00eda de su propia situaci\u00f3n, su talento supeditado a reglas arcaicas que reflejaban una idea obsoleta de lo hermoso. El cuadro se basa en un poema \u00e9pico de Lord Byron, traducido al franc\u00e9s en 1819, poco despu\u00e9s de su publicaci\u00f3n.<\/p>\n\n\n<div class=\"wp-block-image\">\n<figure class=\"aligncenter\"><img decoding=\"async\" src=\"https:\/\/www.aparences.net\/wp-content\/uploads\/2012\/11\/vernet-mazeppa.jpg\" alt=\"Mazeppa, 1826, Horace Vernet\" title=\"Mazeppa, 1826, Horace Vernet\"\/><figcaption class=\"wp-element-caption\"><em><strong>Mazeppa<\/strong>, 1826, <strong>Horace Vernet <\/strong>(Bremen, Kunsthalle)<\/em><\/figcaption><\/figure>\n<\/div>\n\n\n<p>Los Salones de 1824 y de 1827 constituyeron la cumbre de lo que se ha llamado \u00abla batalla rom\u00e1ntica\u00bb que ir\u00e1 debilit\u00e1ndose progresivamente debido al triunfo de otros artistas m\u00e1s innovadores. Los j\u00f3venes pintores se dedicaron a representar temas violentos y dram\u00e1ticos, pero de una manera anticonvencional, amplia y en\u00e9rgica.<\/p>\n\n\n\n<h2 class=\"wp-block-heading\">Delaroche y los cuadros hist\u00f3ricos<\/h2>\n\n\n\n<p>Frente a los excesos del <strong>romanticismo<\/strong>, <strong>Paul Delaroche<\/strong> (Par\u00eds 1787-1856), supo llegar a un p\u00fablico m\u00e1s amplio utilizando asuntos sacados de <strong>acontecimientos hist\u00f3ricos dram\u00e1ticos<\/strong>. En sus cuadros asoci\u00f3 el tratamiento minucioso y detallista y un sentido de la dramatizaci\u00f3n, tomando el relevo de la pintura Trovador, pero con m\u00e1s ambici\u00f3n y amplitud. En 1827, con el gran cuadro <em>Muerte de Isabel, reina de Inglaterra<\/em>, suntuosa composici\u00f3n tratada con un realismo muy teatral, se impuso como el maestro de los cuadros hist\u00f3ricos. Durante la Monarqu\u00eda de Julio (1830-1848) sigui\u00f3 pintando obras dram\u00e1ticas y extremadamente c\u00e9lebres que fueron popularizadas mediante el grabado como <em><strong>Los hijos de Eduardo IV<\/strong><\/em> (1831) o el <em>Asesinato del duque de Guisa<\/em> (1835). Durante este periodo, <strong>Louis Boulanger<\/strong>, pintor favorito de <strong>Victor Hugo<\/strong>, se convierte en el retratista del Par\u00eds intelectual. Otros pintores de historia como <strong>Boulanger <\/strong>y <strong>Achille Dev\u00e9ria<\/strong> fueron tambi\u00e9n excelentes ilustradores y grabadores.<\/p>\n\n\n<div class=\"wp-block-image\">\n<figure class=\"aligncenter\"><img decoding=\"async\" src=\"https:\/\/www.aparences.net\/wp-content\/uploads\/2012\/11\/delaroche-enfants-edouard.jpg\" alt=\"Los hijos de Eduardo IV, 1830, Paul Delaroche\" title=\"Los hijos de Eduardo IV, 1830, Paul Delaroche\"\/><figcaption class=\"wp-element-caption\"><em><strong>Los hijos de Eduardo IV<\/strong>, 1830, <strong>Paul Delaroche<\/strong> (Par\u00eds, Museo del Louvre)<\/em><\/figcaption><\/figure>\n<\/div>\n\n\n<p>El inter\u00e9s por la historia de Inglaterra, ven\u00eda alimentado por las novelas de <a href=\"https:\/\/es.wikipedia.org\/wiki\/Walter_Scott\">Sir Walter Scott<\/a>, en paralelo con los acontecimientos acaecidos desde hac\u00eda poco en Francia, junto con la guerra civil y las tribulaciones de los Tudor y los Stuart. El pintor <strong>Paul Delaroche<\/strong> se hizo r\u00e1pidamente con una gran reputaci\u00f3n en toda Europa, explotando esos temas en grandes cuadros expuestos en el Sal\u00f3n de Par\u00eds anual entre 1825 y 1835. En <em><strong>La ejecuci\u00f3n de Lady Jane Gray<\/strong><\/em> relata los \u00faltimos momentos de la vida de Jane Grey, el 12 de febrero de 1554, fecha de la ejecuci\u00f3n de esta joven protestante de diecisiete a\u00f1os. Bisnieta de Enrique VIII, hab\u00eda sido proclamada reina de Inglaterra a la muerte de Eduardo VI, todav\u00eda adolescente y protestante como ella. En 1553, hab\u00eda reinado durante nueve d\u00edas, pero como consecuencia de las intrigas de los partidarios de la cat\u00f3lica Maria Tudor, hijo de Enrique VIII, fue acusada de alta traici\u00f3n y condenada a muerte en la Torre de Londres.<\/p>\n\n\n<div class=\"wp-block-image\">\n<figure class=\"aligncenter\"><img decoding=\"async\" src=\"https:\/\/www.aparences.net\/wp-content\/uploads\/2012\/11\/delaroche-jane-grey.jpg\" alt=\"Ejecuci\u00f3n de Lady Jane Gray, Paul Delaroche\" title=\"Ejecuci\u00f3n de Lady Jane Gray, Paul Delaroche\"\/><figcaption class=\"wp-element-caption\"><em><strong>Ejecuci\u00f3n de Lady Jane Gray<\/strong>, <strong>Paul Delaroche<\/strong> (Londres, National Gallery)<\/em><\/figcaption><\/figure>\n<\/div>\n\n\n<!-- AdBoxLeft2023 --><ins class=\"adsbygoogle\" style=\"display:block\" data-ad-client=\"ca-pub-2468002815867636\" data-ad-slot=\"1318022963\" data-ad-format=\"auto\" data-full-width-responsive=\"true\"><\/ins><script> (adsbygoogle = window.adsbygoogle || []).push({});<\/script><h2 class=\"wp-block-heading\">La literatura rom\u00e1ntica<\/h2>\n\n\n\n<p>Las primeras manifestaciones del <strong>romanticismo<\/strong>\u00a0 se dieron en literatura. Los <strong>pintores rom\u00e1nticos<\/strong> recurren a fuentes literarias (<strong>Tasso<\/strong>, <strong>Dante<\/strong>, <strong>Byron<\/strong>, <strong>Goethe<\/strong>, <strong>Shakespeare<\/strong>, <strong>Walter Scott<\/strong>, <a href=\"https:\/\/es.wikipedia.org\/wiki\/Victor_Hugo\">Victor Hugo<\/a>) para recrear el pasado hist\u00f3rico. Si hasta entonces se hab\u00edan inspirado en temas de la Antig\u00fcedad cl\u00e1sica, ahora prefieren la Edad Media. Les atrae lo imaginario, el misterio, lo fant\u00e1stico (<strong>F\u00fcssli<\/strong> y <strong>Blake<\/strong>). Tienden a mezclar una tendencia a lo pat\u00e9tico y a la epopeya, con temas relacionados con el drama, la locura, el erotismo, otros <a href=\"https:\/\/www.aparences.net\/es\/tematicos\/dante-en-la-pintura\/\">episodios sacados de Dante<\/a>, del repertorio sat\u00e1nico o de <strong>Shakespeare<\/strong>, en general con una visi\u00f3n dura y amarga de la realidad como <a title=\"G\u00e9ricault\" href=\"https:\/\/www.aparences.net\/es\/periodos\/romanticismo\/es-theodore-gericault\/\">G\u00e9ricault<\/a> en <em>Coracero herido<\/em> o <strong>Delacroix<\/strong> en <em>La matanza de Qu\u00edos<\/em>. Este inter\u00e9s por los acontecimientos contempor\u00e1neos o del pasado, se expresa a trav\u00e9s de una pintura de vibrante cromatismo y contrastes brutales entre luces y sombras; por otro lado, el romanticismo trastorna completamente la jerarqu\u00eda de los g\u00e9neros, cuya prolongaci\u00f3n directa hay que buscarla en el <a title=\"Realismo\" href=\"https:\/\/www.aparences.net\/es\/periodos\/realisme-periodes\/el-estilo-realista\/\">Realismo<\/a> de los a\u00f1os 1850.<\/p>\n\n\n<div class=\"wp-block-image\">\n<figure class=\"aligncenter\"><img decoding=\"async\" src=\"https:\/\/www.aparences.net\/wp-content\/uploads\/2012\/11\/fussli-romeo-juliette.jpg\" alt=\"Romeo y Julieta, 1809, Johann Heinrich F\u00fcssli\" title=\"Romeo y Julieta, 1809, Johann Heinrich F\u00fcssli\"\/><figcaption class=\"wp-element-caption\"><em><strong>Romeo y Julieta<\/strong>, 1809, <strong>Johann Heinrich F\u00fcssli<\/strong> <\/em><br><em>(Suiza, Colecci\u00f3n privada) <\/em><\/figcaption><\/figure>\n<\/div>\n\n\n<p><em>Basado en la obra hom\u00f3nima de Shakespeare, el cuadro representa el instante en que Rom\u00e9o contempla por \u00faltima vez\u00a0 Julieta a la que cree muerta, antes de suicidarse.<br><\/em><\/p>\n\n\n\n<h2 class=\"wp-block-heading\">La litograf\u00eda<\/h2>\n\n\n\n<p><strong>La litograf\u00eda<\/strong> era un nuevo procedimiento que no exig\u00eda ni un largo aprendizaje, ni manipulaciones complejas y se acercaba al dibujo, ofreciendo a los artistas un vasto campo de experimentaci\u00f3n y el m\u00e9todo predilecto para el imaginario rom\u00e1ntico. La importancia de la litograf\u00eda se mide tambi\u00e9n por la relaci\u00f3n que tuvo con la literatura; gracias a ella, los artistas y los poetas pod\u00edan desarrollar un intercambio entre estos dos campos art\u00edsticos, tan apreciados en la \u00e9poca rom\u00e1ntica. <strong>Louis Boulanger<\/strong> (1806-1867) despleg\u00f3 una vena fant\u00e1stica que lo convirti\u00f3 en el maravilloso int\u00e9rprete de <strong>Victor Hugo<\/strong>. <a href=\"https:\/\/www.aparences.net\/es\/periodos\/romanticismo\/eugene-delacroix\/\">Delacroix<\/a> se consagr\u00f3 tambi\u00e9n a este g\u00e9nero que le permit\u00eda experimentar la fuerza de su inspiraci\u00f3n literaria. Durante su estancia en Inglaterra, el pintor descubre el universo de <strong>Goethe<\/strong> durante una representaci\u00f3n de Fausto. Huyendo de la relaci\u00f3n \u00abilustrativa\u00bb, que vuelve la imagen dependiente del texto, <strong>Delacroix<\/strong> superpone su propio relato al relato literario, inspiradas de su lectura personal de la obra maestra de <a href=\"https:\/\/es.wikipedia.org\/wiki\/Johann_Wolfgang_von_Goethe\">Goethe<\/a>.<\/p>\n\n\n<div class=\"wp-block-image\">\n<figure class=\"aligncenter\"><img decoding=\"async\" src=\"https:\/\/www.aparences.net\/wp-content\/uploads\/2012\/11\/delacroix-estampe-faust.jpg\" alt=\"Fausto con Margarita en la c\u00e1rcel, 1828, Delacroix\" title=\"Fausto con Margarita en la c\u00e1rcel, 1828, Delacroix\"\/><figcaption class=\"wp-element-caption\"><em><strong>Fausto con Margarita en la c\u00e1rcel<\/strong>, 1828, <strong>Delacroix<\/strong> (Par\u00eds, Museo Eug\u00e8ne Delacroix)<\/em><\/figcaption><\/figure>\n<\/div>\n\n\n<p>Otros pintores como <strong>Delaroche<\/strong> y <strong>Hayez<\/strong>, alcanzaron un gran \u00e9xito tratando los temas rom\u00e1nticos con delicadeza y habilidad t\u00e9cnica, por lo que logran que sus litograf\u00edas sean aceptadas por la nueva clase media. La t\u00e9cnica del grabado sobre madera era un procedimiento que permit\u00eda realizar la fusi\u00f3n simult\u00e1nea entre texto e imagen, lo que hizo posible el desarrollo de la prensa ilustrada, como el <em>Magasin pittoresque<\/em> (La revista pintoresca) fundada en 1833.<\/p>\n\n\n\n<!-- AfterArticle2023 --><ins class=\"adsbygoogle\"     style=\"display:block;margin-bottom:5px;\"     data-ad-client=\"ca-pub-2468002815867636\"     data-ad-slot=\"3955176166\"     data-ad-format=\"auto\"     data-full-width-responsive=\"true\"><\/ins><script> (adsbygoogle = window.adsbygoogle || []).push({});<\/script><h2 class=\"wp-block-heading\">Francesco Hayez y el romanticismo italiano<\/h2>\n\n\n\n<p>Formado en la Academia de Venecia, <strong>Francesco Hayez<\/strong> (1791-1882) gana el concurso que le permite pasar tres a\u00f1os en Roma. Amigo del <a title=\"escultor Canova\" href=\"https:\/\/www.aparences.net\/es\/periodos\/neoclasicismo\/el-estilo-neoclasico\/#antonio-canova\">escultor C\u00e1nov<\/a>a, estudia en su taller donde se reunen <a title=\"pintores neocl\u00e1sicos\" href=\"https:\/\/www.aparences.net\/es\/periodos\/neoclasicismo\/\">pintores neocl\u00e1sicos<\/a> de distintas tendencias como Camuccini, Carstens, <a title=\"Ingres\" href=\"https:\/\/www.aparences.net\/es\/periodos\/neoclasicismo\/jean-auguste-dominique-ingres\/\">Ingres<\/a>, y los nazarenos. Tuvo una carrera acad\u00e9mica prestigiosa, obteniendo un gran \u00e9xito con encargos p\u00fablicos importantes: en Roma decor\u00f3 el palacio Torlonia (1813) y los frescos <em>Fastos del papa P\u00edo VII<\/em>; trabaj\u00f3 en Padua y en Venecia (Palacio del Dux 1817-1818). Gran representante del romanticismo hist\u00f3rico (<em>Pietro Rossi prisionero de los Scaligeri<\/em>, de 1820), escoge temas con fuertes connotaciones nacionalistas como en el cuadro <em>Las v\u00edsperas sicilianas<\/em> de 1846 que hace referencia a la Italia del <a href=\"https:\/\/es.wikipedia.org\/wiki\/Unificaci%C3%B3n_italiana\"><em>Risorgimento<\/em><\/a>, y otras composiciones donde se\u00a0 pone de manifiesto su gran talento de escen\u00f3grafo (<em>Los \u00faltimos instantes del dux Martin Faliero<\/em> de 1867). Hayez particip\u00f3 en exposiciones nacionales y extranjeras como la Exposici\u00f3n Universal de Par\u00eds de 1855. Su cuadro <em>El beso<\/em> de 1859 se convertir\u00e1 en la imagen emblem\u00e1tica del romanticismo italiano.<\/p>\n\n\n<div class=\"wp-block-image\">\n<figure class=\"aligncenter\"><img decoding=\"async\" src=\"https:\/\/www.aparences.net\/wp-content\/uploads\/2012\/11\/hayez-le-baiser.jpg\" alt=\"El beso, 1859, Francesco Hayez\" title=\"El beso, 1859, Francesco Hayez\"\/><figcaption class=\"wp-element-caption\"><em><strong>El beso<\/strong>, 1859, <strong>Francesco Hayez<\/strong><\/em><br><em> (Mil\u00e1n, Pinacoteca di Brera). <\/em><\/figcaption><\/figure>\n<\/div>\n\n\n<p><em>Esta pintura fue realizada para el conde Alfonso Maria Visconti di Saliceto y se expon\u00eda con su t\u00edtulo completo: El beso. Episodio de la juventud. Trajes del siglo XIV. La imagen coloca en primer plano los sentimientos, efusi\u00f3n apenas velada por los trajes medievales de los protagonistas. Como ocurr\u00eda a menudo en aquella \u00e9poca en las \u00f3peras de Verdi, bajo la aparente espontaneidad del gesto y el impecable dominio t\u00e9cnico, se disimula una alegor\u00eda pol\u00edtica: el beso de reconciliaci\u00f3n entre Italia y Francia despu\u00e9s del episodio de las \u00abV\u00edsperas sicilianas\u00bb que desencaden\u00f3 la revuelta anti francesa en Palermo.<br><\/em><\/p>\n","protected":false},"excerpt":{"rendered":"<p>El romanticismo es un estado de alma que se difunde por toda Europa a comienzos del siglo XIX, y se desarrolla en oposici\u00f3n al neoclasicismo.<\/p>\n","protected":false},"author":2,"featured_media":26518,"comment_status":"closed","ping_status":"closed","sticky":false,"template":"","format":"standard","meta":{"footnotes":""},"categories":[2924],"tags":[1457,3045,2251,1454,1460,1458,1283,1459,1455,2853,2837,3950],"class_list":["post-13395","post","type-post","status-publish","format-standard","has-post-thumbnail","hentry","category-romanticismo","tag-ary-scheffer","tag-delacroix-2","tag-eugene-delacroix","tag-eugene-deveria","tag-francesco-hayez","tag-horace-vernet","tag-johann-heinrich-fussli","tag-lithographie","tag-paul-delaroche","tag-periodo-romantico","tag-pintores-romanticos","tag-romanticismo"],"yoast_head":"<!-- This site is optimized with the Yoast SEO plugin v27.2 - https:\/\/yoast.com\/product\/yoast-seo-wordpress\/ -->\n<title>El movimiento rom\u00e1ntico<\/title>\n<meta name=\"description\" content=\"El romanticismo es un estado de alma que se difunde por toda Europa a comienzos del siglo XIX, y se desarrolla en oposici\u00f3n al neoclasicismo.\" \/>\n<meta name=\"robots\" content=\"index, follow, max-snippet:-1, max-image-preview:large, max-video-preview:-1\" \/>\n<link rel=\"canonical\" href=\"https:\/\/www.aparences.net\/es\/periodos\/romanticismo\/el-movimiento-romantico\/\" \/>\n<meta property=\"og:locale\" content=\"es_ES\" \/>\n<meta property=\"og:type\" content=\"article\" \/>\n<meta property=\"og:title\" content=\"El movimiento rom\u00e1ntico\" \/>\n<meta property=\"og:description\" content=\"El romanticismo es un estado de alma que se difunde por toda Europa a comienzos del siglo XIX, y se desarrolla en oposici\u00f3n al neoclasicismo.\" \/>\n<meta property=\"og:url\" content=\"https:\/\/www.aparences.net\/es\/periodos\/romanticismo\/el-movimiento-romantico\/\" \/>\n<meta property=\"og:site_name\" content=\"Aparences\" \/>\n<meta property=\"article:published_time\" content=\"2012-11-27T11:03:44+00:00\" \/>\n<meta property=\"article:modified_time\" content=\"2025-12-11T18:40:56+00:00\" \/>\n<meta property=\"og:image\" content=\"https:\/\/www.aparences.net\/wp-content\/uploads\/2012\/11\/romantisme.jpg\" \/>\n\t<meta property=\"og:image:width\" content=\"1080\" \/>\n\t<meta property=\"og:image:height\" content=\"540\" \/>\n\t<meta property=\"og:image:type\" content=\"image\/jpeg\" \/>\n<meta name=\"author\" content=\"admin\" \/>\n<meta name=\"twitter:card\" content=\"summary_large_image\" \/>\n<meta name=\"twitter:label1\" content=\"Escrito por\" \/>\n\t<meta name=\"twitter:data1\" content=\"admin\" \/>\n\t<meta name=\"twitter:label2\" content=\"Tiempo de lectura\" \/>\n\t<meta name=\"twitter:data2\" content=\"13 minutos\" \/>\n<script type=\"application\/ld+json\" class=\"yoast-schema-graph\">{\"@context\":\"https:\/\/schema.org\",\"@graph\":[{\"@type\":\"Article\",\"@id\":\"https:\/\/www.aparences.net\/es\/periodos\/romanticismo\/el-movimiento-romantico\/#article\",\"isPartOf\":{\"@id\":\"https:\/\/www.aparences.net\/es\/periodos\/romanticismo\/el-movimiento-romantico\/\"},\"author\":{\"name\":\"admin\",\"@id\":\"https:\/\/www.aparences.net\/es\/#\/schema\/person\/af349f6ffc31b16c68963e61268afca5\"},\"headline\":\"El movimiento rom\u00e1ntico\",\"datePublished\":\"2012-11-27T11:03:44+00:00\",\"dateModified\":\"2025-12-11T18:40:56+00:00\",\"mainEntityOfPage\":{\"@id\":\"https:\/\/www.aparences.net\/es\/periodos\/romanticismo\/el-movimiento-romantico\/\"},\"wordCount\":2295,\"publisher\":{\"@id\":\"https:\/\/www.aparences.net\/es\/#organization\"},\"image\":{\"@id\":\"https:\/\/www.aparences.net\/es\/periodos\/romanticismo\/el-movimiento-romantico\/#primaryimage\"},\"thumbnailUrl\":\"https:\/\/www.aparences.net\/wp-content\/uploads\/2012\/11\/romantisme.jpg\",\"keywords\":[\"Ary Scheffer\",\"Delacroix\",\"Eug\u00e8ne Delacroix\",\"Eug\u00e8ne Dev\u00e9ria\",\"Francesco Hayez\",\"Horace Vernet\",\"Johann Heinrich F\u00fcssli\",\"lithographie\",\"Paul Delaroche\",\"periodo rom\u00e1ntico\",\"pintores rom\u00e1nticos\",\"romanticismo\"],\"articleSection\":[\"Romanticismo\"],\"inLanguage\":\"es\"},{\"@type\":[\"WebPage\",\"ItemPage\"],\"@id\":\"https:\/\/www.aparences.net\/es\/periodos\/romanticismo\/el-movimiento-romantico\/\",\"url\":\"https:\/\/www.aparences.net\/es\/periodos\/romanticismo\/el-movimiento-romantico\/\",\"name\":\"El movimiento rom\u00e1ntico\",\"isPartOf\":{\"@id\":\"https:\/\/www.aparences.net\/es\/#website\"},\"primaryImageOfPage\":{\"@id\":\"https:\/\/www.aparences.net\/es\/periodos\/romanticismo\/el-movimiento-romantico\/#primaryimage\"},\"image\":{\"@id\":\"https:\/\/www.aparences.net\/es\/periodos\/romanticismo\/el-movimiento-romantico\/#primaryimage\"},\"thumbnailUrl\":\"https:\/\/www.aparences.net\/wp-content\/uploads\/2012\/11\/romantisme.jpg\",\"datePublished\":\"2012-11-27T11:03:44+00:00\",\"dateModified\":\"2025-12-11T18:40:56+00:00\",\"description\":\"El romanticismo es un estado de alma que se difunde por toda Europa a comienzos del siglo XIX, y se desarrolla en oposici\u00f3n al neoclasicismo.\",\"breadcrumb\":{\"@id\":\"https:\/\/www.aparences.net\/es\/periodos\/romanticismo\/el-movimiento-romantico\/#breadcrumb\"},\"inLanguage\":\"es\",\"potentialAction\":[{\"@type\":\"ReadAction\",\"target\":[\"https:\/\/www.aparences.net\/es\/periodos\/romanticismo\/el-movimiento-romantico\/\"]}]},{\"@type\":\"ImageObject\",\"inLanguage\":\"es\",\"@id\":\"https:\/\/www.aparences.net\/es\/periodos\/romanticismo\/el-movimiento-romantico\/#primaryimage\",\"url\":\"https:\/\/www.aparences.net\/wp-content\/uploads\/2012\/11\/romantisme.jpg\",\"contentUrl\":\"https:\/\/www.aparences.net\/wp-content\/uploads\/2012\/11\/romantisme.jpg\",\"width\":1080,\"height\":540},{\"@type\":\"BreadcrumbList\",\"@id\":\"https:\/\/www.aparences.net\/es\/periodos\/romanticismo\/el-movimiento-romantico\/#breadcrumb\",\"itemListElement\":[{\"@type\":\"ListItem\",\"position\":1,\"name\":\"Portada\",\"item\":\"https:\/\/www.aparences.net\/es\/\"},{\"@type\":\"ListItem\",\"position\":2,\"name\":\"El movimiento rom\u00e1ntico\"}]},{\"@type\":\"WebSite\",\"@id\":\"https:\/\/www.aparences.net\/es\/#website\",\"url\":\"https:\/\/www.aparences.net\/es\/\",\"name\":\"Aparences: Historia del Arte y Actualidad Cultural\",\"description\":\"\",\"publisher\":{\"@id\":\"https:\/\/www.aparences.net\/es\/#organization\"},\"potentialAction\":[{\"@type\":\"SearchAction\",\"target\":{\"@type\":\"EntryPoint\",\"urlTemplate\":\"https:\/\/www.aparences.net\/es\/?s={search_term_string}\"},\"query-input\":{\"@type\":\"PropertyValueSpecification\",\"valueRequired\":true,\"valueName\":\"search_term_string\"}}],\"inLanguage\":\"es\"},{\"@type\":\"Organization\",\"@id\":\"https:\/\/www.aparences.net\/es\/#organization\",\"name\":\"Aparences: Historia del Arte y Actualidad Cultural\",\"url\":\"https:\/\/www.aparences.net\/es\/\",\"logo\":{\"@type\":\"ImageObject\",\"inLanguage\":\"es\",\"@id\":\"https:\/\/www.aparences.net\/es\/#\/schema\/logo\/image\/\",\"url\":\"https:\/\/www.aparences.net\/wp-content\/uploads\/2023\/09\/logo-quadrat-color-e1695915315229.png\",\"contentUrl\":\"https:\/\/www.aparences.net\/wp-content\/uploads\/2023\/09\/logo-quadrat-color-e1695915315229.png\",\"width\":120,\"height\":120,\"caption\":\"Aparences: Historia del Arte y Actualidad Cultural\"},\"image\":{\"@id\":\"https:\/\/www.aparences.net\/es\/#\/schema\/logo\/image\/\"}},{\"@type\":\"Person\",\"@id\":\"https:\/\/www.aparences.net\/es\/#\/schema\/person\/af349f6ffc31b16c68963e61268afca5\",\"name\":\"admin\",\"url\":\"https:\/\/www.aparences.net\/es\/author\/admin\/\"}]}<\/script>\n<!-- \/ Yoast SEO plugin. -->","yoast_head_json":{"title":"El movimiento rom\u00e1ntico","description":"El romanticismo es un estado de alma que se difunde por toda Europa a comienzos del siglo XIX, y se desarrolla en oposici\u00f3n al neoclasicismo.","robots":{"index":"index","follow":"follow","max-snippet":"max-snippet:-1","max-image-preview":"max-image-preview:large","max-video-preview":"max-video-preview:-1"},"canonical":"https:\/\/www.aparences.net\/es\/periodos\/romanticismo\/el-movimiento-romantico\/","og_locale":"es_ES","og_type":"article","og_title":"El movimiento rom\u00e1ntico","og_description":"El romanticismo es un estado de alma que se difunde por toda Europa a comienzos del siglo XIX, y se desarrolla en oposici\u00f3n al neoclasicismo.","og_url":"https:\/\/www.aparences.net\/es\/periodos\/romanticismo\/el-movimiento-romantico\/","og_site_name":"Aparences","article_published_time":"2012-11-27T11:03:44+00:00","article_modified_time":"2025-12-11T18:40:56+00:00","og_image":[{"width":1080,"height":540,"url":"https:\/\/www.aparences.net\/wp-content\/uploads\/2012\/11\/romantisme.jpg","type":"image\/jpeg"}],"author":"admin","twitter_card":"summary_large_image","twitter_misc":{"Escrito por":"admin","Tiempo de lectura":"13 minutos"},"schema":{"@context":"https:\/\/schema.org","@graph":[{"@type":"Article","@id":"https:\/\/www.aparences.net\/es\/periodos\/romanticismo\/el-movimiento-romantico\/#article","isPartOf":{"@id":"https:\/\/www.aparences.net\/es\/periodos\/romanticismo\/el-movimiento-romantico\/"},"author":{"name":"admin","@id":"https:\/\/www.aparences.net\/es\/#\/schema\/person\/af349f6ffc31b16c68963e61268afca5"},"headline":"El movimiento rom\u00e1ntico","datePublished":"2012-11-27T11:03:44+00:00","dateModified":"2025-12-11T18:40:56+00:00","mainEntityOfPage":{"@id":"https:\/\/www.aparences.net\/es\/periodos\/romanticismo\/el-movimiento-romantico\/"},"wordCount":2295,"publisher":{"@id":"https:\/\/www.aparences.net\/es\/#organization"},"image":{"@id":"https:\/\/www.aparences.net\/es\/periodos\/romanticismo\/el-movimiento-romantico\/#primaryimage"},"thumbnailUrl":"https:\/\/www.aparences.net\/wp-content\/uploads\/2012\/11\/romantisme.jpg","keywords":["Ary Scheffer","Delacroix","Eug\u00e8ne Delacroix","Eug\u00e8ne Dev\u00e9ria","Francesco Hayez","Horace Vernet","Johann Heinrich F\u00fcssli","lithographie","Paul Delaroche","periodo rom\u00e1ntico","pintores rom\u00e1nticos","romanticismo"],"articleSection":["Romanticismo"],"inLanguage":"es"},{"@type":["WebPage","ItemPage"],"@id":"https:\/\/www.aparences.net\/es\/periodos\/romanticismo\/el-movimiento-romantico\/","url":"https:\/\/www.aparences.net\/es\/periodos\/romanticismo\/el-movimiento-romantico\/","name":"El movimiento rom\u00e1ntico","isPartOf":{"@id":"https:\/\/www.aparences.net\/es\/#website"},"primaryImageOfPage":{"@id":"https:\/\/www.aparences.net\/es\/periodos\/romanticismo\/el-movimiento-romantico\/#primaryimage"},"image":{"@id":"https:\/\/www.aparences.net\/es\/periodos\/romanticismo\/el-movimiento-romantico\/#primaryimage"},"thumbnailUrl":"https:\/\/www.aparences.net\/wp-content\/uploads\/2012\/11\/romantisme.jpg","datePublished":"2012-11-27T11:03:44+00:00","dateModified":"2025-12-11T18:40:56+00:00","description":"El romanticismo es un estado de alma que se difunde por toda Europa a comienzos del siglo XIX, y se desarrolla en oposici\u00f3n al neoclasicismo.","breadcrumb":{"@id":"https:\/\/www.aparences.net\/es\/periodos\/romanticismo\/el-movimiento-romantico\/#breadcrumb"},"inLanguage":"es","potentialAction":[{"@type":"ReadAction","target":["https:\/\/www.aparences.net\/es\/periodos\/romanticismo\/el-movimiento-romantico\/"]}]},{"@type":"ImageObject","inLanguage":"es","@id":"https:\/\/www.aparences.net\/es\/periodos\/romanticismo\/el-movimiento-romantico\/#primaryimage","url":"https:\/\/www.aparences.net\/wp-content\/uploads\/2012\/11\/romantisme.jpg","contentUrl":"https:\/\/www.aparences.net\/wp-content\/uploads\/2012\/11\/romantisme.jpg","width":1080,"height":540},{"@type":"BreadcrumbList","@id":"https:\/\/www.aparences.net\/es\/periodos\/romanticismo\/el-movimiento-romantico\/#breadcrumb","itemListElement":[{"@type":"ListItem","position":1,"name":"Portada","item":"https:\/\/www.aparences.net\/es\/"},{"@type":"ListItem","position":2,"name":"El movimiento rom\u00e1ntico"}]},{"@type":"WebSite","@id":"https:\/\/www.aparences.net\/es\/#website","url":"https:\/\/www.aparences.net\/es\/","name":"Aparences: Historia del Arte y Actualidad Cultural","description":"","publisher":{"@id":"https:\/\/www.aparences.net\/es\/#organization"},"potentialAction":[{"@type":"SearchAction","target":{"@type":"EntryPoint","urlTemplate":"https:\/\/www.aparences.net\/es\/?s={search_term_string}"},"query-input":{"@type":"PropertyValueSpecification","valueRequired":true,"valueName":"search_term_string"}}],"inLanguage":"es"},{"@type":"Organization","@id":"https:\/\/www.aparences.net\/es\/#organization","name":"Aparences: Historia del Arte y Actualidad Cultural","url":"https:\/\/www.aparences.net\/es\/","logo":{"@type":"ImageObject","inLanguage":"es","@id":"https:\/\/www.aparences.net\/es\/#\/schema\/logo\/image\/","url":"https:\/\/www.aparences.net\/wp-content\/uploads\/2023\/09\/logo-quadrat-color-e1695915315229.png","contentUrl":"https:\/\/www.aparences.net\/wp-content\/uploads\/2023\/09\/logo-quadrat-color-e1695915315229.png","width":120,"height":120,"caption":"Aparences: Historia del Arte y Actualidad Cultural"},"image":{"@id":"https:\/\/www.aparences.net\/es\/#\/schema\/logo\/image\/"}},{"@type":"Person","@id":"https:\/\/www.aparences.net\/es\/#\/schema\/person\/af349f6ffc31b16c68963e61268afca5","name":"admin","url":"https:\/\/www.aparences.net\/es\/author\/admin\/"}]}},"_links":{"self":[{"href":"https:\/\/www.aparences.net\/es\/wp-json\/wp\/v2\/posts\/13395","targetHints":{"allow":["GET"]}}],"collection":[{"href":"https:\/\/www.aparences.net\/es\/wp-json\/wp\/v2\/posts"}],"about":[{"href":"https:\/\/www.aparences.net\/es\/wp-json\/wp\/v2\/types\/post"}],"author":[{"embeddable":true,"href":"https:\/\/www.aparences.net\/es\/wp-json\/wp\/v2\/users\/2"}],"replies":[{"embeddable":true,"href":"https:\/\/www.aparences.net\/es\/wp-json\/wp\/v2\/comments?post=13395"}],"version-history":[{"count":0,"href":"https:\/\/www.aparences.net\/es\/wp-json\/wp\/v2\/posts\/13395\/revisions"}],"wp:featuredmedia":[{"embeddable":true,"href":"https:\/\/www.aparences.net\/es\/wp-json\/wp\/v2\/media\/26518"}],"wp:attachment":[{"href":"https:\/\/www.aparences.net\/es\/wp-json\/wp\/v2\/media?parent=13395"}],"wp:term":[{"taxonomy":"category","embeddable":true,"href":"https:\/\/www.aparences.net\/es\/wp-json\/wp\/v2\/categories?post=13395"},{"taxonomy":"post_tag","embeddable":true,"href":"https:\/\/www.aparences.net\/es\/wp-json\/wp\/v2\/tags?post=13395"}],"curies":[{"name":"wp","href":"https:\/\/api.w.org\/{rel}","templated":true}]}}