{"id":13411,"date":"2013-02-04T10:57:10","date_gmt":"2013-02-04T09:57:10","guid":{"rendered":"https:\/\/www.aparences.net\/periodes\/realisme-periodes\/gustave-courbet\/"},"modified":"2025-12-11T19:40:56","modified_gmt":"2025-12-11T18:40:56","slug":"gustave-courbet-2","status":"publish","type":"post","link":"https:\/\/www.aparences.net\/es\/periodos\/el-realismo\/gustave-courbet-2\/","title":{"rendered":"Gustave Courbet"},"content":{"rendered":"<p><!--contents--><\/p>\n\n\n<h2 class=\"wp-block-heading\">Courbet y el realismo franc\u00e9s<\/h2>\n\n\n\n<p><strong>Gustave Courbet<\/strong> es sin duda el representante m\u00e1s importante del <a href=\"https:\/\/www.aparences.net\/es\/periodos\/realismo\/el-estilo-realista\/\">movimiento realista<\/a> que naci\u00f3 en Francia en el siglo XIX y pretende expresar los ideales del socialismo por medio de las artes figurativas. Podemos encontrar un ejemplo caracter\u00edstico de este enfoque radicalmente innovador en su primer cuadro monumental <em><strong>Un entierro en Ornans<\/strong><\/em> (1848), tambi\u00e9n titulado <em>Cuadro de figuras humanas, hist\u00f3rico de un entierro en Ornans<\/em>. La composici\u00f3n es tan ambiciosa como el t\u00edtulo, ya que <strong>Courbet<\/strong> utiliza dimensiones (313 x 664 cm) reservadas hasta entonces a la pintura de historia, aunque sorprende por la ausencia de cualquier gesto noble, heroico o de lecci\u00f3n moral. Se trata al contrario de un tema trivial, donde se describe, con mirada imparcial, el entierro de un difunto tan an\u00f3nimo como lo son los espectadores y los oficiantes. En aquella \u00e9poca, la extrema coherencia con la que Courbet quer\u00eda evitar toda idealizaci\u00f3n fue err\u00f3neamente interpretado como una iron\u00eda del pintor &#8211; lo que no se pod\u00eda aceptar dada la solemnidad del acto. A lo largo de su carrera de artista <strong>Courbet<\/strong> represent\u00f3 numerosas escenas de la vida burguesa y campesina que transcurren en Ornans, peque\u00f1a ciudad situada en la regi\u00f3n de Franco Condado de donde era originario. Estas pinturas est\u00e1n marcadas por un deliberado rechazo del idealismo exagerado que propon\u00edan los <a title=\"pintores rom\u00e1nticos\" href=\"https:\/\/www.aparences.net\/es\/periodos\/romanticismo\/\">pintores rom\u00e1nticos<\/a>.<\/p>\n\n\n<div class=\"wp-block-image\">\n<figure class=\"aligncenter\"><img loading=\"lazy\" decoding=\"async\" width=\"314\" height=\"370\" src=\"https:\/\/www.aparences.net\/wp-content\/uploads\/2013\/02\/courbet-autoportrait-face.jpg\" alt=\"El hombre de la pipa (autorretrato), 1846-1847, Gustave Courbet\" class=\"wp-image-20235\" title=\"El hombre de la pipa (autorretrato), 1846-1847, Gustave Courbet\" srcset=\"https:\/\/www.aparences.net\/wp-content\/uploads\/2013\/02\/courbet-autoportrait-face.jpg 314w, https:\/\/www.aparences.net\/wp-content\/uploads\/2013\/02\/courbet-autoportrait-face-160x189.jpg 160w\" sizes=\"auto, (max-width: 314px) 100vw, 314px\" \/><figcaption class=\"wp-element-caption\"><em><strong>El hombre de la pipa<\/strong> (autorretrato), 1846-1847, <strong>Gustave Courbet<\/strong> (Montpellier, Museo Fabre)<\/em><\/figcaption><\/figure>\n<\/div>\n\n\n<p><em>En 1854 y a prop\u00f3sito de este cuadro, Courbet dar\u00eda la siguiente explicaci\u00f3n a su mecenas <strong>Bruyas<\/strong>, que acababa de comprarlo: \u00abEs el retrato de un fan\u00e1tico, de un asceta; es el retrato de un hombre desilusionado con las necedades con las que se le ha educado y que busca asentarse en sus principios\u00bb.<br><\/em><\/p>\n\n\n<div class=\"wp-block-image\">\n<figure class=\"aligncenter\"><img loading=\"lazy\" decoding=\"async\" width=\"650\" height=\"300\" src=\"https:\/\/www.aparences.net\/wp-content\/uploads\/2013\/02\/courbet-enterrement-ornans.jpg\" alt=\"Un entierro en Ornans, 1850-1851, Gustave Courbet\" class=\"wp-image-20237\" title=\"Un entierro en Ornans, 1850-1851, Gustave Courbet\" srcset=\"https:\/\/www.aparences.net\/wp-content\/uploads\/2013\/02\/courbet-enterrement-ornans.jpg 650w, https:\/\/www.aparences.net\/wp-content\/uploads\/2013\/02\/courbet-enterrement-ornans-160x74.jpg 160w\" sizes=\"auto, (max-width: 650px) 100vw, 650px\" \/><figcaption class=\"wp-element-caption\"><em><strong>Un entierro en Ornans<\/strong>, 1850-1851, <strong>Gustave Courbet<\/strong>, (Par\u00eds, Museo de Orsay)<\/em><\/figcaption><\/figure>\n<\/div>\n\n\n<p><em>Haciendo de esta tela un gigantesco fragmento arrancado a la realidad, el campesino Courbet responde a <a href=\"https:\/\/fr.wikipedia.org\/wiki\/Charles_Baudelaire\">Baudelaire<\/a>: \u00abEl verdadero pintor ser\u00e1 aquel que sepa arrebatar a la vida de hoy en d\u00eda su cualidad \u00e9pica y hacernos sentir lo grandes y po\u00e9ticos que somos con nuestras corbatas y nuestras botas de charol. {\u2026} El traje negro y la levita no s\u00f3lo poseen belleza pol\u00edtica, que es expresi\u00f3n de igualdad universal, poseen tambi\u00e9n belleza po\u00e9tica que es la expresi\u00f3n del alma p\u00fablica, \u2013 un inmenso cortejo de sepultureros pol\u00edticos, de sepultureros enamorados, de sepultureros burgueses. Todos celebramos alg\u00fan entierro.\u00bb<br><\/em><\/p>\n\n\n\n<p>Con el cuadro <em><strong>Despu\u00e9s de la cena en Ornans<\/strong><\/em> pintado en la regi\u00f3n de Franco Condado durante el invierno de 1848-1849, <strong>Courbet<\/strong> vulner\u00f3 por primera vez los c\u00f3digos de la pintura de historia. Aplicaba el programa anunciado a sus padres tres a\u00f1os antes, a los que manifestaba su intenci\u00f3n de realizar cuadros de grandes proporciones. En el t\u00edtulo de la obra se observa la reivindicaci\u00f3n de su identidad regional, principio que aplicar\u00e1 tambi\u00e9n en <em>Los picapedreros<\/em> y en <em>Un entierro en Ornans<\/em>, donde se pone de manifiesto la invenci\u00f3n de un territorio por un artista, aunque la escena est\u00e9 sacada de la realidad, como hizo m\u00e1s tarde <a href=\"https:\/\/www.aparences.net\/es\/periodos\/postimpresionismo\/paul-cezanne\/\">C\u00e9zanne<\/a>.<\/p>\n\n\n<div class=\"wp-block-image\">\n<figure class=\"aligncenter\"><img loading=\"lazy\" decoding=\"async\" width=\"474\" height=\"348\" src=\"https:\/\/www.aparences.net\/wp-content\/uploads\/2013\/02\/courbet-apres-dinee.jpg\" alt=\"Despu\u00e9s de la cena en Ornans, 1849, Gustave Courbet\" class=\"wp-image-20239\" title=\"Despu\u00e9s de la cena en Ornans, 1849, Gustave Courbet\" srcset=\"https:\/\/www.aparences.net\/wp-content\/uploads\/2013\/02\/courbet-apres-dinee.jpg 474w, https:\/\/www.aparences.net\/wp-content\/uploads\/2013\/02\/courbet-apres-dinee-160x117.jpg 160w\" sizes=\"auto, (max-width: 474px) 100vw, 474px\" \/><figcaption class=\"wp-element-caption\"><em><strong>Despu\u00e9s de la cena en Ornans<\/strong>, 1849, <strong>Gustave Courbet<\/strong><\/em><br><em> (Lille, palais des Beaux-Arts) <\/em><\/figcaption><\/figure>\n<\/div>\n\n\n<p><em>El cuadro representa una cena que tiene lugar despu\u00e9s de un d\u00eda de caza y que ha reunido a varios amigos, entre ellos el padre del artista, as\u00ed como <strong>al cr\u00edtico de arte Champfleury<\/strong> quien en aquella \u00e9poca comenzaba ya a calibrar el talento del artista, y escrib\u00eda: \u00abCourbet se ha atrevido a realizar una <a href=\"https:\/\/www.aparences.net\/es\/periodos\/pintura-de-genero-holandesa\/\">pintura de g\u00e9nero<\/a> a tama\u00f1o natural.\u00bb El imponente tama\u00f1o de los personajes pon\u00eda de manifiesto, como en el cuadro <a href=\"https:\/\/www.aparences.net\/es\/escuelas\/la-escuela-de-barbizon\/jean-francois-millet\/\">El aventador de Millet<\/a> realizado un a\u00f1o antes, el m\u00e1s evidente punto de ruptura con las convenciones de la pintura de g\u00e9nero.<br><\/em><\/p>\n\n\n\n<p>En la obra de arte, el t\u00e9rmino \u00abrealismo\u00bb puede simplemente indicar la fiel representaci\u00f3n de la realidad. Pero Courbet no se limita a una mera imitaci\u00f3n, sino que intenta identificarse con todos los elementos de la realidad de un modo veraz y aut\u00e9ntico. Courbet toma prestado el nombre de \u00ab<a href=\"https:\/\/www.aparences.net\/es\/periodos\/el-realismo\/el-estilo-realista\/\" data-type=\"link\" data-id=\"https:\/\/www.aparences.net\/es\/periodos\/el-realismo\/el-estilo-realista\/\">realismo<\/a>\u00bb a los informes de los cr\u00edticos durante la exposici\u00f3n personal que organiz\u00f3 en 1855 \u2013 al margen de la Exposici\u00f3n universal de Par\u00eds del mismo a\u00f1o &#8211; tal como lo describ\u00eda el mismo en el pre\u00e1mbulo del folleto titulado \u00abExhibici\u00f3n y venta de cuarenta cuadros y cuatro dibujos de la obra de <strong>Gustave Courbet<\/strong>\u00ab, cuyo texto se ha considerado como su Manifiesto.<\/p>\n\n\n\n<!-- AdBoxRight2020 --><ins class=\"adsbygoogle\"     style=\"display:block; margin-top:30px;\"     data-ad-client=\"ca-pub-2468002815867636\"     data-ad-slot=\"3496014735\"     data-ad-format=\"auto\"     data-full-width-responsive=\"false\"><\/ins><script> (adsbygoogle = window.adsbygoogle || []).push({});<\/script><h2 class=\"wp-block-heading\">Courbet el \u00abrevolucionario\u00bb<\/h2>\n\n\n\n<p>Las obras que Courbet present\u00f3 en los diversos Salones fueron objeto de m\u00faltiples esc\u00e1ndalos, pero le proporcionaron el apoyo de un importante coleccionista, Bruyas, cuya relaci\u00f3n amistosa con el pintor se manifiesta en dos cuadros <em>Buenos d\u00edas, se\u00f1or Courbet<\/em> y <em>El encuentro<\/em>. En 1855, mientras que la Exposici\u00f3n universal pone en escena la rivalidad entre <a title=\"Ingres\" href=\"https:\/\/www.aparences.net\/es\/periodos\/neoclasicismo\/jean-auguste-dominique-ingres\/\">Ingres<\/a> y <a title=\"Delacroix\" href=\"https:\/\/www.aparences.net\/es\/periodos\/romanticismo\/es-eugene-delacroix\/\">Delacroix<\/a>, Courbet para desafiar al jurado que hab\u00eda rechazado sus cuadros <em>El taller del pintor<\/em> y <em>Un entierro en Ornans<\/em>, construye su propio pabell\u00f3n para exponer sus lienzos, convirti\u00e9ndose desde entonces en el fundador del <a href=\"https:\/\/www.aparences.net\/es\/periodos\/el-realismo\/el-estilo-realista\/\" data-type=\"link\" data-id=\"https:\/\/www.aparences.net\/es\/periodos\/el-realismo\/el-estilo-realista\/\">movimiento realista<\/a>. Fiel a sus ideas socialistas y republicanas, Courbet era un firme opositor al gobierno de Napole\u00f3n III, participando en la <a href=\"https:\/\/es.wikipedia.org\/wiki\/Comuna_de_Par%C3%ADs\">Comuna de Par\u00eds (1871)<\/a>. Tras la represi\u00f3n de la Comuna, se le hall\u00f3 culpable de la destrucci\u00f3n de la columna de la plaza Vend\u00f4me y condenado a pagar su restauraci\u00f3n que el Estado franc\u00e9s hizo efectiva subastando muchos de sus cuadros. Despu\u00e9s se exili\u00f3 en Suiza, en la Tour de Peilz, donde muri\u00f3. La amistad con el fil\u00f3sofo anarquista <a href=\"https:\/\/es.wikipedia.org\/wiki\/Pierre-Joseph_Proudhon\">Proudhon<\/a>, hab\u00eda reforzado sus convicciones pol\u00edticas, colaborando con \u00e9l en la redacci\u00f3n del texto <em>Del principio del arte y su destino social<\/em> (1865) donde el escritor bas\u00e1ndose en la obra de Courbet, se planteaba la justificaci\u00f3n social del arte. A este artista provocador y revolucionario tambi\u00e9n se le relacion\u00f3 con otros escritores como <strong>Baudelaire<\/strong> y <strong>Champfleury<\/strong> quien defend\u00eda las ideas y la obra del pintor.<\/p>\n\n\n<div class=\"wp-block-image\">\n<figure class=\"aligncenter\"><img decoding=\"async\" src=\"https:\/\/www.aparences.net\/wp-content\/uploads\/2013\/02\/courbet-proudhon.jpg\" alt=\"Retrato de P.J. Proudhon, 1865, Gustave Courbet\" title=\"Retrato de P.J. Proudhon, 1865, Gustave Courbet\"\/><figcaption class=\"wp-element-caption\"><em><strong>Retrato de P.J. Proudhon<\/strong>, 1865, <strong>Gustave Courbet<\/strong> (Par\u00eds, Petit Palais)<\/em><\/figcaption><\/figure>\n<\/div>\n\n\n<p><em>Courbet realiz\u00f3 este cuadro el mismo a\u00f1o de la muerte de <strong>Proudhon<\/strong> como recuerdo de su amistad. El pintor hab\u00eda pedido varias veces a su amigo que posara para \u00e9l, pero el fil\u00f3sofo siempre se hab\u00eda negado. Para este retrato, Courbet se basa en una fotograf\u00eda realizada algunos a\u00f1os antes por el fot\u00f3grafo Reutlinger. Proudhon est\u00e1 representado en compa\u00f1\u00eda de Catherine, su hija mayor aprendiendo el alfabeto y la hermana peque\u00f1a Marcelle que juega a las cocinitas, y muri\u00f3 de c\u00f3lera en 1854, once a\u00f1os antes de la realizaci\u00f3n de este cuadro. Inicialmente, la mujer de Proudhon ten\u00eda que figurar sentada junto a sus hijas, pero fue reemplazada por su cesta de costura.<br><\/em><\/p>\n\n\n<div class=\"wp-block-image\">\n<figure class=\"aligncenter\"><img loading=\"lazy\" decoding=\"async\" width=\"650\" height=\"431\" src=\"https:\/\/www.aparences.net\/wp-content\/uploads\/2013\/02\/courbet-pompiers-courant.jpg\" alt=\"Bomberos corriendo hacia un incendio, 1850, Gustave Courbet\" class=\"wp-image-20241\" title=\"Bomberos corriendo hacia un incendio, 1850, Gustave Courbet\" srcset=\"https:\/\/www.aparences.net\/wp-content\/uploads\/2013\/02\/courbet-pompiers-courant.jpg 650w, https:\/\/www.aparences.net\/wp-content\/uploads\/2013\/02\/courbet-pompiers-courant-160x106.jpg 160w\" sizes=\"auto, (max-width: 650px) 100vw, 650px\" \/><figcaption class=\"wp-element-caption\"><em><strong>Bomberos corriendo hacia un incendio<\/strong>, 1850, <strong>Gustave Courbet<\/strong> (Par\u00eds, Petit Palais)<\/em><\/figcaption><\/figure>\n<\/div>\n\n\n<p><em>Autodidacta, Courbet conoc\u00eda muy bien el Louvre y admiraba a los <a title=\"maestros holandeses del siglo XVII\" href=\"https:\/\/www.aparences.net\/es\/periodos\/pintura-barroca\/\">maestros holandeses del siglo XVII<\/a>, especialmente a <strong>Rembrandt<\/strong>, en cuyo cuadro \u00abLa Ronda de noche\u00bb, se inspir\u00f3 para esta tela.<br><\/em><\/p>\n\n\n\n<p>De mayo a septiembre de 1854, <strong>Courbet<\/strong> residi\u00f3 en Montpellier, en casa de su mecenas, el coleccionista <strong>Alfred Bruyas<\/strong>. \u00c9ste hab\u00eda comprado en el Sal\u00f3n del a\u00f1o anterior una de las obras m\u00e1s controvertidas del artista, <em>Las ba\u00f1istas<\/em>. Refiri\u00e9ndose a esta obra Courbet dec\u00eda: \u00abeste cuadro representa una fase curiosa de mi vida, es la iron\u00eda\u00bb. Durante los cuatro meses que dura su estancia en Montpellier, realiza cuadros fieles al esp\u00edritu de esta nueva tendencia pict\u00f3rica, teorizada por el <strong>cr\u00edtico de arte Champfleury<\/strong> quien le da el nombre de realismo. El cuadro <em>El encuentro<\/em> inmortaliza la llegada de Courbet a Montpellier invitado por su amigo. De hecho esta escena ficticia evoca simb\u00f3licamente un acuerdo t\u00e1cito entre los dos hombres: Bruyas encuentra su lugar en la sociedad como coleccionista y mecenas; Courbet necesita apoyo moral y financiero para preservar su libertad de artista. Los dos est\u00e1n convencidos de la importancia del <a href=\"https:\/\/www.aparences.net\/es\/periodos\/el-realismo\/el-estilo-realista\/\" data-type=\"link\" data-id=\"https:\/\/www.aparences.net\/es\/periodos\/el-realismo\/el-estilo-realista\/\">Realismo<\/a> para el futuro de la pintura: \u00abNo somos nosotros, son nuestras soluciones las que han provocado el encuentro\u00bb escribe Courbet a Bruyas el 3 de mayo de 1854.<\/p>\n\n\n<div class=\"wp-block-image\">\n<figure class=\"aligncenter\"><img decoding=\"async\" src=\"https:\/\/www.aparences.net\/wp-content\/uploads\/2013\/01\/courbet-la-rencontre.jpg\" alt=\"El encuentro o \u00a1Buenos d\u00edas, se\u00f1or Courbet!, 1854, Gustave Courbet\" title=\"El encuentro o \u00a1Buenos d\u00edas, se\u00f1or Courbet!, 1854, Gustave Courbet\"\/><figcaption class=\"wp-element-caption\"><em><strong>El encuentro o \u00a1Buenos d\u00edas, se\u00f1or Courbet!<\/strong>, 1854, <strong>Gustave Courbet<\/strong> (Montpellier, museo Fabre)<\/em><\/figcaption><\/figure>\n<\/div>\n\n\n<p><em>Cuadro emblem\u00e1tico de la colecci\u00f3n Bruyas, inmortaliza la llegada de Courbet a Montpellier. La altanera actitud del pintor saludando de forma condescendiente a su mecenas, las posturas respetuosas de Bruyas y de su criado, provoc\u00f3 algunas cr\u00edticas.<br><\/em><\/p>\n\n\n<div class=\"wp-block-image\">\n<figure class=\"aligncenter\"><img loading=\"lazy\" decoding=\"async\" width=\"558\" height=\"410\" src=\"https:\/\/www.aparences.net\/wp-content\/uploads\/2013\/02\/courbet-paysans-de-flagey.jpg\" alt=\"Los campesinos de Flagey, 1850 - 1855, Gustave Courbet\" class=\"wp-image-20600\" title=\"Los campesinos de Flagey, 1850 - 1855, Gustave Courbet\" srcset=\"https:\/\/www.aparences.net\/wp-content\/uploads\/2013\/02\/courbet-paysans-de-flagey.jpg 558w, https:\/\/www.aparences.net\/wp-content\/uploads\/2013\/02\/courbet-paysans-de-flagey-160x118.jpg 160w\" sizes=\"auto, (max-width: 558px) 100vw, 558px\" \/><figcaption class=\"wp-element-caption\"><em><strong>Los campesinos de Flagey<\/strong>, 1850 &#8211; 1855, <strong>Gustave Courbet<\/strong>, (Ornans, Mus\u00e9e Courbet<\/em>)<\/figcaption><\/figure>\n<\/div>\n\n\n<!-- AdBoxLeft2023 --><ins class=\"adsbygoogle\" style=\"display:block\" data-ad-client=\"ca-pub-2468002815867636\" data-ad-slot=\"1318022963\" data-ad-format=\"auto\" data-full-width-responsive=\"true\"><\/ins><script> (adsbygoogle = window.adsbygoogle || []).push({});<\/script><h2 class=\"wp-block-heading\">El taller de Courbet<\/h2>\n\n\n\n<p><strong>El autorretrato se convierte en el manifiesto<\/strong> de una nueva forma de comprender el rol del artista en la sociedad. <strong>Courbet<\/strong> sentado delante del caballete pinta un paisaje; a su lado, una modelo desnuda, un gato blanco y un ni\u00f1o, s\u00edmbolos de pureza y de ingenuidad. Alrededor se sit\u00faan dos grupos sim\u00e9tricos de personajes de la vida cotidiana, pertenecientes a distintos grupos sociales, como el eterno conflicto entre vencidos y vencedores, entre ricos y pobres. El artista, situado en el centro, es el int\u00e9rprete y el mediador de esta realidad: la pintura se carga as\u00ed de significados ideol\u00f3gicos y morales. En ella, Courbet pone de manifiesto su inter\u00e9s para la actualidad y al mismo tiempo desarrolla una simbolog\u00eda muy precisa. A la izquierda, un cazador furtivo con su perro (la Caza) contempla con desprecio un sombrero de plumas negras y un pu\u00f1al que hay en el suelo, s\u00edmbolos de la poes\u00eda rom\u00e1ntica. Una calavera encima de un peri\u00f3dico (los peri\u00f3dicos seg\u00fan Proudhon son \u00ablos cementerios de las ideas\u00bb). Una mujer (la Miseria) amamanta a su hijo. Detr\u00e1s, un rabino encarna la religi\u00f3n Jud\u00eda. Al fondo, un jud\u00edo (el Negocio) presenta un trozo de tela a un comerciante. A su lado, un payaso (el Teatro) y un sacerdote (la religi\u00f3n Cat\u00f3lica). En el mismo lado, un segador y un labrador (la Vida campesina), un obrero sin trabajo (el Paro), un sepulturero (la Muerte), una prostituta (la Vida). En el grupo de la derecha se encuentran: <strong>Baudelaire<\/strong> (la Poes\u00eda), una mujer y su marido de visita al taller (dos Amateurs mundanos). Se puede reconocer tambi\u00e9n a: <strong>Champfleury<\/strong> (la Prosa), <strong>Proudhon<\/strong> (la Filosof\u00eda social), <strong>Promayet<\/strong> (la M\u00fasica), <strong>Max Bouchon<\/strong> (la Poes\u00eda realista), <strong>Bruyas<\/strong> (el mecenas de la pintura realista).<\/p>\n\n\n<div class=\"wp-block-image\">\n<figure class=\"aligncenter\"><img loading=\"lazy\" decoding=\"async\" width=\"650\" height=\"382\" src=\"https:\/\/www.aparences.net\/wp-content\/uploads\/2013\/02\/courbet-atelier-peintre.jpg\" alt=\"El taller del pintor, 1855, Gustave Courbet\" class=\"wp-image-20246\" title=\"El taller del pintor, 1855, Gustave Courbet\" srcset=\"https:\/\/www.aparences.net\/wp-content\/uploads\/2013\/02\/courbet-atelier-peintre.jpg 650w, https:\/\/www.aparences.net\/wp-content\/uploads\/2013\/02\/courbet-atelier-peintre-160x94.jpg 160w\" sizes=\"auto, (max-width: 650px) 100vw, 650px\" \/><figcaption class=\"wp-element-caption\"><em><strong>El taller del pintor<\/strong>, 1855, <strong>Gustave Courbet<\/strong> (Par\u00eds, museo de Orsay)<\/em><\/figcaption><\/figure>\n<\/div>\n\n\n<p><em>Titulado as\u00ed por el artista : \u00abEl taller del pintor, alegor\u00eda real que determina una fase de siete a\u00f1os de mi vida art\u00edstica\u00bb, el pintor se representa rodeado de sus modelos y de sus amigos. Evita cualquier \u00e9nfasis solemne y la atm\u00f3sfera clasicisante tradicional asociada a la imagen del artista trabajando. A trav\u00e9s de los personajes representados a la izquierda, Courbet describe diferentes tipos representativos de la sociedad contempor\u00e1nea. A la derecha, al contrario, aparecen los retratos de algunos de sus amigos, como Baudelaire (la Poes\u00eda) sumergido en su lectura y que hizo borrar la imagen de su amante que Courbet hab\u00eda pintado a su lado, o el pensador anarquista Pierre Joseph Proudhon (la Filosof\u00eda social).<br><\/em><\/p>\n","protected":false},"excerpt":{"rendered":"<p>Courbet represent\u00f3 numerosas escenas de la vida burguesa y campesina que transcurren en Ornans<\/p>\n","protected":false},"author":2,"featured_media":26346,"comment_status":"closed","ping_status":"closed","sticky":false,"template":"","format":"standard","meta":{"footnotes":""},"categories":[2898],"tags":[3995,3992,3983,3993,3990,3648],"class_list":["post-13411","post","type-post","status-publish","format-standard","has-post-thumbnail","hentry","category-el-realismo","tag-comuna-de-paris","tag-el-taller-de-courbet","tag-gustave-courbet","tag-movimiento-realista","tag-proudhon","tag-realismo"],"yoast_head":"<!-- This site is optimized with the Yoast SEO plugin v27.2 - https:\/\/yoast.com\/product\/yoast-seo-wordpress\/ -->\n<title>Gustave Courbet<\/title>\n<meta name=\"description\" content=\"Courbet represent\u00f3 numerosas escenas de la vida burguesa y campesina que transcurren en Ornans\" \/>\n<meta name=\"robots\" content=\"index, follow, max-snippet:-1, max-image-preview:large, max-video-preview:-1\" \/>\n<link rel=\"canonical\" href=\"https:\/\/www.aparences.net\/es\/periodos\/el-realismo\/gustave-courbet\/\" \/>\n<meta property=\"og:locale\" content=\"es_ES\" \/>\n<meta property=\"og:type\" content=\"article\" \/>\n<meta property=\"og:title\" content=\"Gustave Courbet\" \/>\n<meta property=\"og:description\" content=\"Courbet represent\u00f3 numerosas escenas de la vida burguesa y campesina que transcurren en Ornans\" \/>\n<meta property=\"og:url\" content=\"https:\/\/www.aparences.net\/es\/periodos\/el-realismo\/gustave-courbet\/\" \/>\n<meta property=\"og:site_name\" content=\"Aparences\" \/>\n<meta property=\"article:published_time\" content=\"2013-02-04T09:57:10+00:00\" \/>\n<meta property=\"article:modified_time\" content=\"2025-12-11T18:40:56+00:00\" \/>\n<meta property=\"og:image\" content=\"https:\/\/www.aparences.net\/wp-content\/uploads\/2013\/02\/guastave-courbet.jpg\" \/>\n\t<meta property=\"og:image:width\" content=\"1080\" \/>\n\t<meta property=\"og:image:height\" content=\"540\" \/>\n\t<meta property=\"og:image:type\" content=\"image\/jpeg\" \/>\n<meta name=\"author\" content=\"admin\" \/>\n<meta name=\"twitter:card\" content=\"summary_large_image\" \/>\n<meta name=\"twitter:label1\" content=\"Escrito por\" \/>\n\t<meta name=\"twitter:data1\" content=\"admin\" \/>\n\t<meta name=\"twitter:label2\" content=\"Tiempo de lectura\" \/>\n\t<meta name=\"twitter:data2\" content=\"10 minutos\" \/>\n<script type=\"application\/ld+json\" class=\"yoast-schema-graph\">{\"@context\":\"https:\/\/schema.org\",\"@graph\":[{\"@type\":\"Article\",\"@id\":\"https:\/\/www.aparences.net\/es\/periodos\/el-realismo\/gustave-courbet\/#article\",\"isPartOf\":{\"@id\":\"https:\/\/www.aparences.net\/es\/periodos\/el-realismo\/gustave-courbet\/\"},\"author\":{\"name\":\"admin\",\"@id\":\"https:\/\/www.aparences.net\/es\/#\/schema\/person\/af349f6ffc31b16c68963e61268afca5\"},\"headline\":\"Gustave Courbet\",\"datePublished\":\"2013-02-04T09:57:10+00:00\",\"dateModified\":\"2025-12-11T18:40:56+00:00\",\"mainEntityOfPage\":{\"@id\":\"https:\/\/www.aparences.net\/es\/periodos\/el-realismo\/gustave-courbet\/\"},\"wordCount\":1938,\"publisher\":{\"@id\":\"https:\/\/www.aparences.net\/es\/#organization\"},\"image\":{\"@id\":\"https:\/\/www.aparences.net\/es\/periodos\/el-realismo\/gustave-courbet\/#primaryimage\"},\"thumbnailUrl\":\"https:\/\/www.aparences.net\/wp-content\/uploads\/2013\/02\/guastave-courbet.jpg\",\"keywords\":[\"Comuna de Par\u00eds\",\"El taller de Courbet\",\"Gustave Courbet\",\"movimiento realista\",\"Proudhon\",\"realismo\"],\"articleSection\":[\"El Realismo\"],\"inLanguage\":\"es\"},{\"@type\":[\"WebPage\",\"ItemPage\"],\"@id\":\"https:\/\/www.aparences.net\/es\/periodos\/el-realismo\/gustave-courbet\/\",\"url\":\"https:\/\/www.aparences.net\/es\/periodos\/el-realismo\/gustave-courbet\/\",\"name\":\"Gustave Courbet\",\"isPartOf\":{\"@id\":\"https:\/\/www.aparences.net\/es\/#website\"},\"primaryImageOfPage\":{\"@id\":\"https:\/\/www.aparences.net\/es\/periodos\/el-realismo\/gustave-courbet\/#primaryimage\"},\"image\":{\"@id\":\"https:\/\/www.aparences.net\/es\/periodos\/el-realismo\/gustave-courbet\/#primaryimage\"},\"thumbnailUrl\":\"https:\/\/www.aparences.net\/wp-content\/uploads\/2013\/02\/guastave-courbet.jpg\",\"datePublished\":\"2013-02-04T09:57:10+00:00\",\"dateModified\":\"2025-12-11T18:40:56+00:00\",\"description\":\"Courbet represent\u00f3 numerosas escenas de la vida burguesa y campesina que transcurren en Ornans\",\"breadcrumb\":{\"@id\":\"https:\/\/www.aparences.net\/es\/periodos\/el-realismo\/gustave-courbet\/#breadcrumb\"},\"inLanguage\":\"es\",\"potentialAction\":[{\"@type\":\"ReadAction\",\"target\":[\"https:\/\/www.aparences.net\/es\/periodos\/el-realismo\/gustave-courbet\/\"]}]},{\"@type\":\"ImageObject\",\"inLanguage\":\"es\",\"@id\":\"https:\/\/www.aparences.net\/es\/periodos\/el-realismo\/gustave-courbet\/#primaryimage\",\"url\":\"https:\/\/www.aparences.net\/wp-content\/uploads\/2013\/02\/guastave-courbet.jpg\",\"contentUrl\":\"https:\/\/www.aparences.net\/wp-content\/uploads\/2013\/02\/guastave-courbet.jpg\",\"width\":1080,\"height\":540},{\"@type\":\"BreadcrumbList\",\"@id\":\"https:\/\/www.aparences.net\/es\/periodos\/el-realismo\/gustave-courbet\/#breadcrumb\",\"itemListElement\":[{\"@type\":\"ListItem\",\"position\":1,\"name\":\"Portada\",\"item\":\"https:\/\/www.aparences.net\/es\/\"},{\"@type\":\"ListItem\",\"position\":2,\"name\":\"Gustave Courbet\"}]},{\"@type\":\"WebSite\",\"@id\":\"https:\/\/www.aparences.net\/es\/#website\",\"url\":\"https:\/\/www.aparences.net\/es\/\",\"name\":\"Aparences: Historia del Arte y Actualidad Cultural\",\"description\":\"\",\"publisher\":{\"@id\":\"https:\/\/www.aparences.net\/es\/#organization\"},\"potentialAction\":[{\"@type\":\"SearchAction\",\"target\":{\"@type\":\"EntryPoint\",\"urlTemplate\":\"https:\/\/www.aparences.net\/es\/?s={search_term_string}\"},\"query-input\":{\"@type\":\"PropertyValueSpecification\",\"valueRequired\":true,\"valueName\":\"search_term_string\"}}],\"inLanguage\":\"es\"},{\"@type\":\"Organization\",\"@id\":\"https:\/\/www.aparences.net\/es\/#organization\",\"name\":\"Aparences: Historia del Arte y Actualidad Cultural\",\"url\":\"https:\/\/www.aparences.net\/es\/\",\"logo\":{\"@type\":\"ImageObject\",\"inLanguage\":\"es\",\"@id\":\"https:\/\/www.aparences.net\/es\/#\/schema\/logo\/image\/\",\"url\":\"https:\/\/www.aparences.net\/wp-content\/uploads\/2023\/09\/logo-quadrat-color-e1695915315229.png\",\"contentUrl\":\"https:\/\/www.aparences.net\/wp-content\/uploads\/2023\/09\/logo-quadrat-color-e1695915315229.png\",\"width\":120,\"height\":120,\"caption\":\"Aparences: Historia del Arte y Actualidad Cultural\"},\"image\":{\"@id\":\"https:\/\/www.aparences.net\/es\/#\/schema\/logo\/image\/\"}},{\"@type\":\"Person\",\"@id\":\"https:\/\/www.aparences.net\/es\/#\/schema\/person\/af349f6ffc31b16c68963e61268afca5\",\"name\":\"admin\",\"url\":\"https:\/\/www.aparences.net\/es\/author\/admin\/\"}]}<\/script>\n<!-- \/ Yoast SEO plugin. -->","yoast_head_json":{"title":"Gustave Courbet","description":"Courbet represent\u00f3 numerosas escenas de la vida burguesa y campesina que transcurren en Ornans","robots":{"index":"index","follow":"follow","max-snippet":"max-snippet:-1","max-image-preview":"max-image-preview:large","max-video-preview":"max-video-preview:-1"},"canonical":"https:\/\/www.aparences.net\/es\/periodos\/el-realismo\/gustave-courbet\/","og_locale":"es_ES","og_type":"article","og_title":"Gustave Courbet","og_description":"Courbet represent\u00f3 numerosas escenas de la vida burguesa y campesina que transcurren en Ornans","og_url":"https:\/\/www.aparences.net\/es\/periodos\/el-realismo\/gustave-courbet\/","og_site_name":"Aparences","article_published_time":"2013-02-04T09:57:10+00:00","article_modified_time":"2025-12-11T18:40:56+00:00","og_image":[{"width":1080,"height":540,"url":"https:\/\/www.aparences.net\/wp-content\/uploads\/2013\/02\/guastave-courbet.jpg","type":"image\/jpeg"}],"author":"admin","twitter_card":"summary_large_image","twitter_misc":{"Escrito por":"admin","Tiempo de lectura":"10 minutos"},"schema":{"@context":"https:\/\/schema.org","@graph":[{"@type":"Article","@id":"https:\/\/www.aparences.net\/es\/periodos\/el-realismo\/gustave-courbet\/#article","isPartOf":{"@id":"https:\/\/www.aparences.net\/es\/periodos\/el-realismo\/gustave-courbet\/"},"author":{"name":"admin","@id":"https:\/\/www.aparences.net\/es\/#\/schema\/person\/af349f6ffc31b16c68963e61268afca5"},"headline":"Gustave Courbet","datePublished":"2013-02-04T09:57:10+00:00","dateModified":"2025-12-11T18:40:56+00:00","mainEntityOfPage":{"@id":"https:\/\/www.aparences.net\/es\/periodos\/el-realismo\/gustave-courbet\/"},"wordCount":1938,"publisher":{"@id":"https:\/\/www.aparences.net\/es\/#organization"},"image":{"@id":"https:\/\/www.aparences.net\/es\/periodos\/el-realismo\/gustave-courbet\/#primaryimage"},"thumbnailUrl":"https:\/\/www.aparences.net\/wp-content\/uploads\/2013\/02\/guastave-courbet.jpg","keywords":["Comuna de Par\u00eds","El taller de Courbet","Gustave Courbet","movimiento realista","Proudhon","realismo"],"articleSection":["El Realismo"],"inLanguage":"es"},{"@type":["WebPage","ItemPage"],"@id":"https:\/\/www.aparences.net\/es\/periodos\/el-realismo\/gustave-courbet\/","url":"https:\/\/www.aparences.net\/es\/periodos\/el-realismo\/gustave-courbet\/","name":"Gustave Courbet","isPartOf":{"@id":"https:\/\/www.aparences.net\/es\/#website"},"primaryImageOfPage":{"@id":"https:\/\/www.aparences.net\/es\/periodos\/el-realismo\/gustave-courbet\/#primaryimage"},"image":{"@id":"https:\/\/www.aparences.net\/es\/periodos\/el-realismo\/gustave-courbet\/#primaryimage"},"thumbnailUrl":"https:\/\/www.aparences.net\/wp-content\/uploads\/2013\/02\/guastave-courbet.jpg","datePublished":"2013-02-04T09:57:10+00:00","dateModified":"2025-12-11T18:40:56+00:00","description":"Courbet represent\u00f3 numerosas escenas de la vida burguesa y campesina que transcurren en Ornans","breadcrumb":{"@id":"https:\/\/www.aparences.net\/es\/periodos\/el-realismo\/gustave-courbet\/#breadcrumb"},"inLanguage":"es","potentialAction":[{"@type":"ReadAction","target":["https:\/\/www.aparences.net\/es\/periodos\/el-realismo\/gustave-courbet\/"]}]},{"@type":"ImageObject","inLanguage":"es","@id":"https:\/\/www.aparences.net\/es\/periodos\/el-realismo\/gustave-courbet\/#primaryimage","url":"https:\/\/www.aparences.net\/wp-content\/uploads\/2013\/02\/guastave-courbet.jpg","contentUrl":"https:\/\/www.aparences.net\/wp-content\/uploads\/2013\/02\/guastave-courbet.jpg","width":1080,"height":540},{"@type":"BreadcrumbList","@id":"https:\/\/www.aparences.net\/es\/periodos\/el-realismo\/gustave-courbet\/#breadcrumb","itemListElement":[{"@type":"ListItem","position":1,"name":"Portada","item":"https:\/\/www.aparences.net\/es\/"},{"@type":"ListItem","position":2,"name":"Gustave Courbet"}]},{"@type":"WebSite","@id":"https:\/\/www.aparences.net\/es\/#website","url":"https:\/\/www.aparences.net\/es\/","name":"Aparences: Historia del Arte y Actualidad Cultural","description":"","publisher":{"@id":"https:\/\/www.aparences.net\/es\/#organization"},"potentialAction":[{"@type":"SearchAction","target":{"@type":"EntryPoint","urlTemplate":"https:\/\/www.aparences.net\/es\/?s={search_term_string}"},"query-input":{"@type":"PropertyValueSpecification","valueRequired":true,"valueName":"search_term_string"}}],"inLanguage":"es"},{"@type":"Organization","@id":"https:\/\/www.aparences.net\/es\/#organization","name":"Aparences: Historia del Arte y Actualidad Cultural","url":"https:\/\/www.aparences.net\/es\/","logo":{"@type":"ImageObject","inLanguage":"es","@id":"https:\/\/www.aparences.net\/es\/#\/schema\/logo\/image\/","url":"https:\/\/www.aparences.net\/wp-content\/uploads\/2023\/09\/logo-quadrat-color-e1695915315229.png","contentUrl":"https:\/\/www.aparences.net\/wp-content\/uploads\/2023\/09\/logo-quadrat-color-e1695915315229.png","width":120,"height":120,"caption":"Aparences: Historia del Arte y Actualidad Cultural"},"image":{"@id":"https:\/\/www.aparences.net\/es\/#\/schema\/logo\/image\/"}},{"@type":"Person","@id":"https:\/\/www.aparences.net\/es\/#\/schema\/person\/af349f6ffc31b16c68963e61268afca5","name":"admin","url":"https:\/\/www.aparences.net\/es\/author\/admin\/"}]}},"_links":{"self":[{"href":"https:\/\/www.aparences.net\/es\/wp-json\/wp\/v2\/posts\/13411","targetHints":{"allow":["GET"]}}],"collection":[{"href":"https:\/\/www.aparences.net\/es\/wp-json\/wp\/v2\/posts"}],"about":[{"href":"https:\/\/www.aparences.net\/es\/wp-json\/wp\/v2\/types\/post"}],"author":[{"embeddable":true,"href":"https:\/\/www.aparences.net\/es\/wp-json\/wp\/v2\/users\/2"}],"replies":[{"embeddable":true,"href":"https:\/\/www.aparences.net\/es\/wp-json\/wp\/v2\/comments?post=13411"}],"version-history":[{"count":0,"href":"https:\/\/www.aparences.net\/es\/wp-json\/wp\/v2\/posts\/13411\/revisions"}],"wp:featuredmedia":[{"embeddable":true,"href":"https:\/\/www.aparences.net\/es\/wp-json\/wp\/v2\/media\/26346"}],"wp:attachment":[{"href":"https:\/\/www.aparences.net\/es\/wp-json\/wp\/v2\/media?parent=13411"}],"wp:term":[{"taxonomy":"category","embeddable":true,"href":"https:\/\/www.aparences.net\/es\/wp-json\/wp\/v2\/categories?post=13411"},{"taxonomy":"post_tag","embeddable":true,"href":"https:\/\/www.aparences.net\/es\/wp-json\/wp\/v2\/tags?post=13411"}],"curies":[{"name":"wp","href":"https:\/\/api.w.org\/{rel}","templated":true}]}}