{"id":13443,"date":"2013-09-15T17:36:03","date_gmt":"2013-09-15T15:36:03","guid":{"rendered":"https:\/\/www.aparences.net\/art-et-mecenat\/renaissance-et-vie-privee\/la-moda-en-el-siglo-xv\/"},"modified":"2025-12-11T19:40:56","modified_gmt":"2025-12-11T18:40:56","slug":"la-moda-en-el-siglo-xv","status":"publish","type":"post","link":"https:\/\/www.aparences.net\/es\/arte-y-mecenazgo\/renacimiento-y-vida-privada\/la-moda-en-el-siglo-xv\/","title":{"rendered":"La moda en el siglo XV"},"content":{"rendered":"<p><!--contents--><\/p>\n\n\n<h2 class=\"wp-block-heading\">El traje<\/h2>\n\n\n\n<p><strong>Uno de los elementos caracter\u00edsticos del arte del<\/strong> <a title=\"Quattrocento\" href=\"https:\/\/www.aparences.net\/es\/periodos\/el-quattrocento\/\">Quattrocento<\/a> <strong>se encuentran en la moda<\/strong>, que es elegante y refinada, sobria, luminosa, lineal. Se adapta y exalta a los hombres y las mujeres que viven en el mundo imaginado por los humanistas, en la ciudad ideal concebida por los nuevos arquitectos.<\/p>\n\n\n\n<p> Cuando el antiguo sistema feudal que prevaleci\u00f3 durante mucho tiempo se desmorona en toda Europa, con consecuencias importantes en todos los \u00e1mbitos, <strong>cuando la actividad comercial del<\/strong> <a title=\"Trecento\" href=\"https:\/\/www.aparences.net\/es\/periodos\/el-trecento\/\">Trecento<\/a> <strong>se consolida<\/strong>, los banqueros ricos y poderosos van a sentar las bases de las futuras se\u00f1or\u00edas. Har\u00e1n decorar sus casas, todav\u00eda sin muebles, con decoraciones diversas, cambiar\u00e1n tambi\u00e9n la forma de la indumentaria en particular la de los hombres: se utiliza el jub\u00f3n acolchado (<em>zuparello<\/em>) con mangas amovibles, acuchilladas o rasgadas para dejar ver la camisa u otro tejido en su parte interior. En invierno se llevaba una casaca (<em>giornea<\/em>) o un abrigo con mangas abullonadas. Las mujeres llevaban para las grandes ocasiones vestidos con una larga cola. Esta \u00abcola\u00bb indignaba a los predicadores y a los legisladores que quer\u00edan acortarla. San Bernardino de Siena estimaba que hac\u00eda parecer a la mujer a un animal \u201cfangoso en invierno, polvoriento en verano\u201d. Comparaba este ap\u00e9ndice a una \u00abescoba de bruja, un incensario infernal\u201d. Los que contraven\u00edan las leyes suntuarias ten\u00edan que pagar fuertes multas que se inscrib\u00edan en los registros apropiados.<\/p>\n\n\n<div class=\"wp-block-image\">\n<figure class=\"aligncenter\"><img decoding=\"async\" src=\"https:\/\/www.aparences.net\/wp-content\/uploads\/2012\/09\/ghirlandaio-chap-tornabuoni.jpg\" alt=\"Dos damas florentinas, Domenico Ghirlandaio\" title=\"Dos damas florentinas, Domenico Ghirlandaio\"\/><figcaption class=\"wp-element-caption\"><em><strong>Dos damas florentinas<\/strong> en el fresco \u201cEl Matrimonio de la Virgen\u201d de <strong>Domenico Ghirlandaio<\/strong>, siglo XV (Florencia, Santa Maria Novella)<\/em><\/figcaption><\/figure>\n<\/div>\n\n\n<p>A pesar de la promulgaci\u00f3n regular de leyes suntuarias contra los gastos innecesarios, sobre todo los de la vestimenta, el lujo conservaba una irresistible atracci\u00f3n. <strong>De la misma manera que<\/strong> <a title=\"palacios renacentistas\" href=\"https:\/\/www.aparences.net\/es\/arte-y-mecenazgo\/renacimiento-y-vida-privada\/la-vivienda-en-el-renacimiento\/\">los palacios<\/a>, <strong>los caballos y las carrozas, la ropa respond\u00eda al deseo de brillar en sociedad<\/strong>. Se buscaron nuevos tejidos preciosos (en el siglo XV, la seda suplant\u00f3 a la lana, m\u00e1s humilde y usual, que hab\u00eda enriquecido Florencia en la Edad Media); tejidos ligeros no trabajados como el tafet\u00e1n, o espesos como el terciopelo, los brocados con hilos de oro, el damasco, se pusieron de moda.<\/p>\n\n\n<div class=\"wp-block-image\">\n<figure class=\"aligncenter\"><img decoding=\"async\" src=\"https:\/\/www.aparences.net\/wp-content\/uploads\/2012\/09\/fra-carnevale.jpg\" alt=\"El nacimiento de la Virgen, c.1465, Fra Carnevale\" title=\"El nacimiento de la Virgen, c.1465, Fra Carnevale\"\/><figcaption class=\"wp-element-caption\"><em><strong>El nacimiento de la Virgen<\/strong>, c.1465, <strong>Fra Carnevale<\/strong> <\/em><br><em>(Nueva York, Metropolitan Museum)<\/em><\/figcaption><\/figure>\n<\/div>\n\n<div class=\"wp-block-image\">\n<figure class=\"aligncenter\"><img decoding=\"async\" src=\"https:\/\/www.aparences.net\/wp-content\/uploads\/2012\/09\/ecole-ghirlandaio-homme.jpg\" alt=\"Retrato de joven, c.1495, escuela de Domenico Ghirlandaio\" title=\"Retrato de joven, c.1495, escuela de Domenico Ghirlandaio\"\/><figcaption class=\"wp-element-caption\"><em><strong>Retrato de joven<\/strong>, c.1495, <\/em><br><em><strong>escuela de Domenico Ghirlandaio<\/strong> <\/em><br><em>(San Marino, California, The Huntington Library) <\/em><\/figcaption><\/figure>\n<\/div>\n\n\n<p><em>El joven del retrato  lleva una t\u00fanica roja sin mangas (giornea) y lleva un gorro (beretta) de color rojo intenso.<br><\/em><\/p>\n\n\n\n<p>M\u00e1s tarde, <a href=\"https:\/\/www.aparences.net\/es\/periodos\/el-alto-renacimiento-en-pintura\/#leonardo-da-vinci:-florencia,-mil%C3%A1n,-amboise\">Leonardo de Vinci<\/a> <strong>presinti\u00f3 que la ropa acabar\u00eda por \u201cabrazar la forma del cuerpo con gracia y sencillez<\/strong> sin aplastarlo con pliegues artificiales\u201d. Como anta\u00f1o, se apreciaba el color (el empleo de nuevos colorantes era reciente). En Florencia, se prefer\u00eda el tejido rosado. <a title=\"Cosme de M\u00e9dicis\" href=\"https:\/\/www.aparences.net\/es\/arte-y-mecenazgo\/florencia-y-los-medicis\/cosme-el-viejo\/\">Cosme de M\u00e9dicis<\/a> <strong>gustaba decir que \u201cdos varas de tela rosada\u201d distingu\u00edan al hombre de bien<\/strong> y convert\u00edan al burgu\u00e9s en engre\u00eddo pero elegante. No fue hasta el siglo XVI que se difundi\u00f3 la moda del color negro; lanzada al origen en Venecia, despu\u00e9s evocando Espa\u00f1a, dominaba en el siglo siguiente.<\/p>\n\n\n<div class=\"wp-block-image\">\n<figure class=\"aligncenter\"><img decoding=\"async\" src=\"https:\/\/www.aparences.net\/wp-content\/uploads\/2012\/09\/joachim-chasse-temple.jpg\" alt=\"Joaqu\u00edn expulsado del Templo, Domenico Ghirlandaio\" title=\"Joaqu\u00edn expulsado del Templo, Domenico Ghirlandaio\"\/><figcaption class=\"wp-element-caption\"><em>Grupo de hombres en el fresco \u201c<strong>Joaqu\u00edn expulsado del Templo<\/strong>\u201d de <strong>Domenico Ghirlandaio<\/strong>, siglo XV (Florencia, Santa Maria Novella)<\/em><\/figcaption><\/figure>\n<\/div>\n\n\n<p>Los sastres ejercieron un rol muy modesto, casi marginal, y pagaban pocos impuestos. No fueron representados ni siquiera por una corporaci\u00f3n independiente. Al finalizar el siglo XIII, formaron parte del arte de los ropavejeros junto con los lineros (industria del lino); en el siglo XIV, se asociaron con los tintoreros y cardadores, y despu\u00e9s, nuevamente en 1415, se los encuentra con los ropavejeros y lineros. <strong>El oficio de sastre no recibe sus letras de nobleza que en el siglo XVI<\/strong>, cuando la moda exigi\u00f3 tener conocimientos de corte.<\/p>\n\n\n<div class=\"wp-block-image\">\n<figure class=\"aligncenter\"><img decoding=\"async\" src=\"https:\/\/www.aparences.net\/wp-content\/uploads\/2012\/09\/morone-tailleur.jpg\" alt=\"Retrato de un hombre (El sastre), c.1570, Giovanni Battista Moroni\" title=\"Retrato de un hombre (El sastre), c.1570, Giovanni Battista Moroni\"\/><figcaption class=\"wp-element-caption\"><em><strong>Retrato de un hombre (El sastre)<\/strong>, c. 1570, <\/em><br><em><strong>Giovanni Battista Moroni<\/strong>, (Londres, National Gallery)<\/em><\/figcaption><\/figure>\n<\/div>\n\n\n<p><em>Esta representaci\u00f3n sobria y afable de un sastre en su trabajo es sin embargo \u00fanica en su g\u00e9nero. El sastre se dispone a cortar un tejido negro espa\u00f1ol entonces a la moda. Lleva unas calzas acuchilladas de tejido rojo y un jub\u00f3n beige menos a la moda, pero realzado sin embargo con una gorguera espa\u00f1ola.<\/em><\/p>\n\n\n\n<!-- AdBoxRight2020 --><ins class=\"adsbygoogle\"     style=\"display:block; margin-top:30px;\"     data-ad-client=\"ca-pub-2468002815867636\"     data-ad-slot=\"3496014735\"     data-ad-format=\"auto\"     data-full-width-responsive=\"false\"><\/ins><script> (adsbygoogle = window.adsbygoogle || []).push({});<\/script><h2 class=\"wp-block-heading\">Peinados y sombreros<\/h2>\n\n\n\n<p>En la cabeza, <strong>los florentinos hab\u00edan llevado hasta entonces un<\/strong> <a title=\"mazzocchio Ucello\" href=\"https:\/\/www.aparences.net\/es\/periodos\/el-quattrocento\/paolo-uccello\/#el-mazzocchio-de-paolo-uccello\"><em>mazzocchio<\/em><\/a>, especie de rodete recubierto de tela y una <em>foggia<\/em> que ca\u00eda a lo largo de la mejilla izquierda sobre el hombro y se prolongaba por un <em>becchetto<\/em> que llegaba hasta los talones o se anudaba en torno al cuello en tiempo fr\u00edo. En el siglo XV, se reemplaz\u00f3 este tocado pasado de moda por un gorro c\u00f3nico relativamente elevado cuyo borde posterior se levantaba manteni\u00e9ndolo hacia la parte delantera.<\/p>\n\n\n<div class=\"wp-block-image\">\n<figure class=\"aligncenter\"><img decoding=\"async\" src=\"https:\/\/www.aparences.net\/wp-content\/uploads\/2012\/09\/della-francesca-uccello.jpg\" alt=\"Retrato de joven, 1440-1442, Paolo Uccello\" title=\"Retrato de joven, 1440-1442, Paolo Uccello\"\/><figcaption class=\"wp-element-caption\"><em>Joven en el fresco <strong>Encuentro de Salom\u00f3n y la reina de Saba<\/strong> de <a href=\"https:\/\/www.aparences.net\/es\/arte-y-mecenazgo\/los-fresquistas-florentinos\/piero-della-francesca-historia-de-una-sintesis\/\">Piero della Francesca<\/a> (Arezzo, San Francesco); <strong>Retrato de un joven<\/strong>, 1440-1442, <a href=\"https:\/\/www.aparences.net\/es\/periodos\/el-quattrocento\/paolo-uccello\/\">Paolo Uccello<\/a> (Chamb\u00e9ry, Museo de Bellas Artes)<\/em><\/figcaption><\/figure>\n<\/div>\n\n<div class=\"wp-block-image\">\n<figure class=\"aligncenter\"><img decoding=\"async\" src=\"https:\/\/www.aparences.net\/wp-content\/uploads\/2012\/09\/veneziano-adoration.jpg\" alt=\"sombreros Renacimiento, Domenico Veneziano\" title=\"sombreros Renacimiento, Domenico Veneziano\"\/><figcaption class=\"wp-element-caption\"><em><strong>Detalle de distintas formas de sombrero<\/strong> en La adoraci\u00f3n de los Magos de <strong>Domenico Veneziano<\/strong>, 1439-41 (Berl\u00edn, Staatliche Museen)<\/em><\/figcaption><\/figure>\n<\/div>\n\n\n<p>A principios del siglo XIV, los hombres generalmente se afeitaban; despu\u00e9s <strong>los<\/strong> <em><a title=\"condottieri\" href=\"https:\/\/www.aparences.net\/es\/arte-y-mecenazgo\/el-mecenazgo-en-urbino\/armas-y-letras-urbino-bajo-federico-da-montefeltro\/\">condottieri<\/a><\/em> <strong>de las grandes compa\u00f1\u00edas francesas y alemanas difundieron la moda de la barba<\/strong>. En el siglo XV, los hombres se afeitaron nuevamente y se dejaron crecer el cabello; hacia finales de siglo, la barba reapareci\u00f3, espesa y cortada con diferentes formas.<\/p>\n\n\n<div class=\"wp-block-image\">\n<figure class=\"aligncenter\"><img decoding=\"async\" src=\"https:\/\/www.aparences.net\/wp-content\/uploads\/2012\/09\/pollaiolo-dessin-garcon.jpg\" alt=\"Retrato de un joven, 1470-1480, Antonio del Pollaiuolo\" title=\"Retrato de un joven, 1470-1480, Antonio del Pollaiuolo\"\/><figcaption class=\"wp-element-caption\"><em><strong>Retrato de un joven<\/strong>, 1470-1480, <\/em><em><strong>Antonio del Pollaiuolo<\/strong> (Dubl\u00edn, National Gallery of Ireland)<\/em><\/figcaption><\/figure>\n<\/div>\n\n\n<p><em>Entre los pintores y los escultores, la belleza masculina ten\u00eda la misma popularidad que la belleza femenina. Muy a menudo los \u201cgarzoni\u201d serv\u00edan de modelo y sus rasgos se idealizaban. Aqu\u00ed, el joven es presentado de perfil, la mirada orgullosa e intensa, la nariz recta y su abundante cabellera est\u00e1 cubierta parcialmente por un tocado a la moda.<\/em><\/p>\n\n\n\n<p><strong>Tal como los muestran los numerosos<\/strong> <a href=\"https:\/\/www.aparences.net\/es\/arte-y-mecenazgo\/el-retrato-en-el-renacimiento-italiano\/\">retratos del Renacimiento<\/a>, <strong>en el siglo XV, las mujeres se inspiraban de la moda francesa<\/strong>: adornos y rodetes levantados en pir\u00e1mide y mantenidos con peque\u00f1os arcos de mimbre o de paja. A menudo con una corona de cabellos postizos, el peinado se adornaba con finas cadenas de oro o de perlas, tambi\u00e9n con cintas, velos y joyas. El peinado adoptar\u00e1 a continuaci\u00f3n formas m\u00e1s sobrias, dividiendo los cabellos en dos bandas lisas separadas en medio de la frente, rodeado con una cinta adornada con piedras preciosas. El color ideal que se quiere dar tanto a los cabellos naturales como a los postizos, es el color rubio. Como el sol ten\u00eda la reputaci\u00f3n de te\u00f1ir de rubio la cabellera, hab\u00eda mujeres que expon\u00edan sus cabellos a pleno sol, permaneciendo as\u00ed durante largas horas; adem\u00e1s, se empleaban mordientes y otras mixturas para te\u00f1irlos.<\/p>\n\n\n<div class=\"wp-block-image\">\n<figure class=\"aligncenter\"><img decoding=\"async\" src=\"https:\/\/www.aparences.net\/wp-content\/uploads\/2012\/09\/di-cosimo-vespucci.png\" alt=\"Retrato de Simonetta Vespucci, 1485, Piero di Cosimo\" title=\"Retrato de Simonetta Vespucci, 1485, Piero di Cosimo\"\/><figcaption class=\"wp-element-caption\"><em><strong>Retrato de Simonetta Vespucci<\/strong>, 1485, <strong>Piero di Cosimo<\/strong> (Chantilly, Museo Cond\u00e9)<\/em><\/figcaption><\/figure>\n<\/div>\n\n<div class=\"wp-block-image\">\n<figure class=\"aligncenter\"><img decoding=\"async\" src=\"https:\/\/www.aparences.net\/wp-content\/uploads\/2012\/09\/antonio-pollaiolo-portrait.jpg\" alt=\"Retrato de mujer de perfil, c.1475, Antonio del Pollaiuolo, Berl\u00edn, Gem\u00e4ldegalerie\" title=\"Retrato de mujer de perfil, c.1475, Antonio del Pollaiuolo, Berl\u00edn, Gem\u00e4ldegalerie\"\/><figcaption class=\"wp-element-caption\"><em><strong>Retrato de mujer de perfil<\/strong>, c.1475, <strong>Antonio del Pollaiuolo<\/strong> (Berl\u00edn, Gem\u00e4ldegalerie)<\/em><\/figcaption><\/figure>\n<\/div>\n\n\n<p><em>La mujer de este retrato est\u00e1 situada de perfil sobre un fondo azul lapisl\u00e1zuli que subraya la pureza de sus rasgos y contrasta con el tejido precioso. El peinado es t\u00edpico de las damas florentinas del siglo XV.<\/em><\/p>\n\n\n\n<!-- AdBoxLeft2023 --><ins class=\"adsbygoogle\" style=\"display:block\" data-ad-client=\"ca-pub-2468002815867636\" data-ad-slot=\"1318022963\" data-ad-format=\"auto\" data-full-width-responsive=\"true\"><\/ins><script> (adsbygoogle = window.adsbygoogle || []).push({});<\/script><h2 class=\"wp-block-heading\">Las joyas<\/h2>\n\n\n\n<p>Los accesorios y sobre todo las joyas tuvieron tambi\u00e9n su importancia durante el Renacimiento. Las piedras preciosas y las perlas, que enriquecen los vestidos, presentan por otro lado la ventaja de poder adornar varios tipos de ropa, y no se alteran; finalmente, constituyen un capital nada despreciable. <strong>A principios del siglo XV, en Florencia exist\u00edan m\u00e1s de cien talleres de orfebrer\u00eda registrados<\/strong>. Las joyas ten\u00edan un significado particular para los ricos florentinos. Su belleza y su valor comercial era s\u00edmbolos del prestigio familiar, jugaban un rol muy importante en la <a title=\"concertaci\u00f3n de matrimonios\" href=\"https:\/\/www.aparences.net\/es\/arte-y-mecenazgo\/renacimiento-y-vida-privada\/la-sociedad-florentina\/\">concertaci\u00f3n de matrimonios<\/a>. Las mujeres que llevaban estas joyas conoc\u00edan sus connotaciones as\u00ed como su valor simb\u00f3lico. En el <em><strong>Retrato de Giovanna degli Albizzi Tornabuoni<\/strong><\/em>, sus joyas&nbsp; \u2013 un colgante con perlas, un broche y dos anillos \u2013 enfatizan su condici\u00f3n de esposa del joven Lorenzo Tornabuoni. Prestadas por la familia del esposo el d\u00eda de su petici\u00f3n de mano, Giovanna las llevar\u00e1 el d\u00eda de su boda y durante su corta vida de casada. La tradici\u00f3n florentina quer\u00eda que a la muerte de la esposa (Giovanna falleci\u00f3 del parto de su segundo hijo, s\u00f3lo dos a\u00f1os despu\u00e9s de que contrajera matrimonio), las joyas volvieran a la familia. En el retrato p\u00f3stumo realizado por <strong>Ghirlandaio<\/strong>, Giovanna lleva un vestido (<em>giornea<\/em>) decorado con una estilizada L de Lorenzo y el diamante, emblema de los Tornabuoni.<\/p>\n\n\n<div class=\"wp-block-image\">\n<figure class=\"aligncenter\"><img decoding=\"async\" src=\"https:\/\/www.aparences.net\/wp-content\/uploads\/2012\/09\/degli-albizzi-ghirlandaio.png\" alt=\"Giovanna degli Albizzi Tornabuoni, 1480-1490, Domenico Ghirlandaio\" title=\"Giovanna degli Albizzi Tornabuoni, 1480-1490, Domenico Ghirlandaio\"\/><figcaption class=\"wp-element-caption\"><em><strong>Retrato de Giovanna degli Albizzi Tornabuoni,<\/strong> 1480-1490, <strong>Domenico Ghirlandaio<\/strong> <\/em><br><em>(Madrid, Museo Thyssen-Bornemisza)<\/em><\/figcaption><\/figure>\n<\/div>\n\n\n<p>Otras <strong>joyas m\u00e1s modestas adornaban a las j\u00f3venes y adolescentes<\/strong>, regalos de sus padres, con gemas m\u00e1s humildes como el coral que en la iconograf\u00eda profana es invocado como un signo de protecci\u00f3n. Lindas ristras de perlas de coral rodeaban las gr\u00e1ciles cuellos o&nbsp; colgantes en forma de camafeo o en pendientes para las orejas. La joven pintada por el taller de Ghirlandaio (el maestro era el pintor de la <a title=\"vida ciudadana florentina\" href=\"https:\/\/www.aparences.net\/es\/periodos\/el-quattrocento\/la-pintura-narrativa-en-florencia-en-el-quattrocento\/#domenico-ghirlandaio-y-la-vida-ciudadana\">vida ciudadana florentina<\/a>) luce un collar de perlas de coral y una perla-bot\u00f3n, que cierra el velo transl\u00facido que cubre su escote.<\/p>\n\n\n<div class=\"wp-block-image\">\n<figure class=\"aligncenter\"><img decoding=\"async\" src=\"https:\/\/www.aparences.net\/wp-content\/uploads\/2012\/09\/atelier-ghirlandaio-jeune-f.jpg\" alt=\"Retrato de joven, c.1490-1494, taller de Domenico Ghirlandaio\" title=\"Retrato de joven, c.1490-1494, taller de Domenico Ghirlandaio\"\/><figcaption class=\"wp-element-caption\"><em><strong>Retrato de joven<\/strong>, c.1490-1494, <\/em><br><em><strong>taller de Domenico Ghirlandaio<\/strong>, (Lisboa, Museu Calouste)<\/em><\/figcaption><\/figure>\n<\/div>\n\n<div class=\"wp-block-image\">\n<figure class=\"aligncenter\"><img decoding=\"async\" src=\"https:\/\/www.aparences.net\/wp-content\/uploads\/2012\/09\/piero-pollaiolo-portrait.png\" alt=\"Retrato de mujer, c.1470, Piero del Pollaiuolo, Nueva York, Metropolitan Museum\" title=\"Retrato de mujer, c.1470, Piero del Pollaiuolo, Nueva York, Metropolitan Museum\"\/><figcaption class=\"wp-element-caption\"><em><strong>Retrato de mujer<\/strong>, c.1470, <strong>Piero del Pollaiuolo<\/strong> (Nueva York, Metropolitan Museum)<\/em><\/figcaption><\/figure>\n<\/div>\n\n\n<p><em>La mujer lleva un collar de perlas que sostiene un colgante de una rara belleza, con un \u00e1ngel en relieve colocado encima de un gran rub\u00ed. Un velo cubre sus orejas; perlas y piedras preciosas realzan delicadamente sus cabellos dorados.<\/em><\/p>\n\n\n\n<h2 class=\"wp-block-heading\">El maquillaje<\/h2>\n\n\n\n<p><strong>Las mujeres del Renacimiento mejoraron el arte nunca abandonado del maquillaje<\/strong>. En el <em>Libro dell\u2019arte<\/em> (c.1390) <a href=\"https:\/\/es.wikipedia.org\/wiki\/Cennino_Cennini\">Cennino Cennini<\/a> ense\u00f1aba la manera de maquillarse pero precisaba de esta curiosa manera: \u201cNo obstante te dir\u00e9 que si quieres conservar mucho tiempo tu tez con su propio color, l\u00e1vate s\u00f3lo con agua de la fuente, de pozo o de r\u00edo, y ten por cierto que toda otra agua manufacturada vuelve en poco tiempo fl\u00e1cida la piel de tu rostro, los dientes negros, y finalmente las mujeres envejecen antes de tiempo\u201d. A ellas les gusta depilarse (<strong>Boccaccio<\/strong>: <strong>las sirvientas \u201cdepilaban las cejas y la frente de las mujeres,<\/strong> les daban masaje en las mejillas y les embellec\u00edan la piel del cuello retirando ciertos pelos\u201d); todas quer\u00edan ser rubias y se peinaban con mucha imaginaci\u00f3n; algunas incluso utilizaban pelucas. En el busto del siglo XV <em><strong>La bella florentina<\/strong><\/em> en el Louvre, el ancho toque de rojo en las mejillas, as\u00ed como el rojo de los labios, hacen resaltar su tez de porcelana, que subraya sus rasgos. LLeva ligeras sombras en el ment\u00f3n, as\u00ed como bajo el p\u00e1rpado inferior. Su peinado est\u00e1 envuelto en cintas que sostienen al mismo tiempo la masa de sus cabellos. Su vestido en tejido precioso, el azul de su camisa y de su cintur\u00f3n, dan al conjunto una impresi\u00f3n de equilibrio y de gracia suprema.<\/p>\n\n\n<div class=\"wp-block-image\">\n<figure class=\"aligncenter\"><img decoding=\"async\" src=\"https:\/\/www.aparences.net\/wp-content\/uploads\/2012\/09\/buste-belle-florentine.jpg\" alt=\"La bella florentina, siglo XV siglo\" title=\"La bella florentina, siglo XV siglo\"\/><figcaption class=\"wp-element-caption\"><em><strong>La bella florentina<\/strong>, siglo XV siglo (Par\u00eds, museo del Louvre)<\/em><\/figcaption><\/figure>\n<\/div>\n\n\n<!-- AfterArticle2023 --><ins class=\"adsbygoogle\"     style=\"display:block;margin-bottom:5px;\"     data-ad-client=\"ca-pub-2468002815867636\"     data-ad-slot=\"3955176166\"     data-ad-format=\"auto\"     data-full-width-responsive=\"true\"><\/ins><script> (adsbygoogle = window.adsbygoogle || []).push({});<\/script><h2 class=\"wp-block-heading\">El lenguaje de los colores y de las telas<\/h2>\n\n\n\n<p>En la <a title=\"sociedad renacimiento\" href=\"https:\/\/www.aparences.net\/es\/arte-y-mecenazgo\/renacimiento-y-vida-privada\/la-sociedad-florentina\/\">sociedad de la \u00e9poca<\/a> <strong>los colores de los vestidos<\/strong>, los dorados y las distintas telas representaban elementos taxon\u00f3micos que <strong>permit\u00edan distinguir con precisi\u00f3n el estatus social<\/strong> y pol\u00edtico de un individuo en el seno de un grupo y de un grupo en la comunidad. Incluso la gente menos instruida sab\u00eda \u201cleer\u201d el significado de los colores: se trataba de una facultad com\u00fan en la vida cotidiana pero desprovista de apoyos escritos o al menos hasta mediados del siglo XV. El lenguaje de los colores pose\u00eda una gram\u00e1tica hecha de intercambios, de combinaciones y de asociaciones; este lenguaje serv\u00eda, sobre todo con ocasi\u00f3n de ceremonias p\u00fablicas, a manifestar el acuerdo o el desacuerdo, a declarar su amor o expresar su aversi\u00f3n. El ojo experto del hombre medieval llegaba a determinar el valor de un vestido \u2013 por la presencia de materias preciosas tales como los hilos de oro o de plata, las perlas o los bordados, pero tambi\u00e9n por la brillantez y la solidez de los colores \u2013 y sobre todo a clasificar las telas seg\u00fan un orden preciso. Sab\u00eda reconocer a los indiv\u00edduos que viv\u00edan de la liberalidad de los se\u00f1ores en las \u201ccalzas de la librea\u201d, es decir en los colores escogidos por el se\u00f1or en cuesti\u00f3n; el colorido de los tintes era obtenido por un procedimiento sofisticado y caracterizaban las telas costosas. La industria del tinte hab\u00eda alcanzado un buen nivel y permit\u00eda beneficiar de una amplia gama de matices, aunque el gusto de la \u00e9poca aconsejaba llevar, sobre todo en las ceremonias, ropa de un solo color, limpio y brillante como el verde, el rojo y el blanco.<\/p>\n\n\n<div class=\"wp-block-image\">\n<figure class=\"aligncenter\"><img decoding=\"async\" src=\"https:\/\/www.aparences.net\/wp-content\/uploads\/2012\/09\/teinturiers.jpg\" alt=\"El trabajo de los tintoreros, miniatura del siglo XV\" title=\"El trabajo de los tintoreros, miniatura del siglo XV\"\/><figcaption class=\"wp-element-caption\"><em><strong>El trabajo de los tintoreros<\/strong>, miniatura del siglo XV<\/em><br><em> (Londres, British Library)<\/em><\/figcaption><\/figure>\n<\/div>\n\n\n<p><strong>El color es un s\u00edmbolo y reviste como tal una multitud de significados<\/strong>, a veces opuestos. No exist\u00edan colores francamente positivos o francamente negativos; eran las combinaciones y los matices que establec\u00edan su sentido. El amarillo, que era en la Antig\u00fcedad el color m\u00e1s cercano a la luz divina, conserva este valor positivo cuando es asociado con el oro; en cambio el amarillo y el verde juntos expresan ideas como la traici\u00f3n, el desorden y la degeneraci\u00f3n, incluso la locura. Desde la Antig\u00fcedad, el rojo correspond\u00eda a la fuerza, al coraje, al amor y a la generosidad, pero tambi\u00e9n al orgullo, la crueldad y la c\u00f3lera, y ello sobre todo a partir de uno cierto momento, asociado con el azul. En la creaci\u00f3n de este sistema contribu\u00edan probablemente los intereses y los conflictos econ\u00f3micos ligados al comercio de los productos empleados en tintorer\u00eda. El blanco, como el negro, no est\u00e1 considerado como un color sino como una suma de colores. El blanco, del lat\u00edn <em>candides<\/em> \u2013 de donde viene la palabra <em>candidatus<\/em>, los candidatos en las funciones p\u00fablicas que se visten de blanco \u2013 se convierte en sin\u00f3nimo de castidad, de honradez, de fe, de verdad, de felicidad, de alegr\u00eda, de victoria, de triunfo y de sinceridad del alma y del coraz\u00f3n. Los papas, los sacerdotes del Antiguo Egipto, las vestales iban vestidos de blanco.<\/p>\n\n\n<div class=\"wp-block-image\">\n<figure class=\"aligncenter\"><img decoding=\"async\" src=\"https:\/\/www.aparences.net\/wp-content\/uploads\/2012\/09\/del-cossa-della-franc.jpg\" alt=\"Piero della Francesca ; Francesco del Cossa\" title=\"Piero della Francesca ; Francesco del Cossa\"\/><figcaption class=\"wp-element-caption\"><em>Lacayos en el cortejo de la reina de Saba en los frescos <a href=\"https:\/\/www.aparences.net\/es\/arte-y-mecenazgo\/los-fresquistas-florentinos\/piero-della-francesca-historia-de-una-sintesis\/\">La leyenda de la Vera Cruz<\/a> de <strong>Piero della Francesca<\/strong>, (Arezzo, iglesia San Francesco). Grupo de j\u00f3venes en los frescos del palacio Schifanoia, siglo XV, <a href=\"https:\/\/www.aparences.net\/es\/escuelas\/la-escuela-de-ferrara\/francesco-del-cossa-y-los-frescos-schifanoia\/\">Francesco del Cossa<\/a> (Ferrara)<br><\/em><\/figcaption><\/figure>\n<\/div>","protected":false},"excerpt":{"rendered":"<p>Uno de los elementos caracter\u00edsticos del arte del Quattrocento se encuentran en la moda, que es elegante y refinada, sobria, luminosa, lineal.<\/p>\n","protected":false},"author":2,"featured_media":26632,"comment_status":"closed","ping_status":"closed","sticky":false,"template":"","format":"standard","meta":{"footnotes":""},"categories":[2321],"tags":[6010,4788],"class_list":["post-13443","post","type-post","status-publish","format-standard","has-post-thumbnail","hentry","category-renacimiento-y-vida-privada","tag-la-moda-en-el-renacimiento","tag-renacimiento-y-vida-privada"],"yoast_head":"<!-- This site is optimized with the Yoast SEO plugin v27.2 - https:\/\/yoast.com\/product\/yoast-seo-wordpress\/ -->\n<title>La moda en el siglo XV<\/title>\n<meta name=\"description\" content=\"Uno de los elementos caracter\u00edsticos del arte del Quattrocento se encuentran en la moda, que es elegante y refinada, sobria, luminosa, lineal.\" \/>\n<meta name=\"robots\" content=\"index, follow, max-snippet:-1, max-image-preview:large, max-video-preview:-1\" \/>\n<link rel=\"canonical\" href=\"https:\/\/www.aparences.net\/es\/arte-y-mecenazgo\/renacimiento-y-vida-privada\/la-moda-en-el-siglo-xv\/\" \/>\n<meta property=\"og:locale\" content=\"es_ES\" \/>\n<meta property=\"og:type\" content=\"article\" \/>\n<meta property=\"og:title\" content=\"La moda en el siglo XV\" \/>\n<meta property=\"og:description\" content=\"Uno de los elementos caracter\u00edsticos del arte del Quattrocento se encuentran en la moda, que es elegante y refinada, sobria, luminosa, lineal.\" \/>\n<meta property=\"og:url\" content=\"https:\/\/www.aparences.net\/es\/arte-y-mecenazgo\/renacimiento-y-vida-privada\/la-moda-en-el-siglo-xv\/\" \/>\n<meta property=\"og:site_name\" content=\"Aparences\" \/>\n<meta property=\"article:published_time\" content=\"2013-09-15T15:36:03+00:00\" \/>\n<meta property=\"article:modified_time\" content=\"2025-12-11T18:40:56+00:00\" \/>\n<meta property=\"og:image\" content=\"https:\/\/www.aparences.net\/wp-content\/uploads\/2013\/09\/la-mode-au-xv-siecle.jpg\" \/>\n\t<meta property=\"og:image:width\" content=\"1080\" \/>\n\t<meta property=\"og:image:height\" content=\"540\" \/>\n\t<meta property=\"og:image:type\" content=\"image\/jpeg\" \/>\n<meta name=\"author\" content=\"admin\" \/>\n<meta name=\"twitter:card\" content=\"summary_large_image\" \/>\n<meta name=\"twitter:label1\" content=\"Escrito por\" \/>\n\t<meta name=\"twitter:data1\" content=\"admin\" \/>\n\t<meta name=\"twitter:label2\" content=\"Tiempo de lectura\" \/>\n\t<meta name=\"twitter:data2\" content=\"15 minutos\" \/>\n<script type=\"application\/ld+json\" class=\"yoast-schema-graph\">{\"@context\":\"https:\/\/schema.org\",\"@graph\":[{\"@type\":\"Article\",\"@id\":\"https:\/\/www.aparences.net\/es\/arte-y-mecenazgo\/renacimiento-y-vida-privada\/la-moda-en-el-siglo-xv\/#article\",\"isPartOf\":{\"@id\":\"https:\/\/www.aparences.net\/es\/arte-y-mecenazgo\/renacimiento-y-vida-privada\/la-moda-en-el-siglo-xv\/\"},\"author\":{\"name\":\"admin\",\"@id\":\"https:\/\/www.aparences.net\/es\/#\/schema\/person\/af349f6ffc31b16c68963e61268afca5\"},\"headline\":\"La moda en el siglo XV\",\"datePublished\":\"2013-09-15T15:36:03+00:00\",\"dateModified\":\"2025-12-11T18:40:56+00:00\",\"mainEntityOfPage\":{\"@id\":\"https:\/\/www.aparences.net\/es\/arte-y-mecenazgo\/renacimiento-y-vida-privada\/la-moda-en-el-siglo-xv\/\"},\"wordCount\":2472,\"publisher\":{\"@id\":\"https:\/\/www.aparences.net\/es\/#organization\"},\"image\":{\"@id\":\"https:\/\/www.aparences.net\/es\/arte-y-mecenazgo\/renacimiento-y-vida-privada\/la-moda-en-el-siglo-xv\/#primaryimage\"},\"thumbnailUrl\":\"https:\/\/www.aparences.net\/wp-content\/uploads\/2013\/09\/la-mode-au-xv-siecle.jpg\",\"keywords\":[\"La moda en el Renacimiento\",\"Renacimiento y vida privada\"],\"articleSection\":[\"Renacimiento y vida privada\"],\"inLanguage\":\"es\"},{\"@type\":[\"WebPage\",\"ItemPage\"],\"@id\":\"https:\/\/www.aparences.net\/es\/arte-y-mecenazgo\/renacimiento-y-vida-privada\/la-moda-en-el-siglo-xv\/\",\"url\":\"https:\/\/www.aparences.net\/es\/arte-y-mecenazgo\/renacimiento-y-vida-privada\/la-moda-en-el-siglo-xv\/\",\"name\":\"La moda en el siglo XV\",\"isPartOf\":{\"@id\":\"https:\/\/www.aparences.net\/es\/#website\"},\"primaryImageOfPage\":{\"@id\":\"https:\/\/www.aparences.net\/es\/arte-y-mecenazgo\/renacimiento-y-vida-privada\/la-moda-en-el-siglo-xv\/#primaryimage\"},\"image\":{\"@id\":\"https:\/\/www.aparences.net\/es\/arte-y-mecenazgo\/renacimiento-y-vida-privada\/la-moda-en-el-siglo-xv\/#primaryimage\"},\"thumbnailUrl\":\"https:\/\/www.aparences.net\/wp-content\/uploads\/2013\/09\/la-mode-au-xv-siecle.jpg\",\"datePublished\":\"2013-09-15T15:36:03+00:00\",\"dateModified\":\"2025-12-11T18:40:56+00:00\",\"description\":\"Uno de los elementos caracter\u00edsticos del arte del Quattrocento se encuentran en la moda, que es elegante y refinada, sobria, luminosa, lineal.\",\"breadcrumb\":{\"@id\":\"https:\/\/www.aparences.net\/es\/arte-y-mecenazgo\/renacimiento-y-vida-privada\/la-moda-en-el-siglo-xv\/#breadcrumb\"},\"inLanguage\":\"es\",\"potentialAction\":[{\"@type\":\"ReadAction\",\"target\":[\"https:\/\/www.aparences.net\/es\/arte-y-mecenazgo\/renacimiento-y-vida-privada\/la-moda-en-el-siglo-xv\/\"]}]},{\"@type\":\"ImageObject\",\"inLanguage\":\"es\",\"@id\":\"https:\/\/www.aparences.net\/es\/arte-y-mecenazgo\/renacimiento-y-vida-privada\/la-moda-en-el-siglo-xv\/#primaryimage\",\"url\":\"https:\/\/www.aparences.net\/wp-content\/uploads\/2013\/09\/la-mode-au-xv-siecle.jpg\",\"contentUrl\":\"https:\/\/www.aparences.net\/wp-content\/uploads\/2013\/09\/la-mode-au-xv-siecle.jpg\",\"width\":1080,\"height\":540},{\"@type\":\"BreadcrumbList\",\"@id\":\"https:\/\/www.aparences.net\/es\/arte-y-mecenazgo\/renacimiento-y-vida-privada\/la-moda-en-el-siglo-xv\/#breadcrumb\",\"itemListElement\":[{\"@type\":\"ListItem\",\"position\":1,\"name\":\"Portada\",\"item\":\"https:\/\/www.aparences.net\/es\/\"},{\"@type\":\"ListItem\",\"position\":2,\"name\":\"La moda en el siglo XV\"}]},{\"@type\":\"WebSite\",\"@id\":\"https:\/\/www.aparences.net\/es\/#website\",\"url\":\"https:\/\/www.aparences.net\/es\/\",\"name\":\"Aparences: Historia del Arte y Actualidad Cultural\",\"description\":\"\",\"publisher\":{\"@id\":\"https:\/\/www.aparences.net\/es\/#organization\"},\"potentialAction\":[{\"@type\":\"SearchAction\",\"target\":{\"@type\":\"EntryPoint\",\"urlTemplate\":\"https:\/\/www.aparences.net\/es\/?s={search_term_string}\"},\"query-input\":{\"@type\":\"PropertyValueSpecification\",\"valueRequired\":true,\"valueName\":\"search_term_string\"}}],\"inLanguage\":\"es\"},{\"@type\":\"Organization\",\"@id\":\"https:\/\/www.aparences.net\/es\/#organization\",\"name\":\"Aparences: Historia del Arte y Actualidad Cultural\",\"url\":\"https:\/\/www.aparences.net\/es\/\",\"logo\":{\"@type\":\"ImageObject\",\"inLanguage\":\"es\",\"@id\":\"https:\/\/www.aparences.net\/es\/#\/schema\/logo\/image\/\",\"url\":\"https:\/\/www.aparences.net\/wp-content\/uploads\/2023\/09\/logo-quadrat-color-e1695915315229.png\",\"contentUrl\":\"https:\/\/www.aparences.net\/wp-content\/uploads\/2023\/09\/logo-quadrat-color-e1695915315229.png\",\"width\":120,\"height\":120,\"caption\":\"Aparences: Historia del Arte y Actualidad Cultural\"},\"image\":{\"@id\":\"https:\/\/www.aparences.net\/es\/#\/schema\/logo\/image\/\"}},{\"@type\":\"Person\",\"@id\":\"https:\/\/www.aparences.net\/es\/#\/schema\/person\/af349f6ffc31b16c68963e61268afca5\",\"name\":\"admin\",\"url\":\"https:\/\/www.aparences.net\/es\/author\/admin\/\"}]}<\/script>\n<!-- \/ Yoast SEO plugin. -->","yoast_head_json":{"title":"La moda en el siglo XV","description":"Uno de los elementos caracter\u00edsticos del arte del Quattrocento se encuentran en la moda, que es elegante y refinada, sobria, luminosa, lineal.","robots":{"index":"index","follow":"follow","max-snippet":"max-snippet:-1","max-image-preview":"max-image-preview:large","max-video-preview":"max-video-preview:-1"},"canonical":"https:\/\/www.aparences.net\/es\/arte-y-mecenazgo\/renacimiento-y-vida-privada\/la-moda-en-el-siglo-xv\/","og_locale":"es_ES","og_type":"article","og_title":"La moda en el siglo XV","og_description":"Uno de los elementos caracter\u00edsticos del arte del Quattrocento se encuentran en la moda, que es elegante y refinada, sobria, luminosa, lineal.","og_url":"https:\/\/www.aparences.net\/es\/arte-y-mecenazgo\/renacimiento-y-vida-privada\/la-moda-en-el-siglo-xv\/","og_site_name":"Aparences","article_published_time":"2013-09-15T15:36:03+00:00","article_modified_time":"2025-12-11T18:40:56+00:00","og_image":[{"width":1080,"height":540,"url":"https:\/\/www.aparences.net\/wp-content\/uploads\/2013\/09\/la-mode-au-xv-siecle.jpg","type":"image\/jpeg"}],"author":"admin","twitter_card":"summary_large_image","twitter_misc":{"Escrito por":"admin","Tiempo de lectura":"15 minutos"},"schema":{"@context":"https:\/\/schema.org","@graph":[{"@type":"Article","@id":"https:\/\/www.aparences.net\/es\/arte-y-mecenazgo\/renacimiento-y-vida-privada\/la-moda-en-el-siglo-xv\/#article","isPartOf":{"@id":"https:\/\/www.aparences.net\/es\/arte-y-mecenazgo\/renacimiento-y-vida-privada\/la-moda-en-el-siglo-xv\/"},"author":{"name":"admin","@id":"https:\/\/www.aparences.net\/es\/#\/schema\/person\/af349f6ffc31b16c68963e61268afca5"},"headline":"La moda en el siglo XV","datePublished":"2013-09-15T15:36:03+00:00","dateModified":"2025-12-11T18:40:56+00:00","mainEntityOfPage":{"@id":"https:\/\/www.aparences.net\/es\/arte-y-mecenazgo\/renacimiento-y-vida-privada\/la-moda-en-el-siglo-xv\/"},"wordCount":2472,"publisher":{"@id":"https:\/\/www.aparences.net\/es\/#organization"},"image":{"@id":"https:\/\/www.aparences.net\/es\/arte-y-mecenazgo\/renacimiento-y-vida-privada\/la-moda-en-el-siglo-xv\/#primaryimage"},"thumbnailUrl":"https:\/\/www.aparences.net\/wp-content\/uploads\/2013\/09\/la-mode-au-xv-siecle.jpg","keywords":["La moda en el Renacimiento","Renacimiento y vida privada"],"articleSection":["Renacimiento y vida privada"],"inLanguage":"es"},{"@type":["WebPage","ItemPage"],"@id":"https:\/\/www.aparences.net\/es\/arte-y-mecenazgo\/renacimiento-y-vida-privada\/la-moda-en-el-siglo-xv\/","url":"https:\/\/www.aparences.net\/es\/arte-y-mecenazgo\/renacimiento-y-vida-privada\/la-moda-en-el-siglo-xv\/","name":"La moda en el siglo XV","isPartOf":{"@id":"https:\/\/www.aparences.net\/es\/#website"},"primaryImageOfPage":{"@id":"https:\/\/www.aparences.net\/es\/arte-y-mecenazgo\/renacimiento-y-vida-privada\/la-moda-en-el-siglo-xv\/#primaryimage"},"image":{"@id":"https:\/\/www.aparences.net\/es\/arte-y-mecenazgo\/renacimiento-y-vida-privada\/la-moda-en-el-siglo-xv\/#primaryimage"},"thumbnailUrl":"https:\/\/www.aparences.net\/wp-content\/uploads\/2013\/09\/la-mode-au-xv-siecle.jpg","datePublished":"2013-09-15T15:36:03+00:00","dateModified":"2025-12-11T18:40:56+00:00","description":"Uno de los elementos caracter\u00edsticos del arte del Quattrocento se encuentran en la moda, que es elegante y refinada, sobria, luminosa, lineal.","breadcrumb":{"@id":"https:\/\/www.aparences.net\/es\/arte-y-mecenazgo\/renacimiento-y-vida-privada\/la-moda-en-el-siglo-xv\/#breadcrumb"},"inLanguage":"es","potentialAction":[{"@type":"ReadAction","target":["https:\/\/www.aparences.net\/es\/arte-y-mecenazgo\/renacimiento-y-vida-privada\/la-moda-en-el-siglo-xv\/"]}]},{"@type":"ImageObject","inLanguage":"es","@id":"https:\/\/www.aparences.net\/es\/arte-y-mecenazgo\/renacimiento-y-vida-privada\/la-moda-en-el-siglo-xv\/#primaryimage","url":"https:\/\/www.aparences.net\/wp-content\/uploads\/2013\/09\/la-mode-au-xv-siecle.jpg","contentUrl":"https:\/\/www.aparences.net\/wp-content\/uploads\/2013\/09\/la-mode-au-xv-siecle.jpg","width":1080,"height":540},{"@type":"BreadcrumbList","@id":"https:\/\/www.aparences.net\/es\/arte-y-mecenazgo\/renacimiento-y-vida-privada\/la-moda-en-el-siglo-xv\/#breadcrumb","itemListElement":[{"@type":"ListItem","position":1,"name":"Portada","item":"https:\/\/www.aparences.net\/es\/"},{"@type":"ListItem","position":2,"name":"La moda en el siglo XV"}]},{"@type":"WebSite","@id":"https:\/\/www.aparences.net\/es\/#website","url":"https:\/\/www.aparences.net\/es\/","name":"Aparences: Historia del Arte y Actualidad Cultural","description":"","publisher":{"@id":"https:\/\/www.aparences.net\/es\/#organization"},"potentialAction":[{"@type":"SearchAction","target":{"@type":"EntryPoint","urlTemplate":"https:\/\/www.aparences.net\/es\/?s={search_term_string}"},"query-input":{"@type":"PropertyValueSpecification","valueRequired":true,"valueName":"search_term_string"}}],"inLanguage":"es"},{"@type":"Organization","@id":"https:\/\/www.aparences.net\/es\/#organization","name":"Aparences: Historia del Arte y Actualidad Cultural","url":"https:\/\/www.aparences.net\/es\/","logo":{"@type":"ImageObject","inLanguage":"es","@id":"https:\/\/www.aparences.net\/es\/#\/schema\/logo\/image\/","url":"https:\/\/www.aparences.net\/wp-content\/uploads\/2023\/09\/logo-quadrat-color-e1695915315229.png","contentUrl":"https:\/\/www.aparences.net\/wp-content\/uploads\/2023\/09\/logo-quadrat-color-e1695915315229.png","width":120,"height":120,"caption":"Aparences: Historia del Arte y Actualidad Cultural"},"image":{"@id":"https:\/\/www.aparences.net\/es\/#\/schema\/logo\/image\/"}},{"@type":"Person","@id":"https:\/\/www.aparences.net\/es\/#\/schema\/person\/af349f6ffc31b16c68963e61268afca5","name":"admin","url":"https:\/\/www.aparences.net\/es\/author\/admin\/"}]}},"_links":{"self":[{"href":"https:\/\/www.aparences.net\/es\/wp-json\/wp\/v2\/posts\/13443","targetHints":{"allow":["GET"]}}],"collection":[{"href":"https:\/\/www.aparences.net\/es\/wp-json\/wp\/v2\/posts"}],"about":[{"href":"https:\/\/www.aparences.net\/es\/wp-json\/wp\/v2\/types\/post"}],"author":[{"embeddable":true,"href":"https:\/\/www.aparences.net\/es\/wp-json\/wp\/v2\/users\/2"}],"replies":[{"embeddable":true,"href":"https:\/\/www.aparences.net\/es\/wp-json\/wp\/v2\/comments?post=13443"}],"version-history":[{"count":0,"href":"https:\/\/www.aparences.net\/es\/wp-json\/wp\/v2\/posts\/13443\/revisions"}],"wp:featuredmedia":[{"embeddable":true,"href":"https:\/\/www.aparences.net\/es\/wp-json\/wp\/v2\/media\/26632"}],"wp:attachment":[{"href":"https:\/\/www.aparences.net\/es\/wp-json\/wp\/v2\/media?parent=13443"}],"wp:term":[{"taxonomy":"category","embeddable":true,"href":"https:\/\/www.aparences.net\/es\/wp-json\/wp\/v2\/categories?post=13443"},{"taxonomy":"post_tag","embeddable":true,"href":"https:\/\/www.aparences.net\/es\/wp-json\/wp\/v2\/tags?post=13443"}],"curies":[{"name":"wp","href":"https:\/\/api.w.org\/{rel}","templated":true}]}}