{"id":13477,"date":"2014-09-17T10:28:46","date_gmt":"2014-09-17T08:28:46","guid":{"rendered":"https:\/\/www.aparences.net\/periodes\/impressionnisme-periodes\/pierre-auguste-renoir\/"},"modified":"2025-12-11T19:40:56","modified_gmt":"2025-12-11T18:40:56","slug":"pierre-auguste-renoir-2","status":"publish","type":"post","link":"https:\/\/www.aparences.net\/es\/periodos\/impresionismo\/pierre-auguste-renoir-2\/","title":{"rendered":"Pierre-Auguste Renoir"},"content":{"rendered":"<p><!--contents--><\/p>\n\n\n<h2 class=\"wp-block-heading\">Renoir, poeta de la vida cotidiana<\/h2>\n\n\n\n<p><strong>Pierre-Auguste Renoir<\/strong> (Limoges 1841 &#8211; Cagnes-sur-Mer 1919) naci\u00f3 en en el seno de una familia de artesanos, viviendo sus primeros a\u00f1os en barrios proletarios y trabajando como decorador de porcelanas y pintor de abanicos, por lo tanto de un origen social diferente de <a href=\"https:\/\/www.aparences.net\/es\/periodos\/impresionismo-2\/edouard-manet\/\">Manet<\/a>, <a href=\"https:\/\/www.aparences.net\/es\/periodos\/postimpresionismo\/paul-cezanne\/\">C\u00e9zanne<\/a> y <a href=\"https:\/\/www.aparences.net\/es\/periodos\/impresionismo-2\/edgar-degas\/\">Degas<\/a>, pertenecientes a la gran burgues\u00eda. Se matricul\u00f3 en la Academia de Bellas Artes (1862) y frecuent\u00f3 el taller de <strong>Gleyre<\/strong>, donde entabl\u00f3 amistad con <a href=\"https:\/\/www.aparences.net\/es\/tematicos\/impresionistas-paisajistas\/claude-monet-pintar-al-aire-libre\/\" data-type=\"link\" data-id=\"https:\/\/www.aparences.net\/es\/tematicos\/impresionistas-paisajistas\/claude-monet-pintar-al-aire-libre\/\">Monet<\/a> y <a href=\"https:\/\/www.aparences.net\/es\/tematicos\/impresionistas-paisajistas\/alfred-sisley-un-impresionista-romantico\/\" data-type=\"link\" data-id=\"https:\/\/www.aparences.net\/es\/tematicos\/impresionistas-paisajistas\/alfred-sisley-un-impresionista-romantico\/\">Sisley <\/a>y conoci\u00f3 al paisajista <strong>D\u00edaz de la Pe\u00f1a<\/strong> de la <a href=\"https:\/\/www.aparences.net\/es\/escuelas\/la-escuela-de-barbizon\/\">escuela de Barbizon<\/a> quien lo indujo a aligerar su paleta y pintar al aire libre. En sus primeras obras, se observa la influencia de <a href=\"https:\/\/www.aparences.net\/es\/periodos\/el-realismo\/gustave-courbet\/\" data-type=\"link\" data-id=\"https:\/\/www.aparences.net\/es\/periodos\/el-realismo\/gustave-courbet\/\">Courbet<\/a> (<em>La posada de la madre Anthony<\/em> 1867), pero a partir de entonces (<em>Lise o Mujer con sombrilla<\/em>, 1867) ya se orienta hacia la plena libertad impresionista, que pone de manifiesto en las sombras coloreadas de la ropa y el paisaje; fue entonces cuando empez\u00f3 a pintar en compa\u00f1\u00eda de Monet al borde del agua, con todas las variaciones crom\u00e1ticas del cielo reflejadas en el paisaje l\u00edquido.<\/p>\n\n\n<div class=\"wp-block-image\">\n<figure class=\"aligncenter\"><a href=\"https:\/\/www.aparences.net\/wp-content\/uploads\/2014\/09\/bazille-portrait-renoir.jpg\"><img loading=\"lazy\" decoding=\"async\" width=\"344\" height=\"410\" src=\"https:\/\/www.aparences.net\/wp-content\/uploads\/2014\/09\/bazille-portrait-renoir.jpg\" alt=\"Retrato de Pierre-Auguste Renoir, 1867, Jean-Fr\u00e9d\u00e9ric Bazille\" class=\"wp-image-16867\" title=\"Retrato de Pierre-Auguste Renoir, 1867, Jean-Fr\u00e9d\u00e9ric Bazille\" srcset=\"https:\/\/www.aparences.net\/wp-content\/uploads\/2014\/09\/bazille-portrait-renoir.jpg 344w, https:\/\/www.aparences.net\/wp-content\/uploads\/2014\/09\/bazille-portrait-renoir-251x300.jpg 251w\" sizes=\"auto, (max-width: 344px) 100vw, 344px\" \/><\/a><figcaption class=\"wp-element-caption\"><em><strong>Retrato de Pierre-Auguste Renoir<\/strong>, 1867, <strong>Jean-Fr\u00e9d\u00e9ric Bazille<\/strong> (Par\u00eds, Museo de Orsay)<\/em><\/figcaption><\/figure>\n<\/div>\n\n\n<p>\u00a0En 1874, <strong>Renoir particip\u00f3 en la primera exposici\u00f3n impresionista<\/strong> que tuvo lugar en el estudio del <strong>fot\u00f3grafo Nadar<\/strong> con una de sus obras maestras, <em>El palco<\/em>. Paisajista con un talento igual al de sus amigos <a href=\"https:\/\/www.aparences.net\/es\/tematicos\/impresionistas-paisajistas\/alfred-sisley-un-impresionista-romantico\/\" data-type=\"link\" data-id=\"https:\/\/www.aparences.net\/es\/tematicos\/impresionistas-paisajistas\/alfred-sisley-un-impresionista-romantico\/\">Sisley<\/a> y <a href=\"https:\/\/www.aparences.net\/es\/tematicos\/impresionistas-paisajistas\/claude-monet-pintar-al-aire-libre\/\" data-type=\"link\" data-id=\"https:\/\/www.aparences.net\/es\/tematicos\/impresionistas-paisajistas\/claude-monet-pintar-al-aire-libre\/\">Monet<\/a>, Renoir mostr\u00f3 una gran sensibilidad en la representaci\u00f3n de las figuras femeninas, en especial los desnudos que sum\u00eda en atm\u00f3sferas llenas de luz. Renoir es el poeta de la vida cotidiana, vista a trav\u00e9s de sus eventos m\u00e1s humildes y que transfigura por el tratamiento de la luz. <em>Baile en el Moulin de la Galette<\/em> 1876 y <em><strong>Los paraguas<\/strong><\/em> (1883) son obras capitales del <a href=\"https:\/\/www.aparences.net\/es\/periodos\/impresionismo-2\/\">impresionismo<\/a>, captando la vida parisina contempor\u00e1nea en todos sus aspectos. En 1881, <strong>Renoir<\/strong> efect\u00faa un largo viaje por Italia, donde <a title=\"Rafael\" href=\"https:\/\/www.aparences.net\/es\/arte-y-mecenazgo\/los-fresquistas-florentinos\/la-obra-mural-de-rafael\/\">Rafael<\/a> y la <strong>pintura pompeyana<\/strong> le ense\u00f1an el valor de la composici\u00f3n marcando profundamente su estilo.<\/p>\n\n\n<div class=\"wp-block-image\">\n<figure class=\"aligncenter\"><a href=\"https:\/\/www.aparences.net\/wp-content\/uploads\/2014\/09\/renoir-les-parapluies.jpg\"><img loading=\"lazy\" decoding=\"async\" width=\"490\" height=\"430\" src=\"https:\/\/www.aparences.net\/wp-content\/uploads\/2014\/09\/renoir-les-parapluies.jpg\" alt=\"Los paraguas, 1883 Pierre-Auguste Renoir\" class=\"wp-image-16868\" title=\"Los paraguas, 1883 Pierre-Auguste Renoir\" srcset=\"https:\/\/www.aparences.net\/wp-content\/uploads\/2014\/09\/renoir-les-parapluies.jpg 490w, https:\/\/www.aparences.net\/wp-content\/uploads\/2014\/09\/renoir-les-parapluies-300x263.jpg 300w\" sizes=\"auto, (max-width: 490px) 100vw, 490px\" \/><\/a><figcaption class=\"wp-element-caption\"><em><strong>Los paraguas<\/strong>, 1883 <strong>Pierre-Auguste Renoir<\/strong> (Londres, National Gallery)<\/em><\/figcaption><\/figure>\n<\/div>\n\n\n<p><em>Con su habitual sentido de la armon\u00eda y el color, Renoir re\u00fane en este cuadro toda la gama de tonos azul-gris de los paraguas abiertos y de la ropa oto\u00f1al. Esta gama dominante es iluminada por los rostros esperanzados de las j\u00f3venes ante la perspectiva de que la lluvia se detenga. Las dos chicas de la derecha aportan a la pintura un toque encantador. Es sobre ellas que en realidad el pintor atrae la atenci\u00f3n del espectador.<\/em><\/p>\n\n\n<div class=\"wp-block-image\">\n<figure class=\"aligncenter\"><a href=\"https:\/\/www.aparences.net\/wp-content\/uploads\/2014\/09\/renoir-la-loge.jpg\"><img loading=\"lazy\" decoding=\"async\" width=\"346\" height=\"430\" src=\"https:\/\/www.aparences.net\/wp-content\/uploads\/2014\/09\/renoir-la-loge.jpg\" alt=\"El palco, 1874, Pierre-Auguste Renoir\" class=\"wp-image-16869\" title=\"El palco, 1874, Pierre-Auguste Renoir\" srcset=\"https:\/\/www.aparences.net\/wp-content\/uploads\/2014\/09\/renoir-la-loge.jpg 346w, https:\/\/www.aparences.net\/wp-content\/uploads\/2014\/09\/renoir-la-loge-241x300.jpg 241w\" sizes=\"auto, (max-width: 346px) 100vw, 346px\" \/><\/a><figcaption class=\"wp-element-caption\"><em><strong>El palco<\/strong>, 1874, <strong>Pierre-Auguste Renoir<\/strong><\/em><br><em> (Londres, Courtauld Gallery)<\/em><\/figcaption><\/figure>\n<\/div>\n\n\n<p><em>El hombre que busca a trav\u00e9s de sus prism\u00e1ticos entre el p\u00fablico mundano que se exhibe en los palcos de la Opera es Edmond, el hermano de Renoir acompa\u00f1ado de una famosa modelo. Como siempre, en sus retratos de mujeres, Renoir se centra en los ojos y los labios. El resto de la cara es casi neutro. La flor cosida en el escote del vestido de rayas evidencia una sensibilidad excepcional en materia pict\u00f3rica.<\/em><\/p>\n\n\n<div class=\"wp-block-image\">\n<figure class=\"aligncenter\"><a href=\"https:\/\/www.aparences.net\/wp-content\/uploads\/2014\/09\/renoir-la-liseuse.jpg\"><img loading=\"lazy\" decoding=\"async\" width=\"354\" height=\"430\" src=\"https:\/\/www.aparences.net\/wp-content\/uploads\/2014\/09\/renoir-la-liseuse.jpg\" alt=\"La lectora, 1874, Pierre-Auguste Renoir\" class=\"wp-image-16870\" title=\"La lectora, 1874, Pierre-Auguste Renoir\" srcset=\"https:\/\/www.aparences.net\/wp-content\/uploads\/2014\/09\/renoir-la-liseuse.jpg 354w, https:\/\/www.aparences.net\/wp-content\/uploads\/2014\/09\/renoir-la-liseuse-246x300.jpg 246w\" sizes=\"auto, (max-width: 354px) 100vw, 354px\" \/><\/a><figcaption class=\"wp-element-caption\"><em><strong>La lectora<\/strong>, 1874, <strong>Pierre-Auguste Renoir<\/strong> <\/em><br><em>(Par\u00eds, mus\u00e9e d&#8217;Orsay) <\/em><\/figcaption><\/figure>\n<\/div>\n\n\n<p><em>El modelo es tal vez una de las muchas j\u00f3venes que frecuentaban el <a href=\"https:\/\/es.wikipedia.org\/wiki\/Caf%C3%A9_Guerbois\">caf\u00e9 Guerbois<\/a> o La Nueva Atenas, lugar de encuentro de los pintores impresionistas. El artista utiliza una luz suave y difusa y un encuadre convencional, fascinante por la cuidadosa mezcla de los colores, lo que da como resultado un delicado ambiente de intimidad: las dos simples l\u00edneas negras mediante las cuales el pintor subraya la expresi\u00f3n de los ojos bajados sobre las p\u00e1ginas del libro y los labios de un color rojo brillante.<\/em><\/p>\n\n\n\n<p>Renoir expresa la jovialidad de las reuniones dominicales, el baile al aire libre, la risa, el tintineo de los vasos. Con el dinero obtenido por la venta de sus pinturas en el Hotel Drouot, Renoir alquil\u00f3 un jard\u00edn en el n\u00famero 12 de la calle Cortot en Montmartre. Pint\u00f3 escenas que tienen lugar en el famoso establecimiento situado en la parte superior de la colina, el Moulin de la Galette. El cuadro que lleva el mismo t\u00edtulo (<a href=\"https:\/\/es.wikipedia.org\/wiki\/Baile_en_el_Moulin_de_la_Galette\"><em>Baile en el Moulin de la Galette<\/em><\/a>), uno de los m\u00e1s famosos del impresionismo, es el pin\u00e1culo de la carrera de Renoir. Fue en este momento que las caracter\u00edsticas que comparte con otros pintores de este movimiento (elecci\u00f3n de temas de la vida cotidiana, sombras coloreadas, pintura al aire libre) son individualizadas y toman un estilo \u00fanico, con toques cargados de color.<\/p>\n\n\n<div class=\"wp-block-image\">\n<figure class=\"aligncenter\"><a href=\"https:\/\/www.aparences.net\/wp-content\/uploads\/2014\/09\/renoir-la-balancoire.jpg\"><img loading=\"lazy\" decoding=\"async\" width=\"646\" height=\"419\" src=\"https:\/\/www.aparences.net\/wp-content\/uploads\/2014\/09\/renoir-la-balancoire.jpg\" alt=\"El columpio, 1876 Pierre-Auguste Renoir\" class=\"wp-image-16871\" title=\"El columpio, 1876 Pierre-Auguste Renoir\" srcset=\"https:\/\/www.aparences.net\/wp-content\/uploads\/2014\/09\/renoir-la-balancoire.jpg 646w, https:\/\/www.aparences.net\/wp-content\/uploads\/2014\/09\/renoir-la-balancoire-300x194.jpg 300w\" sizes=\"auto, (max-width: 646px) 100vw, 646px\" \/><\/a><figcaption class=\"wp-element-caption\"><em><strong>El columpio<\/strong>, 1876 <strong>Pierre-Auguste Renoir<\/strong> (Par\u00eds, mus\u00e9e d&#8217;Orsay)<\/em><\/figcaption><\/figure>\n<\/div>\n\n\n<p><em>Para esta pintura posaron los amigos del pintor y <strong>Jeanne Margot<\/strong>, una joven de diecis\u00e9is a\u00f1os de edad. A la cr\u00edtica del Sal\u00f3n no le gust\u00f3 el modo en que <strong>Renoir<\/strong> utiliz\u00f3 los efectos de la luz que se filtra sobre los personajes a trav\u00e9s de la vegetaci\u00f3n.<\/em><\/p>\n\n\n\n<p>En la d\u00e9cada de 1870, la peque\u00f1a ciudad de Bougival es uno de los principales centros tur\u00edsticos en el Sena a diez kil\u00f3metros de Par\u00eds y uno de los lugares favoritos de los impresionistas, <a href=\"https:\/\/www.aparences.net\/es\/tematicos\/impresionistas-paisajistas\/claude-monet-pintar-al-aire-libre\/\" data-type=\"post\" data-id=\"24599\">Monet<\/a>, <strong>Renoir<\/strong>, <a href=\"https:\/\/www.aparences.net\/es\/tematicos\/impresionistas-paisajistas\/alfred-sisley-un-impresionista-romantico\/\" data-type=\"post\" data-id=\"24496\">Sisley<\/a>, <a href=\"https:\/\/www.aparences.net\/es\/tematicos\/impresionistas-paisajistas\/camille-pissarro-impresionista-y-puntillista\/\" data-type=\"post\" data-id=\"24546\">Pissarro<\/a>. A partir de 1881 <a title=\"Berthe Morisot\" href=\"https:\/\/www.aparences.net\/es\/periodos\/impresionismo-3\/mujeres-impresionistas\/\">Berthe Morisot<\/a> pas\u00f3 tambi\u00e9n algunas temporadas en el lugar. A pesar de que Bougival conservaba un ambiente rural que atra\u00eda a turistas y pintores como <a title=\"Turner\" href=\"https:\/\/www.aparences.net\/es\/periodos\/romanticismo\/los-paisajistas-romanticos\/#turner,-el-pintor-viajero\">Turner<\/a> o <a href=\"https:\/\/www.aparences.net\/es\/escuelas\/la-escuela-de-barbizon\/camille-corot\/\">Corot<\/a> y donde se pod\u00edan encontrar aserraderos, instalaciones portuarias y canteras de piedra caliza, en el siglo XIX el lugar se convierte en el destino favorito de ricos burgueses, como el banquero <strong>Pereire<\/strong>, pol\u00edticos como <strong>Odile Barrot<\/strong> y escritores como <a title=\"Alejandro Dumas\" href=\"https:\/\/es.wikipedia.org\/wiki\/Alexandre_Dumas\">Alejandro Dumas<\/a> y los <strong>hermanos Goncourt<\/strong>.<\/p>\n\n\n<div class=\"wp-block-image\">\n<figure class=\"aligncenter\"><a href=\"https:\/\/www.aparences.net\/wp-content\/uploads\/2014\/09\/renoir-danse-bougival.jpg\"><img loading=\"lazy\" decoding=\"async\" width=\"467\" height=\"410\" src=\"https:\/\/www.aparences.net\/wp-content\/uploads\/2014\/09\/renoir-danse-bougival.jpg\" alt=\"Danza en Bougival, 1882-1883, Pierre-Auguste Renoir\" class=\"wp-image-16872\" title=\"Danza en Bougival, 1882-1883, Pierre-Auguste Renoir\" srcset=\"https:\/\/www.aparences.net\/wp-content\/uploads\/2014\/09\/renoir-danse-bougival.jpg 467w, https:\/\/www.aparences.net\/wp-content\/uploads\/2014\/09\/renoir-danse-bougival-300x263.jpg 300w\" sizes=\"auto, (max-width: 467px) 100vw, 467px\" \/><\/a><figcaption class=\"wp-element-caption\"><em><strong>Danza en Bougival<\/strong>, 1882-1883, <strong>Pierre-Auguste Renoir<\/strong><\/em><br><em> (Boston, Museo de Bellas Artes) <\/em><\/figcaption><\/figure>\n<\/div>\n\n\n<p><em>Renoir emplea aqu\u00ed como modelos a su amigo <strong>Paul Lothe<\/strong> y <a href=\"https:\/\/es.wikipedia.org\/wiki\/Suzanne_Valadon\">Suzanne Valadon<\/a> quien m\u00e1s tarde se convertir\u00e1 en una famosa pintora. Alrededor de los dos bailarines Renoir muestra a otros clientes sentados a las mesas de un jard\u00edn arbolado, lo que da vivacidad y profundidad a la composici\u00f3n.<\/em><\/p>\n\n\n\n<p>A lo largo de la historia del arte, hay pocos pintores que hayan capturado como <strong>Renoir<\/strong>, el afecto, la sonrisa, la ingenuidad de los ni\u00f1os. Nunca se vio obligado a utilizar aquellas poses tristes y afectadas de los retratos \u00aboficiales\u00bb de ni\u00f1os inc\u00f3modos con sus ropas ceremoniales. Renoir dejaba a los ni\u00f1os jugar, hablar, moverse. En el cuadro <em>Ni\u00f1a con regadera<\/em> de 1876 (Washington, National Gallery) el artista sabe encontrar un concierto encantador entre las luces del jard\u00edn de flores y la ni\u00f1a rubia que lleva orgullosamente una diminuta regadera verde. Ella sonr\u00ede feliz, como si fuera suyo el m\u00e9rito de los hermosos macizos de flores.<\/p>\n\n\n<div class=\"wp-block-image\">\n<figure class=\"aligncenter\"><a href=\"https:\/\/www.aparences.net\/wp-content\/uploads\/2014\/09\/renoir-gabrielle-et-jean.jpg\"><img loading=\"lazy\" decoding=\"async\" width=\"355\" height=\"430\" src=\"https:\/\/www.aparences.net\/wp-content\/uploads\/2014\/09\/renoir-gabrielle-et-jean.jpg\" alt=\"Gabrielle y Jean, c. 1895, Pierre-Auguste Renoir\" class=\"wp-image-16930\" title=\"Gabrielle y Jean, c. 1895, Pierre-Auguste Renoir\" srcset=\"https:\/\/www.aparences.net\/wp-content\/uploads\/2014\/09\/renoir-gabrielle-et-jean.jpg 355w, https:\/\/www.aparences.net\/wp-content\/uploads\/2014\/09\/renoir-gabrielle-et-jean-247x300.jpg 247w\" sizes=\"auto, (max-width: 355px) 100vw, 355px\" \/><\/a><figcaption class=\"wp-element-caption\"><em><strong>Gabrielle y Jean<\/strong>, c. 1895, <strong>Pierre-Auguste Renoir<\/strong> <\/em><br><em>(Par\u00eds, Mus\u00e9e de l&#8217;Orangerie) <\/em><\/figcaption><\/figure>\n<\/div>\n\n\n<p><em>Nacido en 1894, <a href=\"https:\/\/es.wikipedia.org\/wiki\/Jean_Renoir\">Jean Renoir<\/a> hijo del pintor, se dedic\u00f3 primero a la cer\u00e1mica y en 1929 se cas\u00f3 con uno de las modelos de su padre, <strong>Andr\u00e9e Heuchling<\/strong>. En 1921, desarroll\u00f3 una pasi\u00f3n por el cine y se convirti\u00f3 en uno de los principales directores franceses de la \u00e9poca de entreguerras.<\/em><\/p>\n\n\n\n<!-- AdBoxRight2020 --><ins class=\"adsbygoogle\"     style=\"display:block; margin-top:30px;\"     data-ad-client=\"ca-pub-2468002815867636\"     data-ad-slot=\"3496014735\"     data-ad-format=\"auto\"     data-full-width-responsive=\"false\"><\/ins><script> (adsbygoogle = window.adsbygoogle || []).push({});<\/script><h2 class=\"wp-block-heading\">Almuerzo de remeros<\/h2>\n\n\n\n<p>En el cuadro <em><strong>Almuerzo de remeros<\/strong><\/em>, la escena transcurre en la terraza del restaurante <em>La Fournaise<\/em> situado en una isla del Sena, en Chatou. Se trataba de un establecimiento muy popular entre los turistas parisinos que utilizaban sus instalaciones para dar paseos en barca en sus d\u00edas de ocio. La idea de esta composici\u00f3n nace de un reto lanzado por <strong>Emile Zola<\/strong> a los impresionistas a quienes invit\u00f3 a pintar s\u00f3lo pinturas de peque\u00f1as dimensiones, pero tambi\u00e9n obras m\u00e1s grandes, m\u00e1s ambiciosas y complejas. En una carta a <strong>Jean B\u00e9rard<\/strong> escrita en agosto de 1880, Renoir se conf\u00eda a su amigo y le cuenta las dificultades en las que se encuentra para poder pintar un cuadro tan complejo y tem\u00eda que no podr\u00eda llevar a t\u00e9rmino su realizaci\u00f3n. A principios de 1881, la obra est\u00e1 terminada y en febrero, fue comprada por el marchante de arte Durand-Ruel. La mano del pintor es aqu\u00ed mucho m\u00e1s segura que en el <em>Bal du Moulin de la Galette<\/em> pintado cuatro a\u00f1os antes y la psicolog\u00eda de los personajes m\u00e1s precisas y definidas. Toma como modelos algunos de sus amigos con los que acostumbra a pasar momentos agradables a orillas del r\u00edo. <a title=\"Maupassant\" href=\"https:\/\/es.wikipedia.org\/wiki\/Guy_de_Maupassant\">Maupassant<\/a> se inspir\u00f3 en esta pintura para su novela <em>La mujer de Paul<\/em>.<\/p>\n\n\n<div class=\"wp-block-image\">\n<figure class=\"aligncenter\"><a href=\"https:\/\/www.aparences.net\/wp-content\/uploads\/2014\/09\/renoir-dejeuner-canotiers.jpg\"><img loading=\"lazy\" decoding=\"async\" width=\"553\" height=\"410\" src=\"https:\/\/www.aparences.net\/wp-content\/uploads\/2014\/09\/renoir-dejeuner-canotiers.jpg\" alt=\"Almuerzo de remeros, 1880-1881, Pierre-Auguste Renoir\" class=\"wp-image-16873\" title=\"Almuerzo de remeros, 1880-1881, Pierre-Auguste Renoir\" srcset=\"https:\/\/www.aparences.net\/wp-content\/uploads\/2014\/09\/renoir-dejeuner-canotiers.jpg 553w, https:\/\/www.aparences.net\/wp-content\/uploads\/2014\/09\/renoir-dejeuner-canotiers-300x222.jpg 300w\" sizes=\"auto, (max-width: 553px) 100vw, 553px\" \/><\/a><\/figure>\n<\/div>\n\n<div class=\"wp-block-image\">\n<figure class=\"aligncenter\"><a href=\"https:\/\/www.aparences.net\/wp-content\/uploads\/2014\/09\/renoir-dejeuner-canotiers-.jpg\"><img loading=\"lazy\" decoding=\"async\" width=\"425\" height=\"340\" src=\"https:\/\/www.aparences.net\/wp-content\/uploads\/2014\/09\/renoir-dejeuner-canotiers-.jpg\" alt=\"Almuerzo de remeros, 1880-1881, Pierre-Auguste Renoir \" class=\"wp-image-16874\" title=\"Almuerzo de remeros, 1880-1881, Pierre-Auguste Renoir \" srcset=\"https:\/\/www.aparences.net\/wp-content\/uploads\/2014\/09\/renoir-dejeuner-canotiers-.jpg 425w, https:\/\/www.aparences.net\/wp-content\/uploads\/2014\/09\/renoir-dejeuner-canotiers--300x240.jpg 300w\" sizes=\"auto, (max-width: 425px) 100vw, 425px\" \/><\/a><figcaption class=\"wp-element-caption\"><em><strong>Almuerzo de remeros<\/strong>, 1880-1881, <strong>Pierre-Auguste Renoir<\/strong> (Washington, National Gallery)<\/em><\/figcaption><\/figure>\n<\/div>\n\n\n<p><em>La disposici\u00f3n de los personajes parece accidental y fortuita; no posan y nadie mira al espectador. El artista quiere dar la idea de una situaci\u00f3n real y verdadera, con la misma espontaneidad que lo har\u00eda un fot\u00f3grafo. Sobre el mantel blanco destaca una magn\u00edfica naturaleza muerta, una de las m\u00e1s bellas del pintor.<\/em> <em>El personaje de pie a la izquierda, es <strong>Alphonse Fournaise<\/strong> hijo del due\u00f1o. Lleva el tradicional sombrero de paja de los remeros y muestra sus b\u00edceps con la esperanza de hacerse notar por una de las chicas. La mujer joven sentada con el peque\u00f1o perro es <strong>Aline Charigot<\/strong>. Se trata de la amiga, modelo y m\u00e1s tarde esposa del artista. En el centro, sentado de espaldas al espectador, vemos al bar\u00f3n Barbier. Al fondo a la derecha, se vislumbra al funcionario Lestringuez que lleva un sombrero hongo, el periodista <strong>Paul Lothe<\/strong> y la actriz <strong>Jeanne Samary<\/strong> ya representados por <strong>Renoir<\/strong> en otros retratos. Las tres figuras en primer plano su Ang\u00e8le, un modelo que tambi\u00e9n pos\u00f3 para la mujer con un vaso en el centro del lienzo, el periodista italiano <strong>Maggiolo<\/strong> de pie y el pintor <a href=\"https:\/\/www.aparences.net\/es\/tematicos\/impresionistas-paisajistas\/gustave-caillebotte-pintar-la-vida-moderna\/\" data-type=\"post\" data-id=\"24643\">Gustave Caillebotte<\/a> quien era tambi\u00e9n un <strong>apasionado remero<\/strong>, sentado.<\/em><\/p>\n\n\n\n<h2 class=\"wp-block-heading\">Galeristas y mecenas<\/h2>\n\n\n\n<p>El marchante de arte <a href=\"https:\/\/es.wikipedia.org\/wiki\/Paul_Durand-Ruel\">Paul Durand-Ruel<\/a>, <strong>ocupa un lugar importante entre las muchas figuras relacionadas con la historia del impresionismo<\/strong> y puede ser considerado el prototipo del marchante de arte moderno, que sigue la actividad de sus pintores preferidos desde sus primeras obras juveniles, los promueve, organiza sus exposiciones y los pone en contacto con los coleccionistas. Las palabras con las que en 1869 present\u00f3 su actividad de galerista en su revista <em>La revista del arte y la curiosidad<\/em> son significativas. Para \u00e9l, un marchante de arte debe ser tambi\u00e9n un avisado mecenas y no dudar en sacrificar si es necesario, su inter\u00e9s como marchante a cambio de sus convicciones art\u00edsticas. Tambi\u00e9n debe oponerse a promover toda operaci\u00f3n especulativa. Es probable que sin \u00e9l, el movimiento no hubiera sido un \u00e9xito, principalmente comercial y no hubiera tenido tan amplia difusi\u00f3n. <strong>Durand-Ruel<\/strong> encarga varios retratos de sus hijos a <strong>Renoir<\/strong>. Entre ellos, uno de sus dos hijos mayores Charles y Georges, representados en el jard\u00edn de su casa en Dieppe. En la d\u00e9cada de 1890, otro galerista se esfuerza junto con <strong>Durand-Ruel<\/strong> en dar a conocer las obras de los impresionistas. Se trata del marchante de arte <a href=\"https:\/\/es.wikipedia.org\/wiki\/Ambroise_Vollard\">Ambroise Vollard<\/a>. \u00c9ste \u00faltimo se inicia en el mercado del arte comprando grabados en las tiendas a orillas del Sena. En 1890 abre su galer\u00eda en la Rue Laffitte con una exposici\u00f3n de <a href=\"https:\/\/www.aparences.net\/es\/periodos\/impresionismo-2\/edouard-manet\/\">Manet<\/a>, pronto seguidas por otras dedicadas a <a href=\"https:\/\/www.aparences.net\/es\/tematicos\/impresionistas-paisajistas\/camille-pissarro-impresionista-y-puntillista\/\" data-type=\"post\" data-id=\"24546\">Pissarro<\/a>, <strong>Renoir<\/strong>, <a href=\"https:\/\/www.aparences.net\/es\/periodos\/impresionismo-2\/edgar-degas\/\">Degas<\/a> y <strong>Rodin<\/strong>, que contribuyen a aumentar la fama de estos artistas y a fortalecer sus lazos con los coleccionistas.<\/p>\n\n\n<div class=\"wp-block-image\">\n<figure class=\"aligncenter\"><a href=\"https:\/\/www.aparences.net\/wp-content\/uploads\/2014\/09\/renoir-portrait-durand-ruel.jpg\"><img loading=\"lazy\" decoding=\"async\" width=\"527\" height=\"425\" src=\"https:\/\/www.aparences.net\/wp-content\/uploads\/2014\/09\/renoir-portrait-durand-ruel.jpg\" alt=\"Retrato de Charles y Georges Durand-Ruel, 1882, Pierre-Auguste Renoir\" class=\"wp-image-16875\" title=\"Retrato de Charles y Georges Durand-Ruel, 1882, Pierre-Auguste Renoir\" srcset=\"https:\/\/www.aparences.net\/wp-content\/uploads\/2014\/09\/renoir-portrait-durand-ruel.jpg 527w, https:\/\/www.aparences.net\/wp-content\/uploads\/2014\/09\/renoir-portrait-durand-ruel-300x241.jpg 300w\" sizes=\"auto, (max-width: 527px) 100vw, 527px\" \/><\/a><figcaption class=\"wp-element-caption\"><em><strong>Retrato de Charles y Georges Durand-Ruel<\/strong>, 1882, <strong>Pierre-Auguste Renoir<\/strong><\/em><br><em> (Par\u00eds, colecci\u00f3n Durand-Ruel)<\/em><\/figcaption><\/figure>\n<\/div>\n\n\n<p><em>La disposici\u00f3n de los personajes recuerda el viaje que el artista realiz\u00f3 a Italia, donde pudo admirar muchas obras maestras del arte antiguo. Deja el fondo impreciso y sin ning\u00fan tipo de profundidad, mientras que define con precisi\u00f3n los rostros de los dos hermanos con gran penetraci\u00f3n psicol\u00f3gica se\u00f1alando las caracter\u00edsticas de las dos diferentes personalidades.<\/em><\/p>\n\n\n\n<p>El encuentro de Renoir con los <strong>esposos Charpentier<\/strong> es fundamental para la carrera del artista. En 1875 empezaron a comprar pinturas de <strong>Renoir<\/strong>, <a href=\"https:\/\/www.aparences.net\/es\/tematicos\/impresionistas-paisajistas\/claude-monet-pintar-al-aire-libre\/\" data-type=\"post\" data-id=\"24599\">Monet<\/a> y otros impresionistas. Les encanta el retrato que el artista realiza de Madame Charpentier y sus hijos y su evaluaci\u00f3n marca el comienzo del \u00e9xito de la artista y, de forma general, del movimiento impresionista. El sal\u00f3n de Madame Charpentier era un hervidero de artistas, escritores, m\u00fasicos, intelectuales y pol\u00edticos, como <a title=\"Victor Hugo\" href=\"https:\/\/es.wikipedia.org\/wiki\/Victor_Hugo\">V\u00edctor Hugo<\/a>, <a href=\"https:\/\/es.wikipedia.org\/wiki\/Iv%C3%A1n_Turgu%C3%A9nev\">Turgueniev<\/a>, <strong>Maupassant<\/strong>, <a title=\"Emile Zola\" href=\"https:\/\/es.wikipedia.org\/wiki\/%C3%89mile_Zola\">Emile Zola<\/a>, <strong>Daudet<\/strong>, <strong>Goncourt<\/strong> y tambi\u00e9n el lugar donde Renoir encuentra a sus futuros clientes.<\/p>\n\n\n<div class=\"wp-block-image\">\n<figure class=\"aligncenter\"><a href=\"https:\/\/www.aparences.net\/wp-content\/uploads\/2014\/09\/renoir-madame-charpentier.jpg\"><img loading=\"lazy\" decoding=\"async\" width=\"539\" height=\"430\" src=\"https:\/\/www.aparences.net\/wp-content\/uploads\/2014\/09\/renoir-madame-charpentier.jpg\" alt=\"Madame Charpentier y sus hijos, 1878, Pierre-Auguste Renoir\" class=\"wp-image-16876\" title=\"Madame Charpentier y sus hijos, 1878, Pierre-Auguste Renoir\" srcset=\"https:\/\/www.aparences.net\/wp-content\/uploads\/2014\/09\/renoir-madame-charpentier.jpg 539w, https:\/\/www.aparences.net\/wp-content\/uploads\/2014\/09\/renoir-madame-charpentier-300x239.jpg 300w\" sizes=\"auto, (max-width: 539px) 100vw, 539px\" \/><\/a><figcaption class=\"wp-element-caption\"><em><strong>Madame Charpentier y sus hijos<\/strong>, 1878, <strong>Pierre-Auguste Renoir<\/strong> <\/em><br><em>(Nueva York, Metropolitan Museum) <\/em><\/figcaption><\/figure>\n<\/div>\n\n\n<p><em>Madame Charpentier ocupa toda la parte central del lienzo. La dama ostenta una actitud afectuosa y protectora hacia sus hijos a los que mira con un cierto orgullo materno. Las paredes est\u00e1n decoradas con paneles de inspiraci\u00f3n oriental, muy de moda en aquella \u00e9poca. La naturaleza muerta sobre la mesa en la esquina superior derecha muestra la supremac\u00eda de los colores vivos e intensos, el dibujo apenas esbozado. <a title=\"Marcel Proust\" href=\"https:\/\/es.wikipedia.org\/wiki\/Marcel_Proust\">Marcel Proust<\/a> describe esta pintura en el primer cap\u00edtulo de \u00abEl tiempo recobrado\u00bb: si se muestra despiadado con <strong>Madame Charpentier<\/strong>, a la que calific\u00f3 de burguesa rid\u00edcula (ridicule petite-bourgeoise), por el contrario, expresa su admiraci\u00f3n por este \u00abpedazo de pintura comparable a <a href=\"https:\/\/www.aparences.net\/es\/escuelas\/la-pintura-veneciana\/tiziano-vecellio-biografia\/\" data-type=\"post\" data-id=\"13200\">Tiziano<\/a>\u00ab. La pintura se exhibi\u00f3 en el Sal\u00f3n de 1879, donde recibi\u00f3 por unanimidad una opini\u00f3n favorable.<\/em><\/p>\n\n\n<div class=\"wp-block-image\">\n<figure class=\"aligncenter\"><a href=\"https:\/\/www.aparences.net\/wp-content\/uploads\/2014\/09\/renoir-atelier.jpg\"><img loading=\"lazy\" decoding=\"async\" width=\"341\" height=\"428\" src=\"https:\/\/www.aparences.net\/wp-content\/uploads\/2014\/09\/renoir-atelier.jpg\" alt=\"El estudio del artista, 1876, Pierre-Auguste Renoir\" class=\"wp-image-16877\" title=\"El estudio del artista, 1876, Pierre-Auguste Renoir\" srcset=\"https:\/\/www.aparences.net\/wp-content\/uploads\/2014\/09\/renoir-atelier.jpg 341w, https:\/\/www.aparences.net\/wp-content\/uploads\/2014\/09\/renoir-atelier-239x300.jpg 239w\" sizes=\"auto, (max-width: 341px) 100vw, 341px\" \/><\/a><\/figure>\n<\/div>\n\n\n<p><em><strong>El estudio del artista<\/strong>, 1876, <strong>Pierre-Auguste Renoir<\/strong> (Colecci\u00f3n privada). La pintura representa el estudio del artista situado en la calle Saint-Georges de Par\u00eds. Los talleres de los j\u00f3venes pintores impresionistas eran tambi\u00e9n lugares para reuniones y encuentros, donde se recib\u00eda adem\u00e1s de los amigos pintores, a m\u00fasicos y escritores para discutir de arte y cultura. El personaje en el centro es el cr\u00edtico de arte y bi\u00f3grafo de Renoir, Georges Rivi\u00e8re; a la derecha el personaje calvo con barba y medio escondido, es <a href=\"https:\/\/www.aparences.net\/es\/tematicos\/impresionistas-paisajistas\/camille-pissarro-impresionista-y-puntillista\/\" data-type=\"post\" data-id=\"24546\">Pissarro<\/a>. La identidad de los otros personajes no se ha podido establecer.<\/em><\/p>\n\n\n\n<!-- AdBoxLeft2023 --><ins class=\"adsbygoogle\" style=\"display:block\" data-ad-client=\"ca-pub-2468002815867636\" data-ad-slot=\"1318022963\" data-ad-format=\"auto\" data-full-width-responsive=\"true\"><\/ins><script> (adsbygoogle = window.adsbygoogle || []).push({});<\/script><h2 class=\"wp-block-heading\">Cagnes-sur-Mer<\/h2>\n\n\n\n<p>A finales de la d\u00e9cada de 1890, Renoir empieza a sufrir de fuertes dolores reum\u00e1ticos: el 12 de febrero de 1899, siguiendo el consejo de sus m\u00e9dicos, se instala con su familia <strong>junto al mar en Cagnes-sur-Mer<\/strong>, una localidad de la costa francesa. El agradable clima de la Riviera alivia su dolor y puede empezar a pintar con renovado entusiasmo. En 1907, compra una gran propiedad en Cagnes-sur-Mer, donde construye su \u00faltima casa provista de un gran taller y rodeada por un extenso campo de olivos, desde la que se puede ver el mar. Las im\u00e1genes espont\u00e1neas y felices dan paso ahora a grandes composiciones pobladas, sobre todo despu\u00e9s de su instalaci\u00f3n en la Riviera francesa, de desnudos femeninos que recuerdan a <a href=\"https:\/\/www.aparences.net\/es\/periodos\/pintura-barroca\/flandes-bajo-la-sombra-de-rubens\/\">Rubens<\/a>. A principios de 1910, presenta 37 obras en la Bienal de Venecia y en junio expone veinticinco cuadros en la <strong>galer\u00eda Durand-Ruel<\/strong> de Par\u00eds. Desde entonces y hasta su muerte, se van alternando per\u00edodos de alivio y nuevas crisis en la enfermedad del pintor. Pero el valeroso Renoir continu\u00f3 pintando. Para poder sostener el pincel deb\u00eda at\u00e1rselo a sus dedos y as\u00ed pint\u00f3 hasta su muerte el 2 de diciembre de 1919, despu\u00e9s de haber terminado una naturaleza muerta con manzanas.<\/p>\n\n\n<div class=\"wp-block-image\">\n<figure class=\"aligncenter\"><a href=\"https:\/\/www.aparences.net\/wp-content\/uploads\/2014\/09\/renoir-les-baigneuses.jpg\"><img loading=\"lazy\" decoding=\"async\" width=\"539\" height=\"379\" src=\"https:\/\/www.aparences.net\/wp-content\/uploads\/2014\/09\/renoir-les-baigneuses.jpg\" alt=\"Las Ba\u00f1istas, 1918-1919, Pierre-Auguste Renoir\" class=\"wp-image-16878\" title=\"Las Ba\u00f1istas, 1918-1919, Pierre-Auguste Renoir\" srcset=\"https:\/\/www.aparences.net\/wp-content\/uploads\/2014\/09\/renoir-les-baigneuses.jpg 539w, https:\/\/www.aparences.net\/wp-content\/uploads\/2014\/09\/renoir-les-baigneuses-300x210.jpg 300w\" sizes=\"auto, (max-width: 539px) 100vw, 539px\" \/><\/a><figcaption class=\"wp-element-caption\"><em><strong>Las Ba\u00f1istas<\/strong>, 1918-1919, <strong>Pierre-Auguste Renoir<\/strong> (Par\u00eds, mus\u00e9e d&#8217;Orsay)<\/em><\/figcaption><\/figure>\n<\/div>\n\n\n<p><em>De acuerdo con el testimonio de <a title=\"Henri Matisse\" href=\"https:\/\/www.aparences.net\/es\/periodos\/arte-moderno\/el-fauvismo\/#henri-matisse\">Henri Matisse<\/a> quien visit\u00f3 a Renoir mientras pintaba este cuadro y que lo consideraba como el pin\u00e1culo de su carrera, para pintar este gran lienzo Renoir se hizo construir en su casa de Cagnes-sur-Mer un caballete m\u00f3vil provisto de una serie de poleas que mov\u00edan el lienzo y as\u00ed poder pintar sentado.<\/em><\/p>\n","protected":false},"excerpt":{"rendered":"<p>Renoir es el poeta de la vida cotidiana, vista a trav\u00e9s de sus eventos m\u00e1s humildes y que transfigura por el tratamiento de la luz.<\/p>\n","protected":false},"author":2,"featured_media":26356,"comment_status":"closed","ping_status":"closed","sticky":false,"template":"","format":"standard","meta":{"footnotes":""},"categories":[3003],"tags":[3044,1527,4041,6061,4039,4064,1520,4059],"class_list":["post-13477","post","type-post","status-publish","format-standard","has-post-thumbnail","hentry","category-impresionismo","tag-almuerzo-de-los-remeros","tag-cagnes-sur-mer","tag-durand-ruel","tag-galeristas-y-mecenas","tag-impresionismo","tag-nadar","tag-pierre-auguste-renoir","tag-pintor-impresionista"],"yoast_head":"<!-- This site is optimized with the Yoast SEO plugin v27.2 - https:\/\/yoast.com\/product\/yoast-seo-wordpress\/ -->\n<title>Pierre-Auguste Renoir<\/title>\n<meta name=\"description\" content=\"Renoir es el poeta de la vida cotidiana, vista a trav\u00e9s de sus eventos m\u00e1s humildes y que transfigura por el tratamiento de la luz.\" \/>\n<meta name=\"robots\" content=\"index, follow, max-snippet:-1, max-image-preview:large, max-video-preview:-1\" \/>\n<link rel=\"canonical\" href=\"https:\/\/www.aparences.net\/es\/periodos\/impresionismo\/pierre-auguste-renoir\/\" \/>\n<meta property=\"og:locale\" content=\"es_ES\" \/>\n<meta property=\"og:type\" content=\"article\" \/>\n<meta property=\"og:title\" content=\"Pierre-Auguste Renoir\" \/>\n<meta property=\"og:description\" content=\"Renoir es el poeta de la vida cotidiana, vista a trav\u00e9s de sus eventos m\u00e1s humildes y que transfigura por el tratamiento de la luz.\" \/>\n<meta property=\"og:url\" content=\"https:\/\/www.aparences.net\/es\/periodos\/impresionismo\/pierre-auguste-renoir\/\" \/>\n<meta property=\"og:site_name\" content=\"Aparences\" \/>\n<meta property=\"article:published_time\" content=\"2014-09-17T08:28:46+00:00\" \/>\n<meta property=\"article:modified_time\" content=\"2025-12-11T18:40:56+00:00\" \/>\n<meta property=\"og:image\" content=\"https:\/\/www.aparences.net\/wp-content\/uploads\/2014\/09\/renoir.jpg\" \/>\n\t<meta property=\"og:image:width\" content=\"1080\" \/>\n\t<meta property=\"og:image:height\" content=\"540\" \/>\n\t<meta property=\"og:image:type\" content=\"image\/jpeg\" \/>\n<meta name=\"author\" content=\"admin\" \/>\n<meta name=\"twitter:card\" content=\"summary_large_image\" \/>\n<meta name=\"twitter:label1\" content=\"Escrito por\" \/>\n\t<meta name=\"twitter:data1\" content=\"admin\" \/>\n\t<meta name=\"twitter:label2\" content=\"Tiempo de lectura\" \/>\n\t<meta name=\"twitter:data2\" content=\"15 minutos\" \/>\n<script type=\"application\/ld+json\" class=\"yoast-schema-graph\">{\"@context\":\"https:\/\/schema.org\",\"@graph\":[{\"@type\":\"Article\",\"@id\":\"https:\/\/www.aparences.net\/es\/periodos\/impresionismo\/pierre-auguste-renoir\/#article\",\"isPartOf\":{\"@id\":\"https:\/\/www.aparences.net\/es\/periodos\/impresionismo\/pierre-auguste-renoir\/\"},\"author\":{\"name\":\"admin\",\"@id\":\"https:\/\/www.aparences.net\/es\/#\/schema\/person\/af349f6ffc31b16c68963e61268afca5\"},\"headline\":\"Pierre-Auguste Renoir\",\"datePublished\":\"2014-09-17T08:28:46+00:00\",\"dateModified\":\"2025-12-11T18:40:56+00:00\",\"mainEntityOfPage\":{\"@id\":\"https:\/\/www.aparences.net\/es\/periodos\/impresionismo\/pierre-auguste-renoir\/\"},\"wordCount\":2618,\"publisher\":{\"@id\":\"https:\/\/www.aparences.net\/es\/#organization\"},\"image\":{\"@id\":\"https:\/\/www.aparences.net\/es\/periodos\/impresionismo\/pierre-auguste-renoir\/#primaryimage\"},\"thumbnailUrl\":\"https:\/\/www.aparences.net\/wp-content\/uploads\/2014\/09\/renoir.jpg\",\"keywords\":[\"Almuerzo de los remeros\",\"Cagnes-sur-Mer\",\"Durand-Ruel\",\"galeristas y mecenas\",\"impresionismo\",\"Nadar\",\"Pierre-Auguste Renoir\",\"pintor impresionista\"],\"articleSection\":[\"Impresionismo\"],\"inLanguage\":\"es\"},{\"@type\":[\"WebPage\",\"ItemPage\"],\"@id\":\"https:\/\/www.aparences.net\/es\/periodos\/impresionismo\/pierre-auguste-renoir\/\",\"url\":\"https:\/\/www.aparences.net\/es\/periodos\/impresionismo\/pierre-auguste-renoir\/\",\"name\":\"Pierre-Auguste Renoir\",\"isPartOf\":{\"@id\":\"https:\/\/www.aparences.net\/es\/#website\"},\"primaryImageOfPage\":{\"@id\":\"https:\/\/www.aparences.net\/es\/periodos\/impresionismo\/pierre-auguste-renoir\/#primaryimage\"},\"image\":{\"@id\":\"https:\/\/www.aparences.net\/es\/periodos\/impresionismo\/pierre-auguste-renoir\/#primaryimage\"},\"thumbnailUrl\":\"https:\/\/www.aparences.net\/wp-content\/uploads\/2014\/09\/renoir.jpg\",\"datePublished\":\"2014-09-17T08:28:46+00:00\",\"dateModified\":\"2025-12-11T18:40:56+00:00\",\"description\":\"Renoir es el poeta de la vida cotidiana, vista a trav\u00e9s de sus eventos m\u00e1s humildes y que transfigura por el tratamiento de la luz.\",\"breadcrumb\":{\"@id\":\"https:\/\/www.aparences.net\/es\/periodos\/impresionismo\/pierre-auguste-renoir\/#breadcrumb\"},\"inLanguage\":\"es\",\"potentialAction\":[{\"@type\":\"ReadAction\",\"target\":[\"https:\/\/www.aparences.net\/es\/periodos\/impresionismo\/pierre-auguste-renoir\/\"]}]},{\"@type\":\"ImageObject\",\"inLanguage\":\"es\",\"@id\":\"https:\/\/www.aparences.net\/es\/periodos\/impresionismo\/pierre-auguste-renoir\/#primaryimage\",\"url\":\"https:\/\/www.aparences.net\/wp-content\/uploads\/2014\/09\/renoir.jpg\",\"contentUrl\":\"https:\/\/www.aparences.net\/wp-content\/uploads\/2014\/09\/renoir.jpg\",\"width\":1080,\"height\":540},{\"@type\":\"BreadcrumbList\",\"@id\":\"https:\/\/www.aparences.net\/es\/periodos\/impresionismo\/pierre-auguste-renoir\/#breadcrumb\",\"itemListElement\":[{\"@type\":\"ListItem\",\"position\":1,\"name\":\"Portada\",\"item\":\"https:\/\/www.aparences.net\/es\/\"},{\"@type\":\"ListItem\",\"position\":2,\"name\":\"Pierre-Auguste Renoir\"}]},{\"@type\":\"WebSite\",\"@id\":\"https:\/\/www.aparences.net\/es\/#website\",\"url\":\"https:\/\/www.aparences.net\/es\/\",\"name\":\"Aparences: Historia del Arte y Actualidad Cultural\",\"description\":\"\",\"publisher\":{\"@id\":\"https:\/\/www.aparences.net\/es\/#organization\"},\"potentialAction\":[{\"@type\":\"SearchAction\",\"target\":{\"@type\":\"EntryPoint\",\"urlTemplate\":\"https:\/\/www.aparences.net\/es\/?s={search_term_string}\"},\"query-input\":{\"@type\":\"PropertyValueSpecification\",\"valueRequired\":true,\"valueName\":\"search_term_string\"}}],\"inLanguage\":\"es\"},{\"@type\":\"Organization\",\"@id\":\"https:\/\/www.aparences.net\/es\/#organization\",\"name\":\"Aparences: Historia del Arte y Actualidad Cultural\",\"url\":\"https:\/\/www.aparences.net\/es\/\",\"logo\":{\"@type\":\"ImageObject\",\"inLanguage\":\"es\",\"@id\":\"https:\/\/www.aparences.net\/es\/#\/schema\/logo\/image\/\",\"url\":\"https:\/\/www.aparences.net\/wp-content\/uploads\/2023\/09\/logo-quadrat-color-e1695915315229.png\",\"contentUrl\":\"https:\/\/www.aparences.net\/wp-content\/uploads\/2023\/09\/logo-quadrat-color-e1695915315229.png\",\"width\":120,\"height\":120,\"caption\":\"Aparences: Historia del Arte y Actualidad Cultural\"},\"image\":{\"@id\":\"https:\/\/www.aparences.net\/es\/#\/schema\/logo\/image\/\"}},{\"@type\":\"Person\",\"@id\":\"https:\/\/www.aparences.net\/es\/#\/schema\/person\/af349f6ffc31b16c68963e61268afca5\",\"name\":\"admin\",\"url\":\"https:\/\/www.aparences.net\/es\/author\/admin\/\"}]}<\/script>\n<!-- \/ Yoast SEO plugin. -->","yoast_head_json":{"title":"Pierre-Auguste Renoir","description":"Renoir es el poeta de la vida cotidiana, vista a trav\u00e9s de sus eventos m\u00e1s humildes y que transfigura por el tratamiento de la luz.","robots":{"index":"index","follow":"follow","max-snippet":"max-snippet:-1","max-image-preview":"max-image-preview:large","max-video-preview":"max-video-preview:-1"},"canonical":"https:\/\/www.aparences.net\/es\/periodos\/impresionismo\/pierre-auguste-renoir\/","og_locale":"es_ES","og_type":"article","og_title":"Pierre-Auguste Renoir","og_description":"Renoir es el poeta de la vida cotidiana, vista a trav\u00e9s de sus eventos m\u00e1s humildes y que transfigura por el tratamiento de la luz.","og_url":"https:\/\/www.aparences.net\/es\/periodos\/impresionismo\/pierre-auguste-renoir\/","og_site_name":"Aparences","article_published_time":"2014-09-17T08:28:46+00:00","article_modified_time":"2025-12-11T18:40:56+00:00","og_image":[{"width":1080,"height":540,"url":"https:\/\/www.aparences.net\/wp-content\/uploads\/2014\/09\/renoir.jpg","type":"image\/jpeg"}],"author":"admin","twitter_card":"summary_large_image","twitter_misc":{"Escrito por":"admin","Tiempo de lectura":"15 minutos"},"schema":{"@context":"https:\/\/schema.org","@graph":[{"@type":"Article","@id":"https:\/\/www.aparences.net\/es\/periodos\/impresionismo\/pierre-auguste-renoir\/#article","isPartOf":{"@id":"https:\/\/www.aparences.net\/es\/periodos\/impresionismo\/pierre-auguste-renoir\/"},"author":{"name":"admin","@id":"https:\/\/www.aparences.net\/es\/#\/schema\/person\/af349f6ffc31b16c68963e61268afca5"},"headline":"Pierre-Auguste Renoir","datePublished":"2014-09-17T08:28:46+00:00","dateModified":"2025-12-11T18:40:56+00:00","mainEntityOfPage":{"@id":"https:\/\/www.aparences.net\/es\/periodos\/impresionismo\/pierre-auguste-renoir\/"},"wordCount":2618,"publisher":{"@id":"https:\/\/www.aparences.net\/es\/#organization"},"image":{"@id":"https:\/\/www.aparences.net\/es\/periodos\/impresionismo\/pierre-auguste-renoir\/#primaryimage"},"thumbnailUrl":"https:\/\/www.aparences.net\/wp-content\/uploads\/2014\/09\/renoir.jpg","keywords":["Almuerzo de los remeros","Cagnes-sur-Mer","Durand-Ruel","galeristas y mecenas","impresionismo","Nadar","Pierre-Auguste Renoir","pintor impresionista"],"articleSection":["Impresionismo"],"inLanguage":"es"},{"@type":["WebPage","ItemPage"],"@id":"https:\/\/www.aparences.net\/es\/periodos\/impresionismo\/pierre-auguste-renoir\/","url":"https:\/\/www.aparences.net\/es\/periodos\/impresionismo\/pierre-auguste-renoir\/","name":"Pierre-Auguste Renoir","isPartOf":{"@id":"https:\/\/www.aparences.net\/es\/#website"},"primaryImageOfPage":{"@id":"https:\/\/www.aparences.net\/es\/periodos\/impresionismo\/pierre-auguste-renoir\/#primaryimage"},"image":{"@id":"https:\/\/www.aparences.net\/es\/periodos\/impresionismo\/pierre-auguste-renoir\/#primaryimage"},"thumbnailUrl":"https:\/\/www.aparences.net\/wp-content\/uploads\/2014\/09\/renoir.jpg","datePublished":"2014-09-17T08:28:46+00:00","dateModified":"2025-12-11T18:40:56+00:00","description":"Renoir es el poeta de la vida cotidiana, vista a trav\u00e9s de sus eventos m\u00e1s humildes y que transfigura por el tratamiento de la luz.","breadcrumb":{"@id":"https:\/\/www.aparences.net\/es\/periodos\/impresionismo\/pierre-auguste-renoir\/#breadcrumb"},"inLanguage":"es","potentialAction":[{"@type":"ReadAction","target":["https:\/\/www.aparences.net\/es\/periodos\/impresionismo\/pierre-auguste-renoir\/"]}]},{"@type":"ImageObject","inLanguage":"es","@id":"https:\/\/www.aparences.net\/es\/periodos\/impresionismo\/pierre-auguste-renoir\/#primaryimage","url":"https:\/\/www.aparences.net\/wp-content\/uploads\/2014\/09\/renoir.jpg","contentUrl":"https:\/\/www.aparences.net\/wp-content\/uploads\/2014\/09\/renoir.jpg","width":1080,"height":540},{"@type":"BreadcrumbList","@id":"https:\/\/www.aparences.net\/es\/periodos\/impresionismo\/pierre-auguste-renoir\/#breadcrumb","itemListElement":[{"@type":"ListItem","position":1,"name":"Portada","item":"https:\/\/www.aparences.net\/es\/"},{"@type":"ListItem","position":2,"name":"Pierre-Auguste Renoir"}]},{"@type":"WebSite","@id":"https:\/\/www.aparences.net\/es\/#website","url":"https:\/\/www.aparences.net\/es\/","name":"Aparences: Historia del Arte y Actualidad Cultural","description":"","publisher":{"@id":"https:\/\/www.aparences.net\/es\/#organization"},"potentialAction":[{"@type":"SearchAction","target":{"@type":"EntryPoint","urlTemplate":"https:\/\/www.aparences.net\/es\/?s={search_term_string}"},"query-input":{"@type":"PropertyValueSpecification","valueRequired":true,"valueName":"search_term_string"}}],"inLanguage":"es"},{"@type":"Organization","@id":"https:\/\/www.aparences.net\/es\/#organization","name":"Aparences: Historia del Arte y Actualidad Cultural","url":"https:\/\/www.aparences.net\/es\/","logo":{"@type":"ImageObject","inLanguage":"es","@id":"https:\/\/www.aparences.net\/es\/#\/schema\/logo\/image\/","url":"https:\/\/www.aparences.net\/wp-content\/uploads\/2023\/09\/logo-quadrat-color-e1695915315229.png","contentUrl":"https:\/\/www.aparences.net\/wp-content\/uploads\/2023\/09\/logo-quadrat-color-e1695915315229.png","width":120,"height":120,"caption":"Aparences: Historia del Arte y Actualidad Cultural"},"image":{"@id":"https:\/\/www.aparences.net\/es\/#\/schema\/logo\/image\/"}},{"@type":"Person","@id":"https:\/\/www.aparences.net\/es\/#\/schema\/person\/af349f6ffc31b16c68963e61268afca5","name":"admin","url":"https:\/\/www.aparences.net\/es\/author\/admin\/"}]}},"_links":{"self":[{"href":"https:\/\/www.aparences.net\/es\/wp-json\/wp\/v2\/posts\/13477","targetHints":{"allow":["GET"]}}],"collection":[{"href":"https:\/\/www.aparences.net\/es\/wp-json\/wp\/v2\/posts"}],"about":[{"href":"https:\/\/www.aparences.net\/es\/wp-json\/wp\/v2\/types\/post"}],"author":[{"embeddable":true,"href":"https:\/\/www.aparences.net\/es\/wp-json\/wp\/v2\/users\/2"}],"replies":[{"embeddable":true,"href":"https:\/\/www.aparences.net\/es\/wp-json\/wp\/v2\/comments?post=13477"}],"version-history":[{"count":0,"href":"https:\/\/www.aparences.net\/es\/wp-json\/wp\/v2\/posts\/13477\/revisions"}],"wp:featuredmedia":[{"embeddable":true,"href":"https:\/\/www.aparences.net\/es\/wp-json\/wp\/v2\/media\/26356"}],"wp:attachment":[{"href":"https:\/\/www.aparences.net\/es\/wp-json\/wp\/v2\/media?parent=13477"}],"wp:term":[{"taxonomy":"category","embeddable":true,"href":"https:\/\/www.aparences.net\/es\/wp-json\/wp\/v2\/categories?post=13477"},{"taxonomy":"post_tag","embeddable":true,"href":"https:\/\/www.aparences.net\/es\/wp-json\/wp\/v2\/tags?post=13477"}],"curies":[{"name":"wp","href":"https:\/\/api.w.org\/{rel}","templated":true}]}}