{"id":13481,"date":"2014-09-17T10:29:36","date_gmt":"2014-09-17T08:29:36","guid":{"rendered":"https:\/\/www.aparences.net\/periodes\/impressionnisme-periodes\/edouard-manet\/"},"modified":"2025-12-11T19:40:56","modified_gmt":"2025-12-11T18:40:56","slug":"edouard-manet-2","status":"publish","type":"post","link":"https:\/\/www.aparences.net\/es\/periodos\/impresionismo\/edouard-manet-2\/","title":{"rendered":"\u00c9douard Manet"},"content":{"rendered":"<p><!--contents--><\/p>\n\n\n<h2 class=\"wp-block-heading\">Manet, entre tradici\u00f3n acad\u00e9mica y realismo<\/h2>\n\n\n\n<p><strong>\u00c9douard Manet<\/strong> (1832-1883) ocup\u00f3 un lugar privilegiado en la escena art\u00edstica impresionista y fue tal vez el m\u00e1s cultivado de los <a href=\"https:\/\/www.aparences.net\/es\/periodos\/impresionismo-2\/\">pintores impresionistas<\/a>: al aire libre de la campi\u00f1a francesa, prefiere el ambiente de los museos. Nacido en el seno de una familia perteneciente a la alta burgues\u00eda, durante a\u00f1os sigue los cursos de pintura de <strong>Thomas Couture<\/strong> y abre un estudio en la rue Lavoisier. En la d\u00e9cada de 1850, sus largos viajes por Europa le permiten admirar las obras de <a title=\"Tiziano\" href=\"https:\/\/www.aparences.net\/es\/escuelas\/la-pintura-veneciana\/tiziano-vecellio-biografia\/\">Tiziano<\/a>, <a title=\"Rembrandt\" href=\"https:\/\/www.aparences.net\/es\/periodos\/pintura-barroca\/la-pintura-barroca-holandesa\/#rembrandt-van-rijn\">Rembrandt<\/a>, <strong>Vel\u00e1zquez<\/strong>, <a title=\"Goya\" href=\"https:\/\/www.aparences.net\/es\/periodos\/rococo\/francisco-de-goya\/\">Goya<\/a>. De regreso a Par\u00eds, se implica en los ciclos del realismo literario de <strong>Baudelaire<\/strong> y <strong>Zola<\/strong>, y comienza a pintar grandes lienzos inspirados en personas reales, cuyas figuras destacan sobre fondos neutros y realizados con contornos oscuros muy marcados, convirti\u00e9ndose r\u00e1pidamente en uno de los artistas m\u00e1s c\u00e9lebres y m\u00e1s controvertidos. Alrededor de 1863, con obras escandalosas como <em>Olympia<\/em> y <em>Desayuno sobre la hierba<\/em>, Manet establece el principio de la libertad de expresi\u00f3n del artista ante cualquier tema, sin tener que elegir \u00abasuntos nobles\u00bb y \u00abtradicionales \u00bb, llam\u00e1ndolas \u00abescenas dom\u00e9sticas de la vida contempor\u00e1nea.\u00bb Todav\u00eda en estado embrionario, este concepto ser\u00e1 la verdadera base del arte moderno. En su obra <em>El p\u00edfano<\/em> (Le Fifre), 1868 (Par\u00eds, Museo de Orsay), se pone de manifiesto la influencia de <a title=\"Vel\u00e1zquez\" href=\"https:\/\/www.aparences.net\/es\/periodos\/pintura-barroca\/la-pintura-barroca-en-espana\/\">Vel\u00e1zquez<\/a>. Presentado ante el jurado del Sal\u00f3n, al mismo tiempo que el <em>Retrato de Philibert Rouviere<\/em>, los dos cuadros ser\u00e1n rechazados. Frente a los ataques feroces de la cr\u00edtica, <a title=\"\u00c9mile Zola\" href=\"https:\/\/es.wikipedia.org\/wiki\/%C3%89mile_Zola\" target=\"_blank\" rel=\"noopener noreferrer\">\u00c9mile Zola<\/a> entabla su defensa en un art\u00edculo aparecido en la revista \u00c9v\u00e9nement el 7 de mayo de 1866. Pero la intervenci\u00f3n del escritor suscita las protestas de los lectores y es despedido del peri\u00f3dico. En la d\u00e9cada de 1870, <strong>Manet participa en el movimiento impresionista<\/strong>, su paleta se vuelve m\u00e1s clara, pero su estilo permanece ligado a una comparaci\u00f3n reflexiva y personal con los grandes maestros de la historia.<\/p>\n\n\n<div class=\"wp-block-image\">\n<figure class=\"aligncenter\"><a href=\"https:\/\/www.aparences.net\/wp-content\/uploads\/2014\/09\/manet-musique-tuileries.jpg\"><img loading=\"lazy\" decoding=\"async\" width=\"545\" height=\"344\" src=\"https:\/\/www.aparences.net\/wp-content\/uploads\/2014\/09\/manet-musique-tuileries.jpg\" alt=\"M\u00fasica en las Tuller\u00edas, 1862, Edouard Manet, Londres, National Gallery\" class=\"wp-image-16895\" title=\"M\u00fasica en las Tuller\u00edas, 1862, Edouard Manet, Londres, National Gallery\" srcset=\"https:\/\/www.aparences.net\/wp-content\/uploads\/2014\/09\/manet-musique-tuileries.jpg 545w, https:\/\/www.aparences.net\/wp-content\/uploads\/2014\/09\/manet-musique-tuileries-300x189.jpg 300w\" sizes=\"auto, (max-width: 545px) 100vw, 545px\" \/><\/a><\/figure>\n<\/div>\n\n<div class=\"wp-block-image\">\n<figure class=\"aligncenter\"><a href=\"https:\/\/www.aparences.net\/wp-content\/uploads\/2014\/09\/manet-musique-tuileries-1.jpg\"><img loading=\"lazy\" decoding=\"async\" width=\"545\" height=\"254\" src=\"https:\/\/www.aparences.net\/wp-content\/uploads\/2014\/09\/manet-musique-tuileries-1.jpg\" alt=\"M\u00fasica en las Tuller\u00edas, 1862, Edouard Manet\" class=\"wp-image-16896\" title=\"M\u00fasica en las Tuller\u00edas, 1862, Edouard Manet\" srcset=\"https:\/\/www.aparences.net\/wp-content\/uploads\/2014\/09\/manet-musique-tuileries-1.jpg 545w, https:\/\/www.aparences.net\/wp-content\/uploads\/2014\/09\/manet-musique-tuileries-1-300x139.jpg 300w\" sizes=\"auto, (max-width: 545px) 100vw, 545px\" \/><\/a><figcaption class=\"wp-element-caption\"><em><strong>M\u00fasica en las Tuller\u00edas<\/strong>, 1862, <strong>Edouard Manet<\/strong> (Londres, National Gallery)<\/em><\/figcaption><\/figure>\n<\/div>\n\n\n<p><em>En esta pintura, Manet reuni\u00f3 a los principales representantes del Par\u00eds intelectual y mundano del Segundo Imperio. En el jard\u00edn del Palacio de las Tuller\u00edas donde Napole\u00f3n III se reun\u00eda con sus cortesanos, se celebraban cada semana dos conciertos populares.El artista se representa a s\u00ed mismo en el borde extremo de la composici\u00f3n, con barba y llevando sombrero de copa; los tres hombres de pie junto a un gran tronco, detr\u00e1s de las dos mujeres sentadas, son <a title=\"Charles Baudelaire\" href=\"https:\/\/es.wikipedia.org\/wiki\/Charles_Baudelaire\" target=\"_blank\" rel=\"noopener noreferrer\">Charles Baudelaire<\/a> de perfil, <a title=\"Th\u00e9ophile Gautier\" href=\"https:\/\/es.wikipedia.org\/wiki\/Th%C3%A9ophile_Gautier\" target=\"_blank\" rel=\"noopener noreferrer\">Th\u00e9ophile Gautier<\/a> y el bar\u00f3n Taylor, especialista en pintura espa\u00f1ola. Entre los otros personajes, vemos al hermano de Manet, Eugene, de pie en el centro del lienzo y ligeramente inclinado.<\/em><\/p>\n\n\n\n<p>Desde 1863, <strong>Manet<\/strong> se reun\u00eda con el grupo impresionista, participando en los debates del <a href=\"https:\/\/es.wikipedia.org\/wiki\/Caf%C3%A9_Guerbois\">Caf\u00e9 Guerbois<\/a> y <strong>Nueva Atenas<\/strong>, junto con <strong>Baudelaire<\/strong>, <strong>Zola<\/strong>, <strong>Mallarm\u00e9<\/strong>, todos ellos partidarios e inspiradores de una pintura capaz de representar la vida contempor\u00e1nea. <a title=\"Mallarm\u00e9\" href=\"https:\/\/es.wikipedia.org\/wiki\/St%C3%A9phane_Mallarm%C3%A9\" target=\"_blank\" rel=\"noopener noreferrer\">Mallarm\u00e9<\/a> fue uno de los primeros en comprender la importancia hist\u00f3rica y art\u00edstica de las pinturas impresionistas, que defendi\u00f3 desde sus primeras exposiciones. En 1876, escribi\u00f3 un art\u00edculo en la revista brit\u00e1nica <em>Art Monthly Review<\/em>, titulado <em>Manet y los impresionistas<\/em>, en el que analiza la elecci\u00f3n de los artistas de pintar al aire libre y tomar como fuente de inspiraci\u00f3n para la casi totalidad de sus obras, la vida cotidiana y no la historia o el mito. Este art\u00edculo va a suavizar las cr\u00edticas negativas sobre Manet.<\/p>\n\n\n<div class=\"wp-block-image\">\n<figure class=\"aligncenter\"><a href=\"https:\/\/www.aparences.net\/wp-content\/uploads\/2014\/09\/manet-mallarme.jpg\"><img loading=\"lazy\" decoding=\"async\" width=\"523\" height=\"379\" src=\"https:\/\/www.aparences.net\/wp-content\/uploads\/2014\/09\/manet-mallarme.jpg\" alt=\"Retrato de St\u00e9phane Mallarm\u00e9, 1876, Edouard Manet\" class=\"wp-image-16897\" title=\"Retrato de St\u00e9phane Mallarm\u00e9, 1876, Edouard Manet\" srcset=\"https:\/\/www.aparences.net\/wp-content\/uploads\/2014\/09\/manet-mallarme.jpg 523w, https:\/\/www.aparences.net\/wp-content\/uploads\/2014\/09\/manet-mallarme-300x217.jpg 300w\" sizes=\"auto, (max-width: 523px) 100vw, 523px\" \/><\/a><figcaption class=\"wp-element-caption\"><em><strong>Retrato de St\u00e9phane Mallarm\u00e9<\/strong>, 1876, <strong>Edouard Manet<\/strong> (Par\u00eds, Mus\u00e9e d&#8217;Orsay)<\/em><\/figcaption><\/figure>\n<\/div>\n\n\n<p><em>La relaci\u00f3n de amistad entre el escritor y el pintor explica la pose poco formalista de este retrato. Mallarm\u00e9, tranquilamente sentado en una silla, tiene una mano en el bolsillo y con la otra sostiene un cigarro encendido, apoy\u00e1ndose al mismo tiempo en un libro abierto.<\/em><\/p>\n\n\n\n<!-- AdBoxRight2020 --><ins class=\"adsbygoogle\"     style=\"display:block; margin-top:30px;\"     data-ad-client=\"ca-pub-2468002815867636\"     data-ad-slot=\"3496014735\"     data-ad-format=\"auto\"     data-full-width-responsive=\"false\"><\/ins><script> (adsbygoogle = window.adsbygoogle || []).push({});<\/script><h2 class=\"wp-block-heading\">El Desayuno en la hierba y Olympia<\/h2>\n\n\n\n<p>Consideradas como obras capitales que marcaron el inicio de la pintura moderna el <em><strong>Desayuno en la hierba<\/strong><\/em> y <em><strong>Olympia<\/strong><\/em> se basan en temas cl\u00e1sicos: un dibujo de <strong>Rafael<\/strong>, el <a href=\"https:\/\/www.aparences.net\/es\/escuelas\/la-pintura-veneciana\/el-cinquecento-o-alto-renacimiento-en-venecia\/\"><em>Concierto campestre<\/em> de Tiziano<\/a> y <em>El Juicio de Paris<\/em> (1514-1518) de <strong>Marcantonio Raimondi<\/strong> para el primer cuadro y la <em>Venus de Urbino<\/em> de <a href=\"https:\/\/www.aparences.net\/es\/escuelas\/la-pintura-veneciana\/tiziano-vecellio-biografia\/\">Tiziano<\/a> y <a href=\"https:\/\/www.aparences.net\/es\/periodos\/neoclasicismo\/jean-auguste-dominique-ingres\/\"><em>la Gran Odalisca<\/em> de Ingres<\/a> para el segundo. El <em><strong>Desayuno en la hierba<\/strong><\/em> de <strong>Manet<\/strong> escandaliz\u00f3 al p\u00fablico por el naturalismo de los personajes y por la abolici\u00f3n de los vol\u00famenes, de la perspectiva, los medios tonos y los claroscuros: s\u00f3lo permanecieron formas planas fuertemente marcadas en audaces contrastes, junto con un vibrante color negro. El cuadro muestra el descanso dominical de un grupo de amigos en un parque cerca de Par\u00eds. Las implicaciones er\u00f3ticas, evidentes en la joven mujer desnuda sentada junto a dos hombres completamente vestidos, son mitigadas por el entorno natural, donde las frescas sombras alternan con la clara luz del sol que se filtra a trav\u00e9s de los \u00e1rboles. Presentada en el Sal\u00f3n, la obra fue rechazada por el austero jurado cuyo gusto acad\u00e9mico y reaccionario repudi\u00f3 tambien las tres cuartas partes de las 5.000 obras presentadas teniendo que ser expuestas en el <a href=\"https:\/\/es.wikipedia.org\/wiki\/Salon_des_Refus%C3%A9s\"><em>Sal\u00f3n des Refus\u00e9s<\/em><\/a> (Sal\u00f3n de los Rechazados). Ello caus\u00f3 un gran esc\u00e1ndalo, lo que iba mucho m\u00e1s all\u00e1 de las intenciones del artista. Sin embargo, fue precisamente el alboroto causado por el cuadro lo que alent\u00f3 a Manet a seguir en el camino de una pintura directa y realista.<\/p>\n\n\n<div class=\"wp-block-image\">\n<figure class=\"aligncenter\"><a href=\"https:\/\/www.aparences.net\/wp-content\/uploads\/2014\/09\/manet-dejeuner-herbe.jpg\"><img loading=\"lazy\" decoding=\"async\" width=\"496\" height=\"389\" src=\"https:\/\/www.aparences.net\/wp-content\/uploads\/2014\/09\/manet-dejeuner-herbe.jpg\" alt=\"Desayuno en la hierba, 1863, Edouard Manet \" class=\"wp-image-16898\" title=\"Desayuno en la hierba, 1863, Edouard Manet \" srcset=\"https:\/\/www.aparences.net\/wp-content\/uploads\/2014\/09\/manet-dejeuner-herbe.jpg 496w, https:\/\/www.aparences.net\/wp-content\/uploads\/2014\/09\/manet-dejeuner-herbe-300x235.jpg 300w\" sizes=\"auto, (max-width: 496px) 100vw, 496px\" \/><\/a><figcaption class=\"wp-element-caption\"><em><strong>Desayuno en la hierba<\/strong>, 1863, <strong>Edouard Manet<\/strong> (Par\u00eds, Mus\u00e9e d&#8217;Orsay)<\/em><\/figcaption><\/figure>\n<\/div>\n\n\n<p><em>Esta obra de <strong>Manet<\/strong> retoma, sin iron\u00eda, como un homenaje sincero, el \u00abConcierto campestre\u00bb de <strong>Tiziano<\/strong>, una de las pinturas m\u00e1s famosas del Louvre, entonces atribuida a <strong>Giorgione<\/strong>. Se trata de una construcci\u00f3n intelectual compuesta en el taller, m\u00e1s cercana a las t\u00e9cnicas del paisaje cl\u00e1sico que al impresionismo a\u00fan por venir. Para el pintor, se trata tambi\u00e9n de un valioso recurso pict\u00f3rico, que le permite estirar los planos del cuadro y atraer el ojo del espectador hacia el fondo brillante, donde las oscuras masas verdes de los \u00e1rboles se abren en un claro ba\u00f1ado por el sol. La joven que mira de forma expl\u00edcita y con un toque de insolencia al espectador, es <strong>Victorine Meurent<\/strong>, guitarrista de bares, que Manet hab\u00eda conocido el a\u00f1o anterior y que se convirti\u00f3 en su modelo para numerosas obras de gran importancia. El hombre que aparece de cara es <strong>Eugene Manet<\/strong>, hermano del pintor. Excelente pintor de naturalezas muertas, Manet coloca en primer plano un cesto volcado con pan y fruta. El vestido de Victorine sirve de mantel improvisado.<\/em><\/p>\n\n\n\n<p>El t\u00edtulo de la pintura <em><strong>Olympia<\/strong><\/em>, realizada en 1863, se inspira en un poema de <strong>Zacharie Astruc<\/strong>, que se adjunt\u00f3 al cat\u00e1logo del Sal\u00f3n. La modelo elegida para el cuadro es tambi\u00e9n <strong>Victorine Meurent<\/strong> que ya figuraba en el <em>Desayuno en la hierba<\/em>. Presentada en el Sal\u00f3n dos a\u00f1os m\u00e1s tarde, los cr\u00edticos y periodistas, se ensa\u00f1an una vez m\u00e1s contra la obra hasta el punto de que en los \u00faltimos d\u00edas de la exposici\u00f3n, los organizadores deben cambiar el lienzo del sitio que ocupa y colgarlo en lo alto de la pared, en una zona m\u00e1s\u00a0 protegida de las miradas de los espectadores. En realidad, no se trata de un desnudo m\u00e1s provocador que los cientos de ninfas que pueblan un sinn\u00famero de <a href=\"https:\/\/www.aparences.net\/es\/tematicos\/mitologia-y-pintura\/\">pinturas inspiradas en la mitolog\u00eda<\/a> y expuestas sin problema en los Salones. Lo que perturba a la cr\u00edtica, es el contexto moderno que muestra a Olympia tal como es, sin la sublimaci\u00f3n, a menudo hip\u00f3crita, del tema.<\/p>\n\n\n<div class=\"wp-block-image\">\n<figure class=\"aligncenter\"><a href=\"https:\/\/www.aparences.net\/wp-content\/uploads\/2014\/09\/manet-olympie-.jpg\"><img loading=\"lazy\" decoding=\"async\" width=\"496\" height=\"340\" src=\"https:\/\/www.aparences.net\/wp-content\/uploads\/2014\/09\/manet-olympie-.jpg\" alt=\"Olympia, 1863, Edouard Manet Par\u00eds, Mus\u00e9e d'Orsay\" class=\"wp-image-16900\" title=\"Olympia, 1863, Edouard Manet, Par\u00eds, Mus\u00e9e d'Orsay\" srcset=\"https:\/\/www.aparences.net\/wp-content\/uploads\/2014\/09\/manet-olympie-.jpg 496w, https:\/\/www.aparences.net\/wp-content\/uploads\/2014\/09\/manet-olympie--300x205.jpg 300w\" sizes=\"auto, (max-width: 496px) 100vw, 496px\" \/><\/a><\/figure>\n<\/div>\n\n<div class=\"wp-block-image\">\n<figure class=\"aligncenter\"><a href=\"https:\/\/www.aparences.net\/wp-content\/uploads\/2014\/09\/manet-olympie.jpg\"><img loading=\"lazy\" decoding=\"async\" width=\"555\" height=\"249\" src=\"https:\/\/www.aparences.net\/wp-content\/uploads\/2014\/09\/manet-olympie.jpg\" alt=\"Olympia, 1863, Edouard Manet \" class=\"wp-image-16899\" title=\"Olympia, 1863, Edouard Manet\" srcset=\"https:\/\/www.aparences.net\/wp-content\/uploads\/2014\/09\/manet-olympie.jpg 555w, https:\/\/www.aparences.net\/wp-content\/uploads\/2014\/09\/manet-olympie-300x134.jpg 300w\" sizes=\"auto, (max-width: 555px) 100vw, 555px\" \/><\/a><figcaption class=\"wp-element-caption\"><em><strong>Olympia<\/strong>, 1863, <strong>Edouard Mane<\/strong>t (Par\u00eds, Mus\u00e9e d&#8217;Orsay). En el cuadro se pone de manifiesto las concisas y poderosas pinceladas de Manet y la t\u00e9cnica innovadora de los impresionistas.<\/em><\/figcaption><\/figure>\n<\/div>\n\n\n<!-- AdBoxLeft2023 --><ins class=\"adsbygoogle\" style=\"display:block\" data-ad-client=\"ca-pub-2468002815867636\" data-ad-slot=\"1318022963\" data-ad-format=\"auto\" data-full-width-responsive=\"true\"><\/ins><script> (adsbygoogle = window.adsbygoogle || []).push({});<\/script><h2 class=\"wp-block-heading\">Manet y Zola<\/h2>\n\n\n\n<p><strong>Zola considera a Manet como el creador de una nueva pintura<\/strong>. En agradecimiento, en 1868 <strong>Manet pint\u00f3 su retrato<\/strong>. Sobre el escritorio de aquel novelista infatigable, figura <em>\u00c9douard Manet, estudio biogr\u00e1fico y cr\u00edtico<\/em>, un libro de 1867 que el escritor hab\u00eda redactado para defenderlo de las cr\u00edticas y en el que saluda a Manet como el padre espiritual del arte moderno.\u00a0 El libro incluye un grabado del artista, sacado de Olympia y se pueden leer frases como esta: \u00abLos pintores, especialmente <strong>\u00c9douard Manet<\/strong>, que es un pintor anal\u00edtico, no tienen esta preocupaci\u00f3n por el tema que atormenta a la gente por encima de todo, el tema, para ellos, no es m\u00e1s un pretexto para pintar, mientras que para el p\u00fablico, el sujeto existe solo. Por lo tanto, con toda seguridad, la mujer desnuda de <em>El desayuno en la hierba<\/em> s\u00f3lo est\u00e1 all\u00ed para presentar al artista la oportunidad de pintar un poco de carne.\u00bb En el cuadro que cuelga de la pared detr\u00e1s del escritor junto a una estampa japonesa y un gravado sacado de <strong>Vel\u00e1zquez<\/strong>, vemos a una Olympia ligeramente diferente del cuadro original,\u00a0 que\u00a0 sonre\u00edr al escritor en guisa de agradecimiento.<\/p>\n\n\n<div class=\"wp-block-image\">\n<figure class=\"aligncenter\"><a href=\"https:\/\/www.aparences.net\/wp-content\/uploads\/2014\/09\/manet-portrait-zola.jpg\"><img loading=\"lazy\" decoding=\"async\" width=\"396\" height=\"410\" src=\"https:\/\/www.aparences.net\/wp-content\/uploads\/2014\/09\/manet-portrait-zola.jpg\" alt=\"Retrato de Emile Zola, 1868, Edouard Manet\" class=\"wp-image-16901\" title=\"Retrato de Emile Zola, 1868, Edouard Manet\" srcset=\"https:\/\/www.aparences.net\/wp-content\/uploads\/2014\/09\/manet-portrait-zola.jpg 396w, https:\/\/www.aparences.net\/wp-content\/uploads\/2014\/09\/manet-portrait-zola-289x300.jpg 289w\" sizes=\"auto, (max-width: 396px) 100vw, 396px\" \/><\/a><figcaption class=\"wp-element-caption\"><em><strong>Retrato de Emile Zola<\/strong>, 1868, <strong>Edouard Manet<\/strong> <\/em><br><em>(Par\u00eds, Mus\u00e9e d&#8217;Orsay) <\/em><\/figcaption><\/figure>\n<\/div>\n\n\n<p><em>Arriba, a la derecha, junto a una reproducci\u00f3n de <a href=\"https:\/\/www.museodelprado.es\/coleccion\/obra-de-arte\/los-borrachos-o-el-triunfo-de-baco\/4a23d5e2-9fd4-496b-806b-0f8ba913b3d8\">el Triunfo de Baco de Vel\u00e1zquez<\/a> y una estampa japonesa, vemos una fotograf\u00eda de la Olympia de Manet, al que Zola defiende contra las numerosas cr\u00edticas negativas.<\/em><\/p>\n\n\n\n<p>En la novela <em>L&#8217;Assommoir<\/em> (La taberna), publicada en 1877, <strong>Emile Zola<\/strong> presenta a <strong>Nana<\/strong>, una adolescente hija de una lavandera y de un obrero derrotado por el alcohol. La precoz belleza de la joven la convierte pronto en una celebridad en el barrio. En su novela, Zola se detiene en describir con precisi\u00f3n el aspecto f\u00edsico de la joven. El mismo a\u00f1o en el que se publica la novela, <strong>Manet<\/strong> termina un cuadro cuyo t\u00edtulo es precisamente, <em>Nana.<\/em> Una simple mirada a este retrato muestra que la relaci\u00f3n entre la obra del pintor y la del escritor es algo m\u00e1s que una mera coincidencia de nombres. <strong>La <em>Nana<\/em> de Manet<\/strong> parece reci\u00e9n salida de la novela. La pose y el entorno en que el pintor situa \u00e0 la joven provoc\u00f3 que los observadores contempor\u00e1neos la identificaran con una cortesana. El p\u00fablico burgu\u00e9s reaccion\u00f3 airadamente, como ya hab\u00eda hecho otras veces ante los cuadros de Manet.<\/p>\n\n\n<div class=\"wp-block-image\">\n<figure class=\"aligncenter\"><a href=\"https:\/\/www.aparences.net\/wp-content\/uploads\/2014\/09\/manet-nana.jpg\"><img loading=\"lazy\" decoding=\"async\" width=\"556\" height=\"410\" src=\"https:\/\/www.aparences.net\/wp-content\/uploads\/2014\/09\/manet-nana.jpg\" alt=\"Nana, 1877 Edouard Manet, Hamburgo, Kunsthalle\" class=\"wp-image-16902\" title=\"Nana, 1877 Edouard Manet, Hamburgo, Kunsthalle\" srcset=\"https:\/\/www.aparences.net\/wp-content\/uploads\/2014\/09\/manet-nana.jpg 556w, https:\/\/www.aparences.net\/wp-content\/uploads\/2014\/09\/manet-nana-300x221.jpg 300w\" sizes=\"auto, (max-width: 556px) 100vw, 556px\" \/><\/a><figcaption class=\"wp-element-caption\"><em><strong>Nana<\/strong>, 1877, <strong>Edouard Manet<\/strong> (Hamburgo, Kunsthalle)<\/em><\/figcaption><\/figure>\n<\/div>\n\n\n<h2 class=\"wp-block-heading\">Un bar en el Folies Berg\u00e8re<\/h2>\n\n\n\n<p>Se trata de la <strong>\u00faltima obra maestra de Manet<\/strong>, s\u00edmbolo de la vida despreocupada y mundana de aquellas d\u00e9cadas en la capital francesa. El <strong>Folies Berg\u00e8re<\/strong> eran originalmente un circo, luego fue transformado en una sala de baile y caf\u00e9 concierto, antes de convertirse uno de los m\u00e1s famosos teatros de variedades del mundo. La pintura de Manet fue exhibida en el Sal\u00f3n de Par\u00eds de 1882 y recibi\u00f3 muchas cr\u00edticas favorables. La mujer en el centro de la composici\u00f3n se llama Suzon, una de las camareras del local que se compromete a acudir al taller de Manet durante sus d\u00edas de descanso y posar para \u00e9l. En medio de botellas relucientes, vasos, m\u00e1rmoles brillantes y l\u00e1mparas encendidas, esta joven humilde vive en su mundo interior de inconmensurable soledad y melancol\u00eda. La expresi\u00f3n de su rostro no tiene nada que ver con la expresi\u00f3n alegre que el pintor da al rostro de Nana en el cuadro del mismo t\u00edtulo. Entre el p\u00fablico vestido de oscuro, destaca el vestido blanco y los guantes largos de color beige de una mujer sentada en la primera fila. Se trata de la actriz conocida con el nombre de <strong>M\u00e9ry Laurent<\/strong>, criticada por sus m\u00faltiples historias amorosas, de cuyo personaje parece que se inspir\u00f3 <a href=\"https:\/\/es.wikipedia.org\/wiki\/Marcel_Proust\">Marcel Proust<\/a> en su famosa novela para el personaje de <strong>Odette Swann<\/strong>. Amiga de Manet, el pintor la representa en varios de sus cuadros y le ofrece una versi\u00f3n de la pintura <em>La ejecuci\u00f3n del emperador Maximiliano<\/em>, un suceso que gener\u00f3 mucha inquietud y controversia en aquella \u00e9poca.<\/p>\n\n\n<div class=\"wp-block-image\">\n<figure class=\"aligncenter\"><a href=\"https:\/\/www.aparences.net\/wp-content\/uploads\/2014\/09\/manet-bar-folies.jpg\"><img loading=\"lazy\" decoding=\"async\" width=\"562\" height=\"410\" src=\"https:\/\/www.aparences.net\/wp-content\/uploads\/2014\/09\/manet-bar-folies.jpg\" alt=\"Un bar en el Folies Berg\u00e8re, 1881-1882, Edouard Manet\" class=\"wp-image-16903\" title=\"Un bar en el Folies Berg\u00e8re, 1881-1882, Edouard Manet\" srcset=\"https:\/\/www.aparences.net\/wp-content\/uploads\/2014\/09\/manet-bar-folies.jpg 562w, https:\/\/www.aparences.net\/wp-content\/uploads\/2014\/09\/manet-bar-folies-300x218.jpg 300w\" sizes=\"auto, (max-width: 562px) 100vw, 562px\" \/><\/a><figcaption class=\"wp-element-caption\"><em><strong>Un bar en el Folies Berg\u00e8re<\/strong>, 1881-1882, <strong>Edouard Manet<\/strong><\/em><br><em> (Londres, Courtauld Institute Gallery) <\/em><\/figcaption><\/figure>\n<\/div>\n\n\n<p><em>El cuadro se divide horizontalmente en dos partes: en primer plano, vemos la barra del bar en el que se disponen numerosas botellas de diferentes licores y las inevitables botellas de champ\u00e1n, s\u00edmbolo de la vida parisina; destaca un frutero de cristal con mandarinas y un vaso con flores, una de las m\u00e1s bellas naturalezas muertas del pintor. La parte\u00a0 superior muestra una amplia panor\u00e1mica del p\u00fablico reflejada por el gran espejo situado detr\u00e1s de la camarera. El artista nos da una idea general de los personajes con simples toques de color que esbozan brevemente las caras y los sombreros de copa de los hombres.<\/em><\/p>\n\n\n\n<!-- AfterArticle2023 --><ins class=\"adsbygoogle\"     style=\"display:block;margin-bottom:5px;\"     data-ad-client=\"ca-pub-2468002815867636\"     data-ad-slot=\"3955176166\"     data-ad-format=\"auto\"     data-full-width-responsive=\"true\"><\/ins><script> (adsbygoogle = window.adsbygoogle || []).push({});<\/script><h2 class=\"wp-block-heading\">Modernidad y vida dom\u00e9stica<\/h2>\n\n\n\n<p>Gran parte de los <a href=\"https:\/\/www.aparences.net\/es\/periodos\/impresionismo-2\/\">pintores impresionistas<\/a> dedica sus pinturas a escenas de la vida moderna, con un realismo natural e inmediato. En sus obras, retoman las escenas de g\u00e9nero, muy extendidas en la pintura antigua, aunque fueran consideradas como obras menores, casi en la frontera entre arte y artesan\u00eda. En los artistas flamencos y <a href=\"https:\/\/www.aparences.net\/es\/periodos\/pintura-barroca\/la-pintura-barroca-holandesa\/\">holandeses del siglo XVII<\/a> y XVIII, estas composiciones se caracterizan por una actitud moralizante, a menudo incluso pedante. Entre los impresionistas, sin embargo, nos encontramos con un verdadero sentido de la realidad, que traduce en im\u00e1genes las mejores p\u00e1ginas de los novelistas de estas d\u00e9cadas. Durante su estancia de seis semanas en Boulogne-sur-Mer, en el verano de 1868, <strong>Manet<\/strong> realiza <em><strong>Almuerzo en el taller<\/strong><\/em>, una escena dom\u00e9stica simple y mundana que tiene lugar en el comedor de la vivienda que ocupa. En aquel momento ya est\u00e1 preparando otro lienzo, futura obra maestra del impresionismo. Se trata de <em>El balc\u00f3n<\/em> que realizar\u00e1 a su regreso a Par\u00eds, en su taller de la calle Goyot. Para esta escena, el artista hace posar al paisajista <strong>Antoine Guillaumet<\/strong>, a la violoncelista <strong>Fanny Claus<\/strong>, y en un segundo plano, en la penumbra, figura Leon Edouard Koella. En primer plano, sentada, vemos por primera vez en un cuadro de Manet a la pintora <a title=\"Berthe Morisot\" href=\"https:\/\/www.aparences.net\/es\/periodos\/impresionismo-3\/mujeres-impresionistas\/\">Berthe Morisot<\/a>.<\/p>\n\n\n<div class=\"wp-block-image\">\n<figure class=\"aligncenter\"><a href=\"https:\/\/www.aparences.net\/wp-content\/uploads\/2014\/09\/manet-dejeuner-atelier.jpg\"><img loading=\"lazy\" decoding=\"async\" width=\"591\" height=\"430\" src=\"https:\/\/www.aparences.net\/wp-content\/uploads\/2014\/09\/manet-dejeuner-atelier.jpg\" alt=\"Almuerzo en el estudio, 1868, Edouard Manet\" class=\"wp-image-16904\" title=\"Almuerzo en el estudio, 1868, Edouard Manet\" srcset=\"https:\/\/www.aparences.net\/wp-content\/uploads\/2014\/09\/manet-dejeuner-atelier.jpg 591w, https:\/\/www.aparences.net\/wp-content\/uploads\/2014\/09\/manet-dejeuner-atelier-300x218.jpg 300w\" sizes=\"auto, (max-width: 591px) 100vw, 591px\" \/><\/a><figcaption class=\"wp-element-caption\"><em><strong>Almuerzo en el estudio<\/strong>, 1868, <strong>Edouard Manet<\/strong> (Nueva Pinacoteca de Munich)<\/em><\/figcaption><\/figure>\n<\/div>\n\n\n<p><em>El personaje en primer plano es <strong>L\u00e9on-Edouard Koella<\/strong> quien figura tambi\u00e9n en el cuadro \u00ab El balc\u00f3n \u00bb; el hombre con el cigarro es el pintor <strong>Auguste Russelin<\/strong>, y la mujer es una modelo de Boulogne. El cuadro fue presentado en el Sal\u00f3n de 1869. Los cr\u00edticos elogiaron sus cualidades pict\u00f3ricas, especialmente la esquina izquierda con las armas antiguas, que le hab\u00eda prestado a Manet su amigo el tambi\u00e9n pintor <strong>Monginot<\/strong>.<\/em><\/p>\n\n\n<div class=\"wp-block-image\">\n<figure class=\"aligncenter\"><a href=\"https:\/\/www.aparences.net\/wp-content\/uploads\/2014\/09\/manet-le-balcon.jpg\"><img loading=\"lazy\" decoding=\"async\" width=\"583\" height=\"370\" src=\"https:\/\/www.aparences.net\/wp-content\/uploads\/2014\/09\/manet-le-balcon.jpg\" alt=\"El balc\u00f3n, c. 1868, Edouard Manet \" class=\"wp-image-16905\" title=\"El balc\u00f3n, c. 1868, Edouard Manet\" srcset=\"https:\/\/www.aparences.net\/wp-content\/uploads\/2014\/09\/manet-le-balcon.jpg 583w, https:\/\/www.aparences.net\/wp-content\/uploads\/2014\/09\/manet-le-balcon-300x190.jpg 300w\" sizes=\"auto, (max-width: 583px) 100vw, 583px\" \/><\/a><figcaption class=\"wp-element-caption\"><em><strong>El balc\u00f3n<\/strong>, c. 1868, <strong>Edouard Manet<\/strong> (Par\u00eds, Mus\u00e9e d&#8217;Orsay)<\/em><\/figcaption><\/figure>\n<\/div>\n\n\n<p>\u00a0Para los impresionistas, el ferrocarril representa la modernidad (<a href=\"https:\/\/www.aparences.net\/es\/tematicos\/impresionistas-paisajistas\/claude-monet-pintar-al-aire-libre\/\">Claude Monet<\/a> es el int\u00e9rprete m\u00e1s ferviente del tema ferroviario) y al mismo tiempo ofrece la posibilidad de aumentar la gama de matices y efectos visuales, a trav\u00e9s del humo blanco y gris de las locomotoras. Su modelo pict\u00f3rico es <a title=\"Lluvia, vapor y velocidad\" href=\"https:\/\/www.aparences.net\/es\/periodos\/romanticismo\/los-paisajistas-romanticos\/#turner,-el-pintor-viajero\"><em>Lluvia, vapor y velocidad<\/em><\/a>, la obra maestra de <strong>William Turner<\/strong>, exhibida en 1844 en la Royal Academy de Londres. Durante el invierno de 1872-1873, Manet toma el tren todos los d\u00edas para ir a Versalles, donde asiste al proceso contra el mariscal Bazaine. Durante estos meses, pinta <em><strong>El ferrocarril<\/strong><\/em>, que presenta en el Sal\u00f3n de 1874, donde suscita comentarios contradictorios: algunos elogios de la cr\u00edtica, y comentarios ir\u00f3nicos y burlones.<\/p>\n\n\n<div class=\"wp-block-image\">\n<figure class=\"aligncenter\"><a href=\"https:\/\/www.aparences.net\/wp-content\/uploads\/2014\/09\/manet-chemin-de-fer.jpg\"><img loading=\"lazy\" decoding=\"async\" width=\"453\" height=\"370\" src=\"https:\/\/www.aparences.net\/wp-content\/uploads\/2014\/09\/manet-chemin-de-fer.jpg\" alt=\"El ferrocarril, 1872-1873, Edouard Manet\" class=\"wp-image-16906\" title=\"El ferrocarril, 1872-1873, Edouard Manet\" srcset=\"https:\/\/www.aparences.net\/wp-content\/uploads\/2014\/09\/manet-chemin-de-fer.jpg 453w, https:\/\/www.aparences.net\/wp-content\/uploads\/2014\/09\/manet-chemin-de-fer-300x245.jpg 300w\" sizes=\"auto, (max-width: 453px) 100vw, 453px\" \/><\/a><\/figure>\n<\/div>\n\n<div class=\"wp-block-image\">\n<figure class=\"aligncenter\"><a href=\"https:\/\/www.aparences.net\/wp-content\/uploads\/2014\/09\/manet-chemin-fer-.jpg\"><img loading=\"lazy\" decoding=\"async\" width=\"610\" height=\"280\" src=\"https:\/\/www.aparences.net\/wp-content\/uploads\/2014\/09\/manet-chemin-fer-.jpg\" alt=\"El ferrocarril, 1872-1873, Edouard Manet\" class=\"wp-image-16907\" title=\"El ferrocarril, 1872-1873, Edouard Manet\" srcset=\"https:\/\/www.aparences.net\/wp-content\/uploads\/2014\/09\/manet-chemin-fer-.jpg 610w, https:\/\/www.aparences.net\/wp-content\/uploads\/2014\/09\/manet-chemin-fer--300x137.jpg 300w\" sizes=\"auto, (max-width: 610px) 100vw, 610px\" \/><\/a><figcaption class=\"wp-element-caption\"><em><strong>El ferrocarril<\/strong> y detalle, 1872-1873, <strong>Edouard Manet<\/strong> (Washington, National Gallery)<\/em><\/figcaption><\/figure>\n<\/div>\n\n\n<p><em>El artista comienza esta obra en su taller y luego la completa en el jard\u00edn del pintor <strong>Alphonse Hirsch<\/strong>, mientras que la mujer del cuadro es una vez m\u00e1s <strong>la modelo Victorine Meurent<\/strong>. En la parte superior izquierda, detr\u00e1s de las rejas, se vislumbra una casa de la calle de Roma y en la parte de la derecha el puente de Europa.Manet tambi\u00e9n sab\u00eda pintar tiernas escenas, como en el caso de esta pintura donde una madre y su hija durante un paseo, se paran a contemplar esta innovaci\u00f3n tecnol\u00f3gica que encarnaba, no s\u00f3lo la velocidad y la fuerza, sino tambi\u00e9n la forma m\u00e1s c\u00f3moda de viajar, lo ferrocarriles y sus r\u00e1pidas locomotoras. Ello permit\u00eda so\u00f1ar con viajes a destinos lejanos, con la \u00abcomodidad\u00bb de la vida moderna.<\/em><\/p>\n\n\n<div class=\"wp-block-image\">\n<figure class=\"aligncenter\"><a href=\"https:\/\/www.aparences.net\/wp-content\/uploads\/2014\/09\/manet-couple-tenue-cabotage.jpg\"><img loading=\"lazy\" decoding=\"async\" width=\"533\" height=\"410\" src=\"https:\/\/www.aparences.net\/wp-content\/uploads\/2014\/09\/manet-couple-tenue-cabotage.jpg\" alt=\"Argenteuil, pareja en barca, 1874 Edouard Manet\" class=\"wp-image-16908\" title=\"Argenteuil, pareja en barca, 1874 Edouard Manet\" srcset=\"https:\/\/www.aparences.net\/wp-content\/uploads\/2014\/09\/manet-couple-tenue-cabotage.jpg 533w, https:\/\/www.aparences.net\/wp-content\/uploads\/2014\/09\/manet-couple-tenue-cabotage-300x230.jpg 300w\" sizes=\"auto, (max-width: 533px) 100vw, 533px\" \/><\/a><figcaption class=\"wp-element-caption\"><em><strong>Argenteuil, pareja en barca<\/strong>, 1874 <strong>Edouard Manet<\/strong> (Tournai, Mus\u00e9e des beaux-arts)<\/em><\/figcaption><\/figure>\n<\/div>\n\n\n<p><em>Esta pintura es la \u00fanica obra del artista expuesta en el Sal\u00f3n de 1875, donde fue acogida con opiniones muy contradictorias entre ellas la de Zola, quien a partir de entonces decidi\u00f3 dejar de apoyar a los impresionistas y, unos a\u00f1os m\u00e1s tarde, terminar\u00e1 su amistad con Manet. La escena tiene lugar en Gennevilliers, a orillas del Sena, frente a Argenteuil, donde Manet pas\u00f3 el verano de 1874 en casa de su primo Jules Jouy: los dos personajes sentados en un pont\u00f3n del muelle son Rudolf Leenhof, hermano de Susana, esposa del pintor, y un modelo no identificado.<\/em><\/p>\n","protected":false},"excerpt":{"rendered":"<p>Manet fue tal vez el m\u00e1s cultivado de los pintores impresionistas: al aire libre de la campi\u00f1a francesa, prefer\u00eda el ambiente de los museos.<\/p>\n","protected":false},"author":2,"featured_media":26352,"comment_status":"closed","ping_status":"closed","sticky":false,"template":"","format":"standard","meta":{"footnotes":""},"categories":[3003],"tags":[3148,1501,3077,1502,6052,4039,4058,4059],"class_list":["post-13481","post","type-post","status-publish","format-standard","has-post-thumbnail","hentry","category-impresionismo","tag-bar-en-el-folies-bergere","tag-cafe-guerbois","tag-desayuno-en-la-hierba","tag-edouard-manet","tag-estilo-impresionista","tag-impresionismo","tag-mallarme","tag-pintor-impresionista"],"yoast_head":"<!-- This site is optimized with the Yoast SEO plugin v27.2 - https:\/\/yoast.com\/product\/yoast-seo-wordpress\/ -->\n<title>\u00c9douard Manet<\/title>\n<meta name=\"description\" content=\"Manet fue tal vez el m\u00e1s cultivado de los pintores impresionistas: al aire libre de la campi\u00f1a francesa, prefer\u00eda el ambiente de los museos.\" \/>\n<meta name=\"robots\" content=\"index, follow, max-snippet:-1, max-image-preview:large, max-video-preview:-1\" \/>\n<link rel=\"canonical\" href=\"https:\/\/www.aparences.net\/es\/periodos\/impresionismo\/edouard-manet\/\" \/>\n<meta property=\"og:locale\" content=\"es_ES\" \/>\n<meta property=\"og:type\" content=\"article\" \/>\n<meta property=\"og:title\" content=\"\u00c9douard Manet\" \/>\n<meta property=\"og:description\" content=\"Manet fue tal vez el m\u00e1s cultivado de los pintores impresionistas: al aire libre de la campi\u00f1a francesa, prefer\u00eda el ambiente de los museos.\" \/>\n<meta property=\"og:url\" content=\"https:\/\/www.aparences.net\/es\/periodos\/impresionismo\/edouard-manet\/\" \/>\n<meta property=\"og:site_name\" content=\"Aparences\" \/>\n<meta property=\"article:published_time\" content=\"2014-09-17T08:29:36+00:00\" \/>\n<meta property=\"article:modified_time\" content=\"2025-12-11T18:40:56+00:00\" \/>\n<meta property=\"og:image\" content=\"https:\/\/www.aparences.net\/wp-content\/uploads\/2014\/09\/edouard-manet.jpg\" \/>\n\t<meta property=\"og:image:width\" content=\"1080\" \/>\n\t<meta property=\"og:image:height\" content=\"540\" \/>\n\t<meta property=\"og:image:type\" content=\"image\/jpeg\" \/>\n<meta name=\"author\" content=\"admin\" \/>\n<meta name=\"twitter:card\" content=\"summary_large_image\" \/>\n<meta name=\"twitter:label1\" content=\"Escrito por\" \/>\n\t<meta name=\"twitter:data1\" content=\"admin\" \/>\n\t<meta name=\"twitter:label2\" content=\"Tiempo de lectura\" \/>\n\t<meta name=\"twitter:data2\" content=\"16 minutos\" \/>\n<script type=\"application\/ld+json\" class=\"yoast-schema-graph\">{\"@context\":\"https:\/\/schema.org\",\"@graph\":[{\"@type\":\"Article\",\"@id\":\"https:\/\/www.aparences.net\/es\/periodos\/impresionismo\/edouard-manet\/#article\",\"isPartOf\":{\"@id\":\"https:\/\/www.aparences.net\/es\/periodos\/impresionismo\/edouard-manet\/\"},\"author\":{\"name\":\"admin\",\"@id\":\"https:\/\/www.aparences.net\/es\/#\/schema\/person\/af349f6ffc31b16c68963e61268afca5\"},\"headline\":\"\u00c9douard Manet\",\"datePublished\":\"2014-09-17T08:29:36+00:00\",\"dateModified\":\"2025-12-11T18:40:56+00:00\",\"mainEntityOfPage\":{\"@id\":\"https:\/\/www.aparences.net\/es\/periodos\/impresionismo\/edouard-manet\/\"},\"wordCount\":2901,\"publisher\":{\"@id\":\"https:\/\/www.aparences.net\/es\/#organization\"},\"image\":{\"@id\":\"https:\/\/www.aparences.net\/es\/periodos\/impresionismo\/edouard-manet\/#primaryimage\"},\"thumbnailUrl\":\"https:\/\/www.aparences.net\/wp-content\/uploads\/2014\/09\/edouard-manet.jpg\",\"keywords\":[\"Bar en el Folies Berg\u00e8re\",\"Caf\u00e9 Guerbois\",\"Desayuno en la hierba\",\"\u00c9douard Manet\",\"estilo impresionista\",\"impresionismo\",\"Mallarm\u00e9\",\"pintor impresionista\"],\"articleSection\":[\"Impresionismo\"],\"inLanguage\":\"es\"},{\"@type\":[\"WebPage\",\"ItemPage\"],\"@id\":\"https:\/\/www.aparences.net\/es\/periodos\/impresionismo\/edouard-manet\/\",\"url\":\"https:\/\/www.aparences.net\/es\/periodos\/impresionismo\/edouard-manet\/\",\"name\":\"\u00c9douard Manet\",\"isPartOf\":{\"@id\":\"https:\/\/www.aparences.net\/es\/#website\"},\"primaryImageOfPage\":{\"@id\":\"https:\/\/www.aparences.net\/es\/periodos\/impresionismo\/edouard-manet\/#primaryimage\"},\"image\":{\"@id\":\"https:\/\/www.aparences.net\/es\/periodos\/impresionismo\/edouard-manet\/#primaryimage\"},\"thumbnailUrl\":\"https:\/\/www.aparences.net\/wp-content\/uploads\/2014\/09\/edouard-manet.jpg\",\"datePublished\":\"2014-09-17T08:29:36+00:00\",\"dateModified\":\"2025-12-11T18:40:56+00:00\",\"description\":\"Manet fue tal vez el m\u00e1s cultivado de los pintores impresionistas: al aire libre de la campi\u00f1a francesa, prefer\u00eda el ambiente de los museos.\",\"breadcrumb\":{\"@id\":\"https:\/\/www.aparences.net\/es\/periodos\/impresionismo\/edouard-manet\/#breadcrumb\"},\"inLanguage\":\"es\",\"potentialAction\":[{\"@type\":\"ReadAction\",\"target\":[\"https:\/\/www.aparences.net\/es\/periodos\/impresionismo\/edouard-manet\/\"]}]},{\"@type\":\"ImageObject\",\"inLanguage\":\"es\",\"@id\":\"https:\/\/www.aparences.net\/es\/periodos\/impresionismo\/edouard-manet\/#primaryimage\",\"url\":\"https:\/\/www.aparences.net\/wp-content\/uploads\/2014\/09\/edouard-manet.jpg\",\"contentUrl\":\"https:\/\/www.aparences.net\/wp-content\/uploads\/2014\/09\/edouard-manet.jpg\",\"width\":1080,\"height\":540},{\"@type\":\"BreadcrumbList\",\"@id\":\"https:\/\/www.aparences.net\/es\/periodos\/impresionismo\/edouard-manet\/#breadcrumb\",\"itemListElement\":[{\"@type\":\"ListItem\",\"position\":1,\"name\":\"Portada\",\"item\":\"https:\/\/www.aparences.net\/es\/\"},{\"@type\":\"ListItem\",\"position\":2,\"name\":\"\u00c9douard Manet\"}]},{\"@type\":\"WebSite\",\"@id\":\"https:\/\/www.aparences.net\/es\/#website\",\"url\":\"https:\/\/www.aparences.net\/es\/\",\"name\":\"Aparences: Historia del Arte y Actualidad Cultural\",\"description\":\"\",\"publisher\":{\"@id\":\"https:\/\/www.aparences.net\/es\/#organization\"},\"potentialAction\":[{\"@type\":\"SearchAction\",\"target\":{\"@type\":\"EntryPoint\",\"urlTemplate\":\"https:\/\/www.aparences.net\/es\/?s={search_term_string}\"},\"query-input\":{\"@type\":\"PropertyValueSpecification\",\"valueRequired\":true,\"valueName\":\"search_term_string\"}}],\"inLanguage\":\"es\"},{\"@type\":\"Organization\",\"@id\":\"https:\/\/www.aparences.net\/es\/#organization\",\"name\":\"Aparences: Historia del Arte y Actualidad Cultural\",\"url\":\"https:\/\/www.aparences.net\/es\/\",\"logo\":{\"@type\":\"ImageObject\",\"inLanguage\":\"es\",\"@id\":\"https:\/\/www.aparences.net\/es\/#\/schema\/logo\/image\/\",\"url\":\"https:\/\/www.aparences.net\/wp-content\/uploads\/2023\/09\/logo-quadrat-color-e1695915315229.png\",\"contentUrl\":\"https:\/\/www.aparences.net\/wp-content\/uploads\/2023\/09\/logo-quadrat-color-e1695915315229.png\",\"width\":120,\"height\":120,\"caption\":\"Aparences: Historia del Arte y Actualidad Cultural\"},\"image\":{\"@id\":\"https:\/\/www.aparences.net\/es\/#\/schema\/logo\/image\/\"}},{\"@type\":\"Person\",\"@id\":\"https:\/\/www.aparences.net\/es\/#\/schema\/person\/af349f6ffc31b16c68963e61268afca5\",\"name\":\"admin\",\"url\":\"https:\/\/www.aparences.net\/es\/author\/admin\/\"}]}<\/script>\n<!-- \/ Yoast SEO plugin. -->","yoast_head_json":{"title":"\u00c9douard Manet","description":"Manet fue tal vez el m\u00e1s cultivado de los pintores impresionistas: al aire libre de la campi\u00f1a francesa, prefer\u00eda el ambiente de los museos.","robots":{"index":"index","follow":"follow","max-snippet":"max-snippet:-1","max-image-preview":"max-image-preview:large","max-video-preview":"max-video-preview:-1"},"canonical":"https:\/\/www.aparences.net\/es\/periodos\/impresionismo\/edouard-manet\/","og_locale":"es_ES","og_type":"article","og_title":"\u00c9douard Manet","og_description":"Manet fue tal vez el m\u00e1s cultivado de los pintores impresionistas: al aire libre de la campi\u00f1a francesa, prefer\u00eda el ambiente de los museos.","og_url":"https:\/\/www.aparences.net\/es\/periodos\/impresionismo\/edouard-manet\/","og_site_name":"Aparences","article_published_time":"2014-09-17T08:29:36+00:00","article_modified_time":"2025-12-11T18:40:56+00:00","og_image":[{"width":1080,"height":540,"url":"https:\/\/www.aparences.net\/wp-content\/uploads\/2014\/09\/edouard-manet.jpg","type":"image\/jpeg"}],"author":"admin","twitter_card":"summary_large_image","twitter_misc":{"Escrito por":"admin","Tiempo de lectura":"16 minutos"},"schema":{"@context":"https:\/\/schema.org","@graph":[{"@type":"Article","@id":"https:\/\/www.aparences.net\/es\/periodos\/impresionismo\/edouard-manet\/#article","isPartOf":{"@id":"https:\/\/www.aparences.net\/es\/periodos\/impresionismo\/edouard-manet\/"},"author":{"name":"admin","@id":"https:\/\/www.aparences.net\/es\/#\/schema\/person\/af349f6ffc31b16c68963e61268afca5"},"headline":"\u00c9douard Manet","datePublished":"2014-09-17T08:29:36+00:00","dateModified":"2025-12-11T18:40:56+00:00","mainEntityOfPage":{"@id":"https:\/\/www.aparences.net\/es\/periodos\/impresionismo\/edouard-manet\/"},"wordCount":2901,"publisher":{"@id":"https:\/\/www.aparences.net\/es\/#organization"},"image":{"@id":"https:\/\/www.aparences.net\/es\/periodos\/impresionismo\/edouard-manet\/#primaryimage"},"thumbnailUrl":"https:\/\/www.aparences.net\/wp-content\/uploads\/2014\/09\/edouard-manet.jpg","keywords":["Bar en el Folies Berg\u00e8re","Caf\u00e9 Guerbois","Desayuno en la hierba","\u00c9douard Manet","estilo impresionista","impresionismo","Mallarm\u00e9","pintor impresionista"],"articleSection":["Impresionismo"],"inLanguage":"es"},{"@type":["WebPage","ItemPage"],"@id":"https:\/\/www.aparences.net\/es\/periodos\/impresionismo\/edouard-manet\/","url":"https:\/\/www.aparences.net\/es\/periodos\/impresionismo\/edouard-manet\/","name":"\u00c9douard Manet","isPartOf":{"@id":"https:\/\/www.aparences.net\/es\/#website"},"primaryImageOfPage":{"@id":"https:\/\/www.aparences.net\/es\/periodos\/impresionismo\/edouard-manet\/#primaryimage"},"image":{"@id":"https:\/\/www.aparences.net\/es\/periodos\/impresionismo\/edouard-manet\/#primaryimage"},"thumbnailUrl":"https:\/\/www.aparences.net\/wp-content\/uploads\/2014\/09\/edouard-manet.jpg","datePublished":"2014-09-17T08:29:36+00:00","dateModified":"2025-12-11T18:40:56+00:00","description":"Manet fue tal vez el m\u00e1s cultivado de los pintores impresionistas: al aire libre de la campi\u00f1a francesa, prefer\u00eda el ambiente de los museos.","breadcrumb":{"@id":"https:\/\/www.aparences.net\/es\/periodos\/impresionismo\/edouard-manet\/#breadcrumb"},"inLanguage":"es","potentialAction":[{"@type":"ReadAction","target":["https:\/\/www.aparences.net\/es\/periodos\/impresionismo\/edouard-manet\/"]}]},{"@type":"ImageObject","inLanguage":"es","@id":"https:\/\/www.aparences.net\/es\/periodos\/impresionismo\/edouard-manet\/#primaryimage","url":"https:\/\/www.aparences.net\/wp-content\/uploads\/2014\/09\/edouard-manet.jpg","contentUrl":"https:\/\/www.aparences.net\/wp-content\/uploads\/2014\/09\/edouard-manet.jpg","width":1080,"height":540},{"@type":"BreadcrumbList","@id":"https:\/\/www.aparences.net\/es\/periodos\/impresionismo\/edouard-manet\/#breadcrumb","itemListElement":[{"@type":"ListItem","position":1,"name":"Portada","item":"https:\/\/www.aparences.net\/es\/"},{"@type":"ListItem","position":2,"name":"\u00c9douard Manet"}]},{"@type":"WebSite","@id":"https:\/\/www.aparences.net\/es\/#website","url":"https:\/\/www.aparences.net\/es\/","name":"Aparences: Historia del Arte y Actualidad Cultural","description":"","publisher":{"@id":"https:\/\/www.aparences.net\/es\/#organization"},"potentialAction":[{"@type":"SearchAction","target":{"@type":"EntryPoint","urlTemplate":"https:\/\/www.aparences.net\/es\/?s={search_term_string}"},"query-input":{"@type":"PropertyValueSpecification","valueRequired":true,"valueName":"search_term_string"}}],"inLanguage":"es"},{"@type":"Organization","@id":"https:\/\/www.aparences.net\/es\/#organization","name":"Aparences: Historia del Arte y Actualidad Cultural","url":"https:\/\/www.aparences.net\/es\/","logo":{"@type":"ImageObject","inLanguage":"es","@id":"https:\/\/www.aparences.net\/es\/#\/schema\/logo\/image\/","url":"https:\/\/www.aparences.net\/wp-content\/uploads\/2023\/09\/logo-quadrat-color-e1695915315229.png","contentUrl":"https:\/\/www.aparences.net\/wp-content\/uploads\/2023\/09\/logo-quadrat-color-e1695915315229.png","width":120,"height":120,"caption":"Aparences: Historia del Arte y Actualidad Cultural"},"image":{"@id":"https:\/\/www.aparences.net\/es\/#\/schema\/logo\/image\/"}},{"@type":"Person","@id":"https:\/\/www.aparences.net\/es\/#\/schema\/person\/af349f6ffc31b16c68963e61268afca5","name":"admin","url":"https:\/\/www.aparences.net\/es\/author\/admin\/"}]}},"_links":{"self":[{"href":"https:\/\/www.aparences.net\/es\/wp-json\/wp\/v2\/posts\/13481","targetHints":{"allow":["GET"]}}],"collection":[{"href":"https:\/\/www.aparences.net\/es\/wp-json\/wp\/v2\/posts"}],"about":[{"href":"https:\/\/www.aparences.net\/es\/wp-json\/wp\/v2\/types\/post"}],"author":[{"embeddable":true,"href":"https:\/\/www.aparences.net\/es\/wp-json\/wp\/v2\/users\/2"}],"replies":[{"embeddable":true,"href":"https:\/\/www.aparences.net\/es\/wp-json\/wp\/v2\/comments?post=13481"}],"version-history":[{"count":0,"href":"https:\/\/www.aparences.net\/es\/wp-json\/wp\/v2\/posts\/13481\/revisions"}],"wp:featuredmedia":[{"embeddable":true,"href":"https:\/\/www.aparences.net\/es\/wp-json\/wp\/v2\/media\/26352"}],"wp:attachment":[{"href":"https:\/\/www.aparences.net\/es\/wp-json\/wp\/v2\/media?parent=13481"}],"wp:term":[{"taxonomy":"category","embeddable":true,"href":"https:\/\/www.aparences.net\/es\/wp-json\/wp\/v2\/categories?post=13481"},{"taxonomy":"post_tag","embeddable":true,"href":"https:\/\/www.aparences.net\/es\/wp-json\/wp\/v2\/tags?post=13481"}],"curies":[{"name":"wp","href":"https:\/\/api.w.org\/{rel}","templated":true}]}}