{"id":13509,"date":"2015-01-17T12:02:54","date_gmt":"2015-01-17T11:02:54","guid":{"rendered":"https:\/\/www.aparences.net\/actualites\/films\/el-tormento-y-el-extasis\/"},"modified":"2020-02-12T07:30:32","modified_gmt":"2020-02-12T06:30:32","slug":"el-tormento-y-el-extasis","status":"publish","type":"post","link":"https:\/\/www.aparences.net\/es\/media-es\/cine\/el-tormento-y-el-extasis\/","title":{"rendered":"El tormento y el \u00e9xtasis"},"content":{"rendered":"<p>Renacimiento italiano, principios del siglo XVI (Cinquecento). Cuando el papa Julio II (Rex Harrison) encarga a Miguel \u00c1ngel (Charlton Heston) que pinte el techo de la Capilla Sixtina, el artista rechaza el trabajo. El Papa lo obliga a aceptarlo, pero Miguel \u00c1ngel destruye su obra y huye de Roma.<!--more-->Cuando, por fin, reanuda el proyecto, \u00e9ste se convierte en un enfrentamiento de f\u00e9rreas voluntades, avivado por constantes diferencias art\u00edsticas y temperamentales. Drama hist\u00f3rico basado en un bestseller de Irving Stone. (filmaffinity.com)<\/p>\n<p><a href=\"https:\/\/www.aparences.net\/wp-content\/uploads\/2015\/01\/torment_y_extasis_frame.jpg\"><img loading=\"lazy\" decoding=\"async\" class=\"aligncenter wp-image-9904\" src=\"https:\/\/www.aparences.net\/wp-content\/uploads\/2015\/01\/torment_y_extasis_frame.jpg\" alt=\"torment_y_extasis_frame\" width=\"500\" height=\"224\" srcset=\"https:\/\/www.aparences.net\/wp-content\/uploads\/2015\/01\/torment_y_extasis_frame.jpg 720w, https:\/\/www.aparences.net\/wp-content\/uploads\/2015\/01\/torment_y_extasis_frame-300x134.jpg 300w\" sizes=\"auto, (max-width: 500px) 100vw, 500px\" \/><\/a><\/p>\n","protected":false},"excerpt":{"rendered":"<p>Renacimiento italiano, principios del siglo XVI (Cinquecento). Cuando el papa Julio II (Rex Harrison) encarga a Miguel \u00c1ngel (Charlton Heston) que pinte el techo de [&#8230;]<\/p>\n","protected":false},"author":2,"featured_media":16945,"comment_status":"closed","ping_status":"closed","sticky":false,"template":"","format":"standard","meta":{"footnotes":""},"categories":[3007,3186],"tags":[2526,2768],"class_list":["post-13509","post","type-post","status-publish","format-standard","has-post-thumbnail","hentry","category-cine","category-media-es","tag-capilla-sixtina","tag-miguel-angel"],"yoast_head":"<!-- This site is optimized with the Yoast SEO plugin v27.2 - https:\/\/yoast.com\/product\/yoast-seo-wordpress\/ -->\n<title>El tormento y el \u00e9xtasis<\/title>\n<meta name=\"description\" content=\"Renacimiento italiano, principios del siglo XVI (Cinquecento). Cuando el papa Julio II (Rex Harrison) encarga a Miguel \u00c1ngel (Charlton Heston) que pinte\" \/>\n<meta name=\"robots\" content=\"index, follow, max-snippet:-1, max-image-preview:large, max-video-preview:-1\" \/>\n<link rel=\"canonical\" href=\"https:\/\/www.aparences.net\/es\/media-es\/cine\/el-tormento-y-el-extasis\/\" \/>\n<meta property=\"og:locale\" content=\"es_ES\" \/>\n<meta property=\"og:type\" content=\"article\" \/>\n<meta property=\"og:title\" content=\"El tormento y el \u00e9xtasis\" \/>\n<meta property=\"og:description\" content=\"Renacimiento italiano, principios del siglo XVI (Cinquecento). Cuando el papa Julio II (Rex Harrison) encarga a Miguel \u00c1ngel (Charlton Heston) que pinte\" \/>\n<meta property=\"og:url\" content=\"https:\/\/www.aparences.net\/es\/media-es\/cine\/el-tormento-y-el-extasis\/\" \/>\n<meta property=\"og:site_name\" content=\"Aparences\" \/>\n<meta property=\"article:published_time\" content=\"2015-01-17T11:02:54+00:00\" \/>\n<meta property=\"article:modified_time\" content=\"2020-02-12T06:30:32+00:00\" \/>\n<meta property=\"og:image\" content=\"https:\/\/www.aparences.net\/wp-content\/uploads\/2015\/01\/El_tormento_y_el_xtasis.jpg\" \/>\n\t<meta property=\"og:image:width\" content=\"500\" \/>\n\t<meta property=\"og:image:height\" content=\"738\" \/>\n\t<meta property=\"og:image:type\" content=\"image\/jpeg\" \/>\n<meta name=\"author\" content=\"admin\" \/>\n<meta name=\"twitter:card\" content=\"summary_large_image\" \/>\n<meta name=\"twitter:label1\" content=\"Escrito por\" \/>\n\t<meta name=\"twitter:data1\" content=\"admin\" \/>\n<script type=\"application\/ld+json\" class=\"yoast-schema-graph\">{\"@context\":\"https:\/\/schema.org\",\"@graph\":[{\"@type\":\"Article\",\"@id\":\"https:\/\/www.aparences.net\/es\/media-es\/cine\/el-tormento-y-el-extasis\/#article\",\"isPartOf\":{\"@id\":\"https:\/\/www.aparences.net\/es\/media-es\/cine\/el-tormento-y-el-extasis\/\"},\"author\":{\"name\":\"admin\",\"@id\":\"https:\/\/www.aparences.net\/es\/#\/schema\/person\/af349f6ffc31b16c68963e61268afca5\"},\"headline\":\"El tormento y el \u00e9xtasis\",\"datePublished\":\"2015-01-17T11:02:54+00:00\",\"dateModified\":\"2020-02-12T06:30:32+00:00\",\"mainEntityOfPage\":{\"@id\":\"https:\/\/www.aparences.net\/es\/media-es\/cine\/el-tormento-y-el-extasis\/\"},\"wordCount\":90,\"publisher\":{\"@id\":\"https:\/\/www.aparences.net\/es\/#organization\"},\"image\":{\"@id\":\"https:\/\/www.aparences.net\/es\/media-es\/cine\/el-tormento-y-el-extasis\/#primaryimage\"},\"thumbnailUrl\":\"https:\/\/www.aparences.net\/wp-content\/uploads\/2015\/01\/El_tormento_y_el_xtasis.jpg\",\"keywords\":[\"Capilla Sixtina\",\"Miguel \u00c1ngel\"],\"articleSection\":[\"Cine\",\"Media\"],\"inLanguage\":\"es\"},{\"@type\":[\"WebPage\",\"ItemPage\"],\"@id\":\"https:\/\/www.aparences.net\/es\/media-es\/cine\/el-tormento-y-el-extasis\/\",\"url\":\"https:\/\/www.aparences.net\/es\/media-es\/cine\/el-tormento-y-el-extasis\/\",\"name\":\"El tormento y el \u00e9xtasis\",\"isPartOf\":{\"@id\":\"https:\/\/www.aparences.net\/es\/#website\"},\"primaryImageOfPage\":{\"@id\":\"https:\/\/www.aparences.net\/es\/media-es\/cine\/el-tormento-y-el-extasis\/#primaryimage\"},\"image\":{\"@id\":\"https:\/\/www.aparences.net\/es\/media-es\/cine\/el-tormento-y-el-extasis\/#primaryimage\"},\"thumbnailUrl\":\"https:\/\/www.aparences.net\/wp-content\/uploads\/2015\/01\/El_tormento_y_el_xtasis.jpg\",\"datePublished\":\"2015-01-17T11:02:54+00:00\",\"dateModified\":\"2020-02-12T06:30:32+00:00\",\"description\":\"Renacimiento italiano, principios del siglo XVI (Cinquecento). Cuando el papa Julio II (Rex Harrison) encarga a Miguel \u00c1ngel (Charlton Heston) que pinte\",\"breadcrumb\":{\"@id\":\"https:\/\/www.aparences.net\/es\/media-es\/cine\/el-tormento-y-el-extasis\/#breadcrumb\"},\"inLanguage\":\"es\",\"potentialAction\":[{\"@type\":\"ReadAction\",\"target\":[\"https:\/\/www.aparences.net\/es\/media-es\/cine\/el-tormento-y-el-extasis\/\"]}]},{\"@type\":\"ImageObject\",\"inLanguage\":\"es\",\"@id\":\"https:\/\/www.aparences.net\/es\/media-es\/cine\/el-tormento-y-el-extasis\/#primaryimage\",\"url\":\"https:\/\/www.aparences.net\/wp-content\/uploads\/2015\/01\/El_tormento_y_el_xtasis.jpg\",\"contentUrl\":\"https:\/\/www.aparences.net\/wp-content\/uploads\/2015\/01\/El_tormento_y_el_xtasis.jpg\",\"width\":500,\"height\":738},{\"@type\":\"BreadcrumbList\",\"@id\":\"https:\/\/www.aparences.net\/es\/media-es\/cine\/el-tormento-y-el-extasis\/#breadcrumb\",\"itemListElement\":[{\"@type\":\"ListItem\",\"position\":1,\"name\":\"Portada\",\"item\":\"https:\/\/www.aparences.net\/es\/\"},{\"@type\":\"ListItem\",\"position\":2,\"name\":\"El tormento y el \u00e9xtasis\"}]},{\"@type\":\"WebSite\",\"@id\":\"https:\/\/www.aparences.net\/es\/#website\",\"url\":\"https:\/\/www.aparences.net\/es\/\",\"name\":\"Aparences: Historia del Arte y Actualidad Cultural\",\"description\":\"\",\"publisher\":{\"@id\":\"https:\/\/www.aparences.net\/es\/#organization\"},\"potentialAction\":[{\"@type\":\"SearchAction\",\"target\":{\"@type\":\"EntryPoint\",\"urlTemplate\":\"https:\/\/www.aparences.net\/es\/?s={search_term_string}\"},\"query-input\":{\"@type\":\"PropertyValueSpecification\",\"valueRequired\":true,\"valueName\":\"search_term_string\"}}],\"inLanguage\":\"es\"},{\"@type\":\"Organization\",\"@id\":\"https:\/\/www.aparences.net\/es\/#organization\",\"name\":\"Aparences: Historia del Arte y Actualidad Cultural\",\"url\":\"https:\/\/www.aparences.net\/es\/\",\"logo\":{\"@type\":\"ImageObject\",\"inLanguage\":\"es\",\"@id\":\"https:\/\/www.aparences.net\/es\/#\/schema\/logo\/image\/\",\"url\":\"https:\/\/www.aparences.net\/wp-content\/uploads\/2023\/09\/logo-quadrat-color-e1695915315229.png\",\"contentUrl\":\"https:\/\/www.aparences.net\/wp-content\/uploads\/2023\/09\/logo-quadrat-color-e1695915315229.png\",\"width\":120,\"height\":120,\"caption\":\"Aparences: Historia del Arte y Actualidad Cultural\"},\"image\":{\"@id\":\"https:\/\/www.aparences.net\/es\/#\/schema\/logo\/image\/\"}},{\"@type\":\"Person\",\"@id\":\"https:\/\/www.aparences.net\/es\/#\/schema\/person\/af349f6ffc31b16c68963e61268afca5\",\"name\":\"admin\",\"url\":\"https:\/\/www.aparences.net\/es\/author\/admin\/\"}]}<\/script>\n<!-- \/ Yoast SEO plugin. -->","yoast_head_json":{"title":"El tormento y el \u00e9xtasis","description":"Renacimiento italiano, principios del siglo XVI (Cinquecento). Cuando el papa Julio II (Rex Harrison) encarga a Miguel \u00c1ngel (Charlton Heston) que pinte","robots":{"index":"index","follow":"follow","max-snippet":"max-snippet:-1","max-image-preview":"max-image-preview:large","max-video-preview":"max-video-preview:-1"},"canonical":"https:\/\/www.aparences.net\/es\/media-es\/cine\/el-tormento-y-el-extasis\/","og_locale":"es_ES","og_type":"article","og_title":"El tormento y el \u00e9xtasis","og_description":"Renacimiento italiano, principios del siglo XVI (Cinquecento). Cuando el papa Julio II (Rex Harrison) encarga a Miguel \u00c1ngel (Charlton Heston) que pinte","og_url":"https:\/\/www.aparences.net\/es\/media-es\/cine\/el-tormento-y-el-extasis\/","og_site_name":"Aparences","article_published_time":"2015-01-17T11:02:54+00:00","article_modified_time":"2020-02-12T06:30:32+00:00","og_image":[{"width":500,"height":738,"url":"https:\/\/www.aparences.net\/wp-content\/uploads\/2015\/01\/El_tormento_y_el_xtasis.jpg","type":"image\/jpeg"}],"author":"admin","twitter_card":"summary_large_image","twitter_misc":{"Escrito por":"admin"},"schema":{"@context":"https:\/\/schema.org","@graph":[{"@type":"Article","@id":"https:\/\/www.aparences.net\/es\/media-es\/cine\/el-tormento-y-el-extasis\/#article","isPartOf":{"@id":"https:\/\/www.aparences.net\/es\/media-es\/cine\/el-tormento-y-el-extasis\/"},"author":{"name":"admin","@id":"https:\/\/www.aparences.net\/es\/#\/schema\/person\/af349f6ffc31b16c68963e61268afca5"},"headline":"El tormento y el \u00e9xtasis","datePublished":"2015-01-17T11:02:54+00:00","dateModified":"2020-02-12T06:30:32+00:00","mainEntityOfPage":{"@id":"https:\/\/www.aparences.net\/es\/media-es\/cine\/el-tormento-y-el-extasis\/"},"wordCount":90,"publisher":{"@id":"https:\/\/www.aparences.net\/es\/#organization"},"image":{"@id":"https:\/\/www.aparences.net\/es\/media-es\/cine\/el-tormento-y-el-extasis\/#primaryimage"},"thumbnailUrl":"https:\/\/www.aparences.net\/wp-content\/uploads\/2015\/01\/El_tormento_y_el_xtasis.jpg","keywords":["Capilla Sixtina","Miguel \u00c1ngel"],"articleSection":["Cine","Media"],"inLanguage":"es"},{"@type":["WebPage","ItemPage"],"@id":"https:\/\/www.aparences.net\/es\/media-es\/cine\/el-tormento-y-el-extasis\/","url":"https:\/\/www.aparences.net\/es\/media-es\/cine\/el-tormento-y-el-extasis\/","name":"El tormento y el \u00e9xtasis","isPartOf":{"@id":"https:\/\/www.aparences.net\/es\/#website"},"primaryImageOfPage":{"@id":"https:\/\/www.aparences.net\/es\/media-es\/cine\/el-tormento-y-el-extasis\/#primaryimage"},"image":{"@id":"https:\/\/www.aparences.net\/es\/media-es\/cine\/el-tormento-y-el-extasis\/#primaryimage"},"thumbnailUrl":"https:\/\/www.aparences.net\/wp-content\/uploads\/2015\/01\/El_tormento_y_el_xtasis.jpg","datePublished":"2015-01-17T11:02:54+00:00","dateModified":"2020-02-12T06:30:32+00:00","description":"Renacimiento italiano, principios del siglo XVI (Cinquecento). Cuando el papa Julio II (Rex Harrison) encarga a Miguel \u00c1ngel (Charlton Heston) que pinte","breadcrumb":{"@id":"https:\/\/www.aparences.net\/es\/media-es\/cine\/el-tormento-y-el-extasis\/#breadcrumb"},"inLanguage":"es","potentialAction":[{"@type":"ReadAction","target":["https:\/\/www.aparences.net\/es\/media-es\/cine\/el-tormento-y-el-extasis\/"]}]},{"@type":"ImageObject","inLanguage":"es","@id":"https:\/\/www.aparences.net\/es\/media-es\/cine\/el-tormento-y-el-extasis\/#primaryimage","url":"https:\/\/www.aparences.net\/wp-content\/uploads\/2015\/01\/El_tormento_y_el_xtasis.jpg","contentUrl":"https:\/\/www.aparences.net\/wp-content\/uploads\/2015\/01\/El_tormento_y_el_xtasis.jpg","width":500,"height":738},{"@type":"BreadcrumbList","@id":"https:\/\/www.aparences.net\/es\/media-es\/cine\/el-tormento-y-el-extasis\/#breadcrumb","itemListElement":[{"@type":"ListItem","position":1,"name":"Portada","item":"https:\/\/www.aparences.net\/es\/"},{"@type":"ListItem","position":2,"name":"El tormento y el \u00e9xtasis"}]},{"@type":"WebSite","@id":"https:\/\/www.aparences.net\/es\/#website","url":"https:\/\/www.aparences.net\/es\/","name":"Aparences: Historia del Arte y Actualidad Cultural","description":"","publisher":{"@id":"https:\/\/www.aparences.net\/es\/#organization"},"potentialAction":[{"@type":"SearchAction","target":{"@type":"EntryPoint","urlTemplate":"https:\/\/www.aparences.net\/es\/?s={search_term_string}"},"query-input":{"@type":"PropertyValueSpecification","valueRequired":true,"valueName":"search_term_string"}}],"inLanguage":"es"},{"@type":"Organization","@id":"https:\/\/www.aparences.net\/es\/#organization","name":"Aparences: Historia del Arte y Actualidad Cultural","url":"https:\/\/www.aparences.net\/es\/","logo":{"@type":"ImageObject","inLanguage":"es","@id":"https:\/\/www.aparences.net\/es\/#\/schema\/logo\/image\/","url":"https:\/\/www.aparences.net\/wp-content\/uploads\/2023\/09\/logo-quadrat-color-e1695915315229.png","contentUrl":"https:\/\/www.aparences.net\/wp-content\/uploads\/2023\/09\/logo-quadrat-color-e1695915315229.png","width":120,"height":120,"caption":"Aparences: Historia del Arte y Actualidad Cultural"},"image":{"@id":"https:\/\/www.aparences.net\/es\/#\/schema\/logo\/image\/"}},{"@type":"Person","@id":"https:\/\/www.aparences.net\/es\/#\/schema\/person\/af349f6ffc31b16c68963e61268afca5","name":"admin","url":"https:\/\/www.aparences.net\/es\/author\/admin\/"}]}},"_links":{"self":[{"href":"https:\/\/www.aparences.net\/es\/wp-json\/wp\/v2\/posts\/13509","targetHints":{"allow":["GET"]}}],"collection":[{"href":"https:\/\/www.aparences.net\/es\/wp-json\/wp\/v2\/posts"}],"about":[{"href":"https:\/\/www.aparences.net\/es\/wp-json\/wp\/v2\/types\/post"}],"author":[{"embeddable":true,"href":"https:\/\/www.aparences.net\/es\/wp-json\/wp\/v2\/users\/2"}],"replies":[{"embeddable":true,"href":"https:\/\/www.aparences.net\/es\/wp-json\/wp\/v2\/comments?post=13509"}],"version-history":[{"count":0,"href":"https:\/\/www.aparences.net\/es\/wp-json\/wp\/v2\/posts\/13509\/revisions"}],"wp:featuredmedia":[{"embeddable":true,"href":"https:\/\/www.aparences.net\/es\/wp-json\/wp\/v2\/media\/16945"}],"wp:attachment":[{"href":"https:\/\/www.aparences.net\/es\/wp-json\/wp\/v2\/media?parent=13509"}],"wp:term":[{"taxonomy":"category","embeddable":true,"href":"https:\/\/www.aparences.net\/es\/wp-json\/wp\/v2\/categories?post=13509"},{"taxonomy":"post_tag","embeddable":true,"href":"https:\/\/www.aparences.net\/es\/wp-json\/wp\/v2\/tags?post=13509"}],"curies":[{"name":"wp","href":"https:\/\/api.w.org\/{rel}","templated":true}]}}