{"id":13519,"date":"2015-01-17T16:17:09","date_gmt":"2015-01-17T15:17:09","guid":{"rendered":"https:\/\/www.aparences.net\/actualites\/films\/el-artista-y-la-modelo\/"},"modified":"2020-02-12T07:19:19","modified_gmt":"2020-02-12T06:19:19","slug":"el-artista-y-la-modelo","status":"publish","type":"post","link":"https:\/\/www.aparences.net\/es\/media-es\/cine\/el-artista-y-la-modelo\/","title":{"rendered":"El artista y la modelo"},"content":{"rendered":"<p>Verano de 1943. En un lugar de la Francia ocupada, no lejos de la frontera espa\u00f1ola, vive retirado un viejo y famoso escultor que se siente hastiado de la vida y de la locura de los hombres. Ya nada es capaz de animarle, de servirle de est\u00edmulo. Sin embargo, con la llegada de una joven espa\u00f1ola que se ha fugado de un campo de refugiados y que le servir\u00e1 de musa, renace en \u00e9l el deseo de volver a trabajar y esculpir su \u00faltima obra. <!--more-->(filmaffinity.com)<\/p>\n<p><a href=\"https:\/\/www.aparences.net\/wp-content\/uploads\/2015\/01\/el_artista_y_la_modelo-frame.jpg\"><img loading=\"lazy\" decoding=\"async\" class=\"aligncenter wp-image-9942\" src=\"https:\/\/www.aparences.net\/wp-content\/uploads\/2015\/01\/el_artista_y_la_modelo-frame.jpg\" alt=\"el_artista_y_la_modelo-frame\" width=\"550\" height=\"367\" srcset=\"https:\/\/www.aparences.net\/wp-content\/uploads\/2015\/01\/el_artista_y_la_modelo-frame.jpg 700w, https:\/\/www.aparences.net\/wp-content\/uploads\/2015\/01\/el_artista_y_la_modelo-frame-300x200.jpg 300w\" sizes=\"auto, (max-width: 550px) 100vw, 550px\" \/><\/a><\/p>\n<p style=\"font-size: 9px; font-family: arial; color: #666666; text-align: center;\">El copyright de las im\u00e1genes pertenece a sus respectivos autores y\/o productoras\/distribuidoras.<\/p>\n","protected":false},"excerpt":{"rendered":"<p>Verano de 1943. En un lugar de la Francia ocupada, no lejos de la frontera espa\u00f1ola, vive retirado un viejo y famoso escultor que se [&#8230;]<\/p>\n","protected":false},"author":2,"featured_media":19887,"comment_status":"closed","ping_status":"closed","sticky":false,"template":"","format":"standard","meta":{"footnotes":""},"categories":[3007,3186],"tags":[],"class_list":["post-13519","post","type-post","status-publish","format-standard","has-post-thumbnail","hentry","category-cine","category-media-es"],"yoast_head":"<!-- This site is optimized with the Yoast SEO plugin v27.2 - https:\/\/yoast.com\/product\/yoast-seo-wordpress\/ -->\n<title>El artista y la modelo<\/title>\n<meta name=\"description\" content=\"Verano de 1943. En un lugar de la Francia ocupada, no lejos de la frontera espa\u00f1ola, vive retirado un viejo y famoso escultor que se siente hastiado de la\" \/>\n<meta name=\"robots\" content=\"index, follow, max-snippet:-1, max-image-preview:large, max-video-preview:-1\" \/>\n<link rel=\"canonical\" href=\"https:\/\/www.aparences.net\/es\/media-es\/cine\/el-artista-y-la-modelo\/\" \/>\n<meta property=\"og:locale\" content=\"es_ES\" \/>\n<meta property=\"og:type\" content=\"article\" \/>\n<meta property=\"og:title\" content=\"El artista y la modelo\" \/>\n<meta property=\"og:description\" content=\"Verano de 1943. En un lugar de la Francia ocupada, no lejos de la frontera espa\u00f1ola, vive retirado un viejo y famoso escultor que se siente hastiado de la\" \/>\n<meta property=\"og:url\" content=\"https:\/\/www.aparences.net\/es\/media-es\/cine\/el-artista-y-la-modelo\/\" \/>\n<meta property=\"og:site_name\" content=\"Aparences\" \/>\n<meta property=\"article:published_time\" content=\"2015-01-17T15:17:09+00:00\" \/>\n<meta property=\"article:modified_time\" content=\"2020-02-12T06:19:19+00:00\" \/>\n<meta property=\"og:image\" content=\"https:\/\/www.aparences.net\/wp-content\/uploads\/2015\/01\/el_artista_y_la_modelo.jpeg\" \/>\n\t<meta property=\"og:image:width\" content=\"980\" \/>\n\t<meta property=\"og:image:height\" content=\"551\" \/>\n\t<meta property=\"og:image:type\" content=\"image\/jpeg\" \/>\n<meta name=\"author\" content=\"admin\" \/>\n<meta name=\"twitter:card\" content=\"summary_large_image\" \/>\n<meta name=\"twitter:label1\" content=\"Escrito por\" \/>\n\t<meta name=\"twitter:data1\" content=\"admin\" \/>\n\t<meta name=\"twitter:label2\" content=\"Tiempo de lectura\" \/>\n\t<meta name=\"twitter:data2\" content=\"1 minuto\" \/>\n<script type=\"application\/ld+json\" class=\"yoast-schema-graph\">{\"@context\":\"https:\/\/schema.org\",\"@graph\":[{\"@type\":\"Article\",\"@id\":\"https:\/\/www.aparences.net\/es\/media-es\/cine\/el-artista-y-la-modelo\/#article\",\"isPartOf\":{\"@id\":\"https:\/\/www.aparences.net\/es\/media-es\/cine\/el-artista-y-la-modelo\/\"},\"author\":{\"name\":\"admin\",\"@id\":\"https:\/\/www.aparences.net\/es\/#\/schema\/person\/af349f6ffc31b16c68963e61268afca5\"},\"headline\":\"El artista y la modelo\",\"datePublished\":\"2015-01-17T15:17:09+00:00\",\"dateModified\":\"2020-02-12T06:19:19+00:00\",\"mainEntityOfPage\":{\"@id\":\"https:\/\/www.aparences.net\/es\/media-es\/cine\/el-artista-y-la-modelo\/\"},\"wordCount\":109,\"publisher\":{\"@id\":\"https:\/\/www.aparences.net\/es\/#organization\"},\"image\":{\"@id\":\"https:\/\/www.aparences.net\/es\/media-es\/cine\/el-artista-y-la-modelo\/#primaryimage\"},\"thumbnailUrl\":\"https:\/\/www.aparences.net\/wp-content\/uploads\/2015\/01\/el_artista_y_la_modelo.jpeg\",\"articleSection\":[\"Cine\",\"Media\"],\"inLanguage\":\"es\"},{\"@type\":[\"WebPage\",\"ItemPage\"],\"@id\":\"https:\/\/www.aparences.net\/es\/media-es\/cine\/el-artista-y-la-modelo\/\",\"url\":\"https:\/\/www.aparences.net\/es\/media-es\/cine\/el-artista-y-la-modelo\/\",\"name\":\"El artista y la modelo\",\"isPartOf\":{\"@id\":\"https:\/\/www.aparences.net\/es\/#website\"},\"primaryImageOfPage\":{\"@id\":\"https:\/\/www.aparences.net\/es\/media-es\/cine\/el-artista-y-la-modelo\/#primaryimage\"},\"image\":{\"@id\":\"https:\/\/www.aparences.net\/es\/media-es\/cine\/el-artista-y-la-modelo\/#primaryimage\"},\"thumbnailUrl\":\"https:\/\/www.aparences.net\/wp-content\/uploads\/2015\/01\/el_artista_y_la_modelo.jpeg\",\"datePublished\":\"2015-01-17T15:17:09+00:00\",\"dateModified\":\"2020-02-12T06:19:19+00:00\",\"description\":\"Verano de 1943. En un lugar de la Francia ocupada, no lejos de la frontera espa\u00f1ola, vive retirado un viejo y famoso escultor que se siente hastiado de la\",\"breadcrumb\":{\"@id\":\"https:\/\/www.aparences.net\/es\/media-es\/cine\/el-artista-y-la-modelo\/#breadcrumb\"},\"inLanguage\":\"es\",\"potentialAction\":[{\"@type\":\"ReadAction\",\"target\":[\"https:\/\/www.aparences.net\/es\/media-es\/cine\/el-artista-y-la-modelo\/\"]}]},{\"@type\":\"ImageObject\",\"inLanguage\":\"es\",\"@id\":\"https:\/\/www.aparences.net\/es\/media-es\/cine\/el-artista-y-la-modelo\/#primaryimage\",\"url\":\"https:\/\/www.aparences.net\/wp-content\/uploads\/2015\/01\/el_artista_y_la_modelo.jpeg\",\"contentUrl\":\"https:\/\/www.aparences.net\/wp-content\/uploads\/2015\/01\/el_artista_y_la_modelo.jpeg\",\"width\":980,\"height\":551},{\"@type\":\"BreadcrumbList\",\"@id\":\"https:\/\/www.aparences.net\/es\/media-es\/cine\/el-artista-y-la-modelo\/#breadcrumb\",\"itemListElement\":[{\"@type\":\"ListItem\",\"position\":1,\"name\":\"Portada\",\"item\":\"https:\/\/www.aparences.net\/es\/\"},{\"@type\":\"ListItem\",\"position\":2,\"name\":\"El artista y la modelo\"}]},{\"@type\":\"WebSite\",\"@id\":\"https:\/\/www.aparences.net\/es\/#website\",\"url\":\"https:\/\/www.aparences.net\/es\/\",\"name\":\"Aparences: Historia del Arte y Actualidad Cultural\",\"description\":\"\",\"publisher\":{\"@id\":\"https:\/\/www.aparences.net\/es\/#organization\"},\"potentialAction\":[{\"@type\":\"SearchAction\",\"target\":{\"@type\":\"EntryPoint\",\"urlTemplate\":\"https:\/\/www.aparences.net\/es\/?s={search_term_string}\"},\"query-input\":{\"@type\":\"PropertyValueSpecification\",\"valueRequired\":true,\"valueName\":\"search_term_string\"}}],\"inLanguage\":\"es\"},{\"@type\":\"Organization\",\"@id\":\"https:\/\/www.aparences.net\/es\/#organization\",\"name\":\"Aparences: Historia del Arte y Actualidad Cultural\",\"url\":\"https:\/\/www.aparences.net\/es\/\",\"logo\":{\"@type\":\"ImageObject\",\"inLanguage\":\"es\",\"@id\":\"https:\/\/www.aparences.net\/es\/#\/schema\/logo\/image\/\",\"url\":\"https:\/\/www.aparences.net\/wp-content\/uploads\/2023\/09\/logo-quadrat-color-e1695915315229.png\",\"contentUrl\":\"https:\/\/www.aparences.net\/wp-content\/uploads\/2023\/09\/logo-quadrat-color-e1695915315229.png\",\"width\":120,\"height\":120,\"caption\":\"Aparences: Historia del Arte y Actualidad Cultural\"},\"image\":{\"@id\":\"https:\/\/www.aparences.net\/es\/#\/schema\/logo\/image\/\"}},{\"@type\":\"Person\",\"@id\":\"https:\/\/www.aparences.net\/es\/#\/schema\/person\/af349f6ffc31b16c68963e61268afca5\",\"name\":\"admin\",\"url\":\"https:\/\/www.aparences.net\/es\/author\/admin\/\"}]}<\/script>\n<!-- \/ Yoast SEO plugin. -->","yoast_head_json":{"title":"El artista y la modelo","description":"Verano de 1943. En un lugar de la Francia ocupada, no lejos de la frontera espa\u00f1ola, vive retirado un viejo y famoso escultor que se siente hastiado de la","robots":{"index":"index","follow":"follow","max-snippet":"max-snippet:-1","max-image-preview":"max-image-preview:large","max-video-preview":"max-video-preview:-1"},"canonical":"https:\/\/www.aparences.net\/es\/media-es\/cine\/el-artista-y-la-modelo\/","og_locale":"es_ES","og_type":"article","og_title":"El artista y la modelo","og_description":"Verano de 1943. En un lugar de la Francia ocupada, no lejos de la frontera espa\u00f1ola, vive retirado un viejo y famoso escultor que se siente hastiado de la","og_url":"https:\/\/www.aparences.net\/es\/media-es\/cine\/el-artista-y-la-modelo\/","og_site_name":"Aparences","article_published_time":"2015-01-17T15:17:09+00:00","article_modified_time":"2020-02-12T06:19:19+00:00","og_image":[{"width":980,"height":551,"url":"https:\/\/www.aparences.net\/wp-content\/uploads\/2015\/01\/el_artista_y_la_modelo.jpeg","type":"image\/jpeg"}],"author":"admin","twitter_card":"summary_large_image","twitter_misc":{"Escrito por":"admin","Tiempo de lectura":"1 minuto"},"schema":{"@context":"https:\/\/schema.org","@graph":[{"@type":"Article","@id":"https:\/\/www.aparences.net\/es\/media-es\/cine\/el-artista-y-la-modelo\/#article","isPartOf":{"@id":"https:\/\/www.aparences.net\/es\/media-es\/cine\/el-artista-y-la-modelo\/"},"author":{"name":"admin","@id":"https:\/\/www.aparences.net\/es\/#\/schema\/person\/af349f6ffc31b16c68963e61268afca5"},"headline":"El artista y la modelo","datePublished":"2015-01-17T15:17:09+00:00","dateModified":"2020-02-12T06:19:19+00:00","mainEntityOfPage":{"@id":"https:\/\/www.aparences.net\/es\/media-es\/cine\/el-artista-y-la-modelo\/"},"wordCount":109,"publisher":{"@id":"https:\/\/www.aparences.net\/es\/#organization"},"image":{"@id":"https:\/\/www.aparences.net\/es\/media-es\/cine\/el-artista-y-la-modelo\/#primaryimage"},"thumbnailUrl":"https:\/\/www.aparences.net\/wp-content\/uploads\/2015\/01\/el_artista_y_la_modelo.jpeg","articleSection":["Cine","Media"],"inLanguage":"es"},{"@type":["WebPage","ItemPage"],"@id":"https:\/\/www.aparences.net\/es\/media-es\/cine\/el-artista-y-la-modelo\/","url":"https:\/\/www.aparences.net\/es\/media-es\/cine\/el-artista-y-la-modelo\/","name":"El artista y la modelo","isPartOf":{"@id":"https:\/\/www.aparences.net\/es\/#website"},"primaryImageOfPage":{"@id":"https:\/\/www.aparences.net\/es\/media-es\/cine\/el-artista-y-la-modelo\/#primaryimage"},"image":{"@id":"https:\/\/www.aparences.net\/es\/media-es\/cine\/el-artista-y-la-modelo\/#primaryimage"},"thumbnailUrl":"https:\/\/www.aparences.net\/wp-content\/uploads\/2015\/01\/el_artista_y_la_modelo.jpeg","datePublished":"2015-01-17T15:17:09+00:00","dateModified":"2020-02-12T06:19:19+00:00","description":"Verano de 1943. En un lugar de la Francia ocupada, no lejos de la frontera espa\u00f1ola, vive retirado un viejo y famoso escultor que se siente hastiado de la","breadcrumb":{"@id":"https:\/\/www.aparences.net\/es\/media-es\/cine\/el-artista-y-la-modelo\/#breadcrumb"},"inLanguage":"es","potentialAction":[{"@type":"ReadAction","target":["https:\/\/www.aparences.net\/es\/media-es\/cine\/el-artista-y-la-modelo\/"]}]},{"@type":"ImageObject","inLanguage":"es","@id":"https:\/\/www.aparences.net\/es\/media-es\/cine\/el-artista-y-la-modelo\/#primaryimage","url":"https:\/\/www.aparences.net\/wp-content\/uploads\/2015\/01\/el_artista_y_la_modelo.jpeg","contentUrl":"https:\/\/www.aparences.net\/wp-content\/uploads\/2015\/01\/el_artista_y_la_modelo.jpeg","width":980,"height":551},{"@type":"BreadcrumbList","@id":"https:\/\/www.aparences.net\/es\/media-es\/cine\/el-artista-y-la-modelo\/#breadcrumb","itemListElement":[{"@type":"ListItem","position":1,"name":"Portada","item":"https:\/\/www.aparences.net\/es\/"},{"@type":"ListItem","position":2,"name":"El artista y la modelo"}]},{"@type":"WebSite","@id":"https:\/\/www.aparences.net\/es\/#website","url":"https:\/\/www.aparences.net\/es\/","name":"Aparences: Historia del Arte y Actualidad Cultural","description":"","publisher":{"@id":"https:\/\/www.aparences.net\/es\/#organization"},"potentialAction":[{"@type":"SearchAction","target":{"@type":"EntryPoint","urlTemplate":"https:\/\/www.aparences.net\/es\/?s={search_term_string}"},"query-input":{"@type":"PropertyValueSpecification","valueRequired":true,"valueName":"search_term_string"}}],"inLanguage":"es"},{"@type":"Organization","@id":"https:\/\/www.aparences.net\/es\/#organization","name":"Aparences: Historia del Arte y Actualidad Cultural","url":"https:\/\/www.aparences.net\/es\/","logo":{"@type":"ImageObject","inLanguage":"es","@id":"https:\/\/www.aparences.net\/es\/#\/schema\/logo\/image\/","url":"https:\/\/www.aparences.net\/wp-content\/uploads\/2023\/09\/logo-quadrat-color-e1695915315229.png","contentUrl":"https:\/\/www.aparences.net\/wp-content\/uploads\/2023\/09\/logo-quadrat-color-e1695915315229.png","width":120,"height":120,"caption":"Aparences: Historia del Arte y Actualidad Cultural"},"image":{"@id":"https:\/\/www.aparences.net\/es\/#\/schema\/logo\/image\/"}},{"@type":"Person","@id":"https:\/\/www.aparences.net\/es\/#\/schema\/person\/af349f6ffc31b16c68963e61268afca5","name":"admin","url":"https:\/\/www.aparences.net\/es\/author\/admin\/"}]}},"_links":{"self":[{"href":"https:\/\/www.aparences.net\/es\/wp-json\/wp\/v2\/posts\/13519","targetHints":{"allow":["GET"]}}],"collection":[{"href":"https:\/\/www.aparences.net\/es\/wp-json\/wp\/v2\/posts"}],"about":[{"href":"https:\/\/www.aparences.net\/es\/wp-json\/wp\/v2\/types\/post"}],"author":[{"embeddable":true,"href":"https:\/\/www.aparences.net\/es\/wp-json\/wp\/v2\/users\/2"}],"replies":[{"embeddable":true,"href":"https:\/\/www.aparences.net\/es\/wp-json\/wp\/v2\/comments?post=13519"}],"version-history":[{"count":0,"href":"https:\/\/www.aparences.net\/es\/wp-json\/wp\/v2\/posts\/13519\/revisions"}],"wp:featuredmedia":[{"embeddable":true,"href":"https:\/\/www.aparences.net\/es\/wp-json\/wp\/v2\/media\/19887"}],"wp:attachment":[{"href":"https:\/\/www.aparences.net\/es\/wp-json\/wp\/v2\/media?parent=13519"}],"wp:term":[{"taxonomy":"category","embeddable":true,"href":"https:\/\/www.aparences.net\/es\/wp-json\/wp\/v2\/categories?post=13519"},{"taxonomy":"post_tag","embeddable":true,"href":"https:\/\/www.aparences.net\/es\/wp-json\/wp\/v2\/tags?post=13519"}],"curies":[{"name":"wp","href":"https:\/\/api.w.org\/{rel}","templated":true}]}}