{"id":13527,"date":"2015-01-21T16:07:26","date_gmt":"2015-01-21T15:07:26","guid":{"rendered":"https:\/\/www.aparences.net\/actualites\/documentaires\/cubismo-revelando-la-verdad-a-traves-de-la-abstraccion\/"},"modified":"2020-01-17T10:31:16","modified_gmt":"2020-01-17T09:31:16","slug":"cubismo-revelando-la-verdad-a-traves-de-la-abstraccion","status":"publish","type":"post","link":"https:\/\/www.aparences.net\/es\/media-es\/documentales\/cubismo-revelando-la-verdad-a-traves-de-la-abstraccion\/","title":{"rendered":"Cubismo revelando la verdad a trav\u00e9s de la Abstracci\u00f3n"},"content":{"rendered":"<p>El documental <em>Cubism: Revealing the Truth through Abstraction<\/em> representa las diferentes etapas del cubismo a trav\u00e9s de sus inventores, Picasso y su amigo Georges Braque y el impacto que tuvo este movimiento en el <a title=\"arte moderno\" href=\"https:\/\/www.aparences.net\/es\/periodos\/arte-moderno\/\">arte moderno<\/a> y contempor\u00e1neo. El documental tambi\u00e9n lo relaciona con eventos hist\u00f3ricos como las dos Guerras mundiales o los avances tecnol\u00f3gicos y con cualquier forma de expresi\u00f3n art\u00edstica derivada de este arte, como la arquitectura o el mobiliario y la moda. En aquella \u00e9poca, Picasso y Braque (respectivamente de 25 y 26 a\u00f1os), se ve\u00edan a si mismos como \u00abdos escaladores unidos el uno al otro\u00bb en palabras de Braque.[:]<!--more--> Desde entonces y hasta 1914 los dos artistas compartir\u00e1n este nuevo lenguaje estil\u00edstico. Sus predecesores inmediatos fueron otros dos grandes movimientos innovadores, el <a title=\"impresionismo\" href=\"https:\/\/www.aparences.net\/es\/periodos\/impresionismo-3\/\">impresionismo<\/a> y el <a title=\"fauvismo\" href=\"https:\/\/www.aparences.net\/es\/periodos\/arte-moderno\/el-fauvismo\/\">fauvismo<\/a>. Muy pronto, Gris y Marcoussis unir\u00e1n sus investigaciones a las de Braque y Picasso. Otros artistas, como Metzinger, Gleizes, Le Fauconnier, L\u00e9ger y Delaunay, van a experimentar en sus obras algunas tendencias de este movimiento. Los <a title=\"cubistas\" href=\"https:\/\/www.aparences.net\/es\/periodos\/arte-moderno\/es-cubismo\/\">cubistas<\/a> estuvieron fuertemente relacionados con los movimientos europeos de vanguardia. Despu\u00e9s de la Segunda Guerra Mundial, el movimiento se fue debilitando. Picasso y Braque se separan y evolucionan de manera distinta. Otros, como Mondrian, Delaunay, L\u00e9ger, Metzinger, se dirigen hacia la abstracci\u00f3n geom\u00e9trica o informal, o hacia la pintura figurativa. Por otra parte, aunque en aquella \u00e9poca no era f\u00e1cil distinguir el cubismo de la <a title=\"abstracci\u00f3n\" href=\"https:\/\/www.aparences.net\/es\/periodos\/arte-moderno\/arte-abstracto\/\">abstracci\u00f3n<\/a>, hoy es obvio que los dos lenguajes estil\u00edsticos siguen estando sometidos a una representaci\u00f3n figurativa de las cosas reales.<br \/>\n<iframe loading=\"lazy\" src=\"\/\/www.youtube.com\/embed\/_jRan3u4ndc\" allowfullscreen=\"allowfullscreen\" width=\"560\" height=\"315\" frameborder=\"0\"><\/iframe><\/p>\n","protected":false},"excerpt":{"rendered":"<p>El documental Cubism: Revealing the Truth through Abstraction representa las diferentes etapas del cubismo a trav\u00e9s de sus inventores, Picasso y su amigo Georges Braque [&#8230;]<\/p>\n","protected":false},"author":2,"featured_media":19674,"comment_status":"closed","ping_status":"closed","sticky":false,"template":"","format":"standard","meta":{"footnotes":""},"categories":[2323,3186],"tags":[],"class_list":["post-13527","post","type-post","status-publish","format-standard","has-post-thumbnail","hentry","category-documentales","category-media-es"],"yoast_head":"<!-- This site is optimized with the Yoast SEO plugin v27.2 - https:\/\/yoast.com\/product\/yoast-seo-wordpress\/ -->\n<title>Cubismo revelando la verdad a trav\u00e9s de la Abstracci\u00f3n<\/title>\n<meta name=\"description\" content=\"El documental Cubism: Revealing the Truth through Abstraction representa las diferentes etapas del cubismo a trav\u00e9s de sus inventores, Picasso y su amigo\" \/>\n<meta name=\"robots\" content=\"index, follow, max-snippet:-1, max-image-preview:large, max-video-preview:-1\" \/>\n<link rel=\"canonical\" href=\"https:\/\/www.aparences.net\/es\/media-es\/documentales\/cubismo-revelando-la-verdad-a-traves-de-la-abstraccion\/\" \/>\n<meta property=\"og:locale\" content=\"es_ES\" \/>\n<meta property=\"og:type\" content=\"article\" \/>\n<meta property=\"og:title\" content=\"Cubismo revelando la verdad a trav\u00e9s de la Abstracci\u00f3n\" \/>\n<meta property=\"og:description\" content=\"El documental Cubism: Revealing the Truth through Abstraction representa las diferentes etapas del cubismo a trav\u00e9s de sus inventores, Picasso y su amigo\" \/>\n<meta property=\"og:url\" content=\"https:\/\/www.aparences.net\/es\/media-es\/documentales\/cubismo-revelando-la-verdad-a-traves-de-la-abstraccion\/\" \/>\n<meta property=\"og:site_name\" content=\"Aparences\" \/>\n<meta property=\"article:published_time\" content=\"2015-01-21T15:07:26+00:00\" \/>\n<meta property=\"article:modified_time\" content=\"2020-01-17T09:31:16+00:00\" \/>\n<meta property=\"og:image\" content=\"https:\/\/www.aparences.net\/wp-content\/uploads\/2015\/01\/place-ravignan-juan-gris.jpg\" \/>\n\t<meta property=\"og:image:width\" content=\"515\" \/>\n\t<meta property=\"og:image:height\" content=\"679\" \/>\n\t<meta property=\"og:image:type\" content=\"image\/jpeg\" \/>\n<meta name=\"author\" content=\"admin\" \/>\n<meta name=\"twitter:card\" content=\"summary_large_image\" \/>\n<meta name=\"twitter:label1\" content=\"Escrito por\" \/>\n\t<meta name=\"twitter:data1\" content=\"admin\" \/>\n\t<meta name=\"twitter:label2\" content=\"Tiempo de lectura\" \/>\n\t<meta name=\"twitter:data2\" content=\"1 minuto\" \/>\n<script type=\"application\/ld+json\" class=\"yoast-schema-graph\">{\"@context\":\"https:\/\/schema.org\",\"@graph\":[{\"@type\":\"Article\",\"@id\":\"https:\/\/www.aparences.net\/es\/media-es\/documentales\/cubismo-revelando-la-verdad-a-traves-de-la-abstraccion\/#article\",\"isPartOf\":{\"@id\":\"https:\/\/www.aparences.net\/es\/media-es\/documentales\/cubismo-revelando-la-verdad-a-traves-de-la-abstraccion\/\"},\"author\":{\"name\":\"admin\",\"@id\":\"https:\/\/www.aparences.net\/es\/#\/schema\/person\/af349f6ffc31b16c68963e61268afca5\"},\"headline\":\"Cubismo revelando la verdad a trav\u00e9s de la Abstracci\u00f3n\",\"datePublished\":\"2015-01-21T15:07:26+00:00\",\"dateModified\":\"2020-01-17T09:31:16+00:00\",\"mainEntityOfPage\":{\"@id\":\"https:\/\/www.aparences.net\/es\/media-es\/documentales\/cubismo-revelando-la-verdad-a-traves-de-la-abstraccion\/\"},\"wordCount\":281,\"publisher\":{\"@id\":\"https:\/\/www.aparences.net\/es\/#organization\"},\"image\":{\"@id\":\"https:\/\/www.aparences.net\/es\/media-es\/documentales\/cubismo-revelando-la-verdad-a-traves-de-la-abstraccion\/#primaryimage\"},\"thumbnailUrl\":\"https:\/\/www.aparences.net\/wp-content\/uploads\/2015\/01\/place-ravignan-juan-gris.jpg\",\"articleSection\":[\"Documentales\",\"Media\"],\"inLanguage\":\"es\"},{\"@type\":[\"WebPage\",\"ItemPage\"],\"@id\":\"https:\/\/www.aparences.net\/es\/media-es\/documentales\/cubismo-revelando-la-verdad-a-traves-de-la-abstraccion\/\",\"url\":\"https:\/\/www.aparences.net\/es\/media-es\/documentales\/cubismo-revelando-la-verdad-a-traves-de-la-abstraccion\/\",\"name\":\"Cubismo revelando la verdad a trav\u00e9s de la Abstracci\u00f3n\",\"isPartOf\":{\"@id\":\"https:\/\/www.aparences.net\/es\/#website\"},\"primaryImageOfPage\":{\"@id\":\"https:\/\/www.aparences.net\/es\/media-es\/documentales\/cubismo-revelando-la-verdad-a-traves-de-la-abstraccion\/#primaryimage\"},\"image\":{\"@id\":\"https:\/\/www.aparences.net\/es\/media-es\/documentales\/cubismo-revelando-la-verdad-a-traves-de-la-abstraccion\/#primaryimage\"},\"thumbnailUrl\":\"https:\/\/www.aparences.net\/wp-content\/uploads\/2015\/01\/place-ravignan-juan-gris.jpg\",\"datePublished\":\"2015-01-21T15:07:26+00:00\",\"dateModified\":\"2020-01-17T09:31:16+00:00\",\"description\":\"El documental Cubism: Revealing the Truth through Abstraction representa las diferentes etapas del cubismo a trav\u00e9s de sus inventores, Picasso y su amigo\",\"breadcrumb\":{\"@id\":\"https:\/\/www.aparences.net\/es\/media-es\/documentales\/cubismo-revelando-la-verdad-a-traves-de-la-abstraccion\/#breadcrumb\"},\"inLanguage\":\"es\",\"potentialAction\":[{\"@type\":\"ReadAction\",\"target\":[\"https:\/\/www.aparences.net\/es\/media-es\/documentales\/cubismo-revelando-la-verdad-a-traves-de-la-abstraccion\/\"]}]},{\"@type\":\"ImageObject\",\"inLanguage\":\"es\",\"@id\":\"https:\/\/www.aparences.net\/es\/media-es\/documentales\/cubismo-revelando-la-verdad-a-traves-de-la-abstraccion\/#primaryimage\",\"url\":\"https:\/\/www.aparences.net\/wp-content\/uploads\/2015\/01\/place-ravignan-juan-gris.jpg\",\"contentUrl\":\"https:\/\/www.aparences.net\/wp-content\/uploads\/2015\/01\/place-ravignan-juan-gris.jpg\",\"width\":515,\"height\":679},{\"@type\":\"BreadcrumbList\",\"@id\":\"https:\/\/www.aparences.net\/es\/media-es\/documentales\/cubismo-revelando-la-verdad-a-traves-de-la-abstraccion\/#breadcrumb\",\"itemListElement\":[{\"@type\":\"ListItem\",\"position\":1,\"name\":\"Portada\",\"item\":\"https:\/\/www.aparences.net\/es\/\"},{\"@type\":\"ListItem\",\"position\":2,\"name\":\"Cubismo revelando la verdad a trav\u00e9s de la Abstracci\u00f3n\"}]},{\"@type\":\"WebSite\",\"@id\":\"https:\/\/www.aparences.net\/es\/#website\",\"url\":\"https:\/\/www.aparences.net\/es\/\",\"name\":\"Aparences: Historia del Arte y Actualidad Cultural\",\"description\":\"\",\"publisher\":{\"@id\":\"https:\/\/www.aparences.net\/es\/#organization\"},\"potentialAction\":[{\"@type\":\"SearchAction\",\"target\":{\"@type\":\"EntryPoint\",\"urlTemplate\":\"https:\/\/www.aparences.net\/es\/?s={search_term_string}\"},\"query-input\":{\"@type\":\"PropertyValueSpecification\",\"valueRequired\":true,\"valueName\":\"search_term_string\"}}],\"inLanguage\":\"es\"},{\"@type\":\"Organization\",\"@id\":\"https:\/\/www.aparences.net\/es\/#organization\",\"name\":\"Aparences: Historia del Arte y Actualidad Cultural\",\"url\":\"https:\/\/www.aparences.net\/es\/\",\"logo\":{\"@type\":\"ImageObject\",\"inLanguage\":\"es\",\"@id\":\"https:\/\/www.aparences.net\/es\/#\/schema\/logo\/image\/\",\"url\":\"https:\/\/www.aparences.net\/wp-content\/uploads\/2023\/09\/logo-quadrat-color-e1695915315229.png\",\"contentUrl\":\"https:\/\/www.aparences.net\/wp-content\/uploads\/2023\/09\/logo-quadrat-color-e1695915315229.png\",\"width\":120,\"height\":120,\"caption\":\"Aparences: Historia del Arte y Actualidad Cultural\"},\"image\":{\"@id\":\"https:\/\/www.aparences.net\/es\/#\/schema\/logo\/image\/\"}},{\"@type\":\"Person\",\"@id\":\"https:\/\/www.aparences.net\/es\/#\/schema\/person\/af349f6ffc31b16c68963e61268afca5\",\"name\":\"admin\",\"url\":\"https:\/\/www.aparences.net\/es\/author\/admin\/\"}]}<\/script>\n<!-- \/ Yoast SEO plugin. -->","yoast_head_json":{"title":"Cubismo revelando la verdad a trav\u00e9s de la Abstracci\u00f3n","description":"El documental Cubism: Revealing the Truth through Abstraction representa las diferentes etapas del cubismo a trav\u00e9s de sus inventores, Picasso y su amigo","robots":{"index":"index","follow":"follow","max-snippet":"max-snippet:-1","max-image-preview":"max-image-preview:large","max-video-preview":"max-video-preview:-1"},"canonical":"https:\/\/www.aparences.net\/es\/media-es\/documentales\/cubismo-revelando-la-verdad-a-traves-de-la-abstraccion\/","og_locale":"es_ES","og_type":"article","og_title":"Cubismo revelando la verdad a trav\u00e9s de la Abstracci\u00f3n","og_description":"El documental Cubism: Revealing the Truth through Abstraction representa las diferentes etapas del cubismo a trav\u00e9s de sus inventores, Picasso y su amigo","og_url":"https:\/\/www.aparences.net\/es\/media-es\/documentales\/cubismo-revelando-la-verdad-a-traves-de-la-abstraccion\/","og_site_name":"Aparences","article_published_time":"2015-01-21T15:07:26+00:00","article_modified_time":"2020-01-17T09:31:16+00:00","og_image":[{"width":515,"height":679,"url":"https:\/\/www.aparences.net\/wp-content\/uploads\/2015\/01\/place-ravignan-juan-gris.jpg","type":"image\/jpeg"}],"author":"admin","twitter_card":"summary_large_image","twitter_misc":{"Escrito por":"admin","Tiempo de lectura":"1 minuto"},"schema":{"@context":"https:\/\/schema.org","@graph":[{"@type":"Article","@id":"https:\/\/www.aparences.net\/es\/media-es\/documentales\/cubismo-revelando-la-verdad-a-traves-de-la-abstraccion\/#article","isPartOf":{"@id":"https:\/\/www.aparences.net\/es\/media-es\/documentales\/cubismo-revelando-la-verdad-a-traves-de-la-abstraccion\/"},"author":{"name":"admin","@id":"https:\/\/www.aparences.net\/es\/#\/schema\/person\/af349f6ffc31b16c68963e61268afca5"},"headline":"Cubismo revelando la verdad a trav\u00e9s de la Abstracci\u00f3n","datePublished":"2015-01-21T15:07:26+00:00","dateModified":"2020-01-17T09:31:16+00:00","mainEntityOfPage":{"@id":"https:\/\/www.aparences.net\/es\/media-es\/documentales\/cubismo-revelando-la-verdad-a-traves-de-la-abstraccion\/"},"wordCount":281,"publisher":{"@id":"https:\/\/www.aparences.net\/es\/#organization"},"image":{"@id":"https:\/\/www.aparences.net\/es\/media-es\/documentales\/cubismo-revelando-la-verdad-a-traves-de-la-abstraccion\/#primaryimage"},"thumbnailUrl":"https:\/\/www.aparences.net\/wp-content\/uploads\/2015\/01\/place-ravignan-juan-gris.jpg","articleSection":["Documentales","Media"],"inLanguage":"es"},{"@type":["WebPage","ItemPage"],"@id":"https:\/\/www.aparences.net\/es\/media-es\/documentales\/cubismo-revelando-la-verdad-a-traves-de-la-abstraccion\/","url":"https:\/\/www.aparences.net\/es\/media-es\/documentales\/cubismo-revelando-la-verdad-a-traves-de-la-abstraccion\/","name":"Cubismo revelando la verdad a trav\u00e9s de la Abstracci\u00f3n","isPartOf":{"@id":"https:\/\/www.aparences.net\/es\/#website"},"primaryImageOfPage":{"@id":"https:\/\/www.aparences.net\/es\/media-es\/documentales\/cubismo-revelando-la-verdad-a-traves-de-la-abstraccion\/#primaryimage"},"image":{"@id":"https:\/\/www.aparences.net\/es\/media-es\/documentales\/cubismo-revelando-la-verdad-a-traves-de-la-abstraccion\/#primaryimage"},"thumbnailUrl":"https:\/\/www.aparences.net\/wp-content\/uploads\/2015\/01\/place-ravignan-juan-gris.jpg","datePublished":"2015-01-21T15:07:26+00:00","dateModified":"2020-01-17T09:31:16+00:00","description":"El documental Cubism: Revealing the Truth through Abstraction representa las diferentes etapas del cubismo a trav\u00e9s de sus inventores, Picasso y su amigo","breadcrumb":{"@id":"https:\/\/www.aparences.net\/es\/media-es\/documentales\/cubismo-revelando-la-verdad-a-traves-de-la-abstraccion\/#breadcrumb"},"inLanguage":"es","potentialAction":[{"@type":"ReadAction","target":["https:\/\/www.aparences.net\/es\/media-es\/documentales\/cubismo-revelando-la-verdad-a-traves-de-la-abstraccion\/"]}]},{"@type":"ImageObject","inLanguage":"es","@id":"https:\/\/www.aparences.net\/es\/media-es\/documentales\/cubismo-revelando-la-verdad-a-traves-de-la-abstraccion\/#primaryimage","url":"https:\/\/www.aparences.net\/wp-content\/uploads\/2015\/01\/place-ravignan-juan-gris.jpg","contentUrl":"https:\/\/www.aparences.net\/wp-content\/uploads\/2015\/01\/place-ravignan-juan-gris.jpg","width":515,"height":679},{"@type":"BreadcrumbList","@id":"https:\/\/www.aparences.net\/es\/media-es\/documentales\/cubismo-revelando-la-verdad-a-traves-de-la-abstraccion\/#breadcrumb","itemListElement":[{"@type":"ListItem","position":1,"name":"Portada","item":"https:\/\/www.aparences.net\/es\/"},{"@type":"ListItem","position":2,"name":"Cubismo revelando la verdad a trav\u00e9s de la Abstracci\u00f3n"}]},{"@type":"WebSite","@id":"https:\/\/www.aparences.net\/es\/#website","url":"https:\/\/www.aparences.net\/es\/","name":"Aparences: Historia del Arte y Actualidad Cultural","description":"","publisher":{"@id":"https:\/\/www.aparences.net\/es\/#organization"},"potentialAction":[{"@type":"SearchAction","target":{"@type":"EntryPoint","urlTemplate":"https:\/\/www.aparences.net\/es\/?s={search_term_string}"},"query-input":{"@type":"PropertyValueSpecification","valueRequired":true,"valueName":"search_term_string"}}],"inLanguage":"es"},{"@type":"Organization","@id":"https:\/\/www.aparences.net\/es\/#organization","name":"Aparences: Historia del Arte y Actualidad Cultural","url":"https:\/\/www.aparences.net\/es\/","logo":{"@type":"ImageObject","inLanguage":"es","@id":"https:\/\/www.aparences.net\/es\/#\/schema\/logo\/image\/","url":"https:\/\/www.aparences.net\/wp-content\/uploads\/2023\/09\/logo-quadrat-color-e1695915315229.png","contentUrl":"https:\/\/www.aparences.net\/wp-content\/uploads\/2023\/09\/logo-quadrat-color-e1695915315229.png","width":120,"height":120,"caption":"Aparences: Historia del Arte y Actualidad Cultural"},"image":{"@id":"https:\/\/www.aparences.net\/es\/#\/schema\/logo\/image\/"}},{"@type":"Person","@id":"https:\/\/www.aparences.net\/es\/#\/schema\/person\/af349f6ffc31b16c68963e61268afca5","name":"admin","url":"https:\/\/www.aparences.net\/es\/author\/admin\/"}]}},"_links":{"self":[{"href":"https:\/\/www.aparences.net\/es\/wp-json\/wp\/v2\/posts\/13527","targetHints":{"allow":["GET"]}}],"collection":[{"href":"https:\/\/www.aparences.net\/es\/wp-json\/wp\/v2\/posts"}],"about":[{"href":"https:\/\/www.aparences.net\/es\/wp-json\/wp\/v2\/types\/post"}],"author":[{"embeddable":true,"href":"https:\/\/www.aparences.net\/es\/wp-json\/wp\/v2\/users\/2"}],"replies":[{"embeddable":true,"href":"https:\/\/www.aparences.net\/es\/wp-json\/wp\/v2\/comments?post=13527"}],"version-history":[{"count":0,"href":"https:\/\/www.aparences.net\/es\/wp-json\/wp\/v2\/posts\/13527\/revisions"}],"wp:featuredmedia":[{"embeddable":true,"href":"https:\/\/www.aparences.net\/es\/wp-json\/wp\/v2\/media\/19674"}],"wp:attachment":[{"href":"https:\/\/www.aparences.net\/es\/wp-json\/wp\/v2\/media?parent=13527"}],"wp:term":[{"taxonomy":"category","embeddable":true,"href":"https:\/\/www.aparences.net\/es\/wp-json\/wp\/v2\/categories?post=13527"},{"taxonomy":"post_tag","embeddable":true,"href":"https:\/\/www.aparences.net\/es\/wp-json\/wp\/v2\/tags?post=13527"}],"curies":[{"name":"wp","href":"https:\/\/api.w.org\/{rel}","templated":true}]}}