{"id":13543,"date":"2015-03-06T23:47:24","date_gmt":"2015-03-06T22:47:24","guid":{"rendered":"https:\/\/www.aparences.net\/actualites\/documentaires\/vermeer-maestro-de-la-luz\/"},"modified":"2020-02-12T13:35:03","modified_gmt":"2020-02-12T12:35:03","slug":"vermeer-maestro-de-la-luz","status":"publish","type":"post","link":"https:\/\/www.aparences.net\/es\/media-es\/documentales\/vermeer-maestro-de-la-luz\/","title":{"rendered":"Vermeer: Maestro de la luz"},"content":{"rendered":"<p>El documental de la National Gallery de Londres <em>Vermeer: Master of Light<\/em>, analiza la obra de Johannes Vermeer (1632-1675) pintor del alma y de la luz que pas\u00f3 toda su corta vida en la peque\u00f1a ciudad de Delft. A partir de 1656 su relaci\u00f3n con diferentes artistas de la \u00e9poca, entre ellos Gerard ter Borch, le animaron a dedicarse a los temas de la vida cotidiana.[:]<!--more--> Como le hab\u00eda ense\u00f1ado su maestro Carel Fabritius fundador de la <a title=\"Escuela de Delft\" href=\"https:\/\/www.aparences.net\/es\/periodos\/pintura-barroca\/vermeer-y-la-escuela-de-delft\/\">Escuela de la Delft<\/a>, Vermeer muestra especial preocupaci\u00f3n por los problemas de perspectiva. As\u00ed nacer\u00e1n obras maestras inolvidables fruto de una t\u00e9cnica paciente y refinada, que se caracteriza por peque\u00f1as pinceladas que hacen vibrar la materia pict\u00f3rica.[:]<!--more--><\/p>\n<p><iframe loading=\"lazy\" title=\"Vermeer: Master of Light (COMPLETE Documentary) [No Ads]\" width=\"800\" height=\"600\" src=\"https:\/\/www.youtube.com\/embed\/DEior-0inxU?feature=oembed\" frameborder=\"0\" allow=\"accelerometer; autoplay; encrypted-media; gyroscope; picture-in-picture\" allowfullscreen><\/iframe><\/p>\n<p>Los recuerdos de la pintura flamenca del siglo XV Vermeer los interpreta con una nueva sensibilidad, en particular el uso de las fuentes de luz y el valor dado a los detalles m\u00e1s peque\u00f1os. Aunque llev\u00f3 una vida sencilla, cultiv\u00f3 amistades importantes, empezando por su amistad con Anthony Van Leeuwehock, el gran cient\u00edfico de Delft, inventor del microscopio. Quiz\u00e1s sea la clave para comprender el milagro de la pintura de Vermeer, el pintor que nos revela la vida secreta escondida en las peque\u00f1as cosas, que la luz puede revelar a aquellos que tienen ojos, coraz\u00f3n y paciencia.<\/p>\n","protected":false},"excerpt":{"rendered":"<p>El documental de la National Gallery de Londres Vermeer: Master of Light, analiza la obra de Johannes Vermeer (1632-1675) pintor del alma y de la luz que pas\u00f3 toda su corta vida en la peque\u00f1a ciudad de Delft. A partir de 1656 su relaci\u00f3n con diferentes artistas de la \u00e9poca, entre ellos Gerard ter Borch, le animaron a dedicarse a los temas de la vida cotidiana.<\/p>\n","protected":false},"author":2,"featured_media":19857,"comment_status":"closed","ping_status":"closed","sticky":false,"template":"","format":"standard","meta":{"footnotes":""},"categories":[2323,3186],"tags":[],"class_list":["post-13543","post","type-post","status-publish","format-standard","has-post-thumbnail","hentry","category-documentales","category-media-es"],"yoast_head":"<!-- This site is optimized with the Yoast SEO plugin v27.2 - https:\/\/yoast.com\/product\/yoast-seo-wordpress\/ -->\n<title>Vermeer: Maestro de la luz<\/title>\n<meta name=\"description\" content=\"El documental de la National Gallery de Londres Vermeer: Master of Light, analiza la obra de Johannes Vermeer (1632-1675) pintor del alma y de la luz que pas\u00f3 toda su corta vida en la peque\u00f1a ciudad de Delft. A partir de 1656 su relaci\u00f3n con diferentes artistas de la \u00e9poca, entre ellos Gerard ter Borch, le animaron a dedicarse a los temas de la vida cotidiana.\" \/>\n<meta name=\"robots\" content=\"index, follow, max-snippet:-1, max-image-preview:large, max-video-preview:-1\" \/>\n<link rel=\"canonical\" href=\"https:\/\/www.aparences.net\/es\/media-es\/documentales\/vermeer-maestro-de-la-luz\/\" \/>\n<meta property=\"og:locale\" content=\"es_ES\" \/>\n<meta property=\"og:type\" content=\"article\" \/>\n<meta property=\"og:title\" content=\"Vermeer: Maestro de la luz\" \/>\n<meta property=\"og:description\" content=\"El documental de la National Gallery de Londres Vermeer: Master of Light, analiza la obra de Johannes Vermeer (1632-1675) pintor del alma y de la luz que pas\u00f3 toda su corta vida en la peque\u00f1a ciudad de Delft. A partir de 1656 su relaci\u00f3n con diferentes artistas de la \u00e9poca, entre ellos Gerard ter Borch, le animaron a dedicarse a los temas de la vida cotidiana.\" \/>\n<meta property=\"og:url\" content=\"https:\/\/www.aparences.net\/es\/media-es\/documentales\/vermeer-maestro-de-la-luz\/\" \/>\n<meta property=\"og:site_name\" content=\"Aparences\" \/>\n<meta property=\"article:published_time\" content=\"2015-03-06T22:47:24+00:00\" \/>\n<meta property=\"article:modified_time\" content=\"2020-02-12T12:35:03+00:00\" \/>\n<meta property=\"og:image\" content=\"https:\/\/www.aparences.net\/wp-content\/uploads\/2015\/03\/Johannes_Vermeer_The_Astronomer-featured.jpg\" \/>\n\t<meta property=\"og:image:width\" content=\"1100\" \/>\n\t<meta property=\"og:image:height\" content=\"662\" \/>\n\t<meta property=\"og:image:type\" content=\"image\/jpeg\" \/>\n<meta name=\"author\" content=\"admin\" \/>\n<meta name=\"twitter:card\" content=\"summary_large_image\" \/>\n<meta name=\"twitter:label1\" content=\"Escrito por\" \/>\n\t<meta name=\"twitter:data1\" content=\"admin\" \/>\n\t<meta name=\"twitter:label2\" content=\"Tiempo de lectura\" \/>\n\t<meta name=\"twitter:data2\" content=\"1 minuto\" \/>\n<script type=\"application\/ld+json\" class=\"yoast-schema-graph\">{\"@context\":\"https:\/\/schema.org\",\"@graph\":[{\"@type\":\"Article\",\"@id\":\"https:\/\/www.aparences.net\/es\/media-es\/documentales\/vermeer-maestro-de-la-luz\/#article\",\"isPartOf\":{\"@id\":\"https:\/\/www.aparences.net\/es\/media-es\/documentales\/vermeer-maestro-de-la-luz\/\"},\"author\":{\"name\":\"admin\",\"@id\":\"https:\/\/www.aparences.net\/es\/#\/schema\/person\/af349f6ffc31b16c68963e61268afca5\"},\"headline\":\"Vermeer: Maestro de la luz\",\"datePublished\":\"2015-03-06T22:47:24+00:00\",\"dateModified\":\"2020-02-12T12:35:03+00:00\",\"mainEntityOfPage\":{\"@id\":\"https:\/\/www.aparences.net\/es\/media-es\/documentales\/vermeer-maestro-de-la-luz\/\"},\"wordCount\":240,\"publisher\":{\"@id\":\"https:\/\/www.aparences.net\/es\/#organization\"},\"image\":{\"@id\":\"https:\/\/www.aparences.net\/es\/media-es\/documentales\/vermeer-maestro-de-la-luz\/#primaryimage\"},\"thumbnailUrl\":\"https:\/\/www.aparences.net\/wp-content\/uploads\/2015\/03\/Johannes_Vermeer_The_Astronomer-featured.jpg\",\"articleSection\":[\"Documentales\",\"Media\"],\"inLanguage\":\"es\"},{\"@type\":[\"WebPage\",\"ItemPage\"],\"@id\":\"https:\/\/www.aparences.net\/es\/media-es\/documentales\/vermeer-maestro-de-la-luz\/\",\"url\":\"https:\/\/www.aparences.net\/es\/media-es\/documentales\/vermeer-maestro-de-la-luz\/\",\"name\":\"Vermeer: Maestro de la luz\",\"isPartOf\":{\"@id\":\"https:\/\/www.aparences.net\/es\/#website\"},\"primaryImageOfPage\":{\"@id\":\"https:\/\/www.aparences.net\/es\/media-es\/documentales\/vermeer-maestro-de-la-luz\/#primaryimage\"},\"image\":{\"@id\":\"https:\/\/www.aparences.net\/es\/media-es\/documentales\/vermeer-maestro-de-la-luz\/#primaryimage\"},\"thumbnailUrl\":\"https:\/\/www.aparences.net\/wp-content\/uploads\/2015\/03\/Johannes_Vermeer_The_Astronomer-featured.jpg\",\"datePublished\":\"2015-03-06T22:47:24+00:00\",\"dateModified\":\"2020-02-12T12:35:03+00:00\",\"description\":\"El documental de la National Gallery de Londres Vermeer: Master of Light, analiza la obra de Johannes Vermeer (1632-1675) pintor del alma y de la luz que pas\u00f3 toda su corta vida en la peque\u00f1a ciudad de Delft. A partir de 1656 su relaci\u00f3n con diferentes artistas de la \u00e9poca, entre ellos Gerard ter Borch, le animaron a dedicarse a los temas de la vida cotidiana.\",\"breadcrumb\":{\"@id\":\"https:\/\/www.aparences.net\/es\/media-es\/documentales\/vermeer-maestro-de-la-luz\/#breadcrumb\"},\"inLanguage\":\"es\",\"potentialAction\":[{\"@type\":\"ReadAction\",\"target\":[\"https:\/\/www.aparences.net\/es\/media-es\/documentales\/vermeer-maestro-de-la-luz\/\"]}]},{\"@type\":\"ImageObject\",\"inLanguage\":\"es\",\"@id\":\"https:\/\/www.aparences.net\/es\/media-es\/documentales\/vermeer-maestro-de-la-luz\/#primaryimage\",\"url\":\"https:\/\/www.aparences.net\/wp-content\/uploads\/2015\/03\/Johannes_Vermeer_The_Astronomer-featured.jpg\",\"contentUrl\":\"https:\/\/www.aparences.net\/wp-content\/uploads\/2015\/03\/Johannes_Vermeer_The_Astronomer-featured.jpg\",\"width\":1100,\"height\":662},{\"@type\":\"BreadcrumbList\",\"@id\":\"https:\/\/www.aparences.net\/es\/media-es\/documentales\/vermeer-maestro-de-la-luz\/#breadcrumb\",\"itemListElement\":[{\"@type\":\"ListItem\",\"position\":1,\"name\":\"Portada\",\"item\":\"https:\/\/www.aparences.net\/es\/\"},{\"@type\":\"ListItem\",\"position\":2,\"name\":\"Vermeer: Maestro de la luz\"}]},{\"@type\":\"WebSite\",\"@id\":\"https:\/\/www.aparences.net\/es\/#website\",\"url\":\"https:\/\/www.aparences.net\/es\/\",\"name\":\"Aparences: Historia del Arte y Actualidad Cultural\",\"description\":\"\",\"publisher\":{\"@id\":\"https:\/\/www.aparences.net\/es\/#organization\"},\"potentialAction\":[{\"@type\":\"SearchAction\",\"target\":{\"@type\":\"EntryPoint\",\"urlTemplate\":\"https:\/\/www.aparences.net\/es\/?s={search_term_string}\"},\"query-input\":{\"@type\":\"PropertyValueSpecification\",\"valueRequired\":true,\"valueName\":\"search_term_string\"}}],\"inLanguage\":\"es\"},{\"@type\":\"Organization\",\"@id\":\"https:\/\/www.aparences.net\/es\/#organization\",\"name\":\"Aparences: Historia del Arte y Actualidad Cultural\",\"url\":\"https:\/\/www.aparences.net\/es\/\",\"logo\":{\"@type\":\"ImageObject\",\"inLanguage\":\"es\",\"@id\":\"https:\/\/www.aparences.net\/es\/#\/schema\/logo\/image\/\",\"url\":\"https:\/\/www.aparences.net\/wp-content\/uploads\/2023\/09\/logo-quadrat-color-e1695915315229.png\",\"contentUrl\":\"https:\/\/www.aparences.net\/wp-content\/uploads\/2023\/09\/logo-quadrat-color-e1695915315229.png\",\"width\":120,\"height\":120,\"caption\":\"Aparences: Historia del Arte y Actualidad Cultural\"},\"image\":{\"@id\":\"https:\/\/www.aparences.net\/es\/#\/schema\/logo\/image\/\"}},{\"@type\":\"Person\",\"@id\":\"https:\/\/www.aparences.net\/es\/#\/schema\/person\/af349f6ffc31b16c68963e61268afca5\",\"name\":\"admin\",\"url\":\"https:\/\/www.aparences.net\/es\/author\/admin\/\"}]}<\/script>\n<!-- \/ Yoast SEO plugin. -->","yoast_head_json":{"title":"Vermeer: Maestro de la luz","description":"El documental de la National Gallery de Londres Vermeer: Master of Light, analiza la obra de Johannes Vermeer (1632-1675) pintor del alma y de la luz que pas\u00f3 toda su corta vida en la peque\u00f1a ciudad de Delft. A partir de 1656 su relaci\u00f3n con diferentes artistas de la \u00e9poca, entre ellos Gerard ter Borch, le animaron a dedicarse a los temas de la vida cotidiana.","robots":{"index":"index","follow":"follow","max-snippet":"max-snippet:-1","max-image-preview":"max-image-preview:large","max-video-preview":"max-video-preview:-1"},"canonical":"https:\/\/www.aparences.net\/es\/media-es\/documentales\/vermeer-maestro-de-la-luz\/","og_locale":"es_ES","og_type":"article","og_title":"Vermeer: Maestro de la luz","og_description":"El documental de la National Gallery de Londres Vermeer: Master of Light, analiza la obra de Johannes Vermeer (1632-1675) pintor del alma y de la luz que pas\u00f3 toda su corta vida en la peque\u00f1a ciudad de Delft. A partir de 1656 su relaci\u00f3n con diferentes artistas de la \u00e9poca, entre ellos Gerard ter Borch, le animaron a dedicarse a los temas de la vida cotidiana.","og_url":"https:\/\/www.aparences.net\/es\/media-es\/documentales\/vermeer-maestro-de-la-luz\/","og_site_name":"Aparences","article_published_time":"2015-03-06T22:47:24+00:00","article_modified_time":"2020-02-12T12:35:03+00:00","og_image":[{"width":1100,"height":662,"url":"https:\/\/www.aparences.net\/wp-content\/uploads\/2015\/03\/Johannes_Vermeer_The_Astronomer-featured.jpg","type":"image\/jpeg"}],"author":"admin","twitter_card":"summary_large_image","twitter_misc":{"Escrito por":"admin","Tiempo de lectura":"1 minuto"},"schema":{"@context":"https:\/\/schema.org","@graph":[{"@type":"Article","@id":"https:\/\/www.aparences.net\/es\/media-es\/documentales\/vermeer-maestro-de-la-luz\/#article","isPartOf":{"@id":"https:\/\/www.aparences.net\/es\/media-es\/documentales\/vermeer-maestro-de-la-luz\/"},"author":{"name":"admin","@id":"https:\/\/www.aparences.net\/es\/#\/schema\/person\/af349f6ffc31b16c68963e61268afca5"},"headline":"Vermeer: Maestro de la luz","datePublished":"2015-03-06T22:47:24+00:00","dateModified":"2020-02-12T12:35:03+00:00","mainEntityOfPage":{"@id":"https:\/\/www.aparences.net\/es\/media-es\/documentales\/vermeer-maestro-de-la-luz\/"},"wordCount":240,"publisher":{"@id":"https:\/\/www.aparences.net\/es\/#organization"},"image":{"@id":"https:\/\/www.aparences.net\/es\/media-es\/documentales\/vermeer-maestro-de-la-luz\/#primaryimage"},"thumbnailUrl":"https:\/\/www.aparences.net\/wp-content\/uploads\/2015\/03\/Johannes_Vermeer_The_Astronomer-featured.jpg","articleSection":["Documentales","Media"],"inLanguage":"es"},{"@type":["WebPage","ItemPage"],"@id":"https:\/\/www.aparences.net\/es\/media-es\/documentales\/vermeer-maestro-de-la-luz\/","url":"https:\/\/www.aparences.net\/es\/media-es\/documentales\/vermeer-maestro-de-la-luz\/","name":"Vermeer: Maestro de la luz","isPartOf":{"@id":"https:\/\/www.aparences.net\/es\/#website"},"primaryImageOfPage":{"@id":"https:\/\/www.aparences.net\/es\/media-es\/documentales\/vermeer-maestro-de-la-luz\/#primaryimage"},"image":{"@id":"https:\/\/www.aparences.net\/es\/media-es\/documentales\/vermeer-maestro-de-la-luz\/#primaryimage"},"thumbnailUrl":"https:\/\/www.aparences.net\/wp-content\/uploads\/2015\/03\/Johannes_Vermeer_The_Astronomer-featured.jpg","datePublished":"2015-03-06T22:47:24+00:00","dateModified":"2020-02-12T12:35:03+00:00","description":"El documental de la National Gallery de Londres Vermeer: Master of Light, analiza la obra de Johannes Vermeer (1632-1675) pintor del alma y de la luz que pas\u00f3 toda su corta vida en la peque\u00f1a ciudad de Delft. A partir de 1656 su relaci\u00f3n con diferentes artistas de la \u00e9poca, entre ellos Gerard ter Borch, le animaron a dedicarse a los temas de la vida cotidiana.","breadcrumb":{"@id":"https:\/\/www.aparences.net\/es\/media-es\/documentales\/vermeer-maestro-de-la-luz\/#breadcrumb"},"inLanguage":"es","potentialAction":[{"@type":"ReadAction","target":["https:\/\/www.aparences.net\/es\/media-es\/documentales\/vermeer-maestro-de-la-luz\/"]}]},{"@type":"ImageObject","inLanguage":"es","@id":"https:\/\/www.aparences.net\/es\/media-es\/documentales\/vermeer-maestro-de-la-luz\/#primaryimage","url":"https:\/\/www.aparences.net\/wp-content\/uploads\/2015\/03\/Johannes_Vermeer_The_Astronomer-featured.jpg","contentUrl":"https:\/\/www.aparences.net\/wp-content\/uploads\/2015\/03\/Johannes_Vermeer_The_Astronomer-featured.jpg","width":1100,"height":662},{"@type":"BreadcrumbList","@id":"https:\/\/www.aparences.net\/es\/media-es\/documentales\/vermeer-maestro-de-la-luz\/#breadcrumb","itemListElement":[{"@type":"ListItem","position":1,"name":"Portada","item":"https:\/\/www.aparences.net\/es\/"},{"@type":"ListItem","position":2,"name":"Vermeer: Maestro de la luz"}]},{"@type":"WebSite","@id":"https:\/\/www.aparences.net\/es\/#website","url":"https:\/\/www.aparences.net\/es\/","name":"Aparences: Historia del Arte y Actualidad Cultural","description":"","publisher":{"@id":"https:\/\/www.aparences.net\/es\/#organization"},"potentialAction":[{"@type":"SearchAction","target":{"@type":"EntryPoint","urlTemplate":"https:\/\/www.aparences.net\/es\/?s={search_term_string}"},"query-input":{"@type":"PropertyValueSpecification","valueRequired":true,"valueName":"search_term_string"}}],"inLanguage":"es"},{"@type":"Organization","@id":"https:\/\/www.aparences.net\/es\/#organization","name":"Aparences: Historia del Arte y Actualidad Cultural","url":"https:\/\/www.aparences.net\/es\/","logo":{"@type":"ImageObject","inLanguage":"es","@id":"https:\/\/www.aparences.net\/es\/#\/schema\/logo\/image\/","url":"https:\/\/www.aparences.net\/wp-content\/uploads\/2023\/09\/logo-quadrat-color-e1695915315229.png","contentUrl":"https:\/\/www.aparences.net\/wp-content\/uploads\/2023\/09\/logo-quadrat-color-e1695915315229.png","width":120,"height":120,"caption":"Aparences: Historia del Arte y Actualidad Cultural"},"image":{"@id":"https:\/\/www.aparences.net\/es\/#\/schema\/logo\/image\/"}},{"@type":"Person","@id":"https:\/\/www.aparences.net\/es\/#\/schema\/person\/af349f6ffc31b16c68963e61268afca5","name":"admin","url":"https:\/\/www.aparences.net\/es\/author\/admin\/"}]}},"_links":{"self":[{"href":"https:\/\/www.aparences.net\/es\/wp-json\/wp\/v2\/posts\/13543","targetHints":{"allow":["GET"]}}],"collection":[{"href":"https:\/\/www.aparences.net\/es\/wp-json\/wp\/v2\/posts"}],"about":[{"href":"https:\/\/www.aparences.net\/es\/wp-json\/wp\/v2\/types\/post"}],"author":[{"embeddable":true,"href":"https:\/\/www.aparences.net\/es\/wp-json\/wp\/v2\/users\/2"}],"replies":[{"embeddable":true,"href":"https:\/\/www.aparences.net\/es\/wp-json\/wp\/v2\/comments?post=13543"}],"version-history":[{"count":0,"href":"https:\/\/www.aparences.net\/es\/wp-json\/wp\/v2\/posts\/13543\/revisions"}],"wp:featuredmedia":[{"embeddable":true,"href":"https:\/\/www.aparences.net\/es\/wp-json\/wp\/v2\/media\/19857"}],"wp:attachment":[{"href":"https:\/\/www.aparences.net\/es\/wp-json\/wp\/v2\/media?parent=13543"}],"wp:term":[{"taxonomy":"category","embeddable":true,"href":"https:\/\/www.aparences.net\/es\/wp-json\/wp\/v2\/categories?post=13543"},{"taxonomy":"post_tag","embeddable":true,"href":"https:\/\/www.aparences.net\/es\/wp-json\/wp\/v2\/tags?post=13543"}],"curies":[{"name":"wp","href":"https:\/\/api.w.org\/{rel}","templated":true}]}}