{"id":13603,"date":"2016-01-16T09:21:06","date_gmt":"2016-01-16T08:21:06","guid":{"rendered":"https:\/\/www.aparences.net\/actualites\/expositions\/el-bosco-retrospectiva\/"},"modified":"2024-09-02T09:21:54","modified_gmt":"2024-09-02T07:21:54","slug":"el-bosco-retrospectiva","status":"publish","type":"post","link":"https:\/\/www.aparences.net\/es\/actualidad\/exposiciones\/el-bosco-retrospectiva\/","title":{"rendered":"El Bosco : retrospectiva"},"content":{"rendered":"\n<p>El <a href=\"https:\/\/www.hetnoordbrabantsmuseum.nl\/english\/\" target=\"_blank\" rel=\"noopener noreferrer\">Museo Noordbrabants<\/a> de Bois-le-Duc o S\u2019Hertogenbosch en Holanda, rinde homenaje a Hieronymus Bosch, llamado El Bosco (Bois-le-Duc, hacia 1450-1516) con una gran retrospectiva que re\u00fane numerosas obras procedentes de los m\u00e1s prestigiosos museos del mundo, como el <em>Carro de heno<\/em> del Museo del Prado o <em>La nave de los locos<\/em> del Museo del Louvre, as\u00ed como doce pinturas restauradas que ser\u00e1n presentadas al p\u00fablico por primera vez. El gran n\u00famero de piezas reunidas para la exposici\u00f3n ofrece al visitante la oportunidad \u00fanica de estudiar en detalle la imaginer\u00eda creativa y revolucionaria de <a href=\"https:\/\/www.aparences.net\/es\/periodos\/el-renacimiento-nordico\/el-bosco\/\">Hieronymus Bosch<\/a>, un pintor conocido por sus figuras monstruosas y demon\u00edacas, y los \u00e1ngeles y santos que pueblan sus dibujos y paneles. Un equipo de expertos internacionales ha utilizado por primera vez las \u00faltimas t\u00e9cnicas para el estudio y la documentaci\u00f3n de la obra casi completa del maestro Bosch de forma intensiva y sistem\u00e1tica. Este trabajo ha necesitado de una estrecha colaboraci\u00f3n con todos los museos que custodian sus pinturas y dibujos, cooperaci\u00f3n sin la cual la exposici\u00f3n no hubiera sido posible.<\/p>\n\n\n<div class=\"wp-block-image\">\n<figure class=\"aligncenter\"><a href=\"https:\/\/www.aparences.net\/wp-content\/uploads\/2016\/01\/jerome-bosch-prado.jpg\"><img loading=\"lazy\" decoding=\"async\" width=\"662\" height=\"430\" src=\"https:\/\/www.aparences.net\/wp-content\/uploads\/2016\/01\/jerome-bosch-prado.jpg\" alt=\"El carro de heno, hacia 1515, El Bosco\" class=\"wp-image-17183\" title=\"El carro de heno, hacia 1515, El Bosco\" srcset=\"https:\/\/www.aparences.net\/wp-content\/uploads\/2016\/01\/jerome-bosch-prado.jpg 662w, https:\/\/www.aparences.net\/wp-content\/uploads\/2016\/01\/jerome-bosch-prado-300x195.jpg 300w\" sizes=\"auto, (max-width: 662px) 100vw, 662px\" \/><\/a><figcaption class=\"wp-element-caption\"><em><strong>El carro de heno<\/strong>, hacia 1515, <strong>El Bosco<\/strong> (Madrid, Museo del Prado)<\/em><\/figcaption><\/figure>\n<\/div>\n\n\n<p>En 2016 har\u00e1 exactamente 500 a\u00f1os de la muerte de El Bosco en Bois-le-Duc. La exposici\u00f3n es la culminaci\u00f3n del evento cultural <em>Jheronimus Bosch 500<\/em>, marcado con una multitud de eventos de todo tipo para conmemorar el 500 aniversario de la muerte del artista. La ciudad de Bois-le-Duc ha conservado gran parte de su estructura medieval, con sus innumerables callejones, almacenes y casas de comerciantes que bordean la Dieze. Incluso hoy en d\u00eda, Hieronymus Bosch podr\u00eda transitar por aquellas calles sin perderse.<\/p>\n","protected":false},"excerpt":{"rendered":"<p>El Museo Noordbrabants de Bois-le-Duc o S\u2019Hertogenbosch en Holanda, rinde homenaje a Hieronymus Bosch, llamado El Bosco (Bois-le-Duc, hacia 1450-1516) con una gran retrospectiva que [&#8230;]<\/p>\n","protected":false},"author":2,"featured_media":17182,"comment_status":"closed","ping_status":"closed","sticky":false,"template":"","format":"standard","meta":{"footnotes":""},"categories":[2368,2605],"tags":[],"class_list":["post-13603","post","type-post","status-publish","format-standard","has-post-thumbnail","hentry","category-actualidad","category-exposiciones"],"yoast_head":"<!-- This site is optimized with the Yoast SEO plugin v27.2 - https:\/\/yoast.com\/product\/yoast-seo-wordpress\/ -->\n<title>El Bosco : retrospectiva<\/title>\n<meta name=\"description\" content=\"El Museo Noordbrabants de Bois-le-Duc o S\u2019Hertogenbosch en Holanda, rinde homenaje a Hieronymus Bosch, llamado El Bosco (Bois-le-Duc, hacia 1450-1516) con\" \/>\n<meta name=\"robots\" content=\"index, follow, max-snippet:-1, max-image-preview:large, max-video-preview:-1\" \/>\n<link rel=\"canonical\" href=\"https:\/\/www.aparences.net\/es\/actualidad\/exposiciones\/el-bosco-retrospectiva\/\" \/>\n<meta property=\"og:locale\" content=\"es_ES\" \/>\n<meta property=\"og:type\" content=\"article\" \/>\n<meta property=\"og:title\" content=\"El Bosco : retrospectiva\" \/>\n<meta property=\"og:description\" content=\"El Museo Noordbrabants de Bois-le-Duc o S\u2019Hertogenbosch en Holanda, rinde homenaje a Hieronymus Bosch, llamado El Bosco (Bois-le-Duc, hacia 1450-1516) con\" \/>\n<meta property=\"og:url\" content=\"https:\/\/www.aparences.net\/es\/actualidad\/exposiciones\/el-bosco-retrospectiva\/\" \/>\n<meta property=\"og:site_name\" content=\"Aparences\" \/>\n<meta property=\"article:published_time\" content=\"2016-01-16T08:21:06+00:00\" \/>\n<meta property=\"article:modified_time\" content=\"2024-09-02T07:21:54+00:00\" \/>\n<meta property=\"og:image\" content=\"https:\/\/www.aparences.net\/wp-content\/uploads\/2016\/01\/el-bosco-carro-de-heno.jpg\" \/>\n\t<meta property=\"og:image:width\" content=\"880\" \/>\n\t<meta property=\"og:image:height\" content=\"290\" \/>\n\t<meta property=\"og:image:type\" content=\"image\/jpeg\" \/>\n<meta name=\"author\" content=\"admin\" \/>\n<meta name=\"twitter:card\" content=\"summary_large_image\" \/>\n<meta name=\"twitter:label1\" content=\"Escrito por\" \/>\n\t<meta name=\"twitter:data1\" content=\"admin\" \/>\n\t<meta name=\"twitter:label2\" content=\"Tiempo de lectura\" \/>\n\t<meta name=\"twitter:data2\" content=\"1 minuto\" \/>\n<script type=\"application\/ld+json\" class=\"yoast-schema-graph\">{\"@context\":\"https:\/\/schema.org\",\"@graph\":[{\"@type\":\"Article\",\"@id\":\"https:\/\/www.aparences.net\/es\/actualidad\/exposiciones\/el-bosco-retrospectiva\/#article\",\"isPartOf\":{\"@id\":\"https:\/\/www.aparences.net\/es\/actualidad\/exposiciones\/el-bosco-retrospectiva\/\"},\"author\":{\"name\":\"admin\",\"@id\":\"https:\/\/www.aparences.net\/es\/#\/schema\/person\/af349f6ffc31b16c68963e61268afca5\"},\"headline\":\"El Bosco : retrospectiva\",\"datePublished\":\"2016-01-16T08:21:06+00:00\",\"dateModified\":\"2024-09-02T07:21:54+00:00\",\"mainEntityOfPage\":{\"@id\":\"https:\/\/www.aparences.net\/es\/actualidad\/exposiciones\/el-bosco-retrospectiva\/\"},\"wordCount\":287,\"publisher\":{\"@id\":\"https:\/\/www.aparences.net\/es\/#organization\"},\"image\":{\"@id\":\"https:\/\/www.aparences.net\/es\/actualidad\/exposiciones\/el-bosco-retrospectiva\/#primaryimage\"},\"thumbnailUrl\":\"https:\/\/www.aparences.net\/wp-content\/uploads\/2016\/01\/el-bosco-carro-de-heno.jpg\",\"articleSection\":[\"Actualidad\",\"Exposiciones\"],\"inLanguage\":\"es\"},{\"@type\":[\"WebPage\",\"ItemPage\"],\"@id\":\"https:\/\/www.aparences.net\/es\/actualidad\/exposiciones\/el-bosco-retrospectiva\/\",\"url\":\"https:\/\/www.aparences.net\/es\/actualidad\/exposiciones\/el-bosco-retrospectiva\/\",\"name\":\"El Bosco : retrospectiva\",\"isPartOf\":{\"@id\":\"https:\/\/www.aparences.net\/es\/#website\"},\"primaryImageOfPage\":{\"@id\":\"https:\/\/www.aparences.net\/es\/actualidad\/exposiciones\/el-bosco-retrospectiva\/#primaryimage\"},\"image\":{\"@id\":\"https:\/\/www.aparences.net\/es\/actualidad\/exposiciones\/el-bosco-retrospectiva\/#primaryimage\"},\"thumbnailUrl\":\"https:\/\/www.aparences.net\/wp-content\/uploads\/2016\/01\/el-bosco-carro-de-heno.jpg\",\"datePublished\":\"2016-01-16T08:21:06+00:00\",\"dateModified\":\"2024-09-02T07:21:54+00:00\",\"description\":\"El Museo Noordbrabants de Bois-le-Duc o S\u2019Hertogenbosch en Holanda, rinde homenaje a Hieronymus Bosch, llamado El Bosco (Bois-le-Duc, hacia 1450-1516) con\",\"breadcrumb\":{\"@id\":\"https:\/\/www.aparences.net\/es\/actualidad\/exposiciones\/el-bosco-retrospectiva\/#breadcrumb\"},\"inLanguage\":\"es\",\"potentialAction\":[{\"@type\":\"ReadAction\",\"target\":[\"https:\/\/www.aparences.net\/es\/actualidad\/exposiciones\/el-bosco-retrospectiva\/\"]}]},{\"@type\":\"ImageObject\",\"inLanguage\":\"es\",\"@id\":\"https:\/\/www.aparences.net\/es\/actualidad\/exposiciones\/el-bosco-retrospectiva\/#primaryimage\",\"url\":\"https:\/\/www.aparences.net\/wp-content\/uploads\/2016\/01\/el-bosco-carro-de-heno.jpg\",\"contentUrl\":\"https:\/\/www.aparences.net\/wp-content\/uploads\/2016\/01\/el-bosco-carro-de-heno.jpg\",\"width\":880,\"height\":290},{\"@type\":\"BreadcrumbList\",\"@id\":\"https:\/\/www.aparences.net\/es\/actualidad\/exposiciones\/el-bosco-retrospectiva\/#breadcrumb\",\"itemListElement\":[{\"@type\":\"ListItem\",\"position\":1,\"name\":\"Portada\",\"item\":\"https:\/\/www.aparences.net\/es\/\"},{\"@type\":\"ListItem\",\"position\":2,\"name\":\"El Bosco : retrospectiva\"}]},{\"@type\":\"WebSite\",\"@id\":\"https:\/\/www.aparences.net\/es\/#website\",\"url\":\"https:\/\/www.aparences.net\/es\/\",\"name\":\"Aparences: Historia del Arte y Actualidad Cultural\",\"description\":\"\",\"publisher\":{\"@id\":\"https:\/\/www.aparences.net\/es\/#organization\"},\"potentialAction\":[{\"@type\":\"SearchAction\",\"target\":{\"@type\":\"EntryPoint\",\"urlTemplate\":\"https:\/\/www.aparences.net\/es\/?s={search_term_string}\"},\"query-input\":{\"@type\":\"PropertyValueSpecification\",\"valueRequired\":true,\"valueName\":\"search_term_string\"}}],\"inLanguage\":\"es\"},{\"@type\":\"Organization\",\"@id\":\"https:\/\/www.aparences.net\/es\/#organization\",\"name\":\"Aparences: Historia del Arte y Actualidad Cultural\",\"url\":\"https:\/\/www.aparences.net\/es\/\",\"logo\":{\"@type\":\"ImageObject\",\"inLanguage\":\"es\",\"@id\":\"https:\/\/www.aparences.net\/es\/#\/schema\/logo\/image\/\",\"url\":\"https:\/\/www.aparences.net\/wp-content\/uploads\/2023\/09\/logo-quadrat-color-e1695915315229.png\",\"contentUrl\":\"https:\/\/www.aparences.net\/wp-content\/uploads\/2023\/09\/logo-quadrat-color-e1695915315229.png\",\"width\":120,\"height\":120,\"caption\":\"Aparences: Historia del Arte y Actualidad Cultural\"},\"image\":{\"@id\":\"https:\/\/www.aparences.net\/es\/#\/schema\/logo\/image\/\"}},{\"@type\":\"Person\",\"@id\":\"https:\/\/www.aparences.net\/es\/#\/schema\/person\/af349f6ffc31b16c68963e61268afca5\",\"name\":\"admin\",\"url\":\"https:\/\/www.aparences.net\/es\/author\/admin\/\"}]}<\/script>\n<!-- \/ Yoast SEO plugin. -->","yoast_head_json":{"title":"El Bosco : retrospectiva","description":"El Museo Noordbrabants de Bois-le-Duc o S\u2019Hertogenbosch en Holanda, rinde homenaje a Hieronymus Bosch, llamado El Bosco (Bois-le-Duc, hacia 1450-1516) con","robots":{"index":"index","follow":"follow","max-snippet":"max-snippet:-1","max-image-preview":"max-image-preview:large","max-video-preview":"max-video-preview:-1"},"canonical":"https:\/\/www.aparences.net\/es\/actualidad\/exposiciones\/el-bosco-retrospectiva\/","og_locale":"es_ES","og_type":"article","og_title":"El Bosco : retrospectiva","og_description":"El Museo Noordbrabants de Bois-le-Duc o S\u2019Hertogenbosch en Holanda, rinde homenaje a Hieronymus Bosch, llamado El Bosco (Bois-le-Duc, hacia 1450-1516) con","og_url":"https:\/\/www.aparences.net\/es\/actualidad\/exposiciones\/el-bosco-retrospectiva\/","og_site_name":"Aparences","article_published_time":"2016-01-16T08:21:06+00:00","article_modified_time":"2024-09-02T07:21:54+00:00","og_image":[{"width":880,"height":290,"url":"https:\/\/www.aparences.net\/wp-content\/uploads\/2016\/01\/el-bosco-carro-de-heno.jpg","type":"image\/jpeg"}],"author":"admin","twitter_card":"summary_large_image","twitter_misc":{"Escrito por":"admin","Tiempo de lectura":"1 minuto"},"schema":{"@context":"https:\/\/schema.org","@graph":[{"@type":"Article","@id":"https:\/\/www.aparences.net\/es\/actualidad\/exposiciones\/el-bosco-retrospectiva\/#article","isPartOf":{"@id":"https:\/\/www.aparences.net\/es\/actualidad\/exposiciones\/el-bosco-retrospectiva\/"},"author":{"name":"admin","@id":"https:\/\/www.aparences.net\/es\/#\/schema\/person\/af349f6ffc31b16c68963e61268afca5"},"headline":"El Bosco : retrospectiva","datePublished":"2016-01-16T08:21:06+00:00","dateModified":"2024-09-02T07:21:54+00:00","mainEntityOfPage":{"@id":"https:\/\/www.aparences.net\/es\/actualidad\/exposiciones\/el-bosco-retrospectiva\/"},"wordCount":287,"publisher":{"@id":"https:\/\/www.aparences.net\/es\/#organization"},"image":{"@id":"https:\/\/www.aparences.net\/es\/actualidad\/exposiciones\/el-bosco-retrospectiva\/#primaryimage"},"thumbnailUrl":"https:\/\/www.aparences.net\/wp-content\/uploads\/2016\/01\/el-bosco-carro-de-heno.jpg","articleSection":["Actualidad","Exposiciones"],"inLanguage":"es"},{"@type":["WebPage","ItemPage"],"@id":"https:\/\/www.aparences.net\/es\/actualidad\/exposiciones\/el-bosco-retrospectiva\/","url":"https:\/\/www.aparences.net\/es\/actualidad\/exposiciones\/el-bosco-retrospectiva\/","name":"El Bosco : retrospectiva","isPartOf":{"@id":"https:\/\/www.aparences.net\/es\/#website"},"primaryImageOfPage":{"@id":"https:\/\/www.aparences.net\/es\/actualidad\/exposiciones\/el-bosco-retrospectiva\/#primaryimage"},"image":{"@id":"https:\/\/www.aparences.net\/es\/actualidad\/exposiciones\/el-bosco-retrospectiva\/#primaryimage"},"thumbnailUrl":"https:\/\/www.aparences.net\/wp-content\/uploads\/2016\/01\/el-bosco-carro-de-heno.jpg","datePublished":"2016-01-16T08:21:06+00:00","dateModified":"2024-09-02T07:21:54+00:00","description":"El Museo Noordbrabants de Bois-le-Duc o S\u2019Hertogenbosch en Holanda, rinde homenaje a Hieronymus Bosch, llamado El Bosco (Bois-le-Duc, hacia 1450-1516) con","breadcrumb":{"@id":"https:\/\/www.aparences.net\/es\/actualidad\/exposiciones\/el-bosco-retrospectiva\/#breadcrumb"},"inLanguage":"es","potentialAction":[{"@type":"ReadAction","target":["https:\/\/www.aparences.net\/es\/actualidad\/exposiciones\/el-bosco-retrospectiva\/"]}]},{"@type":"ImageObject","inLanguage":"es","@id":"https:\/\/www.aparences.net\/es\/actualidad\/exposiciones\/el-bosco-retrospectiva\/#primaryimage","url":"https:\/\/www.aparences.net\/wp-content\/uploads\/2016\/01\/el-bosco-carro-de-heno.jpg","contentUrl":"https:\/\/www.aparences.net\/wp-content\/uploads\/2016\/01\/el-bosco-carro-de-heno.jpg","width":880,"height":290},{"@type":"BreadcrumbList","@id":"https:\/\/www.aparences.net\/es\/actualidad\/exposiciones\/el-bosco-retrospectiva\/#breadcrumb","itemListElement":[{"@type":"ListItem","position":1,"name":"Portada","item":"https:\/\/www.aparences.net\/es\/"},{"@type":"ListItem","position":2,"name":"El Bosco : retrospectiva"}]},{"@type":"WebSite","@id":"https:\/\/www.aparences.net\/es\/#website","url":"https:\/\/www.aparences.net\/es\/","name":"Aparences: Historia del Arte y Actualidad Cultural","description":"","publisher":{"@id":"https:\/\/www.aparences.net\/es\/#organization"},"potentialAction":[{"@type":"SearchAction","target":{"@type":"EntryPoint","urlTemplate":"https:\/\/www.aparences.net\/es\/?s={search_term_string}"},"query-input":{"@type":"PropertyValueSpecification","valueRequired":true,"valueName":"search_term_string"}}],"inLanguage":"es"},{"@type":"Organization","@id":"https:\/\/www.aparences.net\/es\/#organization","name":"Aparences: Historia del Arte y Actualidad Cultural","url":"https:\/\/www.aparences.net\/es\/","logo":{"@type":"ImageObject","inLanguage":"es","@id":"https:\/\/www.aparences.net\/es\/#\/schema\/logo\/image\/","url":"https:\/\/www.aparences.net\/wp-content\/uploads\/2023\/09\/logo-quadrat-color-e1695915315229.png","contentUrl":"https:\/\/www.aparences.net\/wp-content\/uploads\/2023\/09\/logo-quadrat-color-e1695915315229.png","width":120,"height":120,"caption":"Aparences: Historia del Arte y Actualidad Cultural"},"image":{"@id":"https:\/\/www.aparences.net\/es\/#\/schema\/logo\/image\/"}},{"@type":"Person","@id":"https:\/\/www.aparences.net\/es\/#\/schema\/person\/af349f6ffc31b16c68963e61268afca5","name":"admin","url":"https:\/\/www.aparences.net\/es\/author\/admin\/"}]}},"_links":{"self":[{"href":"https:\/\/www.aparences.net\/es\/wp-json\/wp\/v2\/posts\/13603","targetHints":{"allow":["GET"]}}],"collection":[{"href":"https:\/\/www.aparences.net\/es\/wp-json\/wp\/v2\/posts"}],"about":[{"href":"https:\/\/www.aparences.net\/es\/wp-json\/wp\/v2\/types\/post"}],"author":[{"embeddable":true,"href":"https:\/\/www.aparences.net\/es\/wp-json\/wp\/v2\/users\/2"}],"replies":[{"embeddable":true,"href":"https:\/\/www.aparences.net\/es\/wp-json\/wp\/v2\/comments?post=13603"}],"version-history":[{"count":0,"href":"https:\/\/www.aparences.net\/es\/wp-json\/wp\/v2\/posts\/13603\/revisions"}],"wp:featuredmedia":[{"embeddable":true,"href":"https:\/\/www.aparences.net\/es\/wp-json\/wp\/v2\/media\/17182"}],"wp:attachment":[{"href":"https:\/\/www.aparences.net\/es\/wp-json\/wp\/v2\/media?parent=13603"}],"wp:term":[{"taxonomy":"category","embeddable":true,"href":"https:\/\/www.aparences.net\/es\/wp-json\/wp\/v2\/categories?post=13603"},{"taxonomy":"post_tag","embeddable":true,"href":"https:\/\/www.aparences.net\/es\/wp-json\/wp\/v2\/tags?post=13603"}],"curies":[{"name":"wp","href":"https:\/\/api.w.org\/{rel}","templated":true}]}}