{"id":13635,"date":"2016-03-28T12:20:10","date_gmt":"2016-03-28T10:20:10","guid":{"rendered":"https:\/\/www.aparences.net\/periodes\/art-contemporain\/cobra\/"},"modified":"2025-12-11T19:40:56","modified_gmt":"2025-12-11T18:40:56","slug":"cobra-2","status":"publish","type":"post","link":"https:\/\/www.aparences.net\/es\/arte-contemporaneo\/movimientos\/cobra-2\/","title":{"rendered":"Grupo Cobra"},"content":{"rendered":"<p><!--contents--><\/p>\n\n\n<h2 class=\"wp-block-heading\">El grupo Cobra<\/h2>\n\n\n\n<p>El <strong>grupo Cobra<\/strong> (m\u00e1s un grupo que un movimiento) fue fundado en noviembre de 1948 por un grupo de artistas del norte de Europa como reacci\u00f3n contra el <a href=\"https:\/\/www.aparences.net\/es\/tematicos\/el-realismo-socialista\/\">realismo socialista<\/a> y la hegemon\u00eda de la <a href=\"https:\/\/www.aparences.net\/es\/periodos\/arte-moderno\/la-escuela-de-paris\/\">escuela de Par\u00eds<\/a>. <strong>El nombre de Cobra<\/strong> fue imaginado por Christian Dotremont de las iniciales de <strong>COpenhague<\/strong>, <strong>BRuselas<\/strong> y <strong>Amsterdam<\/strong> (COBRA). <\/p>\n\n\n\n<p>El grupo estaba constituido por el dan\u00e9s Asger Jorn, los escritores belgas Dotremont y Noiret, los pintores holandeses <strong>Appel<\/strong>, <strong>Constant<\/strong> y <strong>Corneille<\/strong> a los que se unieron <strong>Alechinsky<\/strong>, <strong>Bury<\/strong>, <strong>Heerup<\/strong>, <strong>Bille<\/strong>. Los un\u00eda un enfoque com\u00fan donde fusionaran las tendencias del <a href=\"https:\/\/www.aparences.net\/es\/periodos\/arte-moderno\/expresionismo\/\">expresionismo<\/a>, el <a href=\"https:\/\/www.aparences.net\/es\/periodos\/arte-moderno\/el-surrealismo\/\">surrealismo<\/a> y la <a href=\"https:\/\/www.aparences.net\/es\/periodos\/arte-moderno\/arte-abstracto\/\">abstracci\u00f3n<\/a>, y ello implicaba un estudio sobre la materia, la factura, el color y las combinaciones materia \/ color. Todos expresaban la voluntad de una expresi\u00f3n directa e intuitiva.<\/p>\n\n\n<div class=\"wp-block-image\">\n<figure class=\"aligncenter size-full\"><img loading=\"lazy\" decoding=\"async\" width=\"476\" height=\"370\" src=\"https:\/\/www.aparences.net\/wp-content\/uploads\/2023\/11\/asger-jorn-photo-artiste.webp\" alt=\"Asger Jorn en su estudio\" class=\"wp-image-29724\" title=\"Asger Jorn en su estudio\"\/><figcaption class=\"wp-element-caption\"><em><strong>Asger Jorn<\/strong> en su estudio (Silkeborg, Dinamarca, Museo Jorn)<\/em><\/figcaption><\/figure>\n<\/div>\n\n<div class=\"wp-block-image\">\n<figure class=\"aligncenter size-full\"><img loading=\"lazy\" decoding=\"async\" width=\"538\" height=\"422\" src=\"https:\/\/www.aparences.net\/wp-content\/uploads\/2023\/11\/karel-appel-vache-et-fleurs.webp\" alt=\"Vaca y flores, 1954, Karel Appel\" class=\"wp-image-29726\" title=\"Vaca y flores, 1954, Karel Appel\"\/><figcaption class=\"wp-element-caption\"><em><strong>Vaca y flores<\/strong>, 1954, <strong>Karel Appel<\/strong> (Gelsenkirchen, St\u00e4dtisches Museum)<\/em><\/figcaption><\/figure>\n<\/div>\n\n\n<p><em>Los cuadros de <strong>Karel Appel<\/strong> contienen siempre un recuerdo figurativo, aunque est\u00e9 perdido dentro del color. Aqu\u00ed reconocemos la figura de una vaca y las flores que dan t\u00edtulo a esta obra.<\/em><\/p>\n\n\n\n<p>Algunos artistas del grupo cobra van a estar muy influenciados por la literatura, que incorporan como hace <strong>Corneille<\/strong> a su obra pict\u00f3rica. Muy unidos al arte popular n\u00f3rdico y m\u00e1s tarde al internacional, estos artistas utilizan a menudo bestiarios primitivos o m\u00edticos como temas favoritos, con una pintura colorida, incisiva, t\u00f3nica. En 1951 el grupo se disuelve. Constant y Jorn estar\u00e1n entre los fundadores de la Internacional Situacionista; otros, como Alechinsky, continuar\u00e1n su carrera pict\u00f3rica.<\/p>\n\n\n<div class=\"wp-block-image\">\n<figure class=\"aligncenter size-full\"><img loading=\"lazy\" decoding=\"async\" width=\"538\" height=\"404\" src=\"https:\/\/www.aparences.net\/wp-content\/uploads\/2023\/11\/corneille-oiseau-messager.webp\" alt=\"P\u00e1jaro mensajero, 2009, Guillaume Corneille\" class=\"wp-image-29730\" title=\"P\u00e1jaro mensajero, 2009, Guillaume Corneille\"\/><figcaption class=\"wp-element-caption\"><em><strong>P\u00e1jaro mensajero<\/strong>, 2009, <strong>Guillaume Corneille<\/strong> (Namur, Colecci\u00f3n privada)<\/em><\/figcaption><\/figure>\n<\/div>\n\n\n<!-- AdBoxRight2020 --><ins class=\"adsbygoogle\"     style=\"display:block; margin-top:30px;\"     data-ad-client=\"ca-pub-2468002815867636\"     data-ad-slot=\"3496014735\"     data-ad-format=\"auto\"     data-full-width-responsive=\"false\"><\/ins><script> (adsbygoogle = window.adsbygoogle || []).push({});<\/script><h2 class=\"wp-block-heading\">Asger Jorn y los bestiarios primitivos<\/h2>\n\n\n\n<p>El <strong>artista dan\u00e9s Asger Jorn <\/strong>(1914-1973) es considerado el pintor m\u00e1s influyente del grupo cobra. Despu\u00e9s de un per\u00edodo figurativo (retratos, paisajes), se traslad\u00f3 a Par\u00eds donde trabaj\u00f3 en el estudio de <a href=\"https:\/\/www.aparences.net\/es\/periodos\/arte-moderno\/es-cubismo\/#fernand-l%C3%A9ger\">L\u00e9ger<\/a> y <strong>Le Corbusier<\/strong> (1936-1937). Entra en contacto con la <a href=\"https:\/\/www.aparences.net\/es\/periodos\/arte-moderno\/arte-abstracto\/\">pintura de Kandinsky<\/a>, <a href=\"https:\/\/www.aparences.net\/es\/periodos\/arte-moderno\/der-blaue-reiter\/#paul-klee\">Klee<\/a>, <a href=\"https:\/\/www.aparences.net\/es\/periodos\/arte-moderno-anexos\/joan-miro-primera-etapa\/\">Mir\u00f3<\/a> y <a href=\"https:\/\/www.aparences.net\/es\/periodos\/el-simbolismo\/el-simbolismo-belga\/#james-ensor\">Ensor<\/a>, y regresa a Dinamarca donde participa en la revista <em>Helhesten<\/em> (1941-1944) con Bille, Jacobsen, Pedersen. En 1948, funda en Par\u00eds el grupo cobra con <strong>Corneille<\/strong>, <strong>Constant<\/strong>, <strong>Appel<\/strong>, <strong>Dotremont<\/strong> y <strong>Noiret<\/strong>. Otorga una gran importancia a la acci\u00f3n de pintar &#8211; \u00ab&nbsp;el alimento favorito de la pintura es la pintura&nbsp;\u00bb -, al procedimiento y al impasto \u00ab&nbsp;al automatismo f\u00edsico del gesto&nbsp;\u00bb. Sus telas evocan siempre la figura humana (<em>Mujer del 5 de octubre<\/em>) o bestiarios imaginarios. Con Dotremont realiza \u00ab&nbsp;pinturas-palabra&nbsp;\u00bb (1948-1953). En 1954 crea con <strong>Enrico Baj<\/strong> en Mil\u00e1n el \u00ab&nbsp;Movimiento Internacional para una Bauhaus Imaginista&nbsp;\u00bb. De 1957 a 1961 forma parte de la <a href=\"https:\/\/es.wikipedia.org\/wiki\/Internacional_Situacionista\">Internacional Situacionista<\/a> con Constant. Adem\u00e1s de su actividad pict\u00f3rica, produce grabados, pinturas murales, cer\u00e1micas y tapices.<\/p>\n\n\n<div class=\"wp-block-image\">\n<figure class=\"aligncenter size-full\"><img loading=\"lazy\" decoding=\"async\" width=\"344\" height=\"460\" src=\"https:\/\/www.aparences.net\/wp-content\/uploads\/2023\/11\/asger-jorn-pastorale-honteuse.webp\" alt=\"Pastorale honteuse, 1952, Asger Jorn\" class=\"wp-image-29732\" title=\"Pastorale honteuse, 1952, Asger Jorn\"\/><figcaption class=\"wp-element-caption\"><em><strong>Pastorale honteuse<\/strong>, 1952, <strong>Asger Jorn<\/strong> <\/em><br><em>(Copenhage, Staten Museum for Kunst)<\/em><\/figcaption><\/figure>\n<\/div>\n\n<div class=\"wp-block-image\">\n<figure class=\"aligncenter size-full\"><img loading=\"lazy\" decoding=\"async\" width=\"524\" height=\"430\" src=\"https:\/\/www.aparences.net\/wp-content\/uploads\/2023\/11\/asger-jorn-le-canard-inquietant.webp\" alt=\"El pato inquietante, 1959, Asger Jorn\" class=\"wp-image-29734\" title=\"El pato inquietante, 1959, Asger Jorn\"\/><figcaption class=\"wp-element-caption\"><em><strong>El pato inquietante<\/strong>, 1959, <strong>Asger Jorn<\/strong> (Silkeborg, Mus\u00e9e Jorn)<\/em><\/figcaption><\/figure>\n<\/div>\n\n\n<p>\u00abEl verdadero realismo, el realismo materialista, consiste en la b\u00fasqueda de la expresi\u00f3n de las formas con fidelidad a su contenido. Pero no hay contenido independiente del inter\u00e9s humano\u00bb. Asger Jorn<\/p>\n\n\n<div class=\"wp-block-image\">\n<figure class=\"aligncenter size-full\"><img loading=\"lazy\" decoding=\"async\" width=\"349\" height=\"460\" src=\"https:\/\/www.aparences.net\/wp-content\/uploads\/2023\/11\/asger-jorn-didaska.webp\" alt=\"Didaska, 1945, Asger Jorn\" class=\"wp-image-29736\" title=\"Didaska, 1945, Asger Jorn\"\/><figcaption class=\"wp-element-caption\"><em><strong>Didaska<\/strong>, 1945, <strong>Asger Jorn<\/strong> (Colecci\u00f3n privada)<\/em><\/figcaption><\/figure>\n<\/div>\n\n\n<h2 class=\"wp-block-heading\">Anton Constant<\/h2>\n\n\n\n<p><strong>Anton Constant<\/strong> (Amsterdam 1920-2005) estudi\u00f3 en la Real Academia de Amsterdam de 1940 a 1942. Al inicio de su carrera, muy marcado por la influencia de <a href=\"https:\/\/www.aparences.net\/es\/periodos\/arte-moderno\/arte-abstracto\/#piet-mondrian\">Mondrian<\/a>, se liber\u00f3 de ella <strong>en Par\u00eds en 1946 al conocer a Mir\u00f3 y Asger Jorn<\/strong>. Crea el grupo <em>Reflex<\/em> y se une al grupo cobra con Jorn, Appel y Corneille. Bajo la influencia de la poes\u00eda surrealista, adorna su pintura con prosa (<em>Velas por doquier, ojos de oro<\/em>, 1949). La representaci\u00f3n de animales ocupa un lugar importante en sus composiciones (<em>El animal brujo<\/em>, 1949, <em>Mujer y animal<\/em>, 1951). Emprende un ciclo de pinturas sobre el tema de la guerra (<em>Guerra<\/em>, 1951 <em>Ocho veces la guerra<\/em>, 1951). Constant vuelve a la abstracci\u00f3n geom\u00e9trica, y luego se dedica a la investigaci\u00f3n sobre la arquitectura social y la creaci\u00f3n de un nuevo urbanismo. Se une a la Internacional Situacionista y firma la Declaraci\u00f3n de Amsterdam. En 1970 vuelve a la pintura (<em>La Rencontre d\u2019Abu et Justine<\/em>, 1975), en la que el vocabulario pl\u00e1stico y la inspiraci\u00f3n est\u00e1n conectados al <strong>movimiento Cobra<\/strong>.<\/p>\n\n\n<div class=\"wp-block-image\">\n<figure class=\"aligncenter size-full\"><img loading=\"lazy\" decoding=\"async\" width=\"348\" height=\"460\" src=\"https:\/\/www.aparences.net\/wp-content\/uploads\/2023\/11\/constant-after-us-liberty-1-1.webp\" alt=\"After Us, Liberty, 1949, Constant\" class=\"wp-image-29728\" title=\"After Us, Liberty, 1949, Constant\"\/><figcaption class=\"wp-element-caption\"><em><strong>After Us, Liberty<\/strong>, 1949, <strong>Anton<\/strong> <strong>Constant<\/strong> <\/em><br><em>(Constant Nieuwenhuys), (Londres, Tate Modern)<\/em><\/figcaption><\/figure>\n<\/div>\n\n<div class=\"wp-block-image\">\n<figure class=\"aligncenter size-full\"><img loading=\"lazy\" decoding=\"async\" width=\"484\" height=\"460\" src=\"https:\/\/www.aparences.net\/wp-content\/uploads\/2023\/11\/anton-constant-deux-animaux.webp\" alt=\"Dos animales, 1946, Anton Constant\" class=\"wp-image-29738\" title=\"Dos animales, 1946, Anton Constant\"\/><figcaption class=\"wp-element-caption\"><em><strong>Dos animales<\/strong>, 1946, <strong>Anton Constant<\/strong> (Colecci\u00f3n privada)<\/em><\/figcaption><\/figure>\n<\/div>\n\n<div class=\"wp-block-image\">\n<figure class=\"aligncenter size-full\"><img loading=\"lazy\" decoding=\"async\" width=\"319\" height=\"460\" src=\"https:\/\/www.aparences.net\/wp-content\/uploads\/2023\/11\/anton-constant-femme-avec-chien.webp\" alt=\"Mujer con perro, 1949, Anton Constant\" class=\"wp-image-29740\" title=\"Mujer con perro, 1949, Anton Constant\"\/><figcaption class=\"wp-element-caption\"><em><strong>Mujer con perro<\/strong>, 1949, <strong>Anton Constant<\/strong> <\/em><br><em>(Colecci\u00f3n privada)<\/em><\/figcaption><\/figure>\n<\/div>\n\n\n<!-- AdBoxLeft2023 --><ins class=\"adsbygoogle\" style=\"display:block\" data-ad-client=\"ca-pub-2468002815867636\" data-ad-slot=\"1318022963\" data-ad-format=\"auto\" data-full-width-responsive=\"true\"><\/ins><script> (adsbygoogle = window.adsbygoogle || []).push({});<\/script><h2 class=\"wp-block-heading\">Karel Appel<\/h2>\n\n\n\n<p><strong>Pintor y escultor holand\u00e9s, Karel Appel<\/strong> (Amsterdam 1921 &#8211; Zurich 2006) estudia en la Royal Academy de Amsterdam, donde entabla amistad con el pintor Corneille. Funda el grupo internacional Cobra en 1948, con Constant, Corneille, Jorn y Dotremont. Su pintura se caracteriza por una potente carga expresionista, en la que, mientras se define en t\u00e9rminos informales, se refiere a los grandes <a href=\"https:\/\/www.aparences.net\/es\/periodos\/arte-moderno\/expresionismo\/\">maestros del expresionismo<\/a> n\u00f3rdico : de <strong>Emil Nolde<\/strong> a <strong>Max Pechstein<\/strong>, de <a href=\"https:\/\/www.aparences.net\/es\/periodos\/el-simbolismo\/edvard-munch\/\">Edward Munch<\/a> a J<strong>ames Ensor<\/strong>. El arte de Appel se caracteriza por la extrema violencia del gesto, que a veces lo conduce a un desprecio total de la forma y se construye mediante la acumulaci\u00f3n de densas estratificaciones de materia coloreada, en la que a menudo aparecen fragmentos de la imagen humana cuya expresi\u00f3n var\u00eda entre tensi\u00f3n dram\u00e1tica y humor. Junto con la pintura realiz\u00f3 relieves murales policromos y esculturas en madera, aluminio y madera pintada.<\/p>\n\n\n<div class=\"wp-block-image\">\n<figure class=\"aligncenter size-full\"><img loading=\"lazy\" decoding=\"async\" width=\"308\" height=\"460\" src=\"https:\/\/www.aparences.net\/wp-content\/uploads\/2023\/11\/karel-appel-enfants-interrogateurs.webp\" alt=\"Preguntando a los ni\u00f1os, 1948, Karel Appel\" class=\"wp-image-29742\" title=\"Preguntando a los ni\u00f1os, 1948, Karel Appel\"\/><figcaption class=\"wp-element-caption\"><em><strong>Preguntando a los ni\u00f1os<\/strong>, 1948,&nbsp; <strong>Karel Appel<\/strong> (Par\u00eds, Centro Pompidou)<\/em><\/figcaption><\/figure>\n<\/div>\n\n<div class=\"wp-block-image\">\n<figure class=\"aligncenter size-full\"><img loading=\"lazy\" decoding=\"async\" width=\"620\" height=\"409\" src=\"https:\/\/www.aparences.net\/wp-content\/uploads\/2023\/11\/karel-appel-deux-grandes-tetes.webp\" alt=\"Two Large Heads, 1960, Karel Appel\" class=\"wp-image-29744\" title=\"Two Large Heads, 1960, Karel Appel\"\/><figcaption class=\"wp-element-caption\"><em><strong>Two Large Heads<\/strong>, 1960, <strong>Karel Appel<\/strong> (New York, Museo Guggenheim)<\/em><\/figcaption><\/figure>\n<\/div>\n\n<div class=\"wp-block-image\">\n<figure class=\"aligncenter size-full\"><img loading=\"lazy\" decoding=\"async\" width=\"360\" height=\"460\" src=\"https:\/\/www.aparences.net\/wp-content\/uploads\/2023\/11\/karel-appel-personage.webp\" alt=\"Personaje, 1970, Karel Appel\" class=\"wp-image-29746\" title=\"Personaje, 1970, Karel Appel\"\/><figcaption class=\"wp-element-caption\"><em><strong>Personaje<\/strong>, 1970,<strong> Karel Appel<\/strong> (Colecci\u00f3n privada)<\/em><\/figcaption><\/figure>\n<\/div>\n\n\n<h2 class=\"wp-block-heading\">Guillaume Corneille<\/h2>\n\n\n\n<p><strong>Guillaume Cornelis van Beverloo, llamado Corneille<\/strong> (Lieja 1922 &#8211; Auvers-sur-Oise, 2010). Estudia en la Academia de Amsterdam de 1940 a 1943. Viaja durante varios meses por Hungr\u00eda. En noviembre de 1948, se convierte en el co-fundador del movimiento Cobra, creado en reacci\u00f3n contra la abstracci\u00f3n geom\u00e9trica y el realismo social. Corneille pinta entonces con una cierta agresividad animales o el ser humano atormentado por monstruos o la adversidad del mundo. De 1948 a 1960, viaja por el norte de \u00c1frica y las Am\u00e9ricas. Su pintura adquiere entonces un mayor lirismo, con colores m\u00e1s c\u00e1lidos y matizados. En los a\u00f1os 60, vuelve a una pintura m\u00e1s figurativa, a un dibujo m\u00e1s definido, y a colores m\u00e1s vivos que evocan su participaci\u00f3n en el <strong>grupo Cobra<\/strong>.<\/p>\n\n\n<div class=\"wp-block-image\">\n<figure class=\"aligncenter size-full\"><img loading=\"lazy\" decoding=\"async\" width=\"476\" height=\"426\" src=\"https:\/\/www.aparences.net\/wp-content\/uploads\/2023\/11\/corneille-fete-nocturne.webp\" alt=\"Fiesta nocturna, 1950, Corneille\" class=\"wp-image-29749\" title=\"Fiesta nocturna, 1950, Corneille\"\/><figcaption class=\"wp-element-caption\"><em><strong>Fiesta nocturna<\/strong>, 1950, <strong>Corneille<\/strong> (Colecci\u00f3n privada)<\/em><\/figcaption><\/figure>\n<\/div>\n\n<div class=\"wp-block-image\">\n<figure class=\"aligncenter size-full\"><img loading=\"lazy\" decoding=\"async\" width=\"620\" height=\"388\" src=\"https:\/\/www.aparences.net\/wp-content\/uploads\/2023\/11\/corneille-eveil-des-oiseaux.webp\" alt=\"El despertar de los p\u00e1jaros, 1964, Corneille\" class=\"wp-image-29751\" title=\"El despertar de los p\u00e1jaros, 1964, Corneille\"\/><figcaption class=\"wp-element-caption\"><em><strong>El despertar de los p\u00e1jaros<\/strong>, 1964, <strong>Corneille<\/strong> (Colecci\u00f3n privada)<\/em><\/figcaption><\/figure>\n<\/div>\n\n\n<p>\u00ab&nbsp;En mi larga vida como pintor, lo he vivido todo con pasi\u00f3n absoluta, y lo volver\u00eda hacer si naciera de nuevo. He hecho de mi vida un hermoso d\u00eda lleno de colores&nbsp;\u00bb. Guillaume Corneille<\/p>\n\n\n<div class=\"wp-block-image\">\n<figure class=\"aligncenter size-full\"><img loading=\"lazy\" decoding=\"async\" width=\"434\" height=\"430\" src=\"https:\/\/www.aparences.net\/wp-content\/uploads\/2023\/11\/corneille-perroquet-irrationnel.webp\" alt=\"El loro irracional, 1974, Corneille\" class=\"wp-image-29753\" title=\"El loro irracional, 1974, Corneille\" srcset=\"https:\/\/www.aparences.net\/wp-content\/uploads\/2023\/11\/corneille-perroquet-irrationnel.webp 434w, https:\/\/www.aparences.net\/wp-content\/uploads\/2023\/11\/corneille-perroquet-irrationnel-100x100.webp 100w, https:\/\/www.aparences.net\/wp-content\/uploads\/2023\/11\/corneille-perroquet-irrationnel-150x150.webp 150w\" sizes=\"auto, (max-width: 434px) 100vw, 434px\" \/><figcaption class=\"wp-element-caption\"><em><strong>El loro irracional<\/strong>, 1974, <strong>Corneille<\/strong> (Colecci\u00f3n privada)<\/em><\/figcaption><\/figure>\n<\/div>\n\n\n<!-- AfterArticle2023 --><ins class=\"adsbygoogle\"     style=\"display:block;margin-bottom:5px;\"     data-ad-client=\"ca-pub-2468002815867636\"     data-ad-slot=\"3955176166\"     data-ad-format=\"auto\"     data-full-width-responsive=\"true\"><\/ins><script> (adsbygoogle = window.adsbygoogle || []).push({});<\/script><h2 class=\"wp-block-heading\">Pierre Alechinsky<\/h2>\n\n\n\n<p><strong>Pierre Alechinsky <\/strong>(Bruselas 1927), despu\u00e9s de haber estudiado en la Escuela de Artes Decorativas de Bruselas (1948), se asocia al grupo Joven Pintura Belga. En 1949 se une al grupo Cobra, aportando una pintura que se define como \u00abcardiograma inteligente\u00bb fiel al gesto de la mano que escribe-pinta. En los a\u00f1os cincuenta se instala en Par\u00eds, donde enriquece su conocimiento del grabado en el <em>Atelier 17<\/em>, un taller dedicado a esta t\u00e9cnica fundado por Hayter en 1927. Despu\u00e9s entra en contacto con el grupo <em>Bokuby<\/em> de Kyoto en el que se inspira a nivel caligr\u00e1fico. En 1965, gracias a Walasse Ting, descubre la fluidez de la pintura acr\u00edlica. Con su cuadro <em>Central Park<\/em>, inaugura las \u00abnotas marginales\u00bb&nbsp; a modo de vi\u00f1etas que enmarcan el motivo central. Junto con Dotremont realiza logogramas- dibujos (1972) y luego de 1976 a 1977, con Karel Appel, las <em>Encres \u00e0 deux pinceaux<\/em> (tintas con dos pinceles).<\/p>\n\n\n<div class=\"wp-block-image\">\n<figure class=\"aligncenter size-full\"><img loading=\"lazy\" decoding=\"async\" width=\"510\" height=\"430\" src=\"https:\/\/www.aparences.net\/wp-content\/uploads\/2023\/11\/alechinsky-central-park.webp\" alt=\"Central Park, 1965, Pierre Alechinsky\" class=\"wp-image-29757\" title=\"Central Park, 1965, Pierre Alechinsky\"\/><figcaption class=\"wp-element-caption\"><em><strong>Central Park<\/strong>, 1965, <strong>Pierre Alechinsky<\/strong> (Colecci\u00f3n privada)<\/em><\/figcaption><\/figure>\n<\/div>\n\n<div class=\"wp-block-image\">\n<figure class=\"aligncenter size-full\"><img loading=\"lazy\" decoding=\"async\" width=\"435\" height=\"426\" src=\"https:\/\/www.aparences.net\/wp-content\/uploads\/2023\/11\/alechinsky-le-bruit-de-la-chute.webp\" alt=\"El ruido de la ca\u00edda, 1974-1975, Pierre Alechinsky\" class=\"wp-image-29755\" title=\"El ruido de la ca\u00edda, 1974-1975, Pierre Alechinsky\"\/><figcaption class=\"wp-element-caption\"><em><strong>El ruido de la ca\u00edda<\/strong>, 1974-1975, <strong>Pierre Alechinsky<\/strong> (Colecci\u00f3n privada)<\/em><\/figcaption><\/figure>\n<\/div>\n\n\n<p class=\"has-text-align-center\">&nbsp;<\/p>\n","protected":false},"excerpt":{"rendered":"<p>El movimiento cobra fue fundado en noviembre de 1948 por un grupo de artistas del norte de Europa como reacci\u00f3n contra el realismo socialista y la hegemon\u00eda de la escuela de Par\u00eds.<\/p>\n","protected":false},"author":2,"featured_media":29722,"comment_status":"closed","ping_status":"closed","sticky":false,"template":"","format":"standard","meta":{"footnotes":""},"categories":[5470],"tags":[3664,4683,4533,4680,2502,4679,4678,4681,4685,4684],"class_list":["post-13635","post","type-post","status-publish","format-standard","has-post-thumbnail","hentry","category-movimientos","tag-amsterdam-2","tag-anton-constant-2","tag-arte-contemporaneo","tag-asger-jorn-2","tag-bruselas","tag-copenhage","tag-grupo-cobra","tag-guillaume-corneille-2","tag-karel-appel-es","tag-pierre-alechinsky-2"],"yoast_head":"<!-- This site is optimized with the Yoast SEO plugin v27.2 - https:\/\/yoast.com\/product\/yoast-seo-wordpress\/ -->\n<title>Grupo Cobra<\/title>\n<meta name=\"description\" content=\"El movimiento cobra fue fundado en noviembre de 1948 por un grupo de artistas del norte de Europa como reacci\u00f3n contra el realismo socialista y la hegemon\u00eda de la escuela de Par\u00eds.\" \/>\n<meta name=\"robots\" content=\"index, follow, max-snippet:-1, max-image-preview:large, max-video-preview:-1\" \/>\n<link rel=\"canonical\" href=\"https:\/\/www.aparences.net\/es\/arte-contemporaneo\/movimientos\/cobra\/\" \/>\n<meta property=\"og:locale\" content=\"es_ES\" \/>\n<meta property=\"og:type\" content=\"article\" \/>\n<meta property=\"og:title\" content=\"Grupo Cobra\" \/>\n<meta property=\"og:description\" content=\"El movimiento cobra fue fundado en noviembre de 1948 por un grupo de artistas del norte de Europa como reacci\u00f3n contra el realismo socialista y la hegemon\u00eda de la escuela de Par\u00eds.\" \/>\n<meta property=\"og:url\" content=\"https:\/\/www.aparences.net\/es\/arte-contemporaneo\/movimientos\/cobra\/\" \/>\n<meta property=\"og:site_name\" content=\"Aparences\" \/>\n<meta property=\"article:published_time\" content=\"2016-03-28T10:20:10+00:00\" \/>\n<meta property=\"article:modified_time\" content=\"2025-12-11T18:40:56+00:00\" \/>\n<meta property=\"og:image\" content=\"https:\/\/www.aparences.net\/wp-content\/uploads\/2016\/03\/cobra.webp\" \/>\n\t<meta property=\"og:image:width\" content=\"1080\" \/>\n\t<meta property=\"og:image:height\" content=\"540\" \/>\n\t<meta property=\"og:image:type\" content=\"image\/webp\" \/>\n<meta name=\"author\" content=\"admin\" \/>\n<meta name=\"twitter:card\" content=\"summary_large_image\" \/>\n<meta name=\"twitter:label1\" content=\"Escrito por\" \/>\n\t<meta name=\"twitter:data1\" content=\"admin\" \/>\n\t<meta name=\"twitter:label2\" content=\"Tiempo de lectura\" \/>\n\t<meta name=\"twitter:data2\" content=\"10 minutos\" \/>\n<script type=\"application\/ld+json\" class=\"yoast-schema-graph\">{\"@context\":\"https:\/\/schema.org\",\"@graph\":[{\"@type\":\"Article\",\"@id\":\"https:\/\/www.aparences.net\/es\/arte-contemporaneo\/movimientos\/cobra\/#article\",\"isPartOf\":{\"@id\":\"https:\/\/www.aparences.net\/es\/arte-contemporaneo\/movimientos\/cobra\/\"},\"author\":{\"name\":\"admin\",\"@id\":\"https:\/\/www.aparences.net\/es\/#\/schema\/person\/af349f6ffc31b16c68963e61268afca5\"},\"headline\":\"Grupo Cobra\",\"datePublished\":\"2016-03-28T10:20:10+00:00\",\"dateModified\":\"2025-12-11T18:40:56+00:00\",\"mainEntityOfPage\":{\"@id\":\"https:\/\/www.aparences.net\/es\/arte-contemporaneo\/movimientos\/cobra\/\"},\"wordCount\":1283,\"publisher\":{\"@id\":\"https:\/\/www.aparences.net\/es\/#organization\"},\"image\":{\"@id\":\"https:\/\/www.aparences.net\/es\/arte-contemporaneo\/movimientos\/cobra\/#primaryimage\"},\"thumbnailUrl\":\"https:\/\/www.aparences.net\/wp-content\/uploads\/2016\/03\/cobra.webp\",\"keywords\":[\"Amsterdam\",\"Anton Constant\",\"arte contempor\u00e1neo\",\"Asger Jorn\",\"Bruselas\",\"Copenhage\",\"Grupo Cobra\",\"Guillaume Corneille\",\"Karel Appel\",\"Pierre Alechinsky\"],\"articleSection\":[\"Movimientos\"],\"inLanguage\":\"es\"},{\"@type\":[\"WebPage\",\"ItemPage\"],\"@id\":\"https:\/\/www.aparences.net\/es\/arte-contemporaneo\/movimientos\/cobra\/\",\"url\":\"https:\/\/www.aparences.net\/es\/arte-contemporaneo\/movimientos\/cobra\/\",\"name\":\"Grupo Cobra\",\"isPartOf\":{\"@id\":\"https:\/\/www.aparences.net\/es\/#website\"},\"primaryImageOfPage\":{\"@id\":\"https:\/\/www.aparences.net\/es\/arte-contemporaneo\/movimientos\/cobra\/#primaryimage\"},\"image\":{\"@id\":\"https:\/\/www.aparences.net\/es\/arte-contemporaneo\/movimientos\/cobra\/#primaryimage\"},\"thumbnailUrl\":\"https:\/\/www.aparences.net\/wp-content\/uploads\/2016\/03\/cobra.webp\",\"datePublished\":\"2016-03-28T10:20:10+00:00\",\"dateModified\":\"2025-12-11T18:40:56+00:00\",\"description\":\"El movimiento cobra fue fundado en noviembre de 1948 por un grupo de artistas del norte de Europa como reacci\u00f3n contra el realismo socialista y la hegemon\u00eda de la escuela de Par\u00eds.\",\"breadcrumb\":{\"@id\":\"https:\/\/www.aparences.net\/es\/arte-contemporaneo\/movimientos\/cobra\/#breadcrumb\"},\"inLanguage\":\"es\",\"potentialAction\":[{\"@type\":\"ReadAction\",\"target\":[\"https:\/\/www.aparences.net\/es\/arte-contemporaneo\/movimientos\/cobra\/\"]}]},{\"@type\":\"ImageObject\",\"inLanguage\":\"es\",\"@id\":\"https:\/\/www.aparences.net\/es\/arte-contemporaneo\/movimientos\/cobra\/#primaryimage\",\"url\":\"https:\/\/www.aparences.net\/wp-content\/uploads\/2016\/03\/cobra.webp\",\"contentUrl\":\"https:\/\/www.aparences.net\/wp-content\/uploads\/2016\/03\/cobra.webp\",\"width\":1080,\"height\":540},{\"@type\":\"BreadcrumbList\",\"@id\":\"https:\/\/www.aparences.net\/es\/arte-contemporaneo\/movimientos\/cobra\/#breadcrumb\",\"itemListElement\":[{\"@type\":\"ListItem\",\"position\":1,\"name\":\"Portada\",\"item\":\"https:\/\/www.aparences.net\/es\/\"},{\"@type\":\"ListItem\",\"position\":2,\"name\":\"Grupo Cobra\"}]},{\"@type\":\"WebSite\",\"@id\":\"https:\/\/www.aparences.net\/es\/#website\",\"url\":\"https:\/\/www.aparences.net\/es\/\",\"name\":\"Aparences: Historia del Arte y Actualidad Cultural\",\"description\":\"\",\"publisher\":{\"@id\":\"https:\/\/www.aparences.net\/es\/#organization\"},\"potentialAction\":[{\"@type\":\"SearchAction\",\"target\":{\"@type\":\"EntryPoint\",\"urlTemplate\":\"https:\/\/www.aparences.net\/es\/?s={search_term_string}\"},\"query-input\":{\"@type\":\"PropertyValueSpecification\",\"valueRequired\":true,\"valueName\":\"search_term_string\"}}],\"inLanguage\":\"es\"},{\"@type\":\"Organization\",\"@id\":\"https:\/\/www.aparences.net\/es\/#organization\",\"name\":\"Aparences: Historia del Arte y Actualidad Cultural\",\"url\":\"https:\/\/www.aparences.net\/es\/\",\"logo\":{\"@type\":\"ImageObject\",\"inLanguage\":\"es\",\"@id\":\"https:\/\/www.aparences.net\/es\/#\/schema\/logo\/image\/\",\"url\":\"https:\/\/www.aparences.net\/wp-content\/uploads\/2023\/09\/logo-quadrat-color-e1695915315229.png\",\"contentUrl\":\"https:\/\/www.aparences.net\/wp-content\/uploads\/2023\/09\/logo-quadrat-color-e1695915315229.png\",\"width\":120,\"height\":120,\"caption\":\"Aparences: Historia del Arte y Actualidad Cultural\"},\"image\":{\"@id\":\"https:\/\/www.aparences.net\/es\/#\/schema\/logo\/image\/\"}},{\"@type\":\"Person\",\"@id\":\"https:\/\/www.aparences.net\/es\/#\/schema\/person\/af349f6ffc31b16c68963e61268afca5\",\"name\":\"admin\",\"url\":\"https:\/\/www.aparences.net\/es\/author\/admin\/\"}]}<\/script>\n<!-- \/ Yoast SEO plugin. -->","yoast_head_json":{"title":"Grupo Cobra","description":"El movimiento cobra fue fundado en noviembre de 1948 por un grupo de artistas del norte de Europa como reacci\u00f3n contra el realismo socialista y la hegemon\u00eda de la escuela de Par\u00eds.","robots":{"index":"index","follow":"follow","max-snippet":"max-snippet:-1","max-image-preview":"max-image-preview:large","max-video-preview":"max-video-preview:-1"},"canonical":"https:\/\/www.aparences.net\/es\/arte-contemporaneo\/movimientos\/cobra\/","og_locale":"es_ES","og_type":"article","og_title":"Grupo Cobra","og_description":"El movimiento cobra fue fundado en noviembre de 1948 por un grupo de artistas del norte de Europa como reacci\u00f3n contra el realismo socialista y la hegemon\u00eda de la escuela de Par\u00eds.","og_url":"https:\/\/www.aparences.net\/es\/arte-contemporaneo\/movimientos\/cobra\/","og_site_name":"Aparences","article_published_time":"2016-03-28T10:20:10+00:00","article_modified_time":"2025-12-11T18:40:56+00:00","og_image":[{"width":1080,"height":540,"url":"https:\/\/www.aparences.net\/wp-content\/uploads\/2016\/03\/cobra.webp","type":"image\/webp"}],"author":"admin","twitter_card":"summary_large_image","twitter_misc":{"Escrito por":"admin","Tiempo de lectura":"10 minutos"},"schema":{"@context":"https:\/\/schema.org","@graph":[{"@type":"Article","@id":"https:\/\/www.aparences.net\/es\/arte-contemporaneo\/movimientos\/cobra\/#article","isPartOf":{"@id":"https:\/\/www.aparences.net\/es\/arte-contemporaneo\/movimientos\/cobra\/"},"author":{"name":"admin","@id":"https:\/\/www.aparences.net\/es\/#\/schema\/person\/af349f6ffc31b16c68963e61268afca5"},"headline":"Grupo Cobra","datePublished":"2016-03-28T10:20:10+00:00","dateModified":"2025-12-11T18:40:56+00:00","mainEntityOfPage":{"@id":"https:\/\/www.aparences.net\/es\/arte-contemporaneo\/movimientos\/cobra\/"},"wordCount":1283,"publisher":{"@id":"https:\/\/www.aparences.net\/es\/#organization"},"image":{"@id":"https:\/\/www.aparences.net\/es\/arte-contemporaneo\/movimientos\/cobra\/#primaryimage"},"thumbnailUrl":"https:\/\/www.aparences.net\/wp-content\/uploads\/2016\/03\/cobra.webp","keywords":["Amsterdam","Anton Constant","arte contempor\u00e1neo","Asger Jorn","Bruselas","Copenhage","Grupo Cobra","Guillaume Corneille","Karel Appel","Pierre Alechinsky"],"articleSection":["Movimientos"],"inLanguage":"es"},{"@type":["WebPage","ItemPage"],"@id":"https:\/\/www.aparences.net\/es\/arte-contemporaneo\/movimientos\/cobra\/","url":"https:\/\/www.aparences.net\/es\/arte-contemporaneo\/movimientos\/cobra\/","name":"Grupo Cobra","isPartOf":{"@id":"https:\/\/www.aparences.net\/es\/#website"},"primaryImageOfPage":{"@id":"https:\/\/www.aparences.net\/es\/arte-contemporaneo\/movimientos\/cobra\/#primaryimage"},"image":{"@id":"https:\/\/www.aparences.net\/es\/arte-contemporaneo\/movimientos\/cobra\/#primaryimage"},"thumbnailUrl":"https:\/\/www.aparences.net\/wp-content\/uploads\/2016\/03\/cobra.webp","datePublished":"2016-03-28T10:20:10+00:00","dateModified":"2025-12-11T18:40:56+00:00","description":"El movimiento cobra fue fundado en noviembre de 1948 por un grupo de artistas del norte de Europa como reacci\u00f3n contra el realismo socialista y la hegemon\u00eda de la escuela de Par\u00eds.","breadcrumb":{"@id":"https:\/\/www.aparences.net\/es\/arte-contemporaneo\/movimientos\/cobra\/#breadcrumb"},"inLanguage":"es","potentialAction":[{"@type":"ReadAction","target":["https:\/\/www.aparences.net\/es\/arte-contemporaneo\/movimientos\/cobra\/"]}]},{"@type":"ImageObject","inLanguage":"es","@id":"https:\/\/www.aparences.net\/es\/arte-contemporaneo\/movimientos\/cobra\/#primaryimage","url":"https:\/\/www.aparences.net\/wp-content\/uploads\/2016\/03\/cobra.webp","contentUrl":"https:\/\/www.aparences.net\/wp-content\/uploads\/2016\/03\/cobra.webp","width":1080,"height":540},{"@type":"BreadcrumbList","@id":"https:\/\/www.aparences.net\/es\/arte-contemporaneo\/movimientos\/cobra\/#breadcrumb","itemListElement":[{"@type":"ListItem","position":1,"name":"Portada","item":"https:\/\/www.aparences.net\/es\/"},{"@type":"ListItem","position":2,"name":"Grupo Cobra"}]},{"@type":"WebSite","@id":"https:\/\/www.aparences.net\/es\/#website","url":"https:\/\/www.aparences.net\/es\/","name":"Aparences: Historia del Arte y Actualidad Cultural","description":"","publisher":{"@id":"https:\/\/www.aparences.net\/es\/#organization"},"potentialAction":[{"@type":"SearchAction","target":{"@type":"EntryPoint","urlTemplate":"https:\/\/www.aparences.net\/es\/?s={search_term_string}"},"query-input":{"@type":"PropertyValueSpecification","valueRequired":true,"valueName":"search_term_string"}}],"inLanguage":"es"},{"@type":"Organization","@id":"https:\/\/www.aparences.net\/es\/#organization","name":"Aparences: Historia del Arte y Actualidad Cultural","url":"https:\/\/www.aparences.net\/es\/","logo":{"@type":"ImageObject","inLanguage":"es","@id":"https:\/\/www.aparences.net\/es\/#\/schema\/logo\/image\/","url":"https:\/\/www.aparences.net\/wp-content\/uploads\/2023\/09\/logo-quadrat-color-e1695915315229.png","contentUrl":"https:\/\/www.aparences.net\/wp-content\/uploads\/2023\/09\/logo-quadrat-color-e1695915315229.png","width":120,"height":120,"caption":"Aparences: Historia del Arte y Actualidad Cultural"},"image":{"@id":"https:\/\/www.aparences.net\/es\/#\/schema\/logo\/image\/"}},{"@type":"Person","@id":"https:\/\/www.aparences.net\/es\/#\/schema\/person\/af349f6ffc31b16c68963e61268afca5","name":"admin","url":"https:\/\/www.aparences.net\/es\/author\/admin\/"}]}},"_links":{"self":[{"href":"https:\/\/www.aparences.net\/es\/wp-json\/wp\/v2\/posts\/13635","targetHints":{"allow":["GET"]}}],"collection":[{"href":"https:\/\/www.aparences.net\/es\/wp-json\/wp\/v2\/posts"}],"about":[{"href":"https:\/\/www.aparences.net\/es\/wp-json\/wp\/v2\/types\/post"}],"author":[{"embeddable":true,"href":"https:\/\/www.aparences.net\/es\/wp-json\/wp\/v2\/users\/2"}],"replies":[{"embeddable":true,"href":"https:\/\/www.aparences.net\/es\/wp-json\/wp\/v2\/comments?post=13635"}],"version-history":[{"count":0,"href":"https:\/\/www.aparences.net\/es\/wp-json\/wp\/v2\/posts\/13635\/revisions"}],"wp:featuredmedia":[{"embeddable":true,"href":"https:\/\/www.aparences.net\/es\/wp-json\/wp\/v2\/media\/29722"}],"wp:attachment":[{"href":"https:\/\/www.aparences.net\/es\/wp-json\/wp\/v2\/media?parent=13635"}],"wp:term":[{"taxonomy":"category","embeddable":true,"href":"https:\/\/www.aparences.net\/es\/wp-json\/wp\/v2\/categories?post=13635"},{"taxonomy":"post_tag","embeddable":true,"href":"https:\/\/www.aparences.net\/es\/wp-json\/wp\/v2\/tags?post=13635"}],"curies":[{"name":"wp","href":"https:\/\/api.w.org\/{rel}","templated":true}]}}