{"id":13653,"date":"2016-04-17T10:00:26","date_gmt":"2016-04-17T08:00:26","guid":{"rendered":"https:\/\/www.aparences.net\/actualites\/expositions\/autorretratos-de-rembrandt-al-selfie\/"},"modified":"2024-09-03T08:18:25","modified_gmt":"2024-09-03T06:18:25","slug":"autorretratos-de-rembrandt-al-selfie","status":"publish","type":"post","link":"https:\/\/www.aparences.net\/es\/actualidad\/autorretratos-de-rembrandt-al-selfie\/","title":{"rendered":"Autorretratos, de Rembrandt al selfie"},"content":{"rendered":"\n<p>La exposici\u00f3n <em>Autorretratos, de Rembrandt al selfie<\/em> organizada por el <a href=\"https:\/\/www.mba-lyon.fr\/mba\/sections\/fr\/expositions-musee\/prochaines-expos\/autoportraits\" target=\"_blank\" rel=\"noopener noreferrer\">Mus\u00e9e des Beaux Arts de Lyon<\/a> evoca diferentes enfoques para el autorretrato del XVI al siglo XXI a partir de una selecci\u00f3n de obras procedentes de tres grandes museos europeos. Verdadero g\u00e9nero art\u00edstico, el autorretrato aporta, m\u00e1s all\u00e1 de las cuestiones de estilo propias de cada per\u00edodo, mucha informaci\u00f3n sobre la personalidad de su autor, as\u00ed como de su entorno hist\u00f3rico y social. En un momento en que la pr\u00e1ctica del selfie se ha convertido en un verdadero fen\u00f3meno social de la era digital, cuestionar la tradici\u00f3n y las costumbres del autorretrato hoy parece m\u00e1s de actualidad que nunca.<\/p>\n\n\n<div class=\"wp-block-image\">\n<figure class=\"aligncenter\"><img loading=\"lazy\" decoding=\"async\" width=\"357\" height=\"460\" src=\"https:\/\/www.aparences.net\/wp-content\/uploads\/2016\/04\/courbet-les-amants-heureux.jpg\" alt=\"Los amantes en el campo, 1844, Gustave Courbet\" class=\"wp-image-17365\" title=\"Los amantes en el campo, 1844, Gustave Courbet\" srcset=\"https:\/\/www.aparences.net\/wp-content\/uploads\/2016\/04\/courbet-les-amants-heureux.jpg 357w, https:\/\/www.aparences.net\/wp-content\/uploads\/2016\/04\/courbet-les-amants-heureux-233x300.jpg 233w\" sizes=\"auto, (max-width: 357px) 100vw, 357px\" \/><figcaption class=\"wp-element-caption\"><em><strong>Los amantes en el campo<\/strong>, 1844, <strong>Gustave Courbet<\/strong><\/em><br><em> (Lyon, Mus\u00e9e des Beaux Arts)<\/em><\/figcaption><\/figure>\n<\/div>\n\n\n<p>La exposici\u00f3n re\u00fane m\u00e1s de 130 obras, entre pinturas, dibujos, grabados, fotograf\u00edas, esculturas y videos y se divide en siete secciones tem\u00e1ticas, interpelando a los principales tipos de autorretrato y su evoluci\u00f3n en el tiempo: la mirada del artista; el artista como hombre de mundo; el artista en el trabajo; el artista y su familia; el artista en escena; el artista en su tiempo; y el cuerpo del artista. Se trata de la primera exposici\u00f3n en el marco de una asociaci\u00f3n entre la Staatliche Kunsthalle de Karlsruhe, la Galer\u00eda Nacional de Escocia en Edimburgo y el Museo de Bellas Artes de Lyon. La muestra se complementa con una obra digital interactiva invitando al p\u00fablico a descubrir su propia imagen, Flick EU \/ Flick EU MIRROR, dise\u00f1ado por el Centro de Arte y Tecnolog\u00eda de Karlsruhe (ZKM).<\/p>\n\n\n\n<p>&nbsp;<\/p>\n","protected":false},"excerpt":{"rendered":"<p>La exposici\u00f3n Autorretratos, de Rembrandt al selfie organizada por el Mus\u00e9e des Beaux Arts de Lyon evoca diferentes enfoques para el autorretrato del XVI al [&#8230;]<\/p>\n","protected":false},"author":2,"featured_media":17366,"comment_status":"closed","ping_status":"closed","sticky":false,"template":"","format":"standard","meta":{"footnotes":""},"categories":[2368,2605],"tags":[3187],"class_list":["post-13653","post","type-post","status-publish","format-standard","has-post-thumbnail","hentry","category-actualidad","category-exposiciones","tag-featured-es"],"yoast_head":"<!-- This site is optimized with the Yoast SEO plugin v27.2 - https:\/\/yoast.com\/product\/yoast-seo-wordpress\/ -->\n<title>Autorretratos, de Rembrandt al selfie<\/title>\n<meta name=\"description\" content=\"La exposici\u00f3n Autorretratos, de Rembrandt al selfie organizada por el Mus\u00e9e des Beaux Arts de Lyon evoca diferentes enfoques para el autorretrato del XVI\" \/>\n<meta name=\"robots\" content=\"index, follow, max-snippet:-1, max-image-preview:large, max-video-preview:-1\" \/>\n<link rel=\"canonical\" href=\"https:\/\/www.aparences.net\/es\/actualidad\/autorretratos-de-rembrandt-al-selfie\/\" \/>\n<meta property=\"og:locale\" content=\"es_ES\" \/>\n<meta property=\"og:type\" content=\"article\" \/>\n<meta property=\"og:title\" content=\"Autorretratos, de Rembrandt al selfie\" \/>\n<meta property=\"og:description\" content=\"La exposici\u00f3n Autorretratos, de Rembrandt al selfie organizada por el Mus\u00e9e des Beaux Arts de Lyon evoca diferentes enfoques para el autorretrato del XVI\" \/>\n<meta property=\"og:url\" content=\"https:\/\/www.aparences.net\/es\/actualidad\/autorretratos-de-rembrandt-al-selfie\/\" \/>\n<meta property=\"og:site_name\" content=\"Aparences\" \/>\n<meta property=\"article:published_time\" content=\"2016-04-17T08:00:26+00:00\" \/>\n<meta property=\"article:modified_time\" content=\"2024-09-03T06:18:25+00:00\" \/>\n<meta property=\"og:image\" content=\"https:\/\/www.aparences.net\/wp-content\/uploads\/2016\/04\/autoportraits-lyon.jpg\" \/>\n\t<meta property=\"og:image:width\" content=\"880\" \/>\n\t<meta property=\"og:image:height\" content=\"290\" \/>\n\t<meta property=\"og:image:type\" content=\"image\/jpeg\" \/>\n<meta name=\"author\" content=\"admin\" \/>\n<meta name=\"twitter:card\" content=\"summary_large_image\" \/>\n<meta name=\"twitter:label1\" content=\"Escrito por\" \/>\n\t<meta name=\"twitter:data1\" content=\"admin\" \/>\n\t<meta name=\"twitter:label2\" content=\"Tiempo de lectura\" \/>\n\t<meta name=\"twitter:data2\" content=\"1 minuto\" \/>\n<script type=\"application\/ld+json\" class=\"yoast-schema-graph\">{\"@context\":\"https:\/\/schema.org\",\"@graph\":[{\"@type\":\"Article\",\"@id\":\"https:\/\/www.aparences.net\/es\/actualidad\/autorretratos-de-rembrandt-al-selfie\/#article\",\"isPartOf\":{\"@id\":\"https:\/\/www.aparences.net\/es\/actualidad\/autorretratos-de-rembrandt-al-selfie\/\"},\"author\":{\"name\":\"admin\",\"@id\":\"https:\/\/www.aparences.net\/es\/#\/schema\/person\/af349f6ffc31b16c68963e61268afca5\"},\"headline\":\"Autorretratos, de Rembrandt al selfie\",\"datePublished\":\"2016-04-17T08:00:26+00:00\",\"dateModified\":\"2024-09-03T06:18:25+00:00\",\"mainEntityOfPage\":{\"@id\":\"https:\/\/www.aparences.net\/es\/actualidad\/autorretratos-de-rembrandt-al-selfie\/\"},\"wordCount\":287,\"publisher\":{\"@id\":\"https:\/\/www.aparences.net\/es\/#organization\"},\"image\":{\"@id\":\"https:\/\/www.aparences.net\/es\/actualidad\/autorretratos-de-rembrandt-al-selfie\/#primaryimage\"},\"thumbnailUrl\":\"https:\/\/www.aparences.net\/wp-content\/uploads\/2016\/04\/autoportraits-lyon.jpg\",\"keywords\":[\"Featured\"],\"articleSection\":[\"Actualidad\",\"Exposiciones\"],\"inLanguage\":\"es\"},{\"@type\":[\"WebPage\",\"ItemPage\"],\"@id\":\"https:\/\/www.aparences.net\/es\/actualidad\/autorretratos-de-rembrandt-al-selfie\/\",\"url\":\"https:\/\/www.aparences.net\/es\/actualidad\/autorretratos-de-rembrandt-al-selfie\/\",\"name\":\"Autorretratos, de Rembrandt al selfie\",\"isPartOf\":{\"@id\":\"https:\/\/www.aparences.net\/es\/#website\"},\"primaryImageOfPage\":{\"@id\":\"https:\/\/www.aparences.net\/es\/actualidad\/autorretratos-de-rembrandt-al-selfie\/#primaryimage\"},\"image\":{\"@id\":\"https:\/\/www.aparences.net\/es\/actualidad\/autorretratos-de-rembrandt-al-selfie\/#primaryimage\"},\"thumbnailUrl\":\"https:\/\/www.aparences.net\/wp-content\/uploads\/2016\/04\/autoportraits-lyon.jpg\",\"datePublished\":\"2016-04-17T08:00:26+00:00\",\"dateModified\":\"2024-09-03T06:18:25+00:00\",\"description\":\"La exposici\u00f3n Autorretratos, de Rembrandt al selfie organizada por el Mus\u00e9e des Beaux Arts de Lyon evoca diferentes enfoques para el autorretrato del XVI\",\"breadcrumb\":{\"@id\":\"https:\/\/www.aparences.net\/es\/actualidad\/autorretratos-de-rembrandt-al-selfie\/#breadcrumb\"},\"inLanguage\":\"es\",\"potentialAction\":[{\"@type\":\"ReadAction\",\"target\":[\"https:\/\/www.aparences.net\/es\/actualidad\/autorretratos-de-rembrandt-al-selfie\/\"]}]},{\"@type\":\"ImageObject\",\"inLanguage\":\"es\",\"@id\":\"https:\/\/www.aparences.net\/es\/actualidad\/autorretratos-de-rembrandt-al-selfie\/#primaryimage\",\"url\":\"https:\/\/www.aparences.net\/wp-content\/uploads\/2016\/04\/autoportraits-lyon.jpg\",\"contentUrl\":\"https:\/\/www.aparences.net\/wp-content\/uploads\/2016\/04\/autoportraits-lyon.jpg\",\"width\":880,\"height\":290},{\"@type\":\"BreadcrumbList\",\"@id\":\"https:\/\/www.aparences.net\/es\/actualidad\/autorretratos-de-rembrandt-al-selfie\/#breadcrumb\",\"itemListElement\":[{\"@type\":\"ListItem\",\"position\":1,\"name\":\"Portada\",\"item\":\"https:\/\/www.aparences.net\/es\/\"},{\"@type\":\"ListItem\",\"position\":2,\"name\":\"Autorretratos, de Rembrandt al selfie\"}]},{\"@type\":\"WebSite\",\"@id\":\"https:\/\/www.aparences.net\/es\/#website\",\"url\":\"https:\/\/www.aparences.net\/es\/\",\"name\":\"Aparences: Historia del Arte y Actualidad Cultural\",\"description\":\"\",\"publisher\":{\"@id\":\"https:\/\/www.aparences.net\/es\/#organization\"},\"potentialAction\":[{\"@type\":\"SearchAction\",\"target\":{\"@type\":\"EntryPoint\",\"urlTemplate\":\"https:\/\/www.aparences.net\/es\/?s={search_term_string}\"},\"query-input\":{\"@type\":\"PropertyValueSpecification\",\"valueRequired\":true,\"valueName\":\"search_term_string\"}}],\"inLanguage\":\"es\"},{\"@type\":\"Organization\",\"@id\":\"https:\/\/www.aparences.net\/es\/#organization\",\"name\":\"Aparences: Historia del Arte y Actualidad Cultural\",\"url\":\"https:\/\/www.aparences.net\/es\/\",\"logo\":{\"@type\":\"ImageObject\",\"inLanguage\":\"es\",\"@id\":\"https:\/\/www.aparences.net\/es\/#\/schema\/logo\/image\/\",\"url\":\"https:\/\/www.aparences.net\/wp-content\/uploads\/2023\/09\/logo-quadrat-color-e1695915315229.png\",\"contentUrl\":\"https:\/\/www.aparences.net\/wp-content\/uploads\/2023\/09\/logo-quadrat-color-e1695915315229.png\",\"width\":120,\"height\":120,\"caption\":\"Aparences: Historia del Arte y Actualidad Cultural\"},\"image\":{\"@id\":\"https:\/\/www.aparences.net\/es\/#\/schema\/logo\/image\/\"}},{\"@type\":\"Person\",\"@id\":\"https:\/\/www.aparences.net\/es\/#\/schema\/person\/af349f6ffc31b16c68963e61268afca5\",\"name\":\"admin\",\"url\":\"https:\/\/www.aparences.net\/es\/author\/admin\/\"}]}<\/script>\n<!-- \/ Yoast SEO plugin. -->","yoast_head_json":{"title":"Autorretratos, de Rembrandt al selfie","description":"La exposici\u00f3n Autorretratos, de Rembrandt al selfie organizada por el Mus\u00e9e des Beaux Arts de Lyon evoca diferentes enfoques para el autorretrato del XVI","robots":{"index":"index","follow":"follow","max-snippet":"max-snippet:-1","max-image-preview":"max-image-preview:large","max-video-preview":"max-video-preview:-1"},"canonical":"https:\/\/www.aparences.net\/es\/actualidad\/autorretratos-de-rembrandt-al-selfie\/","og_locale":"es_ES","og_type":"article","og_title":"Autorretratos, de Rembrandt al selfie","og_description":"La exposici\u00f3n Autorretratos, de Rembrandt al selfie organizada por el Mus\u00e9e des Beaux Arts de Lyon evoca diferentes enfoques para el autorretrato del XVI","og_url":"https:\/\/www.aparences.net\/es\/actualidad\/autorretratos-de-rembrandt-al-selfie\/","og_site_name":"Aparences","article_published_time":"2016-04-17T08:00:26+00:00","article_modified_time":"2024-09-03T06:18:25+00:00","og_image":[{"width":880,"height":290,"url":"https:\/\/www.aparences.net\/wp-content\/uploads\/2016\/04\/autoportraits-lyon.jpg","type":"image\/jpeg"}],"author":"admin","twitter_card":"summary_large_image","twitter_misc":{"Escrito por":"admin","Tiempo de lectura":"1 minuto"},"schema":{"@context":"https:\/\/schema.org","@graph":[{"@type":"Article","@id":"https:\/\/www.aparences.net\/es\/actualidad\/autorretratos-de-rembrandt-al-selfie\/#article","isPartOf":{"@id":"https:\/\/www.aparences.net\/es\/actualidad\/autorretratos-de-rembrandt-al-selfie\/"},"author":{"name":"admin","@id":"https:\/\/www.aparences.net\/es\/#\/schema\/person\/af349f6ffc31b16c68963e61268afca5"},"headline":"Autorretratos, de Rembrandt al selfie","datePublished":"2016-04-17T08:00:26+00:00","dateModified":"2024-09-03T06:18:25+00:00","mainEntityOfPage":{"@id":"https:\/\/www.aparences.net\/es\/actualidad\/autorretratos-de-rembrandt-al-selfie\/"},"wordCount":287,"publisher":{"@id":"https:\/\/www.aparences.net\/es\/#organization"},"image":{"@id":"https:\/\/www.aparences.net\/es\/actualidad\/autorretratos-de-rembrandt-al-selfie\/#primaryimage"},"thumbnailUrl":"https:\/\/www.aparences.net\/wp-content\/uploads\/2016\/04\/autoportraits-lyon.jpg","keywords":["Featured"],"articleSection":["Actualidad","Exposiciones"],"inLanguage":"es"},{"@type":["WebPage","ItemPage"],"@id":"https:\/\/www.aparences.net\/es\/actualidad\/autorretratos-de-rembrandt-al-selfie\/","url":"https:\/\/www.aparences.net\/es\/actualidad\/autorretratos-de-rembrandt-al-selfie\/","name":"Autorretratos, de Rembrandt al selfie","isPartOf":{"@id":"https:\/\/www.aparences.net\/es\/#website"},"primaryImageOfPage":{"@id":"https:\/\/www.aparences.net\/es\/actualidad\/autorretratos-de-rembrandt-al-selfie\/#primaryimage"},"image":{"@id":"https:\/\/www.aparences.net\/es\/actualidad\/autorretratos-de-rembrandt-al-selfie\/#primaryimage"},"thumbnailUrl":"https:\/\/www.aparences.net\/wp-content\/uploads\/2016\/04\/autoportraits-lyon.jpg","datePublished":"2016-04-17T08:00:26+00:00","dateModified":"2024-09-03T06:18:25+00:00","description":"La exposici\u00f3n Autorretratos, de Rembrandt al selfie organizada por el Mus\u00e9e des Beaux Arts de Lyon evoca diferentes enfoques para el autorretrato del XVI","breadcrumb":{"@id":"https:\/\/www.aparences.net\/es\/actualidad\/autorretratos-de-rembrandt-al-selfie\/#breadcrumb"},"inLanguage":"es","potentialAction":[{"@type":"ReadAction","target":["https:\/\/www.aparences.net\/es\/actualidad\/autorretratos-de-rembrandt-al-selfie\/"]}]},{"@type":"ImageObject","inLanguage":"es","@id":"https:\/\/www.aparences.net\/es\/actualidad\/autorretratos-de-rembrandt-al-selfie\/#primaryimage","url":"https:\/\/www.aparences.net\/wp-content\/uploads\/2016\/04\/autoportraits-lyon.jpg","contentUrl":"https:\/\/www.aparences.net\/wp-content\/uploads\/2016\/04\/autoportraits-lyon.jpg","width":880,"height":290},{"@type":"BreadcrumbList","@id":"https:\/\/www.aparences.net\/es\/actualidad\/autorretratos-de-rembrandt-al-selfie\/#breadcrumb","itemListElement":[{"@type":"ListItem","position":1,"name":"Portada","item":"https:\/\/www.aparences.net\/es\/"},{"@type":"ListItem","position":2,"name":"Autorretratos, de Rembrandt al selfie"}]},{"@type":"WebSite","@id":"https:\/\/www.aparences.net\/es\/#website","url":"https:\/\/www.aparences.net\/es\/","name":"Aparences: Historia del Arte y Actualidad Cultural","description":"","publisher":{"@id":"https:\/\/www.aparences.net\/es\/#organization"},"potentialAction":[{"@type":"SearchAction","target":{"@type":"EntryPoint","urlTemplate":"https:\/\/www.aparences.net\/es\/?s={search_term_string}"},"query-input":{"@type":"PropertyValueSpecification","valueRequired":true,"valueName":"search_term_string"}}],"inLanguage":"es"},{"@type":"Organization","@id":"https:\/\/www.aparences.net\/es\/#organization","name":"Aparences: Historia del Arte y Actualidad Cultural","url":"https:\/\/www.aparences.net\/es\/","logo":{"@type":"ImageObject","inLanguage":"es","@id":"https:\/\/www.aparences.net\/es\/#\/schema\/logo\/image\/","url":"https:\/\/www.aparences.net\/wp-content\/uploads\/2023\/09\/logo-quadrat-color-e1695915315229.png","contentUrl":"https:\/\/www.aparences.net\/wp-content\/uploads\/2023\/09\/logo-quadrat-color-e1695915315229.png","width":120,"height":120,"caption":"Aparences: Historia del Arte y Actualidad Cultural"},"image":{"@id":"https:\/\/www.aparences.net\/es\/#\/schema\/logo\/image\/"}},{"@type":"Person","@id":"https:\/\/www.aparences.net\/es\/#\/schema\/person\/af349f6ffc31b16c68963e61268afca5","name":"admin","url":"https:\/\/www.aparences.net\/es\/author\/admin\/"}]}},"_links":{"self":[{"href":"https:\/\/www.aparences.net\/es\/wp-json\/wp\/v2\/posts\/13653","targetHints":{"allow":["GET"]}}],"collection":[{"href":"https:\/\/www.aparences.net\/es\/wp-json\/wp\/v2\/posts"}],"about":[{"href":"https:\/\/www.aparences.net\/es\/wp-json\/wp\/v2\/types\/post"}],"author":[{"embeddable":true,"href":"https:\/\/www.aparences.net\/es\/wp-json\/wp\/v2\/users\/2"}],"replies":[{"embeddable":true,"href":"https:\/\/www.aparences.net\/es\/wp-json\/wp\/v2\/comments?post=13653"}],"version-history":[{"count":0,"href":"https:\/\/www.aparences.net\/es\/wp-json\/wp\/v2\/posts\/13653\/revisions"}],"wp:featuredmedia":[{"embeddable":true,"href":"https:\/\/www.aparences.net\/es\/wp-json\/wp\/v2\/media\/17366"}],"wp:attachment":[{"href":"https:\/\/www.aparences.net\/es\/wp-json\/wp\/v2\/media?parent=13653"}],"wp:term":[{"taxonomy":"category","embeddable":true,"href":"https:\/\/www.aparences.net\/es\/wp-json\/wp\/v2\/categories?post=13653"},{"taxonomy":"post_tag","embeddable":true,"href":"https:\/\/www.aparences.net\/es\/wp-json\/wp\/v2\/tags?post=13653"}],"curies":[{"name":"wp","href":"https:\/\/api.w.org\/{rel}","templated":true}]}}