{"id":13675,"date":"2016-09-02T08:55:11","date_gmt":"2016-09-02T06:55:11","guid":{"rendered":"https:\/\/www.aparences.net\/actualites\/expositions\/frederic-bazille-la-juventud-del-impresionismo\/"},"modified":"2024-09-03T08:39:24","modified_gmt":"2024-09-03T06:39:24","slug":"frederic-bazille-la-juventud-del-impresionismo","status":"publish","type":"post","link":"https:\/\/www.aparences.net\/es\/actualidad\/frederic-bazille-la-juventud-del-impresionismo\/","title":{"rendered":"Fr\u00e9d\u00e9ric Bazille. La juventud del impresionismo"},"content":{"rendered":"\n<p>\u00bfC\u00f3mo apreciar la obra de Fr\u00e9d\u00e9ric Bazille, muerto en combate en 1870 durante la guerra franco-prusiana cuando s\u00f3lo ten\u00eda 28 a\u00f1os? Si bien es cierto que sus primeras obras son claramente las de un pintor en evoluci\u00f3n, influenciado por <a href=\"https:\/\/www.aparences.net\/es\/periodos\/realisme-periodes\/\">el realismo<\/a> o por su amigo Monet, el artista logr\u00f3, sin embargo, varias obras maestras en las cuales afirm\u00f3 progresivamente su genialidad. Unos sesenta cuadros han llegado hasta nosotros, cada uno representando un desaf\u00edo y un hito para el joven artista. Estas obras nos permiten apreciar su progresi\u00f3n hacia una expresi\u00f3n cada vez m\u00e1s personal de su \u00abtemperamento\u00bb, como sol\u00eda decirse en esa \u00e9poca.<\/p>\n\n\n<div class=\"wp-block-image\">\n<figure class=\"aligncenter\"><img loading=\"lazy\" decoding=\"async\" width=\"606\" height=\"460\" src=\"https:\/\/www.aparences.net\/wp-content\/uploads\/2016\/08\/frederic-bazille-atelier.jpg\" alt=\"El taller de Bazille, 1870, Fr\u00e9d\u00e9ric Bazille\" class=\"wp-image-17545\" title=\"El taller de Bazille, 1870, Fr\u00e9d\u00e9ric Bazille\" srcset=\"https:\/\/www.aparences.net\/wp-content\/uploads\/2016\/08\/frederic-bazille-atelier.jpg 606w, https:\/\/www.aparences.net\/wp-content\/uploads\/2016\/08\/frederic-bazille-atelier-300x228.jpg 300w\" sizes=\"auto, (max-width: 606px) 100vw, 606px\" \/><figcaption class=\"wp-element-caption\"><em><strong>El taller de Bazille<\/strong>, 1870, <strong>Fr\u00e9d\u00e9ric Bazille<\/strong> (Paris, mus\u00e9e d\u2019Orsay)<\/em><\/figcaption><\/figure>\n<\/div>\n\n\n<p>Organizado de manera tem\u00e1tica y cronol\u00f3gica, el recorrido combina las obras de Bazille con las de sus contempor\u00e1neos: <a href=\"https:\/\/www.aparences.net\/es\/periodos\/romanticismo\/es-eugene-delacroix\/\">Delacroix<\/a>, Courbet, <a href=\"https:\/\/www.aparences.net\/es\/periodos\/impresionismo-3\/edouard-manet\/\">Manet<\/a>, Monet, <a href=\"https:\/\/www.aparences.net\/es\/periodos\/impresionismo-3\/pierre-auguste-renoir\/\">Renoir<\/a>, Fantin-Latour, Guigou, Scholderer, y <a href=\"https:\/\/www.aparences.net\/es\/periodes\/post-impressionnisme\/paul-cezanne\/\">C\u00e9zanne<\/a>. Estas confrontaciones reubican su trabajo en el centro de las grandes problem\u00e1ticas de la pintura de vanguardia de los a\u00f1os 1860 (la vida moderna, la renovaci\u00f3n de g\u00e9neros tradicionales como el retrato, el desnudo, o la naturaleza muerta, la pintura al aire libre, etc.), en las cuales Bazille estaba muy implicado, poniendo de relieve la profunda originalidad de su inspiraci\u00f3n.<\/p>\n\n\n\n<p>La exposici\u00f3n que presenta el <a href=\"https:\/\/www.musee-orsay.fr\/fr\/evenements\/expositions\/au-musee-dorsay\/presentation-generale\/article\/frederic-bazille-44076.html?tx_ttnews%5BbackPid%5D=6247&amp;cHash=989120b7e5\">Museo de Orsay<\/a> invita a redescubrir a uno de los grandes representantes, a pesar de su muerte temprana, de la g\u00e9nesis del <a href=\"https:\/\/www.aparences.net\/es\/periodos\/impresionismo-3\/el-impresionismo\/\">impresionismo<\/a>. La exhibici\u00f3n es fruto de los m\u00e1s recientes estudios cient\u00edficos, que han sacado a luz la metodolog\u00eda de trabajo de Bazille y sus v\u00ednculos con Monet o Renoir, permitiendo encontrar la pista de creaciones que se consideraban perdidas; eslabones olvidados de una obra singular.<\/p>\n","protected":false},"excerpt":{"rendered":"<p>\u00bfC\u00f3mo apreciar la obra de Fr\u00e9d\u00e9ric Bazille, muerto en combate en 1870 durante la guerra franco-prusiana cuando s\u00f3lo ten\u00eda 28 a\u00f1os? Si bien es cierto [&#8230;]<\/p>\n","protected":false},"author":2,"featured_media":17546,"comment_status":"closed","ping_status":"closed","sticky":false,"template":"","format":"standard","meta":{"footnotes":""},"categories":[2368,2605],"tags":[3187],"class_list":["post-13675","post","type-post","status-publish","format-standard","has-post-thumbnail","hentry","category-actualidad","category-exposiciones","tag-featured-es"],"yoast_head":"<!-- This site is optimized with the Yoast SEO plugin v27.2 - https:\/\/yoast.com\/product\/yoast-seo-wordpress\/ -->\n<title>Fr\u00e9d\u00e9ric Bazille. La juventud del impresionismo<\/title>\n<meta name=\"description\" content=\"\u00bfC\u00f3mo apreciar la obra de Fr\u00e9d\u00e9ric Bazille, muerto en combate en 1870 durante la guerra franco-prusiana cuando s\u00f3lo ten\u00eda 28 a\u00f1os? Si bien es cierto que\" \/>\n<meta name=\"robots\" content=\"index, follow, max-snippet:-1, max-image-preview:large, max-video-preview:-1\" \/>\n<link rel=\"canonical\" href=\"https:\/\/www.aparences.net\/es\/actualidad\/frederic-bazille-la-juventud-del-impresionismo\/\" \/>\n<meta property=\"og:locale\" content=\"es_ES\" \/>\n<meta property=\"og:type\" content=\"article\" \/>\n<meta property=\"og:title\" content=\"Fr\u00e9d\u00e9ric Bazille. La juventud del impresionismo\" \/>\n<meta property=\"og:description\" content=\"\u00bfC\u00f3mo apreciar la obra de Fr\u00e9d\u00e9ric Bazille, muerto en combate en 1870 durante la guerra franco-prusiana cuando s\u00f3lo ten\u00eda 28 a\u00f1os? Si bien es cierto que\" \/>\n<meta property=\"og:url\" content=\"https:\/\/www.aparences.net\/es\/actualidad\/frederic-bazille-la-juventud-del-impresionismo\/\" \/>\n<meta property=\"og:site_name\" content=\"Aparences\" \/>\n<meta property=\"article:published_time\" content=\"2016-09-02T06:55:11+00:00\" \/>\n<meta property=\"article:modified_time\" content=\"2024-09-03T06:39:24+00:00\" \/>\n<meta property=\"og:image\" content=\"https:\/\/www.aparences.net\/wp-content\/uploads\/2016\/08\/frederic-bazille-orsay.jpg\" \/>\n\t<meta property=\"og:image:width\" content=\"880\" \/>\n\t<meta property=\"og:image:height\" content=\"290\" \/>\n\t<meta property=\"og:image:type\" content=\"image\/jpeg\" \/>\n<meta name=\"author\" content=\"admin\" \/>\n<meta name=\"twitter:card\" content=\"summary_large_image\" \/>\n<meta name=\"twitter:label1\" content=\"Escrito por\" \/>\n\t<meta name=\"twitter:data1\" content=\"admin\" \/>\n\t<meta name=\"twitter:label2\" content=\"Tiempo de lectura\" \/>\n\t<meta name=\"twitter:data2\" content=\"2 minutos\" \/>\n<script type=\"application\/ld+json\" class=\"yoast-schema-graph\">{\"@context\":\"https:\/\/schema.org\",\"@graph\":[{\"@type\":\"Article\",\"@id\":\"https:\/\/www.aparences.net\/es\/actualidad\/frederic-bazille-la-juventud-del-impresionismo\/#article\",\"isPartOf\":{\"@id\":\"https:\/\/www.aparences.net\/es\/actualidad\/frederic-bazille-la-juventud-del-impresionismo\/\"},\"author\":{\"name\":\"admin\",\"@id\":\"https:\/\/www.aparences.net\/es\/#\/schema\/person\/af349f6ffc31b16c68963e61268afca5\"},\"headline\":\"Fr\u00e9d\u00e9ric Bazille. La juventud del impresionismo\",\"datePublished\":\"2016-09-02T06:55:11+00:00\",\"dateModified\":\"2024-09-03T06:39:24+00:00\",\"mainEntityOfPage\":{\"@id\":\"https:\/\/www.aparences.net\/es\/actualidad\/frederic-bazille-la-juventud-del-impresionismo\/\"},\"wordCount\":309,\"publisher\":{\"@id\":\"https:\/\/www.aparences.net\/es\/#organization\"},\"image\":{\"@id\":\"https:\/\/www.aparences.net\/es\/actualidad\/frederic-bazille-la-juventud-del-impresionismo\/#primaryimage\"},\"thumbnailUrl\":\"https:\/\/www.aparences.net\/wp-content\/uploads\/2016\/08\/frederic-bazille-orsay.jpg\",\"keywords\":[\"Featured\"],\"articleSection\":[\"Actualidad\",\"Exposiciones\"],\"inLanguage\":\"es\"},{\"@type\":[\"WebPage\",\"ItemPage\"],\"@id\":\"https:\/\/www.aparences.net\/es\/actualidad\/frederic-bazille-la-juventud-del-impresionismo\/\",\"url\":\"https:\/\/www.aparences.net\/es\/actualidad\/frederic-bazille-la-juventud-del-impresionismo\/\",\"name\":\"Fr\u00e9d\u00e9ric Bazille. La juventud del impresionismo\",\"isPartOf\":{\"@id\":\"https:\/\/www.aparences.net\/es\/#website\"},\"primaryImageOfPage\":{\"@id\":\"https:\/\/www.aparences.net\/es\/actualidad\/frederic-bazille-la-juventud-del-impresionismo\/#primaryimage\"},\"image\":{\"@id\":\"https:\/\/www.aparences.net\/es\/actualidad\/frederic-bazille-la-juventud-del-impresionismo\/#primaryimage\"},\"thumbnailUrl\":\"https:\/\/www.aparences.net\/wp-content\/uploads\/2016\/08\/frederic-bazille-orsay.jpg\",\"datePublished\":\"2016-09-02T06:55:11+00:00\",\"dateModified\":\"2024-09-03T06:39:24+00:00\",\"description\":\"\u00bfC\u00f3mo apreciar la obra de Fr\u00e9d\u00e9ric Bazille, muerto en combate en 1870 durante la guerra franco-prusiana cuando s\u00f3lo ten\u00eda 28 a\u00f1os? Si bien es cierto que\",\"breadcrumb\":{\"@id\":\"https:\/\/www.aparences.net\/es\/actualidad\/frederic-bazille-la-juventud-del-impresionismo\/#breadcrumb\"},\"inLanguage\":\"es\",\"potentialAction\":[{\"@type\":\"ReadAction\",\"target\":[\"https:\/\/www.aparences.net\/es\/actualidad\/frederic-bazille-la-juventud-del-impresionismo\/\"]}]},{\"@type\":\"ImageObject\",\"inLanguage\":\"es\",\"@id\":\"https:\/\/www.aparences.net\/es\/actualidad\/frederic-bazille-la-juventud-del-impresionismo\/#primaryimage\",\"url\":\"https:\/\/www.aparences.net\/wp-content\/uploads\/2016\/08\/frederic-bazille-orsay.jpg\",\"contentUrl\":\"https:\/\/www.aparences.net\/wp-content\/uploads\/2016\/08\/frederic-bazille-orsay.jpg\",\"width\":880,\"height\":290},{\"@type\":\"BreadcrumbList\",\"@id\":\"https:\/\/www.aparences.net\/es\/actualidad\/frederic-bazille-la-juventud-del-impresionismo\/#breadcrumb\",\"itemListElement\":[{\"@type\":\"ListItem\",\"position\":1,\"name\":\"Portada\",\"item\":\"https:\/\/www.aparences.net\/es\/\"},{\"@type\":\"ListItem\",\"position\":2,\"name\":\"Fr\u00e9d\u00e9ric Bazille. La juventud del impresionismo\"}]},{\"@type\":\"WebSite\",\"@id\":\"https:\/\/www.aparences.net\/es\/#website\",\"url\":\"https:\/\/www.aparences.net\/es\/\",\"name\":\"Aparences: Historia del Arte y Actualidad Cultural\",\"description\":\"\",\"publisher\":{\"@id\":\"https:\/\/www.aparences.net\/es\/#organization\"},\"potentialAction\":[{\"@type\":\"SearchAction\",\"target\":{\"@type\":\"EntryPoint\",\"urlTemplate\":\"https:\/\/www.aparences.net\/es\/?s={search_term_string}\"},\"query-input\":{\"@type\":\"PropertyValueSpecification\",\"valueRequired\":true,\"valueName\":\"search_term_string\"}}],\"inLanguage\":\"es\"},{\"@type\":\"Organization\",\"@id\":\"https:\/\/www.aparences.net\/es\/#organization\",\"name\":\"Aparences: Historia del Arte y Actualidad Cultural\",\"url\":\"https:\/\/www.aparences.net\/es\/\",\"logo\":{\"@type\":\"ImageObject\",\"inLanguage\":\"es\",\"@id\":\"https:\/\/www.aparences.net\/es\/#\/schema\/logo\/image\/\",\"url\":\"https:\/\/www.aparences.net\/wp-content\/uploads\/2023\/09\/logo-quadrat-color-e1695915315229.png\",\"contentUrl\":\"https:\/\/www.aparences.net\/wp-content\/uploads\/2023\/09\/logo-quadrat-color-e1695915315229.png\",\"width\":120,\"height\":120,\"caption\":\"Aparences: Historia del Arte y Actualidad Cultural\"},\"image\":{\"@id\":\"https:\/\/www.aparences.net\/es\/#\/schema\/logo\/image\/\"}},{\"@type\":\"Person\",\"@id\":\"https:\/\/www.aparences.net\/es\/#\/schema\/person\/af349f6ffc31b16c68963e61268afca5\",\"name\":\"admin\",\"url\":\"https:\/\/www.aparences.net\/es\/author\/admin\/\"}]}<\/script>\n<!-- \/ Yoast SEO plugin. -->","yoast_head_json":{"title":"Fr\u00e9d\u00e9ric Bazille. La juventud del impresionismo","description":"\u00bfC\u00f3mo apreciar la obra de Fr\u00e9d\u00e9ric Bazille, muerto en combate en 1870 durante la guerra franco-prusiana cuando s\u00f3lo ten\u00eda 28 a\u00f1os? Si bien es cierto que","robots":{"index":"index","follow":"follow","max-snippet":"max-snippet:-1","max-image-preview":"max-image-preview:large","max-video-preview":"max-video-preview:-1"},"canonical":"https:\/\/www.aparences.net\/es\/actualidad\/frederic-bazille-la-juventud-del-impresionismo\/","og_locale":"es_ES","og_type":"article","og_title":"Fr\u00e9d\u00e9ric Bazille. La juventud del impresionismo","og_description":"\u00bfC\u00f3mo apreciar la obra de Fr\u00e9d\u00e9ric Bazille, muerto en combate en 1870 durante la guerra franco-prusiana cuando s\u00f3lo ten\u00eda 28 a\u00f1os? Si bien es cierto que","og_url":"https:\/\/www.aparences.net\/es\/actualidad\/frederic-bazille-la-juventud-del-impresionismo\/","og_site_name":"Aparences","article_published_time":"2016-09-02T06:55:11+00:00","article_modified_time":"2024-09-03T06:39:24+00:00","og_image":[{"width":880,"height":290,"url":"https:\/\/www.aparences.net\/wp-content\/uploads\/2016\/08\/frederic-bazille-orsay.jpg","type":"image\/jpeg"}],"author":"admin","twitter_card":"summary_large_image","twitter_misc":{"Escrito por":"admin","Tiempo de lectura":"2 minutos"},"schema":{"@context":"https:\/\/schema.org","@graph":[{"@type":"Article","@id":"https:\/\/www.aparences.net\/es\/actualidad\/frederic-bazille-la-juventud-del-impresionismo\/#article","isPartOf":{"@id":"https:\/\/www.aparences.net\/es\/actualidad\/frederic-bazille-la-juventud-del-impresionismo\/"},"author":{"name":"admin","@id":"https:\/\/www.aparences.net\/es\/#\/schema\/person\/af349f6ffc31b16c68963e61268afca5"},"headline":"Fr\u00e9d\u00e9ric Bazille. La juventud del impresionismo","datePublished":"2016-09-02T06:55:11+00:00","dateModified":"2024-09-03T06:39:24+00:00","mainEntityOfPage":{"@id":"https:\/\/www.aparences.net\/es\/actualidad\/frederic-bazille-la-juventud-del-impresionismo\/"},"wordCount":309,"publisher":{"@id":"https:\/\/www.aparences.net\/es\/#organization"},"image":{"@id":"https:\/\/www.aparences.net\/es\/actualidad\/frederic-bazille-la-juventud-del-impresionismo\/#primaryimage"},"thumbnailUrl":"https:\/\/www.aparences.net\/wp-content\/uploads\/2016\/08\/frederic-bazille-orsay.jpg","keywords":["Featured"],"articleSection":["Actualidad","Exposiciones"],"inLanguage":"es"},{"@type":["WebPage","ItemPage"],"@id":"https:\/\/www.aparences.net\/es\/actualidad\/frederic-bazille-la-juventud-del-impresionismo\/","url":"https:\/\/www.aparences.net\/es\/actualidad\/frederic-bazille-la-juventud-del-impresionismo\/","name":"Fr\u00e9d\u00e9ric Bazille. La juventud del impresionismo","isPartOf":{"@id":"https:\/\/www.aparences.net\/es\/#website"},"primaryImageOfPage":{"@id":"https:\/\/www.aparences.net\/es\/actualidad\/frederic-bazille-la-juventud-del-impresionismo\/#primaryimage"},"image":{"@id":"https:\/\/www.aparences.net\/es\/actualidad\/frederic-bazille-la-juventud-del-impresionismo\/#primaryimage"},"thumbnailUrl":"https:\/\/www.aparences.net\/wp-content\/uploads\/2016\/08\/frederic-bazille-orsay.jpg","datePublished":"2016-09-02T06:55:11+00:00","dateModified":"2024-09-03T06:39:24+00:00","description":"\u00bfC\u00f3mo apreciar la obra de Fr\u00e9d\u00e9ric Bazille, muerto en combate en 1870 durante la guerra franco-prusiana cuando s\u00f3lo ten\u00eda 28 a\u00f1os? Si bien es cierto que","breadcrumb":{"@id":"https:\/\/www.aparences.net\/es\/actualidad\/frederic-bazille-la-juventud-del-impresionismo\/#breadcrumb"},"inLanguage":"es","potentialAction":[{"@type":"ReadAction","target":["https:\/\/www.aparences.net\/es\/actualidad\/frederic-bazille-la-juventud-del-impresionismo\/"]}]},{"@type":"ImageObject","inLanguage":"es","@id":"https:\/\/www.aparences.net\/es\/actualidad\/frederic-bazille-la-juventud-del-impresionismo\/#primaryimage","url":"https:\/\/www.aparences.net\/wp-content\/uploads\/2016\/08\/frederic-bazille-orsay.jpg","contentUrl":"https:\/\/www.aparences.net\/wp-content\/uploads\/2016\/08\/frederic-bazille-orsay.jpg","width":880,"height":290},{"@type":"BreadcrumbList","@id":"https:\/\/www.aparences.net\/es\/actualidad\/frederic-bazille-la-juventud-del-impresionismo\/#breadcrumb","itemListElement":[{"@type":"ListItem","position":1,"name":"Portada","item":"https:\/\/www.aparences.net\/es\/"},{"@type":"ListItem","position":2,"name":"Fr\u00e9d\u00e9ric Bazille. La juventud del impresionismo"}]},{"@type":"WebSite","@id":"https:\/\/www.aparences.net\/es\/#website","url":"https:\/\/www.aparences.net\/es\/","name":"Aparences: Historia del Arte y Actualidad Cultural","description":"","publisher":{"@id":"https:\/\/www.aparences.net\/es\/#organization"},"potentialAction":[{"@type":"SearchAction","target":{"@type":"EntryPoint","urlTemplate":"https:\/\/www.aparences.net\/es\/?s={search_term_string}"},"query-input":{"@type":"PropertyValueSpecification","valueRequired":true,"valueName":"search_term_string"}}],"inLanguage":"es"},{"@type":"Organization","@id":"https:\/\/www.aparences.net\/es\/#organization","name":"Aparences: Historia del Arte y Actualidad Cultural","url":"https:\/\/www.aparences.net\/es\/","logo":{"@type":"ImageObject","inLanguage":"es","@id":"https:\/\/www.aparences.net\/es\/#\/schema\/logo\/image\/","url":"https:\/\/www.aparences.net\/wp-content\/uploads\/2023\/09\/logo-quadrat-color-e1695915315229.png","contentUrl":"https:\/\/www.aparences.net\/wp-content\/uploads\/2023\/09\/logo-quadrat-color-e1695915315229.png","width":120,"height":120,"caption":"Aparences: Historia del Arte y Actualidad Cultural"},"image":{"@id":"https:\/\/www.aparences.net\/es\/#\/schema\/logo\/image\/"}},{"@type":"Person","@id":"https:\/\/www.aparences.net\/es\/#\/schema\/person\/af349f6ffc31b16c68963e61268afca5","name":"admin","url":"https:\/\/www.aparences.net\/es\/author\/admin\/"}]}},"_links":{"self":[{"href":"https:\/\/www.aparences.net\/es\/wp-json\/wp\/v2\/posts\/13675","targetHints":{"allow":["GET"]}}],"collection":[{"href":"https:\/\/www.aparences.net\/es\/wp-json\/wp\/v2\/posts"}],"about":[{"href":"https:\/\/www.aparences.net\/es\/wp-json\/wp\/v2\/types\/post"}],"author":[{"embeddable":true,"href":"https:\/\/www.aparences.net\/es\/wp-json\/wp\/v2\/users\/2"}],"replies":[{"embeddable":true,"href":"https:\/\/www.aparences.net\/es\/wp-json\/wp\/v2\/comments?post=13675"}],"version-history":[{"count":0,"href":"https:\/\/www.aparences.net\/es\/wp-json\/wp\/v2\/posts\/13675\/revisions"}],"wp:featuredmedia":[{"embeddable":true,"href":"https:\/\/www.aparences.net\/es\/wp-json\/wp\/v2\/media\/17546"}],"wp:attachment":[{"href":"https:\/\/www.aparences.net\/es\/wp-json\/wp\/v2\/media?parent=13675"}],"wp:term":[{"taxonomy":"category","embeddable":true,"href":"https:\/\/www.aparences.net\/es\/wp-json\/wp\/v2\/categories?post=13675"},{"taxonomy":"post_tag","embeddable":true,"href":"https:\/\/www.aparences.net\/es\/wp-json\/wp\/v2\/tags?post=13675"}],"curies":[{"name":"wp","href":"https:\/\/api.w.org\/{rel}","templated":true}]}}