{"id":13679,"date":"2016-09-02T08:57:03","date_gmt":"2016-09-02T06:57:03","guid":{"rendered":"https:\/\/www.aparences.net\/actualites\/expositions\/chagall-suenos-de-una-noche-de-verano\/"},"modified":"2024-09-03T08:44:33","modified_gmt":"2024-09-03T06:44:33","slug":"chagall-suenos-de-una-noche-de-verano","status":"publish","type":"post","link":"https:\/\/www.aparences.net\/es\/actualidad\/chagall-suenos-de-una-noche-de-verano\/","title":{"rendered":"Chagall. Sue\u00f1os de una noche de verano"},"content":{"rendered":"\n<p>Digitalizadas y proyectadas en 5000 m\u00b2 de las <a href=\"https:\/\/carrieres-lumieres.com\/fr\/chagall-songes-dune-nuit-dete-0\">Carri\u00e8res de Lumi\u00e8res<\/a>, en Les Baux-de-Provence, con paredes de hasta 14 metros de altura, las obras maestras m\u00e1s sugestivas de Chagall dialogan con el visitante mediante una experiencia innovadora, espectacular y especialmente din\u00e1mica. Primera monograf\u00eda presentada en las Carri\u00e8res de Lumi\u00e8res (Canteras de luces), esta nueva exposici\u00f3n multimedia se concibe como un recorrido por las principales etapas de la creaci\u00f3n de Marc Chagall.<\/p>\n\n\n<div class=\"wp-block-image\">\n<figure class=\"aligncenter\"><img loading=\"lazy\" decoding=\"async\" width=\"486\" height=\"326\" src=\"https:\/\/www.aparences.net\/wp-content\/uploads\/2016\/09\/chagall-baux-de-provence.jpg\" alt=\"Espect\u00e1culo Marc Chagall : Sue\u00f1os de una noche de verano\" class=\"wp-image-17552\" title=\"Espect\u00e1culo Marc Chagall : Sue\u00f1os de una noche de verano\" srcset=\"https:\/\/www.aparences.net\/wp-content\/uploads\/2016\/09\/chagall-baux-de-provence.jpg 486w, https:\/\/www.aparences.net\/wp-content\/uploads\/2016\/09\/chagall-baux-de-provence-300x201.jpg 300w\" sizes=\"auto, (max-width: 486px) 100vw, 486px\" \/><figcaption class=\"wp-element-caption\"><em><strong>Espect\u00e1culo Marc Chagall<\/strong> : Sue\u00f1os de una noche de verano <\/em><br><em>(Les Baux-de-Provence, Carri\u00e8res de Lumi\u00e8res)<\/em><\/figcaption><\/figure>\n<\/div>\n\n\n<p>El escenario de <em>Chagall, Sue\u00f1os de una noche de verano<\/em> cuenta con 12 secuencias &#8211; Vitebsk, la vida, la poes\u00eda, el collage, la guerra, las vidrieras, la Opera Garnier, Dafnis y Cloe, los mosaicos, el circo, las ilustraciones y la Biblia &#8211; presentando la creatividad de Chagall en toda su diversidad y sus fuentes de inspiraci\u00f3n. Los temas universales como el amor, la familia, las ra\u00edces, el paisaje, la m\u00fasica se despliegan as\u00ed con emoci\u00f3n, libertad y fuerza en las canteras. Junto a la obra pintada, el espect\u00e1culo descubre collages, mosaicos y vidrieras mostrando toda la extensi\u00f3n del talento del artista. El conjunto inunda las canteras de un mar de colores vivos y vibrantes caracter\u00edsticos del pintor, impregnando el lugar de una atm\u00f3sfera po\u00e9tica. La m\u00fasica para la banda sonora del espect\u00e1culo ha sido elegida bajo el asesoramiento del pianista Mikhail Rudy, cercano a Marc Chagall. As\u00ed, m\u00fasica e imagen se articulan en un escenario que hace eco con la monumentalidad del espacio.<\/p>\n","protected":false},"excerpt":{"rendered":"<p>Las obras maestras m\u00e1s sugestivas de Chagall dialogan con el visitante mediante una experiencia innovadora, espectacular y especialmente din\u00e1mica.<\/p>\n","protected":false},"author":2,"featured_media":17553,"comment_status":"closed","ping_status":"closed","sticky":false,"template":"","format":"standard","meta":{"footnotes":""},"categories":[2368,2605],"tags":[3187],"class_list":["post-13679","post","type-post","status-publish","format-standard","has-post-thumbnail","hentry","category-actualidad","category-exposiciones","tag-featured-es"],"yoast_head":"<!-- This site is optimized with the Yoast SEO plugin v27.2 - https:\/\/yoast.com\/product\/yoast-seo-wordpress\/ -->\n<title>Chagall. Sue\u00f1os de una noche de verano<\/title>\n<meta name=\"description\" content=\"Las obras maestras m\u00e1s sugestivas de Chagall dialogan con el visitante mediante una experiencia innovadora, espectacular y especialmente din\u00e1mica.\" \/>\n<meta name=\"robots\" content=\"index, follow, max-snippet:-1, max-image-preview:large, max-video-preview:-1\" \/>\n<link rel=\"canonical\" href=\"https:\/\/www.aparences.net\/es\/actualidad\/chagall-suenos-de-una-noche-de-verano\/\" \/>\n<meta property=\"og:locale\" content=\"es_ES\" \/>\n<meta property=\"og:type\" content=\"article\" \/>\n<meta property=\"og:title\" content=\"Chagall. Sue\u00f1os de una noche de verano\" \/>\n<meta property=\"og:description\" content=\"Las obras maestras m\u00e1s sugestivas de Chagall dialogan con el visitante mediante una experiencia innovadora, espectacular y especialmente din\u00e1mica.\" \/>\n<meta property=\"og:url\" content=\"https:\/\/www.aparences.net\/es\/actualidad\/chagall-suenos-de-una-noche-de-verano\/\" \/>\n<meta property=\"og:site_name\" content=\"Aparences\" \/>\n<meta property=\"article:published_time\" content=\"2016-09-02T06:57:03+00:00\" \/>\n<meta property=\"article:modified_time\" content=\"2024-09-03T06:44:33+00:00\" \/>\n<meta property=\"og:image\" content=\"https:\/\/www.aparences.net\/wp-content\/uploads\/2016\/09\/chagall.carrieres-des-lumieres.jpg\" \/>\n\t<meta property=\"og:image:width\" content=\"880\" \/>\n\t<meta property=\"og:image:height\" content=\"290\" \/>\n\t<meta property=\"og:image:type\" content=\"image\/jpeg\" \/>\n<meta name=\"author\" content=\"admin\" \/>\n<meta name=\"twitter:card\" content=\"summary_large_image\" \/>\n<meta name=\"twitter:label1\" content=\"Escrito por\" \/>\n\t<meta name=\"twitter:data1\" content=\"admin\" \/>\n\t<meta name=\"twitter:label2\" content=\"Tiempo de lectura\" \/>\n\t<meta name=\"twitter:data2\" content=\"1 minuto\" \/>\n<script type=\"application\/ld+json\" class=\"yoast-schema-graph\">{\"@context\":\"https:\/\/schema.org\",\"@graph\":[{\"@type\":\"Article\",\"@id\":\"https:\/\/www.aparences.net\/es\/actualidad\/chagall-suenos-de-una-noche-de-verano\/#article\",\"isPartOf\":{\"@id\":\"https:\/\/www.aparences.net\/es\/actualidad\/chagall-suenos-de-una-noche-de-verano\/\"},\"author\":{\"name\":\"admin\",\"@id\":\"https:\/\/www.aparences.net\/es\/#\/schema\/person\/af349f6ffc31b16c68963e61268afca5\"},\"headline\":\"Chagall. Sue\u00f1os de una noche de verano\",\"datePublished\":\"2016-09-02T06:57:03+00:00\",\"dateModified\":\"2024-09-03T06:44:33+00:00\",\"mainEntityOfPage\":{\"@id\":\"https:\/\/www.aparences.net\/es\/actualidad\/chagall-suenos-de-una-noche-de-verano\/\"},\"wordCount\":280,\"publisher\":{\"@id\":\"https:\/\/www.aparences.net\/es\/#organization\"},\"image\":{\"@id\":\"https:\/\/www.aparences.net\/es\/actualidad\/chagall-suenos-de-una-noche-de-verano\/#primaryimage\"},\"thumbnailUrl\":\"https:\/\/www.aparences.net\/wp-content\/uploads\/2016\/09\/chagall.carrieres-des-lumieres.jpg\",\"keywords\":[\"Featured\"],\"articleSection\":[\"Actualidad\",\"Exposiciones\"],\"inLanguage\":\"es\"},{\"@type\":[\"WebPage\",\"ItemPage\"],\"@id\":\"https:\/\/www.aparences.net\/es\/actualidad\/chagall-suenos-de-una-noche-de-verano\/\",\"url\":\"https:\/\/www.aparences.net\/es\/actualidad\/chagall-suenos-de-una-noche-de-verano\/\",\"name\":\"Chagall. Sue\u00f1os de una noche de verano\",\"isPartOf\":{\"@id\":\"https:\/\/www.aparences.net\/es\/#website\"},\"primaryImageOfPage\":{\"@id\":\"https:\/\/www.aparences.net\/es\/actualidad\/chagall-suenos-de-una-noche-de-verano\/#primaryimage\"},\"image\":{\"@id\":\"https:\/\/www.aparences.net\/es\/actualidad\/chagall-suenos-de-una-noche-de-verano\/#primaryimage\"},\"thumbnailUrl\":\"https:\/\/www.aparences.net\/wp-content\/uploads\/2016\/09\/chagall.carrieres-des-lumieres.jpg\",\"datePublished\":\"2016-09-02T06:57:03+00:00\",\"dateModified\":\"2024-09-03T06:44:33+00:00\",\"description\":\"Las obras maestras m\u00e1s sugestivas de Chagall dialogan con el visitante mediante una experiencia innovadora, espectacular y especialmente din\u00e1mica.\",\"breadcrumb\":{\"@id\":\"https:\/\/www.aparences.net\/es\/actualidad\/chagall-suenos-de-una-noche-de-verano\/#breadcrumb\"},\"inLanguage\":\"es\",\"potentialAction\":[{\"@type\":\"ReadAction\",\"target\":[\"https:\/\/www.aparences.net\/es\/actualidad\/chagall-suenos-de-una-noche-de-verano\/\"]}]},{\"@type\":\"ImageObject\",\"inLanguage\":\"es\",\"@id\":\"https:\/\/www.aparences.net\/es\/actualidad\/chagall-suenos-de-una-noche-de-verano\/#primaryimage\",\"url\":\"https:\/\/www.aparences.net\/wp-content\/uploads\/2016\/09\/chagall.carrieres-des-lumieres.jpg\",\"contentUrl\":\"https:\/\/www.aparences.net\/wp-content\/uploads\/2016\/09\/chagall.carrieres-des-lumieres.jpg\",\"width\":880,\"height\":290},{\"@type\":\"BreadcrumbList\",\"@id\":\"https:\/\/www.aparences.net\/es\/actualidad\/chagall-suenos-de-una-noche-de-verano\/#breadcrumb\",\"itemListElement\":[{\"@type\":\"ListItem\",\"position\":1,\"name\":\"Portada\",\"item\":\"https:\/\/www.aparences.net\/es\/\"},{\"@type\":\"ListItem\",\"position\":2,\"name\":\"Chagall. Sue\u00f1os de una noche de verano\"}]},{\"@type\":\"WebSite\",\"@id\":\"https:\/\/www.aparences.net\/es\/#website\",\"url\":\"https:\/\/www.aparences.net\/es\/\",\"name\":\"Aparences: Historia del Arte y Actualidad Cultural\",\"description\":\"\",\"publisher\":{\"@id\":\"https:\/\/www.aparences.net\/es\/#organization\"},\"potentialAction\":[{\"@type\":\"SearchAction\",\"target\":{\"@type\":\"EntryPoint\",\"urlTemplate\":\"https:\/\/www.aparences.net\/es\/?s={search_term_string}\"},\"query-input\":{\"@type\":\"PropertyValueSpecification\",\"valueRequired\":true,\"valueName\":\"search_term_string\"}}],\"inLanguage\":\"es\"},{\"@type\":\"Organization\",\"@id\":\"https:\/\/www.aparences.net\/es\/#organization\",\"name\":\"Aparences: Historia del Arte y Actualidad Cultural\",\"url\":\"https:\/\/www.aparences.net\/es\/\",\"logo\":{\"@type\":\"ImageObject\",\"inLanguage\":\"es\",\"@id\":\"https:\/\/www.aparences.net\/es\/#\/schema\/logo\/image\/\",\"url\":\"https:\/\/www.aparences.net\/wp-content\/uploads\/2023\/09\/logo-quadrat-color-e1695915315229.png\",\"contentUrl\":\"https:\/\/www.aparences.net\/wp-content\/uploads\/2023\/09\/logo-quadrat-color-e1695915315229.png\",\"width\":120,\"height\":120,\"caption\":\"Aparences: Historia del Arte y Actualidad Cultural\"},\"image\":{\"@id\":\"https:\/\/www.aparences.net\/es\/#\/schema\/logo\/image\/\"}},{\"@type\":\"Person\",\"@id\":\"https:\/\/www.aparences.net\/es\/#\/schema\/person\/af349f6ffc31b16c68963e61268afca5\",\"name\":\"admin\",\"url\":\"https:\/\/www.aparences.net\/es\/author\/admin\/\"}]}<\/script>\n<!-- \/ Yoast SEO plugin. -->","yoast_head_json":{"title":"Chagall. Sue\u00f1os de una noche de verano","description":"Las obras maestras m\u00e1s sugestivas de Chagall dialogan con el visitante mediante una experiencia innovadora, espectacular y especialmente din\u00e1mica.","robots":{"index":"index","follow":"follow","max-snippet":"max-snippet:-1","max-image-preview":"max-image-preview:large","max-video-preview":"max-video-preview:-1"},"canonical":"https:\/\/www.aparences.net\/es\/actualidad\/chagall-suenos-de-una-noche-de-verano\/","og_locale":"es_ES","og_type":"article","og_title":"Chagall. Sue\u00f1os de una noche de verano","og_description":"Las obras maestras m\u00e1s sugestivas de Chagall dialogan con el visitante mediante una experiencia innovadora, espectacular y especialmente din\u00e1mica.","og_url":"https:\/\/www.aparences.net\/es\/actualidad\/chagall-suenos-de-una-noche-de-verano\/","og_site_name":"Aparences","article_published_time":"2016-09-02T06:57:03+00:00","article_modified_time":"2024-09-03T06:44:33+00:00","og_image":[{"width":880,"height":290,"url":"https:\/\/www.aparences.net\/wp-content\/uploads\/2016\/09\/chagall.carrieres-des-lumieres.jpg","type":"image\/jpeg"}],"author":"admin","twitter_card":"summary_large_image","twitter_misc":{"Escrito por":"admin","Tiempo de lectura":"1 minuto"},"schema":{"@context":"https:\/\/schema.org","@graph":[{"@type":"Article","@id":"https:\/\/www.aparences.net\/es\/actualidad\/chagall-suenos-de-una-noche-de-verano\/#article","isPartOf":{"@id":"https:\/\/www.aparences.net\/es\/actualidad\/chagall-suenos-de-una-noche-de-verano\/"},"author":{"name":"admin","@id":"https:\/\/www.aparences.net\/es\/#\/schema\/person\/af349f6ffc31b16c68963e61268afca5"},"headline":"Chagall. Sue\u00f1os de una noche de verano","datePublished":"2016-09-02T06:57:03+00:00","dateModified":"2024-09-03T06:44:33+00:00","mainEntityOfPage":{"@id":"https:\/\/www.aparences.net\/es\/actualidad\/chagall-suenos-de-una-noche-de-verano\/"},"wordCount":280,"publisher":{"@id":"https:\/\/www.aparences.net\/es\/#organization"},"image":{"@id":"https:\/\/www.aparences.net\/es\/actualidad\/chagall-suenos-de-una-noche-de-verano\/#primaryimage"},"thumbnailUrl":"https:\/\/www.aparences.net\/wp-content\/uploads\/2016\/09\/chagall.carrieres-des-lumieres.jpg","keywords":["Featured"],"articleSection":["Actualidad","Exposiciones"],"inLanguage":"es"},{"@type":["WebPage","ItemPage"],"@id":"https:\/\/www.aparences.net\/es\/actualidad\/chagall-suenos-de-una-noche-de-verano\/","url":"https:\/\/www.aparences.net\/es\/actualidad\/chagall-suenos-de-una-noche-de-verano\/","name":"Chagall. Sue\u00f1os de una noche de verano","isPartOf":{"@id":"https:\/\/www.aparences.net\/es\/#website"},"primaryImageOfPage":{"@id":"https:\/\/www.aparences.net\/es\/actualidad\/chagall-suenos-de-una-noche-de-verano\/#primaryimage"},"image":{"@id":"https:\/\/www.aparences.net\/es\/actualidad\/chagall-suenos-de-una-noche-de-verano\/#primaryimage"},"thumbnailUrl":"https:\/\/www.aparences.net\/wp-content\/uploads\/2016\/09\/chagall.carrieres-des-lumieres.jpg","datePublished":"2016-09-02T06:57:03+00:00","dateModified":"2024-09-03T06:44:33+00:00","description":"Las obras maestras m\u00e1s sugestivas de Chagall dialogan con el visitante mediante una experiencia innovadora, espectacular y especialmente din\u00e1mica.","breadcrumb":{"@id":"https:\/\/www.aparences.net\/es\/actualidad\/chagall-suenos-de-una-noche-de-verano\/#breadcrumb"},"inLanguage":"es","potentialAction":[{"@type":"ReadAction","target":["https:\/\/www.aparences.net\/es\/actualidad\/chagall-suenos-de-una-noche-de-verano\/"]}]},{"@type":"ImageObject","inLanguage":"es","@id":"https:\/\/www.aparences.net\/es\/actualidad\/chagall-suenos-de-una-noche-de-verano\/#primaryimage","url":"https:\/\/www.aparences.net\/wp-content\/uploads\/2016\/09\/chagall.carrieres-des-lumieres.jpg","contentUrl":"https:\/\/www.aparences.net\/wp-content\/uploads\/2016\/09\/chagall.carrieres-des-lumieres.jpg","width":880,"height":290},{"@type":"BreadcrumbList","@id":"https:\/\/www.aparences.net\/es\/actualidad\/chagall-suenos-de-una-noche-de-verano\/#breadcrumb","itemListElement":[{"@type":"ListItem","position":1,"name":"Portada","item":"https:\/\/www.aparences.net\/es\/"},{"@type":"ListItem","position":2,"name":"Chagall. Sue\u00f1os de una noche de verano"}]},{"@type":"WebSite","@id":"https:\/\/www.aparences.net\/es\/#website","url":"https:\/\/www.aparences.net\/es\/","name":"Aparences: Historia del Arte y Actualidad Cultural","description":"","publisher":{"@id":"https:\/\/www.aparences.net\/es\/#organization"},"potentialAction":[{"@type":"SearchAction","target":{"@type":"EntryPoint","urlTemplate":"https:\/\/www.aparences.net\/es\/?s={search_term_string}"},"query-input":{"@type":"PropertyValueSpecification","valueRequired":true,"valueName":"search_term_string"}}],"inLanguage":"es"},{"@type":"Organization","@id":"https:\/\/www.aparences.net\/es\/#organization","name":"Aparences: Historia del Arte y Actualidad Cultural","url":"https:\/\/www.aparences.net\/es\/","logo":{"@type":"ImageObject","inLanguage":"es","@id":"https:\/\/www.aparences.net\/es\/#\/schema\/logo\/image\/","url":"https:\/\/www.aparences.net\/wp-content\/uploads\/2023\/09\/logo-quadrat-color-e1695915315229.png","contentUrl":"https:\/\/www.aparences.net\/wp-content\/uploads\/2023\/09\/logo-quadrat-color-e1695915315229.png","width":120,"height":120,"caption":"Aparences: Historia del Arte y Actualidad Cultural"},"image":{"@id":"https:\/\/www.aparences.net\/es\/#\/schema\/logo\/image\/"}},{"@type":"Person","@id":"https:\/\/www.aparences.net\/es\/#\/schema\/person\/af349f6ffc31b16c68963e61268afca5","name":"admin","url":"https:\/\/www.aparences.net\/es\/author\/admin\/"}]}},"_links":{"self":[{"href":"https:\/\/www.aparences.net\/es\/wp-json\/wp\/v2\/posts\/13679","targetHints":{"allow":["GET"]}}],"collection":[{"href":"https:\/\/www.aparences.net\/es\/wp-json\/wp\/v2\/posts"}],"about":[{"href":"https:\/\/www.aparences.net\/es\/wp-json\/wp\/v2\/types\/post"}],"author":[{"embeddable":true,"href":"https:\/\/www.aparences.net\/es\/wp-json\/wp\/v2\/users\/2"}],"replies":[{"embeddable":true,"href":"https:\/\/www.aparences.net\/es\/wp-json\/wp\/v2\/comments?post=13679"}],"version-history":[{"count":0,"href":"https:\/\/www.aparences.net\/es\/wp-json\/wp\/v2\/posts\/13679\/revisions"}],"wp:featuredmedia":[{"embeddable":true,"href":"https:\/\/www.aparences.net\/es\/wp-json\/wp\/v2\/media\/17553"}],"wp:attachment":[{"href":"https:\/\/www.aparences.net\/es\/wp-json\/wp\/v2\/media?parent=13679"}],"wp:term":[{"taxonomy":"category","embeddable":true,"href":"https:\/\/www.aparences.net\/es\/wp-json\/wp\/v2\/categories?post=13679"},{"taxonomy":"post_tag","embeddable":true,"href":"https:\/\/www.aparences.net\/es\/wp-json\/wp\/v2\/tags?post=13679"}],"curies":[{"name":"wp","href":"https:\/\/api.w.org\/{rel}","templated":true}]}}